{"id":13659,"date":"2020-01-19T01:52:43","date_gmt":"2020-01-19T04:52:43","guid":{"rendered":"https:\/\/www.cidademarketing.com.br\/marketing\/?p=13659"},"modified":"2020-01-19T01:52:46","modified_gmt":"2020-01-19T04:52:46","slug":"pitu-investe-no-carnaval-de-pernambuco-2020","status":"publish","type":"post","link":"https:\/\/www.cidademarketing.com.br\/marketing\/2020\/01\/19\/pitu-investe-no-carnaval-de-pernambuco-2020\/","title":{"rendered":"PIT\u00da investe no Carnaval de Pernambuco 2020"},"content":{"rendered":"\n<p>O Carnaval pulsa na veia de \u201cquem \u00e9 de fato um bom\npernambucano\u201d, como j\u00e1 diria o compositor Luiz Bandeira, e a cacha\u00e7aria\ngenuinamente vitoriense PIT\u00da n\u00e3o poderia deixar de colocar o seu bloco em peso\nna rua. Seja nos principais polos da folia, nos trios el\u00e9tricos, nas avenidas\nou nos camarotes, a PIT\u00da estar\u00e1 presente nos quatro cantos do Nordeste,\napoiando e incentivando blocos, agremia\u00e7\u00f5es, maracatus, tro\u00e7as, catraias,\nbacalhaus, bois e ursos, al\u00e9m de bares, restaurantes e catamar\u00e3s. Para a\ncacha\u00e7aria pernambucana, o mais importante \u00e9 cair na folia lado a lado do\nconsumidor da aguardente mais pedida na regi\u00e3o Nordeste, a segunda do Brasil e\na l\u00edder absoluta em exporta\u00e7\u00e3o do produto mundo afora.<\/p>\n\n\n\n<p>&nbsp;&nbsp;&nbsp;&nbsp;&nbsp;&nbsp;&nbsp;&nbsp;&nbsp;&nbsp;&nbsp;\nAntes mesmo dos dias oficiais de Carnaval, a PIT\u00da j\u00e1 garante o \u201cesquenta\u201d das\npr\u00e9vias carnavalescas. No dia 15 de fevereiro, o mascote da marca chamado\ncarinhosamente de Pituz\u00e3o estar\u00e1 animando os foli\u00f5es no tradicional bloco\nalagoano <strong>Pinto da Madrugada<\/strong>, que todo ano conta com o\npatroc\u00ednio da cacha\u00e7aria. E a maratona do crust\u00e1ceo de pel\u00facia s\u00f3 estar\u00e1\ncome\u00e7ando! No dia seguinte, 16 de fevereiro, o Pituz\u00e3o pega estrada e volta\npara seu estado natal, onde ir\u00e1 brincar nas <strong>Virgens do Bairro Novo<\/strong>\natr\u00e1s do Trio Asas da Am\u00e9rica, em Olinda. J\u00e1 na quinta-feira que antecede a\nabertura oficial de Carnaval da capital pernambucana, 20 de fevereiro, ser\u00e1 a\nvez do mascote decolar com destino ao bloco Segure o Avi\u00e3o, no Recife Antigo,\npromovido pela Infraero.&nbsp;<\/p>\n\n\n\n<p>A partir da\u00ed, \u00e9 s\u00f3 ladeira acima e abaixo! \u00c9 chegada a\nhora do <strong>Galo da Madrugada<\/strong>, maior bloco em linha reta da\nAm\u00e9rica Latina e do mundo, segundo o Guinness Book, entrar no circuito da folia\nPIT\u00da. No S\u00e1bado de Z\u00e9 Pereira, 22 de fevereiro, al\u00e9m do Pituz\u00e3o, que sempre \u00e9\nbastante assediado pelos foli\u00f5es entre selfies e resenhas, tamb\u00e9m estar\u00e3o\npresentes no percurso do Galo a Pitu\u00f3ca (mini frevioca), os homens-lata &#8211; latas\ngigantes da Pit\u00fa tradicional, Pit\u00fa Cola e Pit\u00fa Lim\u00e3o -, e a figura ilustre do\ngar\u00e7om da PIT\u00da, que circula carregando os produtos da cacha\u00e7aria em uma bandeja\ne distribuindo alegria durante todo o desfile do bloco.&nbsp;&nbsp;&nbsp;&nbsp;<\/p>\n\n\n\n<p>\u201cA PIT\u00da \u00e9 <strong>patrocinadora oficial do Galo<\/strong>\ndesde o in\u00edcio, a nossa parceria j\u00e1 \u00e9 antiga. N\u00f3s acompanhamos de perto todas\nas fases do bloco, vimos o Galo ganhar a imensid\u00e3o e se transformar nesse\nfen\u00f4meno mundial que \u00e9 hoje. Temos orgulho de incentivar e participar de todas\nas edi\u00e7\u00f5es dessa expressiva festa, que \u00e9 o maior marco do Carnaval do nosso\nEstado\u201d, ressalta Alexandre Ferrer, presidente da PIT\u00da.<\/p>\n\n\n\n<p>A cacha\u00e7aria pernambucana tradicionalmente patrocina o <strong>Trio Asas\nda Am\u00e9rica<\/strong> e o <strong>Trio Mania<\/strong> no Galo da Madrugada,\nal\u00e9m de ambientes privados como o Camarote Recife, Spettus, Pit Stop e Imp\u00e9rio\nda Folia, que recebem o apoio de barmans da PIT\u00da promovendo a degusta\u00e7\u00e3o de\ndrinks com os produtos da cacha\u00e7aria, a exemplo da tradicional aguardente\nbranca e da vodca Bolvana. O circuito do Galo da Madrugada contar\u00e1 com 12\nblimps fixos da PIT\u00da nos camarotes apoiados pela marca e dois a\u00e9reos, que\nestar\u00e3o circulando junto com os mascotes, al\u00e9m de outros materiais de\nmerchandising, como faixas, banners e adesivos.&nbsp;<\/p>\n\n\n\n<p>E como j\u00e1 \u00e9 tradi\u00e7\u00e3o, a PIT\u00da \u00e9 <strong>patrocinadora\noficial do<\/strong> <strong>Carnaval de Olinda<\/strong>, que vem a ser\no mais tradicional festejo de rua do Pa\u00eds. A cacha\u00e7aria apoia grande parte dos\nblocos mais antigos, orquestras e grupos que se\napresentam durante os dias oficiais de folia, a exemplo da <strong>Pitombeira,\nElefante, Ceroula, Homem da Meia-Noite, Bonecos Gigantes de Olinda e Bacalhau\ndo Batata.<\/strong> Do s\u00e1bado (22) at\u00e9 a ter\u00e7a-feira de Carnaval (25), a\nPIT\u00da estar\u00e1 presente na ladeira da Prefeitura de Olinda com promotoras\ndistribuindo brindes para os foli\u00f5es se protegerem do sol, a exemplo das 22 mil\nviseiras de pano na cor amarela. Os m\u00fasicos das orquestras de frevo tamb\u00e9m ir\u00e3o\nganhar camisas e bon\u00e9s para os dias de folia.&nbsp;\n&nbsp;&nbsp;&nbsp;&nbsp;&nbsp;<\/p>\n\n\n\n<p>&nbsp;&nbsp;&nbsp;&nbsp;&nbsp;&nbsp;&nbsp;&nbsp;&nbsp;&nbsp;&nbsp;\nNa Regi\u00e3o Metropolitana do Recife (RMR), al\u00e9m dos polos mais tradicionais da\nfolia, a PIT\u00da tamb\u00e9m marca presen\u00e7a nas festas descentralizadas, a exemplo do\nbloco <strong>Os Irrespons\u00e1veis de \u00c1gua Fria<\/strong>, que sempre sai na\nQuarta-feira de Cinzas para testar o f\u00f4lego dos foli\u00f5es mais resistentes.\nOutros blocos que recebem o incentivo da marca s\u00e3o o <strong>Segura a\nPomba<\/strong>, <strong>Bloco do Periquito<\/strong>, <strong>Feij\u00e3o na\nPanela<\/strong>, <strong>\u00c9 Mole Mas \u00e9 Tua<\/strong>, <strong>Devassos\ne Devassa<\/strong>s, entre outras dezenas de agremia\u00e7\u00f5es.<\/p>\n\n\n\n<p>&nbsp;&nbsp;&nbsp;&nbsp;&nbsp;&nbsp;&nbsp;&nbsp;&nbsp;&nbsp;&nbsp;\nValorizando as m\u00faltiplas faces da cultura pernambucana, a PIT\u00da prestigia os\npolos de anima\u00e7\u00e3o das cidades da Zona da Mata, Agreste e Sert\u00e3o do Estado,\nsendo <strong>patrocinadora oficial dos Papangus do Carnaval de Bezerros<\/strong>,\ndos mais belos <strong>encontros de maracatus rurais de<\/strong> <strong>Nazar\u00e9 da\nMata<\/strong> e dos festejos de momo das cidades de <strong>Arcoverde<\/strong>,\nonde apoia o <strong>Baile Municipal<\/strong> e a <strong>Folia dos Bois<\/strong>,\ne das tradicionais <strong>Caiporas de Pesqueira<\/strong>.<\/p>\n\n\n\n<p>\u201cO Carnaval faz parte do DNA da PIT\u00da. N\u00f3s apoiamos a\nfolia em todos as regi\u00f5es de Pernambuco e tamb\u00e9m em outros estados do Nordeste,\na exemplo de Alagoas, Maranh\u00e3o e Bahia. O\nCarnaval \u00e9 uma das datas mais importantes para n\u00f3s e \u00e9 um orgulho poder\ncontribuir com a alegria do foli\u00e3o em diversificados festejos, sejam\nagremia\u00e7\u00f5es de grande ou pequeno porte\u201d, destaca Alexandre Ferrer. <\/p>\n\n\n\n<p>E a PIT\u00da chega com tudo este ano no estado do <strong>Maranh\u00e3o<\/strong>!\nNos dias oficiais de Carnaval, entre o s\u00e1bado (22) e a ter\u00e7a-feira (25), a\ncacha\u00e7aria marcar\u00e1 presen\u00e7a no Circuito Beira-Mar para acompanhar o trio\nel\u00e9trico do <strong>Bloc\u00e3o da Nina<\/strong>, que \u00e9 patrocinado pela empresa. Mas\nantes disso, j\u00e1 a partir deste \u00faltimo domingo de janeiro, 26, at\u00e9 o domingo que\nantecede o Carnaval, 16 de fevereiro, a cacha\u00e7aria pernambucana apoiar\u00e1 as\nfamosas <strong>domingueiras<\/strong>, pr\u00e9vias carnavalescas que arrastam\ncentenas de foli\u00f5es pelas ruas de <strong>S\u00e3o Lu\u00eds<\/strong> do Maranh\u00e3o. Durante os\nquatro domingos, a PIT\u00da far\u00e1 distribui\u00e7\u00e3o gr\u00e1tis do drink caipirinha. Em <strong>Barreirinhas<\/strong>,\nmunic\u00edpio pr\u00f3ximo aos Len\u00e7\u00f3is Maranhenses, a cacha\u00e7aria patrocina o bloco de\nrua <strong>Pit\u00fa Samba<\/strong>, que sai durante todo o per\u00edodo de\nCarnaval.<\/p>\n\n\n\n<p>J\u00e1 na <strong>Bahia<\/strong>, a PIT\u00da apoia um dos\nprincipais e mais importantes blocos do Carnaval de <strong>Salvador<\/strong>,\nchamado <strong>As Muquiranas<\/strong>, que \u00e9 o primeiro bloco de homens\ntravestidos da capital baiana, com mais de 50 carnavais. Na <strong>Ilha de\nItaparica<\/strong>, que fica na <strong>Ba\u00eda de Todos os Santos<\/strong>, a\ncacha\u00e7aria incentiva os blocos <strong>Afro <\/strong>e dos <strong>Cornos<\/strong>.<\/p>\n\n\n\n<p>Em todas as festas de Carnaval, a presen\u00e7a da PIT\u00da tamb\u00e9m\nser\u00e1 registrada com blimps a\u00e9reos e fixos, estampa nas camisas de m\u00fasicos das\norquestras e dos trios el\u00e9tricos, faixas, banners e outros materiais de\nmerchandising. <\/p>\n","protected":false},"excerpt":{"rendered":"<p>O Carnaval pulsa na veia de \u201cquem \u00e9 de fato um bom pernambucano\u201d, como j\u00e1 diria o compositor Luiz Bandeira, e a cacha\u00e7aria genuinamente vitoriense PIT\u00da n\u00e3o poderia deixar de colocar o seu bloco em peso na rua. Seja nos principais polos da folia, nos trios el\u00e9tricos, nas avenidas ou nos camarotes, a PIT\u00da estar\u00e1 [&hellip;]<\/p>\n","protected":false},"author":1,"featured_media":13660,"comment_status":"open","ping_status":"open","sticky":false,"template":"","format":"standard","meta":{"tdm_status":"","tdm_grid_status":"","footnotes":""},"categories":[6],"tags":[2714,33,28,157],"class_list":["post-13659","post","type-post","status-publish","format-standard","has-post-thumbnail","hentry","category-noticias","tag-carnaval-2020","tag-estrategia","tag-marketing","tag-pitu"],"yoast_head":"<!-- This site is optimized with the Yoast SEO plugin v27.4 - https:\/\/yoast.com\/product\/yoast-seo-wordpress\/ -->\n<title>PIT\u00da investe no Carnaval de Pernambuco 2020 - CidadeMarketing<\/title>\n<meta name=\"robots\" content=\"index, follow, max-snippet:-1, max-image-preview:large, max-video-preview:-1\" \/>\n<link rel=\"canonical\" href=\"https:\/\/www.cidademarketing.com.br\/marketing\/2020\/01\/19\/pitu-investe-no-carnaval-de-pernambuco-2020\/\" \/>\n<meta property=\"og:locale\" content=\"pt_BR\" \/>\n<meta property=\"og:type\" content=\"article\" \/>\n<meta property=\"og:title\" content=\"PIT\u00da investe no Carnaval de Pernambuco 2020 - CidadeMarketing\" \/>\n<meta property=\"og:description\" content=\"O Carnaval pulsa na veia de \u201cquem \u00e9 de fato um bom pernambucano\u201d, como j\u00e1 diria o compositor Luiz Bandeira, e a cacha\u00e7aria genuinamente vitoriense PIT\u00da n\u00e3o poderia deixar de colocar o seu bloco em peso na rua. Seja nos principais polos da folia, nos trios el\u00e9tricos, nas avenidas ou nos camarotes, a PIT\u00da estar\u00e1 [&hellip;]\" \/>\n<meta property=\"og:url\" content=\"https:\/\/www.cidademarketing.com.br\/marketing\/2020\/01\/19\/pitu-investe-no-carnaval-de-pernambuco-2020\/\" \/>\n<meta property=\"og:site_name\" content=\"CidadeMarketing\" \/>\n<meta property=\"article:publisher\" content=\"https:\/\/www.facebook.com\/portalcidademarketing\" \/>\n<meta property=\"article:author\" content=\"https:\/\/www.facebook.com\/thalesbrandao\" \/>\n<meta property=\"article:published_time\" content=\"2020-01-19T04:52:43+00:00\" \/>\n<meta property=\"article:modified_time\" content=\"2020-01-19T04:52:46+00:00\" \/>\n<meta property=\"og:image\" content=\"https:\/\/www.cidademarketing.com.br\/marketing\/wp-content\/uploads\/2020\/01\/pitu_carnaval2020.jpg\" \/>\n\t<meta property=\"og:image:width\" content=\"1600\" \/>\n\t<meta property=\"og:image:height\" content=\"900\" \/>\n\t<meta property=\"og:image:type\" content=\"image\/jpeg\" \/>\n<meta name=\"author\" content=\"Thales Brand\u00e3o\" \/>\n<meta name=\"twitter:card\" content=\"summary_large_image\" \/>\n<meta name=\"twitter:creator\" content=\"@http:\/\/www.twitter.com\/thalesbrandao\" \/>\n<meta name=\"twitter:site\" content=\"@CidadeMarketing\" \/>\n<meta name=\"twitter:label1\" content=\"Escrito por\" \/>\n\t<meta name=\"twitter:data1\" content=\"Thales Brand\u00e3o\" \/>\n\t<meta name=\"twitter:label2\" content=\"Est. tempo de leitura\" \/>\n\t<meta name=\"twitter:data2\" content=\"6 minutos\" \/>\n<script type=\"application\/ld+json\" class=\"yoast-schema-graph\">{\"@context\":\"https:\\\/\\\/schema.org\",\"@graph\":[{\"@type\":\"Article\",\"@id\":\"https:\\\/\\\/www.cidademarketing.com.br\\\/marketing\\\/2020\\\/01\\\/19\\\/pitu-investe-no-carnaval-de-pernambuco-2020\\\/#article\",\"isPartOf\":{\"@id\":\"https:\\\/\\\/www.cidademarketing.com.br\\\/marketing\\\/2020\\\/01\\\/19\\\/pitu-investe-no-carnaval-de-pernambuco-2020\\\/\"},\"author\":{\"name\":\"Thales Brand\u00e3o\",\"@id\":\"https:\\\/\\\/www.cidademarketing.com.br\\\/marketing\\\/#\\\/schema\\\/person\\\/02daff9f18bd9378c9e01eb6b2db155f\"},\"headline\":\"PIT\u00da investe no Carnaval de Pernambuco 2020\",\"datePublished\":\"2020-01-19T04:52:43+00:00\",\"dateModified\":\"2020-01-19T04:52:46+00:00\",\"mainEntityOfPage\":{\"@id\":\"https:\\\/\\\/www.cidademarketing.com.br\\\/marketing\\\/2020\\\/01\\\/19\\\/pitu-investe-no-carnaval-de-pernambuco-2020\\\/\"},\"wordCount\":1202,\"commentCount\":0,\"publisher\":{\"@id\":\"https:\\\/\\\/www.cidademarketing.com.br\\\/marketing\\\/#organization\"},\"image\":{\"@id\":\"https:\\\/\\\/www.cidademarketing.com.br\\\/marketing\\\/2020\\\/01\\\/19\\\/pitu-investe-no-carnaval-de-pernambuco-2020\\\/#primaryimage\"},\"thumbnailUrl\":\"https:\\\/\\\/www.cidademarketing.com.br\\\/marketing\\\/wp-content\\\/uploads\\\/2020\\\/01\\\/pitu_carnaval2020.jpg\",\"keywords\":[\"Carnaval 2020\",\"estrat\u00e9gia\",\"marketing\",\"Pit\u00fa\"],\"articleSection\":[\"Not\u00edcias\"],\"inLanguage\":\"pt-BR\",\"potentialAction\":[{\"@type\":\"CommentAction\",\"name\":\"Comment\",\"target\":[\"https:\\\/\\\/www.cidademarketing.com.br\\\/marketing\\\/2020\\\/01\\\/19\\\/pitu-investe-no-carnaval-de-pernambuco-2020\\\/#respond\"]}]},{\"@type\":\"WebPage\",\"@id\":\"https:\\\/\\\/www.cidademarketing.com.br\\\/marketing\\\/2020\\\/01\\\/19\\\/pitu-investe-no-carnaval-de-pernambuco-2020\\\/\",\"url\":\"https:\\\/\\\/www.cidademarketing.com.br\\\/marketing\\\/2020\\\/01\\\/19\\\/pitu-investe-no-carnaval-de-pernambuco-2020\\\/\",\"name\":\"PIT\u00da investe no Carnaval de Pernambuco 2020 - CidadeMarketing\",\"isPartOf\":{\"@id\":\"https:\\\/\\\/www.cidademarketing.com.br\\\/marketing\\\/#website\"},\"primaryImageOfPage\":{\"@id\":\"https:\\\/\\\/www.cidademarketing.com.br\\\/marketing\\\/2020\\\/01\\\/19\\\/pitu-investe-no-carnaval-de-pernambuco-2020\\\/#primaryimage\"},\"image\":{\"@id\":\"https:\\\/\\\/www.cidademarketing.com.br\\\/marketing\\\/2020\\\/01\\\/19\\\/pitu-investe-no-carnaval-de-pernambuco-2020\\\/#primaryimage\"},\"thumbnailUrl\":\"https:\\\/\\\/www.cidademarketing.com.br\\\/marketing\\\/wp-content\\\/uploads\\\/2020\\\/01\\\/pitu_carnaval2020.jpg\",\"datePublished\":\"2020-01-19T04:52:43+00:00\",\"dateModified\":\"2020-01-19T04:52:46+00:00\",\"breadcrumb\":{\"@id\":\"https:\\\/\\\/www.cidademarketing.com.br\\\/marketing\\\/2020\\\/01\\\/19\\\/pitu-investe-no-carnaval-de-pernambuco-2020\\\/#breadcrumb\"},\"inLanguage\":\"pt-BR\",\"potentialAction\":[{\"@type\":\"ReadAction\",\"target\":[\"https:\\\/\\\/www.cidademarketing.com.br\\\/marketing\\\/2020\\\/01\\\/19\\\/pitu-investe-no-carnaval-de-pernambuco-2020\\\/\"]}]},{\"@type\":\"ImageObject\",\"inLanguage\":\"pt-BR\",\"@id\":\"https:\\\/\\\/www.cidademarketing.com.br\\\/marketing\\\/2020\\\/01\\\/19\\\/pitu-investe-no-carnaval-de-pernambuco-2020\\\/#primaryimage\",\"url\":\"https:\\\/\\\/www.cidademarketing.com.br\\\/marketing\\\/wp-content\\\/uploads\\\/2020\\\/01\\\/pitu_carnaval2020.jpg\",\"contentUrl\":\"https:\\\/\\\/www.cidademarketing.com.br\\\/marketing\\\/wp-content\\\/uploads\\\/2020\\\/01\\\/pitu_carnaval2020.jpg\",\"width\":1600,\"height\":900,\"caption\":\"Divulga\u00e7\u00e3o\"},{\"@type\":\"BreadcrumbList\",\"@id\":\"https:\\\/\\\/www.cidademarketing.com.br\\\/marketing\\\/2020\\\/01\\\/19\\\/pitu-investe-no-carnaval-de-pernambuco-2020\\\/#breadcrumb\",\"itemListElement\":[{\"@type\":\"ListItem\",\"position\":1,\"name\":\"In\u00edcio\",\"item\":\"https:\\\/\\\/www.cidademarketing.com.br\\\/marketing\\\/\"},{\"@type\":\"ListItem\",\"position\":2,\"name\":\"PIT\u00da investe no Carnaval de Pernambuco 2020\"}]},{\"@type\":\"WebSite\",\"@id\":\"https:\\\/\\\/www.cidademarketing.com.br\\\/marketing\\\/#website\",\"url\":\"https:\\\/\\\/www.cidademarketing.com.br\\\/marketing\\\/\",\"name\":\"CidadeMarketing\",\"description\":\"Somos um ve\u00edculo de comunica\u00e7\u00e3o de destaque no Brasil, reconhecido por conte\u00fados nos segmentos de marketing, empreendedorismo e inova\u00e7\u00e3o.\",\"publisher\":{\"@id\":\"https:\\\/\\\/www.cidademarketing.com.br\\\/marketing\\\/#organization\"},\"alternateName\":\"CidadeMarketing\",\"potentialAction\":[{\"@type\":\"SearchAction\",\"target\":{\"@type\":\"EntryPoint\",\"urlTemplate\":\"https:\\\/\\\/www.cidademarketing.com.br\\\/marketing\\\/?s={search_term_string}\"},\"query-input\":{\"@type\":\"PropertyValueSpecification\",\"valueRequired\":true,\"valueName\":\"search_term_string\"}}],\"inLanguage\":\"pt-BR\"},{\"@type\":\"Organization\",\"@id\":\"https:\\\/\\\/www.cidademarketing.com.br\\\/marketing\\\/#organization\",\"name\":\"CidadeMarketing\",\"alternateName\":\"CidadeMarketing\",\"url\":\"https:\\\/\\\/www.cidademarketing.com.br\\\/marketing\\\/\",\"logo\":{\"@type\":\"ImageObject\",\"inLanguage\":\"pt-BR\",\"@id\":\"https:\\\/\\\/www.cidademarketing.com.br\\\/marketing\\\/#\\\/schema\\\/logo\\\/image\\\/\",\"url\":\"https:\\\/\\\/www.cidademarketing.com.br\\\/marketing\\\/wp-content\\\/uploads\\\/2020\\\/01\\\/cidademarketing_marca_mobile.png\",\"contentUrl\":\"https:\\\/\\\/www.cidademarketing.com.br\\\/marketing\\\/wp-content\\\/uploads\\\/2020\\\/01\\\/cidademarketing_marca_mobile.png\",\"width\":230,\"height\":92,\"caption\":\"CidadeMarketing\"},\"image\":{\"@id\":\"https:\\\/\\\/www.cidademarketing.com.br\\\/marketing\\\/#\\\/schema\\\/logo\\\/image\\\/\"},\"sameAs\":[\"https:\\\/\\\/www.facebook.com\\\/portalcidademarketing\",\"https:\\\/\\\/x.com\\\/CidadeMarketing\",\"https:\\\/\\\/www.instagram.com\\\/cidademarketing\\\/\"]},{\"@type\":\"Person\",\"@id\":\"https:\\\/\\\/www.cidademarketing.com.br\\\/marketing\\\/#\\\/schema\\\/person\\\/02daff9f18bd9378c9e01eb6b2db155f\",\"name\":\"Thales Brand\u00e3o\",\"image\":{\"@type\":\"ImageObject\",\"inLanguage\":\"pt-BR\",\"@id\":\"https:\\\/\\\/secure.gravatar.com\\\/avatar\\\/7ca3206950207cc3cb48feec56a8a7898741ab725c368d99d5d7a5a50aab80c6?s=96&d=mm&r=g\",\"url\":\"https:\\\/\\\/secure.gravatar.com\\\/avatar\\\/7ca3206950207cc3cb48feec56a8a7898741ab725c368d99d5d7a5a50aab80c6?s=96&d=mm&r=g\",\"contentUrl\":\"https:\\\/\\\/secure.gravatar.com\\\/avatar\\\/7ca3206950207cc3cb48feec56a8a7898741ab725c368d99d5d7a5a50aab80c6?s=96&d=mm&r=g\",\"caption\":\"Thales Brand\u00e3o\"},\"description\":\"Editor Executivo do Portal CidadeMarketing.com.br &gt; Mestre em Comunica\u00e7\u00e3o e Sociedade pela Universidade Federal de Sergipe. Possui MBA Executivo em Administra\u00e7\u00e3o com \u00eanfase em Marketing pela Funda\u00e7\u00e3o Get\u00falio Vargas - Rio de Janeiro. Consultor, Palestrante e Pesquisador sobre Empreendedorismo, Marketing, Redes Sociais e Neg\u00f3cios Digitais. Professor, Palestrante TedxTalks e Campus Party. Twitter: @ThalesBrandao\",\"sameAs\":[\"http:\\\/\\\/www.mandacaru.com.br\",\"https:\\\/\\\/www.facebook.com\\\/thalesbrandao\",\"http:\\\/\\\/www.instagram.com.br\\\/thalesbrandaoferreira\",\"https:\\\/\\\/www.linkedin.com\\\/in\\\/thales-brand\u00e3o-3948609\\\/\",\"https:\\\/\\\/x.com\\\/http:\\\/\\\/www.twitter.com\\\/thalesbrandao\"],\"url\":\"https:\\\/\\\/www.cidademarketing.com.br\\\/marketing\\\/author\\\/thalesbrandao\\\/\"}]}<\/script>\n<!-- \/ Yoast SEO plugin. -->","yoast_head_json":{"title":"PIT\u00da investe no Carnaval de Pernambuco 2020 - CidadeMarketing","robots":{"index":"index","follow":"follow","max-snippet":"max-snippet:-1","max-image-preview":"max-image-preview:large","max-video-preview":"max-video-preview:-1"},"canonical":"https:\/\/www.cidademarketing.com.br\/marketing\/2020\/01\/19\/pitu-investe-no-carnaval-de-pernambuco-2020\/","og_locale":"pt_BR","og_type":"article","og_title":"PIT\u00da investe no Carnaval de Pernambuco 2020 - CidadeMarketing","og_description":"O Carnaval pulsa na veia de \u201cquem \u00e9 de fato um bom pernambucano\u201d, como j\u00e1 diria o compositor Luiz Bandeira, e a cacha\u00e7aria genuinamente vitoriense PIT\u00da n\u00e3o poderia deixar de colocar o seu bloco em peso na rua. Seja nos principais polos da folia, nos trios el\u00e9tricos, nas avenidas ou nos camarotes, a PIT\u00da estar\u00e1 [&hellip;]","og_url":"https:\/\/www.cidademarketing.com.br\/marketing\/2020\/01\/19\/pitu-investe-no-carnaval-de-pernambuco-2020\/","og_site_name":"CidadeMarketing","article_publisher":"https:\/\/www.facebook.com\/portalcidademarketing","article_author":"https:\/\/www.facebook.com\/thalesbrandao","article_published_time":"2020-01-19T04:52:43+00:00","article_modified_time":"2020-01-19T04:52:46+00:00","og_image":[{"width":1600,"height":900,"url":"https:\/\/www.cidademarketing.com.br\/marketing\/wp-content\/uploads\/2020\/01\/pitu_carnaval2020.jpg","type":"image\/jpeg"}],"author":"Thales Brand\u00e3o","twitter_card":"summary_large_image","twitter_creator":"@http:\/\/www.twitter.com\/thalesbrandao","twitter_site":"@CidadeMarketing","twitter_misc":{"Escrito por":"Thales Brand\u00e3o","Est. tempo de leitura":"6 minutos"},"schema":{"@context":"https:\/\/schema.org","@graph":[{"@type":"Article","@id":"https:\/\/www.cidademarketing.com.br\/marketing\/2020\/01\/19\/pitu-investe-no-carnaval-de-pernambuco-2020\/#article","isPartOf":{"@id":"https:\/\/www.cidademarketing.com.br\/marketing\/2020\/01\/19\/pitu-investe-no-carnaval-de-pernambuco-2020\/"},"author":{"name":"Thales Brand\u00e3o","@id":"https:\/\/www.cidademarketing.com.br\/marketing\/#\/schema\/person\/02daff9f18bd9378c9e01eb6b2db155f"},"headline":"PIT\u00da investe no Carnaval de Pernambuco 2020","datePublished":"2020-01-19T04:52:43+00:00","dateModified":"2020-01-19T04:52:46+00:00","mainEntityOfPage":{"@id":"https:\/\/www.cidademarketing.com.br\/marketing\/2020\/01\/19\/pitu-investe-no-carnaval-de-pernambuco-2020\/"},"wordCount":1202,"commentCount":0,"publisher":{"@id":"https:\/\/www.cidademarketing.com.br\/marketing\/#organization"},"image":{"@id":"https:\/\/www.cidademarketing.com.br\/marketing\/2020\/01\/19\/pitu-investe-no-carnaval-de-pernambuco-2020\/#primaryimage"},"thumbnailUrl":"https:\/\/www.cidademarketing.com.br\/marketing\/wp-content\/uploads\/2020\/01\/pitu_carnaval2020.jpg","keywords":["Carnaval 2020","estrat\u00e9gia","marketing","Pit\u00fa"],"articleSection":["Not\u00edcias"],"inLanguage":"pt-BR","potentialAction":[{"@type":"CommentAction","name":"Comment","target":["https:\/\/www.cidademarketing.com.br\/marketing\/2020\/01\/19\/pitu-investe-no-carnaval-de-pernambuco-2020\/#respond"]}]},{"@type":"WebPage","@id":"https:\/\/www.cidademarketing.com.br\/marketing\/2020\/01\/19\/pitu-investe-no-carnaval-de-pernambuco-2020\/","url":"https:\/\/www.cidademarketing.com.br\/marketing\/2020\/01\/19\/pitu-investe-no-carnaval-de-pernambuco-2020\/","name":"PIT\u00da investe no Carnaval de Pernambuco 2020 - CidadeMarketing","isPartOf":{"@id":"https:\/\/www.cidademarketing.com.br\/marketing\/#website"},"primaryImageOfPage":{"@id":"https:\/\/www.cidademarketing.com.br\/marketing\/2020\/01\/19\/pitu-investe-no-carnaval-de-pernambuco-2020\/#primaryimage"},"image":{"@id":"https:\/\/www.cidademarketing.com.br\/marketing\/2020\/01\/19\/pitu-investe-no-carnaval-de-pernambuco-2020\/#primaryimage"},"thumbnailUrl":"https:\/\/www.cidademarketing.com.br\/marketing\/wp-content\/uploads\/2020\/01\/pitu_carnaval2020.jpg","datePublished":"2020-01-19T04:52:43+00:00","dateModified":"2020-01-19T04:52:46+00:00","breadcrumb":{"@id":"https:\/\/www.cidademarketing.com.br\/marketing\/2020\/01\/19\/pitu-investe-no-carnaval-de-pernambuco-2020\/#breadcrumb"},"inLanguage":"pt-BR","potentialAction":[{"@type":"ReadAction","target":["https:\/\/www.cidademarketing.com.br\/marketing\/2020\/01\/19\/pitu-investe-no-carnaval-de-pernambuco-2020\/"]}]},{"@type":"ImageObject","inLanguage":"pt-BR","@id":"https:\/\/www.cidademarketing.com.br\/marketing\/2020\/01\/19\/pitu-investe-no-carnaval-de-pernambuco-2020\/#primaryimage","url":"https:\/\/www.cidademarketing.com.br\/marketing\/wp-content\/uploads\/2020\/01\/pitu_carnaval2020.jpg","contentUrl":"https:\/\/www.cidademarketing.com.br\/marketing\/wp-content\/uploads\/2020\/01\/pitu_carnaval2020.jpg","width":1600,"height":900,"caption":"Divulga\u00e7\u00e3o"},{"@type":"BreadcrumbList","@id":"https:\/\/www.cidademarketing.com.br\/marketing\/2020\/01\/19\/pitu-investe-no-carnaval-de-pernambuco-2020\/#breadcrumb","itemListElement":[{"@type":"ListItem","position":1,"name":"In\u00edcio","item":"https:\/\/www.cidademarketing.com.br\/marketing\/"},{"@type":"ListItem","position":2,"name":"PIT\u00da investe no Carnaval de Pernambuco 2020"}]},{"@type":"WebSite","@id":"https:\/\/www.cidademarketing.com.br\/marketing\/#website","url":"https:\/\/www.cidademarketing.com.br\/marketing\/","name":"CidadeMarketing","description":"Somos um ve\u00edculo de comunica\u00e7\u00e3o de destaque no Brasil, reconhecido por conte\u00fados nos segmentos de marketing, empreendedorismo e inova\u00e7\u00e3o.","publisher":{"@id":"https:\/\/www.cidademarketing.com.br\/marketing\/#organization"},"alternateName":"CidadeMarketing","potentialAction":[{"@type":"SearchAction","target":{"@type":"EntryPoint","urlTemplate":"https:\/\/www.cidademarketing.com.br\/marketing\/?s={search_term_string}"},"query-input":{"@type":"PropertyValueSpecification","valueRequired":true,"valueName":"search_term_string"}}],"inLanguage":"pt-BR"},{"@type":"Organization","@id":"https:\/\/www.cidademarketing.com.br\/marketing\/#organization","name":"CidadeMarketing","alternateName":"CidadeMarketing","url":"https:\/\/www.cidademarketing.com.br\/marketing\/","logo":{"@type":"ImageObject","inLanguage":"pt-BR","@id":"https:\/\/www.cidademarketing.com.br\/marketing\/#\/schema\/logo\/image\/","url":"https:\/\/www.cidademarketing.com.br\/marketing\/wp-content\/uploads\/2020\/01\/cidademarketing_marca_mobile.png","contentUrl":"https:\/\/www.cidademarketing.com.br\/marketing\/wp-content\/uploads\/2020\/01\/cidademarketing_marca_mobile.png","width":230,"height":92,"caption":"CidadeMarketing"},"image":{"@id":"https:\/\/www.cidademarketing.com.br\/marketing\/#\/schema\/logo\/image\/"},"sameAs":["https:\/\/www.facebook.com\/portalcidademarketing","https:\/\/x.com\/CidadeMarketing","https:\/\/www.instagram.com\/cidademarketing\/"]},{"@type":"Person","@id":"https:\/\/www.cidademarketing.com.br\/marketing\/#\/schema\/person\/02daff9f18bd9378c9e01eb6b2db155f","name":"Thales Brand\u00e3o","image":{"@type":"ImageObject","inLanguage":"pt-BR","@id":"https:\/\/secure.gravatar.com\/avatar\/7ca3206950207cc3cb48feec56a8a7898741ab725c368d99d5d7a5a50aab80c6?s=96&d=mm&r=g","url":"https:\/\/secure.gravatar.com\/avatar\/7ca3206950207cc3cb48feec56a8a7898741ab725c368d99d5d7a5a50aab80c6?s=96&d=mm&r=g","contentUrl":"https:\/\/secure.gravatar.com\/avatar\/7ca3206950207cc3cb48feec56a8a7898741ab725c368d99d5d7a5a50aab80c6?s=96&d=mm&r=g","caption":"Thales Brand\u00e3o"},"description":"Editor Executivo do Portal CidadeMarketing.com.br &gt; Mestre em Comunica\u00e7\u00e3o e Sociedade pela Universidade Federal de Sergipe. Possui MBA Executivo em Administra\u00e7\u00e3o com \u00eanfase em Marketing pela Funda\u00e7\u00e3o Get\u00falio Vargas - Rio de Janeiro. Consultor, Palestrante e Pesquisador sobre Empreendedorismo, Marketing, Redes Sociais e Neg\u00f3cios Digitais. Professor, Palestrante TedxTalks e Campus Party. Twitter: @ThalesBrandao","sameAs":["http:\/\/www.mandacaru.com.br","https:\/\/www.facebook.com\/thalesbrandao","http:\/\/www.instagram.com.br\/thalesbrandaoferreira","https:\/\/www.linkedin.com\/in\/thales-brand\u00e3o-3948609\/","https:\/\/x.com\/http:\/\/www.twitter.com\/thalesbrandao"],"url":"https:\/\/www.cidademarketing.com.br\/marketing\/author\/thalesbrandao\/"}]}},"amp_enabled":true,"_links":{"self":[{"href":"https:\/\/www.cidademarketing.com.br\/marketing\/wp-json\/wp\/v2\/posts\/13659","targetHints":{"allow":["GET"]}}],"collection":[{"href":"https:\/\/www.cidademarketing.com.br\/marketing\/wp-json\/wp\/v2\/posts"}],"about":[{"href":"https:\/\/www.cidademarketing.com.br\/marketing\/wp-json\/wp\/v2\/types\/post"}],"author":[{"embeddable":true,"href":"https:\/\/www.cidademarketing.com.br\/marketing\/wp-json\/wp\/v2\/users\/1"}],"replies":[{"embeddable":true,"href":"https:\/\/www.cidademarketing.com.br\/marketing\/wp-json\/wp\/v2\/comments?post=13659"}],"version-history":[{"count":1,"href":"https:\/\/www.cidademarketing.com.br\/marketing\/wp-json\/wp\/v2\/posts\/13659\/revisions"}],"predecessor-version":[{"id":13661,"href":"https:\/\/www.cidademarketing.com.br\/marketing\/wp-json\/wp\/v2\/posts\/13659\/revisions\/13661"}],"wp:featuredmedia":[{"embeddable":true,"href":"https:\/\/www.cidademarketing.com.br\/marketing\/wp-json\/wp\/v2\/media\/13660"}],"wp:attachment":[{"href":"https:\/\/www.cidademarketing.com.br\/marketing\/wp-json\/wp\/v2\/media?parent=13659"}],"wp:term":[{"taxonomy":"category","embeddable":true,"href":"https:\/\/www.cidademarketing.com.br\/marketing\/wp-json\/wp\/v2\/categories?post=13659"},{"taxonomy":"post_tag","embeddable":true,"href":"https:\/\/www.cidademarketing.com.br\/marketing\/wp-json\/wp\/v2\/tags?post=13659"}],"curies":[{"name":"wp","href":"https:\/\/api.w.org\/{rel}","templated":true}]}}