{"id":13654,"date":"2020-01-19T01:18:52","date_gmt":"2020-01-19T04:18:52","guid":{"rendered":"https:\/\/www.cidademarketing.com.br\/marketing\/?p=13654"},"modified":"2020-01-19T01:18:53","modified_gmt":"2020-01-19T04:18:53","slug":"ministerio-da-agricultura-identifica-contaminacao-da-agua-utilizada-pela-backer-na-producao-de-cerveja","status":"publish","type":"post","link":"https:\/\/www.cidademarketing.com.br\/marketing\/2020\/01\/19\/ministerio-da-agricultura-identifica-contaminacao-da-agua-utilizada-pela-backer-na-producao-de-cerveja\/","title":{"rendered":"Minist\u00e9rio da Agricultura identifica contamina\u00e7\u00e3o da \u00e1gua utilizada pela Backer na produ\u00e7\u00e3o de cerveja"},"content":{"rendered":"\n<p>An\u00e1lises realizadas pelo Minist\u00e9rio da Agricultura, Pecu\u00e1ria e Abastecimento (Mapa) constataram a contamina\u00e7\u00e3o da \u00e1gua utilizada pela Backer na fabrica\u00e7\u00e3o de suas cervejas. A informa\u00e7\u00e3o foi anunciada nesta quarta-feira (15), em entrevista coletiva concedida em Bras\u00edlia, pelo Diretor do Departamento de Inspe\u00e7\u00e3o de Produtos de Origem Vegetal do Mapa, Glauco Bertoldo, e pelo coordenador-geral de Vinhos e Bebidas, Carlos Vitor M\u00fcller.<br> Glauco Bertoldo afirmou que devido a suspeita de contamina\u00e7\u00e3o por dietilenoglocol e monoetilenoglicol est\u00e1 presente no processo de fabrica\u00e7\u00e3o da Backer, o Minist\u00e9rio determinou o recolhimento de todos os produtos da cervejaria e a suspens\u00e3o da fabrica\u00e7\u00e3o. <br> A presen\u00e7a das mol\u00e9culas t\u00f3xicas no tanque da \u00e1gua utilizada na produ\u00e7\u00e3o da cerveja \u00e9 algo excepcional e \u00e9 motivo de investiga\u00e7\u00e3o pela for\u00e7a-tarefa formada para apurar o ocorrido.<br> O coordenador-geral de Vinhos e Bebidas, Carlos M\u00fcller, informou que ainda todo o processo de fabrica\u00e7\u00e3o est\u00e1 sendo periciado e que, por enquanto, h\u00e1 tr\u00eas hip\u00f3teses sendo investigadas: sabotagem, vazamento e uso inadequado das mol\u00e9culas de monoetilenoglicol no processo de refrigera\u00e7\u00e3o do sistema.<br> Segundo a fiscaliza\u00e7\u00e3o do Mapa, foi identificado um uso elevado do produto utilizado no sistema de refrigera\u00e7\u00e3o, 15 toneladas do insumo foram compradas pela cervejaria desde 2018, com picos em novembro e dezembro de 2019. Como a refrigera\u00e7\u00e3o \u00e9 um sistema fechado, em princ\u00edpio, n\u00e3o haveria justificativa para essa aquisi\u00e7\u00e3o em grande escala.<br> Conforme informaram os t\u00e9cnicos, os controles de produ\u00e7\u00e3o demonstram que os lotes j\u00e1 detectados como contaminados passaram por distintos tanques, n\u00e3o estando restrita ao tanque 10, onde supostamente teria sido produzida a marca Belorizontina. Uma nova rodada de amostras est\u00e1 sob an\u00e1lise dos laborat\u00f3rios federais agropecu\u00e1rios e os resultados ser\u00e3o divulgados em breve. <br> A Backer, que responder\u00e1 a um processo administrativo, ficar\u00e1 fechada por tempo indeterminado e seus produtos s\u00f3 poder\u00e3o voltar a ser comercializados ap\u00f3s o Mapa comprovar a normalidade do sistema de produ\u00e7\u00e3o da empresa.<\/p>\n","protected":false},"excerpt":{"rendered":"<p>An\u00e1lises realizadas pelo Minist\u00e9rio da Agricultura, Pecu\u00e1ria e Abastecimento (Mapa) constataram a contamina\u00e7\u00e3o da \u00e1gua utilizada pela Backer na fabrica\u00e7\u00e3o de suas cervejas. A informa\u00e7\u00e3o foi anunciada nesta quarta-feira (15), em entrevista coletiva concedida em Bras\u00edlia, pelo Diretor do Departamento de Inspe\u00e7\u00e3o de Produtos de Origem Vegetal do Mapa, Glauco Bertoldo, e pelo coordenador-geral de [&hellip;]<\/p>\n","protected":false},"author":1,"featured_media":13518,"comment_status":"open","ping_status":"open","sticky":false,"template":"","format":"standard","meta":{"tdm_status":"","tdm_grid_status":"","footnotes":""},"categories":[9,6],"tags":[2695,51,33,28],"class_list":["post-13654","post","type-post","status-publish","format-standard","has-post-thumbnail","hentry","category-consumidor","category-noticias","tag-backer","tag-consumidor","tag-estrategia","tag-marketing"],"yoast_head":"<!-- This site is optimized with the Yoast SEO plugin v27.5 - https:\/\/yoast.com\/product\/yoast-seo-wordpress\/ -->\n<title>Minist\u00e9rio da Agricultura identifica contamina\u00e7\u00e3o da \u00e1gua utilizada pela Backer na produ\u00e7\u00e3o de cerveja - CidadeMarketing<\/title>\n<meta name=\"robots\" content=\"index, follow, max-snippet:-1, max-image-preview:large, max-video-preview:-1\" \/>\n<link rel=\"canonical\" href=\"https:\/\/www.cidademarketing.com.br\/marketing\/2020\/01\/19\/ministerio-da-agricultura-identifica-contaminacao-da-agua-utilizada-pela-backer-na-producao-de-cerveja\/\" \/>\n<meta property=\"og:locale\" content=\"pt_BR\" \/>\n<meta property=\"og:type\" content=\"article\" \/>\n<meta property=\"og:title\" content=\"Minist\u00e9rio da Agricultura identifica contamina\u00e7\u00e3o da \u00e1gua utilizada pela Backer na produ\u00e7\u00e3o de cerveja - CidadeMarketing\" \/>\n<meta property=\"og:description\" content=\"An\u00e1lises realizadas pelo Minist\u00e9rio da Agricultura, Pecu\u00e1ria e Abastecimento (Mapa) constataram a contamina\u00e7\u00e3o da \u00e1gua utilizada pela Backer na fabrica\u00e7\u00e3o de suas cervejas. A informa\u00e7\u00e3o foi anunciada nesta quarta-feira (15), em entrevista coletiva concedida em Bras\u00edlia, pelo Diretor do Departamento de Inspe\u00e7\u00e3o de Produtos de Origem Vegetal do Mapa, Glauco Bertoldo, e pelo coordenador-geral de [&hellip;]\" \/>\n<meta property=\"og:url\" content=\"https:\/\/www.cidademarketing.com.br\/marketing\/2020\/01\/19\/ministerio-da-agricultura-identifica-contaminacao-da-agua-utilizada-pela-backer-na-producao-de-cerveja\/\" \/>\n<meta property=\"og:site_name\" content=\"CidadeMarketing\" \/>\n<meta property=\"article:publisher\" content=\"https:\/\/www.facebook.com\/portalcidademarketing\" \/>\n<meta property=\"article:author\" content=\"https:\/\/www.facebook.com\/thalesbrandao\" \/>\n<meta property=\"article:published_time\" content=\"2020-01-19T04:18:52+00:00\" \/>\n<meta property=\"article:modified_time\" content=\"2020-01-19T04:18:53+00:00\" \/>\n<meta property=\"og:image\" content=\"https:\/\/www.cidademarketing.com.br\/marketing\/wp-content\/uploads\/2020\/01\/cervejariabacker.png\" \/>\n\t<meta property=\"og:image:width\" content=\"677\" \/>\n\t<meta property=\"og:image:height\" content=\"247\" \/>\n\t<meta property=\"og:image:type\" content=\"image\/png\" \/>\n<meta name=\"author\" content=\"Thales Brand\u00e3o\" \/>\n<meta name=\"twitter:card\" content=\"summary_large_image\" \/>\n<meta name=\"twitter:creator\" content=\"@http:\/\/www.twitter.com\/thalesbrandao\" \/>\n<meta name=\"twitter:site\" content=\"@CidadeMarketing\" \/>\n<meta name=\"twitter:label1\" content=\"Escrito por\" \/>\n\t<meta name=\"twitter:data1\" content=\"Thales Brand\u00e3o\" \/>\n\t<meta name=\"twitter:label2\" content=\"Est. tempo de leitura\" \/>\n\t<meta name=\"twitter:data2\" content=\"2 minutos\" \/>\n<script type=\"application\/ld+json\" class=\"yoast-schema-graph\">{\"@context\":\"https:\\\/\\\/schema.org\",\"@graph\":[{\"@type\":\"Article\",\"@id\":\"https:\\\/\\\/www.cidademarketing.com.br\\\/marketing\\\/2020\\\/01\\\/19\\\/ministerio-da-agricultura-identifica-contaminacao-da-agua-utilizada-pela-backer-na-producao-de-cerveja\\\/#article\",\"isPartOf\":{\"@id\":\"https:\\\/\\\/www.cidademarketing.com.br\\\/marketing\\\/2020\\\/01\\\/19\\\/ministerio-da-agricultura-identifica-contaminacao-da-agua-utilizada-pela-backer-na-producao-de-cerveja\\\/\"},\"author\":{\"name\":\"Thales Brand\u00e3o\",\"@id\":\"https:\\\/\\\/www.cidademarketing.com.br\\\/marketing\\\/#\\\/schema\\\/person\\\/02daff9f18bd9378c9e01eb6b2db155f\"},\"headline\":\"Minist\u00e9rio da Agricultura identifica contamina\u00e7\u00e3o da \u00e1gua utilizada pela Backer na produ\u00e7\u00e3o de cerveja\",\"datePublished\":\"2020-01-19T04:18:52+00:00\",\"dateModified\":\"2020-01-19T04:18:53+00:00\",\"mainEntityOfPage\":{\"@id\":\"https:\\\/\\\/www.cidademarketing.com.br\\\/marketing\\\/2020\\\/01\\\/19\\\/ministerio-da-agricultura-identifica-contaminacao-da-agua-utilizada-pela-backer-na-producao-de-cerveja\\\/\"},\"wordCount\":361,\"commentCount\":0,\"publisher\":{\"@id\":\"https:\\\/\\\/www.cidademarketing.com.br\\\/marketing\\\/#organization\"},\"image\":{\"@id\":\"https:\\\/\\\/www.cidademarketing.com.br\\\/marketing\\\/2020\\\/01\\\/19\\\/ministerio-da-agricultura-identifica-contaminacao-da-agua-utilizada-pela-backer-na-producao-de-cerveja\\\/#primaryimage\"},\"thumbnailUrl\":\"https:\\\/\\\/www.cidademarketing.com.br\\\/marketing\\\/wp-content\\\/uploads\\\/2020\\\/01\\\/cervejariabacker.png\",\"keywords\":[\"Backer\",\"consumidor\",\"estrat\u00e9gia\",\"marketing\"],\"articleSection\":[\"Consumidor\",\"Not\u00edcias\"],\"inLanguage\":\"pt-BR\",\"potentialAction\":[{\"@type\":\"CommentAction\",\"name\":\"Comment\",\"target\":[\"https:\\\/\\\/www.cidademarketing.com.br\\\/marketing\\\/2020\\\/01\\\/19\\\/ministerio-da-agricultura-identifica-contaminacao-da-agua-utilizada-pela-backer-na-producao-de-cerveja\\\/#respond\"]}]},{\"@type\":\"WebPage\",\"@id\":\"https:\\\/\\\/www.cidademarketing.com.br\\\/marketing\\\/2020\\\/01\\\/19\\\/ministerio-da-agricultura-identifica-contaminacao-da-agua-utilizada-pela-backer-na-producao-de-cerveja\\\/\",\"url\":\"https:\\\/\\\/www.cidademarketing.com.br\\\/marketing\\\/2020\\\/01\\\/19\\\/ministerio-da-agricultura-identifica-contaminacao-da-agua-utilizada-pela-backer-na-producao-de-cerveja\\\/\",\"name\":\"Minist\u00e9rio da Agricultura identifica contamina\u00e7\u00e3o da \u00e1gua utilizada pela Backer na produ\u00e7\u00e3o de cerveja - CidadeMarketing\",\"isPartOf\":{\"@id\":\"https:\\\/\\\/www.cidademarketing.com.br\\\/marketing\\\/#website\"},\"primaryImageOfPage\":{\"@id\":\"https:\\\/\\\/www.cidademarketing.com.br\\\/marketing\\\/2020\\\/01\\\/19\\\/ministerio-da-agricultura-identifica-contaminacao-da-agua-utilizada-pela-backer-na-producao-de-cerveja\\\/#primaryimage\"},\"image\":{\"@id\":\"https:\\\/\\\/www.cidademarketing.com.br\\\/marketing\\\/2020\\\/01\\\/19\\\/ministerio-da-agricultura-identifica-contaminacao-da-agua-utilizada-pela-backer-na-producao-de-cerveja\\\/#primaryimage\"},\"thumbnailUrl\":\"https:\\\/\\\/www.cidademarketing.com.br\\\/marketing\\\/wp-content\\\/uploads\\\/2020\\\/01\\\/cervejariabacker.png\",\"datePublished\":\"2020-01-19T04:18:52+00:00\",\"dateModified\":\"2020-01-19T04:18:53+00:00\",\"breadcrumb\":{\"@id\":\"https:\\\/\\\/www.cidademarketing.com.br\\\/marketing\\\/2020\\\/01\\\/19\\\/ministerio-da-agricultura-identifica-contaminacao-da-agua-utilizada-pela-backer-na-producao-de-cerveja\\\/#breadcrumb\"},\"inLanguage\":\"pt-BR\",\"potentialAction\":[{\"@type\":\"ReadAction\",\"target\":[\"https:\\\/\\\/www.cidademarketing.com.br\\\/marketing\\\/2020\\\/01\\\/19\\\/ministerio-da-agricultura-identifica-contaminacao-da-agua-utilizada-pela-backer-na-producao-de-cerveja\\\/\"]}]},{\"@type\":\"ImageObject\",\"inLanguage\":\"pt-BR\",\"@id\":\"https:\\\/\\\/www.cidademarketing.com.br\\\/marketing\\\/2020\\\/01\\\/19\\\/ministerio-da-agricultura-identifica-contaminacao-da-agua-utilizada-pela-backer-na-producao-de-cerveja\\\/#primaryimage\",\"url\":\"https:\\\/\\\/www.cidademarketing.com.br\\\/marketing\\\/wp-content\\\/uploads\\\/2020\\\/01\\\/cervejariabacker.png\",\"contentUrl\":\"https:\\\/\\\/www.cidademarketing.com.br\\\/marketing\\\/wp-content\\\/uploads\\\/2020\\\/01\\\/cervejariabacker.png\",\"width\":677,\"height\":247,\"caption\":\"Divulga\u00e7\u00e3o\"},{\"@type\":\"BreadcrumbList\",\"@id\":\"https:\\\/\\\/www.cidademarketing.com.br\\\/marketing\\\/2020\\\/01\\\/19\\\/ministerio-da-agricultura-identifica-contaminacao-da-agua-utilizada-pela-backer-na-producao-de-cerveja\\\/#breadcrumb\",\"itemListElement\":[{\"@type\":\"ListItem\",\"position\":1,\"name\":\"In\u00edcio\",\"item\":\"https:\\\/\\\/www.cidademarketing.com.br\\\/marketing\\\/\"},{\"@type\":\"ListItem\",\"position\":2,\"name\":\"Minist\u00e9rio da Agricultura identifica contamina\u00e7\u00e3o da \u00e1gua utilizada pela Backer na produ\u00e7\u00e3o de cerveja\"}]},{\"@type\":\"WebSite\",\"@id\":\"https:\\\/\\\/www.cidademarketing.com.br\\\/marketing\\\/#website\",\"url\":\"https:\\\/\\\/www.cidademarketing.com.br\\\/marketing\\\/\",\"name\":\"CidadeMarketing\",\"description\":\"Somos um ve\u00edculo de comunica\u00e7\u00e3o de destaque no Brasil, reconhecido por conte\u00fados nos segmentos de marketing, empreendedorismo e inova\u00e7\u00e3o.\",\"publisher\":{\"@id\":\"https:\\\/\\\/www.cidademarketing.com.br\\\/marketing\\\/#organization\"},\"alternateName\":\"CidadeMarketing\",\"potentialAction\":[{\"@type\":\"SearchAction\",\"target\":{\"@type\":\"EntryPoint\",\"urlTemplate\":\"https:\\\/\\\/www.cidademarketing.com.br\\\/marketing\\\/?s={search_term_string}\"},\"query-input\":{\"@type\":\"PropertyValueSpecification\",\"valueRequired\":true,\"valueName\":\"search_term_string\"}}],\"inLanguage\":\"pt-BR\"},{\"@type\":\"Organization\",\"@id\":\"https:\\\/\\\/www.cidademarketing.com.br\\\/marketing\\\/#organization\",\"name\":\"CidadeMarketing\",\"alternateName\":\"CidadeMarketing\",\"url\":\"https:\\\/\\\/www.cidademarketing.com.br\\\/marketing\\\/\",\"logo\":{\"@type\":\"ImageObject\",\"inLanguage\":\"pt-BR\",\"@id\":\"https:\\\/\\\/www.cidademarketing.com.br\\\/marketing\\\/#\\\/schema\\\/logo\\\/image\\\/\",\"url\":\"https:\\\/\\\/www.cidademarketing.com.br\\\/marketing\\\/wp-content\\\/uploads\\\/2020\\\/01\\\/cidademarketing_marca_mobile.png\",\"contentUrl\":\"https:\\\/\\\/www.cidademarketing.com.br\\\/marketing\\\/wp-content\\\/uploads\\\/2020\\\/01\\\/cidademarketing_marca_mobile.png\",\"width\":230,\"height\":92,\"caption\":\"CidadeMarketing\"},\"image\":{\"@id\":\"https:\\\/\\\/www.cidademarketing.com.br\\\/marketing\\\/#\\\/schema\\\/logo\\\/image\\\/\"},\"sameAs\":[\"https:\\\/\\\/www.facebook.com\\\/portalcidademarketing\",\"https:\\\/\\\/x.com\\\/CidadeMarketing\",\"https:\\\/\\\/www.instagram.com\\\/cidademarketing\\\/\"]},{\"@type\":\"Person\",\"@id\":\"https:\\\/\\\/www.cidademarketing.com.br\\\/marketing\\\/#\\\/schema\\\/person\\\/02daff9f18bd9378c9e01eb6b2db155f\",\"name\":\"Thales Brand\u00e3o\",\"image\":{\"@type\":\"ImageObject\",\"inLanguage\":\"pt-BR\",\"@id\":\"https:\\\/\\\/secure.gravatar.com\\\/avatar\\\/7ca3206950207cc3cb48feec56a8a7898741ab725c368d99d5d7a5a50aab80c6?s=96&d=mm&r=g\",\"url\":\"https:\\\/\\\/secure.gravatar.com\\\/avatar\\\/7ca3206950207cc3cb48feec56a8a7898741ab725c368d99d5d7a5a50aab80c6?s=96&d=mm&r=g\",\"contentUrl\":\"https:\\\/\\\/secure.gravatar.com\\\/avatar\\\/7ca3206950207cc3cb48feec56a8a7898741ab725c368d99d5d7a5a50aab80c6?s=96&d=mm&r=g\",\"caption\":\"Thales Brand\u00e3o\"},\"description\":\"Editor Executivo do Portal CidadeMarketing.com.br &gt; Mestre em Comunica\u00e7\u00e3o e Sociedade pela Universidade Federal de Sergipe. Possui MBA Executivo em Administra\u00e7\u00e3o com \u00eanfase em Marketing pela Funda\u00e7\u00e3o Get\u00falio Vargas - Rio de Janeiro. Consultor, Palestrante e Pesquisador sobre Empreendedorismo, Marketing, Redes Sociais e Neg\u00f3cios Digitais. Professor, Palestrante TedxTalks e Campus Party. Twitter: @ThalesBrandao\",\"sameAs\":[\"http:\\\/\\\/www.mandacaru.com.br\",\"https:\\\/\\\/www.facebook.com\\\/thalesbrandao\",\"http:\\\/\\\/www.instagram.com.br\\\/thalesbrandaoferreira\",\"https:\\\/\\\/www.linkedin.com\\\/in\\\/thales-brand\u00e3o-3948609\\\/\",\"https:\\\/\\\/x.com\\\/http:\\\/\\\/www.twitter.com\\\/thalesbrandao\"],\"url\":\"https:\\\/\\\/www.cidademarketing.com.br\\\/marketing\\\/author\\\/thalesbrandao\\\/\"}]}<\/script>\n<!-- \/ Yoast SEO plugin. -->","yoast_head_json":{"title":"Minist\u00e9rio da Agricultura identifica contamina\u00e7\u00e3o da \u00e1gua utilizada pela Backer na produ\u00e7\u00e3o de cerveja - CidadeMarketing","robots":{"index":"index","follow":"follow","max-snippet":"max-snippet:-1","max-image-preview":"max-image-preview:large","max-video-preview":"max-video-preview:-1"},"canonical":"https:\/\/www.cidademarketing.com.br\/marketing\/2020\/01\/19\/ministerio-da-agricultura-identifica-contaminacao-da-agua-utilizada-pela-backer-na-producao-de-cerveja\/","og_locale":"pt_BR","og_type":"article","og_title":"Minist\u00e9rio da Agricultura identifica contamina\u00e7\u00e3o da \u00e1gua utilizada pela Backer na produ\u00e7\u00e3o de cerveja - CidadeMarketing","og_description":"An\u00e1lises realizadas pelo Minist\u00e9rio da Agricultura, Pecu\u00e1ria e Abastecimento (Mapa) constataram a contamina\u00e7\u00e3o da \u00e1gua utilizada pela Backer na fabrica\u00e7\u00e3o de suas cervejas. A informa\u00e7\u00e3o foi anunciada nesta quarta-feira (15), em entrevista coletiva concedida em Bras\u00edlia, pelo Diretor do Departamento de Inspe\u00e7\u00e3o de Produtos de Origem Vegetal do Mapa, Glauco Bertoldo, e pelo coordenador-geral de [&hellip;]","og_url":"https:\/\/www.cidademarketing.com.br\/marketing\/2020\/01\/19\/ministerio-da-agricultura-identifica-contaminacao-da-agua-utilizada-pela-backer-na-producao-de-cerveja\/","og_site_name":"CidadeMarketing","article_publisher":"https:\/\/www.facebook.com\/portalcidademarketing","article_author":"https:\/\/www.facebook.com\/thalesbrandao","article_published_time":"2020-01-19T04:18:52+00:00","article_modified_time":"2020-01-19T04:18:53+00:00","og_image":[{"width":677,"height":247,"url":"https:\/\/www.cidademarketing.com.br\/marketing\/wp-content\/uploads\/2020\/01\/cervejariabacker.png","type":"image\/png"}],"author":"Thales Brand\u00e3o","twitter_card":"summary_large_image","twitter_creator":"@http:\/\/www.twitter.com\/thalesbrandao","twitter_site":"@CidadeMarketing","twitter_misc":{"Escrito por":"Thales Brand\u00e3o","Est. tempo de leitura":"2 minutos"},"schema":{"@context":"https:\/\/schema.org","@graph":[{"@type":"Article","@id":"https:\/\/www.cidademarketing.com.br\/marketing\/2020\/01\/19\/ministerio-da-agricultura-identifica-contaminacao-da-agua-utilizada-pela-backer-na-producao-de-cerveja\/#article","isPartOf":{"@id":"https:\/\/www.cidademarketing.com.br\/marketing\/2020\/01\/19\/ministerio-da-agricultura-identifica-contaminacao-da-agua-utilizada-pela-backer-na-producao-de-cerveja\/"},"author":{"name":"Thales Brand\u00e3o","@id":"https:\/\/www.cidademarketing.com.br\/marketing\/#\/schema\/person\/02daff9f18bd9378c9e01eb6b2db155f"},"headline":"Minist\u00e9rio da Agricultura identifica contamina\u00e7\u00e3o da \u00e1gua utilizada pela Backer na produ\u00e7\u00e3o de cerveja","datePublished":"2020-01-19T04:18:52+00:00","dateModified":"2020-01-19T04:18:53+00:00","mainEntityOfPage":{"@id":"https:\/\/www.cidademarketing.com.br\/marketing\/2020\/01\/19\/ministerio-da-agricultura-identifica-contaminacao-da-agua-utilizada-pela-backer-na-producao-de-cerveja\/"},"wordCount":361,"commentCount":0,"publisher":{"@id":"https:\/\/www.cidademarketing.com.br\/marketing\/#organization"},"image":{"@id":"https:\/\/www.cidademarketing.com.br\/marketing\/2020\/01\/19\/ministerio-da-agricultura-identifica-contaminacao-da-agua-utilizada-pela-backer-na-producao-de-cerveja\/#primaryimage"},"thumbnailUrl":"https:\/\/www.cidademarketing.com.br\/marketing\/wp-content\/uploads\/2020\/01\/cervejariabacker.png","keywords":["Backer","consumidor","estrat\u00e9gia","marketing"],"articleSection":["Consumidor","Not\u00edcias"],"inLanguage":"pt-BR","potentialAction":[{"@type":"CommentAction","name":"Comment","target":["https:\/\/www.cidademarketing.com.br\/marketing\/2020\/01\/19\/ministerio-da-agricultura-identifica-contaminacao-da-agua-utilizada-pela-backer-na-producao-de-cerveja\/#respond"]}]},{"@type":"WebPage","@id":"https:\/\/www.cidademarketing.com.br\/marketing\/2020\/01\/19\/ministerio-da-agricultura-identifica-contaminacao-da-agua-utilizada-pela-backer-na-producao-de-cerveja\/","url":"https:\/\/www.cidademarketing.com.br\/marketing\/2020\/01\/19\/ministerio-da-agricultura-identifica-contaminacao-da-agua-utilizada-pela-backer-na-producao-de-cerveja\/","name":"Minist\u00e9rio da Agricultura identifica contamina\u00e7\u00e3o da \u00e1gua utilizada pela Backer na produ\u00e7\u00e3o de cerveja - CidadeMarketing","isPartOf":{"@id":"https:\/\/www.cidademarketing.com.br\/marketing\/#website"},"primaryImageOfPage":{"@id":"https:\/\/www.cidademarketing.com.br\/marketing\/2020\/01\/19\/ministerio-da-agricultura-identifica-contaminacao-da-agua-utilizada-pela-backer-na-producao-de-cerveja\/#primaryimage"},"image":{"@id":"https:\/\/www.cidademarketing.com.br\/marketing\/2020\/01\/19\/ministerio-da-agricultura-identifica-contaminacao-da-agua-utilizada-pela-backer-na-producao-de-cerveja\/#primaryimage"},"thumbnailUrl":"https:\/\/www.cidademarketing.com.br\/marketing\/wp-content\/uploads\/2020\/01\/cervejariabacker.png","datePublished":"2020-01-19T04:18:52+00:00","dateModified":"2020-01-19T04:18:53+00:00","breadcrumb":{"@id":"https:\/\/www.cidademarketing.com.br\/marketing\/2020\/01\/19\/ministerio-da-agricultura-identifica-contaminacao-da-agua-utilizada-pela-backer-na-producao-de-cerveja\/#breadcrumb"},"inLanguage":"pt-BR","potentialAction":[{"@type":"ReadAction","target":["https:\/\/www.cidademarketing.com.br\/marketing\/2020\/01\/19\/ministerio-da-agricultura-identifica-contaminacao-da-agua-utilizada-pela-backer-na-producao-de-cerveja\/"]}]},{"@type":"ImageObject","inLanguage":"pt-BR","@id":"https:\/\/www.cidademarketing.com.br\/marketing\/2020\/01\/19\/ministerio-da-agricultura-identifica-contaminacao-da-agua-utilizada-pela-backer-na-producao-de-cerveja\/#primaryimage","url":"https:\/\/www.cidademarketing.com.br\/marketing\/wp-content\/uploads\/2020\/01\/cervejariabacker.png","contentUrl":"https:\/\/www.cidademarketing.com.br\/marketing\/wp-content\/uploads\/2020\/01\/cervejariabacker.png","width":677,"height":247,"caption":"Divulga\u00e7\u00e3o"},{"@type":"BreadcrumbList","@id":"https:\/\/www.cidademarketing.com.br\/marketing\/2020\/01\/19\/ministerio-da-agricultura-identifica-contaminacao-da-agua-utilizada-pela-backer-na-producao-de-cerveja\/#breadcrumb","itemListElement":[{"@type":"ListItem","position":1,"name":"In\u00edcio","item":"https:\/\/www.cidademarketing.com.br\/marketing\/"},{"@type":"ListItem","position":2,"name":"Minist\u00e9rio da Agricultura identifica contamina\u00e7\u00e3o da \u00e1gua utilizada pela Backer na produ\u00e7\u00e3o de cerveja"}]},{"@type":"WebSite","@id":"https:\/\/www.cidademarketing.com.br\/marketing\/#website","url":"https:\/\/www.cidademarketing.com.br\/marketing\/","name":"CidadeMarketing","description":"Somos um ve\u00edculo de comunica\u00e7\u00e3o de destaque no Brasil, reconhecido por conte\u00fados nos segmentos de marketing, empreendedorismo e inova\u00e7\u00e3o.","publisher":{"@id":"https:\/\/www.cidademarketing.com.br\/marketing\/#organization"},"alternateName":"CidadeMarketing","potentialAction":[{"@type":"SearchAction","target":{"@type":"EntryPoint","urlTemplate":"https:\/\/www.cidademarketing.com.br\/marketing\/?s={search_term_string}"},"query-input":{"@type":"PropertyValueSpecification","valueRequired":true,"valueName":"search_term_string"}}],"inLanguage":"pt-BR"},{"@type":"Organization","@id":"https:\/\/www.cidademarketing.com.br\/marketing\/#organization","name":"CidadeMarketing","alternateName":"CidadeMarketing","url":"https:\/\/www.cidademarketing.com.br\/marketing\/","logo":{"@type":"ImageObject","inLanguage":"pt-BR","@id":"https:\/\/www.cidademarketing.com.br\/marketing\/#\/schema\/logo\/image\/","url":"https:\/\/www.cidademarketing.com.br\/marketing\/wp-content\/uploads\/2020\/01\/cidademarketing_marca_mobile.png","contentUrl":"https:\/\/www.cidademarketing.com.br\/marketing\/wp-content\/uploads\/2020\/01\/cidademarketing_marca_mobile.png","width":230,"height":92,"caption":"CidadeMarketing"},"image":{"@id":"https:\/\/www.cidademarketing.com.br\/marketing\/#\/schema\/logo\/image\/"},"sameAs":["https:\/\/www.facebook.com\/portalcidademarketing","https:\/\/x.com\/CidadeMarketing","https:\/\/www.instagram.com\/cidademarketing\/"]},{"@type":"Person","@id":"https:\/\/www.cidademarketing.com.br\/marketing\/#\/schema\/person\/02daff9f18bd9378c9e01eb6b2db155f","name":"Thales Brand\u00e3o","image":{"@type":"ImageObject","inLanguage":"pt-BR","@id":"https:\/\/secure.gravatar.com\/avatar\/7ca3206950207cc3cb48feec56a8a7898741ab725c368d99d5d7a5a50aab80c6?s=96&d=mm&r=g","url":"https:\/\/secure.gravatar.com\/avatar\/7ca3206950207cc3cb48feec56a8a7898741ab725c368d99d5d7a5a50aab80c6?s=96&d=mm&r=g","contentUrl":"https:\/\/secure.gravatar.com\/avatar\/7ca3206950207cc3cb48feec56a8a7898741ab725c368d99d5d7a5a50aab80c6?s=96&d=mm&r=g","caption":"Thales Brand\u00e3o"},"description":"Editor Executivo do Portal CidadeMarketing.com.br &gt; Mestre em Comunica\u00e7\u00e3o e Sociedade pela Universidade Federal de Sergipe. Possui MBA Executivo em Administra\u00e7\u00e3o com \u00eanfase em Marketing pela Funda\u00e7\u00e3o Get\u00falio Vargas - Rio de Janeiro. Consultor, Palestrante e Pesquisador sobre Empreendedorismo, Marketing, Redes Sociais e Neg\u00f3cios Digitais. Professor, Palestrante TedxTalks e Campus Party. Twitter: @ThalesBrandao","sameAs":["http:\/\/www.mandacaru.com.br","https:\/\/www.facebook.com\/thalesbrandao","http:\/\/www.instagram.com.br\/thalesbrandaoferreira","https:\/\/www.linkedin.com\/in\/thales-brand\u00e3o-3948609\/","https:\/\/x.com\/http:\/\/www.twitter.com\/thalesbrandao"],"url":"https:\/\/www.cidademarketing.com.br\/marketing\/author\/thalesbrandao\/"}]}},"amp_enabled":true,"_links":{"self":[{"href":"https:\/\/www.cidademarketing.com.br\/marketing\/wp-json\/wp\/v2\/posts\/13654","targetHints":{"allow":["GET"]}}],"collection":[{"href":"https:\/\/www.cidademarketing.com.br\/marketing\/wp-json\/wp\/v2\/posts"}],"about":[{"href":"https:\/\/www.cidademarketing.com.br\/marketing\/wp-json\/wp\/v2\/types\/post"}],"author":[{"embeddable":true,"href":"https:\/\/www.cidademarketing.com.br\/marketing\/wp-json\/wp\/v2\/users\/1"}],"replies":[{"embeddable":true,"href":"https:\/\/www.cidademarketing.com.br\/marketing\/wp-json\/wp\/v2\/comments?post=13654"}],"version-history":[{"count":1,"href":"https:\/\/www.cidademarketing.com.br\/marketing\/wp-json\/wp\/v2\/posts\/13654\/revisions"}],"predecessor-version":[{"id":13655,"href":"https:\/\/www.cidademarketing.com.br\/marketing\/wp-json\/wp\/v2\/posts\/13654\/revisions\/13655"}],"wp:featuredmedia":[{"embeddable":true,"href":"https:\/\/www.cidademarketing.com.br\/marketing\/wp-json\/wp\/v2\/media\/13518"}],"wp:attachment":[{"href":"https:\/\/www.cidademarketing.com.br\/marketing\/wp-json\/wp\/v2\/media?parent=13654"}],"wp:term":[{"taxonomy":"category","embeddable":true,"href":"https:\/\/www.cidademarketing.com.br\/marketing\/wp-json\/wp\/v2\/categories?post=13654"},{"taxonomy":"post_tag","embeddable":true,"href":"https:\/\/www.cidademarketing.com.br\/marketing\/wp-json\/wp\/v2\/tags?post=13654"}],"curies":[{"name":"wp","href":"https:\/\/api.w.org\/{rel}","templated":true}]}}