{"id":13590,"date":"2020-01-14T23:21:58","date_gmt":"2020-01-15T02:21:58","guid":{"rendered":"https:\/\/www.cidademarketing.com.br\/marketing\/?p=13590"},"modified":"2020-01-14T23:22:01","modified_gmt":"2020-01-15T02:22:01","slug":"salario-minimo-passa-a-valer-r-1-045-mp-deve-entrar-em-vigor-em-1o-de-fevereiro","status":"publish","type":"post","link":"https:\/\/www.cidademarketing.com.br\/marketing\/2020\/01\/14\/salario-minimo-passa-a-valer-r-1-045-mp-deve-entrar-em-vigor-em-1o-de-fevereiro\/","title":{"rendered":"Sal\u00e1rio m\u00ednimo passa a valer R$ 1.045; MP deve entrar em vigor em 1\u00ba de fevereiro"},"content":{"rendered":"\n<p>O sal\u00e1rio m\u00ednimo que entrou em vigor no dia 1\u00ba de janeiro vai aumentar R$ 6, passando de R$ 1.039 para R$ 1.045. O valor calculado inicialmente para este ano se baseou numa previs\u00e3o de infla\u00e7\u00e3o que acabou sendo superada.<\/p>\n\n\n\n<p>O m\u00ednimo teve aumento de 4,1%, enquanto a infla\u00e7\u00e3o medida pelo INPC, o \u00cdndice Nacional de Pre\u00e7os ao Consumidor, subiu 4,48%. A diferen\u00e7a poderia reduzir o poder de compra do brasileiro.<\/p>\n\n\n\n<p><br>Nesta ter\u00e7a-feira (14), o presidente Jair Bolsonaro se reuniu duas vezes com o ministro da Economia, Paulo Guedes. Uma no Pal\u00e1cio do Planalto e outra no Minist\u00e9rio da Economia, onde eles anunciaram a corre\u00e7\u00e3o do valor.<\/p>\n\n\n\n<p>Bolsonaro atribuiu a alta da infla\u00e7\u00e3o al\u00e9m do previsto ao aumento no pre\u00e7o da carne.<\/p>\n\n\n\n<p>No ano passado, o sal\u00e1rio m\u00ednimo era de R$ 998. Durante a discuss\u00e3o sobre o or\u00e7amento da Uni\u00e3o, no Congresso Nacional, foi para R$ 1.039, caiu para R$ 1.031 e voltou a R$ 1.039. O novo valor, de R$ 1.045, representa R$ 2 acima dos 4,48% referentes ao INPC acumulado em 2019.<\/p>\n\n\n\n<p>O ministro Paulo Guedes explicou que esses R$ 2 acima da infla\u00e7\u00e3o servem para compensar um erro do ano passado. Tamb\u00e9m devido \u00e0 diferen\u00e7a no c\u00e1lculo da infla\u00e7\u00e3o, o m\u00ednimo tinha ficado exatamente R$ 2 abaixo do valor ideal.<\/p>\n\n\n\n<p><br>Guedes estimou que o reajuste vai custar R$ 2,3 bilh\u00f5es a mais. E afirmou que o governo j\u00e1 tem de onde tirar esses recursos.<\/p>\n\n\n\n<p>O sal\u00e1rio m\u00ednimo de R$ 1.045 ser\u00e1 institu\u00eddo por medida provis\u00f3ria e deve entrar em vigor no 1\u00ba de fevereiro.<\/p>\n\n\n\n<p>CidadeMarketing com informa\u00e7\u00f5es da EBC.<\/p>\n","protected":false},"excerpt":{"rendered":"<p>O sal\u00e1rio m\u00ednimo que entrou em vigor no dia 1\u00ba de janeiro vai aumentar R$ 6, passando de R$ 1.039 para R$ 1.045. O valor calculado inicialmente para este ano se baseou numa previs\u00e3o de infla\u00e7\u00e3o que acabou sendo superada. O m\u00ednimo teve aumento de 4,1%, enquanto a infla\u00e7\u00e3o medida pelo INPC, o \u00cdndice Nacional [&hellip;]<\/p>\n","protected":false},"author":1,"featured_media":3271,"comment_status":"open","ping_status":"open","sticky":false,"template":"","format":"standard","meta":{"tdm_status":"","tdm_grid_status":"","footnotes":""},"categories":[6],"tags":[33,28,1035],"class_list":["post-13590","post","type-post","status-publish","format-standard","has-post-thumbnail","hentry","category-noticias","tag-estrategia","tag-marketing","tag-salario-minimo"],"yoast_head":"<!-- This site is optimized with the Yoast SEO plugin v27.5 - https:\/\/yoast.com\/product\/yoast-seo-wordpress\/ -->\n<title>Sal\u00e1rio m\u00ednimo passa a valer R$ 1.045; MP deve entrar em vigor em 1\u00ba de fevereiro - CidadeMarketing<\/title>\n<meta name=\"robots\" content=\"index, follow, max-snippet:-1, max-image-preview:large, max-video-preview:-1\" \/>\n<link rel=\"canonical\" href=\"https:\/\/www.cidademarketing.com.br\/marketing\/2020\/01\/14\/salario-minimo-passa-a-valer-r-1-045-mp-deve-entrar-em-vigor-em-1o-de-fevereiro\/\" \/>\n<meta property=\"og:locale\" content=\"pt_BR\" \/>\n<meta property=\"og:type\" content=\"article\" \/>\n<meta property=\"og:title\" content=\"Sal\u00e1rio m\u00ednimo passa a valer R$ 1.045; MP deve entrar em vigor em 1\u00ba de fevereiro - CidadeMarketing\" \/>\n<meta property=\"og:description\" content=\"O sal\u00e1rio m\u00ednimo que entrou em vigor no dia 1\u00ba de janeiro vai aumentar R$ 6, passando de R$ 1.039 para R$ 1.045. O valor calculado inicialmente para este ano se baseou numa previs\u00e3o de infla\u00e7\u00e3o que acabou sendo superada. O m\u00ednimo teve aumento de 4,1%, enquanto a infla\u00e7\u00e3o medida pelo INPC, o \u00cdndice Nacional [&hellip;]\" \/>\n<meta property=\"og:url\" content=\"https:\/\/www.cidademarketing.com.br\/marketing\/2020\/01\/14\/salario-minimo-passa-a-valer-r-1-045-mp-deve-entrar-em-vigor-em-1o-de-fevereiro\/\" \/>\n<meta property=\"og:site_name\" content=\"CidadeMarketing\" \/>\n<meta property=\"article:publisher\" content=\"https:\/\/www.facebook.com\/portalcidademarketing\" \/>\n<meta property=\"article:author\" content=\"https:\/\/www.facebook.com\/thalesbrandao\" \/>\n<meta property=\"article:published_time\" content=\"2020-01-15T02:21:58+00:00\" \/>\n<meta property=\"article:modified_time\" content=\"2020-01-15T02:22:01+00:00\" \/>\n<meta property=\"og:image\" content=\"https:\/\/www.cidademarketing.com.br\/marketing\/wp-content\/uploads\/2018\/11\/dinheiro.jpg\" \/>\n\t<meta property=\"og:image:width\" content=\"460\" \/>\n\t<meta property=\"og:image:height\" content=\"345\" \/>\n\t<meta property=\"og:image:type\" content=\"image\/jpeg\" \/>\n<meta name=\"author\" content=\"Thales Brand\u00e3o\" \/>\n<meta name=\"twitter:card\" content=\"summary_large_image\" \/>\n<meta name=\"twitter:creator\" content=\"@http:\/\/www.twitter.com\/thalesbrandao\" \/>\n<meta name=\"twitter:site\" content=\"@CidadeMarketing\" \/>\n<meta name=\"twitter:label1\" content=\"Escrito por\" \/>\n\t<meta name=\"twitter:data1\" content=\"Thales Brand\u00e3o\" \/>\n\t<meta name=\"twitter:label2\" content=\"Est. tempo de leitura\" \/>\n\t<meta name=\"twitter:data2\" content=\"1 minuto\" \/>\n<script type=\"application\/ld+json\" class=\"yoast-schema-graph\">{\"@context\":\"https:\\\/\\\/schema.org\",\"@graph\":[{\"@type\":\"Article\",\"@id\":\"https:\\\/\\\/www.cidademarketing.com.br\\\/marketing\\\/2020\\\/01\\\/14\\\/salario-minimo-passa-a-valer-r-1-045-mp-deve-entrar-em-vigor-em-1o-de-fevereiro\\\/#article\",\"isPartOf\":{\"@id\":\"https:\\\/\\\/www.cidademarketing.com.br\\\/marketing\\\/2020\\\/01\\\/14\\\/salario-minimo-passa-a-valer-r-1-045-mp-deve-entrar-em-vigor-em-1o-de-fevereiro\\\/\"},\"author\":{\"name\":\"Thales Brand\u00e3o\",\"@id\":\"https:\\\/\\\/www.cidademarketing.com.br\\\/marketing\\\/#\\\/schema\\\/person\\\/02daff9f18bd9378c9e01eb6b2db155f\"},\"headline\":\"Sal\u00e1rio m\u00ednimo passa a valer R$ 1.045; MP deve entrar em vigor em 1\u00ba de fevereiro\",\"datePublished\":\"2020-01-15T02:21:58+00:00\",\"dateModified\":\"2020-01-15T02:22:01+00:00\",\"mainEntityOfPage\":{\"@id\":\"https:\\\/\\\/www.cidademarketing.com.br\\\/marketing\\\/2020\\\/01\\\/14\\\/salario-minimo-passa-a-valer-r-1-045-mp-deve-entrar-em-vigor-em-1o-de-fevereiro\\\/\"},\"wordCount\":289,\"commentCount\":0,\"publisher\":{\"@id\":\"https:\\\/\\\/www.cidademarketing.com.br\\\/marketing\\\/#organization\"},\"image\":{\"@id\":\"https:\\\/\\\/www.cidademarketing.com.br\\\/marketing\\\/2020\\\/01\\\/14\\\/salario-minimo-passa-a-valer-r-1-045-mp-deve-entrar-em-vigor-em-1o-de-fevereiro\\\/#primaryimage\"},\"thumbnailUrl\":\"https:\\\/\\\/www.cidademarketing.com.br\\\/marketing\\\/wp-content\\\/uploads\\\/2018\\\/11\\\/dinheiro.jpg\",\"keywords\":[\"estrat\u00e9gia\",\"marketing\",\"sal\u00e1rio m\u00ednimo\"],\"articleSection\":[\"Not\u00edcias\"],\"inLanguage\":\"pt-BR\",\"potentialAction\":[{\"@type\":\"CommentAction\",\"name\":\"Comment\",\"target\":[\"https:\\\/\\\/www.cidademarketing.com.br\\\/marketing\\\/2020\\\/01\\\/14\\\/salario-minimo-passa-a-valer-r-1-045-mp-deve-entrar-em-vigor-em-1o-de-fevereiro\\\/#respond\"]}]},{\"@type\":\"WebPage\",\"@id\":\"https:\\\/\\\/www.cidademarketing.com.br\\\/marketing\\\/2020\\\/01\\\/14\\\/salario-minimo-passa-a-valer-r-1-045-mp-deve-entrar-em-vigor-em-1o-de-fevereiro\\\/\",\"url\":\"https:\\\/\\\/www.cidademarketing.com.br\\\/marketing\\\/2020\\\/01\\\/14\\\/salario-minimo-passa-a-valer-r-1-045-mp-deve-entrar-em-vigor-em-1o-de-fevereiro\\\/\",\"name\":\"Sal\u00e1rio m\u00ednimo passa a valer R$ 1.045; MP deve entrar em vigor em 1\u00ba de fevereiro - CidadeMarketing\",\"isPartOf\":{\"@id\":\"https:\\\/\\\/www.cidademarketing.com.br\\\/marketing\\\/#website\"},\"primaryImageOfPage\":{\"@id\":\"https:\\\/\\\/www.cidademarketing.com.br\\\/marketing\\\/2020\\\/01\\\/14\\\/salario-minimo-passa-a-valer-r-1-045-mp-deve-entrar-em-vigor-em-1o-de-fevereiro\\\/#primaryimage\"},\"image\":{\"@id\":\"https:\\\/\\\/www.cidademarketing.com.br\\\/marketing\\\/2020\\\/01\\\/14\\\/salario-minimo-passa-a-valer-r-1-045-mp-deve-entrar-em-vigor-em-1o-de-fevereiro\\\/#primaryimage\"},\"thumbnailUrl\":\"https:\\\/\\\/www.cidademarketing.com.br\\\/marketing\\\/wp-content\\\/uploads\\\/2018\\\/11\\\/dinheiro.jpg\",\"datePublished\":\"2020-01-15T02:21:58+00:00\",\"dateModified\":\"2020-01-15T02:22:01+00:00\",\"breadcrumb\":{\"@id\":\"https:\\\/\\\/www.cidademarketing.com.br\\\/marketing\\\/2020\\\/01\\\/14\\\/salario-minimo-passa-a-valer-r-1-045-mp-deve-entrar-em-vigor-em-1o-de-fevereiro\\\/#breadcrumb\"},\"inLanguage\":\"pt-BR\",\"potentialAction\":[{\"@type\":\"ReadAction\",\"target\":[\"https:\\\/\\\/www.cidademarketing.com.br\\\/marketing\\\/2020\\\/01\\\/14\\\/salario-minimo-passa-a-valer-r-1-045-mp-deve-entrar-em-vigor-em-1o-de-fevereiro\\\/\"]}]},{\"@type\":\"ImageObject\",\"inLanguage\":\"pt-BR\",\"@id\":\"https:\\\/\\\/www.cidademarketing.com.br\\\/marketing\\\/2020\\\/01\\\/14\\\/salario-minimo-passa-a-valer-r-1-045-mp-deve-entrar-em-vigor-em-1o-de-fevereiro\\\/#primaryimage\",\"url\":\"https:\\\/\\\/www.cidademarketing.com.br\\\/marketing\\\/wp-content\\\/uploads\\\/2018\\\/11\\\/dinheiro.jpg\",\"contentUrl\":\"https:\\\/\\\/www.cidademarketing.com.br\\\/marketing\\\/wp-content\\\/uploads\\\/2018\\\/11\\\/dinheiro.jpg\",\"width\":460,\"height\":345,\"caption\":\"Divulga\u00e7\u00e3o\"},{\"@type\":\"BreadcrumbList\",\"@id\":\"https:\\\/\\\/www.cidademarketing.com.br\\\/marketing\\\/2020\\\/01\\\/14\\\/salario-minimo-passa-a-valer-r-1-045-mp-deve-entrar-em-vigor-em-1o-de-fevereiro\\\/#breadcrumb\",\"itemListElement\":[{\"@type\":\"ListItem\",\"position\":1,\"name\":\"In\u00edcio\",\"item\":\"https:\\\/\\\/www.cidademarketing.com.br\\\/marketing\\\/\"},{\"@type\":\"ListItem\",\"position\":2,\"name\":\"Sal\u00e1rio m\u00ednimo passa a valer R$ 1.045; MP deve entrar em vigor em 1\u00ba de fevereiro\"}]},{\"@type\":\"WebSite\",\"@id\":\"https:\\\/\\\/www.cidademarketing.com.br\\\/marketing\\\/#website\",\"url\":\"https:\\\/\\\/www.cidademarketing.com.br\\\/marketing\\\/\",\"name\":\"CidadeMarketing\",\"description\":\"Somos um ve\u00edculo de comunica\u00e7\u00e3o de destaque no Brasil, reconhecido por conte\u00fados nos segmentos de marketing, empreendedorismo e inova\u00e7\u00e3o.\",\"publisher\":{\"@id\":\"https:\\\/\\\/www.cidademarketing.com.br\\\/marketing\\\/#organization\"},\"alternateName\":\"CidadeMarketing\",\"potentialAction\":[{\"@type\":\"SearchAction\",\"target\":{\"@type\":\"EntryPoint\",\"urlTemplate\":\"https:\\\/\\\/www.cidademarketing.com.br\\\/marketing\\\/?s={search_term_string}\"},\"query-input\":{\"@type\":\"PropertyValueSpecification\",\"valueRequired\":true,\"valueName\":\"search_term_string\"}}],\"inLanguage\":\"pt-BR\"},{\"@type\":\"Organization\",\"@id\":\"https:\\\/\\\/www.cidademarketing.com.br\\\/marketing\\\/#organization\",\"name\":\"CidadeMarketing\",\"alternateName\":\"CidadeMarketing\",\"url\":\"https:\\\/\\\/www.cidademarketing.com.br\\\/marketing\\\/\",\"logo\":{\"@type\":\"ImageObject\",\"inLanguage\":\"pt-BR\",\"@id\":\"https:\\\/\\\/www.cidademarketing.com.br\\\/marketing\\\/#\\\/schema\\\/logo\\\/image\\\/\",\"url\":\"https:\\\/\\\/www.cidademarketing.com.br\\\/marketing\\\/wp-content\\\/uploads\\\/2020\\\/01\\\/cidademarketing_marca_mobile.png\",\"contentUrl\":\"https:\\\/\\\/www.cidademarketing.com.br\\\/marketing\\\/wp-content\\\/uploads\\\/2020\\\/01\\\/cidademarketing_marca_mobile.png\",\"width\":230,\"height\":92,\"caption\":\"CidadeMarketing\"},\"image\":{\"@id\":\"https:\\\/\\\/www.cidademarketing.com.br\\\/marketing\\\/#\\\/schema\\\/logo\\\/image\\\/\"},\"sameAs\":[\"https:\\\/\\\/www.facebook.com\\\/portalcidademarketing\",\"https:\\\/\\\/x.com\\\/CidadeMarketing\",\"https:\\\/\\\/www.instagram.com\\\/cidademarketing\\\/\"]},{\"@type\":\"Person\",\"@id\":\"https:\\\/\\\/www.cidademarketing.com.br\\\/marketing\\\/#\\\/schema\\\/person\\\/02daff9f18bd9378c9e01eb6b2db155f\",\"name\":\"Thales Brand\u00e3o\",\"image\":{\"@type\":\"ImageObject\",\"inLanguage\":\"pt-BR\",\"@id\":\"https:\\\/\\\/secure.gravatar.com\\\/avatar\\\/7ca3206950207cc3cb48feec56a8a7898741ab725c368d99d5d7a5a50aab80c6?s=96&d=mm&r=g\",\"url\":\"https:\\\/\\\/secure.gravatar.com\\\/avatar\\\/7ca3206950207cc3cb48feec56a8a7898741ab725c368d99d5d7a5a50aab80c6?s=96&d=mm&r=g\",\"contentUrl\":\"https:\\\/\\\/secure.gravatar.com\\\/avatar\\\/7ca3206950207cc3cb48feec56a8a7898741ab725c368d99d5d7a5a50aab80c6?s=96&d=mm&r=g\",\"caption\":\"Thales Brand\u00e3o\"},\"description\":\"Editor Executivo do Portal CidadeMarketing.com.br &gt; Mestre em Comunica\u00e7\u00e3o e Sociedade pela Universidade Federal de Sergipe. Possui MBA Executivo em Administra\u00e7\u00e3o com \u00eanfase em Marketing pela Funda\u00e7\u00e3o Get\u00falio Vargas - Rio de Janeiro. Consultor, Palestrante e Pesquisador sobre Empreendedorismo, Marketing, Redes Sociais e Neg\u00f3cios Digitais. Professor, Palestrante TedxTalks e Campus Party. Twitter: @ThalesBrandao\",\"sameAs\":[\"http:\\\/\\\/www.mandacaru.com.br\",\"https:\\\/\\\/www.facebook.com\\\/thalesbrandao\",\"http:\\\/\\\/www.instagram.com.br\\\/thalesbrandaoferreira\",\"https:\\\/\\\/www.linkedin.com\\\/in\\\/thales-brand\u00e3o-3948609\\\/\",\"https:\\\/\\\/x.com\\\/http:\\\/\\\/www.twitter.com\\\/thalesbrandao\"],\"url\":\"https:\\\/\\\/www.cidademarketing.com.br\\\/marketing\\\/author\\\/thalesbrandao\\\/\"}]}<\/script>\n<!-- \/ Yoast SEO plugin. -->","yoast_head_json":{"title":"Sal\u00e1rio m\u00ednimo passa a valer R$ 1.045; MP deve entrar em vigor em 1\u00ba de fevereiro - CidadeMarketing","robots":{"index":"index","follow":"follow","max-snippet":"max-snippet:-1","max-image-preview":"max-image-preview:large","max-video-preview":"max-video-preview:-1"},"canonical":"https:\/\/www.cidademarketing.com.br\/marketing\/2020\/01\/14\/salario-minimo-passa-a-valer-r-1-045-mp-deve-entrar-em-vigor-em-1o-de-fevereiro\/","og_locale":"pt_BR","og_type":"article","og_title":"Sal\u00e1rio m\u00ednimo passa a valer R$ 1.045; MP deve entrar em vigor em 1\u00ba de fevereiro - CidadeMarketing","og_description":"O sal\u00e1rio m\u00ednimo que entrou em vigor no dia 1\u00ba de janeiro vai aumentar R$ 6, passando de R$ 1.039 para R$ 1.045. O valor calculado inicialmente para este ano se baseou numa previs\u00e3o de infla\u00e7\u00e3o que acabou sendo superada. O m\u00ednimo teve aumento de 4,1%, enquanto a infla\u00e7\u00e3o medida pelo INPC, o \u00cdndice Nacional [&hellip;]","og_url":"https:\/\/www.cidademarketing.com.br\/marketing\/2020\/01\/14\/salario-minimo-passa-a-valer-r-1-045-mp-deve-entrar-em-vigor-em-1o-de-fevereiro\/","og_site_name":"CidadeMarketing","article_publisher":"https:\/\/www.facebook.com\/portalcidademarketing","article_author":"https:\/\/www.facebook.com\/thalesbrandao","article_published_time":"2020-01-15T02:21:58+00:00","article_modified_time":"2020-01-15T02:22:01+00:00","og_image":[{"width":460,"height":345,"url":"https:\/\/www.cidademarketing.com.br\/marketing\/wp-content\/uploads\/2018\/11\/dinheiro.jpg","type":"image\/jpeg"}],"author":"Thales Brand\u00e3o","twitter_card":"summary_large_image","twitter_creator":"@http:\/\/www.twitter.com\/thalesbrandao","twitter_site":"@CidadeMarketing","twitter_misc":{"Escrito por":"Thales Brand\u00e3o","Est. tempo de leitura":"1 minuto"},"schema":{"@context":"https:\/\/schema.org","@graph":[{"@type":"Article","@id":"https:\/\/www.cidademarketing.com.br\/marketing\/2020\/01\/14\/salario-minimo-passa-a-valer-r-1-045-mp-deve-entrar-em-vigor-em-1o-de-fevereiro\/#article","isPartOf":{"@id":"https:\/\/www.cidademarketing.com.br\/marketing\/2020\/01\/14\/salario-minimo-passa-a-valer-r-1-045-mp-deve-entrar-em-vigor-em-1o-de-fevereiro\/"},"author":{"name":"Thales Brand\u00e3o","@id":"https:\/\/www.cidademarketing.com.br\/marketing\/#\/schema\/person\/02daff9f18bd9378c9e01eb6b2db155f"},"headline":"Sal\u00e1rio m\u00ednimo passa a valer R$ 1.045; MP deve entrar em vigor em 1\u00ba de fevereiro","datePublished":"2020-01-15T02:21:58+00:00","dateModified":"2020-01-15T02:22:01+00:00","mainEntityOfPage":{"@id":"https:\/\/www.cidademarketing.com.br\/marketing\/2020\/01\/14\/salario-minimo-passa-a-valer-r-1-045-mp-deve-entrar-em-vigor-em-1o-de-fevereiro\/"},"wordCount":289,"commentCount":0,"publisher":{"@id":"https:\/\/www.cidademarketing.com.br\/marketing\/#organization"},"image":{"@id":"https:\/\/www.cidademarketing.com.br\/marketing\/2020\/01\/14\/salario-minimo-passa-a-valer-r-1-045-mp-deve-entrar-em-vigor-em-1o-de-fevereiro\/#primaryimage"},"thumbnailUrl":"https:\/\/www.cidademarketing.com.br\/marketing\/wp-content\/uploads\/2018\/11\/dinheiro.jpg","keywords":["estrat\u00e9gia","marketing","sal\u00e1rio m\u00ednimo"],"articleSection":["Not\u00edcias"],"inLanguage":"pt-BR","potentialAction":[{"@type":"CommentAction","name":"Comment","target":["https:\/\/www.cidademarketing.com.br\/marketing\/2020\/01\/14\/salario-minimo-passa-a-valer-r-1-045-mp-deve-entrar-em-vigor-em-1o-de-fevereiro\/#respond"]}]},{"@type":"WebPage","@id":"https:\/\/www.cidademarketing.com.br\/marketing\/2020\/01\/14\/salario-minimo-passa-a-valer-r-1-045-mp-deve-entrar-em-vigor-em-1o-de-fevereiro\/","url":"https:\/\/www.cidademarketing.com.br\/marketing\/2020\/01\/14\/salario-minimo-passa-a-valer-r-1-045-mp-deve-entrar-em-vigor-em-1o-de-fevereiro\/","name":"Sal\u00e1rio m\u00ednimo passa a valer R$ 1.045; MP deve entrar em vigor em 1\u00ba de fevereiro - CidadeMarketing","isPartOf":{"@id":"https:\/\/www.cidademarketing.com.br\/marketing\/#website"},"primaryImageOfPage":{"@id":"https:\/\/www.cidademarketing.com.br\/marketing\/2020\/01\/14\/salario-minimo-passa-a-valer-r-1-045-mp-deve-entrar-em-vigor-em-1o-de-fevereiro\/#primaryimage"},"image":{"@id":"https:\/\/www.cidademarketing.com.br\/marketing\/2020\/01\/14\/salario-minimo-passa-a-valer-r-1-045-mp-deve-entrar-em-vigor-em-1o-de-fevereiro\/#primaryimage"},"thumbnailUrl":"https:\/\/www.cidademarketing.com.br\/marketing\/wp-content\/uploads\/2018\/11\/dinheiro.jpg","datePublished":"2020-01-15T02:21:58+00:00","dateModified":"2020-01-15T02:22:01+00:00","breadcrumb":{"@id":"https:\/\/www.cidademarketing.com.br\/marketing\/2020\/01\/14\/salario-minimo-passa-a-valer-r-1-045-mp-deve-entrar-em-vigor-em-1o-de-fevereiro\/#breadcrumb"},"inLanguage":"pt-BR","potentialAction":[{"@type":"ReadAction","target":["https:\/\/www.cidademarketing.com.br\/marketing\/2020\/01\/14\/salario-minimo-passa-a-valer-r-1-045-mp-deve-entrar-em-vigor-em-1o-de-fevereiro\/"]}]},{"@type":"ImageObject","inLanguage":"pt-BR","@id":"https:\/\/www.cidademarketing.com.br\/marketing\/2020\/01\/14\/salario-minimo-passa-a-valer-r-1-045-mp-deve-entrar-em-vigor-em-1o-de-fevereiro\/#primaryimage","url":"https:\/\/www.cidademarketing.com.br\/marketing\/wp-content\/uploads\/2018\/11\/dinheiro.jpg","contentUrl":"https:\/\/www.cidademarketing.com.br\/marketing\/wp-content\/uploads\/2018\/11\/dinheiro.jpg","width":460,"height":345,"caption":"Divulga\u00e7\u00e3o"},{"@type":"BreadcrumbList","@id":"https:\/\/www.cidademarketing.com.br\/marketing\/2020\/01\/14\/salario-minimo-passa-a-valer-r-1-045-mp-deve-entrar-em-vigor-em-1o-de-fevereiro\/#breadcrumb","itemListElement":[{"@type":"ListItem","position":1,"name":"In\u00edcio","item":"https:\/\/www.cidademarketing.com.br\/marketing\/"},{"@type":"ListItem","position":2,"name":"Sal\u00e1rio m\u00ednimo passa a valer R$ 1.045; MP deve entrar em vigor em 1\u00ba de fevereiro"}]},{"@type":"WebSite","@id":"https:\/\/www.cidademarketing.com.br\/marketing\/#website","url":"https:\/\/www.cidademarketing.com.br\/marketing\/","name":"CidadeMarketing","description":"Somos um ve\u00edculo de comunica\u00e7\u00e3o de destaque no Brasil, reconhecido por conte\u00fados nos segmentos de marketing, empreendedorismo e inova\u00e7\u00e3o.","publisher":{"@id":"https:\/\/www.cidademarketing.com.br\/marketing\/#organization"},"alternateName":"CidadeMarketing","potentialAction":[{"@type":"SearchAction","target":{"@type":"EntryPoint","urlTemplate":"https:\/\/www.cidademarketing.com.br\/marketing\/?s={search_term_string}"},"query-input":{"@type":"PropertyValueSpecification","valueRequired":true,"valueName":"search_term_string"}}],"inLanguage":"pt-BR"},{"@type":"Organization","@id":"https:\/\/www.cidademarketing.com.br\/marketing\/#organization","name":"CidadeMarketing","alternateName":"CidadeMarketing","url":"https:\/\/www.cidademarketing.com.br\/marketing\/","logo":{"@type":"ImageObject","inLanguage":"pt-BR","@id":"https:\/\/www.cidademarketing.com.br\/marketing\/#\/schema\/logo\/image\/","url":"https:\/\/www.cidademarketing.com.br\/marketing\/wp-content\/uploads\/2020\/01\/cidademarketing_marca_mobile.png","contentUrl":"https:\/\/www.cidademarketing.com.br\/marketing\/wp-content\/uploads\/2020\/01\/cidademarketing_marca_mobile.png","width":230,"height":92,"caption":"CidadeMarketing"},"image":{"@id":"https:\/\/www.cidademarketing.com.br\/marketing\/#\/schema\/logo\/image\/"},"sameAs":["https:\/\/www.facebook.com\/portalcidademarketing","https:\/\/x.com\/CidadeMarketing","https:\/\/www.instagram.com\/cidademarketing\/"]},{"@type":"Person","@id":"https:\/\/www.cidademarketing.com.br\/marketing\/#\/schema\/person\/02daff9f18bd9378c9e01eb6b2db155f","name":"Thales Brand\u00e3o","image":{"@type":"ImageObject","inLanguage":"pt-BR","@id":"https:\/\/secure.gravatar.com\/avatar\/7ca3206950207cc3cb48feec56a8a7898741ab725c368d99d5d7a5a50aab80c6?s=96&d=mm&r=g","url":"https:\/\/secure.gravatar.com\/avatar\/7ca3206950207cc3cb48feec56a8a7898741ab725c368d99d5d7a5a50aab80c6?s=96&d=mm&r=g","contentUrl":"https:\/\/secure.gravatar.com\/avatar\/7ca3206950207cc3cb48feec56a8a7898741ab725c368d99d5d7a5a50aab80c6?s=96&d=mm&r=g","caption":"Thales Brand\u00e3o"},"description":"Editor Executivo do Portal CidadeMarketing.com.br &gt; Mestre em Comunica\u00e7\u00e3o e Sociedade pela Universidade Federal de Sergipe. Possui MBA Executivo em Administra\u00e7\u00e3o com \u00eanfase em Marketing pela Funda\u00e7\u00e3o Get\u00falio Vargas - Rio de Janeiro. Consultor, Palestrante e Pesquisador sobre Empreendedorismo, Marketing, Redes Sociais e Neg\u00f3cios Digitais. Professor, Palestrante TedxTalks e Campus Party. Twitter: @ThalesBrandao","sameAs":["http:\/\/www.mandacaru.com.br","https:\/\/www.facebook.com\/thalesbrandao","http:\/\/www.instagram.com.br\/thalesbrandaoferreira","https:\/\/www.linkedin.com\/in\/thales-brand\u00e3o-3948609\/","https:\/\/x.com\/http:\/\/www.twitter.com\/thalesbrandao"],"url":"https:\/\/www.cidademarketing.com.br\/marketing\/author\/thalesbrandao\/"}]}},"amp_enabled":true,"_links":{"self":[{"href":"https:\/\/www.cidademarketing.com.br\/marketing\/wp-json\/wp\/v2\/posts\/13590","targetHints":{"allow":["GET"]}}],"collection":[{"href":"https:\/\/www.cidademarketing.com.br\/marketing\/wp-json\/wp\/v2\/posts"}],"about":[{"href":"https:\/\/www.cidademarketing.com.br\/marketing\/wp-json\/wp\/v2\/types\/post"}],"author":[{"embeddable":true,"href":"https:\/\/www.cidademarketing.com.br\/marketing\/wp-json\/wp\/v2\/users\/1"}],"replies":[{"embeddable":true,"href":"https:\/\/www.cidademarketing.com.br\/marketing\/wp-json\/wp\/v2\/comments?post=13590"}],"version-history":[{"count":1,"href":"https:\/\/www.cidademarketing.com.br\/marketing\/wp-json\/wp\/v2\/posts\/13590\/revisions"}],"predecessor-version":[{"id":13591,"href":"https:\/\/www.cidademarketing.com.br\/marketing\/wp-json\/wp\/v2\/posts\/13590\/revisions\/13591"}],"wp:featuredmedia":[{"embeddable":true,"href":"https:\/\/www.cidademarketing.com.br\/marketing\/wp-json\/wp\/v2\/media\/3271"}],"wp:attachment":[{"href":"https:\/\/www.cidademarketing.com.br\/marketing\/wp-json\/wp\/v2\/media?parent=13590"}],"wp:term":[{"taxonomy":"category","embeddable":true,"href":"https:\/\/www.cidademarketing.com.br\/marketing\/wp-json\/wp\/v2\/categories?post=13590"},{"taxonomy":"post_tag","embeddable":true,"href":"https:\/\/www.cidademarketing.com.br\/marketing\/wp-json\/wp\/v2\/tags?post=13590"}],"curies":[{"name":"wp","href":"https:\/\/api.w.org\/{rel}","templated":true}]}}