{"id":13536,"date":"2020-01-13T13:50:19","date_gmt":"2020-01-13T16:50:19","guid":{"rendered":"https:\/\/www.cidademarketing.com.br\/marketing\/?p=13536"},"modified":"2020-01-13T13:50:23","modified_gmt":"2020-01-13T16:50:23","slug":"canal-off-estreia-16a-temporada-de-brazilian-storm-com-icones-do-surfe-brasileiro","status":"publish","type":"post","link":"https:\/\/www.cidademarketing.com.br\/marketing\/2020\/01\/13\/canal-off-estreia-16a-temporada-de-brazilian-storm-com-icones-do-surfe-brasileiro\/","title":{"rendered":"Canal OFF estreia 16\u00aa temporada de \u201cBrazilian Storm\u201d com \u00edcones do surfe brasileiro"},"content":{"rendered":"\n<p>O\n<strong>Canal OFF<\/strong> inicia mais um cap\u00edtulo em seu programa de\nmaior longevidade, <strong>\u201cBrazilian Storm\u201d<\/strong>, com a estreia\nda <strong>16\u00aa temporada<\/strong> da atra\u00e7\u00e3o na <strong>sexta-feira,\ndia 17, \u00e0s 21h<\/strong>. A atra\u00e7\u00e3o acompanha as f\u00e9rias e a pr\u00e9-temporada\nda chamada \u201ctempestade brasileira\u201d do surfe antes do intenso calend\u00e1rio do\ncircuito mundial. Atletas como Jesse Mendes, Victor Bernardo, Miguel Pupo, Ian\nGouveia, Samuel Pupo, Alex Ribeiro e Gabriel Farias s\u00e3o alguns dos nomes que\nparticipam da temporada.<\/p>\n\n\n\n<p>No primeiro dos 13 epis\u00f3dios, os surfistas v\u00e3o at\u00e9 Waco, interior do Texas, para treinar a\u00e9reos na piscina de ondas. Ap\u00f3s um dia conhecendo o local, o grupo volta para a casa alugada e curte um churrasco tipicamente brasileiro preparado por Alex Ribeiro. Antes de uma sess\u00e3o de surfe \u00e0 noite, eles se aquecem com uma partida de altinha. \u201cA experi\u00eancia do surfe noturno foi muito maneira. Primeiro achei que ia ser divertido, mas que n\u00e3o daria para ver muito. \u00c9 super v\u00e1lido!\u201d, diz Ian Gouveia no epis\u00f3dio. No decorrer da temporada tamb\u00e9m acompanhamos o per\u00edodo de f\u00e9rias de Jesse Mendes no Guaruj\u00e1, em S\u00e3o Paulo, e como ele concilia treinamento, descanso e o namoro com a tamb\u00e9m surfista Tati Weston-Webb.<\/p>\n\n\n\n<figure class=\"wp-block-embed-youtube wp-block-embed is-type-video is-provider-youtube wp-embed-aspect-16-9 wp-has-aspect-ratio\"><div class=\"wp-block-embed__wrapper\">\n<div class=\"youtube-embed\" data-video_id=\"hFBId1jxtig\"><iframe title=\"De F\u00e9rias com Italo Ferreira | Brazilian Storm | Canal OFF\" width=\"640\" height=\"360\" src=\"https:\/\/www.youtube.com\/embed\/hFBId1jxtig?feature=oembed&#038;enablejsapi=1&#038;enablejsapi=1\" frameborder=\"0\" allow=\"accelerometer; autoplay; clipboard-write; encrypted-media; gyroscope; picture-in-picture; web-share\" referrerpolicy=\"strict-origin-when-cross-origin\" allowfullscreen><\/iframe><\/div>\n<\/div><\/figure>\n\n\n\n<p>\u201cBrazilian\nStorm\u201d j\u00e1 acompanhou a trajet\u00f3ria dos campe\u00f5es mundiais Gabriel Medina, \u00cdtalo\nFerreira e Adriano de Souza, o Mineirinho. Tamb\u00e9m retratou nomes importantes do\nsurfe nacional como Filipe Toledo, Tati Weston-Webb, Yago Dora, Lucas Silveira,\nSilvana Lima, Alejo Muniz, Wiggoly Dantas, William Cardoso, Tomas Hermes,\nMichael Rodrigues e Marco Giorgi, entre outros.<\/p>\n\n\n\n<p><strong>BRAZILIAN STORM \u2013 16\u00aa TEMPORADA \u2013 CANAL OFF<\/strong><\/p>\n\n\n\n<p><em>Sexta-feira, dia 17 de janeiro, \u00e0s 21h<\/em><\/p>\n\n\n\n<p><strong>Hor\u00e1rios alternativos:<\/strong> Domingo, 16h30 \/ Segunda, 15h \/ Ter\u00e7a, 19h <\/p>\n","protected":false},"excerpt":{"rendered":"<p>O Canal OFF inicia mais um cap\u00edtulo em seu programa de maior longevidade, \u201cBrazilian Storm\u201d, com a estreia da 16\u00aa temporada da atra\u00e7\u00e3o na sexta-feira, dia 17, \u00e0s 21h. A atra\u00e7\u00e3o acompanha as f\u00e9rias e a pr\u00e9-temporada da chamada \u201ctempestade brasileira\u201d do surfe antes do intenso calend\u00e1rio do circuito mundial. Atletas como Jesse Mendes, Victor [&hellip;]<\/p>\n","protected":false},"author":1,"featured_media":13537,"comment_status":"open","ping_status":"open","sticky":false,"template":"","format":"standard","meta":{"tdm_status":"","tdm_grid_status":"","footnotes":""},"categories":[6],"tags":[1776,28,2696,2024],"class_list":["post-13536","post","type-post","status-publish","format-standard","has-post-thumbnail","hentry","category-noticias","tag-canal-off","tag-marketing","tag-surf","tag-surfe"],"yoast_head":"<!-- This site is optimized with the Yoast SEO plugin v27.5 - https:\/\/yoast.com\/product\/yoast-seo-wordpress\/ -->\n<title>Canal OFF estreia 16\u00aa temporada de \u201cBrazilian Storm\u201d com \u00edcones do surfe brasileiro - CidadeMarketing<\/title>\n<meta name=\"robots\" content=\"index, follow, max-snippet:-1, max-image-preview:large, max-video-preview:-1\" \/>\n<link rel=\"canonical\" href=\"https:\/\/www.cidademarketing.com.br\/marketing\/2020\/01\/13\/canal-off-estreia-16a-temporada-de-brazilian-storm-com-icones-do-surfe-brasileiro\/\" \/>\n<meta property=\"og:locale\" content=\"pt_BR\" \/>\n<meta property=\"og:type\" content=\"article\" \/>\n<meta property=\"og:title\" content=\"Canal OFF estreia 16\u00aa temporada de \u201cBrazilian Storm\u201d com \u00edcones do surfe brasileiro - CidadeMarketing\" \/>\n<meta property=\"og:description\" content=\"O Canal OFF inicia mais um cap\u00edtulo em seu programa de maior longevidade, \u201cBrazilian Storm\u201d, com a estreia da 16\u00aa temporada da atra\u00e7\u00e3o na sexta-feira, dia 17, \u00e0s 21h. A atra\u00e7\u00e3o acompanha as f\u00e9rias e a pr\u00e9-temporada da chamada \u201ctempestade brasileira\u201d do surfe antes do intenso calend\u00e1rio do circuito mundial. Atletas como Jesse Mendes, Victor [&hellip;]\" \/>\n<meta property=\"og:url\" content=\"https:\/\/www.cidademarketing.com.br\/marketing\/2020\/01\/13\/canal-off-estreia-16a-temporada-de-brazilian-storm-com-icones-do-surfe-brasileiro\/\" \/>\n<meta property=\"og:site_name\" content=\"CidadeMarketing\" \/>\n<meta property=\"article:publisher\" content=\"https:\/\/www.facebook.com\/portalcidademarketing\" \/>\n<meta property=\"article:author\" content=\"https:\/\/www.facebook.com\/thalesbrandao\" \/>\n<meta property=\"article:published_time\" content=\"2020-01-13T16:50:19+00:00\" \/>\n<meta property=\"article:modified_time\" content=\"2020-01-13T16:50:23+00:00\" \/>\n<meta property=\"og:image\" content=\"https:\/\/www.cidademarketing.com.br\/marketing\/wp-content\/uploads\/2020\/01\/Brazilian_Storm.png\" \/>\n\t<meta property=\"og:image:width\" content=\"1184\" \/>\n\t<meta property=\"og:image:height\" content=\"617\" \/>\n\t<meta property=\"og:image:type\" content=\"image\/png\" \/>\n<meta name=\"author\" content=\"Thales Brand\u00e3o\" \/>\n<meta name=\"twitter:card\" content=\"summary_large_image\" \/>\n<meta name=\"twitter:creator\" content=\"@http:\/\/www.twitter.com\/thalesbrandao\" \/>\n<meta name=\"twitter:site\" content=\"@CidadeMarketing\" \/>\n<meta name=\"twitter:label1\" content=\"Escrito por\" \/>\n\t<meta name=\"twitter:data1\" content=\"Thales Brand\u00e3o\" \/>\n\t<meta name=\"twitter:label2\" content=\"Est. tempo de leitura\" \/>\n\t<meta name=\"twitter:data2\" content=\"1 minuto\" \/>\n<script type=\"application\/ld+json\" class=\"yoast-schema-graph\">{\"@context\":\"https:\\\/\\\/schema.org\",\"@graph\":[{\"@type\":\"Article\",\"@id\":\"https:\\\/\\\/www.cidademarketing.com.br\\\/marketing\\\/2020\\\/01\\\/13\\\/canal-off-estreia-16a-temporada-de-brazilian-storm-com-icones-do-surfe-brasileiro\\\/#article\",\"isPartOf\":{\"@id\":\"https:\\\/\\\/www.cidademarketing.com.br\\\/marketing\\\/2020\\\/01\\\/13\\\/canal-off-estreia-16a-temporada-de-brazilian-storm-com-icones-do-surfe-brasileiro\\\/\"},\"author\":{\"name\":\"Thales Brand\u00e3o\",\"@id\":\"https:\\\/\\\/www.cidademarketing.com.br\\\/marketing\\\/#\\\/schema\\\/person\\\/02daff9f18bd9378c9e01eb6b2db155f\"},\"headline\":\"Canal OFF estreia 16\u00aa temporada de \u201cBrazilian Storm\u201d com \u00edcones do surfe brasileiro\",\"datePublished\":\"2020-01-13T16:50:19+00:00\",\"dateModified\":\"2020-01-13T16:50:23+00:00\",\"mainEntityOfPage\":{\"@id\":\"https:\\\/\\\/www.cidademarketing.com.br\\\/marketing\\\/2020\\\/01\\\/13\\\/canal-off-estreia-16a-temporada-de-brazilian-storm-com-icones-do-surfe-brasileiro\\\/\"},\"wordCount\":308,\"commentCount\":0,\"publisher\":{\"@id\":\"https:\\\/\\\/www.cidademarketing.com.br\\\/marketing\\\/#organization\"},\"image\":{\"@id\":\"https:\\\/\\\/www.cidademarketing.com.br\\\/marketing\\\/2020\\\/01\\\/13\\\/canal-off-estreia-16a-temporada-de-brazilian-storm-com-icones-do-surfe-brasileiro\\\/#primaryimage\"},\"thumbnailUrl\":\"https:\\\/\\\/www.cidademarketing.com.br\\\/marketing\\\/wp-content\\\/uploads\\\/2020\\\/01\\\/Brazilian_Storm.png\",\"keywords\":[\"Canal Off\",\"marketing\",\"surf\",\"surfe\"],\"articleSection\":[\"Not\u00edcias\"],\"inLanguage\":\"pt-BR\",\"potentialAction\":[{\"@type\":\"CommentAction\",\"name\":\"Comment\",\"target\":[\"https:\\\/\\\/www.cidademarketing.com.br\\\/marketing\\\/2020\\\/01\\\/13\\\/canal-off-estreia-16a-temporada-de-brazilian-storm-com-icones-do-surfe-brasileiro\\\/#respond\"]}]},{\"@type\":\"WebPage\",\"@id\":\"https:\\\/\\\/www.cidademarketing.com.br\\\/marketing\\\/2020\\\/01\\\/13\\\/canal-off-estreia-16a-temporada-de-brazilian-storm-com-icones-do-surfe-brasileiro\\\/\",\"url\":\"https:\\\/\\\/www.cidademarketing.com.br\\\/marketing\\\/2020\\\/01\\\/13\\\/canal-off-estreia-16a-temporada-de-brazilian-storm-com-icones-do-surfe-brasileiro\\\/\",\"name\":\"Canal OFF estreia 16\u00aa temporada de \u201cBrazilian Storm\u201d com \u00edcones do surfe brasileiro - CidadeMarketing\",\"isPartOf\":{\"@id\":\"https:\\\/\\\/www.cidademarketing.com.br\\\/marketing\\\/#website\"},\"primaryImageOfPage\":{\"@id\":\"https:\\\/\\\/www.cidademarketing.com.br\\\/marketing\\\/2020\\\/01\\\/13\\\/canal-off-estreia-16a-temporada-de-brazilian-storm-com-icones-do-surfe-brasileiro\\\/#primaryimage\"},\"image\":{\"@id\":\"https:\\\/\\\/www.cidademarketing.com.br\\\/marketing\\\/2020\\\/01\\\/13\\\/canal-off-estreia-16a-temporada-de-brazilian-storm-com-icones-do-surfe-brasileiro\\\/#primaryimage\"},\"thumbnailUrl\":\"https:\\\/\\\/www.cidademarketing.com.br\\\/marketing\\\/wp-content\\\/uploads\\\/2020\\\/01\\\/Brazilian_Storm.png\",\"datePublished\":\"2020-01-13T16:50:19+00:00\",\"dateModified\":\"2020-01-13T16:50:23+00:00\",\"breadcrumb\":{\"@id\":\"https:\\\/\\\/www.cidademarketing.com.br\\\/marketing\\\/2020\\\/01\\\/13\\\/canal-off-estreia-16a-temporada-de-brazilian-storm-com-icones-do-surfe-brasileiro\\\/#breadcrumb\"},\"inLanguage\":\"pt-BR\",\"potentialAction\":[{\"@type\":\"ReadAction\",\"target\":[\"https:\\\/\\\/www.cidademarketing.com.br\\\/marketing\\\/2020\\\/01\\\/13\\\/canal-off-estreia-16a-temporada-de-brazilian-storm-com-icones-do-surfe-brasileiro\\\/\"]}]},{\"@type\":\"ImageObject\",\"inLanguage\":\"pt-BR\",\"@id\":\"https:\\\/\\\/www.cidademarketing.com.br\\\/marketing\\\/2020\\\/01\\\/13\\\/canal-off-estreia-16a-temporada-de-brazilian-storm-com-icones-do-surfe-brasileiro\\\/#primaryimage\",\"url\":\"https:\\\/\\\/www.cidademarketing.com.br\\\/marketing\\\/wp-content\\\/uploads\\\/2020\\\/01\\\/Brazilian_Storm.png\",\"contentUrl\":\"https:\\\/\\\/www.cidademarketing.com.br\\\/marketing\\\/wp-content\\\/uploads\\\/2020\\\/01\\\/Brazilian_Storm.png\",\"width\":1184,\"height\":617,\"caption\":\"Reprodu\u00e7\u00e3o\"},{\"@type\":\"BreadcrumbList\",\"@id\":\"https:\\\/\\\/www.cidademarketing.com.br\\\/marketing\\\/2020\\\/01\\\/13\\\/canal-off-estreia-16a-temporada-de-brazilian-storm-com-icones-do-surfe-brasileiro\\\/#breadcrumb\",\"itemListElement\":[{\"@type\":\"ListItem\",\"position\":1,\"name\":\"In\u00edcio\",\"item\":\"https:\\\/\\\/www.cidademarketing.com.br\\\/marketing\\\/\"},{\"@type\":\"ListItem\",\"position\":2,\"name\":\"Canal OFF estreia 16\u00aa temporada de \u201cBrazilian Storm\u201d com \u00edcones do surfe brasileiro\"}]},{\"@type\":\"WebSite\",\"@id\":\"https:\\\/\\\/www.cidademarketing.com.br\\\/marketing\\\/#website\",\"url\":\"https:\\\/\\\/www.cidademarketing.com.br\\\/marketing\\\/\",\"name\":\"CidadeMarketing\",\"description\":\"Somos um ve\u00edculo de comunica\u00e7\u00e3o de destaque no Brasil, reconhecido por conte\u00fados nos segmentos de marketing, empreendedorismo e inova\u00e7\u00e3o.\",\"publisher\":{\"@id\":\"https:\\\/\\\/www.cidademarketing.com.br\\\/marketing\\\/#organization\"},\"alternateName\":\"CidadeMarketing\",\"potentialAction\":[{\"@type\":\"SearchAction\",\"target\":{\"@type\":\"EntryPoint\",\"urlTemplate\":\"https:\\\/\\\/www.cidademarketing.com.br\\\/marketing\\\/?s={search_term_string}\"},\"query-input\":{\"@type\":\"PropertyValueSpecification\",\"valueRequired\":true,\"valueName\":\"search_term_string\"}}],\"inLanguage\":\"pt-BR\"},{\"@type\":\"Organization\",\"@id\":\"https:\\\/\\\/www.cidademarketing.com.br\\\/marketing\\\/#organization\",\"name\":\"CidadeMarketing\",\"alternateName\":\"CidadeMarketing\",\"url\":\"https:\\\/\\\/www.cidademarketing.com.br\\\/marketing\\\/\",\"logo\":{\"@type\":\"ImageObject\",\"inLanguage\":\"pt-BR\",\"@id\":\"https:\\\/\\\/www.cidademarketing.com.br\\\/marketing\\\/#\\\/schema\\\/logo\\\/image\\\/\",\"url\":\"https:\\\/\\\/www.cidademarketing.com.br\\\/marketing\\\/wp-content\\\/uploads\\\/2020\\\/01\\\/cidademarketing_marca_mobile.png\",\"contentUrl\":\"https:\\\/\\\/www.cidademarketing.com.br\\\/marketing\\\/wp-content\\\/uploads\\\/2020\\\/01\\\/cidademarketing_marca_mobile.png\",\"width\":230,\"height\":92,\"caption\":\"CidadeMarketing\"},\"image\":{\"@id\":\"https:\\\/\\\/www.cidademarketing.com.br\\\/marketing\\\/#\\\/schema\\\/logo\\\/image\\\/\"},\"sameAs\":[\"https:\\\/\\\/www.facebook.com\\\/portalcidademarketing\",\"https:\\\/\\\/x.com\\\/CidadeMarketing\",\"https:\\\/\\\/www.instagram.com\\\/cidademarketing\\\/\"]},{\"@type\":\"Person\",\"@id\":\"https:\\\/\\\/www.cidademarketing.com.br\\\/marketing\\\/#\\\/schema\\\/person\\\/02daff9f18bd9378c9e01eb6b2db155f\",\"name\":\"Thales Brand\u00e3o\",\"image\":{\"@type\":\"ImageObject\",\"inLanguage\":\"pt-BR\",\"@id\":\"https:\\\/\\\/secure.gravatar.com\\\/avatar\\\/7ca3206950207cc3cb48feec56a8a7898741ab725c368d99d5d7a5a50aab80c6?s=96&d=mm&r=g\",\"url\":\"https:\\\/\\\/secure.gravatar.com\\\/avatar\\\/7ca3206950207cc3cb48feec56a8a7898741ab725c368d99d5d7a5a50aab80c6?s=96&d=mm&r=g\",\"contentUrl\":\"https:\\\/\\\/secure.gravatar.com\\\/avatar\\\/7ca3206950207cc3cb48feec56a8a7898741ab725c368d99d5d7a5a50aab80c6?s=96&d=mm&r=g\",\"caption\":\"Thales Brand\u00e3o\"},\"description\":\"Editor Executivo do Portal CidadeMarketing.com.br &gt; Mestre em Comunica\u00e7\u00e3o e Sociedade pela Universidade Federal de Sergipe. Possui MBA Executivo em Administra\u00e7\u00e3o com \u00eanfase em Marketing pela Funda\u00e7\u00e3o Get\u00falio Vargas - Rio de Janeiro. Consultor, Palestrante e Pesquisador sobre Empreendedorismo, Marketing, Redes Sociais e Neg\u00f3cios Digitais. Professor, Palestrante TedxTalks e Campus Party. Twitter: @ThalesBrandao\",\"sameAs\":[\"http:\\\/\\\/www.mandacaru.com.br\",\"https:\\\/\\\/www.facebook.com\\\/thalesbrandao\",\"http:\\\/\\\/www.instagram.com.br\\\/thalesbrandaoferreira\",\"https:\\\/\\\/www.linkedin.com\\\/in\\\/thales-brand\u00e3o-3948609\\\/\",\"https:\\\/\\\/x.com\\\/http:\\\/\\\/www.twitter.com\\\/thalesbrandao\"],\"url\":\"https:\\\/\\\/www.cidademarketing.com.br\\\/marketing\\\/author\\\/thalesbrandao\\\/\"}]}<\/script>\n<!-- \/ Yoast SEO plugin. -->","yoast_head_json":{"title":"Canal OFF estreia 16\u00aa temporada de \u201cBrazilian Storm\u201d com \u00edcones do surfe brasileiro - CidadeMarketing","robots":{"index":"index","follow":"follow","max-snippet":"max-snippet:-1","max-image-preview":"max-image-preview:large","max-video-preview":"max-video-preview:-1"},"canonical":"https:\/\/www.cidademarketing.com.br\/marketing\/2020\/01\/13\/canal-off-estreia-16a-temporada-de-brazilian-storm-com-icones-do-surfe-brasileiro\/","og_locale":"pt_BR","og_type":"article","og_title":"Canal OFF estreia 16\u00aa temporada de \u201cBrazilian Storm\u201d com \u00edcones do surfe brasileiro - CidadeMarketing","og_description":"O Canal OFF inicia mais um cap\u00edtulo em seu programa de maior longevidade, \u201cBrazilian Storm\u201d, com a estreia da 16\u00aa temporada da atra\u00e7\u00e3o na sexta-feira, dia 17, \u00e0s 21h. A atra\u00e7\u00e3o acompanha as f\u00e9rias e a pr\u00e9-temporada da chamada \u201ctempestade brasileira\u201d do surfe antes do intenso calend\u00e1rio do circuito mundial. Atletas como Jesse Mendes, Victor [&hellip;]","og_url":"https:\/\/www.cidademarketing.com.br\/marketing\/2020\/01\/13\/canal-off-estreia-16a-temporada-de-brazilian-storm-com-icones-do-surfe-brasileiro\/","og_site_name":"CidadeMarketing","article_publisher":"https:\/\/www.facebook.com\/portalcidademarketing","article_author":"https:\/\/www.facebook.com\/thalesbrandao","article_published_time":"2020-01-13T16:50:19+00:00","article_modified_time":"2020-01-13T16:50:23+00:00","og_image":[{"width":1184,"height":617,"url":"https:\/\/www.cidademarketing.com.br\/marketing\/wp-content\/uploads\/2020\/01\/Brazilian_Storm.png","type":"image\/png"}],"author":"Thales Brand\u00e3o","twitter_card":"summary_large_image","twitter_creator":"@http:\/\/www.twitter.com\/thalesbrandao","twitter_site":"@CidadeMarketing","twitter_misc":{"Escrito por":"Thales Brand\u00e3o","Est. tempo de leitura":"1 minuto"},"schema":{"@context":"https:\/\/schema.org","@graph":[{"@type":"Article","@id":"https:\/\/www.cidademarketing.com.br\/marketing\/2020\/01\/13\/canal-off-estreia-16a-temporada-de-brazilian-storm-com-icones-do-surfe-brasileiro\/#article","isPartOf":{"@id":"https:\/\/www.cidademarketing.com.br\/marketing\/2020\/01\/13\/canal-off-estreia-16a-temporada-de-brazilian-storm-com-icones-do-surfe-brasileiro\/"},"author":{"name":"Thales Brand\u00e3o","@id":"https:\/\/www.cidademarketing.com.br\/marketing\/#\/schema\/person\/02daff9f18bd9378c9e01eb6b2db155f"},"headline":"Canal OFF estreia 16\u00aa temporada de \u201cBrazilian Storm\u201d com \u00edcones do surfe brasileiro","datePublished":"2020-01-13T16:50:19+00:00","dateModified":"2020-01-13T16:50:23+00:00","mainEntityOfPage":{"@id":"https:\/\/www.cidademarketing.com.br\/marketing\/2020\/01\/13\/canal-off-estreia-16a-temporada-de-brazilian-storm-com-icones-do-surfe-brasileiro\/"},"wordCount":308,"commentCount":0,"publisher":{"@id":"https:\/\/www.cidademarketing.com.br\/marketing\/#organization"},"image":{"@id":"https:\/\/www.cidademarketing.com.br\/marketing\/2020\/01\/13\/canal-off-estreia-16a-temporada-de-brazilian-storm-com-icones-do-surfe-brasileiro\/#primaryimage"},"thumbnailUrl":"https:\/\/www.cidademarketing.com.br\/marketing\/wp-content\/uploads\/2020\/01\/Brazilian_Storm.png","keywords":["Canal Off","marketing","surf","surfe"],"articleSection":["Not\u00edcias"],"inLanguage":"pt-BR","potentialAction":[{"@type":"CommentAction","name":"Comment","target":["https:\/\/www.cidademarketing.com.br\/marketing\/2020\/01\/13\/canal-off-estreia-16a-temporada-de-brazilian-storm-com-icones-do-surfe-brasileiro\/#respond"]}]},{"@type":"WebPage","@id":"https:\/\/www.cidademarketing.com.br\/marketing\/2020\/01\/13\/canal-off-estreia-16a-temporada-de-brazilian-storm-com-icones-do-surfe-brasileiro\/","url":"https:\/\/www.cidademarketing.com.br\/marketing\/2020\/01\/13\/canal-off-estreia-16a-temporada-de-brazilian-storm-com-icones-do-surfe-brasileiro\/","name":"Canal OFF estreia 16\u00aa temporada de \u201cBrazilian Storm\u201d com \u00edcones do surfe brasileiro - CidadeMarketing","isPartOf":{"@id":"https:\/\/www.cidademarketing.com.br\/marketing\/#website"},"primaryImageOfPage":{"@id":"https:\/\/www.cidademarketing.com.br\/marketing\/2020\/01\/13\/canal-off-estreia-16a-temporada-de-brazilian-storm-com-icones-do-surfe-brasileiro\/#primaryimage"},"image":{"@id":"https:\/\/www.cidademarketing.com.br\/marketing\/2020\/01\/13\/canal-off-estreia-16a-temporada-de-brazilian-storm-com-icones-do-surfe-brasileiro\/#primaryimage"},"thumbnailUrl":"https:\/\/www.cidademarketing.com.br\/marketing\/wp-content\/uploads\/2020\/01\/Brazilian_Storm.png","datePublished":"2020-01-13T16:50:19+00:00","dateModified":"2020-01-13T16:50:23+00:00","breadcrumb":{"@id":"https:\/\/www.cidademarketing.com.br\/marketing\/2020\/01\/13\/canal-off-estreia-16a-temporada-de-brazilian-storm-com-icones-do-surfe-brasileiro\/#breadcrumb"},"inLanguage":"pt-BR","potentialAction":[{"@type":"ReadAction","target":["https:\/\/www.cidademarketing.com.br\/marketing\/2020\/01\/13\/canal-off-estreia-16a-temporada-de-brazilian-storm-com-icones-do-surfe-brasileiro\/"]}]},{"@type":"ImageObject","inLanguage":"pt-BR","@id":"https:\/\/www.cidademarketing.com.br\/marketing\/2020\/01\/13\/canal-off-estreia-16a-temporada-de-brazilian-storm-com-icones-do-surfe-brasileiro\/#primaryimage","url":"https:\/\/www.cidademarketing.com.br\/marketing\/wp-content\/uploads\/2020\/01\/Brazilian_Storm.png","contentUrl":"https:\/\/www.cidademarketing.com.br\/marketing\/wp-content\/uploads\/2020\/01\/Brazilian_Storm.png","width":1184,"height":617,"caption":"Reprodu\u00e7\u00e3o"},{"@type":"BreadcrumbList","@id":"https:\/\/www.cidademarketing.com.br\/marketing\/2020\/01\/13\/canal-off-estreia-16a-temporada-de-brazilian-storm-com-icones-do-surfe-brasileiro\/#breadcrumb","itemListElement":[{"@type":"ListItem","position":1,"name":"In\u00edcio","item":"https:\/\/www.cidademarketing.com.br\/marketing\/"},{"@type":"ListItem","position":2,"name":"Canal OFF estreia 16\u00aa temporada de \u201cBrazilian Storm\u201d com \u00edcones do surfe brasileiro"}]},{"@type":"WebSite","@id":"https:\/\/www.cidademarketing.com.br\/marketing\/#website","url":"https:\/\/www.cidademarketing.com.br\/marketing\/","name":"CidadeMarketing","description":"Somos um ve\u00edculo de comunica\u00e7\u00e3o de destaque no Brasil, reconhecido por conte\u00fados nos segmentos de marketing, empreendedorismo e inova\u00e7\u00e3o.","publisher":{"@id":"https:\/\/www.cidademarketing.com.br\/marketing\/#organization"},"alternateName":"CidadeMarketing","potentialAction":[{"@type":"SearchAction","target":{"@type":"EntryPoint","urlTemplate":"https:\/\/www.cidademarketing.com.br\/marketing\/?s={search_term_string}"},"query-input":{"@type":"PropertyValueSpecification","valueRequired":true,"valueName":"search_term_string"}}],"inLanguage":"pt-BR"},{"@type":"Organization","@id":"https:\/\/www.cidademarketing.com.br\/marketing\/#organization","name":"CidadeMarketing","alternateName":"CidadeMarketing","url":"https:\/\/www.cidademarketing.com.br\/marketing\/","logo":{"@type":"ImageObject","inLanguage":"pt-BR","@id":"https:\/\/www.cidademarketing.com.br\/marketing\/#\/schema\/logo\/image\/","url":"https:\/\/www.cidademarketing.com.br\/marketing\/wp-content\/uploads\/2020\/01\/cidademarketing_marca_mobile.png","contentUrl":"https:\/\/www.cidademarketing.com.br\/marketing\/wp-content\/uploads\/2020\/01\/cidademarketing_marca_mobile.png","width":230,"height":92,"caption":"CidadeMarketing"},"image":{"@id":"https:\/\/www.cidademarketing.com.br\/marketing\/#\/schema\/logo\/image\/"},"sameAs":["https:\/\/www.facebook.com\/portalcidademarketing","https:\/\/x.com\/CidadeMarketing","https:\/\/www.instagram.com\/cidademarketing\/"]},{"@type":"Person","@id":"https:\/\/www.cidademarketing.com.br\/marketing\/#\/schema\/person\/02daff9f18bd9378c9e01eb6b2db155f","name":"Thales Brand\u00e3o","image":{"@type":"ImageObject","inLanguage":"pt-BR","@id":"https:\/\/secure.gravatar.com\/avatar\/7ca3206950207cc3cb48feec56a8a7898741ab725c368d99d5d7a5a50aab80c6?s=96&d=mm&r=g","url":"https:\/\/secure.gravatar.com\/avatar\/7ca3206950207cc3cb48feec56a8a7898741ab725c368d99d5d7a5a50aab80c6?s=96&d=mm&r=g","contentUrl":"https:\/\/secure.gravatar.com\/avatar\/7ca3206950207cc3cb48feec56a8a7898741ab725c368d99d5d7a5a50aab80c6?s=96&d=mm&r=g","caption":"Thales Brand\u00e3o"},"description":"Editor Executivo do Portal CidadeMarketing.com.br &gt; Mestre em Comunica\u00e7\u00e3o e Sociedade pela Universidade Federal de Sergipe. Possui MBA Executivo em Administra\u00e7\u00e3o com \u00eanfase em Marketing pela Funda\u00e7\u00e3o Get\u00falio Vargas - Rio de Janeiro. Consultor, Palestrante e Pesquisador sobre Empreendedorismo, Marketing, Redes Sociais e Neg\u00f3cios Digitais. Professor, Palestrante TedxTalks e Campus Party. Twitter: @ThalesBrandao","sameAs":["http:\/\/www.mandacaru.com.br","https:\/\/www.facebook.com\/thalesbrandao","http:\/\/www.instagram.com.br\/thalesbrandaoferreira","https:\/\/www.linkedin.com\/in\/thales-brand\u00e3o-3948609\/","https:\/\/x.com\/http:\/\/www.twitter.com\/thalesbrandao"],"url":"https:\/\/www.cidademarketing.com.br\/marketing\/author\/thalesbrandao\/"}]}},"amp_enabled":true,"_links":{"self":[{"href":"https:\/\/www.cidademarketing.com.br\/marketing\/wp-json\/wp\/v2\/posts\/13536","targetHints":{"allow":["GET"]}}],"collection":[{"href":"https:\/\/www.cidademarketing.com.br\/marketing\/wp-json\/wp\/v2\/posts"}],"about":[{"href":"https:\/\/www.cidademarketing.com.br\/marketing\/wp-json\/wp\/v2\/types\/post"}],"author":[{"embeddable":true,"href":"https:\/\/www.cidademarketing.com.br\/marketing\/wp-json\/wp\/v2\/users\/1"}],"replies":[{"embeddable":true,"href":"https:\/\/www.cidademarketing.com.br\/marketing\/wp-json\/wp\/v2\/comments?post=13536"}],"version-history":[{"count":1,"href":"https:\/\/www.cidademarketing.com.br\/marketing\/wp-json\/wp\/v2\/posts\/13536\/revisions"}],"predecessor-version":[{"id":13538,"href":"https:\/\/www.cidademarketing.com.br\/marketing\/wp-json\/wp\/v2\/posts\/13536\/revisions\/13538"}],"wp:featuredmedia":[{"embeddable":true,"href":"https:\/\/www.cidademarketing.com.br\/marketing\/wp-json\/wp\/v2\/media\/13537"}],"wp:attachment":[{"href":"https:\/\/www.cidademarketing.com.br\/marketing\/wp-json\/wp\/v2\/media?parent=13536"}],"wp:term":[{"taxonomy":"category","embeddable":true,"href":"https:\/\/www.cidademarketing.com.br\/marketing\/wp-json\/wp\/v2\/categories?post=13536"},{"taxonomy":"post_tag","embeddable":true,"href":"https:\/\/www.cidademarketing.com.br\/marketing\/wp-json\/wp\/v2\/tags?post=13536"}],"curies":[{"name":"wp","href":"https:\/\/api.w.org\/{rel}","templated":true}]}}