{"id":13403,"date":"2019-12-31T19:27:20","date_gmt":"2019-12-31T22:27:20","guid":{"rendered":"https:\/\/www.cidademarketing.com.br\/marketing\/?p=13403"},"modified":"2019-12-31T19:27:23","modified_gmt":"2019-12-31T22:27:23","slug":"salvador-atinge-100-de-ocupacao-em-toda-a-cidade-para-o-festival-da-virada","status":"publish","type":"post","link":"https:\/\/www.cidademarketing.com.br\/marketing\/2019\/12\/31\/salvador-atinge-100-de-ocupacao-em-toda-a-cidade-para-o-festival-da-virada\/","title":{"rendered":"Salvador atinge 100% de ocupa\u00e7\u00e3o em toda a cidade para o Festival da Virada"},"content":{"rendered":"\n<p>Como era de se esperar, a ocupa\u00e7\u00e3o hoteleira da capital baiana at\u00e9 este segundo dia do Festival Virada Salvador atingiu a meta prevista pelo trade. De acordo com a seccional baiana da Associa\u00e7\u00e3o Brasileira da Ind\u00fastria de Hot\u00e9is (ABIH-BA), o \u00edndice de leitos preenchidos j\u00e1 chega a 92%. Os n\u00fameros, contudo, ir\u00e3o superar as expectativas nesta ter\u00e7a-feira (31), quando o quantitativo alcan\u00e7a os 100% n\u00e3o apenas nas unidades hoteleiras localizadas pr\u00f3ximo \u00e0 Arena Daniela Mercury, na Boca do Rio, mas em toda a cidade.<\/p>\n\n\n\n<p>Segundo o presidente da ABIH-BA, Luciano Lopes, os bons frutos que o segmento colhe tem como motivo a consolida\u00e7\u00e3o do evento do R\u00e9veillon soteropolitano. \u201cJ\u00e1 v\u00ednhamos monitorando a situa\u00e7\u00e3o do turismo na cidade durante esse per\u00edodo. O Festival Virada Salvador entrou no nosso calend\u00e1rio, o que, consequentemente, tem refletido em grandes resultados para o setor hoteleiro\u201d, disse. No total, Salvador conta com 40 mil leitos, somando aqueles fornecidos por hot\u00e9is, pousadas e albergues.<\/p>\n\n\n\n<p><strong>Economia<\/strong> &#8211; Os n\u00fameros demonstram que o Festival Virada Salvador n\u00e3o \u00e9 s\u00f3 festa, j\u00e1 que tamb\u00e9m representa gera\u00e7\u00e3o de oportunidade, renda e movimenta toda a economia da cidade. A chegada dos turistas \u00e0 capital baiana movimenta uma rede que envolve mais de 70 setores da economia. S\u00e3o hot\u00e9is, ag\u00eancias de turismo, mercado de hortifr\u00fati, de carne, venda de len\u00e7\u00f3is, baianas de acaraj\u00e9, casas de show e entretenimento, entre outros servi\u00e7os.<\/p>\n\n\n\n<p>S\u00f3 para os festejos da virada de ano, a capital baiana deve receber quase 500 mil turistas. J\u00e1 em toda a alta esta\u00e7\u00e3o, ou seja, de dezembro a mar\u00e7o, est\u00e3o previstos 3,6 milh\u00f5es de visitantes. Deste montante de pessoas que chegar\u00e1 \u00e0 cidade, 56,1% s\u00e3o provenientes do interior do estado, 12,6% de S\u00e3o Paulo e 4,8% do Rio de Janeiro.<\/p>\n\n\n\n<p>Os argentinos, como no ano passado, continuam sendo a maioria dos turistas estrangeiros, representando 28,7% do volume de visitantes, seguido pelos chilenos (8,8%) e franceses (8,8%). Somados, todos os visitantes ir\u00e3o injetar algo em torno de R$ 407 milh\u00f5es na economia de Salvador. Os dados s\u00e3o da Secretaria Municipal de Cultura e Turismo (Secult).<\/p>\n","protected":false},"excerpt":{"rendered":"<p>Como era de se esperar, a ocupa\u00e7\u00e3o hoteleira da capital baiana at\u00e9 este segundo dia do Festival Virada Salvador atingiu a meta prevista pelo trade. De acordo com a seccional baiana da Associa\u00e7\u00e3o Brasileira da Ind\u00fastria de Hot\u00e9is (ABIH-BA), o \u00edndice de leitos preenchidos j\u00e1 chega a 92%. Os n\u00fameros, contudo, ir\u00e3o superar as expectativas [&hellip;]<\/p>\n","protected":false},"author":1,"featured_media":6631,"comment_status":"open","ping_status":"open","sticky":false,"template":"","format":"standard","meta":{"tdm_status":"","tdm_grid_status":"","footnotes":""},"categories":[6],"tags":[33,2682,28,572],"class_list":["post-13403","post","type-post","status-publish","format-standard","has-post-thumbnail","hentry","category-noticias","tag-estrategia","tag-festival-da-virada","tag-marketing","tag-salvador"],"yoast_head":"<!-- This site is optimized with the Yoast SEO plugin v27.5 - https:\/\/yoast.com\/product\/yoast-seo-wordpress\/ -->\n<title>Salvador atinge 100% de ocupa\u00e7\u00e3o em toda a cidade para o Festival da Virada - CidadeMarketing<\/title>\n<meta name=\"robots\" content=\"index, follow, max-snippet:-1, max-image-preview:large, max-video-preview:-1\" \/>\n<link rel=\"canonical\" href=\"https:\/\/www.cidademarketing.com.br\/marketing\/2019\/12\/31\/salvador-atinge-100-de-ocupacao-em-toda-a-cidade-para-o-festival-da-virada\/\" \/>\n<meta property=\"og:locale\" content=\"pt_BR\" \/>\n<meta property=\"og:type\" content=\"article\" \/>\n<meta property=\"og:title\" content=\"Salvador atinge 100% de ocupa\u00e7\u00e3o em toda a cidade para o Festival da Virada - CidadeMarketing\" \/>\n<meta property=\"og:description\" content=\"Como era de se esperar, a ocupa\u00e7\u00e3o hoteleira da capital baiana at\u00e9 este segundo dia do Festival Virada Salvador atingiu a meta prevista pelo trade. De acordo com a seccional baiana da Associa\u00e7\u00e3o Brasileira da Ind\u00fastria de Hot\u00e9is (ABIH-BA), o \u00edndice de leitos preenchidos j\u00e1 chega a 92%. Os n\u00fameros, contudo, ir\u00e3o superar as expectativas [&hellip;]\" \/>\n<meta property=\"og:url\" content=\"https:\/\/www.cidademarketing.com.br\/marketing\/2019\/12\/31\/salvador-atinge-100-de-ocupacao-em-toda-a-cidade-para-o-festival-da-virada\/\" \/>\n<meta property=\"og:site_name\" content=\"CidadeMarketing\" \/>\n<meta property=\"article:publisher\" content=\"https:\/\/www.facebook.com\/portalcidademarketing\" \/>\n<meta property=\"article:author\" content=\"https:\/\/www.facebook.com\/thalesbrandao\" \/>\n<meta property=\"article:published_time\" content=\"2019-12-31T22:27:20+00:00\" \/>\n<meta property=\"article:modified_time\" content=\"2019-12-31T22:27:23+00:00\" \/>\n<meta property=\"og:image\" content=\"https:\/\/www.cidademarketing.com.br\/marketing\/wp-content\/uploads\/2019\/03\/elevador_lacerda_salvador.jpg\" \/>\n\t<meta property=\"og:image:width\" content=\"739\" \/>\n\t<meta property=\"og:image:height\" content=\"721\" \/>\n\t<meta property=\"og:image:type\" content=\"image\/jpeg\" \/>\n<meta name=\"author\" content=\"Thales Brand\u00e3o\" \/>\n<meta name=\"twitter:card\" content=\"summary_large_image\" \/>\n<meta name=\"twitter:creator\" content=\"@http:\/\/www.twitter.com\/thalesbrandao\" \/>\n<meta name=\"twitter:site\" content=\"@CidadeMarketing\" \/>\n<meta name=\"twitter:label1\" content=\"Escrito por\" \/>\n\t<meta name=\"twitter:data1\" content=\"Thales Brand\u00e3o\" \/>\n\t<meta name=\"twitter:label2\" content=\"Est. tempo de leitura\" \/>\n\t<meta name=\"twitter:data2\" content=\"2 minutos\" \/>\n<script type=\"application\/ld+json\" class=\"yoast-schema-graph\">{\"@context\":\"https:\\\/\\\/schema.org\",\"@graph\":[{\"@type\":\"Article\",\"@id\":\"https:\\\/\\\/www.cidademarketing.com.br\\\/marketing\\\/2019\\\/12\\\/31\\\/salvador-atinge-100-de-ocupacao-em-toda-a-cidade-para-o-festival-da-virada\\\/#article\",\"isPartOf\":{\"@id\":\"https:\\\/\\\/www.cidademarketing.com.br\\\/marketing\\\/2019\\\/12\\\/31\\\/salvador-atinge-100-de-ocupacao-em-toda-a-cidade-para-o-festival-da-virada\\\/\"},\"author\":{\"name\":\"Thales Brand\u00e3o\",\"@id\":\"https:\\\/\\\/www.cidademarketing.com.br\\\/marketing\\\/#\\\/schema\\\/person\\\/02daff9f18bd9378c9e01eb6b2db155f\"},\"headline\":\"Salvador atinge 100% de ocupa\u00e7\u00e3o em toda a cidade para o Festival da Virada\",\"datePublished\":\"2019-12-31T22:27:20+00:00\",\"dateModified\":\"2019-12-31T22:27:23+00:00\",\"mainEntityOfPage\":{\"@id\":\"https:\\\/\\\/www.cidademarketing.com.br\\\/marketing\\\/2019\\\/12\\\/31\\\/salvador-atinge-100-de-ocupacao-em-toda-a-cidade-para-o-festival-da-virada\\\/\"},\"wordCount\":374,\"commentCount\":0,\"publisher\":{\"@id\":\"https:\\\/\\\/www.cidademarketing.com.br\\\/marketing\\\/#organization\"},\"image\":{\"@id\":\"https:\\\/\\\/www.cidademarketing.com.br\\\/marketing\\\/2019\\\/12\\\/31\\\/salvador-atinge-100-de-ocupacao-em-toda-a-cidade-para-o-festival-da-virada\\\/#primaryimage\"},\"thumbnailUrl\":\"https:\\\/\\\/www.cidademarketing.com.br\\\/marketing\\\/wp-content\\\/uploads\\\/2019\\\/03\\\/elevador_lacerda_salvador.jpg\",\"keywords\":[\"estrat\u00e9gia\",\"Festival da Virada\",\"marketing\",\"Salvador\"],\"articleSection\":[\"Not\u00edcias\"],\"inLanguage\":\"pt-BR\",\"potentialAction\":[{\"@type\":\"CommentAction\",\"name\":\"Comment\",\"target\":[\"https:\\\/\\\/www.cidademarketing.com.br\\\/marketing\\\/2019\\\/12\\\/31\\\/salvador-atinge-100-de-ocupacao-em-toda-a-cidade-para-o-festival-da-virada\\\/#respond\"]}]},{\"@type\":\"WebPage\",\"@id\":\"https:\\\/\\\/www.cidademarketing.com.br\\\/marketing\\\/2019\\\/12\\\/31\\\/salvador-atinge-100-de-ocupacao-em-toda-a-cidade-para-o-festival-da-virada\\\/\",\"url\":\"https:\\\/\\\/www.cidademarketing.com.br\\\/marketing\\\/2019\\\/12\\\/31\\\/salvador-atinge-100-de-ocupacao-em-toda-a-cidade-para-o-festival-da-virada\\\/\",\"name\":\"Salvador atinge 100% de ocupa\u00e7\u00e3o em toda a cidade para o Festival da Virada - CidadeMarketing\",\"isPartOf\":{\"@id\":\"https:\\\/\\\/www.cidademarketing.com.br\\\/marketing\\\/#website\"},\"primaryImageOfPage\":{\"@id\":\"https:\\\/\\\/www.cidademarketing.com.br\\\/marketing\\\/2019\\\/12\\\/31\\\/salvador-atinge-100-de-ocupacao-em-toda-a-cidade-para-o-festival-da-virada\\\/#primaryimage\"},\"image\":{\"@id\":\"https:\\\/\\\/www.cidademarketing.com.br\\\/marketing\\\/2019\\\/12\\\/31\\\/salvador-atinge-100-de-ocupacao-em-toda-a-cidade-para-o-festival-da-virada\\\/#primaryimage\"},\"thumbnailUrl\":\"https:\\\/\\\/www.cidademarketing.com.br\\\/marketing\\\/wp-content\\\/uploads\\\/2019\\\/03\\\/elevador_lacerda_salvador.jpg\",\"datePublished\":\"2019-12-31T22:27:20+00:00\",\"dateModified\":\"2019-12-31T22:27:23+00:00\",\"breadcrumb\":{\"@id\":\"https:\\\/\\\/www.cidademarketing.com.br\\\/marketing\\\/2019\\\/12\\\/31\\\/salvador-atinge-100-de-ocupacao-em-toda-a-cidade-para-o-festival-da-virada\\\/#breadcrumb\"},\"inLanguage\":\"pt-BR\",\"potentialAction\":[{\"@type\":\"ReadAction\",\"target\":[\"https:\\\/\\\/www.cidademarketing.com.br\\\/marketing\\\/2019\\\/12\\\/31\\\/salvador-atinge-100-de-ocupacao-em-toda-a-cidade-para-o-festival-da-virada\\\/\"]}]},{\"@type\":\"ImageObject\",\"inLanguage\":\"pt-BR\",\"@id\":\"https:\\\/\\\/www.cidademarketing.com.br\\\/marketing\\\/2019\\\/12\\\/31\\\/salvador-atinge-100-de-ocupacao-em-toda-a-cidade-para-o-festival-da-virada\\\/#primaryimage\",\"url\":\"https:\\\/\\\/www.cidademarketing.com.br\\\/marketing\\\/wp-content\\\/uploads\\\/2019\\\/03\\\/elevador_lacerda_salvador.jpg\",\"contentUrl\":\"https:\\\/\\\/www.cidademarketing.com.br\\\/marketing\\\/wp-content\\\/uploads\\\/2019\\\/03\\\/elevador_lacerda_salvador.jpg\",\"width\":739,\"height\":721,\"caption\":\"CidadeMarketing\"},{\"@type\":\"BreadcrumbList\",\"@id\":\"https:\\\/\\\/www.cidademarketing.com.br\\\/marketing\\\/2019\\\/12\\\/31\\\/salvador-atinge-100-de-ocupacao-em-toda-a-cidade-para-o-festival-da-virada\\\/#breadcrumb\",\"itemListElement\":[{\"@type\":\"ListItem\",\"position\":1,\"name\":\"In\u00edcio\",\"item\":\"https:\\\/\\\/www.cidademarketing.com.br\\\/marketing\\\/\"},{\"@type\":\"ListItem\",\"position\":2,\"name\":\"Salvador atinge 100% de ocupa\u00e7\u00e3o em toda a cidade para o Festival da Virada\"}]},{\"@type\":\"WebSite\",\"@id\":\"https:\\\/\\\/www.cidademarketing.com.br\\\/marketing\\\/#website\",\"url\":\"https:\\\/\\\/www.cidademarketing.com.br\\\/marketing\\\/\",\"name\":\"CidadeMarketing\",\"description\":\"Somos um ve\u00edculo de comunica\u00e7\u00e3o de destaque no Brasil, reconhecido por conte\u00fados nos segmentos de marketing, empreendedorismo e inova\u00e7\u00e3o.\",\"publisher\":{\"@id\":\"https:\\\/\\\/www.cidademarketing.com.br\\\/marketing\\\/#organization\"},\"alternateName\":\"CidadeMarketing\",\"potentialAction\":[{\"@type\":\"SearchAction\",\"target\":{\"@type\":\"EntryPoint\",\"urlTemplate\":\"https:\\\/\\\/www.cidademarketing.com.br\\\/marketing\\\/?s={search_term_string}\"},\"query-input\":{\"@type\":\"PropertyValueSpecification\",\"valueRequired\":true,\"valueName\":\"search_term_string\"}}],\"inLanguage\":\"pt-BR\"},{\"@type\":\"Organization\",\"@id\":\"https:\\\/\\\/www.cidademarketing.com.br\\\/marketing\\\/#organization\",\"name\":\"CidadeMarketing\",\"alternateName\":\"CidadeMarketing\",\"url\":\"https:\\\/\\\/www.cidademarketing.com.br\\\/marketing\\\/\",\"logo\":{\"@type\":\"ImageObject\",\"inLanguage\":\"pt-BR\",\"@id\":\"https:\\\/\\\/www.cidademarketing.com.br\\\/marketing\\\/#\\\/schema\\\/logo\\\/image\\\/\",\"url\":\"https:\\\/\\\/www.cidademarketing.com.br\\\/marketing\\\/wp-content\\\/uploads\\\/2020\\\/01\\\/cidademarketing_marca_mobile.png\",\"contentUrl\":\"https:\\\/\\\/www.cidademarketing.com.br\\\/marketing\\\/wp-content\\\/uploads\\\/2020\\\/01\\\/cidademarketing_marca_mobile.png\",\"width\":230,\"height\":92,\"caption\":\"CidadeMarketing\"},\"image\":{\"@id\":\"https:\\\/\\\/www.cidademarketing.com.br\\\/marketing\\\/#\\\/schema\\\/logo\\\/image\\\/\"},\"sameAs\":[\"https:\\\/\\\/www.facebook.com\\\/portalcidademarketing\",\"https:\\\/\\\/x.com\\\/CidadeMarketing\",\"https:\\\/\\\/www.instagram.com\\\/cidademarketing\\\/\"]},{\"@type\":\"Person\",\"@id\":\"https:\\\/\\\/www.cidademarketing.com.br\\\/marketing\\\/#\\\/schema\\\/person\\\/02daff9f18bd9378c9e01eb6b2db155f\",\"name\":\"Thales Brand\u00e3o\",\"image\":{\"@type\":\"ImageObject\",\"inLanguage\":\"pt-BR\",\"@id\":\"https:\\\/\\\/secure.gravatar.com\\\/avatar\\\/7ca3206950207cc3cb48feec56a8a7898741ab725c368d99d5d7a5a50aab80c6?s=96&d=mm&r=g\",\"url\":\"https:\\\/\\\/secure.gravatar.com\\\/avatar\\\/7ca3206950207cc3cb48feec56a8a7898741ab725c368d99d5d7a5a50aab80c6?s=96&d=mm&r=g\",\"contentUrl\":\"https:\\\/\\\/secure.gravatar.com\\\/avatar\\\/7ca3206950207cc3cb48feec56a8a7898741ab725c368d99d5d7a5a50aab80c6?s=96&d=mm&r=g\",\"caption\":\"Thales Brand\u00e3o\"},\"description\":\"Editor Executivo do Portal CidadeMarketing.com.br &gt; Mestre em Comunica\u00e7\u00e3o e Sociedade pela Universidade Federal de Sergipe. Possui MBA Executivo em Administra\u00e7\u00e3o com \u00eanfase em Marketing pela Funda\u00e7\u00e3o Get\u00falio Vargas - Rio de Janeiro. Consultor, Palestrante e Pesquisador sobre Empreendedorismo, Marketing, Redes Sociais e Neg\u00f3cios Digitais. Professor, Palestrante TedxTalks e Campus Party. Twitter: @ThalesBrandao\",\"sameAs\":[\"http:\\\/\\\/www.mandacaru.com.br\",\"https:\\\/\\\/www.facebook.com\\\/thalesbrandao\",\"http:\\\/\\\/www.instagram.com.br\\\/thalesbrandaoferreira\",\"https:\\\/\\\/www.linkedin.com\\\/in\\\/thales-brand\u00e3o-3948609\\\/\",\"https:\\\/\\\/x.com\\\/http:\\\/\\\/www.twitter.com\\\/thalesbrandao\"],\"url\":\"https:\\\/\\\/www.cidademarketing.com.br\\\/marketing\\\/author\\\/thalesbrandao\\\/\"}]}<\/script>\n<!-- \/ Yoast SEO plugin. -->","yoast_head_json":{"title":"Salvador atinge 100% de ocupa\u00e7\u00e3o em toda a cidade para o Festival da Virada - CidadeMarketing","robots":{"index":"index","follow":"follow","max-snippet":"max-snippet:-1","max-image-preview":"max-image-preview:large","max-video-preview":"max-video-preview:-1"},"canonical":"https:\/\/www.cidademarketing.com.br\/marketing\/2019\/12\/31\/salvador-atinge-100-de-ocupacao-em-toda-a-cidade-para-o-festival-da-virada\/","og_locale":"pt_BR","og_type":"article","og_title":"Salvador atinge 100% de ocupa\u00e7\u00e3o em toda a cidade para o Festival da Virada - CidadeMarketing","og_description":"Como era de se esperar, a ocupa\u00e7\u00e3o hoteleira da capital baiana at\u00e9 este segundo dia do Festival Virada Salvador atingiu a meta prevista pelo trade. De acordo com a seccional baiana da Associa\u00e7\u00e3o Brasileira da Ind\u00fastria de Hot\u00e9is (ABIH-BA), o \u00edndice de leitos preenchidos j\u00e1 chega a 92%. Os n\u00fameros, contudo, ir\u00e3o superar as expectativas [&hellip;]","og_url":"https:\/\/www.cidademarketing.com.br\/marketing\/2019\/12\/31\/salvador-atinge-100-de-ocupacao-em-toda-a-cidade-para-o-festival-da-virada\/","og_site_name":"CidadeMarketing","article_publisher":"https:\/\/www.facebook.com\/portalcidademarketing","article_author":"https:\/\/www.facebook.com\/thalesbrandao","article_published_time":"2019-12-31T22:27:20+00:00","article_modified_time":"2019-12-31T22:27:23+00:00","og_image":[{"width":739,"height":721,"url":"https:\/\/www.cidademarketing.com.br\/marketing\/wp-content\/uploads\/2019\/03\/elevador_lacerda_salvador.jpg","type":"image\/jpeg"}],"author":"Thales Brand\u00e3o","twitter_card":"summary_large_image","twitter_creator":"@http:\/\/www.twitter.com\/thalesbrandao","twitter_site":"@CidadeMarketing","twitter_misc":{"Escrito por":"Thales Brand\u00e3o","Est. tempo de leitura":"2 minutos"},"schema":{"@context":"https:\/\/schema.org","@graph":[{"@type":"Article","@id":"https:\/\/www.cidademarketing.com.br\/marketing\/2019\/12\/31\/salvador-atinge-100-de-ocupacao-em-toda-a-cidade-para-o-festival-da-virada\/#article","isPartOf":{"@id":"https:\/\/www.cidademarketing.com.br\/marketing\/2019\/12\/31\/salvador-atinge-100-de-ocupacao-em-toda-a-cidade-para-o-festival-da-virada\/"},"author":{"name":"Thales Brand\u00e3o","@id":"https:\/\/www.cidademarketing.com.br\/marketing\/#\/schema\/person\/02daff9f18bd9378c9e01eb6b2db155f"},"headline":"Salvador atinge 100% de ocupa\u00e7\u00e3o em toda a cidade para o Festival da Virada","datePublished":"2019-12-31T22:27:20+00:00","dateModified":"2019-12-31T22:27:23+00:00","mainEntityOfPage":{"@id":"https:\/\/www.cidademarketing.com.br\/marketing\/2019\/12\/31\/salvador-atinge-100-de-ocupacao-em-toda-a-cidade-para-o-festival-da-virada\/"},"wordCount":374,"commentCount":0,"publisher":{"@id":"https:\/\/www.cidademarketing.com.br\/marketing\/#organization"},"image":{"@id":"https:\/\/www.cidademarketing.com.br\/marketing\/2019\/12\/31\/salvador-atinge-100-de-ocupacao-em-toda-a-cidade-para-o-festival-da-virada\/#primaryimage"},"thumbnailUrl":"https:\/\/www.cidademarketing.com.br\/marketing\/wp-content\/uploads\/2019\/03\/elevador_lacerda_salvador.jpg","keywords":["estrat\u00e9gia","Festival da Virada","marketing","Salvador"],"articleSection":["Not\u00edcias"],"inLanguage":"pt-BR","potentialAction":[{"@type":"CommentAction","name":"Comment","target":["https:\/\/www.cidademarketing.com.br\/marketing\/2019\/12\/31\/salvador-atinge-100-de-ocupacao-em-toda-a-cidade-para-o-festival-da-virada\/#respond"]}]},{"@type":"WebPage","@id":"https:\/\/www.cidademarketing.com.br\/marketing\/2019\/12\/31\/salvador-atinge-100-de-ocupacao-em-toda-a-cidade-para-o-festival-da-virada\/","url":"https:\/\/www.cidademarketing.com.br\/marketing\/2019\/12\/31\/salvador-atinge-100-de-ocupacao-em-toda-a-cidade-para-o-festival-da-virada\/","name":"Salvador atinge 100% de ocupa\u00e7\u00e3o em toda a cidade para o Festival da Virada - CidadeMarketing","isPartOf":{"@id":"https:\/\/www.cidademarketing.com.br\/marketing\/#website"},"primaryImageOfPage":{"@id":"https:\/\/www.cidademarketing.com.br\/marketing\/2019\/12\/31\/salvador-atinge-100-de-ocupacao-em-toda-a-cidade-para-o-festival-da-virada\/#primaryimage"},"image":{"@id":"https:\/\/www.cidademarketing.com.br\/marketing\/2019\/12\/31\/salvador-atinge-100-de-ocupacao-em-toda-a-cidade-para-o-festival-da-virada\/#primaryimage"},"thumbnailUrl":"https:\/\/www.cidademarketing.com.br\/marketing\/wp-content\/uploads\/2019\/03\/elevador_lacerda_salvador.jpg","datePublished":"2019-12-31T22:27:20+00:00","dateModified":"2019-12-31T22:27:23+00:00","breadcrumb":{"@id":"https:\/\/www.cidademarketing.com.br\/marketing\/2019\/12\/31\/salvador-atinge-100-de-ocupacao-em-toda-a-cidade-para-o-festival-da-virada\/#breadcrumb"},"inLanguage":"pt-BR","potentialAction":[{"@type":"ReadAction","target":["https:\/\/www.cidademarketing.com.br\/marketing\/2019\/12\/31\/salvador-atinge-100-de-ocupacao-em-toda-a-cidade-para-o-festival-da-virada\/"]}]},{"@type":"ImageObject","inLanguage":"pt-BR","@id":"https:\/\/www.cidademarketing.com.br\/marketing\/2019\/12\/31\/salvador-atinge-100-de-ocupacao-em-toda-a-cidade-para-o-festival-da-virada\/#primaryimage","url":"https:\/\/www.cidademarketing.com.br\/marketing\/wp-content\/uploads\/2019\/03\/elevador_lacerda_salvador.jpg","contentUrl":"https:\/\/www.cidademarketing.com.br\/marketing\/wp-content\/uploads\/2019\/03\/elevador_lacerda_salvador.jpg","width":739,"height":721,"caption":"CidadeMarketing"},{"@type":"BreadcrumbList","@id":"https:\/\/www.cidademarketing.com.br\/marketing\/2019\/12\/31\/salvador-atinge-100-de-ocupacao-em-toda-a-cidade-para-o-festival-da-virada\/#breadcrumb","itemListElement":[{"@type":"ListItem","position":1,"name":"In\u00edcio","item":"https:\/\/www.cidademarketing.com.br\/marketing\/"},{"@type":"ListItem","position":2,"name":"Salvador atinge 100% de ocupa\u00e7\u00e3o em toda a cidade para o Festival da Virada"}]},{"@type":"WebSite","@id":"https:\/\/www.cidademarketing.com.br\/marketing\/#website","url":"https:\/\/www.cidademarketing.com.br\/marketing\/","name":"CidadeMarketing","description":"Somos um ve\u00edculo de comunica\u00e7\u00e3o de destaque no Brasil, reconhecido por conte\u00fados nos segmentos de marketing, empreendedorismo e inova\u00e7\u00e3o.","publisher":{"@id":"https:\/\/www.cidademarketing.com.br\/marketing\/#organization"},"alternateName":"CidadeMarketing","potentialAction":[{"@type":"SearchAction","target":{"@type":"EntryPoint","urlTemplate":"https:\/\/www.cidademarketing.com.br\/marketing\/?s={search_term_string}"},"query-input":{"@type":"PropertyValueSpecification","valueRequired":true,"valueName":"search_term_string"}}],"inLanguage":"pt-BR"},{"@type":"Organization","@id":"https:\/\/www.cidademarketing.com.br\/marketing\/#organization","name":"CidadeMarketing","alternateName":"CidadeMarketing","url":"https:\/\/www.cidademarketing.com.br\/marketing\/","logo":{"@type":"ImageObject","inLanguage":"pt-BR","@id":"https:\/\/www.cidademarketing.com.br\/marketing\/#\/schema\/logo\/image\/","url":"https:\/\/www.cidademarketing.com.br\/marketing\/wp-content\/uploads\/2020\/01\/cidademarketing_marca_mobile.png","contentUrl":"https:\/\/www.cidademarketing.com.br\/marketing\/wp-content\/uploads\/2020\/01\/cidademarketing_marca_mobile.png","width":230,"height":92,"caption":"CidadeMarketing"},"image":{"@id":"https:\/\/www.cidademarketing.com.br\/marketing\/#\/schema\/logo\/image\/"},"sameAs":["https:\/\/www.facebook.com\/portalcidademarketing","https:\/\/x.com\/CidadeMarketing","https:\/\/www.instagram.com\/cidademarketing\/"]},{"@type":"Person","@id":"https:\/\/www.cidademarketing.com.br\/marketing\/#\/schema\/person\/02daff9f18bd9378c9e01eb6b2db155f","name":"Thales Brand\u00e3o","image":{"@type":"ImageObject","inLanguage":"pt-BR","@id":"https:\/\/secure.gravatar.com\/avatar\/7ca3206950207cc3cb48feec56a8a7898741ab725c368d99d5d7a5a50aab80c6?s=96&d=mm&r=g","url":"https:\/\/secure.gravatar.com\/avatar\/7ca3206950207cc3cb48feec56a8a7898741ab725c368d99d5d7a5a50aab80c6?s=96&d=mm&r=g","contentUrl":"https:\/\/secure.gravatar.com\/avatar\/7ca3206950207cc3cb48feec56a8a7898741ab725c368d99d5d7a5a50aab80c6?s=96&d=mm&r=g","caption":"Thales Brand\u00e3o"},"description":"Editor Executivo do Portal CidadeMarketing.com.br &gt; Mestre em Comunica\u00e7\u00e3o e Sociedade pela Universidade Federal de Sergipe. Possui MBA Executivo em Administra\u00e7\u00e3o com \u00eanfase em Marketing pela Funda\u00e7\u00e3o Get\u00falio Vargas - Rio de Janeiro. Consultor, Palestrante e Pesquisador sobre Empreendedorismo, Marketing, Redes Sociais e Neg\u00f3cios Digitais. Professor, Palestrante TedxTalks e Campus Party. Twitter: @ThalesBrandao","sameAs":["http:\/\/www.mandacaru.com.br","https:\/\/www.facebook.com\/thalesbrandao","http:\/\/www.instagram.com.br\/thalesbrandaoferreira","https:\/\/www.linkedin.com\/in\/thales-brand\u00e3o-3948609\/","https:\/\/x.com\/http:\/\/www.twitter.com\/thalesbrandao"],"url":"https:\/\/www.cidademarketing.com.br\/marketing\/author\/thalesbrandao\/"}]}},"amp_enabled":true,"_links":{"self":[{"href":"https:\/\/www.cidademarketing.com.br\/marketing\/wp-json\/wp\/v2\/posts\/13403","targetHints":{"allow":["GET"]}}],"collection":[{"href":"https:\/\/www.cidademarketing.com.br\/marketing\/wp-json\/wp\/v2\/posts"}],"about":[{"href":"https:\/\/www.cidademarketing.com.br\/marketing\/wp-json\/wp\/v2\/types\/post"}],"author":[{"embeddable":true,"href":"https:\/\/www.cidademarketing.com.br\/marketing\/wp-json\/wp\/v2\/users\/1"}],"replies":[{"embeddable":true,"href":"https:\/\/www.cidademarketing.com.br\/marketing\/wp-json\/wp\/v2\/comments?post=13403"}],"version-history":[{"count":1,"href":"https:\/\/www.cidademarketing.com.br\/marketing\/wp-json\/wp\/v2\/posts\/13403\/revisions"}],"predecessor-version":[{"id":13404,"href":"https:\/\/www.cidademarketing.com.br\/marketing\/wp-json\/wp\/v2\/posts\/13403\/revisions\/13404"}],"wp:featuredmedia":[{"embeddable":true,"href":"https:\/\/www.cidademarketing.com.br\/marketing\/wp-json\/wp\/v2\/media\/6631"}],"wp:attachment":[{"href":"https:\/\/www.cidademarketing.com.br\/marketing\/wp-json\/wp\/v2\/media?parent=13403"}],"wp:term":[{"taxonomy":"category","embeddable":true,"href":"https:\/\/www.cidademarketing.com.br\/marketing\/wp-json\/wp\/v2\/categories?post=13403"},{"taxonomy":"post_tag","embeddable":true,"href":"https:\/\/www.cidademarketing.com.br\/marketing\/wp-json\/wp\/v2\/tags?post=13403"}],"curies":[{"name":"wp","href":"https:\/\/api.w.org\/{rel}","templated":true}]}}