{"id":13394,"date":"2019-12-31T18:50:40","date_gmt":"2019-12-31T21:50:40","guid":{"rendered":"https:\/\/www.cidademarketing.com.br\/marketing\/?p=13394"},"modified":"2019-12-31T19:06:30","modified_gmt":"2019-12-31T22:06:30","slug":"stj-cassa-liminar-que-impedia-quiosques-de-usar-faixa-de-areia-na-festa-do-reveillon","status":"publish","type":"post","link":"https:\/\/www.cidademarketing.com.br\/marketing\/2019\/12\/31\/stj-cassa-liminar-que-impedia-quiosques-de-usar-faixa-de-areia-na-festa-do-reveillon\/","title":{"rendered":"STJ cassa liminar que impedia quiosques de usar faixa de areia na festa do R\u00e9veillon"},"content":{"rendered":"\n<p>O presidente do Superior Tribunal de Justi\u00e7a (STJ), ministro Jo\u00e3o Ot\u00e1vio de Noronha, decidiu nesta ter\u00e7a-feira, dia 31 de dezembro, cassar a liminar que suspendia os efeitos do decreto 47.026, de 19 de dezembro de 2019. O decreto, assinado pelo prefeito Marcelo Crivella, autoriza os quiosques da orla carioca a utilizarem um trecho da faixa de areia para a instala\u00e7\u00e3o de grades de isolamento e estruturas remov\u00edveis de pequeno porte, como mesas e cadeiras, durante a festa do R\u00e9veillon.<\/p>\n\n\n\n<p>A decis\u00e3o do presidente do STJ atendeu ao recurso protocolado pelo procurador-geral do Munic\u00edpio, Marcelo Marques, que alegou quest\u00e3o de seguran\u00e7a p\u00fablica. Segundo o procurador, a suspens\u00e3o dos efeitos do decreto poderia \u201cdespertar a f\u00faria dos consumidores e desencadear ondas de instabilidade social e de viol\u00eancia\u201d.<\/p>\n\n\n\n<p>\u2013 Com a vit\u00f3ria da Prefeitura em Bras\u00edlia, no Superior Tribunal de Justi\u00e7a, est\u00e3o restaurados os efeitos do decreto municipal 47.026, que regula a ocupa\u00e7\u00e3o da orla mar\u00edtima durante o R\u00e9veillon \u2013 afirma o procurador-geral do Munic\u00edpio, Marcelo Marques.<\/p>\n\n\n\n<p>\u2013  S\u00e3o 51 quiosques que v\u00e3o promover um R\u00e9veillon de forma organizada, com alvar\u00e1 dos Bombeiros, da Pol\u00edcia Militar, de todos os \u00f3rg\u00e3os da prefeitura. Nossa inten\u00e7\u00e3o sempre foi ordenar, organizar, levar seguran\u00e7a para a popula\u00e7\u00e3o \u2013 completa o secret\u00e1rio Municipal de Envelhecimento Saud\u00e1vel, Qualidade de Vida e Eventos, Felipe Michel.<\/p>\n\n\n\n<p>CidadeMarketing com informa\u00e7\u00f5es da Prefeitura do Rio de Janeiro.<\/p>\n","protected":false},"excerpt":{"rendered":"<p>O presidente do Superior Tribunal de Justi\u00e7a (STJ), ministro Jo\u00e3o Ot\u00e1vio de Noronha, decidiu nesta ter\u00e7a-feira, dia 31 de dezembro, cassar a liminar que suspendia os efeitos do decreto 47.026, de 19 de dezembro de 2019. O decreto, assinado pelo prefeito Marcelo Crivella, autoriza os quiosques da orla carioca a utilizarem um trecho da faixa [&hellip;]<\/p>\n","protected":false},"author":1,"featured_media":13373,"comment_status":"open","ping_status":"open","sticky":false,"template":"","format":"standard","meta":{"tdm_status":"","tdm_grid_status":"","footnotes":""},"categories":[6],"tags":[33,28,569,199],"class_list":["post-13394","post","type-post","status-publish","format-standard","has-post-thumbnail","hentry","category-noticias","tag-estrategia","tag-marketing","tag-rio","tag-rio-de-janeiro"],"yoast_head":"<!-- This site is optimized with the Yoast SEO plugin v27.5 - https:\/\/yoast.com\/product\/yoast-seo-wordpress\/ -->\n<title>STJ cassa liminar que impedia quiosques de usar faixa de areia na festa do R\u00e9veillon - CidadeMarketing<\/title>\n<meta name=\"robots\" content=\"index, follow, max-snippet:-1, max-image-preview:large, max-video-preview:-1\" \/>\n<link rel=\"canonical\" href=\"https:\/\/www.cidademarketing.com.br\/marketing\/2019\/12\/31\/stj-cassa-liminar-que-impedia-quiosques-de-usar-faixa-de-areia-na-festa-do-reveillon\/\" \/>\n<meta property=\"og:locale\" content=\"pt_BR\" \/>\n<meta property=\"og:type\" content=\"article\" \/>\n<meta property=\"og:title\" content=\"STJ cassa liminar que impedia quiosques de usar faixa de areia na festa do R\u00e9veillon - CidadeMarketing\" \/>\n<meta property=\"og:description\" content=\"O presidente do Superior Tribunal de Justi\u00e7a (STJ), ministro Jo\u00e3o Ot\u00e1vio de Noronha, decidiu nesta ter\u00e7a-feira, dia 31 de dezembro, cassar a liminar que suspendia os efeitos do decreto 47.026, de 19 de dezembro de 2019. O decreto, assinado pelo prefeito Marcelo Crivella, autoriza os quiosques da orla carioca a utilizarem um trecho da faixa [&hellip;]\" \/>\n<meta property=\"og:url\" content=\"https:\/\/www.cidademarketing.com.br\/marketing\/2019\/12\/31\/stj-cassa-liminar-que-impedia-quiosques-de-usar-faixa-de-areia-na-festa-do-reveillon\/\" \/>\n<meta property=\"og:site_name\" content=\"CidadeMarketing\" \/>\n<meta property=\"article:publisher\" content=\"https:\/\/www.facebook.com\/portalcidademarketing\" \/>\n<meta property=\"article:author\" content=\"https:\/\/www.facebook.com\/thalesbrandao\" \/>\n<meta property=\"article:published_time\" content=\"2019-12-31T21:50:40+00:00\" \/>\n<meta property=\"article:modified_time\" content=\"2019-12-31T22:06:30+00:00\" \/>\n<meta property=\"og:image\" content=\"https:\/\/www.cidademarketing.com.br\/marketing\/wp-content\/uploads\/2019\/12\/copacabana_rio2020_reveillon.jpg\" \/>\n\t<meta property=\"og:image:width\" content=\"1153\" \/>\n\t<meta property=\"og:image:height\" content=\"599\" \/>\n\t<meta property=\"og:image:type\" content=\"image\/jpeg\" \/>\n<meta name=\"author\" content=\"Thales Brand\u00e3o\" \/>\n<meta name=\"twitter:card\" content=\"summary_large_image\" \/>\n<meta name=\"twitter:creator\" content=\"@http:\/\/www.twitter.com\/thalesbrandao\" \/>\n<meta name=\"twitter:site\" content=\"@CidadeMarketing\" \/>\n<meta name=\"twitter:label1\" content=\"Escrito por\" \/>\n\t<meta name=\"twitter:data1\" content=\"Thales Brand\u00e3o\" \/>\n\t<meta name=\"twitter:label2\" content=\"Est. tempo de leitura\" \/>\n\t<meta name=\"twitter:data2\" content=\"1 minuto\" \/>\n<script type=\"application\/ld+json\" class=\"yoast-schema-graph\">{\"@context\":\"https:\\\/\\\/schema.org\",\"@graph\":[{\"@type\":\"Article\",\"@id\":\"https:\\\/\\\/www.cidademarketing.com.br\\\/marketing\\\/2019\\\/12\\\/31\\\/stj-cassa-liminar-que-impedia-quiosques-de-usar-faixa-de-areia-na-festa-do-reveillon\\\/#article\",\"isPartOf\":{\"@id\":\"https:\\\/\\\/www.cidademarketing.com.br\\\/marketing\\\/2019\\\/12\\\/31\\\/stj-cassa-liminar-que-impedia-quiosques-de-usar-faixa-de-areia-na-festa-do-reveillon\\\/\"},\"author\":{\"name\":\"Thales Brand\u00e3o\",\"@id\":\"https:\\\/\\\/www.cidademarketing.com.br\\\/marketing\\\/#\\\/schema\\\/person\\\/02daff9f18bd9378c9e01eb6b2db155f\"},\"headline\":\"STJ cassa liminar que impedia quiosques de usar faixa de areia na festa do R\u00e9veillon\",\"datePublished\":\"2019-12-31T21:50:40+00:00\",\"dateModified\":\"2019-12-31T22:06:30+00:00\",\"mainEntityOfPage\":{\"@id\":\"https:\\\/\\\/www.cidademarketing.com.br\\\/marketing\\\/2019\\\/12\\\/31\\\/stj-cassa-liminar-que-impedia-quiosques-de-usar-faixa-de-areia-na-festa-do-reveillon\\\/\"},\"wordCount\":264,\"commentCount\":0,\"publisher\":{\"@id\":\"https:\\\/\\\/www.cidademarketing.com.br\\\/marketing\\\/#organization\"},\"image\":{\"@id\":\"https:\\\/\\\/www.cidademarketing.com.br\\\/marketing\\\/2019\\\/12\\\/31\\\/stj-cassa-liminar-que-impedia-quiosques-de-usar-faixa-de-areia-na-festa-do-reveillon\\\/#primaryimage\"},\"thumbnailUrl\":\"https:\\\/\\\/www.cidademarketing.com.br\\\/marketing\\\/wp-content\\\/uploads\\\/2019\\\/12\\\/copacabana_rio2020_reveillon.jpg\",\"keywords\":[\"estrat\u00e9gia\",\"marketing\",\"Rio\",\"Rio de Janeiro\"],\"articleSection\":[\"Not\u00edcias\"],\"inLanguage\":\"pt-BR\",\"potentialAction\":[{\"@type\":\"CommentAction\",\"name\":\"Comment\",\"target\":[\"https:\\\/\\\/www.cidademarketing.com.br\\\/marketing\\\/2019\\\/12\\\/31\\\/stj-cassa-liminar-que-impedia-quiosques-de-usar-faixa-de-areia-na-festa-do-reveillon\\\/#respond\"]}]},{\"@type\":\"WebPage\",\"@id\":\"https:\\\/\\\/www.cidademarketing.com.br\\\/marketing\\\/2019\\\/12\\\/31\\\/stj-cassa-liminar-que-impedia-quiosques-de-usar-faixa-de-areia-na-festa-do-reveillon\\\/\",\"url\":\"https:\\\/\\\/www.cidademarketing.com.br\\\/marketing\\\/2019\\\/12\\\/31\\\/stj-cassa-liminar-que-impedia-quiosques-de-usar-faixa-de-areia-na-festa-do-reveillon\\\/\",\"name\":\"STJ cassa liminar que impedia quiosques de usar faixa de areia na festa do R\u00e9veillon - CidadeMarketing\",\"isPartOf\":{\"@id\":\"https:\\\/\\\/www.cidademarketing.com.br\\\/marketing\\\/#website\"},\"primaryImageOfPage\":{\"@id\":\"https:\\\/\\\/www.cidademarketing.com.br\\\/marketing\\\/2019\\\/12\\\/31\\\/stj-cassa-liminar-que-impedia-quiosques-de-usar-faixa-de-areia-na-festa-do-reveillon\\\/#primaryimage\"},\"image\":{\"@id\":\"https:\\\/\\\/www.cidademarketing.com.br\\\/marketing\\\/2019\\\/12\\\/31\\\/stj-cassa-liminar-que-impedia-quiosques-de-usar-faixa-de-areia-na-festa-do-reveillon\\\/#primaryimage\"},\"thumbnailUrl\":\"https:\\\/\\\/www.cidademarketing.com.br\\\/marketing\\\/wp-content\\\/uploads\\\/2019\\\/12\\\/copacabana_rio2020_reveillon.jpg\",\"datePublished\":\"2019-12-31T21:50:40+00:00\",\"dateModified\":\"2019-12-31T22:06:30+00:00\",\"breadcrumb\":{\"@id\":\"https:\\\/\\\/www.cidademarketing.com.br\\\/marketing\\\/2019\\\/12\\\/31\\\/stj-cassa-liminar-que-impedia-quiosques-de-usar-faixa-de-areia-na-festa-do-reveillon\\\/#breadcrumb\"},\"inLanguage\":\"pt-BR\",\"potentialAction\":[{\"@type\":\"ReadAction\",\"target\":[\"https:\\\/\\\/www.cidademarketing.com.br\\\/marketing\\\/2019\\\/12\\\/31\\\/stj-cassa-liminar-que-impedia-quiosques-de-usar-faixa-de-areia-na-festa-do-reveillon\\\/\"]}]},{\"@type\":\"ImageObject\",\"inLanguage\":\"pt-BR\",\"@id\":\"https:\\\/\\\/www.cidademarketing.com.br\\\/marketing\\\/2019\\\/12\\\/31\\\/stj-cassa-liminar-que-impedia-quiosques-de-usar-faixa-de-areia-na-festa-do-reveillon\\\/#primaryimage\",\"url\":\"https:\\\/\\\/www.cidademarketing.com.br\\\/marketing\\\/wp-content\\\/uploads\\\/2019\\\/12\\\/copacabana_rio2020_reveillon.jpg\",\"contentUrl\":\"https:\\\/\\\/www.cidademarketing.com.br\\\/marketing\\\/wp-content\\\/uploads\\\/2019\\\/12\\\/copacabana_rio2020_reveillon.jpg\",\"width\":1153,\"height\":599,\"caption\":\"Reprodu\u00e7\u00e3o\\\/Youtube\"},{\"@type\":\"BreadcrumbList\",\"@id\":\"https:\\\/\\\/www.cidademarketing.com.br\\\/marketing\\\/2019\\\/12\\\/31\\\/stj-cassa-liminar-que-impedia-quiosques-de-usar-faixa-de-areia-na-festa-do-reveillon\\\/#breadcrumb\",\"itemListElement\":[{\"@type\":\"ListItem\",\"position\":1,\"name\":\"In\u00edcio\",\"item\":\"https:\\\/\\\/www.cidademarketing.com.br\\\/marketing\\\/\"},{\"@type\":\"ListItem\",\"position\":2,\"name\":\"STJ cassa liminar que impedia quiosques de usar faixa de areia na festa do R\u00e9veillon\"}]},{\"@type\":\"WebSite\",\"@id\":\"https:\\\/\\\/www.cidademarketing.com.br\\\/marketing\\\/#website\",\"url\":\"https:\\\/\\\/www.cidademarketing.com.br\\\/marketing\\\/\",\"name\":\"CidadeMarketing\",\"description\":\"Somos um ve\u00edculo de comunica\u00e7\u00e3o de destaque no Brasil, reconhecido por conte\u00fados nos segmentos de marketing, empreendedorismo e inova\u00e7\u00e3o.\",\"publisher\":{\"@id\":\"https:\\\/\\\/www.cidademarketing.com.br\\\/marketing\\\/#organization\"},\"alternateName\":\"CidadeMarketing\",\"potentialAction\":[{\"@type\":\"SearchAction\",\"target\":{\"@type\":\"EntryPoint\",\"urlTemplate\":\"https:\\\/\\\/www.cidademarketing.com.br\\\/marketing\\\/?s={search_term_string}\"},\"query-input\":{\"@type\":\"PropertyValueSpecification\",\"valueRequired\":true,\"valueName\":\"search_term_string\"}}],\"inLanguage\":\"pt-BR\"},{\"@type\":\"Organization\",\"@id\":\"https:\\\/\\\/www.cidademarketing.com.br\\\/marketing\\\/#organization\",\"name\":\"CidadeMarketing\",\"alternateName\":\"CidadeMarketing\",\"url\":\"https:\\\/\\\/www.cidademarketing.com.br\\\/marketing\\\/\",\"logo\":{\"@type\":\"ImageObject\",\"inLanguage\":\"pt-BR\",\"@id\":\"https:\\\/\\\/www.cidademarketing.com.br\\\/marketing\\\/#\\\/schema\\\/logo\\\/image\\\/\",\"url\":\"https:\\\/\\\/www.cidademarketing.com.br\\\/marketing\\\/wp-content\\\/uploads\\\/2020\\\/01\\\/cidademarketing_marca_mobile.png\",\"contentUrl\":\"https:\\\/\\\/www.cidademarketing.com.br\\\/marketing\\\/wp-content\\\/uploads\\\/2020\\\/01\\\/cidademarketing_marca_mobile.png\",\"width\":230,\"height\":92,\"caption\":\"CidadeMarketing\"},\"image\":{\"@id\":\"https:\\\/\\\/www.cidademarketing.com.br\\\/marketing\\\/#\\\/schema\\\/logo\\\/image\\\/\"},\"sameAs\":[\"https:\\\/\\\/www.facebook.com\\\/portalcidademarketing\",\"https:\\\/\\\/x.com\\\/CidadeMarketing\",\"https:\\\/\\\/www.instagram.com\\\/cidademarketing\\\/\"]},{\"@type\":\"Person\",\"@id\":\"https:\\\/\\\/www.cidademarketing.com.br\\\/marketing\\\/#\\\/schema\\\/person\\\/02daff9f18bd9378c9e01eb6b2db155f\",\"name\":\"Thales Brand\u00e3o\",\"image\":{\"@type\":\"ImageObject\",\"inLanguage\":\"pt-BR\",\"@id\":\"https:\\\/\\\/secure.gravatar.com\\\/avatar\\\/7ca3206950207cc3cb48feec56a8a7898741ab725c368d99d5d7a5a50aab80c6?s=96&d=mm&r=g\",\"url\":\"https:\\\/\\\/secure.gravatar.com\\\/avatar\\\/7ca3206950207cc3cb48feec56a8a7898741ab725c368d99d5d7a5a50aab80c6?s=96&d=mm&r=g\",\"contentUrl\":\"https:\\\/\\\/secure.gravatar.com\\\/avatar\\\/7ca3206950207cc3cb48feec56a8a7898741ab725c368d99d5d7a5a50aab80c6?s=96&d=mm&r=g\",\"caption\":\"Thales Brand\u00e3o\"},\"description\":\"Editor Executivo do Portal CidadeMarketing.com.br &gt; Mestre em Comunica\u00e7\u00e3o e Sociedade pela Universidade Federal de Sergipe. Possui MBA Executivo em Administra\u00e7\u00e3o com \u00eanfase em Marketing pela Funda\u00e7\u00e3o Get\u00falio Vargas - Rio de Janeiro. Consultor, Palestrante e Pesquisador sobre Empreendedorismo, Marketing, Redes Sociais e Neg\u00f3cios Digitais. Professor, Palestrante TedxTalks e Campus Party. Twitter: @ThalesBrandao\",\"sameAs\":[\"http:\\\/\\\/www.mandacaru.com.br\",\"https:\\\/\\\/www.facebook.com\\\/thalesbrandao\",\"http:\\\/\\\/www.instagram.com.br\\\/thalesbrandaoferreira\",\"https:\\\/\\\/www.linkedin.com\\\/in\\\/thales-brand\u00e3o-3948609\\\/\",\"https:\\\/\\\/x.com\\\/http:\\\/\\\/www.twitter.com\\\/thalesbrandao\"],\"url\":\"https:\\\/\\\/www.cidademarketing.com.br\\\/marketing\\\/author\\\/thalesbrandao\\\/\"}]}<\/script>\n<!-- \/ Yoast SEO plugin. -->","yoast_head_json":{"title":"STJ cassa liminar que impedia quiosques de usar faixa de areia na festa do R\u00e9veillon - CidadeMarketing","robots":{"index":"index","follow":"follow","max-snippet":"max-snippet:-1","max-image-preview":"max-image-preview:large","max-video-preview":"max-video-preview:-1"},"canonical":"https:\/\/www.cidademarketing.com.br\/marketing\/2019\/12\/31\/stj-cassa-liminar-que-impedia-quiosques-de-usar-faixa-de-areia-na-festa-do-reveillon\/","og_locale":"pt_BR","og_type":"article","og_title":"STJ cassa liminar que impedia quiosques de usar faixa de areia na festa do R\u00e9veillon - CidadeMarketing","og_description":"O presidente do Superior Tribunal de Justi\u00e7a (STJ), ministro Jo\u00e3o Ot\u00e1vio de Noronha, decidiu nesta ter\u00e7a-feira, dia 31 de dezembro, cassar a liminar que suspendia os efeitos do decreto 47.026, de 19 de dezembro de 2019. O decreto, assinado pelo prefeito Marcelo Crivella, autoriza os quiosques da orla carioca a utilizarem um trecho da faixa [&hellip;]","og_url":"https:\/\/www.cidademarketing.com.br\/marketing\/2019\/12\/31\/stj-cassa-liminar-que-impedia-quiosques-de-usar-faixa-de-areia-na-festa-do-reveillon\/","og_site_name":"CidadeMarketing","article_publisher":"https:\/\/www.facebook.com\/portalcidademarketing","article_author":"https:\/\/www.facebook.com\/thalesbrandao","article_published_time":"2019-12-31T21:50:40+00:00","article_modified_time":"2019-12-31T22:06:30+00:00","og_image":[{"width":1153,"height":599,"url":"https:\/\/www.cidademarketing.com.br\/marketing\/wp-content\/uploads\/2019\/12\/copacabana_rio2020_reveillon.jpg","type":"image\/jpeg"}],"author":"Thales Brand\u00e3o","twitter_card":"summary_large_image","twitter_creator":"@http:\/\/www.twitter.com\/thalesbrandao","twitter_site":"@CidadeMarketing","twitter_misc":{"Escrito por":"Thales Brand\u00e3o","Est. tempo de leitura":"1 minuto"},"schema":{"@context":"https:\/\/schema.org","@graph":[{"@type":"Article","@id":"https:\/\/www.cidademarketing.com.br\/marketing\/2019\/12\/31\/stj-cassa-liminar-que-impedia-quiosques-de-usar-faixa-de-areia-na-festa-do-reveillon\/#article","isPartOf":{"@id":"https:\/\/www.cidademarketing.com.br\/marketing\/2019\/12\/31\/stj-cassa-liminar-que-impedia-quiosques-de-usar-faixa-de-areia-na-festa-do-reveillon\/"},"author":{"name":"Thales Brand\u00e3o","@id":"https:\/\/www.cidademarketing.com.br\/marketing\/#\/schema\/person\/02daff9f18bd9378c9e01eb6b2db155f"},"headline":"STJ cassa liminar que impedia quiosques de usar faixa de areia na festa do R\u00e9veillon","datePublished":"2019-12-31T21:50:40+00:00","dateModified":"2019-12-31T22:06:30+00:00","mainEntityOfPage":{"@id":"https:\/\/www.cidademarketing.com.br\/marketing\/2019\/12\/31\/stj-cassa-liminar-que-impedia-quiosques-de-usar-faixa-de-areia-na-festa-do-reveillon\/"},"wordCount":264,"commentCount":0,"publisher":{"@id":"https:\/\/www.cidademarketing.com.br\/marketing\/#organization"},"image":{"@id":"https:\/\/www.cidademarketing.com.br\/marketing\/2019\/12\/31\/stj-cassa-liminar-que-impedia-quiosques-de-usar-faixa-de-areia-na-festa-do-reveillon\/#primaryimage"},"thumbnailUrl":"https:\/\/www.cidademarketing.com.br\/marketing\/wp-content\/uploads\/2019\/12\/copacabana_rio2020_reveillon.jpg","keywords":["estrat\u00e9gia","marketing","Rio","Rio de Janeiro"],"articleSection":["Not\u00edcias"],"inLanguage":"pt-BR","potentialAction":[{"@type":"CommentAction","name":"Comment","target":["https:\/\/www.cidademarketing.com.br\/marketing\/2019\/12\/31\/stj-cassa-liminar-que-impedia-quiosques-de-usar-faixa-de-areia-na-festa-do-reveillon\/#respond"]}]},{"@type":"WebPage","@id":"https:\/\/www.cidademarketing.com.br\/marketing\/2019\/12\/31\/stj-cassa-liminar-que-impedia-quiosques-de-usar-faixa-de-areia-na-festa-do-reveillon\/","url":"https:\/\/www.cidademarketing.com.br\/marketing\/2019\/12\/31\/stj-cassa-liminar-que-impedia-quiosques-de-usar-faixa-de-areia-na-festa-do-reveillon\/","name":"STJ cassa liminar que impedia quiosques de usar faixa de areia na festa do R\u00e9veillon - CidadeMarketing","isPartOf":{"@id":"https:\/\/www.cidademarketing.com.br\/marketing\/#website"},"primaryImageOfPage":{"@id":"https:\/\/www.cidademarketing.com.br\/marketing\/2019\/12\/31\/stj-cassa-liminar-que-impedia-quiosques-de-usar-faixa-de-areia-na-festa-do-reveillon\/#primaryimage"},"image":{"@id":"https:\/\/www.cidademarketing.com.br\/marketing\/2019\/12\/31\/stj-cassa-liminar-que-impedia-quiosques-de-usar-faixa-de-areia-na-festa-do-reveillon\/#primaryimage"},"thumbnailUrl":"https:\/\/www.cidademarketing.com.br\/marketing\/wp-content\/uploads\/2019\/12\/copacabana_rio2020_reveillon.jpg","datePublished":"2019-12-31T21:50:40+00:00","dateModified":"2019-12-31T22:06:30+00:00","breadcrumb":{"@id":"https:\/\/www.cidademarketing.com.br\/marketing\/2019\/12\/31\/stj-cassa-liminar-que-impedia-quiosques-de-usar-faixa-de-areia-na-festa-do-reveillon\/#breadcrumb"},"inLanguage":"pt-BR","potentialAction":[{"@type":"ReadAction","target":["https:\/\/www.cidademarketing.com.br\/marketing\/2019\/12\/31\/stj-cassa-liminar-que-impedia-quiosques-de-usar-faixa-de-areia-na-festa-do-reveillon\/"]}]},{"@type":"ImageObject","inLanguage":"pt-BR","@id":"https:\/\/www.cidademarketing.com.br\/marketing\/2019\/12\/31\/stj-cassa-liminar-que-impedia-quiosques-de-usar-faixa-de-areia-na-festa-do-reveillon\/#primaryimage","url":"https:\/\/www.cidademarketing.com.br\/marketing\/wp-content\/uploads\/2019\/12\/copacabana_rio2020_reveillon.jpg","contentUrl":"https:\/\/www.cidademarketing.com.br\/marketing\/wp-content\/uploads\/2019\/12\/copacabana_rio2020_reveillon.jpg","width":1153,"height":599,"caption":"Reprodu\u00e7\u00e3o\/Youtube"},{"@type":"BreadcrumbList","@id":"https:\/\/www.cidademarketing.com.br\/marketing\/2019\/12\/31\/stj-cassa-liminar-que-impedia-quiosques-de-usar-faixa-de-areia-na-festa-do-reveillon\/#breadcrumb","itemListElement":[{"@type":"ListItem","position":1,"name":"In\u00edcio","item":"https:\/\/www.cidademarketing.com.br\/marketing\/"},{"@type":"ListItem","position":2,"name":"STJ cassa liminar que impedia quiosques de usar faixa de areia na festa do R\u00e9veillon"}]},{"@type":"WebSite","@id":"https:\/\/www.cidademarketing.com.br\/marketing\/#website","url":"https:\/\/www.cidademarketing.com.br\/marketing\/","name":"CidadeMarketing","description":"Somos um ve\u00edculo de comunica\u00e7\u00e3o de destaque no Brasil, reconhecido por conte\u00fados nos segmentos de marketing, empreendedorismo e inova\u00e7\u00e3o.","publisher":{"@id":"https:\/\/www.cidademarketing.com.br\/marketing\/#organization"},"alternateName":"CidadeMarketing","potentialAction":[{"@type":"SearchAction","target":{"@type":"EntryPoint","urlTemplate":"https:\/\/www.cidademarketing.com.br\/marketing\/?s={search_term_string}"},"query-input":{"@type":"PropertyValueSpecification","valueRequired":true,"valueName":"search_term_string"}}],"inLanguage":"pt-BR"},{"@type":"Organization","@id":"https:\/\/www.cidademarketing.com.br\/marketing\/#organization","name":"CidadeMarketing","alternateName":"CidadeMarketing","url":"https:\/\/www.cidademarketing.com.br\/marketing\/","logo":{"@type":"ImageObject","inLanguage":"pt-BR","@id":"https:\/\/www.cidademarketing.com.br\/marketing\/#\/schema\/logo\/image\/","url":"https:\/\/www.cidademarketing.com.br\/marketing\/wp-content\/uploads\/2020\/01\/cidademarketing_marca_mobile.png","contentUrl":"https:\/\/www.cidademarketing.com.br\/marketing\/wp-content\/uploads\/2020\/01\/cidademarketing_marca_mobile.png","width":230,"height":92,"caption":"CidadeMarketing"},"image":{"@id":"https:\/\/www.cidademarketing.com.br\/marketing\/#\/schema\/logo\/image\/"},"sameAs":["https:\/\/www.facebook.com\/portalcidademarketing","https:\/\/x.com\/CidadeMarketing","https:\/\/www.instagram.com\/cidademarketing\/"]},{"@type":"Person","@id":"https:\/\/www.cidademarketing.com.br\/marketing\/#\/schema\/person\/02daff9f18bd9378c9e01eb6b2db155f","name":"Thales Brand\u00e3o","image":{"@type":"ImageObject","inLanguage":"pt-BR","@id":"https:\/\/secure.gravatar.com\/avatar\/7ca3206950207cc3cb48feec56a8a7898741ab725c368d99d5d7a5a50aab80c6?s=96&d=mm&r=g","url":"https:\/\/secure.gravatar.com\/avatar\/7ca3206950207cc3cb48feec56a8a7898741ab725c368d99d5d7a5a50aab80c6?s=96&d=mm&r=g","contentUrl":"https:\/\/secure.gravatar.com\/avatar\/7ca3206950207cc3cb48feec56a8a7898741ab725c368d99d5d7a5a50aab80c6?s=96&d=mm&r=g","caption":"Thales Brand\u00e3o"},"description":"Editor Executivo do Portal CidadeMarketing.com.br &gt; Mestre em Comunica\u00e7\u00e3o e Sociedade pela Universidade Federal de Sergipe. Possui MBA Executivo em Administra\u00e7\u00e3o com \u00eanfase em Marketing pela Funda\u00e7\u00e3o Get\u00falio Vargas - Rio de Janeiro. Consultor, Palestrante e Pesquisador sobre Empreendedorismo, Marketing, Redes Sociais e Neg\u00f3cios Digitais. Professor, Palestrante TedxTalks e Campus Party. Twitter: @ThalesBrandao","sameAs":["http:\/\/www.mandacaru.com.br","https:\/\/www.facebook.com\/thalesbrandao","http:\/\/www.instagram.com.br\/thalesbrandaoferreira","https:\/\/www.linkedin.com\/in\/thales-brand\u00e3o-3948609\/","https:\/\/x.com\/http:\/\/www.twitter.com\/thalesbrandao"],"url":"https:\/\/www.cidademarketing.com.br\/marketing\/author\/thalesbrandao\/"}]}},"amp_enabled":true,"_links":{"self":[{"href":"https:\/\/www.cidademarketing.com.br\/marketing\/wp-json\/wp\/v2\/posts\/13394","targetHints":{"allow":["GET"]}}],"collection":[{"href":"https:\/\/www.cidademarketing.com.br\/marketing\/wp-json\/wp\/v2\/posts"}],"about":[{"href":"https:\/\/www.cidademarketing.com.br\/marketing\/wp-json\/wp\/v2\/types\/post"}],"author":[{"embeddable":true,"href":"https:\/\/www.cidademarketing.com.br\/marketing\/wp-json\/wp\/v2\/users\/1"}],"replies":[{"embeddable":true,"href":"https:\/\/www.cidademarketing.com.br\/marketing\/wp-json\/wp\/v2\/comments?post=13394"}],"version-history":[{"count":2,"href":"https:\/\/www.cidademarketing.com.br\/marketing\/wp-json\/wp\/v2\/posts\/13394\/revisions"}],"predecessor-version":[{"id":13400,"href":"https:\/\/www.cidademarketing.com.br\/marketing\/wp-json\/wp\/v2\/posts\/13394\/revisions\/13400"}],"wp:featuredmedia":[{"embeddable":true,"href":"https:\/\/www.cidademarketing.com.br\/marketing\/wp-json\/wp\/v2\/media\/13373"}],"wp:attachment":[{"href":"https:\/\/www.cidademarketing.com.br\/marketing\/wp-json\/wp\/v2\/media?parent=13394"}],"wp:term":[{"taxonomy":"category","embeddable":true,"href":"https:\/\/www.cidademarketing.com.br\/marketing\/wp-json\/wp\/v2\/categories?post=13394"},{"taxonomy":"post_tag","embeddable":true,"href":"https:\/\/www.cidademarketing.com.br\/marketing\/wp-json\/wp\/v2\/tags?post=13394"}],"curies":[{"name":"wp","href":"https:\/\/api.w.org\/{rel}","templated":true}]}}