{"id":13378,"date":"2019-12-29T09:18:20","date_gmt":"2019-12-29T12:18:20","guid":{"rendered":"https:\/\/www.cidademarketing.com.br\/marketing\/?p=13378"},"modified":"2019-12-29T09:18:22","modified_gmt":"2019-12-29T12:18:22","slug":"reveillon-na-paulista-estacoes-do-metro-funcionarao-ininterruptamente-durante-a-virada","status":"publish","type":"post","link":"https:\/\/www.cidademarketing.com.br\/marketing\/2019\/12\/29\/reveillon-na-paulista-estacoes-do-metro-funcionarao-ininterruptamente-durante-a-virada\/","title":{"rendered":"R\u00e9veillon na Paulista: Esta\u00e7\u00f5es do Metr\u00f4 funcionar\u00e3o ininterruptamente durante a Virada"},"content":{"rendered":"\n<p>O funcionamento das esta\u00e7\u00f5es nas linhas 1-Azul, 2-Verde, 3-Vermelha e 15-Prata (de Vila Prudente a Jardim Planalto), do\u00a0<a href=\"http:\/\/www.metro.sp.gov.br\/\" target=\"_blank\" rel=\"noreferrer noopener\" aria-label=\" (abre numa nova aba)\">Metr\u00f4<\/a>, ser\u00e1 ininterrupto na virada do ano para facilitar o deslocamento dos passageiros at\u00e9 o local da festa de\u00a0<em>r\u00e9veillon<\/em>.<\/p>\n\n\n\n<p>As esta\u00e7\u00f5es das linhas 13 e 15, com exce\u00e7\u00e3o das rec\u00e9m-inauguradas esta\u00e7\u00f5es Sapopemba, Fazenda da Juta e S\u00e3o Mateus funcionar\u00e3o para embarque e desembarque at\u00e9 2h da manh\u00e3 do dia 1\u00ba de janeiro. Depois desse hor\u00e1rio, as esta\u00e7\u00f5es das tr\u00eas linhas continuar\u00e3o em opera\u00e7\u00e3o, no entanto, somente para o desembarque.<\/p>\n\n\n\n<p>Na Linha 2-Verde, as esta\u00e7\u00f5es Para\u00edso, que se integra \u00e0 Linha 1-Azul (Brigadeiro e Trianon\/Masp), funcionar\u00e3o a madrugada inteira para embarque e desembarque. J\u00e1 nas demais esta\u00e7\u00f5es do ramal, com exce\u00e7\u00e3o da esta\u00e7\u00e3o Consola\u00e7\u00e3o, que fecha mais cedo no dia 31, o passageiro poder\u00e1 embarcar at\u00e9 2h. Depois desse hor\u00e1rio, o fluxo nas esta\u00e7\u00f5es ser\u00e1 somente para o desembarque.<\/p>\n\n\n\n<p>Quem habitualmente acessa a rede metrovi\u00e1ria pela esta\u00e7\u00e3o Consola\u00e7\u00e3o, da Linha 2-Verde, dever\u00e1 ficar atento. Por estar mais pr\u00f3xima do local onde ser\u00e1 montado o palco da festa, por quest\u00f5es de seguran\u00e7a, os acessos \u00e0 esta\u00e7\u00e3o ser\u00e3o fechados mais cedo, \u00e0s 16h do dia 31, e reabrir\u00e3o somente \u00e0s 4h40 do dia 1\u00ba de janeiro.<\/p>\n\n\n\n<p><strong>Alternativas<\/strong><\/p>\n\n\n\n<p>Como alternativa, os passageiros poder\u00e3o utilizar os acessos da esta\u00e7\u00e3o Paulista, da Linha 4-Amarela, que se integra \u00e0 esta\u00e7\u00e3o Consola\u00e7\u00e3o, para embarcar ou desembarcar. O Metr\u00f4 informar\u00e1 sobre as altera\u00e7\u00f5es programadas por meio de cartazes, mensagens sonoras nas esta\u00e7\u00f5es e trens e nas redes sociais oficiais da Companhia.<\/p>\n\n\n\n<p>Para atender os passageiros que forem ao&nbsp;<em>r\u00e9veillon<\/em>&nbsp;da Avenida Paulista, o contingente de funcion\u00e1rios operativos e de seguran\u00e7a ser\u00e1 refor\u00e7ado nas esta\u00e7\u00f5es mais pr\u00f3ximas ao local do evento. A compra das viagens poder\u00e1 ser feita nas bilheterias das esta\u00e7\u00f5es Para\u00edso, Brigadeiro e Trianon-Masp, durante toda a madrugada.<\/p>\n\n\n\n<p>J\u00e1 nas demais esta\u00e7\u00f5es, a venda de passagens ocorrer\u00e1 at\u00e9 2h. Mesmo assim, para evitar filas de \u00faltima hora, o Metr\u00f4 recomenda a compra antecipada das passagens. Em caso de anormalidades no sistema, o passageiro poder\u00e1 utilizar os servi\u00e7os SMS-Den\u00fancia (telefone 97333-2252) e Metr\u00f4 Conecta para entrar em contato com o Metr\u00f4. Basta encaminhar uma mensagem para atua\u00e7\u00e3o dos funcion\u00e1rios do Corpo de Seguran\u00e7a.<\/p>\n\n\n\n<p>O Metr\u00f4 garante total anonimato do passageiro. Vale lembrar que \u00e9 proibido o consumo de bebida alco\u00f3lica nas esta\u00e7\u00f5es e trens. Em caso de d\u00favidas, a Central de Informa\u00e7\u00f5es do Metr\u00f4 (0800-770-7722) atende diariamente, das 5h \u00e0 meia-noite.<\/p>\n","protected":false},"excerpt":{"rendered":"<p>O funcionamento das esta\u00e7\u00f5es nas linhas 1-Azul, 2-Verde, 3-Vermelha e 15-Prata (de Vila Prudente a Jardim Planalto), do\u00a0Metr\u00f4, ser\u00e1 ininterrupto na virada do ano para facilitar o deslocamento dos passageiros at\u00e9 o local da festa de\u00a0r\u00e9veillon. As esta\u00e7\u00f5es das linhas 13 e 15, com exce\u00e7\u00e3o das rec\u00e9m-inauguradas esta\u00e7\u00f5es Sapopemba, Fazenda da Juta e S\u00e3o Mateus [&hellip;]<\/p>\n","protected":false},"author":1,"featured_media":13379,"comment_status":"open","ping_status":"open","sticky":false,"template":"","format":"standard","meta":{"tdm_status":"","tdm_grid_status":"","footnotes":""},"categories":[6],"tags":[33,28,1039,656],"class_list":["post-13378","post","type-post","status-publish","format-standard","has-post-thumbnail","hentry","category-noticias","tag-estrategia","tag-marketing","tag-metro","tag-sao-paulo"],"yoast_head":"<!-- This site is optimized with the Yoast SEO plugin v27.5 - https:\/\/yoast.com\/product\/yoast-seo-wordpress\/ -->\n<title>R\u00e9veillon na Paulista: Esta\u00e7\u00f5es do Metr\u00f4 funcionar\u00e3o ininterruptamente durante a Virada - CidadeMarketing<\/title>\n<meta name=\"robots\" content=\"index, follow, max-snippet:-1, max-image-preview:large, max-video-preview:-1\" \/>\n<link rel=\"canonical\" href=\"https:\/\/www.cidademarketing.com.br\/marketing\/2019\/12\/29\/reveillon-na-paulista-estacoes-do-metro-funcionarao-ininterruptamente-durante-a-virada\/\" \/>\n<meta property=\"og:locale\" content=\"pt_BR\" \/>\n<meta property=\"og:type\" content=\"article\" \/>\n<meta property=\"og:title\" content=\"R\u00e9veillon na Paulista: Esta\u00e7\u00f5es do Metr\u00f4 funcionar\u00e3o ininterruptamente durante a Virada - CidadeMarketing\" \/>\n<meta property=\"og:description\" content=\"O funcionamento das esta\u00e7\u00f5es nas linhas 1-Azul, 2-Verde, 3-Vermelha e 15-Prata (de Vila Prudente a Jardim Planalto), do\u00a0Metr\u00f4, ser\u00e1 ininterrupto na virada do ano para facilitar o deslocamento dos passageiros at\u00e9 o local da festa de\u00a0r\u00e9veillon. As esta\u00e7\u00f5es das linhas 13 e 15, com exce\u00e7\u00e3o das rec\u00e9m-inauguradas esta\u00e7\u00f5es Sapopemba, Fazenda da Juta e S\u00e3o Mateus [&hellip;]\" \/>\n<meta property=\"og:url\" content=\"https:\/\/www.cidademarketing.com.br\/marketing\/2019\/12\/29\/reveillon-na-paulista-estacoes-do-metro-funcionarao-ininterruptamente-durante-a-virada\/\" \/>\n<meta property=\"og:site_name\" content=\"CidadeMarketing\" \/>\n<meta property=\"article:publisher\" content=\"https:\/\/www.facebook.com\/portalcidademarketing\" \/>\n<meta property=\"article:author\" content=\"https:\/\/www.facebook.com\/thalesbrandao\" \/>\n<meta property=\"article:published_time\" content=\"2019-12-29T12:18:20+00:00\" \/>\n<meta property=\"article:modified_time\" content=\"2019-12-29T12:18:22+00:00\" \/>\n<meta property=\"og:image\" content=\"https:\/\/www.cidademarketing.com.br\/marketing\/wp-content\/uploads\/2019\/12\/granja_julieta.jpg\" \/>\n\t<meta property=\"og:image:width\" content=\"2000\" \/>\n\t<meta property=\"og:image:height\" content=\"1333\" \/>\n\t<meta property=\"og:image:type\" content=\"image\/jpeg\" \/>\n<meta name=\"author\" content=\"Thales Brand\u00e3o\" \/>\n<meta name=\"twitter:card\" content=\"summary_large_image\" \/>\n<meta name=\"twitter:creator\" content=\"@http:\/\/www.twitter.com\/thalesbrandao\" \/>\n<meta name=\"twitter:site\" content=\"@CidadeMarketing\" \/>\n<meta name=\"twitter:label1\" content=\"Escrito por\" \/>\n\t<meta name=\"twitter:data1\" content=\"Thales Brand\u00e3o\" \/>\n\t<meta name=\"twitter:label2\" content=\"Est. tempo de leitura\" \/>\n\t<meta name=\"twitter:data2\" content=\"2 minutos\" \/>\n<script type=\"application\/ld+json\" class=\"yoast-schema-graph\">{\"@context\":\"https:\\\/\\\/schema.org\",\"@graph\":[{\"@type\":\"Article\",\"@id\":\"https:\\\/\\\/www.cidademarketing.com.br\\\/marketing\\\/2019\\\/12\\\/29\\\/reveillon-na-paulista-estacoes-do-metro-funcionarao-ininterruptamente-durante-a-virada\\\/#article\",\"isPartOf\":{\"@id\":\"https:\\\/\\\/www.cidademarketing.com.br\\\/marketing\\\/2019\\\/12\\\/29\\\/reveillon-na-paulista-estacoes-do-metro-funcionarao-ininterruptamente-durante-a-virada\\\/\"},\"author\":{\"name\":\"Thales Brand\u00e3o\",\"@id\":\"https:\\\/\\\/www.cidademarketing.com.br\\\/marketing\\\/#\\\/schema\\\/person\\\/02daff9f18bd9378c9e01eb6b2db155f\"},\"headline\":\"R\u00e9veillon na Paulista: Esta\u00e7\u00f5es do Metr\u00f4 funcionar\u00e3o ininterruptamente durante a Virada\",\"datePublished\":\"2019-12-29T12:18:20+00:00\",\"dateModified\":\"2019-12-29T12:18:22+00:00\",\"mainEntityOfPage\":{\"@id\":\"https:\\\/\\\/www.cidademarketing.com.br\\\/marketing\\\/2019\\\/12\\\/29\\\/reveillon-na-paulista-estacoes-do-metro-funcionarao-ininterruptamente-durante-a-virada\\\/\"},\"wordCount\":463,\"commentCount\":0,\"publisher\":{\"@id\":\"https:\\\/\\\/www.cidademarketing.com.br\\\/marketing\\\/#organization\"},\"image\":{\"@id\":\"https:\\\/\\\/www.cidademarketing.com.br\\\/marketing\\\/2019\\\/12\\\/29\\\/reveillon-na-paulista-estacoes-do-metro-funcionarao-ininterruptamente-durante-a-virada\\\/#primaryimage\"},\"thumbnailUrl\":\"https:\\\/\\\/www.cidademarketing.com.br\\\/marketing\\\/wp-content\\\/uploads\\\/2019\\\/12\\\/granja_julieta.jpg\",\"keywords\":[\"estrat\u00e9gia\",\"marketing\",\"metr\u00f5\",\"S\u00e3o Paulo\"],\"articleSection\":[\"Not\u00edcias\"],\"inLanguage\":\"pt-BR\",\"potentialAction\":[{\"@type\":\"CommentAction\",\"name\":\"Comment\",\"target\":[\"https:\\\/\\\/www.cidademarketing.com.br\\\/marketing\\\/2019\\\/12\\\/29\\\/reveillon-na-paulista-estacoes-do-metro-funcionarao-ininterruptamente-durante-a-virada\\\/#respond\"]}]},{\"@type\":\"WebPage\",\"@id\":\"https:\\\/\\\/www.cidademarketing.com.br\\\/marketing\\\/2019\\\/12\\\/29\\\/reveillon-na-paulista-estacoes-do-metro-funcionarao-ininterruptamente-durante-a-virada\\\/\",\"url\":\"https:\\\/\\\/www.cidademarketing.com.br\\\/marketing\\\/2019\\\/12\\\/29\\\/reveillon-na-paulista-estacoes-do-metro-funcionarao-ininterruptamente-durante-a-virada\\\/\",\"name\":\"R\u00e9veillon na Paulista: Esta\u00e7\u00f5es do Metr\u00f4 funcionar\u00e3o ininterruptamente durante a Virada - CidadeMarketing\",\"isPartOf\":{\"@id\":\"https:\\\/\\\/www.cidademarketing.com.br\\\/marketing\\\/#website\"},\"primaryImageOfPage\":{\"@id\":\"https:\\\/\\\/www.cidademarketing.com.br\\\/marketing\\\/2019\\\/12\\\/29\\\/reveillon-na-paulista-estacoes-do-metro-funcionarao-ininterruptamente-durante-a-virada\\\/#primaryimage\"},\"image\":{\"@id\":\"https:\\\/\\\/www.cidademarketing.com.br\\\/marketing\\\/2019\\\/12\\\/29\\\/reveillon-na-paulista-estacoes-do-metro-funcionarao-ininterruptamente-durante-a-virada\\\/#primaryimage\"},\"thumbnailUrl\":\"https:\\\/\\\/www.cidademarketing.com.br\\\/marketing\\\/wp-content\\\/uploads\\\/2019\\\/12\\\/granja_julieta.jpg\",\"datePublished\":\"2019-12-29T12:18:20+00:00\",\"dateModified\":\"2019-12-29T12:18:22+00:00\",\"breadcrumb\":{\"@id\":\"https:\\\/\\\/www.cidademarketing.com.br\\\/marketing\\\/2019\\\/12\\\/29\\\/reveillon-na-paulista-estacoes-do-metro-funcionarao-ininterruptamente-durante-a-virada\\\/#breadcrumb\"},\"inLanguage\":\"pt-BR\",\"potentialAction\":[{\"@type\":\"ReadAction\",\"target\":[\"https:\\\/\\\/www.cidademarketing.com.br\\\/marketing\\\/2019\\\/12\\\/29\\\/reveillon-na-paulista-estacoes-do-metro-funcionarao-ininterruptamente-durante-a-virada\\\/\"]}]},{\"@type\":\"ImageObject\",\"inLanguage\":\"pt-BR\",\"@id\":\"https:\\\/\\\/www.cidademarketing.com.br\\\/marketing\\\/2019\\\/12\\\/29\\\/reveillon-na-paulista-estacoes-do-metro-funcionarao-ininterruptamente-durante-a-virada\\\/#primaryimage\",\"url\":\"https:\\\/\\\/www.cidademarketing.com.br\\\/marketing\\\/wp-content\\\/uploads\\\/2019\\\/12\\\/granja_julieta.jpg\",\"contentUrl\":\"https:\\\/\\\/www.cidademarketing.com.br\\\/marketing\\\/wp-content\\\/uploads\\\/2019\\\/12\\\/granja_julieta.jpg\",\"width\":2000,\"height\":1333,\"caption\":\"Foto: Thales Brand\u00e3o\"},{\"@type\":\"BreadcrumbList\",\"@id\":\"https:\\\/\\\/www.cidademarketing.com.br\\\/marketing\\\/2019\\\/12\\\/29\\\/reveillon-na-paulista-estacoes-do-metro-funcionarao-ininterruptamente-durante-a-virada\\\/#breadcrumb\",\"itemListElement\":[{\"@type\":\"ListItem\",\"position\":1,\"name\":\"In\u00edcio\",\"item\":\"https:\\\/\\\/www.cidademarketing.com.br\\\/marketing\\\/\"},{\"@type\":\"ListItem\",\"position\":2,\"name\":\"R\u00e9veillon na Paulista: Esta\u00e7\u00f5es do Metr\u00f4 funcionar\u00e3o ininterruptamente durante a Virada\"}]},{\"@type\":\"WebSite\",\"@id\":\"https:\\\/\\\/www.cidademarketing.com.br\\\/marketing\\\/#website\",\"url\":\"https:\\\/\\\/www.cidademarketing.com.br\\\/marketing\\\/\",\"name\":\"CidadeMarketing\",\"description\":\"Somos um ve\u00edculo de comunica\u00e7\u00e3o de destaque no Brasil, reconhecido por conte\u00fados nos segmentos de marketing, empreendedorismo e inova\u00e7\u00e3o.\",\"publisher\":{\"@id\":\"https:\\\/\\\/www.cidademarketing.com.br\\\/marketing\\\/#organization\"},\"alternateName\":\"CidadeMarketing\",\"potentialAction\":[{\"@type\":\"SearchAction\",\"target\":{\"@type\":\"EntryPoint\",\"urlTemplate\":\"https:\\\/\\\/www.cidademarketing.com.br\\\/marketing\\\/?s={search_term_string}\"},\"query-input\":{\"@type\":\"PropertyValueSpecification\",\"valueRequired\":true,\"valueName\":\"search_term_string\"}}],\"inLanguage\":\"pt-BR\"},{\"@type\":\"Organization\",\"@id\":\"https:\\\/\\\/www.cidademarketing.com.br\\\/marketing\\\/#organization\",\"name\":\"CidadeMarketing\",\"alternateName\":\"CidadeMarketing\",\"url\":\"https:\\\/\\\/www.cidademarketing.com.br\\\/marketing\\\/\",\"logo\":{\"@type\":\"ImageObject\",\"inLanguage\":\"pt-BR\",\"@id\":\"https:\\\/\\\/www.cidademarketing.com.br\\\/marketing\\\/#\\\/schema\\\/logo\\\/image\\\/\",\"url\":\"https:\\\/\\\/www.cidademarketing.com.br\\\/marketing\\\/wp-content\\\/uploads\\\/2020\\\/01\\\/cidademarketing_marca_mobile.png\",\"contentUrl\":\"https:\\\/\\\/www.cidademarketing.com.br\\\/marketing\\\/wp-content\\\/uploads\\\/2020\\\/01\\\/cidademarketing_marca_mobile.png\",\"width\":230,\"height\":92,\"caption\":\"CidadeMarketing\"},\"image\":{\"@id\":\"https:\\\/\\\/www.cidademarketing.com.br\\\/marketing\\\/#\\\/schema\\\/logo\\\/image\\\/\"},\"sameAs\":[\"https:\\\/\\\/www.facebook.com\\\/portalcidademarketing\",\"https:\\\/\\\/x.com\\\/CidadeMarketing\",\"https:\\\/\\\/www.instagram.com\\\/cidademarketing\\\/\"]},{\"@type\":\"Person\",\"@id\":\"https:\\\/\\\/www.cidademarketing.com.br\\\/marketing\\\/#\\\/schema\\\/person\\\/02daff9f18bd9378c9e01eb6b2db155f\",\"name\":\"Thales Brand\u00e3o\",\"image\":{\"@type\":\"ImageObject\",\"inLanguage\":\"pt-BR\",\"@id\":\"https:\\\/\\\/secure.gravatar.com\\\/avatar\\\/7ca3206950207cc3cb48feec56a8a7898741ab725c368d99d5d7a5a50aab80c6?s=96&d=mm&r=g\",\"url\":\"https:\\\/\\\/secure.gravatar.com\\\/avatar\\\/7ca3206950207cc3cb48feec56a8a7898741ab725c368d99d5d7a5a50aab80c6?s=96&d=mm&r=g\",\"contentUrl\":\"https:\\\/\\\/secure.gravatar.com\\\/avatar\\\/7ca3206950207cc3cb48feec56a8a7898741ab725c368d99d5d7a5a50aab80c6?s=96&d=mm&r=g\",\"caption\":\"Thales Brand\u00e3o\"},\"description\":\"Editor Executivo do Portal CidadeMarketing.com.br &gt; Mestre em Comunica\u00e7\u00e3o e Sociedade pela Universidade Federal de Sergipe. Possui MBA Executivo em Administra\u00e7\u00e3o com \u00eanfase em Marketing pela Funda\u00e7\u00e3o Get\u00falio Vargas - Rio de Janeiro. Consultor, Palestrante e Pesquisador sobre Empreendedorismo, Marketing, Redes Sociais e Neg\u00f3cios Digitais. Professor, Palestrante TedxTalks e Campus Party. Twitter: @ThalesBrandao\",\"sameAs\":[\"http:\\\/\\\/www.mandacaru.com.br\",\"https:\\\/\\\/www.facebook.com\\\/thalesbrandao\",\"http:\\\/\\\/www.instagram.com.br\\\/thalesbrandaoferreira\",\"https:\\\/\\\/www.linkedin.com\\\/in\\\/thales-brand\u00e3o-3948609\\\/\",\"https:\\\/\\\/x.com\\\/http:\\\/\\\/www.twitter.com\\\/thalesbrandao\"],\"url\":\"https:\\\/\\\/www.cidademarketing.com.br\\\/marketing\\\/author\\\/thalesbrandao\\\/\"}]}<\/script>\n<!-- \/ Yoast SEO plugin. -->","yoast_head_json":{"title":"R\u00e9veillon na Paulista: Esta\u00e7\u00f5es do Metr\u00f4 funcionar\u00e3o ininterruptamente durante a Virada - CidadeMarketing","robots":{"index":"index","follow":"follow","max-snippet":"max-snippet:-1","max-image-preview":"max-image-preview:large","max-video-preview":"max-video-preview:-1"},"canonical":"https:\/\/www.cidademarketing.com.br\/marketing\/2019\/12\/29\/reveillon-na-paulista-estacoes-do-metro-funcionarao-ininterruptamente-durante-a-virada\/","og_locale":"pt_BR","og_type":"article","og_title":"R\u00e9veillon na Paulista: Esta\u00e7\u00f5es do Metr\u00f4 funcionar\u00e3o ininterruptamente durante a Virada - CidadeMarketing","og_description":"O funcionamento das esta\u00e7\u00f5es nas linhas 1-Azul, 2-Verde, 3-Vermelha e 15-Prata (de Vila Prudente a Jardim Planalto), do\u00a0Metr\u00f4, ser\u00e1 ininterrupto na virada do ano para facilitar o deslocamento dos passageiros at\u00e9 o local da festa de\u00a0r\u00e9veillon. As esta\u00e7\u00f5es das linhas 13 e 15, com exce\u00e7\u00e3o das rec\u00e9m-inauguradas esta\u00e7\u00f5es Sapopemba, Fazenda da Juta e S\u00e3o Mateus [&hellip;]","og_url":"https:\/\/www.cidademarketing.com.br\/marketing\/2019\/12\/29\/reveillon-na-paulista-estacoes-do-metro-funcionarao-ininterruptamente-durante-a-virada\/","og_site_name":"CidadeMarketing","article_publisher":"https:\/\/www.facebook.com\/portalcidademarketing","article_author":"https:\/\/www.facebook.com\/thalesbrandao","article_published_time":"2019-12-29T12:18:20+00:00","article_modified_time":"2019-12-29T12:18:22+00:00","og_image":[{"width":2000,"height":1333,"url":"https:\/\/www.cidademarketing.com.br\/marketing\/wp-content\/uploads\/2019\/12\/granja_julieta.jpg","type":"image\/jpeg"}],"author":"Thales Brand\u00e3o","twitter_card":"summary_large_image","twitter_creator":"@http:\/\/www.twitter.com\/thalesbrandao","twitter_site":"@CidadeMarketing","twitter_misc":{"Escrito por":"Thales Brand\u00e3o","Est. tempo de leitura":"2 minutos"},"schema":{"@context":"https:\/\/schema.org","@graph":[{"@type":"Article","@id":"https:\/\/www.cidademarketing.com.br\/marketing\/2019\/12\/29\/reveillon-na-paulista-estacoes-do-metro-funcionarao-ininterruptamente-durante-a-virada\/#article","isPartOf":{"@id":"https:\/\/www.cidademarketing.com.br\/marketing\/2019\/12\/29\/reveillon-na-paulista-estacoes-do-metro-funcionarao-ininterruptamente-durante-a-virada\/"},"author":{"name":"Thales Brand\u00e3o","@id":"https:\/\/www.cidademarketing.com.br\/marketing\/#\/schema\/person\/02daff9f18bd9378c9e01eb6b2db155f"},"headline":"R\u00e9veillon na Paulista: Esta\u00e7\u00f5es do Metr\u00f4 funcionar\u00e3o ininterruptamente durante a Virada","datePublished":"2019-12-29T12:18:20+00:00","dateModified":"2019-12-29T12:18:22+00:00","mainEntityOfPage":{"@id":"https:\/\/www.cidademarketing.com.br\/marketing\/2019\/12\/29\/reveillon-na-paulista-estacoes-do-metro-funcionarao-ininterruptamente-durante-a-virada\/"},"wordCount":463,"commentCount":0,"publisher":{"@id":"https:\/\/www.cidademarketing.com.br\/marketing\/#organization"},"image":{"@id":"https:\/\/www.cidademarketing.com.br\/marketing\/2019\/12\/29\/reveillon-na-paulista-estacoes-do-metro-funcionarao-ininterruptamente-durante-a-virada\/#primaryimage"},"thumbnailUrl":"https:\/\/www.cidademarketing.com.br\/marketing\/wp-content\/uploads\/2019\/12\/granja_julieta.jpg","keywords":["estrat\u00e9gia","marketing","metr\u00f5","S\u00e3o Paulo"],"articleSection":["Not\u00edcias"],"inLanguage":"pt-BR","potentialAction":[{"@type":"CommentAction","name":"Comment","target":["https:\/\/www.cidademarketing.com.br\/marketing\/2019\/12\/29\/reveillon-na-paulista-estacoes-do-metro-funcionarao-ininterruptamente-durante-a-virada\/#respond"]}]},{"@type":"WebPage","@id":"https:\/\/www.cidademarketing.com.br\/marketing\/2019\/12\/29\/reveillon-na-paulista-estacoes-do-metro-funcionarao-ininterruptamente-durante-a-virada\/","url":"https:\/\/www.cidademarketing.com.br\/marketing\/2019\/12\/29\/reveillon-na-paulista-estacoes-do-metro-funcionarao-ininterruptamente-durante-a-virada\/","name":"R\u00e9veillon na Paulista: Esta\u00e7\u00f5es do Metr\u00f4 funcionar\u00e3o ininterruptamente durante a Virada - CidadeMarketing","isPartOf":{"@id":"https:\/\/www.cidademarketing.com.br\/marketing\/#website"},"primaryImageOfPage":{"@id":"https:\/\/www.cidademarketing.com.br\/marketing\/2019\/12\/29\/reveillon-na-paulista-estacoes-do-metro-funcionarao-ininterruptamente-durante-a-virada\/#primaryimage"},"image":{"@id":"https:\/\/www.cidademarketing.com.br\/marketing\/2019\/12\/29\/reveillon-na-paulista-estacoes-do-metro-funcionarao-ininterruptamente-durante-a-virada\/#primaryimage"},"thumbnailUrl":"https:\/\/www.cidademarketing.com.br\/marketing\/wp-content\/uploads\/2019\/12\/granja_julieta.jpg","datePublished":"2019-12-29T12:18:20+00:00","dateModified":"2019-12-29T12:18:22+00:00","breadcrumb":{"@id":"https:\/\/www.cidademarketing.com.br\/marketing\/2019\/12\/29\/reveillon-na-paulista-estacoes-do-metro-funcionarao-ininterruptamente-durante-a-virada\/#breadcrumb"},"inLanguage":"pt-BR","potentialAction":[{"@type":"ReadAction","target":["https:\/\/www.cidademarketing.com.br\/marketing\/2019\/12\/29\/reveillon-na-paulista-estacoes-do-metro-funcionarao-ininterruptamente-durante-a-virada\/"]}]},{"@type":"ImageObject","inLanguage":"pt-BR","@id":"https:\/\/www.cidademarketing.com.br\/marketing\/2019\/12\/29\/reveillon-na-paulista-estacoes-do-metro-funcionarao-ininterruptamente-durante-a-virada\/#primaryimage","url":"https:\/\/www.cidademarketing.com.br\/marketing\/wp-content\/uploads\/2019\/12\/granja_julieta.jpg","contentUrl":"https:\/\/www.cidademarketing.com.br\/marketing\/wp-content\/uploads\/2019\/12\/granja_julieta.jpg","width":2000,"height":1333,"caption":"Foto: Thales Brand\u00e3o"},{"@type":"BreadcrumbList","@id":"https:\/\/www.cidademarketing.com.br\/marketing\/2019\/12\/29\/reveillon-na-paulista-estacoes-do-metro-funcionarao-ininterruptamente-durante-a-virada\/#breadcrumb","itemListElement":[{"@type":"ListItem","position":1,"name":"In\u00edcio","item":"https:\/\/www.cidademarketing.com.br\/marketing\/"},{"@type":"ListItem","position":2,"name":"R\u00e9veillon na Paulista: Esta\u00e7\u00f5es do Metr\u00f4 funcionar\u00e3o ininterruptamente durante a Virada"}]},{"@type":"WebSite","@id":"https:\/\/www.cidademarketing.com.br\/marketing\/#website","url":"https:\/\/www.cidademarketing.com.br\/marketing\/","name":"CidadeMarketing","description":"Somos um ve\u00edculo de comunica\u00e7\u00e3o de destaque no Brasil, reconhecido por conte\u00fados nos segmentos de marketing, empreendedorismo e inova\u00e7\u00e3o.","publisher":{"@id":"https:\/\/www.cidademarketing.com.br\/marketing\/#organization"},"alternateName":"CidadeMarketing","potentialAction":[{"@type":"SearchAction","target":{"@type":"EntryPoint","urlTemplate":"https:\/\/www.cidademarketing.com.br\/marketing\/?s={search_term_string}"},"query-input":{"@type":"PropertyValueSpecification","valueRequired":true,"valueName":"search_term_string"}}],"inLanguage":"pt-BR"},{"@type":"Organization","@id":"https:\/\/www.cidademarketing.com.br\/marketing\/#organization","name":"CidadeMarketing","alternateName":"CidadeMarketing","url":"https:\/\/www.cidademarketing.com.br\/marketing\/","logo":{"@type":"ImageObject","inLanguage":"pt-BR","@id":"https:\/\/www.cidademarketing.com.br\/marketing\/#\/schema\/logo\/image\/","url":"https:\/\/www.cidademarketing.com.br\/marketing\/wp-content\/uploads\/2020\/01\/cidademarketing_marca_mobile.png","contentUrl":"https:\/\/www.cidademarketing.com.br\/marketing\/wp-content\/uploads\/2020\/01\/cidademarketing_marca_mobile.png","width":230,"height":92,"caption":"CidadeMarketing"},"image":{"@id":"https:\/\/www.cidademarketing.com.br\/marketing\/#\/schema\/logo\/image\/"},"sameAs":["https:\/\/www.facebook.com\/portalcidademarketing","https:\/\/x.com\/CidadeMarketing","https:\/\/www.instagram.com\/cidademarketing\/"]},{"@type":"Person","@id":"https:\/\/www.cidademarketing.com.br\/marketing\/#\/schema\/person\/02daff9f18bd9378c9e01eb6b2db155f","name":"Thales Brand\u00e3o","image":{"@type":"ImageObject","inLanguage":"pt-BR","@id":"https:\/\/secure.gravatar.com\/avatar\/7ca3206950207cc3cb48feec56a8a7898741ab725c368d99d5d7a5a50aab80c6?s=96&d=mm&r=g","url":"https:\/\/secure.gravatar.com\/avatar\/7ca3206950207cc3cb48feec56a8a7898741ab725c368d99d5d7a5a50aab80c6?s=96&d=mm&r=g","contentUrl":"https:\/\/secure.gravatar.com\/avatar\/7ca3206950207cc3cb48feec56a8a7898741ab725c368d99d5d7a5a50aab80c6?s=96&d=mm&r=g","caption":"Thales Brand\u00e3o"},"description":"Editor Executivo do Portal CidadeMarketing.com.br &gt; Mestre em Comunica\u00e7\u00e3o e Sociedade pela Universidade Federal de Sergipe. Possui MBA Executivo em Administra\u00e7\u00e3o com \u00eanfase em Marketing pela Funda\u00e7\u00e3o Get\u00falio Vargas - Rio de Janeiro. Consultor, Palestrante e Pesquisador sobre Empreendedorismo, Marketing, Redes Sociais e Neg\u00f3cios Digitais. Professor, Palestrante TedxTalks e Campus Party. Twitter: @ThalesBrandao","sameAs":["http:\/\/www.mandacaru.com.br","https:\/\/www.facebook.com\/thalesbrandao","http:\/\/www.instagram.com.br\/thalesbrandaoferreira","https:\/\/www.linkedin.com\/in\/thales-brand\u00e3o-3948609\/","https:\/\/x.com\/http:\/\/www.twitter.com\/thalesbrandao"],"url":"https:\/\/www.cidademarketing.com.br\/marketing\/author\/thalesbrandao\/"}]}},"amp_enabled":true,"_links":{"self":[{"href":"https:\/\/www.cidademarketing.com.br\/marketing\/wp-json\/wp\/v2\/posts\/13378","targetHints":{"allow":["GET"]}}],"collection":[{"href":"https:\/\/www.cidademarketing.com.br\/marketing\/wp-json\/wp\/v2\/posts"}],"about":[{"href":"https:\/\/www.cidademarketing.com.br\/marketing\/wp-json\/wp\/v2\/types\/post"}],"author":[{"embeddable":true,"href":"https:\/\/www.cidademarketing.com.br\/marketing\/wp-json\/wp\/v2\/users\/1"}],"replies":[{"embeddable":true,"href":"https:\/\/www.cidademarketing.com.br\/marketing\/wp-json\/wp\/v2\/comments?post=13378"}],"version-history":[{"count":1,"href":"https:\/\/www.cidademarketing.com.br\/marketing\/wp-json\/wp\/v2\/posts\/13378\/revisions"}],"predecessor-version":[{"id":13380,"href":"https:\/\/www.cidademarketing.com.br\/marketing\/wp-json\/wp\/v2\/posts\/13378\/revisions\/13380"}],"wp:featuredmedia":[{"embeddable":true,"href":"https:\/\/www.cidademarketing.com.br\/marketing\/wp-json\/wp\/v2\/media\/13379"}],"wp:attachment":[{"href":"https:\/\/www.cidademarketing.com.br\/marketing\/wp-json\/wp\/v2\/media?parent=13378"}],"wp:term":[{"taxonomy":"category","embeddable":true,"href":"https:\/\/www.cidademarketing.com.br\/marketing\/wp-json\/wp\/v2\/categories?post=13378"},{"taxonomy":"post_tag","embeddable":true,"href":"https:\/\/www.cidademarketing.com.br\/marketing\/wp-json\/wp\/v2\/tags?post=13378"}],"curies":[{"name":"wp","href":"https:\/\/api.w.org\/{rel}","templated":true}]}}