{"id":13327,"date":"2019-12-27T08:34:00","date_gmt":"2019-12-27T11:34:00","guid":{"rendered":"https:\/\/www.cidademarketing.com.br\/marketing\/?p=13327"},"modified":"2019-12-27T08:34:03","modified_gmt":"2019-12-27T11:34:03","slug":"studio-universal-exibe-especial-dedicado-a-sylvester-stallone","status":"publish","type":"post","link":"https:\/\/www.cidademarketing.com.br\/marketing\/2019\/12\/27\/studio-universal-exibe-especial-dedicado-a-sylvester-stallone\/","title":{"rendered":"Studio Universal exibe especial dedicado a Sylvester Stallone"},"content":{"rendered":"\n<p>O Studio Universal preparou uma programa\u00e7\u00e3o especial para homenagear o ator Sylvester Stallone. No dia 1 de janeiro, a partir das 13h, ser\u00e3o exibidos filmes protagonizados pelo ator, mostrando todo o seu talento.<br>\nConfira os hor\u00e1rios da programa\u00e7\u00e3o:<\/p>\n\n\n\n<p>Dia 1 de janeiro, quarta-feira:<br>\n13h \u2013 Rambo \u2013 Programado para Matar<br>\n14h30 \u2013 Rambo II: A Miss\u00e3o<br>\n16h15 \u2013 Rambo III<br>\n18h \u2013 Risco Total<br>\n20h \u2013 Rambo \u2013 Programado para Matar<br>\n21h30 \u2013 Rambo II: A Miss\u00e3o<br>\n23h15 \u2013 Rambo III<\/p>\n\n\n\n<p>Sinopses<br>\nRambo \u2013 Programado para Matar<br>\nDire\u00e7\u00e3o: Ted Kotcheff<br>\nElenco: Sylvester Stallone, Richard Crenna, Brian Dennehy, Bill McKinney, Chris Mulkey. EUA. 1982, 93 min. A\u00e7\u00e3o. <br>\nSinopse: Rambo \u00e9 um veterano da Guerra do Vietn\u00e3 que \u00e9 preso injustamente pelo xerife Teasle, mas consegue fugir e promove uma guerra n\u00e3o s\u00f3 contra o policial, mas contra toda uma cidade, causando p\u00e2nico e destrui\u00e7\u00e3o, que \u00e9 o que ele sabe fazer de melhor.<\/p>\n\n\n\n<p>Rambo 2 \u2013 A Miss\u00e3o<br>\nDire\u00e7\u00e3o: George P. Cosmatos <br>\nElenco: Sylvester Stallone, Richard Crenna, Charles Napier, Steven Berkoff, Julia Nickson, Martin Kove, George Cheung. EUA. 1985, 96 min. A\u00e7\u00e3o. <br>\nSinopse: John Rambo est\u00e1 cumprindo pena em uma penitenci\u00e1ria federal quando recebe uma proposta: se participar de uma miss\u00e3o suicida no sudeste asi\u00e1tico ser\u00e1 perdoado e reintegrado ao ex\u00e9rcito. Ele concorda, mas n\u00e3o imaginava que seria tra\u00eddo pelos compatriotas, que n\u00e3o querem de fato nenhuma prova de prisioneiros. Com isso, Rambo acaba sendo abandonado pelos americanos em territ\u00f3rio inimigo.<\/p>\n\n\n\n<p>Rambo III<br>\nDire\u00e7\u00e3o: Peter MacDonald <br>\nElenco: Sylvester Stallone, Richard Crenna, Kurtwood Smith, Sasson Gabai, Marcus Gilbert, Joseph Shiloach. EUA. 1988, 100 min. A\u00e7\u00e3o. <br>\nSinopse: Veterano da Guerra do Vietn\u00e3, Rambo refugia-se em um mosteiro budista, em busca de paz espiritual. O retiro \u00e9 interrompido quando ele decide libertar seu mentor, que caiu nas m\u00e3os dos sovi\u00e9ticos, durante a ocupa\u00e7\u00e3o do Afeganist\u00e3o.<\/p>\n\n\n\n<p>Risco Total<br>\nDire\u00e7\u00e3o: Renny Harlin<br>\nElenco: Sylvester Stallone, Michael Rooker, John Lithgow, Caroline Goodall, Janine Turner, Rex Linn, Craig Fairbrass, Bruce McGill. EUA\/ Fran\u00e7a\/ It\u00e1lia. 1993, 118 min. A\u00e7\u00e3o\/ Aventura. <br>\nSinopse: Traumatizado por um acidente que resultou na morte de uma amiga, o experiente alpinista Gabe Walker se afastou das montanhas. No entanto, um ano ap\u00f3s o acontecido ele \u00e9 chamado para resgatar um grupo em apuros nas Montanhas Rochosas. A miss\u00e3o, por\u00e9m, logo revela-se uma armadilha: Gabe est\u00e1 l\u00e1 na verdade para guiar o bando de perigosos terroristas at\u00e9 um tesouro perdido.<\/p>\n\n\n\n<p>Sobre o Studio Universal<\/p>\n\n\n\n<p>O Studio Universal \u00e9 o canal de filmes que oferece uma selecionada experi\u00eancia cinematogr\u00e1fica, com uma variedade de filmes dos maiores realizadores do cinema, celebrando a magia do entretenimento e exibindo t\u00edtulos dos diversos g\u00eaneros \u2013 tudo isso com o carimbo dos grandes est\u00fadios de Hollywood.<\/p>\n\n\n\n<p>Dos blockbusters mais atuais aos eternos cl\u00e1ssicos, o Studio Universal compartilha experi\u00eancias emocionais com fam\u00edlias e amigos de toda parte. O canal oferece, ainda, material exclusivo de bastidores e pr\u00e9-estreias.<\/p>\n","protected":false},"excerpt":{"rendered":"<p>O Studio Universal preparou uma programa\u00e7\u00e3o especial para homenagear o ator Sylvester Stallone. No dia 1 de janeiro, a partir das 13h, ser\u00e3o exibidos filmes protagonizados pelo ator, mostrando todo o seu talento. Confira os hor\u00e1rios da programa\u00e7\u00e3o: Dia 1 de janeiro, quarta-feira: 13h \u2013 Rambo \u2013 Programado para Matar 14h30 \u2013 Rambo II: A [&hellip;]<\/p>\n","protected":false},"author":1,"featured_media":13328,"comment_status":"open","ping_status":"open","sticky":false,"template":"","format":"standard","meta":{"tdm_status":"","tdm_grid_status":"","footnotes":""},"categories":[6],"tags":[28,2672,2671],"class_list":["post-13327","post","type-post","status-publish","format-standard","has-post-thumbnail","hentry","category-noticias","tag-marketing","tag-rambo","tag-studio-universal"],"yoast_head":"<!-- This site is optimized with the Yoast SEO plugin v27.5 - https:\/\/yoast.com\/product\/yoast-seo-wordpress\/ -->\n<title>Studio Universal exibe especial dedicado a Sylvester Stallone - CidadeMarketing<\/title>\n<meta name=\"robots\" content=\"index, follow, max-snippet:-1, max-image-preview:large, max-video-preview:-1\" \/>\n<link rel=\"canonical\" href=\"https:\/\/www.cidademarketing.com.br\/marketing\/2019\/12\/27\/studio-universal-exibe-especial-dedicado-a-sylvester-stallone\/\" \/>\n<meta property=\"og:locale\" content=\"pt_BR\" \/>\n<meta property=\"og:type\" content=\"article\" \/>\n<meta property=\"og:title\" content=\"Studio Universal exibe especial dedicado a Sylvester Stallone - CidadeMarketing\" \/>\n<meta property=\"og:description\" content=\"O Studio Universal preparou uma programa\u00e7\u00e3o especial para homenagear o ator Sylvester Stallone. No dia 1 de janeiro, a partir das 13h, ser\u00e3o exibidos filmes protagonizados pelo ator, mostrando todo o seu talento. Confira os hor\u00e1rios da programa\u00e7\u00e3o: Dia 1 de janeiro, quarta-feira: 13h \u2013 Rambo \u2013 Programado para Matar 14h30 \u2013 Rambo II: A [&hellip;]\" \/>\n<meta property=\"og:url\" content=\"https:\/\/www.cidademarketing.com.br\/marketing\/2019\/12\/27\/studio-universal-exibe-especial-dedicado-a-sylvester-stallone\/\" \/>\n<meta property=\"og:site_name\" content=\"CidadeMarketing\" \/>\n<meta property=\"article:publisher\" content=\"https:\/\/www.facebook.com\/portalcidademarketing\" \/>\n<meta property=\"article:author\" content=\"https:\/\/www.facebook.com\/thalesbrandao\" \/>\n<meta property=\"article:published_time\" content=\"2019-12-27T11:34:00+00:00\" \/>\n<meta property=\"article:modified_time\" content=\"2019-12-27T11:34:03+00:00\" \/>\n<meta property=\"og:image\" content=\"https:\/\/www.cidademarketing.com.br\/marketing\/wp-content\/uploads\/2019\/12\/rambo3.jpg\" \/>\n\t<meta property=\"og:image:width\" content=\"1440\" \/>\n\t<meta property=\"og:image:height\" content=\"810\" \/>\n\t<meta property=\"og:image:type\" content=\"image\/jpeg\" \/>\n<meta name=\"author\" content=\"Thales Brand\u00e3o\" \/>\n<meta name=\"twitter:card\" content=\"summary_large_image\" \/>\n<meta name=\"twitter:creator\" content=\"@http:\/\/www.twitter.com\/thalesbrandao\" \/>\n<meta name=\"twitter:site\" content=\"@CidadeMarketing\" \/>\n<meta name=\"twitter:label1\" content=\"Escrito por\" \/>\n\t<meta name=\"twitter:data1\" content=\"Thales Brand\u00e3o\" \/>\n\t<meta name=\"twitter:label2\" content=\"Est. tempo de leitura\" \/>\n\t<meta name=\"twitter:data2\" content=\"2 minutos\" \/>\n<script type=\"application\/ld+json\" class=\"yoast-schema-graph\">{\"@context\":\"https:\\\/\\\/schema.org\",\"@graph\":[{\"@type\":\"Article\",\"@id\":\"https:\\\/\\\/www.cidademarketing.com.br\\\/marketing\\\/2019\\\/12\\\/27\\\/studio-universal-exibe-especial-dedicado-a-sylvester-stallone\\\/#article\",\"isPartOf\":{\"@id\":\"https:\\\/\\\/www.cidademarketing.com.br\\\/marketing\\\/2019\\\/12\\\/27\\\/studio-universal-exibe-especial-dedicado-a-sylvester-stallone\\\/\"},\"author\":{\"name\":\"Thales Brand\u00e3o\",\"@id\":\"https:\\\/\\\/www.cidademarketing.com.br\\\/marketing\\\/#\\\/schema\\\/person\\\/02daff9f18bd9378c9e01eb6b2db155f\"},\"headline\":\"Studio Universal exibe especial dedicado a Sylvester Stallone\",\"datePublished\":\"2019-12-27T11:34:00+00:00\",\"dateModified\":\"2019-12-27T11:34:03+00:00\",\"mainEntityOfPage\":{\"@id\":\"https:\\\/\\\/www.cidademarketing.com.br\\\/marketing\\\/2019\\\/12\\\/27\\\/studio-universal-exibe-especial-dedicado-a-sylvester-stallone\\\/\"},\"wordCount\":497,\"commentCount\":0,\"publisher\":{\"@id\":\"https:\\\/\\\/www.cidademarketing.com.br\\\/marketing\\\/#organization\"},\"image\":{\"@id\":\"https:\\\/\\\/www.cidademarketing.com.br\\\/marketing\\\/2019\\\/12\\\/27\\\/studio-universal-exibe-especial-dedicado-a-sylvester-stallone\\\/#primaryimage\"},\"thumbnailUrl\":\"https:\\\/\\\/www.cidademarketing.com.br\\\/marketing\\\/wp-content\\\/uploads\\\/2019\\\/12\\\/rambo3.jpg\",\"keywords\":[\"marketing\",\"Rambo\",\"Studio Universal\"],\"articleSection\":[\"Not\u00edcias\"],\"inLanguage\":\"pt-BR\",\"potentialAction\":[{\"@type\":\"CommentAction\",\"name\":\"Comment\",\"target\":[\"https:\\\/\\\/www.cidademarketing.com.br\\\/marketing\\\/2019\\\/12\\\/27\\\/studio-universal-exibe-especial-dedicado-a-sylvester-stallone\\\/#respond\"]}]},{\"@type\":\"WebPage\",\"@id\":\"https:\\\/\\\/www.cidademarketing.com.br\\\/marketing\\\/2019\\\/12\\\/27\\\/studio-universal-exibe-especial-dedicado-a-sylvester-stallone\\\/\",\"url\":\"https:\\\/\\\/www.cidademarketing.com.br\\\/marketing\\\/2019\\\/12\\\/27\\\/studio-universal-exibe-especial-dedicado-a-sylvester-stallone\\\/\",\"name\":\"Studio Universal exibe especial dedicado a Sylvester Stallone - CidadeMarketing\",\"isPartOf\":{\"@id\":\"https:\\\/\\\/www.cidademarketing.com.br\\\/marketing\\\/#website\"},\"primaryImageOfPage\":{\"@id\":\"https:\\\/\\\/www.cidademarketing.com.br\\\/marketing\\\/2019\\\/12\\\/27\\\/studio-universal-exibe-especial-dedicado-a-sylvester-stallone\\\/#primaryimage\"},\"image\":{\"@id\":\"https:\\\/\\\/www.cidademarketing.com.br\\\/marketing\\\/2019\\\/12\\\/27\\\/studio-universal-exibe-especial-dedicado-a-sylvester-stallone\\\/#primaryimage\"},\"thumbnailUrl\":\"https:\\\/\\\/www.cidademarketing.com.br\\\/marketing\\\/wp-content\\\/uploads\\\/2019\\\/12\\\/rambo3.jpg\",\"datePublished\":\"2019-12-27T11:34:00+00:00\",\"dateModified\":\"2019-12-27T11:34:03+00:00\",\"breadcrumb\":{\"@id\":\"https:\\\/\\\/www.cidademarketing.com.br\\\/marketing\\\/2019\\\/12\\\/27\\\/studio-universal-exibe-especial-dedicado-a-sylvester-stallone\\\/#breadcrumb\"},\"inLanguage\":\"pt-BR\",\"potentialAction\":[{\"@type\":\"ReadAction\",\"target\":[\"https:\\\/\\\/www.cidademarketing.com.br\\\/marketing\\\/2019\\\/12\\\/27\\\/studio-universal-exibe-especial-dedicado-a-sylvester-stallone\\\/\"]}]},{\"@type\":\"ImageObject\",\"inLanguage\":\"pt-BR\",\"@id\":\"https:\\\/\\\/www.cidademarketing.com.br\\\/marketing\\\/2019\\\/12\\\/27\\\/studio-universal-exibe-especial-dedicado-a-sylvester-stallone\\\/#primaryimage\",\"url\":\"https:\\\/\\\/www.cidademarketing.com.br\\\/marketing\\\/wp-content\\\/uploads\\\/2019\\\/12\\\/rambo3.jpg\",\"contentUrl\":\"https:\\\/\\\/www.cidademarketing.com.br\\\/marketing\\\/wp-content\\\/uploads\\\/2019\\\/12\\\/rambo3.jpg\",\"width\":1440,\"height\":810,\"caption\":\"Reprodu\u00e7\u00e3o\"},{\"@type\":\"BreadcrumbList\",\"@id\":\"https:\\\/\\\/www.cidademarketing.com.br\\\/marketing\\\/2019\\\/12\\\/27\\\/studio-universal-exibe-especial-dedicado-a-sylvester-stallone\\\/#breadcrumb\",\"itemListElement\":[{\"@type\":\"ListItem\",\"position\":1,\"name\":\"In\u00edcio\",\"item\":\"https:\\\/\\\/www.cidademarketing.com.br\\\/marketing\\\/\"},{\"@type\":\"ListItem\",\"position\":2,\"name\":\"Studio Universal exibe especial dedicado a Sylvester Stallone\"}]},{\"@type\":\"WebSite\",\"@id\":\"https:\\\/\\\/www.cidademarketing.com.br\\\/marketing\\\/#website\",\"url\":\"https:\\\/\\\/www.cidademarketing.com.br\\\/marketing\\\/\",\"name\":\"CidadeMarketing\",\"description\":\"Somos um ve\u00edculo de comunica\u00e7\u00e3o de destaque no Brasil, reconhecido por conte\u00fados nos segmentos de marketing, empreendedorismo e inova\u00e7\u00e3o.\",\"publisher\":{\"@id\":\"https:\\\/\\\/www.cidademarketing.com.br\\\/marketing\\\/#organization\"},\"alternateName\":\"CidadeMarketing\",\"potentialAction\":[{\"@type\":\"SearchAction\",\"target\":{\"@type\":\"EntryPoint\",\"urlTemplate\":\"https:\\\/\\\/www.cidademarketing.com.br\\\/marketing\\\/?s={search_term_string}\"},\"query-input\":{\"@type\":\"PropertyValueSpecification\",\"valueRequired\":true,\"valueName\":\"search_term_string\"}}],\"inLanguage\":\"pt-BR\"},{\"@type\":\"Organization\",\"@id\":\"https:\\\/\\\/www.cidademarketing.com.br\\\/marketing\\\/#organization\",\"name\":\"CidadeMarketing\",\"alternateName\":\"CidadeMarketing\",\"url\":\"https:\\\/\\\/www.cidademarketing.com.br\\\/marketing\\\/\",\"logo\":{\"@type\":\"ImageObject\",\"inLanguage\":\"pt-BR\",\"@id\":\"https:\\\/\\\/www.cidademarketing.com.br\\\/marketing\\\/#\\\/schema\\\/logo\\\/image\\\/\",\"url\":\"https:\\\/\\\/www.cidademarketing.com.br\\\/marketing\\\/wp-content\\\/uploads\\\/2020\\\/01\\\/cidademarketing_marca_mobile.png\",\"contentUrl\":\"https:\\\/\\\/www.cidademarketing.com.br\\\/marketing\\\/wp-content\\\/uploads\\\/2020\\\/01\\\/cidademarketing_marca_mobile.png\",\"width\":230,\"height\":92,\"caption\":\"CidadeMarketing\"},\"image\":{\"@id\":\"https:\\\/\\\/www.cidademarketing.com.br\\\/marketing\\\/#\\\/schema\\\/logo\\\/image\\\/\"},\"sameAs\":[\"https:\\\/\\\/www.facebook.com\\\/portalcidademarketing\",\"https:\\\/\\\/x.com\\\/CidadeMarketing\",\"https:\\\/\\\/www.instagram.com\\\/cidademarketing\\\/\"]},{\"@type\":\"Person\",\"@id\":\"https:\\\/\\\/www.cidademarketing.com.br\\\/marketing\\\/#\\\/schema\\\/person\\\/02daff9f18bd9378c9e01eb6b2db155f\",\"name\":\"Thales Brand\u00e3o\",\"image\":{\"@type\":\"ImageObject\",\"inLanguage\":\"pt-BR\",\"@id\":\"https:\\\/\\\/secure.gravatar.com\\\/avatar\\\/7ca3206950207cc3cb48feec56a8a7898741ab725c368d99d5d7a5a50aab80c6?s=96&d=mm&r=g\",\"url\":\"https:\\\/\\\/secure.gravatar.com\\\/avatar\\\/7ca3206950207cc3cb48feec56a8a7898741ab725c368d99d5d7a5a50aab80c6?s=96&d=mm&r=g\",\"contentUrl\":\"https:\\\/\\\/secure.gravatar.com\\\/avatar\\\/7ca3206950207cc3cb48feec56a8a7898741ab725c368d99d5d7a5a50aab80c6?s=96&d=mm&r=g\",\"caption\":\"Thales Brand\u00e3o\"},\"description\":\"Editor Executivo do Portal CidadeMarketing.com.br &gt; Mestre em Comunica\u00e7\u00e3o e Sociedade pela Universidade Federal de Sergipe. Possui MBA Executivo em Administra\u00e7\u00e3o com \u00eanfase em Marketing pela Funda\u00e7\u00e3o Get\u00falio Vargas - Rio de Janeiro. Consultor, Palestrante e Pesquisador sobre Empreendedorismo, Marketing, Redes Sociais e Neg\u00f3cios Digitais. Professor, Palestrante TedxTalks e Campus Party. Twitter: @ThalesBrandao\",\"sameAs\":[\"http:\\\/\\\/www.mandacaru.com.br\",\"https:\\\/\\\/www.facebook.com\\\/thalesbrandao\",\"http:\\\/\\\/www.instagram.com.br\\\/thalesbrandaoferreira\",\"https:\\\/\\\/www.linkedin.com\\\/in\\\/thales-brand\u00e3o-3948609\\\/\",\"https:\\\/\\\/x.com\\\/http:\\\/\\\/www.twitter.com\\\/thalesbrandao\"],\"url\":\"https:\\\/\\\/www.cidademarketing.com.br\\\/marketing\\\/author\\\/thalesbrandao\\\/\"}]}<\/script>\n<!-- \/ Yoast SEO plugin. -->","yoast_head_json":{"title":"Studio Universal exibe especial dedicado a Sylvester Stallone - CidadeMarketing","robots":{"index":"index","follow":"follow","max-snippet":"max-snippet:-1","max-image-preview":"max-image-preview:large","max-video-preview":"max-video-preview:-1"},"canonical":"https:\/\/www.cidademarketing.com.br\/marketing\/2019\/12\/27\/studio-universal-exibe-especial-dedicado-a-sylvester-stallone\/","og_locale":"pt_BR","og_type":"article","og_title":"Studio Universal exibe especial dedicado a Sylvester Stallone - CidadeMarketing","og_description":"O Studio Universal preparou uma programa\u00e7\u00e3o especial para homenagear o ator Sylvester Stallone. No dia 1 de janeiro, a partir das 13h, ser\u00e3o exibidos filmes protagonizados pelo ator, mostrando todo o seu talento. Confira os hor\u00e1rios da programa\u00e7\u00e3o: Dia 1 de janeiro, quarta-feira: 13h \u2013 Rambo \u2013 Programado para Matar 14h30 \u2013 Rambo II: A [&hellip;]","og_url":"https:\/\/www.cidademarketing.com.br\/marketing\/2019\/12\/27\/studio-universal-exibe-especial-dedicado-a-sylvester-stallone\/","og_site_name":"CidadeMarketing","article_publisher":"https:\/\/www.facebook.com\/portalcidademarketing","article_author":"https:\/\/www.facebook.com\/thalesbrandao","article_published_time":"2019-12-27T11:34:00+00:00","article_modified_time":"2019-12-27T11:34:03+00:00","og_image":[{"width":1440,"height":810,"url":"https:\/\/www.cidademarketing.com.br\/marketing\/wp-content\/uploads\/2019\/12\/rambo3.jpg","type":"image\/jpeg"}],"author":"Thales Brand\u00e3o","twitter_card":"summary_large_image","twitter_creator":"@http:\/\/www.twitter.com\/thalesbrandao","twitter_site":"@CidadeMarketing","twitter_misc":{"Escrito por":"Thales Brand\u00e3o","Est. tempo de leitura":"2 minutos"},"schema":{"@context":"https:\/\/schema.org","@graph":[{"@type":"Article","@id":"https:\/\/www.cidademarketing.com.br\/marketing\/2019\/12\/27\/studio-universal-exibe-especial-dedicado-a-sylvester-stallone\/#article","isPartOf":{"@id":"https:\/\/www.cidademarketing.com.br\/marketing\/2019\/12\/27\/studio-universal-exibe-especial-dedicado-a-sylvester-stallone\/"},"author":{"name":"Thales Brand\u00e3o","@id":"https:\/\/www.cidademarketing.com.br\/marketing\/#\/schema\/person\/02daff9f18bd9378c9e01eb6b2db155f"},"headline":"Studio Universal exibe especial dedicado a Sylvester Stallone","datePublished":"2019-12-27T11:34:00+00:00","dateModified":"2019-12-27T11:34:03+00:00","mainEntityOfPage":{"@id":"https:\/\/www.cidademarketing.com.br\/marketing\/2019\/12\/27\/studio-universal-exibe-especial-dedicado-a-sylvester-stallone\/"},"wordCount":497,"commentCount":0,"publisher":{"@id":"https:\/\/www.cidademarketing.com.br\/marketing\/#organization"},"image":{"@id":"https:\/\/www.cidademarketing.com.br\/marketing\/2019\/12\/27\/studio-universal-exibe-especial-dedicado-a-sylvester-stallone\/#primaryimage"},"thumbnailUrl":"https:\/\/www.cidademarketing.com.br\/marketing\/wp-content\/uploads\/2019\/12\/rambo3.jpg","keywords":["marketing","Rambo","Studio Universal"],"articleSection":["Not\u00edcias"],"inLanguage":"pt-BR","potentialAction":[{"@type":"CommentAction","name":"Comment","target":["https:\/\/www.cidademarketing.com.br\/marketing\/2019\/12\/27\/studio-universal-exibe-especial-dedicado-a-sylvester-stallone\/#respond"]}]},{"@type":"WebPage","@id":"https:\/\/www.cidademarketing.com.br\/marketing\/2019\/12\/27\/studio-universal-exibe-especial-dedicado-a-sylvester-stallone\/","url":"https:\/\/www.cidademarketing.com.br\/marketing\/2019\/12\/27\/studio-universal-exibe-especial-dedicado-a-sylvester-stallone\/","name":"Studio Universal exibe especial dedicado a Sylvester Stallone - CidadeMarketing","isPartOf":{"@id":"https:\/\/www.cidademarketing.com.br\/marketing\/#website"},"primaryImageOfPage":{"@id":"https:\/\/www.cidademarketing.com.br\/marketing\/2019\/12\/27\/studio-universal-exibe-especial-dedicado-a-sylvester-stallone\/#primaryimage"},"image":{"@id":"https:\/\/www.cidademarketing.com.br\/marketing\/2019\/12\/27\/studio-universal-exibe-especial-dedicado-a-sylvester-stallone\/#primaryimage"},"thumbnailUrl":"https:\/\/www.cidademarketing.com.br\/marketing\/wp-content\/uploads\/2019\/12\/rambo3.jpg","datePublished":"2019-12-27T11:34:00+00:00","dateModified":"2019-12-27T11:34:03+00:00","breadcrumb":{"@id":"https:\/\/www.cidademarketing.com.br\/marketing\/2019\/12\/27\/studio-universal-exibe-especial-dedicado-a-sylvester-stallone\/#breadcrumb"},"inLanguage":"pt-BR","potentialAction":[{"@type":"ReadAction","target":["https:\/\/www.cidademarketing.com.br\/marketing\/2019\/12\/27\/studio-universal-exibe-especial-dedicado-a-sylvester-stallone\/"]}]},{"@type":"ImageObject","inLanguage":"pt-BR","@id":"https:\/\/www.cidademarketing.com.br\/marketing\/2019\/12\/27\/studio-universal-exibe-especial-dedicado-a-sylvester-stallone\/#primaryimage","url":"https:\/\/www.cidademarketing.com.br\/marketing\/wp-content\/uploads\/2019\/12\/rambo3.jpg","contentUrl":"https:\/\/www.cidademarketing.com.br\/marketing\/wp-content\/uploads\/2019\/12\/rambo3.jpg","width":1440,"height":810,"caption":"Reprodu\u00e7\u00e3o"},{"@type":"BreadcrumbList","@id":"https:\/\/www.cidademarketing.com.br\/marketing\/2019\/12\/27\/studio-universal-exibe-especial-dedicado-a-sylvester-stallone\/#breadcrumb","itemListElement":[{"@type":"ListItem","position":1,"name":"In\u00edcio","item":"https:\/\/www.cidademarketing.com.br\/marketing\/"},{"@type":"ListItem","position":2,"name":"Studio Universal exibe especial dedicado a Sylvester Stallone"}]},{"@type":"WebSite","@id":"https:\/\/www.cidademarketing.com.br\/marketing\/#website","url":"https:\/\/www.cidademarketing.com.br\/marketing\/","name":"CidadeMarketing","description":"Somos um ve\u00edculo de comunica\u00e7\u00e3o de destaque no Brasil, reconhecido por conte\u00fados nos segmentos de marketing, empreendedorismo e inova\u00e7\u00e3o.","publisher":{"@id":"https:\/\/www.cidademarketing.com.br\/marketing\/#organization"},"alternateName":"CidadeMarketing","potentialAction":[{"@type":"SearchAction","target":{"@type":"EntryPoint","urlTemplate":"https:\/\/www.cidademarketing.com.br\/marketing\/?s={search_term_string}"},"query-input":{"@type":"PropertyValueSpecification","valueRequired":true,"valueName":"search_term_string"}}],"inLanguage":"pt-BR"},{"@type":"Organization","@id":"https:\/\/www.cidademarketing.com.br\/marketing\/#organization","name":"CidadeMarketing","alternateName":"CidadeMarketing","url":"https:\/\/www.cidademarketing.com.br\/marketing\/","logo":{"@type":"ImageObject","inLanguage":"pt-BR","@id":"https:\/\/www.cidademarketing.com.br\/marketing\/#\/schema\/logo\/image\/","url":"https:\/\/www.cidademarketing.com.br\/marketing\/wp-content\/uploads\/2020\/01\/cidademarketing_marca_mobile.png","contentUrl":"https:\/\/www.cidademarketing.com.br\/marketing\/wp-content\/uploads\/2020\/01\/cidademarketing_marca_mobile.png","width":230,"height":92,"caption":"CidadeMarketing"},"image":{"@id":"https:\/\/www.cidademarketing.com.br\/marketing\/#\/schema\/logo\/image\/"},"sameAs":["https:\/\/www.facebook.com\/portalcidademarketing","https:\/\/x.com\/CidadeMarketing","https:\/\/www.instagram.com\/cidademarketing\/"]},{"@type":"Person","@id":"https:\/\/www.cidademarketing.com.br\/marketing\/#\/schema\/person\/02daff9f18bd9378c9e01eb6b2db155f","name":"Thales Brand\u00e3o","image":{"@type":"ImageObject","inLanguage":"pt-BR","@id":"https:\/\/secure.gravatar.com\/avatar\/7ca3206950207cc3cb48feec56a8a7898741ab725c368d99d5d7a5a50aab80c6?s=96&d=mm&r=g","url":"https:\/\/secure.gravatar.com\/avatar\/7ca3206950207cc3cb48feec56a8a7898741ab725c368d99d5d7a5a50aab80c6?s=96&d=mm&r=g","contentUrl":"https:\/\/secure.gravatar.com\/avatar\/7ca3206950207cc3cb48feec56a8a7898741ab725c368d99d5d7a5a50aab80c6?s=96&d=mm&r=g","caption":"Thales Brand\u00e3o"},"description":"Editor Executivo do Portal CidadeMarketing.com.br &gt; Mestre em Comunica\u00e7\u00e3o e Sociedade pela Universidade Federal de Sergipe. Possui MBA Executivo em Administra\u00e7\u00e3o com \u00eanfase em Marketing pela Funda\u00e7\u00e3o Get\u00falio Vargas - Rio de Janeiro. Consultor, Palestrante e Pesquisador sobre Empreendedorismo, Marketing, Redes Sociais e Neg\u00f3cios Digitais. Professor, Palestrante TedxTalks e Campus Party. Twitter: @ThalesBrandao","sameAs":["http:\/\/www.mandacaru.com.br","https:\/\/www.facebook.com\/thalesbrandao","http:\/\/www.instagram.com.br\/thalesbrandaoferreira","https:\/\/www.linkedin.com\/in\/thales-brand\u00e3o-3948609\/","https:\/\/x.com\/http:\/\/www.twitter.com\/thalesbrandao"],"url":"https:\/\/www.cidademarketing.com.br\/marketing\/author\/thalesbrandao\/"}]}},"amp_enabled":true,"_links":{"self":[{"href":"https:\/\/www.cidademarketing.com.br\/marketing\/wp-json\/wp\/v2\/posts\/13327","targetHints":{"allow":["GET"]}}],"collection":[{"href":"https:\/\/www.cidademarketing.com.br\/marketing\/wp-json\/wp\/v2\/posts"}],"about":[{"href":"https:\/\/www.cidademarketing.com.br\/marketing\/wp-json\/wp\/v2\/types\/post"}],"author":[{"embeddable":true,"href":"https:\/\/www.cidademarketing.com.br\/marketing\/wp-json\/wp\/v2\/users\/1"}],"replies":[{"embeddable":true,"href":"https:\/\/www.cidademarketing.com.br\/marketing\/wp-json\/wp\/v2\/comments?post=13327"}],"version-history":[{"count":1,"href":"https:\/\/www.cidademarketing.com.br\/marketing\/wp-json\/wp\/v2\/posts\/13327\/revisions"}],"predecessor-version":[{"id":13329,"href":"https:\/\/www.cidademarketing.com.br\/marketing\/wp-json\/wp\/v2\/posts\/13327\/revisions\/13329"}],"wp:featuredmedia":[{"embeddable":true,"href":"https:\/\/www.cidademarketing.com.br\/marketing\/wp-json\/wp\/v2\/media\/13328"}],"wp:attachment":[{"href":"https:\/\/www.cidademarketing.com.br\/marketing\/wp-json\/wp\/v2\/media?parent=13327"}],"wp:term":[{"taxonomy":"category","embeddable":true,"href":"https:\/\/www.cidademarketing.com.br\/marketing\/wp-json\/wp\/v2\/categories?post=13327"},{"taxonomy":"post_tag","embeddable":true,"href":"https:\/\/www.cidademarketing.com.br\/marketing\/wp-json\/wp\/v2\/tags?post=13327"}],"curies":[{"name":"wp","href":"https:\/\/api.w.org\/{rel}","templated":true}]}}