{"id":13280,"date":"2019-12-21T00:26:56","date_gmt":"2019-12-21T03:26:56","guid":{"rendered":"https:\/\/www.cidademarketing.com.br\/marketing\/?p=13280"},"modified":"2019-12-21T00:26:57","modified_gmt":"2019-12-21T03:26:57","slug":"fca-cria-novo-espaco-de-inovacao-com-foco-no-trabalho-em-rede-e-colaborativo","status":"publish","type":"post","link":"https:\/\/www.cidademarketing.com.br\/marketing\/2019\/12\/21\/fca-cria-novo-espaco-de-inovacao-com-foco-no-trabalho-em-rede-e-colaborativo\/","title":{"rendered":"FCA cria novo espa\u00e7o de inova\u00e7\u00e3o com foco no trabalho em rede e colaborativo"},"content":{"rendered":"\n<p>Para impulsionar a inova\u00e7\u00e3o, o\ntrabalho em rede \u00e9 a estrat\u00e9gia escolhida pela Fiat Chrysler Autom\u00f3veis (FCA),\ncom o desafio de integrar-se a novos ecossistemas e comunidades, em ambientes\ncolaborativos. A ponte para essas conex\u00f5es \u00e9 o HUB FCA, novo espa\u00e7o localizado\nno Polo Automotivo Fiat, em Betim (MG), inspirado em novas tend\u00eancias e modelos\nde trabalho, com 400 metros quadrados, muitas cores e um time diverso, formado por\nfuncion\u00e1rios das mais diferentes \u00e1reas da empresa e parceiros.<\/p>\n\n\n\n<p>A escolha do nome n\u00e3o foi por\nacaso. HUB significa conectar e convergir. \u201cO HUB FCA \u00e9 o ponto de encontro de\npessoas, gera\u00e7\u00f5es e culturas, inspirado em uma estrutura de rede, sempre com o\nolhar atento \u00e0s tend\u00eancias do consumidor. Surgiu da necessidade de repensar a\nforma como trabalhamos internamente nosso planejamento n\u00e3o s\u00f3 do produto, mas\ndo conceito de experi\u00eancia\u201d, destaca o diretor de Portf\u00f3lio, Pesquisa e\nIntelig\u00eancia Competitiva da FCA para a Am\u00e9rica Latina, Breno Kamei.<\/p>\n\n\n\n<p>Na pr\u00e1tica, o novo espa\u00e7o tem o\nprop\u00f3sito de guiar a FCA na busca por novos territ\u00f3rios, mercados e modelos de\nneg\u00f3cio. \u201cHoje, quando multiplicamos nossa presen\u00e7a n\u00e3o s\u00f3 dentro da f\u00e1brica,\nmas junto a outros empreendedores, criativos e empresas, aumentamos o nosso\npoder de consci\u00eancia\u201d, completa Mateus Silveira, gerente de Inova\u00e7\u00e3o e\nConectividade de Produto da FCA.<\/p>\n\n\n\n<p>Para conectar-se a m\u00faltiplos\nsaberes, o HUB FCA nasce com duas c\u00e9lulas, extrapolando os muros da f\u00e1brica.\nAl\u00e9m de Betim, possui tamb\u00e9m com uma estrutura na unidade do WeWork de Belo\nHorizonte. \u201cQueremos compartilhar nossas compet\u00eancias, mas tamb\u00e9m encontrar\noutras que, quando combinadas, fazem surgir novas ideias relevantes, que\nconversem com as tend\u00eancias do nosso consumidor\u201d, destaca Gustavo Delgado,\ncoordenador de Inova\u00e7\u00e3o e Conectividade da FCA. Em 2020, est\u00e1 prevista expans\u00e3o\npara outros estados.<\/p>\n\n\n\n<p><strong>Atua\u00e7\u00e3o<\/strong><\/p>\n\n\n\n<p>No HUB FCA, h\u00e1 duas formas de\natua\u00e7\u00e3o, que caminham lado a lado: estruturada e n\u00e3o-estruturada. Na\nestruturada, a intera\u00e7\u00e3o com outras empresas e startups ocorre de forma\nplanejada, a partir de formatos, m\u00e9todos e processos bem definidos. A outra\nforma tem foco em dar oportunidade ao acaso, em ser aberto para ser\nsurpreendido pelo desconhecido. \u201cQueremos provocar o sistema a pensar e fazer\ndiferente, trazendo mais agilidade para a organiza\u00e7\u00e3o. Estamos aprendendo que\nexistem processos internos que precisam ser quebrados e que h\u00e1 diferentes\nformas de trabalhar e de enxergar o futuro da nossa ind\u00fastria\u201d, diz Breno\nKamei.<\/p>\n\n\n\n<p>Al\u00e9m de realizar pesquisas de mercado, perfis de consumidores e an\u00e1lise de tend\u00eancias, orientando os times de Engenharia, Design, Mopar, ICT, entre outras \u00e1reas, no desenvolvimento de novos produtos e servi\u00e7os, uma das \u00e1reas de atua\u00e7\u00e3o do HUB \u00e9 a conectividade. O desafio \u00e9 ressignificar o carro como uma plataforma aberta de desenvolvimento, como j\u00e1 acontece com os dispositivos m\u00f3veis. Mais do que mobilidade, o carro conectado ser\u00e1 o ponto de partida para novas solu\u00e7\u00f5es que ir\u00e3o viabilizar relevantes transforma\u00e7\u00f5es na jornada do consumidor, simplificando tarefas cotidianas de maneira fluida. \u201cAlgumas solu\u00e7\u00f5es j\u00e1 conhecemos, outras ainda estamos por conhecer. Por isso, a necessidade de fomentarmos encontros no HUB, para alimentar a criatividade e gerar insights para fazer o futuro acontecer\u201d, explica Gustavo Delgado, sinalizando que novidades de conectividade ser\u00e3o lan\u00e7adas em 2020.<\/p>\n\n\n\n<figure class=\"wp-block-gallery columns-2 is-cropped wp-block-gallery-1 is-layout-flex wp-block-gallery-is-layout-flex\"><ul class=\"blocks-gallery-grid\"><li class=\"blocks-gallery-item\"><figure><img fetchpriority=\"high\" decoding=\"async\" width=\"1024\" height=\"576\" src=\"https:\/\/www.cidademarketing.com.br\/marketing\/wp-content\/uploads\/2019\/12\/FCA-Hub_1-1024x576.jpeg\" alt=\"\" data-id=\"13281\" data-full-url=\"https:\/\/www.cidademarketing.com.br\/marketing\/wp-content\/uploads\/2019\/12\/FCA-Hub_1.jpeg\" data-link=\"https:\/\/www.cidademarketing.com.br\/marketing\/?attachment_id=13281\" class=\"wp-image-13281\" srcset=\"https:\/\/www.cidademarketing.com.br\/marketing\/wp-content\/uploads\/2019\/12\/FCA-Hub_1-1024x576.jpeg 1024w, https:\/\/www.cidademarketing.com.br\/marketing\/wp-content\/uploads\/2019\/12\/FCA-Hub_1-300x169.jpeg 300w, https:\/\/www.cidademarketing.com.br\/marketing\/wp-content\/uploads\/2019\/12\/FCA-Hub_1-768x432.jpeg 768w, https:\/\/www.cidademarketing.com.br\/marketing\/wp-content\/uploads\/2019\/12\/FCA-Hub_1-746x420.jpeg 746w, https:\/\/www.cidademarketing.com.br\/marketing\/wp-content\/uploads\/2019\/12\/FCA-Hub_1-640x360.jpeg 640w, https:\/\/www.cidademarketing.com.br\/marketing\/wp-content\/uploads\/2019\/12\/FCA-Hub_1-681x383.jpeg 681w, https:\/\/www.cidademarketing.com.br\/marketing\/wp-content\/uploads\/2019\/12\/FCA-Hub_1.jpeg 1500w\" sizes=\"(max-width: 1024px) 100vw, 1024px\" \/><figcaption class=\"blocks-gallery-item__caption\">BETIM-MG 13.08.2019  FIAT CHRYSLER AUTOMOBILIES &#8211; HUB.  Foto: Leo Lara\/Studio Cerri<\/figcaption><\/figure><\/li><li class=\"blocks-gallery-item\"><figure><img decoding=\"async\" width=\"1024\" height=\"620\" src=\"https:\/\/www.cidademarketing.com.br\/marketing\/wp-content\/uploads\/2019\/12\/FCA-Hub-1024x620.jpeg\" alt=\"\" data-id=\"13282\" data-full-url=\"https:\/\/www.cidademarketing.com.br\/marketing\/wp-content\/uploads\/2019\/12\/FCA-Hub.jpeg\" data-link=\"https:\/\/www.cidademarketing.com.br\/marketing\/?attachment_id=13282\" class=\"wp-image-13282\" srcset=\"https:\/\/www.cidademarketing.com.br\/marketing\/wp-content\/uploads\/2019\/12\/FCA-Hub-1024x620.jpeg 1024w, https:\/\/www.cidademarketing.com.br\/marketing\/wp-content\/uploads\/2019\/12\/FCA-Hub-300x182.jpeg 300w, https:\/\/www.cidademarketing.com.br\/marketing\/wp-content\/uploads\/2019\/12\/FCA-Hub-768x465.jpeg 768w, https:\/\/www.cidademarketing.com.br\/marketing\/wp-content\/uploads\/2019\/12\/FCA-Hub-694x420.jpeg 694w, https:\/\/www.cidademarketing.com.br\/marketing\/wp-content\/uploads\/2019\/12\/FCA-Hub-640x387.jpeg 640w, https:\/\/www.cidademarketing.com.br\/marketing\/wp-content\/uploads\/2019\/12\/FCA-Hub-681x412.jpeg 681w, https:\/\/www.cidademarketing.com.br\/marketing\/wp-content\/uploads\/2019\/12\/FCA-Hub.jpeg 1500w\" sizes=\"(max-width: 1024px) 100vw, 1024px\" \/><figcaption class=\"blocks-gallery-item__caption\">BETIM-MG 13.08.2019  FIAT CHRYSLER AUTOMOBILIES &#8211; HUB.  Foto: Leo Lara\/Studio Cerri<\/figcaption><\/figure><\/li><li class=\"blocks-gallery-item\"><figure><img decoding=\"async\" width=\"1024\" height=\"565\" src=\"https:\/\/www.cidademarketing.com.br\/marketing\/wp-content\/uploads\/2019\/12\/FCA-Hub_4-1024x565.jpeg\" alt=\"\" data-id=\"13283\" data-full-url=\"https:\/\/www.cidademarketing.com.br\/marketing\/wp-content\/uploads\/2019\/12\/FCA-Hub_4.jpeg\" data-link=\"https:\/\/www.cidademarketing.com.br\/marketing\/?attachment_id=13283\" class=\"wp-image-13283\" srcset=\"https:\/\/www.cidademarketing.com.br\/marketing\/wp-content\/uploads\/2019\/12\/FCA-Hub_4-1024x565.jpeg 1024w, https:\/\/www.cidademarketing.com.br\/marketing\/wp-content\/uploads\/2019\/12\/FCA-Hub_4-300x165.jpeg 300w, https:\/\/www.cidademarketing.com.br\/marketing\/wp-content\/uploads\/2019\/12\/FCA-Hub_4-768x423.jpeg 768w, https:\/\/www.cidademarketing.com.br\/marketing\/wp-content\/uploads\/2019\/12\/FCA-Hub_4-762x420.jpeg 762w, https:\/\/www.cidademarketing.com.br\/marketing\/wp-content\/uploads\/2019\/12\/FCA-Hub_4-640x353.jpeg 640w, https:\/\/www.cidademarketing.com.br\/marketing\/wp-content\/uploads\/2019\/12\/FCA-Hub_4-681x375.jpeg 681w, https:\/\/www.cidademarketing.com.br\/marketing\/wp-content\/uploads\/2019\/12\/FCA-Hub_4.jpeg 1500w\" sizes=\"(max-width: 1024px) 100vw, 1024px\" \/><figcaption class=\"blocks-gallery-item__caption\">BETIM-MG 13.08.2019  FIAT CHRYSLER AUTOMOBILIES &#8211; HUB.  Foto: Leo Lara\/Studio Cerri<\/figcaption><\/figure><\/li><\/ul><\/figure>\n\n\n\n<p>Em alinhamento com a FCA global,\noutros pilares de atua\u00e7\u00e3o para o desenvolvimento de novos produtos e servi\u00e7os s\u00e3o\neletrifica\u00e7\u00e3o, conectividade, automa\u00e7\u00e3o e solu\u00e7\u00f5es de mobilidade. \u201cO mundo \u00e9\nplural e tem vozes diversas. O HUB FCA traz uma velocidade de rea\u00e7\u00e3o e de\naprendizado mais pr\u00f3ximo daquilo que nosso consumidor espera\u201d, conclui Breno\nKamei.<\/p>\n","protected":false},"excerpt":{"rendered":"<p>Para impulsionar a inova\u00e7\u00e3o, o trabalho em rede \u00e9 a estrat\u00e9gia escolhida pela Fiat Chrysler Autom\u00f3veis (FCA), com o desafio de integrar-se a novos ecossistemas e comunidades, em ambientes colaborativos. A ponte para essas conex\u00f5es \u00e9 o HUB FCA, novo espa\u00e7o localizado no Polo Automotivo Fiat, em Betim (MG), inspirado em novas tend\u00eancias e modelos [&hellip;]<\/p>\n","protected":false},"author":1,"featured_media":13281,"comment_status":"open","ping_status":"open","sticky":false,"template":"","format":"standard","meta":{"tdm_status":"","tdm_grid_status":"","footnotes":""},"categories":[6],"tags":[389,1585,1775,293,28],"class_list":["post-13280","post","type-post","status-publish","format-standard","has-post-thumbnail","hentry","category-noticias","tag-administracao","tag-fca","tag-hub","tag-inovacao","tag-marketing"],"yoast_head":"<!-- This site is optimized with the Yoast SEO plugin v27.5 - https:\/\/yoast.com\/product\/yoast-seo-wordpress\/ -->\n<title>FCA cria novo espa\u00e7o de inova\u00e7\u00e3o com foco no trabalho em rede e colaborativo - CidadeMarketing<\/title>\n<meta name=\"robots\" content=\"index, follow, max-snippet:-1, max-image-preview:large, max-video-preview:-1\" \/>\n<link rel=\"canonical\" href=\"https:\/\/www.cidademarketing.com.br\/marketing\/2019\/12\/21\/fca-cria-novo-espaco-de-inovacao-com-foco-no-trabalho-em-rede-e-colaborativo\/\" \/>\n<meta property=\"og:locale\" content=\"pt_BR\" \/>\n<meta property=\"og:type\" content=\"article\" \/>\n<meta property=\"og:title\" content=\"FCA cria novo espa\u00e7o de inova\u00e7\u00e3o com foco no trabalho em rede e colaborativo - CidadeMarketing\" \/>\n<meta property=\"og:description\" content=\"Para impulsionar a inova\u00e7\u00e3o, o trabalho em rede \u00e9 a estrat\u00e9gia escolhida pela Fiat Chrysler Autom\u00f3veis (FCA), com o desafio de integrar-se a novos ecossistemas e comunidades, em ambientes colaborativos. A ponte para essas conex\u00f5es \u00e9 o HUB FCA, novo espa\u00e7o localizado no Polo Automotivo Fiat, em Betim (MG), inspirado em novas tend\u00eancias e modelos [&hellip;]\" \/>\n<meta property=\"og:url\" content=\"https:\/\/www.cidademarketing.com.br\/marketing\/2019\/12\/21\/fca-cria-novo-espaco-de-inovacao-com-foco-no-trabalho-em-rede-e-colaborativo\/\" \/>\n<meta property=\"og:site_name\" content=\"CidadeMarketing\" \/>\n<meta property=\"article:publisher\" content=\"https:\/\/www.facebook.com\/portalcidademarketing\" \/>\n<meta property=\"article:author\" content=\"https:\/\/www.facebook.com\/thalesbrandao\" \/>\n<meta property=\"article:published_time\" content=\"2019-12-21T03:26:56+00:00\" \/>\n<meta property=\"article:modified_time\" content=\"2019-12-21T03:26:57+00:00\" \/>\n<meta property=\"og:image\" content=\"https:\/\/www.cidademarketing.com.br\/marketing\/wp-content\/uploads\/2019\/12\/FCA-Hub_1.jpeg\" \/>\n\t<meta property=\"og:image:width\" content=\"1500\" \/>\n\t<meta property=\"og:image:height\" content=\"844\" \/>\n\t<meta property=\"og:image:type\" content=\"image\/jpeg\" \/>\n<meta name=\"author\" content=\"Thales Brand\u00e3o\" \/>\n<meta name=\"twitter:card\" content=\"summary_large_image\" \/>\n<meta name=\"twitter:creator\" content=\"@http:\/\/www.twitter.com\/thalesbrandao\" \/>\n<meta name=\"twitter:site\" content=\"@CidadeMarketing\" \/>\n<meta name=\"twitter:label1\" content=\"Escrito por\" \/>\n\t<meta name=\"twitter:data1\" content=\"Thales Brand\u00e3o\" \/>\n\t<meta name=\"twitter:label2\" content=\"Est. tempo de leitura\" \/>\n\t<meta name=\"twitter:data2\" content=\"3 minutos\" \/>\n<script type=\"application\/ld+json\" class=\"yoast-schema-graph\">{\"@context\":\"https:\\\/\\\/schema.org\",\"@graph\":[{\"@type\":\"Article\",\"@id\":\"https:\\\/\\\/www.cidademarketing.com.br\\\/marketing\\\/2019\\\/12\\\/21\\\/fca-cria-novo-espaco-de-inovacao-com-foco-no-trabalho-em-rede-e-colaborativo\\\/#article\",\"isPartOf\":{\"@id\":\"https:\\\/\\\/www.cidademarketing.com.br\\\/marketing\\\/2019\\\/12\\\/21\\\/fca-cria-novo-espaco-de-inovacao-com-foco-no-trabalho-em-rede-e-colaborativo\\\/\"},\"author\":{\"name\":\"Thales Brand\u00e3o\",\"@id\":\"https:\\\/\\\/www.cidademarketing.com.br\\\/marketing\\\/#\\\/schema\\\/person\\\/02daff9f18bd9378c9e01eb6b2db155f\"},\"headline\":\"FCA cria novo espa\u00e7o de inova\u00e7\u00e3o com foco no trabalho em rede e colaborativo\",\"datePublished\":\"2019-12-21T03:26:56+00:00\",\"dateModified\":\"2019-12-21T03:26:57+00:00\",\"mainEntityOfPage\":{\"@id\":\"https:\\\/\\\/www.cidademarketing.com.br\\\/marketing\\\/2019\\\/12\\\/21\\\/fca-cria-novo-espaco-de-inovacao-com-foco-no-trabalho-em-rede-e-colaborativo\\\/\"},\"wordCount\":678,\"commentCount\":0,\"publisher\":{\"@id\":\"https:\\\/\\\/www.cidademarketing.com.br\\\/marketing\\\/#organization\"},\"image\":{\"@id\":\"https:\\\/\\\/www.cidademarketing.com.br\\\/marketing\\\/2019\\\/12\\\/21\\\/fca-cria-novo-espaco-de-inovacao-com-foco-no-trabalho-em-rede-e-colaborativo\\\/#primaryimage\"},\"thumbnailUrl\":\"https:\\\/\\\/www.cidademarketing.com.br\\\/marketing\\\/wp-content\\\/uploads\\\/2019\\\/12\\\/FCA-Hub_1.jpeg\",\"keywords\":[\"administra\u00e7\u00e3o\",\"FCA\",\"hub\",\"inova\u00e7\u00e3o\",\"marketing\"],\"articleSection\":[\"Not\u00edcias\"],\"inLanguage\":\"pt-BR\",\"potentialAction\":[{\"@type\":\"CommentAction\",\"name\":\"Comment\",\"target\":[\"https:\\\/\\\/www.cidademarketing.com.br\\\/marketing\\\/2019\\\/12\\\/21\\\/fca-cria-novo-espaco-de-inovacao-com-foco-no-trabalho-em-rede-e-colaborativo\\\/#respond\"]}]},{\"@type\":\"WebPage\",\"@id\":\"https:\\\/\\\/www.cidademarketing.com.br\\\/marketing\\\/2019\\\/12\\\/21\\\/fca-cria-novo-espaco-de-inovacao-com-foco-no-trabalho-em-rede-e-colaborativo\\\/\",\"url\":\"https:\\\/\\\/www.cidademarketing.com.br\\\/marketing\\\/2019\\\/12\\\/21\\\/fca-cria-novo-espaco-de-inovacao-com-foco-no-trabalho-em-rede-e-colaborativo\\\/\",\"name\":\"FCA cria novo espa\u00e7o de inova\u00e7\u00e3o com foco no trabalho em rede e colaborativo - CidadeMarketing\",\"isPartOf\":{\"@id\":\"https:\\\/\\\/www.cidademarketing.com.br\\\/marketing\\\/#website\"},\"primaryImageOfPage\":{\"@id\":\"https:\\\/\\\/www.cidademarketing.com.br\\\/marketing\\\/2019\\\/12\\\/21\\\/fca-cria-novo-espaco-de-inovacao-com-foco-no-trabalho-em-rede-e-colaborativo\\\/#primaryimage\"},\"image\":{\"@id\":\"https:\\\/\\\/www.cidademarketing.com.br\\\/marketing\\\/2019\\\/12\\\/21\\\/fca-cria-novo-espaco-de-inovacao-com-foco-no-trabalho-em-rede-e-colaborativo\\\/#primaryimage\"},\"thumbnailUrl\":\"https:\\\/\\\/www.cidademarketing.com.br\\\/marketing\\\/wp-content\\\/uploads\\\/2019\\\/12\\\/FCA-Hub_1.jpeg\",\"datePublished\":\"2019-12-21T03:26:56+00:00\",\"dateModified\":\"2019-12-21T03:26:57+00:00\",\"breadcrumb\":{\"@id\":\"https:\\\/\\\/www.cidademarketing.com.br\\\/marketing\\\/2019\\\/12\\\/21\\\/fca-cria-novo-espaco-de-inovacao-com-foco-no-trabalho-em-rede-e-colaborativo\\\/#breadcrumb\"},\"inLanguage\":\"pt-BR\",\"potentialAction\":[{\"@type\":\"ReadAction\",\"target\":[\"https:\\\/\\\/www.cidademarketing.com.br\\\/marketing\\\/2019\\\/12\\\/21\\\/fca-cria-novo-espaco-de-inovacao-com-foco-no-trabalho-em-rede-e-colaborativo\\\/\"]}]},{\"@type\":\"ImageObject\",\"inLanguage\":\"pt-BR\",\"@id\":\"https:\\\/\\\/www.cidademarketing.com.br\\\/marketing\\\/2019\\\/12\\\/21\\\/fca-cria-novo-espaco-de-inovacao-com-foco-no-trabalho-em-rede-e-colaborativo\\\/#primaryimage\",\"url\":\"https:\\\/\\\/www.cidademarketing.com.br\\\/marketing\\\/wp-content\\\/uploads\\\/2019\\\/12\\\/FCA-Hub_1.jpeg\",\"contentUrl\":\"https:\\\/\\\/www.cidademarketing.com.br\\\/marketing\\\/wp-content\\\/uploads\\\/2019\\\/12\\\/FCA-Hub_1.jpeg\",\"width\":1500,\"height\":844,\"caption\":\"BETIM-MG 13.08.2019 FIAT CHRYSLER AUTOMOBILIES - HUB. Foto: Leo Lara\\\/Studio Cerri\"},{\"@type\":\"BreadcrumbList\",\"@id\":\"https:\\\/\\\/www.cidademarketing.com.br\\\/marketing\\\/2019\\\/12\\\/21\\\/fca-cria-novo-espaco-de-inovacao-com-foco-no-trabalho-em-rede-e-colaborativo\\\/#breadcrumb\",\"itemListElement\":[{\"@type\":\"ListItem\",\"position\":1,\"name\":\"In\u00edcio\",\"item\":\"https:\\\/\\\/www.cidademarketing.com.br\\\/marketing\\\/\"},{\"@type\":\"ListItem\",\"position\":2,\"name\":\"FCA cria novo espa\u00e7o de inova\u00e7\u00e3o com foco no trabalho em rede e colaborativo\"}]},{\"@type\":\"WebSite\",\"@id\":\"https:\\\/\\\/www.cidademarketing.com.br\\\/marketing\\\/#website\",\"url\":\"https:\\\/\\\/www.cidademarketing.com.br\\\/marketing\\\/\",\"name\":\"CidadeMarketing\",\"description\":\"Somos um ve\u00edculo de comunica\u00e7\u00e3o de destaque no Brasil, reconhecido por conte\u00fados nos segmentos de marketing, empreendedorismo e inova\u00e7\u00e3o.\",\"publisher\":{\"@id\":\"https:\\\/\\\/www.cidademarketing.com.br\\\/marketing\\\/#organization\"},\"alternateName\":\"CidadeMarketing\",\"potentialAction\":[{\"@type\":\"SearchAction\",\"target\":{\"@type\":\"EntryPoint\",\"urlTemplate\":\"https:\\\/\\\/www.cidademarketing.com.br\\\/marketing\\\/?s={search_term_string}\"},\"query-input\":{\"@type\":\"PropertyValueSpecification\",\"valueRequired\":true,\"valueName\":\"search_term_string\"}}],\"inLanguage\":\"pt-BR\"},{\"@type\":\"Organization\",\"@id\":\"https:\\\/\\\/www.cidademarketing.com.br\\\/marketing\\\/#organization\",\"name\":\"CidadeMarketing\",\"alternateName\":\"CidadeMarketing\",\"url\":\"https:\\\/\\\/www.cidademarketing.com.br\\\/marketing\\\/\",\"logo\":{\"@type\":\"ImageObject\",\"inLanguage\":\"pt-BR\",\"@id\":\"https:\\\/\\\/www.cidademarketing.com.br\\\/marketing\\\/#\\\/schema\\\/logo\\\/image\\\/\",\"url\":\"https:\\\/\\\/www.cidademarketing.com.br\\\/marketing\\\/wp-content\\\/uploads\\\/2020\\\/01\\\/cidademarketing_marca_mobile.png\",\"contentUrl\":\"https:\\\/\\\/www.cidademarketing.com.br\\\/marketing\\\/wp-content\\\/uploads\\\/2020\\\/01\\\/cidademarketing_marca_mobile.png\",\"width\":230,\"height\":92,\"caption\":\"CidadeMarketing\"},\"image\":{\"@id\":\"https:\\\/\\\/www.cidademarketing.com.br\\\/marketing\\\/#\\\/schema\\\/logo\\\/image\\\/\"},\"sameAs\":[\"https:\\\/\\\/www.facebook.com\\\/portalcidademarketing\",\"https:\\\/\\\/x.com\\\/CidadeMarketing\",\"https:\\\/\\\/www.instagram.com\\\/cidademarketing\\\/\"]},{\"@type\":\"Person\",\"@id\":\"https:\\\/\\\/www.cidademarketing.com.br\\\/marketing\\\/#\\\/schema\\\/person\\\/02daff9f18bd9378c9e01eb6b2db155f\",\"name\":\"Thales Brand\u00e3o\",\"image\":{\"@type\":\"ImageObject\",\"inLanguage\":\"pt-BR\",\"@id\":\"https:\\\/\\\/secure.gravatar.com\\\/avatar\\\/7ca3206950207cc3cb48feec56a8a7898741ab725c368d99d5d7a5a50aab80c6?s=96&d=mm&r=g\",\"url\":\"https:\\\/\\\/secure.gravatar.com\\\/avatar\\\/7ca3206950207cc3cb48feec56a8a7898741ab725c368d99d5d7a5a50aab80c6?s=96&d=mm&r=g\",\"contentUrl\":\"https:\\\/\\\/secure.gravatar.com\\\/avatar\\\/7ca3206950207cc3cb48feec56a8a7898741ab725c368d99d5d7a5a50aab80c6?s=96&d=mm&r=g\",\"caption\":\"Thales Brand\u00e3o\"},\"description\":\"Editor Executivo do Portal CidadeMarketing.com.br &gt; Mestre em Comunica\u00e7\u00e3o e Sociedade pela Universidade Federal de Sergipe. Possui MBA Executivo em Administra\u00e7\u00e3o com \u00eanfase em Marketing pela Funda\u00e7\u00e3o Get\u00falio Vargas - Rio de Janeiro. Consultor, Palestrante e Pesquisador sobre Empreendedorismo, Marketing, Redes Sociais e Neg\u00f3cios Digitais. Professor, Palestrante TedxTalks e Campus Party. Twitter: @ThalesBrandao\",\"sameAs\":[\"http:\\\/\\\/www.mandacaru.com.br\",\"https:\\\/\\\/www.facebook.com\\\/thalesbrandao\",\"http:\\\/\\\/www.instagram.com.br\\\/thalesbrandaoferreira\",\"https:\\\/\\\/www.linkedin.com\\\/in\\\/thales-brand\u00e3o-3948609\\\/\",\"https:\\\/\\\/x.com\\\/http:\\\/\\\/www.twitter.com\\\/thalesbrandao\"],\"url\":\"https:\\\/\\\/www.cidademarketing.com.br\\\/marketing\\\/author\\\/thalesbrandao\\\/\"}]}<\/script>\n<!-- \/ Yoast SEO plugin. -->","yoast_head_json":{"title":"FCA cria novo espa\u00e7o de inova\u00e7\u00e3o com foco no trabalho em rede e colaborativo - CidadeMarketing","robots":{"index":"index","follow":"follow","max-snippet":"max-snippet:-1","max-image-preview":"max-image-preview:large","max-video-preview":"max-video-preview:-1"},"canonical":"https:\/\/www.cidademarketing.com.br\/marketing\/2019\/12\/21\/fca-cria-novo-espaco-de-inovacao-com-foco-no-trabalho-em-rede-e-colaborativo\/","og_locale":"pt_BR","og_type":"article","og_title":"FCA cria novo espa\u00e7o de inova\u00e7\u00e3o com foco no trabalho em rede e colaborativo - CidadeMarketing","og_description":"Para impulsionar a inova\u00e7\u00e3o, o trabalho em rede \u00e9 a estrat\u00e9gia escolhida pela Fiat Chrysler Autom\u00f3veis (FCA), com o desafio de integrar-se a novos ecossistemas e comunidades, em ambientes colaborativos. A ponte para essas conex\u00f5es \u00e9 o HUB FCA, novo espa\u00e7o localizado no Polo Automotivo Fiat, em Betim (MG), inspirado em novas tend\u00eancias e modelos [&hellip;]","og_url":"https:\/\/www.cidademarketing.com.br\/marketing\/2019\/12\/21\/fca-cria-novo-espaco-de-inovacao-com-foco-no-trabalho-em-rede-e-colaborativo\/","og_site_name":"CidadeMarketing","article_publisher":"https:\/\/www.facebook.com\/portalcidademarketing","article_author":"https:\/\/www.facebook.com\/thalesbrandao","article_published_time":"2019-12-21T03:26:56+00:00","article_modified_time":"2019-12-21T03:26:57+00:00","og_image":[{"width":1500,"height":844,"url":"https:\/\/www.cidademarketing.com.br\/marketing\/wp-content\/uploads\/2019\/12\/FCA-Hub_1.jpeg","type":"image\/jpeg"}],"author":"Thales Brand\u00e3o","twitter_card":"summary_large_image","twitter_creator":"@http:\/\/www.twitter.com\/thalesbrandao","twitter_site":"@CidadeMarketing","twitter_misc":{"Escrito por":"Thales Brand\u00e3o","Est. tempo de leitura":"3 minutos"},"schema":{"@context":"https:\/\/schema.org","@graph":[{"@type":"Article","@id":"https:\/\/www.cidademarketing.com.br\/marketing\/2019\/12\/21\/fca-cria-novo-espaco-de-inovacao-com-foco-no-trabalho-em-rede-e-colaborativo\/#article","isPartOf":{"@id":"https:\/\/www.cidademarketing.com.br\/marketing\/2019\/12\/21\/fca-cria-novo-espaco-de-inovacao-com-foco-no-trabalho-em-rede-e-colaborativo\/"},"author":{"name":"Thales Brand\u00e3o","@id":"https:\/\/www.cidademarketing.com.br\/marketing\/#\/schema\/person\/02daff9f18bd9378c9e01eb6b2db155f"},"headline":"FCA cria novo espa\u00e7o de inova\u00e7\u00e3o com foco no trabalho em rede e colaborativo","datePublished":"2019-12-21T03:26:56+00:00","dateModified":"2019-12-21T03:26:57+00:00","mainEntityOfPage":{"@id":"https:\/\/www.cidademarketing.com.br\/marketing\/2019\/12\/21\/fca-cria-novo-espaco-de-inovacao-com-foco-no-trabalho-em-rede-e-colaborativo\/"},"wordCount":678,"commentCount":0,"publisher":{"@id":"https:\/\/www.cidademarketing.com.br\/marketing\/#organization"},"image":{"@id":"https:\/\/www.cidademarketing.com.br\/marketing\/2019\/12\/21\/fca-cria-novo-espaco-de-inovacao-com-foco-no-trabalho-em-rede-e-colaborativo\/#primaryimage"},"thumbnailUrl":"https:\/\/www.cidademarketing.com.br\/marketing\/wp-content\/uploads\/2019\/12\/FCA-Hub_1.jpeg","keywords":["administra\u00e7\u00e3o","FCA","hub","inova\u00e7\u00e3o","marketing"],"articleSection":["Not\u00edcias"],"inLanguage":"pt-BR","potentialAction":[{"@type":"CommentAction","name":"Comment","target":["https:\/\/www.cidademarketing.com.br\/marketing\/2019\/12\/21\/fca-cria-novo-espaco-de-inovacao-com-foco-no-trabalho-em-rede-e-colaborativo\/#respond"]}]},{"@type":"WebPage","@id":"https:\/\/www.cidademarketing.com.br\/marketing\/2019\/12\/21\/fca-cria-novo-espaco-de-inovacao-com-foco-no-trabalho-em-rede-e-colaborativo\/","url":"https:\/\/www.cidademarketing.com.br\/marketing\/2019\/12\/21\/fca-cria-novo-espaco-de-inovacao-com-foco-no-trabalho-em-rede-e-colaborativo\/","name":"FCA cria novo espa\u00e7o de inova\u00e7\u00e3o com foco no trabalho em rede e colaborativo - CidadeMarketing","isPartOf":{"@id":"https:\/\/www.cidademarketing.com.br\/marketing\/#website"},"primaryImageOfPage":{"@id":"https:\/\/www.cidademarketing.com.br\/marketing\/2019\/12\/21\/fca-cria-novo-espaco-de-inovacao-com-foco-no-trabalho-em-rede-e-colaborativo\/#primaryimage"},"image":{"@id":"https:\/\/www.cidademarketing.com.br\/marketing\/2019\/12\/21\/fca-cria-novo-espaco-de-inovacao-com-foco-no-trabalho-em-rede-e-colaborativo\/#primaryimage"},"thumbnailUrl":"https:\/\/www.cidademarketing.com.br\/marketing\/wp-content\/uploads\/2019\/12\/FCA-Hub_1.jpeg","datePublished":"2019-12-21T03:26:56+00:00","dateModified":"2019-12-21T03:26:57+00:00","breadcrumb":{"@id":"https:\/\/www.cidademarketing.com.br\/marketing\/2019\/12\/21\/fca-cria-novo-espaco-de-inovacao-com-foco-no-trabalho-em-rede-e-colaborativo\/#breadcrumb"},"inLanguage":"pt-BR","potentialAction":[{"@type":"ReadAction","target":["https:\/\/www.cidademarketing.com.br\/marketing\/2019\/12\/21\/fca-cria-novo-espaco-de-inovacao-com-foco-no-trabalho-em-rede-e-colaborativo\/"]}]},{"@type":"ImageObject","inLanguage":"pt-BR","@id":"https:\/\/www.cidademarketing.com.br\/marketing\/2019\/12\/21\/fca-cria-novo-espaco-de-inovacao-com-foco-no-trabalho-em-rede-e-colaborativo\/#primaryimage","url":"https:\/\/www.cidademarketing.com.br\/marketing\/wp-content\/uploads\/2019\/12\/FCA-Hub_1.jpeg","contentUrl":"https:\/\/www.cidademarketing.com.br\/marketing\/wp-content\/uploads\/2019\/12\/FCA-Hub_1.jpeg","width":1500,"height":844,"caption":"BETIM-MG 13.08.2019 FIAT CHRYSLER AUTOMOBILIES - HUB. Foto: Leo Lara\/Studio Cerri"},{"@type":"BreadcrumbList","@id":"https:\/\/www.cidademarketing.com.br\/marketing\/2019\/12\/21\/fca-cria-novo-espaco-de-inovacao-com-foco-no-trabalho-em-rede-e-colaborativo\/#breadcrumb","itemListElement":[{"@type":"ListItem","position":1,"name":"In\u00edcio","item":"https:\/\/www.cidademarketing.com.br\/marketing\/"},{"@type":"ListItem","position":2,"name":"FCA cria novo espa\u00e7o de inova\u00e7\u00e3o com foco no trabalho em rede e colaborativo"}]},{"@type":"WebSite","@id":"https:\/\/www.cidademarketing.com.br\/marketing\/#website","url":"https:\/\/www.cidademarketing.com.br\/marketing\/","name":"CidadeMarketing","description":"Somos um ve\u00edculo de comunica\u00e7\u00e3o de destaque no Brasil, reconhecido por conte\u00fados nos segmentos de marketing, empreendedorismo e inova\u00e7\u00e3o.","publisher":{"@id":"https:\/\/www.cidademarketing.com.br\/marketing\/#organization"},"alternateName":"CidadeMarketing","potentialAction":[{"@type":"SearchAction","target":{"@type":"EntryPoint","urlTemplate":"https:\/\/www.cidademarketing.com.br\/marketing\/?s={search_term_string}"},"query-input":{"@type":"PropertyValueSpecification","valueRequired":true,"valueName":"search_term_string"}}],"inLanguage":"pt-BR"},{"@type":"Organization","@id":"https:\/\/www.cidademarketing.com.br\/marketing\/#organization","name":"CidadeMarketing","alternateName":"CidadeMarketing","url":"https:\/\/www.cidademarketing.com.br\/marketing\/","logo":{"@type":"ImageObject","inLanguage":"pt-BR","@id":"https:\/\/www.cidademarketing.com.br\/marketing\/#\/schema\/logo\/image\/","url":"https:\/\/www.cidademarketing.com.br\/marketing\/wp-content\/uploads\/2020\/01\/cidademarketing_marca_mobile.png","contentUrl":"https:\/\/www.cidademarketing.com.br\/marketing\/wp-content\/uploads\/2020\/01\/cidademarketing_marca_mobile.png","width":230,"height":92,"caption":"CidadeMarketing"},"image":{"@id":"https:\/\/www.cidademarketing.com.br\/marketing\/#\/schema\/logo\/image\/"},"sameAs":["https:\/\/www.facebook.com\/portalcidademarketing","https:\/\/x.com\/CidadeMarketing","https:\/\/www.instagram.com\/cidademarketing\/"]},{"@type":"Person","@id":"https:\/\/www.cidademarketing.com.br\/marketing\/#\/schema\/person\/02daff9f18bd9378c9e01eb6b2db155f","name":"Thales Brand\u00e3o","image":{"@type":"ImageObject","inLanguage":"pt-BR","@id":"https:\/\/secure.gravatar.com\/avatar\/7ca3206950207cc3cb48feec56a8a7898741ab725c368d99d5d7a5a50aab80c6?s=96&d=mm&r=g","url":"https:\/\/secure.gravatar.com\/avatar\/7ca3206950207cc3cb48feec56a8a7898741ab725c368d99d5d7a5a50aab80c6?s=96&d=mm&r=g","contentUrl":"https:\/\/secure.gravatar.com\/avatar\/7ca3206950207cc3cb48feec56a8a7898741ab725c368d99d5d7a5a50aab80c6?s=96&d=mm&r=g","caption":"Thales Brand\u00e3o"},"description":"Editor Executivo do Portal CidadeMarketing.com.br &gt; Mestre em Comunica\u00e7\u00e3o e Sociedade pela Universidade Federal de Sergipe. Possui MBA Executivo em Administra\u00e7\u00e3o com \u00eanfase em Marketing pela Funda\u00e7\u00e3o Get\u00falio Vargas - Rio de Janeiro. Consultor, Palestrante e Pesquisador sobre Empreendedorismo, Marketing, Redes Sociais e Neg\u00f3cios Digitais. Professor, Palestrante TedxTalks e Campus Party. Twitter: @ThalesBrandao","sameAs":["http:\/\/www.mandacaru.com.br","https:\/\/www.facebook.com\/thalesbrandao","http:\/\/www.instagram.com.br\/thalesbrandaoferreira","https:\/\/www.linkedin.com\/in\/thales-brand\u00e3o-3948609\/","https:\/\/x.com\/http:\/\/www.twitter.com\/thalesbrandao"],"url":"https:\/\/www.cidademarketing.com.br\/marketing\/author\/thalesbrandao\/"}]}},"amp_enabled":true,"_links":{"self":[{"href":"https:\/\/www.cidademarketing.com.br\/marketing\/wp-json\/wp\/v2\/posts\/13280","targetHints":{"allow":["GET"]}}],"collection":[{"href":"https:\/\/www.cidademarketing.com.br\/marketing\/wp-json\/wp\/v2\/posts"}],"about":[{"href":"https:\/\/www.cidademarketing.com.br\/marketing\/wp-json\/wp\/v2\/types\/post"}],"author":[{"embeddable":true,"href":"https:\/\/www.cidademarketing.com.br\/marketing\/wp-json\/wp\/v2\/users\/1"}],"replies":[{"embeddable":true,"href":"https:\/\/www.cidademarketing.com.br\/marketing\/wp-json\/wp\/v2\/comments?post=13280"}],"version-history":[{"count":1,"href":"https:\/\/www.cidademarketing.com.br\/marketing\/wp-json\/wp\/v2\/posts\/13280\/revisions"}],"predecessor-version":[{"id":13285,"href":"https:\/\/www.cidademarketing.com.br\/marketing\/wp-json\/wp\/v2\/posts\/13280\/revisions\/13285"}],"wp:featuredmedia":[{"embeddable":true,"href":"https:\/\/www.cidademarketing.com.br\/marketing\/wp-json\/wp\/v2\/media\/13281"}],"wp:attachment":[{"href":"https:\/\/www.cidademarketing.com.br\/marketing\/wp-json\/wp\/v2\/media?parent=13280"}],"wp:term":[{"taxonomy":"category","embeddable":true,"href":"https:\/\/www.cidademarketing.com.br\/marketing\/wp-json\/wp\/v2\/categories?post=13280"},{"taxonomy":"post_tag","embeddable":true,"href":"https:\/\/www.cidademarketing.com.br\/marketing\/wp-json\/wp\/v2\/tags?post=13280"}],"curies":[{"name":"wp","href":"https:\/\/api.w.org\/{rel}","templated":true}]}}