{"id":13274,"date":"2019-12-21T00:12:05","date_gmt":"2019-12-21T03:12:05","guid":{"rendered":"https:\/\/www.cidademarketing.com.br\/marketing\/?p=13274"},"modified":"2019-12-21T00:12:07","modified_gmt":"2019-12-21T03:12:07","slug":"norteshopping-inaugura-praca-de-alimentacao-infantil","status":"publish","type":"post","link":"https:\/\/www.cidademarketing.com.br\/marketing\/2019\/12\/21\/norteshopping-inaugura-praca-de-alimentacao-infantil\/","title":{"rendered":"NorteShopping inaugura pra\u00e7a de alimenta\u00e7\u00e3o infantil"},"content":{"rendered":"\n<p>O&nbsp;NorteShopping,<strong>&nbsp;<\/strong>principal centro de compras e lazer da\nzona norte carioca, acaba de inaugurar a primeira pra\u00e7a de alimenta\u00e7\u00e3o infantil\ndo Brasil. O espa\u00e7o especial dedicado aos pequenos conta com mobili\u00e1rio\nespec\u00edfico para garotada: todas as mesas e cadeiras s\u00e3o adaptadas para fam\u00edlias com crian\u00e7as,\ntanto nos nichos com casinha, quanto no lounge.&nbsp;Na decora\u00e7\u00e3o, ilhas de grama\nsint\u00e9tica e \u00e1rvores iluminadas tornam o espa\u00e7o mais l\u00fadico. J\u00e1 na \u00e1rea de\nrecrea\u00e7\u00e3o, brinquedos que estimulam a criatividade e o desenvolvimento, como a\nteia de el\u00e1stico, t\u00fanel suspenso de rede,&nbsp;brinquedo&nbsp;musical e jogos na parede completam o ambiente.&nbsp;<\/p>\n\n\n\n<p>\u201cNosso processo\nde revitaliza\u00e7\u00e3o tem trazido as tend\u00eancias do shopping do futuro&nbsp;para as fam\u00edlias\nda Zona Norte do Rio, apostando em\nespa\u00e7os mais completos de conviv\u00eancia, lazer e entretenimento. Somos pioneiros\nnessa iniciativa e seremos cada vez mais um destino que vai muito al\u00e9m das&nbsp;compras\u201d, diz Luiz Muniz,\nsuperintendente do empreendimento.&nbsp;<\/p>\n\n\n\n<p>Celeida, 46,&nbsp;m\u00e3e de&nbsp;Brener, de 6,&nbsp;ficou surpresa com o novo espa\u00e7o. E o desenho exibido no\ncelular, que&nbsp;costuma entreter as crian\u00e7as, foi trocado pela intera\u00e7\u00e3o com o espa\u00e7o recreativo com\nbrinquedos pedag\u00f3gicos.&nbsp;&nbsp;<\/p>\n\n\n\n<p>\u201cMoro aqui h\u00e1 mais de 20 anos e nunca vi nada disso. O&nbsp;Norteshopping&nbsp;est\u00e1 evoluindo, o mundo est\u00e1 evoluindo. Para quem \u00e9\ncliente e mora aqui perto, um espa\u00e7o infantil como esse \u00e9 muito bom. A \u00e1rea de\nrecrea\u00e7\u00e3o tamb\u00e9m \u00e9 um trabalho pedag\u00f3gico. Parab\u00e9ns pelo Go&nbsp;Kids!\u201d, comemora.&nbsp;<\/p>\n\n\n\n<p>A pra\u00e7a&nbsp;<em>kids<\/em>&nbsp;complementa as entregas da revitaliza\u00e7\u00e3o do shopping\nque dedicou \u00e0s crian\u00e7as espa\u00e7os exclusivos.&nbsp;Os beb\u00eas ganharam o Espa\u00e7o Fam\u00edlia, que\ndisp\u00f5e de frald\u00e1rio com dez trocadores e pias, sala de amamenta\u00e7\u00e3o com cadeiras\nconfort\u00e1veis, sala de alimenta\u00e7\u00e3o equipada com bebedouro e micro-ondas,\nbanheiros infantis e tamb\u00e9m&nbsp;para crian\u00e7as portadoras de necessidades\nespeciais, c\u00f4modo para guardar o carrinho do beb\u00ea enquanto o espa\u00e7o \u00e9 utilizado.&nbsp;<\/p>\n\n\n\n<p>J\u00e1&nbsp;as\ncrian\u00e7as&nbsp;maiores&nbsp;t\u00eam \u00e0 sua\ndisposi\u00e7\u00e3o&nbsp;um espa\u00e7o Go&nbsp;Kids. Inovador e tecnol\u00f3gico com brinquedos sustent\u00e1veis e\nexclusivos,&nbsp;a \u00e1rea \u00e9&nbsp;composta&nbsp;por um\nconjunto de relevos feitos de piso emborrachado colorido, que amortece impacto\ne \u00e9 antiderrapante. A interatividade fica por conta de plataformas com sensores\neletr\u00f4nicos que&nbsp;respondem ao pisar, emitindo som e luz. Para completar o\nambiente l\u00fadico, torres de \u00e1gua soltam bolhas e mudam de cor atrav\u00e9s de um\nvidro.&nbsp;&nbsp;<\/p>\n\n\n\n<p>Todos os novos espa\u00e7os fazem parte do projeto que vai&nbsp;transformar o&nbsp;NorteShopping&nbsp;no mais moderno complexo de conviv\u00eancia e socializa\u00e7\u00e3o\npara clientes e lojistas do Rio de Janeiro.&nbsp; O projeto de revitaliza\u00e7\u00e3o\nfaz parte de um plano audacioso da&nbsp;brMalls&nbsp;de investir mais de R$&nbsp;400&nbsp;milh\u00f5es&nbsp;na\nremodela\u00e7\u00e3o dos seus dez principais empreendimentos. Com 370 lojas, fluxo de\nve\u00edculos de 4,5 milh\u00f5es por ano e 110 mil m\u00b2 de ABL (\u00e1rea bruta loc\u00e1vel), o&nbsp;NorteShopping&nbsp;\u00e9 a maior unidade de neg\u00f3cio da empresa, umas das\nprincipais do setor no Brasil&nbsp;com presen\u00e7a relevante nas cinco regi\u00f5es do\npa\u00eds. As interven\u00e7\u00f5es, que j\u00e1 come\u00e7aram, ser\u00e3o conclu\u00eddas em 2021.<\/p>\n\n\n\n<p><strong>Sobre&nbsp;brMalls&nbsp;&nbsp;&nbsp;&nbsp;<\/strong>&nbsp;&nbsp;<\/p>\n\n\n\n<p>A&nbsp;brMalls&nbsp;\u00e9 a maior empresa de shoppings do Brasil, com\nparticipa\u00e7\u00e3o em 32 Shoppings Centers nas cinco regi\u00f5es do pa\u00eds e com mais de\n200 milh\u00f5es de visitas por ano.&nbsp; Orientada pela inova\u00e7\u00e3o e com o prop\u00f3sito\nde transformar seus espa\u00e7os em destino de felicidade e oportunidade, a\ncompanhia busca promover a melhor experi\u00eancia ao consumidor e gerar resultados\ns\u00f3lidos e de longo prazo para lojistas e investidores.&nbsp;<\/p>\n\n\n\n<p><strong>Endere\u00e7o: Norte Shopping &#8211; Av. Dom H\u00e9lder C\u00e2mara, 5474 &#8211;&nbsp;Cachambi, Rio de Janeiro&nbsp;<\/strong>&nbsp;<\/p>\n\n\n\n<p><strong>Telefone: (21) 3315-4300&nbsp;<\/strong>&nbsp;&nbsp;<\/p>\n\n\n\n<p><strong>Site:\u00a0<\/strong><a href=\"https:\/\/www.norteshopping.com.br\/\" target=\"_blank\" rel=\"noreferrer noopener\" aria-label=\" (abre numa nova aba)\"><strong>https:\/\/www.norteshopping.com.br\/<\/strong><\/a><strong>\u00a0<\/strong>\u00a0\u00a0<\/p>\n","protected":false},"excerpt":{"rendered":"<p>O&nbsp;NorteShopping,&nbsp;principal centro de compras e lazer da zona norte carioca, acaba de inaugurar a primeira pra\u00e7a de alimenta\u00e7\u00e3o infantil do Brasil. O espa\u00e7o especial dedicado aos pequenos conta com mobili\u00e1rio espec\u00edfico para garotada: todas as mesas e cadeiras s\u00e3o adaptadas para fam\u00edlias com crian\u00e7as, tanto nos nichos com casinha, quanto no lounge.&nbsp;Na decora\u00e7\u00e3o, ilhas de [&hellip;]<\/p>\n","protected":false},"author":1,"featured_media":13275,"comment_status":"open","ping_status":"open","sticky":false,"template":"","format":"standard","meta":{"tdm_status":"","tdm_grid_status":"","footnotes":""},"categories":[6],"tags":[33,28,2664,228],"class_list":["post-13274","post","type-post","status-publish","format-standard","has-post-thumbnail","hentry","category-noticias","tag-estrategia","tag-marketing","tag-norteshopping","tag-segmentacao-de-mercado"],"yoast_head":"<!-- This site is optimized with the Yoast SEO plugin v27.5 - https:\/\/yoast.com\/product\/yoast-seo-wordpress\/ -->\n<title>NorteShopping inaugura pra\u00e7a de alimenta\u00e7\u00e3o infantil - CidadeMarketing<\/title>\n<meta name=\"robots\" content=\"index, follow, max-snippet:-1, max-image-preview:large, max-video-preview:-1\" \/>\n<link rel=\"canonical\" href=\"https:\/\/www.cidademarketing.com.br\/marketing\/2019\/12\/21\/norteshopping-inaugura-praca-de-alimentacao-infantil\/\" \/>\n<meta property=\"og:locale\" content=\"pt_BR\" \/>\n<meta property=\"og:type\" content=\"article\" \/>\n<meta property=\"og:title\" content=\"NorteShopping inaugura pra\u00e7a de alimenta\u00e7\u00e3o infantil - CidadeMarketing\" \/>\n<meta property=\"og:description\" content=\"O&nbsp;NorteShopping,&nbsp;principal centro de compras e lazer da zona norte carioca, acaba de inaugurar a primeira pra\u00e7a de alimenta\u00e7\u00e3o infantil do Brasil. O espa\u00e7o especial dedicado aos pequenos conta com mobili\u00e1rio espec\u00edfico para garotada: todas as mesas e cadeiras s\u00e3o adaptadas para fam\u00edlias com crian\u00e7as, tanto nos nichos com casinha, quanto no lounge.&nbsp;Na decora\u00e7\u00e3o, ilhas de [&hellip;]\" \/>\n<meta property=\"og:url\" content=\"https:\/\/www.cidademarketing.com.br\/marketing\/2019\/12\/21\/norteshopping-inaugura-praca-de-alimentacao-infantil\/\" \/>\n<meta property=\"og:site_name\" content=\"CidadeMarketing\" \/>\n<meta property=\"article:publisher\" content=\"https:\/\/www.facebook.com\/portalcidademarketing\" \/>\n<meta property=\"article:author\" content=\"https:\/\/www.facebook.com\/thalesbrandao\" \/>\n<meta property=\"article:published_time\" content=\"2019-12-21T03:12:05+00:00\" \/>\n<meta property=\"article:modified_time\" content=\"2019-12-21T03:12:07+00:00\" \/>\n<meta property=\"og:image\" content=\"https:\/\/www.cidademarketing.com.br\/marketing\/wp-content\/uploads\/2019\/12\/Pra\u00e7a-de-alimenta\u00e7\u00e3o-GoKids-NorteShopping-1.jpeg\" \/>\n\t<meta property=\"og:image:width\" content=\"960\" \/>\n\t<meta property=\"og:image:height\" content=\"1280\" \/>\n\t<meta property=\"og:image:type\" content=\"image\/jpeg\" \/>\n<meta name=\"author\" content=\"Thales Brand\u00e3o\" \/>\n<meta name=\"twitter:card\" content=\"summary_large_image\" \/>\n<meta name=\"twitter:creator\" content=\"@http:\/\/www.twitter.com\/thalesbrandao\" \/>\n<meta name=\"twitter:site\" content=\"@CidadeMarketing\" \/>\n<meta name=\"twitter:label1\" content=\"Escrito por\" \/>\n\t<meta name=\"twitter:data1\" content=\"Thales Brand\u00e3o\" \/>\n\t<meta name=\"twitter:label2\" content=\"Est. tempo de leitura\" \/>\n\t<meta name=\"twitter:data2\" content=\"4 minutos\" \/>\n<script type=\"application\/ld+json\" class=\"yoast-schema-graph\">{\"@context\":\"https:\\\/\\\/schema.org\",\"@graph\":[{\"@type\":\"Article\",\"@id\":\"https:\\\/\\\/www.cidademarketing.com.br\\\/marketing\\\/2019\\\/12\\\/21\\\/norteshopping-inaugura-praca-de-alimentacao-infantil\\\/#article\",\"isPartOf\":{\"@id\":\"https:\\\/\\\/www.cidademarketing.com.br\\\/marketing\\\/2019\\\/12\\\/21\\\/norteshopping-inaugura-praca-de-alimentacao-infantil\\\/\"},\"author\":{\"name\":\"Thales Brand\u00e3o\",\"@id\":\"https:\\\/\\\/www.cidademarketing.com.br\\\/marketing\\\/#\\\/schema\\\/person\\\/02daff9f18bd9378c9e01eb6b2db155f\"},\"headline\":\"NorteShopping inaugura pra\u00e7a de alimenta\u00e7\u00e3o infantil\",\"datePublished\":\"2019-12-21T03:12:05+00:00\",\"dateModified\":\"2019-12-21T03:12:07+00:00\",\"mainEntityOfPage\":{\"@id\":\"https:\\\/\\\/www.cidademarketing.com.br\\\/marketing\\\/2019\\\/12\\\/21\\\/norteshopping-inaugura-praca-de-alimentacao-infantil\\\/\"},\"wordCount\":720,\"commentCount\":0,\"publisher\":{\"@id\":\"https:\\\/\\\/www.cidademarketing.com.br\\\/marketing\\\/#organization\"},\"image\":{\"@id\":\"https:\\\/\\\/www.cidademarketing.com.br\\\/marketing\\\/2019\\\/12\\\/21\\\/norteshopping-inaugura-praca-de-alimentacao-infantil\\\/#primaryimage\"},\"thumbnailUrl\":\"https:\\\/\\\/www.cidademarketing.com.br\\\/marketing\\\/wp-content\\\/uploads\\\/2019\\\/12\\\/Pra\u00e7a-de-alimenta\u00e7\u00e3o-GoKids-NorteShopping-1.jpeg\",\"keywords\":[\"estrat\u00e9gia\",\"marketing\",\"NorteShopping\",\"segmenta\u00e7\u00e3o de mercado\"],\"articleSection\":[\"Not\u00edcias\"],\"inLanguage\":\"pt-BR\",\"potentialAction\":[{\"@type\":\"CommentAction\",\"name\":\"Comment\",\"target\":[\"https:\\\/\\\/www.cidademarketing.com.br\\\/marketing\\\/2019\\\/12\\\/21\\\/norteshopping-inaugura-praca-de-alimentacao-infantil\\\/#respond\"]}]},{\"@type\":\"WebPage\",\"@id\":\"https:\\\/\\\/www.cidademarketing.com.br\\\/marketing\\\/2019\\\/12\\\/21\\\/norteshopping-inaugura-praca-de-alimentacao-infantil\\\/\",\"url\":\"https:\\\/\\\/www.cidademarketing.com.br\\\/marketing\\\/2019\\\/12\\\/21\\\/norteshopping-inaugura-praca-de-alimentacao-infantil\\\/\",\"name\":\"NorteShopping inaugura pra\u00e7a de alimenta\u00e7\u00e3o infantil - CidadeMarketing\",\"isPartOf\":{\"@id\":\"https:\\\/\\\/www.cidademarketing.com.br\\\/marketing\\\/#website\"},\"primaryImageOfPage\":{\"@id\":\"https:\\\/\\\/www.cidademarketing.com.br\\\/marketing\\\/2019\\\/12\\\/21\\\/norteshopping-inaugura-praca-de-alimentacao-infantil\\\/#primaryimage\"},\"image\":{\"@id\":\"https:\\\/\\\/www.cidademarketing.com.br\\\/marketing\\\/2019\\\/12\\\/21\\\/norteshopping-inaugura-praca-de-alimentacao-infantil\\\/#primaryimage\"},\"thumbnailUrl\":\"https:\\\/\\\/www.cidademarketing.com.br\\\/marketing\\\/wp-content\\\/uploads\\\/2019\\\/12\\\/Pra\u00e7a-de-alimenta\u00e7\u00e3o-GoKids-NorteShopping-1.jpeg\",\"datePublished\":\"2019-12-21T03:12:05+00:00\",\"dateModified\":\"2019-12-21T03:12:07+00:00\",\"breadcrumb\":{\"@id\":\"https:\\\/\\\/www.cidademarketing.com.br\\\/marketing\\\/2019\\\/12\\\/21\\\/norteshopping-inaugura-praca-de-alimentacao-infantil\\\/#breadcrumb\"},\"inLanguage\":\"pt-BR\",\"potentialAction\":[{\"@type\":\"ReadAction\",\"target\":[\"https:\\\/\\\/www.cidademarketing.com.br\\\/marketing\\\/2019\\\/12\\\/21\\\/norteshopping-inaugura-praca-de-alimentacao-infantil\\\/\"]}]},{\"@type\":\"ImageObject\",\"inLanguage\":\"pt-BR\",\"@id\":\"https:\\\/\\\/www.cidademarketing.com.br\\\/marketing\\\/2019\\\/12\\\/21\\\/norteshopping-inaugura-praca-de-alimentacao-infantil\\\/#primaryimage\",\"url\":\"https:\\\/\\\/www.cidademarketing.com.br\\\/marketing\\\/wp-content\\\/uploads\\\/2019\\\/12\\\/Pra\u00e7a-de-alimenta\u00e7\u00e3o-GoKids-NorteShopping-1.jpeg\",\"contentUrl\":\"https:\\\/\\\/www.cidademarketing.com.br\\\/marketing\\\/wp-content\\\/uploads\\\/2019\\\/12\\\/Pra\u00e7a-de-alimenta\u00e7\u00e3o-GoKids-NorteShopping-1.jpeg\",\"width\":960,\"height\":1280,\"caption\":\"Divulga\u00e7\u00e3o\"},{\"@type\":\"BreadcrumbList\",\"@id\":\"https:\\\/\\\/www.cidademarketing.com.br\\\/marketing\\\/2019\\\/12\\\/21\\\/norteshopping-inaugura-praca-de-alimentacao-infantil\\\/#breadcrumb\",\"itemListElement\":[{\"@type\":\"ListItem\",\"position\":1,\"name\":\"In\u00edcio\",\"item\":\"https:\\\/\\\/www.cidademarketing.com.br\\\/marketing\\\/\"},{\"@type\":\"ListItem\",\"position\":2,\"name\":\"NorteShopping inaugura pra\u00e7a de alimenta\u00e7\u00e3o infantil\"}]},{\"@type\":\"WebSite\",\"@id\":\"https:\\\/\\\/www.cidademarketing.com.br\\\/marketing\\\/#website\",\"url\":\"https:\\\/\\\/www.cidademarketing.com.br\\\/marketing\\\/\",\"name\":\"CidadeMarketing\",\"description\":\"Somos um ve\u00edculo de comunica\u00e7\u00e3o de destaque no Brasil, reconhecido por conte\u00fados nos segmentos de marketing, empreendedorismo e inova\u00e7\u00e3o.\",\"publisher\":{\"@id\":\"https:\\\/\\\/www.cidademarketing.com.br\\\/marketing\\\/#organization\"},\"alternateName\":\"CidadeMarketing\",\"potentialAction\":[{\"@type\":\"SearchAction\",\"target\":{\"@type\":\"EntryPoint\",\"urlTemplate\":\"https:\\\/\\\/www.cidademarketing.com.br\\\/marketing\\\/?s={search_term_string}\"},\"query-input\":{\"@type\":\"PropertyValueSpecification\",\"valueRequired\":true,\"valueName\":\"search_term_string\"}}],\"inLanguage\":\"pt-BR\"},{\"@type\":\"Organization\",\"@id\":\"https:\\\/\\\/www.cidademarketing.com.br\\\/marketing\\\/#organization\",\"name\":\"CidadeMarketing\",\"alternateName\":\"CidadeMarketing\",\"url\":\"https:\\\/\\\/www.cidademarketing.com.br\\\/marketing\\\/\",\"logo\":{\"@type\":\"ImageObject\",\"inLanguage\":\"pt-BR\",\"@id\":\"https:\\\/\\\/www.cidademarketing.com.br\\\/marketing\\\/#\\\/schema\\\/logo\\\/image\\\/\",\"url\":\"https:\\\/\\\/www.cidademarketing.com.br\\\/marketing\\\/wp-content\\\/uploads\\\/2020\\\/01\\\/cidademarketing_marca_mobile.png\",\"contentUrl\":\"https:\\\/\\\/www.cidademarketing.com.br\\\/marketing\\\/wp-content\\\/uploads\\\/2020\\\/01\\\/cidademarketing_marca_mobile.png\",\"width\":230,\"height\":92,\"caption\":\"CidadeMarketing\"},\"image\":{\"@id\":\"https:\\\/\\\/www.cidademarketing.com.br\\\/marketing\\\/#\\\/schema\\\/logo\\\/image\\\/\"},\"sameAs\":[\"https:\\\/\\\/www.facebook.com\\\/portalcidademarketing\",\"https:\\\/\\\/x.com\\\/CidadeMarketing\",\"https:\\\/\\\/www.instagram.com\\\/cidademarketing\\\/\"]},{\"@type\":\"Person\",\"@id\":\"https:\\\/\\\/www.cidademarketing.com.br\\\/marketing\\\/#\\\/schema\\\/person\\\/02daff9f18bd9378c9e01eb6b2db155f\",\"name\":\"Thales Brand\u00e3o\",\"image\":{\"@type\":\"ImageObject\",\"inLanguage\":\"pt-BR\",\"@id\":\"https:\\\/\\\/secure.gravatar.com\\\/avatar\\\/7ca3206950207cc3cb48feec56a8a7898741ab725c368d99d5d7a5a50aab80c6?s=96&d=mm&r=g\",\"url\":\"https:\\\/\\\/secure.gravatar.com\\\/avatar\\\/7ca3206950207cc3cb48feec56a8a7898741ab725c368d99d5d7a5a50aab80c6?s=96&d=mm&r=g\",\"contentUrl\":\"https:\\\/\\\/secure.gravatar.com\\\/avatar\\\/7ca3206950207cc3cb48feec56a8a7898741ab725c368d99d5d7a5a50aab80c6?s=96&d=mm&r=g\",\"caption\":\"Thales Brand\u00e3o\"},\"description\":\"Editor Executivo do Portal CidadeMarketing.com.br &gt; Mestre em Comunica\u00e7\u00e3o e Sociedade pela Universidade Federal de Sergipe. Possui MBA Executivo em Administra\u00e7\u00e3o com \u00eanfase em Marketing pela Funda\u00e7\u00e3o Get\u00falio Vargas - Rio de Janeiro. Consultor, Palestrante e Pesquisador sobre Empreendedorismo, Marketing, Redes Sociais e Neg\u00f3cios Digitais. Professor, Palestrante TedxTalks e Campus Party. Twitter: @ThalesBrandao\",\"sameAs\":[\"http:\\\/\\\/www.mandacaru.com.br\",\"https:\\\/\\\/www.facebook.com\\\/thalesbrandao\",\"http:\\\/\\\/www.instagram.com.br\\\/thalesbrandaoferreira\",\"https:\\\/\\\/www.linkedin.com\\\/in\\\/thales-brand\u00e3o-3948609\\\/\",\"https:\\\/\\\/x.com\\\/http:\\\/\\\/www.twitter.com\\\/thalesbrandao\"],\"url\":\"https:\\\/\\\/www.cidademarketing.com.br\\\/marketing\\\/author\\\/thalesbrandao\\\/\"}]}<\/script>\n<!-- \/ Yoast SEO plugin. -->","yoast_head_json":{"title":"NorteShopping inaugura pra\u00e7a de alimenta\u00e7\u00e3o infantil - CidadeMarketing","robots":{"index":"index","follow":"follow","max-snippet":"max-snippet:-1","max-image-preview":"max-image-preview:large","max-video-preview":"max-video-preview:-1"},"canonical":"https:\/\/www.cidademarketing.com.br\/marketing\/2019\/12\/21\/norteshopping-inaugura-praca-de-alimentacao-infantil\/","og_locale":"pt_BR","og_type":"article","og_title":"NorteShopping inaugura pra\u00e7a de alimenta\u00e7\u00e3o infantil - CidadeMarketing","og_description":"O&nbsp;NorteShopping,&nbsp;principal centro de compras e lazer da zona norte carioca, acaba de inaugurar a primeira pra\u00e7a de alimenta\u00e7\u00e3o infantil do Brasil. O espa\u00e7o especial dedicado aos pequenos conta com mobili\u00e1rio espec\u00edfico para garotada: todas as mesas e cadeiras s\u00e3o adaptadas para fam\u00edlias com crian\u00e7as, tanto nos nichos com casinha, quanto no lounge.&nbsp;Na decora\u00e7\u00e3o, ilhas de [&hellip;]","og_url":"https:\/\/www.cidademarketing.com.br\/marketing\/2019\/12\/21\/norteshopping-inaugura-praca-de-alimentacao-infantil\/","og_site_name":"CidadeMarketing","article_publisher":"https:\/\/www.facebook.com\/portalcidademarketing","article_author":"https:\/\/www.facebook.com\/thalesbrandao","article_published_time":"2019-12-21T03:12:05+00:00","article_modified_time":"2019-12-21T03:12:07+00:00","og_image":[{"width":960,"height":1280,"url":"https:\/\/www.cidademarketing.com.br\/marketing\/wp-content\/uploads\/2019\/12\/Pra\u00e7a-de-alimenta\u00e7\u00e3o-GoKids-NorteShopping-1.jpeg","type":"image\/jpeg"}],"author":"Thales Brand\u00e3o","twitter_card":"summary_large_image","twitter_creator":"@http:\/\/www.twitter.com\/thalesbrandao","twitter_site":"@CidadeMarketing","twitter_misc":{"Escrito por":"Thales Brand\u00e3o","Est. tempo de leitura":"4 minutos"},"schema":{"@context":"https:\/\/schema.org","@graph":[{"@type":"Article","@id":"https:\/\/www.cidademarketing.com.br\/marketing\/2019\/12\/21\/norteshopping-inaugura-praca-de-alimentacao-infantil\/#article","isPartOf":{"@id":"https:\/\/www.cidademarketing.com.br\/marketing\/2019\/12\/21\/norteshopping-inaugura-praca-de-alimentacao-infantil\/"},"author":{"name":"Thales Brand\u00e3o","@id":"https:\/\/www.cidademarketing.com.br\/marketing\/#\/schema\/person\/02daff9f18bd9378c9e01eb6b2db155f"},"headline":"NorteShopping inaugura pra\u00e7a de alimenta\u00e7\u00e3o infantil","datePublished":"2019-12-21T03:12:05+00:00","dateModified":"2019-12-21T03:12:07+00:00","mainEntityOfPage":{"@id":"https:\/\/www.cidademarketing.com.br\/marketing\/2019\/12\/21\/norteshopping-inaugura-praca-de-alimentacao-infantil\/"},"wordCount":720,"commentCount":0,"publisher":{"@id":"https:\/\/www.cidademarketing.com.br\/marketing\/#organization"},"image":{"@id":"https:\/\/www.cidademarketing.com.br\/marketing\/2019\/12\/21\/norteshopping-inaugura-praca-de-alimentacao-infantil\/#primaryimage"},"thumbnailUrl":"https:\/\/www.cidademarketing.com.br\/marketing\/wp-content\/uploads\/2019\/12\/Pra\u00e7a-de-alimenta\u00e7\u00e3o-GoKids-NorteShopping-1.jpeg","keywords":["estrat\u00e9gia","marketing","NorteShopping","segmenta\u00e7\u00e3o de mercado"],"articleSection":["Not\u00edcias"],"inLanguage":"pt-BR","potentialAction":[{"@type":"CommentAction","name":"Comment","target":["https:\/\/www.cidademarketing.com.br\/marketing\/2019\/12\/21\/norteshopping-inaugura-praca-de-alimentacao-infantil\/#respond"]}]},{"@type":"WebPage","@id":"https:\/\/www.cidademarketing.com.br\/marketing\/2019\/12\/21\/norteshopping-inaugura-praca-de-alimentacao-infantil\/","url":"https:\/\/www.cidademarketing.com.br\/marketing\/2019\/12\/21\/norteshopping-inaugura-praca-de-alimentacao-infantil\/","name":"NorteShopping inaugura pra\u00e7a de alimenta\u00e7\u00e3o infantil - CidadeMarketing","isPartOf":{"@id":"https:\/\/www.cidademarketing.com.br\/marketing\/#website"},"primaryImageOfPage":{"@id":"https:\/\/www.cidademarketing.com.br\/marketing\/2019\/12\/21\/norteshopping-inaugura-praca-de-alimentacao-infantil\/#primaryimage"},"image":{"@id":"https:\/\/www.cidademarketing.com.br\/marketing\/2019\/12\/21\/norteshopping-inaugura-praca-de-alimentacao-infantil\/#primaryimage"},"thumbnailUrl":"https:\/\/www.cidademarketing.com.br\/marketing\/wp-content\/uploads\/2019\/12\/Pra\u00e7a-de-alimenta\u00e7\u00e3o-GoKids-NorteShopping-1.jpeg","datePublished":"2019-12-21T03:12:05+00:00","dateModified":"2019-12-21T03:12:07+00:00","breadcrumb":{"@id":"https:\/\/www.cidademarketing.com.br\/marketing\/2019\/12\/21\/norteshopping-inaugura-praca-de-alimentacao-infantil\/#breadcrumb"},"inLanguage":"pt-BR","potentialAction":[{"@type":"ReadAction","target":["https:\/\/www.cidademarketing.com.br\/marketing\/2019\/12\/21\/norteshopping-inaugura-praca-de-alimentacao-infantil\/"]}]},{"@type":"ImageObject","inLanguage":"pt-BR","@id":"https:\/\/www.cidademarketing.com.br\/marketing\/2019\/12\/21\/norteshopping-inaugura-praca-de-alimentacao-infantil\/#primaryimage","url":"https:\/\/www.cidademarketing.com.br\/marketing\/wp-content\/uploads\/2019\/12\/Pra\u00e7a-de-alimenta\u00e7\u00e3o-GoKids-NorteShopping-1.jpeg","contentUrl":"https:\/\/www.cidademarketing.com.br\/marketing\/wp-content\/uploads\/2019\/12\/Pra\u00e7a-de-alimenta\u00e7\u00e3o-GoKids-NorteShopping-1.jpeg","width":960,"height":1280,"caption":"Divulga\u00e7\u00e3o"},{"@type":"BreadcrumbList","@id":"https:\/\/www.cidademarketing.com.br\/marketing\/2019\/12\/21\/norteshopping-inaugura-praca-de-alimentacao-infantil\/#breadcrumb","itemListElement":[{"@type":"ListItem","position":1,"name":"In\u00edcio","item":"https:\/\/www.cidademarketing.com.br\/marketing\/"},{"@type":"ListItem","position":2,"name":"NorteShopping inaugura pra\u00e7a de alimenta\u00e7\u00e3o infantil"}]},{"@type":"WebSite","@id":"https:\/\/www.cidademarketing.com.br\/marketing\/#website","url":"https:\/\/www.cidademarketing.com.br\/marketing\/","name":"CidadeMarketing","description":"Somos um ve\u00edculo de comunica\u00e7\u00e3o de destaque no Brasil, reconhecido por conte\u00fados nos segmentos de marketing, empreendedorismo e inova\u00e7\u00e3o.","publisher":{"@id":"https:\/\/www.cidademarketing.com.br\/marketing\/#organization"},"alternateName":"CidadeMarketing","potentialAction":[{"@type":"SearchAction","target":{"@type":"EntryPoint","urlTemplate":"https:\/\/www.cidademarketing.com.br\/marketing\/?s={search_term_string}"},"query-input":{"@type":"PropertyValueSpecification","valueRequired":true,"valueName":"search_term_string"}}],"inLanguage":"pt-BR"},{"@type":"Organization","@id":"https:\/\/www.cidademarketing.com.br\/marketing\/#organization","name":"CidadeMarketing","alternateName":"CidadeMarketing","url":"https:\/\/www.cidademarketing.com.br\/marketing\/","logo":{"@type":"ImageObject","inLanguage":"pt-BR","@id":"https:\/\/www.cidademarketing.com.br\/marketing\/#\/schema\/logo\/image\/","url":"https:\/\/www.cidademarketing.com.br\/marketing\/wp-content\/uploads\/2020\/01\/cidademarketing_marca_mobile.png","contentUrl":"https:\/\/www.cidademarketing.com.br\/marketing\/wp-content\/uploads\/2020\/01\/cidademarketing_marca_mobile.png","width":230,"height":92,"caption":"CidadeMarketing"},"image":{"@id":"https:\/\/www.cidademarketing.com.br\/marketing\/#\/schema\/logo\/image\/"},"sameAs":["https:\/\/www.facebook.com\/portalcidademarketing","https:\/\/x.com\/CidadeMarketing","https:\/\/www.instagram.com\/cidademarketing\/"]},{"@type":"Person","@id":"https:\/\/www.cidademarketing.com.br\/marketing\/#\/schema\/person\/02daff9f18bd9378c9e01eb6b2db155f","name":"Thales Brand\u00e3o","image":{"@type":"ImageObject","inLanguage":"pt-BR","@id":"https:\/\/secure.gravatar.com\/avatar\/7ca3206950207cc3cb48feec56a8a7898741ab725c368d99d5d7a5a50aab80c6?s=96&d=mm&r=g","url":"https:\/\/secure.gravatar.com\/avatar\/7ca3206950207cc3cb48feec56a8a7898741ab725c368d99d5d7a5a50aab80c6?s=96&d=mm&r=g","contentUrl":"https:\/\/secure.gravatar.com\/avatar\/7ca3206950207cc3cb48feec56a8a7898741ab725c368d99d5d7a5a50aab80c6?s=96&d=mm&r=g","caption":"Thales Brand\u00e3o"},"description":"Editor Executivo do Portal CidadeMarketing.com.br &gt; Mestre em Comunica\u00e7\u00e3o e Sociedade pela Universidade Federal de Sergipe. Possui MBA Executivo em Administra\u00e7\u00e3o com \u00eanfase em Marketing pela Funda\u00e7\u00e3o Get\u00falio Vargas - Rio de Janeiro. Consultor, Palestrante e Pesquisador sobre Empreendedorismo, Marketing, Redes Sociais e Neg\u00f3cios Digitais. Professor, Palestrante TedxTalks e Campus Party. Twitter: @ThalesBrandao","sameAs":["http:\/\/www.mandacaru.com.br","https:\/\/www.facebook.com\/thalesbrandao","http:\/\/www.instagram.com.br\/thalesbrandaoferreira","https:\/\/www.linkedin.com\/in\/thales-brand\u00e3o-3948609\/","https:\/\/x.com\/http:\/\/www.twitter.com\/thalesbrandao"],"url":"https:\/\/www.cidademarketing.com.br\/marketing\/author\/thalesbrandao\/"}]}},"amp_enabled":true,"_links":{"self":[{"href":"https:\/\/www.cidademarketing.com.br\/marketing\/wp-json\/wp\/v2\/posts\/13274","targetHints":{"allow":["GET"]}}],"collection":[{"href":"https:\/\/www.cidademarketing.com.br\/marketing\/wp-json\/wp\/v2\/posts"}],"about":[{"href":"https:\/\/www.cidademarketing.com.br\/marketing\/wp-json\/wp\/v2\/types\/post"}],"author":[{"embeddable":true,"href":"https:\/\/www.cidademarketing.com.br\/marketing\/wp-json\/wp\/v2\/users\/1"}],"replies":[{"embeddable":true,"href":"https:\/\/www.cidademarketing.com.br\/marketing\/wp-json\/wp\/v2\/comments?post=13274"}],"version-history":[{"count":1,"href":"https:\/\/www.cidademarketing.com.br\/marketing\/wp-json\/wp\/v2\/posts\/13274\/revisions"}],"predecessor-version":[{"id":13276,"href":"https:\/\/www.cidademarketing.com.br\/marketing\/wp-json\/wp\/v2\/posts\/13274\/revisions\/13276"}],"wp:featuredmedia":[{"embeddable":true,"href":"https:\/\/www.cidademarketing.com.br\/marketing\/wp-json\/wp\/v2\/media\/13275"}],"wp:attachment":[{"href":"https:\/\/www.cidademarketing.com.br\/marketing\/wp-json\/wp\/v2\/media?parent=13274"}],"wp:term":[{"taxonomy":"category","embeddable":true,"href":"https:\/\/www.cidademarketing.com.br\/marketing\/wp-json\/wp\/v2\/categories?post=13274"},{"taxonomy":"post_tag","embeddable":true,"href":"https:\/\/www.cidademarketing.com.br\/marketing\/wp-json\/wp\/v2\/tags?post=13274"}],"curies":[{"name":"wp","href":"https:\/\/api.w.org\/{rel}","templated":true}]}}