{"id":13128,"date":"2019-12-10T00:25:24","date_gmt":"2019-12-10T03:25:24","guid":{"rendered":"https:\/\/www.cidademarketing.com.br\/marketing\/?p=13128"},"modified":"2019-12-10T00:25:25","modified_gmt":"2019-12-10T03:25:25","slug":"pao-de-acucar-traz-opcoes-de-ceias-e-cardapios-customizados-para-o-natal-e-ano-novo","status":"publish","type":"post","link":"https:\/\/www.cidademarketing.com.br\/marketing\/2019\/12\/10\/pao-de-acucar-traz-opcoes-de-ceias-e-cardapios-customizados-para-o-natal-e-ano-novo\/","title":{"rendered":"P\u00e3o de A\u00e7\u00facar traz op\u00e7\u00f5es de ceias e card\u00e1pios customizados para o Natal e Ano Novo"},"content":{"rendered":"\n<p>A data mais especial para a celebra\u00e7\u00e3o dos encontros e das\nconquistas de mais um ano est\u00e1 chegando. E para que esses momentos sejam\ninesquec\u00edveis e ainda mais felizes, o P\u00e3o de A\u00e7\u00facar j\u00e1 est\u00e1 com as encomendas\nabertas para as tradicionais e saborosas Ceia de Natal e Ceia de Fim de Ano.\nCom receitas exclusivas e preparadas por um time de especialistas, os pratos\nprontos do P\u00e3o de A\u00e7\u00facar s\u00e3o feitos com ingredientes fresquinhos e\nselecionados, levando \u00e0 mesa todo o sabor para compartilhar entre os amigos e\nfamiliares. <\/p>\n\n\n\n<p>Al\u00e9m de kits prontos que oferecem toda a praticidade de uma ceia completa, o cliente do <strong>P\u00e3o de A\u00e7\u00facar<\/strong> tamb\u00e9m pode selecionar a op\u00e7\u00e3o que desejar em um card\u00e1pio recheado com entradas, pratos principais, acompanhamentos e sobremesas, montando a sua ceia da maneira que desejar. As encomendas podem ser realizadas na Rotisserie de cada loja P\u00e3o de A\u00e7\u00facar com at\u00e9 <strong>48 horas de anteced\u00eancia <\/strong>&#8211; <strong>at\u00e9 as 12h do dia 22 de dezembro para o Natal; e at\u00e9 dia 29 para a virada do ano<\/strong>. <strong>Para 2019, o P\u00e3o de A\u00e7\u00facar espera crescimento de at\u00e9 dois d\u00edgitos em rela\u00e7\u00e3o ao ano passado, com a venda das ceias prontas<\/strong>. Os pratos poder\u00e3o ser degustados em lojas selecionadas do P\u00e3o A\u00e7\u00facar para que o cliente conhe\u00e7a o sabor de cada op\u00e7\u00e3o antes de montar a sua pr\u00f3pria ceia, e os produtos parcelados em at\u00e9 3x sem juros nos cart\u00f5es de cr\u00e9dito.\u00a0<\/p>\n\n\n\n<p>Nas op\u00e7\u00f5es de ceias prontas, o consumidor do P\u00e3o de A\u00e7\u00facar conta com as op\u00e7\u00f5es <strong>Boas Festas,<\/strong> <strong>Completa e Cl\u00e1ssica<\/strong>. A primeira serve de <strong>4 a 6 pessoas<\/strong> e vem com os itens <strong>Cestinhas de Siri, Caponata Especial, Lombo com molho de Cebolinha e Alecrim, Bacalhau \u00e0 Gomes de S\u00e1, Arroz com Alho Por\u00f3 e Am\u00eandoas Douradas e Farofa de Azeitonas e Lingui\u00e7a Defumada<\/strong>. O pre\u00e7o m\u00e9dio por pessoa sai R$ 49,83; J\u00e1 a <strong>Completa <\/strong>\u00e9 composta com os deliciosos pratos<strong> Chester com ervas, alho confit e figo fresco, Salpic\u00e3o de Frango, Arroz de Quinoa Damasco e Passas, Farofa de Banana da Terra e Bacon, Couscous Marroquino com Lentilha e Gr\u00e3o de Bico Tender Calif\u00f3rnia e Molho Crocante de Frutas Secas.<\/strong> O kit serve de <strong>seis a oito<\/strong> pessoas por um valor m\u00e9dio de R$ 48,62; O kit Cl\u00e1ssico, que serve at\u00e9 dezesseis pessoas, \u00e9 composto por Bolinho de Bacalhau Portugu\u00eas, Peru com Frutas Frescas, Pernil assado ao Alho e Alecrim, Arroz com Alho Por\u00f3 e Am\u00eandoas Douradas, \u00a0Arroz de Quinoa Damasco e Passas, Legumes R\u00fasticos, Salpic\u00e3o de Frango, Farofa de Azeitonas e Lingui\u00e7a Defumada e Molho de Cebolinha e Alecrim. Nesta vers\u00e3o, o pre\u00e7o por pessoa fica em torno de R$ 43,68. Os pre\u00e7os s\u00e3o v\u00e1lidos exclusivamente para clientes P\u00e3o de A\u00e7\u00facar Mais, que pode ser baixado gratuitamente nas lojas de aplicativos Apple Store ou Google Play.<\/p>\n\n\n\n<div class=\"wp-block-image\"><figure class=\"aligncenter size-large\"><img fetchpriority=\"high\" decoding=\"async\" width=\"382\" height=\"256\" src=\"https:\/\/www.cidademarketing.com.br\/marketing\/wp-content\/uploads\/2019\/12\/paodeacucar_ceiadenatal.png\" alt=\"\" class=\"wp-image-13130\" srcset=\"https:\/\/www.cidademarketing.com.br\/marketing\/wp-content\/uploads\/2019\/12\/paodeacucar_ceiadenatal.png 382w, https:\/\/www.cidademarketing.com.br\/marketing\/wp-content\/uploads\/2019\/12\/paodeacucar_ceiadenatal-300x201.png 300w\" sizes=\"(max-width: 382px) 100vw, 382px\" \/><figcaption>Divulga\u00e7\u00e3o<\/figcaption><\/figure><\/div>\n\n\n\n<p><strong>Novidades nos panetones<\/strong>&nbsp;<\/p>\n\n\n\n<p>Al\u00e9m de todas as del\u00edcias do card\u00e1pio de fim de ano, o P\u00e3o de\nA\u00e7\u00facar lan\u00e7ou sabores de panetone para complementar as op\u00e7\u00f5es de sobremesa, com\nnovas e deliciosas receitas de fabrica\u00e7\u00e3o pr\u00f3pria.&nbsp;<\/p>\n\n\n\n<p>No <strong>P\u00e3o de A\u00e7\u00facar<\/strong>, os clientes poder\u00e3o saborear: <strong>Panetone\nde Red Velvet<\/strong>, uma releitura do c\u00e9lebre bolo de massa avermelhada, por R$\n26,90 a unidade de 500g, <strong>Gr\u00e3os com Frutas Secas e Granola<\/strong>, que custa R$\n26,90 a unidade de 500 g; <strong>Brigadeiro<\/strong>, por R$ 26,90 a unidade de 700g; <strong>Panetone\nMeio Amargo<\/strong>, por R$ 26,90 a unidade de 700g. E as del\u00edcias n\u00e3o ficam\nrestritas \u00e0s que t\u00eam clima natalino. Os clientes tamb\u00e9m encontram sobremesas de\ndar \u00e1gua na boca produzidas na Padaria das lojas, como bolos e tortas, ideais\npara complementar um almo\u00e7o ou jantar especial com amigos e familiares. O P\u00e3o\nde A\u00e7\u00facar traz receitas deliciosas como <strong>Cheese Cake Red Velvet<\/strong> <strong>com\nFrutas Vermelhas<\/strong> (R$ 35,90\/kg), <strong>Bolo Brigadeiro de Am\u00eandoa e Ninho<\/strong>\n(R$ 46,70\/kg), <strong>Bolo Baba de Mo\u00e7a com Frutas Secas<\/strong> (R$ 62,90\/kg), <strong>Bolo\nChocolate com Carolina<\/strong> (R$ 62,90\/kg), <strong>Bolo trufado de Maracuj\u00e1<\/strong> (R$\n62,90\/kg) e <strong>Manjar com calda de Ameixa<\/strong> (R$ 26,00\/kg). <strong>Todos os pre\u00e7os\ntamb\u00e9m s\u00e3o v\u00e1lidos para clientes P\u00e3o de A\u00e7\u00facar Mais.&nbsp;<\/strong><\/p>\n\n\n\n<p><strong>Confira o card\u00e1pio completo e ou acesse a revista digitalizada com\ntodas as op\u00e7\u00f5es:<\/strong><\/p>\n\n\n\n<p><strong>Entradas:<\/strong>&nbsp;<\/p>\n\n\n\n<ul class=\"wp-block-list\"><li>P\u00e3o italiano \u2013 R$ 7,39 por 100g\u00a0(oferta Cliente Mais)<\/li><li>Caponata especial R$ 5,39 por 100g\u00a0(oferta Cliente Mais)<\/li><li>Bolinho de bacalhau portugu\u00eas 100g R$ 7,73 por 100g (oferta Cliente Mais)<\/li><li>Cuscuz de camar\u00e3o\u2013 R$ 4,39 por 100g\u00a0(oferta Cliente Mais)<\/li><li>Azeitona preta com caro\u00e7o 250 g \u2013 R$ 10,70 (Cliente Mais)<\/li><li>Salada de gr\u00e3o-de-bico com bacalhau ao lim\u00e3o \u2013 R$ 3,29 por 100 g\u00a0 (oferta Cliente Mais)<\/li><li>T\u00e1bua de queijos com peda\u00e7os e fatias\u2013 R$ 8,98 por 100 g\u00a0      (oferta Cliente Mais)<\/li><li>Cuscuz marroquino com lentilha e gr\u00e3o de bico\u2013 R$ 4,39 por 100 g\u00a0      (oferta Cliente Mais)<\/li><li>Azeitona preta portuguesa 250 g Qualit\u00e1      \u2013 R$ 10,70 (Cliente Mais)<\/li><li>Azeitona verde sem caro\u00e7o ou recheada 250 g Qualit\u00e1 \u2013 R$ 11,00      \u00a0(Cliente Mais)<\/li><li>Cestinha de siri 45g \u2013 R$ 10,90 (Cliente Mais)<\/li><li>Azeitona preta azapa \u00a0Qualit\u00e1 250g \u2013 R$ 12,50 (Cliente Mais)<\/li><\/ul>\n\n\n\n<p><strong>Acompanhamentos:<\/strong><\/p>\n\n\n\n<ul class=\"wp-block-list\"><li>Farofa com  azeitonas e lingui\u00e7a defumada \u00a0&#8211; R$ 3,69 por 100 g      (oferta Cliente Mais)<\/li><li>Tortelone de      mu\u00e7arela de b\u00fafala com manjeric\u00e3o e molho cass\u00e9      \u00a0\u2013 R$ 5,29 por 100 g\u00a0 (oferta Cliente Mais)<\/li><li>Arroz com quinoa,      damasco e passas \u00a0R$ 4,49 por 100 g\u00a0      (oferta Cliente Mais)<\/li><li>Salpic\u00e3o de frango      \u00a0&#8211; R$ 4,49 por 100 g\u00a0 (oferta      Cliente Mais)<\/li><li>Lasanha de salm\u00e3o      com espinafre\u2013 R$ 5,29 por 100 g\u00a0(oferta Cliente Mais)<\/li><li>Arroz com alho-por\u00f3      e am\u00eandoas douradas &#8211; R$ 3,19 por 100 g\u00a0      (oferta Cliente Mais)<\/li><li>Farofa de      banana-da-terra com bacon R$ 3,19\u00a0 por 100 g      (oferta Cliente Mais)<br>      Legumes r\u00fasticos &#8211; \u00a0R$ 3,79 por 100 g\u00a0 (oferta Cliente      Mais)<\/li><\/ul>\n\n\n\n<p><strong>Molhos:<\/strong><\/p>\n\n\n\n<ul class=\"wp-block-list\"><li>Chutney de manga e ma\u00e7\u00e3 R$ 4,49\n     por 100 g&nbsp; (oferta Cliente Mais)<\/li><li>Molho de cebolinha e alecrim R$\n     4,49 por 100 g&nbsp; (oferta Cliente Mais)<\/li><li>Molho crocante de frutas secas\n     R$ 4,49 por 100 g&nbsp; (oferta Cliente Mais)<\/li><li>Molho de brie com damasco R$\n     4,49 por 100 g&nbsp; (oferta Cliente Mais)<\/li><\/ul>\n\n\n\n<p><strong>Prato Principais:<\/strong><\/p>\n\n\n\n<ul class=\"wp-block-list\"><li>Pernil assado ao alho e alecrim\n     R$ 8,99 por 100 g&nbsp; (oferta Cliente Mais)<\/li><li>Peru com frutas frescas R$ 6,29\n     por 100 g&nbsp; (oferta Cliente Mais)<\/li><li>Tender Calif\u00f3rnia R$ 5,49 por\n     100 g&nbsp; (oferta Cliente Mais)<\/li><li>Chester com ervas, alho confit\n     e figo fresco R$ 6,29 por 100 g&nbsp; (oferta Cliente Mais)<\/li><li>Lombo com molho de cebolinha e\n     alecrim R$ 5,39 por 100 g&nbsp; (oferta Cliente Mais)<\/li><li>Bacalhau \u00e0 Gomes de S\u00e1 R$ 8,90\n     por 100 g&nbsp; (oferta Cliente Mais)<\/li><li>Bacalhau em natas R$ 5,89 por\n     100 g&nbsp; (oferta Cliente Mais)<\/li><li>Roast beef com molho de alcatra\n     com molho de mostarda em gr\u00e3os R$ 8,90 por 100 g&nbsp; (oferta Cliente\n     Mais)<\/li><li>Manta de pernil \u00e0 pururuca R$\n     7,99 por 100 g&nbsp; (oferta Cliente Mais)<\/li><li>Pernil ao alho e\n     alecrim fatiado &nbsp;R$ 11,59 por 100 g&nbsp;\n     (oferta Cliente Mais)<\/li><\/ul>\n\n\n\n<p>&nbsp;<strong>Sobremesas: <\/strong><\/p>\n\n\n\n<p>&nbsp;<strong>Panetones:<\/strong><\/p>\n\n\n\n<ul class=\"wp-block-list\"><li>Panetone\n     de Red Velvet 700g \u2013 R$ 26,90 (oferta Cliente Mais)<\/li><li>Panetone\n     Gr\u00e3os com Frutas Secas e Granola 500g \u2013 R$ 26,90 (oferta Cliente Mais)<\/li><li>Panetone\n     Brigadeiro 700g \u2013 R$ 26,90 (oferta Cliente Mais)<\/li><li>Panetone\n     Meio Amargo 700g \u2013 R$ 26,90 (oferta Cliente Mais)<\/li><\/ul>\n\n\n\n<p><strong>Bolos:&nbsp;<\/strong><\/p>\n\n\n\n<ul class=\"wp-block-list\"><li>Cheese Cake Red      Velvet com Frutas Vermelhas &#8211; R$      35,90\/kg (oferta Cliente Mais)<\/li><li>Bolo Brigadeiro de Am\u00eandoa e Ninho &#8211; R$ 46,70\/kg (oferta Cliente Mais)<\/li><li>Bolo Baba de Mo\u00e7a com Frutas Secas &#8211; R$ 62,90\/kg (oferta Cliente Mais)<\/li><li>Bolo Chocolate com Carolinas &#8211; R$ 62,90\/kg (oferta Cliente Mais)<\/li><li>Bolo trufado de Maracuj\u00e1 &#8211; R$ 6,29 por 100g (oferta Cliente Mais)<\/li><li>Manjar com calda de Ameixa &#8211; R$ 26,00\/kg (oferta Cliente Mais)<\/li><\/ul>\n\n\n\n<p><strong>Ceias:<\/strong><\/p>\n\n\n\n<ul class=\"wp-block-list\"><li>Ceia Boas Festas (4 a 6\n     pessoas) \u2013 R$ 299,00 (oferta Cliente Mais)<\/li><li>Ceia Completa (6 a 8 pessoas) \u2013\n     R$ 389,00 (oferta Cliente Mais<\/li><li>Ceia Cl\u00e1ssica (14 a 16 pessoas)\n     \u2013 R$ 699,00 (oferta Cliente Mais)<\/li><\/ul>\n","protected":false},"excerpt":{"rendered":"<p>A data mais especial para a celebra\u00e7\u00e3o dos encontros e das conquistas de mais um ano est\u00e1 chegando. E para que esses momentos sejam inesquec\u00edveis e ainda mais felizes, o P\u00e3o de A\u00e7\u00facar j\u00e1 est\u00e1 com as encomendas abertas para as tradicionais e saborosas Ceia de Natal e Ceia de Fim de Ano. Com receitas [&hellip;]<\/p>\n","protected":false},"author":1,"featured_media":13129,"comment_status":"open","ping_status":"open","sticky":false,"template":"","format":"standard","meta":{"tdm_status":"","tdm_grid_status":"","footnotes":""},"categories":[6],"tags":[33,28,669,172],"class_list":["post-13128","post","type-post","status-publish","format-standard","has-post-thumbnail","hentry","category-noticias","tag-estrategia","tag-marketing","tag-natal","tag-pao-de-acucar"],"yoast_head":"<!-- This site is optimized with the Yoast SEO plugin v27.5 - https:\/\/yoast.com\/product\/yoast-seo-wordpress\/ -->\n<title>P\u00e3o de A\u00e7\u00facar traz op\u00e7\u00f5es de ceias e card\u00e1pios customizados para o Natal e Ano Novo - CidadeMarketing<\/title>\n<meta name=\"robots\" content=\"index, follow, max-snippet:-1, max-image-preview:large, max-video-preview:-1\" \/>\n<link rel=\"canonical\" href=\"https:\/\/www.cidademarketing.com.br\/marketing\/2019\/12\/10\/pao-de-acucar-traz-opcoes-de-ceias-e-cardapios-customizados-para-o-natal-e-ano-novo\/\" \/>\n<meta property=\"og:locale\" content=\"pt_BR\" \/>\n<meta property=\"og:type\" content=\"article\" \/>\n<meta property=\"og:title\" content=\"P\u00e3o de A\u00e7\u00facar traz op\u00e7\u00f5es de ceias e card\u00e1pios customizados para o Natal e Ano Novo - CidadeMarketing\" \/>\n<meta property=\"og:description\" content=\"A data mais especial para a celebra\u00e7\u00e3o dos encontros e das conquistas de mais um ano est\u00e1 chegando. E para que esses momentos sejam inesquec\u00edveis e ainda mais felizes, o P\u00e3o de A\u00e7\u00facar j\u00e1 est\u00e1 com as encomendas abertas para as tradicionais e saborosas Ceia de Natal e Ceia de Fim de Ano. Com receitas [&hellip;]\" \/>\n<meta property=\"og:url\" content=\"https:\/\/www.cidademarketing.com.br\/marketing\/2019\/12\/10\/pao-de-acucar-traz-opcoes-de-ceias-e-cardapios-customizados-para-o-natal-e-ano-novo\/\" \/>\n<meta property=\"og:site_name\" content=\"CidadeMarketing\" \/>\n<meta property=\"article:publisher\" content=\"https:\/\/www.facebook.com\/portalcidademarketing\" \/>\n<meta property=\"article:author\" content=\"https:\/\/www.facebook.com\/thalesbrandao\" \/>\n<meta property=\"article:published_time\" content=\"2019-12-10T03:25:24+00:00\" \/>\n<meta property=\"article:modified_time\" content=\"2019-12-10T03:25:25+00:00\" \/>\n<meta property=\"og:image\" content=\"https:\/\/www.cidademarketing.com.br\/marketing\/wp-content\/uploads\/2019\/12\/paodeacucar_ceiadenatal_02.png\" \/>\n\t<meta property=\"og:image:width\" content=\"447\" \/>\n\t<meta property=\"og:image:height\" content=\"299\" \/>\n\t<meta property=\"og:image:type\" content=\"image\/png\" \/>\n<meta name=\"author\" content=\"Thales Brand\u00e3o\" \/>\n<meta name=\"twitter:card\" content=\"summary_large_image\" \/>\n<meta name=\"twitter:creator\" content=\"@http:\/\/www.twitter.com\/thalesbrandao\" \/>\n<meta name=\"twitter:site\" content=\"@CidadeMarketing\" \/>\n<meta name=\"twitter:label1\" content=\"Escrito por\" \/>\n\t<meta name=\"twitter:data1\" content=\"Thales Brand\u00e3o\" \/>\n\t<meta name=\"twitter:label2\" content=\"Est. tempo de leitura\" \/>\n\t<meta name=\"twitter:data2\" content=\"7 minutos\" \/>\n<script type=\"application\/ld+json\" class=\"yoast-schema-graph\">{\"@context\":\"https:\\\/\\\/schema.org\",\"@graph\":[{\"@type\":\"Article\",\"@id\":\"https:\\\/\\\/www.cidademarketing.com.br\\\/marketing\\\/2019\\\/12\\\/10\\\/pao-de-acucar-traz-opcoes-de-ceias-e-cardapios-customizados-para-o-natal-e-ano-novo\\\/#article\",\"isPartOf\":{\"@id\":\"https:\\\/\\\/www.cidademarketing.com.br\\\/marketing\\\/2019\\\/12\\\/10\\\/pao-de-acucar-traz-opcoes-de-ceias-e-cardapios-customizados-para-o-natal-e-ano-novo\\\/\"},\"author\":{\"name\":\"Thales Brand\u00e3o\",\"@id\":\"https:\\\/\\\/www.cidademarketing.com.br\\\/marketing\\\/#\\\/schema\\\/person\\\/02daff9f18bd9378c9e01eb6b2db155f\"},\"headline\":\"P\u00e3o de A\u00e7\u00facar traz op\u00e7\u00f5es de ceias e card\u00e1pios customizados para o Natal e Ano Novo\",\"datePublished\":\"2019-12-10T03:25:24+00:00\",\"dateModified\":\"2019-12-10T03:25:25+00:00\",\"mainEntityOfPage\":{\"@id\":\"https:\\\/\\\/www.cidademarketing.com.br\\\/marketing\\\/2019\\\/12\\\/10\\\/pao-de-acucar-traz-opcoes-de-ceias-e-cardapios-customizados-para-o-natal-e-ano-novo\\\/\"},\"wordCount\":1333,\"commentCount\":0,\"publisher\":{\"@id\":\"https:\\\/\\\/www.cidademarketing.com.br\\\/marketing\\\/#organization\"},\"image\":{\"@id\":\"https:\\\/\\\/www.cidademarketing.com.br\\\/marketing\\\/2019\\\/12\\\/10\\\/pao-de-acucar-traz-opcoes-de-ceias-e-cardapios-customizados-para-o-natal-e-ano-novo\\\/#primaryimage\"},\"thumbnailUrl\":\"https:\\\/\\\/www.cidademarketing.com.br\\\/marketing\\\/wp-content\\\/uploads\\\/2019\\\/12\\\/paodeacucar_ceiadenatal_02.png\",\"keywords\":[\"estrat\u00e9gia\",\"marketing\",\"Natal\",\"p\u00e3o de a\u00e7\u00facar\"],\"articleSection\":[\"Not\u00edcias\"],\"inLanguage\":\"pt-BR\",\"potentialAction\":[{\"@type\":\"CommentAction\",\"name\":\"Comment\",\"target\":[\"https:\\\/\\\/www.cidademarketing.com.br\\\/marketing\\\/2019\\\/12\\\/10\\\/pao-de-acucar-traz-opcoes-de-ceias-e-cardapios-customizados-para-o-natal-e-ano-novo\\\/#respond\"]}]},{\"@type\":\"WebPage\",\"@id\":\"https:\\\/\\\/www.cidademarketing.com.br\\\/marketing\\\/2019\\\/12\\\/10\\\/pao-de-acucar-traz-opcoes-de-ceias-e-cardapios-customizados-para-o-natal-e-ano-novo\\\/\",\"url\":\"https:\\\/\\\/www.cidademarketing.com.br\\\/marketing\\\/2019\\\/12\\\/10\\\/pao-de-acucar-traz-opcoes-de-ceias-e-cardapios-customizados-para-o-natal-e-ano-novo\\\/\",\"name\":\"P\u00e3o de A\u00e7\u00facar traz op\u00e7\u00f5es de ceias e card\u00e1pios customizados para o Natal e Ano Novo - CidadeMarketing\",\"isPartOf\":{\"@id\":\"https:\\\/\\\/www.cidademarketing.com.br\\\/marketing\\\/#website\"},\"primaryImageOfPage\":{\"@id\":\"https:\\\/\\\/www.cidademarketing.com.br\\\/marketing\\\/2019\\\/12\\\/10\\\/pao-de-acucar-traz-opcoes-de-ceias-e-cardapios-customizados-para-o-natal-e-ano-novo\\\/#primaryimage\"},\"image\":{\"@id\":\"https:\\\/\\\/www.cidademarketing.com.br\\\/marketing\\\/2019\\\/12\\\/10\\\/pao-de-acucar-traz-opcoes-de-ceias-e-cardapios-customizados-para-o-natal-e-ano-novo\\\/#primaryimage\"},\"thumbnailUrl\":\"https:\\\/\\\/www.cidademarketing.com.br\\\/marketing\\\/wp-content\\\/uploads\\\/2019\\\/12\\\/paodeacucar_ceiadenatal_02.png\",\"datePublished\":\"2019-12-10T03:25:24+00:00\",\"dateModified\":\"2019-12-10T03:25:25+00:00\",\"breadcrumb\":{\"@id\":\"https:\\\/\\\/www.cidademarketing.com.br\\\/marketing\\\/2019\\\/12\\\/10\\\/pao-de-acucar-traz-opcoes-de-ceias-e-cardapios-customizados-para-o-natal-e-ano-novo\\\/#breadcrumb\"},\"inLanguage\":\"pt-BR\",\"potentialAction\":[{\"@type\":\"ReadAction\",\"target\":[\"https:\\\/\\\/www.cidademarketing.com.br\\\/marketing\\\/2019\\\/12\\\/10\\\/pao-de-acucar-traz-opcoes-de-ceias-e-cardapios-customizados-para-o-natal-e-ano-novo\\\/\"]}]},{\"@type\":\"ImageObject\",\"inLanguage\":\"pt-BR\",\"@id\":\"https:\\\/\\\/www.cidademarketing.com.br\\\/marketing\\\/2019\\\/12\\\/10\\\/pao-de-acucar-traz-opcoes-de-ceias-e-cardapios-customizados-para-o-natal-e-ano-novo\\\/#primaryimage\",\"url\":\"https:\\\/\\\/www.cidademarketing.com.br\\\/marketing\\\/wp-content\\\/uploads\\\/2019\\\/12\\\/paodeacucar_ceiadenatal_02.png\",\"contentUrl\":\"https:\\\/\\\/www.cidademarketing.com.br\\\/marketing\\\/wp-content\\\/uploads\\\/2019\\\/12\\\/paodeacucar_ceiadenatal_02.png\",\"width\":447,\"height\":299,\"caption\":\"Divulga\u00e7\u00e3o\"},{\"@type\":\"BreadcrumbList\",\"@id\":\"https:\\\/\\\/www.cidademarketing.com.br\\\/marketing\\\/2019\\\/12\\\/10\\\/pao-de-acucar-traz-opcoes-de-ceias-e-cardapios-customizados-para-o-natal-e-ano-novo\\\/#breadcrumb\",\"itemListElement\":[{\"@type\":\"ListItem\",\"position\":1,\"name\":\"In\u00edcio\",\"item\":\"https:\\\/\\\/www.cidademarketing.com.br\\\/marketing\\\/\"},{\"@type\":\"ListItem\",\"position\":2,\"name\":\"P\u00e3o de A\u00e7\u00facar traz op\u00e7\u00f5es de ceias e card\u00e1pios customizados para o Natal e Ano Novo\"}]},{\"@type\":\"WebSite\",\"@id\":\"https:\\\/\\\/www.cidademarketing.com.br\\\/marketing\\\/#website\",\"url\":\"https:\\\/\\\/www.cidademarketing.com.br\\\/marketing\\\/\",\"name\":\"CidadeMarketing\",\"description\":\"Somos um ve\u00edculo de comunica\u00e7\u00e3o de destaque no Brasil, reconhecido por conte\u00fados nos segmentos de marketing, empreendedorismo e inova\u00e7\u00e3o.\",\"publisher\":{\"@id\":\"https:\\\/\\\/www.cidademarketing.com.br\\\/marketing\\\/#organization\"},\"alternateName\":\"CidadeMarketing\",\"potentialAction\":[{\"@type\":\"SearchAction\",\"target\":{\"@type\":\"EntryPoint\",\"urlTemplate\":\"https:\\\/\\\/www.cidademarketing.com.br\\\/marketing\\\/?s={search_term_string}\"},\"query-input\":{\"@type\":\"PropertyValueSpecification\",\"valueRequired\":true,\"valueName\":\"search_term_string\"}}],\"inLanguage\":\"pt-BR\"},{\"@type\":\"Organization\",\"@id\":\"https:\\\/\\\/www.cidademarketing.com.br\\\/marketing\\\/#organization\",\"name\":\"CidadeMarketing\",\"alternateName\":\"CidadeMarketing\",\"url\":\"https:\\\/\\\/www.cidademarketing.com.br\\\/marketing\\\/\",\"logo\":{\"@type\":\"ImageObject\",\"inLanguage\":\"pt-BR\",\"@id\":\"https:\\\/\\\/www.cidademarketing.com.br\\\/marketing\\\/#\\\/schema\\\/logo\\\/image\\\/\",\"url\":\"https:\\\/\\\/www.cidademarketing.com.br\\\/marketing\\\/wp-content\\\/uploads\\\/2020\\\/01\\\/cidademarketing_marca_mobile.png\",\"contentUrl\":\"https:\\\/\\\/www.cidademarketing.com.br\\\/marketing\\\/wp-content\\\/uploads\\\/2020\\\/01\\\/cidademarketing_marca_mobile.png\",\"width\":230,\"height\":92,\"caption\":\"CidadeMarketing\"},\"image\":{\"@id\":\"https:\\\/\\\/www.cidademarketing.com.br\\\/marketing\\\/#\\\/schema\\\/logo\\\/image\\\/\"},\"sameAs\":[\"https:\\\/\\\/www.facebook.com\\\/portalcidademarketing\",\"https:\\\/\\\/x.com\\\/CidadeMarketing\",\"https:\\\/\\\/www.instagram.com\\\/cidademarketing\\\/\"]},{\"@type\":\"Person\",\"@id\":\"https:\\\/\\\/www.cidademarketing.com.br\\\/marketing\\\/#\\\/schema\\\/person\\\/02daff9f18bd9378c9e01eb6b2db155f\",\"name\":\"Thales Brand\u00e3o\",\"image\":{\"@type\":\"ImageObject\",\"inLanguage\":\"pt-BR\",\"@id\":\"https:\\\/\\\/secure.gravatar.com\\\/avatar\\\/7ca3206950207cc3cb48feec56a8a7898741ab725c368d99d5d7a5a50aab80c6?s=96&d=mm&r=g\",\"url\":\"https:\\\/\\\/secure.gravatar.com\\\/avatar\\\/7ca3206950207cc3cb48feec56a8a7898741ab725c368d99d5d7a5a50aab80c6?s=96&d=mm&r=g\",\"contentUrl\":\"https:\\\/\\\/secure.gravatar.com\\\/avatar\\\/7ca3206950207cc3cb48feec56a8a7898741ab725c368d99d5d7a5a50aab80c6?s=96&d=mm&r=g\",\"caption\":\"Thales Brand\u00e3o\"},\"description\":\"Editor Executivo do Portal CidadeMarketing.com.br &gt; Mestre em Comunica\u00e7\u00e3o e Sociedade pela Universidade Federal de Sergipe. Possui MBA Executivo em Administra\u00e7\u00e3o com \u00eanfase em Marketing pela Funda\u00e7\u00e3o Get\u00falio Vargas - Rio de Janeiro. Consultor, Palestrante e Pesquisador sobre Empreendedorismo, Marketing, Redes Sociais e Neg\u00f3cios Digitais. Professor, Palestrante TedxTalks e Campus Party. Twitter: @ThalesBrandao\",\"sameAs\":[\"http:\\\/\\\/www.mandacaru.com.br\",\"https:\\\/\\\/www.facebook.com\\\/thalesbrandao\",\"http:\\\/\\\/www.instagram.com.br\\\/thalesbrandaoferreira\",\"https:\\\/\\\/www.linkedin.com\\\/in\\\/thales-brand\u00e3o-3948609\\\/\",\"https:\\\/\\\/x.com\\\/http:\\\/\\\/www.twitter.com\\\/thalesbrandao\"],\"url\":\"https:\\\/\\\/www.cidademarketing.com.br\\\/marketing\\\/author\\\/thalesbrandao\\\/\"}]}<\/script>\n<!-- \/ Yoast SEO plugin. -->","yoast_head_json":{"title":"P\u00e3o de A\u00e7\u00facar traz op\u00e7\u00f5es de ceias e card\u00e1pios customizados para o Natal e Ano Novo - CidadeMarketing","robots":{"index":"index","follow":"follow","max-snippet":"max-snippet:-1","max-image-preview":"max-image-preview:large","max-video-preview":"max-video-preview:-1"},"canonical":"https:\/\/www.cidademarketing.com.br\/marketing\/2019\/12\/10\/pao-de-acucar-traz-opcoes-de-ceias-e-cardapios-customizados-para-o-natal-e-ano-novo\/","og_locale":"pt_BR","og_type":"article","og_title":"P\u00e3o de A\u00e7\u00facar traz op\u00e7\u00f5es de ceias e card\u00e1pios customizados para o Natal e Ano Novo - CidadeMarketing","og_description":"A data mais especial para a celebra\u00e7\u00e3o dos encontros e das conquistas de mais um ano est\u00e1 chegando. E para que esses momentos sejam inesquec\u00edveis e ainda mais felizes, o P\u00e3o de A\u00e7\u00facar j\u00e1 est\u00e1 com as encomendas abertas para as tradicionais e saborosas Ceia de Natal e Ceia de Fim de Ano. Com receitas [&hellip;]","og_url":"https:\/\/www.cidademarketing.com.br\/marketing\/2019\/12\/10\/pao-de-acucar-traz-opcoes-de-ceias-e-cardapios-customizados-para-o-natal-e-ano-novo\/","og_site_name":"CidadeMarketing","article_publisher":"https:\/\/www.facebook.com\/portalcidademarketing","article_author":"https:\/\/www.facebook.com\/thalesbrandao","article_published_time":"2019-12-10T03:25:24+00:00","article_modified_time":"2019-12-10T03:25:25+00:00","og_image":[{"width":447,"height":299,"url":"https:\/\/www.cidademarketing.com.br\/marketing\/wp-content\/uploads\/2019\/12\/paodeacucar_ceiadenatal_02.png","type":"image\/png"}],"author":"Thales Brand\u00e3o","twitter_card":"summary_large_image","twitter_creator":"@http:\/\/www.twitter.com\/thalesbrandao","twitter_site":"@CidadeMarketing","twitter_misc":{"Escrito por":"Thales Brand\u00e3o","Est. tempo de leitura":"7 minutos"},"schema":{"@context":"https:\/\/schema.org","@graph":[{"@type":"Article","@id":"https:\/\/www.cidademarketing.com.br\/marketing\/2019\/12\/10\/pao-de-acucar-traz-opcoes-de-ceias-e-cardapios-customizados-para-o-natal-e-ano-novo\/#article","isPartOf":{"@id":"https:\/\/www.cidademarketing.com.br\/marketing\/2019\/12\/10\/pao-de-acucar-traz-opcoes-de-ceias-e-cardapios-customizados-para-o-natal-e-ano-novo\/"},"author":{"name":"Thales Brand\u00e3o","@id":"https:\/\/www.cidademarketing.com.br\/marketing\/#\/schema\/person\/02daff9f18bd9378c9e01eb6b2db155f"},"headline":"P\u00e3o de A\u00e7\u00facar traz op\u00e7\u00f5es de ceias e card\u00e1pios customizados para o Natal e Ano Novo","datePublished":"2019-12-10T03:25:24+00:00","dateModified":"2019-12-10T03:25:25+00:00","mainEntityOfPage":{"@id":"https:\/\/www.cidademarketing.com.br\/marketing\/2019\/12\/10\/pao-de-acucar-traz-opcoes-de-ceias-e-cardapios-customizados-para-o-natal-e-ano-novo\/"},"wordCount":1333,"commentCount":0,"publisher":{"@id":"https:\/\/www.cidademarketing.com.br\/marketing\/#organization"},"image":{"@id":"https:\/\/www.cidademarketing.com.br\/marketing\/2019\/12\/10\/pao-de-acucar-traz-opcoes-de-ceias-e-cardapios-customizados-para-o-natal-e-ano-novo\/#primaryimage"},"thumbnailUrl":"https:\/\/www.cidademarketing.com.br\/marketing\/wp-content\/uploads\/2019\/12\/paodeacucar_ceiadenatal_02.png","keywords":["estrat\u00e9gia","marketing","Natal","p\u00e3o de a\u00e7\u00facar"],"articleSection":["Not\u00edcias"],"inLanguage":"pt-BR","potentialAction":[{"@type":"CommentAction","name":"Comment","target":["https:\/\/www.cidademarketing.com.br\/marketing\/2019\/12\/10\/pao-de-acucar-traz-opcoes-de-ceias-e-cardapios-customizados-para-o-natal-e-ano-novo\/#respond"]}]},{"@type":"WebPage","@id":"https:\/\/www.cidademarketing.com.br\/marketing\/2019\/12\/10\/pao-de-acucar-traz-opcoes-de-ceias-e-cardapios-customizados-para-o-natal-e-ano-novo\/","url":"https:\/\/www.cidademarketing.com.br\/marketing\/2019\/12\/10\/pao-de-acucar-traz-opcoes-de-ceias-e-cardapios-customizados-para-o-natal-e-ano-novo\/","name":"P\u00e3o de A\u00e7\u00facar traz op\u00e7\u00f5es de ceias e card\u00e1pios customizados para o Natal e Ano Novo - CidadeMarketing","isPartOf":{"@id":"https:\/\/www.cidademarketing.com.br\/marketing\/#website"},"primaryImageOfPage":{"@id":"https:\/\/www.cidademarketing.com.br\/marketing\/2019\/12\/10\/pao-de-acucar-traz-opcoes-de-ceias-e-cardapios-customizados-para-o-natal-e-ano-novo\/#primaryimage"},"image":{"@id":"https:\/\/www.cidademarketing.com.br\/marketing\/2019\/12\/10\/pao-de-acucar-traz-opcoes-de-ceias-e-cardapios-customizados-para-o-natal-e-ano-novo\/#primaryimage"},"thumbnailUrl":"https:\/\/www.cidademarketing.com.br\/marketing\/wp-content\/uploads\/2019\/12\/paodeacucar_ceiadenatal_02.png","datePublished":"2019-12-10T03:25:24+00:00","dateModified":"2019-12-10T03:25:25+00:00","breadcrumb":{"@id":"https:\/\/www.cidademarketing.com.br\/marketing\/2019\/12\/10\/pao-de-acucar-traz-opcoes-de-ceias-e-cardapios-customizados-para-o-natal-e-ano-novo\/#breadcrumb"},"inLanguage":"pt-BR","potentialAction":[{"@type":"ReadAction","target":["https:\/\/www.cidademarketing.com.br\/marketing\/2019\/12\/10\/pao-de-acucar-traz-opcoes-de-ceias-e-cardapios-customizados-para-o-natal-e-ano-novo\/"]}]},{"@type":"ImageObject","inLanguage":"pt-BR","@id":"https:\/\/www.cidademarketing.com.br\/marketing\/2019\/12\/10\/pao-de-acucar-traz-opcoes-de-ceias-e-cardapios-customizados-para-o-natal-e-ano-novo\/#primaryimage","url":"https:\/\/www.cidademarketing.com.br\/marketing\/wp-content\/uploads\/2019\/12\/paodeacucar_ceiadenatal_02.png","contentUrl":"https:\/\/www.cidademarketing.com.br\/marketing\/wp-content\/uploads\/2019\/12\/paodeacucar_ceiadenatal_02.png","width":447,"height":299,"caption":"Divulga\u00e7\u00e3o"},{"@type":"BreadcrumbList","@id":"https:\/\/www.cidademarketing.com.br\/marketing\/2019\/12\/10\/pao-de-acucar-traz-opcoes-de-ceias-e-cardapios-customizados-para-o-natal-e-ano-novo\/#breadcrumb","itemListElement":[{"@type":"ListItem","position":1,"name":"In\u00edcio","item":"https:\/\/www.cidademarketing.com.br\/marketing\/"},{"@type":"ListItem","position":2,"name":"P\u00e3o de A\u00e7\u00facar traz op\u00e7\u00f5es de ceias e card\u00e1pios customizados para o Natal e Ano Novo"}]},{"@type":"WebSite","@id":"https:\/\/www.cidademarketing.com.br\/marketing\/#website","url":"https:\/\/www.cidademarketing.com.br\/marketing\/","name":"CidadeMarketing","description":"Somos um ve\u00edculo de comunica\u00e7\u00e3o de destaque no Brasil, reconhecido por conte\u00fados nos segmentos de marketing, empreendedorismo e inova\u00e7\u00e3o.","publisher":{"@id":"https:\/\/www.cidademarketing.com.br\/marketing\/#organization"},"alternateName":"CidadeMarketing","potentialAction":[{"@type":"SearchAction","target":{"@type":"EntryPoint","urlTemplate":"https:\/\/www.cidademarketing.com.br\/marketing\/?s={search_term_string}"},"query-input":{"@type":"PropertyValueSpecification","valueRequired":true,"valueName":"search_term_string"}}],"inLanguage":"pt-BR"},{"@type":"Organization","@id":"https:\/\/www.cidademarketing.com.br\/marketing\/#organization","name":"CidadeMarketing","alternateName":"CidadeMarketing","url":"https:\/\/www.cidademarketing.com.br\/marketing\/","logo":{"@type":"ImageObject","inLanguage":"pt-BR","@id":"https:\/\/www.cidademarketing.com.br\/marketing\/#\/schema\/logo\/image\/","url":"https:\/\/www.cidademarketing.com.br\/marketing\/wp-content\/uploads\/2020\/01\/cidademarketing_marca_mobile.png","contentUrl":"https:\/\/www.cidademarketing.com.br\/marketing\/wp-content\/uploads\/2020\/01\/cidademarketing_marca_mobile.png","width":230,"height":92,"caption":"CidadeMarketing"},"image":{"@id":"https:\/\/www.cidademarketing.com.br\/marketing\/#\/schema\/logo\/image\/"},"sameAs":["https:\/\/www.facebook.com\/portalcidademarketing","https:\/\/x.com\/CidadeMarketing","https:\/\/www.instagram.com\/cidademarketing\/"]},{"@type":"Person","@id":"https:\/\/www.cidademarketing.com.br\/marketing\/#\/schema\/person\/02daff9f18bd9378c9e01eb6b2db155f","name":"Thales Brand\u00e3o","image":{"@type":"ImageObject","inLanguage":"pt-BR","@id":"https:\/\/secure.gravatar.com\/avatar\/7ca3206950207cc3cb48feec56a8a7898741ab725c368d99d5d7a5a50aab80c6?s=96&d=mm&r=g","url":"https:\/\/secure.gravatar.com\/avatar\/7ca3206950207cc3cb48feec56a8a7898741ab725c368d99d5d7a5a50aab80c6?s=96&d=mm&r=g","contentUrl":"https:\/\/secure.gravatar.com\/avatar\/7ca3206950207cc3cb48feec56a8a7898741ab725c368d99d5d7a5a50aab80c6?s=96&d=mm&r=g","caption":"Thales Brand\u00e3o"},"description":"Editor Executivo do Portal CidadeMarketing.com.br &gt; Mestre em Comunica\u00e7\u00e3o e Sociedade pela Universidade Federal de Sergipe. Possui MBA Executivo em Administra\u00e7\u00e3o com \u00eanfase em Marketing pela Funda\u00e7\u00e3o Get\u00falio Vargas - Rio de Janeiro. Consultor, Palestrante e Pesquisador sobre Empreendedorismo, Marketing, Redes Sociais e Neg\u00f3cios Digitais. Professor, Palestrante TedxTalks e Campus Party. Twitter: @ThalesBrandao","sameAs":["http:\/\/www.mandacaru.com.br","https:\/\/www.facebook.com\/thalesbrandao","http:\/\/www.instagram.com.br\/thalesbrandaoferreira","https:\/\/www.linkedin.com\/in\/thales-brand\u00e3o-3948609\/","https:\/\/x.com\/http:\/\/www.twitter.com\/thalesbrandao"],"url":"https:\/\/www.cidademarketing.com.br\/marketing\/author\/thalesbrandao\/"}]}},"amp_enabled":true,"_links":{"self":[{"href":"https:\/\/www.cidademarketing.com.br\/marketing\/wp-json\/wp\/v2\/posts\/13128","targetHints":{"allow":["GET"]}}],"collection":[{"href":"https:\/\/www.cidademarketing.com.br\/marketing\/wp-json\/wp\/v2\/posts"}],"about":[{"href":"https:\/\/www.cidademarketing.com.br\/marketing\/wp-json\/wp\/v2\/types\/post"}],"author":[{"embeddable":true,"href":"https:\/\/www.cidademarketing.com.br\/marketing\/wp-json\/wp\/v2\/users\/1"}],"replies":[{"embeddable":true,"href":"https:\/\/www.cidademarketing.com.br\/marketing\/wp-json\/wp\/v2\/comments?post=13128"}],"version-history":[{"count":1,"href":"https:\/\/www.cidademarketing.com.br\/marketing\/wp-json\/wp\/v2\/posts\/13128\/revisions"}],"predecessor-version":[{"id":13131,"href":"https:\/\/www.cidademarketing.com.br\/marketing\/wp-json\/wp\/v2\/posts\/13128\/revisions\/13131"}],"wp:featuredmedia":[{"embeddable":true,"href":"https:\/\/www.cidademarketing.com.br\/marketing\/wp-json\/wp\/v2\/media\/13129"}],"wp:attachment":[{"href":"https:\/\/www.cidademarketing.com.br\/marketing\/wp-json\/wp\/v2\/media?parent=13128"}],"wp:term":[{"taxonomy":"category","embeddable":true,"href":"https:\/\/www.cidademarketing.com.br\/marketing\/wp-json\/wp\/v2\/categories?post=13128"},{"taxonomy":"post_tag","embeddable":true,"href":"https:\/\/www.cidademarketing.com.br\/marketing\/wp-json\/wp\/v2\/tags?post=13128"}],"curies":[{"name":"wp","href":"https:\/\/api.w.org\/{rel}","templated":true}]}}