{"id":13075,"date":"2019-12-06T16:56:00","date_gmt":"2019-12-06T19:56:00","guid":{"rendered":"https:\/\/www.cidademarketing.com.br\/marketing\/?p=13075"},"modified":"2019-12-06T16:56:04","modified_gmt":"2019-12-06T19:56:04","slug":"movimento-vempralivraria-acontece-em-parceria-com-leitura-cultura-da-vila-curitiba-saraiva-e-associacao-nacional-de-livrarias","status":"publish","type":"post","link":"https:\/\/www.cidademarketing.com.br\/marketing\/2019\/12\/06\/movimento-vempralivraria-acontece-em-parceria-com-leitura-cultura-da-vila-curitiba-saraiva-e-associacao-nacional-de-livrarias\/","title":{"rendered":"Movimento #vempralivraria acontece em parceria com Leitura, Cultura, da Vila, Curitiba, Saraiva e Associa\u00e7\u00e3o Nacional de Livrarias"},"content":{"rendered":"\n<p>Descobrir um autor, uma ideia, escolher\num bom t\u00edtulo e presentear algu\u00e9m, encontrar amigos e colocar o papo em dia, ir\n\u00e0 livraria \u00e9 uma experi\u00eancia. Pelo segundo ano consecutivo, as livrarias Leitura,\nCultura, da Vila, Curitiba e Saraiva, junto com a Associa\u00e7\u00e3o Nacional de\nLivrarias (ANL), convidam o p\u00fablico para o movimento #Vempralivraria. Com objetivo\n\u00e9 engajar todos que gostam de ler e novos leitores, a a\u00e7\u00e3o quer incentivar o\nlivro como presente de valor emocional\ne com conte\u00fado, e estreitar ainda mais\na rela\u00e7\u00e3o do p\u00fablico com esses espa\u00e7os que re\u00fanem conhecimento, hist\u00f3rias e\nmomentos especiais. <\/p>\n\n\n\n<p>Trata-se de um movimento unificado das livrarias, que tamb\u00e9m envolve editoras parceiras. Al\u00e9m da a\u00e7\u00e3o integrada entre as marcas citadas, o movimento tamb\u00e9m convida a todas as livrarias, parceiros e clientes que queiram se juntar \u00e0 causa e usar a hashtag da a\u00e7\u00e3o em suas redes sociais propriet\u00e1rias e materiais de ponto de venda. As artes, disponibilizadas gratuitamente pelo movimento, podem ser baixadas pelo site da ANL (<a href=\"https:\/\/www.anl.org.br\/v1\/\" target=\"_blank\" rel=\"noreferrer noopener\" aria-label=\" (abre numa nova aba)\">https:\/\/www.anl.org.br\/v1\/<\/a>). <\/p>\n\n\n\n<p>Para engajar as pessoas a ocupar as\nlivrarias e declarem seu amor pelos\nlivros, a a\u00e7\u00e3o conta com\numa s\u00e9rie de iniciativas. Nas livrarias f\u00edsicas, as pessoas v\u00e3o poder interagir\ncom movimento por meio de um painel instalado em cada um desses espa\u00e7os, que\nvai permitir que o p\u00fablico declare seu amor pela\nliteratura, livros e livrarias. <\/p>\n\n\n\n<p>J\u00e1 no meio digital, o p\u00fablico vai poder aplicar\nem sua imagem de perfil no Facebook a hashtag #Vempralivraria, que ficar\u00e1\ndispon\u00edvel nas p\u00e1ginas propriet\u00e1rias de cada livraria participante com o passo\na passo de como fazer. No Instagram, as marcas v\u00e3o incentivar o p\u00fablico a\ncontar hist\u00f3rias com seus livros preferidos, autores e momentos nas livrarias,\nusando a hashtag. <\/p>\n\n\n\n<p>\u201cEncontre seus amigos, seus autores\ne seus amores. A livraria promove qualidade de vida, sa\u00fade mental,\nentretenimento e principalmente, oferece a possibilidade de viver uma intensa\nexperi\u00eancia de bem-estar. A livraria \u00e9 o lugar do bom leitor, do leitor\niniciante e do leitor experiente. Descubra uma livraria, visite e participe das\natividades que a livraria prop\u00f5e. S\u00e3o diversas as boas raz\u00f5es pelas quais a ANL\napoia o movimento #Vempralivraria. Participe voc\u00ea tamb\u00e9m desta mar\u00e9 leitora!\u201d,\nrefor\u00e7a o convite Bernardo Gurbanov, Presidente da Associa\u00e7\u00e3o Nacional de\nLivrarias (ANL). <\/p>\n","protected":false},"excerpt":{"rendered":"<p>Descobrir um autor, uma ideia, escolher um bom t\u00edtulo e presentear algu\u00e9m, encontrar amigos e colocar o papo em dia, ir \u00e0 livraria \u00e9 uma experi\u00eancia. Pelo segundo ano consecutivo, as livrarias Leitura, Cultura, da Vila, Curitiba e Saraiva, junto com a Associa\u00e7\u00e3o Nacional de Livrarias (ANL), convidam o p\u00fablico para o movimento #Vempralivraria. Com [&hellip;]<\/p>\n","protected":false},"author":1,"featured_media":13076,"comment_status":"open","ping_status":"open","sticky":false,"template":"","format":"standard","meta":{"tdm_status":"","tdm_grid_status":"","footnotes":""},"categories":[6],"tags":[2637,37,28],"class_list":["post-13075","post","type-post","status-publish","format-standard","has-post-thumbnail","hentry","category-noticias","tag-livraria","tag-marca","tag-marketing"],"yoast_head":"<!-- This site is optimized with the Yoast SEO plugin v27.5 - https:\/\/yoast.com\/product\/yoast-seo-wordpress\/ -->\n<title>Movimento #vempralivraria acontece em parceria com Leitura, Cultura, da Vila, Curitiba, Saraiva e Associa\u00e7\u00e3o Nacional de Livrarias - CidadeMarketing<\/title>\n<meta name=\"robots\" content=\"index, follow, max-snippet:-1, max-image-preview:large, max-video-preview:-1\" \/>\n<link rel=\"canonical\" href=\"https:\/\/www.cidademarketing.com.br\/marketing\/2019\/12\/06\/movimento-vempralivraria-acontece-em-parceria-com-leitura-cultura-da-vila-curitiba-saraiva-e-associacao-nacional-de-livrarias\/\" \/>\n<meta property=\"og:locale\" content=\"pt_BR\" \/>\n<meta property=\"og:type\" content=\"article\" \/>\n<meta property=\"og:title\" content=\"Movimento #vempralivraria acontece em parceria com Leitura, Cultura, da Vila, Curitiba, Saraiva e Associa\u00e7\u00e3o Nacional de Livrarias - CidadeMarketing\" \/>\n<meta property=\"og:description\" content=\"Descobrir um autor, uma ideia, escolher um bom t\u00edtulo e presentear algu\u00e9m, encontrar amigos e colocar o papo em dia, ir \u00e0 livraria \u00e9 uma experi\u00eancia. Pelo segundo ano consecutivo, as livrarias Leitura, Cultura, da Vila, Curitiba e Saraiva, junto com a Associa\u00e7\u00e3o Nacional de Livrarias (ANL), convidam o p\u00fablico para o movimento #Vempralivraria. Com [&hellip;]\" \/>\n<meta property=\"og:url\" content=\"https:\/\/www.cidademarketing.com.br\/marketing\/2019\/12\/06\/movimento-vempralivraria-acontece-em-parceria-com-leitura-cultura-da-vila-curitiba-saraiva-e-associacao-nacional-de-livrarias\/\" \/>\n<meta property=\"og:site_name\" content=\"CidadeMarketing\" \/>\n<meta property=\"article:publisher\" content=\"https:\/\/www.facebook.com\/portalcidademarketing\" \/>\n<meta property=\"article:author\" content=\"https:\/\/www.facebook.com\/thalesbrandao\" \/>\n<meta property=\"article:published_time\" content=\"2019-12-06T19:56:00+00:00\" \/>\n<meta property=\"article:modified_time\" content=\"2019-12-06T19:56:04+00:00\" \/>\n<meta property=\"og:image\" content=\"https:\/\/www.cidademarketing.com.br\/marketing\/wp-content\/uploads\/2019\/12\/vempralivraria.jpg\" \/>\n\t<meta property=\"og:image:width\" content=\"1088\" \/>\n\t<meta property=\"og:image:height\" content=\"633\" \/>\n\t<meta property=\"og:image:type\" content=\"image\/jpeg\" \/>\n<meta name=\"author\" content=\"Thales Brand\u00e3o\" \/>\n<meta name=\"twitter:card\" content=\"summary_large_image\" \/>\n<meta name=\"twitter:creator\" content=\"@http:\/\/www.twitter.com\/thalesbrandao\" \/>\n<meta name=\"twitter:site\" content=\"@CidadeMarketing\" \/>\n<meta name=\"twitter:label1\" content=\"Escrito por\" \/>\n\t<meta name=\"twitter:data1\" content=\"Thales Brand\u00e3o\" \/>\n\t<meta name=\"twitter:label2\" content=\"Est. tempo de leitura\" \/>\n\t<meta name=\"twitter:data2\" content=\"2 minutos\" \/>\n<script type=\"application\/ld+json\" class=\"yoast-schema-graph\">{\"@context\":\"https:\\\/\\\/schema.org\",\"@graph\":[{\"@type\":\"Article\",\"@id\":\"https:\\\/\\\/www.cidademarketing.com.br\\\/marketing\\\/2019\\\/12\\\/06\\\/movimento-vempralivraria-acontece-em-parceria-com-leitura-cultura-da-vila-curitiba-saraiva-e-associacao-nacional-de-livrarias\\\/#article\",\"isPartOf\":{\"@id\":\"https:\\\/\\\/www.cidademarketing.com.br\\\/marketing\\\/2019\\\/12\\\/06\\\/movimento-vempralivraria-acontece-em-parceria-com-leitura-cultura-da-vila-curitiba-saraiva-e-associacao-nacional-de-livrarias\\\/\"},\"author\":{\"name\":\"Thales Brand\u00e3o\",\"@id\":\"https:\\\/\\\/www.cidademarketing.com.br\\\/marketing\\\/#\\\/schema\\\/person\\\/02daff9f18bd9378c9e01eb6b2db155f\"},\"headline\":\"Movimento #vempralivraria acontece em parceria com Leitura, Cultura, da Vila, Curitiba, Saraiva e Associa\u00e7\u00e3o Nacional de Livrarias\",\"datePublished\":\"2019-12-06T19:56:00+00:00\",\"dateModified\":\"2019-12-06T19:56:04+00:00\",\"mainEntityOfPage\":{\"@id\":\"https:\\\/\\\/www.cidademarketing.com.br\\\/marketing\\\/2019\\\/12\\\/06\\\/movimento-vempralivraria-acontece-em-parceria-com-leitura-cultura-da-vila-curitiba-saraiva-e-associacao-nacional-de-livrarias\\\/\"},\"wordCount\":427,\"commentCount\":0,\"publisher\":{\"@id\":\"https:\\\/\\\/www.cidademarketing.com.br\\\/marketing\\\/#organization\"},\"image\":{\"@id\":\"https:\\\/\\\/www.cidademarketing.com.br\\\/marketing\\\/2019\\\/12\\\/06\\\/movimento-vempralivraria-acontece-em-parceria-com-leitura-cultura-da-vila-curitiba-saraiva-e-associacao-nacional-de-livrarias\\\/#primaryimage\"},\"thumbnailUrl\":\"https:\\\/\\\/www.cidademarketing.com.br\\\/marketing\\\/wp-content\\\/uploads\\\/2019\\\/12\\\/vempralivraria.jpg\",\"keywords\":[\"Livraria\",\"marca\",\"marketing\"],\"articleSection\":[\"Not\u00edcias\"],\"inLanguage\":\"pt-BR\",\"potentialAction\":[{\"@type\":\"CommentAction\",\"name\":\"Comment\",\"target\":[\"https:\\\/\\\/www.cidademarketing.com.br\\\/marketing\\\/2019\\\/12\\\/06\\\/movimento-vempralivraria-acontece-em-parceria-com-leitura-cultura-da-vila-curitiba-saraiva-e-associacao-nacional-de-livrarias\\\/#respond\"]}]},{\"@type\":\"WebPage\",\"@id\":\"https:\\\/\\\/www.cidademarketing.com.br\\\/marketing\\\/2019\\\/12\\\/06\\\/movimento-vempralivraria-acontece-em-parceria-com-leitura-cultura-da-vila-curitiba-saraiva-e-associacao-nacional-de-livrarias\\\/\",\"url\":\"https:\\\/\\\/www.cidademarketing.com.br\\\/marketing\\\/2019\\\/12\\\/06\\\/movimento-vempralivraria-acontece-em-parceria-com-leitura-cultura-da-vila-curitiba-saraiva-e-associacao-nacional-de-livrarias\\\/\",\"name\":\"Movimento #vempralivraria acontece em parceria com Leitura, Cultura, da Vila, Curitiba, Saraiva e Associa\u00e7\u00e3o Nacional de Livrarias - CidadeMarketing\",\"isPartOf\":{\"@id\":\"https:\\\/\\\/www.cidademarketing.com.br\\\/marketing\\\/#website\"},\"primaryImageOfPage\":{\"@id\":\"https:\\\/\\\/www.cidademarketing.com.br\\\/marketing\\\/2019\\\/12\\\/06\\\/movimento-vempralivraria-acontece-em-parceria-com-leitura-cultura-da-vila-curitiba-saraiva-e-associacao-nacional-de-livrarias\\\/#primaryimage\"},\"image\":{\"@id\":\"https:\\\/\\\/www.cidademarketing.com.br\\\/marketing\\\/2019\\\/12\\\/06\\\/movimento-vempralivraria-acontece-em-parceria-com-leitura-cultura-da-vila-curitiba-saraiva-e-associacao-nacional-de-livrarias\\\/#primaryimage\"},\"thumbnailUrl\":\"https:\\\/\\\/www.cidademarketing.com.br\\\/marketing\\\/wp-content\\\/uploads\\\/2019\\\/12\\\/vempralivraria.jpg\",\"datePublished\":\"2019-12-06T19:56:00+00:00\",\"dateModified\":\"2019-12-06T19:56:04+00:00\",\"breadcrumb\":{\"@id\":\"https:\\\/\\\/www.cidademarketing.com.br\\\/marketing\\\/2019\\\/12\\\/06\\\/movimento-vempralivraria-acontece-em-parceria-com-leitura-cultura-da-vila-curitiba-saraiva-e-associacao-nacional-de-livrarias\\\/#breadcrumb\"},\"inLanguage\":\"pt-BR\",\"potentialAction\":[{\"@type\":\"ReadAction\",\"target\":[\"https:\\\/\\\/www.cidademarketing.com.br\\\/marketing\\\/2019\\\/12\\\/06\\\/movimento-vempralivraria-acontece-em-parceria-com-leitura-cultura-da-vila-curitiba-saraiva-e-associacao-nacional-de-livrarias\\\/\"]}]},{\"@type\":\"ImageObject\",\"inLanguage\":\"pt-BR\",\"@id\":\"https:\\\/\\\/www.cidademarketing.com.br\\\/marketing\\\/2019\\\/12\\\/06\\\/movimento-vempralivraria-acontece-em-parceria-com-leitura-cultura-da-vila-curitiba-saraiva-e-associacao-nacional-de-livrarias\\\/#primaryimage\",\"url\":\"https:\\\/\\\/www.cidademarketing.com.br\\\/marketing\\\/wp-content\\\/uploads\\\/2019\\\/12\\\/vempralivraria.jpg\",\"contentUrl\":\"https:\\\/\\\/www.cidademarketing.com.br\\\/marketing\\\/wp-content\\\/uploads\\\/2019\\\/12\\\/vempralivraria.jpg\",\"width\":1088,\"height\":633},{\"@type\":\"BreadcrumbList\",\"@id\":\"https:\\\/\\\/www.cidademarketing.com.br\\\/marketing\\\/2019\\\/12\\\/06\\\/movimento-vempralivraria-acontece-em-parceria-com-leitura-cultura-da-vila-curitiba-saraiva-e-associacao-nacional-de-livrarias\\\/#breadcrumb\",\"itemListElement\":[{\"@type\":\"ListItem\",\"position\":1,\"name\":\"In\u00edcio\",\"item\":\"https:\\\/\\\/www.cidademarketing.com.br\\\/marketing\\\/\"},{\"@type\":\"ListItem\",\"position\":2,\"name\":\"Movimento #vempralivraria acontece em parceria com Leitura, Cultura, da Vila, Curitiba, Saraiva e Associa\u00e7\u00e3o Nacional de Livrarias\"}]},{\"@type\":\"WebSite\",\"@id\":\"https:\\\/\\\/www.cidademarketing.com.br\\\/marketing\\\/#website\",\"url\":\"https:\\\/\\\/www.cidademarketing.com.br\\\/marketing\\\/\",\"name\":\"CidadeMarketing\",\"description\":\"Somos um ve\u00edculo de comunica\u00e7\u00e3o de destaque no Brasil, reconhecido por conte\u00fados nos segmentos de marketing, empreendedorismo e inova\u00e7\u00e3o.\",\"publisher\":{\"@id\":\"https:\\\/\\\/www.cidademarketing.com.br\\\/marketing\\\/#organization\"},\"alternateName\":\"CidadeMarketing\",\"potentialAction\":[{\"@type\":\"SearchAction\",\"target\":{\"@type\":\"EntryPoint\",\"urlTemplate\":\"https:\\\/\\\/www.cidademarketing.com.br\\\/marketing\\\/?s={search_term_string}\"},\"query-input\":{\"@type\":\"PropertyValueSpecification\",\"valueRequired\":true,\"valueName\":\"search_term_string\"}}],\"inLanguage\":\"pt-BR\"},{\"@type\":\"Organization\",\"@id\":\"https:\\\/\\\/www.cidademarketing.com.br\\\/marketing\\\/#organization\",\"name\":\"CidadeMarketing\",\"alternateName\":\"CidadeMarketing\",\"url\":\"https:\\\/\\\/www.cidademarketing.com.br\\\/marketing\\\/\",\"logo\":{\"@type\":\"ImageObject\",\"inLanguage\":\"pt-BR\",\"@id\":\"https:\\\/\\\/www.cidademarketing.com.br\\\/marketing\\\/#\\\/schema\\\/logo\\\/image\\\/\",\"url\":\"https:\\\/\\\/www.cidademarketing.com.br\\\/marketing\\\/wp-content\\\/uploads\\\/2020\\\/01\\\/cidademarketing_marca_mobile.png\",\"contentUrl\":\"https:\\\/\\\/www.cidademarketing.com.br\\\/marketing\\\/wp-content\\\/uploads\\\/2020\\\/01\\\/cidademarketing_marca_mobile.png\",\"width\":230,\"height\":92,\"caption\":\"CidadeMarketing\"},\"image\":{\"@id\":\"https:\\\/\\\/www.cidademarketing.com.br\\\/marketing\\\/#\\\/schema\\\/logo\\\/image\\\/\"},\"sameAs\":[\"https:\\\/\\\/www.facebook.com\\\/portalcidademarketing\",\"https:\\\/\\\/x.com\\\/CidadeMarketing\",\"https:\\\/\\\/www.instagram.com\\\/cidademarketing\\\/\"]},{\"@type\":\"Person\",\"@id\":\"https:\\\/\\\/www.cidademarketing.com.br\\\/marketing\\\/#\\\/schema\\\/person\\\/02daff9f18bd9378c9e01eb6b2db155f\",\"name\":\"Thales Brand\u00e3o\",\"image\":{\"@type\":\"ImageObject\",\"inLanguage\":\"pt-BR\",\"@id\":\"https:\\\/\\\/secure.gravatar.com\\\/avatar\\\/7ca3206950207cc3cb48feec56a8a7898741ab725c368d99d5d7a5a50aab80c6?s=96&d=mm&r=g\",\"url\":\"https:\\\/\\\/secure.gravatar.com\\\/avatar\\\/7ca3206950207cc3cb48feec56a8a7898741ab725c368d99d5d7a5a50aab80c6?s=96&d=mm&r=g\",\"contentUrl\":\"https:\\\/\\\/secure.gravatar.com\\\/avatar\\\/7ca3206950207cc3cb48feec56a8a7898741ab725c368d99d5d7a5a50aab80c6?s=96&d=mm&r=g\",\"caption\":\"Thales Brand\u00e3o\"},\"description\":\"Editor Executivo do Portal CidadeMarketing.com.br &gt; Mestre em Comunica\u00e7\u00e3o e Sociedade pela Universidade Federal de Sergipe. Possui MBA Executivo em Administra\u00e7\u00e3o com \u00eanfase em Marketing pela Funda\u00e7\u00e3o Get\u00falio Vargas - Rio de Janeiro. Consultor, Palestrante e Pesquisador sobre Empreendedorismo, Marketing, Redes Sociais e Neg\u00f3cios Digitais. Professor, Palestrante TedxTalks e Campus Party. Twitter: @ThalesBrandao\",\"sameAs\":[\"http:\\\/\\\/www.mandacaru.com.br\",\"https:\\\/\\\/www.facebook.com\\\/thalesbrandao\",\"http:\\\/\\\/www.instagram.com.br\\\/thalesbrandaoferreira\",\"https:\\\/\\\/www.linkedin.com\\\/in\\\/thales-brand\u00e3o-3948609\\\/\",\"https:\\\/\\\/x.com\\\/http:\\\/\\\/www.twitter.com\\\/thalesbrandao\"],\"url\":\"https:\\\/\\\/www.cidademarketing.com.br\\\/marketing\\\/author\\\/thalesbrandao\\\/\"}]}<\/script>\n<!-- \/ Yoast SEO plugin. -->","yoast_head_json":{"title":"Movimento #vempralivraria acontece em parceria com Leitura, Cultura, da Vila, Curitiba, Saraiva e Associa\u00e7\u00e3o Nacional de Livrarias - CidadeMarketing","robots":{"index":"index","follow":"follow","max-snippet":"max-snippet:-1","max-image-preview":"max-image-preview:large","max-video-preview":"max-video-preview:-1"},"canonical":"https:\/\/www.cidademarketing.com.br\/marketing\/2019\/12\/06\/movimento-vempralivraria-acontece-em-parceria-com-leitura-cultura-da-vila-curitiba-saraiva-e-associacao-nacional-de-livrarias\/","og_locale":"pt_BR","og_type":"article","og_title":"Movimento #vempralivraria acontece em parceria com Leitura, Cultura, da Vila, Curitiba, Saraiva e Associa\u00e7\u00e3o Nacional de Livrarias - CidadeMarketing","og_description":"Descobrir um autor, uma ideia, escolher um bom t\u00edtulo e presentear algu\u00e9m, encontrar amigos e colocar o papo em dia, ir \u00e0 livraria \u00e9 uma experi\u00eancia. Pelo segundo ano consecutivo, as livrarias Leitura, Cultura, da Vila, Curitiba e Saraiva, junto com a Associa\u00e7\u00e3o Nacional de Livrarias (ANL), convidam o p\u00fablico para o movimento #Vempralivraria. Com [&hellip;]","og_url":"https:\/\/www.cidademarketing.com.br\/marketing\/2019\/12\/06\/movimento-vempralivraria-acontece-em-parceria-com-leitura-cultura-da-vila-curitiba-saraiva-e-associacao-nacional-de-livrarias\/","og_site_name":"CidadeMarketing","article_publisher":"https:\/\/www.facebook.com\/portalcidademarketing","article_author":"https:\/\/www.facebook.com\/thalesbrandao","article_published_time":"2019-12-06T19:56:00+00:00","article_modified_time":"2019-12-06T19:56:04+00:00","og_image":[{"width":1088,"height":633,"url":"https:\/\/www.cidademarketing.com.br\/marketing\/wp-content\/uploads\/2019\/12\/vempralivraria.jpg","type":"image\/jpeg"}],"author":"Thales Brand\u00e3o","twitter_card":"summary_large_image","twitter_creator":"@http:\/\/www.twitter.com\/thalesbrandao","twitter_site":"@CidadeMarketing","twitter_misc":{"Escrito por":"Thales Brand\u00e3o","Est. tempo de leitura":"2 minutos"},"schema":{"@context":"https:\/\/schema.org","@graph":[{"@type":"Article","@id":"https:\/\/www.cidademarketing.com.br\/marketing\/2019\/12\/06\/movimento-vempralivraria-acontece-em-parceria-com-leitura-cultura-da-vila-curitiba-saraiva-e-associacao-nacional-de-livrarias\/#article","isPartOf":{"@id":"https:\/\/www.cidademarketing.com.br\/marketing\/2019\/12\/06\/movimento-vempralivraria-acontece-em-parceria-com-leitura-cultura-da-vila-curitiba-saraiva-e-associacao-nacional-de-livrarias\/"},"author":{"name":"Thales Brand\u00e3o","@id":"https:\/\/www.cidademarketing.com.br\/marketing\/#\/schema\/person\/02daff9f18bd9378c9e01eb6b2db155f"},"headline":"Movimento #vempralivraria acontece em parceria com Leitura, Cultura, da Vila, Curitiba, Saraiva e Associa\u00e7\u00e3o Nacional de Livrarias","datePublished":"2019-12-06T19:56:00+00:00","dateModified":"2019-12-06T19:56:04+00:00","mainEntityOfPage":{"@id":"https:\/\/www.cidademarketing.com.br\/marketing\/2019\/12\/06\/movimento-vempralivraria-acontece-em-parceria-com-leitura-cultura-da-vila-curitiba-saraiva-e-associacao-nacional-de-livrarias\/"},"wordCount":427,"commentCount":0,"publisher":{"@id":"https:\/\/www.cidademarketing.com.br\/marketing\/#organization"},"image":{"@id":"https:\/\/www.cidademarketing.com.br\/marketing\/2019\/12\/06\/movimento-vempralivraria-acontece-em-parceria-com-leitura-cultura-da-vila-curitiba-saraiva-e-associacao-nacional-de-livrarias\/#primaryimage"},"thumbnailUrl":"https:\/\/www.cidademarketing.com.br\/marketing\/wp-content\/uploads\/2019\/12\/vempralivraria.jpg","keywords":["Livraria","marca","marketing"],"articleSection":["Not\u00edcias"],"inLanguage":"pt-BR","potentialAction":[{"@type":"CommentAction","name":"Comment","target":["https:\/\/www.cidademarketing.com.br\/marketing\/2019\/12\/06\/movimento-vempralivraria-acontece-em-parceria-com-leitura-cultura-da-vila-curitiba-saraiva-e-associacao-nacional-de-livrarias\/#respond"]}]},{"@type":"WebPage","@id":"https:\/\/www.cidademarketing.com.br\/marketing\/2019\/12\/06\/movimento-vempralivraria-acontece-em-parceria-com-leitura-cultura-da-vila-curitiba-saraiva-e-associacao-nacional-de-livrarias\/","url":"https:\/\/www.cidademarketing.com.br\/marketing\/2019\/12\/06\/movimento-vempralivraria-acontece-em-parceria-com-leitura-cultura-da-vila-curitiba-saraiva-e-associacao-nacional-de-livrarias\/","name":"Movimento #vempralivraria acontece em parceria com Leitura, Cultura, da Vila, Curitiba, Saraiva e Associa\u00e7\u00e3o Nacional de Livrarias - CidadeMarketing","isPartOf":{"@id":"https:\/\/www.cidademarketing.com.br\/marketing\/#website"},"primaryImageOfPage":{"@id":"https:\/\/www.cidademarketing.com.br\/marketing\/2019\/12\/06\/movimento-vempralivraria-acontece-em-parceria-com-leitura-cultura-da-vila-curitiba-saraiva-e-associacao-nacional-de-livrarias\/#primaryimage"},"image":{"@id":"https:\/\/www.cidademarketing.com.br\/marketing\/2019\/12\/06\/movimento-vempralivraria-acontece-em-parceria-com-leitura-cultura-da-vila-curitiba-saraiva-e-associacao-nacional-de-livrarias\/#primaryimage"},"thumbnailUrl":"https:\/\/www.cidademarketing.com.br\/marketing\/wp-content\/uploads\/2019\/12\/vempralivraria.jpg","datePublished":"2019-12-06T19:56:00+00:00","dateModified":"2019-12-06T19:56:04+00:00","breadcrumb":{"@id":"https:\/\/www.cidademarketing.com.br\/marketing\/2019\/12\/06\/movimento-vempralivraria-acontece-em-parceria-com-leitura-cultura-da-vila-curitiba-saraiva-e-associacao-nacional-de-livrarias\/#breadcrumb"},"inLanguage":"pt-BR","potentialAction":[{"@type":"ReadAction","target":["https:\/\/www.cidademarketing.com.br\/marketing\/2019\/12\/06\/movimento-vempralivraria-acontece-em-parceria-com-leitura-cultura-da-vila-curitiba-saraiva-e-associacao-nacional-de-livrarias\/"]}]},{"@type":"ImageObject","inLanguage":"pt-BR","@id":"https:\/\/www.cidademarketing.com.br\/marketing\/2019\/12\/06\/movimento-vempralivraria-acontece-em-parceria-com-leitura-cultura-da-vila-curitiba-saraiva-e-associacao-nacional-de-livrarias\/#primaryimage","url":"https:\/\/www.cidademarketing.com.br\/marketing\/wp-content\/uploads\/2019\/12\/vempralivraria.jpg","contentUrl":"https:\/\/www.cidademarketing.com.br\/marketing\/wp-content\/uploads\/2019\/12\/vempralivraria.jpg","width":1088,"height":633},{"@type":"BreadcrumbList","@id":"https:\/\/www.cidademarketing.com.br\/marketing\/2019\/12\/06\/movimento-vempralivraria-acontece-em-parceria-com-leitura-cultura-da-vila-curitiba-saraiva-e-associacao-nacional-de-livrarias\/#breadcrumb","itemListElement":[{"@type":"ListItem","position":1,"name":"In\u00edcio","item":"https:\/\/www.cidademarketing.com.br\/marketing\/"},{"@type":"ListItem","position":2,"name":"Movimento #vempralivraria acontece em parceria com Leitura, Cultura, da Vila, Curitiba, Saraiva e Associa\u00e7\u00e3o Nacional de Livrarias"}]},{"@type":"WebSite","@id":"https:\/\/www.cidademarketing.com.br\/marketing\/#website","url":"https:\/\/www.cidademarketing.com.br\/marketing\/","name":"CidadeMarketing","description":"Somos um ve\u00edculo de comunica\u00e7\u00e3o de destaque no Brasil, reconhecido por conte\u00fados nos segmentos de marketing, empreendedorismo e inova\u00e7\u00e3o.","publisher":{"@id":"https:\/\/www.cidademarketing.com.br\/marketing\/#organization"},"alternateName":"CidadeMarketing","potentialAction":[{"@type":"SearchAction","target":{"@type":"EntryPoint","urlTemplate":"https:\/\/www.cidademarketing.com.br\/marketing\/?s={search_term_string}"},"query-input":{"@type":"PropertyValueSpecification","valueRequired":true,"valueName":"search_term_string"}}],"inLanguage":"pt-BR"},{"@type":"Organization","@id":"https:\/\/www.cidademarketing.com.br\/marketing\/#organization","name":"CidadeMarketing","alternateName":"CidadeMarketing","url":"https:\/\/www.cidademarketing.com.br\/marketing\/","logo":{"@type":"ImageObject","inLanguage":"pt-BR","@id":"https:\/\/www.cidademarketing.com.br\/marketing\/#\/schema\/logo\/image\/","url":"https:\/\/www.cidademarketing.com.br\/marketing\/wp-content\/uploads\/2020\/01\/cidademarketing_marca_mobile.png","contentUrl":"https:\/\/www.cidademarketing.com.br\/marketing\/wp-content\/uploads\/2020\/01\/cidademarketing_marca_mobile.png","width":230,"height":92,"caption":"CidadeMarketing"},"image":{"@id":"https:\/\/www.cidademarketing.com.br\/marketing\/#\/schema\/logo\/image\/"},"sameAs":["https:\/\/www.facebook.com\/portalcidademarketing","https:\/\/x.com\/CidadeMarketing","https:\/\/www.instagram.com\/cidademarketing\/"]},{"@type":"Person","@id":"https:\/\/www.cidademarketing.com.br\/marketing\/#\/schema\/person\/02daff9f18bd9378c9e01eb6b2db155f","name":"Thales Brand\u00e3o","image":{"@type":"ImageObject","inLanguage":"pt-BR","@id":"https:\/\/secure.gravatar.com\/avatar\/7ca3206950207cc3cb48feec56a8a7898741ab725c368d99d5d7a5a50aab80c6?s=96&d=mm&r=g","url":"https:\/\/secure.gravatar.com\/avatar\/7ca3206950207cc3cb48feec56a8a7898741ab725c368d99d5d7a5a50aab80c6?s=96&d=mm&r=g","contentUrl":"https:\/\/secure.gravatar.com\/avatar\/7ca3206950207cc3cb48feec56a8a7898741ab725c368d99d5d7a5a50aab80c6?s=96&d=mm&r=g","caption":"Thales Brand\u00e3o"},"description":"Editor Executivo do Portal CidadeMarketing.com.br &gt; Mestre em Comunica\u00e7\u00e3o e Sociedade pela Universidade Federal de Sergipe. Possui MBA Executivo em Administra\u00e7\u00e3o com \u00eanfase em Marketing pela Funda\u00e7\u00e3o Get\u00falio Vargas - Rio de Janeiro. Consultor, Palestrante e Pesquisador sobre Empreendedorismo, Marketing, Redes Sociais e Neg\u00f3cios Digitais. Professor, Palestrante TedxTalks e Campus Party. Twitter: @ThalesBrandao","sameAs":["http:\/\/www.mandacaru.com.br","https:\/\/www.facebook.com\/thalesbrandao","http:\/\/www.instagram.com.br\/thalesbrandaoferreira","https:\/\/www.linkedin.com\/in\/thales-brand\u00e3o-3948609\/","https:\/\/x.com\/http:\/\/www.twitter.com\/thalesbrandao"],"url":"https:\/\/www.cidademarketing.com.br\/marketing\/author\/thalesbrandao\/"}]}},"amp_enabled":true,"_links":{"self":[{"href":"https:\/\/www.cidademarketing.com.br\/marketing\/wp-json\/wp\/v2\/posts\/13075","targetHints":{"allow":["GET"]}}],"collection":[{"href":"https:\/\/www.cidademarketing.com.br\/marketing\/wp-json\/wp\/v2\/posts"}],"about":[{"href":"https:\/\/www.cidademarketing.com.br\/marketing\/wp-json\/wp\/v2\/types\/post"}],"author":[{"embeddable":true,"href":"https:\/\/www.cidademarketing.com.br\/marketing\/wp-json\/wp\/v2\/users\/1"}],"replies":[{"embeddable":true,"href":"https:\/\/www.cidademarketing.com.br\/marketing\/wp-json\/wp\/v2\/comments?post=13075"}],"version-history":[{"count":1,"href":"https:\/\/www.cidademarketing.com.br\/marketing\/wp-json\/wp\/v2\/posts\/13075\/revisions"}],"predecessor-version":[{"id":13077,"href":"https:\/\/www.cidademarketing.com.br\/marketing\/wp-json\/wp\/v2\/posts\/13075\/revisions\/13077"}],"wp:featuredmedia":[{"embeddable":true,"href":"https:\/\/www.cidademarketing.com.br\/marketing\/wp-json\/wp\/v2\/media\/13076"}],"wp:attachment":[{"href":"https:\/\/www.cidademarketing.com.br\/marketing\/wp-json\/wp\/v2\/media?parent=13075"}],"wp:term":[{"taxonomy":"category","embeddable":true,"href":"https:\/\/www.cidademarketing.com.br\/marketing\/wp-json\/wp\/v2\/categories?post=13075"},{"taxonomy":"post_tag","embeddable":true,"href":"https:\/\/www.cidademarketing.com.br\/marketing\/wp-json\/wp\/v2\/tags?post=13075"}],"curies":[{"name":"wp","href":"https:\/\/api.w.org\/{rel}","templated":true}]}}