{"id":12917,"date":"2019-11-29T19:19:23","date_gmt":"2019-11-29T15:19:23","guid":{"rendered":"https:\/\/www.cidademarketing.com.br\/marketing\/?p=12917"},"modified":"2019-11-29T19:20:06","modified_gmt":"2019-11-29T15:20:06","slug":"latam-ativa-acoes-de-black-friday-com-tarifas-a-partir-de-r-77-em-voos-nacionais","status":"publish","type":"post","link":"https:\/\/www.cidademarketing.com.br\/marketing\/2019\/11\/29\/latam-ativa-acoes-de-black-friday-com-tarifas-a-partir-de-r-77-em-voos-nacionais\/","title":{"rendered":"LATAM ativa a\u00e7\u00f5es de Black Friday com tarifas a partir de R$ 77 em voos nacionais"},"content":{"rendered":"\n<p>A LATAM realiza promo\u00e7\u00e3o especial para destinos nacionais e internacionais na Black Friday. As tarifas especiais valem para voos em classe econ\u00f4mica com viagens programadas entre os dias 1\u00ba de fevereiro de 2020 e 31 de maio de 2020 para destinos dentro do Brasil e entre 1\u00ba de dezembro de 2019 e 31 de julho de 2020 para voos internacionais, de acordo com cada destino.<\/p>\n\n\n\n<p>Como revelado pela empresa em comunicado, oss pre\u00e7os promocionais est\u00e3o dispon\u00edveis at\u00e9 as 23h59 de domingo, 1\u00ba.<\/p>\n\n\n\n<p>Para destinos nacionais, \u00e9 poss\u00edvel encontrar tarifas a partir de R$ 77,46 (o trecho, com as taxas inclusas) de Bauru para S\u00e3o Paulo\/Guarulhos. H\u00e1 tamb\u00e9m op\u00e7\u00f5es para Maring\u00e1, Palmas e Macei\u00f3, com sa\u00eddas de S\u00e3o Paulo Guarulhos, a partir de R$ 111,59, R$ 180,69 e R$ 320,69, respectivamente (o trecho, com as taxas inclusas). J\u00e1 para aqueles que desejam voar de Bras\u00edlia para S\u00e3o Paulo\/Congonhas, as tarifas est\u00e3o a partir de R$ 105,67 (o trecho, com as taxas inclusas).<\/p>\n\n\n\n<p>As viagens internacionais tamb\u00e9m est\u00e3o com ofertas especiais durante a Black Friday. Com sa\u00eddas de S\u00e3o Paulo\/Guarulhos para Santa Cruz de La Sierra (Bol\u00edvia), as tarifas s\u00e3o a partir de R$ 808,86 (ida e volta, com as taxas inclusas) e para Santiago (Chile), a partir de R$ 896,85. Tamb\u00e9m com sa\u00edda de S\u00e3o Paulo\/Guarulhos, os passageiros podem adquirir passagens para Joanesburgo, com tarifas a partir de R$ 1.722,01 (ida e volta, com as taxas inclusas).<\/p>\n","protected":false},"excerpt":{"rendered":"<p>A LATAM realiza promo\u00e7\u00e3o especial para destinos nacionais e internacionais na Black Friday. As tarifas especiais valem para voos em classe econ\u00f4mica com viagens programadas entre os dias 1\u00ba de fevereiro de 2020 e 31 de maio de 2020 para destinos dentro do Brasil e entre 1\u00ba de dezembro de 2019 e 31 de julho [&hellip;]<\/p>\n","protected":false},"author":1,"featured_media":8876,"comment_status":"open","ping_status":"open","sticky":false,"template":"","format":"standard","meta":{"tdm_status":"","tdm_grid_status":"","footnotes":""},"categories":[6],"tags":[591],"class_list":["post-12917","post","type-post","status-publish","format-standard","has-post-thumbnail","hentry","category-noticias","tag-black-friday"],"yoast_head":"<!-- This site is optimized with the Yoast SEO plugin v27.4 - https:\/\/yoast.com\/product\/yoast-seo-wordpress\/ -->\n<title>LATAM ativa a\u00e7\u00f5es de Black Friday com tarifas a partir de R$ 77 em voos nacionais - CidadeMarketing<\/title>\n<meta name=\"robots\" content=\"index, follow, max-snippet:-1, max-image-preview:large, max-video-preview:-1\" \/>\n<link rel=\"canonical\" href=\"https:\/\/www.cidademarketing.com.br\/marketing\/2019\/11\/29\/latam-ativa-acoes-de-black-friday-com-tarifas-a-partir-de-r-77-em-voos-nacionais\/\" \/>\n<meta property=\"og:locale\" content=\"pt_BR\" \/>\n<meta property=\"og:type\" content=\"article\" \/>\n<meta property=\"og:title\" content=\"LATAM ativa a\u00e7\u00f5es de Black Friday com tarifas a partir de R$ 77 em voos nacionais - CidadeMarketing\" \/>\n<meta property=\"og:description\" content=\"A LATAM realiza promo\u00e7\u00e3o especial para destinos nacionais e internacionais na Black Friday. As tarifas especiais valem para voos em classe econ\u00f4mica com viagens programadas entre os dias 1\u00ba de fevereiro de 2020 e 31 de maio de 2020 para destinos dentro do Brasil e entre 1\u00ba de dezembro de 2019 e 31 de julho [&hellip;]\" \/>\n<meta property=\"og:url\" content=\"https:\/\/www.cidademarketing.com.br\/marketing\/2019\/11\/29\/latam-ativa-acoes-de-black-friday-com-tarifas-a-partir-de-r-77-em-voos-nacionais\/\" \/>\n<meta property=\"og:site_name\" content=\"CidadeMarketing\" \/>\n<meta property=\"article:publisher\" content=\"https:\/\/www.facebook.com\/portalcidademarketing\" \/>\n<meta property=\"article:author\" content=\"https:\/\/www.facebook.com\/thalesbrandao\" \/>\n<meta property=\"article:published_time\" content=\"2019-11-29T15:19:23+00:00\" \/>\n<meta property=\"article:modified_time\" content=\"2019-11-29T15:20:06+00:00\" \/>\n<meta property=\"og:image\" content=\"https:\/\/www.cidademarketing.com.br\/marketing\/wp-content\/uploads\/2019\/06\/latam_assento_multa_procon.jpg\" \/>\n\t<meta property=\"og:image:width\" content=\"941\" \/>\n\t<meta property=\"og:image:height\" content=\"576\" \/>\n\t<meta property=\"og:image:type\" content=\"image\/jpeg\" \/>\n<meta name=\"author\" content=\"Thales Brand\u00e3o\" \/>\n<meta name=\"twitter:card\" content=\"summary_large_image\" \/>\n<meta name=\"twitter:creator\" content=\"@http:\/\/www.twitter.com\/thalesbrandao\" \/>\n<meta name=\"twitter:site\" content=\"@CidadeMarketing\" \/>\n<meta name=\"twitter:label1\" content=\"Escrito por\" \/>\n\t<meta name=\"twitter:data1\" content=\"Thales Brand\u00e3o\" \/>\n\t<meta name=\"twitter:label2\" content=\"Est. tempo de leitura\" \/>\n\t<meta name=\"twitter:data2\" content=\"1 minuto\" \/>\n<script type=\"application\/ld+json\" class=\"yoast-schema-graph\">{\"@context\":\"https:\\\/\\\/schema.org\",\"@graph\":[{\"@type\":\"Article\",\"@id\":\"https:\\\/\\\/www.cidademarketing.com.br\\\/marketing\\\/2019\\\/11\\\/29\\\/latam-ativa-acoes-de-black-friday-com-tarifas-a-partir-de-r-77-em-voos-nacionais\\\/#article\",\"isPartOf\":{\"@id\":\"https:\\\/\\\/www.cidademarketing.com.br\\\/marketing\\\/2019\\\/11\\\/29\\\/latam-ativa-acoes-de-black-friday-com-tarifas-a-partir-de-r-77-em-voos-nacionais\\\/\"},\"author\":{\"name\":\"Thales Brand\u00e3o\",\"@id\":\"https:\\\/\\\/www.cidademarketing.com.br\\\/marketing\\\/#\\\/schema\\\/person\\\/02daff9f18bd9378c9e01eb6b2db155f\"},\"headline\":\"LATAM ativa a\u00e7\u00f5es de Black Friday com tarifas a partir de R$ 77 em voos nacionais\",\"datePublished\":\"2019-11-29T15:19:23+00:00\",\"dateModified\":\"2019-11-29T15:20:06+00:00\",\"mainEntityOfPage\":{\"@id\":\"https:\\\/\\\/www.cidademarketing.com.br\\\/marketing\\\/2019\\\/11\\\/29\\\/latam-ativa-acoes-de-black-friday-com-tarifas-a-partir-de-r-77-em-voos-nacionais\\\/\"},\"wordCount\":261,\"commentCount\":0,\"publisher\":{\"@id\":\"https:\\\/\\\/www.cidademarketing.com.br\\\/marketing\\\/#organization\"},\"image\":{\"@id\":\"https:\\\/\\\/www.cidademarketing.com.br\\\/marketing\\\/2019\\\/11\\\/29\\\/latam-ativa-acoes-de-black-friday-com-tarifas-a-partir-de-r-77-em-voos-nacionais\\\/#primaryimage\"},\"thumbnailUrl\":\"https:\\\/\\\/www.cidademarketing.com.br\\\/marketing\\\/wp-content\\\/uploads\\\/2019\\\/06\\\/latam_assento_multa_procon.jpg\",\"keywords\":[\"Black Friday\"],\"articleSection\":[\"Not\u00edcias\"],\"inLanguage\":\"pt-BR\",\"potentialAction\":[{\"@type\":\"CommentAction\",\"name\":\"Comment\",\"target\":[\"https:\\\/\\\/www.cidademarketing.com.br\\\/marketing\\\/2019\\\/11\\\/29\\\/latam-ativa-acoes-de-black-friday-com-tarifas-a-partir-de-r-77-em-voos-nacionais\\\/#respond\"]}]},{\"@type\":\"WebPage\",\"@id\":\"https:\\\/\\\/www.cidademarketing.com.br\\\/marketing\\\/2019\\\/11\\\/29\\\/latam-ativa-acoes-de-black-friday-com-tarifas-a-partir-de-r-77-em-voos-nacionais\\\/\",\"url\":\"https:\\\/\\\/www.cidademarketing.com.br\\\/marketing\\\/2019\\\/11\\\/29\\\/latam-ativa-acoes-de-black-friday-com-tarifas-a-partir-de-r-77-em-voos-nacionais\\\/\",\"name\":\"LATAM ativa a\u00e7\u00f5es de Black Friday com tarifas a partir de R$ 77 em voos nacionais - CidadeMarketing\",\"isPartOf\":{\"@id\":\"https:\\\/\\\/www.cidademarketing.com.br\\\/marketing\\\/#website\"},\"primaryImageOfPage\":{\"@id\":\"https:\\\/\\\/www.cidademarketing.com.br\\\/marketing\\\/2019\\\/11\\\/29\\\/latam-ativa-acoes-de-black-friday-com-tarifas-a-partir-de-r-77-em-voos-nacionais\\\/#primaryimage\"},\"image\":{\"@id\":\"https:\\\/\\\/www.cidademarketing.com.br\\\/marketing\\\/2019\\\/11\\\/29\\\/latam-ativa-acoes-de-black-friday-com-tarifas-a-partir-de-r-77-em-voos-nacionais\\\/#primaryimage\"},\"thumbnailUrl\":\"https:\\\/\\\/www.cidademarketing.com.br\\\/marketing\\\/wp-content\\\/uploads\\\/2019\\\/06\\\/latam_assento_multa_procon.jpg\",\"datePublished\":\"2019-11-29T15:19:23+00:00\",\"dateModified\":\"2019-11-29T15:20:06+00:00\",\"breadcrumb\":{\"@id\":\"https:\\\/\\\/www.cidademarketing.com.br\\\/marketing\\\/2019\\\/11\\\/29\\\/latam-ativa-acoes-de-black-friday-com-tarifas-a-partir-de-r-77-em-voos-nacionais\\\/#breadcrumb\"},\"inLanguage\":\"pt-BR\",\"potentialAction\":[{\"@type\":\"ReadAction\",\"target\":[\"https:\\\/\\\/www.cidademarketing.com.br\\\/marketing\\\/2019\\\/11\\\/29\\\/latam-ativa-acoes-de-black-friday-com-tarifas-a-partir-de-r-77-em-voos-nacionais\\\/\"]}]},{\"@type\":\"ImageObject\",\"inLanguage\":\"pt-BR\",\"@id\":\"https:\\\/\\\/www.cidademarketing.com.br\\\/marketing\\\/2019\\\/11\\\/29\\\/latam-ativa-acoes-de-black-friday-com-tarifas-a-partir-de-r-77-em-voos-nacionais\\\/#primaryimage\",\"url\":\"https:\\\/\\\/www.cidademarketing.com.br\\\/marketing\\\/wp-content\\\/uploads\\\/2019\\\/06\\\/latam_assento_multa_procon.jpg\",\"contentUrl\":\"https:\\\/\\\/www.cidademarketing.com.br\\\/marketing\\\/wp-content\\\/uploads\\\/2019\\\/06\\\/latam_assento_multa_procon.jpg\",\"width\":941,\"height\":576,\"caption\":\"Divulga\u00e7\u00e3o\"},{\"@type\":\"BreadcrumbList\",\"@id\":\"https:\\\/\\\/www.cidademarketing.com.br\\\/marketing\\\/2019\\\/11\\\/29\\\/latam-ativa-acoes-de-black-friday-com-tarifas-a-partir-de-r-77-em-voos-nacionais\\\/#breadcrumb\",\"itemListElement\":[{\"@type\":\"ListItem\",\"position\":1,\"name\":\"In\u00edcio\",\"item\":\"https:\\\/\\\/www.cidademarketing.com.br\\\/marketing\\\/\"},{\"@type\":\"ListItem\",\"position\":2,\"name\":\"LATAM ativa a\u00e7\u00f5es de Black Friday com tarifas a partir de R$ 77 em voos nacionais\"}]},{\"@type\":\"WebSite\",\"@id\":\"https:\\\/\\\/www.cidademarketing.com.br\\\/marketing\\\/#website\",\"url\":\"https:\\\/\\\/www.cidademarketing.com.br\\\/marketing\\\/\",\"name\":\"CidadeMarketing\",\"description\":\"Somos um ve\u00edculo de comunica\u00e7\u00e3o de destaque no Brasil, reconhecido por conte\u00fados nos segmentos de marketing, empreendedorismo e inova\u00e7\u00e3o.\",\"publisher\":{\"@id\":\"https:\\\/\\\/www.cidademarketing.com.br\\\/marketing\\\/#organization\"},\"alternateName\":\"CidadeMarketing\",\"potentialAction\":[{\"@type\":\"SearchAction\",\"target\":{\"@type\":\"EntryPoint\",\"urlTemplate\":\"https:\\\/\\\/www.cidademarketing.com.br\\\/marketing\\\/?s={search_term_string}\"},\"query-input\":{\"@type\":\"PropertyValueSpecification\",\"valueRequired\":true,\"valueName\":\"search_term_string\"}}],\"inLanguage\":\"pt-BR\"},{\"@type\":\"Organization\",\"@id\":\"https:\\\/\\\/www.cidademarketing.com.br\\\/marketing\\\/#organization\",\"name\":\"CidadeMarketing\",\"alternateName\":\"CidadeMarketing\",\"url\":\"https:\\\/\\\/www.cidademarketing.com.br\\\/marketing\\\/\",\"logo\":{\"@type\":\"ImageObject\",\"inLanguage\":\"pt-BR\",\"@id\":\"https:\\\/\\\/www.cidademarketing.com.br\\\/marketing\\\/#\\\/schema\\\/logo\\\/image\\\/\",\"url\":\"https:\\\/\\\/www.cidademarketing.com.br\\\/marketing\\\/wp-content\\\/uploads\\\/2020\\\/01\\\/cidademarketing_marca_mobile.png\",\"contentUrl\":\"https:\\\/\\\/www.cidademarketing.com.br\\\/marketing\\\/wp-content\\\/uploads\\\/2020\\\/01\\\/cidademarketing_marca_mobile.png\",\"width\":230,\"height\":92,\"caption\":\"CidadeMarketing\"},\"image\":{\"@id\":\"https:\\\/\\\/www.cidademarketing.com.br\\\/marketing\\\/#\\\/schema\\\/logo\\\/image\\\/\"},\"sameAs\":[\"https:\\\/\\\/www.facebook.com\\\/portalcidademarketing\",\"https:\\\/\\\/x.com\\\/CidadeMarketing\",\"https:\\\/\\\/www.instagram.com\\\/cidademarketing\\\/\"]},{\"@type\":\"Person\",\"@id\":\"https:\\\/\\\/www.cidademarketing.com.br\\\/marketing\\\/#\\\/schema\\\/person\\\/02daff9f18bd9378c9e01eb6b2db155f\",\"name\":\"Thales Brand\u00e3o\",\"image\":{\"@type\":\"ImageObject\",\"inLanguage\":\"pt-BR\",\"@id\":\"https:\\\/\\\/secure.gravatar.com\\\/avatar\\\/7ca3206950207cc3cb48feec56a8a7898741ab725c368d99d5d7a5a50aab80c6?s=96&d=mm&r=g\",\"url\":\"https:\\\/\\\/secure.gravatar.com\\\/avatar\\\/7ca3206950207cc3cb48feec56a8a7898741ab725c368d99d5d7a5a50aab80c6?s=96&d=mm&r=g\",\"contentUrl\":\"https:\\\/\\\/secure.gravatar.com\\\/avatar\\\/7ca3206950207cc3cb48feec56a8a7898741ab725c368d99d5d7a5a50aab80c6?s=96&d=mm&r=g\",\"caption\":\"Thales Brand\u00e3o\"},\"description\":\"Editor Executivo do Portal CidadeMarketing.com.br &gt; Mestre em Comunica\u00e7\u00e3o e Sociedade pela Universidade Federal de Sergipe. Possui MBA Executivo em Administra\u00e7\u00e3o com \u00eanfase em Marketing pela Funda\u00e7\u00e3o Get\u00falio Vargas - Rio de Janeiro. Consultor, Palestrante e Pesquisador sobre Empreendedorismo, Marketing, Redes Sociais e Neg\u00f3cios Digitais. Professor, Palestrante TedxTalks e Campus Party. Twitter: @ThalesBrandao\",\"sameAs\":[\"http:\\\/\\\/www.mandacaru.com.br\",\"https:\\\/\\\/www.facebook.com\\\/thalesbrandao\",\"http:\\\/\\\/www.instagram.com.br\\\/thalesbrandaoferreira\",\"https:\\\/\\\/www.linkedin.com\\\/in\\\/thales-brand\u00e3o-3948609\\\/\",\"https:\\\/\\\/x.com\\\/http:\\\/\\\/www.twitter.com\\\/thalesbrandao\"],\"url\":\"https:\\\/\\\/www.cidademarketing.com.br\\\/marketing\\\/author\\\/thalesbrandao\\\/\"}]}<\/script>\n<!-- \/ Yoast SEO plugin. -->","yoast_head_json":{"title":"LATAM ativa a\u00e7\u00f5es de Black Friday com tarifas a partir de R$ 77 em voos nacionais - CidadeMarketing","robots":{"index":"index","follow":"follow","max-snippet":"max-snippet:-1","max-image-preview":"max-image-preview:large","max-video-preview":"max-video-preview:-1"},"canonical":"https:\/\/www.cidademarketing.com.br\/marketing\/2019\/11\/29\/latam-ativa-acoes-de-black-friday-com-tarifas-a-partir-de-r-77-em-voos-nacionais\/","og_locale":"pt_BR","og_type":"article","og_title":"LATAM ativa a\u00e7\u00f5es de Black Friday com tarifas a partir de R$ 77 em voos nacionais - CidadeMarketing","og_description":"A LATAM realiza promo\u00e7\u00e3o especial para destinos nacionais e internacionais na Black Friday. As tarifas especiais valem para voos em classe econ\u00f4mica com viagens programadas entre os dias 1\u00ba de fevereiro de 2020 e 31 de maio de 2020 para destinos dentro do Brasil e entre 1\u00ba de dezembro de 2019 e 31 de julho [&hellip;]","og_url":"https:\/\/www.cidademarketing.com.br\/marketing\/2019\/11\/29\/latam-ativa-acoes-de-black-friday-com-tarifas-a-partir-de-r-77-em-voos-nacionais\/","og_site_name":"CidadeMarketing","article_publisher":"https:\/\/www.facebook.com\/portalcidademarketing","article_author":"https:\/\/www.facebook.com\/thalesbrandao","article_published_time":"2019-11-29T15:19:23+00:00","article_modified_time":"2019-11-29T15:20:06+00:00","og_image":[{"width":941,"height":576,"url":"https:\/\/www.cidademarketing.com.br\/marketing\/wp-content\/uploads\/2019\/06\/latam_assento_multa_procon.jpg","type":"image\/jpeg"}],"author":"Thales Brand\u00e3o","twitter_card":"summary_large_image","twitter_creator":"@http:\/\/www.twitter.com\/thalesbrandao","twitter_site":"@CidadeMarketing","twitter_misc":{"Escrito por":"Thales Brand\u00e3o","Est. tempo de leitura":"1 minuto"},"schema":{"@context":"https:\/\/schema.org","@graph":[{"@type":"Article","@id":"https:\/\/www.cidademarketing.com.br\/marketing\/2019\/11\/29\/latam-ativa-acoes-de-black-friday-com-tarifas-a-partir-de-r-77-em-voos-nacionais\/#article","isPartOf":{"@id":"https:\/\/www.cidademarketing.com.br\/marketing\/2019\/11\/29\/latam-ativa-acoes-de-black-friday-com-tarifas-a-partir-de-r-77-em-voos-nacionais\/"},"author":{"name":"Thales Brand\u00e3o","@id":"https:\/\/www.cidademarketing.com.br\/marketing\/#\/schema\/person\/02daff9f18bd9378c9e01eb6b2db155f"},"headline":"LATAM ativa a\u00e7\u00f5es de Black Friday com tarifas a partir de R$ 77 em voos nacionais","datePublished":"2019-11-29T15:19:23+00:00","dateModified":"2019-11-29T15:20:06+00:00","mainEntityOfPage":{"@id":"https:\/\/www.cidademarketing.com.br\/marketing\/2019\/11\/29\/latam-ativa-acoes-de-black-friday-com-tarifas-a-partir-de-r-77-em-voos-nacionais\/"},"wordCount":261,"commentCount":0,"publisher":{"@id":"https:\/\/www.cidademarketing.com.br\/marketing\/#organization"},"image":{"@id":"https:\/\/www.cidademarketing.com.br\/marketing\/2019\/11\/29\/latam-ativa-acoes-de-black-friday-com-tarifas-a-partir-de-r-77-em-voos-nacionais\/#primaryimage"},"thumbnailUrl":"https:\/\/www.cidademarketing.com.br\/marketing\/wp-content\/uploads\/2019\/06\/latam_assento_multa_procon.jpg","keywords":["Black Friday"],"articleSection":["Not\u00edcias"],"inLanguage":"pt-BR","potentialAction":[{"@type":"CommentAction","name":"Comment","target":["https:\/\/www.cidademarketing.com.br\/marketing\/2019\/11\/29\/latam-ativa-acoes-de-black-friday-com-tarifas-a-partir-de-r-77-em-voos-nacionais\/#respond"]}]},{"@type":"WebPage","@id":"https:\/\/www.cidademarketing.com.br\/marketing\/2019\/11\/29\/latam-ativa-acoes-de-black-friday-com-tarifas-a-partir-de-r-77-em-voos-nacionais\/","url":"https:\/\/www.cidademarketing.com.br\/marketing\/2019\/11\/29\/latam-ativa-acoes-de-black-friday-com-tarifas-a-partir-de-r-77-em-voos-nacionais\/","name":"LATAM ativa a\u00e7\u00f5es de Black Friday com tarifas a partir de R$ 77 em voos nacionais - CidadeMarketing","isPartOf":{"@id":"https:\/\/www.cidademarketing.com.br\/marketing\/#website"},"primaryImageOfPage":{"@id":"https:\/\/www.cidademarketing.com.br\/marketing\/2019\/11\/29\/latam-ativa-acoes-de-black-friday-com-tarifas-a-partir-de-r-77-em-voos-nacionais\/#primaryimage"},"image":{"@id":"https:\/\/www.cidademarketing.com.br\/marketing\/2019\/11\/29\/latam-ativa-acoes-de-black-friday-com-tarifas-a-partir-de-r-77-em-voos-nacionais\/#primaryimage"},"thumbnailUrl":"https:\/\/www.cidademarketing.com.br\/marketing\/wp-content\/uploads\/2019\/06\/latam_assento_multa_procon.jpg","datePublished":"2019-11-29T15:19:23+00:00","dateModified":"2019-11-29T15:20:06+00:00","breadcrumb":{"@id":"https:\/\/www.cidademarketing.com.br\/marketing\/2019\/11\/29\/latam-ativa-acoes-de-black-friday-com-tarifas-a-partir-de-r-77-em-voos-nacionais\/#breadcrumb"},"inLanguage":"pt-BR","potentialAction":[{"@type":"ReadAction","target":["https:\/\/www.cidademarketing.com.br\/marketing\/2019\/11\/29\/latam-ativa-acoes-de-black-friday-com-tarifas-a-partir-de-r-77-em-voos-nacionais\/"]}]},{"@type":"ImageObject","inLanguage":"pt-BR","@id":"https:\/\/www.cidademarketing.com.br\/marketing\/2019\/11\/29\/latam-ativa-acoes-de-black-friday-com-tarifas-a-partir-de-r-77-em-voos-nacionais\/#primaryimage","url":"https:\/\/www.cidademarketing.com.br\/marketing\/wp-content\/uploads\/2019\/06\/latam_assento_multa_procon.jpg","contentUrl":"https:\/\/www.cidademarketing.com.br\/marketing\/wp-content\/uploads\/2019\/06\/latam_assento_multa_procon.jpg","width":941,"height":576,"caption":"Divulga\u00e7\u00e3o"},{"@type":"BreadcrumbList","@id":"https:\/\/www.cidademarketing.com.br\/marketing\/2019\/11\/29\/latam-ativa-acoes-de-black-friday-com-tarifas-a-partir-de-r-77-em-voos-nacionais\/#breadcrumb","itemListElement":[{"@type":"ListItem","position":1,"name":"In\u00edcio","item":"https:\/\/www.cidademarketing.com.br\/marketing\/"},{"@type":"ListItem","position":2,"name":"LATAM ativa a\u00e7\u00f5es de Black Friday com tarifas a partir de R$ 77 em voos nacionais"}]},{"@type":"WebSite","@id":"https:\/\/www.cidademarketing.com.br\/marketing\/#website","url":"https:\/\/www.cidademarketing.com.br\/marketing\/","name":"CidadeMarketing","description":"Somos um ve\u00edculo de comunica\u00e7\u00e3o de destaque no Brasil, reconhecido por conte\u00fados nos segmentos de marketing, empreendedorismo e inova\u00e7\u00e3o.","publisher":{"@id":"https:\/\/www.cidademarketing.com.br\/marketing\/#organization"},"alternateName":"CidadeMarketing","potentialAction":[{"@type":"SearchAction","target":{"@type":"EntryPoint","urlTemplate":"https:\/\/www.cidademarketing.com.br\/marketing\/?s={search_term_string}"},"query-input":{"@type":"PropertyValueSpecification","valueRequired":true,"valueName":"search_term_string"}}],"inLanguage":"pt-BR"},{"@type":"Organization","@id":"https:\/\/www.cidademarketing.com.br\/marketing\/#organization","name":"CidadeMarketing","alternateName":"CidadeMarketing","url":"https:\/\/www.cidademarketing.com.br\/marketing\/","logo":{"@type":"ImageObject","inLanguage":"pt-BR","@id":"https:\/\/www.cidademarketing.com.br\/marketing\/#\/schema\/logo\/image\/","url":"https:\/\/www.cidademarketing.com.br\/marketing\/wp-content\/uploads\/2020\/01\/cidademarketing_marca_mobile.png","contentUrl":"https:\/\/www.cidademarketing.com.br\/marketing\/wp-content\/uploads\/2020\/01\/cidademarketing_marca_mobile.png","width":230,"height":92,"caption":"CidadeMarketing"},"image":{"@id":"https:\/\/www.cidademarketing.com.br\/marketing\/#\/schema\/logo\/image\/"},"sameAs":["https:\/\/www.facebook.com\/portalcidademarketing","https:\/\/x.com\/CidadeMarketing","https:\/\/www.instagram.com\/cidademarketing\/"]},{"@type":"Person","@id":"https:\/\/www.cidademarketing.com.br\/marketing\/#\/schema\/person\/02daff9f18bd9378c9e01eb6b2db155f","name":"Thales Brand\u00e3o","image":{"@type":"ImageObject","inLanguage":"pt-BR","@id":"https:\/\/secure.gravatar.com\/avatar\/7ca3206950207cc3cb48feec56a8a7898741ab725c368d99d5d7a5a50aab80c6?s=96&d=mm&r=g","url":"https:\/\/secure.gravatar.com\/avatar\/7ca3206950207cc3cb48feec56a8a7898741ab725c368d99d5d7a5a50aab80c6?s=96&d=mm&r=g","contentUrl":"https:\/\/secure.gravatar.com\/avatar\/7ca3206950207cc3cb48feec56a8a7898741ab725c368d99d5d7a5a50aab80c6?s=96&d=mm&r=g","caption":"Thales Brand\u00e3o"},"description":"Editor Executivo do Portal CidadeMarketing.com.br &gt; Mestre em Comunica\u00e7\u00e3o e Sociedade pela Universidade Federal de Sergipe. Possui MBA Executivo em Administra\u00e7\u00e3o com \u00eanfase em Marketing pela Funda\u00e7\u00e3o Get\u00falio Vargas - Rio de Janeiro. Consultor, Palestrante e Pesquisador sobre Empreendedorismo, Marketing, Redes Sociais e Neg\u00f3cios Digitais. Professor, Palestrante TedxTalks e Campus Party. Twitter: @ThalesBrandao","sameAs":["http:\/\/www.mandacaru.com.br","https:\/\/www.facebook.com\/thalesbrandao","http:\/\/www.instagram.com.br\/thalesbrandaoferreira","https:\/\/www.linkedin.com\/in\/thales-brand\u00e3o-3948609\/","https:\/\/x.com\/http:\/\/www.twitter.com\/thalesbrandao"],"url":"https:\/\/www.cidademarketing.com.br\/marketing\/author\/thalesbrandao\/"}]}},"amp_enabled":true,"_links":{"self":[{"href":"https:\/\/www.cidademarketing.com.br\/marketing\/wp-json\/wp\/v2\/posts\/12917","targetHints":{"allow":["GET"]}}],"collection":[{"href":"https:\/\/www.cidademarketing.com.br\/marketing\/wp-json\/wp\/v2\/posts"}],"about":[{"href":"https:\/\/www.cidademarketing.com.br\/marketing\/wp-json\/wp\/v2\/types\/post"}],"author":[{"embeddable":true,"href":"https:\/\/www.cidademarketing.com.br\/marketing\/wp-json\/wp\/v2\/users\/1"}],"replies":[{"embeddable":true,"href":"https:\/\/www.cidademarketing.com.br\/marketing\/wp-json\/wp\/v2\/comments?post=12917"}],"version-history":[{"count":1,"href":"https:\/\/www.cidademarketing.com.br\/marketing\/wp-json\/wp\/v2\/posts\/12917\/revisions"}],"predecessor-version":[{"id":12918,"href":"https:\/\/www.cidademarketing.com.br\/marketing\/wp-json\/wp\/v2\/posts\/12917\/revisions\/12918"}],"wp:featuredmedia":[{"embeddable":true,"href":"https:\/\/www.cidademarketing.com.br\/marketing\/wp-json\/wp\/v2\/media\/8876"}],"wp:attachment":[{"href":"https:\/\/www.cidademarketing.com.br\/marketing\/wp-json\/wp\/v2\/media?parent=12917"}],"wp:term":[{"taxonomy":"category","embeddable":true,"href":"https:\/\/www.cidademarketing.com.br\/marketing\/wp-json\/wp\/v2\/categories?post=12917"},{"taxonomy":"post_tag","embeddable":true,"href":"https:\/\/www.cidademarketing.com.br\/marketing\/wp-json\/wp\/v2\/tags?post=12917"}],"curies":[{"name":"wp","href":"https:\/\/api.w.org\/{rel}","templated":true}]}}