{"id":1287,"date":"2018-07-25T10:12:06","date_gmt":"2018-07-25T13:12:06","guid":{"rendered":"http:\/\/www.cidademarketing.com.br\/marketing\/?p=1287"},"modified":"2018-07-25T10:26:50","modified_gmt":"2018-07-25T13:26:50","slug":"em-campanha-claro-demonstra-que-o-amor-e-capaz-de-construir-e-reconstruir-novosmomentos","status":"publish","type":"post","link":"https:\/\/www.cidademarketing.com.br\/marketing\/2018\/07\/25\/em-campanha-claro-demonstra-que-o-amor-e-capaz-de-construir-e-reconstruir-novosmomentos\/","title":{"rendered":"Em campanha, Claro demonstra que o amor \u00e9 capaz de construir e reconstruir #NovosMomentos"},"content":{"rendered":"<p>As mem\u00f3rias de toda uma vida compartilhada entre Fidelcino Artico, de 81 anos, e Aldice Breij\u00e3o, de 80 anos, materializadas em fotos, objetos, cores e texturas, perderam-se depois que assaltantes invadiram e atearam fogo \u00e0 resid\u00eancia em que viviam, em Mau\u00e1, regi\u00e3o metropolitana de S\u00e3o Paulo, no ano passado. Mas uma das recorda\u00e7\u00f5es mais importantes desse casal, guardada no antigo endere\u00e7o por mais de 40 anos, foi devolvida a eles no dia 20 de maio. Fidelcino e Aldice reviveram, tendo a fam\u00edlia que constru\u00edram por testemunha, o seu casamento, da \u00fanica forma poss\u00edvel: subindo ao altar de novo. Desta vez, a emo\u00e7\u00e3o da noiva, a cumplicidade dos rec\u00e9m-casados, a alegria dos convidados n\u00e3o ficaram impressas apenas no papel. As cenas, desse novo enlace e marco zero da hist\u00f3ria do casal, viraram o filme de abertura da campanha &#8220;Meus novos momentos&#8221;, criada pela F.biz para a Claro, para celebrar o dia dos Av\u00f3s, que estreou hoje.<\/p>\n<blockquote class=\"td_pull_quote td_pull_center\"><p>&nbsp;<\/p>\n<p><span style=\"color: #003366;\">&#8220;A emo\u00e7\u00e3o testemunhada pelos parentes e amigos, que acompanharam a cerim\u00f4nia, define o prop\u00f3sito da marca Claro: o de capturar os momentos marcantes da vida das pessoas e permitir que elas compartilhem&#8221;, comenta Guilherme Jahara, CCO da F.biz.\u00a0<\/span><\/p><\/blockquote>\n<p>Al\u00e9m do filme veiculado no YouTube \u00a0e nas redes sociais da Claro, a a\u00e7\u00e3o \u00e9 apoiada por iniciativas de conte\u00fado baseadas no trabalho dos fot\u00f3grafos Danny Zappa e Fernando Schlaepfer. Imagens e depoimentos durante os votos dos noivos e a festa ser\u00e3o postadas no Instagram Stories da dupla, que tamb\u00e9m s\u00e3o influenciadores. Al\u00e9m disso, haver\u00e1 um publieditorial no site da Hypeness.<\/p>\n<p>&nbsp;<\/p>\n<p><a href=\"https:\/\/www.youtube.com\/watch?v=aj6ki2FH118\">https:\/\/www.youtube.com\/watch?v=aj6ki2FH118<\/a><\/p>\n<p>&nbsp;<\/p>\n<p>A estrat\u00e9gia ainda incluiu uma fase preparat\u00f3ria, composta por teasers postados entre os dias 17 e 23 de julho nas m\u00eddias sociais da Claro, dos fot\u00f3grafos e tamb\u00e9m da cantora Anitta, que convidou seu p\u00fablico a acompanhar a emocionante hist\u00f3ria.<\/p>\n<blockquote class=\"td_pull_quote td_pull_center\"><p><span style=\"color: #003366;\">\u201cPara a Claro, foi incr\u00edvel participar deste momento \u00fanico e proporcionar que estas novas mem\u00f3rias sejam eternizadas. Quando soubemos que os netos fizeram um <em>crowdfunding <\/em>para a reforma da casa, pensamos: por que n\u00e3o celebrar o casamento do Sr Fidel e Dona Dirce e proporcionar \u00e0 fam\u00edlia e aos amigos essa felicidade? O meio para compartilhar e registrar esse momento n\u00f3s j\u00e1 t\u00ednhamos, afinal, nossa internet \u00e9 a mais r\u00e1pida do Brasil\u201d, comenta Ane Lopes\u00a0Tubenchlak, diretora de Marca e Comunica\u00e7\u00e3o da Claro.<\/span><\/p><\/blockquote>\n<p><strong>Hist\u00f3ria da vov\u00f3<\/strong><\/p>\n<p><strong>\u00a0<\/strong>A descoberta de que a casa em que moravam havia sido assaltada e queimada por criminosos aconteceu quando Fidelcino Artico e Aldice Breij\u00e3o retornavam de um fim de semana em Bertioga, na Baixada Santista (SP), em abril de 2017. Poucas paredes resistiram, al\u00e9m de alguns eletrodom\u00e9sticos, documentos e roupas.<\/p>\n<p>A resid\u00eancia em Mau\u00e1 remonta a hist\u00f3ria da \u00e9poca em que Fidelcino desistiu do emprego em uma ind\u00fastria de a\u00e7o para vender roupas confeccionadas por sua mulher. Eles ainda chegaram a ganhar a vida vendendo cer\u00e2micas e peixes. Foi assim que o casal educou os filhos Edivaldo, Sandra e Rose, al\u00e9m de cuidarem dos netos e bisnetos, que hoje os cercam com o mesmo carinho e afeto.<\/p>\n<p>&nbsp;<\/p>\n<p><strong>Ficha T\u00e9cnica<\/strong><\/p>\n<p>Anunciante: Claro Brasil<\/p>\n<p>Ag\u00eancia: F.biz<\/p>\n<p>T\u00edtulo: Meus Novos Momentos<\/p>\n<p>Produto: 4.5G<\/p>\n<p>CCO: Guilherme Jahara<\/p>\n<p>Diretor Executivo de Cria\u00e7\u00e3o: Rodrigo \u201cDig\u00e3o\u201d Senra, Fabio<\/p>\n<p>Astolpho<\/p>\n<p>Diretor de arte: Victor Britto e Tiago Bastos<\/p>\n<p>Redator: Paulo Martins, Douglas Spernega<\/p>\n<p>Assistente de Arte: Marcos Nascimento<\/p>\n<p>RTVC: Iara Demartini e Patr\u00edcia Dantas<\/p>\n<p>Produtora: Vandalo<\/p>\n<p>Produ\u00e7\u00e3o: Renato Angelo<\/p>\n<p>Dire\u00e7\u00e3o: Martin Escriche &amp; Marcus Becker<\/p>\n<p>Produ\u00e7\u00e3o executiva: Julieta Biasotti<\/p>\n<p>Atendimento Produtora: Caio Fusco<\/p>\n<p>Diretor de fotografia: Adriano Vanni<\/p>\n<p>Montagem: Poliana Martins<\/p>\n<p>Produtora de Som: Cabaret<\/p>\n<p>Produtor: Otavio Cavalheiro<\/p>\n<p>Maestro: Andr\u00e9 Henrique<\/p>\n<p>Atendimento Produtora Som: Debora Carvalho<\/p>\n<p>Finaliza\u00e7\u00e3o: Vandalo<\/p>\n<p>P\u00f3s-Produ\u00e7\u00e3o: Psycho &amp; Vandalo<\/p>\n<p>CSO: Renata d&#8217;Avila<\/p>\n<p>Planejamento: Maria Fernanda Haddad, Mar\u00edlia Lacerda, Uli Oliveira<\/p>\n<p>e Luiz Menezes<\/p>\n<p>M\u00eddia: Amanda Gasperini e Damares Pereira<\/p>\n<p>Social Media e Conte\u00fado: Laila Bergamasco, \u00cdris Castro, Camila<\/p>\n<p>Gusson, Rafael Cappi e Giulia Perrone<\/p>\n<p>BI: Guilherme Paiola e Let\u00edcia Mili\u00e3o<\/p>\n<p>CBO: Juliana Vilhena Nascimento<\/p>\n<p>Atendimento: Mirella Bergamini, Eliana Ricci, Thamy Alegria Ortiz,<\/p>\n<p>St\u00e9ffano Coelho e Marco Cappanari<\/p>\n<p>Aprova\u00e7\u00e3o\/ Cliente: Marcio Carvalho, Ane Lopes, Denise Carvalho,<\/p>\n<p>Alan Rossi, Vanessa Kuster e Felipe Andr\u00e9<\/p>\n","protected":false},"excerpt":{"rendered":"<p>As mem\u00f3rias de toda uma vida compartilhada entre Fidelcino Artico, de 81 anos, e Aldice Breij\u00e3o, de 80 anos, materializadas em fotos, objetos, cores e texturas, perderam-se depois que assaltantes invadiram e atearam fogo \u00e0 resid\u00eancia em que viviam, em Mau\u00e1, regi\u00e3o metropolitana de S\u00e3o Paulo, no ano passado. Mas uma das recorda\u00e7\u00f5es mais importantes [&hellip;]<\/p>\n","protected":false},"author":1,"featured_media":1288,"comment_status":"open","ping_status":"open","sticky":false,"template":"","format":"video","meta":{"tdm_status":"","tdm_grid_status":"","footnotes":""},"categories":[14],"tags":[65,288,28,66],"class_list":["post-1287","post","type-post","status-publish","format-video","has-post-thumbnail","hentry","category-videos","tag-campanha","tag-claro","tag-marketing","tag-propaganda","post_format-post-format-video"],"yoast_head":"<!-- This site is optimized with the Yoast SEO plugin v27.5 - https:\/\/yoast.com\/product\/yoast-seo-wordpress\/ -->\n<title>Em campanha, Claro demonstra que o amor \u00e9 capaz de construir e reconstruir #NovosMomentos - CidadeMarketing<\/title>\n<meta name=\"robots\" content=\"index, follow, max-snippet:-1, max-image-preview:large, max-video-preview:-1\" \/>\n<link rel=\"canonical\" href=\"https:\/\/www.cidademarketing.com.br\/marketing\/2018\/07\/25\/em-campanha-claro-demonstra-que-o-amor-e-capaz-de-construir-e-reconstruir-novosmomentos\/\" \/>\n<meta property=\"og:locale\" content=\"pt_BR\" \/>\n<meta property=\"og:type\" content=\"article\" \/>\n<meta property=\"og:title\" content=\"Em campanha, Claro demonstra que o amor \u00e9 capaz de construir e reconstruir #NovosMomentos - CidadeMarketing\" \/>\n<meta property=\"og:description\" content=\"As mem\u00f3rias de toda uma vida compartilhada entre Fidelcino Artico, de 81 anos, e Aldice Breij\u00e3o, de 80 anos, materializadas em fotos, objetos, cores e texturas, perderam-se depois que assaltantes invadiram e atearam fogo \u00e0 resid\u00eancia em que viviam, em Mau\u00e1, regi\u00e3o metropolitana de S\u00e3o Paulo, no ano passado. Mas uma das recorda\u00e7\u00f5es mais importantes [&hellip;]\" \/>\n<meta property=\"og:url\" content=\"https:\/\/www.cidademarketing.com.br\/marketing\/2018\/07\/25\/em-campanha-claro-demonstra-que-o-amor-e-capaz-de-construir-e-reconstruir-novosmomentos\/\" \/>\n<meta property=\"og:site_name\" content=\"CidadeMarketing\" \/>\n<meta property=\"article:publisher\" content=\"https:\/\/www.facebook.com\/portalcidademarketing\" \/>\n<meta property=\"article:author\" content=\"https:\/\/www.facebook.com\/thalesbrandao\" \/>\n<meta property=\"article:published_time\" content=\"2018-07-25T13:12:06+00:00\" \/>\n<meta property=\"article:modified_time\" content=\"2018-07-25T13:26:50+00:00\" \/>\n<meta property=\"og:image\" content=\"https:\/\/www.cidademarketing.com.br\/marketing\/wp-content\/uploads\/2018\/07\/claro_novosmomentos.jpg\" \/>\n\t<meta property=\"og:image:width\" content=\"600\" \/>\n\t<meta property=\"og:image:height\" content=\"305\" \/>\n\t<meta property=\"og:image:type\" content=\"image\/jpeg\" \/>\n<meta name=\"author\" content=\"Thales Brand\u00e3o\" \/>\n<meta name=\"twitter:card\" content=\"summary_large_image\" \/>\n<meta name=\"twitter:creator\" content=\"@http:\/\/www.twitter.com\/thalesbrandao\" \/>\n<meta name=\"twitter:site\" content=\"@CidadeMarketing\" \/>\n<meta name=\"twitter:label1\" content=\"Escrito por\" \/>\n\t<meta name=\"twitter:data1\" content=\"Thales Brand\u00e3o\" \/>\n\t<meta name=\"twitter:label2\" content=\"Est. tempo de leitura\" \/>\n\t<meta name=\"twitter:data2\" content=\"4 minutos\" \/>\n<script type=\"application\/ld+json\" class=\"yoast-schema-graph\">{\"@context\":\"https:\\\/\\\/schema.org\",\"@graph\":[{\"@type\":\"Article\",\"@id\":\"https:\\\/\\\/www.cidademarketing.com.br\\\/marketing\\\/2018\\\/07\\\/25\\\/em-campanha-claro-demonstra-que-o-amor-e-capaz-de-construir-e-reconstruir-novosmomentos\\\/#article\",\"isPartOf\":{\"@id\":\"https:\\\/\\\/www.cidademarketing.com.br\\\/marketing\\\/2018\\\/07\\\/25\\\/em-campanha-claro-demonstra-que-o-amor-e-capaz-de-construir-e-reconstruir-novosmomentos\\\/\"},\"author\":{\"name\":\"Thales Brand\u00e3o\",\"@id\":\"https:\\\/\\\/www.cidademarketing.com.br\\\/marketing\\\/#\\\/schema\\\/person\\\/02daff9f18bd9378c9e01eb6b2db155f\"},\"headline\":\"Em campanha, Claro demonstra que o amor \u00e9 capaz de construir e reconstruir #NovosMomentos\",\"datePublished\":\"2018-07-25T13:12:06+00:00\",\"dateModified\":\"2018-07-25T13:26:50+00:00\",\"mainEntityOfPage\":{\"@id\":\"https:\\\/\\\/www.cidademarketing.com.br\\\/marketing\\\/2018\\\/07\\\/25\\\/em-campanha-claro-demonstra-que-o-amor-e-capaz-de-construir-e-reconstruir-novosmomentos\\\/\"},\"wordCount\":757,\"commentCount\":0,\"publisher\":{\"@id\":\"https:\\\/\\\/www.cidademarketing.com.br\\\/marketing\\\/#organization\"},\"image\":{\"@id\":\"https:\\\/\\\/www.cidademarketing.com.br\\\/marketing\\\/2018\\\/07\\\/25\\\/em-campanha-claro-demonstra-que-o-amor-e-capaz-de-construir-e-reconstruir-novosmomentos\\\/#primaryimage\"},\"thumbnailUrl\":\"https:\\\/\\\/www.cidademarketing.com.br\\\/marketing\\\/wp-content\\\/uploads\\\/2018\\\/07\\\/claro_novosmomentos.jpg\",\"keywords\":[\"campanha\",\"Claro\",\"marketing\",\"propaganda\"],\"articleSection\":[\"Videos\"],\"inLanguage\":\"pt-BR\",\"potentialAction\":[{\"@type\":\"CommentAction\",\"name\":\"Comment\",\"target\":[\"https:\\\/\\\/www.cidademarketing.com.br\\\/marketing\\\/2018\\\/07\\\/25\\\/em-campanha-claro-demonstra-que-o-amor-e-capaz-de-construir-e-reconstruir-novosmomentos\\\/#respond\"]}]},{\"@type\":\"WebPage\",\"@id\":\"https:\\\/\\\/www.cidademarketing.com.br\\\/marketing\\\/2018\\\/07\\\/25\\\/em-campanha-claro-demonstra-que-o-amor-e-capaz-de-construir-e-reconstruir-novosmomentos\\\/\",\"url\":\"https:\\\/\\\/www.cidademarketing.com.br\\\/marketing\\\/2018\\\/07\\\/25\\\/em-campanha-claro-demonstra-que-o-amor-e-capaz-de-construir-e-reconstruir-novosmomentos\\\/\",\"name\":\"Em campanha, Claro demonstra que o amor \u00e9 capaz de construir e reconstruir #NovosMomentos - CidadeMarketing\",\"isPartOf\":{\"@id\":\"https:\\\/\\\/www.cidademarketing.com.br\\\/marketing\\\/#website\"},\"primaryImageOfPage\":{\"@id\":\"https:\\\/\\\/www.cidademarketing.com.br\\\/marketing\\\/2018\\\/07\\\/25\\\/em-campanha-claro-demonstra-que-o-amor-e-capaz-de-construir-e-reconstruir-novosmomentos\\\/#primaryimage\"},\"image\":{\"@id\":\"https:\\\/\\\/www.cidademarketing.com.br\\\/marketing\\\/2018\\\/07\\\/25\\\/em-campanha-claro-demonstra-que-o-amor-e-capaz-de-construir-e-reconstruir-novosmomentos\\\/#primaryimage\"},\"thumbnailUrl\":\"https:\\\/\\\/www.cidademarketing.com.br\\\/marketing\\\/wp-content\\\/uploads\\\/2018\\\/07\\\/claro_novosmomentos.jpg\",\"datePublished\":\"2018-07-25T13:12:06+00:00\",\"dateModified\":\"2018-07-25T13:26:50+00:00\",\"breadcrumb\":{\"@id\":\"https:\\\/\\\/www.cidademarketing.com.br\\\/marketing\\\/2018\\\/07\\\/25\\\/em-campanha-claro-demonstra-que-o-amor-e-capaz-de-construir-e-reconstruir-novosmomentos\\\/#breadcrumb\"},\"inLanguage\":\"pt-BR\",\"potentialAction\":[{\"@type\":\"ReadAction\",\"target\":[\"https:\\\/\\\/www.cidademarketing.com.br\\\/marketing\\\/2018\\\/07\\\/25\\\/em-campanha-claro-demonstra-que-o-amor-e-capaz-de-construir-e-reconstruir-novosmomentos\\\/\"]}]},{\"@type\":\"ImageObject\",\"inLanguage\":\"pt-BR\",\"@id\":\"https:\\\/\\\/www.cidademarketing.com.br\\\/marketing\\\/2018\\\/07\\\/25\\\/em-campanha-claro-demonstra-que-o-amor-e-capaz-de-construir-e-reconstruir-novosmomentos\\\/#primaryimage\",\"url\":\"https:\\\/\\\/www.cidademarketing.com.br\\\/marketing\\\/wp-content\\\/uploads\\\/2018\\\/07\\\/claro_novosmomentos.jpg\",\"contentUrl\":\"https:\\\/\\\/www.cidademarketing.com.br\\\/marketing\\\/wp-content\\\/uploads\\\/2018\\\/07\\\/claro_novosmomentos.jpg\",\"width\":600,\"height\":305},{\"@type\":\"BreadcrumbList\",\"@id\":\"https:\\\/\\\/www.cidademarketing.com.br\\\/marketing\\\/2018\\\/07\\\/25\\\/em-campanha-claro-demonstra-que-o-amor-e-capaz-de-construir-e-reconstruir-novosmomentos\\\/#breadcrumb\",\"itemListElement\":[{\"@type\":\"ListItem\",\"position\":1,\"name\":\"In\u00edcio\",\"item\":\"https:\\\/\\\/www.cidademarketing.com.br\\\/marketing\\\/\"},{\"@type\":\"ListItem\",\"position\":2,\"name\":\"Em campanha, Claro demonstra que o amor \u00e9 capaz de construir e reconstruir #NovosMomentos\"}]},{\"@type\":\"WebSite\",\"@id\":\"https:\\\/\\\/www.cidademarketing.com.br\\\/marketing\\\/#website\",\"url\":\"https:\\\/\\\/www.cidademarketing.com.br\\\/marketing\\\/\",\"name\":\"CidadeMarketing\",\"description\":\"Somos um ve\u00edculo de comunica\u00e7\u00e3o de destaque no Brasil, reconhecido por conte\u00fados nos segmentos de marketing, empreendedorismo e inova\u00e7\u00e3o.\",\"publisher\":{\"@id\":\"https:\\\/\\\/www.cidademarketing.com.br\\\/marketing\\\/#organization\"},\"alternateName\":\"CidadeMarketing\",\"potentialAction\":[{\"@type\":\"SearchAction\",\"target\":{\"@type\":\"EntryPoint\",\"urlTemplate\":\"https:\\\/\\\/www.cidademarketing.com.br\\\/marketing\\\/?s={search_term_string}\"},\"query-input\":{\"@type\":\"PropertyValueSpecification\",\"valueRequired\":true,\"valueName\":\"search_term_string\"}}],\"inLanguage\":\"pt-BR\"},{\"@type\":\"Organization\",\"@id\":\"https:\\\/\\\/www.cidademarketing.com.br\\\/marketing\\\/#organization\",\"name\":\"CidadeMarketing\",\"alternateName\":\"CidadeMarketing\",\"url\":\"https:\\\/\\\/www.cidademarketing.com.br\\\/marketing\\\/\",\"logo\":{\"@type\":\"ImageObject\",\"inLanguage\":\"pt-BR\",\"@id\":\"https:\\\/\\\/www.cidademarketing.com.br\\\/marketing\\\/#\\\/schema\\\/logo\\\/image\\\/\",\"url\":\"https:\\\/\\\/www.cidademarketing.com.br\\\/marketing\\\/wp-content\\\/uploads\\\/2020\\\/01\\\/cidademarketing_marca_mobile.png\",\"contentUrl\":\"https:\\\/\\\/www.cidademarketing.com.br\\\/marketing\\\/wp-content\\\/uploads\\\/2020\\\/01\\\/cidademarketing_marca_mobile.png\",\"width\":230,\"height\":92,\"caption\":\"CidadeMarketing\"},\"image\":{\"@id\":\"https:\\\/\\\/www.cidademarketing.com.br\\\/marketing\\\/#\\\/schema\\\/logo\\\/image\\\/\"},\"sameAs\":[\"https:\\\/\\\/www.facebook.com\\\/portalcidademarketing\",\"https:\\\/\\\/x.com\\\/CidadeMarketing\",\"https:\\\/\\\/www.instagram.com\\\/cidademarketing\\\/\"]},{\"@type\":\"Person\",\"@id\":\"https:\\\/\\\/www.cidademarketing.com.br\\\/marketing\\\/#\\\/schema\\\/person\\\/02daff9f18bd9378c9e01eb6b2db155f\",\"name\":\"Thales Brand\u00e3o\",\"image\":{\"@type\":\"ImageObject\",\"inLanguage\":\"pt-BR\",\"@id\":\"https:\\\/\\\/secure.gravatar.com\\\/avatar\\\/7ca3206950207cc3cb48feec56a8a7898741ab725c368d99d5d7a5a50aab80c6?s=96&d=mm&r=g\",\"url\":\"https:\\\/\\\/secure.gravatar.com\\\/avatar\\\/7ca3206950207cc3cb48feec56a8a7898741ab725c368d99d5d7a5a50aab80c6?s=96&d=mm&r=g\",\"contentUrl\":\"https:\\\/\\\/secure.gravatar.com\\\/avatar\\\/7ca3206950207cc3cb48feec56a8a7898741ab725c368d99d5d7a5a50aab80c6?s=96&d=mm&r=g\",\"caption\":\"Thales Brand\u00e3o\"},\"description\":\"Editor Executivo do Portal CidadeMarketing.com.br &gt; Mestre em Comunica\u00e7\u00e3o e Sociedade pela Universidade Federal de Sergipe. Possui MBA Executivo em Administra\u00e7\u00e3o com \u00eanfase em Marketing pela Funda\u00e7\u00e3o Get\u00falio Vargas - Rio de Janeiro. Consultor, Palestrante e Pesquisador sobre Empreendedorismo, Marketing, Redes Sociais e Neg\u00f3cios Digitais. Professor, Palestrante TedxTalks e Campus Party. Twitter: @ThalesBrandao\",\"sameAs\":[\"http:\\\/\\\/www.mandacaru.com.br\",\"https:\\\/\\\/www.facebook.com\\\/thalesbrandao\",\"http:\\\/\\\/www.instagram.com.br\\\/thalesbrandaoferreira\",\"https:\\\/\\\/www.linkedin.com\\\/in\\\/thales-brand\u00e3o-3948609\\\/\",\"https:\\\/\\\/x.com\\\/http:\\\/\\\/www.twitter.com\\\/thalesbrandao\"],\"url\":\"https:\\\/\\\/www.cidademarketing.com.br\\\/marketing\\\/author\\\/thalesbrandao\\\/\"}]}<\/script>\n<!-- \/ Yoast SEO plugin. -->","yoast_head_json":{"title":"Em campanha, Claro demonstra que o amor \u00e9 capaz de construir e reconstruir #NovosMomentos - CidadeMarketing","robots":{"index":"index","follow":"follow","max-snippet":"max-snippet:-1","max-image-preview":"max-image-preview:large","max-video-preview":"max-video-preview:-1"},"canonical":"https:\/\/www.cidademarketing.com.br\/marketing\/2018\/07\/25\/em-campanha-claro-demonstra-que-o-amor-e-capaz-de-construir-e-reconstruir-novosmomentos\/","og_locale":"pt_BR","og_type":"article","og_title":"Em campanha, Claro demonstra que o amor \u00e9 capaz de construir e reconstruir #NovosMomentos - CidadeMarketing","og_description":"As mem\u00f3rias de toda uma vida compartilhada entre Fidelcino Artico, de 81 anos, e Aldice Breij\u00e3o, de 80 anos, materializadas em fotos, objetos, cores e texturas, perderam-se depois que assaltantes invadiram e atearam fogo \u00e0 resid\u00eancia em que viviam, em Mau\u00e1, regi\u00e3o metropolitana de S\u00e3o Paulo, no ano passado. Mas uma das recorda\u00e7\u00f5es mais importantes [&hellip;]","og_url":"https:\/\/www.cidademarketing.com.br\/marketing\/2018\/07\/25\/em-campanha-claro-demonstra-que-o-amor-e-capaz-de-construir-e-reconstruir-novosmomentos\/","og_site_name":"CidadeMarketing","article_publisher":"https:\/\/www.facebook.com\/portalcidademarketing","article_author":"https:\/\/www.facebook.com\/thalesbrandao","article_published_time":"2018-07-25T13:12:06+00:00","article_modified_time":"2018-07-25T13:26:50+00:00","og_image":[{"width":600,"height":305,"url":"https:\/\/www.cidademarketing.com.br\/marketing\/wp-content\/uploads\/2018\/07\/claro_novosmomentos.jpg","type":"image\/jpeg"}],"author":"Thales Brand\u00e3o","twitter_card":"summary_large_image","twitter_creator":"@http:\/\/www.twitter.com\/thalesbrandao","twitter_site":"@CidadeMarketing","twitter_misc":{"Escrito por":"Thales Brand\u00e3o","Est. tempo de leitura":"4 minutos"},"schema":{"@context":"https:\/\/schema.org","@graph":[{"@type":"Article","@id":"https:\/\/www.cidademarketing.com.br\/marketing\/2018\/07\/25\/em-campanha-claro-demonstra-que-o-amor-e-capaz-de-construir-e-reconstruir-novosmomentos\/#article","isPartOf":{"@id":"https:\/\/www.cidademarketing.com.br\/marketing\/2018\/07\/25\/em-campanha-claro-demonstra-que-o-amor-e-capaz-de-construir-e-reconstruir-novosmomentos\/"},"author":{"name":"Thales Brand\u00e3o","@id":"https:\/\/www.cidademarketing.com.br\/marketing\/#\/schema\/person\/02daff9f18bd9378c9e01eb6b2db155f"},"headline":"Em campanha, Claro demonstra que o amor \u00e9 capaz de construir e reconstruir #NovosMomentos","datePublished":"2018-07-25T13:12:06+00:00","dateModified":"2018-07-25T13:26:50+00:00","mainEntityOfPage":{"@id":"https:\/\/www.cidademarketing.com.br\/marketing\/2018\/07\/25\/em-campanha-claro-demonstra-que-o-amor-e-capaz-de-construir-e-reconstruir-novosmomentos\/"},"wordCount":757,"commentCount":0,"publisher":{"@id":"https:\/\/www.cidademarketing.com.br\/marketing\/#organization"},"image":{"@id":"https:\/\/www.cidademarketing.com.br\/marketing\/2018\/07\/25\/em-campanha-claro-demonstra-que-o-amor-e-capaz-de-construir-e-reconstruir-novosmomentos\/#primaryimage"},"thumbnailUrl":"https:\/\/www.cidademarketing.com.br\/marketing\/wp-content\/uploads\/2018\/07\/claro_novosmomentos.jpg","keywords":["campanha","Claro","marketing","propaganda"],"articleSection":["Videos"],"inLanguage":"pt-BR","potentialAction":[{"@type":"CommentAction","name":"Comment","target":["https:\/\/www.cidademarketing.com.br\/marketing\/2018\/07\/25\/em-campanha-claro-demonstra-que-o-amor-e-capaz-de-construir-e-reconstruir-novosmomentos\/#respond"]}]},{"@type":"WebPage","@id":"https:\/\/www.cidademarketing.com.br\/marketing\/2018\/07\/25\/em-campanha-claro-demonstra-que-o-amor-e-capaz-de-construir-e-reconstruir-novosmomentos\/","url":"https:\/\/www.cidademarketing.com.br\/marketing\/2018\/07\/25\/em-campanha-claro-demonstra-que-o-amor-e-capaz-de-construir-e-reconstruir-novosmomentos\/","name":"Em campanha, Claro demonstra que o amor \u00e9 capaz de construir e reconstruir #NovosMomentos - CidadeMarketing","isPartOf":{"@id":"https:\/\/www.cidademarketing.com.br\/marketing\/#website"},"primaryImageOfPage":{"@id":"https:\/\/www.cidademarketing.com.br\/marketing\/2018\/07\/25\/em-campanha-claro-demonstra-que-o-amor-e-capaz-de-construir-e-reconstruir-novosmomentos\/#primaryimage"},"image":{"@id":"https:\/\/www.cidademarketing.com.br\/marketing\/2018\/07\/25\/em-campanha-claro-demonstra-que-o-amor-e-capaz-de-construir-e-reconstruir-novosmomentos\/#primaryimage"},"thumbnailUrl":"https:\/\/www.cidademarketing.com.br\/marketing\/wp-content\/uploads\/2018\/07\/claro_novosmomentos.jpg","datePublished":"2018-07-25T13:12:06+00:00","dateModified":"2018-07-25T13:26:50+00:00","breadcrumb":{"@id":"https:\/\/www.cidademarketing.com.br\/marketing\/2018\/07\/25\/em-campanha-claro-demonstra-que-o-amor-e-capaz-de-construir-e-reconstruir-novosmomentos\/#breadcrumb"},"inLanguage":"pt-BR","potentialAction":[{"@type":"ReadAction","target":["https:\/\/www.cidademarketing.com.br\/marketing\/2018\/07\/25\/em-campanha-claro-demonstra-que-o-amor-e-capaz-de-construir-e-reconstruir-novosmomentos\/"]}]},{"@type":"ImageObject","inLanguage":"pt-BR","@id":"https:\/\/www.cidademarketing.com.br\/marketing\/2018\/07\/25\/em-campanha-claro-demonstra-que-o-amor-e-capaz-de-construir-e-reconstruir-novosmomentos\/#primaryimage","url":"https:\/\/www.cidademarketing.com.br\/marketing\/wp-content\/uploads\/2018\/07\/claro_novosmomentos.jpg","contentUrl":"https:\/\/www.cidademarketing.com.br\/marketing\/wp-content\/uploads\/2018\/07\/claro_novosmomentos.jpg","width":600,"height":305},{"@type":"BreadcrumbList","@id":"https:\/\/www.cidademarketing.com.br\/marketing\/2018\/07\/25\/em-campanha-claro-demonstra-que-o-amor-e-capaz-de-construir-e-reconstruir-novosmomentos\/#breadcrumb","itemListElement":[{"@type":"ListItem","position":1,"name":"In\u00edcio","item":"https:\/\/www.cidademarketing.com.br\/marketing\/"},{"@type":"ListItem","position":2,"name":"Em campanha, Claro demonstra que o amor \u00e9 capaz de construir e reconstruir #NovosMomentos"}]},{"@type":"WebSite","@id":"https:\/\/www.cidademarketing.com.br\/marketing\/#website","url":"https:\/\/www.cidademarketing.com.br\/marketing\/","name":"CidadeMarketing","description":"Somos um ve\u00edculo de comunica\u00e7\u00e3o de destaque no Brasil, reconhecido por conte\u00fados nos segmentos de marketing, empreendedorismo e inova\u00e7\u00e3o.","publisher":{"@id":"https:\/\/www.cidademarketing.com.br\/marketing\/#organization"},"alternateName":"CidadeMarketing","potentialAction":[{"@type":"SearchAction","target":{"@type":"EntryPoint","urlTemplate":"https:\/\/www.cidademarketing.com.br\/marketing\/?s={search_term_string}"},"query-input":{"@type":"PropertyValueSpecification","valueRequired":true,"valueName":"search_term_string"}}],"inLanguage":"pt-BR"},{"@type":"Organization","@id":"https:\/\/www.cidademarketing.com.br\/marketing\/#organization","name":"CidadeMarketing","alternateName":"CidadeMarketing","url":"https:\/\/www.cidademarketing.com.br\/marketing\/","logo":{"@type":"ImageObject","inLanguage":"pt-BR","@id":"https:\/\/www.cidademarketing.com.br\/marketing\/#\/schema\/logo\/image\/","url":"https:\/\/www.cidademarketing.com.br\/marketing\/wp-content\/uploads\/2020\/01\/cidademarketing_marca_mobile.png","contentUrl":"https:\/\/www.cidademarketing.com.br\/marketing\/wp-content\/uploads\/2020\/01\/cidademarketing_marca_mobile.png","width":230,"height":92,"caption":"CidadeMarketing"},"image":{"@id":"https:\/\/www.cidademarketing.com.br\/marketing\/#\/schema\/logo\/image\/"},"sameAs":["https:\/\/www.facebook.com\/portalcidademarketing","https:\/\/x.com\/CidadeMarketing","https:\/\/www.instagram.com\/cidademarketing\/"]},{"@type":"Person","@id":"https:\/\/www.cidademarketing.com.br\/marketing\/#\/schema\/person\/02daff9f18bd9378c9e01eb6b2db155f","name":"Thales Brand\u00e3o","image":{"@type":"ImageObject","inLanguage":"pt-BR","@id":"https:\/\/secure.gravatar.com\/avatar\/7ca3206950207cc3cb48feec56a8a7898741ab725c368d99d5d7a5a50aab80c6?s=96&d=mm&r=g","url":"https:\/\/secure.gravatar.com\/avatar\/7ca3206950207cc3cb48feec56a8a7898741ab725c368d99d5d7a5a50aab80c6?s=96&d=mm&r=g","contentUrl":"https:\/\/secure.gravatar.com\/avatar\/7ca3206950207cc3cb48feec56a8a7898741ab725c368d99d5d7a5a50aab80c6?s=96&d=mm&r=g","caption":"Thales Brand\u00e3o"},"description":"Editor Executivo do Portal CidadeMarketing.com.br &gt; Mestre em Comunica\u00e7\u00e3o e Sociedade pela Universidade Federal de Sergipe. Possui MBA Executivo em Administra\u00e7\u00e3o com \u00eanfase em Marketing pela Funda\u00e7\u00e3o Get\u00falio Vargas - Rio de Janeiro. Consultor, Palestrante e Pesquisador sobre Empreendedorismo, Marketing, Redes Sociais e Neg\u00f3cios Digitais. Professor, Palestrante TedxTalks e Campus Party. Twitter: @ThalesBrandao","sameAs":["http:\/\/www.mandacaru.com.br","https:\/\/www.facebook.com\/thalesbrandao","http:\/\/www.instagram.com.br\/thalesbrandaoferreira","https:\/\/www.linkedin.com\/in\/thales-brand\u00e3o-3948609\/","https:\/\/x.com\/http:\/\/www.twitter.com\/thalesbrandao"],"url":"https:\/\/www.cidademarketing.com.br\/marketing\/author\/thalesbrandao\/"}]}},"amp_enabled":true,"_links":{"self":[{"href":"https:\/\/www.cidademarketing.com.br\/marketing\/wp-json\/wp\/v2\/posts\/1287","targetHints":{"allow":["GET"]}}],"collection":[{"href":"https:\/\/www.cidademarketing.com.br\/marketing\/wp-json\/wp\/v2\/posts"}],"about":[{"href":"https:\/\/www.cidademarketing.com.br\/marketing\/wp-json\/wp\/v2\/types\/post"}],"author":[{"embeddable":true,"href":"https:\/\/www.cidademarketing.com.br\/marketing\/wp-json\/wp\/v2\/users\/1"}],"replies":[{"embeddable":true,"href":"https:\/\/www.cidademarketing.com.br\/marketing\/wp-json\/wp\/v2\/comments?post=1287"}],"version-history":[{"count":1,"href":"https:\/\/www.cidademarketing.com.br\/marketing\/wp-json\/wp\/v2\/posts\/1287\/revisions"}],"predecessor-version":[{"id":1289,"href":"https:\/\/www.cidademarketing.com.br\/marketing\/wp-json\/wp\/v2\/posts\/1287\/revisions\/1289"}],"wp:featuredmedia":[{"embeddable":true,"href":"https:\/\/www.cidademarketing.com.br\/marketing\/wp-json\/wp\/v2\/media\/1288"}],"wp:attachment":[{"href":"https:\/\/www.cidademarketing.com.br\/marketing\/wp-json\/wp\/v2\/media?parent=1287"}],"wp:term":[{"taxonomy":"category","embeddable":true,"href":"https:\/\/www.cidademarketing.com.br\/marketing\/wp-json\/wp\/v2\/categories?post=1287"},{"taxonomy":"post_tag","embeddable":true,"href":"https:\/\/www.cidademarketing.com.br\/marketing\/wp-json\/wp\/v2\/tags?post=1287"}],"curies":[{"name":"wp","href":"https:\/\/api.w.org\/{rel}","templated":true}]}}