{"id":12864,"date":"2019-11-29T06:46:00","date_gmt":"2019-11-29T02:46:00","guid":{"rendered":"https:\/\/www.cidademarketing.com.br\/marketing\/?p=12864"},"modified":"2019-11-29T06:50:06","modified_gmt":"2019-11-29T02:50:06","slug":"black-friday-tim-agora-tambem-tem-galaxy-s10-a-partir-de-r-999","status":"publish","type":"post","link":"https:\/\/www.cidademarketing.com.br\/marketing\/2019\/11\/29\/black-friday-tim-agora-tambem-tem-galaxy-s10-a-partir-de-r-999\/","title":{"rendered":"Black Friday TIM agora tamb\u00e9m tem Galaxy S10  a partir de R$ 999"},"content":{"rendered":"\n<p>A <strong>Black\nFriday<\/strong> da <strong>TIM<\/strong> acaba de ganhar mais uma oferta imperd\u00edvel de\nsmartphone. Os modelos <strong>Samsung Galaxy S10<\/strong> ser\u00e3o vendidos com pre\u00e7os a\npartir de <strong>R$ 999 <\/strong>no TIM Black Fam\u00edlia 100GB. A tela com borda infinita\ndos aparelhos \u00e9 ideal para assistir aos conte\u00fados da Netflix, que tem\nassinatura inclusa no plano, al\u00e9m de navegar aproveitando o pacote robusto de\ninternet e o potencial da rede 4.5G da operadora. A franquia de 100GB pode ser\ndividida com at\u00e9 mais tr\u00eas pessoas da fam\u00edlia.<\/p>\n\n\n\n<p>O\ndesconto de at\u00e9 R$ 3.500 nos aparelhos faz parte da estrat\u00e9gia da TIM de\nproporcionar uma melhor experi\u00eancia de uso dos seus servi\u00e7os ao oferecer\ndescontos nos smartphones mais desejados do mercado. A ideia \u00e9 equipar a base\nde clientes com modelos que permitam aproveitar todos os benef\u00edcios dos planos.<\/p>\n\n\n\n<p><em>\u201cUm\nbom smartphone potencializa a experi\u00eancia do cliente em nossos planos, que\noferecem muita internet e conte\u00fados de v\u00eddeo e entretenimento. Tamb\u00e9m permite\num universo de possibilidades na rede 4.5G da TIM. Por isso, estamos apostando\nem descontos agressivos nos aparelhos mais procurados pelos brasileiros, como a\nfam\u00edlia Galaxy S10 da Samsung, que n\u00e3o vai ficar de fora da nossa Black Friday\u201d<\/em>, explica <strong>Jo\u00e3o Stricker, Head de\nMarketing Consumer e SMB da TIM Brasil<\/strong>.<\/p>\n\n\n\n<p>Os\ncelulares Galaxy S10 permitem que os clientes desfrutem ao m\u00e1ximo o hub de entretenimento\ndo TIM Black Fam\u00edlia. A c\u00e2mera com intelig\u00eancia avan\u00e7ada que facilita a captura\nde fotos e v\u00eddeos \u00e9 ideal para aqueles que gostam de compartilhar seus\nmomentos, aproveitando o acesso ilimitado \u00e0s redes sociais (Instagram, Facebook\ne Twitter) e WhatsApp. O plano conta ainda com mais de 50 milh\u00f5es de m\u00fasicas e\nmais de 100 revistas e jornais \u2013 com o TIM Music by Deezer e TIM banca virtual\n\u2013 e franquia de dados que pode ser dividida entre o titular e seus dependentes.\nA internet que n\u00e3o for usada durante o m\u00eas, acumula para o m\u00eas seguinte. <\/p>\n\n\n\n<p>O Samsung\nGalaxy S10E sai por R$ 999 no TIM Black Fam\u00edlia 100GB, que custa R$ 319,99 por\nm\u00eas para o titular e mais tr\u00eas dependentes (R$ 79,99 por pessoa). No mesmo\nplano, o Samsung Galaxy S10 e o Samsung Galaxy S10 Plus ser\u00e3o vendidos por R$\n1.499 e R$ 1.999, respectivamente.<\/p>\n","protected":false},"excerpt":{"rendered":"<p>A Black Friday da TIM acaba de ganhar mais uma oferta imperd\u00edvel de smartphone. Os modelos Samsung Galaxy S10 ser\u00e3o vendidos com pre\u00e7os a partir de R$ 999 no TIM Black Fam\u00edlia 100GB. A tela com borda infinita dos aparelhos \u00e9 ideal para assistir aos conte\u00fados da Netflix, que tem assinatura inclusa no plano, al\u00e9m [&hellip;]<\/p>\n","protected":false},"author":1,"featured_media":12865,"comment_status":"open","ping_status":"open","sticky":false,"template":"","format":"standard","meta":{"tdm_status":"","tdm_grid_status":"","footnotes":""},"categories":[6],"tags":[591,28,683],"class_list":["post-12864","post","type-post","status-publish","format-standard","has-post-thumbnail","hentry","category-noticias","tag-black-friday","tag-marketing","tag-tim"],"yoast_head":"<!-- This site is optimized with the Yoast SEO plugin v27.5 - https:\/\/yoast.com\/product\/yoast-seo-wordpress\/ -->\n<title>Black Friday TIM agora tamb\u00e9m tem Galaxy S10 a partir de R$ 999 - CidadeMarketing<\/title>\n<meta name=\"robots\" content=\"index, follow, max-snippet:-1, max-image-preview:large, max-video-preview:-1\" \/>\n<link rel=\"canonical\" href=\"https:\/\/www.cidademarketing.com.br\/marketing\/2019\/11\/29\/black-friday-tim-agora-tambem-tem-galaxy-s10-a-partir-de-r-999\/\" \/>\n<meta property=\"og:locale\" content=\"pt_BR\" \/>\n<meta property=\"og:type\" content=\"article\" \/>\n<meta property=\"og:title\" content=\"Black Friday TIM agora tamb\u00e9m tem Galaxy S10 a partir de R$ 999 - CidadeMarketing\" \/>\n<meta property=\"og:description\" content=\"A Black Friday da TIM acaba de ganhar mais uma oferta imperd\u00edvel de smartphone. Os modelos Samsung Galaxy S10 ser\u00e3o vendidos com pre\u00e7os a partir de R$ 999 no TIM Black Fam\u00edlia 100GB. A tela com borda infinita dos aparelhos \u00e9 ideal para assistir aos conte\u00fados da Netflix, que tem assinatura inclusa no plano, al\u00e9m [&hellip;]\" \/>\n<meta property=\"og:url\" content=\"https:\/\/www.cidademarketing.com.br\/marketing\/2019\/11\/29\/black-friday-tim-agora-tambem-tem-galaxy-s10-a-partir-de-r-999\/\" \/>\n<meta property=\"og:site_name\" content=\"CidadeMarketing\" \/>\n<meta property=\"article:publisher\" content=\"https:\/\/www.facebook.com\/portalcidademarketing\" \/>\n<meta property=\"article:author\" content=\"https:\/\/www.facebook.com\/thalesbrandao\" \/>\n<meta property=\"article:published_time\" content=\"2019-11-29T02:46:00+00:00\" \/>\n<meta property=\"article:modified_time\" content=\"2019-11-29T02:50:06+00:00\" \/>\n<meta property=\"og:image\" content=\"https:\/\/www.cidademarketing.com.br\/marketing\/wp-content\/uploads\/2019\/11\/tim_samsung_s10.jpg\" \/>\n\t<meta property=\"og:image:width\" content=\"437\" \/>\n\t<meta property=\"og:image:height\" content=\"507\" \/>\n\t<meta property=\"og:image:type\" content=\"image\/jpeg\" \/>\n<meta name=\"author\" content=\"Thales Brand\u00e3o\" \/>\n<meta name=\"twitter:card\" content=\"summary_large_image\" \/>\n<meta name=\"twitter:creator\" content=\"@http:\/\/www.twitter.com\/thalesbrandao\" \/>\n<meta name=\"twitter:site\" content=\"@CidadeMarketing\" \/>\n<meta name=\"twitter:label1\" content=\"Escrito por\" \/>\n\t<meta name=\"twitter:data1\" content=\"Thales Brand\u00e3o\" \/>\n\t<meta name=\"twitter:label2\" content=\"Est. tempo de leitura\" \/>\n\t<meta name=\"twitter:data2\" content=\"2 minutos\" \/>\n<script type=\"application\/ld+json\" class=\"yoast-schema-graph\">{\"@context\":\"https:\\\/\\\/schema.org\",\"@graph\":[{\"@type\":\"Article\",\"@id\":\"https:\\\/\\\/www.cidademarketing.com.br\\\/marketing\\\/2019\\\/11\\\/29\\\/black-friday-tim-agora-tambem-tem-galaxy-s10-a-partir-de-r-999\\\/#article\",\"isPartOf\":{\"@id\":\"https:\\\/\\\/www.cidademarketing.com.br\\\/marketing\\\/2019\\\/11\\\/29\\\/black-friday-tim-agora-tambem-tem-galaxy-s10-a-partir-de-r-999\\\/\"},\"author\":{\"name\":\"Thales Brand\u00e3o\",\"@id\":\"https:\\\/\\\/www.cidademarketing.com.br\\\/marketing\\\/#\\\/schema\\\/person\\\/02daff9f18bd9378c9e01eb6b2db155f\"},\"headline\":\"Black Friday TIM agora tamb\u00e9m tem Galaxy S10 a partir de R$ 999\",\"datePublished\":\"2019-11-29T02:46:00+00:00\",\"dateModified\":\"2019-11-29T02:50:06+00:00\",\"mainEntityOfPage\":{\"@id\":\"https:\\\/\\\/www.cidademarketing.com.br\\\/marketing\\\/2019\\\/11\\\/29\\\/black-friday-tim-agora-tambem-tem-galaxy-s10-a-partir-de-r-999\\\/\"},\"wordCount\":409,\"commentCount\":0,\"publisher\":{\"@id\":\"https:\\\/\\\/www.cidademarketing.com.br\\\/marketing\\\/#organization\"},\"image\":{\"@id\":\"https:\\\/\\\/www.cidademarketing.com.br\\\/marketing\\\/2019\\\/11\\\/29\\\/black-friday-tim-agora-tambem-tem-galaxy-s10-a-partir-de-r-999\\\/#primaryimage\"},\"thumbnailUrl\":\"https:\\\/\\\/www.cidademarketing.com.br\\\/marketing\\\/wp-content\\\/uploads\\\/2019\\\/11\\\/tim_samsung_s10.jpg\",\"keywords\":[\"Black Friday\",\"marketing\",\"Tim\"],\"articleSection\":[\"Not\u00edcias\"],\"inLanguage\":\"pt-BR\",\"potentialAction\":[{\"@type\":\"CommentAction\",\"name\":\"Comment\",\"target\":[\"https:\\\/\\\/www.cidademarketing.com.br\\\/marketing\\\/2019\\\/11\\\/29\\\/black-friday-tim-agora-tambem-tem-galaxy-s10-a-partir-de-r-999\\\/#respond\"]}]},{\"@type\":\"WebPage\",\"@id\":\"https:\\\/\\\/www.cidademarketing.com.br\\\/marketing\\\/2019\\\/11\\\/29\\\/black-friday-tim-agora-tambem-tem-galaxy-s10-a-partir-de-r-999\\\/\",\"url\":\"https:\\\/\\\/www.cidademarketing.com.br\\\/marketing\\\/2019\\\/11\\\/29\\\/black-friday-tim-agora-tambem-tem-galaxy-s10-a-partir-de-r-999\\\/\",\"name\":\"Black Friday TIM agora tamb\u00e9m tem Galaxy S10 a partir de R$ 999 - CidadeMarketing\",\"isPartOf\":{\"@id\":\"https:\\\/\\\/www.cidademarketing.com.br\\\/marketing\\\/#website\"},\"primaryImageOfPage\":{\"@id\":\"https:\\\/\\\/www.cidademarketing.com.br\\\/marketing\\\/2019\\\/11\\\/29\\\/black-friday-tim-agora-tambem-tem-galaxy-s10-a-partir-de-r-999\\\/#primaryimage\"},\"image\":{\"@id\":\"https:\\\/\\\/www.cidademarketing.com.br\\\/marketing\\\/2019\\\/11\\\/29\\\/black-friday-tim-agora-tambem-tem-galaxy-s10-a-partir-de-r-999\\\/#primaryimage\"},\"thumbnailUrl\":\"https:\\\/\\\/www.cidademarketing.com.br\\\/marketing\\\/wp-content\\\/uploads\\\/2019\\\/11\\\/tim_samsung_s10.jpg\",\"datePublished\":\"2019-11-29T02:46:00+00:00\",\"dateModified\":\"2019-11-29T02:50:06+00:00\",\"breadcrumb\":{\"@id\":\"https:\\\/\\\/www.cidademarketing.com.br\\\/marketing\\\/2019\\\/11\\\/29\\\/black-friday-tim-agora-tambem-tem-galaxy-s10-a-partir-de-r-999\\\/#breadcrumb\"},\"inLanguage\":\"pt-BR\",\"potentialAction\":[{\"@type\":\"ReadAction\",\"target\":[\"https:\\\/\\\/www.cidademarketing.com.br\\\/marketing\\\/2019\\\/11\\\/29\\\/black-friday-tim-agora-tambem-tem-galaxy-s10-a-partir-de-r-999\\\/\"]}]},{\"@type\":\"ImageObject\",\"inLanguage\":\"pt-BR\",\"@id\":\"https:\\\/\\\/www.cidademarketing.com.br\\\/marketing\\\/2019\\\/11\\\/29\\\/black-friday-tim-agora-tambem-tem-galaxy-s10-a-partir-de-r-999\\\/#primaryimage\",\"url\":\"https:\\\/\\\/www.cidademarketing.com.br\\\/marketing\\\/wp-content\\\/uploads\\\/2019\\\/11\\\/tim_samsung_s10.jpg\",\"contentUrl\":\"https:\\\/\\\/www.cidademarketing.com.br\\\/marketing\\\/wp-content\\\/uploads\\\/2019\\\/11\\\/tim_samsung_s10.jpg\",\"width\":437,\"height\":507},{\"@type\":\"BreadcrumbList\",\"@id\":\"https:\\\/\\\/www.cidademarketing.com.br\\\/marketing\\\/2019\\\/11\\\/29\\\/black-friday-tim-agora-tambem-tem-galaxy-s10-a-partir-de-r-999\\\/#breadcrumb\",\"itemListElement\":[{\"@type\":\"ListItem\",\"position\":1,\"name\":\"In\u00edcio\",\"item\":\"https:\\\/\\\/www.cidademarketing.com.br\\\/marketing\\\/\"},{\"@type\":\"ListItem\",\"position\":2,\"name\":\"Black Friday TIM agora tamb\u00e9m tem Galaxy S10 a partir de R$ 999\"}]},{\"@type\":\"WebSite\",\"@id\":\"https:\\\/\\\/www.cidademarketing.com.br\\\/marketing\\\/#website\",\"url\":\"https:\\\/\\\/www.cidademarketing.com.br\\\/marketing\\\/\",\"name\":\"CidadeMarketing\",\"description\":\"Somos um ve\u00edculo de comunica\u00e7\u00e3o de destaque no Brasil, reconhecido por conte\u00fados nos segmentos de marketing, empreendedorismo e inova\u00e7\u00e3o.\",\"publisher\":{\"@id\":\"https:\\\/\\\/www.cidademarketing.com.br\\\/marketing\\\/#organization\"},\"alternateName\":\"CidadeMarketing\",\"potentialAction\":[{\"@type\":\"SearchAction\",\"target\":{\"@type\":\"EntryPoint\",\"urlTemplate\":\"https:\\\/\\\/www.cidademarketing.com.br\\\/marketing\\\/?s={search_term_string}\"},\"query-input\":{\"@type\":\"PropertyValueSpecification\",\"valueRequired\":true,\"valueName\":\"search_term_string\"}}],\"inLanguage\":\"pt-BR\"},{\"@type\":\"Organization\",\"@id\":\"https:\\\/\\\/www.cidademarketing.com.br\\\/marketing\\\/#organization\",\"name\":\"CidadeMarketing\",\"alternateName\":\"CidadeMarketing\",\"url\":\"https:\\\/\\\/www.cidademarketing.com.br\\\/marketing\\\/\",\"logo\":{\"@type\":\"ImageObject\",\"inLanguage\":\"pt-BR\",\"@id\":\"https:\\\/\\\/www.cidademarketing.com.br\\\/marketing\\\/#\\\/schema\\\/logo\\\/image\\\/\",\"url\":\"https:\\\/\\\/www.cidademarketing.com.br\\\/marketing\\\/wp-content\\\/uploads\\\/2020\\\/01\\\/cidademarketing_marca_mobile.png\",\"contentUrl\":\"https:\\\/\\\/www.cidademarketing.com.br\\\/marketing\\\/wp-content\\\/uploads\\\/2020\\\/01\\\/cidademarketing_marca_mobile.png\",\"width\":230,\"height\":92,\"caption\":\"CidadeMarketing\"},\"image\":{\"@id\":\"https:\\\/\\\/www.cidademarketing.com.br\\\/marketing\\\/#\\\/schema\\\/logo\\\/image\\\/\"},\"sameAs\":[\"https:\\\/\\\/www.facebook.com\\\/portalcidademarketing\",\"https:\\\/\\\/x.com\\\/CidadeMarketing\",\"https:\\\/\\\/www.instagram.com\\\/cidademarketing\\\/\"]},{\"@type\":\"Person\",\"@id\":\"https:\\\/\\\/www.cidademarketing.com.br\\\/marketing\\\/#\\\/schema\\\/person\\\/02daff9f18bd9378c9e01eb6b2db155f\",\"name\":\"Thales Brand\u00e3o\",\"image\":{\"@type\":\"ImageObject\",\"inLanguage\":\"pt-BR\",\"@id\":\"https:\\\/\\\/secure.gravatar.com\\\/avatar\\\/7ca3206950207cc3cb48feec56a8a7898741ab725c368d99d5d7a5a50aab80c6?s=96&d=mm&r=g\",\"url\":\"https:\\\/\\\/secure.gravatar.com\\\/avatar\\\/7ca3206950207cc3cb48feec56a8a7898741ab725c368d99d5d7a5a50aab80c6?s=96&d=mm&r=g\",\"contentUrl\":\"https:\\\/\\\/secure.gravatar.com\\\/avatar\\\/7ca3206950207cc3cb48feec56a8a7898741ab725c368d99d5d7a5a50aab80c6?s=96&d=mm&r=g\",\"caption\":\"Thales Brand\u00e3o\"},\"description\":\"Editor Executivo do Portal CidadeMarketing.com.br &gt; Mestre em Comunica\u00e7\u00e3o e Sociedade pela Universidade Federal de Sergipe. Possui MBA Executivo em Administra\u00e7\u00e3o com \u00eanfase em Marketing pela Funda\u00e7\u00e3o Get\u00falio Vargas - Rio de Janeiro. Consultor, Palestrante e Pesquisador sobre Empreendedorismo, Marketing, Redes Sociais e Neg\u00f3cios Digitais. Professor, Palestrante TedxTalks e Campus Party. Twitter: @ThalesBrandao\",\"sameAs\":[\"http:\\\/\\\/www.mandacaru.com.br\",\"https:\\\/\\\/www.facebook.com\\\/thalesbrandao\",\"http:\\\/\\\/www.instagram.com.br\\\/thalesbrandaoferreira\",\"https:\\\/\\\/www.linkedin.com\\\/in\\\/thales-brand\u00e3o-3948609\\\/\",\"https:\\\/\\\/x.com\\\/http:\\\/\\\/www.twitter.com\\\/thalesbrandao\"],\"url\":\"https:\\\/\\\/www.cidademarketing.com.br\\\/marketing\\\/author\\\/thalesbrandao\\\/\"}]}<\/script>\n<!-- \/ Yoast SEO plugin. -->","yoast_head_json":{"title":"Black Friday TIM agora tamb\u00e9m tem Galaxy S10 a partir de R$ 999 - CidadeMarketing","robots":{"index":"index","follow":"follow","max-snippet":"max-snippet:-1","max-image-preview":"max-image-preview:large","max-video-preview":"max-video-preview:-1"},"canonical":"https:\/\/www.cidademarketing.com.br\/marketing\/2019\/11\/29\/black-friday-tim-agora-tambem-tem-galaxy-s10-a-partir-de-r-999\/","og_locale":"pt_BR","og_type":"article","og_title":"Black Friday TIM agora tamb\u00e9m tem Galaxy S10 a partir de R$ 999 - CidadeMarketing","og_description":"A Black Friday da TIM acaba de ganhar mais uma oferta imperd\u00edvel de smartphone. Os modelos Samsung Galaxy S10 ser\u00e3o vendidos com pre\u00e7os a partir de R$ 999 no TIM Black Fam\u00edlia 100GB. A tela com borda infinita dos aparelhos \u00e9 ideal para assistir aos conte\u00fados da Netflix, que tem assinatura inclusa no plano, al\u00e9m [&hellip;]","og_url":"https:\/\/www.cidademarketing.com.br\/marketing\/2019\/11\/29\/black-friday-tim-agora-tambem-tem-galaxy-s10-a-partir-de-r-999\/","og_site_name":"CidadeMarketing","article_publisher":"https:\/\/www.facebook.com\/portalcidademarketing","article_author":"https:\/\/www.facebook.com\/thalesbrandao","article_published_time":"2019-11-29T02:46:00+00:00","article_modified_time":"2019-11-29T02:50:06+00:00","og_image":[{"width":437,"height":507,"url":"https:\/\/www.cidademarketing.com.br\/marketing\/wp-content\/uploads\/2019\/11\/tim_samsung_s10.jpg","type":"image\/jpeg"}],"author":"Thales Brand\u00e3o","twitter_card":"summary_large_image","twitter_creator":"@http:\/\/www.twitter.com\/thalesbrandao","twitter_site":"@CidadeMarketing","twitter_misc":{"Escrito por":"Thales Brand\u00e3o","Est. tempo de leitura":"2 minutos"},"schema":{"@context":"https:\/\/schema.org","@graph":[{"@type":"Article","@id":"https:\/\/www.cidademarketing.com.br\/marketing\/2019\/11\/29\/black-friday-tim-agora-tambem-tem-galaxy-s10-a-partir-de-r-999\/#article","isPartOf":{"@id":"https:\/\/www.cidademarketing.com.br\/marketing\/2019\/11\/29\/black-friday-tim-agora-tambem-tem-galaxy-s10-a-partir-de-r-999\/"},"author":{"name":"Thales Brand\u00e3o","@id":"https:\/\/www.cidademarketing.com.br\/marketing\/#\/schema\/person\/02daff9f18bd9378c9e01eb6b2db155f"},"headline":"Black Friday TIM agora tamb\u00e9m tem Galaxy S10 a partir de R$ 999","datePublished":"2019-11-29T02:46:00+00:00","dateModified":"2019-11-29T02:50:06+00:00","mainEntityOfPage":{"@id":"https:\/\/www.cidademarketing.com.br\/marketing\/2019\/11\/29\/black-friday-tim-agora-tambem-tem-galaxy-s10-a-partir-de-r-999\/"},"wordCount":409,"commentCount":0,"publisher":{"@id":"https:\/\/www.cidademarketing.com.br\/marketing\/#organization"},"image":{"@id":"https:\/\/www.cidademarketing.com.br\/marketing\/2019\/11\/29\/black-friday-tim-agora-tambem-tem-galaxy-s10-a-partir-de-r-999\/#primaryimage"},"thumbnailUrl":"https:\/\/www.cidademarketing.com.br\/marketing\/wp-content\/uploads\/2019\/11\/tim_samsung_s10.jpg","keywords":["Black Friday","marketing","Tim"],"articleSection":["Not\u00edcias"],"inLanguage":"pt-BR","potentialAction":[{"@type":"CommentAction","name":"Comment","target":["https:\/\/www.cidademarketing.com.br\/marketing\/2019\/11\/29\/black-friday-tim-agora-tambem-tem-galaxy-s10-a-partir-de-r-999\/#respond"]}]},{"@type":"WebPage","@id":"https:\/\/www.cidademarketing.com.br\/marketing\/2019\/11\/29\/black-friday-tim-agora-tambem-tem-galaxy-s10-a-partir-de-r-999\/","url":"https:\/\/www.cidademarketing.com.br\/marketing\/2019\/11\/29\/black-friday-tim-agora-tambem-tem-galaxy-s10-a-partir-de-r-999\/","name":"Black Friday TIM agora tamb\u00e9m tem Galaxy S10 a partir de R$ 999 - CidadeMarketing","isPartOf":{"@id":"https:\/\/www.cidademarketing.com.br\/marketing\/#website"},"primaryImageOfPage":{"@id":"https:\/\/www.cidademarketing.com.br\/marketing\/2019\/11\/29\/black-friday-tim-agora-tambem-tem-galaxy-s10-a-partir-de-r-999\/#primaryimage"},"image":{"@id":"https:\/\/www.cidademarketing.com.br\/marketing\/2019\/11\/29\/black-friday-tim-agora-tambem-tem-galaxy-s10-a-partir-de-r-999\/#primaryimage"},"thumbnailUrl":"https:\/\/www.cidademarketing.com.br\/marketing\/wp-content\/uploads\/2019\/11\/tim_samsung_s10.jpg","datePublished":"2019-11-29T02:46:00+00:00","dateModified":"2019-11-29T02:50:06+00:00","breadcrumb":{"@id":"https:\/\/www.cidademarketing.com.br\/marketing\/2019\/11\/29\/black-friday-tim-agora-tambem-tem-galaxy-s10-a-partir-de-r-999\/#breadcrumb"},"inLanguage":"pt-BR","potentialAction":[{"@type":"ReadAction","target":["https:\/\/www.cidademarketing.com.br\/marketing\/2019\/11\/29\/black-friday-tim-agora-tambem-tem-galaxy-s10-a-partir-de-r-999\/"]}]},{"@type":"ImageObject","inLanguage":"pt-BR","@id":"https:\/\/www.cidademarketing.com.br\/marketing\/2019\/11\/29\/black-friday-tim-agora-tambem-tem-galaxy-s10-a-partir-de-r-999\/#primaryimage","url":"https:\/\/www.cidademarketing.com.br\/marketing\/wp-content\/uploads\/2019\/11\/tim_samsung_s10.jpg","contentUrl":"https:\/\/www.cidademarketing.com.br\/marketing\/wp-content\/uploads\/2019\/11\/tim_samsung_s10.jpg","width":437,"height":507},{"@type":"BreadcrumbList","@id":"https:\/\/www.cidademarketing.com.br\/marketing\/2019\/11\/29\/black-friday-tim-agora-tambem-tem-galaxy-s10-a-partir-de-r-999\/#breadcrumb","itemListElement":[{"@type":"ListItem","position":1,"name":"In\u00edcio","item":"https:\/\/www.cidademarketing.com.br\/marketing\/"},{"@type":"ListItem","position":2,"name":"Black Friday TIM agora tamb\u00e9m tem Galaxy S10 a partir de R$ 999"}]},{"@type":"WebSite","@id":"https:\/\/www.cidademarketing.com.br\/marketing\/#website","url":"https:\/\/www.cidademarketing.com.br\/marketing\/","name":"CidadeMarketing","description":"Somos um ve\u00edculo de comunica\u00e7\u00e3o de destaque no Brasil, reconhecido por conte\u00fados nos segmentos de marketing, empreendedorismo e inova\u00e7\u00e3o.","publisher":{"@id":"https:\/\/www.cidademarketing.com.br\/marketing\/#organization"},"alternateName":"CidadeMarketing","potentialAction":[{"@type":"SearchAction","target":{"@type":"EntryPoint","urlTemplate":"https:\/\/www.cidademarketing.com.br\/marketing\/?s={search_term_string}"},"query-input":{"@type":"PropertyValueSpecification","valueRequired":true,"valueName":"search_term_string"}}],"inLanguage":"pt-BR"},{"@type":"Organization","@id":"https:\/\/www.cidademarketing.com.br\/marketing\/#organization","name":"CidadeMarketing","alternateName":"CidadeMarketing","url":"https:\/\/www.cidademarketing.com.br\/marketing\/","logo":{"@type":"ImageObject","inLanguage":"pt-BR","@id":"https:\/\/www.cidademarketing.com.br\/marketing\/#\/schema\/logo\/image\/","url":"https:\/\/www.cidademarketing.com.br\/marketing\/wp-content\/uploads\/2020\/01\/cidademarketing_marca_mobile.png","contentUrl":"https:\/\/www.cidademarketing.com.br\/marketing\/wp-content\/uploads\/2020\/01\/cidademarketing_marca_mobile.png","width":230,"height":92,"caption":"CidadeMarketing"},"image":{"@id":"https:\/\/www.cidademarketing.com.br\/marketing\/#\/schema\/logo\/image\/"},"sameAs":["https:\/\/www.facebook.com\/portalcidademarketing","https:\/\/x.com\/CidadeMarketing","https:\/\/www.instagram.com\/cidademarketing\/"]},{"@type":"Person","@id":"https:\/\/www.cidademarketing.com.br\/marketing\/#\/schema\/person\/02daff9f18bd9378c9e01eb6b2db155f","name":"Thales Brand\u00e3o","image":{"@type":"ImageObject","inLanguage":"pt-BR","@id":"https:\/\/secure.gravatar.com\/avatar\/7ca3206950207cc3cb48feec56a8a7898741ab725c368d99d5d7a5a50aab80c6?s=96&d=mm&r=g","url":"https:\/\/secure.gravatar.com\/avatar\/7ca3206950207cc3cb48feec56a8a7898741ab725c368d99d5d7a5a50aab80c6?s=96&d=mm&r=g","contentUrl":"https:\/\/secure.gravatar.com\/avatar\/7ca3206950207cc3cb48feec56a8a7898741ab725c368d99d5d7a5a50aab80c6?s=96&d=mm&r=g","caption":"Thales Brand\u00e3o"},"description":"Editor Executivo do Portal CidadeMarketing.com.br &gt; Mestre em Comunica\u00e7\u00e3o e Sociedade pela Universidade Federal de Sergipe. Possui MBA Executivo em Administra\u00e7\u00e3o com \u00eanfase em Marketing pela Funda\u00e7\u00e3o Get\u00falio Vargas - Rio de Janeiro. Consultor, Palestrante e Pesquisador sobre Empreendedorismo, Marketing, Redes Sociais e Neg\u00f3cios Digitais. Professor, Palestrante TedxTalks e Campus Party. Twitter: @ThalesBrandao","sameAs":["http:\/\/www.mandacaru.com.br","https:\/\/www.facebook.com\/thalesbrandao","http:\/\/www.instagram.com.br\/thalesbrandaoferreira","https:\/\/www.linkedin.com\/in\/thales-brand\u00e3o-3948609\/","https:\/\/x.com\/http:\/\/www.twitter.com\/thalesbrandao"],"url":"https:\/\/www.cidademarketing.com.br\/marketing\/author\/thalesbrandao\/"}]}},"amp_enabled":true,"_links":{"self":[{"href":"https:\/\/www.cidademarketing.com.br\/marketing\/wp-json\/wp\/v2\/posts\/12864","targetHints":{"allow":["GET"]}}],"collection":[{"href":"https:\/\/www.cidademarketing.com.br\/marketing\/wp-json\/wp\/v2\/posts"}],"about":[{"href":"https:\/\/www.cidademarketing.com.br\/marketing\/wp-json\/wp\/v2\/types\/post"}],"author":[{"embeddable":true,"href":"https:\/\/www.cidademarketing.com.br\/marketing\/wp-json\/wp\/v2\/users\/1"}],"replies":[{"embeddable":true,"href":"https:\/\/www.cidademarketing.com.br\/marketing\/wp-json\/wp\/v2\/comments?post=12864"}],"version-history":[{"count":1,"href":"https:\/\/www.cidademarketing.com.br\/marketing\/wp-json\/wp\/v2\/posts\/12864\/revisions"}],"predecessor-version":[{"id":12866,"href":"https:\/\/www.cidademarketing.com.br\/marketing\/wp-json\/wp\/v2\/posts\/12864\/revisions\/12866"}],"wp:featuredmedia":[{"embeddable":true,"href":"https:\/\/www.cidademarketing.com.br\/marketing\/wp-json\/wp\/v2\/media\/12865"}],"wp:attachment":[{"href":"https:\/\/www.cidademarketing.com.br\/marketing\/wp-json\/wp\/v2\/media?parent=12864"}],"wp:term":[{"taxonomy":"category","embeddable":true,"href":"https:\/\/www.cidademarketing.com.br\/marketing\/wp-json\/wp\/v2\/categories?post=12864"},{"taxonomy":"post_tag","embeddable":true,"href":"https:\/\/www.cidademarketing.com.br\/marketing\/wp-json\/wp\/v2\/tags?post=12864"}],"curies":[{"name":"wp","href":"https:\/\/api.w.org\/{rel}","templated":true}]}}