{"id":12816,"date":"2019-11-28T08:28:29","date_gmt":"2019-11-28T04:28:29","guid":{"rendered":"https:\/\/www.cidademarketing.com.br\/marketing\/?p=12816"},"modified":"2019-11-28T08:29:34","modified_gmt":"2019-11-28T04:29:34","slug":"cheque-especial-a-partir-de-6-de-janeiro-os-bancos-nao-poderao-cobrar-taxas-superiores-a-8-ao-mes","status":"publish","type":"post","link":"https:\/\/www.cidademarketing.com.br\/marketing\/2019\/11\/28\/cheque-especial-a-partir-de-6-de-janeiro-os-bancos-nao-poderao-cobrar-taxas-superiores-a-8-ao-mes\/","title":{"rendered":"Cheque Especial: A partir de 6 de janeiro, os bancos n\u00e3o poder\u00e3o cobrar taxas superiores a 8% ao m\u00eas"},"content":{"rendered":"\n<p>Modalidade de cr\u00e9dito com juros de mais de 300% ao ano, o cheque especial ter\u00e1 juros limitados, decidiu&nbsp;nesta quarta-feira,&nbsp;27, o Conselho Monet\u00e1rio Nacional (CMN). A partir de&nbsp;6 de janeiro, os bancos n\u00e3o poder\u00e3o cobrar taxas superiores a 8% ao m\u00eas, o equivalente a 151,8% ao ano.<\/p>\n\n\n\n<p>Em nota, o Banco Central (BC) explicou que a medida pretende tornar o cheque especial menos regressivo (menos prejudicial para a popula\u00e7\u00e3o mais pobre) e mais eficiente. Para a autoridade monet\u00e1ria, as mudan\u00e7as no cheque especial corrigir\u00e3o falhas de mercado nessa modalidade de cr\u00e9dito.<\/p>\n\n\n\n<p>Segundo a nota mensal de cr\u00e9dito divulgada&nbsp;hoje&nbsp;pelo BC, os juros do cheque especial&nbsp;fecharam outubro em 305,8% ao ano, o equivalente a 12,38% ao m\u00eas.<\/p>\n\n\n\n<p>Para financiar em parte a queda dos juros do cheque especial, o CMN autorizou as institui\u00e7\u00f5es financeiras a cobrar, a partir de 1\u00ba de junho do pr\u00f3ximo ano, tarifa de quem tem limite do cheque especial maior que R$ 500 por m\u00eas. Equivalente a 0,25% do limite que exceder R$ 500, a tarifa ser\u00e1 descontada do valor devido em juros do cheque especial.<\/p>\n\n\n\n<p>Cada cliente&nbsp;ter\u00e1, a princ\u00edpio, um limite pr\u00e9-aprovado de R$ 500 por m\u00eas para o cheque especial sem pagar tarifa. Se o cliente pedir mais que esse limite, a tarifa incidir\u00e1 sobre o valor excedente. O CMN determinou que os bancos comuniquem a cobran\u00e7a ao cliente com 30 dias de anteced\u00eancia.<\/p>\n\n\n\n<p>De acordo com o BC, a limita\u00e7\u00e3o dos juros e a regulamenta\u00e7\u00e3o de linhas emergenciais de cr\u00e9dito existem tanto em economias avan\u00e7adas como em pa\u00edses emergentes. Em nota, o banco destacou que o cheque especial n\u00e3o favorece a competi\u00e7\u00e3o entre os bancos porque a modalidade \u00e9 pouco sens\u00edvel aos juros, sem mudar o comportamento dos clientes mesmo quando as taxas cobradas sobem.<\/p>\n\n\n\n<h5 class=\"wp-block-heading\">Portabilidade<\/h5>\n\n\n\n<p>O CMN tamb\u00e9m incluiu o cheque especial na portabilidade de cr\u00e9dito, mecanismo por meio do qual o cliente transfere d\u00edvidas para bancos que cobram juros mais baixos, mantendo as demais condi\u00e7\u00f5es da linha de cr\u00e9dito. As mudan\u00e7as valer\u00e3o a partir&nbsp;de abril&nbsp;de 2020.<\/p>\n\n\n\n<p>Al\u00e9m do cheque especial, o CMN permitiu que opera\u00e7\u00f5es de cr\u00e9dito imobili\u00e1rio contratadas originalmente fora do Sistema Financeiro de Habita\u00e7\u00e3o possam ser enquadradas no SFH na portabilidade. O conselho tamb\u00e9m criou o Documento Descritivo de Cr\u00e9dito, por meio do qual o cliente poder\u00e1 pedir ao banco a lista das condi\u00e7\u00f5es de uma opera\u00e7\u00e3o de cr\u00e9dito.<\/p>\n\n\n\n<p>No caso do cheque especial, o BC explicou que a medida possibilita a transfer\u00eancia de d\u00edvidas de uma linha de cr\u00e9dito cara para modalidades mais baratas. Como o saldo devedor dessas opera\u00e7\u00f5es pode variar diariamente, ser\u00e1 criado um \u201cvalor m\u00e1ximo de cobertura\u201d para a institui\u00e7\u00e3o que ir\u00e1 receber o cr\u00e9dito, que n\u00e3o poder\u00e1 ser superior ao valor informado pela institui\u00e7\u00e3o credora original.<\/p>\n\n\n\n<p>No caso de opera\u00e7\u00f5es de cr\u00e9dito imobili\u00e1rio contratadas fora do SFH, a opera\u00e7\u00e3o poder\u00e1 ser reenquadrada dentro desse programa, desde que o valor de avalia\u00e7\u00e3o do im\u00f3vel esteja dentro dos limites da modalidade \u2013 R$ 1,5 milh\u00e3o em todo o pa\u00eds \u2013 e a linha de cr\u00e9dito tenha custo efetivo m\u00e1ximo de 12% ao ano, limite das taxas para o sistema.<\/p>\n\n\n\n<p>Quanto ao Documento Descritivo de Cr\u00e9dito, os bancos dever\u00e3o oferec\u00ea-lo imediatamente ao cliente que fizer o pedido presencialmente nas ag\u00eancias. Para pedidos por canais de atendimento eletr\u00f4nico, a institui\u00e7\u00e3o financeira\u00a0ter\u00e1 at\u00e9 um dia \u00fatil a partir da data do pedido para fornecer o documento.<\/p>\n\n\n\n<p><\/p>\n\n\n\n<p>CidadeMarketing com informa\u00e7\u00f5es da Ag\u00eancia Brasil.<\/p>\n","protected":false},"excerpt":{"rendered":"<p>Modalidade de cr\u00e9dito com juros de mais de 300% ao ano, o cheque especial ter\u00e1 juros limitados, decidiu&nbsp;nesta quarta-feira,&nbsp;27, o Conselho Monet\u00e1rio Nacional (CMN). A partir de&nbsp;6 de janeiro, os bancos n\u00e3o poder\u00e3o cobrar taxas superiores a 8% ao m\u00eas, o equivalente a 151,8% ao ano. Em nota, o Banco Central (BC) explicou que a [&hellip;]<\/p>\n","protected":false},"author":1,"featured_media":12819,"comment_status":"open","ping_status":"open","sticky":false,"template":"","format":"standard","meta":{"tdm_status":"","tdm_grid_status":"","footnotes":""},"categories":[9,6],"tags":[2608,1571,28],"class_list":["post-12816","post","type-post","status-publish","format-standard","has-post-thumbnail","hentry","category-consumidor","category-noticias","tag-cheque-especial","tag-juros","tag-marketing"],"yoast_head":"<!-- This site is optimized with the Yoast SEO plugin v27.5 - https:\/\/yoast.com\/product\/yoast-seo-wordpress\/ -->\n<title>Cheque Especial: A partir de 6 de janeiro, os bancos n\u00e3o poder\u00e3o cobrar taxas superiores a 8% ao m\u00eas - CidadeMarketing<\/title>\n<meta name=\"robots\" content=\"index, follow, max-snippet:-1, max-image-preview:large, max-video-preview:-1\" \/>\n<link rel=\"canonical\" href=\"https:\/\/www.cidademarketing.com.br\/marketing\/2019\/11\/28\/cheque-especial-a-partir-de-6-de-janeiro-os-bancos-nao-poderao-cobrar-taxas-superiores-a-8-ao-mes\/\" \/>\n<meta property=\"og:locale\" content=\"pt_BR\" \/>\n<meta property=\"og:type\" content=\"article\" \/>\n<meta property=\"og:title\" content=\"Cheque Especial: A partir de 6 de janeiro, os bancos n\u00e3o poder\u00e3o cobrar taxas superiores a 8% ao m\u00eas - CidadeMarketing\" \/>\n<meta property=\"og:description\" content=\"Modalidade de cr\u00e9dito com juros de mais de 300% ao ano, o cheque especial ter\u00e1 juros limitados, decidiu&nbsp;nesta quarta-feira,&nbsp;27, o Conselho Monet\u00e1rio Nacional (CMN). A partir de&nbsp;6 de janeiro, os bancos n\u00e3o poder\u00e3o cobrar taxas superiores a 8% ao m\u00eas, o equivalente a 151,8% ao ano. Em nota, o Banco Central (BC) explicou que a [&hellip;]\" \/>\n<meta property=\"og:url\" content=\"https:\/\/www.cidademarketing.com.br\/marketing\/2019\/11\/28\/cheque-especial-a-partir-de-6-de-janeiro-os-bancos-nao-poderao-cobrar-taxas-superiores-a-8-ao-mes\/\" \/>\n<meta property=\"og:site_name\" content=\"CidadeMarketing\" \/>\n<meta property=\"article:publisher\" content=\"https:\/\/www.facebook.com\/portalcidademarketing\" \/>\n<meta property=\"article:author\" content=\"https:\/\/www.facebook.com\/thalesbrandao\" \/>\n<meta property=\"article:published_time\" content=\"2019-11-28T04:28:29+00:00\" \/>\n<meta property=\"article:modified_time\" content=\"2019-11-28T04:29:34+00:00\" \/>\n<meta property=\"og:image\" content=\"https:\/\/www.cidademarketing.com.br\/marketing\/wp-content\/uploads\/2019\/11\/juros-1.jpg\" \/>\n\t<meta property=\"og:image:width\" content=\"704\" \/>\n\t<meta property=\"og:image:height\" content=\"437\" \/>\n\t<meta property=\"og:image:type\" content=\"image\/jpeg\" \/>\n<meta name=\"author\" content=\"Thales Brand\u00e3o\" \/>\n<meta name=\"twitter:card\" content=\"summary_large_image\" \/>\n<meta name=\"twitter:creator\" content=\"@http:\/\/www.twitter.com\/thalesbrandao\" \/>\n<meta name=\"twitter:site\" content=\"@CidadeMarketing\" \/>\n<meta name=\"twitter:label1\" content=\"Escrito por\" \/>\n\t<meta name=\"twitter:data1\" content=\"Thales Brand\u00e3o\" \/>\n\t<meta name=\"twitter:label2\" content=\"Est. tempo de leitura\" \/>\n\t<meta name=\"twitter:data2\" content=\"3 minutos\" \/>\n<script type=\"application\/ld+json\" class=\"yoast-schema-graph\">{\"@context\":\"https:\\\/\\\/schema.org\",\"@graph\":[{\"@type\":\"Article\",\"@id\":\"https:\\\/\\\/www.cidademarketing.com.br\\\/marketing\\\/2019\\\/11\\\/28\\\/cheque-especial-a-partir-de-6-de-janeiro-os-bancos-nao-poderao-cobrar-taxas-superiores-a-8-ao-mes\\\/#article\",\"isPartOf\":{\"@id\":\"https:\\\/\\\/www.cidademarketing.com.br\\\/marketing\\\/2019\\\/11\\\/28\\\/cheque-especial-a-partir-de-6-de-janeiro-os-bancos-nao-poderao-cobrar-taxas-superiores-a-8-ao-mes\\\/\"},\"author\":{\"name\":\"Thales Brand\u00e3o\",\"@id\":\"https:\\\/\\\/www.cidademarketing.com.br\\\/marketing\\\/#\\\/schema\\\/person\\\/02daff9f18bd9378c9e01eb6b2db155f\"},\"headline\":\"Cheque Especial: A partir de 6 de janeiro, os bancos n\u00e3o poder\u00e3o cobrar taxas superiores a 8% ao m\u00eas\",\"datePublished\":\"2019-11-28T04:28:29+00:00\",\"dateModified\":\"2019-11-28T04:29:34+00:00\",\"mainEntityOfPage\":{\"@id\":\"https:\\\/\\\/www.cidademarketing.com.br\\\/marketing\\\/2019\\\/11\\\/28\\\/cheque-especial-a-partir-de-6-de-janeiro-os-bancos-nao-poderao-cobrar-taxas-superiores-a-8-ao-mes\\\/\"},\"wordCount\":652,\"commentCount\":0,\"publisher\":{\"@id\":\"https:\\\/\\\/www.cidademarketing.com.br\\\/marketing\\\/#organization\"},\"image\":{\"@id\":\"https:\\\/\\\/www.cidademarketing.com.br\\\/marketing\\\/2019\\\/11\\\/28\\\/cheque-especial-a-partir-de-6-de-janeiro-os-bancos-nao-poderao-cobrar-taxas-superiores-a-8-ao-mes\\\/#primaryimage\"},\"thumbnailUrl\":\"https:\\\/\\\/www.cidademarketing.com.br\\\/marketing\\\/wp-content\\\/uploads\\\/2019\\\/11\\\/juros-1.jpg\",\"keywords\":[\"cheque especial\",\"juros\",\"marketing\"],\"articleSection\":[\"Consumidor\",\"Not\u00edcias\"],\"inLanguage\":\"pt-BR\",\"potentialAction\":[{\"@type\":\"CommentAction\",\"name\":\"Comment\",\"target\":[\"https:\\\/\\\/www.cidademarketing.com.br\\\/marketing\\\/2019\\\/11\\\/28\\\/cheque-especial-a-partir-de-6-de-janeiro-os-bancos-nao-poderao-cobrar-taxas-superiores-a-8-ao-mes\\\/#respond\"]}]},{\"@type\":\"WebPage\",\"@id\":\"https:\\\/\\\/www.cidademarketing.com.br\\\/marketing\\\/2019\\\/11\\\/28\\\/cheque-especial-a-partir-de-6-de-janeiro-os-bancos-nao-poderao-cobrar-taxas-superiores-a-8-ao-mes\\\/\",\"url\":\"https:\\\/\\\/www.cidademarketing.com.br\\\/marketing\\\/2019\\\/11\\\/28\\\/cheque-especial-a-partir-de-6-de-janeiro-os-bancos-nao-poderao-cobrar-taxas-superiores-a-8-ao-mes\\\/\",\"name\":\"Cheque Especial: A partir de 6 de janeiro, os bancos n\u00e3o poder\u00e3o cobrar taxas superiores a 8% ao m\u00eas - CidadeMarketing\",\"isPartOf\":{\"@id\":\"https:\\\/\\\/www.cidademarketing.com.br\\\/marketing\\\/#website\"},\"primaryImageOfPage\":{\"@id\":\"https:\\\/\\\/www.cidademarketing.com.br\\\/marketing\\\/2019\\\/11\\\/28\\\/cheque-especial-a-partir-de-6-de-janeiro-os-bancos-nao-poderao-cobrar-taxas-superiores-a-8-ao-mes\\\/#primaryimage\"},\"image\":{\"@id\":\"https:\\\/\\\/www.cidademarketing.com.br\\\/marketing\\\/2019\\\/11\\\/28\\\/cheque-especial-a-partir-de-6-de-janeiro-os-bancos-nao-poderao-cobrar-taxas-superiores-a-8-ao-mes\\\/#primaryimage\"},\"thumbnailUrl\":\"https:\\\/\\\/www.cidademarketing.com.br\\\/marketing\\\/wp-content\\\/uploads\\\/2019\\\/11\\\/juros-1.jpg\",\"datePublished\":\"2019-11-28T04:28:29+00:00\",\"dateModified\":\"2019-11-28T04:29:34+00:00\",\"breadcrumb\":{\"@id\":\"https:\\\/\\\/www.cidademarketing.com.br\\\/marketing\\\/2019\\\/11\\\/28\\\/cheque-especial-a-partir-de-6-de-janeiro-os-bancos-nao-poderao-cobrar-taxas-superiores-a-8-ao-mes\\\/#breadcrumb\"},\"inLanguage\":\"pt-BR\",\"potentialAction\":[{\"@type\":\"ReadAction\",\"target\":[\"https:\\\/\\\/www.cidademarketing.com.br\\\/marketing\\\/2019\\\/11\\\/28\\\/cheque-especial-a-partir-de-6-de-janeiro-os-bancos-nao-poderao-cobrar-taxas-superiores-a-8-ao-mes\\\/\"]}]},{\"@type\":\"ImageObject\",\"inLanguage\":\"pt-BR\",\"@id\":\"https:\\\/\\\/www.cidademarketing.com.br\\\/marketing\\\/2019\\\/11\\\/28\\\/cheque-especial-a-partir-de-6-de-janeiro-os-bancos-nao-poderao-cobrar-taxas-superiores-a-8-ao-mes\\\/#primaryimage\",\"url\":\"https:\\\/\\\/www.cidademarketing.com.br\\\/marketing\\\/wp-content\\\/uploads\\\/2019\\\/11\\\/juros-1.jpg\",\"contentUrl\":\"https:\\\/\\\/www.cidademarketing.com.br\\\/marketing\\\/wp-content\\\/uploads\\\/2019\\\/11\\\/juros-1.jpg\",\"width\":704,\"height\":437},{\"@type\":\"BreadcrumbList\",\"@id\":\"https:\\\/\\\/www.cidademarketing.com.br\\\/marketing\\\/2019\\\/11\\\/28\\\/cheque-especial-a-partir-de-6-de-janeiro-os-bancos-nao-poderao-cobrar-taxas-superiores-a-8-ao-mes\\\/#breadcrumb\",\"itemListElement\":[{\"@type\":\"ListItem\",\"position\":1,\"name\":\"In\u00edcio\",\"item\":\"https:\\\/\\\/www.cidademarketing.com.br\\\/marketing\\\/\"},{\"@type\":\"ListItem\",\"position\":2,\"name\":\"Cheque Especial: A partir de 6 de janeiro, os bancos n\u00e3o poder\u00e3o cobrar taxas superiores a 8% ao m\u00eas\"}]},{\"@type\":\"WebSite\",\"@id\":\"https:\\\/\\\/www.cidademarketing.com.br\\\/marketing\\\/#website\",\"url\":\"https:\\\/\\\/www.cidademarketing.com.br\\\/marketing\\\/\",\"name\":\"CidadeMarketing\",\"description\":\"Somos um ve\u00edculo de comunica\u00e7\u00e3o de destaque no Brasil, reconhecido por conte\u00fados nos segmentos de marketing, empreendedorismo e inova\u00e7\u00e3o.\",\"publisher\":{\"@id\":\"https:\\\/\\\/www.cidademarketing.com.br\\\/marketing\\\/#organization\"},\"alternateName\":\"CidadeMarketing\",\"potentialAction\":[{\"@type\":\"SearchAction\",\"target\":{\"@type\":\"EntryPoint\",\"urlTemplate\":\"https:\\\/\\\/www.cidademarketing.com.br\\\/marketing\\\/?s={search_term_string}\"},\"query-input\":{\"@type\":\"PropertyValueSpecification\",\"valueRequired\":true,\"valueName\":\"search_term_string\"}}],\"inLanguage\":\"pt-BR\"},{\"@type\":\"Organization\",\"@id\":\"https:\\\/\\\/www.cidademarketing.com.br\\\/marketing\\\/#organization\",\"name\":\"CidadeMarketing\",\"alternateName\":\"CidadeMarketing\",\"url\":\"https:\\\/\\\/www.cidademarketing.com.br\\\/marketing\\\/\",\"logo\":{\"@type\":\"ImageObject\",\"inLanguage\":\"pt-BR\",\"@id\":\"https:\\\/\\\/www.cidademarketing.com.br\\\/marketing\\\/#\\\/schema\\\/logo\\\/image\\\/\",\"url\":\"https:\\\/\\\/www.cidademarketing.com.br\\\/marketing\\\/wp-content\\\/uploads\\\/2020\\\/01\\\/cidademarketing_marca_mobile.png\",\"contentUrl\":\"https:\\\/\\\/www.cidademarketing.com.br\\\/marketing\\\/wp-content\\\/uploads\\\/2020\\\/01\\\/cidademarketing_marca_mobile.png\",\"width\":230,\"height\":92,\"caption\":\"CidadeMarketing\"},\"image\":{\"@id\":\"https:\\\/\\\/www.cidademarketing.com.br\\\/marketing\\\/#\\\/schema\\\/logo\\\/image\\\/\"},\"sameAs\":[\"https:\\\/\\\/www.facebook.com\\\/portalcidademarketing\",\"https:\\\/\\\/x.com\\\/CidadeMarketing\",\"https:\\\/\\\/www.instagram.com\\\/cidademarketing\\\/\"]},{\"@type\":\"Person\",\"@id\":\"https:\\\/\\\/www.cidademarketing.com.br\\\/marketing\\\/#\\\/schema\\\/person\\\/02daff9f18bd9378c9e01eb6b2db155f\",\"name\":\"Thales Brand\u00e3o\",\"image\":{\"@type\":\"ImageObject\",\"inLanguage\":\"pt-BR\",\"@id\":\"https:\\\/\\\/secure.gravatar.com\\\/avatar\\\/7ca3206950207cc3cb48feec56a8a7898741ab725c368d99d5d7a5a50aab80c6?s=96&d=mm&r=g\",\"url\":\"https:\\\/\\\/secure.gravatar.com\\\/avatar\\\/7ca3206950207cc3cb48feec56a8a7898741ab725c368d99d5d7a5a50aab80c6?s=96&d=mm&r=g\",\"contentUrl\":\"https:\\\/\\\/secure.gravatar.com\\\/avatar\\\/7ca3206950207cc3cb48feec56a8a7898741ab725c368d99d5d7a5a50aab80c6?s=96&d=mm&r=g\",\"caption\":\"Thales Brand\u00e3o\"},\"description\":\"Editor Executivo do Portal CidadeMarketing.com.br &gt; Mestre em Comunica\u00e7\u00e3o e Sociedade pela Universidade Federal de Sergipe. Possui MBA Executivo em Administra\u00e7\u00e3o com \u00eanfase em Marketing pela Funda\u00e7\u00e3o Get\u00falio Vargas - Rio de Janeiro. Consultor, Palestrante e Pesquisador sobre Empreendedorismo, Marketing, Redes Sociais e Neg\u00f3cios Digitais. Professor, Palestrante TedxTalks e Campus Party. Twitter: @ThalesBrandao\",\"sameAs\":[\"http:\\\/\\\/www.mandacaru.com.br\",\"https:\\\/\\\/www.facebook.com\\\/thalesbrandao\",\"http:\\\/\\\/www.instagram.com.br\\\/thalesbrandaoferreira\",\"https:\\\/\\\/www.linkedin.com\\\/in\\\/thales-brand\u00e3o-3948609\\\/\",\"https:\\\/\\\/x.com\\\/http:\\\/\\\/www.twitter.com\\\/thalesbrandao\"],\"url\":\"https:\\\/\\\/www.cidademarketing.com.br\\\/marketing\\\/author\\\/thalesbrandao\\\/\"}]}<\/script>\n<!-- \/ Yoast SEO plugin. -->","yoast_head_json":{"title":"Cheque Especial: A partir de 6 de janeiro, os bancos n\u00e3o poder\u00e3o cobrar taxas superiores a 8% ao m\u00eas - CidadeMarketing","robots":{"index":"index","follow":"follow","max-snippet":"max-snippet:-1","max-image-preview":"max-image-preview:large","max-video-preview":"max-video-preview:-1"},"canonical":"https:\/\/www.cidademarketing.com.br\/marketing\/2019\/11\/28\/cheque-especial-a-partir-de-6-de-janeiro-os-bancos-nao-poderao-cobrar-taxas-superiores-a-8-ao-mes\/","og_locale":"pt_BR","og_type":"article","og_title":"Cheque Especial: A partir de 6 de janeiro, os bancos n\u00e3o poder\u00e3o cobrar taxas superiores a 8% ao m\u00eas - CidadeMarketing","og_description":"Modalidade de cr\u00e9dito com juros de mais de 300% ao ano, o cheque especial ter\u00e1 juros limitados, decidiu&nbsp;nesta quarta-feira,&nbsp;27, o Conselho Monet\u00e1rio Nacional (CMN). A partir de&nbsp;6 de janeiro, os bancos n\u00e3o poder\u00e3o cobrar taxas superiores a 8% ao m\u00eas, o equivalente a 151,8% ao ano. Em nota, o Banco Central (BC) explicou que a [&hellip;]","og_url":"https:\/\/www.cidademarketing.com.br\/marketing\/2019\/11\/28\/cheque-especial-a-partir-de-6-de-janeiro-os-bancos-nao-poderao-cobrar-taxas-superiores-a-8-ao-mes\/","og_site_name":"CidadeMarketing","article_publisher":"https:\/\/www.facebook.com\/portalcidademarketing","article_author":"https:\/\/www.facebook.com\/thalesbrandao","article_published_time":"2019-11-28T04:28:29+00:00","article_modified_time":"2019-11-28T04:29:34+00:00","og_image":[{"width":704,"height":437,"url":"https:\/\/www.cidademarketing.com.br\/marketing\/wp-content\/uploads\/2019\/11\/juros-1.jpg","type":"image\/jpeg"}],"author":"Thales Brand\u00e3o","twitter_card":"summary_large_image","twitter_creator":"@http:\/\/www.twitter.com\/thalesbrandao","twitter_site":"@CidadeMarketing","twitter_misc":{"Escrito por":"Thales Brand\u00e3o","Est. tempo de leitura":"3 minutos"},"schema":{"@context":"https:\/\/schema.org","@graph":[{"@type":"Article","@id":"https:\/\/www.cidademarketing.com.br\/marketing\/2019\/11\/28\/cheque-especial-a-partir-de-6-de-janeiro-os-bancos-nao-poderao-cobrar-taxas-superiores-a-8-ao-mes\/#article","isPartOf":{"@id":"https:\/\/www.cidademarketing.com.br\/marketing\/2019\/11\/28\/cheque-especial-a-partir-de-6-de-janeiro-os-bancos-nao-poderao-cobrar-taxas-superiores-a-8-ao-mes\/"},"author":{"name":"Thales Brand\u00e3o","@id":"https:\/\/www.cidademarketing.com.br\/marketing\/#\/schema\/person\/02daff9f18bd9378c9e01eb6b2db155f"},"headline":"Cheque Especial: A partir de 6 de janeiro, os bancos n\u00e3o poder\u00e3o cobrar taxas superiores a 8% ao m\u00eas","datePublished":"2019-11-28T04:28:29+00:00","dateModified":"2019-11-28T04:29:34+00:00","mainEntityOfPage":{"@id":"https:\/\/www.cidademarketing.com.br\/marketing\/2019\/11\/28\/cheque-especial-a-partir-de-6-de-janeiro-os-bancos-nao-poderao-cobrar-taxas-superiores-a-8-ao-mes\/"},"wordCount":652,"commentCount":0,"publisher":{"@id":"https:\/\/www.cidademarketing.com.br\/marketing\/#organization"},"image":{"@id":"https:\/\/www.cidademarketing.com.br\/marketing\/2019\/11\/28\/cheque-especial-a-partir-de-6-de-janeiro-os-bancos-nao-poderao-cobrar-taxas-superiores-a-8-ao-mes\/#primaryimage"},"thumbnailUrl":"https:\/\/www.cidademarketing.com.br\/marketing\/wp-content\/uploads\/2019\/11\/juros-1.jpg","keywords":["cheque especial","juros","marketing"],"articleSection":["Consumidor","Not\u00edcias"],"inLanguage":"pt-BR","potentialAction":[{"@type":"CommentAction","name":"Comment","target":["https:\/\/www.cidademarketing.com.br\/marketing\/2019\/11\/28\/cheque-especial-a-partir-de-6-de-janeiro-os-bancos-nao-poderao-cobrar-taxas-superiores-a-8-ao-mes\/#respond"]}]},{"@type":"WebPage","@id":"https:\/\/www.cidademarketing.com.br\/marketing\/2019\/11\/28\/cheque-especial-a-partir-de-6-de-janeiro-os-bancos-nao-poderao-cobrar-taxas-superiores-a-8-ao-mes\/","url":"https:\/\/www.cidademarketing.com.br\/marketing\/2019\/11\/28\/cheque-especial-a-partir-de-6-de-janeiro-os-bancos-nao-poderao-cobrar-taxas-superiores-a-8-ao-mes\/","name":"Cheque Especial: A partir de 6 de janeiro, os bancos n\u00e3o poder\u00e3o cobrar taxas superiores a 8% ao m\u00eas - CidadeMarketing","isPartOf":{"@id":"https:\/\/www.cidademarketing.com.br\/marketing\/#website"},"primaryImageOfPage":{"@id":"https:\/\/www.cidademarketing.com.br\/marketing\/2019\/11\/28\/cheque-especial-a-partir-de-6-de-janeiro-os-bancos-nao-poderao-cobrar-taxas-superiores-a-8-ao-mes\/#primaryimage"},"image":{"@id":"https:\/\/www.cidademarketing.com.br\/marketing\/2019\/11\/28\/cheque-especial-a-partir-de-6-de-janeiro-os-bancos-nao-poderao-cobrar-taxas-superiores-a-8-ao-mes\/#primaryimage"},"thumbnailUrl":"https:\/\/www.cidademarketing.com.br\/marketing\/wp-content\/uploads\/2019\/11\/juros-1.jpg","datePublished":"2019-11-28T04:28:29+00:00","dateModified":"2019-11-28T04:29:34+00:00","breadcrumb":{"@id":"https:\/\/www.cidademarketing.com.br\/marketing\/2019\/11\/28\/cheque-especial-a-partir-de-6-de-janeiro-os-bancos-nao-poderao-cobrar-taxas-superiores-a-8-ao-mes\/#breadcrumb"},"inLanguage":"pt-BR","potentialAction":[{"@type":"ReadAction","target":["https:\/\/www.cidademarketing.com.br\/marketing\/2019\/11\/28\/cheque-especial-a-partir-de-6-de-janeiro-os-bancos-nao-poderao-cobrar-taxas-superiores-a-8-ao-mes\/"]}]},{"@type":"ImageObject","inLanguage":"pt-BR","@id":"https:\/\/www.cidademarketing.com.br\/marketing\/2019\/11\/28\/cheque-especial-a-partir-de-6-de-janeiro-os-bancos-nao-poderao-cobrar-taxas-superiores-a-8-ao-mes\/#primaryimage","url":"https:\/\/www.cidademarketing.com.br\/marketing\/wp-content\/uploads\/2019\/11\/juros-1.jpg","contentUrl":"https:\/\/www.cidademarketing.com.br\/marketing\/wp-content\/uploads\/2019\/11\/juros-1.jpg","width":704,"height":437},{"@type":"BreadcrumbList","@id":"https:\/\/www.cidademarketing.com.br\/marketing\/2019\/11\/28\/cheque-especial-a-partir-de-6-de-janeiro-os-bancos-nao-poderao-cobrar-taxas-superiores-a-8-ao-mes\/#breadcrumb","itemListElement":[{"@type":"ListItem","position":1,"name":"In\u00edcio","item":"https:\/\/www.cidademarketing.com.br\/marketing\/"},{"@type":"ListItem","position":2,"name":"Cheque Especial: A partir de 6 de janeiro, os bancos n\u00e3o poder\u00e3o cobrar taxas superiores a 8% ao m\u00eas"}]},{"@type":"WebSite","@id":"https:\/\/www.cidademarketing.com.br\/marketing\/#website","url":"https:\/\/www.cidademarketing.com.br\/marketing\/","name":"CidadeMarketing","description":"Somos um ve\u00edculo de comunica\u00e7\u00e3o de destaque no Brasil, reconhecido por conte\u00fados nos segmentos de marketing, empreendedorismo e inova\u00e7\u00e3o.","publisher":{"@id":"https:\/\/www.cidademarketing.com.br\/marketing\/#organization"},"alternateName":"CidadeMarketing","potentialAction":[{"@type":"SearchAction","target":{"@type":"EntryPoint","urlTemplate":"https:\/\/www.cidademarketing.com.br\/marketing\/?s={search_term_string}"},"query-input":{"@type":"PropertyValueSpecification","valueRequired":true,"valueName":"search_term_string"}}],"inLanguage":"pt-BR"},{"@type":"Organization","@id":"https:\/\/www.cidademarketing.com.br\/marketing\/#organization","name":"CidadeMarketing","alternateName":"CidadeMarketing","url":"https:\/\/www.cidademarketing.com.br\/marketing\/","logo":{"@type":"ImageObject","inLanguage":"pt-BR","@id":"https:\/\/www.cidademarketing.com.br\/marketing\/#\/schema\/logo\/image\/","url":"https:\/\/www.cidademarketing.com.br\/marketing\/wp-content\/uploads\/2020\/01\/cidademarketing_marca_mobile.png","contentUrl":"https:\/\/www.cidademarketing.com.br\/marketing\/wp-content\/uploads\/2020\/01\/cidademarketing_marca_mobile.png","width":230,"height":92,"caption":"CidadeMarketing"},"image":{"@id":"https:\/\/www.cidademarketing.com.br\/marketing\/#\/schema\/logo\/image\/"},"sameAs":["https:\/\/www.facebook.com\/portalcidademarketing","https:\/\/x.com\/CidadeMarketing","https:\/\/www.instagram.com\/cidademarketing\/"]},{"@type":"Person","@id":"https:\/\/www.cidademarketing.com.br\/marketing\/#\/schema\/person\/02daff9f18bd9378c9e01eb6b2db155f","name":"Thales Brand\u00e3o","image":{"@type":"ImageObject","inLanguage":"pt-BR","@id":"https:\/\/secure.gravatar.com\/avatar\/7ca3206950207cc3cb48feec56a8a7898741ab725c368d99d5d7a5a50aab80c6?s=96&d=mm&r=g","url":"https:\/\/secure.gravatar.com\/avatar\/7ca3206950207cc3cb48feec56a8a7898741ab725c368d99d5d7a5a50aab80c6?s=96&d=mm&r=g","contentUrl":"https:\/\/secure.gravatar.com\/avatar\/7ca3206950207cc3cb48feec56a8a7898741ab725c368d99d5d7a5a50aab80c6?s=96&d=mm&r=g","caption":"Thales Brand\u00e3o"},"description":"Editor Executivo do Portal CidadeMarketing.com.br &gt; Mestre em Comunica\u00e7\u00e3o e Sociedade pela Universidade Federal de Sergipe. Possui MBA Executivo em Administra\u00e7\u00e3o com \u00eanfase em Marketing pela Funda\u00e7\u00e3o Get\u00falio Vargas - Rio de Janeiro. Consultor, Palestrante e Pesquisador sobre Empreendedorismo, Marketing, Redes Sociais e Neg\u00f3cios Digitais. Professor, Palestrante TedxTalks e Campus Party. Twitter: @ThalesBrandao","sameAs":["http:\/\/www.mandacaru.com.br","https:\/\/www.facebook.com\/thalesbrandao","http:\/\/www.instagram.com.br\/thalesbrandaoferreira","https:\/\/www.linkedin.com\/in\/thales-brand\u00e3o-3948609\/","https:\/\/x.com\/http:\/\/www.twitter.com\/thalesbrandao"],"url":"https:\/\/www.cidademarketing.com.br\/marketing\/author\/thalesbrandao\/"}]}},"amp_enabled":true,"_links":{"self":[{"href":"https:\/\/www.cidademarketing.com.br\/marketing\/wp-json\/wp\/v2\/posts\/12816","targetHints":{"allow":["GET"]}}],"collection":[{"href":"https:\/\/www.cidademarketing.com.br\/marketing\/wp-json\/wp\/v2\/posts"}],"about":[{"href":"https:\/\/www.cidademarketing.com.br\/marketing\/wp-json\/wp\/v2\/types\/post"}],"author":[{"embeddable":true,"href":"https:\/\/www.cidademarketing.com.br\/marketing\/wp-json\/wp\/v2\/users\/1"}],"replies":[{"embeddable":true,"href":"https:\/\/www.cidademarketing.com.br\/marketing\/wp-json\/wp\/v2\/comments?post=12816"}],"version-history":[{"count":1,"href":"https:\/\/www.cidademarketing.com.br\/marketing\/wp-json\/wp\/v2\/posts\/12816\/revisions"}],"predecessor-version":[{"id":12818,"href":"https:\/\/www.cidademarketing.com.br\/marketing\/wp-json\/wp\/v2\/posts\/12816\/revisions\/12818"}],"wp:featuredmedia":[{"embeddable":true,"href":"https:\/\/www.cidademarketing.com.br\/marketing\/wp-json\/wp\/v2\/media\/12819"}],"wp:attachment":[{"href":"https:\/\/www.cidademarketing.com.br\/marketing\/wp-json\/wp\/v2\/media?parent=12816"}],"wp:term":[{"taxonomy":"category","embeddable":true,"href":"https:\/\/www.cidademarketing.com.br\/marketing\/wp-json\/wp\/v2\/categories?post=12816"},{"taxonomy":"post_tag","embeddable":true,"href":"https:\/\/www.cidademarketing.com.br\/marketing\/wp-json\/wp\/v2\/tags?post=12816"}],"curies":[{"name":"wp","href":"https:\/\/api.w.org\/{rel}","templated":true}]}}