{"id":1280,"date":"2018-07-25T02:45:16","date_gmt":"2018-07-25T05:45:16","guid":{"rendered":"http:\/\/www.cidademarketing.com.br\/marketing\/?p=1280"},"modified":"2018-07-25T02:45:16","modified_gmt":"2018-07-25T05:45:16","slug":"famiglia-valduga-participa-do-rio-wine-and-food-festival","status":"publish","type":"post","link":"https:\/\/www.cidademarketing.com.br\/marketing\/2018\/07\/25\/famiglia-valduga-participa-do-rio-wine-and-food-festival\/","title":{"rendered":"Famiglia Valduga participa do Rio Wine and Food Festival"},"content":{"rendered":"<p>As marcas Casa Valduga e Domno Importadora, pertencentes ao Grupo Famiglia Valduga, participam da 6\u00aa edi\u00e7\u00e3o do Rio Wine and Food Festival, que acontecer\u00e1 entre os dias 03 e 12 de agosto, no Rio de Janeiro.<\/p>\n<p>Com direito a tour de \u00f4nibus com degusta\u00e7\u00e3o de vinhos e uma abertura in\u00e9dita no Planet\u00e1rio do Rio, o evento ter\u00e1 op\u00e7\u00f5es nas zonas sul, oeste e norte da cidade, durante dez dias \u2013 a mais longa edi\u00e7\u00e3o. Produtores de mais de 12 pa\u00edses, entre eles Argentina, Brasil, Chile, Fran\u00e7a, Portugal, Uruguai, Israel, Eslov\u00eania e Maced\u00f4nia, trar\u00e3o\u00a0vinhos para transformar a rela\u00e7\u00e3o do visitante com\u00a0a bebida em um\u00a0programa imperd\u00edvel.<\/p>\n<p>Durante o RWFF, o Grupo Famiglia Valduga apresentar\u00e1 r\u00f3tulos premiados da Casa Valduga. Al\u00e9m de produtos super renomados e conhecidos internacionalmente, trazidos com exclusividade ao Brasil pela Domno Importadora.<\/p>\n<p>Com o tema, &#8220;A trajet\u00f3ria de sucesso da Famiglia Valduga no Brasil\u201d, no dia 07 de agosto, Juarez Valduga, CEO do Grupo, palestrar\u00e1 no semin\u00e1rio Vinho &amp; Mercado, que tem como parceira a Funda\u00e7\u00e3o Get\u00falio Vargas. O semin\u00e1rio ocorrer\u00e1 no rec\u00e9m-inaugurado audit\u00f3rio Concha Ac\u00fastica da FGV, no Rio de Janeiro. A atividade integra a agenda oficial do Rio Wine and Food Festival.<\/p>\n<p>Na oportunidade, Juarez falar\u00e1 sobre o case Casa Valduga para uma plateia composta por empres\u00e1rios, executivos, jornalistas, estudantes e formadores de opini\u00e3o de diversos setores.<\/p>\n<p><strong>Servi\u00e7o:<\/strong><\/p>\n<p>Evento: 6\u00ba Rio Wine and Food Festival<br \/>\nData: 03 a 12 de agosto de\u00a02018 (pr\u00e9-abertura 28 de julho)<br \/>\nLocal: Rio de Janeiro (v\u00e1rios espa\u00e7os da cidade)<br \/>\nPrograma\u00e7\u00e3o completa:\u00a0<a href=\"http:\/\/www.riowineandfoodfestival.com.br\/\" target=\"_blank\" rel=\"noopener\">www.riowineandfoodfestival.com.br<\/a><br \/>\nInscri\u00e7\u00f5es e compra de ingressos:\u00a0<a href=\"http:\/\/www.ingressocerto.com\/\">www.<\/a><a href=\"http:\/\/ingressocerto.com\/\" target=\"_blank\" rel=\"noopener\">ingressocerto.com\u00a0<\/a><br \/>\nInforma\u00e7\u00f5es para p\u00fablico:\u00a0<a href=\"http:\/\/contato@bacomultimidia.com.br\/\">contato@bacomultimidia.com.br<\/a><br \/>\nFacebook:\u00a0<a href=\"http:\/\/facebook.com\/riowineandfoodfestival\" target=\"_blank\" rel=\"noopener\">facebook.com\/riowineandfoodfestival<\/a>\u00a0Instagram:\u00a0<a href=\"http:\/\/www.instagram.com\/riowineandfoodfestival\" target=\"_blank\" rel=\"noopener\">@riowineandfoodfestival<\/a><br \/>\n#RWFF2018<\/p>\n","protected":false},"excerpt":{"rendered":"<p>As marcas Casa Valduga e Domno Importadora, pertencentes ao Grupo Famiglia Valduga, participam da 6\u00aa edi\u00e7\u00e3o do Rio Wine and Food Festival, que acontecer\u00e1 entre os dias 03 e 12 de agosto, no Rio de Janeiro. Com direito a tour de \u00f4nibus com degusta\u00e7\u00e3o de vinhos e uma abertura in\u00e9dita no Planet\u00e1rio do Rio, o [&hellip;]<\/p>\n","protected":false},"author":1,"featured_media":1281,"comment_status":"open","ping_status":"open","sticky":false,"template":"","format":"standard","meta":{"tdm_status":"","tdm_grid_status":"","footnotes":""},"categories":[8,6],"tags":[285],"class_list":["post-1280","post","type-post","status-publish","format-standard","has-post-thumbnail","hentry","category-marcas","category-noticias","tag-famiglia-valduga"],"yoast_head":"<!-- This site is optimized with the Yoast SEO plugin v27.5 - https:\/\/yoast.com\/product\/yoast-seo-wordpress\/ -->\n<title>Famiglia Valduga participa do Rio Wine and Food Festival - CidadeMarketing<\/title>\n<meta name=\"robots\" content=\"index, follow, max-snippet:-1, max-image-preview:large, max-video-preview:-1\" \/>\n<link rel=\"canonical\" href=\"https:\/\/www.cidademarketing.com.br\/marketing\/2018\/07\/25\/famiglia-valduga-participa-do-rio-wine-and-food-festival\/\" \/>\n<meta property=\"og:locale\" content=\"pt_BR\" \/>\n<meta property=\"og:type\" content=\"article\" \/>\n<meta property=\"og:title\" content=\"Famiglia Valduga participa do Rio Wine and Food Festival - CidadeMarketing\" \/>\n<meta property=\"og:description\" content=\"As marcas Casa Valduga e Domno Importadora, pertencentes ao Grupo Famiglia Valduga, participam da 6\u00aa edi\u00e7\u00e3o do Rio Wine and Food Festival, que acontecer\u00e1 entre os dias 03 e 12 de agosto, no Rio de Janeiro. Com direito a tour de \u00f4nibus com degusta\u00e7\u00e3o de vinhos e uma abertura in\u00e9dita no Planet\u00e1rio do Rio, o [&hellip;]\" \/>\n<meta property=\"og:url\" content=\"https:\/\/www.cidademarketing.com.br\/marketing\/2018\/07\/25\/famiglia-valduga-participa-do-rio-wine-and-food-festival\/\" \/>\n<meta property=\"og:site_name\" content=\"CidadeMarketing\" \/>\n<meta property=\"article:publisher\" content=\"https:\/\/www.facebook.com\/portalcidademarketing\" \/>\n<meta property=\"article:author\" content=\"https:\/\/www.facebook.com\/thalesbrandao\" \/>\n<meta property=\"article:published_time\" content=\"2018-07-25T05:45:16+00:00\" \/>\n<meta property=\"og:image\" content=\"https:\/\/www.cidademarketing.com.br\/marketing\/wp-content\/uploads\/2018\/07\/Famiglia_Valduga-1024x683.jpg\" \/>\n\t<meta property=\"og:image:width\" content=\"1024\" \/>\n\t<meta property=\"og:image:height\" content=\"683\" \/>\n\t<meta property=\"og:image:type\" content=\"image\/jpeg\" \/>\n<meta name=\"author\" content=\"Thales Brand\u00e3o\" \/>\n<meta name=\"twitter:card\" content=\"summary_large_image\" \/>\n<meta name=\"twitter:creator\" content=\"@http:\/\/www.twitter.com\/thalesbrandao\" \/>\n<meta name=\"twitter:site\" content=\"@CidadeMarketing\" \/>\n<meta name=\"twitter:label1\" content=\"Escrito por\" \/>\n\t<meta name=\"twitter:data1\" content=\"Thales Brand\u00e3o\" \/>\n\t<meta name=\"twitter:label2\" content=\"Est. tempo de leitura\" \/>\n\t<meta name=\"twitter:data2\" content=\"2 minutos\" \/>\n<script type=\"application\/ld+json\" class=\"yoast-schema-graph\">{\"@context\":\"https:\\\/\\\/schema.org\",\"@graph\":[{\"@type\":\"Article\",\"@id\":\"https:\\\/\\\/www.cidademarketing.com.br\\\/marketing\\\/2018\\\/07\\\/25\\\/famiglia-valduga-participa-do-rio-wine-and-food-festival\\\/#article\",\"isPartOf\":{\"@id\":\"https:\\\/\\\/www.cidademarketing.com.br\\\/marketing\\\/2018\\\/07\\\/25\\\/famiglia-valduga-participa-do-rio-wine-and-food-festival\\\/\"},\"author\":{\"name\":\"Thales Brand\u00e3o\",\"@id\":\"https:\\\/\\\/www.cidademarketing.com.br\\\/marketing\\\/#\\\/schema\\\/person\\\/02daff9f18bd9378c9e01eb6b2db155f\"},\"headline\":\"Famiglia Valduga participa do Rio Wine and Food Festival\",\"datePublished\":\"2018-07-25T05:45:16+00:00\",\"mainEntityOfPage\":{\"@id\":\"https:\\\/\\\/www.cidademarketing.com.br\\\/marketing\\\/2018\\\/07\\\/25\\\/famiglia-valduga-participa-do-rio-wine-and-food-festival\\\/\"},\"wordCount\":310,\"commentCount\":0,\"publisher\":{\"@id\":\"https:\\\/\\\/www.cidademarketing.com.br\\\/marketing\\\/#organization\"},\"image\":{\"@id\":\"https:\\\/\\\/www.cidademarketing.com.br\\\/marketing\\\/2018\\\/07\\\/25\\\/famiglia-valduga-participa-do-rio-wine-and-food-festival\\\/#primaryimage\"},\"thumbnailUrl\":\"https:\\\/\\\/www.cidademarketing.com.br\\\/marketing\\\/wp-content\\\/uploads\\\/2018\\\/07\\\/Famiglia_Valduga.jpg\",\"keywords\":[\"Famiglia Valduga\"],\"articleSection\":[\"Marcas\",\"Not\u00edcias\"],\"inLanguage\":\"pt-BR\",\"potentialAction\":[{\"@type\":\"CommentAction\",\"name\":\"Comment\",\"target\":[\"https:\\\/\\\/www.cidademarketing.com.br\\\/marketing\\\/2018\\\/07\\\/25\\\/famiglia-valduga-participa-do-rio-wine-and-food-festival\\\/#respond\"]}]},{\"@type\":\"WebPage\",\"@id\":\"https:\\\/\\\/www.cidademarketing.com.br\\\/marketing\\\/2018\\\/07\\\/25\\\/famiglia-valduga-participa-do-rio-wine-and-food-festival\\\/\",\"url\":\"https:\\\/\\\/www.cidademarketing.com.br\\\/marketing\\\/2018\\\/07\\\/25\\\/famiglia-valduga-participa-do-rio-wine-and-food-festival\\\/\",\"name\":\"Famiglia Valduga participa do Rio Wine and Food Festival - CidadeMarketing\",\"isPartOf\":{\"@id\":\"https:\\\/\\\/www.cidademarketing.com.br\\\/marketing\\\/#website\"},\"primaryImageOfPage\":{\"@id\":\"https:\\\/\\\/www.cidademarketing.com.br\\\/marketing\\\/2018\\\/07\\\/25\\\/famiglia-valduga-participa-do-rio-wine-and-food-festival\\\/#primaryimage\"},\"image\":{\"@id\":\"https:\\\/\\\/www.cidademarketing.com.br\\\/marketing\\\/2018\\\/07\\\/25\\\/famiglia-valduga-participa-do-rio-wine-and-food-festival\\\/#primaryimage\"},\"thumbnailUrl\":\"https:\\\/\\\/www.cidademarketing.com.br\\\/marketing\\\/wp-content\\\/uploads\\\/2018\\\/07\\\/Famiglia_Valduga.jpg\",\"datePublished\":\"2018-07-25T05:45:16+00:00\",\"breadcrumb\":{\"@id\":\"https:\\\/\\\/www.cidademarketing.com.br\\\/marketing\\\/2018\\\/07\\\/25\\\/famiglia-valduga-participa-do-rio-wine-and-food-festival\\\/#breadcrumb\"},\"inLanguage\":\"pt-BR\",\"potentialAction\":[{\"@type\":\"ReadAction\",\"target\":[\"https:\\\/\\\/www.cidademarketing.com.br\\\/marketing\\\/2018\\\/07\\\/25\\\/famiglia-valduga-participa-do-rio-wine-and-food-festival\\\/\"]}]},{\"@type\":\"ImageObject\",\"inLanguage\":\"pt-BR\",\"@id\":\"https:\\\/\\\/www.cidademarketing.com.br\\\/marketing\\\/2018\\\/07\\\/25\\\/famiglia-valduga-participa-do-rio-wine-and-food-festival\\\/#primaryimage\",\"url\":\"https:\\\/\\\/www.cidademarketing.com.br\\\/marketing\\\/wp-content\\\/uploads\\\/2018\\\/07\\\/Famiglia_Valduga.jpg\",\"contentUrl\":\"https:\\\/\\\/www.cidademarketing.com.br\\\/marketing\\\/wp-content\\\/uploads\\\/2018\\\/07\\\/Famiglia_Valduga.jpg\",\"width\":5616,\"height\":3744,\"caption\":\"Divulga\u00e7\u00e3o\"},{\"@type\":\"BreadcrumbList\",\"@id\":\"https:\\\/\\\/www.cidademarketing.com.br\\\/marketing\\\/2018\\\/07\\\/25\\\/famiglia-valduga-participa-do-rio-wine-and-food-festival\\\/#breadcrumb\",\"itemListElement\":[{\"@type\":\"ListItem\",\"position\":1,\"name\":\"In\u00edcio\",\"item\":\"https:\\\/\\\/www.cidademarketing.com.br\\\/marketing\\\/\"},{\"@type\":\"ListItem\",\"position\":2,\"name\":\"Famiglia Valduga participa do Rio Wine and Food Festival\"}]},{\"@type\":\"WebSite\",\"@id\":\"https:\\\/\\\/www.cidademarketing.com.br\\\/marketing\\\/#website\",\"url\":\"https:\\\/\\\/www.cidademarketing.com.br\\\/marketing\\\/\",\"name\":\"CidadeMarketing\",\"description\":\"Somos um ve\u00edculo de comunica\u00e7\u00e3o de destaque no Brasil, reconhecido por conte\u00fados nos segmentos de marketing, empreendedorismo e inova\u00e7\u00e3o.\",\"publisher\":{\"@id\":\"https:\\\/\\\/www.cidademarketing.com.br\\\/marketing\\\/#organization\"},\"alternateName\":\"CidadeMarketing\",\"potentialAction\":[{\"@type\":\"SearchAction\",\"target\":{\"@type\":\"EntryPoint\",\"urlTemplate\":\"https:\\\/\\\/www.cidademarketing.com.br\\\/marketing\\\/?s={search_term_string}\"},\"query-input\":{\"@type\":\"PropertyValueSpecification\",\"valueRequired\":true,\"valueName\":\"search_term_string\"}}],\"inLanguage\":\"pt-BR\"},{\"@type\":\"Organization\",\"@id\":\"https:\\\/\\\/www.cidademarketing.com.br\\\/marketing\\\/#organization\",\"name\":\"CidadeMarketing\",\"alternateName\":\"CidadeMarketing\",\"url\":\"https:\\\/\\\/www.cidademarketing.com.br\\\/marketing\\\/\",\"logo\":{\"@type\":\"ImageObject\",\"inLanguage\":\"pt-BR\",\"@id\":\"https:\\\/\\\/www.cidademarketing.com.br\\\/marketing\\\/#\\\/schema\\\/logo\\\/image\\\/\",\"url\":\"https:\\\/\\\/www.cidademarketing.com.br\\\/marketing\\\/wp-content\\\/uploads\\\/2020\\\/01\\\/cidademarketing_marca_mobile.png\",\"contentUrl\":\"https:\\\/\\\/www.cidademarketing.com.br\\\/marketing\\\/wp-content\\\/uploads\\\/2020\\\/01\\\/cidademarketing_marca_mobile.png\",\"width\":230,\"height\":92,\"caption\":\"CidadeMarketing\"},\"image\":{\"@id\":\"https:\\\/\\\/www.cidademarketing.com.br\\\/marketing\\\/#\\\/schema\\\/logo\\\/image\\\/\"},\"sameAs\":[\"https:\\\/\\\/www.facebook.com\\\/portalcidademarketing\",\"https:\\\/\\\/x.com\\\/CidadeMarketing\",\"https:\\\/\\\/www.instagram.com\\\/cidademarketing\\\/\"]},{\"@type\":\"Person\",\"@id\":\"https:\\\/\\\/www.cidademarketing.com.br\\\/marketing\\\/#\\\/schema\\\/person\\\/02daff9f18bd9378c9e01eb6b2db155f\",\"name\":\"Thales Brand\u00e3o\",\"image\":{\"@type\":\"ImageObject\",\"inLanguage\":\"pt-BR\",\"@id\":\"https:\\\/\\\/secure.gravatar.com\\\/avatar\\\/7ca3206950207cc3cb48feec56a8a7898741ab725c368d99d5d7a5a50aab80c6?s=96&d=mm&r=g\",\"url\":\"https:\\\/\\\/secure.gravatar.com\\\/avatar\\\/7ca3206950207cc3cb48feec56a8a7898741ab725c368d99d5d7a5a50aab80c6?s=96&d=mm&r=g\",\"contentUrl\":\"https:\\\/\\\/secure.gravatar.com\\\/avatar\\\/7ca3206950207cc3cb48feec56a8a7898741ab725c368d99d5d7a5a50aab80c6?s=96&d=mm&r=g\",\"caption\":\"Thales Brand\u00e3o\"},\"description\":\"Editor Executivo do Portal CidadeMarketing.com.br &gt; Mestre em Comunica\u00e7\u00e3o e Sociedade pela Universidade Federal de Sergipe. Possui MBA Executivo em Administra\u00e7\u00e3o com \u00eanfase em Marketing pela Funda\u00e7\u00e3o Get\u00falio Vargas - Rio de Janeiro. Consultor, Palestrante e Pesquisador sobre Empreendedorismo, Marketing, Redes Sociais e Neg\u00f3cios Digitais. Professor, Palestrante TedxTalks e Campus Party. Twitter: @ThalesBrandao\",\"sameAs\":[\"http:\\\/\\\/www.mandacaru.com.br\",\"https:\\\/\\\/www.facebook.com\\\/thalesbrandao\",\"http:\\\/\\\/www.instagram.com.br\\\/thalesbrandaoferreira\",\"https:\\\/\\\/www.linkedin.com\\\/in\\\/thales-brand\u00e3o-3948609\\\/\",\"https:\\\/\\\/x.com\\\/http:\\\/\\\/www.twitter.com\\\/thalesbrandao\"],\"url\":\"https:\\\/\\\/www.cidademarketing.com.br\\\/marketing\\\/author\\\/thalesbrandao\\\/\"}]}<\/script>\n<!-- \/ Yoast SEO plugin. -->","yoast_head_json":{"title":"Famiglia Valduga participa do Rio Wine and Food Festival - CidadeMarketing","robots":{"index":"index","follow":"follow","max-snippet":"max-snippet:-1","max-image-preview":"max-image-preview:large","max-video-preview":"max-video-preview:-1"},"canonical":"https:\/\/www.cidademarketing.com.br\/marketing\/2018\/07\/25\/famiglia-valduga-participa-do-rio-wine-and-food-festival\/","og_locale":"pt_BR","og_type":"article","og_title":"Famiglia Valduga participa do Rio Wine and Food Festival - CidadeMarketing","og_description":"As marcas Casa Valduga e Domno Importadora, pertencentes ao Grupo Famiglia Valduga, participam da 6\u00aa edi\u00e7\u00e3o do Rio Wine and Food Festival, que acontecer\u00e1 entre os dias 03 e 12 de agosto, no Rio de Janeiro. Com direito a tour de \u00f4nibus com degusta\u00e7\u00e3o de vinhos e uma abertura in\u00e9dita no Planet\u00e1rio do Rio, o [&hellip;]","og_url":"https:\/\/www.cidademarketing.com.br\/marketing\/2018\/07\/25\/famiglia-valduga-participa-do-rio-wine-and-food-festival\/","og_site_name":"CidadeMarketing","article_publisher":"https:\/\/www.facebook.com\/portalcidademarketing","article_author":"https:\/\/www.facebook.com\/thalesbrandao","article_published_time":"2018-07-25T05:45:16+00:00","og_image":[{"width":1024,"height":683,"url":"https:\/\/www.cidademarketing.com.br\/marketing\/wp-content\/uploads\/2018\/07\/Famiglia_Valduga-1024x683.jpg","type":"image\/jpeg"}],"author":"Thales Brand\u00e3o","twitter_card":"summary_large_image","twitter_creator":"@http:\/\/www.twitter.com\/thalesbrandao","twitter_site":"@CidadeMarketing","twitter_misc":{"Escrito por":"Thales Brand\u00e3o","Est. tempo de leitura":"2 minutos"},"schema":{"@context":"https:\/\/schema.org","@graph":[{"@type":"Article","@id":"https:\/\/www.cidademarketing.com.br\/marketing\/2018\/07\/25\/famiglia-valduga-participa-do-rio-wine-and-food-festival\/#article","isPartOf":{"@id":"https:\/\/www.cidademarketing.com.br\/marketing\/2018\/07\/25\/famiglia-valduga-participa-do-rio-wine-and-food-festival\/"},"author":{"name":"Thales Brand\u00e3o","@id":"https:\/\/www.cidademarketing.com.br\/marketing\/#\/schema\/person\/02daff9f18bd9378c9e01eb6b2db155f"},"headline":"Famiglia Valduga participa do Rio Wine and Food Festival","datePublished":"2018-07-25T05:45:16+00:00","mainEntityOfPage":{"@id":"https:\/\/www.cidademarketing.com.br\/marketing\/2018\/07\/25\/famiglia-valduga-participa-do-rio-wine-and-food-festival\/"},"wordCount":310,"commentCount":0,"publisher":{"@id":"https:\/\/www.cidademarketing.com.br\/marketing\/#organization"},"image":{"@id":"https:\/\/www.cidademarketing.com.br\/marketing\/2018\/07\/25\/famiglia-valduga-participa-do-rio-wine-and-food-festival\/#primaryimage"},"thumbnailUrl":"https:\/\/www.cidademarketing.com.br\/marketing\/wp-content\/uploads\/2018\/07\/Famiglia_Valduga.jpg","keywords":["Famiglia Valduga"],"articleSection":["Marcas","Not\u00edcias"],"inLanguage":"pt-BR","potentialAction":[{"@type":"CommentAction","name":"Comment","target":["https:\/\/www.cidademarketing.com.br\/marketing\/2018\/07\/25\/famiglia-valduga-participa-do-rio-wine-and-food-festival\/#respond"]}]},{"@type":"WebPage","@id":"https:\/\/www.cidademarketing.com.br\/marketing\/2018\/07\/25\/famiglia-valduga-participa-do-rio-wine-and-food-festival\/","url":"https:\/\/www.cidademarketing.com.br\/marketing\/2018\/07\/25\/famiglia-valduga-participa-do-rio-wine-and-food-festival\/","name":"Famiglia Valduga participa do Rio Wine and Food Festival - CidadeMarketing","isPartOf":{"@id":"https:\/\/www.cidademarketing.com.br\/marketing\/#website"},"primaryImageOfPage":{"@id":"https:\/\/www.cidademarketing.com.br\/marketing\/2018\/07\/25\/famiglia-valduga-participa-do-rio-wine-and-food-festival\/#primaryimage"},"image":{"@id":"https:\/\/www.cidademarketing.com.br\/marketing\/2018\/07\/25\/famiglia-valduga-participa-do-rio-wine-and-food-festival\/#primaryimage"},"thumbnailUrl":"https:\/\/www.cidademarketing.com.br\/marketing\/wp-content\/uploads\/2018\/07\/Famiglia_Valduga.jpg","datePublished":"2018-07-25T05:45:16+00:00","breadcrumb":{"@id":"https:\/\/www.cidademarketing.com.br\/marketing\/2018\/07\/25\/famiglia-valduga-participa-do-rio-wine-and-food-festival\/#breadcrumb"},"inLanguage":"pt-BR","potentialAction":[{"@type":"ReadAction","target":["https:\/\/www.cidademarketing.com.br\/marketing\/2018\/07\/25\/famiglia-valduga-participa-do-rio-wine-and-food-festival\/"]}]},{"@type":"ImageObject","inLanguage":"pt-BR","@id":"https:\/\/www.cidademarketing.com.br\/marketing\/2018\/07\/25\/famiglia-valduga-participa-do-rio-wine-and-food-festival\/#primaryimage","url":"https:\/\/www.cidademarketing.com.br\/marketing\/wp-content\/uploads\/2018\/07\/Famiglia_Valduga.jpg","contentUrl":"https:\/\/www.cidademarketing.com.br\/marketing\/wp-content\/uploads\/2018\/07\/Famiglia_Valduga.jpg","width":5616,"height":3744,"caption":"Divulga\u00e7\u00e3o"},{"@type":"BreadcrumbList","@id":"https:\/\/www.cidademarketing.com.br\/marketing\/2018\/07\/25\/famiglia-valduga-participa-do-rio-wine-and-food-festival\/#breadcrumb","itemListElement":[{"@type":"ListItem","position":1,"name":"In\u00edcio","item":"https:\/\/www.cidademarketing.com.br\/marketing\/"},{"@type":"ListItem","position":2,"name":"Famiglia Valduga participa do Rio Wine and Food Festival"}]},{"@type":"WebSite","@id":"https:\/\/www.cidademarketing.com.br\/marketing\/#website","url":"https:\/\/www.cidademarketing.com.br\/marketing\/","name":"CidadeMarketing","description":"Somos um ve\u00edculo de comunica\u00e7\u00e3o de destaque no Brasil, reconhecido por conte\u00fados nos segmentos de marketing, empreendedorismo e inova\u00e7\u00e3o.","publisher":{"@id":"https:\/\/www.cidademarketing.com.br\/marketing\/#organization"},"alternateName":"CidadeMarketing","potentialAction":[{"@type":"SearchAction","target":{"@type":"EntryPoint","urlTemplate":"https:\/\/www.cidademarketing.com.br\/marketing\/?s={search_term_string}"},"query-input":{"@type":"PropertyValueSpecification","valueRequired":true,"valueName":"search_term_string"}}],"inLanguage":"pt-BR"},{"@type":"Organization","@id":"https:\/\/www.cidademarketing.com.br\/marketing\/#organization","name":"CidadeMarketing","alternateName":"CidadeMarketing","url":"https:\/\/www.cidademarketing.com.br\/marketing\/","logo":{"@type":"ImageObject","inLanguage":"pt-BR","@id":"https:\/\/www.cidademarketing.com.br\/marketing\/#\/schema\/logo\/image\/","url":"https:\/\/www.cidademarketing.com.br\/marketing\/wp-content\/uploads\/2020\/01\/cidademarketing_marca_mobile.png","contentUrl":"https:\/\/www.cidademarketing.com.br\/marketing\/wp-content\/uploads\/2020\/01\/cidademarketing_marca_mobile.png","width":230,"height":92,"caption":"CidadeMarketing"},"image":{"@id":"https:\/\/www.cidademarketing.com.br\/marketing\/#\/schema\/logo\/image\/"},"sameAs":["https:\/\/www.facebook.com\/portalcidademarketing","https:\/\/x.com\/CidadeMarketing","https:\/\/www.instagram.com\/cidademarketing\/"]},{"@type":"Person","@id":"https:\/\/www.cidademarketing.com.br\/marketing\/#\/schema\/person\/02daff9f18bd9378c9e01eb6b2db155f","name":"Thales Brand\u00e3o","image":{"@type":"ImageObject","inLanguage":"pt-BR","@id":"https:\/\/secure.gravatar.com\/avatar\/7ca3206950207cc3cb48feec56a8a7898741ab725c368d99d5d7a5a50aab80c6?s=96&d=mm&r=g","url":"https:\/\/secure.gravatar.com\/avatar\/7ca3206950207cc3cb48feec56a8a7898741ab725c368d99d5d7a5a50aab80c6?s=96&d=mm&r=g","contentUrl":"https:\/\/secure.gravatar.com\/avatar\/7ca3206950207cc3cb48feec56a8a7898741ab725c368d99d5d7a5a50aab80c6?s=96&d=mm&r=g","caption":"Thales Brand\u00e3o"},"description":"Editor Executivo do Portal CidadeMarketing.com.br &gt; Mestre em Comunica\u00e7\u00e3o e Sociedade pela Universidade Federal de Sergipe. Possui MBA Executivo em Administra\u00e7\u00e3o com \u00eanfase em Marketing pela Funda\u00e7\u00e3o Get\u00falio Vargas - Rio de Janeiro. Consultor, Palestrante e Pesquisador sobre Empreendedorismo, Marketing, Redes Sociais e Neg\u00f3cios Digitais. Professor, Palestrante TedxTalks e Campus Party. Twitter: @ThalesBrandao","sameAs":["http:\/\/www.mandacaru.com.br","https:\/\/www.facebook.com\/thalesbrandao","http:\/\/www.instagram.com.br\/thalesbrandaoferreira","https:\/\/www.linkedin.com\/in\/thales-brand\u00e3o-3948609\/","https:\/\/x.com\/http:\/\/www.twitter.com\/thalesbrandao"],"url":"https:\/\/www.cidademarketing.com.br\/marketing\/author\/thalesbrandao\/"}]}},"amp_enabled":true,"_links":{"self":[{"href":"https:\/\/www.cidademarketing.com.br\/marketing\/wp-json\/wp\/v2\/posts\/1280","targetHints":{"allow":["GET"]}}],"collection":[{"href":"https:\/\/www.cidademarketing.com.br\/marketing\/wp-json\/wp\/v2\/posts"}],"about":[{"href":"https:\/\/www.cidademarketing.com.br\/marketing\/wp-json\/wp\/v2\/types\/post"}],"author":[{"embeddable":true,"href":"https:\/\/www.cidademarketing.com.br\/marketing\/wp-json\/wp\/v2\/users\/1"}],"replies":[{"embeddable":true,"href":"https:\/\/www.cidademarketing.com.br\/marketing\/wp-json\/wp\/v2\/comments?post=1280"}],"version-history":[{"count":1,"href":"https:\/\/www.cidademarketing.com.br\/marketing\/wp-json\/wp\/v2\/posts\/1280\/revisions"}],"predecessor-version":[{"id":1282,"href":"https:\/\/www.cidademarketing.com.br\/marketing\/wp-json\/wp\/v2\/posts\/1280\/revisions\/1282"}],"wp:featuredmedia":[{"embeddable":true,"href":"https:\/\/www.cidademarketing.com.br\/marketing\/wp-json\/wp\/v2\/media\/1281"}],"wp:attachment":[{"href":"https:\/\/www.cidademarketing.com.br\/marketing\/wp-json\/wp\/v2\/media?parent=1280"}],"wp:term":[{"taxonomy":"category","embeddable":true,"href":"https:\/\/www.cidademarketing.com.br\/marketing\/wp-json\/wp\/v2\/categories?post=1280"},{"taxonomy":"post_tag","embeddable":true,"href":"https:\/\/www.cidademarketing.com.br\/marketing\/wp-json\/wp\/v2\/tags?post=1280"}],"curies":[{"name":"wp","href":"https:\/\/api.w.org\/{rel}","templated":true}]}}