{"id":12783,"date":"2019-11-27T06:32:02","date_gmt":"2019-11-27T02:32:02","guid":{"rendered":"https:\/\/www.cidademarketing.com.br\/marketing\/?p=12783"},"modified":"2019-11-27T06:32:04","modified_gmt":"2019-11-27T02:32:04","slug":"com-estrategia-mundial-de-comunicacao-mercedes-benz-apresenta-nova-sprinter-com-programa-de-test-drive-com-clientes","status":"publish","type":"post","link":"https:\/\/www.cidademarketing.com.br\/marketing\/2019\/11\/27\/com-estrategia-mundial-de-comunicacao-mercedes-benz-apresenta-nova-sprinter-com-programa-de-test-drive-com-clientes\/","title":{"rendered":"Com estrat\u00e9gia mundial de comunica\u00e7\u00e3o, Mercedes-Benz apresenta nova Sprinter com  programa de test-drive com clientes"},"content":{"rendered":"\n<p>A Nova Sprinter, linha de ve\u00edculos comerciais leves Mercedes-Benz do segmento de Larges Vans (3,5 a 5 toneladas de PBT \u2013 peso bruto total), lan\u00e7ada no m\u00eas passado no Pa\u00eds, colocou os produtos do portf\u00f3lio no atual padr\u00e3o global da marca. A campanha de comunica\u00e7\u00e3o tamb\u00e9m segue essa tend\u00eancia e traz o conceito mundial \u201cNova Sprinter. 100% pra voc\u00ea\u201d ao mercado brasileiro, destacando tamb\u00e9m a Sprinter como um grande parceiro dos empreendedores.<br>\n\u201cCada vez mais tecnol\u00f3gica, interativa e moderna, a Nova Sprinter \u00e9 a mesma que roda na Europa e nos Estados Unidos\u201d, diz Jefferson Ferrarez, diretor de Vendas e Marketing Vans da Mercedes-Benz do Brasil. \u201cResolvemos ent\u00e3o fazer o mesmo com a campanha publicit\u00e1ria, destacando que cada cliente pode contar com uma Sprinter com recursos exclusivos e inovadores para atender 100% da sua atividade de transporte, seja ela de passageiros ou cargas, presta\u00e7\u00e3o de servi\u00e7os ou neg\u00f3cios pr\u00f3prios\u201d.<br>\nDe acordo com o executivo, a Nova Sprinter chega ao mercado brasileiro com uma solu\u00e7\u00e3o completa, 100% para o cliente. \u201cO primeiro passo foi o lan\u00e7amento de um produto mais interativo, inteligente e inovador\u201d, ressalta Jefferson Ferrarez. \u201cAl\u00e9m disso, oferecemos uma Rede de Concession\u00e1rios especializada no segmento, planos de manuten\u00e7\u00e3o customizados e competitivos e um diversificado portf\u00f3lio de pe\u00e7as e servi\u00e7os para que nossos clientes foquem em seus neg\u00f3cios, enquanto n\u00f3s cuidamos do seu ve\u00edculo visando assegurar a disponibilidade, produtividade e rentabilidade desejada pelos empreendedores\u201d.<\/p>\n\n\n\n<p><br> O executivo destaca que muitas outras iniciativas est\u00e3o sendo desenvolvidas a fim de cumprir o mote dessa campanha, como, por exemplo, solu\u00e7\u00f5es de conectividade, suporte t\u00e9cnico \u00e0s empresas parcerias de transforma\u00e7\u00e3o e planos de financiamentos diferenciados por meio do Banco Mercedes-Benz e do Cons\u00f3rcio Mercedes-Benz. \u201cDessa forma, a Sprinter quer estar ao lado dos empreendedores em todos os momentos, sendo 100% para o cliente, ajudando-o a fazer acontecer. Ou seja, se o cliente \u00e9 100% para o seu neg\u00f3cio, a Sprinter tamb\u00e9m tem que ser\u201d, diz ele.<br> Campanha envolve m\u00eddias especializadas e redes sociais<br> A campanha publicit\u00e1ria da Nova Sprinter come\u00e7ou a ser veiculada este m\u00eas, com cobertura nacional em m\u00eddias especializadas na Internet, redes sociais, Google, revistas, r\u00e1dio, TV aberta e a cabo, al\u00e9m de outras. <br> Todos os comerciais veiculados na TV est\u00e3o sendo amplamente divulgados na Internet nos canais da Mercedes-Benz Vans no Facebook, Youtube, Instagram, Google, Linkedin e diversos sites do segmento. Al\u00e9m disso, a Empresa divulgar\u00e1 quatro v\u00eddeos com foco nos principais atributos e novidades do produto. <br> A campanha inclui tamb\u00e9m links patrocinados no Google para impactar potenciais clientes em seu momento de busca. Uma grande novidade \u00e9 o lan\u00e7amento do Instagram Vans Brasil (<a href=\"https:\/\/www.instagram.com\/mbvansa\" target=\"_blank\" rel=\"noreferrer noopener\" aria-label=\"@mbvansbr (abre numa nova aba)\">@mbvansbr<\/a>), novo canal de relacionamento da marca.<br> Todas as a\u00e7\u00f5es da campanha ir\u00e3o direcionar o usu\u00e1rio interessado para o novo hotsite: <a href=\"https:\/\/vans-mercedesbenz.com.br\/\" target=\"_blank\" rel=\"noreferrer noopener\" aria-label=\"https:\/\/vans-mercedesbenz.com.br\/ (abre numa nova aba)\">https:\/\/vans-mercedesbenz.com.br\/<\/a>. Al\u00e9m de encontrar as informa\u00e7\u00f5es da nova linha Sprinter, ser\u00e1 poss\u00edvel navegar e conhecer os detalhes na visualiza\u00e7\u00e3o 360\u00b0 do produto.<\/p>\n\n\n\n<p>Test-drive para clientes e, de forma in\u00e9dita, para colaboradores<br>\nAs equipes de vendas, pe\u00e7as e servi\u00e7os da Rede de Concession\u00e1rios j\u00e1 est\u00e3o treinadas e preparadas para o melhor atendimento sobre a Nova Sprinter. Al\u00e9m disso, os concession\u00e1rios de todo o Brasil est\u00e3o promovendo lan\u00e7amentos em suas lojas e pra\u00e7as de atua\u00e7\u00e3o durante o m\u00eas de novembro, com test-drive dispon\u00edvel para clientes.<br>\nDe forma in\u00e9dita, a Mercedes-Benz tamb\u00e9m est\u00e1 fazendo uma a\u00e7\u00e3o de endomarketing para disponibilizar a Nova Sprinter a alguns colaboradores, para que eles possam dirigir o novo ve\u00edculo e testar as novidades tecnol\u00f3gicas de interatividade, seguran\u00e7a e conforto. \u201cAssim, os pr\u00f3prios funcion\u00e1rios da Empresa nos ajudam a multiplicar sua experi\u00eancia para pessoas de seu relacionamento e para empreendedores, ampliando assim o alcance da campanha\u201d, diz Jefferson Ferrarez.<\/p>\n\n\n\n<p><br>\nNova Sprinter se consolida no Brasil pelas solu\u00e7\u00f5es de mobilidade<br>\nCom 22 anos no Brasil e mais de 140.000 unidades vendidas, um recorde para o segmento de Large Vans, a Nova Sprinter refor\u00e7a ainda mais o seu alto padr\u00e3o de qualidade, resist\u00eancia, robustez, conforto e seguran\u00e7a.<br>\n\u201cCada vez mais, a Sprinter se consolida no Pa\u00eds pela numerosa oferta de solu\u00e7\u00f5es de mobilidade para pessoas e cargas\u201d, destaca Jefferson Ferrarez. \u201cCom a nova linha, oferecemos mais valor agregado aos clientes em tecnologia, interatividade, seguran\u00e7a, conforto e performance, o que se traduz no melhor custo\/benef\u00edcio de sua categoria\u201d.<br>\nCom os novos modelos 314 CDI Street, 416 CDI e 516 CDI, a Sprinter continua oferecendo a maior linha de ve\u00edculos comerciais leves para atender todos os clientes e demandas do segmento. S\u00e3o 60 modelos \u00e0 disposi\u00e7\u00e3o, entre vans de passageiros (transporte escolar, turismo, VIP, traslados e fretamento), furg\u00f5es e chassis com cabina (para distribui\u00e7\u00e3o urbana e transporte de carga e produtos, al\u00e9m da presta\u00e7\u00e3o de servi\u00e7os).<\/p>\n","protected":false},"excerpt":{"rendered":"<p>A Nova Sprinter, linha de ve\u00edculos comerciais leves Mercedes-Benz do segmento de Larges Vans (3,5 a 5 toneladas de PBT \u2013 peso bruto total), lan\u00e7ada no m\u00eas passado no Pa\u00eds, colocou os produtos do portf\u00f3lio no atual padr\u00e3o global da marca. A campanha de comunica\u00e7\u00e3o tamb\u00e9m segue essa tend\u00eancia e traz o conceito mundial \u201cNova [&hellip;]<\/p>\n","protected":false},"author":1,"featured_media":12784,"comment_status":"open","ping_status":"open","sticky":false,"template":"","format":"standard","meta":{"tdm_status":"","tdm_grid_status":"","footnotes":""},"categories":[6],"tags":[33,28,565],"class_list":["post-12783","post","type-post","status-publish","format-standard","has-post-thumbnail","hentry","category-noticias","tag-estrategia","tag-marketing","tag-mercedes-benz"],"yoast_head":"<!-- This site is optimized with the Yoast SEO plugin v27.5 - https:\/\/yoast.com\/product\/yoast-seo-wordpress\/ -->\n<title>Com estrat\u00e9gia mundial de comunica\u00e7\u00e3o, Mercedes-Benz apresenta nova Sprinter com programa de test-drive com clientes - CidadeMarketing<\/title>\n<meta name=\"robots\" content=\"index, follow, max-snippet:-1, max-image-preview:large, max-video-preview:-1\" \/>\n<link rel=\"canonical\" href=\"https:\/\/www.cidademarketing.com.br\/marketing\/2019\/11\/27\/com-estrategia-mundial-de-comunicacao-mercedes-benz-apresenta-nova-sprinter-com-programa-de-test-drive-com-clientes\/\" \/>\n<meta property=\"og:locale\" content=\"pt_BR\" \/>\n<meta property=\"og:type\" content=\"article\" \/>\n<meta property=\"og:title\" content=\"Com estrat\u00e9gia mundial de comunica\u00e7\u00e3o, Mercedes-Benz apresenta nova Sprinter com programa de test-drive com clientes - CidadeMarketing\" \/>\n<meta property=\"og:description\" content=\"A Nova Sprinter, linha de ve\u00edculos comerciais leves Mercedes-Benz do segmento de Larges Vans (3,5 a 5 toneladas de PBT \u2013 peso bruto total), lan\u00e7ada no m\u00eas passado no Pa\u00eds, colocou os produtos do portf\u00f3lio no atual padr\u00e3o global da marca. A campanha de comunica\u00e7\u00e3o tamb\u00e9m segue essa tend\u00eancia e traz o conceito mundial \u201cNova [&hellip;]\" \/>\n<meta property=\"og:url\" content=\"https:\/\/www.cidademarketing.com.br\/marketing\/2019\/11\/27\/com-estrategia-mundial-de-comunicacao-mercedes-benz-apresenta-nova-sprinter-com-programa-de-test-drive-com-clientes\/\" \/>\n<meta property=\"og:site_name\" content=\"CidadeMarketing\" \/>\n<meta property=\"article:publisher\" content=\"https:\/\/www.facebook.com\/portalcidademarketing\" \/>\n<meta property=\"article:author\" content=\"https:\/\/www.facebook.com\/thalesbrandao\" \/>\n<meta property=\"article:published_time\" content=\"2019-11-27T02:32:02+00:00\" \/>\n<meta property=\"article:modified_time\" content=\"2019-11-27T02:32:04+00:00\" \/>\n<meta property=\"og:image\" content=\"https:\/\/www.cidademarketing.com.br\/marketing\/wp-content\/uploads\/2019\/11\/sprinter-scaled.jpg\" \/>\n\t<meta property=\"og:image:width\" content=\"2560\" \/>\n\t<meta property=\"og:image:height\" content=\"1707\" \/>\n\t<meta property=\"og:image:type\" content=\"image\/jpeg\" \/>\n<meta name=\"author\" content=\"Thales Brand\u00e3o\" \/>\n<meta name=\"twitter:card\" content=\"summary_large_image\" \/>\n<meta name=\"twitter:creator\" content=\"@http:\/\/www.twitter.com\/thalesbrandao\" \/>\n<meta name=\"twitter:site\" content=\"@CidadeMarketing\" \/>\n<meta name=\"twitter:label1\" content=\"Escrito por\" \/>\n\t<meta name=\"twitter:data1\" content=\"Thales Brand\u00e3o\" \/>\n\t<meta name=\"twitter:label2\" content=\"Est. tempo de leitura\" \/>\n\t<meta name=\"twitter:data2\" content=\"4 minutos\" \/>\n<script type=\"application\/ld+json\" class=\"yoast-schema-graph\">{\"@context\":\"https:\\\/\\\/schema.org\",\"@graph\":[{\"@type\":\"Article\",\"@id\":\"https:\\\/\\\/www.cidademarketing.com.br\\\/marketing\\\/2019\\\/11\\\/27\\\/com-estrategia-mundial-de-comunicacao-mercedes-benz-apresenta-nova-sprinter-com-programa-de-test-drive-com-clientes\\\/#article\",\"isPartOf\":{\"@id\":\"https:\\\/\\\/www.cidademarketing.com.br\\\/marketing\\\/2019\\\/11\\\/27\\\/com-estrategia-mundial-de-comunicacao-mercedes-benz-apresenta-nova-sprinter-com-programa-de-test-drive-com-clientes\\\/\"},\"author\":{\"name\":\"Thales Brand\u00e3o\",\"@id\":\"https:\\\/\\\/www.cidademarketing.com.br\\\/marketing\\\/#\\\/schema\\\/person\\\/02daff9f18bd9378c9e01eb6b2db155f\"},\"headline\":\"Com estrat\u00e9gia mundial de comunica\u00e7\u00e3o, Mercedes-Benz apresenta nova Sprinter com programa de test-drive com clientes\",\"datePublished\":\"2019-11-27T02:32:02+00:00\",\"dateModified\":\"2019-11-27T02:32:04+00:00\",\"mainEntityOfPage\":{\"@id\":\"https:\\\/\\\/www.cidademarketing.com.br\\\/marketing\\\/2019\\\/11\\\/27\\\/com-estrategia-mundial-de-comunicacao-mercedes-benz-apresenta-nova-sprinter-com-programa-de-test-drive-com-clientes\\\/\"},\"wordCount\":861,\"commentCount\":0,\"publisher\":{\"@id\":\"https:\\\/\\\/www.cidademarketing.com.br\\\/marketing\\\/#organization\"},\"image\":{\"@id\":\"https:\\\/\\\/www.cidademarketing.com.br\\\/marketing\\\/2019\\\/11\\\/27\\\/com-estrategia-mundial-de-comunicacao-mercedes-benz-apresenta-nova-sprinter-com-programa-de-test-drive-com-clientes\\\/#primaryimage\"},\"thumbnailUrl\":\"https:\\\/\\\/www.cidademarketing.com.br\\\/marketing\\\/wp-content\\\/uploads\\\/2019\\\/11\\\/sprinter-scaled.jpg\",\"keywords\":[\"estrat\u00e9gia\",\"marketing\",\"Mercedes-Benz\"],\"articleSection\":[\"Not\u00edcias\"],\"inLanguage\":\"pt-BR\",\"potentialAction\":[{\"@type\":\"CommentAction\",\"name\":\"Comment\",\"target\":[\"https:\\\/\\\/www.cidademarketing.com.br\\\/marketing\\\/2019\\\/11\\\/27\\\/com-estrategia-mundial-de-comunicacao-mercedes-benz-apresenta-nova-sprinter-com-programa-de-test-drive-com-clientes\\\/#respond\"]}]},{\"@type\":\"WebPage\",\"@id\":\"https:\\\/\\\/www.cidademarketing.com.br\\\/marketing\\\/2019\\\/11\\\/27\\\/com-estrategia-mundial-de-comunicacao-mercedes-benz-apresenta-nova-sprinter-com-programa-de-test-drive-com-clientes\\\/\",\"url\":\"https:\\\/\\\/www.cidademarketing.com.br\\\/marketing\\\/2019\\\/11\\\/27\\\/com-estrategia-mundial-de-comunicacao-mercedes-benz-apresenta-nova-sprinter-com-programa-de-test-drive-com-clientes\\\/\",\"name\":\"Com estrat\u00e9gia mundial de comunica\u00e7\u00e3o, Mercedes-Benz apresenta nova Sprinter com programa de test-drive com clientes - CidadeMarketing\",\"isPartOf\":{\"@id\":\"https:\\\/\\\/www.cidademarketing.com.br\\\/marketing\\\/#website\"},\"primaryImageOfPage\":{\"@id\":\"https:\\\/\\\/www.cidademarketing.com.br\\\/marketing\\\/2019\\\/11\\\/27\\\/com-estrategia-mundial-de-comunicacao-mercedes-benz-apresenta-nova-sprinter-com-programa-de-test-drive-com-clientes\\\/#primaryimage\"},\"image\":{\"@id\":\"https:\\\/\\\/www.cidademarketing.com.br\\\/marketing\\\/2019\\\/11\\\/27\\\/com-estrategia-mundial-de-comunicacao-mercedes-benz-apresenta-nova-sprinter-com-programa-de-test-drive-com-clientes\\\/#primaryimage\"},\"thumbnailUrl\":\"https:\\\/\\\/www.cidademarketing.com.br\\\/marketing\\\/wp-content\\\/uploads\\\/2019\\\/11\\\/sprinter-scaled.jpg\",\"datePublished\":\"2019-11-27T02:32:02+00:00\",\"dateModified\":\"2019-11-27T02:32:04+00:00\",\"breadcrumb\":{\"@id\":\"https:\\\/\\\/www.cidademarketing.com.br\\\/marketing\\\/2019\\\/11\\\/27\\\/com-estrategia-mundial-de-comunicacao-mercedes-benz-apresenta-nova-sprinter-com-programa-de-test-drive-com-clientes\\\/#breadcrumb\"},\"inLanguage\":\"pt-BR\",\"potentialAction\":[{\"@type\":\"ReadAction\",\"target\":[\"https:\\\/\\\/www.cidademarketing.com.br\\\/marketing\\\/2019\\\/11\\\/27\\\/com-estrategia-mundial-de-comunicacao-mercedes-benz-apresenta-nova-sprinter-com-programa-de-test-drive-com-clientes\\\/\"]}]},{\"@type\":\"ImageObject\",\"inLanguage\":\"pt-BR\",\"@id\":\"https:\\\/\\\/www.cidademarketing.com.br\\\/marketing\\\/2019\\\/11\\\/27\\\/com-estrategia-mundial-de-comunicacao-mercedes-benz-apresenta-nova-sprinter-com-programa-de-test-drive-com-clientes\\\/#primaryimage\",\"url\":\"https:\\\/\\\/www.cidademarketing.com.br\\\/marketing\\\/wp-content\\\/uploads\\\/2019\\\/11\\\/sprinter-scaled.jpg\",\"contentUrl\":\"https:\\\/\\\/www.cidademarketing.com.br\\\/marketing\\\/wp-content\\\/uploads\\\/2019\\\/11\\\/sprinter-scaled.jpg\",\"width\":2560,\"height\":1707,\"caption\":\"Divulga\u00e7\u00e3o\"},{\"@type\":\"BreadcrumbList\",\"@id\":\"https:\\\/\\\/www.cidademarketing.com.br\\\/marketing\\\/2019\\\/11\\\/27\\\/com-estrategia-mundial-de-comunicacao-mercedes-benz-apresenta-nova-sprinter-com-programa-de-test-drive-com-clientes\\\/#breadcrumb\",\"itemListElement\":[{\"@type\":\"ListItem\",\"position\":1,\"name\":\"In\u00edcio\",\"item\":\"https:\\\/\\\/www.cidademarketing.com.br\\\/marketing\\\/\"},{\"@type\":\"ListItem\",\"position\":2,\"name\":\"Com estrat\u00e9gia mundial de comunica\u00e7\u00e3o, Mercedes-Benz apresenta nova Sprinter com programa de test-drive com clientes\"}]},{\"@type\":\"WebSite\",\"@id\":\"https:\\\/\\\/www.cidademarketing.com.br\\\/marketing\\\/#website\",\"url\":\"https:\\\/\\\/www.cidademarketing.com.br\\\/marketing\\\/\",\"name\":\"CidadeMarketing\",\"description\":\"Somos um ve\u00edculo de comunica\u00e7\u00e3o de destaque no Brasil, reconhecido por conte\u00fados nos segmentos de marketing, empreendedorismo e inova\u00e7\u00e3o.\",\"publisher\":{\"@id\":\"https:\\\/\\\/www.cidademarketing.com.br\\\/marketing\\\/#organization\"},\"alternateName\":\"CidadeMarketing\",\"potentialAction\":[{\"@type\":\"SearchAction\",\"target\":{\"@type\":\"EntryPoint\",\"urlTemplate\":\"https:\\\/\\\/www.cidademarketing.com.br\\\/marketing\\\/?s={search_term_string}\"},\"query-input\":{\"@type\":\"PropertyValueSpecification\",\"valueRequired\":true,\"valueName\":\"search_term_string\"}}],\"inLanguage\":\"pt-BR\"},{\"@type\":\"Organization\",\"@id\":\"https:\\\/\\\/www.cidademarketing.com.br\\\/marketing\\\/#organization\",\"name\":\"CidadeMarketing\",\"alternateName\":\"CidadeMarketing\",\"url\":\"https:\\\/\\\/www.cidademarketing.com.br\\\/marketing\\\/\",\"logo\":{\"@type\":\"ImageObject\",\"inLanguage\":\"pt-BR\",\"@id\":\"https:\\\/\\\/www.cidademarketing.com.br\\\/marketing\\\/#\\\/schema\\\/logo\\\/image\\\/\",\"url\":\"https:\\\/\\\/www.cidademarketing.com.br\\\/marketing\\\/wp-content\\\/uploads\\\/2020\\\/01\\\/cidademarketing_marca_mobile.png\",\"contentUrl\":\"https:\\\/\\\/www.cidademarketing.com.br\\\/marketing\\\/wp-content\\\/uploads\\\/2020\\\/01\\\/cidademarketing_marca_mobile.png\",\"width\":230,\"height\":92,\"caption\":\"CidadeMarketing\"},\"image\":{\"@id\":\"https:\\\/\\\/www.cidademarketing.com.br\\\/marketing\\\/#\\\/schema\\\/logo\\\/image\\\/\"},\"sameAs\":[\"https:\\\/\\\/www.facebook.com\\\/portalcidademarketing\",\"https:\\\/\\\/x.com\\\/CidadeMarketing\",\"https:\\\/\\\/www.instagram.com\\\/cidademarketing\\\/\"]},{\"@type\":\"Person\",\"@id\":\"https:\\\/\\\/www.cidademarketing.com.br\\\/marketing\\\/#\\\/schema\\\/person\\\/02daff9f18bd9378c9e01eb6b2db155f\",\"name\":\"Thales Brand\u00e3o\",\"image\":{\"@type\":\"ImageObject\",\"inLanguage\":\"pt-BR\",\"@id\":\"https:\\\/\\\/secure.gravatar.com\\\/avatar\\\/7ca3206950207cc3cb48feec56a8a7898741ab725c368d99d5d7a5a50aab80c6?s=96&d=mm&r=g\",\"url\":\"https:\\\/\\\/secure.gravatar.com\\\/avatar\\\/7ca3206950207cc3cb48feec56a8a7898741ab725c368d99d5d7a5a50aab80c6?s=96&d=mm&r=g\",\"contentUrl\":\"https:\\\/\\\/secure.gravatar.com\\\/avatar\\\/7ca3206950207cc3cb48feec56a8a7898741ab725c368d99d5d7a5a50aab80c6?s=96&d=mm&r=g\",\"caption\":\"Thales Brand\u00e3o\"},\"description\":\"Editor Executivo do Portal CidadeMarketing.com.br &gt; Mestre em Comunica\u00e7\u00e3o e Sociedade pela Universidade Federal de Sergipe. Possui MBA Executivo em Administra\u00e7\u00e3o com \u00eanfase em Marketing pela Funda\u00e7\u00e3o Get\u00falio Vargas - Rio de Janeiro. Consultor, Palestrante e Pesquisador sobre Empreendedorismo, Marketing, Redes Sociais e Neg\u00f3cios Digitais. Professor, Palestrante TedxTalks e Campus Party. Twitter: @ThalesBrandao\",\"sameAs\":[\"http:\\\/\\\/www.mandacaru.com.br\",\"https:\\\/\\\/www.facebook.com\\\/thalesbrandao\",\"http:\\\/\\\/www.instagram.com.br\\\/thalesbrandaoferreira\",\"https:\\\/\\\/www.linkedin.com\\\/in\\\/thales-brand\u00e3o-3948609\\\/\",\"https:\\\/\\\/x.com\\\/http:\\\/\\\/www.twitter.com\\\/thalesbrandao\"],\"url\":\"https:\\\/\\\/www.cidademarketing.com.br\\\/marketing\\\/author\\\/thalesbrandao\\\/\"}]}<\/script>\n<!-- \/ Yoast SEO plugin. -->","yoast_head_json":{"title":"Com estrat\u00e9gia mundial de comunica\u00e7\u00e3o, Mercedes-Benz apresenta nova Sprinter com programa de test-drive com clientes - CidadeMarketing","robots":{"index":"index","follow":"follow","max-snippet":"max-snippet:-1","max-image-preview":"max-image-preview:large","max-video-preview":"max-video-preview:-1"},"canonical":"https:\/\/www.cidademarketing.com.br\/marketing\/2019\/11\/27\/com-estrategia-mundial-de-comunicacao-mercedes-benz-apresenta-nova-sprinter-com-programa-de-test-drive-com-clientes\/","og_locale":"pt_BR","og_type":"article","og_title":"Com estrat\u00e9gia mundial de comunica\u00e7\u00e3o, Mercedes-Benz apresenta nova Sprinter com programa de test-drive com clientes - CidadeMarketing","og_description":"A Nova Sprinter, linha de ve\u00edculos comerciais leves Mercedes-Benz do segmento de Larges Vans (3,5 a 5 toneladas de PBT \u2013 peso bruto total), lan\u00e7ada no m\u00eas passado no Pa\u00eds, colocou os produtos do portf\u00f3lio no atual padr\u00e3o global da marca. A campanha de comunica\u00e7\u00e3o tamb\u00e9m segue essa tend\u00eancia e traz o conceito mundial \u201cNova [&hellip;]","og_url":"https:\/\/www.cidademarketing.com.br\/marketing\/2019\/11\/27\/com-estrategia-mundial-de-comunicacao-mercedes-benz-apresenta-nova-sprinter-com-programa-de-test-drive-com-clientes\/","og_site_name":"CidadeMarketing","article_publisher":"https:\/\/www.facebook.com\/portalcidademarketing","article_author":"https:\/\/www.facebook.com\/thalesbrandao","article_published_time":"2019-11-27T02:32:02+00:00","article_modified_time":"2019-11-27T02:32:04+00:00","og_image":[{"width":2560,"height":1707,"url":"https:\/\/www.cidademarketing.com.br\/marketing\/wp-content\/uploads\/2019\/11\/sprinter-scaled.jpg","type":"image\/jpeg"}],"author":"Thales Brand\u00e3o","twitter_card":"summary_large_image","twitter_creator":"@http:\/\/www.twitter.com\/thalesbrandao","twitter_site":"@CidadeMarketing","twitter_misc":{"Escrito por":"Thales Brand\u00e3o","Est. tempo de leitura":"4 minutos"},"schema":{"@context":"https:\/\/schema.org","@graph":[{"@type":"Article","@id":"https:\/\/www.cidademarketing.com.br\/marketing\/2019\/11\/27\/com-estrategia-mundial-de-comunicacao-mercedes-benz-apresenta-nova-sprinter-com-programa-de-test-drive-com-clientes\/#article","isPartOf":{"@id":"https:\/\/www.cidademarketing.com.br\/marketing\/2019\/11\/27\/com-estrategia-mundial-de-comunicacao-mercedes-benz-apresenta-nova-sprinter-com-programa-de-test-drive-com-clientes\/"},"author":{"name":"Thales Brand\u00e3o","@id":"https:\/\/www.cidademarketing.com.br\/marketing\/#\/schema\/person\/02daff9f18bd9378c9e01eb6b2db155f"},"headline":"Com estrat\u00e9gia mundial de comunica\u00e7\u00e3o, Mercedes-Benz apresenta nova Sprinter com programa de test-drive com clientes","datePublished":"2019-11-27T02:32:02+00:00","dateModified":"2019-11-27T02:32:04+00:00","mainEntityOfPage":{"@id":"https:\/\/www.cidademarketing.com.br\/marketing\/2019\/11\/27\/com-estrategia-mundial-de-comunicacao-mercedes-benz-apresenta-nova-sprinter-com-programa-de-test-drive-com-clientes\/"},"wordCount":861,"commentCount":0,"publisher":{"@id":"https:\/\/www.cidademarketing.com.br\/marketing\/#organization"},"image":{"@id":"https:\/\/www.cidademarketing.com.br\/marketing\/2019\/11\/27\/com-estrategia-mundial-de-comunicacao-mercedes-benz-apresenta-nova-sprinter-com-programa-de-test-drive-com-clientes\/#primaryimage"},"thumbnailUrl":"https:\/\/www.cidademarketing.com.br\/marketing\/wp-content\/uploads\/2019\/11\/sprinter-scaled.jpg","keywords":["estrat\u00e9gia","marketing","Mercedes-Benz"],"articleSection":["Not\u00edcias"],"inLanguage":"pt-BR","potentialAction":[{"@type":"CommentAction","name":"Comment","target":["https:\/\/www.cidademarketing.com.br\/marketing\/2019\/11\/27\/com-estrategia-mundial-de-comunicacao-mercedes-benz-apresenta-nova-sprinter-com-programa-de-test-drive-com-clientes\/#respond"]}]},{"@type":"WebPage","@id":"https:\/\/www.cidademarketing.com.br\/marketing\/2019\/11\/27\/com-estrategia-mundial-de-comunicacao-mercedes-benz-apresenta-nova-sprinter-com-programa-de-test-drive-com-clientes\/","url":"https:\/\/www.cidademarketing.com.br\/marketing\/2019\/11\/27\/com-estrategia-mundial-de-comunicacao-mercedes-benz-apresenta-nova-sprinter-com-programa-de-test-drive-com-clientes\/","name":"Com estrat\u00e9gia mundial de comunica\u00e7\u00e3o, Mercedes-Benz apresenta nova Sprinter com programa de test-drive com clientes - CidadeMarketing","isPartOf":{"@id":"https:\/\/www.cidademarketing.com.br\/marketing\/#website"},"primaryImageOfPage":{"@id":"https:\/\/www.cidademarketing.com.br\/marketing\/2019\/11\/27\/com-estrategia-mundial-de-comunicacao-mercedes-benz-apresenta-nova-sprinter-com-programa-de-test-drive-com-clientes\/#primaryimage"},"image":{"@id":"https:\/\/www.cidademarketing.com.br\/marketing\/2019\/11\/27\/com-estrategia-mundial-de-comunicacao-mercedes-benz-apresenta-nova-sprinter-com-programa-de-test-drive-com-clientes\/#primaryimage"},"thumbnailUrl":"https:\/\/www.cidademarketing.com.br\/marketing\/wp-content\/uploads\/2019\/11\/sprinter-scaled.jpg","datePublished":"2019-11-27T02:32:02+00:00","dateModified":"2019-11-27T02:32:04+00:00","breadcrumb":{"@id":"https:\/\/www.cidademarketing.com.br\/marketing\/2019\/11\/27\/com-estrategia-mundial-de-comunicacao-mercedes-benz-apresenta-nova-sprinter-com-programa-de-test-drive-com-clientes\/#breadcrumb"},"inLanguage":"pt-BR","potentialAction":[{"@type":"ReadAction","target":["https:\/\/www.cidademarketing.com.br\/marketing\/2019\/11\/27\/com-estrategia-mundial-de-comunicacao-mercedes-benz-apresenta-nova-sprinter-com-programa-de-test-drive-com-clientes\/"]}]},{"@type":"ImageObject","inLanguage":"pt-BR","@id":"https:\/\/www.cidademarketing.com.br\/marketing\/2019\/11\/27\/com-estrategia-mundial-de-comunicacao-mercedes-benz-apresenta-nova-sprinter-com-programa-de-test-drive-com-clientes\/#primaryimage","url":"https:\/\/www.cidademarketing.com.br\/marketing\/wp-content\/uploads\/2019\/11\/sprinter-scaled.jpg","contentUrl":"https:\/\/www.cidademarketing.com.br\/marketing\/wp-content\/uploads\/2019\/11\/sprinter-scaled.jpg","width":2560,"height":1707,"caption":"Divulga\u00e7\u00e3o"},{"@type":"BreadcrumbList","@id":"https:\/\/www.cidademarketing.com.br\/marketing\/2019\/11\/27\/com-estrategia-mundial-de-comunicacao-mercedes-benz-apresenta-nova-sprinter-com-programa-de-test-drive-com-clientes\/#breadcrumb","itemListElement":[{"@type":"ListItem","position":1,"name":"In\u00edcio","item":"https:\/\/www.cidademarketing.com.br\/marketing\/"},{"@type":"ListItem","position":2,"name":"Com estrat\u00e9gia mundial de comunica\u00e7\u00e3o, Mercedes-Benz apresenta nova Sprinter com programa de test-drive com clientes"}]},{"@type":"WebSite","@id":"https:\/\/www.cidademarketing.com.br\/marketing\/#website","url":"https:\/\/www.cidademarketing.com.br\/marketing\/","name":"CidadeMarketing","description":"Somos um ve\u00edculo de comunica\u00e7\u00e3o de destaque no Brasil, reconhecido por conte\u00fados nos segmentos de marketing, empreendedorismo e inova\u00e7\u00e3o.","publisher":{"@id":"https:\/\/www.cidademarketing.com.br\/marketing\/#organization"},"alternateName":"CidadeMarketing","potentialAction":[{"@type":"SearchAction","target":{"@type":"EntryPoint","urlTemplate":"https:\/\/www.cidademarketing.com.br\/marketing\/?s={search_term_string}"},"query-input":{"@type":"PropertyValueSpecification","valueRequired":true,"valueName":"search_term_string"}}],"inLanguage":"pt-BR"},{"@type":"Organization","@id":"https:\/\/www.cidademarketing.com.br\/marketing\/#organization","name":"CidadeMarketing","alternateName":"CidadeMarketing","url":"https:\/\/www.cidademarketing.com.br\/marketing\/","logo":{"@type":"ImageObject","inLanguage":"pt-BR","@id":"https:\/\/www.cidademarketing.com.br\/marketing\/#\/schema\/logo\/image\/","url":"https:\/\/www.cidademarketing.com.br\/marketing\/wp-content\/uploads\/2020\/01\/cidademarketing_marca_mobile.png","contentUrl":"https:\/\/www.cidademarketing.com.br\/marketing\/wp-content\/uploads\/2020\/01\/cidademarketing_marca_mobile.png","width":230,"height":92,"caption":"CidadeMarketing"},"image":{"@id":"https:\/\/www.cidademarketing.com.br\/marketing\/#\/schema\/logo\/image\/"},"sameAs":["https:\/\/www.facebook.com\/portalcidademarketing","https:\/\/x.com\/CidadeMarketing","https:\/\/www.instagram.com\/cidademarketing\/"]},{"@type":"Person","@id":"https:\/\/www.cidademarketing.com.br\/marketing\/#\/schema\/person\/02daff9f18bd9378c9e01eb6b2db155f","name":"Thales Brand\u00e3o","image":{"@type":"ImageObject","inLanguage":"pt-BR","@id":"https:\/\/secure.gravatar.com\/avatar\/7ca3206950207cc3cb48feec56a8a7898741ab725c368d99d5d7a5a50aab80c6?s=96&d=mm&r=g","url":"https:\/\/secure.gravatar.com\/avatar\/7ca3206950207cc3cb48feec56a8a7898741ab725c368d99d5d7a5a50aab80c6?s=96&d=mm&r=g","contentUrl":"https:\/\/secure.gravatar.com\/avatar\/7ca3206950207cc3cb48feec56a8a7898741ab725c368d99d5d7a5a50aab80c6?s=96&d=mm&r=g","caption":"Thales Brand\u00e3o"},"description":"Editor Executivo do Portal CidadeMarketing.com.br &gt; Mestre em Comunica\u00e7\u00e3o e Sociedade pela Universidade Federal de Sergipe. Possui MBA Executivo em Administra\u00e7\u00e3o com \u00eanfase em Marketing pela Funda\u00e7\u00e3o Get\u00falio Vargas - Rio de Janeiro. Consultor, Palestrante e Pesquisador sobre Empreendedorismo, Marketing, Redes Sociais e Neg\u00f3cios Digitais. Professor, Palestrante TedxTalks e Campus Party. Twitter: @ThalesBrandao","sameAs":["http:\/\/www.mandacaru.com.br","https:\/\/www.facebook.com\/thalesbrandao","http:\/\/www.instagram.com.br\/thalesbrandaoferreira","https:\/\/www.linkedin.com\/in\/thales-brand\u00e3o-3948609\/","https:\/\/x.com\/http:\/\/www.twitter.com\/thalesbrandao"],"url":"https:\/\/www.cidademarketing.com.br\/marketing\/author\/thalesbrandao\/"}]}},"amp_enabled":true,"_links":{"self":[{"href":"https:\/\/www.cidademarketing.com.br\/marketing\/wp-json\/wp\/v2\/posts\/12783","targetHints":{"allow":["GET"]}}],"collection":[{"href":"https:\/\/www.cidademarketing.com.br\/marketing\/wp-json\/wp\/v2\/posts"}],"about":[{"href":"https:\/\/www.cidademarketing.com.br\/marketing\/wp-json\/wp\/v2\/types\/post"}],"author":[{"embeddable":true,"href":"https:\/\/www.cidademarketing.com.br\/marketing\/wp-json\/wp\/v2\/users\/1"}],"replies":[{"embeddable":true,"href":"https:\/\/www.cidademarketing.com.br\/marketing\/wp-json\/wp\/v2\/comments?post=12783"}],"version-history":[{"count":1,"href":"https:\/\/www.cidademarketing.com.br\/marketing\/wp-json\/wp\/v2\/posts\/12783\/revisions"}],"predecessor-version":[{"id":12785,"href":"https:\/\/www.cidademarketing.com.br\/marketing\/wp-json\/wp\/v2\/posts\/12783\/revisions\/12785"}],"wp:featuredmedia":[{"embeddable":true,"href":"https:\/\/www.cidademarketing.com.br\/marketing\/wp-json\/wp\/v2\/media\/12784"}],"wp:attachment":[{"href":"https:\/\/www.cidademarketing.com.br\/marketing\/wp-json\/wp\/v2\/media?parent=12783"}],"wp:term":[{"taxonomy":"category","embeddable":true,"href":"https:\/\/www.cidademarketing.com.br\/marketing\/wp-json\/wp\/v2\/categories?post=12783"},{"taxonomy":"post_tag","embeddable":true,"href":"https:\/\/www.cidademarketing.com.br\/marketing\/wp-json\/wp\/v2\/tags?post=12783"}],"curies":[{"name":"wp","href":"https:\/\/api.w.org\/{rel}","templated":true}]}}