{"id":12755,"date":"2019-11-26T17:46:23","date_gmt":"2019-11-26T13:46:23","guid":{"rendered":"https:\/\/www.cidademarketing.com.br\/marketing\/?p=12755"},"modified":"2019-11-26T17:47:15","modified_gmt":"2019-11-26T13:47:15","slug":"livelo-anuncia-campanha-black-friday-com-novas-promocoes-de-acumulo-turbinado","status":"publish","type":"post","link":"https:\/\/www.cidademarketing.com.br\/marketing\/2019\/11\/26\/livelo-anuncia-campanha-black-friday-com-novas-promocoes-de-acumulo-turbinado\/","title":{"rendered":"Livelo anuncia campanha Black Friday com novas promo\u00e7\u00f5es de ac\u00famulo turbinado"},"content":{"rendered":"\n<p>A Livelo anuncia nesta segunda-feira novas promo\u00e7\u00f5es de ac\u00famulo turbinado para os seus clientes. Durante todo o m\u00eas de novembro, uma das maiores empresas de recompensas do Pa\u00eds promove v\u00e1rias a\u00e7\u00f5es diferenciadas por conta da Black Friday, uma das datas mais importantes no Brasil. Al\u00e9m disso, a empresa faz uma a\u00e7\u00e3o especial de doa\u00e7\u00e3o de pontos para a APAE S\u00e3o Paulo. Confira abaixo as novidades e os detalhes:<\/p>\n\n\n\n<p><br>AC\u00daMULO TURBINADO FLAPPER: At\u00e9 a pr\u00f3xima sexta-feira (29\/11), a Livelo e a Flapper oferecem at\u00e9 6 pontos por real gasto em reservas de voos compartilhados. O ac\u00famulo m\u00e1ximo vale para assinantes do Clube Livelo e demais clientes acumulam 5 pontos a cada real.<br>Para acumular pontos Livelo, os clientes precisam acessar o site <a rel=\"noreferrer noopener\" aria-label=\"https:\/\/www.pontoslivelo.com.br\/compreepontue\/flyflapper (abre numa nova aba)\" href=\"https:\/\/www.pontoslivelo.com.br\/compreepontue\/flyflapper\" target=\"_blank\">https:\/\/www.pontoslivelo.com.br\/compreepontue\/flyflapper<\/a> e seguir para a p\u00e1gina do parceiro, onde o cliente deve clicar no link para ser redirecionado ao app da Flapper e prosseguir com a reserva.<br><\/p>\n\n\n\n<p>UNIDAS: At\u00e9 a pr\u00f3xima quinta-feira (28\/11), clientes Livelo v\u00e3o acumular at\u00e9 7 pontos por real gasto em reservas de carros na Unidas. Assinantes do Clube acumulam 7 pontos enquanto os demais clientes chegam a 6 pontos por real.<br>Para garantir o ac\u00famulo de pontos, o cliente deve acessar a p\u00e1gina da Unidas dispon\u00edvel no Compre e Pontue, no site da Livelo. Basta acessar o www.livelo.com.br, ir at\u00e9 \u201cJuntar pontos\u201d e \u201cSites parceiros\u201d e buscar pela Unidas.<br><\/p>\n\n\n\n<p>DOA\u00c7\u00c3O DE PONTOS APAE S\u00c3O PAULO: A cada ponto destinado a uma das a\u00e7\u00f5es promovidas na APAE &#8211; Organiza\u00e7\u00e3o da Sociedade Civil, sem fins lucrativos, que previne e promove a sa\u00fade das pessoas com defici\u00eancia intelectual \u2013 a Livelo doa mais um ponto para a institui\u00e7\u00e3o. Ou seja: garantia em dobro de servi\u00e7os para os que mais precisam.<br> Os pontos valem diferentes a\u00e7\u00f5es para desenvolvimento na APAE, como terapias no servi\u00e7o de estimula\u00e7\u00e3o, um m\u00eas de atividades de socioeduca\u00e7\u00e3o para um jovem com defici\u00eancia intelectual, entre outros. <br> Para conferir todas as op\u00e7\u00f5es, basta acessar <a href=\"https:\/\/www.pontoslivelo.com.br\/categoria\/doacoes\/apae-de-sao-paulo\" target=\"_blank\" rel=\"noreferrer noopener\" aria-label=\"https:\/\/www.pontoslivelo.com.br\/categoria\/doacoes\/apae-de-sao-paulo (abre numa nova aba)\">https:\/\/www.pontoslivelo.com.br\/categoria\/doacoes\/apae-de-sao-paulo<\/a> e clicar no servi\u00e7o escolhido.<\/p>\n","protected":false},"excerpt":{"rendered":"<p>A Livelo anuncia nesta segunda-feira novas promo\u00e7\u00f5es de ac\u00famulo turbinado para os seus clientes. Durante todo o m\u00eas de novembro, uma das maiores empresas de recompensas do Pa\u00eds promove v\u00e1rias a\u00e7\u00f5es diferenciadas por conta da Black Friday, uma das datas mais importantes no Brasil. Al\u00e9m disso, a empresa faz uma a\u00e7\u00e3o especial de doa\u00e7\u00e3o de [&hellip;]<\/p>\n","protected":false},"author":1,"featured_media":12756,"comment_status":"open","ping_status":"open","sticky":false,"template":"","format":"standard","meta":{"tdm_status":"","tdm_grid_status":"","footnotes":""},"categories":[6],"tags":[33,452,2603,28],"class_list":["post-12755","post","type-post","status-publish","format-standard","has-post-thumbnail","hentry","category-noticias","tag-estrategia","tag-fidelizacao","tag-livelo","tag-marketing"],"yoast_head":"<!-- This site is optimized with the Yoast SEO plugin v27.4 - https:\/\/yoast.com\/product\/yoast-seo-wordpress\/ -->\n<title>Livelo anuncia campanha Black Friday com novas promo\u00e7\u00f5es de ac\u00famulo turbinado - CidadeMarketing<\/title>\n<meta name=\"robots\" content=\"index, follow, max-snippet:-1, max-image-preview:large, max-video-preview:-1\" \/>\n<link rel=\"canonical\" href=\"https:\/\/www.cidademarketing.com.br\/marketing\/2019\/11\/26\/livelo-anuncia-campanha-black-friday-com-novas-promocoes-de-acumulo-turbinado\/\" \/>\n<meta property=\"og:locale\" content=\"pt_BR\" \/>\n<meta property=\"og:type\" content=\"article\" \/>\n<meta property=\"og:title\" content=\"Livelo anuncia campanha Black Friday com novas promo\u00e7\u00f5es de ac\u00famulo turbinado - CidadeMarketing\" \/>\n<meta property=\"og:description\" content=\"A Livelo anuncia nesta segunda-feira novas promo\u00e7\u00f5es de ac\u00famulo turbinado para os seus clientes. Durante todo o m\u00eas de novembro, uma das maiores empresas de recompensas do Pa\u00eds promove v\u00e1rias a\u00e7\u00f5es diferenciadas por conta da Black Friday, uma das datas mais importantes no Brasil. Al\u00e9m disso, a empresa faz uma a\u00e7\u00e3o especial de doa\u00e7\u00e3o de [&hellip;]\" \/>\n<meta property=\"og:url\" content=\"https:\/\/www.cidademarketing.com.br\/marketing\/2019\/11\/26\/livelo-anuncia-campanha-black-friday-com-novas-promocoes-de-acumulo-turbinado\/\" \/>\n<meta property=\"og:site_name\" content=\"CidadeMarketing\" \/>\n<meta property=\"article:publisher\" content=\"https:\/\/www.facebook.com\/portalcidademarketing\" \/>\n<meta property=\"article:author\" content=\"https:\/\/www.facebook.com\/thalesbrandao\" \/>\n<meta property=\"article:published_time\" content=\"2019-11-26T13:46:23+00:00\" \/>\n<meta property=\"article:modified_time\" content=\"2019-11-26T13:47:15+00:00\" \/>\n<meta property=\"og:image\" content=\"https:\/\/www.cidademarketing.com.br\/marketing\/wp-content\/uploads\/2019\/11\/livelo.png\" \/>\n\t<meta property=\"og:image:width\" content=\"960\" \/>\n\t<meta property=\"og:image:height\" content=\"640\" \/>\n\t<meta property=\"og:image:type\" content=\"image\/png\" \/>\n<meta name=\"author\" content=\"Thales Brand\u00e3o\" \/>\n<meta name=\"twitter:card\" content=\"summary_large_image\" \/>\n<meta name=\"twitter:creator\" content=\"@http:\/\/www.twitter.com\/thalesbrandao\" \/>\n<meta name=\"twitter:site\" content=\"@CidadeMarketing\" \/>\n<meta name=\"twitter:label1\" content=\"Escrito por\" \/>\n\t<meta name=\"twitter:data1\" content=\"Thales Brand\u00e3o\" \/>\n\t<meta name=\"twitter:label2\" content=\"Est. tempo de leitura\" \/>\n\t<meta name=\"twitter:data2\" content=\"2 minutos\" \/>\n<script type=\"application\/ld+json\" class=\"yoast-schema-graph\">{\"@context\":\"https:\\\/\\\/schema.org\",\"@graph\":[{\"@type\":\"Article\",\"@id\":\"https:\\\/\\\/www.cidademarketing.com.br\\\/marketing\\\/2019\\\/11\\\/26\\\/livelo-anuncia-campanha-black-friday-com-novas-promocoes-de-acumulo-turbinado\\\/#article\",\"isPartOf\":{\"@id\":\"https:\\\/\\\/www.cidademarketing.com.br\\\/marketing\\\/2019\\\/11\\\/26\\\/livelo-anuncia-campanha-black-friday-com-novas-promocoes-de-acumulo-turbinado\\\/\"},\"author\":{\"name\":\"Thales Brand\u00e3o\",\"@id\":\"https:\\\/\\\/www.cidademarketing.com.br\\\/marketing\\\/#\\\/schema\\\/person\\\/02daff9f18bd9378c9e01eb6b2db155f\"},\"headline\":\"Livelo anuncia campanha Black Friday com novas promo\u00e7\u00f5es de ac\u00famulo turbinado\",\"datePublished\":\"2019-11-26T13:46:23+00:00\",\"dateModified\":\"2019-11-26T13:47:15+00:00\",\"mainEntityOfPage\":{\"@id\":\"https:\\\/\\\/www.cidademarketing.com.br\\\/marketing\\\/2019\\\/11\\\/26\\\/livelo-anuncia-campanha-black-friday-com-novas-promocoes-de-acumulo-turbinado\\\/\"},\"wordCount\":381,\"commentCount\":0,\"publisher\":{\"@id\":\"https:\\\/\\\/www.cidademarketing.com.br\\\/marketing\\\/#organization\"},\"image\":{\"@id\":\"https:\\\/\\\/www.cidademarketing.com.br\\\/marketing\\\/2019\\\/11\\\/26\\\/livelo-anuncia-campanha-black-friday-com-novas-promocoes-de-acumulo-turbinado\\\/#primaryimage\"},\"thumbnailUrl\":\"https:\\\/\\\/www.cidademarketing.com.br\\\/marketing\\\/wp-content\\\/uploads\\\/2019\\\/11\\\/livelo.png\",\"keywords\":[\"estrat\u00e9gia\",\"fideliza\u00e7\u00e3o\",\"Livelo\",\"marketing\"],\"articleSection\":[\"Not\u00edcias\"],\"inLanguage\":\"pt-BR\",\"potentialAction\":[{\"@type\":\"CommentAction\",\"name\":\"Comment\",\"target\":[\"https:\\\/\\\/www.cidademarketing.com.br\\\/marketing\\\/2019\\\/11\\\/26\\\/livelo-anuncia-campanha-black-friday-com-novas-promocoes-de-acumulo-turbinado\\\/#respond\"]}]},{\"@type\":\"WebPage\",\"@id\":\"https:\\\/\\\/www.cidademarketing.com.br\\\/marketing\\\/2019\\\/11\\\/26\\\/livelo-anuncia-campanha-black-friday-com-novas-promocoes-de-acumulo-turbinado\\\/\",\"url\":\"https:\\\/\\\/www.cidademarketing.com.br\\\/marketing\\\/2019\\\/11\\\/26\\\/livelo-anuncia-campanha-black-friday-com-novas-promocoes-de-acumulo-turbinado\\\/\",\"name\":\"Livelo anuncia campanha Black Friday com novas promo\u00e7\u00f5es de ac\u00famulo turbinado - CidadeMarketing\",\"isPartOf\":{\"@id\":\"https:\\\/\\\/www.cidademarketing.com.br\\\/marketing\\\/#website\"},\"primaryImageOfPage\":{\"@id\":\"https:\\\/\\\/www.cidademarketing.com.br\\\/marketing\\\/2019\\\/11\\\/26\\\/livelo-anuncia-campanha-black-friday-com-novas-promocoes-de-acumulo-turbinado\\\/#primaryimage\"},\"image\":{\"@id\":\"https:\\\/\\\/www.cidademarketing.com.br\\\/marketing\\\/2019\\\/11\\\/26\\\/livelo-anuncia-campanha-black-friday-com-novas-promocoes-de-acumulo-turbinado\\\/#primaryimage\"},\"thumbnailUrl\":\"https:\\\/\\\/www.cidademarketing.com.br\\\/marketing\\\/wp-content\\\/uploads\\\/2019\\\/11\\\/livelo.png\",\"datePublished\":\"2019-11-26T13:46:23+00:00\",\"dateModified\":\"2019-11-26T13:47:15+00:00\",\"breadcrumb\":{\"@id\":\"https:\\\/\\\/www.cidademarketing.com.br\\\/marketing\\\/2019\\\/11\\\/26\\\/livelo-anuncia-campanha-black-friday-com-novas-promocoes-de-acumulo-turbinado\\\/#breadcrumb\"},\"inLanguage\":\"pt-BR\",\"potentialAction\":[{\"@type\":\"ReadAction\",\"target\":[\"https:\\\/\\\/www.cidademarketing.com.br\\\/marketing\\\/2019\\\/11\\\/26\\\/livelo-anuncia-campanha-black-friday-com-novas-promocoes-de-acumulo-turbinado\\\/\"]}]},{\"@type\":\"ImageObject\",\"inLanguage\":\"pt-BR\",\"@id\":\"https:\\\/\\\/www.cidademarketing.com.br\\\/marketing\\\/2019\\\/11\\\/26\\\/livelo-anuncia-campanha-black-friday-com-novas-promocoes-de-acumulo-turbinado\\\/#primaryimage\",\"url\":\"https:\\\/\\\/www.cidademarketing.com.br\\\/marketing\\\/wp-content\\\/uploads\\\/2019\\\/11\\\/livelo.png\",\"contentUrl\":\"https:\\\/\\\/www.cidademarketing.com.br\\\/marketing\\\/wp-content\\\/uploads\\\/2019\\\/11\\\/livelo.png\",\"width\":960,\"height\":640},{\"@type\":\"BreadcrumbList\",\"@id\":\"https:\\\/\\\/www.cidademarketing.com.br\\\/marketing\\\/2019\\\/11\\\/26\\\/livelo-anuncia-campanha-black-friday-com-novas-promocoes-de-acumulo-turbinado\\\/#breadcrumb\",\"itemListElement\":[{\"@type\":\"ListItem\",\"position\":1,\"name\":\"In\u00edcio\",\"item\":\"https:\\\/\\\/www.cidademarketing.com.br\\\/marketing\\\/\"},{\"@type\":\"ListItem\",\"position\":2,\"name\":\"Livelo anuncia campanha Black Friday com novas promo\u00e7\u00f5es de ac\u00famulo turbinado\"}]},{\"@type\":\"WebSite\",\"@id\":\"https:\\\/\\\/www.cidademarketing.com.br\\\/marketing\\\/#website\",\"url\":\"https:\\\/\\\/www.cidademarketing.com.br\\\/marketing\\\/\",\"name\":\"CidadeMarketing\",\"description\":\"Somos um ve\u00edculo de comunica\u00e7\u00e3o de destaque no Brasil, reconhecido por conte\u00fados nos segmentos de marketing, empreendedorismo e inova\u00e7\u00e3o.\",\"publisher\":{\"@id\":\"https:\\\/\\\/www.cidademarketing.com.br\\\/marketing\\\/#organization\"},\"alternateName\":\"CidadeMarketing\",\"potentialAction\":[{\"@type\":\"SearchAction\",\"target\":{\"@type\":\"EntryPoint\",\"urlTemplate\":\"https:\\\/\\\/www.cidademarketing.com.br\\\/marketing\\\/?s={search_term_string}\"},\"query-input\":{\"@type\":\"PropertyValueSpecification\",\"valueRequired\":true,\"valueName\":\"search_term_string\"}}],\"inLanguage\":\"pt-BR\"},{\"@type\":\"Organization\",\"@id\":\"https:\\\/\\\/www.cidademarketing.com.br\\\/marketing\\\/#organization\",\"name\":\"CidadeMarketing\",\"alternateName\":\"CidadeMarketing\",\"url\":\"https:\\\/\\\/www.cidademarketing.com.br\\\/marketing\\\/\",\"logo\":{\"@type\":\"ImageObject\",\"inLanguage\":\"pt-BR\",\"@id\":\"https:\\\/\\\/www.cidademarketing.com.br\\\/marketing\\\/#\\\/schema\\\/logo\\\/image\\\/\",\"url\":\"https:\\\/\\\/www.cidademarketing.com.br\\\/marketing\\\/wp-content\\\/uploads\\\/2020\\\/01\\\/cidademarketing_marca_mobile.png\",\"contentUrl\":\"https:\\\/\\\/www.cidademarketing.com.br\\\/marketing\\\/wp-content\\\/uploads\\\/2020\\\/01\\\/cidademarketing_marca_mobile.png\",\"width\":230,\"height\":92,\"caption\":\"CidadeMarketing\"},\"image\":{\"@id\":\"https:\\\/\\\/www.cidademarketing.com.br\\\/marketing\\\/#\\\/schema\\\/logo\\\/image\\\/\"},\"sameAs\":[\"https:\\\/\\\/www.facebook.com\\\/portalcidademarketing\",\"https:\\\/\\\/x.com\\\/CidadeMarketing\",\"https:\\\/\\\/www.instagram.com\\\/cidademarketing\\\/\"]},{\"@type\":\"Person\",\"@id\":\"https:\\\/\\\/www.cidademarketing.com.br\\\/marketing\\\/#\\\/schema\\\/person\\\/02daff9f18bd9378c9e01eb6b2db155f\",\"name\":\"Thales Brand\u00e3o\",\"image\":{\"@type\":\"ImageObject\",\"inLanguage\":\"pt-BR\",\"@id\":\"https:\\\/\\\/secure.gravatar.com\\\/avatar\\\/7ca3206950207cc3cb48feec56a8a7898741ab725c368d99d5d7a5a50aab80c6?s=96&d=mm&r=g\",\"url\":\"https:\\\/\\\/secure.gravatar.com\\\/avatar\\\/7ca3206950207cc3cb48feec56a8a7898741ab725c368d99d5d7a5a50aab80c6?s=96&d=mm&r=g\",\"contentUrl\":\"https:\\\/\\\/secure.gravatar.com\\\/avatar\\\/7ca3206950207cc3cb48feec56a8a7898741ab725c368d99d5d7a5a50aab80c6?s=96&d=mm&r=g\",\"caption\":\"Thales Brand\u00e3o\"},\"description\":\"Editor Executivo do Portal CidadeMarketing.com.br &gt; Mestre em Comunica\u00e7\u00e3o e Sociedade pela Universidade Federal de Sergipe. Possui MBA Executivo em Administra\u00e7\u00e3o com \u00eanfase em Marketing pela Funda\u00e7\u00e3o Get\u00falio Vargas - Rio de Janeiro. Consultor, Palestrante e Pesquisador sobre Empreendedorismo, Marketing, Redes Sociais e Neg\u00f3cios Digitais. Professor, Palestrante TedxTalks e Campus Party. Twitter: @ThalesBrandao\",\"sameAs\":[\"http:\\\/\\\/www.mandacaru.com.br\",\"https:\\\/\\\/www.facebook.com\\\/thalesbrandao\",\"http:\\\/\\\/www.instagram.com.br\\\/thalesbrandaoferreira\",\"https:\\\/\\\/www.linkedin.com\\\/in\\\/thales-brand\u00e3o-3948609\\\/\",\"https:\\\/\\\/x.com\\\/http:\\\/\\\/www.twitter.com\\\/thalesbrandao\"],\"url\":\"https:\\\/\\\/www.cidademarketing.com.br\\\/marketing\\\/author\\\/thalesbrandao\\\/\"}]}<\/script>\n<!-- \/ Yoast SEO plugin. -->","yoast_head_json":{"title":"Livelo anuncia campanha Black Friday com novas promo\u00e7\u00f5es de ac\u00famulo turbinado - CidadeMarketing","robots":{"index":"index","follow":"follow","max-snippet":"max-snippet:-1","max-image-preview":"max-image-preview:large","max-video-preview":"max-video-preview:-1"},"canonical":"https:\/\/www.cidademarketing.com.br\/marketing\/2019\/11\/26\/livelo-anuncia-campanha-black-friday-com-novas-promocoes-de-acumulo-turbinado\/","og_locale":"pt_BR","og_type":"article","og_title":"Livelo anuncia campanha Black Friday com novas promo\u00e7\u00f5es de ac\u00famulo turbinado - CidadeMarketing","og_description":"A Livelo anuncia nesta segunda-feira novas promo\u00e7\u00f5es de ac\u00famulo turbinado para os seus clientes. Durante todo o m\u00eas de novembro, uma das maiores empresas de recompensas do Pa\u00eds promove v\u00e1rias a\u00e7\u00f5es diferenciadas por conta da Black Friday, uma das datas mais importantes no Brasil. Al\u00e9m disso, a empresa faz uma a\u00e7\u00e3o especial de doa\u00e7\u00e3o de [&hellip;]","og_url":"https:\/\/www.cidademarketing.com.br\/marketing\/2019\/11\/26\/livelo-anuncia-campanha-black-friday-com-novas-promocoes-de-acumulo-turbinado\/","og_site_name":"CidadeMarketing","article_publisher":"https:\/\/www.facebook.com\/portalcidademarketing","article_author":"https:\/\/www.facebook.com\/thalesbrandao","article_published_time":"2019-11-26T13:46:23+00:00","article_modified_time":"2019-11-26T13:47:15+00:00","og_image":[{"width":960,"height":640,"url":"https:\/\/www.cidademarketing.com.br\/marketing\/wp-content\/uploads\/2019\/11\/livelo.png","type":"image\/png"}],"author":"Thales Brand\u00e3o","twitter_card":"summary_large_image","twitter_creator":"@http:\/\/www.twitter.com\/thalesbrandao","twitter_site":"@CidadeMarketing","twitter_misc":{"Escrito por":"Thales Brand\u00e3o","Est. tempo de leitura":"2 minutos"},"schema":{"@context":"https:\/\/schema.org","@graph":[{"@type":"Article","@id":"https:\/\/www.cidademarketing.com.br\/marketing\/2019\/11\/26\/livelo-anuncia-campanha-black-friday-com-novas-promocoes-de-acumulo-turbinado\/#article","isPartOf":{"@id":"https:\/\/www.cidademarketing.com.br\/marketing\/2019\/11\/26\/livelo-anuncia-campanha-black-friday-com-novas-promocoes-de-acumulo-turbinado\/"},"author":{"name":"Thales Brand\u00e3o","@id":"https:\/\/www.cidademarketing.com.br\/marketing\/#\/schema\/person\/02daff9f18bd9378c9e01eb6b2db155f"},"headline":"Livelo anuncia campanha Black Friday com novas promo\u00e7\u00f5es de ac\u00famulo turbinado","datePublished":"2019-11-26T13:46:23+00:00","dateModified":"2019-11-26T13:47:15+00:00","mainEntityOfPage":{"@id":"https:\/\/www.cidademarketing.com.br\/marketing\/2019\/11\/26\/livelo-anuncia-campanha-black-friday-com-novas-promocoes-de-acumulo-turbinado\/"},"wordCount":381,"commentCount":0,"publisher":{"@id":"https:\/\/www.cidademarketing.com.br\/marketing\/#organization"},"image":{"@id":"https:\/\/www.cidademarketing.com.br\/marketing\/2019\/11\/26\/livelo-anuncia-campanha-black-friday-com-novas-promocoes-de-acumulo-turbinado\/#primaryimage"},"thumbnailUrl":"https:\/\/www.cidademarketing.com.br\/marketing\/wp-content\/uploads\/2019\/11\/livelo.png","keywords":["estrat\u00e9gia","fideliza\u00e7\u00e3o","Livelo","marketing"],"articleSection":["Not\u00edcias"],"inLanguage":"pt-BR","potentialAction":[{"@type":"CommentAction","name":"Comment","target":["https:\/\/www.cidademarketing.com.br\/marketing\/2019\/11\/26\/livelo-anuncia-campanha-black-friday-com-novas-promocoes-de-acumulo-turbinado\/#respond"]}]},{"@type":"WebPage","@id":"https:\/\/www.cidademarketing.com.br\/marketing\/2019\/11\/26\/livelo-anuncia-campanha-black-friday-com-novas-promocoes-de-acumulo-turbinado\/","url":"https:\/\/www.cidademarketing.com.br\/marketing\/2019\/11\/26\/livelo-anuncia-campanha-black-friday-com-novas-promocoes-de-acumulo-turbinado\/","name":"Livelo anuncia campanha Black Friday com novas promo\u00e7\u00f5es de ac\u00famulo turbinado - CidadeMarketing","isPartOf":{"@id":"https:\/\/www.cidademarketing.com.br\/marketing\/#website"},"primaryImageOfPage":{"@id":"https:\/\/www.cidademarketing.com.br\/marketing\/2019\/11\/26\/livelo-anuncia-campanha-black-friday-com-novas-promocoes-de-acumulo-turbinado\/#primaryimage"},"image":{"@id":"https:\/\/www.cidademarketing.com.br\/marketing\/2019\/11\/26\/livelo-anuncia-campanha-black-friday-com-novas-promocoes-de-acumulo-turbinado\/#primaryimage"},"thumbnailUrl":"https:\/\/www.cidademarketing.com.br\/marketing\/wp-content\/uploads\/2019\/11\/livelo.png","datePublished":"2019-11-26T13:46:23+00:00","dateModified":"2019-11-26T13:47:15+00:00","breadcrumb":{"@id":"https:\/\/www.cidademarketing.com.br\/marketing\/2019\/11\/26\/livelo-anuncia-campanha-black-friday-com-novas-promocoes-de-acumulo-turbinado\/#breadcrumb"},"inLanguage":"pt-BR","potentialAction":[{"@type":"ReadAction","target":["https:\/\/www.cidademarketing.com.br\/marketing\/2019\/11\/26\/livelo-anuncia-campanha-black-friday-com-novas-promocoes-de-acumulo-turbinado\/"]}]},{"@type":"ImageObject","inLanguage":"pt-BR","@id":"https:\/\/www.cidademarketing.com.br\/marketing\/2019\/11\/26\/livelo-anuncia-campanha-black-friday-com-novas-promocoes-de-acumulo-turbinado\/#primaryimage","url":"https:\/\/www.cidademarketing.com.br\/marketing\/wp-content\/uploads\/2019\/11\/livelo.png","contentUrl":"https:\/\/www.cidademarketing.com.br\/marketing\/wp-content\/uploads\/2019\/11\/livelo.png","width":960,"height":640},{"@type":"BreadcrumbList","@id":"https:\/\/www.cidademarketing.com.br\/marketing\/2019\/11\/26\/livelo-anuncia-campanha-black-friday-com-novas-promocoes-de-acumulo-turbinado\/#breadcrumb","itemListElement":[{"@type":"ListItem","position":1,"name":"In\u00edcio","item":"https:\/\/www.cidademarketing.com.br\/marketing\/"},{"@type":"ListItem","position":2,"name":"Livelo anuncia campanha Black Friday com novas promo\u00e7\u00f5es de ac\u00famulo turbinado"}]},{"@type":"WebSite","@id":"https:\/\/www.cidademarketing.com.br\/marketing\/#website","url":"https:\/\/www.cidademarketing.com.br\/marketing\/","name":"CidadeMarketing","description":"Somos um ve\u00edculo de comunica\u00e7\u00e3o de destaque no Brasil, reconhecido por conte\u00fados nos segmentos de marketing, empreendedorismo e inova\u00e7\u00e3o.","publisher":{"@id":"https:\/\/www.cidademarketing.com.br\/marketing\/#organization"},"alternateName":"CidadeMarketing","potentialAction":[{"@type":"SearchAction","target":{"@type":"EntryPoint","urlTemplate":"https:\/\/www.cidademarketing.com.br\/marketing\/?s={search_term_string}"},"query-input":{"@type":"PropertyValueSpecification","valueRequired":true,"valueName":"search_term_string"}}],"inLanguage":"pt-BR"},{"@type":"Organization","@id":"https:\/\/www.cidademarketing.com.br\/marketing\/#organization","name":"CidadeMarketing","alternateName":"CidadeMarketing","url":"https:\/\/www.cidademarketing.com.br\/marketing\/","logo":{"@type":"ImageObject","inLanguage":"pt-BR","@id":"https:\/\/www.cidademarketing.com.br\/marketing\/#\/schema\/logo\/image\/","url":"https:\/\/www.cidademarketing.com.br\/marketing\/wp-content\/uploads\/2020\/01\/cidademarketing_marca_mobile.png","contentUrl":"https:\/\/www.cidademarketing.com.br\/marketing\/wp-content\/uploads\/2020\/01\/cidademarketing_marca_mobile.png","width":230,"height":92,"caption":"CidadeMarketing"},"image":{"@id":"https:\/\/www.cidademarketing.com.br\/marketing\/#\/schema\/logo\/image\/"},"sameAs":["https:\/\/www.facebook.com\/portalcidademarketing","https:\/\/x.com\/CidadeMarketing","https:\/\/www.instagram.com\/cidademarketing\/"]},{"@type":"Person","@id":"https:\/\/www.cidademarketing.com.br\/marketing\/#\/schema\/person\/02daff9f18bd9378c9e01eb6b2db155f","name":"Thales Brand\u00e3o","image":{"@type":"ImageObject","inLanguage":"pt-BR","@id":"https:\/\/secure.gravatar.com\/avatar\/7ca3206950207cc3cb48feec56a8a7898741ab725c368d99d5d7a5a50aab80c6?s=96&d=mm&r=g","url":"https:\/\/secure.gravatar.com\/avatar\/7ca3206950207cc3cb48feec56a8a7898741ab725c368d99d5d7a5a50aab80c6?s=96&d=mm&r=g","contentUrl":"https:\/\/secure.gravatar.com\/avatar\/7ca3206950207cc3cb48feec56a8a7898741ab725c368d99d5d7a5a50aab80c6?s=96&d=mm&r=g","caption":"Thales Brand\u00e3o"},"description":"Editor Executivo do Portal CidadeMarketing.com.br &gt; Mestre em Comunica\u00e7\u00e3o e Sociedade pela Universidade Federal de Sergipe. Possui MBA Executivo em Administra\u00e7\u00e3o com \u00eanfase em Marketing pela Funda\u00e7\u00e3o Get\u00falio Vargas - Rio de Janeiro. Consultor, Palestrante e Pesquisador sobre Empreendedorismo, Marketing, Redes Sociais e Neg\u00f3cios Digitais. Professor, Palestrante TedxTalks e Campus Party. Twitter: @ThalesBrandao","sameAs":["http:\/\/www.mandacaru.com.br","https:\/\/www.facebook.com\/thalesbrandao","http:\/\/www.instagram.com.br\/thalesbrandaoferreira","https:\/\/www.linkedin.com\/in\/thales-brand\u00e3o-3948609\/","https:\/\/x.com\/http:\/\/www.twitter.com\/thalesbrandao"],"url":"https:\/\/www.cidademarketing.com.br\/marketing\/author\/thalesbrandao\/"}]}},"amp_enabled":true,"_links":{"self":[{"href":"https:\/\/www.cidademarketing.com.br\/marketing\/wp-json\/wp\/v2\/posts\/12755","targetHints":{"allow":["GET"]}}],"collection":[{"href":"https:\/\/www.cidademarketing.com.br\/marketing\/wp-json\/wp\/v2\/posts"}],"about":[{"href":"https:\/\/www.cidademarketing.com.br\/marketing\/wp-json\/wp\/v2\/types\/post"}],"author":[{"embeddable":true,"href":"https:\/\/www.cidademarketing.com.br\/marketing\/wp-json\/wp\/v2\/users\/1"}],"replies":[{"embeddable":true,"href":"https:\/\/www.cidademarketing.com.br\/marketing\/wp-json\/wp\/v2\/comments?post=12755"}],"version-history":[{"count":1,"href":"https:\/\/www.cidademarketing.com.br\/marketing\/wp-json\/wp\/v2\/posts\/12755\/revisions"}],"predecessor-version":[{"id":12757,"href":"https:\/\/www.cidademarketing.com.br\/marketing\/wp-json\/wp\/v2\/posts\/12755\/revisions\/12757"}],"wp:featuredmedia":[{"embeddable":true,"href":"https:\/\/www.cidademarketing.com.br\/marketing\/wp-json\/wp\/v2\/media\/12756"}],"wp:attachment":[{"href":"https:\/\/www.cidademarketing.com.br\/marketing\/wp-json\/wp\/v2\/media?parent=12755"}],"wp:term":[{"taxonomy":"category","embeddable":true,"href":"https:\/\/www.cidademarketing.com.br\/marketing\/wp-json\/wp\/v2\/categories?post=12755"},{"taxonomy":"post_tag","embeddable":true,"href":"https:\/\/www.cidademarketing.com.br\/marketing\/wp-json\/wp\/v2\/tags?post=12755"}],"curies":[{"name":"wp","href":"https:\/\/api.w.org\/{rel}","templated":true}]}}