{"id":12636,"date":"2019-11-20T04:04:25","date_gmt":"2019-11-20T00:04:25","guid":{"rendered":"https:\/\/www.cidademarketing.com.br\/marketing\/?p=12636"},"modified":"2019-11-20T04:04:27","modified_gmt":"2019-11-20T00:04:27","slug":"fernanda-gentil-e-a-grande-vencedora-da-acao-promocional-ganhou-causou-da-nestle","status":"publish","type":"post","link":"https:\/\/www.cidademarketing.com.br\/marketing\/2019\/11\/20\/fernanda-gentil-e-a-grande-vencedora-da-acao-promocional-ganhou-causou-da-nestle\/","title":{"rendered":"Fernanda Gentil \u00e9 a grande vencedora da a\u00e7\u00e3o promocional &#8220;Ganhou, Causou&#8221; da Nestl\u00e9"},"content":{"rendered":"\n<p>A\ncausa da Educa\u00e7\u00e3o, por meio do projeto Caslu, liderado pela jornalista e\napresentadora Fernanda Gentil, foi a grande vencedora da a\u00e7\u00e3o <em>Ganhou, Causou<\/em>,\nrealizada pela Nestl\u00e9 e que se encerrou no \u00faltimo dia 11. A promo\u00e7\u00e3o incentivou os consumidores a comprarem produtos Nestl\u00e9 por meio de uma campanha que impactou\npositivamente a sociedade.<\/p>\n\n\n\n<p>Foram distribu\u00eddos R$ 3 milh\u00f5es em\npremia\u00e7\u00f5es, em 1.250 pr\u00eamios instant\u00e2neos de R$ 400,00 e um pr\u00eamio final de R$\n1 milh\u00e3o para o consumidor. O grande diferencial da promo\u00e7\u00e3o \u00e9 que cada novo produto cadastrado pelo consumidor dava a ele o direito a\num voto em uma causa em tr\u00eas diferentes \u00e1reas: cultura, educa\u00e7\u00e3o e esporte.\nCada causa era apoiada por um artista diferente e concorreu tamb\u00e9m aos pr\u00eamios\ninstant\u00e2neos. No final da a\u00e7\u00e3o, um pr\u00eamio de R$ 1 milh\u00e3o foi dividido entre as\ntr\u00eas causas, de acordo com a vota\u00e7\u00e3o dos participantes.<\/p>\n\n\n\n<p>Os\ntr\u00eas grandes nomes do <em>mainstream<\/em> art\u00edstico brasileiro que participaram\nda a\u00e7\u00e3o foram&nbsp;o m\u00fasico Carlinhos Brown, representando a causa da cultura\n(Associa\u00e7\u00e3o Pracatum); o ator Malvino Salvador, representando a causa do\nesporte (Instituto Todos na Luta); e Fernanda Gentil, representando a causa da\neduca\u00e7\u00e3o (Projeto Caslu), a mais votada entre os participantes. <\/p>\n\n\n\n<p>No\n\u00faltimo s\u00e1bado, 16 de novembro, em evento realizado no Rio de Janeiro, Fernanda\nrecebeu da Nestl\u00e9 um trof\u00e9u simbolizando o reconhecimento do p\u00fablico\nparticipante da promo\u00e7\u00e3o \u2013 a causa apoiada pela apresentadora foi a mais votada\ne receber\u00e1 R$ 500 mil reais. <\/p>\n\n\n\n<p>\u201cFiquei muito feliz pela causa da Educa\u00e7\u00e3o ter sido a mais votada. Esse pr\u00eamio ser\u00e1 utilizado para beneficiar todas as institui\u00e7\u00f5es que a Caslu vai ajudar em 2020, com reformas, obras, compra de materiais de limpeza, alimentos e os demais itens que aparecerem nas lostas de necessidade de cada ligar a ser ajudado. O resultado das doa\u00e7\u00f5es e da visita da Caslu \u00e9 registrado sempre nas nossas redes sociais e no site <a href=\"http:\/\/www.mundocaslu.com.br\" target=\"_blank\" rel=\"noreferrer noopener\" aria-label=\" (abre numa nova aba)\">www.mundocaslu.com.br<\/a>. Em 2020, vai ser um prazer enorme poder dividir esse lindo trabalho com quem quiser acompanhar de perto. Para mim, \u00e9 muito importante saber que as pessoas tiveram a preocupa\u00e7\u00e3o com a causa da Educa\u00e7\u00e3o. Agrade\u00e7o demais pela confian\u00e7a\u201d, comentou a apresentadora.<\/p>\n\n\n\n<p>A Caslu\nnasceu em 2013, fundada por Fernanda Gentil e mais tr\u00eas amigos, com o objetivo\nde ajudar institui\u00e7\u00f5es que cuidam de crian\u00e7as em situa\u00e7\u00f5es diversas de\nvulnerabilidade social e f\u00edsica. O projeto atua, por exemplo, em \u00e9pocas\nfestivas do ano, com a\u00e7\u00f5es de venda de camisetas para arrecadar recursos que\ns\u00e3o revertidos em benef\u00edcios pr\u00e9-definidos a cada campanha.<\/p>\n\n\n\n<p>As\ncausas da cultura e esporte, representadas por Carlinhos Brown e Malvino\nSalvador, respectivamente, receber\u00e3o R$ 300 mil e R$ 500 mil cada. <\/p>\n\n\n\n<p><strong>Resultados\nexpressivos<\/strong><\/p>\n\n\n\n<p>A\npromo\u00e7\u00e3o conquistou resultados expressivos: foram mais de 2 milh\u00f5es de produtos\ncadastrados e 805 milh\u00f5es de impactos de m\u00eddia. \u201cCada vez mais, no Brasil, as\npessoas t\u00eam buscado marcas com valores e ligadas a causas. Estudos mostram que\n2 a cada 3 brasileiros buscam comprar de empresas \u00e9ticas. Essa premissa \u00e9 ainda\nmais forte para os jovens da gera\u00e7\u00e3o <em>millenial<\/em>, que estabelecem uma\nrela\u00e7\u00e3o direta entre h\u00e1bitos de consumo e marcas associadas a um prop\u00f3sito e \u00e0\ntranspar\u00eancia\u201d, destaca Frank Pflaumer, VP de Marketing e Comunica\u00e7\u00e3o da Nestl\u00e9\nBrasil. <\/p>\n","protected":false},"excerpt":{"rendered":"<p>A causa da Educa\u00e7\u00e3o, por meio do projeto Caslu, liderado pela jornalista e apresentadora Fernanda Gentil, foi a grande vencedora da a\u00e7\u00e3o Ganhou, Causou, realizada pela Nestl\u00e9 e que se encerrou no \u00faltimo dia 11. A promo\u00e7\u00e3o incentivou os consumidores a comprarem produtos Nestl\u00e9 por meio de uma campanha que impactou positivamente a sociedade. Foram [&hellip;]<\/p>\n","protected":false},"author":1,"featured_media":12637,"comment_status":"open","ping_status":"open","sticky":false,"template":"","format":"standard","meta":{"tdm_status":"","tdm_grid_status":"","footnotes":""},"categories":[6],"tags":[100,28,131],"class_list":["post-12636","post","type-post","status-publish","format-standard","has-post-thumbnail","hentry","category-noticias","tag-educacao","tag-marketing","tag-nestle"],"yoast_head":"<!-- This site is optimized with the Yoast SEO plugin v27.5 - https:\/\/yoast.com\/product\/yoast-seo-wordpress\/ -->\n<title>Fernanda Gentil \u00e9 a grande vencedora da a\u00e7\u00e3o promocional &quot;Ganhou, Causou&quot; da Nestl\u00e9 - CidadeMarketing<\/title>\n<meta name=\"robots\" content=\"index, follow, max-snippet:-1, max-image-preview:large, max-video-preview:-1\" \/>\n<link rel=\"canonical\" href=\"https:\/\/www.cidademarketing.com.br\/marketing\/2019\/11\/20\/fernanda-gentil-e-a-grande-vencedora-da-acao-promocional-ganhou-causou-da-nestle\/\" \/>\n<meta property=\"og:locale\" content=\"pt_BR\" \/>\n<meta property=\"og:type\" content=\"article\" \/>\n<meta property=\"og:title\" content=\"Fernanda Gentil \u00e9 a grande vencedora da a\u00e7\u00e3o promocional &quot;Ganhou, Causou&quot; da Nestl\u00e9 - CidadeMarketing\" \/>\n<meta property=\"og:description\" content=\"A causa da Educa\u00e7\u00e3o, por meio do projeto Caslu, liderado pela jornalista e apresentadora Fernanda Gentil, foi a grande vencedora da a\u00e7\u00e3o Ganhou, Causou, realizada pela Nestl\u00e9 e que se encerrou no \u00faltimo dia 11. A promo\u00e7\u00e3o incentivou os consumidores a comprarem produtos Nestl\u00e9 por meio de uma campanha que impactou positivamente a sociedade. Foram [&hellip;]\" \/>\n<meta property=\"og:url\" content=\"https:\/\/www.cidademarketing.com.br\/marketing\/2019\/11\/20\/fernanda-gentil-e-a-grande-vencedora-da-acao-promocional-ganhou-causou-da-nestle\/\" \/>\n<meta property=\"og:site_name\" content=\"CidadeMarketing\" \/>\n<meta property=\"article:publisher\" content=\"https:\/\/www.facebook.com\/portalcidademarketing\" \/>\n<meta property=\"article:author\" content=\"https:\/\/www.facebook.com\/thalesbrandao\" \/>\n<meta property=\"article:published_time\" content=\"2019-11-20T00:04:25+00:00\" \/>\n<meta property=\"article:modified_time\" content=\"2019-11-20T00:04:27+00:00\" \/>\n<meta property=\"og:image\" content=\"https:\/\/www.cidademarketing.com.br\/marketing\/wp-content\/uploads\/2019\/11\/fernandagentil_nestle.jpg\" \/>\n\t<meta property=\"og:image:width\" content=\"2000\" \/>\n\t<meta property=\"og:image:height\" content=\"1333\" \/>\n\t<meta property=\"og:image:type\" content=\"image\/jpeg\" \/>\n<meta name=\"author\" content=\"Thales Brand\u00e3o\" \/>\n<meta name=\"twitter:card\" content=\"summary_large_image\" \/>\n<meta name=\"twitter:creator\" content=\"@http:\/\/www.twitter.com\/thalesbrandao\" \/>\n<meta name=\"twitter:site\" content=\"@CidadeMarketing\" \/>\n<meta name=\"twitter:label1\" content=\"Escrito por\" \/>\n\t<meta name=\"twitter:data1\" content=\"Thales Brand\u00e3o\" \/>\n\t<meta name=\"twitter:label2\" content=\"Est. tempo de leitura\" \/>\n\t<meta name=\"twitter:data2\" content=\"3 minutos\" \/>\n<script type=\"application\/ld+json\" class=\"yoast-schema-graph\">{\"@context\":\"https:\\\/\\\/schema.org\",\"@graph\":[{\"@type\":\"Article\",\"@id\":\"https:\\\/\\\/www.cidademarketing.com.br\\\/marketing\\\/2019\\\/11\\\/20\\\/fernanda-gentil-e-a-grande-vencedora-da-acao-promocional-ganhou-causou-da-nestle\\\/#article\",\"isPartOf\":{\"@id\":\"https:\\\/\\\/www.cidademarketing.com.br\\\/marketing\\\/2019\\\/11\\\/20\\\/fernanda-gentil-e-a-grande-vencedora-da-acao-promocional-ganhou-causou-da-nestle\\\/\"},\"author\":{\"name\":\"Thales Brand\u00e3o\",\"@id\":\"https:\\\/\\\/www.cidademarketing.com.br\\\/marketing\\\/#\\\/schema\\\/person\\\/02daff9f18bd9378c9e01eb6b2db155f\"},\"headline\":\"Fernanda Gentil \u00e9 a grande vencedora da a\u00e7\u00e3o promocional &#8220;Ganhou, Causou&#8221; da Nestl\u00e9\",\"datePublished\":\"2019-11-20T00:04:25+00:00\",\"dateModified\":\"2019-11-20T00:04:27+00:00\",\"mainEntityOfPage\":{\"@id\":\"https:\\\/\\\/www.cidademarketing.com.br\\\/marketing\\\/2019\\\/11\\\/20\\\/fernanda-gentil-e-a-grande-vencedora-da-acao-promocional-ganhou-causou-da-nestle\\\/\"},\"wordCount\":587,\"commentCount\":1,\"publisher\":{\"@id\":\"https:\\\/\\\/www.cidademarketing.com.br\\\/marketing\\\/#organization\"},\"image\":{\"@id\":\"https:\\\/\\\/www.cidademarketing.com.br\\\/marketing\\\/2019\\\/11\\\/20\\\/fernanda-gentil-e-a-grande-vencedora-da-acao-promocional-ganhou-causou-da-nestle\\\/#primaryimage\"},\"thumbnailUrl\":\"https:\\\/\\\/www.cidademarketing.com.br\\\/marketing\\\/wp-content\\\/uploads\\\/2019\\\/11\\\/fernandagentil_nestle.jpg\",\"keywords\":[\"educa\u00e7\u00e3o\",\"marketing\",\"Nestl\u00e9\"],\"articleSection\":[\"Not\u00edcias\"],\"inLanguage\":\"pt-BR\",\"potentialAction\":[{\"@type\":\"CommentAction\",\"name\":\"Comment\",\"target\":[\"https:\\\/\\\/www.cidademarketing.com.br\\\/marketing\\\/2019\\\/11\\\/20\\\/fernanda-gentil-e-a-grande-vencedora-da-acao-promocional-ganhou-causou-da-nestle\\\/#respond\"]}]},{\"@type\":\"WebPage\",\"@id\":\"https:\\\/\\\/www.cidademarketing.com.br\\\/marketing\\\/2019\\\/11\\\/20\\\/fernanda-gentil-e-a-grande-vencedora-da-acao-promocional-ganhou-causou-da-nestle\\\/\",\"url\":\"https:\\\/\\\/www.cidademarketing.com.br\\\/marketing\\\/2019\\\/11\\\/20\\\/fernanda-gentil-e-a-grande-vencedora-da-acao-promocional-ganhou-causou-da-nestle\\\/\",\"name\":\"Fernanda Gentil \u00e9 a grande vencedora da a\u00e7\u00e3o promocional \\\"Ganhou, Causou\\\" da Nestl\u00e9 - CidadeMarketing\",\"isPartOf\":{\"@id\":\"https:\\\/\\\/www.cidademarketing.com.br\\\/marketing\\\/#website\"},\"primaryImageOfPage\":{\"@id\":\"https:\\\/\\\/www.cidademarketing.com.br\\\/marketing\\\/2019\\\/11\\\/20\\\/fernanda-gentil-e-a-grande-vencedora-da-acao-promocional-ganhou-causou-da-nestle\\\/#primaryimage\"},\"image\":{\"@id\":\"https:\\\/\\\/www.cidademarketing.com.br\\\/marketing\\\/2019\\\/11\\\/20\\\/fernanda-gentil-e-a-grande-vencedora-da-acao-promocional-ganhou-causou-da-nestle\\\/#primaryimage\"},\"thumbnailUrl\":\"https:\\\/\\\/www.cidademarketing.com.br\\\/marketing\\\/wp-content\\\/uploads\\\/2019\\\/11\\\/fernandagentil_nestle.jpg\",\"datePublished\":\"2019-11-20T00:04:25+00:00\",\"dateModified\":\"2019-11-20T00:04:27+00:00\",\"breadcrumb\":{\"@id\":\"https:\\\/\\\/www.cidademarketing.com.br\\\/marketing\\\/2019\\\/11\\\/20\\\/fernanda-gentil-e-a-grande-vencedora-da-acao-promocional-ganhou-causou-da-nestle\\\/#breadcrumb\"},\"inLanguage\":\"pt-BR\",\"potentialAction\":[{\"@type\":\"ReadAction\",\"target\":[\"https:\\\/\\\/www.cidademarketing.com.br\\\/marketing\\\/2019\\\/11\\\/20\\\/fernanda-gentil-e-a-grande-vencedora-da-acao-promocional-ganhou-causou-da-nestle\\\/\"]}]},{\"@type\":\"ImageObject\",\"inLanguage\":\"pt-BR\",\"@id\":\"https:\\\/\\\/www.cidademarketing.com.br\\\/marketing\\\/2019\\\/11\\\/20\\\/fernanda-gentil-e-a-grande-vencedora-da-acao-promocional-ganhou-causou-da-nestle\\\/#primaryimage\",\"url\":\"https:\\\/\\\/www.cidademarketing.com.br\\\/marketing\\\/wp-content\\\/uploads\\\/2019\\\/11\\\/fernandagentil_nestle.jpg\",\"contentUrl\":\"https:\\\/\\\/www.cidademarketing.com.br\\\/marketing\\\/wp-content\\\/uploads\\\/2019\\\/11\\\/fernandagentil_nestle.jpg\",\"width\":2000,\"height\":1333,\"caption\":\"Divulga\u00e7\u00e3o\"},{\"@type\":\"BreadcrumbList\",\"@id\":\"https:\\\/\\\/www.cidademarketing.com.br\\\/marketing\\\/2019\\\/11\\\/20\\\/fernanda-gentil-e-a-grande-vencedora-da-acao-promocional-ganhou-causou-da-nestle\\\/#breadcrumb\",\"itemListElement\":[{\"@type\":\"ListItem\",\"position\":1,\"name\":\"In\u00edcio\",\"item\":\"https:\\\/\\\/www.cidademarketing.com.br\\\/marketing\\\/\"},{\"@type\":\"ListItem\",\"position\":2,\"name\":\"Fernanda Gentil \u00e9 a grande vencedora da a\u00e7\u00e3o promocional &#8220;Ganhou, Causou&#8221; da Nestl\u00e9\"}]},{\"@type\":\"WebSite\",\"@id\":\"https:\\\/\\\/www.cidademarketing.com.br\\\/marketing\\\/#website\",\"url\":\"https:\\\/\\\/www.cidademarketing.com.br\\\/marketing\\\/\",\"name\":\"CidadeMarketing\",\"description\":\"Somos um ve\u00edculo de comunica\u00e7\u00e3o de destaque no Brasil, reconhecido por conte\u00fados nos segmentos de marketing, empreendedorismo e inova\u00e7\u00e3o.\",\"publisher\":{\"@id\":\"https:\\\/\\\/www.cidademarketing.com.br\\\/marketing\\\/#organization\"},\"alternateName\":\"CidadeMarketing\",\"potentialAction\":[{\"@type\":\"SearchAction\",\"target\":{\"@type\":\"EntryPoint\",\"urlTemplate\":\"https:\\\/\\\/www.cidademarketing.com.br\\\/marketing\\\/?s={search_term_string}\"},\"query-input\":{\"@type\":\"PropertyValueSpecification\",\"valueRequired\":true,\"valueName\":\"search_term_string\"}}],\"inLanguage\":\"pt-BR\"},{\"@type\":\"Organization\",\"@id\":\"https:\\\/\\\/www.cidademarketing.com.br\\\/marketing\\\/#organization\",\"name\":\"CidadeMarketing\",\"alternateName\":\"CidadeMarketing\",\"url\":\"https:\\\/\\\/www.cidademarketing.com.br\\\/marketing\\\/\",\"logo\":{\"@type\":\"ImageObject\",\"inLanguage\":\"pt-BR\",\"@id\":\"https:\\\/\\\/www.cidademarketing.com.br\\\/marketing\\\/#\\\/schema\\\/logo\\\/image\\\/\",\"url\":\"https:\\\/\\\/www.cidademarketing.com.br\\\/marketing\\\/wp-content\\\/uploads\\\/2020\\\/01\\\/cidademarketing_marca_mobile.png\",\"contentUrl\":\"https:\\\/\\\/www.cidademarketing.com.br\\\/marketing\\\/wp-content\\\/uploads\\\/2020\\\/01\\\/cidademarketing_marca_mobile.png\",\"width\":230,\"height\":92,\"caption\":\"CidadeMarketing\"},\"image\":{\"@id\":\"https:\\\/\\\/www.cidademarketing.com.br\\\/marketing\\\/#\\\/schema\\\/logo\\\/image\\\/\"},\"sameAs\":[\"https:\\\/\\\/www.facebook.com\\\/portalcidademarketing\",\"https:\\\/\\\/x.com\\\/CidadeMarketing\",\"https:\\\/\\\/www.instagram.com\\\/cidademarketing\\\/\"]},{\"@type\":\"Person\",\"@id\":\"https:\\\/\\\/www.cidademarketing.com.br\\\/marketing\\\/#\\\/schema\\\/person\\\/02daff9f18bd9378c9e01eb6b2db155f\",\"name\":\"Thales Brand\u00e3o\",\"image\":{\"@type\":\"ImageObject\",\"inLanguage\":\"pt-BR\",\"@id\":\"https:\\\/\\\/secure.gravatar.com\\\/avatar\\\/7ca3206950207cc3cb48feec56a8a7898741ab725c368d99d5d7a5a50aab80c6?s=96&d=mm&r=g\",\"url\":\"https:\\\/\\\/secure.gravatar.com\\\/avatar\\\/7ca3206950207cc3cb48feec56a8a7898741ab725c368d99d5d7a5a50aab80c6?s=96&d=mm&r=g\",\"contentUrl\":\"https:\\\/\\\/secure.gravatar.com\\\/avatar\\\/7ca3206950207cc3cb48feec56a8a7898741ab725c368d99d5d7a5a50aab80c6?s=96&d=mm&r=g\",\"caption\":\"Thales Brand\u00e3o\"},\"description\":\"Editor Executivo do Portal CidadeMarketing.com.br &gt; Mestre em Comunica\u00e7\u00e3o e Sociedade pela Universidade Federal de Sergipe. Possui MBA Executivo em Administra\u00e7\u00e3o com \u00eanfase em Marketing pela Funda\u00e7\u00e3o Get\u00falio Vargas - Rio de Janeiro. Consultor, Palestrante e Pesquisador sobre Empreendedorismo, Marketing, Redes Sociais e Neg\u00f3cios Digitais. Professor, Palestrante TedxTalks e Campus Party. Twitter: @ThalesBrandao\",\"sameAs\":[\"http:\\\/\\\/www.mandacaru.com.br\",\"https:\\\/\\\/www.facebook.com\\\/thalesbrandao\",\"http:\\\/\\\/www.instagram.com.br\\\/thalesbrandaoferreira\",\"https:\\\/\\\/www.linkedin.com\\\/in\\\/thales-brand\u00e3o-3948609\\\/\",\"https:\\\/\\\/x.com\\\/http:\\\/\\\/www.twitter.com\\\/thalesbrandao\"],\"url\":\"https:\\\/\\\/www.cidademarketing.com.br\\\/marketing\\\/author\\\/thalesbrandao\\\/\"}]}<\/script>\n<!-- \/ Yoast SEO plugin. -->","yoast_head_json":{"title":"Fernanda Gentil \u00e9 a grande vencedora da a\u00e7\u00e3o promocional \"Ganhou, Causou\" da Nestl\u00e9 - CidadeMarketing","robots":{"index":"index","follow":"follow","max-snippet":"max-snippet:-1","max-image-preview":"max-image-preview:large","max-video-preview":"max-video-preview:-1"},"canonical":"https:\/\/www.cidademarketing.com.br\/marketing\/2019\/11\/20\/fernanda-gentil-e-a-grande-vencedora-da-acao-promocional-ganhou-causou-da-nestle\/","og_locale":"pt_BR","og_type":"article","og_title":"Fernanda Gentil \u00e9 a grande vencedora da a\u00e7\u00e3o promocional \"Ganhou, Causou\" da Nestl\u00e9 - CidadeMarketing","og_description":"A causa da Educa\u00e7\u00e3o, por meio do projeto Caslu, liderado pela jornalista e apresentadora Fernanda Gentil, foi a grande vencedora da a\u00e7\u00e3o Ganhou, Causou, realizada pela Nestl\u00e9 e que se encerrou no \u00faltimo dia 11. A promo\u00e7\u00e3o incentivou os consumidores a comprarem produtos Nestl\u00e9 por meio de uma campanha que impactou positivamente a sociedade. Foram [&hellip;]","og_url":"https:\/\/www.cidademarketing.com.br\/marketing\/2019\/11\/20\/fernanda-gentil-e-a-grande-vencedora-da-acao-promocional-ganhou-causou-da-nestle\/","og_site_name":"CidadeMarketing","article_publisher":"https:\/\/www.facebook.com\/portalcidademarketing","article_author":"https:\/\/www.facebook.com\/thalesbrandao","article_published_time":"2019-11-20T00:04:25+00:00","article_modified_time":"2019-11-20T00:04:27+00:00","og_image":[{"width":2000,"height":1333,"url":"https:\/\/www.cidademarketing.com.br\/marketing\/wp-content\/uploads\/2019\/11\/fernandagentil_nestle.jpg","type":"image\/jpeg"}],"author":"Thales Brand\u00e3o","twitter_card":"summary_large_image","twitter_creator":"@http:\/\/www.twitter.com\/thalesbrandao","twitter_site":"@CidadeMarketing","twitter_misc":{"Escrito por":"Thales Brand\u00e3o","Est. tempo de leitura":"3 minutos"},"schema":{"@context":"https:\/\/schema.org","@graph":[{"@type":"Article","@id":"https:\/\/www.cidademarketing.com.br\/marketing\/2019\/11\/20\/fernanda-gentil-e-a-grande-vencedora-da-acao-promocional-ganhou-causou-da-nestle\/#article","isPartOf":{"@id":"https:\/\/www.cidademarketing.com.br\/marketing\/2019\/11\/20\/fernanda-gentil-e-a-grande-vencedora-da-acao-promocional-ganhou-causou-da-nestle\/"},"author":{"name":"Thales Brand\u00e3o","@id":"https:\/\/www.cidademarketing.com.br\/marketing\/#\/schema\/person\/02daff9f18bd9378c9e01eb6b2db155f"},"headline":"Fernanda Gentil \u00e9 a grande vencedora da a\u00e7\u00e3o promocional &#8220;Ganhou, Causou&#8221; da Nestl\u00e9","datePublished":"2019-11-20T00:04:25+00:00","dateModified":"2019-11-20T00:04:27+00:00","mainEntityOfPage":{"@id":"https:\/\/www.cidademarketing.com.br\/marketing\/2019\/11\/20\/fernanda-gentil-e-a-grande-vencedora-da-acao-promocional-ganhou-causou-da-nestle\/"},"wordCount":587,"commentCount":1,"publisher":{"@id":"https:\/\/www.cidademarketing.com.br\/marketing\/#organization"},"image":{"@id":"https:\/\/www.cidademarketing.com.br\/marketing\/2019\/11\/20\/fernanda-gentil-e-a-grande-vencedora-da-acao-promocional-ganhou-causou-da-nestle\/#primaryimage"},"thumbnailUrl":"https:\/\/www.cidademarketing.com.br\/marketing\/wp-content\/uploads\/2019\/11\/fernandagentil_nestle.jpg","keywords":["educa\u00e7\u00e3o","marketing","Nestl\u00e9"],"articleSection":["Not\u00edcias"],"inLanguage":"pt-BR","potentialAction":[{"@type":"CommentAction","name":"Comment","target":["https:\/\/www.cidademarketing.com.br\/marketing\/2019\/11\/20\/fernanda-gentil-e-a-grande-vencedora-da-acao-promocional-ganhou-causou-da-nestle\/#respond"]}]},{"@type":"WebPage","@id":"https:\/\/www.cidademarketing.com.br\/marketing\/2019\/11\/20\/fernanda-gentil-e-a-grande-vencedora-da-acao-promocional-ganhou-causou-da-nestle\/","url":"https:\/\/www.cidademarketing.com.br\/marketing\/2019\/11\/20\/fernanda-gentil-e-a-grande-vencedora-da-acao-promocional-ganhou-causou-da-nestle\/","name":"Fernanda Gentil \u00e9 a grande vencedora da a\u00e7\u00e3o promocional \"Ganhou, Causou\" da Nestl\u00e9 - CidadeMarketing","isPartOf":{"@id":"https:\/\/www.cidademarketing.com.br\/marketing\/#website"},"primaryImageOfPage":{"@id":"https:\/\/www.cidademarketing.com.br\/marketing\/2019\/11\/20\/fernanda-gentil-e-a-grande-vencedora-da-acao-promocional-ganhou-causou-da-nestle\/#primaryimage"},"image":{"@id":"https:\/\/www.cidademarketing.com.br\/marketing\/2019\/11\/20\/fernanda-gentil-e-a-grande-vencedora-da-acao-promocional-ganhou-causou-da-nestle\/#primaryimage"},"thumbnailUrl":"https:\/\/www.cidademarketing.com.br\/marketing\/wp-content\/uploads\/2019\/11\/fernandagentil_nestle.jpg","datePublished":"2019-11-20T00:04:25+00:00","dateModified":"2019-11-20T00:04:27+00:00","breadcrumb":{"@id":"https:\/\/www.cidademarketing.com.br\/marketing\/2019\/11\/20\/fernanda-gentil-e-a-grande-vencedora-da-acao-promocional-ganhou-causou-da-nestle\/#breadcrumb"},"inLanguage":"pt-BR","potentialAction":[{"@type":"ReadAction","target":["https:\/\/www.cidademarketing.com.br\/marketing\/2019\/11\/20\/fernanda-gentil-e-a-grande-vencedora-da-acao-promocional-ganhou-causou-da-nestle\/"]}]},{"@type":"ImageObject","inLanguage":"pt-BR","@id":"https:\/\/www.cidademarketing.com.br\/marketing\/2019\/11\/20\/fernanda-gentil-e-a-grande-vencedora-da-acao-promocional-ganhou-causou-da-nestle\/#primaryimage","url":"https:\/\/www.cidademarketing.com.br\/marketing\/wp-content\/uploads\/2019\/11\/fernandagentil_nestle.jpg","contentUrl":"https:\/\/www.cidademarketing.com.br\/marketing\/wp-content\/uploads\/2019\/11\/fernandagentil_nestle.jpg","width":2000,"height":1333,"caption":"Divulga\u00e7\u00e3o"},{"@type":"BreadcrumbList","@id":"https:\/\/www.cidademarketing.com.br\/marketing\/2019\/11\/20\/fernanda-gentil-e-a-grande-vencedora-da-acao-promocional-ganhou-causou-da-nestle\/#breadcrumb","itemListElement":[{"@type":"ListItem","position":1,"name":"In\u00edcio","item":"https:\/\/www.cidademarketing.com.br\/marketing\/"},{"@type":"ListItem","position":2,"name":"Fernanda Gentil \u00e9 a grande vencedora da a\u00e7\u00e3o promocional &#8220;Ganhou, Causou&#8221; da Nestl\u00e9"}]},{"@type":"WebSite","@id":"https:\/\/www.cidademarketing.com.br\/marketing\/#website","url":"https:\/\/www.cidademarketing.com.br\/marketing\/","name":"CidadeMarketing","description":"Somos um ve\u00edculo de comunica\u00e7\u00e3o de destaque no Brasil, reconhecido por conte\u00fados nos segmentos de marketing, empreendedorismo e inova\u00e7\u00e3o.","publisher":{"@id":"https:\/\/www.cidademarketing.com.br\/marketing\/#organization"},"alternateName":"CidadeMarketing","potentialAction":[{"@type":"SearchAction","target":{"@type":"EntryPoint","urlTemplate":"https:\/\/www.cidademarketing.com.br\/marketing\/?s={search_term_string}"},"query-input":{"@type":"PropertyValueSpecification","valueRequired":true,"valueName":"search_term_string"}}],"inLanguage":"pt-BR"},{"@type":"Organization","@id":"https:\/\/www.cidademarketing.com.br\/marketing\/#organization","name":"CidadeMarketing","alternateName":"CidadeMarketing","url":"https:\/\/www.cidademarketing.com.br\/marketing\/","logo":{"@type":"ImageObject","inLanguage":"pt-BR","@id":"https:\/\/www.cidademarketing.com.br\/marketing\/#\/schema\/logo\/image\/","url":"https:\/\/www.cidademarketing.com.br\/marketing\/wp-content\/uploads\/2020\/01\/cidademarketing_marca_mobile.png","contentUrl":"https:\/\/www.cidademarketing.com.br\/marketing\/wp-content\/uploads\/2020\/01\/cidademarketing_marca_mobile.png","width":230,"height":92,"caption":"CidadeMarketing"},"image":{"@id":"https:\/\/www.cidademarketing.com.br\/marketing\/#\/schema\/logo\/image\/"},"sameAs":["https:\/\/www.facebook.com\/portalcidademarketing","https:\/\/x.com\/CidadeMarketing","https:\/\/www.instagram.com\/cidademarketing\/"]},{"@type":"Person","@id":"https:\/\/www.cidademarketing.com.br\/marketing\/#\/schema\/person\/02daff9f18bd9378c9e01eb6b2db155f","name":"Thales Brand\u00e3o","image":{"@type":"ImageObject","inLanguage":"pt-BR","@id":"https:\/\/secure.gravatar.com\/avatar\/7ca3206950207cc3cb48feec56a8a7898741ab725c368d99d5d7a5a50aab80c6?s=96&d=mm&r=g","url":"https:\/\/secure.gravatar.com\/avatar\/7ca3206950207cc3cb48feec56a8a7898741ab725c368d99d5d7a5a50aab80c6?s=96&d=mm&r=g","contentUrl":"https:\/\/secure.gravatar.com\/avatar\/7ca3206950207cc3cb48feec56a8a7898741ab725c368d99d5d7a5a50aab80c6?s=96&d=mm&r=g","caption":"Thales Brand\u00e3o"},"description":"Editor Executivo do Portal CidadeMarketing.com.br &gt; Mestre em Comunica\u00e7\u00e3o e Sociedade pela Universidade Federal de Sergipe. Possui MBA Executivo em Administra\u00e7\u00e3o com \u00eanfase em Marketing pela Funda\u00e7\u00e3o Get\u00falio Vargas - Rio de Janeiro. Consultor, Palestrante e Pesquisador sobre Empreendedorismo, Marketing, Redes Sociais e Neg\u00f3cios Digitais. Professor, Palestrante TedxTalks e Campus Party. Twitter: @ThalesBrandao","sameAs":["http:\/\/www.mandacaru.com.br","https:\/\/www.facebook.com\/thalesbrandao","http:\/\/www.instagram.com.br\/thalesbrandaoferreira","https:\/\/www.linkedin.com\/in\/thales-brand\u00e3o-3948609\/","https:\/\/x.com\/http:\/\/www.twitter.com\/thalesbrandao"],"url":"https:\/\/www.cidademarketing.com.br\/marketing\/author\/thalesbrandao\/"}]}},"amp_enabled":true,"_links":{"self":[{"href":"https:\/\/www.cidademarketing.com.br\/marketing\/wp-json\/wp\/v2\/posts\/12636","targetHints":{"allow":["GET"]}}],"collection":[{"href":"https:\/\/www.cidademarketing.com.br\/marketing\/wp-json\/wp\/v2\/posts"}],"about":[{"href":"https:\/\/www.cidademarketing.com.br\/marketing\/wp-json\/wp\/v2\/types\/post"}],"author":[{"embeddable":true,"href":"https:\/\/www.cidademarketing.com.br\/marketing\/wp-json\/wp\/v2\/users\/1"}],"replies":[{"embeddable":true,"href":"https:\/\/www.cidademarketing.com.br\/marketing\/wp-json\/wp\/v2\/comments?post=12636"}],"version-history":[{"count":1,"href":"https:\/\/www.cidademarketing.com.br\/marketing\/wp-json\/wp\/v2\/posts\/12636\/revisions"}],"predecessor-version":[{"id":12638,"href":"https:\/\/www.cidademarketing.com.br\/marketing\/wp-json\/wp\/v2\/posts\/12636\/revisions\/12638"}],"wp:featuredmedia":[{"embeddable":true,"href":"https:\/\/www.cidademarketing.com.br\/marketing\/wp-json\/wp\/v2\/media\/12637"}],"wp:attachment":[{"href":"https:\/\/www.cidademarketing.com.br\/marketing\/wp-json\/wp\/v2\/media?parent=12636"}],"wp:term":[{"taxonomy":"category","embeddable":true,"href":"https:\/\/www.cidademarketing.com.br\/marketing\/wp-json\/wp\/v2\/categories?post=12636"},{"taxonomy":"post_tag","embeddable":true,"href":"https:\/\/www.cidademarketing.com.br\/marketing\/wp-json\/wp\/v2\/tags?post=12636"}],"curies":[{"name":"wp","href":"https:\/\/api.w.org\/{rel}","templated":true}]}}