{"id":12622,"date":"2019-11-19T15:32:04","date_gmt":"2019-11-19T11:32:04","guid":{"rendered":"https:\/\/www.cidademarketing.com.br\/marketing\/?p=12622"},"modified":"2019-11-19T15:32:06","modified_gmt":"2019-11-19T11:32:06","slug":"pif-paf-alimentos-compra-o-frigorifico-fricasa-alimentos-de-santa-catarina","status":"publish","type":"post","link":"https:\/\/www.cidademarketing.com.br\/marketing\/2019\/11\/19\/pif-paf-alimentos-compra-o-frigorifico-fricasa-alimentos-de-santa-catarina\/","title":{"rendered":"Pif Paf Alimentos compra o frigor\u00edfico Fricasa Alimentos, de Santa Catarina"},"content":{"rendered":"\n<p>A\nPif Paf Alimentos anuncia a compra da integralidade da empresa Fricasa\nAlimentos, localizada na cidade de Canoinhas, em Santa Catarina. A opera\u00e7\u00e3o,\nque est\u00e1 alinhada ao plano estrat\u00e9gico da companhia mineira, encontra-se sob\nan\u00e1lise para aprova\u00e7\u00e3o pelo Conselho Administrativo de Defesa Econ\u00f4mica (Cade).\nAp\u00f3s a conclus\u00e3o do processo, a aquisi\u00e7\u00e3o possibilitar\u00e1 a amplia\u00e7\u00e3o da sua\ncapacidade total de processamento de su\u00ednos em mais de 70%, com a previs\u00e3o de\num incremento de, aproximadamente, 15% no faturamento do grupo, al\u00e9m de\nrefor\u00e7ar o atendimento a novos mercados no Brasil e no exterior.\n\nFundada em 1962, a Fricasa Alimentos \u00e9\nreconhecida como \u201cespecialista em carne su\u00edna\u201d e oferece 114 produtos em v\u00e1rias\nlinhas, tais como apresuntados, cortes congelados, defumados, lingui\u00e7as,\nmortadelas, bacon, salgados, temperados e salames. Possui muitas semelhan\u00e7as\ncom o modelo de neg\u00f3cio adotado pela Pif Paf e, ao mesmo tempo, \u00e9 complementar,\no que indica oportunidades de sinergia entre as duas. Depois da aprova\u00e7\u00e3o da\ntransa\u00e7\u00e3o e o cumprimento das condi\u00e7\u00f5es precedentes \u00e0 opera\u00e7\u00e3o, a Fricasa\npassar\u00e1 a atuar sob a gest\u00e3o da compradora.<br><br>\nO neg\u00f3cio acelera o desenvolvimento dos projetos da Pif Paf e refor\u00e7a sua\nposi\u00e7\u00e3o entre as maiores ind\u00fastrias de alimentos resfriados e congelados do\npa\u00eds. \u201cEsse investimento reflete uma transforma\u00e7\u00e3o muito significativa que est\u00e1\nem curso na Pif Paf, por meio da execu\u00e7\u00e3o disciplinada de nosso plano\nestrat\u00e9gico, com foco no crescimento sustent\u00e1vel de longo prazo. Resultar\u00e1 em\numa empresa com posicionamento competitivo ainda mais robusto e diversificado,\nem condi\u00e7\u00f5es de oferecer aos clientes um portf\u00f3lio de produtos e marcas ainda\nmais completo e de alto valor agregado\u201d, destaca o CEO da companhia, Rodrigo\nAlves Coelho. A aquisi\u00e7\u00e3o tamb\u00e9m possibilita a expans\u00e3o para novos mercados no\nBrasil e no exterior, a partir de uma excelente plataforma industrial,\nlocalizada em um dos estados mais importantes na produ\u00e7\u00e3o de su\u00ednos do pa\u00eds.<br><br><\/p>\n","protected":false},"excerpt":{"rendered":"<p>A Pif Paf Alimentos anuncia a compra da integralidade da empresa Fricasa Alimentos, localizada na cidade de Canoinhas, em Santa Catarina. A opera\u00e7\u00e3o, que est\u00e1 alinhada ao plano estrat\u00e9gico da companhia mineira, encontra-se sob an\u00e1lise para aprova\u00e7\u00e3o pelo Conselho Administrativo de Defesa Econ\u00f4mica (Cade). Ap\u00f3s a conclus\u00e3o do processo, a aquisi\u00e7\u00e3o possibilitar\u00e1 a amplia\u00e7\u00e3o da [&hellip;]<\/p>\n","protected":false},"author":1,"featured_media":12623,"comment_status":"open","ping_status":"open","sticky":false,"template":"","format":"standard","meta":{"tdm_status":"","tdm_grid_status":"","footnotes":""},"categories":[8,6],"tags":[2576,37,28,291],"class_list":["post-12622","post","type-post","status-publish","format-standard","has-post-thumbnail","hentry","category-marcas","category-noticias","tag-fricasa","tag-marca","tag-marketing","tag-pif-paf"],"yoast_head":"<!-- This site is optimized with the Yoast SEO plugin v27.5 - https:\/\/yoast.com\/product\/yoast-seo-wordpress\/ -->\n<title>Pif Paf Alimentos compra o frigor\u00edfico Fricasa Alimentos, de Santa Catarina - CidadeMarketing<\/title>\n<meta name=\"robots\" content=\"index, follow, max-snippet:-1, max-image-preview:large, max-video-preview:-1\" \/>\n<link rel=\"canonical\" href=\"https:\/\/www.cidademarketing.com.br\/marketing\/2019\/11\/19\/pif-paf-alimentos-compra-o-frigorifico-fricasa-alimentos-de-santa-catarina\/\" \/>\n<meta property=\"og:locale\" content=\"pt_BR\" \/>\n<meta property=\"og:type\" content=\"article\" \/>\n<meta property=\"og:title\" content=\"Pif Paf Alimentos compra o frigor\u00edfico Fricasa Alimentos, de Santa Catarina - CidadeMarketing\" \/>\n<meta property=\"og:description\" content=\"A Pif Paf Alimentos anuncia a compra da integralidade da empresa Fricasa Alimentos, localizada na cidade de Canoinhas, em Santa Catarina. A opera\u00e7\u00e3o, que est\u00e1 alinhada ao plano estrat\u00e9gico da companhia mineira, encontra-se sob an\u00e1lise para aprova\u00e7\u00e3o pelo Conselho Administrativo de Defesa Econ\u00f4mica (Cade). Ap\u00f3s a conclus\u00e3o do processo, a aquisi\u00e7\u00e3o possibilitar\u00e1 a amplia\u00e7\u00e3o da [&hellip;]\" \/>\n<meta property=\"og:url\" content=\"https:\/\/www.cidademarketing.com.br\/marketing\/2019\/11\/19\/pif-paf-alimentos-compra-o-frigorifico-fricasa-alimentos-de-santa-catarina\/\" \/>\n<meta property=\"og:site_name\" content=\"CidadeMarketing\" \/>\n<meta property=\"article:publisher\" content=\"https:\/\/www.facebook.com\/portalcidademarketing\" \/>\n<meta property=\"article:author\" content=\"https:\/\/www.facebook.com\/thalesbrandao\" \/>\n<meta property=\"article:published_time\" content=\"2019-11-19T11:32:04+00:00\" \/>\n<meta property=\"article:modified_time\" content=\"2019-11-19T11:32:06+00:00\" \/>\n<meta property=\"og:image\" content=\"https:\/\/www.cidademarketing.com.br\/marketing\/wp-content\/uploads\/2019\/11\/pif_paf_alimentos.jpg\" \/>\n\t<meta property=\"og:image:width\" content=\"291\" \/>\n\t<meta property=\"og:image:height\" content=\"184\" \/>\n\t<meta property=\"og:image:type\" content=\"image\/jpeg\" \/>\n<meta name=\"author\" content=\"Thales Brand\u00e3o\" \/>\n<meta name=\"twitter:card\" content=\"summary_large_image\" \/>\n<meta name=\"twitter:creator\" content=\"@http:\/\/www.twitter.com\/thalesbrandao\" \/>\n<meta name=\"twitter:site\" content=\"@CidadeMarketing\" \/>\n<meta name=\"twitter:label1\" content=\"Escrito por\" \/>\n\t<meta name=\"twitter:data1\" content=\"Thales Brand\u00e3o\" \/>\n\t<meta name=\"twitter:label2\" content=\"Est. tempo de leitura\" \/>\n\t<meta name=\"twitter:data2\" content=\"2 minutos\" \/>\n<script type=\"application\/ld+json\" class=\"yoast-schema-graph\">{\"@context\":\"https:\\\/\\\/schema.org\",\"@graph\":[{\"@type\":\"Article\",\"@id\":\"https:\\\/\\\/www.cidademarketing.com.br\\\/marketing\\\/2019\\\/11\\\/19\\\/pif-paf-alimentos-compra-o-frigorifico-fricasa-alimentos-de-santa-catarina\\\/#article\",\"isPartOf\":{\"@id\":\"https:\\\/\\\/www.cidademarketing.com.br\\\/marketing\\\/2019\\\/11\\\/19\\\/pif-paf-alimentos-compra-o-frigorifico-fricasa-alimentos-de-santa-catarina\\\/\"},\"author\":{\"name\":\"Thales Brand\u00e3o\",\"@id\":\"https:\\\/\\\/www.cidademarketing.com.br\\\/marketing\\\/#\\\/schema\\\/person\\\/02daff9f18bd9378c9e01eb6b2db155f\"},\"headline\":\"Pif Paf Alimentos compra o frigor\u00edfico Fricasa Alimentos, de Santa Catarina\",\"datePublished\":\"2019-11-19T11:32:04+00:00\",\"dateModified\":\"2019-11-19T11:32:06+00:00\",\"mainEntityOfPage\":{\"@id\":\"https:\\\/\\\/www.cidademarketing.com.br\\\/marketing\\\/2019\\\/11\\\/19\\\/pif-paf-alimentos-compra-o-frigorifico-fricasa-alimentos-de-santa-catarina\\\/\"},\"wordCount\":350,\"commentCount\":0,\"publisher\":{\"@id\":\"https:\\\/\\\/www.cidademarketing.com.br\\\/marketing\\\/#organization\"},\"image\":{\"@id\":\"https:\\\/\\\/www.cidademarketing.com.br\\\/marketing\\\/2019\\\/11\\\/19\\\/pif-paf-alimentos-compra-o-frigorifico-fricasa-alimentos-de-santa-catarina\\\/#primaryimage\"},\"thumbnailUrl\":\"https:\\\/\\\/www.cidademarketing.com.br\\\/marketing\\\/wp-content\\\/uploads\\\/2019\\\/11\\\/pif_paf_alimentos.jpg\",\"keywords\":[\"Fricasa\",\"marca\",\"marketing\",\"Pif Paf\"],\"articleSection\":[\"Marcas\",\"Not\u00edcias\"],\"inLanguage\":\"pt-BR\",\"potentialAction\":[{\"@type\":\"CommentAction\",\"name\":\"Comment\",\"target\":[\"https:\\\/\\\/www.cidademarketing.com.br\\\/marketing\\\/2019\\\/11\\\/19\\\/pif-paf-alimentos-compra-o-frigorifico-fricasa-alimentos-de-santa-catarina\\\/#respond\"]}]},{\"@type\":\"WebPage\",\"@id\":\"https:\\\/\\\/www.cidademarketing.com.br\\\/marketing\\\/2019\\\/11\\\/19\\\/pif-paf-alimentos-compra-o-frigorifico-fricasa-alimentos-de-santa-catarina\\\/\",\"url\":\"https:\\\/\\\/www.cidademarketing.com.br\\\/marketing\\\/2019\\\/11\\\/19\\\/pif-paf-alimentos-compra-o-frigorifico-fricasa-alimentos-de-santa-catarina\\\/\",\"name\":\"Pif Paf Alimentos compra o frigor\u00edfico Fricasa Alimentos, de Santa Catarina - CidadeMarketing\",\"isPartOf\":{\"@id\":\"https:\\\/\\\/www.cidademarketing.com.br\\\/marketing\\\/#website\"},\"primaryImageOfPage\":{\"@id\":\"https:\\\/\\\/www.cidademarketing.com.br\\\/marketing\\\/2019\\\/11\\\/19\\\/pif-paf-alimentos-compra-o-frigorifico-fricasa-alimentos-de-santa-catarina\\\/#primaryimage\"},\"image\":{\"@id\":\"https:\\\/\\\/www.cidademarketing.com.br\\\/marketing\\\/2019\\\/11\\\/19\\\/pif-paf-alimentos-compra-o-frigorifico-fricasa-alimentos-de-santa-catarina\\\/#primaryimage\"},\"thumbnailUrl\":\"https:\\\/\\\/www.cidademarketing.com.br\\\/marketing\\\/wp-content\\\/uploads\\\/2019\\\/11\\\/pif_paf_alimentos.jpg\",\"datePublished\":\"2019-11-19T11:32:04+00:00\",\"dateModified\":\"2019-11-19T11:32:06+00:00\",\"breadcrumb\":{\"@id\":\"https:\\\/\\\/www.cidademarketing.com.br\\\/marketing\\\/2019\\\/11\\\/19\\\/pif-paf-alimentos-compra-o-frigorifico-fricasa-alimentos-de-santa-catarina\\\/#breadcrumb\"},\"inLanguage\":\"pt-BR\",\"potentialAction\":[{\"@type\":\"ReadAction\",\"target\":[\"https:\\\/\\\/www.cidademarketing.com.br\\\/marketing\\\/2019\\\/11\\\/19\\\/pif-paf-alimentos-compra-o-frigorifico-fricasa-alimentos-de-santa-catarina\\\/\"]}]},{\"@type\":\"ImageObject\",\"inLanguage\":\"pt-BR\",\"@id\":\"https:\\\/\\\/www.cidademarketing.com.br\\\/marketing\\\/2019\\\/11\\\/19\\\/pif-paf-alimentos-compra-o-frigorifico-fricasa-alimentos-de-santa-catarina\\\/#primaryimage\",\"url\":\"https:\\\/\\\/www.cidademarketing.com.br\\\/marketing\\\/wp-content\\\/uploads\\\/2019\\\/11\\\/pif_paf_alimentos.jpg\",\"contentUrl\":\"https:\\\/\\\/www.cidademarketing.com.br\\\/marketing\\\/wp-content\\\/uploads\\\/2019\\\/11\\\/pif_paf_alimentos.jpg\",\"width\":291,\"height\":184},{\"@type\":\"BreadcrumbList\",\"@id\":\"https:\\\/\\\/www.cidademarketing.com.br\\\/marketing\\\/2019\\\/11\\\/19\\\/pif-paf-alimentos-compra-o-frigorifico-fricasa-alimentos-de-santa-catarina\\\/#breadcrumb\",\"itemListElement\":[{\"@type\":\"ListItem\",\"position\":1,\"name\":\"In\u00edcio\",\"item\":\"https:\\\/\\\/www.cidademarketing.com.br\\\/marketing\\\/\"},{\"@type\":\"ListItem\",\"position\":2,\"name\":\"Pif Paf Alimentos compra o frigor\u00edfico Fricasa Alimentos, de Santa Catarina\"}]},{\"@type\":\"WebSite\",\"@id\":\"https:\\\/\\\/www.cidademarketing.com.br\\\/marketing\\\/#website\",\"url\":\"https:\\\/\\\/www.cidademarketing.com.br\\\/marketing\\\/\",\"name\":\"CidadeMarketing\",\"description\":\"Somos um ve\u00edculo de comunica\u00e7\u00e3o de destaque no Brasil, reconhecido por conte\u00fados nos segmentos de marketing, empreendedorismo e inova\u00e7\u00e3o.\",\"publisher\":{\"@id\":\"https:\\\/\\\/www.cidademarketing.com.br\\\/marketing\\\/#organization\"},\"alternateName\":\"CidadeMarketing\",\"potentialAction\":[{\"@type\":\"SearchAction\",\"target\":{\"@type\":\"EntryPoint\",\"urlTemplate\":\"https:\\\/\\\/www.cidademarketing.com.br\\\/marketing\\\/?s={search_term_string}\"},\"query-input\":{\"@type\":\"PropertyValueSpecification\",\"valueRequired\":true,\"valueName\":\"search_term_string\"}}],\"inLanguage\":\"pt-BR\"},{\"@type\":\"Organization\",\"@id\":\"https:\\\/\\\/www.cidademarketing.com.br\\\/marketing\\\/#organization\",\"name\":\"CidadeMarketing\",\"alternateName\":\"CidadeMarketing\",\"url\":\"https:\\\/\\\/www.cidademarketing.com.br\\\/marketing\\\/\",\"logo\":{\"@type\":\"ImageObject\",\"inLanguage\":\"pt-BR\",\"@id\":\"https:\\\/\\\/www.cidademarketing.com.br\\\/marketing\\\/#\\\/schema\\\/logo\\\/image\\\/\",\"url\":\"https:\\\/\\\/www.cidademarketing.com.br\\\/marketing\\\/wp-content\\\/uploads\\\/2020\\\/01\\\/cidademarketing_marca_mobile.png\",\"contentUrl\":\"https:\\\/\\\/www.cidademarketing.com.br\\\/marketing\\\/wp-content\\\/uploads\\\/2020\\\/01\\\/cidademarketing_marca_mobile.png\",\"width\":230,\"height\":92,\"caption\":\"CidadeMarketing\"},\"image\":{\"@id\":\"https:\\\/\\\/www.cidademarketing.com.br\\\/marketing\\\/#\\\/schema\\\/logo\\\/image\\\/\"},\"sameAs\":[\"https:\\\/\\\/www.facebook.com\\\/portalcidademarketing\",\"https:\\\/\\\/x.com\\\/CidadeMarketing\",\"https:\\\/\\\/www.instagram.com\\\/cidademarketing\\\/\"]},{\"@type\":\"Person\",\"@id\":\"https:\\\/\\\/www.cidademarketing.com.br\\\/marketing\\\/#\\\/schema\\\/person\\\/02daff9f18bd9378c9e01eb6b2db155f\",\"name\":\"Thales Brand\u00e3o\",\"image\":{\"@type\":\"ImageObject\",\"inLanguage\":\"pt-BR\",\"@id\":\"https:\\\/\\\/secure.gravatar.com\\\/avatar\\\/7ca3206950207cc3cb48feec56a8a7898741ab725c368d99d5d7a5a50aab80c6?s=96&d=mm&r=g\",\"url\":\"https:\\\/\\\/secure.gravatar.com\\\/avatar\\\/7ca3206950207cc3cb48feec56a8a7898741ab725c368d99d5d7a5a50aab80c6?s=96&d=mm&r=g\",\"contentUrl\":\"https:\\\/\\\/secure.gravatar.com\\\/avatar\\\/7ca3206950207cc3cb48feec56a8a7898741ab725c368d99d5d7a5a50aab80c6?s=96&d=mm&r=g\",\"caption\":\"Thales Brand\u00e3o\"},\"description\":\"Editor Executivo do Portal CidadeMarketing.com.br &gt; Mestre em Comunica\u00e7\u00e3o e Sociedade pela Universidade Federal de Sergipe. Possui MBA Executivo em Administra\u00e7\u00e3o com \u00eanfase em Marketing pela Funda\u00e7\u00e3o Get\u00falio Vargas - Rio de Janeiro. Consultor, Palestrante e Pesquisador sobre Empreendedorismo, Marketing, Redes Sociais e Neg\u00f3cios Digitais. Professor, Palestrante TedxTalks e Campus Party. Twitter: @ThalesBrandao\",\"sameAs\":[\"http:\\\/\\\/www.mandacaru.com.br\",\"https:\\\/\\\/www.facebook.com\\\/thalesbrandao\",\"http:\\\/\\\/www.instagram.com.br\\\/thalesbrandaoferreira\",\"https:\\\/\\\/www.linkedin.com\\\/in\\\/thales-brand\u00e3o-3948609\\\/\",\"https:\\\/\\\/x.com\\\/http:\\\/\\\/www.twitter.com\\\/thalesbrandao\"],\"url\":\"https:\\\/\\\/www.cidademarketing.com.br\\\/marketing\\\/author\\\/thalesbrandao\\\/\"}]}<\/script>\n<!-- \/ Yoast SEO plugin. -->","yoast_head_json":{"title":"Pif Paf Alimentos compra o frigor\u00edfico Fricasa Alimentos, de Santa Catarina - CidadeMarketing","robots":{"index":"index","follow":"follow","max-snippet":"max-snippet:-1","max-image-preview":"max-image-preview:large","max-video-preview":"max-video-preview:-1"},"canonical":"https:\/\/www.cidademarketing.com.br\/marketing\/2019\/11\/19\/pif-paf-alimentos-compra-o-frigorifico-fricasa-alimentos-de-santa-catarina\/","og_locale":"pt_BR","og_type":"article","og_title":"Pif Paf Alimentos compra o frigor\u00edfico Fricasa Alimentos, de Santa Catarina - CidadeMarketing","og_description":"A Pif Paf Alimentos anuncia a compra da integralidade da empresa Fricasa Alimentos, localizada na cidade de Canoinhas, em Santa Catarina. A opera\u00e7\u00e3o, que est\u00e1 alinhada ao plano estrat\u00e9gico da companhia mineira, encontra-se sob an\u00e1lise para aprova\u00e7\u00e3o pelo Conselho Administrativo de Defesa Econ\u00f4mica (Cade). Ap\u00f3s a conclus\u00e3o do processo, a aquisi\u00e7\u00e3o possibilitar\u00e1 a amplia\u00e7\u00e3o da [&hellip;]","og_url":"https:\/\/www.cidademarketing.com.br\/marketing\/2019\/11\/19\/pif-paf-alimentos-compra-o-frigorifico-fricasa-alimentos-de-santa-catarina\/","og_site_name":"CidadeMarketing","article_publisher":"https:\/\/www.facebook.com\/portalcidademarketing","article_author":"https:\/\/www.facebook.com\/thalesbrandao","article_published_time":"2019-11-19T11:32:04+00:00","article_modified_time":"2019-11-19T11:32:06+00:00","og_image":[{"width":291,"height":184,"url":"https:\/\/www.cidademarketing.com.br\/marketing\/wp-content\/uploads\/2019\/11\/pif_paf_alimentos.jpg","type":"image\/jpeg"}],"author":"Thales Brand\u00e3o","twitter_card":"summary_large_image","twitter_creator":"@http:\/\/www.twitter.com\/thalesbrandao","twitter_site":"@CidadeMarketing","twitter_misc":{"Escrito por":"Thales Brand\u00e3o","Est. tempo de leitura":"2 minutos"},"schema":{"@context":"https:\/\/schema.org","@graph":[{"@type":"Article","@id":"https:\/\/www.cidademarketing.com.br\/marketing\/2019\/11\/19\/pif-paf-alimentos-compra-o-frigorifico-fricasa-alimentos-de-santa-catarina\/#article","isPartOf":{"@id":"https:\/\/www.cidademarketing.com.br\/marketing\/2019\/11\/19\/pif-paf-alimentos-compra-o-frigorifico-fricasa-alimentos-de-santa-catarina\/"},"author":{"name":"Thales Brand\u00e3o","@id":"https:\/\/www.cidademarketing.com.br\/marketing\/#\/schema\/person\/02daff9f18bd9378c9e01eb6b2db155f"},"headline":"Pif Paf Alimentos compra o frigor\u00edfico Fricasa Alimentos, de Santa Catarina","datePublished":"2019-11-19T11:32:04+00:00","dateModified":"2019-11-19T11:32:06+00:00","mainEntityOfPage":{"@id":"https:\/\/www.cidademarketing.com.br\/marketing\/2019\/11\/19\/pif-paf-alimentos-compra-o-frigorifico-fricasa-alimentos-de-santa-catarina\/"},"wordCount":350,"commentCount":0,"publisher":{"@id":"https:\/\/www.cidademarketing.com.br\/marketing\/#organization"},"image":{"@id":"https:\/\/www.cidademarketing.com.br\/marketing\/2019\/11\/19\/pif-paf-alimentos-compra-o-frigorifico-fricasa-alimentos-de-santa-catarina\/#primaryimage"},"thumbnailUrl":"https:\/\/www.cidademarketing.com.br\/marketing\/wp-content\/uploads\/2019\/11\/pif_paf_alimentos.jpg","keywords":["Fricasa","marca","marketing","Pif Paf"],"articleSection":["Marcas","Not\u00edcias"],"inLanguage":"pt-BR","potentialAction":[{"@type":"CommentAction","name":"Comment","target":["https:\/\/www.cidademarketing.com.br\/marketing\/2019\/11\/19\/pif-paf-alimentos-compra-o-frigorifico-fricasa-alimentos-de-santa-catarina\/#respond"]}]},{"@type":"WebPage","@id":"https:\/\/www.cidademarketing.com.br\/marketing\/2019\/11\/19\/pif-paf-alimentos-compra-o-frigorifico-fricasa-alimentos-de-santa-catarina\/","url":"https:\/\/www.cidademarketing.com.br\/marketing\/2019\/11\/19\/pif-paf-alimentos-compra-o-frigorifico-fricasa-alimentos-de-santa-catarina\/","name":"Pif Paf Alimentos compra o frigor\u00edfico Fricasa Alimentos, de Santa Catarina - CidadeMarketing","isPartOf":{"@id":"https:\/\/www.cidademarketing.com.br\/marketing\/#website"},"primaryImageOfPage":{"@id":"https:\/\/www.cidademarketing.com.br\/marketing\/2019\/11\/19\/pif-paf-alimentos-compra-o-frigorifico-fricasa-alimentos-de-santa-catarina\/#primaryimage"},"image":{"@id":"https:\/\/www.cidademarketing.com.br\/marketing\/2019\/11\/19\/pif-paf-alimentos-compra-o-frigorifico-fricasa-alimentos-de-santa-catarina\/#primaryimage"},"thumbnailUrl":"https:\/\/www.cidademarketing.com.br\/marketing\/wp-content\/uploads\/2019\/11\/pif_paf_alimentos.jpg","datePublished":"2019-11-19T11:32:04+00:00","dateModified":"2019-11-19T11:32:06+00:00","breadcrumb":{"@id":"https:\/\/www.cidademarketing.com.br\/marketing\/2019\/11\/19\/pif-paf-alimentos-compra-o-frigorifico-fricasa-alimentos-de-santa-catarina\/#breadcrumb"},"inLanguage":"pt-BR","potentialAction":[{"@type":"ReadAction","target":["https:\/\/www.cidademarketing.com.br\/marketing\/2019\/11\/19\/pif-paf-alimentos-compra-o-frigorifico-fricasa-alimentos-de-santa-catarina\/"]}]},{"@type":"ImageObject","inLanguage":"pt-BR","@id":"https:\/\/www.cidademarketing.com.br\/marketing\/2019\/11\/19\/pif-paf-alimentos-compra-o-frigorifico-fricasa-alimentos-de-santa-catarina\/#primaryimage","url":"https:\/\/www.cidademarketing.com.br\/marketing\/wp-content\/uploads\/2019\/11\/pif_paf_alimentos.jpg","contentUrl":"https:\/\/www.cidademarketing.com.br\/marketing\/wp-content\/uploads\/2019\/11\/pif_paf_alimentos.jpg","width":291,"height":184},{"@type":"BreadcrumbList","@id":"https:\/\/www.cidademarketing.com.br\/marketing\/2019\/11\/19\/pif-paf-alimentos-compra-o-frigorifico-fricasa-alimentos-de-santa-catarina\/#breadcrumb","itemListElement":[{"@type":"ListItem","position":1,"name":"In\u00edcio","item":"https:\/\/www.cidademarketing.com.br\/marketing\/"},{"@type":"ListItem","position":2,"name":"Pif Paf Alimentos compra o frigor\u00edfico Fricasa Alimentos, de Santa Catarina"}]},{"@type":"WebSite","@id":"https:\/\/www.cidademarketing.com.br\/marketing\/#website","url":"https:\/\/www.cidademarketing.com.br\/marketing\/","name":"CidadeMarketing","description":"Somos um ve\u00edculo de comunica\u00e7\u00e3o de destaque no Brasil, reconhecido por conte\u00fados nos segmentos de marketing, empreendedorismo e inova\u00e7\u00e3o.","publisher":{"@id":"https:\/\/www.cidademarketing.com.br\/marketing\/#organization"},"alternateName":"CidadeMarketing","potentialAction":[{"@type":"SearchAction","target":{"@type":"EntryPoint","urlTemplate":"https:\/\/www.cidademarketing.com.br\/marketing\/?s={search_term_string}"},"query-input":{"@type":"PropertyValueSpecification","valueRequired":true,"valueName":"search_term_string"}}],"inLanguage":"pt-BR"},{"@type":"Organization","@id":"https:\/\/www.cidademarketing.com.br\/marketing\/#organization","name":"CidadeMarketing","alternateName":"CidadeMarketing","url":"https:\/\/www.cidademarketing.com.br\/marketing\/","logo":{"@type":"ImageObject","inLanguage":"pt-BR","@id":"https:\/\/www.cidademarketing.com.br\/marketing\/#\/schema\/logo\/image\/","url":"https:\/\/www.cidademarketing.com.br\/marketing\/wp-content\/uploads\/2020\/01\/cidademarketing_marca_mobile.png","contentUrl":"https:\/\/www.cidademarketing.com.br\/marketing\/wp-content\/uploads\/2020\/01\/cidademarketing_marca_mobile.png","width":230,"height":92,"caption":"CidadeMarketing"},"image":{"@id":"https:\/\/www.cidademarketing.com.br\/marketing\/#\/schema\/logo\/image\/"},"sameAs":["https:\/\/www.facebook.com\/portalcidademarketing","https:\/\/x.com\/CidadeMarketing","https:\/\/www.instagram.com\/cidademarketing\/"]},{"@type":"Person","@id":"https:\/\/www.cidademarketing.com.br\/marketing\/#\/schema\/person\/02daff9f18bd9378c9e01eb6b2db155f","name":"Thales Brand\u00e3o","image":{"@type":"ImageObject","inLanguage":"pt-BR","@id":"https:\/\/secure.gravatar.com\/avatar\/7ca3206950207cc3cb48feec56a8a7898741ab725c368d99d5d7a5a50aab80c6?s=96&d=mm&r=g","url":"https:\/\/secure.gravatar.com\/avatar\/7ca3206950207cc3cb48feec56a8a7898741ab725c368d99d5d7a5a50aab80c6?s=96&d=mm&r=g","contentUrl":"https:\/\/secure.gravatar.com\/avatar\/7ca3206950207cc3cb48feec56a8a7898741ab725c368d99d5d7a5a50aab80c6?s=96&d=mm&r=g","caption":"Thales Brand\u00e3o"},"description":"Editor Executivo do Portal CidadeMarketing.com.br &gt; Mestre em Comunica\u00e7\u00e3o e Sociedade pela Universidade Federal de Sergipe. Possui MBA Executivo em Administra\u00e7\u00e3o com \u00eanfase em Marketing pela Funda\u00e7\u00e3o Get\u00falio Vargas - Rio de Janeiro. Consultor, Palestrante e Pesquisador sobre Empreendedorismo, Marketing, Redes Sociais e Neg\u00f3cios Digitais. Professor, Palestrante TedxTalks e Campus Party. Twitter: @ThalesBrandao","sameAs":["http:\/\/www.mandacaru.com.br","https:\/\/www.facebook.com\/thalesbrandao","http:\/\/www.instagram.com.br\/thalesbrandaoferreira","https:\/\/www.linkedin.com\/in\/thales-brand\u00e3o-3948609\/","https:\/\/x.com\/http:\/\/www.twitter.com\/thalesbrandao"],"url":"https:\/\/www.cidademarketing.com.br\/marketing\/author\/thalesbrandao\/"}]}},"amp_enabled":true,"_links":{"self":[{"href":"https:\/\/www.cidademarketing.com.br\/marketing\/wp-json\/wp\/v2\/posts\/12622","targetHints":{"allow":["GET"]}}],"collection":[{"href":"https:\/\/www.cidademarketing.com.br\/marketing\/wp-json\/wp\/v2\/posts"}],"about":[{"href":"https:\/\/www.cidademarketing.com.br\/marketing\/wp-json\/wp\/v2\/types\/post"}],"author":[{"embeddable":true,"href":"https:\/\/www.cidademarketing.com.br\/marketing\/wp-json\/wp\/v2\/users\/1"}],"replies":[{"embeddable":true,"href":"https:\/\/www.cidademarketing.com.br\/marketing\/wp-json\/wp\/v2\/comments?post=12622"}],"version-history":[{"count":1,"href":"https:\/\/www.cidademarketing.com.br\/marketing\/wp-json\/wp\/v2\/posts\/12622\/revisions"}],"predecessor-version":[{"id":12624,"href":"https:\/\/www.cidademarketing.com.br\/marketing\/wp-json\/wp\/v2\/posts\/12622\/revisions\/12624"}],"wp:featuredmedia":[{"embeddable":true,"href":"https:\/\/www.cidademarketing.com.br\/marketing\/wp-json\/wp\/v2\/media\/12623"}],"wp:attachment":[{"href":"https:\/\/www.cidademarketing.com.br\/marketing\/wp-json\/wp\/v2\/media?parent=12622"}],"wp:term":[{"taxonomy":"category","embeddable":true,"href":"https:\/\/www.cidademarketing.com.br\/marketing\/wp-json\/wp\/v2\/categories?post=12622"},{"taxonomy":"post_tag","embeddable":true,"href":"https:\/\/www.cidademarketing.com.br\/marketing\/wp-json\/wp\/v2\/tags?post=12622"}],"curies":[{"name":"wp","href":"https:\/\/api.w.org\/{rel}","templated":true}]}}