{"id":12505,"date":"2019-11-10T05:27:50","date_gmt":"2019-11-10T01:27:50","guid":{"rendered":"https:\/\/www.cidademarketing.com.br\/marketing\/?p=12505"},"modified":"2019-11-10T05:27:52","modified_gmt":"2019-11-10T01:27:52","slug":"do-bem-traz-nova-campanha-sobre-as-tensoes-do-dia-a-dia-e-convida-as-pessoas-a-falarem-sobre-o-assunto","status":"publish","type":"post","link":"https:\/\/www.cidademarketing.com.br\/marketing\/2019\/11\/10\/do-bem-traz-nova-campanha-sobre-as-tensoes-do-dia-a-dia-e-convida-as-pessoas-a-falarem-sobre-o-assunto\/","title":{"rendered":"do bem\u2122 traz nova campanha sobre as tens\u00f5es do dia a dia e convida as pessoas a falarem sobre o assunto"},"content":{"rendered":"\n<p>A do bem\u2122 ganha espa\u00e7o nas redes sociais com\nsua nova campanha. De forma descontra\u00edda, a marca de bebidas saud\u00e1veis mostra\nsitua\u00e7\u00f5es cotidianas, como o uso excessivo de tecnologia, o equil\u00edbrio entre\nvida pessoal e profissional, o \u201cfear of missing out\u201d (ou&nbsp;o medo de que outras pessoas tenham boas\nexperi\u00eancias que voc\u00ea n\u00e3o tem)&nbsp;e a pouca rela\u00e7\u00e3o com a natureza.\nPor meio dos seus novos personagens sa\u00eddos diretamente de suas caixas de\nbebidas, ela&nbsp;debate tais quest\u00f5es e traz inspira\u00e7\u00f5es para solucion\u00e1-las.<\/p>\n\n\n\n<p>Desenvolvida pela Hardcuore, a campanha, focada nas redes\nsociais, come\u00e7a com um quiz para introduzir cada assunto e\nganha&nbsp;desdobramentos com dicas simples e cotidianas sempre convidando todo\nmundo a refletir sobre cada tema.<\/p>\n\n\n\n<p>\u201cInspirar e apoiar a conex\u00e3o\ndas pessoas com a sua sa\u00fade f\u00edsica e mental atrav\u00e9s de atitudes poss\u00edveis. Do\nbom humor ao bem estar. Essa \u00e9 a nossa real\u201d, afirmou Tiago Schmidt, gerente de\nmarketing de do bem\u2122.<\/p>\n\n\n\n<p>Essa nova iniciativa faz parte do posicionamento iniciado no meio deste ano, chamado de \u201cSem Fake, s\u00f3\u00a0a\u00a0Real\u201d, quando a marca passou a mostrar que nem tudo o que encontramos na internet e nas redes sociais pode ser levado a s\u00e9rio.<\/p>\n\n\n\n<div class=\"wp-block-image\"><figure class=\"aligncenter is-resized\"><img fetchpriority=\"high\" decoding=\"async\" src=\"https:\/\/www.cidademarketing.com.br\/marketing\/wp-content\/uploads\/2019\/11\/dobem_01-819x1024.jpg\" alt=\"\" class=\"wp-image-12508\" width=\"465\" height=\"581\" srcset=\"https:\/\/www.cidademarketing.com.br\/marketing\/wp-content\/uploads\/2019\/11\/dobem_01-819x1024.jpg 819w, https:\/\/www.cidademarketing.com.br\/marketing\/wp-content\/uploads\/2019\/11\/dobem_01-240x300.jpg 240w, https:\/\/www.cidademarketing.com.br\/marketing\/wp-content\/uploads\/2019\/11\/dobem_01-768x960.jpg 768w, https:\/\/www.cidademarketing.com.br\/marketing\/wp-content\/uploads\/2019\/11\/dobem_01-336x420.jpg 336w, https:\/\/www.cidademarketing.com.br\/marketing\/wp-content\/uploads\/2019\/11\/dobem_01-640x800.jpg 640w, https:\/\/www.cidademarketing.com.br\/marketing\/wp-content\/uploads\/2019\/11\/dobem_01-681x851.jpg 681w, https:\/\/www.cidademarketing.com.br\/marketing\/wp-content\/uploads\/2019\/11\/dobem_01.jpg 1080w\" sizes=\"(max-width: 465px) 100vw, 465px\" \/><figcaption>Divulga\u00e7\u00e3o<\/figcaption><\/figure><\/div>\n\n\n\n<div class=\"wp-block-image\"><figure class=\"aligncenter is-resized\"><img decoding=\"async\" src=\"https:\/\/www.cidademarketing.com.br\/marketing\/wp-content\/uploads\/2019\/11\/dobem_02-819x1024.jpg\" alt=\"\" class=\"wp-image-12507\" width=\"466\" height=\"582\" srcset=\"https:\/\/www.cidademarketing.com.br\/marketing\/wp-content\/uploads\/2019\/11\/dobem_02-819x1024.jpg 819w, https:\/\/www.cidademarketing.com.br\/marketing\/wp-content\/uploads\/2019\/11\/dobem_02-240x300.jpg 240w, https:\/\/www.cidademarketing.com.br\/marketing\/wp-content\/uploads\/2019\/11\/dobem_02-768x960.jpg 768w, https:\/\/www.cidademarketing.com.br\/marketing\/wp-content\/uploads\/2019\/11\/dobem_02-336x420.jpg 336w, https:\/\/www.cidademarketing.com.br\/marketing\/wp-content\/uploads\/2019\/11\/dobem_02-640x800.jpg 640w, https:\/\/www.cidademarketing.com.br\/marketing\/wp-content\/uploads\/2019\/11\/dobem_02-681x851.jpg 681w, https:\/\/www.cidademarketing.com.br\/marketing\/wp-content\/uploads\/2019\/11\/dobem_02.jpg 1080w\" sizes=\"(max-width: 466px) 100vw, 466px\" \/><figcaption>Divulga\u00e7\u00e3o<\/figcaption><\/figure><\/div>\n\n\n\n<p><strong>do&nbsp;bem\u2122<\/strong><\/p>\n\n\n\n<p>A do&nbsp;bem\u2122 foi fundada em 2009, quando um grupo de\njovens cansados da mesmice teve a ideia de fazer uma empresa de sucos\nsaud\u00e1veis, focada em mudar o mundo das bebidas, oferecendo&nbsp;op\u00e7\u00f5es naturais\ne pr\u00e1ticas para o mercado brasileiro. Al\u00e9m dos ingredientes naturais, a\ndo&nbsp;bem\u2122 trouxe uma nova no\u00e7\u00e3o de empresa, adicionando junto com suas\nbebidas naturais uma rela\u00e7\u00e3o mais direta com as pessoas, uma pitada de bom-humor\ne tecnologia em benef\u00edcio da natureza e do corpo humano. Os anos se passaram e,\ndepois de muito trabalho e mangas arrega\u00e7adas, a do&nbsp;bem\u2122 conquistou o\nBrasil. Eles continuam decididos em encontrar sempre a melhor maneira de\nentregar uma bebida pr\u00e1tica, saud\u00e1vel e inovadora, simplificando a vida das\npessoas.<\/p>\n","protected":false},"excerpt":{"rendered":"<p>A do bem\u2122 ganha espa\u00e7o nas redes sociais com sua nova campanha. De forma descontra\u00edda, a marca de bebidas saud\u00e1veis mostra situa\u00e7\u00f5es cotidianas, como o uso excessivo de tecnologia, o equil\u00edbrio entre vida pessoal e profissional, o \u201cfear of missing out\u201d (ou&nbsp;o medo de que outras pessoas tenham boas experi\u00eancias que voc\u00ea n\u00e3o tem)&nbsp;e a [&hellip;]<\/p>\n","protected":false},"author":1,"featured_media":12506,"comment_status":"open","ping_status":"open","sticky":false,"template":"","format":"standard","meta":{"tdm_status":"","tdm_grid_status":"","footnotes":""},"categories":[6],"tags":[65,2243,28],"class_list":["post-12505","post","type-post","status-publish","format-standard","has-post-thumbnail","hentry","category-noticias","tag-campanha","tag-do-bem","tag-marketing"],"yoast_head":"<!-- This site is optimized with the Yoast SEO plugin v27.5 - https:\/\/yoast.com\/product\/yoast-seo-wordpress\/ -->\n<title>do bem\u2122 traz nova campanha sobre as tens\u00f5es do dia a dia e convida as pessoas a falarem sobre o assunto - CidadeMarketing<\/title>\n<meta name=\"robots\" content=\"index, follow, max-snippet:-1, max-image-preview:large, max-video-preview:-1\" \/>\n<link rel=\"canonical\" href=\"https:\/\/www.cidademarketing.com.br\/marketing\/2019\/11\/10\/do-bem-traz-nova-campanha-sobre-as-tensoes-do-dia-a-dia-e-convida-as-pessoas-a-falarem-sobre-o-assunto\/\" \/>\n<meta property=\"og:locale\" content=\"pt_BR\" \/>\n<meta property=\"og:type\" content=\"article\" \/>\n<meta property=\"og:title\" content=\"do bem\u2122 traz nova campanha sobre as tens\u00f5es do dia a dia e convida as pessoas a falarem sobre o assunto - CidadeMarketing\" \/>\n<meta property=\"og:description\" content=\"A do bem\u2122 ganha espa\u00e7o nas redes sociais com sua nova campanha. De forma descontra\u00edda, a marca de bebidas saud\u00e1veis mostra situa\u00e7\u00f5es cotidianas, como o uso excessivo de tecnologia, o equil\u00edbrio entre vida pessoal e profissional, o \u201cfear of missing out\u201d (ou&nbsp;o medo de que outras pessoas tenham boas experi\u00eancias que voc\u00ea n\u00e3o tem)&nbsp;e a [&hellip;]\" \/>\n<meta property=\"og:url\" content=\"https:\/\/www.cidademarketing.com.br\/marketing\/2019\/11\/10\/do-bem-traz-nova-campanha-sobre-as-tensoes-do-dia-a-dia-e-convida-as-pessoas-a-falarem-sobre-o-assunto\/\" \/>\n<meta property=\"og:site_name\" content=\"CidadeMarketing\" \/>\n<meta property=\"article:publisher\" content=\"https:\/\/www.facebook.com\/portalcidademarketing\" \/>\n<meta property=\"article:author\" content=\"https:\/\/www.facebook.com\/thalesbrandao\" \/>\n<meta property=\"article:published_time\" content=\"2019-11-10T01:27:50+00:00\" \/>\n<meta property=\"article:modified_time\" content=\"2019-11-10T01:27:52+00:00\" \/>\n<meta property=\"og:image\" content=\"https:\/\/www.cidademarketing.com.br\/marketing\/wp-content\/uploads\/2019\/11\/dobem_03.jpg\" \/>\n\t<meta property=\"og:image:width\" content=\"1200\" \/>\n\t<meta property=\"og:image:height\" content=\"675\" \/>\n\t<meta property=\"og:image:type\" content=\"image\/jpeg\" \/>\n<meta name=\"author\" content=\"Thales Brand\u00e3o\" \/>\n<meta name=\"twitter:card\" content=\"summary_large_image\" \/>\n<meta name=\"twitter:creator\" content=\"@http:\/\/www.twitter.com\/thalesbrandao\" \/>\n<meta name=\"twitter:site\" content=\"@CidadeMarketing\" \/>\n<meta name=\"twitter:label1\" content=\"Escrito por\" \/>\n\t<meta name=\"twitter:data1\" content=\"Thales Brand\u00e3o\" \/>\n\t<meta name=\"twitter:label2\" content=\"Est. tempo de leitura\" \/>\n\t<meta name=\"twitter:data2\" content=\"2 minutos\" \/>\n<script type=\"application\/ld+json\" class=\"yoast-schema-graph\">{\"@context\":\"https:\\\/\\\/schema.org\",\"@graph\":[{\"@type\":\"Article\",\"@id\":\"https:\\\/\\\/www.cidademarketing.com.br\\\/marketing\\\/2019\\\/11\\\/10\\\/do-bem-traz-nova-campanha-sobre-as-tensoes-do-dia-a-dia-e-convida-as-pessoas-a-falarem-sobre-o-assunto\\\/#article\",\"isPartOf\":{\"@id\":\"https:\\\/\\\/www.cidademarketing.com.br\\\/marketing\\\/2019\\\/11\\\/10\\\/do-bem-traz-nova-campanha-sobre-as-tensoes-do-dia-a-dia-e-convida-as-pessoas-a-falarem-sobre-o-assunto\\\/\"},\"author\":{\"name\":\"Thales Brand\u00e3o\",\"@id\":\"https:\\\/\\\/www.cidademarketing.com.br\\\/marketing\\\/#\\\/schema\\\/person\\\/02daff9f18bd9378c9e01eb6b2db155f\"},\"headline\":\"do bem\u2122 traz nova campanha sobre as tens\u00f5es do dia a dia e convida as pessoas a falarem sobre o assunto\",\"datePublished\":\"2019-11-10T01:27:50+00:00\",\"dateModified\":\"2019-11-10T01:27:52+00:00\",\"mainEntityOfPage\":{\"@id\":\"https:\\\/\\\/www.cidademarketing.com.br\\\/marketing\\\/2019\\\/11\\\/10\\\/do-bem-traz-nova-campanha-sobre-as-tensoes-do-dia-a-dia-e-convida-as-pessoas-a-falarem-sobre-o-assunto\\\/\"},\"wordCount\":383,\"commentCount\":0,\"publisher\":{\"@id\":\"https:\\\/\\\/www.cidademarketing.com.br\\\/marketing\\\/#organization\"},\"image\":{\"@id\":\"https:\\\/\\\/www.cidademarketing.com.br\\\/marketing\\\/2019\\\/11\\\/10\\\/do-bem-traz-nova-campanha-sobre-as-tensoes-do-dia-a-dia-e-convida-as-pessoas-a-falarem-sobre-o-assunto\\\/#primaryimage\"},\"thumbnailUrl\":\"https:\\\/\\\/www.cidademarketing.com.br\\\/marketing\\\/wp-content\\\/uploads\\\/2019\\\/11\\\/dobem_03.jpg\",\"keywords\":[\"campanha\",\"Do Bem\",\"marketing\"],\"articleSection\":[\"Not\u00edcias\"],\"inLanguage\":\"pt-BR\",\"potentialAction\":[{\"@type\":\"CommentAction\",\"name\":\"Comment\",\"target\":[\"https:\\\/\\\/www.cidademarketing.com.br\\\/marketing\\\/2019\\\/11\\\/10\\\/do-bem-traz-nova-campanha-sobre-as-tensoes-do-dia-a-dia-e-convida-as-pessoas-a-falarem-sobre-o-assunto\\\/#respond\"]}]},{\"@type\":\"WebPage\",\"@id\":\"https:\\\/\\\/www.cidademarketing.com.br\\\/marketing\\\/2019\\\/11\\\/10\\\/do-bem-traz-nova-campanha-sobre-as-tensoes-do-dia-a-dia-e-convida-as-pessoas-a-falarem-sobre-o-assunto\\\/\",\"url\":\"https:\\\/\\\/www.cidademarketing.com.br\\\/marketing\\\/2019\\\/11\\\/10\\\/do-bem-traz-nova-campanha-sobre-as-tensoes-do-dia-a-dia-e-convida-as-pessoas-a-falarem-sobre-o-assunto\\\/\",\"name\":\"do bem\u2122 traz nova campanha sobre as tens\u00f5es do dia a dia e convida as pessoas a falarem sobre o assunto - CidadeMarketing\",\"isPartOf\":{\"@id\":\"https:\\\/\\\/www.cidademarketing.com.br\\\/marketing\\\/#website\"},\"primaryImageOfPage\":{\"@id\":\"https:\\\/\\\/www.cidademarketing.com.br\\\/marketing\\\/2019\\\/11\\\/10\\\/do-bem-traz-nova-campanha-sobre-as-tensoes-do-dia-a-dia-e-convida-as-pessoas-a-falarem-sobre-o-assunto\\\/#primaryimage\"},\"image\":{\"@id\":\"https:\\\/\\\/www.cidademarketing.com.br\\\/marketing\\\/2019\\\/11\\\/10\\\/do-bem-traz-nova-campanha-sobre-as-tensoes-do-dia-a-dia-e-convida-as-pessoas-a-falarem-sobre-o-assunto\\\/#primaryimage\"},\"thumbnailUrl\":\"https:\\\/\\\/www.cidademarketing.com.br\\\/marketing\\\/wp-content\\\/uploads\\\/2019\\\/11\\\/dobem_03.jpg\",\"datePublished\":\"2019-11-10T01:27:50+00:00\",\"dateModified\":\"2019-11-10T01:27:52+00:00\",\"breadcrumb\":{\"@id\":\"https:\\\/\\\/www.cidademarketing.com.br\\\/marketing\\\/2019\\\/11\\\/10\\\/do-bem-traz-nova-campanha-sobre-as-tensoes-do-dia-a-dia-e-convida-as-pessoas-a-falarem-sobre-o-assunto\\\/#breadcrumb\"},\"inLanguage\":\"pt-BR\",\"potentialAction\":[{\"@type\":\"ReadAction\",\"target\":[\"https:\\\/\\\/www.cidademarketing.com.br\\\/marketing\\\/2019\\\/11\\\/10\\\/do-bem-traz-nova-campanha-sobre-as-tensoes-do-dia-a-dia-e-convida-as-pessoas-a-falarem-sobre-o-assunto\\\/\"]}]},{\"@type\":\"ImageObject\",\"inLanguage\":\"pt-BR\",\"@id\":\"https:\\\/\\\/www.cidademarketing.com.br\\\/marketing\\\/2019\\\/11\\\/10\\\/do-bem-traz-nova-campanha-sobre-as-tensoes-do-dia-a-dia-e-convida-as-pessoas-a-falarem-sobre-o-assunto\\\/#primaryimage\",\"url\":\"https:\\\/\\\/www.cidademarketing.com.br\\\/marketing\\\/wp-content\\\/uploads\\\/2019\\\/11\\\/dobem_03.jpg\",\"contentUrl\":\"https:\\\/\\\/www.cidademarketing.com.br\\\/marketing\\\/wp-content\\\/uploads\\\/2019\\\/11\\\/dobem_03.jpg\",\"width\":1200,\"height\":675,\"caption\":\"Divulga\u00e7\u00e3o\"},{\"@type\":\"BreadcrumbList\",\"@id\":\"https:\\\/\\\/www.cidademarketing.com.br\\\/marketing\\\/2019\\\/11\\\/10\\\/do-bem-traz-nova-campanha-sobre-as-tensoes-do-dia-a-dia-e-convida-as-pessoas-a-falarem-sobre-o-assunto\\\/#breadcrumb\",\"itemListElement\":[{\"@type\":\"ListItem\",\"position\":1,\"name\":\"In\u00edcio\",\"item\":\"https:\\\/\\\/www.cidademarketing.com.br\\\/marketing\\\/\"},{\"@type\":\"ListItem\",\"position\":2,\"name\":\"do bem\u2122 traz nova campanha sobre as tens\u00f5es do dia a dia e convida as pessoas a falarem sobre o assunto\"}]},{\"@type\":\"WebSite\",\"@id\":\"https:\\\/\\\/www.cidademarketing.com.br\\\/marketing\\\/#website\",\"url\":\"https:\\\/\\\/www.cidademarketing.com.br\\\/marketing\\\/\",\"name\":\"CidadeMarketing\",\"description\":\"Somos um ve\u00edculo de comunica\u00e7\u00e3o de destaque no Brasil, reconhecido por conte\u00fados nos segmentos de marketing, empreendedorismo e inova\u00e7\u00e3o.\",\"publisher\":{\"@id\":\"https:\\\/\\\/www.cidademarketing.com.br\\\/marketing\\\/#organization\"},\"alternateName\":\"CidadeMarketing\",\"potentialAction\":[{\"@type\":\"SearchAction\",\"target\":{\"@type\":\"EntryPoint\",\"urlTemplate\":\"https:\\\/\\\/www.cidademarketing.com.br\\\/marketing\\\/?s={search_term_string}\"},\"query-input\":{\"@type\":\"PropertyValueSpecification\",\"valueRequired\":true,\"valueName\":\"search_term_string\"}}],\"inLanguage\":\"pt-BR\"},{\"@type\":\"Organization\",\"@id\":\"https:\\\/\\\/www.cidademarketing.com.br\\\/marketing\\\/#organization\",\"name\":\"CidadeMarketing\",\"alternateName\":\"CidadeMarketing\",\"url\":\"https:\\\/\\\/www.cidademarketing.com.br\\\/marketing\\\/\",\"logo\":{\"@type\":\"ImageObject\",\"inLanguage\":\"pt-BR\",\"@id\":\"https:\\\/\\\/www.cidademarketing.com.br\\\/marketing\\\/#\\\/schema\\\/logo\\\/image\\\/\",\"url\":\"https:\\\/\\\/www.cidademarketing.com.br\\\/marketing\\\/wp-content\\\/uploads\\\/2020\\\/01\\\/cidademarketing_marca_mobile.png\",\"contentUrl\":\"https:\\\/\\\/www.cidademarketing.com.br\\\/marketing\\\/wp-content\\\/uploads\\\/2020\\\/01\\\/cidademarketing_marca_mobile.png\",\"width\":230,\"height\":92,\"caption\":\"CidadeMarketing\"},\"image\":{\"@id\":\"https:\\\/\\\/www.cidademarketing.com.br\\\/marketing\\\/#\\\/schema\\\/logo\\\/image\\\/\"},\"sameAs\":[\"https:\\\/\\\/www.facebook.com\\\/portalcidademarketing\",\"https:\\\/\\\/x.com\\\/CidadeMarketing\",\"https:\\\/\\\/www.instagram.com\\\/cidademarketing\\\/\"]},{\"@type\":\"Person\",\"@id\":\"https:\\\/\\\/www.cidademarketing.com.br\\\/marketing\\\/#\\\/schema\\\/person\\\/02daff9f18bd9378c9e01eb6b2db155f\",\"name\":\"Thales Brand\u00e3o\",\"image\":{\"@type\":\"ImageObject\",\"inLanguage\":\"pt-BR\",\"@id\":\"https:\\\/\\\/secure.gravatar.com\\\/avatar\\\/7ca3206950207cc3cb48feec56a8a7898741ab725c368d99d5d7a5a50aab80c6?s=96&d=mm&r=g\",\"url\":\"https:\\\/\\\/secure.gravatar.com\\\/avatar\\\/7ca3206950207cc3cb48feec56a8a7898741ab725c368d99d5d7a5a50aab80c6?s=96&d=mm&r=g\",\"contentUrl\":\"https:\\\/\\\/secure.gravatar.com\\\/avatar\\\/7ca3206950207cc3cb48feec56a8a7898741ab725c368d99d5d7a5a50aab80c6?s=96&d=mm&r=g\",\"caption\":\"Thales Brand\u00e3o\"},\"description\":\"Editor Executivo do Portal CidadeMarketing.com.br &gt; Mestre em Comunica\u00e7\u00e3o e Sociedade pela Universidade Federal de Sergipe. Possui MBA Executivo em Administra\u00e7\u00e3o com \u00eanfase em Marketing pela Funda\u00e7\u00e3o Get\u00falio Vargas - Rio de Janeiro. Consultor, Palestrante e Pesquisador sobre Empreendedorismo, Marketing, Redes Sociais e Neg\u00f3cios Digitais. Professor, Palestrante TedxTalks e Campus Party. Twitter: @ThalesBrandao\",\"sameAs\":[\"http:\\\/\\\/www.mandacaru.com.br\",\"https:\\\/\\\/www.facebook.com\\\/thalesbrandao\",\"http:\\\/\\\/www.instagram.com.br\\\/thalesbrandaoferreira\",\"https:\\\/\\\/www.linkedin.com\\\/in\\\/thales-brand\u00e3o-3948609\\\/\",\"https:\\\/\\\/x.com\\\/http:\\\/\\\/www.twitter.com\\\/thalesbrandao\"],\"url\":\"https:\\\/\\\/www.cidademarketing.com.br\\\/marketing\\\/author\\\/thalesbrandao\\\/\"}]}<\/script>\n<!-- \/ Yoast SEO plugin. -->","yoast_head_json":{"title":"do bem\u2122 traz nova campanha sobre as tens\u00f5es do dia a dia e convida as pessoas a falarem sobre o assunto - CidadeMarketing","robots":{"index":"index","follow":"follow","max-snippet":"max-snippet:-1","max-image-preview":"max-image-preview:large","max-video-preview":"max-video-preview:-1"},"canonical":"https:\/\/www.cidademarketing.com.br\/marketing\/2019\/11\/10\/do-bem-traz-nova-campanha-sobre-as-tensoes-do-dia-a-dia-e-convida-as-pessoas-a-falarem-sobre-o-assunto\/","og_locale":"pt_BR","og_type":"article","og_title":"do bem\u2122 traz nova campanha sobre as tens\u00f5es do dia a dia e convida as pessoas a falarem sobre o assunto - CidadeMarketing","og_description":"A do bem\u2122 ganha espa\u00e7o nas redes sociais com sua nova campanha. De forma descontra\u00edda, a marca de bebidas saud\u00e1veis mostra situa\u00e7\u00f5es cotidianas, como o uso excessivo de tecnologia, o equil\u00edbrio entre vida pessoal e profissional, o \u201cfear of missing out\u201d (ou&nbsp;o medo de que outras pessoas tenham boas experi\u00eancias que voc\u00ea n\u00e3o tem)&nbsp;e a [&hellip;]","og_url":"https:\/\/www.cidademarketing.com.br\/marketing\/2019\/11\/10\/do-bem-traz-nova-campanha-sobre-as-tensoes-do-dia-a-dia-e-convida-as-pessoas-a-falarem-sobre-o-assunto\/","og_site_name":"CidadeMarketing","article_publisher":"https:\/\/www.facebook.com\/portalcidademarketing","article_author":"https:\/\/www.facebook.com\/thalesbrandao","article_published_time":"2019-11-10T01:27:50+00:00","article_modified_time":"2019-11-10T01:27:52+00:00","og_image":[{"width":1200,"height":675,"url":"https:\/\/www.cidademarketing.com.br\/marketing\/wp-content\/uploads\/2019\/11\/dobem_03.jpg","type":"image\/jpeg"}],"author":"Thales Brand\u00e3o","twitter_card":"summary_large_image","twitter_creator":"@http:\/\/www.twitter.com\/thalesbrandao","twitter_site":"@CidadeMarketing","twitter_misc":{"Escrito por":"Thales Brand\u00e3o","Est. tempo de leitura":"2 minutos"},"schema":{"@context":"https:\/\/schema.org","@graph":[{"@type":"Article","@id":"https:\/\/www.cidademarketing.com.br\/marketing\/2019\/11\/10\/do-bem-traz-nova-campanha-sobre-as-tensoes-do-dia-a-dia-e-convida-as-pessoas-a-falarem-sobre-o-assunto\/#article","isPartOf":{"@id":"https:\/\/www.cidademarketing.com.br\/marketing\/2019\/11\/10\/do-bem-traz-nova-campanha-sobre-as-tensoes-do-dia-a-dia-e-convida-as-pessoas-a-falarem-sobre-o-assunto\/"},"author":{"name":"Thales Brand\u00e3o","@id":"https:\/\/www.cidademarketing.com.br\/marketing\/#\/schema\/person\/02daff9f18bd9378c9e01eb6b2db155f"},"headline":"do bem\u2122 traz nova campanha sobre as tens\u00f5es do dia a dia e convida as pessoas a falarem sobre o assunto","datePublished":"2019-11-10T01:27:50+00:00","dateModified":"2019-11-10T01:27:52+00:00","mainEntityOfPage":{"@id":"https:\/\/www.cidademarketing.com.br\/marketing\/2019\/11\/10\/do-bem-traz-nova-campanha-sobre-as-tensoes-do-dia-a-dia-e-convida-as-pessoas-a-falarem-sobre-o-assunto\/"},"wordCount":383,"commentCount":0,"publisher":{"@id":"https:\/\/www.cidademarketing.com.br\/marketing\/#organization"},"image":{"@id":"https:\/\/www.cidademarketing.com.br\/marketing\/2019\/11\/10\/do-bem-traz-nova-campanha-sobre-as-tensoes-do-dia-a-dia-e-convida-as-pessoas-a-falarem-sobre-o-assunto\/#primaryimage"},"thumbnailUrl":"https:\/\/www.cidademarketing.com.br\/marketing\/wp-content\/uploads\/2019\/11\/dobem_03.jpg","keywords":["campanha","Do Bem","marketing"],"articleSection":["Not\u00edcias"],"inLanguage":"pt-BR","potentialAction":[{"@type":"CommentAction","name":"Comment","target":["https:\/\/www.cidademarketing.com.br\/marketing\/2019\/11\/10\/do-bem-traz-nova-campanha-sobre-as-tensoes-do-dia-a-dia-e-convida-as-pessoas-a-falarem-sobre-o-assunto\/#respond"]}]},{"@type":"WebPage","@id":"https:\/\/www.cidademarketing.com.br\/marketing\/2019\/11\/10\/do-bem-traz-nova-campanha-sobre-as-tensoes-do-dia-a-dia-e-convida-as-pessoas-a-falarem-sobre-o-assunto\/","url":"https:\/\/www.cidademarketing.com.br\/marketing\/2019\/11\/10\/do-bem-traz-nova-campanha-sobre-as-tensoes-do-dia-a-dia-e-convida-as-pessoas-a-falarem-sobre-o-assunto\/","name":"do bem\u2122 traz nova campanha sobre as tens\u00f5es do dia a dia e convida as pessoas a falarem sobre o assunto - CidadeMarketing","isPartOf":{"@id":"https:\/\/www.cidademarketing.com.br\/marketing\/#website"},"primaryImageOfPage":{"@id":"https:\/\/www.cidademarketing.com.br\/marketing\/2019\/11\/10\/do-bem-traz-nova-campanha-sobre-as-tensoes-do-dia-a-dia-e-convida-as-pessoas-a-falarem-sobre-o-assunto\/#primaryimage"},"image":{"@id":"https:\/\/www.cidademarketing.com.br\/marketing\/2019\/11\/10\/do-bem-traz-nova-campanha-sobre-as-tensoes-do-dia-a-dia-e-convida-as-pessoas-a-falarem-sobre-o-assunto\/#primaryimage"},"thumbnailUrl":"https:\/\/www.cidademarketing.com.br\/marketing\/wp-content\/uploads\/2019\/11\/dobem_03.jpg","datePublished":"2019-11-10T01:27:50+00:00","dateModified":"2019-11-10T01:27:52+00:00","breadcrumb":{"@id":"https:\/\/www.cidademarketing.com.br\/marketing\/2019\/11\/10\/do-bem-traz-nova-campanha-sobre-as-tensoes-do-dia-a-dia-e-convida-as-pessoas-a-falarem-sobre-o-assunto\/#breadcrumb"},"inLanguage":"pt-BR","potentialAction":[{"@type":"ReadAction","target":["https:\/\/www.cidademarketing.com.br\/marketing\/2019\/11\/10\/do-bem-traz-nova-campanha-sobre-as-tensoes-do-dia-a-dia-e-convida-as-pessoas-a-falarem-sobre-o-assunto\/"]}]},{"@type":"ImageObject","inLanguage":"pt-BR","@id":"https:\/\/www.cidademarketing.com.br\/marketing\/2019\/11\/10\/do-bem-traz-nova-campanha-sobre-as-tensoes-do-dia-a-dia-e-convida-as-pessoas-a-falarem-sobre-o-assunto\/#primaryimage","url":"https:\/\/www.cidademarketing.com.br\/marketing\/wp-content\/uploads\/2019\/11\/dobem_03.jpg","contentUrl":"https:\/\/www.cidademarketing.com.br\/marketing\/wp-content\/uploads\/2019\/11\/dobem_03.jpg","width":1200,"height":675,"caption":"Divulga\u00e7\u00e3o"},{"@type":"BreadcrumbList","@id":"https:\/\/www.cidademarketing.com.br\/marketing\/2019\/11\/10\/do-bem-traz-nova-campanha-sobre-as-tensoes-do-dia-a-dia-e-convida-as-pessoas-a-falarem-sobre-o-assunto\/#breadcrumb","itemListElement":[{"@type":"ListItem","position":1,"name":"In\u00edcio","item":"https:\/\/www.cidademarketing.com.br\/marketing\/"},{"@type":"ListItem","position":2,"name":"do bem\u2122 traz nova campanha sobre as tens\u00f5es do dia a dia e convida as pessoas a falarem sobre o assunto"}]},{"@type":"WebSite","@id":"https:\/\/www.cidademarketing.com.br\/marketing\/#website","url":"https:\/\/www.cidademarketing.com.br\/marketing\/","name":"CidadeMarketing","description":"Somos um ve\u00edculo de comunica\u00e7\u00e3o de destaque no Brasil, reconhecido por conte\u00fados nos segmentos de marketing, empreendedorismo e inova\u00e7\u00e3o.","publisher":{"@id":"https:\/\/www.cidademarketing.com.br\/marketing\/#organization"},"alternateName":"CidadeMarketing","potentialAction":[{"@type":"SearchAction","target":{"@type":"EntryPoint","urlTemplate":"https:\/\/www.cidademarketing.com.br\/marketing\/?s={search_term_string}"},"query-input":{"@type":"PropertyValueSpecification","valueRequired":true,"valueName":"search_term_string"}}],"inLanguage":"pt-BR"},{"@type":"Organization","@id":"https:\/\/www.cidademarketing.com.br\/marketing\/#organization","name":"CidadeMarketing","alternateName":"CidadeMarketing","url":"https:\/\/www.cidademarketing.com.br\/marketing\/","logo":{"@type":"ImageObject","inLanguage":"pt-BR","@id":"https:\/\/www.cidademarketing.com.br\/marketing\/#\/schema\/logo\/image\/","url":"https:\/\/www.cidademarketing.com.br\/marketing\/wp-content\/uploads\/2020\/01\/cidademarketing_marca_mobile.png","contentUrl":"https:\/\/www.cidademarketing.com.br\/marketing\/wp-content\/uploads\/2020\/01\/cidademarketing_marca_mobile.png","width":230,"height":92,"caption":"CidadeMarketing"},"image":{"@id":"https:\/\/www.cidademarketing.com.br\/marketing\/#\/schema\/logo\/image\/"},"sameAs":["https:\/\/www.facebook.com\/portalcidademarketing","https:\/\/x.com\/CidadeMarketing","https:\/\/www.instagram.com\/cidademarketing\/"]},{"@type":"Person","@id":"https:\/\/www.cidademarketing.com.br\/marketing\/#\/schema\/person\/02daff9f18bd9378c9e01eb6b2db155f","name":"Thales Brand\u00e3o","image":{"@type":"ImageObject","inLanguage":"pt-BR","@id":"https:\/\/secure.gravatar.com\/avatar\/7ca3206950207cc3cb48feec56a8a7898741ab725c368d99d5d7a5a50aab80c6?s=96&d=mm&r=g","url":"https:\/\/secure.gravatar.com\/avatar\/7ca3206950207cc3cb48feec56a8a7898741ab725c368d99d5d7a5a50aab80c6?s=96&d=mm&r=g","contentUrl":"https:\/\/secure.gravatar.com\/avatar\/7ca3206950207cc3cb48feec56a8a7898741ab725c368d99d5d7a5a50aab80c6?s=96&d=mm&r=g","caption":"Thales Brand\u00e3o"},"description":"Editor Executivo do Portal CidadeMarketing.com.br &gt; Mestre em Comunica\u00e7\u00e3o e Sociedade pela Universidade Federal de Sergipe. Possui MBA Executivo em Administra\u00e7\u00e3o com \u00eanfase em Marketing pela Funda\u00e7\u00e3o Get\u00falio Vargas - Rio de Janeiro. Consultor, Palestrante e Pesquisador sobre Empreendedorismo, Marketing, Redes Sociais e Neg\u00f3cios Digitais. Professor, Palestrante TedxTalks e Campus Party. Twitter: @ThalesBrandao","sameAs":["http:\/\/www.mandacaru.com.br","https:\/\/www.facebook.com\/thalesbrandao","http:\/\/www.instagram.com.br\/thalesbrandaoferreira","https:\/\/www.linkedin.com\/in\/thales-brand\u00e3o-3948609\/","https:\/\/x.com\/http:\/\/www.twitter.com\/thalesbrandao"],"url":"https:\/\/www.cidademarketing.com.br\/marketing\/author\/thalesbrandao\/"}]}},"amp_enabled":true,"_links":{"self":[{"href":"https:\/\/www.cidademarketing.com.br\/marketing\/wp-json\/wp\/v2\/posts\/12505","targetHints":{"allow":["GET"]}}],"collection":[{"href":"https:\/\/www.cidademarketing.com.br\/marketing\/wp-json\/wp\/v2\/posts"}],"about":[{"href":"https:\/\/www.cidademarketing.com.br\/marketing\/wp-json\/wp\/v2\/types\/post"}],"author":[{"embeddable":true,"href":"https:\/\/www.cidademarketing.com.br\/marketing\/wp-json\/wp\/v2\/users\/1"}],"replies":[{"embeddable":true,"href":"https:\/\/www.cidademarketing.com.br\/marketing\/wp-json\/wp\/v2\/comments?post=12505"}],"version-history":[{"count":1,"href":"https:\/\/www.cidademarketing.com.br\/marketing\/wp-json\/wp\/v2\/posts\/12505\/revisions"}],"predecessor-version":[{"id":12509,"href":"https:\/\/www.cidademarketing.com.br\/marketing\/wp-json\/wp\/v2\/posts\/12505\/revisions\/12509"}],"wp:featuredmedia":[{"embeddable":true,"href":"https:\/\/www.cidademarketing.com.br\/marketing\/wp-json\/wp\/v2\/media\/12506"}],"wp:attachment":[{"href":"https:\/\/www.cidademarketing.com.br\/marketing\/wp-json\/wp\/v2\/media?parent=12505"}],"wp:term":[{"taxonomy":"category","embeddable":true,"href":"https:\/\/www.cidademarketing.com.br\/marketing\/wp-json\/wp\/v2\/categories?post=12505"},{"taxonomy":"post_tag","embeddable":true,"href":"https:\/\/www.cidademarketing.com.br\/marketing\/wp-json\/wp\/v2\/tags?post=12505"}],"curies":[{"name":"wp","href":"https:\/\/api.w.org\/{rel}","templated":true}]}}