{"id":12405,"date":"2019-10-29T15:56:49","date_gmt":"2019-10-29T11:56:49","guid":{"rendered":"https:\/\/www.cidademarketing.com.br\/marketing\/?p=12405"},"modified":"2019-10-29T15:56:51","modified_gmt":"2019-10-29T11:56:51","slug":"cerveja-enseada-lanca-o-projeto-enseada-sessions-com-dj-marcelinho-da-lua","status":"publish","type":"post","link":"https:\/\/www.cidademarketing.com.br\/marketing\/2019\/10\/29\/cerveja-enseada-lanca-o-projeto-enseada-sessions-com-dj-marcelinho-da-lua\/","title":{"rendered":"Cerveja Enseada lan\u00e7a o projeto Enseada Sessions com DJ Marcelinho da Lua"},"content":{"rendered":"\n<p>Fabricada\nem Saquarema, na Regi\u00e3o dos Lagos fluminense, a Enseada \u00e9 uma cerveja para o\ncarioca relaxar de verdade. Na pr\u00f3xima sexta-feira, dia 1\u00ba de novembro, a marca\nlan\u00e7a o projeto Enseada Sessions em parceria com o DJ Marcelinho da Lua. O\nprograma est\u00e1 marcado para as primeiras sextas de novembro, dezembro, janeiro e\nfevereiro, sempre no Rio Scenarium, no Centro.&nbsp;&nbsp; <\/p>\n\n\n\n<p>&#8220;A\nmarca, que traz na sua personalidade a <em>vibe<\/em> das enseadas quase secretas,\nescondidas no litoral brasileiro, \u00e9 traduzida por cervejas sofisticadas e de\nexcelente drincabilidade, criadas para quem curte as nuances da cerveja\nartesanal, sob o calor que predomina em nosso pa\u00eds. Foi sob esse conceito que\nnasceu a Cerveja Enseada. E pra curtir nossas cervejas nada melhor que a\nmoderna m\u00fasica brasileira&#8221;, comenta Marco Antonio Frederico, consultor de\nbranding\/marketing da Cervejaria Lagos.<\/p>\n\n\n\n<p>Seguindo\nessa premissa, a Enseada escolheu o DJ Marcelinho da Lua para as parcerias\nmusicais. A hist\u00f3ria come\u00e7ou com o evento de apresenta\u00e7\u00e3o da marca para os\nespecialistas, um passeio de veleiro pela Ba\u00eda de Guanabara, no qual Da Lua traduziu\nperfeitamente o esp\u00edrito musical da cerveja.&nbsp; \u201cAli, o Marco Ant\u00f4nio me\nprop\u00f4s pensarmos em um projeto em parceria com a Enseada. No primeiro encontro\nlevo a minha banda, Marcelinho da Lua e Tranquilo Soundz, para uma vers\u00e3o do\nest\u00fadio ao vivo, remixes das minhas composi\u00e7\u00f5es e produ\u00e7\u00f5es no palco,\nadicionando efeitos e batidas.\u201d, revela Da Lua. O guitarrista Heitor Nascimento\ne o baixista M\u00e1rcio Menescal completam a banda.<\/p>\n\n\n\n<p>Mais\ntranquilo desde o nascimento de seu filho h\u00e1 cinco anos, Marcelinho da Lua que,\nj\u00e1 foi onipresen\u00e7a da noite, hoje \u00e9 mais afetuoso. Em 1997, fundou a banda\nBossacucanova, que ficou em evid\u00eancia ao unir a Bossa Nova \u00e0 m\u00fasica eletr\u00f4nica.\nEm 2004, lan\u00e7ou seu primeiro \u00e1lbum solo, \u201cTranquilo\u201d; ainda no mesmo ano e no\nseguinte, Marcelinho da Lua levou para casa o trof\u00e9u de Melhor Videoclipe de\nM\u00fasica Eletr\u00f4nica no MTV Video Music Brasil. <\/p>\n\n\n\n<p>Nos\n10 anos sem lan\u00e7amentos, Marcelinho da Lua trabalhou com nomes como Lulu\nSantos, Paralamas do Sucesso, Pedro Lu\u00eds, Ana Can\u00e3s e Kid Abelha. Em 2019,\nlan\u00e7ou \u201cInsolente\u201d, no qual harmoniza samba, hip-hop, drum and bass, reggae,\nbossa e ska, a participa\u00e7\u00f5es especial\u00edssimas, como de Marcelo D2 e Fernanda\nTakai, entre outros.<\/p>\n\n\n\n<p><strong>Sobre\na Cerveja Enseada<\/strong><\/p>\n\n\n\n<p>Com\nmais de 50 marcas artesanais em seu curr\u00edculo, a Cervejaria Lagos lan\u00e7ou a\nEnseada, marca pr\u00f3pria, em setembro, na 7\u00aa edi\u00e7\u00e3o carioca do Mondial de la\nBi\u00e8re com tr\u00eas r\u00f3tulos fixos e seis sazonais. Idealizada por Dennis Martins,\nMarcelle Lopes e Rafael Torresini, a Cervejaria Lagos (Saquarema, Regi\u00e3o dos\nLagos) se dedicava at\u00e9 ent\u00e3o \u00e0 produ\u00e7\u00e3o das chamadas cervejarias ciganas. O\ntrio decidiu que 2019 seria o ano da Enseada. <\/p>\n\n\n\n<p><strong>Servi\u00e7o\n\u2013 Enseada Sessions<\/strong><\/p>\n\n\n\n<p><strong>Local:<\/strong> Rio Scenarium \u2013 Rua\ndo Lavradio, 20 \u2013 Centro<\/p>\n\n\n\n<p><strong>Data:<\/strong> primeira sexta-feira\ndo m\u00eas \u2013 01\/11\/2019<\/p>\n\n\n\n<p><strong>M\u00fasica:<\/strong> DJ Marcelinho da Lua\ne convidados<\/p>\n\n\n\n<p><strong>Pre\u00e7o:<\/strong> R$ 30,00 antecipado\/\nR$ 45,00 na hora<\/p>\n","protected":false},"excerpt":{"rendered":"<p>Fabricada em Saquarema, na Regi\u00e3o dos Lagos fluminense, a Enseada \u00e9 uma cerveja para o carioca relaxar de verdade. Na pr\u00f3xima sexta-feira, dia 1\u00ba de novembro, a marca lan\u00e7a o projeto Enseada Sessions em parceria com o DJ Marcelinho da Lua. O programa est\u00e1 marcado para as primeiras sextas de novembro, dezembro, janeiro e fevereiro, [&hellip;]<\/p>\n","protected":false},"author":1,"featured_media":12406,"comment_status":"open","ping_status":"open","sticky":false,"template":"","format":"standard","meta":{"tdm_status":"","tdm_grid_status":"","footnotes":""},"categories":[6],"tags":[2548,308,28],"class_list":["post-12405","post","type-post","status-publish","format-standard","has-post-thumbnail","hentry","category-noticias","tag-cerveja-enseada","tag-comunicacao","tag-marketing"],"yoast_head":"<!-- This site is optimized with the Yoast SEO plugin v27.5 - https:\/\/yoast.com\/product\/yoast-seo-wordpress\/ -->\n<title>Cerveja Enseada lan\u00e7a o projeto Enseada Sessions com DJ Marcelinho da Lua - CidadeMarketing<\/title>\n<meta name=\"robots\" content=\"index, follow, max-snippet:-1, max-image-preview:large, max-video-preview:-1\" \/>\n<link rel=\"canonical\" href=\"https:\/\/www.cidademarketing.com.br\/marketing\/2019\/10\/29\/cerveja-enseada-lanca-o-projeto-enseada-sessions-com-dj-marcelinho-da-lua\/\" \/>\n<meta property=\"og:locale\" content=\"pt_BR\" \/>\n<meta property=\"og:type\" content=\"article\" \/>\n<meta property=\"og:title\" content=\"Cerveja Enseada lan\u00e7a o projeto Enseada Sessions com DJ Marcelinho da Lua - CidadeMarketing\" \/>\n<meta property=\"og:description\" content=\"Fabricada em Saquarema, na Regi\u00e3o dos Lagos fluminense, a Enseada \u00e9 uma cerveja para o carioca relaxar de verdade. Na pr\u00f3xima sexta-feira, dia 1\u00ba de novembro, a marca lan\u00e7a o projeto Enseada Sessions em parceria com o DJ Marcelinho da Lua. O programa est\u00e1 marcado para as primeiras sextas de novembro, dezembro, janeiro e fevereiro, [&hellip;]\" \/>\n<meta property=\"og:url\" content=\"https:\/\/www.cidademarketing.com.br\/marketing\/2019\/10\/29\/cerveja-enseada-lanca-o-projeto-enseada-sessions-com-dj-marcelinho-da-lua\/\" \/>\n<meta property=\"og:site_name\" content=\"CidadeMarketing\" \/>\n<meta property=\"article:publisher\" content=\"https:\/\/www.facebook.com\/portalcidademarketing\" \/>\n<meta property=\"article:author\" content=\"https:\/\/www.facebook.com\/thalesbrandao\" \/>\n<meta property=\"article:published_time\" content=\"2019-10-29T11:56:49+00:00\" \/>\n<meta property=\"article:modified_time\" content=\"2019-10-29T11:56:51+00:00\" \/>\n<meta property=\"og:image\" content=\"https:\/\/www.cidademarketing.com.br\/marketing\/wp-content\/uploads\/2019\/10\/cerveja_enseada_credito_thiagobritto.jpg\" \/>\n\t<meta property=\"og:image:width\" content=\"1079\" \/>\n\t<meta property=\"og:image:height\" content=\"720\" \/>\n\t<meta property=\"og:image:type\" content=\"image\/jpeg\" \/>\n<meta name=\"author\" content=\"Thales Brand\u00e3o\" \/>\n<meta name=\"twitter:card\" content=\"summary_large_image\" \/>\n<meta name=\"twitter:creator\" content=\"@http:\/\/www.twitter.com\/thalesbrandao\" \/>\n<meta name=\"twitter:site\" content=\"@CidadeMarketing\" \/>\n<meta name=\"twitter:label1\" content=\"Escrito por\" \/>\n\t<meta name=\"twitter:data1\" content=\"Thales Brand\u00e3o\" \/>\n\t<meta name=\"twitter:label2\" content=\"Est. tempo de leitura\" \/>\n\t<meta name=\"twitter:data2\" content=\"3 minutos\" \/>\n<script type=\"application\/ld+json\" class=\"yoast-schema-graph\">{\"@context\":\"https:\\\/\\\/schema.org\",\"@graph\":[{\"@type\":\"Article\",\"@id\":\"https:\\\/\\\/www.cidademarketing.com.br\\\/marketing\\\/2019\\\/10\\\/29\\\/cerveja-enseada-lanca-o-projeto-enseada-sessions-com-dj-marcelinho-da-lua\\\/#article\",\"isPartOf\":{\"@id\":\"https:\\\/\\\/www.cidademarketing.com.br\\\/marketing\\\/2019\\\/10\\\/29\\\/cerveja-enseada-lanca-o-projeto-enseada-sessions-com-dj-marcelinho-da-lua\\\/\"},\"author\":{\"name\":\"Thales Brand\u00e3o\",\"@id\":\"https:\\\/\\\/www.cidademarketing.com.br\\\/marketing\\\/#\\\/schema\\\/person\\\/02daff9f18bd9378c9e01eb6b2db155f\"},\"headline\":\"Cerveja Enseada lan\u00e7a o projeto Enseada Sessions com DJ Marcelinho da Lua\",\"datePublished\":\"2019-10-29T11:56:49+00:00\",\"dateModified\":\"2019-10-29T11:56:51+00:00\",\"mainEntityOfPage\":{\"@id\":\"https:\\\/\\\/www.cidademarketing.com.br\\\/marketing\\\/2019\\\/10\\\/29\\\/cerveja-enseada-lanca-o-projeto-enseada-sessions-com-dj-marcelinho-da-lua\\\/\"},\"wordCount\":524,\"commentCount\":0,\"publisher\":{\"@id\":\"https:\\\/\\\/www.cidademarketing.com.br\\\/marketing\\\/#organization\"},\"image\":{\"@id\":\"https:\\\/\\\/www.cidademarketing.com.br\\\/marketing\\\/2019\\\/10\\\/29\\\/cerveja-enseada-lanca-o-projeto-enseada-sessions-com-dj-marcelinho-da-lua\\\/#primaryimage\"},\"thumbnailUrl\":\"https:\\\/\\\/www.cidademarketing.com.br\\\/marketing\\\/wp-content\\\/uploads\\\/2019\\\/10\\\/cerveja_enseada_credito_thiagobritto.jpg\",\"keywords\":[\"Cerveja Enseada\",\"comunica\u00e7\u00e3o\",\"marketing\"],\"articleSection\":[\"Not\u00edcias\"],\"inLanguage\":\"pt-BR\",\"potentialAction\":[{\"@type\":\"CommentAction\",\"name\":\"Comment\",\"target\":[\"https:\\\/\\\/www.cidademarketing.com.br\\\/marketing\\\/2019\\\/10\\\/29\\\/cerveja-enseada-lanca-o-projeto-enseada-sessions-com-dj-marcelinho-da-lua\\\/#respond\"]}]},{\"@type\":\"WebPage\",\"@id\":\"https:\\\/\\\/www.cidademarketing.com.br\\\/marketing\\\/2019\\\/10\\\/29\\\/cerveja-enseada-lanca-o-projeto-enseada-sessions-com-dj-marcelinho-da-lua\\\/\",\"url\":\"https:\\\/\\\/www.cidademarketing.com.br\\\/marketing\\\/2019\\\/10\\\/29\\\/cerveja-enseada-lanca-o-projeto-enseada-sessions-com-dj-marcelinho-da-lua\\\/\",\"name\":\"Cerveja Enseada lan\u00e7a o projeto Enseada Sessions com DJ Marcelinho da Lua - CidadeMarketing\",\"isPartOf\":{\"@id\":\"https:\\\/\\\/www.cidademarketing.com.br\\\/marketing\\\/#website\"},\"primaryImageOfPage\":{\"@id\":\"https:\\\/\\\/www.cidademarketing.com.br\\\/marketing\\\/2019\\\/10\\\/29\\\/cerveja-enseada-lanca-o-projeto-enseada-sessions-com-dj-marcelinho-da-lua\\\/#primaryimage\"},\"image\":{\"@id\":\"https:\\\/\\\/www.cidademarketing.com.br\\\/marketing\\\/2019\\\/10\\\/29\\\/cerveja-enseada-lanca-o-projeto-enseada-sessions-com-dj-marcelinho-da-lua\\\/#primaryimage\"},\"thumbnailUrl\":\"https:\\\/\\\/www.cidademarketing.com.br\\\/marketing\\\/wp-content\\\/uploads\\\/2019\\\/10\\\/cerveja_enseada_credito_thiagobritto.jpg\",\"datePublished\":\"2019-10-29T11:56:49+00:00\",\"dateModified\":\"2019-10-29T11:56:51+00:00\",\"breadcrumb\":{\"@id\":\"https:\\\/\\\/www.cidademarketing.com.br\\\/marketing\\\/2019\\\/10\\\/29\\\/cerveja-enseada-lanca-o-projeto-enseada-sessions-com-dj-marcelinho-da-lua\\\/#breadcrumb\"},\"inLanguage\":\"pt-BR\",\"potentialAction\":[{\"@type\":\"ReadAction\",\"target\":[\"https:\\\/\\\/www.cidademarketing.com.br\\\/marketing\\\/2019\\\/10\\\/29\\\/cerveja-enseada-lanca-o-projeto-enseada-sessions-com-dj-marcelinho-da-lua\\\/\"]}]},{\"@type\":\"ImageObject\",\"inLanguage\":\"pt-BR\",\"@id\":\"https:\\\/\\\/www.cidademarketing.com.br\\\/marketing\\\/2019\\\/10\\\/29\\\/cerveja-enseada-lanca-o-projeto-enseada-sessions-com-dj-marcelinho-da-lua\\\/#primaryimage\",\"url\":\"https:\\\/\\\/www.cidademarketing.com.br\\\/marketing\\\/wp-content\\\/uploads\\\/2019\\\/10\\\/cerveja_enseada_credito_thiagobritto.jpg\",\"contentUrl\":\"https:\\\/\\\/www.cidademarketing.com.br\\\/marketing\\\/wp-content\\\/uploads\\\/2019\\\/10\\\/cerveja_enseada_credito_thiagobritto.jpg\",\"width\":1079,\"height\":720,\"caption\":\"Cr\u00e9dito: Thiago Britto\"},{\"@type\":\"BreadcrumbList\",\"@id\":\"https:\\\/\\\/www.cidademarketing.com.br\\\/marketing\\\/2019\\\/10\\\/29\\\/cerveja-enseada-lanca-o-projeto-enseada-sessions-com-dj-marcelinho-da-lua\\\/#breadcrumb\",\"itemListElement\":[{\"@type\":\"ListItem\",\"position\":1,\"name\":\"In\u00edcio\",\"item\":\"https:\\\/\\\/www.cidademarketing.com.br\\\/marketing\\\/\"},{\"@type\":\"ListItem\",\"position\":2,\"name\":\"Cerveja Enseada lan\u00e7a o projeto Enseada Sessions com DJ Marcelinho da Lua\"}]},{\"@type\":\"WebSite\",\"@id\":\"https:\\\/\\\/www.cidademarketing.com.br\\\/marketing\\\/#website\",\"url\":\"https:\\\/\\\/www.cidademarketing.com.br\\\/marketing\\\/\",\"name\":\"CidadeMarketing\",\"description\":\"Somos um ve\u00edculo de comunica\u00e7\u00e3o de destaque no Brasil, reconhecido por conte\u00fados nos segmentos de marketing, empreendedorismo e inova\u00e7\u00e3o.\",\"publisher\":{\"@id\":\"https:\\\/\\\/www.cidademarketing.com.br\\\/marketing\\\/#organization\"},\"alternateName\":\"CidadeMarketing\",\"potentialAction\":[{\"@type\":\"SearchAction\",\"target\":{\"@type\":\"EntryPoint\",\"urlTemplate\":\"https:\\\/\\\/www.cidademarketing.com.br\\\/marketing\\\/?s={search_term_string}\"},\"query-input\":{\"@type\":\"PropertyValueSpecification\",\"valueRequired\":true,\"valueName\":\"search_term_string\"}}],\"inLanguage\":\"pt-BR\"},{\"@type\":\"Organization\",\"@id\":\"https:\\\/\\\/www.cidademarketing.com.br\\\/marketing\\\/#organization\",\"name\":\"CidadeMarketing\",\"alternateName\":\"CidadeMarketing\",\"url\":\"https:\\\/\\\/www.cidademarketing.com.br\\\/marketing\\\/\",\"logo\":{\"@type\":\"ImageObject\",\"inLanguage\":\"pt-BR\",\"@id\":\"https:\\\/\\\/www.cidademarketing.com.br\\\/marketing\\\/#\\\/schema\\\/logo\\\/image\\\/\",\"url\":\"https:\\\/\\\/www.cidademarketing.com.br\\\/marketing\\\/wp-content\\\/uploads\\\/2020\\\/01\\\/cidademarketing_marca_mobile.png\",\"contentUrl\":\"https:\\\/\\\/www.cidademarketing.com.br\\\/marketing\\\/wp-content\\\/uploads\\\/2020\\\/01\\\/cidademarketing_marca_mobile.png\",\"width\":230,\"height\":92,\"caption\":\"CidadeMarketing\"},\"image\":{\"@id\":\"https:\\\/\\\/www.cidademarketing.com.br\\\/marketing\\\/#\\\/schema\\\/logo\\\/image\\\/\"},\"sameAs\":[\"https:\\\/\\\/www.facebook.com\\\/portalcidademarketing\",\"https:\\\/\\\/x.com\\\/CidadeMarketing\",\"https:\\\/\\\/www.instagram.com\\\/cidademarketing\\\/\"]},{\"@type\":\"Person\",\"@id\":\"https:\\\/\\\/www.cidademarketing.com.br\\\/marketing\\\/#\\\/schema\\\/person\\\/02daff9f18bd9378c9e01eb6b2db155f\",\"name\":\"Thales Brand\u00e3o\",\"image\":{\"@type\":\"ImageObject\",\"inLanguage\":\"pt-BR\",\"@id\":\"https:\\\/\\\/secure.gravatar.com\\\/avatar\\\/7ca3206950207cc3cb48feec56a8a7898741ab725c368d99d5d7a5a50aab80c6?s=96&d=mm&r=g\",\"url\":\"https:\\\/\\\/secure.gravatar.com\\\/avatar\\\/7ca3206950207cc3cb48feec56a8a7898741ab725c368d99d5d7a5a50aab80c6?s=96&d=mm&r=g\",\"contentUrl\":\"https:\\\/\\\/secure.gravatar.com\\\/avatar\\\/7ca3206950207cc3cb48feec56a8a7898741ab725c368d99d5d7a5a50aab80c6?s=96&d=mm&r=g\",\"caption\":\"Thales Brand\u00e3o\"},\"description\":\"Editor Executivo do Portal CidadeMarketing.com.br &gt; Mestre em Comunica\u00e7\u00e3o e Sociedade pela Universidade Federal de Sergipe. Possui MBA Executivo em Administra\u00e7\u00e3o com \u00eanfase em Marketing pela Funda\u00e7\u00e3o Get\u00falio Vargas - Rio de Janeiro. Consultor, Palestrante e Pesquisador sobre Empreendedorismo, Marketing, Redes Sociais e Neg\u00f3cios Digitais. Professor, Palestrante TedxTalks e Campus Party. Twitter: @ThalesBrandao\",\"sameAs\":[\"http:\\\/\\\/www.mandacaru.com.br\",\"https:\\\/\\\/www.facebook.com\\\/thalesbrandao\",\"http:\\\/\\\/www.instagram.com.br\\\/thalesbrandaoferreira\",\"https:\\\/\\\/www.linkedin.com\\\/in\\\/thales-brand\u00e3o-3948609\\\/\",\"https:\\\/\\\/x.com\\\/http:\\\/\\\/www.twitter.com\\\/thalesbrandao\"],\"url\":\"https:\\\/\\\/www.cidademarketing.com.br\\\/marketing\\\/author\\\/thalesbrandao\\\/\"}]}<\/script>\n<!-- \/ Yoast SEO plugin. -->","yoast_head_json":{"title":"Cerveja Enseada lan\u00e7a o projeto Enseada Sessions com DJ Marcelinho da Lua - CidadeMarketing","robots":{"index":"index","follow":"follow","max-snippet":"max-snippet:-1","max-image-preview":"max-image-preview:large","max-video-preview":"max-video-preview:-1"},"canonical":"https:\/\/www.cidademarketing.com.br\/marketing\/2019\/10\/29\/cerveja-enseada-lanca-o-projeto-enseada-sessions-com-dj-marcelinho-da-lua\/","og_locale":"pt_BR","og_type":"article","og_title":"Cerveja Enseada lan\u00e7a o projeto Enseada Sessions com DJ Marcelinho da Lua - CidadeMarketing","og_description":"Fabricada em Saquarema, na Regi\u00e3o dos Lagos fluminense, a Enseada \u00e9 uma cerveja para o carioca relaxar de verdade. Na pr\u00f3xima sexta-feira, dia 1\u00ba de novembro, a marca lan\u00e7a o projeto Enseada Sessions em parceria com o DJ Marcelinho da Lua. O programa est\u00e1 marcado para as primeiras sextas de novembro, dezembro, janeiro e fevereiro, [&hellip;]","og_url":"https:\/\/www.cidademarketing.com.br\/marketing\/2019\/10\/29\/cerveja-enseada-lanca-o-projeto-enseada-sessions-com-dj-marcelinho-da-lua\/","og_site_name":"CidadeMarketing","article_publisher":"https:\/\/www.facebook.com\/portalcidademarketing","article_author":"https:\/\/www.facebook.com\/thalesbrandao","article_published_time":"2019-10-29T11:56:49+00:00","article_modified_time":"2019-10-29T11:56:51+00:00","og_image":[{"width":1079,"height":720,"url":"https:\/\/www.cidademarketing.com.br\/marketing\/wp-content\/uploads\/2019\/10\/cerveja_enseada_credito_thiagobritto.jpg","type":"image\/jpeg"}],"author":"Thales Brand\u00e3o","twitter_card":"summary_large_image","twitter_creator":"@http:\/\/www.twitter.com\/thalesbrandao","twitter_site":"@CidadeMarketing","twitter_misc":{"Escrito por":"Thales Brand\u00e3o","Est. tempo de leitura":"3 minutos"},"schema":{"@context":"https:\/\/schema.org","@graph":[{"@type":"Article","@id":"https:\/\/www.cidademarketing.com.br\/marketing\/2019\/10\/29\/cerveja-enseada-lanca-o-projeto-enseada-sessions-com-dj-marcelinho-da-lua\/#article","isPartOf":{"@id":"https:\/\/www.cidademarketing.com.br\/marketing\/2019\/10\/29\/cerveja-enseada-lanca-o-projeto-enseada-sessions-com-dj-marcelinho-da-lua\/"},"author":{"name":"Thales Brand\u00e3o","@id":"https:\/\/www.cidademarketing.com.br\/marketing\/#\/schema\/person\/02daff9f18bd9378c9e01eb6b2db155f"},"headline":"Cerveja Enseada lan\u00e7a o projeto Enseada Sessions com DJ Marcelinho da Lua","datePublished":"2019-10-29T11:56:49+00:00","dateModified":"2019-10-29T11:56:51+00:00","mainEntityOfPage":{"@id":"https:\/\/www.cidademarketing.com.br\/marketing\/2019\/10\/29\/cerveja-enseada-lanca-o-projeto-enseada-sessions-com-dj-marcelinho-da-lua\/"},"wordCount":524,"commentCount":0,"publisher":{"@id":"https:\/\/www.cidademarketing.com.br\/marketing\/#organization"},"image":{"@id":"https:\/\/www.cidademarketing.com.br\/marketing\/2019\/10\/29\/cerveja-enseada-lanca-o-projeto-enseada-sessions-com-dj-marcelinho-da-lua\/#primaryimage"},"thumbnailUrl":"https:\/\/www.cidademarketing.com.br\/marketing\/wp-content\/uploads\/2019\/10\/cerveja_enseada_credito_thiagobritto.jpg","keywords":["Cerveja Enseada","comunica\u00e7\u00e3o","marketing"],"articleSection":["Not\u00edcias"],"inLanguage":"pt-BR","potentialAction":[{"@type":"CommentAction","name":"Comment","target":["https:\/\/www.cidademarketing.com.br\/marketing\/2019\/10\/29\/cerveja-enseada-lanca-o-projeto-enseada-sessions-com-dj-marcelinho-da-lua\/#respond"]}]},{"@type":"WebPage","@id":"https:\/\/www.cidademarketing.com.br\/marketing\/2019\/10\/29\/cerveja-enseada-lanca-o-projeto-enseada-sessions-com-dj-marcelinho-da-lua\/","url":"https:\/\/www.cidademarketing.com.br\/marketing\/2019\/10\/29\/cerveja-enseada-lanca-o-projeto-enseada-sessions-com-dj-marcelinho-da-lua\/","name":"Cerveja Enseada lan\u00e7a o projeto Enseada Sessions com DJ Marcelinho da Lua - CidadeMarketing","isPartOf":{"@id":"https:\/\/www.cidademarketing.com.br\/marketing\/#website"},"primaryImageOfPage":{"@id":"https:\/\/www.cidademarketing.com.br\/marketing\/2019\/10\/29\/cerveja-enseada-lanca-o-projeto-enseada-sessions-com-dj-marcelinho-da-lua\/#primaryimage"},"image":{"@id":"https:\/\/www.cidademarketing.com.br\/marketing\/2019\/10\/29\/cerveja-enseada-lanca-o-projeto-enseada-sessions-com-dj-marcelinho-da-lua\/#primaryimage"},"thumbnailUrl":"https:\/\/www.cidademarketing.com.br\/marketing\/wp-content\/uploads\/2019\/10\/cerveja_enseada_credito_thiagobritto.jpg","datePublished":"2019-10-29T11:56:49+00:00","dateModified":"2019-10-29T11:56:51+00:00","breadcrumb":{"@id":"https:\/\/www.cidademarketing.com.br\/marketing\/2019\/10\/29\/cerveja-enseada-lanca-o-projeto-enseada-sessions-com-dj-marcelinho-da-lua\/#breadcrumb"},"inLanguage":"pt-BR","potentialAction":[{"@type":"ReadAction","target":["https:\/\/www.cidademarketing.com.br\/marketing\/2019\/10\/29\/cerveja-enseada-lanca-o-projeto-enseada-sessions-com-dj-marcelinho-da-lua\/"]}]},{"@type":"ImageObject","inLanguage":"pt-BR","@id":"https:\/\/www.cidademarketing.com.br\/marketing\/2019\/10\/29\/cerveja-enseada-lanca-o-projeto-enseada-sessions-com-dj-marcelinho-da-lua\/#primaryimage","url":"https:\/\/www.cidademarketing.com.br\/marketing\/wp-content\/uploads\/2019\/10\/cerveja_enseada_credito_thiagobritto.jpg","contentUrl":"https:\/\/www.cidademarketing.com.br\/marketing\/wp-content\/uploads\/2019\/10\/cerveja_enseada_credito_thiagobritto.jpg","width":1079,"height":720,"caption":"Cr\u00e9dito: Thiago Britto"},{"@type":"BreadcrumbList","@id":"https:\/\/www.cidademarketing.com.br\/marketing\/2019\/10\/29\/cerveja-enseada-lanca-o-projeto-enseada-sessions-com-dj-marcelinho-da-lua\/#breadcrumb","itemListElement":[{"@type":"ListItem","position":1,"name":"In\u00edcio","item":"https:\/\/www.cidademarketing.com.br\/marketing\/"},{"@type":"ListItem","position":2,"name":"Cerveja Enseada lan\u00e7a o projeto Enseada Sessions com DJ Marcelinho da Lua"}]},{"@type":"WebSite","@id":"https:\/\/www.cidademarketing.com.br\/marketing\/#website","url":"https:\/\/www.cidademarketing.com.br\/marketing\/","name":"CidadeMarketing","description":"Somos um ve\u00edculo de comunica\u00e7\u00e3o de destaque no Brasil, reconhecido por conte\u00fados nos segmentos de marketing, empreendedorismo e inova\u00e7\u00e3o.","publisher":{"@id":"https:\/\/www.cidademarketing.com.br\/marketing\/#organization"},"alternateName":"CidadeMarketing","potentialAction":[{"@type":"SearchAction","target":{"@type":"EntryPoint","urlTemplate":"https:\/\/www.cidademarketing.com.br\/marketing\/?s={search_term_string}"},"query-input":{"@type":"PropertyValueSpecification","valueRequired":true,"valueName":"search_term_string"}}],"inLanguage":"pt-BR"},{"@type":"Organization","@id":"https:\/\/www.cidademarketing.com.br\/marketing\/#organization","name":"CidadeMarketing","alternateName":"CidadeMarketing","url":"https:\/\/www.cidademarketing.com.br\/marketing\/","logo":{"@type":"ImageObject","inLanguage":"pt-BR","@id":"https:\/\/www.cidademarketing.com.br\/marketing\/#\/schema\/logo\/image\/","url":"https:\/\/www.cidademarketing.com.br\/marketing\/wp-content\/uploads\/2020\/01\/cidademarketing_marca_mobile.png","contentUrl":"https:\/\/www.cidademarketing.com.br\/marketing\/wp-content\/uploads\/2020\/01\/cidademarketing_marca_mobile.png","width":230,"height":92,"caption":"CidadeMarketing"},"image":{"@id":"https:\/\/www.cidademarketing.com.br\/marketing\/#\/schema\/logo\/image\/"},"sameAs":["https:\/\/www.facebook.com\/portalcidademarketing","https:\/\/x.com\/CidadeMarketing","https:\/\/www.instagram.com\/cidademarketing\/"]},{"@type":"Person","@id":"https:\/\/www.cidademarketing.com.br\/marketing\/#\/schema\/person\/02daff9f18bd9378c9e01eb6b2db155f","name":"Thales Brand\u00e3o","image":{"@type":"ImageObject","inLanguage":"pt-BR","@id":"https:\/\/secure.gravatar.com\/avatar\/7ca3206950207cc3cb48feec56a8a7898741ab725c368d99d5d7a5a50aab80c6?s=96&d=mm&r=g","url":"https:\/\/secure.gravatar.com\/avatar\/7ca3206950207cc3cb48feec56a8a7898741ab725c368d99d5d7a5a50aab80c6?s=96&d=mm&r=g","contentUrl":"https:\/\/secure.gravatar.com\/avatar\/7ca3206950207cc3cb48feec56a8a7898741ab725c368d99d5d7a5a50aab80c6?s=96&d=mm&r=g","caption":"Thales Brand\u00e3o"},"description":"Editor Executivo do Portal CidadeMarketing.com.br &gt; Mestre em Comunica\u00e7\u00e3o e Sociedade pela Universidade Federal de Sergipe. Possui MBA Executivo em Administra\u00e7\u00e3o com \u00eanfase em Marketing pela Funda\u00e7\u00e3o Get\u00falio Vargas - Rio de Janeiro. Consultor, Palestrante e Pesquisador sobre Empreendedorismo, Marketing, Redes Sociais e Neg\u00f3cios Digitais. Professor, Palestrante TedxTalks e Campus Party. Twitter: @ThalesBrandao","sameAs":["http:\/\/www.mandacaru.com.br","https:\/\/www.facebook.com\/thalesbrandao","http:\/\/www.instagram.com.br\/thalesbrandaoferreira","https:\/\/www.linkedin.com\/in\/thales-brand\u00e3o-3948609\/","https:\/\/x.com\/http:\/\/www.twitter.com\/thalesbrandao"],"url":"https:\/\/www.cidademarketing.com.br\/marketing\/author\/thalesbrandao\/"}]}},"amp_enabled":true,"_links":{"self":[{"href":"https:\/\/www.cidademarketing.com.br\/marketing\/wp-json\/wp\/v2\/posts\/12405","targetHints":{"allow":["GET"]}}],"collection":[{"href":"https:\/\/www.cidademarketing.com.br\/marketing\/wp-json\/wp\/v2\/posts"}],"about":[{"href":"https:\/\/www.cidademarketing.com.br\/marketing\/wp-json\/wp\/v2\/types\/post"}],"author":[{"embeddable":true,"href":"https:\/\/www.cidademarketing.com.br\/marketing\/wp-json\/wp\/v2\/users\/1"}],"replies":[{"embeddable":true,"href":"https:\/\/www.cidademarketing.com.br\/marketing\/wp-json\/wp\/v2\/comments?post=12405"}],"version-history":[{"count":1,"href":"https:\/\/www.cidademarketing.com.br\/marketing\/wp-json\/wp\/v2\/posts\/12405\/revisions"}],"predecessor-version":[{"id":12407,"href":"https:\/\/www.cidademarketing.com.br\/marketing\/wp-json\/wp\/v2\/posts\/12405\/revisions\/12407"}],"wp:featuredmedia":[{"embeddable":true,"href":"https:\/\/www.cidademarketing.com.br\/marketing\/wp-json\/wp\/v2\/media\/12406"}],"wp:attachment":[{"href":"https:\/\/www.cidademarketing.com.br\/marketing\/wp-json\/wp\/v2\/media?parent=12405"}],"wp:term":[{"taxonomy":"category","embeddable":true,"href":"https:\/\/www.cidademarketing.com.br\/marketing\/wp-json\/wp\/v2\/categories?post=12405"},{"taxonomy":"post_tag","embeddable":true,"href":"https:\/\/www.cidademarketing.com.br\/marketing\/wp-json\/wp\/v2\/tags?post=12405"}],"curies":[{"name":"wp","href":"https:\/\/api.w.org\/{rel}","templated":true}]}}