{"id":12377,"date":"2019-10-24T22:20:57","date_gmt":"2019-10-24T18:20:57","guid":{"rendered":"https:\/\/www.cidademarketing.com.br\/marketing\/?p=12377"},"modified":"2019-10-24T22:24:01","modified_gmt":"2019-10-24T18:24:01","slug":"vitarella-lanca-massas-com-ovos-nos-supermercados-do-nordeste","status":"publish","type":"post","link":"https:\/\/www.cidademarketing.com.br\/marketing\/2019\/10\/24\/vitarella-lanca-massas-com-ovos-nos-supermercados-do-nordeste\/","title":{"rendered":"Vitarella lan\u00e7a massas com ovos nos supermercados do Nordeste"},"content":{"rendered":"\n<p><strong>Vitarella<\/strong>, marca l\u00edder de vendas em massas e\nbiscoitos no Pa\u00eds, aumenta seu portf\u00f3lio com o lan\u00e7amento das massas com ovos.\nDispon\u00edveis em embalagens de 500g, nos cortes<strong> Penne<\/strong>,<strong> Espaguete<\/strong>,<strong>\nParafuso <\/strong>e<strong> Ninho<\/strong>, a novidade foi criada, principalmente, como mais uma\nop\u00e7\u00e3o irresist\u00edvel para as fam\u00edlias incrementarem nas suas receitas do dia a\ndia.<\/p>\n\n\n\n<p>As\nmassas com ovos Vitarella eram comercializadas no Sudeste, agora chegam \u00e0s\nregi\u00f5es de Pernambuco, Bahia, Alagoas, Para\u00edba, Sergipe e Rio Grande do Norte.\nIdeais para quem aprecia um sabor leve e delicado, esse tipo de massa \u00e9 ainda\nmais nutritiva devido ao alto teor de prote\u00ednas presentes nos ovos, assim os\nconsumidores poder\u00e3o contar com uma textura mais rica, caracter\u00edstica do\nproduto.<\/p>\n\n\n\n<p>\u201cAs novidades da Vitarella n\u00e3o s\u00f3 ampliam o\nportf\u00f3lio da marca, como tamb\u00e9m proporcionam mais variedade para a mesa das\nfam\u00edlias, al\u00e9m de representarem novas alternativas para as g\u00f4ndolas dos\nsupermercadistas, o que reitera o nosso compromisso em ofertar para o p\u00fablico o\nque h\u00e1 de melhor e irresist\u00edvel no segmento\u201d, comenta Marina\nLemos, gerente de marketing.<\/p>\n\n\n\n<p>L\u00edder\nem massas no Brasil, de acordo com a Nielsen (leitura de JUL\/AGO 2019),\nVitarella tem um portf\u00f3lio extenso na linha de massas, com massa comum; massas\nde s\u00eamola, em cortes diversos, como Linguine, Fidelinho, Cabelo de Anjo; massas\ninstant\u00e2neas; e Lasanha tradicional e pr\u00e9-cozida. Agora com o lan\u00e7amento da\nlinha com ovos para o Nordeste, a marca oferece ainda mais op\u00e7\u00f5es para os\nconsumidores.<\/p>\n\n\n\n<p>Para comunicar o\nlan\u00e7amento, a marca ter\u00e1 merchandising e vinheta no programa \u00d4 de Casa, da TV\nJornal, conduzido pelo Chef Wellington. A Vitarella, sendo patrocinadora da\nSemana do Macarr\u00e3o da Globo, contar\u00e1 com inser\u00e7\u00f5es na programa\u00e7\u00e3o que ser\u00e3o\nveiculadas nas pra\u00e7as de Pernambuco, Para\u00edba, Rio Grande do Norte, Alagoas e\nBahia. Tamb\u00e9m far\u00e1 a\u00e7\u00f5es nas plataformas digitais e refor\u00e7ar\u00e1 no PDV com\nmaterias exclusivos.<\/p>\n","protected":false},"excerpt":{"rendered":"<p>Vitarella, marca l\u00edder de vendas em massas e biscoitos no Pa\u00eds, aumenta seu portf\u00f3lio com o lan\u00e7amento das massas com ovos. Dispon\u00edveis em embalagens de 500g, nos cortes Penne, Espaguete, Parafuso e Ninho, a novidade foi criada, principalmente, como mais uma op\u00e7\u00e3o irresist\u00edvel para as fam\u00edlias incrementarem nas suas receitas do dia a dia. As [&hellip;]<\/p>\n","protected":false},"author":1,"featured_media":12378,"comment_status":"open","ping_status":"open","sticky":false,"template":"","format":"standard","meta":{"tdm_status":"","tdm_grid_status":"","footnotes":""},"categories":[6],"tags":[28,30,124,756],"class_list":["post-12377","post","type-post","status-publish","format-standard","has-post-thumbnail","hentry","category-noticias","tag-marketing","tag-nordeste","tag-varejo","tag-vitarella"],"yoast_head":"<!-- This site is optimized with the Yoast SEO plugin v27.5 - https:\/\/yoast.com\/product\/yoast-seo-wordpress\/ -->\n<title>Vitarella lan\u00e7a massas com ovos nos supermercados do Nordeste - CidadeMarketing<\/title>\n<meta name=\"robots\" content=\"index, follow, max-snippet:-1, max-image-preview:large, max-video-preview:-1\" \/>\n<link rel=\"canonical\" href=\"https:\/\/www.cidademarketing.com.br\/marketing\/2019\/10\/24\/vitarella-lanca-massas-com-ovos-nos-supermercados-do-nordeste\/\" \/>\n<meta property=\"og:locale\" content=\"pt_BR\" \/>\n<meta property=\"og:type\" content=\"article\" \/>\n<meta property=\"og:title\" content=\"Vitarella lan\u00e7a massas com ovos nos supermercados do Nordeste - CidadeMarketing\" \/>\n<meta property=\"og:description\" content=\"Vitarella, marca l\u00edder de vendas em massas e biscoitos no Pa\u00eds, aumenta seu portf\u00f3lio com o lan\u00e7amento das massas com ovos. Dispon\u00edveis em embalagens de 500g, nos cortes Penne, Espaguete, Parafuso e Ninho, a novidade foi criada, principalmente, como mais uma op\u00e7\u00e3o irresist\u00edvel para as fam\u00edlias incrementarem nas suas receitas do dia a dia. As [&hellip;]\" \/>\n<meta property=\"og:url\" content=\"https:\/\/www.cidademarketing.com.br\/marketing\/2019\/10\/24\/vitarella-lanca-massas-com-ovos-nos-supermercados-do-nordeste\/\" \/>\n<meta property=\"og:site_name\" content=\"CidadeMarketing\" \/>\n<meta property=\"article:publisher\" content=\"https:\/\/www.facebook.com\/portalcidademarketing\" \/>\n<meta property=\"article:author\" content=\"https:\/\/www.facebook.com\/thalesbrandao\" \/>\n<meta property=\"article:published_time\" content=\"2019-10-24T18:20:57+00:00\" \/>\n<meta property=\"article:modified_time\" content=\"2019-10-24T18:24:01+00:00\" \/>\n<meta property=\"og:image\" content=\"https:\/\/www.cidademarketing.com.br\/marketing\/wp-content\/uploads\/2019\/10\/linha_vitarella.png\" \/>\n\t<meta property=\"og:image:width\" content=\"536\" \/>\n\t<meta property=\"og:image:height\" content=\"205\" \/>\n\t<meta property=\"og:image:type\" content=\"image\/png\" \/>\n<meta name=\"author\" content=\"Thales Brand\u00e3o\" \/>\n<meta name=\"twitter:card\" content=\"summary_large_image\" \/>\n<meta name=\"twitter:creator\" content=\"@http:\/\/www.twitter.com\/thalesbrandao\" \/>\n<meta name=\"twitter:site\" content=\"@CidadeMarketing\" \/>\n<meta name=\"twitter:label1\" content=\"Escrito por\" \/>\n\t<meta name=\"twitter:data1\" content=\"Thales Brand\u00e3o\" \/>\n\t<meta name=\"twitter:label2\" content=\"Est. tempo de leitura\" \/>\n\t<meta name=\"twitter:data2\" content=\"2 minutos\" \/>\n<script type=\"application\/ld+json\" class=\"yoast-schema-graph\">{\"@context\":\"https:\\\/\\\/schema.org\",\"@graph\":[{\"@type\":\"Article\",\"@id\":\"https:\\\/\\\/www.cidademarketing.com.br\\\/marketing\\\/2019\\\/10\\\/24\\\/vitarella-lanca-massas-com-ovos-nos-supermercados-do-nordeste\\\/#article\",\"isPartOf\":{\"@id\":\"https:\\\/\\\/www.cidademarketing.com.br\\\/marketing\\\/2019\\\/10\\\/24\\\/vitarella-lanca-massas-com-ovos-nos-supermercados-do-nordeste\\\/\"},\"author\":{\"name\":\"Thales Brand\u00e3o\",\"@id\":\"https:\\\/\\\/www.cidademarketing.com.br\\\/marketing\\\/#\\\/schema\\\/person\\\/02daff9f18bd9378c9e01eb6b2db155f\"},\"headline\":\"Vitarella lan\u00e7a massas com ovos nos supermercados do Nordeste\",\"datePublished\":\"2019-10-24T18:20:57+00:00\",\"dateModified\":\"2019-10-24T18:24:01+00:00\",\"mainEntityOfPage\":{\"@id\":\"https:\\\/\\\/www.cidademarketing.com.br\\\/marketing\\\/2019\\\/10\\\/24\\\/vitarella-lanca-massas-com-ovos-nos-supermercados-do-nordeste\\\/\"},\"wordCount\":350,\"commentCount\":0,\"publisher\":{\"@id\":\"https:\\\/\\\/www.cidademarketing.com.br\\\/marketing\\\/#organization\"},\"image\":{\"@id\":\"https:\\\/\\\/www.cidademarketing.com.br\\\/marketing\\\/2019\\\/10\\\/24\\\/vitarella-lanca-massas-com-ovos-nos-supermercados-do-nordeste\\\/#primaryimage\"},\"thumbnailUrl\":\"https:\\\/\\\/www.cidademarketing.com.br\\\/marketing\\\/wp-content\\\/uploads\\\/2019\\\/10\\\/linha_vitarella.png\",\"keywords\":[\"marketing\",\"Nordeste\",\"varejo\",\"Vitarella\"],\"articleSection\":[\"Not\u00edcias\"],\"inLanguage\":\"pt-BR\",\"potentialAction\":[{\"@type\":\"CommentAction\",\"name\":\"Comment\",\"target\":[\"https:\\\/\\\/www.cidademarketing.com.br\\\/marketing\\\/2019\\\/10\\\/24\\\/vitarella-lanca-massas-com-ovos-nos-supermercados-do-nordeste\\\/#respond\"]}]},{\"@type\":\"WebPage\",\"@id\":\"https:\\\/\\\/www.cidademarketing.com.br\\\/marketing\\\/2019\\\/10\\\/24\\\/vitarella-lanca-massas-com-ovos-nos-supermercados-do-nordeste\\\/\",\"url\":\"https:\\\/\\\/www.cidademarketing.com.br\\\/marketing\\\/2019\\\/10\\\/24\\\/vitarella-lanca-massas-com-ovos-nos-supermercados-do-nordeste\\\/\",\"name\":\"Vitarella lan\u00e7a massas com ovos nos supermercados do Nordeste - CidadeMarketing\",\"isPartOf\":{\"@id\":\"https:\\\/\\\/www.cidademarketing.com.br\\\/marketing\\\/#website\"},\"primaryImageOfPage\":{\"@id\":\"https:\\\/\\\/www.cidademarketing.com.br\\\/marketing\\\/2019\\\/10\\\/24\\\/vitarella-lanca-massas-com-ovos-nos-supermercados-do-nordeste\\\/#primaryimage\"},\"image\":{\"@id\":\"https:\\\/\\\/www.cidademarketing.com.br\\\/marketing\\\/2019\\\/10\\\/24\\\/vitarella-lanca-massas-com-ovos-nos-supermercados-do-nordeste\\\/#primaryimage\"},\"thumbnailUrl\":\"https:\\\/\\\/www.cidademarketing.com.br\\\/marketing\\\/wp-content\\\/uploads\\\/2019\\\/10\\\/linha_vitarella.png\",\"datePublished\":\"2019-10-24T18:20:57+00:00\",\"dateModified\":\"2019-10-24T18:24:01+00:00\",\"breadcrumb\":{\"@id\":\"https:\\\/\\\/www.cidademarketing.com.br\\\/marketing\\\/2019\\\/10\\\/24\\\/vitarella-lanca-massas-com-ovos-nos-supermercados-do-nordeste\\\/#breadcrumb\"},\"inLanguage\":\"pt-BR\",\"potentialAction\":[{\"@type\":\"ReadAction\",\"target\":[\"https:\\\/\\\/www.cidademarketing.com.br\\\/marketing\\\/2019\\\/10\\\/24\\\/vitarella-lanca-massas-com-ovos-nos-supermercados-do-nordeste\\\/\"]}]},{\"@type\":\"ImageObject\",\"inLanguage\":\"pt-BR\",\"@id\":\"https:\\\/\\\/www.cidademarketing.com.br\\\/marketing\\\/2019\\\/10\\\/24\\\/vitarella-lanca-massas-com-ovos-nos-supermercados-do-nordeste\\\/#primaryimage\",\"url\":\"https:\\\/\\\/www.cidademarketing.com.br\\\/marketing\\\/wp-content\\\/uploads\\\/2019\\\/10\\\/linha_vitarella.png\",\"contentUrl\":\"https:\\\/\\\/www.cidademarketing.com.br\\\/marketing\\\/wp-content\\\/uploads\\\/2019\\\/10\\\/linha_vitarella.png\",\"width\":536,\"height\":205},{\"@type\":\"BreadcrumbList\",\"@id\":\"https:\\\/\\\/www.cidademarketing.com.br\\\/marketing\\\/2019\\\/10\\\/24\\\/vitarella-lanca-massas-com-ovos-nos-supermercados-do-nordeste\\\/#breadcrumb\",\"itemListElement\":[{\"@type\":\"ListItem\",\"position\":1,\"name\":\"In\u00edcio\",\"item\":\"https:\\\/\\\/www.cidademarketing.com.br\\\/marketing\\\/\"},{\"@type\":\"ListItem\",\"position\":2,\"name\":\"Vitarella lan\u00e7a massas com ovos nos supermercados do Nordeste\"}]},{\"@type\":\"WebSite\",\"@id\":\"https:\\\/\\\/www.cidademarketing.com.br\\\/marketing\\\/#website\",\"url\":\"https:\\\/\\\/www.cidademarketing.com.br\\\/marketing\\\/\",\"name\":\"CidadeMarketing\",\"description\":\"Somos um ve\u00edculo de comunica\u00e7\u00e3o de destaque no Brasil, reconhecido por conte\u00fados nos segmentos de marketing, empreendedorismo e inova\u00e7\u00e3o.\",\"publisher\":{\"@id\":\"https:\\\/\\\/www.cidademarketing.com.br\\\/marketing\\\/#organization\"},\"alternateName\":\"CidadeMarketing\",\"potentialAction\":[{\"@type\":\"SearchAction\",\"target\":{\"@type\":\"EntryPoint\",\"urlTemplate\":\"https:\\\/\\\/www.cidademarketing.com.br\\\/marketing\\\/?s={search_term_string}\"},\"query-input\":{\"@type\":\"PropertyValueSpecification\",\"valueRequired\":true,\"valueName\":\"search_term_string\"}}],\"inLanguage\":\"pt-BR\"},{\"@type\":\"Organization\",\"@id\":\"https:\\\/\\\/www.cidademarketing.com.br\\\/marketing\\\/#organization\",\"name\":\"CidadeMarketing\",\"alternateName\":\"CidadeMarketing\",\"url\":\"https:\\\/\\\/www.cidademarketing.com.br\\\/marketing\\\/\",\"logo\":{\"@type\":\"ImageObject\",\"inLanguage\":\"pt-BR\",\"@id\":\"https:\\\/\\\/www.cidademarketing.com.br\\\/marketing\\\/#\\\/schema\\\/logo\\\/image\\\/\",\"url\":\"https:\\\/\\\/www.cidademarketing.com.br\\\/marketing\\\/wp-content\\\/uploads\\\/2020\\\/01\\\/cidademarketing_marca_mobile.png\",\"contentUrl\":\"https:\\\/\\\/www.cidademarketing.com.br\\\/marketing\\\/wp-content\\\/uploads\\\/2020\\\/01\\\/cidademarketing_marca_mobile.png\",\"width\":230,\"height\":92,\"caption\":\"CidadeMarketing\"},\"image\":{\"@id\":\"https:\\\/\\\/www.cidademarketing.com.br\\\/marketing\\\/#\\\/schema\\\/logo\\\/image\\\/\"},\"sameAs\":[\"https:\\\/\\\/www.facebook.com\\\/portalcidademarketing\",\"https:\\\/\\\/x.com\\\/CidadeMarketing\",\"https:\\\/\\\/www.instagram.com\\\/cidademarketing\\\/\"]},{\"@type\":\"Person\",\"@id\":\"https:\\\/\\\/www.cidademarketing.com.br\\\/marketing\\\/#\\\/schema\\\/person\\\/02daff9f18bd9378c9e01eb6b2db155f\",\"name\":\"Thales Brand\u00e3o\",\"image\":{\"@type\":\"ImageObject\",\"inLanguage\":\"pt-BR\",\"@id\":\"https:\\\/\\\/secure.gravatar.com\\\/avatar\\\/7ca3206950207cc3cb48feec56a8a7898741ab725c368d99d5d7a5a50aab80c6?s=96&d=mm&r=g\",\"url\":\"https:\\\/\\\/secure.gravatar.com\\\/avatar\\\/7ca3206950207cc3cb48feec56a8a7898741ab725c368d99d5d7a5a50aab80c6?s=96&d=mm&r=g\",\"contentUrl\":\"https:\\\/\\\/secure.gravatar.com\\\/avatar\\\/7ca3206950207cc3cb48feec56a8a7898741ab725c368d99d5d7a5a50aab80c6?s=96&d=mm&r=g\",\"caption\":\"Thales Brand\u00e3o\"},\"description\":\"Editor Executivo do Portal CidadeMarketing.com.br &gt; Mestre em Comunica\u00e7\u00e3o e Sociedade pela Universidade Federal de Sergipe. Possui MBA Executivo em Administra\u00e7\u00e3o com \u00eanfase em Marketing pela Funda\u00e7\u00e3o Get\u00falio Vargas - Rio de Janeiro. Consultor, Palestrante e Pesquisador sobre Empreendedorismo, Marketing, Redes Sociais e Neg\u00f3cios Digitais. Professor, Palestrante TedxTalks e Campus Party. Twitter: @ThalesBrandao\",\"sameAs\":[\"http:\\\/\\\/www.mandacaru.com.br\",\"https:\\\/\\\/www.facebook.com\\\/thalesbrandao\",\"http:\\\/\\\/www.instagram.com.br\\\/thalesbrandaoferreira\",\"https:\\\/\\\/www.linkedin.com\\\/in\\\/thales-brand\u00e3o-3948609\\\/\",\"https:\\\/\\\/x.com\\\/http:\\\/\\\/www.twitter.com\\\/thalesbrandao\"],\"url\":\"https:\\\/\\\/www.cidademarketing.com.br\\\/marketing\\\/author\\\/thalesbrandao\\\/\"}]}<\/script>\n<!-- \/ Yoast SEO plugin. -->","yoast_head_json":{"title":"Vitarella lan\u00e7a massas com ovos nos supermercados do Nordeste - CidadeMarketing","robots":{"index":"index","follow":"follow","max-snippet":"max-snippet:-1","max-image-preview":"max-image-preview:large","max-video-preview":"max-video-preview:-1"},"canonical":"https:\/\/www.cidademarketing.com.br\/marketing\/2019\/10\/24\/vitarella-lanca-massas-com-ovos-nos-supermercados-do-nordeste\/","og_locale":"pt_BR","og_type":"article","og_title":"Vitarella lan\u00e7a massas com ovos nos supermercados do Nordeste - CidadeMarketing","og_description":"Vitarella, marca l\u00edder de vendas em massas e biscoitos no Pa\u00eds, aumenta seu portf\u00f3lio com o lan\u00e7amento das massas com ovos. Dispon\u00edveis em embalagens de 500g, nos cortes Penne, Espaguete, Parafuso e Ninho, a novidade foi criada, principalmente, como mais uma op\u00e7\u00e3o irresist\u00edvel para as fam\u00edlias incrementarem nas suas receitas do dia a dia. As [&hellip;]","og_url":"https:\/\/www.cidademarketing.com.br\/marketing\/2019\/10\/24\/vitarella-lanca-massas-com-ovos-nos-supermercados-do-nordeste\/","og_site_name":"CidadeMarketing","article_publisher":"https:\/\/www.facebook.com\/portalcidademarketing","article_author":"https:\/\/www.facebook.com\/thalesbrandao","article_published_time":"2019-10-24T18:20:57+00:00","article_modified_time":"2019-10-24T18:24:01+00:00","og_image":[{"width":536,"height":205,"url":"https:\/\/www.cidademarketing.com.br\/marketing\/wp-content\/uploads\/2019\/10\/linha_vitarella.png","type":"image\/png"}],"author":"Thales Brand\u00e3o","twitter_card":"summary_large_image","twitter_creator":"@http:\/\/www.twitter.com\/thalesbrandao","twitter_site":"@CidadeMarketing","twitter_misc":{"Escrito por":"Thales Brand\u00e3o","Est. tempo de leitura":"2 minutos"},"schema":{"@context":"https:\/\/schema.org","@graph":[{"@type":"Article","@id":"https:\/\/www.cidademarketing.com.br\/marketing\/2019\/10\/24\/vitarella-lanca-massas-com-ovos-nos-supermercados-do-nordeste\/#article","isPartOf":{"@id":"https:\/\/www.cidademarketing.com.br\/marketing\/2019\/10\/24\/vitarella-lanca-massas-com-ovos-nos-supermercados-do-nordeste\/"},"author":{"name":"Thales Brand\u00e3o","@id":"https:\/\/www.cidademarketing.com.br\/marketing\/#\/schema\/person\/02daff9f18bd9378c9e01eb6b2db155f"},"headline":"Vitarella lan\u00e7a massas com ovos nos supermercados do Nordeste","datePublished":"2019-10-24T18:20:57+00:00","dateModified":"2019-10-24T18:24:01+00:00","mainEntityOfPage":{"@id":"https:\/\/www.cidademarketing.com.br\/marketing\/2019\/10\/24\/vitarella-lanca-massas-com-ovos-nos-supermercados-do-nordeste\/"},"wordCount":350,"commentCount":0,"publisher":{"@id":"https:\/\/www.cidademarketing.com.br\/marketing\/#organization"},"image":{"@id":"https:\/\/www.cidademarketing.com.br\/marketing\/2019\/10\/24\/vitarella-lanca-massas-com-ovos-nos-supermercados-do-nordeste\/#primaryimage"},"thumbnailUrl":"https:\/\/www.cidademarketing.com.br\/marketing\/wp-content\/uploads\/2019\/10\/linha_vitarella.png","keywords":["marketing","Nordeste","varejo","Vitarella"],"articleSection":["Not\u00edcias"],"inLanguage":"pt-BR","potentialAction":[{"@type":"CommentAction","name":"Comment","target":["https:\/\/www.cidademarketing.com.br\/marketing\/2019\/10\/24\/vitarella-lanca-massas-com-ovos-nos-supermercados-do-nordeste\/#respond"]}]},{"@type":"WebPage","@id":"https:\/\/www.cidademarketing.com.br\/marketing\/2019\/10\/24\/vitarella-lanca-massas-com-ovos-nos-supermercados-do-nordeste\/","url":"https:\/\/www.cidademarketing.com.br\/marketing\/2019\/10\/24\/vitarella-lanca-massas-com-ovos-nos-supermercados-do-nordeste\/","name":"Vitarella lan\u00e7a massas com ovos nos supermercados do Nordeste - CidadeMarketing","isPartOf":{"@id":"https:\/\/www.cidademarketing.com.br\/marketing\/#website"},"primaryImageOfPage":{"@id":"https:\/\/www.cidademarketing.com.br\/marketing\/2019\/10\/24\/vitarella-lanca-massas-com-ovos-nos-supermercados-do-nordeste\/#primaryimage"},"image":{"@id":"https:\/\/www.cidademarketing.com.br\/marketing\/2019\/10\/24\/vitarella-lanca-massas-com-ovos-nos-supermercados-do-nordeste\/#primaryimage"},"thumbnailUrl":"https:\/\/www.cidademarketing.com.br\/marketing\/wp-content\/uploads\/2019\/10\/linha_vitarella.png","datePublished":"2019-10-24T18:20:57+00:00","dateModified":"2019-10-24T18:24:01+00:00","breadcrumb":{"@id":"https:\/\/www.cidademarketing.com.br\/marketing\/2019\/10\/24\/vitarella-lanca-massas-com-ovos-nos-supermercados-do-nordeste\/#breadcrumb"},"inLanguage":"pt-BR","potentialAction":[{"@type":"ReadAction","target":["https:\/\/www.cidademarketing.com.br\/marketing\/2019\/10\/24\/vitarella-lanca-massas-com-ovos-nos-supermercados-do-nordeste\/"]}]},{"@type":"ImageObject","inLanguage":"pt-BR","@id":"https:\/\/www.cidademarketing.com.br\/marketing\/2019\/10\/24\/vitarella-lanca-massas-com-ovos-nos-supermercados-do-nordeste\/#primaryimage","url":"https:\/\/www.cidademarketing.com.br\/marketing\/wp-content\/uploads\/2019\/10\/linha_vitarella.png","contentUrl":"https:\/\/www.cidademarketing.com.br\/marketing\/wp-content\/uploads\/2019\/10\/linha_vitarella.png","width":536,"height":205},{"@type":"BreadcrumbList","@id":"https:\/\/www.cidademarketing.com.br\/marketing\/2019\/10\/24\/vitarella-lanca-massas-com-ovos-nos-supermercados-do-nordeste\/#breadcrumb","itemListElement":[{"@type":"ListItem","position":1,"name":"In\u00edcio","item":"https:\/\/www.cidademarketing.com.br\/marketing\/"},{"@type":"ListItem","position":2,"name":"Vitarella lan\u00e7a massas com ovos nos supermercados do Nordeste"}]},{"@type":"WebSite","@id":"https:\/\/www.cidademarketing.com.br\/marketing\/#website","url":"https:\/\/www.cidademarketing.com.br\/marketing\/","name":"CidadeMarketing","description":"Somos um ve\u00edculo de comunica\u00e7\u00e3o de destaque no Brasil, reconhecido por conte\u00fados nos segmentos de marketing, empreendedorismo e inova\u00e7\u00e3o.","publisher":{"@id":"https:\/\/www.cidademarketing.com.br\/marketing\/#organization"},"alternateName":"CidadeMarketing","potentialAction":[{"@type":"SearchAction","target":{"@type":"EntryPoint","urlTemplate":"https:\/\/www.cidademarketing.com.br\/marketing\/?s={search_term_string}"},"query-input":{"@type":"PropertyValueSpecification","valueRequired":true,"valueName":"search_term_string"}}],"inLanguage":"pt-BR"},{"@type":"Organization","@id":"https:\/\/www.cidademarketing.com.br\/marketing\/#organization","name":"CidadeMarketing","alternateName":"CidadeMarketing","url":"https:\/\/www.cidademarketing.com.br\/marketing\/","logo":{"@type":"ImageObject","inLanguage":"pt-BR","@id":"https:\/\/www.cidademarketing.com.br\/marketing\/#\/schema\/logo\/image\/","url":"https:\/\/www.cidademarketing.com.br\/marketing\/wp-content\/uploads\/2020\/01\/cidademarketing_marca_mobile.png","contentUrl":"https:\/\/www.cidademarketing.com.br\/marketing\/wp-content\/uploads\/2020\/01\/cidademarketing_marca_mobile.png","width":230,"height":92,"caption":"CidadeMarketing"},"image":{"@id":"https:\/\/www.cidademarketing.com.br\/marketing\/#\/schema\/logo\/image\/"},"sameAs":["https:\/\/www.facebook.com\/portalcidademarketing","https:\/\/x.com\/CidadeMarketing","https:\/\/www.instagram.com\/cidademarketing\/"]},{"@type":"Person","@id":"https:\/\/www.cidademarketing.com.br\/marketing\/#\/schema\/person\/02daff9f18bd9378c9e01eb6b2db155f","name":"Thales Brand\u00e3o","image":{"@type":"ImageObject","inLanguage":"pt-BR","@id":"https:\/\/secure.gravatar.com\/avatar\/7ca3206950207cc3cb48feec56a8a7898741ab725c368d99d5d7a5a50aab80c6?s=96&d=mm&r=g","url":"https:\/\/secure.gravatar.com\/avatar\/7ca3206950207cc3cb48feec56a8a7898741ab725c368d99d5d7a5a50aab80c6?s=96&d=mm&r=g","contentUrl":"https:\/\/secure.gravatar.com\/avatar\/7ca3206950207cc3cb48feec56a8a7898741ab725c368d99d5d7a5a50aab80c6?s=96&d=mm&r=g","caption":"Thales Brand\u00e3o"},"description":"Editor Executivo do Portal CidadeMarketing.com.br &gt; Mestre em Comunica\u00e7\u00e3o e Sociedade pela Universidade Federal de Sergipe. Possui MBA Executivo em Administra\u00e7\u00e3o com \u00eanfase em Marketing pela Funda\u00e7\u00e3o Get\u00falio Vargas - Rio de Janeiro. Consultor, Palestrante e Pesquisador sobre Empreendedorismo, Marketing, Redes Sociais e Neg\u00f3cios Digitais. Professor, Palestrante TedxTalks e Campus Party. Twitter: @ThalesBrandao","sameAs":["http:\/\/www.mandacaru.com.br","https:\/\/www.facebook.com\/thalesbrandao","http:\/\/www.instagram.com.br\/thalesbrandaoferreira","https:\/\/www.linkedin.com\/in\/thales-brand\u00e3o-3948609\/","https:\/\/x.com\/http:\/\/www.twitter.com\/thalesbrandao"],"url":"https:\/\/www.cidademarketing.com.br\/marketing\/author\/thalesbrandao\/"}]}},"amp_enabled":true,"_links":{"self":[{"href":"https:\/\/www.cidademarketing.com.br\/marketing\/wp-json\/wp\/v2\/posts\/12377","targetHints":{"allow":["GET"]}}],"collection":[{"href":"https:\/\/www.cidademarketing.com.br\/marketing\/wp-json\/wp\/v2\/posts"}],"about":[{"href":"https:\/\/www.cidademarketing.com.br\/marketing\/wp-json\/wp\/v2\/types\/post"}],"author":[{"embeddable":true,"href":"https:\/\/www.cidademarketing.com.br\/marketing\/wp-json\/wp\/v2\/users\/1"}],"replies":[{"embeddable":true,"href":"https:\/\/www.cidademarketing.com.br\/marketing\/wp-json\/wp\/v2\/comments?post=12377"}],"version-history":[{"count":1,"href":"https:\/\/www.cidademarketing.com.br\/marketing\/wp-json\/wp\/v2\/posts\/12377\/revisions"}],"predecessor-version":[{"id":12380,"href":"https:\/\/www.cidademarketing.com.br\/marketing\/wp-json\/wp\/v2\/posts\/12377\/revisions\/12380"}],"wp:featuredmedia":[{"embeddable":true,"href":"https:\/\/www.cidademarketing.com.br\/marketing\/wp-json\/wp\/v2\/media\/12378"}],"wp:attachment":[{"href":"https:\/\/www.cidademarketing.com.br\/marketing\/wp-json\/wp\/v2\/media?parent=12377"}],"wp:term":[{"taxonomy":"category","embeddable":true,"href":"https:\/\/www.cidademarketing.com.br\/marketing\/wp-json\/wp\/v2\/categories?post=12377"},{"taxonomy":"post_tag","embeddable":true,"href":"https:\/\/www.cidademarketing.com.br\/marketing\/wp-json\/wp\/v2\/tags?post=12377"}],"curies":[{"name":"wp","href":"https:\/\/api.w.org\/{rel}","templated":true}]}}