{"id":12048,"date":"2019-10-02T15:45:08","date_gmt":"2019-10-02T11:45:08","guid":{"rendered":"https:\/\/www.cidademarketing.com.br\/marketing\/?p=12048"},"modified":"2019-10-02T15:45:11","modified_gmt":"2019-10-02T11:45:11","slug":"extra-e-o-pao-de-acucar-participam-da-7a-semana-nacional-da-carne-suina","status":"publish","type":"post","link":"https:\/\/www.cidademarketing.com.br\/marketing\/2019\/10\/02\/extra-e-o-pao-de-acucar-participam-da-7a-semana-nacional-da-carne-suina\/","title":{"rendered":"Extra e o P\u00e3o de A\u00e7\u00facar participam da 7\u00aa Semana Nacional da Carne Su\u00edna"},"content":{"rendered":"\n<p>Pelo\ns\u00e9timo ano consecutivo, todas as lojas das redes Extra e P\u00e3o de A\u00e7\u00facar\nparticipam da Semana Nacional da Carne Su\u00edna, que acontece de 26\/09 a 13\/10. A\niniciativa, organizada em parceria com a Associa\u00e7\u00e3o Brasileira dos Criadores de\nSu\u00ednos (ABCS), possui como foco incentivar o consumo da prote\u00edna e, para isso,\nas bandeiras prepararam ofertas especiais para o per\u00edodo, refor\u00e7ando seus\nestoques para que os clientes encontrem as melhores op\u00e7\u00f5es de corte de su\u00ednos.\nA expectativa de crescimento nas vendas \u00e9 de 20% na compara\u00e7\u00e3o com a edi\u00e7\u00e3o da\nSemana realizada no ano passado. <\/p>\n\n\n\n<p>\u201cA\nSemana Nacional da Carne Su\u00edna \u00e9 um dos principais per\u00edodos de vendas de carne\nsu\u00edna para redes Extra e P\u00e3o de A\u00e7\u00facar e os consumidores podem comparar as\nformas de preparo e perceber as vantagens de se consumir a prote\u00edna,\nressaltando seus benef\u00edcios, seja para a sa\u00fade, seja pela economia. O Brasil \u00e9\no quarto maior produtor e o quarto maior exportador de carne su\u00edna do mundo e\npossui um grande potencial de crescimento de consumo\u201d, explica Rafael Monezi,\nGerente Comercial do GPA, controlador das redes Extra e P\u00e3o de A\u00e7\u00facar. \u201cNas\nnossas lojas os clientes encontram as melhores op\u00e7\u00f5es de produtos congelados e\ncortes da prote\u00edna, al\u00e9m do atendimento especializado dos nossos colaboradores,\nque s\u00e3o treinados para compartilhar informa\u00e7\u00f5es tanto sobre os benef\u00edcios da\ncarne su\u00edna, quanto sobre dicas de preparo, tudo para auxiliar o consumidor a\ninserir a carne su\u00edna no seu card\u00e1pio do dia a dia\u201d, complementa.<\/p>\n\n\n\n<p>Durante\na 7\u00aa Semana Nacional da Carne Su\u00edna, o P\u00e3o de A\u00e7\u00facar destaca a praticidade,\nversatilidade, sabor \u00fanico e saudabilidade da prote\u00edna atrav\u00e9s de receitas\nsurpreendentes que conquistam todos os tipos de paladares. As lojas t\u00eam pe\u00e7as e\ncortes diferenciados como Escalope de Fil\u00e9 Mignon Su\u00edno Resfriado (R$ 23,90 o\nkg), Prime Rib Su\u00edno Resfriado (R$ 19,90 o kg), Picanha Su\u00edna Resfriada (R$\n23,90 o kg), Alcatra Su\u00edna Fatiada (R$ 14,32 o kg) e Lombo Su\u00edno Temperado\nCongelado Qualit\u00e1 (R$ 17,90 o kg). Os pre\u00e7os s\u00e3o v\u00e1lidos para os clientes\ncadastrados no programa de fidelidade gratuito P\u00e3o de A\u00e7\u00facar Mais. Basta ativar\nos descontos no app e informar o CPF no caixa no momento da compra para que os\nprodutos saiam pelos pre\u00e7os mencionados. <\/p>\n\n\n\n<p>J\u00e1\nas lojas do Extra, seguindo o DNA da marca de oferecer pre\u00e7os competitivos e\ncondi\u00e7\u00f5es de pagamento diferenciadas, oferecem 10% de desconto na categoria\ndurante todo o per\u00edodo pagando com os cart\u00f5es Extra. Durante a campanha, a rede\npreparou ofertas como Copa Lombo Su\u00edno Resfriada (R$ 16,98 o kg), Fil\u00e9 Mignon\nSu\u00edno Congelado (R$ 12,90 o kg), Lagarto Su\u00edno Resfriado (R$ 17,98 o kg),\nPatinho Su\u00edno Resfriado (R$ 16,90 o kg), Costela Su\u00edna Congelada (R$ 13,98 o\nkg) e Lagarto Su\u00edno Resfriado (R$ 18,90 o kg). <\/p>\n\n\n\n<p><strong>Plano\nde Desenvolvimento de su\u00ednos<\/strong><\/p>\n\n\n\n<p>Embora\na carne su\u00edna seja a mais consumida no mundo, o Brasil ocupa apenas a 23\u00aa\nposi\u00e7\u00e3o, o que evidencia o grande potencial de crescimento que os su\u00ednos\npossuem para que passe a fazer parte da rotina dos brasileiros. Diante desse\ncen\u00e1rio, o GPA, controlador das redes Extra e P\u00e3o de A\u00e7\u00facar, desenvolveu um\nplano de desenvolvimento que tem como principal objetivo dobrar as vendas de\ncarne su\u00edna at\u00e9 2021, al\u00e9m de aumentar o&nbsp;<em>share<\/em>&nbsp;e gerar melhor\nrentabilidade e diferencia\u00e7\u00e3o para o a\u00e7ougue. <\/p>\n\n\n\n<p>O\nprojeto tamb\u00e9m conta com o apoio da Associa\u00e7\u00e3o Brasileira dos Criadores de\nSu\u00ednos (ABCS) e foi pensado para ser 360\u00ba, garantindo a qualidade desde a\nprodu\u00e7\u00e3o at\u00e9 a divulga\u00e7\u00e3o e chegada do produto nas g\u00f4ndolas das lojas das\nbandeiras Extra e P\u00e3o de A\u00e7\u00facar. Uma das frentes de atua\u00e7\u00e3o do plano de\ndesenvolvimento de su\u00ednos \u00e9 na produ\u00e7\u00e3o e envolve treinamentos e capacita\u00e7\u00e3o\nnas granjas fornecedoras e consiste no alinhamento de temas como o bem-estar\nanimal. Al\u00e9m disso, esse pilar tamb\u00e9m prev\u00ea a produ\u00e7\u00e3o de conte\u00fados t\u00e9cnicos e\ncient\u00edficos relacionados a temas de seguran\u00e7a alimentar e normativas para as\nf\u00e1bricas de ra\u00e7\u00e3o, por exemplo. Por fim, contempla, tamb\u00e9m, visitas t\u00e9cnicas da\nequipe do GPA em granjas para alinhar o conhecimento sobre a produ\u00e7\u00e3o, bem como\na origem da mat\u00e9ria-prima e adequa\u00e7\u00e3o de processos.<\/p>\n\n\n\n<p>Efetivamente\nnas g\u00f4ndolas e a\u00e7ougues das lojas, o plano tem o objetivo de aumentar a\nexposi\u00e7\u00e3o de carne su\u00edna nos balc\u00f5es expositores e disponibilizar uma maior\nvariedade de cortes para que os consumidores possam comparar as formas de\npreparo e perceber as vantagens de se consumir a prote\u00edna, seja para a sa\u00fade,\nseja pela economia, j\u00e1 que os su\u00ednos t\u00eam pre\u00e7os mais competitivos na compara\u00e7\u00e3o\ncom a carne bovina, por exemplo. Na \u00faltima frente de trabalho est\u00e1 a atua\u00e7\u00e3o na\nforma\u00e7\u00e3o dos colaboradores, o que prev\u00ea desenvolvimento de treinamentos e\nmetodologias sobre cortes su\u00ednos, saudabilidade, seguran\u00e7a alimentar,\ntreinamentos de vendas e atualiza\u00e7\u00f5es para aprimorar o atendimento ao cliente.<\/p>\n","protected":false},"excerpt":{"rendered":"<p>Pelo s\u00e9timo ano consecutivo, todas as lojas das redes Extra e P\u00e3o de A\u00e7\u00facar participam da Semana Nacional da Carne Su\u00edna, que acontece de 26\/09 a 13\/10. A iniciativa, organizada em parceria com a Associa\u00e7\u00e3o Brasileira dos Criadores de Su\u00ednos (ABCS), possui como foco incentivar o consumo da prote\u00edna e, para isso, as bandeiras prepararam [&hellip;]<\/p>\n","protected":false},"author":1,"featured_media":12049,"comment_status":"open","ping_status":"open","sticky":false,"template":"","format":"standard","meta":{"tdm_status":"","tdm_grid_status":"","footnotes":""},"categories":[6],"tags":[428,2023,28,172],"class_list":["post-12048","post","type-post","status-publish","format-standard","has-post-thumbnail","hentry","category-noticias","tag-extra","tag-gastronomia","tag-marketing","tag-pao-de-acucar"],"yoast_head":"<!-- This site is optimized with the Yoast SEO plugin v27.5 - https:\/\/yoast.com\/product\/yoast-seo-wordpress\/ -->\n<title>Extra e o P\u00e3o de A\u00e7\u00facar participam da 7\u00aa Semana Nacional da Carne Su\u00edna - CidadeMarketing<\/title>\n<meta name=\"robots\" content=\"index, follow, max-snippet:-1, max-image-preview:large, max-video-preview:-1\" \/>\n<link rel=\"canonical\" href=\"https:\/\/www.cidademarketing.com.br\/marketing\/2019\/10\/02\/extra-e-o-pao-de-acucar-participam-da-7a-semana-nacional-da-carne-suina\/\" \/>\n<meta property=\"og:locale\" content=\"pt_BR\" \/>\n<meta property=\"og:type\" content=\"article\" \/>\n<meta property=\"og:title\" content=\"Extra e o P\u00e3o de A\u00e7\u00facar participam da 7\u00aa Semana Nacional da Carne Su\u00edna - CidadeMarketing\" \/>\n<meta property=\"og:description\" content=\"Pelo s\u00e9timo ano consecutivo, todas as lojas das redes Extra e P\u00e3o de A\u00e7\u00facar participam da Semana Nacional da Carne Su\u00edna, que acontece de 26\/09 a 13\/10. A iniciativa, organizada em parceria com a Associa\u00e7\u00e3o Brasileira dos Criadores de Su\u00ednos (ABCS), possui como foco incentivar o consumo da prote\u00edna e, para isso, as bandeiras prepararam [&hellip;]\" \/>\n<meta property=\"og:url\" content=\"https:\/\/www.cidademarketing.com.br\/marketing\/2019\/10\/02\/extra-e-o-pao-de-acucar-participam-da-7a-semana-nacional-da-carne-suina\/\" \/>\n<meta property=\"og:site_name\" content=\"CidadeMarketing\" \/>\n<meta property=\"article:publisher\" content=\"https:\/\/www.facebook.com\/portalcidademarketing\" \/>\n<meta property=\"article:author\" content=\"https:\/\/www.facebook.com\/thalesbrandao\" \/>\n<meta property=\"article:published_time\" content=\"2019-10-02T11:45:08+00:00\" \/>\n<meta property=\"article:modified_time\" content=\"2019-10-02T11:45:11+00:00\" \/>\n<meta property=\"og:image\" content=\"https:\/\/www.cidademarketing.com.br\/marketing\/wp-content\/uploads\/2019\/10\/porco_thalesbrandao.jpg\" \/>\n\t<meta property=\"og:image:width\" content=\"606\" \/>\n\t<meta property=\"og:image:height\" content=\"392\" \/>\n\t<meta property=\"og:image:type\" content=\"image\/jpeg\" \/>\n<meta name=\"author\" content=\"Thales Brand\u00e3o\" \/>\n<meta name=\"twitter:card\" content=\"summary_large_image\" \/>\n<meta name=\"twitter:creator\" content=\"@http:\/\/www.twitter.com\/thalesbrandao\" \/>\n<meta name=\"twitter:site\" content=\"@CidadeMarketing\" \/>\n<meta name=\"twitter:label1\" content=\"Escrito por\" \/>\n\t<meta name=\"twitter:data1\" content=\"Thales Brand\u00e3o\" \/>\n\t<meta name=\"twitter:label2\" content=\"Est. tempo de leitura\" \/>\n\t<meta name=\"twitter:data2\" content=\"4 minutos\" \/>\n<script type=\"application\/ld+json\" class=\"yoast-schema-graph\">{\"@context\":\"https:\\\/\\\/schema.org\",\"@graph\":[{\"@type\":\"Article\",\"@id\":\"https:\\\/\\\/www.cidademarketing.com.br\\\/marketing\\\/2019\\\/10\\\/02\\\/extra-e-o-pao-de-acucar-participam-da-7a-semana-nacional-da-carne-suina\\\/#article\",\"isPartOf\":{\"@id\":\"https:\\\/\\\/www.cidademarketing.com.br\\\/marketing\\\/2019\\\/10\\\/02\\\/extra-e-o-pao-de-acucar-participam-da-7a-semana-nacional-da-carne-suina\\\/\"},\"author\":{\"name\":\"Thales Brand\u00e3o\",\"@id\":\"https:\\\/\\\/www.cidademarketing.com.br\\\/marketing\\\/#\\\/schema\\\/person\\\/02daff9f18bd9378c9e01eb6b2db155f\"},\"headline\":\"Extra e o P\u00e3o de A\u00e7\u00facar participam da 7\u00aa Semana Nacional da Carne Su\u00edna\",\"datePublished\":\"2019-10-02T11:45:08+00:00\",\"dateModified\":\"2019-10-02T11:45:11+00:00\",\"mainEntityOfPage\":{\"@id\":\"https:\\\/\\\/www.cidademarketing.com.br\\\/marketing\\\/2019\\\/10\\\/02\\\/extra-e-o-pao-de-acucar-participam-da-7a-semana-nacional-da-carne-suina\\\/\"},\"wordCount\":897,\"commentCount\":0,\"publisher\":{\"@id\":\"https:\\\/\\\/www.cidademarketing.com.br\\\/marketing\\\/#organization\"},\"image\":{\"@id\":\"https:\\\/\\\/www.cidademarketing.com.br\\\/marketing\\\/2019\\\/10\\\/02\\\/extra-e-o-pao-de-acucar-participam-da-7a-semana-nacional-da-carne-suina\\\/#primaryimage\"},\"thumbnailUrl\":\"https:\\\/\\\/www.cidademarketing.com.br\\\/marketing\\\/wp-content\\\/uploads\\\/2019\\\/10\\\/porco_thalesbrandao.jpg\",\"keywords\":[\"Extra\",\"gastronomia\",\"marketing\",\"p\u00e3o de a\u00e7\u00facar\"],\"articleSection\":[\"Not\u00edcias\"],\"inLanguage\":\"pt-BR\",\"potentialAction\":[{\"@type\":\"CommentAction\",\"name\":\"Comment\",\"target\":[\"https:\\\/\\\/www.cidademarketing.com.br\\\/marketing\\\/2019\\\/10\\\/02\\\/extra-e-o-pao-de-acucar-participam-da-7a-semana-nacional-da-carne-suina\\\/#respond\"]}]},{\"@type\":\"WebPage\",\"@id\":\"https:\\\/\\\/www.cidademarketing.com.br\\\/marketing\\\/2019\\\/10\\\/02\\\/extra-e-o-pao-de-acucar-participam-da-7a-semana-nacional-da-carne-suina\\\/\",\"url\":\"https:\\\/\\\/www.cidademarketing.com.br\\\/marketing\\\/2019\\\/10\\\/02\\\/extra-e-o-pao-de-acucar-participam-da-7a-semana-nacional-da-carne-suina\\\/\",\"name\":\"Extra e o P\u00e3o de A\u00e7\u00facar participam da 7\u00aa Semana Nacional da Carne Su\u00edna - CidadeMarketing\",\"isPartOf\":{\"@id\":\"https:\\\/\\\/www.cidademarketing.com.br\\\/marketing\\\/#website\"},\"primaryImageOfPage\":{\"@id\":\"https:\\\/\\\/www.cidademarketing.com.br\\\/marketing\\\/2019\\\/10\\\/02\\\/extra-e-o-pao-de-acucar-participam-da-7a-semana-nacional-da-carne-suina\\\/#primaryimage\"},\"image\":{\"@id\":\"https:\\\/\\\/www.cidademarketing.com.br\\\/marketing\\\/2019\\\/10\\\/02\\\/extra-e-o-pao-de-acucar-participam-da-7a-semana-nacional-da-carne-suina\\\/#primaryimage\"},\"thumbnailUrl\":\"https:\\\/\\\/www.cidademarketing.com.br\\\/marketing\\\/wp-content\\\/uploads\\\/2019\\\/10\\\/porco_thalesbrandao.jpg\",\"datePublished\":\"2019-10-02T11:45:08+00:00\",\"dateModified\":\"2019-10-02T11:45:11+00:00\",\"breadcrumb\":{\"@id\":\"https:\\\/\\\/www.cidademarketing.com.br\\\/marketing\\\/2019\\\/10\\\/02\\\/extra-e-o-pao-de-acucar-participam-da-7a-semana-nacional-da-carne-suina\\\/#breadcrumb\"},\"inLanguage\":\"pt-BR\",\"potentialAction\":[{\"@type\":\"ReadAction\",\"target\":[\"https:\\\/\\\/www.cidademarketing.com.br\\\/marketing\\\/2019\\\/10\\\/02\\\/extra-e-o-pao-de-acucar-participam-da-7a-semana-nacional-da-carne-suina\\\/\"]}]},{\"@type\":\"ImageObject\",\"inLanguage\":\"pt-BR\",\"@id\":\"https:\\\/\\\/www.cidademarketing.com.br\\\/marketing\\\/2019\\\/10\\\/02\\\/extra-e-o-pao-de-acucar-participam-da-7a-semana-nacional-da-carne-suina\\\/#primaryimage\",\"url\":\"https:\\\/\\\/www.cidademarketing.com.br\\\/marketing\\\/wp-content\\\/uploads\\\/2019\\\/10\\\/porco_thalesbrandao.jpg\",\"contentUrl\":\"https:\\\/\\\/www.cidademarketing.com.br\\\/marketing\\\/wp-content\\\/uploads\\\/2019\\\/10\\\/porco_thalesbrandao.jpg\",\"width\":606,\"height\":392,\"caption\":\"Foto: Thales Brand\u00e3o\"},{\"@type\":\"BreadcrumbList\",\"@id\":\"https:\\\/\\\/www.cidademarketing.com.br\\\/marketing\\\/2019\\\/10\\\/02\\\/extra-e-o-pao-de-acucar-participam-da-7a-semana-nacional-da-carne-suina\\\/#breadcrumb\",\"itemListElement\":[{\"@type\":\"ListItem\",\"position\":1,\"name\":\"In\u00edcio\",\"item\":\"https:\\\/\\\/www.cidademarketing.com.br\\\/marketing\\\/\"},{\"@type\":\"ListItem\",\"position\":2,\"name\":\"Extra e o P\u00e3o de A\u00e7\u00facar participam da 7\u00aa Semana Nacional da Carne Su\u00edna\"}]},{\"@type\":\"WebSite\",\"@id\":\"https:\\\/\\\/www.cidademarketing.com.br\\\/marketing\\\/#website\",\"url\":\"https:\\\/\\\/www.cidademarketing.com.br\\\/marketing\\\/\",\"name\":\"CidadeMarketing\",\"description\":\"Somos um ve\u00edculo de comunica\u00e7\u00e3o de destaque no Brasil, reconhecido por conte\u00fados nos segmentos de marketing, empreendedorismo e inova\u00e7\u00e3o.\",\"publisher\":{\"@id\":\"https:\\\/\\\/www.cidademarketing.com.br\\\/marketing\\\/#organization\"},\"alternateName\":\"CidadeMarketing\",\"potentialAction\":[{\"@type\":\"SearchAction\",\"target\":{\"@type\":\"EntryPoint\",\"urlTemplate\":\"https:\\\/\\\/www.cidademarketing.com.br\\\/marketing\\\/?s={search_term_string}\"},\"query-input\":{\"@type\":\"PropertyValueSpecification\",\"valueRequired\":true,\"valueName\":\"search_term_string\"}}],\"inLanguage\":\"pt-BR\"},{\"@type\":\"Organization\",\"@id\":\"https:\\\/\\\/www.cidademarketing.com.br\\\/marketing\\\/#organization\",\"name\":\"CidadeMarketing\",\"alternateName\":\"CidadeMarketing\",\"url\":\"https:\\\/\\\/www.cidademarketing.com.br\\\/marketing\\\/\",\"logo\":{\"@type\":\"ImageObject\",\"inLanguage\":\"pt-BR\",\"@id\":\"https:\\\/\\\/www.cidademarketing.com.br\\\/marketing\\\/#\\\/schema\\\/logo\\\/image\\\/\",\"url\":\"https:\\\/\\\/www.cidademarketing.com.br\\\/marketing\\\/wp-content\\\/uploads\\\/2020\\\/01\\\/cidademarketing_marca_mobile.png\",\"contentUrl\":\"https:\\\/\\\/www.cidademarketing.com.br\\\/marketing\\\/wp-content\\\/uploads\\\/2020\\\/01\\\/cidademarketing_marca_mobile.png\",\"width\":230,\"height\":92,\"caption\":\"CidadeMarketing\"},\"image\":{\"@id\":\"https:\\\/\\\/www.cidademarketing.com.br\\\/marketing\\\/#\\\/schema\\\/logo\\\/image\\\/\"},\"sameAs\":[\"https:\\\/\\\/www.facebook.com\\\/portalcidademarketing\",\"https:\\\/\\\/x.com\\\/CidadeMarketing\",\"https:\\\/\\\/www.instagram.com\\\/cidademarketing\\\/\"]},{\"@type\":\"Person\",\"@id\":\"https:\\\/\\\/www.cidademarketing.com.br\\\/marketing\\\/#\\\/schema\\\/person\\\/02daff9f18bd9378c9e01eb6b2db155f\",\"name\":\"Thales Brand\u00e3o\",\"image\":{\"@type\":\"ImageObject\",\"inLanguage\":\"pt-BR\",\"@id\":\"https:\\\/\\\/secure.gravatar.com\\\/avatar\\\/7ca3206950207cc3cb48feec56a8a7898741ab725c368d99d5d7a5a50aab80c6?s=96&d=mm&r=g\",\"url\":\"https:\\\/\\\/secure.gravatar.com\\\/avatar\\\/7ca3206950207cc3cb48feec56a8a7898741ab725c368d99d5d7a5a50aab80c6?s=96&d=mm&r=g\",\"contentUrl\":\"https:\\\/\\\/secure.gravatar.com\\\/avatar\\\/7ca3206950207cc3cb48feec56a8a7898741ab725c368d99d5d7a5a50aab80c6?s=96&d=mm&r=g\",\"caption\":\"Thales Brand\u00e3o\"},\"description\":\"Editor Executivo do Portal CidadeMarketing.com.br &gt; Mestre em Comunica\u00e7\u00e3o e Sociedade pela Universidade Federal de Sergipe. Possui MBA Executivo em Administra\u00e7\u00e3o com \u00eanfase em Marketing pela Funda\u00e7\u00e3o Get\u00falio Vargas - Rio de Janeiro. Consultor, Palestrante e Pesquisador sobre Empreendedorismo, Marketing, Redes Sociais e Neg\u00f3cios Digitais. Professor, Palestrante TedxTalks e Campus Party. Twitter: @ThalesBrandao\",\"sameAs\":[\"http:\\\/\\\/www.mandacaru.com.br\",\"https:\\\/\\\/www.facebook.com\\\/thalesbrandao\",\"http:\\\/\\\/www.instagram.com.br\\\/thalesbrandaoferreira\",\"https:\\\/\\\/www.linkedin.com\\\/in\\\/thales-brand\u00e3o-3948609\\\/\",\"https:\\\/\\\/x.com\\\/http:\\\/\\\/www.twitter.com\\\/thalesbrandao\"],\"url\":\"https:\\\/\\\/www.cidademarketing.com.br\\\/marketing\\\/author\\\/thalesbrandao\\\/\"}]}<\/script>\n<!-- \/ Yoast SEO plugin. -->","yoast_head_json":{"title":"Extra e o P\u00e3o de A\u00e7\u00facar participam da 7\u00aa Semana Nacional da Carne Su\u00edna - CidadeMarketing","robots":{"index":"index","follow":"follow","max-snippet":"max-snippet:-1","max-image-preview":"max-image-preview:large","max-video-preview":"max-video-preview:-1"},"canonical":"https:\/\/www.cidademarketing.com.br\/marketing\/2019\/10\/02\/extra-e-o-pao-de-acucar-participam-da-7a-semana-nacional-da-carne-suina\/","og_locale":"pt_BR","og_type":"article","og_title":"Extra e o P\u00e3o de A\u00e7\u00facar participam da 7\u00aa Semana Nacional da Carne Su\u00edna - CidadeMarketing","og_description":"Pelo s\u00e9timo ano consecutivo, todas as lojas das redes Extra e P\u00e3o de A\u00e7\u00facar participam da Semana Nacional da Carne Su\u00edna, que acontece de 26\/09 a 13\/10. A iniciativa, organizada em parceria com a Associa\u00e7\u00e3o Brasileira dos Criadores de Su\u00ednos (ABCS), possui como foco incentivar o consumo da prote\u00edna e, para isso, as bandeiras prepararam [&hellip;]","og_url":"https:\/\/www.cidademarketing.com.br\/marketing\/2019\/10\/02\/extra-e-o-pao-de-acucar-participam-da-7a-semana-nacional-da-carne-suina\/","og_site_name":"CidadeMarketing","article_publisher":"https:\/\/www.facebook.com\/portalcidademarketing","article_author":"https:\/\/www.facebook.com\/thalesbrandao","article_published_time":"2019-10-02T11:45:08+00:00","article_modified_time":"2019-10-02T11:45:11+00:00","og_image":[{"width":606,"height":392,"url":"https:\/\/www.cidademarketing.com.br\/marketing\/wp-content\/uploads\/2019\/10\/porco_thalesbrandao.jpg","type":"image\/jpeg"}],"author":"Thales Brand\u00e3o","twitter_card":"summary_large_image","twitter_creator":"@http:\/\/www.twitter.com\/thalesbrandao","twitter_site":"@CidadeMarketing","twitter_misc":{"Escrito por":"Thales Brand\u00e3o","Est. tempo de leitura":"4 minutos"},"schema":{"@context":"https:\/\/schema.org","@graph":[{"@type":"Article","@id":"https:\/\/www.cidademarketing.com.br\/marketing\/2019\/10\/02\/extra-e-o-pao-de-acucar-participam-da-7a-semana-nacional-da-carne-suina\/#article","isPartOf":{"@id":"https:\/\/www.cidademarketing.com.br\/marketing\/2019\/10\/02\/extra-e-o-pao-de-acucar-participam-da-7a-semana-nacional-da-carne-suina\/"},"author":{"name":"Thales Brand\u00e3o","@id":"https:\/\/www.cidademarketing.com.br\/marketing\/#\/schema\/person\/02daff9f18bd9378c9e01eb6b2db155f"},"headline":"Extra e o P\u00e3o de A\u00e7\u00facar participam da 7\u00aa Semana Nacional da Carne Su\u00edna","datePublished":"2019-10-02T11:45:08+00:00","dateModified":"2019-10-02T11:45:11+00:00","mainEntityOfPage":{"@id":"https:\/\/www.cidademarketing.com.br\/marketing\/2019\/10\/02\/extra-e-o-pao-de-acucar-participam-da-7a-semana-nacional-da-carne-suina\/"},"wordCount":897,"commentCount":0,"publisher":{"@id":"https:\/\/www.cidademarketing.com.br\/marketing\/#organization"},"image":{"@id":"https:\/\/www.cidademarketing.com.br\/marketing\/2019\/10\/02\/extra-e-o-pao-de-acucar-participam-da-7a-semana-nacional-da-carne-suina\/#primaryimage"},"thumbnailUrl":"https:\/\/www.cidademarketing.com.br\/marketing\/wp-content\/uploads\/2019\/10\/porco_thalesbrandao.jpg","keywords":["Extra","gastronomia","marketing","p\u00e3o de a\u00e7\u00facar"],"articleSection":["Not\u00edcias"],"inLanguage":"pt-BR","potentialAction":[{"@type":"CommentAction","name":"Comment","target":["https:\/\/www.cidademarketing.com.br\/marketing\/2019\/10\/02\/extra-e-o-pao-de-acucar-participam-da-7a-semana-nacional-da-carne-suina\/#respond"]}]},{"@type":"WebPage","@id":"https:\/\/www.cidademarketing.com.br\/marketing\/2019\/10\/02\/extra-e-o-pao-de-acucar-participam-da-7a-semana-nacional-da-carne-suina\/","url":"https:\/\/www.cidademarketing.com.br\/marketing\/2019\/10\/02\/extra-e-o-pao-de-acucar-participam-da-7a-semana-nacional-da-carne-suina\/","name":"Extra e o P\u00e3o de A\u00e7\u00facar participam da 7\u00aa Semana Nacional da Carne Su\u00edna - CidadeMarketing","isPartOf":{"@id":"https:\/\/www.cidademarketing.com.br\/marketing\/#website"},"primaryImageOfPage":{"@id":"https:\/\/www.cidademarketing.com.br\/marketing\/2019\/10\/02\/extra-e-o-pao-de-acucar-participam-da-7a-semana-nacional-da-carne-suina\/#primaryimage"},"image":{"@id":"https:\/\/www.cidademarketing.com.br\/marketing\/2019\/10\/02\/extra-e-o-pao-de-acucar-participam-da-7a-semana-nacional-da-carne-suina\/#primaryimage"},"thumbnailUrl":"https:\/\/www.cidademarketing.com.br\/marketing\/wp-content\/uploads\/2019\/10\/porco_thalesbrandao.jpg","datePublished":"2019-10-02T11:45:08+00:00","dateModified":"2019-10-02T11:45:11+00:00","breadcrumb":{"@id":"https:\/\/www.cidademarketing.com.br\/marketing\/2019\/10\/02\/extra-e-o-pao-de-acucar-participam-da-7a-semana-nacional-da-carne-suina\/#breadcrumb"},"inLanguage":"pt-BR","potentialAction":[{"@type":"ReadAction","target":["https:\/\/www.cidademarketing.com.br\/marketing\/2019\/10\/02\/extra-e-o-pao-de-acucar-participam-da-7a-semana-nacional-da-carne-suina\/"]}]},{"@type":"ImageObject","inLanguage":"pt-BR","@id":"https:\/\/www.cidademarketing.com.br\/marketing\/2019\/10\/02\/extra-e-o-pao-de-acucar-participam-da-7a-semana-nacional-da-carne-suina\/#primaryimage","url":"https:\/\/www.cidademarketing.com.br\/marketing\/wp-content\/uploads\/2019\/10\/porco_thalesbrandao.jpg","contentUrl":"https:\/\/www.cidademarketing.com.br\/marketing\/wp-content\/uploads\/2019\/10\/porco_thalesbrandao.jpg","width":606,"height":392,"caption":"Foto: Thales Brand\u00e3o"},{"@type":"BreadcrumbList","@id":"https:\/\/www.cidademarketing.com.br\/marketing\/2019\/10\/02\/extra-e-o-pao-de-acucar-participam-da-7a-semana-nacional-da-carne-suina\/#breadcrumb","itemListElement":[{"@type":"ListItem","position":1,"name":"In\u00edcio","item":"https:\/\/www.cidademarketing.com.br\/marketing\/"},{"@type":"ListItem","position":2,"name":"Extra e o P\u00e3o de A\u00e7\u00facar participam da 7\u00aa Semana Nacional da Carne Su\u00edna"}]},{"@type":"WebSite","@id":"https:\/\/www.cidademarketing.com.br\/marketing\/#website","url":"https:\/\/www.cidademarketing.com.br\/marketing\/","name":"CidadeMarketing","description":"Somos um ve\u00edculo de comunica\u00e7\u00e3o de destaque no Brasil, reconhecido por conte\u00fados nos segmentos de marketing, empreendedorismo e inova\u00e7\u00e3o.","publisher":{"@id":"https:\/\/www.cidademarketing.com.br\/marketing\/#organization"},"alternateName":"CidadeMarketing","potentialAction":[{"@type":"SearchAction","target":{"@type":"EntryPoint","urlTemplate":"https:\/\/www.cidademarketing.com.br\/marketing\/?s={search_term_string}"},"query-input":{"@type":"PropertyValueSpecification","valueRequired":true,"valueName":"search_term_string"}}],"inLanguage":"pt-BR"},{"@type":"Organization","@id":"https:\/\/www.cidademarketing.com.br\/marketing\/#organization","name":"CidadeMarketing","alternateName":"CidadeMarketing","url":"https:\/\/www.cidademarketing.com.br\/marketing\/","logo":{"@type":"ImageObject","inLanguage":"pt-BR","@id":"https:\/\/www.cidademarketing.com.br\/marketing\/#\/schema\/logo\/image\/","url":"https:\/\/www.cidademarketing.com.br\/marketing\/wp-content\/uploads\/2020\/01\/cidademarketing_marca_mobile.png","contentUrl":"https:\/\/www.cidademarketing.com.br\/marketing\/wp-content\/uploads\/2020\/01\/cidademarketing_marca_mobile.png","width":230,"height":92,"caption":"CidadeMarketing"},"image":{"@id":"https:\/\/www.cidademarketing.com.br\/marketing\/#\/schema\/logo\/image\/"},"sameAs":["https:\/\/www.facebook.com\/portalcidademarketing","https:\/\/x.com\/CidadeMarketing","https:\/\/www.instagram.com\/cidademarketing\/"]},{"@type":"Person","@id":"https:\/\/www.cidademarketing.com.br\/marketing\/#\/schema\/person\/02daff9f18bd9378c9e01eb6b2db155f","name":"Thales Brand\u00e3o","image":{"@type":"ImageObject","inLanguage":"pt-BR","@id":"https:\/\/secure.gravatar.com\/avatar\/7ca3206950207cc3cb48feec56a8a7898741ab725c368d99d5d7a5a50aab80c6?s=96&d=mm&r=g","url":"https:\/\/secure.gravatar.com\/avatar\/7ca3206950207cc3cb48feec56a8a7898741ab725c368d99d5d7a5a50aab80c6?s=96&d=mm&r=g","contentUrl":"https:\/\/secure.gravatar.com\/avatar\/7ca3206950207cc3cb48feec56a8a7898741ab725c368d99d5d7a5a50aab80c6?s=96&d=mm&r=g","caption":"Thales Brand\u00e3o"},"description":"Editor Executivo do Portal CidadeMarketing.com.br &gt; Mestre em Comunica\u00e7\u00e3o e Sociedade pela Universidade Federal de Sergipe. Possui MBA Executivo em Administra\u00e7\u00e3o com \u00eanfase em Marketing pela Funda\u00e7\u00e3o Get\u00falio Vargas - Rio de Janeiro. Consultor, Palestrante e Pesquisador sobre Empreendedorismo, Marketing, Redes Sociais e Neg\u00f3cios Digitais. Professor, Palestrante TedxTalks e Campus Party. Twitter: @ThalesBrandao","sameAs":["http:\/\/www.mandacaru.com.br","https:\/\/www.facebook.com\/thalesbrandao","http:\/\/www.instagram.com.br\/thalesbrandaoferreira","https:\/\/www.linkedin.com\/in\/thales-brand\u00e3o-3948609\/","https:\/\/x.com\/http:\/\/www.twitter.com\/thalesbrandao"],"url":"https:\/\/www.cidademarketing.com.br\/marketing\/author\/thalesbrandao\/"}]}},"amp_enabled":true,"_links":{"self":[{"href":"https:\/\/www.cidademarketing.com.br\/marketing\/wp-json\/wp\/v2\/posts\/12048","targetHints":{"allow":["GET"]}}],"collection":[{"href":"https:\/\/www.cidademarketing.com.br\/marketing\/wp-json\/wp\/v2\/posts"}],"about":[{"href":"https:\/\/www.cidademarketing.com.br\/marketing\/wp-json\/wp\/v2\/types\/post"}],"author":[{"embeddable":true,"href":"https:\/\/www.cidademarketing.com.br\/marketing\/wp-json\/wp\/v2\/users\/1"}],"replies":[{"embeddable":true,"href":"https:\/\/www.cidademarketing.com.br\/marketing\/wp-json\/wp\/v2\/comments?post=12048"}],"version-history":[{"count":1,"href":"https:\/\/www.cidademarketing.com.br\/marketing\/wp-json\/wp\/v2\/posts\/12048\/revisions"}],"predecessor-version":[{"id":12050,"href":"https:\/\/www.cidademarketing.com.br\/marketing\/wp-json\/wp\/v2\/posts\/12048\/revisions\/12050"}],"wp:featuredmedia":[{"embeddable":true,"href":"https:\/\/www.cidademarketing.com.br\/marketing\/wp-json\/wp\/v2\/media\/12049"}],"wp:attachment":[{"href":"https:\/\/www.cidademarketing.com.br\/marketing\/wp-json\/wp\/v2\/media?parent=12048"}],"wp:term":[{"taxonomy":"category","embeddable":true,"href":"https:\/\/www.cidademarketing.com.br\/marketing\/wp-json\/wp\/v2\/categories?post=12048"},{"taxonomy":"post_tag","embeddable":true,"href":"https:\/\/www.cidademarketing.com.br\/marketing\/wp-json\/wp\/v2\/tags?post=12048"}],"curies":[{"name":"wp","href":"https:\/\/api.w.org\/{rel}","templated":true}]}}