{"id":1203,"date":"2013-12-24T22:36:28","date_gmt":"2013-12-25T00:36:28","guid":{"rendered":"http:\/\/www.cidademarketing.com.br\/marketing\/?p=1203"},"modified":"2018-07-24T22:38:36","modified_gmt":"2018-07-25T01:38:36","slug":"ainda-nao-e-a-vez-da-china","status":"publish","type":"post","link":"https:\/\/www.cidademarketing.com.br\/marketing\/2013\/12\/24\/ainda-nao-e-a-vez-da-china\/","title":{"rendered":"Ainda n\u00e3o \u00e9 a vez da China"},"content":{"rendered":"<p>N\u00e3o \u00e9 novidade que a China cresce, e muito, economicamente. H\u00e1 alguns anos deixou de ser o pa\u00eds do futuro e j\u00e1 virou realidade. Mas ser\u00e1 que esse aumento de dinheiro se traduz, ou se traduzir\u00e1, em lideran\u00e7a global? Minha opini\u00e3o \u00e9 que n\u00e3o. \u00c9 errado afirmar, como muitos j\u00e1 fizeram, que o mundo est\u00e1, ou estar\u00e1, &#8220;sob a lideran\u00e7a da China&#8221;. E n\u00e3o sou somente eu quem afirma. A tese \u00e9 defendida tamb\u00e9m por David Shambaugh, especialista sobre China na George Washington University, que lan\u00e7ou recentemente o livro &#8220;China Goes Global: The Partial Power&#8221;.<\/p>\n<p>&nbsp;<\/p>\n<p>Vamos aos fatos, com uma vis\u00e3o de Marketing. A expans\u00e3o da economia chinesa \u00e9 ampla, mas n\u00e3o profunda. O Pa\u00eds tem escala, pois abriga cerca de 1,3 bilh\u00e3o de pessoas, mas ainda tem um longo caminho a percorrer &#8220;fora de casa&#8221;. A marca &#8220;China&#8221; tem problemas. Ningu\u00e9m no mundo &#8211; e acredito que nem os mandat\u00e1rios chineses &#8211; sabe o que ela quer e que tipo de poder ela quer ser e exercer. H\u00e1 claramente uma crise existencial. Marcas e corpora\u00e7\u00f5es estrangeiras t\u00eam dificuldades enormes de atuar no Pa\u00eds por condi\u00e7\u00f5es dom\u00e9sticas problem\u00e1ticas, que v\u00e3o desde rela\u00e7\u00f5es de trabalho antiquadas at\u00e9 problemas pol\u00edticos e a crescente dissid\u00eancia de intelectuais e artistas, como \u00e9 o caso do artista pl\u00e1stico Ai Wei Wei.<\/p>\n<p>&nbsp;<\/p>\n<p>Quando as empresas chinesas se aventuram fora de seu territ\u00f3rio, raramente obt\u00eam sucesso. Temos conhecimento de poucas marcas chinesas (Lenovo \u00e9 exce\u00e7\u00e3o no mundo e a JAC aqui no Brasil). Inclusive, nenhuma figura no ranking Interbrand das melhores marcas globais. O mercado dos chineses \u00e9 dominado por produtos &#8220;low-end&#8221;, ou seja, com menor pre\u00e7o, para clientes que n\u00e3o desejam ou s\u00e3o capazes de gastar grandes quantias. H\u00e1, em suma, muito pouco sentimento e reconhecimento de marcas chinesas.<\/p>\n<p>&nbsp;<\/p>\n<p>A lista das empresas que mais faturam do mundo da Forbes possui presen\u00e7a de corpora\u00e7\u00f5es chinesas, mas apenas pouqu\u00edssimas (menos de cinco) captam a maior parte de sua renda fora da China. E n\u00e3o para por a\u00ed: uma pot\u00eancia mundial tamb\u00e9m pode ser reconhecida assim por seu poder militar (o que \u00e9 uma pena). Mas a China se desenvolveu suficientemente para ser uma pot\u00eancia na \u00c1sia, mas sem capacidade de interven\u00e7\u00e3o global. O que se pode afirmar \u00e9 que os chineses s\u00e3o fortes no campo militar cibern\u00e9tico.<\/p>\n<p>&nbsp;<\/p>\n<p>\u00c9 claro que o acontecido at\u00e9 o momento pode ser um peda\u00e7o do caminho chin\u00eas para o topo do mundo. Mas ser\u00e1 preciso um acerto de rota. Os Estados Unidos est\u00e3o se recuperando. O Jap\u00e3o \u00e9 sempre o Jap\u00e3o, com seu poder de supera\u00e7\u00e3o inimagin\u00e1vel. A Europa n\u00e3o ficar\u00e1 em crise para sempre. A China avan\u00e7a, em casa, mas a dire\u00e7\u00e3o ainda \u00e9 incerta.<\/p>\n","protected":false},"excerpt":{"rendered":"<p>N\u00e3o \u00e9 novidade que a China cresce, e muito, economicamente. H\u00e1 alguns anos deixou de ser o pa\u00eds do futuro e j\u00e1 virou realidade. Mas ser\u00e1 que esse aumento de dinheiro se traduz, ou se traduzir\u00e1, em lideran\u00e7a global? Minha opini\u00e3o \u00e9 que n\u00e3o. \u00c9 errado afirmar, como muitos j\u00e1 fizeram, que o mundo est\u00e1, [&hellip;]<\/p>\n","protected":false},"author":5,"featured_media":0,"comment_status":"open","ping_status":"open","sticky":false,"template":"","format":"standard","meta":{"tdm_status":"","tdm_grid_status":"","footnotes":""},"categories":[12,19],"tags":[],"class_list":["post-1203","post","type-post","status-publish","format-standard","hentry","category-artigos","category-gabrielrossi"],"yoast_head":"<!-- This site is optimized with the Yoast SEO plugin v27.5 - https:\/\/yoast.com\/product\/yoast-seo-wordpress\/ -->\n<title>Ainda n\u00e3o \u00e9 a vez da China - CidadeMarketing<\/title>\n<meta name=\"robots\" content=\"index, follow, max-snippet:-1, max-image-preview:large, max-video-preview:-1\" \/>\n<link rel=\"canonical\" href=\"https:\/\/www.cidademarketing.com.br\/marketing\/2013\/12\/24\/ainda-nao-e-a-vez-da-china\/\" \/>\n<meta property=\"og:locale\" content=\"pt_BR\" \/>\n<meta property=\"og:type\" content=\"article\" \/>\n<meta property=\"og:title\" content=\"Ainda n\u00e3o \u00e9 a vez da China - CidadeMarketing\" \/>\n<meta property=\"og:description\" content=\"N\u00e3o \u00e9 novidade que a China cresce, e muito, economicamente. H\u00e1 alguns anos deixou de ser o pa\u00eds do futuro e j\u00e1 virou realidade. Mas ser\u00e1 que esse aumento de dinheiro se traduz, ou se traduzir\u00e1, em lideran\u00e7a global? Minha opini\u00e3o \u00e9 que n\u00e3o. \u00c9 errado afirmar, como muitos j\u00e1 fizeram, que o mundo est\u00e1, [&hellip;]\" \/>\n<meta property=\"og:url\" content=\"https:\/\/www.cidademarketing.com.br\/marketing\/2013\/12\/24\/ainda-nao-e-a-vez-da-china\/\" \/>\n<meta property=\"og:site_name\" content=\"CidadeMarketing\" \/>\n<meta property=\"article:publisher\" content=\"https:\/\/www.facebook.com\/portalcidademarketing\" \/>\n<meta property=\"article:author\" content=\"https:\/\/pt-br.facebook.com\/pg\/consultoriagr\/about\/?ref=page_internal\" \/>\n<meta property=\"article:published_time\" content=\"2013-12-25T00:36:28+00:00\" \/>\n<meta property=\"article:modified_time\" content=\"2018-07-25T01:38:36+00:00\" \/>\n<meta name=\"author\" content=\"Gabriel Rossi\" \/>\n<meta name=\"twitter:card\" content=\"summary_large_image\" \/>\n<meta name=\"twitter:creator\" content=\"@CidadeMarketing\" \/>\n<meta name=\"twitter:site\" content=\"@CidadeMarketing\" \/>\n<meta name=\"twitter:label1\" content=\"Escrito por\" \/>\n\t<meta name=\"twitter:data1\" content=\"Gabriel Rossi\" \/>\n\t<meta name=\"twitter:label2\" content=\"Est. tempo de leitura\" \/>\n\t<meta name=\"twitter:data2\" content=\"2 minutos\" \/>\n<script type=\"application\/ld+json\" class=\"yoast-schema-graph\">{\"@context\":\"https:\\\/\\\/schema.org\",\"@graph\":[{\"@type\":\"Article\",\"@id\":\"https:\\\/\\\/www.cidademarketing.com.br\\\/marketing\\\/2013\\\/12\\\/24\\\/ainda-nao-e-a-vez-da-china\\\/#article\",\"isPartOf\":{\"@id\":\"https:\\\/\\\/www.cidademarketing.com.br\\\/marketing\\\/2013\\\/12\\\/24\\\/ainda-nao-e-a-vez-da-china\\\/\"},\"author\":{\"name\":\"Gabriel Rossi\",\"@id\":\"https:\\\/\\\/www.cidademarketing.com.br\\\/marketing\\\/#\\\/schema\\\/person\\\/b18e7bae9bcbcd0e29952c840911f063\"},\"headline\":\"Ainda n\u00e3o \u00e9 a vez da China\",\"datePublished\":\"2013-12-25T00:36:28+00:00\",\"dateModified\":\"2018-07-25T01:38:36+00:00\",\"mainEntityOfPage\":{\"@id\":\"https:\\\/\\\/www.cidademarketing.com.br\\\/marketing\\\/2013\\\/12\\\/24\\\/ainda-nao-e-a-vez-da-china\\\/\"},\"wordCount\":494,\"commentCount\":0,\"publisher\":{\"@id\":\"https:\\\/\\\/www.cidademarketing.com.br\\\/marketing\\\/#organization\"},\"articleSection\":[\"Artigos\",\"Gabriel Rossi\"],\"inLanguage\":\"pt-BR\",\"potentialAction\":[{\"@type\":\"CommentAction\",\"name\":\"Comment\",\"target\":[\"https:\\\/\\\/www.cidademarketing.com.br\\\/marketing\\\/2013\\\/12\\\/24\\\/ainda-nao-e-a-vez-da-china\\\/#respond\"]}]},{\"@type\":\"WebPage\",\"@id\":\"https:\\\/\\\/www.cidademarketing.com.br\\\/marketing\\\/2013\\\/12\\\/24\\\/ainda-nao-e-a-vez-da-china\\\/\",\"url\":\"https:\\\/\\\/www.cidademarketing.com.br\\\/marketing\\\/2013\\\/12\\\/24\\\/ainda-nao-e-a-vez-da-china\\\/\",\"name\":\"Ainda n\u00e3o \u00e9 a vez da China - CidadeMarketing\",\"isPartOf\":{\"@id\":\"https:\\\/\\\/www.cidademarketing.com.br\\\/marketing\\\/#website\"},\"datePublished\":\"2013-12-25T00:36:28+00:00\",\"dateModified\":\"2018-07-25T01:38:36+00:00\",\"breadcrumb\":{\"@id\":\"https:\\\/\\\/www.cidademarketing.com.br\\\/marketing\\\/2013\\\/12\\\/24\\\/ainda-nao-e-a-vez-da-china\\\/#breadcrumb\"},\"inLanguage\":\"pt-BR\",\"potentialAction\":[{\"@type\":\"ReadAction\",\"target\":[\"https:\\\/\\\/www.cidademarketing.com.br\\\/marketing\\\/2013\\\/12\\\/24\\\/ainda-nao-e-a-vez-da-china\\\/\"]}]},{\"@type\":\"BreadcrumbList\",\"@id\":\"https:\\\/\\\/www.cidademarketing.com.br\\\/marketing\\\/2013\\\/12\\\/24\\\/ainda-nao-e-a-vez-da-china\\\/#breadcrumb\",\"itemListElement\":[{\"@type\":\"ListItem\",\"position\":1,\"name\":\"In\u00edcio\",\"item\":\"https:\\\/\\\/www.cidademarketing.com.br\\\/marketing\\\/\"},{\"@type\":\"ListItem\",\"position\":2,\"name\":\"Ainda n\u00e3o \u00e9 a vez da China\"}]},{\"@type\":\"WebSite\",\"@id\":\"https:\\\/\\\/www.cidademarketing.com.br\\\/marketing\\\/#website\",\"url\":\"https:\\\/\\\/www.cidademarketing.com.br\\\/marketing\\\/\",\"name\":\"CidadeMarketing\",\"description\":\"Somos um ve\u00edculo de comunica\u00e7\u00e3o de destaque no Brasil, reconhecido por conte\u00fados nos segmentos de marketing, empreendedorismo e inova\u00e7\u00e3o.\",\"publisher\":{\"@id\":\"https:\\\/\\\/www.cidademarketing.com.br\\\/marketing\\\/#organization\"},\"alternateName\":\"CidadeMarketing\",\"potentialAction\":[{\"@type\":\"SearchAction\",\"target\":{\"@type\":\"EntryPoint\",\"urlTemplate\":\"https:\\\/\\\/www.cidademarketing.com.br\\\/marketing\\\/?s={search_term_string}\"},\"query-input\":{\"@type\":\"PropertyValueSpecification\",\"valueRequired\":true,\"valueName\":\"search_term_string\"}}],\"inLanguage\":\"pt-BR\"},{\"@type\":\"Organization\",\"@id\":\"https:\\\/\\\/www.cidademarketing.com.br\\\/marketing\\\/#organization\",\"name\":\"CidadeMarketing\",\"alternateName\":\"CidadeMarketing\",\"url\":\"https:\\\/\\\/www.cidademarketing.com.br\\\/marketing\\\/\",\"logo\":{\"@type\":\"ImageObject\",\"inLanguage\":\"pt-BR\",\"@id\":\"https:\\\/\\\/www.cidademarketing.com.br\\\/marketing\\\/#\\\/schema\\\/logo\\\/image\\\/\",\"url\":\"https:\\\/\\\/www.cidademarketing.com.br\\\/marketing\\\/wp-content\\\/uploads\\\/2020\\\/01\\\/cidademarketing_marca_mobile.png\",\"contentUrl\":\"https:\\\/\\\/www.cidademarketing.com.br\\\/marketing\\\/wp-content\\\/uploads\\\/2020\\\/01\\\/cidademarketing_marca_mobile.png\",\"width\":230,\"height\":92,\"caption\":\"CidadeMarketing\"},\"image\":{\"@id\":\"https:\\\/\\\/www.cidademarketing.com.br\\\/marketing\\\/#\\\/schema\\\/logo\\\/image\\\/\"},\"sameAs\":[\"https:\\\/\\\/www.facebook.com\\\/portalcidademarketing\",\"https:\\\/\\\/x.com\\\/CidadeMarketing\",\"https:\\\/\\\/www.instagram.com\\\/cidademarketing\\\/\"]},{\"@type\":\"Person\",\"@id\":\"https:\\\/\\\/www.cidademarketing.com.br\\\/marketing\\\/#\\\/schema\\\/person\\\/b18e7bae9bcbcd0e29952c840911f063\",\"name\":\"Gabriel Rossi\",\"image\":{\"@type\":\"ImageObject\",\"inLanguage\":\"pt-BR\",\"@id\":\"https:\\\/\\\/secure.gravatar.com\\\/avatar\\\/92e468668cc92378ee7e494ef9adf8b4c53bd5a92934d08680538fe30eedff64?s=96&d=mm&r=g\",\"url\":\"https:\\\/\\\/secure.gravatar.com\\\/avatar\\\/92e468668cc92378ee7e494ef9adf8b4c53bd5a92934d08680538fe30eedff64?s=96&d=mm&r=g\",\"contentUrl\":\"https:\\\/\\\/secure.gravatar.com\\\/avatar\\\/92e468668cc92378ee7e494ef9adf8b4c53bd5a92934d08680538fe30eedff64?s=96&d=mm&r=g\",\"caption\":\"Gabriel Rossi\"},\"description\":\"Palestrante profissional em marketing, estrategista especializado na constru\u00e7\u00e3o e gerenciamento de marcas e reputa\u00e7\u00e3o, e diretor-fundador da Gabriel Rossi Consultoria, com passagens por institui\u00e7\u00f5es como Syracuse\\\/Aberje, Madia Marketing School, University of London e Bell School. Especialista convidado para lecionar no curso de extens\u00e3o da Funda\u00e7\u00e3o Escola de Sociologia e Pol\u00edtica (FESP) e na P\u00f3s Gradua\u00e7\u00e3o de Marketing da USP. Refer\u00eancia de mercado, Gabriel \u00e9 atualmente o profissional no pa\u00eds mais requisitado pela grande m\u00eddia (mainstream) para falar sobre marketing. Escreve e \u00e9 citado extensivamente, sendo colunista de portais de destaque como Observador Pol\u00edtico, possui diversos artigos e estudos publicados no Estad\u00e3o, o Globo, Brasil Econ\u00f4mico, Correio Braziliense, JT, UOL, HSM e colabora com ve\u00edculos como Bandnews TV, Folha de S\u00e3o Paulo, Revista Nova, Veja, Portal G1 , entre in\u00fameros outros. Rossi e sua equipe atuam tanto no campo pol\u00edtico como no empresarial. Eles trabalham com empresas internacionais como Petrobr\u00e1s, The Marketing Store e Tetra Pak, al\u00e9m de candidatos ao Senado Federal. Rossi participou de momentos hist\u00f3ricos importantes, sendo comentarista especial da TV Estad\u00e3o no primeiro e segundo turno das elei\u00e7\u00f5es 2010 e comentarista oficial durante a posse da presidente Dilma Rousseff para a r\u00e1dio Eldorado.\",\"sameAs\":[\"https:\\\/\\\/pt-br.facebook.com\\\/pg\\\/consultoriagr\\\/about\\\/?ref=page_internal\",\"https:\\\/\\\/www.linkedin.com\\\/in\\\/gabrieldrossi\\\/\"],\"url\":\"https:\\\/\\\/www.cidademarketing.com.br\\\/marketing\\\/author\\\/gabriel-rossi\\\/\"}]}<\/script>\n<!-- \/ Yoast SEO plugin. -->","yoast_head_json":{"title":"Ainda n\u00e3o \u00e9 a vez da China - CidadeMarketing","robots":{"index":"index","follow":"follow","max-snippet":"max-snippet:-1","max-image-preview":"max-image-preview:large","max-video-preview":"max-video-preview:-1"},"canonical":"https:\/\/www.cidademarketing.com.br\/marketing\/2013\/12\/24\/ainda-nao-e-a-vez-da-china\/","og_locale":"pt_BR","og_type":"article","og_title":"Ainda n\u00e3o \u00e9 a vez da China - CidadeMarketing","og_description":"N\u00e3o \u00e9 novidade que a China cresce, e muito, economicamente. H\u00e1 alguns anos deixou de ser o pa\u00eds do futuro e j\u00e1 virou realidade. Mas ser\u00e1 que esse aumento de dinheiro se traduz, ou se traduzir\u00e1, em lideran\u00e7a global? Minha opini\u00e3o \u00e9 que n\u00e3o. \u00c9 errado afirmar, como muitos j\u00e1 fizeram, que o mundo est\u00e1, [&hellip;]","og_url":"https:\/\/www.cidademarketing.com.br\/marketing\/2013\/12\/24\/ainda-nao-e-a-vez-da-china\/","og_site_name":"CidadeMarketing","article_publisher":"https:\/\/www.facebook.com\/portalcidademarketing","article_author":"https:\/\/pt-br.facebook.com\/pg\/consultoriagr\/about\/?ref=page_internal","article_published_time":"2013-12-25T00:36:28+00:00","article_modified_time":"2018-07-25T01:38:36+00:00","author":"Gabriel Rossi","twitter_card":"summary_large_image","twitter_creator":"@CidadeMarketing","twitter_site":"@CidadeMarketing","twitter_misc":{"Escrito por":"Gabriel Rossi","Est. tempo de leitura":"2 minutos"},"schema":{"@context":"https:\/\/schema.org","@graph":[{"@type":"Article","@id":"https:\/\/www.cidademarketing.com.br\/marketing\/2013\/12\/24\/ainda-nao-e-a-vez-da-china\/#article","isPartOf":{"@id":"https:\/\/www.cidademarketing.com.br\/marketing\/2013\/12\/24\/ainda-nao-e-a-vez-da-china\/"},"author":{"name":"Gabriel Rossi","@id":"https:\/\/www.cidademarketing.com.br\/marketing\/#\/schema\/person\/b18e7bae9bcbcd0e29952c840911f063"},"headline":"Ainda n\u00e3o \u00e9 a vez da China","datePublished":"2013-12-25T00:36:28+00:00","dateModified":"2018-07-25T01:38:36+00:00","mainEntityOfPage":{"@id":"https:\/\/www.cidademarketing.com.br\/marketing\/2013\/12\/24\/ainda-nao-e-a-vez-da-china\/"},"wordCount":494,"commentCount":0,"publisher":{"@id":"https:\/\/www.cidademarketing.com.br\/marketing\/#organization"},"articleSection":["Artigos","Gabriel Rossi"],"inLanguage":"pt-BR","potentialAction":[{"@type":"CommentAction","name":"Comment","target":["https:\/\/www.cidademarketing.com.br\/marketing\/2013\/12\/24\/ainda-nao-e-a-vez-da-china\/#respond"]}]},{"@type":"WebPage","@id":"https:\/\/www.cidademarketing.com.br\/marketing\/2013\/12\/24\/ainda-nao-e-a-vez-da-china\/","url":"https:\/\/www.cidademarketing.com.br\/marketing\/2013\/12\/24\/ainda-nao-e-a-vez-da-china\/","name":"Ainda n\u00e3o \u00e9 a vez da China - CidadeMarketing","isPartOf":{"@id":"https:\/\/www.cidademarketing.com.br\/marketing\/#website"},"datePublished":"2013-12-25T00:36:28+00:00","dateModified":"2018-07-25T01:38:36+00:00","breadcrumb":{"@id":"https:\/\/www.cidademarketing.com.br\/marketing\/2013\/12\/24\/ainda-nao-e-a-vez-da-china\/#breadcrumb"},"inLanguage":"pt-BR","potentialAction":[{"@type":"ReadAction","target":["https:\/\/www.cidademarketing.com.br\/marketing\/2013\/12\/24\/ainda-nao-e-a-vez-da-china\/"]}]},{"@type":"BreadcrumbList","@id":"https:\/\/www.cidademarketing.com.br\/marketing\/2013\/12\/24\/ainda-nao-e-a-vez-da-china\/#breadcrumb","itemListElement":[{"@type":"ListItem","position":1,"name":"In\u00edcio","item":"https:\/\/www.cidademarketing.com.br\/marketing\/"},{"@type":"ListItem","position":2,"name":"Ainda n\u00e3o \u00e9 a vez da China"}]},{"@type":"WebSite","@id":"https:\/\/www.cidademarketing.com.br\/marketing\/#website","url":"https:\/\/www.cidademarketing.com.br\/marketing\/","name":"CidadeMarketing","description":"Somos um ve\u00edculo de comunica\u00e7\u00e3o de destaque no Brasil, reconhecido por conte\u00fados nos segmentos de marketing, empreendedorismo e inova\u00e7\u00e3o.","publisher":{"@id":"https:\/\/www.cidademarketing.com.br\/marketing\/#organization"},"alternateName":"CidadeMarketing","potentialAction":[{"@type":"SearchAction","target":{"@type":"EntryPoint","urlTemplate":"https:\/\/www.cidademarketing.com.br\/marketing\/?s={search_term_string}"},"query-input":{"@type":"PropertyValueSpecification","valueRequired":true,"valueName":"search_term_string"}}],"inLanguage":"pt-BR"},{"@type":"Organization","@id":"https:\/\/www.cidademarketing.com.br\/marketing\/#organization","name":"CidadeMarketing","alternateName":"CidadeMarketing","url":"https:\/\/www.cidademarketing.com.br\/marketing\/","logo":{"@type":"ImageObject","inLanguage":"pt-BR","@id":"https:\/\/www.cidademarketing.com.br\/marketing\/#\/schema\/logo\/image\/","url":"https:\/\/www.cidademarketing.com.br\/marketing\/wp-content\/uploads\/2020\/01\/cidademarketing_marca_mobile.png","contentUrl":"https:\/\/www.cidademarketing.com.br\/marketing\/wp-content\/uploads\/2020\/01\/cidademarketing_marca_mobile.png","width":230,"height":92,"caption":"CidadeMarketing"},"image":{"@id":"https:\/\/www.cidademarketing.com.br\/marketing\/#\/schema\/logo\/image\/"},"sameAs":["https:\/\/www.facebook.com\/portalcidademarketing","https:\/\/x.com\/CidadeMarketing","https:\/\/www.instagram.com\/cidademarketing\/"]},{"@type":"Person","@id":"https:\/\/www.cidademarketing.com.br\/marketing\/#\/schema\/person\/b18e7bae9bcbcd0e29952c840911f063","name":"Gabriel Rossi","image":{"@type":"ImageObject","inLanguage":"pt-BR","@id":"https:\/\/secure.gravatar.com\/avatar\/92e468668cc92378ee7e494ef9adf8b4c53bd5a92934d08680538fe30eedff64?s=96&d=mm&r=g","url":"https:\/\/secure.gravatar.com\/avatar\/92e468668cc92378ee7e494ef9adf8b4c53bd5a92934d08680538fe30eedff64?s=96&d=mm&r=g","contentUrl":"https:\/\/secure.gravatar.com\/avatar\/92e468668cc92378ee7e494ef9adf8b4c53bd5a92934d08680538fe30eedff64?s=96&d=mm&r=g","caption":"Gabriel Rossi"},"description":"Palestrante profissional em marketing, estrategista especializado na constru\u00e7\u00e3o e gerenciamento de marcas e reputa\u00e7\u00e3o, e diretor-fundador da Gabriel Rossi Consultoria, com passagens por institui\u00e7\u00f5es como Syracuse\/Aberje, Madia Marketing School, University of London e Bell School. Especialista convidado para lecionar no curso de extens\u00e3o da Funda\u00e7\u00e3o Escola de Sociologia e Pol\u00edtica (FESP) e na P\u00f3s Gradua\u00e7\u00e3o de Marketing da USP. Refer\u00eancia de mercado, Gabriel \u00e9 atualmente o profissional no pa\u00eds mais requisitado pela grande m\u00eddia (mainstream) para falar sobre marketing. Escreve e \u00e9 citado extensivamente, sendo colunista de portais de destaque como Observador Pol\u00edtico, possui diversos artigos e estudos publicados no Estad\u00e3o, o Globo, Brasil Econ\u00f4mico, Correio Braziliense, JT, UOL, HSM e colabora com ve\u00edculos como Bandnews TV, Folha de S\u00e3o Paulo, Revista Nova, Veja, Portal G1 , entre in\u00fameros outros. Rossi e sua equipe atuam tanto no campo pol\u00edtico como no empresarial. Eles trabalham com empresas internacionais como Petrobr\u00e1s, The Marketing Store e Tetra Pak, al\u00e9m de candidatos ao Senado Federal. Rossi participou de momentos hist\u00f3ricos importantes, sendo comentarista especial da TV Estad\u00e3o no primeiro e segundo turno das elei\u00e7\u00f5es 2010 e comentarista oficial durante a posse da presidente Dilma Rousseff para a r\u00e1dio Eldorado.","sameAs":["https:\/\/pt-br.facebook.com\/pg\/consultoriagr\/about\/?ref=page_internal","https:\/\/www.linkedin.com\/in\/gabrieldrossi\/"],"url":"https:\/\/www.cidademarketing.com.br\/marketing\/author\/gabriel-rossi\/"}]}},"amp_enabled":true,"_links":{"self":[{"href":"https:\/\/www.cidademarketing.com.br\/marketing\/wp-json\/wp\/v2\/posts\/1203","targetHints":{"allow":["GET"]}}],"collection":[{"href":"https:\/\/www.cidademarketing.com.br\/marketing\/wp-json\/wp\/v2\/posts"}],"about":[{"href":"https:\/\/www.cidademarketing.com.br\/marketing\/wp-json\/wp\/v2\/types\/post"}],"author":[{"embeddable":true,"href":"https:\/\/www.cidademarketing.com.br\/marketing\/wp-json\/wp\/v2\/users\/5"}],"replies":[{"embeddable":true,"href":"https:\/\/www.cidademarketing.com.br\/marketing\/wp-json\/wp\/v2\/comments?post=1203"}],"version-history":[{"count":1,"href":"https:\/\/www.cidademarketing.com.br\/marketing\/wp-json\/wp\/v2\/posts\/1203\/revisions"}],"predecessor-version":[{"id":1204,"href":"https:\/\/www.cidademarketing.com.br\/marketing\/wp-json\/wp\/v2\/posts\/1203\/revisions\/1204"}],"wp:attachment":[{"href":"https:\/\/www.cidademarketing.com.br\/marketing\/wp-json\/wp\/v2\/media?parent=1203"}],"wp:term":[{"taxonomy":"category","embeddable":true,"href":"https:\/\/www.cidademarketing.com.br\/marketing\/wp-json\/wp\/v2\/categories?post=1203"},{"taxonomy":"post_tag","embeddable":true,"href":"https:\/\/www.cidademarketing.com.br\/marketing\/wp-json\/wp\/v2\/tags?post=1203"}],"curies":[{"name":"wp","href":"https:\/\/api.w.org\/{rel}","templated":true}]}}