{"id":11952,"date":"2019-09-27T07:32:35","date_gmt":"2019-09-27T03:32:35","guid":{"rendered":"https:\/\/www.cidademarketing.com.br\/marketing\/?p=11952"},"modified":"2019-09-27T07:32:37","modified_gmt":"2019-09-27T03:32:37","slug":"ipea-preve-pib-de-08-para-este-ano-e-21-para-2020","status":"publish","type":"post","link":"https:\/\/www.cidademarketing.com.br\/marketing\/2019\/09\/27\/ipea-preve-pib-de-08-para-este-ano-e-21-para-2020\/","title":{"rendered":"Ipea prev\u00ea PIB de 0,8% para este ano e 2,1% para 2020"},"content":{"rendered":"\n<p>O Instituto de Pesquisa Econ\u00f4mica Aplicada (Ipea) fez revis\u00e3o das proje\u00e7\u00f5es econ\u00f4micas at\u00e9 o ano que vem. A previs\u00e3o \u00e9 de um crescimento de 0,8% do Produto Interno Bruto (PIB) em 2019, igual \u00e0 da Carta anterior. Para 2020, expectativa de expans\u00e3o de 2,5% foi revista para 2,1%. Os dados foram divulgados nesta quinta-feira, 26 pelo Grupo de Conjuntura do instituto.<\/p>\n\n\n\n<p>No que diz respeito \u00e0 infla\u00e7\u00e3o, a proje\u00e7\u00e3o foi revista de 3,9% para 3,55% este ano. Para 2020, o progn\u00f3stico se mant\u00e9m em 3,9%. Para o diretor de Estudos e Pol\u00edticas Macroecon\u00f4micas do Ipea, Jos\u00e9 Ronaldo de Castro Souza J\u00fanior, a economia brasileira est\u00e1 numa retomada lenta, que pode se intensificar. \u201cA forma de acelerar seria com a continuidade das reformas que viabilizam a retomada de investimentos em infraestrutura e a consolida\u00e7\u00e3o do ajuste fiscal\u201d, afirma.<\/p>\n\n\n\n<p>A Vis\u00e3o Geral da Conjuntura prev\u00ea, ainda, um ritmo mais acelerado de redu\u00e7\u00e3o da taxa de juros, com estabiliza\u00e7\u00e3o da taxa real em cerca de 1% a.a. no ano que vem.  Em contrapartida, a trajet\u00f3ria de evolu\u00e7\u00e3o da confian\u00e7a da ind\u00fastria est\u00e1 pior do que se esperava. O Indicador Ipea de Hiato do Produto, que mede o grau de ociosidade da economia brasileira, foi estimado em 3,0% em 2019 e deve fechar 2020 em 2,0%.  Vale ressaltar que h\u00e1 duas ordens de fatores importantes na valida\u00e7\u00e3o do ciclo de redu\u00e7\u00e3o de taxa de juros: no curto prazo, ela reflete a infla\u00e7\u00e3o esperada inferior \u00e0 meta e o hiato do produto ainda negativo; numa perspectiva de m\u00e9dio e longo prazos, ela decorre da melhoria da percep\u00e7\u00e3o de riscos associada aos avan\u00e7os nas reformas estruturais.<\/p>\n\n\n\n<p>Com rela\u00e7\u00e3o ao cen\u00e1rio externo, as incertezas aumentaram e fragilizaram as perspectivas de crescimento mundial em raz\u00e3o de fatores como a proximidade do Brexit e a guerra comercial entre Estados Unidos e China. A crise na Argentina impactou negativamente as exporta\u00e7\u00f5es brasileiras de produtos manufaturados e o ataque a plantas de processamento de petr\u00f3leo na Ar\u00e1bia Saudita trouxe volatilidade ao pre\u00e7o do petr\u00f3leo.<\/p>\n\n\n\n<p>O Indicador Ipea de Risco Brasil, medido pelo desvio do Credit Default Swap (CDS) brasileiro em rela\u00e7\u00e3o ao dos demais pa\u00edses emergentes, vem se mantendo em terreno negativo, mostrando que o pa\u00eds se encontra em situa\u00e7\u00e3o favor\u00e1vel na percep\u00e7\u00e3o de risco, criando um ambiente econ\u00f4mico que incentiva os investimentos.<\/p>\n\n\n\n<p>Atividade Econ\u00f4mica<br>\nAn\u00e1lise do desempenho da atividade econ\u00f4mica confirma o ritmo lento de retomada do crescimento.  Os investimentos se expandiram 1% em julho, com destaque a constru\u00e7\u00e3o civil e a produ\u00e7\u00e3o de m\u00e1quinas e equipamentos, importantes para aumentar a capacidade produtiva brasileira. Os n\u00fameros positivos da constru\u00e7\u00e3o civil s\u00e3o puxados, em grande medida, pelo setor residencial. As condi\u00e7\u00f5es no mercado imobili\u00e1rio voltaram a evoluir positivamente no segundo trimestre de 2019 \u2013 em junho, foram lan\u00e7ados 16.298 novos im\u00f3veis, o segundo maior resultado da s\u00e9rie hist\u00f3rica iniciada em janeiro de 2014. A expectativa \u00e9 que a \u00e1rea de infraestrutura apresente melhora em 2020, por conta dos avan\u00e7os nos marcos regulat\u00f3rios setoriais que favorecem as concess\u00f5es e parcerias p\u00fablico-p\u00fablicas.<\/p>\n\n\n\n<p>Outro indicador da atividade econ\u00f4mica, a produ\u00e7\u00e3o industrial, recuou 0,3% em julho, na compara\u00e7\u00e3o com junho, de acordo com a PIM-PF do IBGE. Para o m\u00eas de agosto, o Ipea projeta crescimento zero.  Apesar desse desempenho, a demanda interna por bens industriais registrou avan\u00e7o de 2,6% no m\u00eas de julho, com forte contribui\u00e7\u00e3o das importa\u00e7\u00f5es. A an\u00e1lise do Ipea aponta uma participa\u00e7\u00e3o crescente dos bens importados na demanda final do setor industrial, enquanto as exporta\u00e7\u00f5es v\u00eam sofrendo com as turbul\u00eancias internacionais, particularmente com a crise argentina.<\/p>\n\n\n\n<p>O com\u00e9rcio varejista, que tinha registrado cinco meses consecutivos de crescimento, deve recuar 0,9% em agosto, ap\u00f3s uma alta de 1% em julho. O setor de autom\u00f3veis, cujas vendas ca\u00edram 2,2% em agosto, foi o grande influenciador do baixo dinamismo esperado para o varejo naquele m\u00eas. Para o setor de servi\u00e7os, os n\u00fameros t\u00eam mantido trajet\u00f3ria irregular, alternando resultados positivos e negativos: depois de avan\u00e7ar 0,8% em julho, a previs\u00e3o para agosto \u00e9 uma retra\u00e7\u00e3o de 0,3%. A Carta analisa o comportamento recente das concess\u00f5es de cr\u00e9dito, destacando o comportamento do cr\u00e9dito \u00e0s fam\u00edlias.<\/p>\n\n\n\n<p>Cen\u00e1rio Fiscal<\/p>\n\n\n\n<p>O Grupo de Conjuntura do Ipea tamb\u00e9m avaliou a pol\u00edtica fiscal do governo federal e o teto de gastos p\u00fablicos e concluiu que a manuten\u00e7\u00e3o do teto \u00e9 fundamental para garantir uma retomada sustent\u00e1vel do crescimento. O trabalho analisa a trajet\u00f3ria de cada grupo de despesas em diversos per\u00edodos e alerta para o crescimento acelerado dos gastos obrigat\u00f3rios, com espa\u00e7o progressivamente menor para as despesas discricion\u00e1rias, notadamente os investimentos, nos \u00faltimos quatro anos.<\/p>\n\n\n\n<p>O estudo mostra que as despesas prim\u00e1rias praticamente dobraram em percentual do Produto Interno Bruto (PIB) na compara\u00e7\u00e3o entre 1991 e 2018, passando de 11% para 19,8%. O or\u00e7amento federal proposto para 2020 embute gastos obrigat\u00f3rios que correspondem a 94% do gasto prim\u00e1rio total, ante 86% em 1997. Quanto mais se compromete o or\u00e7amento com gastos obrigat\u00f3rios, como folha de pessoal e benef\u00edcios previdenci\u00e1rios e assistenciais, menos se tem para gastos discricion\u00e1rios (pagamentos de energia el\u00e9trica, por exemplo) e se comprime ainda mais os j\u00e1 modestos gastos com investimentos.<\/p>\n","protected":false},"excerpt":{"rendered":"<p>O Instituto de Pesquisa Econ\u00f4mica Aplicada (Ipea) fez revis\u00e3o das proje\u00e7\u00f5es econ\u00f4micas at\u00e9 o ano que vem. A previs\u00e3o \u00e9 de um crescimento de 0,8% do Produto Interno Bruto (PIB) em 2019, igual \u00e0 da Carta anterior. Para 2020, expectativa de expans\u00e3o de 2,5% foi revista para 2,1%. Os dados foram divulgados nesta quinta-feira, 26 [&hellip;]<\/p>\n","protected":false},"author":1,"featured_media":11953,"comment_status":"open","ping_status":"open","sticky":false,"template":"","format":"standard","meta":{"tdm_status":"","tdm_grid_status":"","footnotes":""},"categories":[6,1],"tags":[135,33,566,28],"class_list":["post-11952","post","type-post","status-publish","format-standard","has-post-thumbnail","hentry","category-noticias","category-pesquisademercado","tag-comportamento-do-consumidor","tag-estrategia","tag-ipea","tag-marketing"],"yoast_head":"<!-- This site is optimized with the Yoast SEO plugin v27.5 - https:\/\/yoast.com\/product\/yoast-seo-wordpress\/ -->\n<title>Ipea prev\u00ea PIB de 0,8% para este ano e 2,1% para 2020 - CidadeMarketing<\/title>\n<meta name=\"robots\" content=\"index, follow, max-snippet:-1, max-image-preview:large, max-video-preview:-1\" \/>\n<link rel=\"canonical\" href=\"https:\/\/www.cidademarketing.com.br\/marketing\/2019\/09\/27\/ipea-preve-pib-de-08-para-este-ano-e-21-para-2020\/\" \/>\n<meta property=\"og:locale\" content=\"pt_BR\" \/>\n<meta property=\"og:type\" content=\"article\" \/>\n<meta property=\"og:title\" content=\"Ipea prev\u00ea PIB de 0,8% para este ano e 2,1% para 2020 - CidadeMarketing\" \/>\n<meta property=\"og:description\" content=\"O Instituto de Pesquisa Econ\u00f4mica Aplicada (Ipea) fez revis\u00e3o das proje\u00e7\u00f5es econ\u00f4micas at\u00e9 o ano que vem. A previs\u00e3o \u00e9 de um crescimento de 0,8% do Produto Interno Bruto (PIB) em 2019, igual \u00e0 da Carta anterior. Para 2020, expectativa de expans\u00e3o de 2,5% foi revista para 2,1%. Os dados foram divulgados nesta quinta-feira, 26 [&hellip;]\" \/>\n<meta property=\"og:url\" content=\"https:\/\/www.cidademarketing.com.br\/marketing\/2019\/09\/27\/ipea-preve-pib-de-08-para-este-ano-e-21-para-2020\/\" \/>\n<meta property=\"og:site_name\" content=\"CidadeMarketing\" \/>\n<meta property=\"article:publisher\" content=\"https:\/\/www.facebook.com\/portalcidademarketing\" \/>\n<meta property=\"article:author\" content=\"https:\/\/www.facebook.com\/thalesbrandao\" \/>\n<meta property=\"article:published_time\" content=\"2019-09-27T03:32:35+00:00\" \/>\n<meta property=\"article:modified_time\" content=\"2019-09-27T03:32:37+00:00\" \/>\n<meta property=\"og:image\" content=\"https:\/\/www.cidademarketing.com.br\/marketing\/wp-content\/uploads\/2019\/01\/cropped-ipea-1.png\" \/>\n\t<meta property=\"og:image:width\" content=\"283\" \/>\n\t<meta property=\"og:image:height\" content=\"159\" \/>\n\t<meta property=\"og:image:type\" content=\"image\/png\" \/>\n<meta name=\"author\" content=\"Thales Brand\u00e3o\" \/>\n<meta name=\"twitter:card\" content=\"summary_large_image\" \/>\n<meta name=\"twitter:creator\" content=\"@http:\/\/www.twitter.com\/thalesbrandao\" \/>\n<meta name=\"twitter:site\" content=\"@CidadeMarketing\" \/>\n<meta name=\"twitter:label1\" content=\"Escrito por\" \/>\n\t<meta name=\"twitter:data1\" content=\"Thales Brand\u00e3o\" \/>\n\t<meta name=\"twitter:label2\" content=\"Est. tempo de leitura\" \/>\n\t<meta name=\"twitter:data2\" content=\"5 minutos\" \/>\n<script type=\"application\/ld+json\" class=\"yoast-schema-graph\">{\"@context\":\"https:\\\/\\\/schema.org\",\"@graph\":[{\"@type\":\"Article\",\"@id\":\"https:\\\/\\\/www.cidademarketing.com.br\\\/marketing\\\/2019\\\/09\\\/27\\\/ipea-preve-pib-de-08-para-este-ano-e-21-para-2020\\\/#article\",\"isPartOf\":{\"@id\":\"https:\\\/\\\/www.cidademarketing.com.br\\\/marketing\\\/2019\\\/09\\\/27\\\/ipea-preve-pib-de-08-para-este-ano-e-21-para-2020\\\/\"},\"author\":{\"name\":\"Thales Brand\u00e3o\",\"@id\":\"https:\\\/\\\/www.cidademarketing.com.br\\\/marketing\\\/#\\\/schema\\\/person\\\/02daff9f18bd9378c9e01eb6b2db155f\"},\"headline\":\"Ipea prev\u00ea PIB de 0,8% para este ano e 2,1% para 2020\",\"datePublished\":\"2019-09-27T03:32:35+00:00\",\"dateModified\":\"2019-09-27T03:32:37+00:00\",\"mainEntityOfPage\":{\"@id\":\"https:\\\/\\\/www.cidademarketing.com.br\\\/marketing\\\/2019\\\/09\\\/27\\\/ipea-preve-pib-de-08-para-este-ano-e-21-para-2020\\\/\"},\"wordCount\":923,\"commentCount\":0,\"publisher\":{\"@id\":\"https:\\\/\\\/www.cidademarketing.com.br\\\/marketing\\\/#organization\"},\"image\":{\"@id\":\"https:\\\/\\\/www.cidademarketing.com.br\\\/marketing\\\/2019\\\/09\\\/27\\\/ipea-preve-pib-de-08-para-este-ano-e-21-para-2020\\\/#primaryimage\"},\"thumbnailUrl\":\"https:\\\/\\\/www.cidademarketing.com.br\\\/marketing\\\/wp-content\\\/uploads\\\/2019\\\/01\\\/cropped-ipea-1.png\",\"keywords\":[\"comportamento do consumidor\",\"estrat\u00e9gia\",\"IPEA\",\"marketing\"],\"articleSection\":[\"Not\u00edcias\",\"Pesquisa de Mercado\"],\"inLanguage\":\"pt-BR\",\"potentialAction\":[{\"@type\":\"CommentAction\",\"name\":\"Comment\",\"target\":[\"https:\\\/\\\/www.cidademarketing.com.br\\\/marketing\\\/2019\\\/09\\\/27\\\/ipea-preve-pib-de-08-para-este-ano-e-21-para-2020\\\/#respond\"]}]},{\"@type\":\"WebPage\",\"@id\":\"https:\\\/\\\/www.cidademarketing.com.br\\\/marketing\\\/2019\\\/09\\\/27\\\/ipea-preve-pib-de-08-para-este-ano-e-21-para-2020\\\/\",\"url\":\"https:\\\/\\\/www.cidademarketing.com.br\\\/marketing\\\/2019\\\/09\\\/27\\\/ipea-preve-pib-de-08-para-este-ano-e-21-para-2020\\\/\",\"name\":\"Ipea prev\u00ea PIB de 0,8% para este ano e 2,1% para 2020 - CidadeMarketing\",\"isPartOf\":{\"@id\":\"https:\\\/\\\/www.cidademarketing.com.br\\\/marketing\\\/#website\"},\"primaryImageOfPage\":{\"@id\":\"https:\\\/\\\/www.cidademarketing.com.br\\\/marketing\\\/2019\\\/09\\\/27\\\/ipea-preve-pib-de-08-para-este-ano-e-21-para-2020\\\/#primaryimage\"},\"image\":{\"@id\":\"https:\\\/\\\/www.cidademarketing.com.br\\\/marketing\\\/2019\\\/09\\\/27\\\/ipea-preve-pib-de-08-para-este-ano-e-21-para-2020\\\/#primaryimage\"},\"thumbnailUrl\":\"https:\\\/\\\/www.cidademarketing.com.br\\\/marketing\\\/wp-content\\\/uploads\\\/2019\\\/01\\\/cropped-ipea-1.png\",\"datePublished\":\"2019-09-27T03:32:35+00:00\",\"dateModified\":\"2019-09-27T03:32:37+00:00\",\"breadcrumb\":{\"@id\":\"https:\\\/\\\/www.cidademarketing.com.br\\\/marketing\\\/2019\\\/09\\\/27\\\/ipea-preve-pib-de-08-para-este-ano-e-21-para-2020\\\/#breadcrumb\"},\"inLanguage\":\"pt-BR\",\"potentialAction\":[{\"@type\":\"ReadAction\",\"target\":[\"https:\\\/\\\/www.cidademarketing.com.br\\\/marketing\\\/2019\\\/09\\\/27\\\/ipea-preve-pib-de-08-para-este-ano-e-21-para-2020\\\/\"]}]},{\"@type\":\"ImageObject\",\"inLanguage\":\"pt-BR\",\"@id\":\"https:\\\/\\\/www.cidademarketing.com.br\\\/marketing\\\/2019\\\/09\\\/27\\\/ipea-preve-pib-de-08-para-este-ano-e-21-para-2020\\\/#primaryimage\",\"url\":\"https:\\\/\\\/www.cidademarketing.com.br\\\/marketing\\\/wp-content\\\/uploads\\\/2019\\\/01\\\/cropped-ipea-1.png\",\"contentUrl\":\"https:\\\/\\\/www.cidademarketing.com.br\\\/marketing\\\/wp-content\\\/uploads\\\/2019\\\/01\\\/cropped-ipea-1.png\",\"width\":283,\"height\":159},{\"@type\":\"BreadcrumbList\",\"@id\":\"https:\\\/\\\/www.cidademarketing.com.br\\\/marketing\\\/2019\\\/09\\\/27\\\/ipea-preve-pib-de-08-para-este-ano-e-21-para-2020\\\/#breadcrumb\",\"itemListElement\":[{\"@type\":\"ListItem\",\"position\":1,\"name\":\"In\u00edcio\",\"item\":\"https:\\\/\\\/www.cidademarketing.com.br\\\/marketing\\\/\"},{\"@type\":\"ListItem\",\"position\":2,\"name\":\"Ipea prev\u00ea PIB de 0,8% para este ano e 2,1% para 2020\"}]},{\"@type\":\"WebSite\",\"@id\":\"https:\\\/\\\/www.cidademarketing.com.br\\\/marketing\\\/#website\",\"url\":\"https:\\\/\\\/www.cidademarketing.com.br\\\/marketing\\\/\",\"name\":\"CidadeMarketing\",\"description\":\"Somos um ve\u00edculo de comunica\u00e7\u00e3o de destaque no Brasil, reconhecido por conte\u00fados nos segmentos de marketing, empreendedorismo e inova\u00e7\u00e3o.\",\"publisher\":{\"@id\":\"https:\\\/\\\/www.cidademarketing.com.br\\\/marketing\\\/#organization\"},\"alternateName\":\"CidadeMarketing\",\"potentialAction\":[{\"@type\":\"SearchAction\",\"target\":{\"@type\":\"EntryPoint\",\"urlTemplate\":\"https:\\\/\\\/www.cidademarketing.com.br\\\/marketing\\\/?s={search_term_string}\"},\"query-input\":{\"@type\":\"PropertyValueSpecification\",\"valueRequired\":true,\"valueName\":\"search_term_string\"}}],\"inLanguage\":\"pt-BR\"},{\"@type\":\"Organization\",\"@id\":\"https:\\\/\\\/www.cidademarketing.com.br\\\/marketing\\\/#organization\",\"name\":\"CidadeMarketing\",\"alternateName\":\"CidadeMarketing\",\"url\":\"https:\\\/\\\/www.cidademarketing.com.br\\\/marketing\\\/\",\"logo\":{\"@type\":\"ImageObject\",\"inLanguage\":\"pt-BR\",\"@id\":\"https:\\\/\\\/www.cidademarketing.com.br\\\/marketing\\\/#\\\/schema\\\/logo\\\/image\\\/\",\"url\":\"https:\\\/\\\/www.cidademarketing.com.br\\\/marketing\\\/wp-content\\\/uploads\\\/2020\\\/01\\\/cidademarketing_marca_mobile.png\",\"contentUrl\":\"https:\\\/\\\/www.cidademarketing.com.br\\\/marketing\\\/wp-content\\\/uploads\\\/2020\\\/01\\\/cidademarketing_marca_mobile.png\",\"width\":230,\"height\":92,\"caption\":\"CidadeMarketing\"},\"image\":{\"@id\":\"https:\\\/\\\/www.cidademarketing.com.br\\\/marketing\\\/#\\\/schema\\\/logo\\\/image\\\/\"},\"sameAs\":[\"https:\\\/\\\/www.facebook.com\\\/portalcidademarketing\",\"https:\\\/\\\/x.com\\\/CidadeMarketing\",\"https:\\\/\\\/www.instagram.com\\\/cidademarketing\\\/\"]},{\"@type\":\"Person\",\"@id\":\"https:\\\/\\\/www.cidademarketing.com.br\\\/marketing\\\/#\\\/schema\\\/person\\\/02daff9f18bd9378c9e01eb6b2db155f\",\"name\":\"Thales Brand\u00e3o\",\"image\":{\"@type\":\"ImageObject\",\"inLanguage\":\"pt-BR\",\"@id\":\"https:\\\/\\\/secure.gravatar.com\\\/avatar\\\/7ca3206950207cc3cb48feec56a8a7898741ab725c368d99d5d7a5a50aab80c6?s=96&d=mm&r=g\",\"url\":\"https:\\\/\\\/secure.gravatar.com\\\/avatar\\\/7ca3206950207cc3cb48feec56a8a7898741ab725c368d99d5d7a5a50aab80c6?s=96&d=mm&r=g\",\"contentUrl\":\"https:\\\/\\\/secure.gravatar.com\\\/avatar\\\/7ca3206950207cc3cb48feec56a8a7898741ab725c368d99d5d7a5a50aab80c6?s=96&d=mm&r=g\",\"caption\":\"Thales Brand\u00e3o\"},\"description\":\"Editor Executivo do Portal CidadeMarketing.com.br &gt; Mestre em Comunica\u00e7\u00e3o e Sociedade pela Universidade Federal de Sergipe. Possui MBA Executivo em Administra\u00e7\u00e3o com \u00eanfase em Marketing pela Funda\u00e7\u00e3o Get\u00falio Vargas - Rio de Janeiro. Consultor, Palestrante e Pesquisador sobre Empreendedorismo, Marketing, Redes Sociais e Neg\u00f3cios Digitais. Professor, Palestrante TedxTalks e Campus Party. Twitter: @ThalesBrandao\",\"sameAs\":[\"http:\\\/\\\/www.mandacaru.com.br\",\"https:\\\/\\\/www.facebook.com\\\/thalesbrandao\",\"http:\\\/\\\/www.instagram.com.br\\\/thalesbrandaoferreira\",\"https:\\\/\\\/www.linkedin.com\\\/in\\\/thales-brand\u00e3o-3948609\\\/\",\"https:\\\/\\\/x.com\\\/http:\\\/\\\/www.twitter.com\\\/thalesbrandao\"],\"url\":\"https:\\\/\\\/www.cidademarketing.com.br\\\/marketing\\\/author\\\/thalesbrandao\\\/\"}]}<\/script>\n<!-- \/ Yoast SEO plugin. -->","yoast_head_json":{"title":"Ipea prev\u00ea PIB de 0,8% para este ano e 2,1% para 2020 - CidadeMarketing","robots":{"index":"index","follow":"follow","max-snippet":"max-snippet:-1","max-image-preview":"max-image-preview:large","max-video-preview":"max-video-preview:-1"},"canonical":"https:\/\/www.cidademarketing.com.br\/marketing\/2019\/09\/27\/ipea-preve-pib-de-08-para-este-ano-e-21-para-2020\/","og_locale":"pt_BR","og_type":"article","og_title":"Ipea prev\u00ea PIB de 0,8% para este ano e 2,1% para 2020 - CidadeMarketing","og_description":"O Instituto de Pesquisa Econ\u00f4mica Aplicada (Ipea) fez revis\u00e3o das proje\u00e7\u00f5es econ\u00f4micas at\u00e9 o ano que vem. A previs\u00e3o \u00e9 de um crescimento de 0,8% do Produto Interno Bruto (PIB) em 2019, igual \u00e0 da Carta anterior. Para 2020, expectativa de expans\u00e3o de 2,5% foi revista para 2,1%. Os dados foram divulgados nesta quinta-feira, 26 [&hellip;]","og_url":"https:\/\/www.cidademarketing.com.br\/marketing\/2019\/09\/27\/ipea-preve-pib-de-08-para-este-ano-e-21-para-2020\/","og_site_name":"CidadeMarketing","article_publisher":"https:\/\/www.facebook.com\/portalcidademarketing","article_author":"https:\/\/www.facebook.com\/thalesbrandao","article_published_time":"2019-09-27T03:32:35+00:00","article_modified_time":"2019-09-27T03:32:37+00:00","og_image":[{"width":283,"height":159,"url":"https:\/\/www.cidademarketing.com.br\/marketing\/wp-content\/uploads\/2019\/01\/cropped-ipea-1.png","type":"image\/png"}],"author":"Thales Brand\u00e3o","twitter_card":"summary_large_image","twitter_creator":"@http:\/\/www.twitter.com\/thalesbrandao","twitter_site":"@CidadeMarketing","twitter_misc":{"Escrito por":"Thales Brand\u00e3o","Est. tempo de leitura":"5 minutos"},"schema":{"@context":"https:\/\/schema.org","@graph":[{"@type":"Article","@id":"https:\/\/www.cidademarketing.com.br\/marketing\/2019\/09\/27\/ipea-preve-pib-de-08-para-este-ano-e-21-para-2020\/#article","isPartOf":{"@id":"https:\/\/www.cidademarketing.com.br\/marketing\/2019\/09\/27\/ipea-preve-pib-de-08-para-este-ano-e-21-para-2020\/"},"author":{"name":"Thales Brand\u00e3o","@id":"https:\/\/www.cidademarketing.com.br\/marketing\/#\/schema\/person\/02daff9f18bd9378c9e01eb6b2db155f"},"headline":"Ipea prev\u00ea PIB de 0,8% para este ano e 2,1% para 2020","datePublished":"2019-09-27T03:32:35+00:00","dateModified":"2019-09-27T03:32:37+00:00","mainEntityOfPage":{"@id":"https:\/\/www.cidademarketing.com.br\/marketing\/2019\/09\/27\/ipea-preve-pib-de-08-para-este-ano-e-21-para-2020\/"},"wordCount":923,"commentCount":0,"publisher":{"@id":"https:\/\/www.cidademarketing.com.br\/marketing\/#organization"},"image":{"@id":"https:\/\/www.cidademarketing.com.br\/marketing\/2019\/09\/27\/ipea-preve-pib-de-08-para-este-ano-e-21-para-2020\/#primaryimage"},"thumbnailUrl":"https:\/\/www.cidademarketing.com.br\/marketing\/wp-content\/uploads\/2019\/01\/cropped-ipea-1.png","keywords":["comportamento do consumidor","estrat\u00e9gia","IPEA","marketing"],"articleSection":["Not\u00edcias","Pesquisa de Mercado"],"inLanguage":"pt-BR","potentialAction":[{"@type":"CommentAction","name":"Comment","target":["https:\/\/www.cidademarketing.com.br\/marketing\/2019\/09\/27\/ipea-preve-pib-de-08-para-este-ano-e-21-para-2020\/#respond"]}]},{"@type":"WebPage","@id":"https:\/\/www.cidademarketing.com.br\/marketing\/2019\/09\/27\/ipea-preve-pib-de-08-para-este-ano-e-21-para-2020\/","url":"https:\/\/www.cidademarketing.com.br\/marketing\/2019\/09\/27\/ipea-preve-pib-de-08-para-este-ano-e-21-para-2020\/","name":"Ipea prev\u00ea PIB de 0,8% para este ano e 2,1% para 2020 - CidadeMarketing","isPartOf":{"@id":"https:\/\/www.cidademarketing.com.br\/marketing\/#website"},"primaryImageOfPage":{"@id":"https:\/\/www.cidademarketing.com.br\/marketing\/2019\/09\/27\/ipea-preve-pib-de-08-para-este-ano-e-21-para-2020\/#primaryimage"},"image":{"@id":"https:\/\/www.cidademarketing.com.br\/marketing\/2019\/09\/27\/ipea-preve-pib-de-08-para-este-ano-e-21-para-2020\/#primaryimage"},"thumbnailUrl":"https:\/\/www.cidademarketing.com.br\/marketing\/wp-content\/uploads\/2019\/01\/cropped-ipea-1.png","datePublished":"2019-09-27T03:32:35+00:00","dateModified":"2019-09-27T03:32:37+00:00","breadcrumb":{"@id":"https:\/\/www.cidademarketing.com.br\/marketing\/2019\/09\/27\/ipea-preve-pib-de-08-para-este-ano-e-21-para-2020\/#breadcrumb"},"inLanguage":"pt-BR","potentialAction":[{"@type":"ReadAction","target":["https:\/\/www.cidademarketing.com.br\/marketing\/2019\/09\/27\/ipea-preve-pib-de-08-para-este-ano-e-21-para-2020\/"]}]},{"@type":"ImageObject","inLanguage":"pt-BR","@id":"https:\/\/www.cidademarketing.com.br\/marketing\/2019\/09\/27\/ipea-preve-pib-de-08-para-este-ano-e-21-para-2020\/#primaryimage","url":"https:\/\/www.cidademarketing.com.br\/marketing\/wp-content\/uploads\/2019\/01\/cropped-ipea-1.png","contentUrl":"https:\/\/www.cidademarketing.com.br\/marketing\/wp-content\/uploads\/2019\/01\/cropped-ipea-1.png","width":283,"height":159},{"@type":"BreadcrumbList","@id":"https:\/\/www.cidademarketing.com.br\/marketing\/2019\/09\/27\/ipea-preve-pib-de-08-para-este-ano-e-21-para-2020\/#breadcrumb","itemListElement":[{"@type":"ListItem","position":1,"name":"In\u00edcio","item":"https:\/\/www.cidademarketing.com.br\/marketing\/"},{"@type":"ListItem","position":2,"name":"Ipea prev\u00ea PIB de 0,8% para este ano e 2,1% para 2020"}]},{"@type":"WebSite","@id":"https:\/\/www.cidademarketing.com.br\/marketing\/#website","url":"https:\/\/www.cidademarketing.com.br\/marketing\/","name":"CidadeMarketing","description":"Somos um ve\u00edculo de comunica\u00e7\u00e3o de destaque no Brasil, reconhecido por conte\u00fados nos segmentos de marketing, empreendedorismo e inova\u00e7\u00e3o.","publisher":{"@id":"https:\/\/www.cidademarketing.com.br\/marketing\/#organization"},"alternateName":"CidadeMarketing","potentialAction":[{"@type":"SearchAction","target":{"@type":"EntryPoint","urlTemplate":"https:\/\/www.cidademarketing.com.br\/marketing\/?s={search_term_string}"},"query-input":{"@type":"PropertyValueSpecification","valueRequired":true,"valueName":"search_term_string"}}],"inLanguage":"pt-BR"},{"@type":"Organization","@id":"https:\/\/www.cidademarketing.com.br\/marketing\/#organization","name":"CidadeMarketing","alternateName":"CidadeMarketing","url":"https:\/\/www.cidademarketing.com.br\/marketing\/","logo":{"@type":"ImageObject","inLanguage":"pt-BR","@id":"https:\/\/www.cidademarketing.com.br\/marketing\/#\/schema\/logo\/image\/","url":"https:\/\/www.cidademarketing.com.br\/marketing\/wp-content\/uploads\/2020\/01\/cidademarketing_marca_mobile.png","contentUrl":"https:\/\/www.cidademarketing.com.br\/marketing\/wp-content\/uploads\/2020\/01\/cidademarketing_marca_mobile.png","width":230,"height":92,"caption":"CidadeMarketing"},"image":{"@id":"https:\/\/www.cidademarketing.com.br\/marketing\/#\/schema\/logo\/image\/"},"sameAs":["https:\/\/www.facebook.com\/portalcidademarketing","https:\/\/x.com\/CidadeMarketing","https:\/\/www.instagram.com\/cidademarketing\/"]},{"@type":"Person","@id":"https:\/\/www.cidademarketing.com.br\/marketing\/#\/schema\/person\/02daff9f18bd9378c9e01eb6b2db155f","name":"Thales Brand\u00e3o","image":{"@type":"ImageObject","inLanguage":"pt-BR","@id":"https:\/\/secure.gravatar.com\/avatar\/7ca3206950207cc3cb48feec56a8a7898741ab725c368d99d5d7a5a50aab80c6?s=96&d=mm&r=g","url":"https:\/\/secure.gravatar.com\/avatar\/7ca3206950207cc3cb48feec56a8a7898741ab725c368d99d5d7a5a50aab80c6?s=96&d=mm&r=g","contentUrl":"https:\/\/secure.gravatar.com\/avatar\/7ca3206950207cc3cb48feec56a8a7898741ab725c368d99d5d7a5a50aab80c6?s=96&d=mm&r=g","caption":"Thales Brand\u00e3o"},"description":"Editor Executivo do Portal CidadeMarketing.com.br &gt; Mestre em Comunica\u00e7\u00e3o e Sociedade pela Universidade Federal de Sergipe. Possui MBA Executivo em Administra\u00e7\u00e3o com \u00eanfase em Marketing pela Funda\u00e7\u00e3o Get\u00falio Vargas - Rio de Janeiro. Consultor, Palestrante e Pesquisador sobre Empreendedorismo, Marketing, Redes Sociais e Neg\u00f3cios Digitais. Professor, Palestrante TedxTalks e Campus Party. Twitter: @ThalesBrandao","sameAs":["http:\/\/www.mandacaru.com.br","https:\/\/www.facebook.com\/thalesbrandao","http:\/\/www.instagram.com.br\/thalesbrandaoferreira","https:\/\/www.linkedin.com\/in\/thales-brand\u00e3o-3948609\/","https:\/\/x.com\/http:\/\/www.twitter.com\/thalesbrandao"],"url":"https:\/\/www.cidademarketing.com.br\/marketing\/author\/thalesbrandao\/"}]}},"amp_enabled":true,"_links":{"self":[{"href":"https:\/\/www.cidademarketing.com.br\/marketing\/wp-json\/wp\/v2\/posts\/11952","targetHints":{"allow":["GET"]}}],"collection":[{"href":"https:\/\/www.cidademarketing.com.br\/marketing\/wp-json\/wp\/v2\/posts"}],"about":[{"href":"https:\/\/www.cidademarketing.com.br\/marketing\/wp-json\/wp\/v2\/types\/post"}],"author":[{"embeddable":true,"href":"https:\/\/www.cidademarketing.com.br\/marketing\/wp-json\/wp\/v2\/users\/1"}],"replies":[{"embeddable":true,"href":"https:\/\/www.cidademarketing.com.br\/marketing\/wp-json\/wp\/v2\/comments?post=11952"}],"version-history":[{"count":1,"href":"https:\/\/www.cidademarketing.com.br\/marketing\/wp-json\/wp\/v2\/posts\/11952\/revisions"}],"predecessor-version":[{"id":11954,"href":"https:\/\/www.cidademarketing.com.br\/marketing\/wp-json\/wp\/v2\/posts\/11952\/revisions\/11954"}],"wp:featuredmedia":[{"embeddable":true,"href":"https:\/\/www.cidademarketing.com.br\/marketing\/wp-json\/wp\/v2\/media\/11953"}],"wp:attachment":[{"href":"https:\/\/www.cidademarketing.com.br\/marketing\/wp-json\/wp\/v2\/media?parent=11952"}],"wp:term":[{"taxonomy":"category","embeddable":true,"href":"https:\/\/www.cidademarketing.com.br\/marketing\/wp-json\/wp\/v2\/categories?post=11952"},{"taxonomy":"post_tag","embeddable":true,"href":"https:\/\/www.cidademarketing.com.br\/marketing\/wp-json\/wp\/v2\/tags?post=11952"}],"curies":[{"name":"wp","href":"https:\/\/api.w.org\/{rel}","templated":true}]}}