{"id":1185,"date":"2013-04-24T22:28:33","date_gmt":"2013-04-25T01:28:33","guid":{"rendered":"http:\/\/www.cidademarketing.com.br\/marketing\/?p=1185"},"modified":"2018-07-24T22:38:36","modified_gmt":"2018-07-25T01:38:36","slug":"marketing-branding-e-a-nivelacao-rasteira","status":"publish","type":"post","link":"https:\/\/www.cidademarketing.com.br\/marketing\/2013\/04\/24\/marketing-branding-e-a-nivelacao-rasteira\/","title":{"rendered":"Marketing, branding e a nivela\u00e7\u00e3o rasteira"},"content":{"rendered":"<p>Chega a ser t\u00e9trico o pseudo intelectualismo marquet\u00f3logo moleque que quer reinventar a roda diariamente nas redes sociais e em grupinhos de mercado. Pergunto-me, por exemplo, qual o motivo de ainda existirem tantos equ\u00edvocos sobre as diferen\u00e7as entre marketing e branding. Num dia desses, ap\u00f3s uma prazerosa orat\u00f3ria que proferi para grandes empreendedores, me deparei com um colega (n\u00e3o vem ao caso o nome dele mas tamb\u00e9m era palestrante no evento) que disparou o seguinte oximoro: &#8220;Gostei da sua palestra mas homens como Peter Drucker est\u00e3o ultrapassados e os gestores das marcas precisam esquecer essas figuras que est\u00e3o mortas.&#8221; Sempre fiquei em d\u00favida, caro leitor, se esse mundo realmente acabaria um dia, mas quando ouvi isso, tive certeza que sim.<\/p>\n<p>&nbsp;<\/p>\n<p>No m\u00ednimo um cidad\u00e3o m\u00edope que n\u00e3o sabe nada do que est\u00e1 falando e pior ainda, ensinando (minhas sinceras condol\u00eancias para aqueles que pagaram para assistir alguma palestra com esse apocal\u00edptico \u2018expert&#8217;). Tive que conter qualquer rea\u00e7\u00e3o mais exacerbada de minha parte &#8211; at\u00e9 por quest\u00e3o de eleg\u00e2ncia &#8211; mas dif\u00edcil entender tal d\u00e9bil afirma\u00e7\u00e3o. Afinal de contas, Drucker mostrou ao mundo em The practice of management (1954) que o marketing \u00e9 tudo que uma empresa faz e sua for\u00e7a se mostra em, principalmente, construir uma marca de fora (mercado) para dentro, caso contr\u00e1rio o processo se torna esquizofr\u00eanico. Esse documento culminado com sua ida para a General Motors como consultor, representou a fus\u00e3o total e inegoci\u00e1vel das duas disciplinas.<\/p>\n<p>&nbsp;<\/p>\n<p>Francisco Alberto Madia de Souza, a quem todo mundo, incluindo seus alunos (tamb\u00e9m fui) e familiares, chamam simplesmente de Madia, escreveu um excelente artigo deixando bem claro que branding e marketing s\u00e3o &#8220;duas faces de uma mesma moeda&#8221;(1). John Jantasch , autor dos livros Marketing de Baixo Custo e Alto Impacto (2007) e The Commitment Engine (2012) , foi igualmente feliz em sua observa\u00e7\u00e3o enfatizando que &#8220;marketing \u00e9 a arte de convencer algu\u00e9m que tenha um desejo, a conhecer, gostar e confiar em voc\u00ea&#8221;; e &#8220;branding \u00e9 a arte de se fazer conhecido, querido e confi\u00e1vel&#8221;(2).<\/p>\n<p>&nbsp;<\/p>\n<p>Em outras palavras, se o marketing estuda e entende, o branding encanta. \u00c9 uma rela\u00e7\u00e3o simbi\u00f3tica e tamb\u00e9m saud\u00e1vel, oras. Inclusive, do meu ponto de vista, a fase atual da internet, que \u00e9 essencialmente social, funciona como uma &#8220;cola&#8221; intensificando ainda mais a conviv\u00eancia harmoniosa. E, mais do que isso, ajudam na elabora\u00e7\u00e3o de estrat\u00e9gias fundamentais para conquistar e encantar o cliente (sei que isso soa clich\u00ea). Isso prova que um n\u00e3o vive sem o outro.<br \/>\nUm pouco desse teatro intelectualmente nefasto e ao mesmo tempo c\u00f4mico se d\u00e1 porque, muita gente que se diz entendida do assunto, n\u00e3o consegue realmente simplificar o sentido do marketing. Refiro &#8211; me, por exemplo, a toda canaille primitiva dos pseudo experts super valorizados que aparecem diariamente com o ego inflado nas redes sociais e ambientes afins. Enfim: Marketing nada mais \u00e9 que se organizar na perspectiva do mercado e do cliente3. Inocentes aqueles que acreditam que marketing \u00e9 apenas divulgar promo\u00e7\u00e3o ou fazer campanhas publicit\u00e1rias car\u00edssimas. Por falar nisso, sonho com um dia que a disciplina da empresa moderna deixe de ser a fluoxetina di\u00e1ria de certos publicit\u00e1rios pav\u00f5es eg\u00f3latras com todo o glamour jeca e cafona que carregam (sem generaliza\u00e7\u00f5es, pois conhe\u00e7o profissionais de qualidade nesse ramo). Nossa profiss\u00e3o \u00e9 s\u00e9ria demais para se resumir a apenas sacadinhas criativas.<\/p>\n<p>&nbsp;<\/p>\n<p>Uma empresa que parece ter desaprendido que marketing e branding s\u00e3o indissoci\u00e1veis \u00e9 a Brastemp. Depois de conquistar e dominar por anos o mercado com seu bel\u00edssimo posicionamento &#8220;N\u00e3o \u00e9 assim uma Brastemp&#8221;, Narcisos irrespons\u00e1veis recebem o poder em m\u00e3os e come\u00e7am, alguns anos atr\u00e1s, a mexer em time que est\u00e1 ganhando. Como pol\u00edticos de oposi\u00e7\u00e3o que recha\u00e7am as obras do mandato anterior. N\u00e3o importando o qu\u00e3o boas foram suas a\u00e7\u00f5es. Ironicamente o novo conceito foi batizado de Lado B. Nada mais justo. O Lado B do marketing criando uma campanha Lado B. O crit\u00e9rio \u00e9 simples: se n\u00e3o fui eu que fiz, n\u00e3o \u00e9 bom. Realmente, esse case Brastemp \u00e9 um dos cinco maiores fiascos do marketing moderno. Simplesmente bestial. Parecem ter esquecido que nenhuma marca nasce, resiste e se fortalece sem a valida\u00e7\u00e3o do mercado! E o consumidor? Ah&#8230; o consumidor \u00e9 apenas um penduricalho dispens\u00e1vel.<\/p>\n<p>&nbsp;<\/p>\n<p>Independente dos meus furibundos protestos, n\u00e3o acredito, mesmo que gostaria, que essa bolha de ignor\u00e2ncia e junioriza\u00e7\u00e3o que ronda o marketing brasileiro possa acabar t\u00e3o cedo. Talvez eu seja s\u00f3 um apaixonado pelo marketing (sentimentalismo a parte) que est\u00e1 cada vez mais assustado com a nivela\u00e7\u00e3o rasteira que estamos passando. Falta, entre outras coisas, vigor intelectual de parte dos atores. Mas quem, com o m\u00ednimo de conhecimento e paix\u00e3o n\u00e3o estaria assustado e at\u00e9 mesmo indignado? Eu, com certeza, n\u00e3o estou sozinho.<\/p>\n<p>&nbsp;<\/p>\n<p><em>1 &#8220;Marketing e Branding&#8221;, Francisco Madia , 2008<br \/>\n2 &#8220;Duct tape marketing&#8221; , John Jantasch , 2007 (www.ducttapemarketing.com)<br \/>\n3 &#8220;&#8221;Em defesa do marketing&#8221;, Gabriel Rossi, 2012, Mundo do Marketing (http:\/\/www.mundodomarketing.com.br\/artigos\/gabriel-rossi\/23536\/em-defesa-do-marketing.html)<\/em><\/p>\n","protected":false},"excerpt":{"rendered":"<p>Chega a ser t\u00e9trico o pseudo intelectualismo marquet\u00f3logo moleque que quer reinventar a roda diariamente nas redes sociais e em grupinhos de mercado. Pergunto-me, por exemplo, qual o motivo de ainda existirem tantos equ\u00edvocos sobre as diferen\u00e7as entre marketing e branding. Num dia desses, ap\u00f3s uma prazerosa orat\u00f3ria que proferi para grandes empreendedores, me deparei [&hellip;]<\/p>\n","protected":false},"author":5,"featured_media":0,"comment_status":"open","ping_status":"open","sticky":false,"template":"","format":"standard","meta":{"tdm_status":"","tdm_grid_status":"","footnotes":""},"categories":[12,19],"tags":[],"class_list":["post-1185","post","type-post","status-publish","format-standard","hentry","category-artigos","category-gabrielrossi"],"yoast_head":"<!-- This site is optimized with the Yoast SEO plugin v27.4 - https:\/\/yoast.com\/product\/yoast-seo-wordpress\/ -->\n<title>Marketing, branding e a nivela\u00e7\u00e3o rasteira - CidadeMarketing<\/title>\n<meta name=\"robots\" content=\"index, follow, max-snippet:-1, max-image-preview:large, max-video-preview:-1\" \/>\n<link rel=\"canonical\" href=\"https:\/\/www.cidademarketing.com.br\/marketing\/2013\/04\/24\/marketing-branding-e-a-nivelacao-rasteira\/\" \/>\n<meta property=\"og:locale\" content=\"pt_BR\" \/>\n<meta property=\"og:type\" content=\"article\" \/>\n<meta property=\"og:title\" content=\"Marketing, branding e a nivela\u00e7\u00e3o rasteira - CidadeMarketing\" \/>\n<meta property=\"og:description\" content=\"Chega a ser t\u00e9trico o pseudo intelectualismo marquet\u00f3logo moleque que quer reinventar a roda diariamente nas redes sociais e em grupinhos de mercado. Pergunto-me, por exemplo, qual o motivo de ainda existirem tantos equ\u00edvocos sobre as diferen\u00e7as entre marketing e branding. Num dia desses, ap\u00f3s uma prazerosa orat\u00f3ria que proferi para grandes empreendedores, me deparei [&hellip;]\" \/>\n<meta property=\"og:url\" content=\"https:\/\/www.cidademarketing.com.br\/marketing\/2013\/04\/24\/marketing-branding-e-a-nivelacao-rasteira\/\" \/>\n<meta property=\"og:site_name\" content=\"CidadeMarketing\" \/>\n<meta property=\"article:publisher\" content=\"https:\/\/www.facebook.com\/portalcidademarketing\" \/>\n<meta property=\"article:author\" content=\"https:\/\/pt-br.facebook.com\/pg\/consultoriagr\/about\/?ref=page_internal\" \/>\n<meta property=\"article:published_time\" content=\"2013-04-25T01:28:33+00:00\" \/>\n<meta property=\"article:modified_time\" content=\"2018-07-25T01:38:36+00:00\" \/>\n<meta name=\"author\" content=\"Gabriel Rossi\" \/>\n<meta name=\"twitter:card\" content=\"summary_large_image\" \/>\n<meta name=\"twitter:creator\" content=\"@CidadeMarketing\" \/>\n<meta name=\"twitter:site\" content=\"@CidadeMarketing\" \/>\n<meta name=\"twitter:label1\" content=\"Escrito por\" \/>\n\t<meta name=\"twitter:data1\" content=\"Gabriel Rossi\" \/>\n\t<meta name=\"twitter:label2\" content=\"Est. tempo de leitura\" \/>\n\t<meta name=\"twitter:data2\" content=\"4 minutos\" \/>\n<script type=\"application\/ld+json\" class=\"yoast-schema-graph\">{\"@context\":\"https:\\\/\\\/schema.org\",\"@graph\":[{\"@type\":\"Article\",\"@id\":\"https:\\\/\\\/www.cidademarketing.com.br\\\/marketing\\\/2013\\\/04\\\/24\\\/marketing-branding-e-a-nivelacao-rasteira\\\/#article\",\"isPartOf\":{\"@id\":\"https:\\\/\\\/www.cidademarketing.com.br\\\/marketing\\\/2013\\\/04\\\/24\\\/marketing-branding-e-a-nivelacao-rasteira\\\/\"},\"author\":{\"name\":\"Gabriel Rossi\",\"@id\":\"https:\\\/\\\/www.cidademarketing.com.br\\\/marketing\\\/#\\\/schema\\\/person\\\/b18e7bae9bcbcd0e29952c840911f063\"},\"headline\":\"Marketing, branding e a nivela\u00e7\u00e3o rasteira\",\"datePublished\":\"2013-04-25T01:28:33+00:00\",\"dateModified\":\"2018-07-25T01:38:36+00:00\",\"mainEntityOfPage\":{\"@id\":\"https:\\\/\\\/www.cidademarketing.com.br\\\/marketing\\\/2013\\\/04\\\/24\\\/marketing-branding-e-a-nivelacao-rasteira\\\/\"},\"wordCount\":890,\"commentCount\":0,\"publisher\":{\"@id\":\"https:\\\/\\\/www.cidademarketing.com.br\\\/marketing\\\/#organization\"},\"articleSection\":[\"Artigos\",\"Gabriel Rossi\"],\"inLanguage\":\"pt-BR\",\"potentialAction\":[{\"@type\":\"CommentAction\",\"name\":\"Comment\",\"target\":[\"https:\\\/\\\/www.cidademarketing.com.br\\\/marketing\\\/2013\\\/04\\\/24\\\/marketing-branding-e-a-nivelacao-rasteira\\\/#respond\"]}]},{\"@type\":\"WebPage\",\"@id\":\"https:\\\/\\\/www.cidademarketing.com.br\\\/marketing\\\/2013\\\/04\\\/24\\\/marketing-branding-e-a-nivelacao-rasteira\\\/\",\"url\":\"https:\\\/\\\/www.cidademarketing.com.br\\\/marketing\\\/2013\\\/04\\\/24\\\/marketing-branding-e-a-nivelacao-rasteira\\\/\",\"name\":\"Marketing, branding e a nivela\u00e7\u00e3o rasteira - CidadeMarketing\",\"isPartOf\":{\"@id\":\"https:\\\/\\\/www.cidademarketing.com.br\\\/marketing\\\/#website\"},\"datePublished\":\"2013-04-25T01:28:33+00:00\",\"dateModified\":\"2018-07-25T01:38:36+00:00\",\"breadcrumb\":{\"@id\":\"https:\\\/\\\/www.cidademarketing.com.br\\\/marketing\\\/2013\\\/04\\\/24\\\/marketing-branding-e-a-nivelacao-rasteira\\\/#breadcrumb\"},\"inLanguage\":\"pt-BR\",\"potentialAction\":[{\"@type\":\"ReadAction\",\"target\":[\"https:\\\/\\\/www.cidademarketing.com.br\\\/marketing\\\/2013\\\/04\\\/24\\\/marketing-branding-e-a-nivelacao-rasteira\\\/\"]}]},{\"@type\":\"BreadcrumbList\",\"@id\":\"https:\\\/\\\/www.cidademarketing.com.br\\\/marketing\\\/2013\\\/04\\\/24\\\/marketing-branding-e-a-nivelacao-rasteira\\\/#breadcrumb\",\"itemListElement\":[{\"@type\":\"ListItem\",\"position\":1,\"name\":\"In\u00edcio\",\"item\":\"https:\\\/\\\/www.cidademarketing.com.br\\\/marketing\\\/\"},{\"@type\":\"ListItem\",\"position\":2,\"name\":\"Marketing, branding e a nivela\u00e7\u00e3o rasteira\"}]},{\"@type\":\"WebSite\",\"@id\":\"https:\\\/\\\/www.cidademarketing.com.br\\\/marketing\\\/#website\",\"url\":\"https:\\\/\\\/www.cidademarketing.com.br\\\/marketing\\\/\",\"name\":\"CidadeMarketing\",\"description\":\"Somos um ve\u00edculo de comunica\u00e7\u00e3o de destaque no Brasil, reconhecido por conte\u00fados nos segmentos de marketing, empreendedorismo e inova\u00e7\u00e3o.\",\"publisher\":{\"@id\":\"https:\\\/\\\/www.cidademarketing.com.br\\\/marketing\\\/#organization\"},\"alternateName\":\"CidadeMarketing\",\"potentialAction\":[{\"@type\":\"SearchAction\",\"target\":{\"@type\":\"EntryPoint\",\"urlTemplate\":\"https:\\\/\\\/www.cidademarketing.com.br\\\/marketing\\\/?s={search_term_string}\"},\"query-input\":{\"@type\":\"PropertyValueSpecification\",\"valueRequired\":true,\"valueName\":\"search_term_string\"}}],\"inLanguage\":\"pt-BR\"},{\"@type\":\"Organization\",\"@id\":\"https:\\\/\\\/www.cidademarketing.com.br\\\/marketing\\\/#organization\",\"name\":\"CidadeMarketing\",\"alternateName\":\"CidadeMarketing\",\"url\":\"https:\\\/\\\/www.cidademarketing.com.br\\\/marketing\\\/\",\"logo\":{\"@type\":\"ImageObject\",\"inLanguage\":\"pt-BR\",\"@id\":\"https:\\\/\\\/www.cidademarketing.com.br\\\/marketing\\\/#\\\/schema\\\/logo\\\/image\\\/\",\"url\":\"https:\\\/\\\/www.cidademarketing.com.br\\\/marketing\\\/wp-content\\\/uploads\\\/2020\\\/01\\\/cidademarketing_marca_mobile.png\",\"contentUrl\":\"https:\\\/\\\/www.cidademarketing.com.br\\\/marketing\\\/wp-content\\\/uploads\\\/2020\\\/01\\\/cidademarketing_marca_mobile.png\",\"width\":230,\"height\":92,\"caption\":\"CidadeMarketing\"},\"image\":{\"@id\":\"https:\\\/\\\/www.cidademarketing.com.br\\\/marketing\\\/#\\\/schema\\\/logo\\\/image\\\/\"},\"sameAs\":[\"https:\\\/\\\/www.facebook.com\\\/portalcidademarketing\",\"https:\\\/\\\/x.com\\\/CidadeMarketing\",\"https:\\\/\\\/www.instagram.com\\\/cidademarketing\\\/\"]},{\"@type\":\"Person\",\"@id\":\"https:\\\/\\\/www.cidademarketing.com.br\\\/marketing\\\/#\\\/schema\\\/person\\\/b18e7bae9bcbcd0e29952c840911f063\",\"name\":\"Gabriel Rossi\",\"image\":{\"@type\":\"ImageObject\",\"inLanguage\":\"pt-BR\",\"@id\":\"https:\\\/\\\/secure.gravatar.com\\\/avatar\\\/92e468668cc92378ee7e494ef9adf8b4c53bd5a92934d08680538fe30eedff64?s=96&d=mm&r=g\",\"url\":\"https:\\\/\\\/secure.gravatar.com\\\/avatar\\\/92e468668cc92378ee7e494ef9adf8b4c53bd5a92934d08680538fe30eedff64?s=96&d=mm&r=g\",\"contentUrl\":\"https:\\\/\\\/secure.gravatar.com\\\/avatar\\\/92e468668cc92378ee7e494ef9adf8b4c53bd5a92934d08680538fe30eedff64?s=96&d=mm&r=g\",\"caption\":\"Gabriel Rossi\"},\"description\":\"Palestrante profissional em marketing, estrategista especializado na constru\u00e7\u00e3o e gerenciamento de marcas e reputa\u00e7\u00e3o, e diretor-fundador da Gabriel Rossi Consultoria, com passagens por institui\u00e7\u00f5es como Syracuse\\\/Aberje, Madia Marketing School, University of London e Bell School. Especialista convidado para lecionar no curso de extens\u00e3o da Funda\u00e7\u00e3o Escola de Sociologia e Pol\u00edtica (FESP) e na P\u00f3s Gradua\u00e7\u00e3o de Marketing da USP. Refer\u00eancia de mercado, Gabriel \u00e9 atualmente o profissional no pa\u00eds mais requisitado pela grande m\u00eddia (mainstream) para falar sobre marketing. Escreve e \u00e9 citado extensivamente, sendo colunista de portais de destaque como Observador Pol\u00edtico, possui diversos artigos e estudos publicados no Estad\u00e3o, o Globo, Brasil Econ\u00f4mico, Correio Braziliense, JT, UOL, HSM e colabora com ve\u00edculos como Bandnews TV, Folha de S\u00e3o Paulo, Revista Nova, Veja, Portal G1 , entre in\u00fameros outros. Rossi e sua equipe atuam tanto no campo pol\u00edtico como no empresarial. Eles trabalham com empresas internacionais como Petrobr\u00e1s, The Marketing Store e Tetra Pak, al\u00e9m de candidatos ao Senado Federal. Rossi participou de momentos hist\u00f3ricos importantes, sendo comentarista especial da TV Estad\u00e3o no primeiro e segundo turno das elei\u00e7\u00f5es 2010 e comentarista oficial durante a posse da presidente Dilma Rousseff para a r\u00e1dio Eldorado.\",\"sameAs\":[\"https:\\\/\\\/pt-br.facebook.com\\\/pg\\\/consultoriagr\\\/about\\\/?ref=page_internal\",\"https:\\\/\\\/www.linkedin.com\\\/in\\\/gabrieldrossi\\\/\"],\"url\":\"https:\\\/\\\/www.cidademarketing.com.br\\\/marketing\\\/author\\\/gabriel-rossi\\\/\"}]}<\/script>\n<!-- \/ Yoast SEO plugin. -->","yoast_head_json":{"title":"Marketing, branding e a nivela\u00e7\u00e3o rasteira - CidadeMarketing","robots":{"index":"index","follow":"follow","max-snippet":"max-snippet:-1","max-image-preview":"max-image-preview:large","max-video-preview":"max-video-preview:-1"},"canonical":"https:\/\/www.cidademarketing.com.br\/marketing\/2013\/04\/24\/marketing-branding-e-a-nivelacao-rasteira\/","og_locale":"pt_BR","og_type":"article","og_title":"Marketing, branding e a nivela\u00e7\u00e3o rasteira - CidadeMarketing","og_description":"Chega a ser t\u00e9trico o pseudo intelectualismo marquet\u00f3logo moleque que quer reinventar a roda diariamente nas redes sociais e em grupinhos de mercado. Pergunto-me, por exemplo, qual o motivo de ainda existirem tantos equ\u00edvocos sobre as diferen\u00e7as entre marketing e branding. Num dia desses, ap\u00f3s uma prazerosa orat\u00f3ria que proferi para grandes empreendedores, me deparei [&hellip;]","og_url":"https:\/\/www.cidademarketing.com.br\/marketing\/2013\/04\/24\/marketing-branding-e-a-nivelacao-rasteira\/","og_site_name":"CidadeMarketing","article_publisher":"https:\/\/www.facebook.com\/portalcidademarketing","article_author":"https:\/\/pt-br.facebook.com\/pg\/consultoriagr\/about\/?ref=page_internal","article_published_time":"2013-04-25T01:28:33+00:00","article_modified_time":"2018-07-25T01:38:36+00:00","author":"Gabriel Rossi","twitter_card":"summary_large_image","twitter_creator":"@CidadeMarketing","twitter_site":"@CidadeMarketing","twitter_misc":{"Escrito por":"Gabriel Rossi","Est. tempo de leitura":"4 minutos"},"schema":{"@context":"https:\/\/schema.org","@graph":[{"@type":"Article","@id":"https:\/\/www.cidademarketing.com.br\/marketing\/2013\/04\/24\/marketing-branding-e-a-nivelacao-rasteira\/#article","isPartOf":{"@id":"https:\/\/www.cidademarketing.com.br\/marketing\/2013\/04\/24\/marketing-branding-e-a-nivelacao-rasteira\/"},"author":{"name":"Gabriel Rossi","@id":"https:\/\/www.cidademarketing.com.br\/marketing\/#\/schema\/person\/b18e7bae9bcbcd0e29952c840911f063"},"headline":"Marketing, branding e a nivela\u00e7\u00e3o rasteira","datePublished":"2013-04-25T01:28:33+00:00","dateModified":"2018-07-25T01:38:36+00:00","mainEntityOfPage":{"@id":"https:\/\/www.cidademarketing.com.br\/marketing\/2013\/04\/24\/marketing-branding-e-a-nivelacao-rasteira\/"},"wordCount":890,"commentCount":0,"publisher":{"@id":"https:\/\/www.cidademarketing.com.br\/marketing\/#organization"},"articleSection":["Artigos","Gabriel Rossi"],"inLanguage":"pt-BR","potentialAction":[{"@type":"CommentAction","name":"Comment","target":["https:\/\/www.cidademarketing.com.br\/marketing\/2013\/04\/24\/marketing-branding-e-a-nivelacao-rasteira\/#respond"]}]},{"@type":"WebPage","@id":"https:\/\/www.cidademarketing.com.br\/marketing\/2013\/04\/24\/marketing-branding-e-a-nivelacao-rasteira\/","url":"https:\/\/www.cidademarketing.com.br\/marketing\/2013\/04\/24\/marketing-branding-e-a-nivelacao-rasteira\/","name":"Marketing, branding e a nivela\u00e7\u00e3o rasteira - CidadeMarketing","isPartOf":{"@id":"https:\/\/www.cidademarketing.com.br\/marketing\/#website"},"datePublished":"2013-04-25T01:28:33+00:00","dateModified":"2018-07-25T01:38:36+00:00","breadcrumb":{"@id":"https:\/\/www.cidademarketing.com.br\/marketing\/2013\/04\/24\/marketing-branding-e-a-nivelacao-rasteira\/#breadcrumb"},"inLanguage":"pt-BR","potentialAction":[{"@type":"ReadAction","target":["https:\/\/www.cidademarketing.com.br\/marketing\/2013\/04\/24\/marketing-branding-e-a-nivelacao-rasteira\/"]}]},{"@type":"BreadcrumbList","@id":"https:\/\/www.cidademarketing.com.br\/marketing\/2013\/04\/24\/marketing-branding-e-a-nivelacao-rasteira\/#breadcrumb","itemListElement":[{"@type":"ListItem","position":1,"name":"In\u00edcio","item":"https:\/\/www.cidademarketing.com.br\/marketing\/"},{"@type":"ListItem","position":2,"name":"Marketing, branding e a nivela\u00e7\u00e3o rasteira"}]},{"@type":"WebSite","@id":"https:\/\/www.cidademarketing.com.br\/marketing\/#website","url":"https:\/\/www.cidademarketing.com.br\/marketing\/","name":"CidadeMarketing","description":"Somos um ve\u00edculo de comunica\u00e7\u00e3o de destaque no Brasil, reconhecido por conte\u00fados nos segmentos de marketing, empreendedorismo e inova\u00e7\u00e3o.","publisher":{"@id":"https:\/\/www.cidademarketing.com.br\/marketing\/#organization"},"alternateName":"CidadeMarketing","potentialAction":[{"@type":"SearchAction","target":{"@type":"EntryPoint","urlTemplate":"https:\/\/www.cidademarketing.com.br\/marketing\/?s={search_term_string}"},"query-input":{"@type":"PropertyValueSpecification","valueRequired":true,"valueName":"search_term_string"}}],"inLanguage":"pt-BR"},{"@type":"Organization","@id":"https:\/\/www.cidademarketing.com.br\/marketing\/#organization","name":"CidadeMarketing","alternateName":"CidadeMarketing","url":"https:\/\/www.cidademarketing.com.br\/marketing\/","logo":{"@type":"ImageObject","inLanguage":"pt-BR","@id":"https:\/\/www.cidademarketing.com.br\/marketing\/#\/schema\/logo\/image\/","url":"https:\/\/www.cidademarketing.com.br\/marketing\/wp-content\/uploads\/2020\/01\/cidademarketing_marca_mobile.png","contentUrl":"https:\/\/www.cidademarketing.com.br\/marketing\/wp-content\/uploads\/2020\/01\/cidademarketing_marca_mobile.png","width":230,"height":92,"caption":"CidadeMarketing"},"image":{"@id":"https:\/\/www.cidademarketing.com.br\/marketing\/#\/schema\/logo\/image\/"},"sameAs":["https:\/\/www.facebook.com\/portalcidademarketing","https:\/\/x.com\/CidadeMarketing","https:\/\/www.instagram.com\/cidademarketing\/"]},{"@type":"Person","@id":"https:\/\/www.cidademarketing.com.br\/marketing\/#\/schema\/person\/b18e7bae9bcbcd0e29952c840911f063","name":"Gabriel Rossi","image":{"@type":"ImageObject","inLanguage":"pt-BR","@id":"https:\/\/secure.gravatar.com\/avatar\/92e468668cc92378ee7e494ef9adf8b4c53bd5a92934d08680538fe30eedff64?s=96&d=mm&r=g","url":"https:\/\/secure.gravatar.com\/avatar\/92e468668cc92378ee7e494ef9adf8b4c53bd5a92934d08680538fe30eedff64?s=96&d=mm&r=g","contentUrl":"https:\/\/secure.gravatar.com\/avatar\/92e468668cc92378ee7e494ef9adf8b4c53bd5a92934d08680538fe30eedff64?s=96&d=mm&r=g","caption":"Gabriel Rossi"},"description":"Palestrante profissional em marketing, estrategista especializado na constru\u00e7\u00e3o e gerenciamento de marcas e reputa\u00e7\u00e3o, e diretor-fundador da Gabriel Rossi Consultoria, com passagens por institui\u00e7\u00f5es como Syracuse\/Aberje, Madia Marketing School, University of London e Bell School. Especialista convidado para lecionar no curso de extens\u00e3o da Funda\u00e7\u00e3o Escola de Sociologia e Pol\u00edtica (FESP) e na P\u00f3s Gradua\u00e7\u00e3o de Marketing da USP. Refer\u00eancia de mercado, Gabriel \u00e9 atualmente o profissional no pa\u00eds mais requisitado pela grande m\u00eddia (mainstream) para falar sobre marketing. Escreve e \u00e9 citado extensivamente, sendo colunista de portais de destaque como Observador Pol\u00edtico, possui diversos artigos e estudos publicados no Estad\u00e3o, o Globo, Brasil Econ\u00f4mico, Correio Braziliense, JT, UOL, HSM e colabora com ve\u00edculos como Bandnews TV, Folha de S\u00e3o Paulo, Revista Nova, Veja, Portal G1 , entre in\u00fameros outros. Rossi e sua equipe atuam tanto no campo pol\u00edtico como no empresarial. Eles trabalham com empresas internacionais como Petrobr\u00e1s, The Marketing Store e Tetra Pak, al\u00e9m de candidatos ao Senado Federal. Rossi participou de momentos hist\u00f3ricos importantes, sendo comentarista especial da TV Estad\u00e3o no primeiro e segundo turno das elei\u00e7\u00f5es 2010 e comentarista oficial durante a posse da presidente Dilma Rousseff para a r\u00e1dio Eldorado.","sameAs":["https:\/\/pt-br.facebook.com\/pg\/consultoriagr\/about\/?ref=page_internal","https:\/\/www.linkedin.com\/in\/gabrieldrossi\/"],"url":"https:\/\/www.cidademarketing.com.br\/marketing\/author\/gabriel-rossi\/"}]}},"amp_enabled":true,"_links":{"self":[{"href":"https:\/\/www.cidademarketing.com.br\/marketing\/wp-json\/wp\/v2\/posts\/1185","targetHints":{"allow":["GET"]}}],"collection":[{"href":"https:\/\/www.cidademarketing.com.br\/marketing\/wp-json\/wp\/v2\/posts"}],"about":[{"href":"https:\/\/www.cidademarketing.com.br\/marketing\/wp-json\/wp\/v2\/types\/post"}],"author":[{"embeddable":true,"href":"https:\/\/www.cidademarketing.com.br\/marketing\/wp-json\/wp\/v2\/users\/5"}],"replies":[{"embeddable":true,"href":"https:\/\/www.cidademarketing.com.br\/marketing\/wp-json\/wp\/v2\/comments?post=1185"}],"version-history":[{"count":1,"href":"https:\/\/www.cidademarketing.com.br\/marketing\/wp-json\/wp\/v2\/posts\/1185\/revisions"}],"predecessor-version":[{"id":1186,"href":"https:\/\/www.cidademarketing.com.br\/marketing\/wp-json\/wp\/v2\/posts\/1185\/revisions\/1186"}],"wp:attachment":[{"href":"https:\/\/www.cidademarketing.com.br\/marketing\/wp-json\/wp\/v2\/media?parent=1185"}],"wp:term":[{"taxonomy":"category","embeddable":true,"href":"https:\/\/www.cidademarketing.com.br\/marketing\/wp-json\/wp\/v2\/categories?post=1185"},{"taxonomy":"post_tag","embeddable":true,"href":"https:\/\/www.cidademarketing.com.br\/marketing\/wp-json\/wp\/v2\/tags?post=1185"}],"curies":[{"name":"wp","href":"https:\/\/api.w.org\/{rel}","templated":true}]}}