{"id":11780,"date":"2019-09-19T02:27:11","date_gmt":"2019-09-18T22:27:11","guid":{"rendered":"https:\/\/www.cidademarketing.com.br\/marketing\/?p=11780"},"modified":"2019-09-19T02:44:27","modified_gmt":"2019-09-18T22:44:27","slug":"rock-in-rio-llusionize-antecipa-apresentacao-com-fe","status":"publish","type":"post","link":"https:\/\/www.cidademarketing.com.br\/marketing\/2019\/09\/19\/rock-in-rio-llusionize-antecipa-apresentacao-com-fe\/","title":{"rendered":"Rock in Rio: llusionize antecipa apresenta\u00e7\u00e3o com \u201cF\u00e9\u201d"},"content":{"rendered":"\n<p>Prestes\na se apresentar pela segunda edi\u00e7\u00e3o consecutiva do Rock in Rio, Illusionize\nacaba de lan\u00e7ar a faixa &#8220;F\u00e9&#8221;. Nascida de uma ideia de quase 3 anos atr\u00e1s, a produ\u00e7\u00e3o \u00e9 mais uma com os\namigos Victor Lou e Visage. Carregada de mensagem e significado, a faixa\nretrata os principais pilares das vidas e carreiras do trio.&nbsp;<\/p>\n\n\n\n<p>Unidos mais uma vez, ap\u00f3s\nlan\u00e7arem \u201cWork\u201d recentemente, os produtores apresentam em \u201cF\u00e9\u201d um recado sobre\nrealizar aquilo que se sonha e ainda refletem sobre amizade. <strong>\u201c<\/strong>Podemos\nter muitas pessoas ao nosso redor, mas n\u00e3o s\u00e3o todas que est\u00e3o do nosso lado de\nverdade. No final das contas, a f\u00e9 \u00e9 o que manda em tudo\u201d, reflete\nIllusionize.&nbsp;<\/p>\n\n\n\n<p>Escrita por Victor Lou e\nIllusionize, o resultado marca a primeira vez em que os artistas estiveram\nenvolvidos na composi\u00e7\u00e3o de uma letra e com os vocais de Pampa, amigo do grupo,\npuderam transmitir algo que \u00e9 vivido pela maioria das pessoas. Focados em\npassar uma mensagem positiva, \u201cF\u00e9\u201d relata a trajet\u00f3ria dos amigos, que por\nmuito tempo tiveram que se manter focados e confiantes para alcan\u00e7ar seus\nobjetivos, como \u00e9 visto no trecho escrito: \u201ce esse menino focou no caminho com\nf\u00e9 e esperan\u00e7a, pois assim que se alcan\u00e7a&#8221;.&nbsp;<\/p>\n\n\n\n<p>\u201cA f\u00e9 significa pra mim tudo\no que eu sou hoje, tanto como pessoa quanto como profissional. Foi o que mudou\nminha vida. E a m\u00fasica \u2018F\u00e9\u2019 foi algo que eu consegui trazer para as pessoas\ndentro desta ideia, pois a minha miss\u00e3o \u00e9 trazer uma mensagem positiva para o\np\u00fablico e acredito que consegui nesta track\u201d, finaliza Illusionize.&nbsp;<\/p>\n\n\n\n<p>Illusionize\nem 2017 foi uma das atra\u00e7\u00f5es do festival Rock in Rio e em 2019 retorna para\nmais uma apresenta\u00e7\u00e3o. Sua participa\u00e7\u00e3o ocorre no dia 29, \u00e0s 18h no palco New\nOrder Dance. <\/p>\n","protected":false},"excerpt":{"rendered":"<p>Prestes a se apresentar pela segunda edi\u00e7\u00e3o consecutiva do Rock in Rio, Illusionize acaba de lan\u00e7ar a faixa &#8220;F\u00e9&#8221;. Nascida de uma ideia de quase 3 anos atr\u00e1s, a produ\u00e7\u00e3o \u00e9 mais uma com os amigos Victor Lou e Visage. Carregada de mensagem e significado, a faixa retrata os principais pilares das vidas e carreiras [&hellip;]<\/p>\n","protected":false},"author":1,"featured_media":11781,"comment_status":"open","ping_status":"open","sticky":false,"template":"","format":"standard","meta":{"tdm_status":"","tdm_grid_status":"","footnotes":""},"categories":[6],"tags":[28,2136],"class_list":["post-11780","post","type-post","status-publish","format-standard","has-post-thumbnail","hentry","category-noticias","tag-marketing","tag-rock-in-rio"],"yoast_head":"<!-- This site is optimized with the Yoast SEO plugin v27.5 - https:\/\/yoast.com\/product\/yoast-seo-wordpress\/ -->\n<title>Rock in Rio: llusionize antecipa apresenta\u00e7\u00e3o com \u201cF\u00e9\u201d - CidadeMarketing<\/title>\n<meta name=\"robots\" content=\"index, follow, max-snippet:-1, max-image-preview:large, max-video-preview:-1\" \/>\n<link rel=\"canonical\" href=\"https:\/\/www.cidademarketing.com.br\/marketing\/2019\/09\/19\/rock-in-rio-llusionize-antecipa-apresentacao-com-fe\/\" \/>\n<meta property=\"og:locale\" content=\"pt_BR\" \/>\n<meta property=\"og:type\" content=\"article\" \/>\n<meta property=\"og:title\" content=\"Rock in Rio: llusionize antecipa apresenta\u00e7\u00e3o com \u201cF\u00e9\u201d - CidadeMarketing\" \/>\n<meta property=\"og:description\" content=\"Prestes a se apresentar pela segunda edi\u00e7\u00e3o consecutiva do Rock in Rio, Illusionize acaba de lan\u00e7ar a faixa &#8220;F\u00e9&#8221;. Nascida de uma ideia de quase 3 anos atr\u00e1s, a produ\u00e7\u00e3o \u00e9 mais uma com os amigos Victor Lou e Visage. Carregada de mensagem e significado, a faixa retrata os principais pilares das vidas e carreiras [&hellip;]\" \/>\n<meta property=\"og:url\" content=\"https:\/\/www.cidademarketing.com.br\/marketing\/2019\/09\/19\/rock-in-rio-llusionize-antecipa-apresentacao-com-fe\/\" \/>\n<meta property=\"og:site_name\" content=\"CidadeMarketing\" \/>\n<meta property=\"article:publisher\" content=\"https:\/\/www.facebook.com\/portalcidademarketing\" \/>\n<meta property=\"article:author\" content=\"https:\/\/www.facebook.com\/thalesbrandao\" \/>\n<meta property=\"article:published_time\" content=\"2019-09-18T22:27:11+00:00\" \/>\n<meta property=\"article:modified_time\" content=\"2019-09-18T22:44:27+00:00\" \/>\n<meta property=\"og:image\" content=\"https:\/\/www.cidademarketing.com.br\/marketing\/wp-content\/uploads\/2019\/09\/rockinrio_2019.jpg\" \/>\n\t<meta property=\"og:image:width\" content=\"1600\" \/>\n\t<meta property=\"og:image:height\" content=\"1041\" \/>\n\t<meta property=\"og:image:type\" content=\"image\/jpeg\" \/>\n<meta name=\"author\" content=\"Thales Brand\u00e3o\" \/>\n<meta name=\"twitter:card\" content=\"summary_large_image\" \/>\n<meta name=\"twitter:creator\" content=\"@http:\/\/www.twitter.com\/thalesbrandao\" \/>\n<meta name=\"twitter:site\" content=\"@CidadeMarketing\" \/>\n<meta name=\"twitter:label1\" content=\"Escrito por\" \/>\n\t<meta name=\"twitter:data1\" content=\"Thales Brand\u00e3o\" \/>\n\t<meta name=\"twitter:label2\" content=\"Est. tempo de leitura\" \/>\n\t<meta name=\"twitter:data2\" content=\"2 minutos\" \/>\n<script type=\"application\/ld+json\" class=\"yoast-schema-graph\">{\"@context\":\"https:\\\/\\\/schema.org\",\"@graph\":[{\"@type\":\"Article\",\"@id\":\"https:\\\/\\\/www.cidademarketing.com.br\\\/marketing\\\/2019\\\/09\\\/19\\\/rock-in-rio-llusionize-antecipa-apresentacao-com-fe\\\/#article\",\"isPartOf\":{\"@id\":\"https:\\\/\\\/www.cidademarketing.com.br\\\/marketing\\\/2019\\\/09\\\/19\\\/rock-in-rio-llusionize-antecipa-apresentacao-com-fe\\\/\"},\"author\":{\"name\":\"Thales Brand\u00e3o\",\"@id\":\"https:\\\/\\\/www.cidademarketing.com.br\\\/marketing\\\/#\\\/schema\\\/person\\\/02daff9f18bd9378c9e01eb6b2db155f\"},\"headline\":\"Rock in Rio: llusionize antecipa apresenta\u00e7\u00e3o com \u201cF\u00e9\u201d\",\"datePublished\":\"2019-09-18T22:27:11+00:00\",\"dateModified\":\"2019-09-18T22:44:27+00:00\",\"mainEntityOfPage\":{\"@id\":\"https:\\\/\\\/www.cidademarketing.com.br\\\/marketing\\\/2019\\\/09\\\/19\\\/rock-in-rio-llusionize-antecipa-apresentacao-com-fe\\\/\"},\"wordCount\":321,\"commentCount\":0,\"publisher\":{\"@id\":\"https:\\\/\\\/www.cidademarketing.com.br\\\/marketing\\\/#organization\"},\"image\":{\"@id\":\"https:\\\/\\\/www.cidademarketing.com.br\\\/marketing\\\/2019\\\/09\\\/19\\\/rock-in-rio-llusionize-antecipa-apresentacao-com-fe\\\/#primaryimage\"},\"thumbnailUrl\":\"https:\\\/\\\/www.cidademarketing.com.br\\\/marketing\\\/wp-content\\\/uploads\\\/2019\\\/09\\\/rockinrio_2019.jpg\",\"keywords\":[\"marketing\",\"Rock in Rio\"],\"articleSection\":[\"Not\u00edcias\"],\"inLanguage\":\"pt-BR\",\"potentialAction\":[{\"@type\":\"CommentAction\",\"name\":\"Comment\",\"target\":[\"https:\\\/\\\/www.cidademarketing.com.br\\\/marketing\\\/2019\\\/09\\\/19\\\/rock-in-rio-llusionize-antecipa-apresentacao-com-fe\\\/#respond\"]}]},{\"@type\":\"WebPage\",\"@id\":\"https:\\\/\\\/www.cidademarketing.com.br\\\/marketing\\\/2019\\\/09\\\/19\\\/rock-in-rio-llusionize-antecipa-apresentacao-com-fe\\\/\",\"url\":\"https:\\\/\\\/www.cidademarketing.com.br\\\/marketing\\\/2019\\\/09\\\/19\\\/rock-in-rio-llusionize-antecipa-apresentacao-com-fe\\\/\",\"name\":\"Rock in Rio: llusionize antecipa apresenta\u00e7\u00e3o com \u201cF\u00e9\u201d - CidadeMarketing\",\"isPartOf\":{\"@id\":\"https:\\\/\\\/www.cidademarketing.com.br\\\/marketing\\\/#website\"},\"primaryImageOfPage\":{\"@id\":\"https:\\\/\\\/www.cidademarketing.com.br\\\/marketing\\\/2019\\\/09\\\/19\\\/rock-in-rio-llusionize-antecipa-apresentacao-com-fe\\\/#primaryimage\"},\"image\":{\"@id\":\"https:\\\/\\\/www.cidademarketing.com.br\\\/marketing\\\/2019\\\/09\\\/19\\\/rock-in-rio-llusionize-antecipa-apresentacao-com-fe\\\/#primaryimage\"},\"thumbnailUrl\":\"https:\\\/\\\/www.cidademarketing.com.br\\\/marketing\\\/wp-content\\\/uploads\\\/2019\\\/09\\\/rockinrio_2019.jpg\",\"datePublished\":\"2019-09-18T22:27:11+00:00\",\"dateModified\":\"2019-09-18T22:44:27+00:00\",\"breadcrumb\":{\"@id\":\"https:\\\/\\\/www.cidademarketing.com.br\\\/marketing\\\/2019\\\/09\\\/19\\\/rock-in-rio-llusionize-antecipa-apresentacao-com-fe\\\/#breadcrumb\"},\"inLanguage\":\"pt-BR\",\"potentialAction\":[{\"@type\":\"ReadAction\",\"target\":[\"https:\\\/\\\/www.cidademarketing.com.br\\\/marketing\\\/2019\\\/09\\\/19\\\/rock-in-rio-llusionize-antecipa-apresentacao-com-fe\\\/\"]}]},{\"@type\":\"ImageObject\",\"inLanguage\":\"pt-BR\",\"@id\":\"https:\\\/\\\/www.cidademarketing.com.br\\\/marketing\\\/2019\\\/09\\\/19\\\/rock-in-rio-llusionize-antecipa-apresentacao-com-fe\\\/#primaryimage\",\"url\":\"https:\\\/\\\/www.cidademarketing.com.br\\\/marketing\\\/wp-content\\\/uploads\\\/2019\\\/09\\\/rockinrio_2019.jpg\",\"contentUrl\":\"https:\\\/\\\/www.cidademarketing.com.br\\\/marketing\\\/wp-content\\\/uploads\\\/2019\\\/09\\\/rockinrio_2019.jpg\",\"width\":1600,\"height\":1041,\"caption\":\"Foto: Pedro Piniz\"},{\"@type\":\"BreadcrumbList\",\"@id\":\"https:\\\/\\\/www.cidademarketing.com.br\\\/marketing\\\/2019\\\/09\\\/19\\\/rock-in-rio-llusionize-antecipa-apresentacao-com-fe\\\/#breadcrumb\",\"itemListElement\":[{\"@type\":\"ListItem\",\"position\":1,\"name\":\"In\u00edcio\",\"item\":\"https:\\\/\\\/www.cidademarketing.com.br\\\/marketing\\\/\"},{\"@type\":\"ListItem\",\"position\":2,\"name\":\"Rock in Rio: llusionize antecipa apresenta\u00e7\u00e3o com \u201cF\u00e9\u201d\"}]},{\"@type\":\"WebSite\",\"@id\":\"https:\\\/\\\/www.cidademarketing.com.br\\\/marketing\\\/#website\",\"url\":\"https:\\\/\\\/www.cidademarketing.com.br\\\/marketing\\\/\",\"name\":\"CidadeMarketing\",\"description\":\"Somos um ve\u00edculo de comunica\u00e7\u00e3o de destaque no Brasil, reconhecido por conte\u00fados nos segmentos de marketing, empreendedorismo e inova\u00e7\u00e3o.\",\"publisher\":{\"@id\":\"https:\\\/\\\/www.cidademarketing.com.br\\\/marketing\\\/#organization\"},\"alternateName\":\"CidadeMarketing\",\"potentialAction\":[{\"@type\":\"SearchAction\",\"target\":{\"@type\":\"EntryPoint\",\"urlTemplate\":\"https:\\\/\\\/www.cidademarketing.com.br\\\/marketing\\\/?s={search_term_string}\"},\"query-input\":{\"@type\":\"PropertyValueSpecification\",\"valueRequired\":true,\"valueName\":\"search_term_string\"}}],\"inLanguage\":\"pt-BR\"},{\"@type\":\"Organization\",\"@id\":\"https:\\\/\\\/www.cidademarketing.com.br\\\/marketing\\\/#organization\",\"name\":\"CidadeMarketing\",\"alternateName\":\"CidadeMarketing\",\"url\":\"https:\\\/\\\/www.cidademarketing.com.br\\\/marketing\\\/\",\"logo\":{\"@type\":\"ImageObject\",\"inLanguage\":\"pt-BR\",\"@id\":\"https:\\\/\\\/www.cidademarketing.com.br\\\/marketing\\\/#\\\/schema\\\/logo\\\/image\\\/\",\"url\":\"https:\\\/\\\/www.cidademarketing.com.br\\\/marketing\\\/wp-content\\\/uploads\\\/2020\\\/01\\\/cidademarketing_marca_mobile.png\",\"contentUrl\":\"https:\\\/\\\/www.cidademarketing.com.br\\\/marketing\\\/wp-content\\\/uploads\\\/2020\\\/01\\\/cidademarketing_marca_mobile.png\",\"width\":230,\"height\":92,\"caption\":\"CidadeMarketing\"},\"image\":{\"@id\":\"https:\\\/\\\/www.cidademarketing.com.br\\\/marketing\\\/#\\\/schema\\\/logo\\\/image\\\/\"},\"sameAs\":[\"https:\\\/\\\/www.facebook.com\\\/portalcidademarketing\",\"https:\\\/\\\/x.com\\\/CidadeMarketing\",\"https:\\\/\\\/www.instagram.com\\\/cidademarketing\\\/\"]},{\"@type\":\"Person\",\"@id\":\"https:\\\/\\\/www.cidademarketing.com.br\\\/marketing\\\/#\\\/schema\\\/person\\\/02daff9f18bd9378c9e01eb6b2db155f\",\"name\":\"Thales Brand\u00e3o\",\"image\":{\"@type\":\"ImageObject\",\"inLanguage\":\"pt-BR\",\"@id\":\"https:\\\/\\\/secure.gravatar.com\\\/avatar\\\/7ca3206950207cc3cb48feec56a8a7898741ab725c368d99d5d7a5a50aab80c6?s=96&d=mm&r=g\",\"url\":\"https:\\\/\\\/secure.gravatar.com\\\/avatar\\\/7ca3206950207cc3cb48feec56a8a7898741ab725c368d99d5d7a5a50aab80c6?s=96&d=mm&r=g\",\"contentUrl\":\"https:\\\/\\\/secure.gravatar.com\\\/avatar\\\/7ca3206950207cc3cb48feec56a8a7898741ab725c368d99d5d7a5a50aab80c6?s=96&d=mm&r=g\",\"caption\":\"Thales Brand\u00e3o\"},\"description\":\"Editor Executivo do Portal CidadeMarketing.com.br &gt; Mestre em Comunica\u00e7\u00e3o e Sociedade pela Universidade Federal de Sergipe. Possui MBA Executivo em Administra\u00e7\u00e3o com \u00eanfase em Marketing pela Funda\u00e7\u00e3o Get\u00falio Vargas - Rio de Janeiro. Consultor, Palestrante e Pesquisador sobre Empreendedorismo, Marketing, Redes Sociais e Neg\u00f3cios Digitais. Professor, Palestrante TedxTalks e Campus Party. Twitter: @ThalesBrandao\",\"sameAs\":[\"http:\\\/\\\/www.mandacaru.com.br\",\"https:\\\/\\\/www.facebook.com\\\/thalesbrandao\",\"http:\\\/\\\/www.instagram.com.br\\\/thalesbrandaoferreira\",\"https:\\\/\\\/www.linkedin.com\\\/in\\\/thales-brand\u00e3o-3948609\\\/\",\"https:\\\/\\\/x.com\\\/http:\\\/\\\/www.twitter.com\\\/thalesbrandao\"],\"url\":\"https:\\\/\\\/www.cidademarketing.com.br\\\/marketing\\\/author\\\/thalesbrandao\\\/\"}]}<\/script>\n<!-- \/ Yoast SEO plugin. -->","yoast_head_json":{"title":"Rock in Rio: llusionize antecipa apresenta\u00e7\u00e3o com \u201cF\u00e9\u201d - CidadeMarketing","robots":{"index":"index","follow":"follow","max-snippet":"max-snippet:-1","max-image-preview":"max-image-preview:large","max-video-preview":"max-video-preview:-1"},"canonical":"https:\/\/www.cidademarketing.com.br\/marketing\/2019\/09\/19\/rock-in-rio-llusionize-antecipa-apresentacao-com-fe\/","og_locale":"pt_BR","og_type":"article","og_title":"Rock in Rio: llusionize antecipa apresenta\u00e7\u00e3o com \u201cF\u00e9\u201d - CidadeMarketing","og_description":"Prestes a se apresentar pela segunda edi\u00e7\u00e3o consecutiva do Rock in Rio, Illusionize acaba de lan\u00e7ar a faixa &#8220;F\u00e9&#8221;. Nascida de uma ideia de quase 3 anos atr\u00e1s, a produ\u00e7\u00e3o \u00e9 mais uma com os amigos Victor Lou e Visage. Carregada de mensagem e significado, a faixa retrata os principais pilares das vidas e carreiras [&hellip;]","og_url":"https:\/\/www.cidademarketing.com.br\/marketing\/2019\/09\/19\/rock-in-rio-llusionize-antecipa-apresentacao-com-fe\/","og_site_name":"CidadeMarketing","article_publisher":"https:\/\/www.facebook.com\/portalcidademarketing","article_author":"https:\/\/www.facebook.com\/thalesbrandao","article_published_time":"2019-09-18T22:27:11+00:00","article_modified_time":"2019-09-18T22:44:27+00:00","og_image":[{"width":1600,"height":1041,"url":"https:\/\/www.cidademarketing.com.br\/marketing\/wp-content\/uploads\/2019\/09\/rockinrio_2019.jpg","type":"image\/jpeg"}],"author":"Thales Brand\u00e3o","twitter_card":"summary_large_image","twitter_creator":"@http:\/\/www.twitter.com\/thalesbrandao","twitter_site":"@CidadeMarketing","twitter_misc":{"Escrito por":"Thales Brand\u00e3o","Est. tempo de leitura":"2 minutos"},"schema":{"@context":"https:\/\/schema.org","@graph":[{"@type":"Article","@id":"https:\/\/www.cidademarketing.com.br\/marketing\/2019\/09\/19\/rock-in-rio-llusionize-antecipa-apresentacao-com-fe\/#article","isPartOf":{"@id":"https:\/\/www.cidademarketing.com.br\/marketing\/2019\/09\/19\/rock-in-rio-llusionize-antecipa-apresentacao-com-fe\/"},"author":{"name":"Thales Brand\u00e3o","@id":"https:\/\/www.cidademarketing.com.br\/marketing\/#\/schema\/person\/02daff9f18bd9378c9e01eb6b2db155f"},"headline":"Rock in Rio: llusionize antecipa apresenta\u00e7\u00e3o com \u201cF\u00e9\u201d","datePublished":"2019-09-18T22:27:11+00:00","dateModified":"2019-09-18T22:44:27+00:00","mainEntityOfPage":{"@id":"https:\/\/www.cidademarketing.com.br\/marketing\/2019\/09\/19\/rock-in-rio-llusionize-antecipa-apresentacao-com-fe\/"},"wordCount":321,"commentCount":0,"publisher":{"@id":"https:\/\/www.cidademarketing.com.br\/marketing\/#organization"},"image":{"@id":"https:\/\/www.cidademarketing.com.br\/marketing\/2019\/09\/19\/rock-in-rio-llusionize-antecipa-apresentacao-com-fe\/#primaryimage"},"thumbnailUrl":"https:\/\/www.cidademarketing.com.br\/marketing\/wp-content\/uploads\/2019\/09\/rockinrio_2019.jpg","keywords":["marketing","Rock in Rio"],"articleSection":["Not\u00edcias"],"inLanguage":"pt-BR","potentialAction":[{"@type":"CommentAction","name":"Comment","target":["https:\/\/www.cidademarketing.com.br\/marketing\/2019\/09\/19\/rock-in-rio-llusionize-antecipa-apresentacao-com-fe\/#respond"]}]},{"@type":"WebPage","@id":"https:\/\/www.cidademarketing.com.br\/marketing\/2019\/09\/19\/rock-in-rio-llusionize-antecipa-apresentacao-com-fe\/","url":"https:\/\/www.cidademarketing.com.br\/marketing\/2019\/09\/19\/rock-in-rio-llusionize-antecipa-apresentacao-com-fe\/","name":"Rock in Rio: llusionize antecipa apresenta\u00e7\u00e3o com \u201cF\u00e9\u201d - CidadeMarketing","isPartOf":{"@id":"https:\/\/www.cidademarketing.com.br\/marketing\/#website"},"primaryImageOfPage":{"@id":"https:\/\/www.cidademarketing.com.br\/marketing\/2019\/09\/19\/rock-in-rio-llusionize-antecipa-apresentacao-com-fe\/#primaryimage"},"image":{"@id":"https:\/\/www.cidademarketing.com.br\/marketing\/2019\/09\/19\/rock-in-rio-llusionize-antecipa-apresentacao-com-fe\/#primaryimage"},"thumbnailUrl":"https:\/\/www.cidademarketing.com.br\/marketing\/wp-content\/uploads\/2019\/09\/rockinrio_2019.jpg","datePublished":"2019-09-18T22:27:11+00:00","dateModified":"2019-09-18T22:44:27+00:00","breadcrumb":{"@id":"https:\/\/www.cidademarketing.com.br\/marketing\/2019\/09\/19\/rock-in-rio-llusionize-antecipa-apresentacao-com-fe\/#breadcrumb"},"inLanguage":"pt-BR","potentialAction":[{"@type":"ReadAction","target":["https:\/\/www.cidademarketing.com.br\/marketing\/2019\/09\/19\/rock-in-rio-llusionize-antecipa-apresentacao-com-fe\/"]}]},{"@type":"ImageObject","inLanguage":"pt-BR","@id":"https:\/\/www.cidademarketing.com.br\/marketing\/2019\/09\/19\/rock-in-rio-llusionize-antecipa-apresentacao-com-fe\/#primaryimage","url":"https:\/\/www.cidademarketing.com.br\/marketing\/wp-content\/uploads\/2019\/09\/rockinrio_2019.jpg","contentUrl":"https:\/\/www.cidademarketing.com.br\/marketing\/wp-content\/uploads\/2019\/09\/rockinrio_2019.jpg","width":1600,"height":1041,"caption":"Foto: Pedro Piniz"},{"@type":"BreadcrumbList","@id":"https:\/\/www.cidademarketing.com.br\/marketing\/2019\/09\/19\/rock-in-rio-llusionize-antecipa-apresentacao-com-fe\/#breadcrumb","itemListElement":[{"@type":"ListItem","position":1,"name":"In\u00edcio","item":"https:\/\/www.cidademarketing.com.br\/marketing\/"},{"@type":"ListItem","position":2,"name":"Rock in Rio: llusionize antecipa apresenta\u00e7\u00e3o com \u201cF\u00e9\u201d"}]},{"@type":"WebSite","@id":"https:\/\/www.cidademarketing.com.br\/marketing\/#website","url":"https:\/\/www.cidademarketing.com.br\/marketing\/","name":"CidadeMarketing","description":"Somos um ve\u00edculo de comunica\u00e7\u00e3o de destaque no Brasil, reconhecido por conte\u00fados nos segmentos de marketing, empreendedorismo e inova\u00e7\u00e3o.","publisher":{"@id":"https:\/\/www.cidademarketing.com.br\/marketing\/#organization"},"alternateName":"CidadeMarketing","potentialAction":[{"@type":"SearchAction","target":{"@type":"EntryPoint","urlTemplate":"https:\/\/www.cidademarketing.com.br\/marketing\/?s={search_term_string}"},"query-input":{"@type":"PropertyValueSpecification","valueRequired":true,"valueName":"search_term_string"}}],"inLanguage":"pt-BR"},{"@type":"Organization","@id":"https:\/\/www.cidademarketing.com.br\/marketing\/#organization","name":"CidadeMarketing","alternateName":"CidadeMarketing","url":"https:\/\/www.cidademarketing.com.br\/marketing\/","logo":{"@type":"ImageObject","inLanguage":"pt-BR","@id":"https:\/\/www.cidademarketing.com.br\/marketing\/#\/schema\/logo\/image\/","url":"https:\/\/www.cidademarketing.com.br\/marketing\/wp-content\/uploads\/2020\/01\/cidademarketing_marca_mobile.png","contentUrl":"https:\/\/www.cidademarketing.com.br\/marketing\/wp-content\/uploads\/2020\/01\/cidademarketing_marca_mobile.png","width":230,"height":92,"caption":"CidadeMarketing"},"image":{"@id":"https:\/\/www.cidademarketing.com.br\/marketing\/#\/schema\/logo\/image\/"},"sameAs":["https:\/\/www.facebook.com\/portalcidademarketing","https:\/\/x.com\/CidadeMarketing","https:\/\/www.instagram.com\/cidademarketing\/"]},{"@type":"Person","@id":"https:\/\/www.cidademarketing.com.br\/marketing\/#\/schema\/person\/02daff9f18bd9378c9e01eb6b2db155f","name":"Thales Brand\u00e3o","image":{"@type":"ImageObject","inLanguage":"pt-BR","@id":"https:\/\/secure.gravatar.com\/avatar\/7ca3206950207cc3cb48feec56a8a7898741ab725c368d99d5d7a5a50aab80c6?s=96&d=mm&r=g","url":"https:\/\/secure.gravatar.com\/avatar\/7ca3206950207cc3cb48feec56a8a7898741ab725c368d99d5d7a5a50aab80c6?s=96&d=mm&r=g","contentUrl":"https:\/\/secure.gravatar.com\/avatar\/7ca3206950207cc3cb48feec56a8a7898741ab725c368d99d5d7a5a50aab80c6?s=96&d=mm&r=g","caption":"Thales Brand\u00e3o"},"description":"Editor Executivo do Portal CidadeMarketing.com.br &gt; Mestre em Comunica\u00e7\u00e3o e Sociedade pela Universidade Federal de Sergipe. Possui MBA Executivo em Administra\u00e7\u00e3o com \u00eanfase em Marketing pela Funda\u00e7\u00e3o Get\u00falio Vargas - Rio de Janeiro. Consultor, Palestrante e Pesquisador sobre Empreendedorismo, Marketing, Redes Sociais e Neg\u00f3cios Digitais. Professor, Palestrante TedxTalks e Campus Party. Twitter: @ThalesBrandao","sameAs":["http:\/\/www.mandacaru.com.br","https:\/\/www.facebook.com\/thalesbrandao","http:\/\/www.instagram.com.br\/thalesbrandaoferreira","https:\/\/www.linkedin.com\/in\/thales-brand\u00e3o-3948609\/","https:\/\/x.com\/http:\/\/www.twitter.com\/thalesbrandao"],"url":"https:\/\/www.cidademarketing.com.br\/marketing\/author\/thalesbrandao\/"}]}},"amp_enabled":true,"_links":{"self":[{"href":"https:\/\/www.cidademarketing.com.br\/marketing\/wp-json\/wp\/v2\/posts\/11780","targetHints":{"allow":["GET"]}}],"collection":[{"href":"https:\/\/www.cidademarketing.com.br\/marketing\/wp-json\/wp\/v2\/posts"}],"about":[{"href":"https:\/\/www.cidademarketing.com.br\/marketing\/wp-json\/wp\/v2\/types\/post"}],"author":[{"embeddable":true,"href":"https:\/\/www.cidademarketing.com.br\/marketing\/wp-json\/wp\/v2\/users\/1"}],"replies":[{"embeddable":true,"href":"https:\/\/www.cidademarketing.com.br\/marketing\/wp-json\/wp\/v2\/comments?post=11780"}],"version-history":[{"count":1,"href":"https:\/\/www.cidademarketing.com.br\/marketing\/wp-json\/wp\/v2\/posts\/11780\/revisions"}],"predecessor-version":[{"id":11782,"href":"https:\/\/www.cidademarketing.com.br\/marketing\/wp-json\/wp\/v2\/posts\/11780\/revisions\/11782"}],"wp:featuredmedia":[{"embeddable":true,"href":"https:\/\/www.cidademarketing.com.br\/marketing\/wp-json\/wp\/v2\/media\/11781"}],"wp:attachment":[{"href":"https:\/\/www.cidademarketing.com.br\/marketing\/wp-json\/wp\/v2\/media?parent=11780"}],"wp:term":[{"taxonomy":"category","embeddable":true,"href":"https:\/\/www.cidademarketing.com.br\/marketing\/wp-json\/wp\/v2\/categories?post=11780"},{"taxonomy":"post_tag","embeddable":true,"href":"https:\/\/www.cidademarketing.com.br\/marketing\/wp-json\/wp\/v2\/tags?post=11780"}],"curies":[{"name":"wp","href":"https:\/\/api.w.org\/{rel}","templated":true}]}}