{"id":1169,"date":"2014-06-24T22:20:44","date_gmt":"2014-06-25T01:20:44","guid":{"rendered":"http:\/\/www.cidademarketing.com.br\/marketing\/?p=1169"},"modified":"2018-07-24T22:38:16","modified_gmt":"2018-07-25T01:38:16","slug":"marketing-pessoal-charlatoes-e-os-missionarios-digitais","status":"publish","type":"post","link":"https:\/\/www.cidademarketing.com.br\/marketing\/2014\/06\/24\/marketing-pessoal-charlatoes-e-os-missionarios-digitais\/","title":{"rendered":"Marketing pessoal, charlat\u00f5es e os mission\u00e1rios digitais"},"content":{"rendered":"<p>Gurus de motiva\u00e7\u00e3o, psic\u00f3logos, &#8220;especialistas&#8221; da internet, consultoras de moda e profissionais de recursos humanos s\u00e3o os formadores de opini\u00e3o sobre constru\u00e7\u00e3o de marca pessoal no Brasil. Na minha opini\u00e3o, isso soa estranho, irrespons\u00e1vel e c\u00f4mico, pois est\u00e3o falando sobre tudo. Por\u00e9m, n\u00e3o est\u00e3o adotando e nem ensinando marketing\/branding. Este tipo de trabalho n\u00e3o passa de um amontoado de ensinamentos vazios sobre o t\u00f3pico que foi introduzido por Tom Peters h\u00e1 mais de uma d\u00e9cada. Realmente, \u00e9 uma pena que ele tem sido t\u00e3o banalizado e usado erroneamente pelos tais autodenominados &#8220;Personal Branding gurus&#8221;.<\/p>\n<p>&nbsp;<\/p>\n<p>Senhores consultores de moda: por favor, entendam &#8211; uma marca pessoal \u00e9 muito mais do que a cor do Iphone ou o pre\u00e7o do terno. Isso s\u00e3o apenas formas de transmiss\u00e3o do sinal da marca, oras! Aprendam: Uma marca \u00e9 uma promessa diferenciada que os OUTROS enxergam, neste caso, em algu\u00e9m.<\/p>\n<p>&nbsp;<\/p>\n<p>Profissionais motivacionais: uma marca pessoal forte n\u00e3o \u00e9 euforia e nem um sorriso com ar de fluoxetina com prazo de validade que muitos de voc\u00eas &#8220;vendem&#8221; em palestras. Parem de vender autoajuda em livros com o emblema &#8220;marketing ou branding pessoal&#8221;. N\u00e3o \u00e9 nada disso! Os autores destes textos n\u00e3o podem proclamar em dizer que isto \u00e9 marketing sob pena de violar suas li\u00e7\u00f5es, seus estudiosos e os s\u00e9rios profissionais da \u00e1rea. \u00c9 not\u00f3rio que com a finalidade de terem um sucesso nas suas palestras dedicadas ao desenvolvimento humano, criam a frase de impacto: &#8220;Marca pessoal&#8230;&#8221; E isto cria uma confus\u00e3o tremenda! \u00c9 importante deixar claro. Marca pessoal, de uma vez por todas, \u00e9 o que v\u00e3o falar quando uma pessoa sair da sala.<\/p>\n<p>&nbsp;<\/p>\n<p>Pessoas como marcas \u00e9 um tema extremamente importante para o dia atual. Por isso precisa ser corretamente endere\u00e7ado. Se, antigamente as empresas restringiam o profissional em seu c\u00edrculo cab\u00edvel, hoje as mais astutas se aproveitam daquele com marca forte no mundo digital. N\u00e3o seria exagero sugerir que as marcas pessoais come\u00e7am a se sobressair sobre as corporativas. Ao inv\u00e9s de proibir ostensivamente a utiliza\u00e7\u00e3o dos diversos recursos das redes sociais, empresas come\u00e7am a perceber que t\u00eam muito a ganhar &#8211; inclusive financeiramente &#8211; se transformarem os seus colaboradores em verdadeiros representantes de sua marca e seus produtos na esfera virtual. Este fen\u00f4meno surge entre as empresas que melhor se relacionam nas redes sociais mundo afora. Entre os estudiosos, o conceito j\u00e1 recebeu o apelido de &#8220;mission\u00e1rios digitais&#8221;, termo que designa funcion\u00e1rios que, ao atuarem nestas redes, acabam por fortalecer a percep\u00e7\u00e3o das marcas e at\u00e9 promover neg\u00f3cios via internet.<\/p>\n<p>&nbsp;<\/p>\n<p>Por ter nascido digital, a Zappos se diferencia neste sentido. A alta dire\u00e7\u00e3o da empresa acreditou ser natural que seus funcion\u00e1rios se valessem de canais como o Twitter e Facebook para se aproximarem dos consumidores com liberdade, evangelizar pela empresa e incorporarem a transpar\u00eancia corporativa como caracter\u00edstica fundamental. O resultado n\u00e3o poderia ser melhor: a empresa comemora um faturamento anual da ordem de mais de US$ 1 bilh\u00e3o.<\/p>\n<p>&nbsp;<\/p>\n<p>A Zappos se tornou um case conhecido e bem-sucedido porque conseguiu criar uma cultura interna de felicidade entre seus colaboradores e, ao mesmo tempo, exigir deles o comprometimento com um servi\u00e7o acima da m\u00e9dia. A grande sacada foi conseguir, de forma natural, que seus colaboradores trouxessem essa cultura para a web. Consequ\u00eancia: os resultados financeiros da empresa aconteceram sem grandes investimentos em publicidade. \u00a0Outros bons exemplos de companhias que j\u00e1 tornaram seus funcion\u00e1rios &#8211; ou parte deles &#8211; em verdadeiros &#8220;mission\u00e1rios digitais&#8221; s\u00e3o o da montadora norte-americana de ve\u00edculos Ford, da varejista de produtos eletr\u00f4nicos BestBuy, e a Sun, de softwares.<\/p>\n<p>&nbsp;<\/p>\n<p>Somente vencer\u00e3o a guerra no espa\u00e7o web as marcas que conseguirem se humanizar junto aos consumidores. Ao tornar seus colaboradores mission\u00e1rios da marca, as empresas nada mais est\u00e3o fazendo do que humanizando este relacionamento, pois muitos deles s\u00e3o pessoas que t\u00eam muita influ\u00eancia em comunidades online. Com este processo, as marcas acabam por se valer ou absorver a reputa\u00e7\u00e3o do pr\u00f3prio mission\u00e1rio. Desta forma, poder\u00e1 segmentar seus p\u00fablicos, fortalecer a reputa\u00e7\u00e3o, testar novos produtos, reduzir o risco de novas campanhas publicit\u00e1rias, conquistar e antecipar novos clientes, entre outros.<\/p>\n<p>&nbsp;<\/p>\n<p>Voc\u00ea possui uma marca forte? Relevante? Qual a sua promessa diferenciada? A qual conceito voc\u00ea est\u00e1 associado? Aonde voc\u00ea quer chegar sempre levando em considera\u00e7\u00e3o o ambiente externo? \u2018EU. Eu. Eu. Eu&#8230;&#8217;. Pare! Sua marca \u00e9 quem voc\u00ea realmente \u00e9 na mente e cora\u00e7\u00e3o das pessoas. N\u00e3o \u00e9 sobre voc\u00ea, marca \u00e9 sobre eles! Marca pessoal \u00e9 o que v\u00e3o falar quando voc\u00ea desliga seu computador&#8230;<\/p>\n<p>&nbsp;<\/p>\n","protected":false},"excerpt":{"rendered":"<p>Gurus de motiva\u00e7\u00e3o, psic\u00f3logos, &#8220;especialistas&#8221; da internet, consultoras de moda e profissionais de recursos humanos s\u00e3o os formadores de opini\u00e3o sobre constru\u00e7\u00e3o de marca pessoal no Brasil. Na minha opini\u00e3o, isso soa estranho, irrespons\u00e1vel e c\u00f4mico, pois est\u00e3o falando sobre tudo. Por\u00e9m, n\u00e3o est\u00e3o adotando e nem ensinando marketing\/branding. Este tipo de trabalho n\u00e3o passa [&hellip;]<\/p>\n","protected":false},"author":5,"featured_media":0,"comment_status":"open","ping_status":"open","sticky":false,"template":"","format":"standard","meta":{"tdm_status":"","tdm_grid_status":"","footnotes":""},"categories":[12,19],"tags":[],"class_list":["post-1169","post","type-post","status-publish","format-standard","hentry","category-artigos","category-gabrielrossi"],"yoast_head":"<!-- This site is optimized with the Yoast SEO plugin v27.5 - https:\/\/yoast.com\/product\/yoast-seo-wordpress\/ -->\n<title>Marketing pessoal, charlat\u00f5es e os mission\u00e1rios digitais - CidadeMarketing<\/title>\n<meta name=\"robots\" content=\"index, follow, max-snippet:-1, max-image-preview:large, max-video-preview:-1\" \/>\n<link rel=\"canonical\" href=\"https:\/\/www.cidademarketing.com.br\/marketing\/2014\/06\/24\/marketing-pessoal-charlatoes-e-os-missionarios-digitais\/\" \/>\n<meta property=\"og:locale\" content=\"pt_BR\" \/>\n<meta property=\"og:type\" content=\"article\" \/>\n<meta property=\"og:title\" content=\"Marketing pessoal, charlat\u00f5es e os mission\u00e1rios digitais - CidadeMarketing\" \/>\n<meta property=\"og:description\" content=\"Gurus de motiva\u00e7\u00e3o, psic\u00f3logos, &#8220;especialistas&#8221; da internet, consultoras de moda e profissionais de recursos humanos s\u00e3o os formadores de opini\u00e3o sobre constru\u00e7\u00e3o de marca pessoal no Brasil. Na minha opini\u00e3o, isso soa estranho, irrespons\u00e1vel e c\u00f4mico, pois est\u00e3o falando sobre tudo. Por\u00e9m, n\u00e3o est\u00e3o adotando e nem ensinando marketing\/branding. Este tipo de trabalho n\u00e3o passa [&hellip;]\" \/>\n<meta property=\"og:url\" content=\"https:\/\/www.cidademarketing.com.br\/marketing\/2014\/06\/24\/marketing-pessoal-charlatoes-e-os-missionarios-digitais\/\" \/>\n<meta property=\"og:site_name\" content=\"CidadeMarketing\" \/>\n<meta property=\"article:publisher\" content=\"https:\/\/www.facebook.com\/portalcidademarketing\" \/>\n<meta property=\"article:author\" content=\"https:\/\/pt-br.facebook.com\/pg\/consultoriagr\/about\/?ref=page_internal\" \/>\n<meta property=\"article:published_time\" content=\"2014-06-25T01:20:44+00:00\" \/>\n<meta property=\"article:modified_time\" content=\"2018-07-25T01:38:16+00:00\" \/>\n<meta name=\"author\" content=\"Gabriel Rossi\" \/>\n<meta name=\"twitter:card\" content=\"summary_large_image\" \/>\n<meta name=\"twitter:creator\" content=\"@CidadeMarketing\" \/>\n<meta name=\"twitter:site\" content=\"@CidadeMarketing\" \/>\n<meta name=\"twitter:label1\" content=\"Escrito por\" \/>\n\t<meta name=\"twitter:data1\" content=\"Gabriel Rossi\" \/>\n\t<meta name=\"twitter:label2\" content=\"Est. tempo de leitura\" \/>\n\t<meta name=\"twitter:data2\" content=\"4 minutos\" \/>\n<script type=\"application\/ld+json\" class=\"yoast-schema-graph\">{\"@context\":\"https:\\\/\\\/schema.org\",\"@graph\":[{\"@type\":\"Article\",\"@id\":\"https:\\\/\\\/www.cidademarketing.com.br\\\/marketing\\\/2014\\\/06\\\/24\\\/marketing-pessoal-charlatoes-e-os-missionarios-digitais\\\/#article\",\"isPartOf\":{\"@id\":\"https:\\\/\\\/www.cidademarketing.com.br\\\/marketing\\\/2014\\\/06\\\/24\\\/marketing-pessoal-charlatoes-e-os-missionarios-digitais\\\/\"},\"author\":{\"name\":\"Gabriel Rossi\",\"@id\":\"https:\\\/\\\/www.cidademarketing.com.br\\\/marketing\\\/#\\\/schema\\\/person\\\/b18e7bae9bcbcd0e29952c840911f063\"},\"headline\":\"Marketing pessoal, charlat\u00f5es e os mission\u00e1rios digitais\",\"datePublished\":\"2014-06-25T01:20:44+00:00\",\"dateModified\":\"2018-07-25T01:38:16+00:00\",\"mainEntityOfPage\":{\"@id\":\"https:\\\/\\\/www.cidademarketing.com.br\\\/marketing\\\/2014\\\/06\\\/24\\\/marketing-pessoal-charlatoes-e-os-missionarios-digitais\\\/\"},\"wordCount\":817,\"commentCount\":0,\"publisher\":{\"@id\":\"https:\\\/\\\/www.cidademarketing.com.br\\\/marketing\\\/#organization\"},\"articleSection\":[\"Artigos\",\"Gabriel Rossi\"],\"inLanguage\":\"pt-BR\",\"potentialAction\":[{\"@type\":\"CommentAction\",\"name\":\"Comment\",\"target\":[\"https:\\\/\\\/www.cidademarketing.com.br\\\/marketing\\\/2014\\\/06\\\/24\\\/marketing-pessoal-charlatoes-e-os-missionarios-digitais\\\/#respond\"]}]},{\"@type\":\"WebPage\",\"@id\":\"https:\\\/\\\/www.cidademarketing.com.br\\\/marketing\\\/2014\\\/06\\\/24\\\/marketing-pessoal-charlatoes-e-os-missionarios-digitais\\\/\",\"url\":\"https:\\\/\\\/www.cidademarketing.com.br\\\/marketing\\\/2014\\\/06\\\/24\\\/marketing-pessoal-charlatoes-e-os-missionarios-digitais\\\/\",\"name\":\"Marketing pessoal, charlat\u00f5es e os mission\u00e1rios digitais - CidadeMarketing\",\"isPartOf\":{\"@id\":\"https:\\\/\\\/www.cidademarketing.com.br\\\/marketing\\\/#website\"},\"datePublished\":\"2014-06-25T01:20:44+00:00\",\"dateModified\":\"2018-07-25T01:38:16+00:00\",\"breadcrumb\":{\"@id\":\"https:\\\/\\\/www.cidademarketing.com.br\\\/marketing\\\/2014\\\/06\\\/24\\\/marketing-pessoal-charlatoes-e-os-missionarios-digitais\\\/#breadcrumb\"},\"inLanguage\":\"pt-BR\",\"potentialAction\":[{\"@type\":\"ReadAction\",\"target\":[\"https:\\\/\\\/www.cidademarketing.com.br\\\/marketing\\\/2014\\\/06\\\/24\\\/marketing-pessoal-charlatoes-e-os-missionarios-digitais\\\/\"]}]},{\"@type\":\"BreadcrumbList\",\"@id\":\"https:\\\/\\\/www.cidademarketing.com.br\\\/marketing\\\/2014\\\/06\\\/24\\\/marketing-pessoal-charlatoes-e-os-missionarios-digitais\\\/#breadcrumb\",\"itemListElement\":[{\"@type\":\"ListItem\",\"position\":1,\"name\":\"In\u00edcio\",\"item\":\"https:\\\/\\\/www.cidademarketing.com.br\\\/marketing\\\/\"},{\"@type\":\"ListItem\",\"position\":2,\"name\":\"Marketing pessoal, charlat\u00f5es e os mission\u00e1rios digitais\"}]},{\"@type\":\"WebSite\",\"@id\":\"https:\\\/\\\/www.cidademarketing.com.br\\\/marketing\\\/#website\",\"url\":\"https:\\\/\\\/www.cidademarketing.com.br\\\/marketing\\\/\",\"name\":\"CidadeMarketing\",\"description\":\"Somos um ve\u00edculo de comunica\u00e7\u00e3o de destaque no Brasil, reconhecido por conte\u00fados nos segmentos de marketing, empreendedorismo e inova\u00e7\u00e3o.\",\"publisher\":{\"@id\":\"https:\\\/\\\/www.cidademarketing.com.br\\\/marketing\\\/#organization\"},\"alternateName\":\"CidadeMarketing\",\"potentialAction\":[{\"@type\":\"SearchAction\",\"target\":{\"@type\":\"EntryPoint\",\"urlTemplate\":\"https:\\\/\\\/www.cidademarketing.com.br\\\/marketing\\\/?s={search_term_string}\"},\"query-input\":{\"@type\":\"PropertyValueSpecification\",\"valueRequired\":true,\"valueName\":\"search_term_string\"}}],\"inLanguage\":\"pt-BR\"},{\"@type\":\"Organization\",\"@id\":\"https:\\\/\\\/www.cidademarketing.com.br\\\/marketing\\\/#organization\",\"name\":\"CidadeMarketing\",\"alternateName\":\"CidadeMarketing\",\"url\":\"https:\\\/\\\/www.cidademarketing.com.br\\\/marketing\\\/\",\"logo\":{\"@type\":\"ImageObject\",\"inLanguage\":\"pt-BR\",\"@id\":\"https:\\\/\\\/www.cidademarketing.com.br\\\/marketing\\\/#\\\/schema\\\/logo\\\/image\\\/\",\"url\":\"https:\\\/\\\/www.cidademarketing.com.br\\\/marketing\\\/wp-content\\\/uploads\\\/2020\\\/01\\\/cidademarketing_marca_mobile.png\",\"contentUrl\":\"https:\\\/\\\/www.cidademarketing.com.br\\\/marketing\\\/wp-content\\\/uploads\\\/2020\\\/01\\\/cidademarketing_marca_mobile.png\",\"width\":230,\"height\":92,\"caption\":\"CidadeMarketing\"},\"image\":{\"@id\":\"https:\\\/\\\/www.cidademarketing.com.br\\\/marketing\\\/#\\\/schema\\\/logo\\\/image\\\/\"},\"sameAs\":[\"https:\\\/\\\/www.facebook.com\\\/portalcidademarketing\",\"https:\\\/\\\/x.com\\\/CidadeMarketing\",\"https:\\\/\\\/www.instagram.com\\\/cidademarketing\\\/\"]},{\"@type\":\"Person\",\"@id\":\"https:\\\/\\\/www.cidademarketing.com.br\\\/marketing\\\/#\\\/schema\\\/person\\\/b18e7bae9bcbcd0e29952c840911f063\",\"name\":\"Gabriel Rossi\",\"image\":{\"@type\":\"ImageObject\",\"inLanguage\":\"pt-BR\",\"@id\":\"https:\\\/\\\/secure.gravatar.com\\\/avatar\\\/92e468668cc92378ee7e494ef9adf8b4c53bd5a92934d08680538fe30eedff64?s=96&d=mm&r=g\",\"url\":\"https:\\\/\\\/secure.gravatar.com\\\/avatar\\\/92e468668cc92378ee7e494ef9adf8b4c53bd5a92934d08680538fe30eedff64?s=96&d=mm&r=g\",\"contentUrl\":\"https:\\\/\\\/secure.gravatar.com\\\/avatar\\\/92e468668cc92378ee7e494ef9adf8b4c53bd5a92934d08680538fe30eedff64?s=96&d=mm&r=g\",\"caption\":\"Gabriel Rossi\"},\"description\":\"Palestrante profissional em marketing, estrategista especializado na constru\u00e7\u00e3o e gerenciamento de marcas e reputa\u00e7\u00e3o, e diretor-fundador da Gabriel Rossi Consultoria, com passagens por institui\u00e7\u00f5es como Syracuse\\\/Aberje, Madia Marketing School, University of London e Bell School. Especialista convidado para lecionar no curso de extens\u00e3o da Funda\u00e7\u00e3o Escola de Sociologia e Pol\u00edtica (FESP) e na P\u00f3s Gradua\u00e7\u00e3o de Marketing da USP. Refer\u00eancia de mercado, Gabriel \u00e9 atualmente o profissional no pa\u00eds mais requisitado pela grande m\u00eddia (mainstream) para falar sobre marketing. Escreve e \u00e9 citado extensivamente, sendo colunista de portais de destaque como Observador Pol\u00edtico, possui diversos artigos e estudos publicados no Estad\u00e3o, o Globo, Brasil Econ\u00f4mico, Correio Braziliense, JT, UOL, HSM e colabora com ve\u00edculos como Bandnews TV, Folha de S\u00e3o Paulo, Revista Nova, Veja, Portal G1 , entre in\u00fameros outros. Rossi e sua equipe atuam tanto no campo pol\u00edtico como no empresarial. Eles trabalham com empresas internacionais como Petrobr\u00e1s, The Marketing Store e Tetra Pak, al\u00e9m de candidatos ao Senado Federal. Rossi participou de momentos hist\u00f3ricos importantes, sendo comentarista especial da TV Estad\u00e3o no primeiro e segundo turno das elei\u00e7\u00f5es 2010 e comentarista oficial durante a posse da presidente Dilma Rousseff para a r\u00e1dio Eldorado.\",\"sameAs\":[\"https:\\\/\\\/pt-br.facebook.com\\\/pg\\\/consultoriagr\\\/about\\\/?ref=page_internal\",\"https:\\\/\\\/www.linkedin.com\\\/in\\\/gabrieldrossi\\\/\"],\"url\":\"https:\\\/\\\/www.cidademarketing.com.br\\\/marketing\\\/author\\\/gabriel-rossi\\\/\"}]}<\/script>\n<!-- \/ Yoast SEO plugin. -->","yoast_head_json":{"title":"Marketing pessoal, charlat\u00f5es e os mission\u00e1rios digitais - CidadeMarketing","robots":{"index":"index","follow":"follow","max-snippet":"max-snippet:-1","max-image-preview":"max-image-preview:large","max-video-preview":"max-video-preview:-1"},"canonical":"https:\/\/www.cidademarketing.com.br\/marketing\/2014\/06\/24\/marketing-pessoal-charlatoes-e-os-missionarios-digitais\/","og_locale":"pt_BR","og_type":"article","og_title":"Marketing pessoal, charlat\u00f5es e os mission\u00e1rios digitais - CidadeMarketing","og_description":"Gurus de motiva\u00e7\u00e3o, psic\u00f3logos, &#8220;especialistas&#8221; da internet, consultoras de moda e profissionais de recursos humanos s\u00e3o os formadores de opini\u00e3o sobre constru\u00e7\u00e3o de marca pessoal no Brasil. Na minha opini\u00e3o, isso soa estranho, irrespons\u00e1vel e c\u00f4mico, pois est\u00e3o falando sobre tudo. Por\u00e9m, n\u00e3o est\u00e3o adotando e nem ensinando marketing\/branding. Este tipo de trabalho n\u00e3o passa [&hellip;]","og_url":"https:\/\/www.cidademarketing.com.br\/marketing\/2014\/06\/24\/marketing-pessoal-charlatoes-e-os-missionarios-digitais\/","og_site_name":"CidadeMarketing","article_publisher":"https:\/\/www.facebook.com\/portalcidademarketing","article_author":"https:\/\/pt-br.facebook.com\/pg\/consultoriagr\/about\/?ref=page_internal","article_published_time":"2014-06-25T01:20:44+00:00","article_modified_time":"2018-07-25T01:38:16+00:00","author":"Gabriel Rossi","twitter_card":"summary_large_image","twitter_creator":"@CidadeMarketing","twitter_site":"@CidadeMarketing","twitter_misc":{"Escrito por":"Gabriel Rossi","Est. tempo de leitura":"4 minutos"},"schema":{"@context":"https:\/\/schema.org","@graph":[{"@type":"Article","@id":"https:\/\/www.cidademarketing.com.br\/marketing\/2014\/06\/24\/marketing-pessoal-charlatoes-e-os-missionarios-digitais\/#article","isPartOf":{"@id":"https:\/\/www.cidademarketing.com.br\/marketing\/2014\/06\/24\/marketing-pessoal-charlatoes-e-os-missionarios-digitais\/"},"author":{"name":"Gabriel Rossi","@id":"https:\/\/www.cidademarketing.com.br\/marketing\/#\/schema\/person\/b18e7bae9bcbcd0e29952c840911f063"},"headline":"Marketing pessoal, charlat\u00f5es e os mission\u00e1rios digitais","datePublished":"2014-06-25T01:20:44+00:00","dateModified":"2018-07-25T01:38:16+00:00","mainEntityOfPage":{"@id":"https:\/\/www.cidademarketing.com.br\/marketing\/2014\/06\/24\/marketing-pessoal-charlatoes-e-os-missionarios-digitais\/"},"wordCount":817,"commentCount":0,"publisher":{"@id":"https:\/\/www.cidademarketing.com.br\/marketing\/#organization"},"articleSection":["Artigos","Gabriel Rossi"],"inLanguage":"pt-BR","potentialAction":[{"@type":"CommentAction","name":"Comment","target":["https:\/\/www.cidademarketing.com.br\/marketing\/2014\/06\/24\/marketing-pessoal-charlatoes-e-os-missionarios-digitais\/#respond"]}]},{"@type":"WebPage","@id":"https:\/\/www.cidademarketing.com.br\/marketing\/2014\/06\/24\/marketing-pessoal-charlatoes-e-os-missionarios-digitais\/","url":"https:\/\/www.cidademarketing.com.br\/marketing\/2014\/06\/24\/marketing-pessoal-charlatoes-e-os-missionarios-digitais\/","name":"Marketing pessoal, charlat\u00f5es e os mission\u00e1rios digitais - CidadeMarketing","isPartOf":{"@id":"https:\/\/www.cidademarketing.com.br\/marketing\/#website"},"datePublished":"2014-06-25T01:20:44+00:00","dateModified":"2018-07-25T01:38:16+00:00","breadcrumb":{"@id":"https:\/\/www.cidademarketing.com.br\/marketing\/2014\/06\/24\/marketing-pessoal-charlatoes-e-os-missionarios-digitais\/#breadcrumb"},"inLanguage":"pt-BR","potentialAction":[{"@type":"ReadAction","target":["https:\/\/www.cidademarketing.com.br\/marketing\/2014\/06\/24\/marketing-pessoal-charlatoes-e-os-missionarios-digitais\/"]}]},{"@type":"BreadcrumbList","@id":"https:\/\/www.cidademarketing.com.br\/marketing\/2014\/06\/24\/marketing-pessoal-charlatoes-e-os-missionarios-digitais\/#breadcrumb","itemListElement":[{"@type":"ListItem","position":1,"name":"In\u00edcio","item":"https:\/\/www.cidademarketing.com.br\/marketing\/"},{"@type":"ListItem","position":2,"name":"Marketing pessoal, charlat\u00f5es e os mission\u00e1rios digitais"}]},{"@type":"WebSite","@id":"https:\/\/www.cidademarketing.com.br\/marketing\/#website","url":"https:\/\/www.cidademarketing.com.br\/marketing\/","name":"CidadeMarketing","description":"Somos um ve\u00edculo de comunica\u00e7\u00e3o de destaque no Brasil, reconhecido por conte\u00fados nos segmentos de marketing, empreendedorismo e inova\u00e7\u00e3o.","publisher":{"@id":"https:\/\/www.cidademarketing.com.br\/marketing\/#organization"},"alternateName":"CidadeMarketing","potentialAction":[{"@type":"SearchAction","target":{"@type":"EntryPoint","urlTemplate":"https:\/\/www.cidademarketing.com.br\/marketing\/?s={search_term_string}"},"query-input":{"@type":"PropertyValueSpecification","valueRequired":true,"valueName":"search_term_string"}}],"inLanguage":"pt-BR"},{"@type":"Organization","@id":"https:\/\/www.cidademarketing.com.br\/marketing\/#organization","name":"CidadeMarketing","alternateName":"CidadeMarketing","url":"https:\/\/www.cidademarketing.com.br\/marketing\/","logo":{"@type":"ImageObject","inLanguage":"pt-BR","@id":"https:\/\/www.cidademarketing.com.br\/marketing\/#\/schema\/logo\/image\/","url":"https:\/\/www.cidademarketing.com.br\/marketing\/wp-content\/uploads\/2020\/01\/cidademarketing_marca_mobile.png","contentUrl":"https:\/\/www.cidademarketing.com.br\/marketing\/wp-content\/uploads\/2020\/01\/cidademarketing_marca_mobile.png","width":230,"height":92,"caption":"CidadeMarketing"},"image":{"@id":"https:\/\/www.cidademarketing.com.br\/marketing\/#\/schema\/logo\/image\/"},"sameAs":["https:\/\/www.facebook.com\/portalcidademarketing","https:\/\/x.com\/CidadeMarketing","https:\/\/www.instagram.com\/cidademarketing\/"]},{"@type":"Person","@id":"https:\/\/www.cidademarketing.com.br\/marketing\/#\/schema\/person\/b18e7bae9bcbcd0e29952c840911f063","name":"Gabriel Rossi","image":{"@type":"ImageObject","inLanguage":"pt-BR","@id":"https:\/\/secure.gravatar.com\/avatar\/92e468668cc92378ee7e494ef9adf8b4c53bd5a92934d08680538fe30eedff64?s=96&d=mm&r=g","url":"https:\/\/secure.gravatar.com\/avatar\/92e468668cc92378ee7e494ef9adf8b4c53bd5a92934d08680538fe30eedff64?s=96&d=mm&r=g","contentUrl":"https:\/\/secure.gravatar.com\/avatar\/92e468668cc92378ee7e494ef9adf8b4c53bd5a92934d08680538fe30eedff64?s=96&d=mm&r=g","caption":"Gabriel Rossi"},"description":"Palestrante profissional em marketing, estrategista especializado na constru\u00e7\u00e3o e gerenciamento de marcas e reputa\u00e7\u00e3o, e diretor-fundador da Gabriel Rossi Consultoria, com passagens por institui\u00e7\u00f5es como Syracuse\/Aberje, Madia Marketing School, University of London e Bell School. Especialista convidado para lecionar no curso de extens\u00e3o da Funda\u00e7\u00e3o Escola de Sociologia e Pol\u00edtica (FESP) e na P\u00f3s Gradua\u00e7\u00e3o de Marketing da USP. Refer\u00eancia de mercado, Gabriel \u00e9 atualmente o profissional no pa\u00eds mais requisitado pela grande m\u00eddia (mainstream) para falar sobre marketing. Escreve e \u00e9 citado extensivamente, sendo colunista de portais de destaque como Observador Pol\u00edtico, possui diversos artigos e estudos publicados no Estad\u00e3o, o Globo, Brasil Econ\u00f4mico, Correio Braziliense, JT, UOL, HSM e colabora com ve\u00edculos como Bandnews TV, Folha de S\u00e3o Paulo, Revista Nova, Veja, Portal G1 , entre in\u00fameros outros. Rossi e sua equipe atuam tanto no campo pol\u00edtico como no empresarial. Eles trabalham com empresas internacionais como Petrobr\u00e1s, The Marketing Store e Tetra Pak, al\u00e9m de candidatos ao Senado Federal. Rossi participou de momentos hist\u00f3ricos importantes, sendo comentarista especial da TV Estad\u00e3o no primeiro e segundo turno das elei\u00e7\u00f5es 2010 e comentarista oficial durante a posse da presidente Dilma Rousseff para a r\u00e1dio Eldorado.","sameAs":["https:\/\/pt-br.facebook.com\/pg\/consultoriagr\/about\/?ref=page_internal","https:\/\/www.linkedin.com\/in\/gabrieldrossi\/"],"url":"https:\/\/www.cidademarketing.com.br\/marketing\/author\/gabriel-rossi\/"}]}},"amp_enabled":true,"_links":{"self":[{"href":"https:\/\/www.cidademarketing.com.br\/marketing\/wp-json\/wp\/v2\/posts\/1169","targetHints":{"allow":["GET"]}}],"collection":[{"href":"https:\/\/www.cidademarketing.com.br\/marketing\/wp-json\/wp\/v2\/posts"}],"about":[{"href":"https:\/\/www.cidademarketing.com.br\/marketing\/wp-json\/wp\/v2\/types\/post"}],"author":[{"embeddable":true,"href":"https:\/\/www.cidademarketing.com.br\/marketing\/wp-json\/wp\/v2\/users\/5"}],"replies":[{"embeddable":true,"href":"https:\/\/www.cidademarketing.com.br\/marketing\/wp-json\/wp\/v2\/comments?post=1169"}],"version-history":[{"count":1,"href":"https:\/\/www.cidademarketing.com.br\/marketing\/wp-json\/wp\/v2\/posts\/1169\/revisions"}],"predecessor-version":[{"id":1170,"href":"https:\/\/www.cidademarketing.com.br\/marketing\/wp-json\/wp\/v2\/posts\/1169\/revisions\/1170"}],"wp:attachment":[{"href":"https:\/\/www.cidademarketing.com.br\/marketing\/wp-json\/wp\/v2\/media?parent=1169"}],"wp:term":[{"taxonomy":"category","embeddable":true,"href":"https:\/\/www.cidademarketing.com.br\/marketing\/wp-json\/wp\/v2\/categories?post=1169"},{"taxonomy":"post_tag","embeddable":true,"href":"https:\/\/www.cidademarketing.com.br\/marketing\/wp-json\/wp\/v2\/tags?post=1169"}],"curies":[{"name":"wp","href":"https:\/\/api.w.org\/{rel}","templated":true}]}}