{"id":11671,"date":"2019-09-12T17:27:50","date_gmt":"2019-09-12T13:27:50","guid":{"rendered":"https:\/\/www.cidademarketing.com.br\/marketing\/?p=11671"},"modified":"2019-09-12T18:34:17","modified_gmt":"2019-09-12T14:34:17","slug":"a-cada-2-horas-e-48-minutos-um-empregado-do-banco-santander-desenvolveu-doenca-mental-relacionada-ao-trabalho-apontou-mpt","status":"publish","type":"post","link":"https:\/\/www.cidademarketing.com.br\/marketing\/2019\/09\/12\/a-cada-2-horas-e-48-minutos-um-empregado-do-banco-santander-desenvolveu-doenca-mental-relacionada-ao-trabalho-apontou-mpt\/","title":{"rendered":"A cada 2 horas e 48 minutos, um empregado do banco Santander desenvolveu doen\u00e7a mental relacionada ao trabalho, apontou MPT"},"content":{"rendered":"\n<p>O juiz do Trabalho Gustavo Carvalho Chehab, da 3\u00aa Vara do Trabalho de Bras\u00edlia, condenou o Banco Santander S.A. por ass\u00e9dio moral. Segundo a senten\u00e7a do magistrado, a institui\u00e7\u00e3o submetia os banc\u00e1rios a metas abusivas de produ\u00e7\u00e3o, elevando o \u00edndice de adoecimento mental ocupacional.<\/p>\n\n\n\n<p>A decis\u00e3o atende, parcialmente, aos pedidos feitos pelo Minist\u00e9rio P\u00fablico do Trabalho no Distrito Federal, representado pelo procurador do MPT no DF Paulo Neto, que processou o Santander ap\u00f3s constatar, em investiga\u00e7\u00e3o, o alto \u00edndice de estresse a que os banc\u00e1rios eram submetidos.<\/p>\n\n\n\n<p>Em 2014, a m\u00e9dia de afastamentos por acidente e doen\u00e7a mental ocupacional no banco foi de dois empregados por dia. Como explica o juiz Chehab, levando em conta apenas os dias \u00fateis (segunda-feira a sexta), s\u00e3o quase tr\u00eas trabalhadores por dia de trabalho.<\/p>\n\n\n\n<p>\u201cConsiderando a jornada de 8h (que \u00e9 menos alarmante do que para a jornada de 6h e a comumente adotada pelo r\u00e9u para a maioria dos cargos), ter-se-ia que, em m\u00e9dia, a cada 2h48 um empregado do r\u00e9u desenvolveu doen\u00e7a ocupacional mental\u201d, registra o magistrado.<\/p>\n\n\n\n<p>O juiz Gustavo Chehab alerta que al\u00e9m de o dano causado ao trabalhador, o adoecimento e consequente afastamento do trabalho, tamb\u00e9m, gera danos \u00e0 economia e \u00e0 sociedade. Segundo o magistrado, \u201centre 2010 e 2015 \u00e9 poss\u00edvel estimar os gastos totais previdenci\u00e1rios em R$ 57,4 milh\u00f5es\u201d.<\/p>\n\n\n\n<p>Para o procurador Paulo Neto, \u201ca conduta do banco \u00e9 absolutamente grave e il\u00edcita, qual seja, estipula metas praticamente inating\u00edveis e cobra as metas de forma excessiva, gerando uma verdadeira legi\u00e3o de banc\u00e1rios acometidos de transtornos mentais, em grave viola\u00e7\u00e3o aos preceitos constitucionais que asseguram o trabalho decente, a sa\u00fade, a vida digna e a redu\u00e7\u00e3o dos riscos inerentes ao trabalho\u201d.<\/p>\n\n\n\n<p>De 2012 a 2016, 6.763 banc\u00e1rios se afastaram com a concess\u00e3o de aux\u00edlio-doen\u00e7a do Instituto Nacional do Seguro Social (INSS). Desse total, 1.784 s\u00e3o ou foram empregados do Banco Santander, o que significa 26,38%.<\/p>\n\n\n\n<p>O magistrado Gustavo Chehab destaca que o banco figura entre as empresas que mais geram adoecimentos mentais no Brasil e explica que \u201cse o r\u00e9u fosse posicionado na rela\u00e7\u00e3o de maiores incid\u00eancias de transtornos mentais ocupacionais, estaria ocupando a s\u00e9tima posi\u00e7\u00e3o, a frente de atividades econ\u00f4micas inteiras como hipermercados e telemarketing\u201d.<\/p>\n\n\n\n<p>Entre as obriga\u00e7\u00f5es de fazer impostas pela decis\u00e3o judicial, destaque para a proibi\u00e7\u00e3o de submiss\u00e3o de trabalhadores a metas abusivas e a necessidade de que as defini\u00e7\u00f5es dessas metas sejam objeto de negocia\u00e7\u00e3o coletiva entre o r\u00e9u e a entidade representativa da categoria.<\/p>\n\n\n\n<p>A senten\u00e7a determinou o pagamento de indeniza\u00e7\u00e3o no valor de R$ 274 milh\u00f5es, a t\u00edtulo de dano moral coletivo.<\/p>\n\n\n\n<p>O juiz Gustavo Chehab tamb\u00e9m autorizou a retirada do segredo de Justi\u00e7a do presente processo, mantendo sob sigilo apenas documentos e arquivos afetos \u00e0 forma de apura\u00e7\u00e3o da remunera\u00e7\u00e3o vari\u00e1vel e ao modo de calcular as metas de produtividade.<\/p>\n\n\n\n<p><strong>Processo n\u00ba 0000342-81.2017.5.10.0011<\/strong><\/p>\n\n\n\n<p><br><strong>Outra A\u00e7\u00e3o Civil P\u00fablica por ass\u00e9dio moral no Santander<\/strong><\/p>\n\n\n\n<p>Al\u00e9m de as metas abusivas, o Santander foi condenado, em outra a\u00e7\u00e3o, por ass\u00e9dio moral dentro da Institui\u00e7\u00e3o.<\/p>\n\n\n\n<p>O juiz Gustavo Chehab tamb\u00e9m foi o respons\u00e1vel por julgar o caso. Segundo ele, \u201ch\u00e1 pr\u00e1ticas de ass\u00e9dio moral efetuadas por gerentes do r\u00e9u e pr\u00e1ticas discriminat\u00f3rias que atingem banc\u00e1rios que n\u00e3o cumprem as metas\u201d.<\/p>\n\n\n\n<p>A determina\u00e7\u00e3o judicial obriga o banco a n\u00e3o permitir, tolerar ou praticar, por seus gestores e prepostos, pr\u00e1ticas que configurem ass\u00e9dio moral, como humilha\u00e7\u00f5es, xingamentos, amea\u00e7as de demiss\u00f5es, constrangimentos, coa\u00e7\u00e3o, agress\u00e3o, persegui\u00e7\u00e3o, entre outros.<\/p>\n\n\n\n<p>O Santander ter\u00e1 de realizar palestras e aprimorar estrat\u00e9gias de defesa das v\u00edtimas, aperfei\u00e7oando seus programas e instrumentos de combate \u00e0 discrimina\u00e7\u00e3o e ao ass\u00e9dio. Tamb\u00e9m deve elaborar cartilhas sobre o tema e tomar a\u00e7\u00f5es concretas preventivas.<\/p>\n\n\n\n<p>Nesta a\u00e7\u00e3o, a condena\u00e7\u00e3o foi fixada em R$ 1 milh\u00e3o, a t\u00edtulo de dano moral coletivo.<\/p>\n\n\n\n<p>As duas senten\u00e7as determinam que as obriga\u00e7\u00f5es devem ser cumpridas a partir de 1\u00ba de janeiro de 2020. Em raz\u00e3o de o impacto de R$ 57 milh\u00f5es aos cofres da Previd\u00eancia Social, o magistrado oficiou \u00e0 Advocacia Geral da Uni\u00e3o no Distrito Federal, para que tome as provid\u00eancias que entender cab\u00edveis para o ressarcimento dos valores \u00e0 Uni\u00e3o.<\/p>\n\n\n\n<p><strong>Processo n\u00ba 0000253-87.2014.5.10.0003<\/strong><\/p>\n\n\n\n<p>CidadeMarketing com informa\u00e7\u00f5es do Minist\u00e9rio P\u00fablico do Trabalho.<\/p>\n","protected":false},"excerpt":{"rendered":"<p>O juiz do Trabalho Gustavo Carvalho Chehab, da 3\u00aa Vara do Trabalho de Bras\u00edlia, condenou o Banco Santander S.A. por ass\u00e9dio moral. Segundo a senten\u00e7a do magistrado, a institui\u00e7\u00e3o submetia os banc\u00e1rios a metas abusivas de produ\u00e7\u00e3o, elevando o \u00edndice de adoecimento mental ocupacional. A decis\u00e3o atende, parcialmente, aos pedidos feitos pelo Minist\u00e9rio P\u00fablico do [&hellip;]<\/p>\n","protected":false},"author":1,"featured_media":11673,"comment_status":"open","ping_status":"open","sticky":false,"template":"","format":"standard","meta":{"tdm_status":"","tdm_grid_status":"","footnotes":""},"categories":[6],"tags":[1261,282,441],"class_list":["post-11671","post","type-post","status-publish","format-standard","has-post-thumbnail","hentry","category-noticias","tag-mpt","tag-pessoas","tag-santander"],"yoast_head":"<!-- This site is optimized with the Yoast SEO plugin v27.5 - https:\/\/yoast.com\/product\/yoast-seo-wordpress\/ -->\n<title>A cada 2 horas e 48 minutos, um empregado do banco Santander desenvolveu doen\u00e7a mental relacionada ao trabalho, apontou MPT - CidadeMarketing<\/title>\n<meta name=\"robots\" content=\"index, follow, max-snippet:-1, max-image-preview:large, max-video-preview:-1\" \/>\n<link rel=\"canonical\" href=\"https:\/\/www.cidademarketing.com.br\/marketing\/2019\/09\/12\/a-cada-2-horas-e-48-minutos-um-empregado-do-banco-santander-desenvolveu-doenca-mental-relacionada-ao-trabalho-apontou-mpt\/\" \/>\n<meta property=\"og:locale\" content=\"pt_BR\" \/>\n<meta property=\"og:type\" content=\"article\" \/>\n<meta property=\"og:title\" content=\"A cada 2 horas e 48 minutos, um empregado do banco Santander desenvolveu doen\u00e7a mental relacionada ao trabalho, apontou MPT - CidadeMarketing\" \/>\n<meta property=\"og:description\" content=\"O juiz do Trabalho Gustavo Carvalho Chehab, da 3\u00aa Vara do Trabalho de Bras\u00edlia, condenou o Banco Santander S.A. por ass\u00e9dio moral. Segundo a senten\u00e7a do magistrado, a institui\u00e7\u00e3o submetia os banc\u00e1rios a metas abusivas de produ\u00e7\u00e3o, elevando o \u00edndice de adoecimento mental ocupacional. A decis\u00e3o atende, parcialmente, aos pedidos feitos pelo Minist\u00e9rio P\u00fablico do [&hellip;]\" \/>\n<meta property=\"og:url\" content=\"https:\/\/www.cidademarketing.com.br\/marketing\/2019\/09\/12\/a-cada-2-horas-e-48-minutos-um-empregado-do-banco-santander-desenvolveu-doenca-mental-relacionada-ao-trabalho-apontou-mpt\/\" \/>\n<meta property=\"og:site_name\" content=\"CidadeMarketing\" \/>\n<meta property=\"article:publisher\" content=\"https:\/\/www.facebook.com\/portalcidademarketing\" \/>\n<meta property=\"article:author\" content=\"https:\/\/www.facebook.com\/thalesbrandao\" \/>\n<meta property=\"article:published_time\" content=\"2019-09-12T13:27:50+00:00\" \/>\n<meta property=\"article:modified_time\" content=\"2019-09-12T14:34:17+00:00\" \/>\n<meta property=\"og:image\" content=\"https:\/\/www.cidademarketing.com.br\/marketing\/wp-content\/uploads\/2019\/09\/santander_marca_.jpg\" \/>\n\t<meta property=\"og:image:width\" content=\"738\" \/>\n\t<meta property=\"og:image:height\" content=\"503\" \/>\n\t<meta property=\"og:image:type\" content=\"image\/jpeg\" \/>\n<meta name=\"author\" content=\"Thales Brand\u00e3o\" \/>\n<meta name=\"twitter:card\" content=\"summary_large_image\" \/>\n<meta name=\"twitter:creator\" content=\"@http:\/\/www.twitter.com\/thalesbrandao\" \/>\n<meta name=\"twitter:site\" content=\"@CidadeMarketing\" \/>\n<meta name=\"twitter:label1\" content=\"Escrito por\" \/>\n\t<meta name=\"twitter:data1\" content=\"Thales Brand\u00e3o\" \/>\n\t<meta name=\"twitter:label2\" content=\"Est. tempo de leitura\" \/>\n\t<meta name=\"twitter:data2\" content=\"4 minutos\" \/>\n<script type=\"application\/ld+json\" class=\"yoast-schema-graph\">{\"@context\":\"https:\\\/\\\/schema.org\",\"@graph\":[{\"@type\":\"Article\",\"@id\":\"https:\\\/\\\/www.cidademarketing.com.br\\\/marketing\\\/2019\\\/09\\\/12\\\/a-cada-2-horas-e-48-minutos-um-empregado-do-banco-santander-desenvolveu-doenca-mental-relacionada-ao-trabalho-apontou-mpt\\\/#article\",\"isPartOf\":{\"@id\":\"https:\\\/\\\/www.cidademarketing.com.br\\\/marketing\\\/2019\\\/09\\\/12\\\/a-cada-2-horas-e-48-minutos-um-empregado-do-banco-santander-desenvolveu-doenca-mental-relacionada-ao-trabalho-apontou-mpt\\\/\"},\"author\":{\"name\":\"Thales Brand\u00e3o\",\"@id\":\"https:\\\/\\\/www.cidademarketing.com.br\\\/marketing\\\/#\\\/schema\\\/person\\\/02daff9f18bd9378c9e01eb6b2db155f\"},\"headline\":\"A cada 2 horas e 48 minutos, um empregado do banco Santander desenvolveu doen\u00e7a mental relacionada ao trabalho, apontou MPT\",\"datePublished\":\"2019-09-12T13:27:50+00:00\",\"dateModified\":\"2019-09-12T14:34:17+00:00\",\"mainEntityOfPage\":{\"@id\":\"https:\\\/\\\/www.cidademarketing.com.br\\\/marketing\\\/2019\\\/09\\\/12\\\/a-cada-2-horas-e-48-minutos-um-empregado-do-banco-santander-desenvolveu-doenca-mental-relacionada-ao-trabalho-apontou-mpt\\\/\"},\"wordCount\":793,\"commentCount\":0,\"publisher\":{\"@id\":\"https:\\\/\\\/www.cidademarketing.com.br\\\/marketing\\\/#organization\"},\"image\":{\"@id\":\"https:\\\/\\\/www.cidademarketing.com.br\\\/marketing\\\/2019\\\/09\\\/12\\\/a-cada-2-horas-e-48-minutos-um-empregado-do-banco-santander-desenvolveu-doenca-mental-relacionada-ao-trabalho-apontou-mpt\\\/#primaryimage\"},\"thumbnailUrl\":\"https:\\\/\\\/www.cidademarketing.com.br\\\/marketing\\\/wp-content\\\/uploads\\\/2019\\\/09\\\/santander_marca_.jpg\",\"keywords\":[\"MPT\",\"pessoas\",\"Santander\"],\"articleSection\":[\"Not\u00edcias\"],\"inLanguage\":\"pt-BR\",\"potentialAction\":[{\"@type\":\"CommentAction\",\"name\":\"Comment\",\"target\":[\"https:\\\/\\\/www.cidademarketing.com.br\\\/marketing\\\/2019\\\/09\\\/12\\\/a-cada-2-horas-e-48-minutos-um-empregado-do-banco-santander-desenvolveu-doenca-mental-relacionada-ao-trabalho-apontou-mpt\\\/#respond\"]}]},{\"@type\":\"WebPage\",\"@id\":\"https:\\\/\\\/www.cidademarketing.com.br\\\/marketing\\\/2019\\\/09\\\/12\\\/a-cada-2-horas-e-48-minutos-um-empregado-do-banco-santander-desenvolveu-doenca-mental-relacionada-ao-trabalho-apontou-mpt\\\/\",\"url\":\"https:\\\/\\\/www.cidademarketing.com.br\\\/marketing\\\/2019\\\/09\\\/12\\\/a-cada-2-horas-e-48-minutos-um-empregado-do-banco-santander-desenvolveu-doenca-mental-relacionada-ao-trabalho-apontou-mpt\\\/\",\"name\":\"A cada 2 horas e 48 minutos, um empregado do banco Santander desenvolveu doen\u00e7a mental relacionada ao trabalho, apontou MPT - CidadeMarketing\",\"isPartOf\":{\"@id\":\"https:\\\/\\\/www.cidademarketing.com.br\\\/marketing\\\/#website\"},\"primaryImageOfPage\":{\"@id\":\"https:\\\/\\\/www.cidademarketing.com.br\\\/marketing\\\/2019\\\/09\\\/12\\\/a-cada-2-horas-e-48-minutos-um-empregado-do-banco-santander-desenvolveu-doenca-mental-relacionada-ao-trabalho-apontou-mpt\\\/#primaryimage\"},\"image\":{\"@id\":\"https:\\\/\\\/www.cidademarketing.com.br\\\/marketing\\\/2019\\\/09\\\/12\\\/a-cada-2-horas-e-48-minutos-um-empregado-do-banco-santander-desenvolveu-doenca-mental-relacionada-ao-trabalho-apontou-mpt\\\/#primaryimage\"},\"thumbnailUrl\":\"https:\\\/\\\/www.cidademarketing.com.br\\\/marketing\\\/wp-content\\\/uploads\\\/2019\\\/09\\\/santander_marca_.jpg\",\"datePublished\":\"2019-09-12T13:27:50+00:00\",\"dateModified\":\"2019-09-12T14:34:17+00:00\",\"breadcrumb\":{\"@id\":\"https:\\\/\\\/www.cidademarketing.com.br\\\/marketing\\\/2019\\\/09\\\/12\\\/a-cada-2-horas-e-48-minutos-um-empregado-do-banco-santander-desenvolveu-doenca-mental-relacionada-ao-trabalho-apontou-mpt\\\/#breadcrumb\"},\"inLanguage\":\"pt-BR\",\"potentialAction\":[{\"@type\":\"ReadAction\",\"target\":[\"https:\\\/\\\/www.cidademarketing.com.br\\\/marketing\\\/2019\\\/09\\\/12\\\/a-cada-2-horas-e-48-minutos-um-empregado-do-banco-santander-desenvolveu-doenca-mental-relacionada-ao-trabalho-apontou-mpt\\\/\"]}]},{\"@type\":\"ImageObject\",\"inLanguage\":\"pt-BR\",\"@id\":\"https:\\\/\\\/www.cidademarketing.com.br\\\/marketing\\\/2019\\\/09\\\/12\\\/a-cada-2-horas-e-48-minutos-um-empregado-do-banco-santander-desenvolveu-doenca-mental-relacionada-ao-trabalho-apontou-mpt\\\/#primaryimage\",\"url\":\"https:\\\/\\\/www.cidademarketing.com.br\\\/marketing\\\/wp-content\\\/uploads\\\/2019\\\/09\\\/santander_marca_.jpg\",\"contentUrl\":\"https:\\\/\\\/www.cidademarketing.com.br\\\/marketing\\\/wp-content\\\/uploads\\\/2019\\\/09\\\/santander_marca_.jpg\",\"width\":738,\"height\":503,\"caption\":\"Divulga\u00e7\u00e3o\"},{\"@type\":\"BreadcrumbList\",\"@id\":\"https:\\\/\\\/www.cidademarketing.com.br\\\/marketing\\\/2019\\\/09\\\/12\\\/a-cada-2-horas-e-48-minutos-um-empregado-do-banco-santander-desenvolveu-doenca-mental-relacionada-ao-trabalho-apontou-mpt\\\/#breadcrumb\",\"itemListElement\":[{\"@type\":\"ListItem\",\"position\":1,\"name\":\"In\u00edcio\",\"item\":\"https:\\\/\\\/www.cidademarketing.com.br\\\/marketing\\\/\"},{\"@type\":\"ListItem\",\"position\":2,\"name\":\"A cada 2 horas e 48 minutos, um empregado do banco Santander desenvolveu doen\u00e7a mental relacionada ao trabalho, apontou MPT\"}]},{\"@type\":\"WebSite\",\"@id\":\"https:\\\/\\\/www.cidademarketing.com.br\\\/marketing\\\/#website\",\"url\":\"https:\\\/\\\/www.cidademarketing.com.br\\\/marketing\\\/\",\"name\":\"CidadeMarketing\",\"description\":\"Somos um ve\u00edculo de comunica\u00e7\u00e3o de destaque no Brasil, reconhecido por conte\u00fados nos segmentos de marketing, empreendedorismo e inova\u00e7\u00e3o.\",\"publisher\":{\"@id\":\"https:\\\/\\\/www.cidademarketing.com.br\\\/marketing\\\/#organization\"},\"alternateName\":\"CidadeMarketing\",\"potentialAction\":[{\"@type\":\"SearchAction\",\"target\":{\"@type\":\"EntryPoint\",\"urlTemplate\":\"https:\\\/\\\/www.cidademarketing.com.br\\\/marketing\\\/?s={search_term_string}\"},\"query-input\":{\"@type\":\"PropertyValueSpecification\",\"valueRequired\":true,\"valueName\":\"search_term_string\"}}],\"inLanguage\":\"pt-BR\"},{\"@type\":\"Organization\",\"@id\":\"https:\\\/\\\/www.cidademarketing.com.br\\\/marketing\\\/#organization\",\"name\":\"CidadeMarketing\",\"alternateName\":\"CidadeMarketing\",\"url\":\"https:\\\/\\\/www.cidademarketing.com.br\\\/marketing\\\/\",\"logo\":{\"@type\":\"ImageObject\",\"inLanguage\":\"pt-BR\",\"@id\":\"https:\\\/\\\/www.cidademarketing.com.br\\\/marketing\\\/#\\\/schema\\\/logo\\\/image\\\/\",\"url\":\"https:\\\/\\\/www.cidademarketing.com.br\\\/marketing\\\/wp-content\\\/uploads\\\/2020\\\/01\\\/cidademarketing_marca_mobile.png\",\"contentUrl\":\"https:\\\/\\\/www.cidademarketing.com.br\\\/marketing\\\/wp-content\\\/uploads\\\/2020\\\/01\\\/cidademarketing_marca_mobile.png\",\"width\":230,\"height\":92,\"caption\":\"CidadeMarketing\"},\"image\":{\"@id\":\"https:\\\/\\\/www.cidademarketing.com.br\\\/marketing\\\/#\\\/schema\\\/logo\\\/image\\\/\"},\"sameAs\":[\"https:\\\/\\\/www.facebook.com\\\/portalcidademarketing\",\"https:\\\/\\\/x.com\\\/CidadeMarketing\",\"https:\\\/\\\/www.instagram.com\\\/cidademarketing\\\/\"]},{\"@type\":\"Person\",\"@id\":\"https:\\\/\\\/www.cidademarketing.com.br\\\/marketing\\\/#\\\/schema\\\/person\\\/02daff9f18bd9378c9e01eb6b2db155f\",\"name\":\"Thales Brand\u00e3o\",\"image\":{\"@type\":\"ImageObject\",\"inLanguage\":\"pt-BR\",\"@id\":\"https:\\\/\\\/secure.gravatar.com\\\/avatar\\\/7ca3206950207cc3cb48feec56a8a7898741ab725c368d99d5d7a5a50aab80c6?s=96&d=mm&r=g\",\"url\":\"https:\\\/\\\/secure.gravatar.com\\\/avatar\\\/7ca3206950207cc3cb48feec56a8a7898741ab725c368d99d5d7a5a50aab80c6?s=96&d=mm&r=g\",\"contentUrl\":\"https:\\\/\\\/secure.gravatar.com\\\/avatar\\\/7ca3206950207cc3cb48feec56a8a7898741ab725c368d99d5d7a5a50aab80c6?s=96&d=mm&r=g\",\"caption\":\"Thales Brand\u00e3o\"},\"description\":\"Editor Executivo do Portal CidadeMarketing.com.br &gt; Mestre em Comunica\u00e7\u00e3o e Sociedade pela Universidade Federal de Sergipe. Possui MBA Executivo em Administra\u00e7\u00e3o com \u00eanfase em Marketing pela Funda\u00e7\u00e3o Get\u00falio Vargas - Rio de Janeiro. Consultor, Palestrante e Pesquisador sobre Empreendedorismo, Marketing, Redes Sociais e Neg\u00f3cios Digitais. Professor, Palestrante TedxTalks e Campus Party. Twitter: @ThalesBrandao\",\"sameAs\":[\"http:\\\/\\\/www.mandacaru.com.br\",\"https:\\\/\\\/www.facebook.com\\\/thalesbrandao\",\"http:\\\/\\\/www.instagram.com.br\\\/thalesbrandaoferreira\",\"https:\\\/\\\/www.linkedin.com\\\/in\\\/thales-brand\u00e3o-3948609\\\/\",\"https:\\\/\\\/x.com\\\/http:\\\/\\\/www.twitter.com\\\/thalesbrandao\"],\"url\":\"https:\\\/\\\/www.cidademarketing.com.br\\\/marketing\\\/author\\\/thalesbrandao\\\/\"}]}<\/script>\n<!-- \/ Yoast SEO plugin. -->","yoast_head_json":{"title":"A cada 2 horas e 48 minutos, um empregado do banco Santander desenvolveu doen\u00e7a mental relacionada ao trabalho, apontou MPT - CidadeMarketing","robots":{"index":"index","follow":"follow","max-snippet":"max-snippet:-1","max-image-preview":"max-image-preview:large","max-video-preview":"max-video-preview:-1"},"canonical":"https:\/\/www.cidademarketing.com.br\/marketing\/2019\/09\/12\/a-cada-2-horas-e-48-minutos-um-empregado-do-banco-santander-desenvolveu-doenca-mental-relacionada-ao-trabalho-apontou-mpt\/","og_locale":"pt_BR","og_type":"article","og_title":"A cada 2 horas e 48 minutos, um empregado do banco Santander desenvolveu doen\u00e7a mental relacionada ao trabalho, apontou MPT - CidadeMarketing","og_description":"O juiz do Trabalho Gustavo Carvalho Chehab, da 3\u00aa Vara do Trabalho de Bras\u00edlia, condenou o Banco Santander S.A. por ass\u00e9dio moral. Segundo a senten\u00e7a do magistrado, a institui\u00e7\u00e3o submetia os banc\u00e1rios a metas abusivas de produ\u00e7\u00e3o, elevando o \u00edndice de adoecimento mental ocupacional. A decis\u00e3o atende, parcialmente, aos pedidos feitos pelo Minist\u00e9rio P\u00fablico do [&hellip;]","og_url":"https:\/\/www.cidademarketing.com.br\/marketing\/2019\/09\/12\/a-cada-2-horas-e-48-minutos-um-empregado-do-banco-santander-desenvolveu-doenca-mental-relacionada-ao-trabalho-apontou-mpt\/","og_site_name":"CidadeMarketing","article_publisher":"https:\/\/www.facebook.com\/portalcidademarketing","article_author":"https:\/\/www.facebook.com\/thalesbrandao","article_published_time":"2019-09-12T13:27:50+00:00","article_modified_time":"2019-09-12T14:34:17+00:00","og_image":[{"width":738,"height":503,"url":"https:\/\/www.cidademarketing.com.br\/marketing\/wp-content\/uploads\/2019\/09\/santander_marca_.jpg","type":"image\/jpeg"}],"author":"Thales Brand\u00e3o","twitter_card":"summary_large_image","twitter_creator":"@http:\/\/www.twitter.com\/thalesbrandao","twitter_site":"@CidadeMarketing","twitter_misc":{"Escrito por":"Thales Brand\u00e3o","Est. tempo de leitura":"4 minutos"},"schema":{"@context":"https:\/\/schema.org","@graph":[{"@type":"Article","@id":"https:\/\/www.cidademarketing.com.br\/marketing\/2019\/09\/12\/a-cada-2-horas-e-48-minutos-um-empregado-do-banco-santander-desenvolveu-doenca-mental-relacionada-ao-trabalho-apontou-mpt\/#article","isPartOf":{"@id":"https:\/\/www.cidademarketing.com.br\/marketing\/2019\/09\/12\/a-cada-2-horas-e-48-minutos-um-empregado-do-banco-santander-desenvolveu-doenca-mental-relacionada-ao-trabalho-apontou-mpt\/"},"author":{"name":"Thales Brand\u00e3o","@id":"https:\/\/www.cidademarketing.com.br\/marketing\/#\/schema\/person\/02daff9f18bd9378c9e01eb6b2db155f"},"headline":"A cada 2 horas e 48 minutos, um empregado do banco Santander desenvolveu doen\u00e7a mental relacionada ao trabalho, apontou MPT","datePublished":"2019-09-12T13:27:50+00:00","dateModified":"2019-09-12T14:34:17+00:00","mainEntityOfPage":{"@id":"https:\/\/www.cidademarketing.com.br\/marketing\/2019\/09\/12\/a-cada-2-horas-e-48-minutos-um-empregado-do-banco-santander-desenvolveu-doenca-mental-relacionada-ao-trabalho-apontou-mpt\/"},"wordCount":793,"commentCount":0,"publisher":{"@id":"https:\/\/www.cidademarketing.com.br\/marketing\/#organization"},"image":{"@id":"https:\/\/www.cidademarketing.com.br\/marketing\/2019\/09\/12\/a-cada-2-horas-e-48-minutos-um-empregado-do-banco-santander-desenvolveu-doenca-mental-relacionada-ao-trabalho-apontou-mpt\/#primaryimage"},"thumbnailUrl":"https:\/\/www.cidademarketing.com.br\/marketing\/wp-content\/uploads\/2019\/09\/santander_marca_.jpg","keywords":["MPT","pessoas","Santander"],"articleSection":["Not\u00edcias"],"inLanguage":"pt-BR","potentialAction":[{"@type":"CommentAction","name":"Comment","target":["https:\/\/www.cidademarketing.com.br\/marketing\/2019\/09\/12\/a-cada-2-horas-e-48-minutos-um-empregado-do-banco-santander-desenvolveu-doenca-mental-relacionada-ao-trabalho-apontou-mpt\/#respond"]}]},{"@type":"WebPage","@id":"https:\/\/www.cidademarketing.com.br\/marketing\/2019\/09\/12\/a-cada-2-horas-e-48-minutos-um-empregado-do-banco-santander-desenvolveu-doenca-mental-relacionada-ao-trabalho-apontou-mpt\/","url":"https:\/\/www.cidademarketing.com.br\/marketing\/2019\/09\/12\/a-cada-2-horas-e-48-minutos-um-empregado-do-banco-santander-desenvolveu-doenca-mental-relacionada-ao-trabalho-apontou-mpt\/","name":"A cada 2 horas e 48 minutos, um empregado do banco Santander desenvolveu doen\u00e7a mental relacionada ao trabalho, apontou MPT - CidadeMarketing","isPartOf":{"@id":"https:\/\/www.cidademarketing.com.br\/marketing\/#website"},"primaryImageOfPage":{"@id":"https:\/\/www.cidademarketing.com.br\/marketing\/2019\/09\/12\/a-cada-2-horas-e-48-minutos-um-empregado-do-banco-santander-desenvolveu-doenca-mental-relacionada-ao-trabalho-apontou-mpt\/#primaryimage"},"image":{"@id":"https:\/\/www.cidademarketing.com.br\/marketing\/2019\/09\/12\/a-cada-2-horas-e-48-minutos-um-empregado-do-banco-santander-desenvolveu-doenca-mental-relacionada-ao-trabalho-apontou-mpt\/#primaryimage"},"thumbnailUrl":"https:\/\/www.cidademarketing.com.br\/marketing\/wp-content\/uploads\/2019\/09\/santander_marca_.jpg","datePublished":"2019-09-12T13:27:50+00:00","dateModified":"2019-09-12T14:34:17+00:00","breadcrumb":{"@id":"https:\/\/www.cidademarketing.com.br\/marketing\/2019\/09\/12\/a-cada-2-horas-e-48-minutos-um-empregado-do-banco-santander-desenvolveu-doenca-mental-relacionada-ao-trabalho-apontou-mpt\/#breadcrumb"},"inLanguage":"pt-BR","potentialAction":[{"@type":"ReadAction","target":["https:\/\/www.cidademarketing.com.br\/marketing\/2019\/09\/12\/a-cada-2-horas-e-48-minutos-um-empregado-do-banco-santander-desenvolveu-doenca-mental-relacionada-ao-trabalho-apontou-mpt\/"]}]},{"@type":"ImageObject","inLanguage":"pt-BR","@id":"https:\/\/www.cidademarketing.com.br\/marketing\/2019\/09\/12\/a-cada-2-horas-e-48-minutos-um-empregado-do-banco-santander-desenvolveu-doenca-mental-relacionada-ao-trabalho-apontou-mpt\/#primaryimage","url":"https:\/\/www.cidademarketing.com.br\/marketing\/wp-content\/uploads\/2019\/09\/santander_marca_.jpg","contentUrl":"https:\/\/www.cidademarketing.com.br\/marketing\/wp-content\/uploads\/2019\/09\/santander_marca_.jpg","width":738,"height":503,"caption":"Divulga\u00e7\u00e3o"},{"@type":"BreadcrumbList","@id":"https:\/\/www.cidademarketing.com.br\/marketing\/2019\/09\/12\/a-cada-2-horas-e-48-minutos-um-empregado-do-banco-santander-desenvolveu-doenca-mental-relacionada-ao-trabalho-apontou-mpt\/#breadcrumb","itemListElement":[{"@type":"ListItem","position":1,"name":"In\u00edcio","item":"https:\/\/www.cidademarketing.com.br\/marketing\/"},{"@type":"ListItem","position":2,"name":"A cada 2 horas e 48 minutos, um empregado do banco Santander desenvolveu doen\u00e7a mental relacionada ao trabalho, apontou MPT"}]},{"@type":"WebSite","@id":"https:\/\/www.cidademarketing.com.br\/marketing\/#website","url":"https:\/\/www.cidademarketing.com.br\/marketing\/","name":"CidadeMarketing","description":"Somos um ve\u00edculo de comunica\u00e7\u00e3o de destaque no Brasil, reconhecido por conte\u00fados nos segmentos de marketing, empreendedorismo e inova\u00e7\u00e3o.","publisher":{"@id":"https:\/\/www.cidademarketing.com.br\/marketing\/#organization"},"alternateName":"CidadeMarketing","potentialAction":[{"@type":"SearchAction","target":{"@type":"EntryPoint","urlTemplate":"https:\/\/www.cidademarketing.com.br\/marketing\/?s={search_term_string}"},"query-input":{"@type":"PropertyValueSpecification","valueRequired":true,"valueName":"search_term_string"}}],"inLanguage":"pt-BR"},{"@type":"Organization","@id":"https:\/\/www.cidademarketing.com.br\/marketing\/#organization","name":"CidadeMarketing","alternateName":"CidadeMarketing","url":"https:\/\/www.cidademarketing.com.br\/marketing\/","logo":{"@type":"ImageObject","inLanguage":"pt-BR","@id":"https:\/\/www.cidademarketing.com.br\/marketing\/#\/schema\/logo\/image\/","url":"https:\/\/www.cidademarketing.com.br\/marketing\/wp-content\/uploads\/2020\/01\/cidademarketing_marca_mobile.png","contentUrl":"https:\/\/www.cidademarketing.com.br\/marketing\/wp-content\/uploads\/2020\/01\/cidademarketing_marca_mobile.png","width":230,"height":92,"caption":"CidadeMarketing"},"image":{"@id":"https:\/\/www.cidademarketing.com.br\/marketing\/#\/schema\/logo\/image\/"},"sameAs":["https:\/\/www.facebook.com\/portalcidademarketing","https:\/\/x.com\/CidadeMarketing","https:\/\/www.instagram.com\/cidademarketing\/"]},{"@type":"Person","@id":"https:\/\/www.cidademarketing.com.br\/marketing\/#\/schema\/person\/02daff9f18bd9378c9e01eb6b2db155f","name":"Thales Brand\u00e3o","image":{"@type":"ImageObject","inLanguage":"pt-BR","@id":"https:\/\/secure.gravatar.com\/avatar\/7ca3206950207cc3cb48feec56a8a7898741ab725c368d99d5d7a5a50aab80c6?s=96&d=mm&r=g","url":"https:\/\/secure.gravatar.com\/avatar\/7ca3206950207cc3cb48feec56a8a7898741ab725c368d99d5d7a5a50aab80c6?s=96&d=mm&r=g","contentUrl":"https:\/\/secure.gravatar.com\/avatar\/7ca3206950207cc3cb48feec56a8a7898741ab725c368d99d5d7a5a50aab80c6?s=96&d=mm&r=g","caption":"Thales Brand\u00e3o"},"description":"Editor Executivo do Portal CidadeMarketing.com.br &gt; Mestre em Comunica\u00e7\u00e3o e Sociedade pela Universidade Federal de Sergipe. Possui MBA Executivo em Administra\u00e7\u00e3o com \u00eanfase em Marketing pela Funda\u00e7\u00e3o Get\u00falio Vargas - Rio de Janeiro. Consultor, Palestrante e Pesquisador sobre Empreendedorismo, Marketing, Redes Sociais e Neg\u00f3cios Digitais. Professor, Palestrante TedxTalks e Campus Party. Twitter: @ThalesBrandao","sameAs":["http:\/\/www.mandacaru.com.br","https:\/\/www.facebook.com\/thalesbrandao","http:\/\/www.instagram.com.br\/thalesbrandaoferreira","https:\/\/www.linkedin.com\/in\/thales-brand\u00e3o-3948609\/","https:\/\/x.com\/http:\/\/www.twitter.com\/thalesbrandao"],"url":"https:\/\/www.cidademarketing.com.br\/marketing\/author\/thalesbrandao\/"}]}},"amp_enabled":true,"_links":{"self":[{"href":"https:\/\/www.cidademarketing.com.br\/marketing\/wp-json\/wp\/v2\/posts\/11671","targetHints":{"allow":["GET"]}}],"collection":[{"href":"https:\/\/www.cidademarketing.com.br\/marketing\/wp-json\/wp\/v2\/posts"}],"about":[{"href":"https:\/\/www.cidademarketing.com.br\/marketing\/wp-json\/wp\/v2\/types\/post"}],"author":[{"embeddable":true,"href":"https:\/\/www.cidademarketing.com.br\/marketing\/wp-json\/wp\/v2\/users\/1"}],"replies":[{"embeddable":true,"href":"https:\/\/www.cidademarketing.com.br\/marketing\/wp-json\/wp\/v2\/comments?post=11671"}],"version-history":[{"count":2,"href":"https:\/\/www.cidademarketing.com.br\/marketing\/wp-json\/wp\/v2\/posts\/11671\/revisions"}],"predecessor-version":[{"id":11674,"href":"https:\/\/www.cidademarketing.com.br\/marketing\/wp-json\/wp\/v2\/posts\/11671\/revisions\/11674"}],"wp:featuredmedia":[{"embeddable":true,"href":"https:\/\/www.cidademarketing.com.br\/marketing\/wp-json\/wp\/v2\/media\/11673"}],"wp:attachment":[{"href":"https:\/\/www.cidademarketing.com.br\/marketing\/wp-json\/wp\/v2\/media?parent=11671"}],"wp:term":[{"taxonomy":"category","embeddable":true,"href":"https:\/\/www.cidademarketing.com.br\/marketing\/wp-json\/wp\/v2\/categories?post=11671"},{"taxonomy":"post_tag","embeddable":true,"href":"https:\/\/www.cidademarketing.com.br\/marketing\/wp-json\/wp\/v2\/tags?post=11671"}],"curies":[{"name":"wp","href":"https:\/\/api.w.org\/{rel}","templated":true}]}}