{"id":11668,"date":"2019-09-12T17:22:52","date_gmt":"2019-09-12T13:22:52","guid":{"rendered":"https:\/\/www.cidademarketing.com.br\/marketing\/?p=11668"},"modified":"2019-09-12T17:23:21","modified_gmt":"2019-09-12T13:23:21","slug":"bradesco-e-avon-fecham-parceria-e-levam-solucoes-financeiras-a-mais-de-1-milhao-de-revendedoras","status":"publish","type":"post","link":"https:\/\/www.cidademarketing.com.br\/marketing\/2019\/09\/12\/bradesco-e-avon-fecham-parceria-e-levam-solucoes-financeiras-a-mais-de-1-milhao-de-revendedoras\/","title":{"rendered":"Bradesco e Avon fecham parceria e  levam solu\u00e7\u00f5es financeiras a mais de 1 milh\u00e3o de revendedoras"},"content":{"rendered":"\n<p>Em\numa parceria in\u00e9dita, o Bradesco e Avon firmaram acordo que contemplar\u00e1 a\noferta de solu\u00e7\u00f5es financeiras exclusivas para mais de 1 milh\u00e3o de revendedoras\nda empresa, em todo o Pa\u00eds. Atualmente, cerca de um ter\u00e7o delas ainda n\u00e3o s\u00e3o\nbancarizadas. Dessa forma, o Banco contribui para a inclus\u00e3o financeira e o\nconsequente desenvolvimento econ\u00f4mico de suas fam\u00edlias e economia local de\ndiferentes regi\u00f5es do Pa\u00eds.<\/p>\n\n\n\n<p>Por\nmeio da grande capilaridade da Rede de Atendimento Bradesco (presente em 100%\ndos munic\u00edpios brasileiros), a parceria tamb\u00e9m possibilita a democratiza\u00e7\u00e3o dos\nservi\u00e7os financeiros, que prev\u00ea a abertura de uma conta digital pelo App\nBradesco ou pelo next (banco digital do Bradesco).&nbsp; Contempla ainda\nbenef\u00edcios exclusivos para a conta corrente, cart\u00e3o de cr\u00e9dito, empr\u00e9stimos e\nmaquininhas de cart\u00e3o (Stelo), entre outros.<\/p>\n\n\n\n<p>\u201c<em>\u00c9\numa parceria importante que vai al\u00e9m de produtos e servi\u00e7os. \u00c9 algo que impacta\nna inclus\u00e3o financeira, empreendedorismo, empoderamento, inclus\u00e3o digital e\naumento da confian\u00e7a e independ\u00eancia financeira com o desenvolvimento da\natividade como revendedora Avon\u201d, <\/em>afirma Jo\u00e3o Carlos Gomes da Silva,\ndiretor executivo do Bradesco<em>. \u201cOutro importante pilar da parceria \u00e9 a\neduca\u00e7\u00e3o financeira. Para isso, temos cursos online da Universidade Bradesco\nque abordam finan\u00e7as pessoais, mercado financeiro, matem\u00e1tica financeira e\noutros<\/em>\u201d.<\/p>\n\n\n\n<p>\u201c<em>A\nvenda direta permite que nossos produtos cheguem a lugares quase inacess\u00edveis\ncom um custo muito acess\u00edvel, atrav\u00e9s de um modelo de neg\u00f3cio que est\u00e1 em\nconstante inova\u00e7\u00e3o; isso permite a conviv\u00eancia produtiva de revendedoras\ntradicionais (\u201cporta-a-porta\u201d) como um novo perfil crescente de revendedoras\nconectadas atrav\u00e9s do ambiente digital sendo que ambas s\u00e3o atra\u00eddas pela\nflexibilidade de hor\u00e1rios, autonomia e, principalmente, potencial de ganhos\u201d,\ncomenta F\u00e1bio Marchiori, CFO da AVON. \u201cPor isso, investimos constantemente em\ntecnologia e inova\u00e7\u00e3o na cria\u00e7\u00e3o de novos produtos e ferramentas que\npotencializam o neg\u00f3cio para as revendedoras<\/em>\u201d, comenta.<\/p>\n\n\n\n<p>Para abrir a\nconta, basta a revendedora baixar o App Bradesco e seguir as orienta\u00e7\u00f5es do\naplicativo. No site da Avon, a revendedora tamb\u00e9m ter\u00e1 um link de acesso para\nbaixar o aplicativo.<\/p>\n","protected":false},"excerpt":{"rendered":"<p>Em uma parceria in\u00e9dita, o Bradesco e Avon firmaram acordo que contemplar\u00e1 a oferta de solu\u00e7\u00f5es financeiras exclusivas para mais de 1 milh\u00e3o de revendedoras da empresa, em todo o Pa\u00eds. Atualmente, cerca de um ter\u00e7o delas ainda n\u00e3o s\u00e3o bancarizadas. Dessa forma, o Banco contribui para a inclus\u00e3o financeira e o consequente desenvolvimento econ\u00f4mico [&hellip;]<\/p>\n","protected":false},"author":1,"featured_media":11669,"comment_status":"open","ping_status":"open","sticky":false,"template":"","format":"standard","meta":{"tdm_status":"","tdm_grid_status":"","footnotes":""},"categories":[11,6],"tags":[1528,641,28],"class_list":["post-11668","post","type-post","status-publish","format-standard","has-post-thumbnail","hentry","category-digital","category-noticias","tag-avon","tag-bradesco","tag-marketing"],"yoast_head":"<!-- This site is optimized with the Yoast SEO plugin v27.5 - https:\/\/yoast.com\/product\/yoast-seo-wordpress\/ -->\n<title>Bradesco e Avon fecham parceria e levam solu\u00e7\u00f5es financeiras a mais de 1 milh\u00e3o de revendedoras - CidadeMarketing<\/title>\n<meta name=\"robots\" content=\"index, follow, max-snippet:-1, max-image-preview:large, max-video-preview:-1\" \/>\n<link rel=\"canonical\" href=\"https:\/\/www.cidademarketing.com.br\/marketing\/2019\/09\/12\/bradesco-e-avon-fecham-parceria-e-levam-solucoes-financeiras-a-mais-de-1-milhao-de-revendedoras\/\" \/>\n<meta property=\"og:locale\" content=\"pt_BR\" \/>\n<meta property=\"og:type\" content=\"article\" \/>\n<meta property=\"og:title\" content=\"Bradesco e Avon fecham parceria e levam solu\u00e7\u00f5es financeiras a mais de 1 milh\u00e3o de revendedoras - CidadeMarketing\" \/>\n<meta property=\"og:description\" content=\"Em uma parceria in\u00e9dita, o Bradesco e Avon firmaram acordo que contemplar\u00e1 a oferta de solu\u00e7\u00f5es financeiras exclusivas para mais de 1 milh\u00e3o de revendedoras da empresa, em todo o Pa\u00eds. Atualmente, cerca de um ter\u00e7o delas ainda n\u00e3o s\u00e3o bancarizadas. Dessa forma, o Banco contribui para a inclus\u00e3o financeira e o consequente desenvolvimento econ\u00f4mico [&hellip;]\" \/>\n<meta property=\"og:url\" content=\"https:\/\/www.cidademarketing.com.br\/marketing\/2019\/09\/12\/bradesco-e-avon-fecham-parceria-e-levam-solucoes-financeiras-a-mais-de-1-milhao-de-revendedoras\/\" \/>\n<meta property=\"og:site_name\" content=\"CidadeMarketing\" \/>\n<meta property=\"article:publisher\" content=\"https:\/\/www.facebook.com\/portalcidademarketing\" \/>\n<meta property=\"article:author\" content=\"https:\/\/www.facebook.com\/thalesbrandao\" \/>\n<meta property=\"article:published_time\" content=\"2019-09-12T13:22:52+00:00\" \/>\n<meta property=\"article:modified_time\" content=\"2019-09-12T13:23:21+00:00\" \/>\n<meta property=\"og:image\" content=\"https:\/\/www.cidademarketing.com.br\/marketing\/wp-content\/uploads\/2019\/09\/avon_bradesco.jpeg\" \/>\n\t<meta property=\"og:image:width\" content=\"1280\" \/>\n\t<meta property=\"og:image:height\" content=\"854\" \/>\n\t<meta property=\"og:image:type\" content=\"image\/jpeg\" \/>\n<meta name=\"author\" content=\"Thales Brand\u00e3o\" \/>\n<meta name=\"twitter:card\" content=\"summary_large_image\" \/>\n<meta name=\"twitter:creator\" content=\"@http:\/\/www.twitter.com\/thalesbrandao\" \/>\n<meta name=\"twitter:site\" content=\"@CidadeMarketing\" \/>\n<meta name=\"twitter:label1\" content=\"Escrito por\" \/>\n\t<meta name=\"twitter:data1\" content=\"Thales Brand\u00e3o\" \/>\n\t<meta name=\"twitter:label2\" content=\"Est. tempo de leitura\" \/>\n\t<meta name=\"twitter:data2\" content=\"2 minutos\" \/>\n<script type=\"application\/ld+json\" class=\"yoast-schema-graph\">{\"@context\":\"https:\\\/\\\/schema.org\",\"@graph\":[{\"@type\":\"Article\",\"@id\":\"https:\\\/\\\/www.cidademarketing.com.br\\\/marketing\\\/2019\\\/09\\\/12\\\/bradesco-e-avon-fecham-parceria-e-levam-solucoes-financeiras-a-mais-de-1-milhao-de-revendedoras\\\/#article\",\"isPartOf\":{\"@id\":\"https:\\\/\\\/www.cidademarketing.com.br\\\/marketing\\\/2019\\\/09\\\/12\\\/bradesco-e-avon-fecham-parceria-e-levam-solucoes-financeiras-a-mais-de-1-milhao-de-revendedoras\\\/\"},\"author\":{\"name\":\"Thales Brand\u00e3o\",\"@id\":\"https:\\\/\\\/www.cidademarketing.com.br\\\/marketing\\\/#\\\/schema\\\/person\\\/02daff9f18bd9378c9e01eb6b2db155f\"},\"headline\":\"Bradesco e Avon fecham parceria e levam solu\u00e7\u00f5es financeiras a mais de 1 milh\u00e3o de revendedoras\",\"datePublished\":\"2019-09-12T13:22:52+00:00\",\"dateModified\":\"2019-09-12T13:23:21+00:00\",\"mainEntityOfPage\":{\"@id\":\"https:\\\/\\\/www.cidademarketing.com.br\\\/marketing\\\/2019\\\/09\\\/12\\\/bradesco-e-avon-fecham-parceria-e-levam-solucoes-financeiras-a-mais-de-1-milhao-de-revendedoras\\\/\"},\"wordCount\":388,\"commentCount\":0,\"publisher\":{\"@id\":\"https:\\\/\\\/www.cidademarketing.com.br\\\/marketing\\\/#organization\"},\"image\":{\"@id\":\"https:\\\/\\\/www.cidademarketing.com.br\\\/marketing\\\/2019\\\/09\\\/12\\\/bradesco-e-avon-fecham-parceria-e-levam-solucoes-financeiras-a-mais-de-1-milhao-de-revendedoras\\\/#primaryimage\"},\"thumbnailUrl\":\"https:\\\/\\\/www.cidademarketing.com.br\\\/marketing\\\/wp-content\\\/uploads\\\/2019\\\/09\\\/avon_bradesco.jpeg\",\"keywords\":[\"Avon\",\"Bradesco\",\"marketing\"],\"articleSection\":[\"Digital\",\"Not\u00edcias\"],\"inLanguage\":\"pt-BR\",\"potentialAction\":[{\"@type\":\"CommentAction\",\"name\":\"Comment\",\"target\":[\"https:\\\/\\\/www.cidademarketing.com.br\\\/marketing\\\/2019\\\/09\\\/12\\\/bradesco-e-avon-fecham-parceria-e-levam-solucoes-financeiras-a-mais-de-1-milhao-de-revendedoras\\\/#respond\"]}]},{\"@type\":\"WebPage\",\"@id\":\"https:\\\/\\\/www.cidademarketing.com.br\\\/marketing\\\/2019\\\/09\\\/12\\\/bradesco-e-avon-fecham-parceria-e-levam-solucoes-financeiras-a-mais-de-1-milhao-de-revendedoras\\\/\",\"url\":\"https:\\\/\\\/www.cidademarketing.com.br\\\/marketing\\\/2019\\\/09\\\/12\\\/bradesco-e-avon-fecham-parceria-e-levam-solucoes-financeiras-a-mais-de-1-milhao-de-revendedoras\\\/\",\"name\":\"Bradesco e Avon fecham parceria e levam solu\u00e7\u00f5es financeiras a mais de 1 milh\u00e3o de revendedoras - CidadeMarketing\",\"isPartOf\":{\"@id\":\"https:\\\/\\\/www.cidademarketing.com.br\\\/marketing\\\/#website\"},\"primaryImageOfPage\":{\"@id\":\"https:\\\/\\\/www.cidademarketing.com.br\\\/marketing\\\/2019\\\/09\\\/12\\\/bradesco-e-avon-fecham-parceria-e-levam-solucoes-financeiras-a-mais-de-1-milhao-de-revendedoras\\\/#primaryimage\"},\"image\":{\"@id\":\"https:\\\/\\\/www.cidademarketing.com.br\\\/marketing\\\/2019\\\/09\\\/12\\\/bradesco-e-avon-fecham-parceria-e-levam-solucoes-financeiras-a-mais-de-1-milhao-de-revendedoras\\\/#primaryimage\"},\"thumbnailUrl\":\"https:\\\/\\\/www.cidademarketing.com.br\\\/marketing\\\/wp-content\\\/uploads\\\/2019\\\/09\\\/avon_bradesco.jpeg\",\"datePublished\":\"2019-09-12T13:22:52+00:00\",\"dateModified\":\"2019-09-12T13:23:21+00:00\",\"breadcrumb\":{\"@id\":\"https:\\\/\\\/www.cidademarketing.com.br\\\/marketing\\\/2019\\\/09\\\/12\\\/bradesco-e-avon-fecham-parceria-e-levam-solucoes-financeiras-a-mais-de-1-milhao-de-revendedoras\\\/#breadcrumb\"},\"inLanguage\":\"pt-BR\",\"potentialAction\":[{\"@type\":\"ReadAction\",\"target\":[\"https:\\\/\\\/www.cidademarketing.com.br\\\/marketing\\\/2019\\\/09\\\/12\\\/bradesco-e-avon-fecham-parceria-e-levam-solucoes-financeiras-a-mais-de-1-milhao-de-revendedoras\\\/\"]}]},{\"@type\":\"ImageObject\",\"inLanguage\":\"pt-BR\",\"@id\":\"https:\\\/\\\/www.cidademarketing.com.br\\\/marketing\\\/2019\\\/09\\\/12\\\/bradesco-e-avon-fecham-parceria-e-levam-solucoes-financeiras-a-mais-de-1-milhao-de-revendedoras\\\/#primaryimage\",\"url\":\"https:\\\/\\\/www.cidademarketing.com.br\\\/marketing\\\/wp-content\\\/uploads\\\/2019\\\/09\\\/avon_bradesco.jpeg\",\"contentUrl\":\"https:\\\/\\\/www.cidademarketing.com.br\\\/marketing\\\/wp-content\\\/uploads\\\/2019\\\/09\\\/avon_bradesco.jpeg\",\"width\":1280,\"height\":854,\"caption\":\"A Avon, mais uma vez articula uma parceria estrat\u00e9gia para melhorar ainda mais o servi\u00e7o e neg\u00f3cio de suas revendedoras. Foto: Divulga\u00e7\u00e3o\"},{\"@type\":\"BreadcrumbList\",\"@id\":\"https:\\\/\\\/www.cidademarketing.com.br\\\/marketing\\\/2019\\\/09\\\/12\\\/bradesco-e-avon-fecham-parceria-e-levam-solucoes-financeiras-a-mais-de-1-milhao-de-revendedoras\\\/#breadcrumb\",\"itemListElement\":[{\"@type\":\"ListItem\",\"position\":1,\"name\":\"In\u00edcio\",\"item\":\"https:\\\/\\\/www.cidademarketing.com.br\\\/marketing\\\/\"},{\"@type\":\"ListItem\",\"position\":2,\"name\":\"Bradesco e Avon fecham parceria e levam solu\u00e7\u00f5es financeiras a mais de 1 milh\u00e3o de revendedoras\"}]},{\"@type\":\"WebSite\",\"@id\":\"https:\\\/\\\/www.cidademarketing.com.br\\\/marketing\\\/#website\",\"url\":\"https:\\\/\\\/www.cidademarketing.com.br\\\/marketing\\\/\",\"name\":\"CidadeMarketing\",\"description\":\"Somos um ve\u00edculo de comunica\u00e7\u00e3o de destaque no Brasil, reconhecido por conte\u00fados nos segmentos de marketing, empreendedorismo e inova\u00e7\u00e3o.\",\"publisher\":{\"@id\":\"https:\\\/\\\/www.cidademarketing.com.br\\\/marketing\\\/#organization\"},\"alternateName\":\"CidadeMarketing\",\"potentialAction\":[{\"@type\":\"SearchAction\",\"target\":{\"@type\":\"EntryPoint\",\"urlTemplate\":\"https:\\\/\\\/www.cidademarketing.com.br\\\/marketing\\\/?s={search_term_string}\"},\"query-input\":{\"@type\":\"PropertyValueSpecification\",\"valueRequired\":true,\"valueName\":\"search_term_string\"}}],\"inLanguage\":\"pt-BR\"},{\"@type\":\"Organization\",\"@id\":\"https:\\\/\\\/www.cidademarketing.com.br\\\/marketing\\\/#organization\",\"name\":\"CidadeMarketing\",\"alternateName\":\"CidadeMarketing\",\"url\":\"https:\\\/\\\/www.cidademarketing.com.br\\\/marketing\\\/\",\"logo\":{\"@type\":\"ImageObject\",\"inLanguage\":\"pt-BR\",\"@id\":\"https:\\\/\\\/www.cidademarketing.com.br\\\/marketing\\\/#\\\/schema\\\/logo\\\/image\\\/\",\"url\":\"https:\\\/\\\/www.cidademarketing.com.br\\\/marketing\\\/wp-content\\\/uploads\\\/2020\\\/01\\\/cidademarketing_marca_mobile.png\",\"contentUrl\":\"https:\\\/\\\/www.cidademarketing.com.br\\\/marketing\\\/wp-content\\\/uploads\\\/2020\\\/01\\\/cidademarketing_marca_mobile.png\",\"width\":230,\"height\":92,\"caption\":\"CidadeMarketing\"},\"image\":{\"@id\":\"https:\\\/\\\/www.cidademarketing.com.br\\\/marketing\\\/#\\\/schema\\\/logo\\\/image\\\/\"},\"sameAs\":[\"https:\\\/\\\/www.facebook.com\\\/portalcidademarketing\",\"https:\\\/\\\/x.com\\\/CidadeMarketing\",\"https:\\\/\\\/www.instagram.com\\\/cidademarketing\\\/\"]},{\"@type\":\"Person\",\"@id\":\"https:\\\/\\\/www.cidademarketing.com.br\\\/marketing\\\/#\\\/schema\\\/person\\\/02daff9f18bd9378c9e01eb6b2db155f\",\"name\":\"Thales Brand\u00e3o\",\"image\":{\"@type\":\"ImageObject\",\"inLanguage\":\"pt-BR\",\"@id\":\"https:\\\/\\\/secure.gravatar.com\\\/avatar\\\/7ca3206950207cc3cb48feec56a8a7898741ab725c368d99d5d7a5a50aab80c6?s=96&d=mm&r=g\",\"url\":\"https:\\\/\\\/secure.gravatar.com\\\/avatar\\\/7ca3206950207cc3cb48feec56a8a7898741ab725c368d99d5d7a5a50aab80c6?s=96&d=mm&r=g\",\"contentUrl\":\"https:\\\/\\\/secure.gravatar.com\\\/avatar\\\/7ca3206950207cc3cb48feec56a8a7898741ab725c368d99d5d7a5a50aab80c6?s=96&d=mm&r=g\",\"caption\":\"Thales Brand\u00e3o\"},\"description\":\"Editor Executivo do Portal CidadeMarketing.com.br &gt; Mestre em Comunica\u00e7\u00e3o e Sociedade pela Universidade Federal de Sergipe. Possui MBA Executivo em Administra\u00e7\u00e3o com \u00eanfase em Marketing pela Funda\u00e7\u00e3o Get\u00falio Vargas - Rio de Janeiro. Consultor, Palestrante e Pesquisador sobre Empreendedorismo, Marketing, Redes Sociais e Neg\u00f3cios Digitais. Professor, Palestrante TedxTalks e Campus Party. Twitter: @ThalesBrandao\",\"sameAs\":[\"http:\\\/\\\/www.mandacaru.com.br\",\"https:\\\/\\\/www.facebook.com\\\/thalesbrandao\",\"http:\\\/\\\/www.instagram.com.br\\\/thalesbrandaoferreira\",\"https:\\\/\\\/www.linkedin.com\\\/in\\\/thales-brand\u00e3o-3948609\\\/\",\"https:\\\/\\\/x.com\\\/http:\\\/\\\/www.twitter.com\\\/thalesbrandao\"],\"url\":\"https:\\\/\\\/www.cidademarketing.com.br\\\/marketing\\\/author\\\/thalesbrandao\\\/\"}]}<\/script>\n<!-- \/ Yoast SEO plugin. -->","yoast_head_json":{"title":"Bradesco e Avon fecham parceria e levam solu\u00e7\u00f5es financeiras a mais de 1 milh\u00e3o de revendedoras - CidadeMarketing","robots":{"index":"index","follow":"follow","max-snippet":"max-snippet:-1","max-image-preview":"max-image-preview:large","max-video-preview":"max-video-preview:-1"},"canonical":"https:\/\/www.cidademarketing.com.br\/marketing\/2019\/09\/12\/bradesco-e-avon-fecham-parceria-e-levam-solucoes-financeiras-a-mais-de-1-milhao-de-revendedoras\/","og_locale":"pt_BR","og_type":"article","og_title":"Bradesco e Avon fecham parceria e levam solu\u00e7\u00f5es financeiras a mais de 1 milh\u00e3o de revendedoras - CidadeMarketing","og_description":"Em uma parceria in\u00e9dita, o Bradesco e Avon firmaram acordo que contemplar\u00e1 a oferta de solu\u00e7\u00f5es financeiras exclusivas para mais de 1 milh\u00e3o de revendedoras da empresa, em todo o Pa\u00eds. Atualmente, cerca de um ter\u00e7o delas ainda n\u00e3o s\u00e3o bancarizadas. Dessa forma, o Banco contribui para a inclus\u00e3o financeira e o consequente desenvolvimento econ\u00f4mico [&hellip;]","og_url":"https:\/\/www.cidademarketing.com.br\/marketing\/2019\/09\/12\/bradesco-e-avon-fecham-parceria-e-levam-solucoes-financeiras-a-mais-de-1-milhao-de-revendedoras\/","og_site_name":"CidadeMarketing","article_publisher":"https:\/\/www.facebook.com\/portalcidademarketing","article_author":"https:\/\/www.facebook.com\/thalesbrandao","article_published_time":"2019-09-12T13:22:52+00:00","article_modified_time":"2019-09-12T13:23:21+00:00","og_image":[{"width":1280,"height":854,"url":"https:\/\/www.cidademarketing.com.br\/marketing\/wp-content\/uploads\/2019\/09\/avon_bradesco.jpeg","type":"image\/jpeg"}],"author":"Thales Brand\u00e3o","twitter_card":"summary_large_image","twitter_creator":"@http:\/\/www.twitter.com\/thalesbrandao","twitter_site":"@CidadeMarketing","twitter_misc":{"Escrito por":"Thales Brand\u00e3o","Est. tempo de leitura":"2 minutos"},"schema":{"@context":"https:\/\/schema.org","@graph":[{"@type":"Article","@id":"https:\/\/www.cidademarketing.com.br\/marketing\/2019\/09\/12\/bradesco-e-avon-fecham-parceria-e-levam-solucoes-financeiras-a-mais-de-1-milhao-de-revendedoras\/#article","isPartOf":{"@id":"https:\/\/www.cidademarketing.com.br\/marketing\/2019\/09\/12\/bradesco-e-avon-fecham-parceria-e-levam-solucoes-financeiras-a-mais-de-1-milhao-de-revendedoras\/"},"author":{"name":"Thales Brand\u00e3o","@id":"https:\/\/www.cidademarketing.com.br\/marketing\/#\/schema\/person\/02daff9f18bd9378c9e01eb6b2db155f"},"headline":"Bradesco e Avon fecham parceria e levam solu\u00e7\u00f5es financeiras a mais de 1 milh\u00e3o de revendedoras","datePublished":"2019-09-12T13:22:52+00:00","dateModified":"2019-09-12T13:23:21+00:00","mainEntityOfPage":{"@id":"https:\/\/www.cidademarketing.com.br\/marketing\/2019\/09\/12\/bradesco-e-avon-fecham-parceria-e-levam-solucoes-financeiras-a-mais-de-1-milhao-de-revendedoras\/"},"wordCount":388,"commentCount":0,"publisher":{"@id":"https:\/\/www.cidademarketing.com.br\/marketing\/#organization"},"image":{"@id":"https:\/\/www.cidademarketing.com.br\/marketing\/2019\/09\/12\/bradesco-e-avon-fecham-parceria-e-levam-solucoes-financeiras-a-mais-de-1-milhao-de-revendedoras\/#primaryimage"},"thumbnailUrl":"https:\/\/www.cidademarketing.com.br\/marketing\/wp-content\/uploads\/2019\/09\/avon_bradesco.jpeg","keywords":["Avon","Bradesco","marketing"],"articleSection":["Digital","Not\u00edcias"],"inLanguage":"pt-BR","potentialAction":[{"@type":"CommentAction","name":"Comment","target":["https:\/\/www.cidademarketing.com.br\/marketing\/2019\/09\/12\/bradesco-e-avon-fecham-parceria-e-levam-solucoes-financeiras-a-mais-de-1-milhao-de-revendedoras\/#respond"]}]},{"@type":"WebPage","@id":"https:\/\/www.cidademarketing.com.br\/marketing\/2019\/09\/12\/bradesco-e-avon-fecham-parceria-e-levam-solucoes-financeiras-a-mais-de-1-milhao-de-revendedoras\/","url":"https:\/\/www.cidademarketing.com.br\/marketing\/2019\/09\/12\/bradesco-e-avon-fecham-parceria-e-levam-solucoes-financeiras-a-mais-de-1-milhao-de-revendedoras\/","name":"Bradesco e Avon fecham parceria e levam solu\u00e7\u00f5es financeiras a mais de 1 milh\u00e3o de revendedoras - CidadeMarketing","isPartOf":{"@id":"https:\/\/www.cidademarketing.com.br\/marketing\/#website"},"primaryImageOfPage":{"@id":"https:\/\/www.cidademarketing.com.br\/marketing\/2019\/09\/12\/bradesco-e-avon-fecham-parceria-e-levam-solucoes-financeiras-a-mais-de-1-milhao-de-revendedoras\/#primaryimage"},"image":{"@id":"https:\/\/www.cidademarketing.com.br\/marketing\/2019\/09\/12\/bradesco-e-avon-fecham-parceria-e-levam-solucoes-financeiras-a-mais-de-1-milhao-de-revendedoras\/#primaryimage"},"thumbnailUrl":"https:\/\/www.cidademarketing.com.br\/marketing\/wp-content\/uploads\/2019\/09\/avon_bradesco.jpeg","datePublished":"2019-09-12T13:22:52+00:00","dateModified":"2019-09-12T13:23:21+00:00","breadcrumb":{"@id":"https:\/\/www.cidademarketing.com.br\/marketing\/2019\/09\/12\/bradesco-e-avon-fecham-parceria-e-levam-solucoes-financeiras-a-mais-de-1-milhao-de-revendedoras\/#breadcrumb"},"inLanguage":"pt-BR","potentialAction":[{"@type":"ReadAction","target":["https:\/\/www.cidademarketing.com.br\/marketing\/2019\/09\/12\/bradesco-e-avon-fecham-parceria-e-levam-solucoes-financeiras-a-mais-de-1-milhao-de-revendedoras\/"]}]},{"@type":"ImageObject","inLanguage":"pt-BR","@id":"https:\/\/www.cidademarketing.com.br\/marketing\/2019\/09\/12\/bradesco-e-avon-fecham-parceria-e-levam-solucoes-financeiras-a-mais-de-1-milhao-de-revendedoras\/#primaryimage","url":"https:\/\/www.cidademarketing.com.br\/marketing\/wp-content\/uploads\/2019\/09\/avon_bradesco.jpeg","contentUrl":"https:\/\/www.cidademarketing.com.br\/marketing\/wp-content\/uploads\/2019\/09\/avon_bradesco.jpeg","width":1280,"height":854,"caption":"A Avon, mais uma vez articula uma parceria estrat\u00e9gia para melhorar ainda mais o servi\u00e7o e neg\u00f3cio de suas revendedoras. Foto: Divulga\u00e7\u00e3o"},{"@type":"BreadcrumbList","@id":"https:\/\/www.cidademarketing.com.br\/marketing\/2019\/09\/12\/bradesco-e-avon-fecham-parceria-e-levam-solucoes-financeiras-a-mais-de-1-milhao-de-revendedoras\/#breadcrumb","itemListElement":[{"@type":"ListItem","position":1,"name":"In\u00edcio","item":"https:\/\/www.cidademarketing.com.br\/marketing\/"},{"@type":"ListItem","position":2,"name":"Bradesco e Avon fecham parceria e levam solu\u00e7\u00f5es financeiras a mais de 1 milh\u00e3o de revendedoras"}]},{"@type":"WebSite","@id":"https:\/\/www.cidademarketing.com.br\/marketing\/#website","url":"https:\/\/www.cidademarketing.com.br\/marketing\/","name":"CidadeMarketing","description":"Somos um ve\u00edculo de comunica\u00e7\u00e3o de destaque no Brasil, reconhecido por conte\u00fados nos segmentos de marketing, empreendedorismo e inova\u00e7\u00e3o.","publisher":{"@id":"https:\/\/www.cidademarketing.com.br\/marketing\/#organization"},"alternateName":"CidadeMarketing","potentialAction":[{"@type":"SearchAction","target":{"@type":"EntryPoint","urlTemplate":"https:\/\/www.cidademarketing.com.br\/marketing\/?s={search_term_string}"},"query-input":{"@type":"PropertyValueSpecification","valueRequired":true,"valueName":"search_term_string"}}],"inLanguage":"pt-BR"},{"@type":"Organization","@id":"https:\/\/www.cidademarketing.com.br\/marketing\/#organization","name":"CidadeMarketing","alternateName":"CidadeMarketing","url":"https:\/\/www.cidademarketing.com.br\/marketing\/","logo":{"@type":"ImageObject","inLanguage":"pt-BR","@id":"https:\/\/www.cidademarketing.com.br\/marketing\/#\/schema\/logo\/image\/","url":"https:\/\/www.cidademarketing.com.br\/marketing\/wp-content\/uploads\/2020\/01\/cidademarketing_marca_mobile.png","contentUrl":"https:\/\/www.cidademarketing.com.br\/marketing\/wp-content\/uploads\/2020\/01\/cidademarketing_marca_mobile.png","width":230,"height":92,"caption":"CidadeMarketing"},"image":{"@id":"https:\/\/www.cidademarketing.com.br\/marketing\/#\/schema\/logo\/image\/"},"sameAs":["https:\/\/www.facebook.com\/portalcidademarketing","https:\/\/x.com\/CidadeMarketing","https:\/\/www.instagram.com\/cidademarketing\/"]},{"@type":"Person","@id":"https:\/\/www.cidademarketing.com.br\/marketing\/#\/schema\/person\/02daff9f18bd9378c9e01eb6b2db155f","name":"Thales Brand\u00e3o","image":{"@type":"ImageObject","inLanguage":"pt-BR","@id":"https:\/\/secure.gravatar.com\/avatar\/7ca3206950207cc3cb48feec56a8a7898741ab725c368d99d5d7a5a50aab80c6?s=96&d=mm&r=g","url":"https:\/\/secure.gravatar.com\/avatar\/7ca3206950207cc3cb48feec56a8a7898741ab725c368d99d5d7a5a50aab80c6?s=96&d=mm&r=g","contentUrl":"https:\/\/secure.gravatar.com\/avatar\/7ca3206950207cc3cb48feec56a8a7898741ab725c368d99d5d7a5a50aab80c6?s=96&d=mm&r=g","caption":"Thales Brand\u00e3o"},"description":"Editor Executivo do Portal CidadeMarketing.com.br &gt; Mestre em Comunica\u00e7\u00e3o e Sociedade pela Universidade Federal de Sergipe. Possui MBA Executivo em Administra\u00e7\u00e3o com \u00eanfase em Marketing pela Funda\u00e7\u00e3o Get\u00falio Vargas - Rio de Janeiro. Consultor, Palestrante e Pesquisador sobre Empreendedorismo, Marketing, Redes Sociais e Neg\u00f3cios Digitais. Professor, Palestrante TedxTalks e Campus Party. Twitter: @ThalesBrandao","sameAs":["http:\/\/www.mandacaru.com.br","https:\/\/www.facebook.com\/thalesbrandao","http:\/\/www.instagram.com.br\/thalesbrandaoferreira","https:\/\/www.linkedin.com\/in\/thales-brand\u00e3o-3948609\/","https:\/\/x.com\/http:\/\/www.twitter.com\/thalesbrandao"],"url":"https:\/\/www.cidademarketing.com.br\/marketing\/author\/thalesbrandao\/"}]}},"amp_enabled":true,"_links":{"self":[{"href":"https:\/\/www.cidademarketing.com.br\/marketing\/wp-json\/wp\/v2\/posts\/11668","targetHints":{"allow":["GET"]}}],"collection":[{"href":"https:\/\/www.cidademarketing.com.br\/marketing\/wp-json\/wp\/v2\/posts"}],"about":[{"href":"https:\/\/www.cidademarketing.com.br\/marketing\/wp-json\/wp\/v2\/types\/post"}],"author":[{"embeddable":true,"href":"https:\/\/www.cidademarketing.com.br\/marketing\/wp-json\/wp\/v2\/users\/1"}],"replies":[{"embeddable":true,"href":"https:\/\/www.cidademarketing.com.br\/marketing\/wp-json\/wp\/v2\/comments?post=11668"}],"version-history":[{"count":1,"href":"https:\/\/www.cidademarketing.com.br\/marketing\/wp-json\/wp\/v2\/posts\/11668\/revisions"}],"predecessor-version":[{"id":11670,"href":"https:\/\/www.cidademarketing.com.br\/marketing\/wp-json\/wp\/v2\/posts\/11668\/revisions\/11670"}],"wp:featuredmedia":[{"embeddable":true,"href":"https:\/\/www.cidademarketing.com.br\/marketing\/wp-json\/wp\/v2\/media\/11669"}],"wp:attachment":[{"href":"https:\/\/www.cidademarketing.com.br\/marketing\/wp-json\/wp\/v2\/media?parent=11668"}],"wp:term":[{"taxonomy":"category","embeddable":true,"href":"https:\/\/www.cidademarketing.com.br\/marketing\/wp-json\/wp\/v2\/categories?post=11668"},{"taxonomy":"post_tag","embeddable":true,"href":"https:\/\/www.cidademarketing.com.br\/marketing\/wp-json\/wp\/v2\/tags?post=11668"}],"curies":[{"name":"wp","href":"https:\/\/api.w.org\/{rel}","templated":true}]}}