{"id":11616,"date":"2019-09-10T04:46:33","date_gmt":"2019-09-10T00:46:33","guid":{"rendered":"https:\/\/www.cidademarketing.com.br\/marketing\/?p=11616"},"modified":"2019-09-19T00:02:50","modified_gmt":"2019-09-18T20:02:50","slug":"empresa-de-bikes-eletricas-comemora-dia-mundial-sem-carro-com-plano-quinzenal-de-aluguel-de-bike-por-r-1","status":"publish","type":"post","link":"https:\/\/www.cidademarketing.com.br\/marketing\/2019\/09\/10\/empresa-de-bikes-eletricas-comemora-dia-mundial-sem-carro-com-plano-quinzenal-de-aluguel-de-bike-por-r-1\/","title":{"rendered":"Empresa de bikes el\u00e9tricas comemora Dia Mundial Sem Carro com plano quinzenal de aluguel de bike por R$ 1"},"content":{"rendered":"\n<p>Em 22 de\nsetembro \u00e9 comemorado o Dia Mundial Sem Carro, que tem como objetivo estimular\na reflex\u00e3o sobre o uso dos carros no dia a dia da popula\u00e7\u00e3o. Sempre inovadora,\na marca de bicicletas el\u00e9tricas <strong>Lev <\/strong>vai promover uma a\u00e7\u00e3o in\u00e9dita: a\ncampanha \u201cSemana menos 1 carro\u201d. A partir do dia 16 de setembro, a Lev vai\noferecer o aluguel de uma bike el\u00e9trica com o custo de apenas R$ 1,00 por 15\ndias seguidos na cidade de S\u00e3o Paulo.<\/p>\n\n\n\n<p>No dia\n22, a Lev promove uma grande pedalada pelas ruas de S\u00e3o Paulo <strong>a partir das\n14h<\/strong>. O trajeto da pedalada, de pouco mais de quatro quil\u00f4metros, entre os\nbairros do Itaim, saindo da Rua Clodomiro Amazonas, 988, terminando em\nPinheiros, na Rua Mateus Grou, 172. Para participar, \u00e9 necess\u00e1rio preencher um\nformul\u00e1rio no site da empresa. Os participantes receber\u00e3o um kit com ecobag,\ncamiseta, copo, adesivo e uma plaquinha com o nome da campanha para\npersonalizar a bike.&nbsp;<\/p>\n\n\n\n<p><br> Para garantir o kit e saber mais detalhes da pedalada, confirme presen\u00e7a no evento da marca no Facebook e preencha o formul\u00e1rio disponibilizado no site da Lev (<a href=\"http:\/\/www.golev.com.br\" target=\"_blank\" rel=\"noreferrer noopener\" aria-label=\"www.golev.com.br (abre numa nova aba)\">www.golev.com.br<\/a>), a partir do dia 16 at\u00e9 o dia 22 de setembro &#8211; uma hora antes do evento.\u00a0 <\/p>\n","protected":false},"excerpt":{"rendered":"<p>Em 22 de setembro \u00e9 comemorado o Dia Mundial Sem Carro, que tem como objetivo estimular a reflex\u00e3o sobre o uso dos carros no dia a dia da popula\u00e7\u00e3o. Sempre inovadora, a marca de bicicletas el\u00e9tricas Lev vai promover uma a\u00e7\u00e3o in\u00e9dita: a campanha \u201cSemana menos 1 carro\u201d. A partir do dia 16 de setembro, [&hellip;]<\/p>\n","protected":false},"author":1,"featured_media":11617,"comment_status":"open","ping_status":"open","sticky":false,"template":"","format":"standard","meta":{"tdm_status":"","tdm_grid_status":"","footnotes":""},"categories":[6],"tags":[2430,2429,28],"class_list":["post-11616","post","type-post","status-publish","format-standard","has-post-thumbnail","hentry","category-noticias","tag-bicicletas","tag-bikes","tag-marketing"],"yoast_head":"<!-- This site is optimized with the Yoast SEO plugin v27.5 - https:\/\/yoast.com\/product\/yoast-seo-wordpress\/ -->\n<title>Empresa de bikes el\u00e9tricas comemora Dia Mundial Sem Carro com plano quinzenal de aluguel de bike por R$ 1 - CidadeMarketing<\/title>\n<meta name=\"robots\" content=\"index, follow, max-snippet:-1, max-image-preview:large, max-video-preview:-1\" \/>\n<link rel=\"canonical\" href=\"https:\/\/www.cidademarketing.com.br\/marketing\/2019\/09\/10\/empresa-de-bikes-eletricas-comemora-dia-mundial-sem-carro-com-plano-quinzenal-de-aluguel-de-bike-por-r-1\/\" \/>\n<meta property=\"og:locale\" content=\"pt_BR\" \/>\n<meta property=\"og:type\" content=\"article\" \/>\n<meta property=\"og:title\" content=\"Empresa de bikes el\u00e9tricas comemora Dia Mundial Sem Carro com plano quinzenal de aluguel de bike por R$ 1 - CidadeMarketing\" \/>\n<meta property=\"og:description\" content=\"Em 22 de setembro \u00e9 comemorado o Dia Mundial Sem Carro, que tem como objetivo estimular a reflex\u00e3o sobre o uso dos carros no dia a dia da popula\u00e7\u00e3o. Sempre inovadora, a marca de bicicletas el\u00e9tricas Lev vai promover uma a\u00e7\u00e3o in\u00e9dita: a campanha \u201cSemana menos 1 carro\u201d. A partir do dia 16 de setembro, [&hellip;]\" \/>\n<meta property=\"og:url\" content=\"https:\/\/www.cidademarketing.com.br\/marketing\/2019\/09\/10\/empresa-de-bikes-eletricas-comemora-dia-mundial-sem-carro-com-plano-quinzenal-de-aluguel-de-bike-por-r-1\/\" \/>\n<meta property=\"og:site_name\" content=\"CidadeMarketing\" \/>\n<meta property=\"article:publisher\" content=\"https:\/\/www.facebook.com\/portalcidademarketing\" \/>\n<meta property=\"article:author\" content=\"https:\/\/www.facebook.com\/thalesbrandao\" \/>\n<meta property=\"article:published_time\" content=\"2019-09-10T00:46:33+00:00\" \/>\n<meta property=\"article:modified_time\" content=\"2019-09-18T20:02:50+00:00\" \/>\n<meta property=\"og:image\" content=\"https:\/\/www.cidademarketing.com.br\/marketing\/wp-content\/uploads\/2019\/09\/lev_bikeseletricas.jpg\" \/>\n\t<meta property=\"og:image:width\" content=\"929\" \/>\n\t<meta property=\"og:image:height\" content=\"760\" \/>\n\t<meta property=\"og:image:type\" content=\"image\/jpeg\" \/>\n<meta name=\"author\" content=\"Thales Brand\u00e3o\" \/>\n<meta name=\"twitter:card\" content=\"summary_large_image\" \/>\n<meta name=\"twitter:creator\" content=\"@http:\/\/www.twitter.com\/thalesbrandao\" \/>\n<meta name=\"twitter:site\" content=\"@CidadeMarketing\" \/>\n<meta name=\"twitter:label1\" content=\"Escrito por\" \/>\n\t<meta name=\"twitter:data1\" content=\"Thales Brand\u00e3o\" \/>\n\t<meta name=\"twitter:label2\" content=\"Est. tempo de leitura\" \/>\n\t<meta name=\"twitter:data2\" content=\"1 minuto\" \/>\n<script type=\"application\/ld+json\" class=\"yoast-schema-graph\">{\"@context\":\"https:\\\/\\\/schema.org\",\"@graph\":[{\"@type\":\"Article\",\"@id\":\"https:\\\/\\\/www.cidademarketing.com.br\\\/marketing\\\/2019\\\/09\\\/10\\\/empresa-de-bikes-eletricas-comemora-dia-mundial-sem-carro-com-plano-quinzenal-de-aluguel-de-bike-por-r-1\\\/#article\",\"isPartOf\":{\"@id\":\"https:\\\/\\\/www.cidademarketing.com.br\\\/marketing\\\/2019\\\/09\\\/10\\\/empresa-de-bikes-eletricas-comemora-dia-mundial-sem-carro-com-plano-quinzenal-de-aluguel-de-bike-por-r-1\\\/\"},\"author\":{\"name\":\"Thales Brand\u00e3o\",\"@id\":\"https:\\\/\\\/www.cidademarketing.com.br\\\/marketing\\\/#\\\/schema\\\/person\\\/02daff9f18bd9378c9e01eb6b2db155f\"},\"headline\":\"Empresa de bikes el\u00e9tricas comemora Dia Mundial Sem Carro com plano quinzenal de aluguel de bike por R$ 1\",\"datePublished\":\"2019-09-10T00:46:33+00:00\",\"dateModified\":\"2019-09-18T20:02:50+00:00\",\"mainEntityOfPage\":{\"@id\":\"https:\\\/\\\/www.cidademarketing.com.br\\\/marketing\\\/2019\\\/09\\\/10\\\/empresa-de-bikes-eletricas-comemora-dia-mundial-sem-carro-com-plano-quinzenal-de-aluguel-de-bike-por-r-1\\\/\"},\"wordCount\":231,\"commentCount\":0,\"publisher\":{\"@id\":\"https:\\\/\\\/www.cidademarketing.com.br\\\/marketing\\\/#organization\"},\"image\":{\"@id\":\"https:\\\/\\\/www.cidademarketing.com.br\\\/marketing\\\/2019\\\/09\\\/10\\\/empresa-de-bikes-eletricas-comemora-dia-mundial-sem-carro-com-plano-quinzenal-de-aluguel-de-bike-por-r-1\\\/#primaryimage\"},\"thumbnailUrl\":\"https:\\\/\\\/www.cidademarketing.com.br\\\/marketing\\\/wp-content\\\/uploads\\\/2019\\\/09\\\/lev_bikeseletricas.jpg\",\"keywords\":[\"bicicletas\",\"bikes\",\"marketing\"],\"articleSection\":[\"Not\u00edcias\"],\"inLanguage\":\"pt-BR\",\"potentialAction\":[{\"@type\":\"CommentAction\",\"name\":\"Comment\",\"target\":[\"https:\\\/\\\/www.cidademarketing.com.br\\\/marketing\\\/2019\\\/09\\\/10\\\/empresa-de-bikes-eletricas-comemora-dia-mundial-sem-carro-com-plano-quinzenal-de-aluguel-de-bike-por-r-1\\\/#respond\"]}]},{\"@type\":\"WebPage\",\"@id\":\"https:\\\/\\\/www.cidademarketing.com.br\\\/marketing\\\/2019\\\/09\\\/10\\\/empresa-de-bikes-eletricas-comemora-dia-mundial-sem-carro-com-plano-quinzenal-de-aluguel-de-bike-por-r-1\\\/\",\"url\":\"https:\\\/\\\/www.cidademarketing.com.br\\\/marketing\\\/2019\\\/09\\\/10\\\/empresa-de-bikes-eletricas-comemora-dia-mundial-sem-carro-com-plano-quinzenal-de-aluguel-de-bike-por-r-1\\\/\",\"name\":\"Empresa de bikes el\u00e9tricas comemora Dia Mundial Sem Carro com plano quinzenal de aluguel de bike por R$ 1 - CidadeMarketing\",\"isPartOf\":{\"@id\":\"https:\\\/\\\/www.cidademarketing.com.br\\\/marketing\\\/#website\"},\"primaryImageOfPage\":{\"@id\":\"https:\\\/\\\/www.cidademarketing.com.br\\\/marketing\\\/2019\\\/09\\\/10\\\/empresa-de-bikes-eletricas-comemora-dia-mundial-sem-carro-com-plano-quinzenal-de-aluguel-de-bike-por-r-1\\\/#primaryimage\"},\"image\":{\"@id\":\"https:\\\/\\\/www.cidademarketing.com.br\\\/marketing\\\/2019\\\/09\\\/10\\\/empresa-de-bikes-eletricas-comemora-dia-mundial-sem-carro-com-plano-quinzenal-de-aluguel-de-bike-por-r-1\\\/#primaryimage\"},\"thumbnailUrl\":\"https:\\\/\\\/www.cidademarketing.com.br\\\/marketing\\\/wp-content\\\/uploads\\\/2019\\\/09\\\/lev_bikeseletricas.jpg\",\"datePublished\":\"2019-09-10T00:46:33+00:00\",\"dateModified\":\"2019-09-18T20:02:50+00:00\",\"breadcrumb\":{\"@id\":\"https:\\\/\\\/www.cidademarketing.com.br\\\/marketing\\\/2019\\\/09\\\/10\\\/empresa-de-bikes-eletricas-comemora-dia-mundial-sem-carro-com-plano-quinzenal-de-aluguel-de-bike-por-r-1\\\/#breadcrumb\"},\"inLanguage\":\"pt-BR\",\"potentialAction\":[{\"@type\":\"ReadAction\",\"target\":[\"https:\\\/\\\/www.cidademarketing.com.br\\\/marketing\\\/2019\\\/09\\\/10\\\/empresa-de-bikes-eletricas-comemora-dia-mundial-sem-carro-com-plano-quinzenal-de-aluguel-de-bike-por-r-1\\\/\"]}]},{\"@type\":\"ImageObject\",\"inLanguage\":\"pt-BR\",\"@id\":\"https:\\\/\\\/www.cidademarketing.com.br\\\/marketing\\\/2019\\\/09\\\/10\\\/empresa-de-bikes-eletricas-comemora-dia-mundial-sem-carro-com-plano-quinzenal-de-aluguel-de-bike-por-r-1\\\/#primaryimage\",\"url\":\"https:\\\/\\\/www.cidademarketing.com.br\\\/marketing\\\/wp-content\\\/uploads\\\/2019\\\/09\\\/lev_bikeseletricas.jpg\",\"contentUrl\":\"https:\\\/\\\/www.cidademarketing.com.br\\\/marketing\\\/wp-content\\\/uploads\\\/2019\\\/09\\\/lev_bikeseletricas.jpg\",\"width\":929,\"height\":760,\"caption\":\"Reprodu\u00e7\u00e3o\"},{\"@type\":\"BreadcrumbList\",\"@id\":\"https:\\\/\\\/www.cidademarketing.com.br\\\/marketing\\\/2019\\\/09\\\/10\\\/empresa-de-bikes-eletricas-comemora-dia-mundial-sem-carro-com-plano-quinzenal-de-aluguel-de-bike-por-r-1\\\/#breadcrumb\",\"itemListElement\":[{\"@type\":\"ListItem\",\"position\":1,\"name\":\"In\u00edcio\",\"item\":\"https:\\\/\\\/www.cidademarketing.com.br\\\/marketing\\\/\"},{\"@type\":\"ListItem\",\"position\":2,\"name\":\"Empresa de bikes el\u00e9tricas comemora Dia Mundial Sem Carro com plano quinzenal de aluguel de bike por R$ 1\"}]},{\"@type\":\"WebSite\",\"@id\":\"https:\\\/\\\/www.cidademarketing.com.br\\\/marketing\\\/#website\",\"url\":\"https:\\\/\\\/www.cidademarketing.com.br\\\/marketing\\\/\",\"name\":\"CidadeMarketing\",\"description\":\"Somos um ve\u00edculo de comunica\u00e7\u00e3o de destaque no Brasil, reconhecido por conte\u00fados nos segmentos de marketing, empreendedorismo e inova\u00e7\u00e3o.\",\"publisher\":{\"@id\":\"https:\\\/\\\/www.cidademarketing.com.br\\\/marketing\\\/#organization\"},\"alternateName\":\"CidadeMarketing\",\"potentialAction\":[{\"@type\":\"SearchAction\",\"target\":{\"@type\":\"EntryPoint\",\"urlTemplate\":\"https:\\\/\\\/www.cidademarketing.com.br\\\/marketing\\\/?s={search_term_string}\"},\"query-input\":{\"@type\":\"PropertyValueSpecification\",\"valueRequired\":true,\"valueName\":\"search_term_string\"}}],\"inLanguage\":\"pt-BR\"},{\"@type\":\"Organization\",\"@id\":\"https:\\\/\\\/www.cidademarketing.com.br\\\/marketing\\\/#organization\",\"name\":\"CidadeMarketing\",\"alternateName\":\"CidadeMarketing\",\"url\":\"https:\\\/\\\/www.cidademarketing.com.br\\\/marketing\\\/\",\"logo\":{\"@type\":\"ImageObject\",\"inLanguage\":\"pt-BR\",\"@id\":\"https:\\\/\\\/www.cidademarketing.com.br\\\/marketing\\\/#\\\/schema\\\/logo\\\/image\\\/\",\"url\":\"https:\\\/\\\/www.cidademarketing.com.br\\\/marketing\\\/wp-content\\\/uploads\\\/2020\\\/01\\\/cidademarketing_marca_mobile.png\",\"contentUrl\":\"https:\\\/\\\/www.cidademarketing.com.br\\\/marketing\\\/wp-content\\\/uploads\\\/2020\\\/01\\\/cidademarketing_marca_mobile.png\",\"width\":230,\"height\":92,\"caption\":\"CidadeMarketing\"},\"image\":{\"@id\":\"https:\\\/\\\/www.cidademarketing.com.br\\\/marketing\\\/#\\\/schema\\\/logo\\\/image\\\/\"},\"sameAs\":[\"https:\\\/\\\/www.facebook.com\\\/portalcidademarketing\",\"https:\\\/\\\/x.com\\\/CidadeMarketing\",\"https:\\\/\\\/www.instagram.com\\\/cidademarketing\\\/\"]},{\"@type\":\"Person\",\"@id\":\"https:\\\/\\\/www.cidademarketing.com.br\\\/marketing\\\/#\\\/schema\\\/person\\\/02daff9f18bd9378c9e01eb6b2db155f\",\"name\":\"Thales Brand\u00e3o\",\"image\":{\"@type\":\"ImageObject\",\"inLanguage\":\"pt-BR\",\"@id\":\"https:\\\/\\\/secure.gravatar.com\\\/avatar\\\/7ca3206950207cc3cb48feec56a8a7898741ab725c368d99d5d7a5a50aab80c6?s=96&d=mm&r=g\",\"url\":\"https:\\\/\\\/secure.gravatar.com\\\/avatar\\\/7ca3206950207cc3cb48feec56a8a7898741ab725c368d99d5d7a5a50aab80c6?s=96&d=mm&r=g\",\"contentUrl\":\"https:\\\/\\\/secure.gravatar.com\\\/avatar\\\/7ca3206950207cc3cb48feec56a8a7898741ab725c368d99d5d7a5a50aab80c6?s=96&d=mm&r=g\",\"caption\":\"Thales Brand\u00e3o\"},\"description\":\"Editor Executivo do Portal CidadeMarketing.com.br &gt; Mestre em Comunica\u00e7\u00e3o e Sociedade pela Universidade Federal de Sergipe. Possui MBA Executivo em Administra\u00e7\u00e3o com \u00eanfase em Marketing pela Funda\u00e7\u00e3o Get\u00falio Vargas - Rio de Janeiro. Consultor, Palestrante e Pesquisador sobre Empreendedorismo, Marketing, Redes Sociais e Neg\u00f3cios Digitais. Professor, Palestrante TedxTalks e Campus Party. Twitter: @ThalesBrandao\",\"sameAs\":[\"http:\\\/\\\/www.mandacaru.com.br\",\"https:\\\/\\\/www.facebook.com\\\/thalesbrandao\",\"http:\\\/\\\/www.instagram.com.br\\\/thalesbrandaoferreira\",\"https:\\\/\\\/www.linkedin.com\\\/in\\\/thales-brand\u00e3o-3948609\\\/\",\"https:\\\/\\\/x.com\\\/http:\\\/\\\/www.twitter.com\\\/thalesbrandao\"],\"url\":\"https:\\\/\\\/www.cidademarketing.com.br\\\/marketing\\\/author\\\/thalesbrandao\\\/\"}]}<\/script>\n<!-- \/ Yoast SEO plugin. -->","yoast_head_json":{"title":"Empresa de bikes el\u00e9tricas comemora Dia Mundial Sem Carro com plano quinzenal de aluguel de bike por R$ 1 - CidadeMarketing","robots":{"index":"index","follow":"follow","max-snippet":"max-snippet:-1","max-image-preview":"max-image-preview:large","max-video-preview":"max-video-preview:-1"},"canonical":"https:\/\/www.cidademarketing.com.br\/marketing\/2019\/09\/10\/empresa-de-bikes-eletricas-comemora-dia-mundial-sem-carro-com-plano-quinzenal-de-aluguel-de-bike-por-r-1\/","og_locale":"pt_BR","og_type":"article","og_title":"Empresa de bikes el\u00e9tricas comemora Dia Mundial Sem Carro com plano quinzenal de aluguel de bike por R$ 1 - CidadeMarketing","og_description":"Em 22 de setembro \u00e9 comemorado o Dia Mundial Sem Carro, que tem como objetivo estimular a reflex\u00e3o sobre o uso dos carros no dia a dia da popula\u00e7\u00e3o. Sempre inovadora, a marca de bicicletas el\u00e9tricas Lev vai promover uma a\u00e7\u00e3o in\u00e9dita: a campanha \u201cSemana menos 1 carro\u201d. A partir do dia 16 de setembro, [&hellip;]","og_url":"https:\/\/www.cidademarketing.com.br\/marketing\/2019\/09\/10\/empresa-de-bikes-eletricas-comemora-dia-mundial-sem-carro-com-plano-quinzenal-de-aluguel-de-bike-por-r-1\/","og_site_name":"CidadeMarketing","article_publisher":"https:\/\/www.facebook.com\/portalcidademarketing","article_author":"https:\/\/www.facebook.com\/thalesbrandao","article_published_time":"2019-09-10T00:46:33+00:00","article_modified_time":"2019-09-18T20:02:50+00:00","og_image":[{"width":929,"height":760,"url":"https:\/\/www.cidademarketing.com.br\/marketing\/wp-content\/uploads\/2019\/09\/lev_bikeseletricas.jpg","type":"image\/jpeg"}],"author":"Thales Brand\u00e3o","twitter_card":"summary_large_image","twitter_creator":"@http:\/\/www.twitter.com\/thalesbrandao","twitter_site":"@CidadeMarketing","twitter_misc":{"Escrito por":"Thales Brand\u00e3o","Est. tempo de leitura":"1 minuto"},"schema":{"@context":"https:\/\/schema.org","@graph":[{"@type":"Article","@id":"https:\/\/www.cidademarketing.com.br\/marketing\/2019\/09\/10\/empresa-de-bikes-eletricas-comemora-dia-mundial-sem-carro-com-plano-quinzenal-de-aluguel-de-bike-por-r-1\/#article","isPartOf":{"@id":"https:\/\/www.cidademarketing.com.br\/marketing\/2019\/09\/10\/empresa-de-bikes-eletricas-comemora-dia-mundial-sem-carro-com-plano-quinzenal-de-aluguel-de-bike-por-r-1\/"},"author":{"name":"Thales Brand\u00e3o","@id":"https:\/\/www.cidademarketing.com.br\/marketing\/#\/schema\/person\/02daff9f18bd9378c9e01eb6b2db155f"},"headline":"Empresa de bikes el\u00e9tricas comemora Dia Mundial Sem Carro com plano quinzenal de aluguel de bike por R$ 1","datePublished":"2019-09-10T00:46:33+00:00","dateModified":"2019-09-18T20:02:50+00:00","mainEntityOfPage":{"@id":"https:\/\/www.cidademarketing.com.br\/marketing\/2019\/09\/10\/empresa-de-bikes-eletricas-comemora-dia-mundial-sem-carro-com-plano-quinzenal-de-aluguel-de-bike-por-r-1\/"},"wordCount":231,"commentCount":0,"publisher":{"@id":"https:\/\/www.cidademarketing.com.br\/marketing\/#organization"},"image":{"@id":"https:\/\/www.cidademarketing.com.br\/marketing\/2019\/09\/10\/empresa-de-bikes-eletricas-comemora-dia-mundial-sem-carro-com-plano-quinzenal-de-aluguel-de-bike-por-r-1\/#primaryimage"},"thumbnailUrl":"https:\/\/www.cidademarketing.com.br\/marketing\/wp-content\/uploads\/2019\/09\/lev_bikeseletricas.jpg","keywords":["bicicletas","bikes","marketing"],"articleSection":["Not\u00edcias"],"inLanguage":"pt-BR","potentialAction":[{"@type":"CommentAction","name":"Comment","target":["https:\/\/www.cidademarketing.com.br\/marketing\/2019\/09\/10\/empresa-de-bikes-eletricas-comemora-dia-mundial-sem-carro-com-plano-quinzenal-de-aluguel-de-bike-por-r-1\/#respond"]}]},{"@type":"WebPage","@id":"https:\/\/www.cidademarketing.com.br\/marketing\/2019\/09\/10\/empresa-de-bikes-eletricas-comemora-dia-mundial-sem-carro-com-plano-quinzenal-de-aluguel-de-bike-por-r-1\/","url":"https:\/\/www.cidademarketing.com.br\/marketing\/2019\/09\/10\/empresa-de-bikes-eletricas-comemora-dia-mundial-sem-carro-com-plano-quinzenal-de-aluguel-de-bike-por-r-1\/","name":"Empresa de bikes el\u00e9tricas comemora Dia Mundial Sem Carro com plano quinzenal de aluguel de bike por R$ 1 - CidadeMarketing","isPartOf":{"@id":"https:\/\/www.cidademarketing.com.br\/marketing\/#website"},"primaryImageOfPage":{"@id":"https:\/\/www.cidademarketing.com.br\/marketing\/2019\/09\/10\/empresa-de-bikes-eletricas-comemora-dia-mundial-sem-carro-com-plano-quinzenal-de-aluguel-de-bike-por-r-1\/#primaryimage"},"image":{"@id":"https:\/\/www.cidademarketing.com.br\/marketing\/2019\/09\/10\/empresa-de-bikes-eletricas-comemora-dia-mundial-sem-carro-com-plano-quinzenal-de-aluguel-de-bike-por-r-1\/#primaryimage"},"thumbnailUrl":"https:\/\/www.cidademarketing.com.br\/marketing\/wp-content\/uploads\/2019\/09\/lev_bikeseletricas.jpg","datePublished":"2019-09-10T00:46:33+00:00","dateModified":"2019-09-18T20:02:50+00:00","breadcrumb":{"@id":"https:\/\/www.cidademarketing.com.br\/marketing\/2019\/09\/10\/empresa-de-bikes-eletricas-comemora-dia-mundial-sem-carro-com-plano-quinzenal-de-aluguel-de-bike-por-r-1\/#breadcrumb"},"inLanguage":"pt-BR","potentialAction":[{"@type":"ReadAction","target":["https:\/\/www.cidademarketing.com.br\/marketing\/2019\/09\/10\/empresa-de-bikes-eletricas-comemora-dia-mundial-sem-carro-com-plano-quinzenal-de-aluguel-de-bike-por-r-1\/"]}]},{"@type":"ImageObject","inLanguage":"pt-BR","@id":"https:\/\/www.cidademarketing.com.br\/marketing\/2019\/09\/10\/empresa-de-bikes-eletricas-comemora-dia-mundial-sem-carro-com-plano-quinzenal-de-aluguel-de-bike-por-r-1\/#primaryimage","url":"https:\/\/www.cidademarketing.com.br\/marketing\/wp-content\/uploads\/2019\/09\/lev_bikeseletricas.jpg","contentUrl":"https:\/\/www.cidademarketing.com.br\/marketing\/wp-content\/uploads\/2019\/09\/lev_bikeseletricas.jpg","width":929,"height":760,"caption":"Reprodu\u00e7\u00e3o"},{"@type":"BreadcrumbList","@id":"https:\/\/www.cidademarketing.com.br\/marketing\/2019\/09\/10\/empresa-de-bikes-eletricas-comemora-dia-mundial-sem-carro-com-plano-quinzenal-de-aluguel-de-bike-por-r-1\/#breadcrumb","itemListElement":[{"@type":"ListItem","position":1,"name":"In\u00edcio","item":"https:\/\/www.cidademarketing.com.br\/marketing\/"},{"@type":"ListItem","position":2,"name":"Empresa de bikes el\u00e9tricas comemora Dia Mundial Sem Carro com plano quinzenal de aluguel de bike por R$ 1"}]},{"@type":"WebSite","@id":"https:\/\/www.cidademarketing.com.br\/marketing\/#website","url":"https:\/\/www.cidademarketing.com.br\/marketing\/","name":"CidadeMarketing","description":"Somos um ve\u00edculo de comunica\u00e7\u00e3o de destaque no Brasil, reconhecido por conte\u00fados nos segmentos de marketing, empreendedorismo e inova\u00e7\u00e3o.","publisher":{"@id":"https:\/\/www.cidademarketing.com.br\/marketing\/#organization"},"alternateName":"CidadeMarketing","potentialAction":[{"@type":"SearchAction","target":{"@type":"EntryPoint","urlTemplate":"https:\/\/www.cidademarketing.com.br\/marketing\/?s={search_term_string}"},"query-input":{"@type":"PropertyValueSpecification","valueRequired":true,"valueName":"search_term_string"}}],"inLanguage":"pt-BR"},{"@type":"Organization","@id":"https:\/\/www.cidademarketing.com.br\/marketing\/#organization","name":"CidadeMarketing","alternateName":"CidadeMarketing","url":"https:\/\/www.cidademarketing.com.br\/marketing\/","logo":{"@type":"ImageObject","inLanguage":"pt-BR","@id":"https:\/\/www.cidademarketing.com.br\/marketing\/#\/schema\/logo\/image\/","url":"https:\/\/www.cidademarketing.com.br\/marketing\/wp-content\/uploads\/2020\/01\/cidademarketing_marca_mobile.png","contentUrl":"https:\/\/www.cidademarketing.com.br\/marketing\/wp-content\/uploads\/2020\/01\/cidademarketing_marca_mobile.png","width":230,"height":92,"caption":"CidadeMarketing"},"image":{"@id":"https:\/\/www.cidademarketing.com.br\/marketing\/#\/schema\/logo\/image\/"},"sameAs":["https:\/\/www.facebook.com\/portalcidademarketing","https:\/\/x.com\/CidadeMarketing","https:\/\/www.instagram.com\/cidademarketing\/"]},{"@type":"Person","@id":"https:\/\/www.cidademarketing.com.br\/marketing\/#\/schema\/person\/02daff9f18bd9378c9e01eb6b2db155f","name":"Thales Brand\u00e3o","image":{"@type":"ImageObject","inLanguage":"pt-BR","@id":"https:\/\/secure.gravatar.com\/avatar\/7ca3206950207cc3cb48feec56a8a7898741ab725c368d99d5d7a5a50aab80c6?s=96&d=mm&r=g","url":"https:\/\/secure.gravatar.com\/avatar\/7ca3206950207cc3cb48feec56a8a7898741ab725c368d99d5d7a5a50aab80c6?s=96&d=mm&r=g","contentUrl":"https:\/\/secure.gravatar.com\/avatar\/7ca3206950207cc3cb48feec56a8a7898741ab725c368d99d5d7a5a50aab80c6?s=96&d=mm&r=g","caption":"Thales Brand\u00e3o"},"description":"Editor Executivo do Portal CidadeMarketing.com.br &gt; Mestre em Comunica\u00e7\u00e3o e Sociedade pela Universidade Federal de Sergipe. Possui MBA Executivo em Administra\u00e7\u00e3o com \u00eanfase em Marketing pela Funda\u00e7\u00e3o Get\u00falio Vargas - Rio de Janeiro. Consultor, Palestrante e Pesquisador sobre Empreendedorismo, Marketing, Redes Sociais e Neg\u00f3cios Digitais. Professor, Palestrante TedxTalks e Campus Party. Twitter: @ThalesBrandao","sameAs":["http:\/\/www.mandacaru.com.br","https:\/\/www.facebook.com\/thalesbrandao","http:\/\/www.instagram.com.br\/thalesbrandaoferreira","https:\/\/www.linkedin.com\/in\/thales-brand\u00e3o-3948609\/","https:\/\/x.com\/http:\/\/www.twitter.com\/thalesbrandao"],"url":"https:\/\/www.cidademarketing.com.br\/marketing\/author\/thalesbrandao\/"}]}},"amp_enabled":true,"_links":{"self":[{"href":"https:\/\/www.cidademarketing.com.br\/marketing\/wp-json\/wp\/v2\/posts\/11616","targetHints":{"allow":["GET"]}}],"collection":[{"href":"https:\/\/www.cidademarketing.com.br\/marketing\/wp-json\/wp\/v2\/posts"}],"about":[{"href":"https:\/\/www.cidademarketing.com.br\/marketing\/wp-json\/wp\/v2\/types\/post"}],"author":[{"embeddable":true,"href":"https:\/\/www.cidademarketing.com.br\/marketing\/wp-json\/wp\/v2\/users\/1"}],"replies":[{"embeddable":true,"href":"https:\/\/www.cidademarketing.com.br\/marketing\/wp-json\/wp\/v2\/comments?post=11616"}],"version-history":[{"count":2,"href":"https:\/\/www.cidademarketing.com.br\/marketing\/wp-json\/wp\/v2\/posts\/11616\/revisions"}],"predecessor-version":[{"id":11773,"href":"https:\/\/www.cidademarketing.com.br\/marketing\/wp-json\/wp\/v2\/posts\/11616\/revisions\/11773"}],"wp:featuredmedia":[{"embeddable":true,"href":"https:\/\/www.cidademarketing.com.br\/marketing\/wp-json\/wp\/v2\/media\/11617"}],"wp:attachment":[{"href":"https:\/\/www.cidademarketing.com.br\/marketing\/wp-json\/wp\/v2\/media?parent=11616"}],"wp:term":[{"taxonomy":"category","embeddable":true,"href":"https:\/\/www.cidademarketing.com.br\/marketing\/wp-json\/wp\/v2\/categories?post=11616"},{"taxonomy":"post_tag","embeddable":true,"href":"https:\/\/www.cidademarketing.com.br\/marketing\/wp-json\/wp\/v2\/tags?post=11616"}],"curies":[{"name":"wp","href":"https:\/\/api.w.org\/{rel}","templated":true}]}}