{"id":11602,"date":"2019-09-08T08:15:08","date_gmt":"2019-09-08T04:15:08","guid":{"rendered":"https:\/\/www.cidademarketing.com.br\/marketing\/?p=11602"},"modified":"2019-09-08T08:15:10","modified_gmt":"2019-09-08T04:15:10","slug":"mondial-de-la-biere-chega-ao-quarto-dia","status":"publish","type":"post","link":"https:\/\/www.cidademarketing.com.br\/marketing\/2019\/09\/08\/mondial-de-la-biere-chega-ao-quarto-dia\/","title":{"rendered":"Mondial de la Bi\u00e8re chega ao quarto dia"},"content":{"rendered":"\n<p>O s\u00e1bado, pen\u00faltimo dia da 7\u00aa edi\u00e7\u00e3o do\nMondial de la Bi\u00e8re, foi de sol e anima\u00e7\u00e3o \u2013 com direito a muitos brindes da\ngalera cervejeira. Os armaz\u00e9ns 2, 3 e 4 do P\u00eder Mau\u00e1 ficaram lotados durante\ntodo o dia e a noite. Antes da abertura dos port\u00f5es, \u00e0s 14h, o p\u00fablico j\u00e1\nesperava ansioso pelo momento da entrada.<\/p>\n\n\n\n<p>O clima era de festa entre o p\u00fablico cativo,\nfrequentador do festival desde 2013 e os estreantes. A brincadeira dos anos\nanteriores &#8211; quando um copo quebra vira comemora\u00e7\u00e3o &#8211; continua em alta. No\nfestival, tudo vira motivo para empolga\u00e7\u00e3o.<\/p>\n\n\n\n<p>Os shows come\u00e7aram ainda no final da tarde,\ntendo o p\u00f4r do sol na Ba\u00eda de Guanabara como pano de fundo. Passaram pelo Palco\nMondial as bandas Papagaio Sabido e V\u00eanus Caf\u00e9. J\u00e1 o palco Brewhood foi animado\npor Corcel M\u00e1gico, Deep Black Sea, Jack Stone, Black Bird e Lit Gang (Feij\u00e3o e\nDJ LOL).<\/p>\n\n\n\n<p>O Mondial de la Bi\u00e8re acontece at\u00e9 amanh\u00e3,\ndia 08 e oferece ao p\u00fablico op\u00e7\u00f5es de entrada solid\u00e1ria. Doando 1kg de alimento\nn\u00e3o perec\u00edvel, o ingresso sai pela metade do pre\u00e7o. At\u00e9 o momento o festival\narrecadou mais de 20 toneladas de alimentos, destinadas a projetos sociais.<\/p>\n\n\n\n<p>O Mondial de la Bi\u00e8re apoia a Lei Seca\n&#8211;&nbsp; agentes do projeto circulavam pelo evendo advertindo o p\u00fablico sobre os\nriscos de associar a bebida alco\u00f3lica com dire\u00e7\u00e3o e incentivando o uso de\ntransportes p\u00fablicos para deixar o P\u00eder Mau\u00e1. <\/p>\n\n\n\n<p><strong>Sobre o Mondial de la Bi\u00e8re<\/strong><\/p>\n\n\n\n<p>O Mondial de la Bi\u00e8re \u00e9 um festival internacional de\ncervejas artesanais que re\u00fane fabricantes, distribuidores e importadores de\ncervejas artesanais e premium. Sucesso idealizado no Canad\u00e1 h\u00e1 25 edi\u00e7\u00f5es, e no\nBrasil desde 2013, o Mondial de la Bi\u00e8re chega \u00e0 sua s\u00e9tima edi\u00e7\u00e3o no Rio de\nJaneiro e a segunda em S\u00e3o Paulo. Na edi\u00e7\u00e3o paulista foram mais de 80\ncervejarias e 600 r\u00f3tulos reunidos durante os quatro dias de evento e agora no\nRio, mais de 130 cervejarias e 1500 r\u00f3tulos em cinco dias. Como parte de sua programa\u00e7\u00e3o,\no evento oferece diversas bandas se apresentando no palco, mais de 20 food\ntrucks, al\u00e9m do MBeer Contest Brazil, competi\u00e7\u00e3o das melhores cervejas\nexpostas, avaliadas por jurados nacionais e internacionais.<\/p>\n\n\n\n<p><strong>Sobre a GL events<\/strong><\/p>\n\n\n\n<p>A GL events \u00e9 um dos maiores grupos do setor de\neventos no mundo, com sede em Lyon (Fran\u00e7a) e faturamento de 939 milh\u00f5es de\neuros em 2014. A companhia est\u00e1 presente em 53 cidades espalhadas por 24\npa\u00edses, nos quais administra 40 espa\u00e7os para eventos.&nbsp; Com quatro mil\ncolaboradores, o grupo j\u00e1 realizou mais de quatro mil eventos.<\/p>\n\n\n\n<p><strong>Servi\u00e7o:<\/strong><\/p>\n\n\n\n<p>Data: 4 a 8 de setembro de 2019.<\/p>\n\n\n\n<p>Hor\u00e1rio: 4, 5 e 6 de setembro: 16h \u00e0 0H | 7 de\nsetembro: 14h \u00e0 0h | 8 de setembro: 12h \u00e0s 21h.<\/p>\n\n\n\n<p>Local: P\u00eder Mau\u00e1, Armaz\u00e9ns 2, 3 e 4 | Av. Rodrigues\nAlves, n\u00b0 10, Sa\u00fade, Rio de Janeiro.<\/p>\n\n\n\n<p>Ingressos online e bilheteria local (em caso de n\u00e3o\nesgotar a capacidade local): Entre R$ 65,00 e R$ 150,00.&nbsp;<\/p>\n\n\n\n<p>Vendas pelo site&nbsp;<a href=\"https:\/\/mondialdelabiererio.byinti.com\/#\/ticket\/\">https:\/\/mondialdelabiererio.byinti.com\/#\/ticket\/<\/a>.<\/p>\n\n\n\n<p><strong>ATEN\u00c7\u00c3O:<\/strong> \u00daltimos\ningressos.&nbsp; <\/p>\n","protected":false},"excerpt":{"rendered":"<p>O s\u00e1bado, pen\u00faltimo dia da 7\u00aa edi\u00e7\u00e3o do Mondial de la Bi\u00e8re, foi de sol e anima\u00e7\u00e3o \u2013 com direito a muitos brindes da galera cervejeira. Os armaz\u00e9ns 2, 3 e 4 do P\u00eder Mau\u00e1 ficaram lotados durante todo o dia e a noite. Antes da abertura dos port\u00f5es, \u00e0s 14h, o p\u00fablico j\u00e1 esperava [&hellip;]<\/p>\n","protected":false},"author":1,"featured_media":11604,"comment_status":"open","ping_status":"open","sticky":false,"template":"","format":"standard","meta":{"tdm_status":"","tdm_grid_status":"","footnotes":""},"categories":[6],"tags":[33,28,199],"class_list":["post-11602","post","type-post","status-publish","format-standard","has-post-thumbnail","hentry","category-noticias","tag-estrategia","tag-marketing","tag-rio-de-janeiro"],"yoast_head":"<!-- This site is optimized with the Yoast SEO plugin v27.5 - https:\/\/yoast.com\/product\/yoast-seo-wordpress\/ -->\n<title>Mondial de la Bi\u00e8re chega ao quarto dia - CidadeMarketing<\/title>\n<meta name=\"robots\" content=\"index, follow, max-snippet:-1, max-image-preview:large, max-video-preview:-1\" \/>\n<link rel=\"canonical\" href=\"https:\/\/www.cidademarketing.com.br\/marketing\/2019\/09\/08\/mondial-de-la-biere-chega-ao-quarto-dia\/\" \/>\n<meta property=\"og:locale\" content=\"pt_BR\" \/>\n<meta property=\"og:type\" content=\"article\" \/>\n<meta property=\"og:title\" content=\"Mondial de la Bi\u00e8re chega ao quarto dia - CidadeMarketing\" \/>\n<meta property=\"og:description\" content=\"O s\u00e1bado, pen\u00faltimo dia da 7\u00aa edi\u00e7\u00e3o do Mondial de la Bi\u00e8re, foi de sol e anima\u00e7\u00e3o \u2013 com direito a muitos brindes da galera cervejeira. Os armaz\u00e9ns 2, 3 e 4 do P\u00eder Mau\u00e1 ficaram lotados durante todo o dia e a noite. Antes da abertura dos port\u00f5es, \u00e0s 14h, o p\u00fablico j\u00e1 esperava [&hellip;]\" \/>\n<meta property=\"og:url\" content=\"https:\/\/www.cidademarketing.com.br\/marketing\/2019\/09\/08\/mondial-de-la-biere-chega-ao-quarto-dia\/\" \/>\n<meta property=\"og:site_name\" content=\"CidadeMarketing\" \/>\n<meta property=\"article:publisher\" content=\"https:\/\/www.facebook.com\/portalcidademarketing\" \/>\n<meta property=\"article:author\" content=\"https:\/\/www.facebook.com\/thalesbrandao\" \/>\n<meta property=\"article:published_time\" content=\"2019-09-08T04:15:08+00:00\" \/>\n<meta property=\"article:modified_time\" content=\"2019-09-08T04:15:10+00:00\" \/>\n<meta property=\"og:image\" content=\"https:\/\/www.cidademarketing.com.br\/marketing\/wp-content\/uploads\/2019\/09\/cropped-mondial_delabiere_.jpg\" \/>\n\t<meta property=\"og:image:width\" content=\"1024\" \/>\n\t<meta property=\"og:image:height\" content=\"576\" \/>\n\t<meta property=\"og:image:type\" content=\"image\/jpeg\" \/>\n<meta name=\"author\" content=\"Thales Brand\u00e3o\" \/>\n<meta name=\"twitter:card\" content=\"summary_large_image\" \/>\n<meta name=\"twitter:creator\" content=\"@http:\/\/www.twitter.com\/thalesbrandao\" \/>\n<meta name=\"twitter:site\" content=\"@CidadeMarketing\" \/>\n<meta name=\"twitter:label1\" content=\"Escrito por\" \/>\n\t<meta name=\"twitter:data1\" content=\"Thales Brand\u00e3o\" \/>\n\t<meta name=\"twitter:label2\" content=\"Est. tempo de leitura\" \/>\n\t<meta name=\"twitter:data2\" content=\"3 minutos\" \/>\n<script type=\"application\/ld+json\" class=\"yoast-schema-graph\">{\"@context\":\"https:\\\/\\\/schema.org\",\"@graph\":[{\"@type\":\"Article\",\"@id\":\"https:\\\/\\\/www.cidademarketing.com.br\\\/marketing\\\/2019\\\/09\\\/08\\\/mondial-de-la-biere-chega-ao-quarto-dia\\\/#article\",\"isPartOf\":{\"@id\":\"https:\\\/\\\/www.cidademarketing.com.br\\\/marketing\\\/2019\\\/09\\\/08\\\/mondial-de-la-biere-chega-ao-quarto-dia\\\/\"},\"author\":{\"name\":\"Thales Brand\u00e3o\",\"@id\":\"https:\\\/\\\/www.cidademarketing.com.br\\\/marketing\\\/#\\\/schema\\\/person\\\/02daff9f18bd9378c9e01eb6b2db155f\"},\"headline\":\"Mondial de la Bi\u00e8re chega ao quarto dia\",\"datePublished\":\"2019-09-08T04:15:08+00:00\",\"dateModified\":\"2019-09-08T04:15:10+00:00\",\"mainEntityOfPage\":{\"@id\":\"https:\\\/\\\/www.cidademarketing.com.br\\\/marketing\\\/2019\\\/09\\\/08\\\/mondial-de-la-biere-chega-ao-quarto-dia\\\/\"},\"wordCount\":543,\"commentCount\":0,\"publisher\":{\"@id\":\"https:\\\/\\\/www.cidademarketing.com.br\\\/marketing\\\/#organization\"},\"image\":{\"@id\":\"https:\\\/\\\/www.cidademarketing.com.br\\\/marketing\\\/2019\\\/09\\\/08\\\/mondial-de-la-biere-chega-ao-quarto-dia\\\/#primaryimage\"},\"thumbnailUrl\":\"https:\\\/\\\/www.cidademarketing.com.br\\\/marketing\\\/wp-content\\\/uploads\\\/2019\\\/09\\\/cropped-mondial_delabiere_.jpg\",\"keywords\":[\"estrat\u00e9gia\",\"marketing\",\"Rio de Janeiro\"],\"articleSection\":[\"Not\u00edcias\"],\"inLanguage\":\"pt-BR\",\"potentialAction\":[{\"@type\":\"CommentAction\",\"name\":\"Comment\",\"target\":[\"https:\\\/\\\/www.cidademarketing.com.br\\\/marketing\\\/2019\\\/09\\\/08\\\/mondial-de-la-biere-chega-ao-quarto-dia\\\/#respond\"]}]},{\"@type\":\"WebPage\",\"@id\":\"https:\\\/\\\/www.cidademarketing.com.br\\\/marketing\\\/2019\\\/09\\\/08\\\/mondial-de-la-biere-chega-ao-quarto-dia\\\/\",\"url\":\"https:\\\/\\\/www.cidademarketing.com.br\\\/marketing\\\/2019\\\/09\\\/08\\\/mondial-de-la-biere-chega-ao-quarto-dia\\\/\",\"name\":\"Mondial de la Bi\u00e8re chega ao quarto dia - CidadeMarketing\",\"isPartOf\":{\"@id\":\"https:\\\/\\\/www.cidademarketing.com.br\\\/marketing\\\/#website\"},\"primaryImageOfPage\":{\"@id\":\"https:\\\/\\\/www.cidademarketing.com.br\\\/marketing\\\/2019\\\/09\\\/08\\\/mondial-de-la-biere-chega-ao-quarto-dia\\\/#primaryimage\"},\"image\":{\"@id\":\"https:\\\/\\\/www.cidademarketing.com.br\\\/marketing\\\/2019\\\/09\\\/08\\\/mondial-de-la-biere-chega-ao-quarto-dia\\\/#primaryimage\"},\"thumbnailUrl\":\"https:\\\/\\\/www.cidademarketing.com.br\\\/marketing\\\/wp-content\\\/uploads\\\/2019\\\/09\\\/cropped-mondial_delabiere_.jpg\",\"datePublished\":\"2019-09-08T04:15:08+00:00\",\"dateModified\":\"2019-09-08T04:15:10+00:00\",\"breadcrumb\":{\"@id\":\"https:\\\/\\\/www.cidademarketing.com.br\\\/marketing\\\/2019\\\/09\\\/08\\\/mondial-de-la-biere-chega-ao-quarto-dia\\\/#breadcrumb\"},\"inLanguage\":\"pt-BR\",\"potentialAction\":[{\"@type\":\"ReadAction\",\"target\":[\"https:\\\/\\\/www.cidademarketing.com.br\\\/marketing\\\/2019\\\/09\\\/08\\\/mondial-de-la-biere-chega-ao-quarto-dia\\\/\"]}]},{\"@type\":\"ImageObject\",\"inLanguage\":\"pt-BR\",\"@id\":\"https:\\\/\\\/www.cidademarketing.com.br\\\/marketing\\\/2019\\\/09\\\/08\\\/mondial-de-la-biere-chega-ao-quarto-dia\\\/#primaryimage\",\"url\":\"https:\\\/\\\/www.cidademarketing.com.br\\\/marketing\\\/wp-content\\\/uploads\\\/2019\\\/09\\\/cropped-mondial_delabiere_.jpg\",\"contentUrl\":\"https:\\\/\\\/www.cidademarketing.com.br\\\/marketing\\\/wp-content\\\/uploads\\\/2019\\\/09\\\/cropped-mondial_delabiere_.jpg\",\"width\":1024,\"height\":576},{\"@type\":\"BreadcrumbList\",\"@id\":\"https:\\\/\\\/www.cidademarketing.com.br\\\/marketing\\\/2019\\\/09\\\/08\\\/mondial-de-la-biere-chega-ao-quarto-dia\\\/#breadcrumb\",\"itemListElement\":[{\"@type\":\"ListItem\",\"position\":1,\"name\":\"In\u00edcio\",\"item\":\"https:\\\/\\\/www.cidademarketing.com.br\\\/marketing\\\/\"},{\"@type\":\"ListItem\",\"position\":2,\"name\":\"Mondial de la Bi\u00e8re chega ao quarto dia\"}]},{\"@type\":\"WebSite\",\"@id\":\"https:\\\/\\\/www.cidademarketing.com.br\\\/marketing\\\/#website\",\"url\":\"https:\\\/\\\/www.cidademarketing.com.br\\\/marketing\\\/\",\"name\":\"CidadeMarketing\",\"description\":\"Somos um ve\u00edculo de comunica\u00e7\u00e3o de destaque no Brasil, reconhecido por conte\u00fados nos segmentos de marketing, empreendedorismo e inova\u00e7\u00e3o.\",\"publisher\":{\"@id\":\"https:\\\/\\\/www.cidademarketing.com.br\\\/marketing\\\/#organization\"},\"alternateName\":\"CidadeMarketing\",\"potentialAction\":[{\"@type\":\"SearchAction\",\"target\":{\"@type\":\"EntryPoint\",\"urlTemplate\":\"https:\\\/\\\/www.cidademarketing.com.br\\\/marketing\\\/?s={search_term_string}\"},\"query-input\":{\"@type\":\"PropertyValueSpecification\",\"valueRequired\":true,\"valueName\":\"search_term_string\"}}],\"inLanguage\":\"pt-BR\"},{\"@type\":\"Organization\",\"@id\":\"https:\\\/\\\/www.cidademarketing.com.br\\\/marketing\\\/#organization\",\"name\":\"CidadeMarketing\",\"alternateName\":\"CidadeMarketing\",\"url\":\"https:\\\/\\\/www.cidademarketing.com.br\\\/marketing\\\/\",\"logo\":{\"@type\":\"ImageObject\",\"inLanguage\":\"pt-BR\",\"@id\":\"https:\\\/\\\/www.cidademarketing.com.br\\\/marketing\\\/#\\\/schema\\\/logo\\\/image\\\/\",\"url\":\"https:\\\/\\\/www.cidademarketing.com.br\\\/marketing\\\/wp-content\\\/uploads\\\/2020\\\/01\\\/cidademarketing_marca_mobile.png\",\"contentUrl\":\"https:\\\/\\\/www.cidademarketing.com.br\\\/marketing\\\/wp-content\\\/uploads\\\/2020\\\/01\\\/cidademarketing_marca_mobile.png\",\"width\":230,\"height\":92,\"caption\":\"CidadeMarketing\"},\"image\":{\"@id\":\"https:\\\/\\\/www.cidademarketing.com.br\\\/marketing\\\/#\\\/schema\\\/logo\\\/image\\\/\"},\"sameAs\":[\"https:\\\/\\\/www.facebook.com\\\/portalcidademarketing\",\"https:\\\/\\\/x.com\\\/CidadeMarketing\",\"https:\\\/\\\/www.instagram.com\\\/cidademarketing\\\/\"]},{\"@type\":\"Person\",\"@id\":\"https:\\\/\\\/www.cidademarketing.com.br\\\/marketing\\\/#\\\/schema\\\/person\\\/02daff9f18bd9378c9e01eb6b2db155f\",\"name\":\"Thales Brand\u00e3o\",\"image\":{\"@type\":\"ImageObject\",\"inLanguage\":\"pt-BR\",\"@id\":\"https:\\\/\\\/secure.gravatar.com\\\/avatar\\\/7ca3206950207cc3cb48feec56a8a7898741ab725c368d99d5d7a5a50aab80c6?s=96&d=mm&r=g\",\"url\":\"https:\\\/\\\/secure.gravatar.com\\\/avatar\\\/7ca3206950207cc3cb48feec56a8a7898741ab725c368d99d5d7a5a50aab80c6?s=96&d=mm&r=g\",\"contentUrl\":\"https:\\\/\\\/secure.gravatar.com\\\/avatar\\\/7ca3206950207cc3cb48feec56a8a7898741ab725c368d99d5d7a5a50aab80c6?s=96&d=mm&r=g\",\"caption\":\"Thales Brand\u00e3o\"},\"description\":\"Editor Executivo do Portal CidadeMarketing.com.br &gt; Mestre em Comunica\u00e7\u00e3o e Sociedade pela Universidade Federal de Sergipe. Possui MBA Executivo em Administra\u00e7\u00e3o com \u00eanfase em Marketing pela Funda\u00e7\u00e3o Get\u00falio Vargas - Rio de Janeiro. Consultor, Palestrante e Pesquisador sobre Empreendedorismo, Marketing, Redes Sociais e Neg\u00f3cios Digitais. Professor, Palestrante TedxTalks e Campus Party. Twitter: @ThalesBrandao\",\"sameAs\":[\"http:\\\/\\\/www.mandacaru.com.br\",\"https:\\\/\\\/www.facebook.com\\\/thalesbrandao\",\"http:\\\/\\\/www.instagram.com.br\\\/thalesbrandaoferreira\",\"https:\\\/\\\/www.linkedin.com\\\/in\\\/thales-brand\u00e3o-3948609\\\/\",\"https:\\\/\\\/x.com\\\/http:\\\/\\\/www.twitter.com\\\/thalesbrandao\"],\"url\":\"https:\\\/\\\/www.cidademarketing.com.br\\\/marketing\\\/author\\\/thalesbrandao\\\/\"}]}<\/script>\n<!-- \/ Yoast SEO plugin. -->","yoast_head_json":{"title":"Mondial de la Bi\u00e8re chega ao quarto dia - CidadeMarketing","robots":{"index":"index","follow":"follow","max-snippet":"max-snippet:-1","max-image-preview":"max-image-preview:large","max-video-preview":"max-video-preview:-1"},"canonical":"https:\/\/www.cidademarketing.com.br\/marketing\/2019\/09\/08\/mondial-de-la-biere-chega-ao-quarto-dia\/","og_locale":"pt_BR","og_type":"article","og_title":"Mondial de la Bi\u00e8re chega ao quarto dia - CidadeMarketing","og_description":"O s\u00e1bado, pen\u00faltimo dia da 7\u00aa edi\u00e7\u00e3o do Mondial de la Bi\u00e8re, foi de sol e anima\u00e7\u00e3o \u2013 com direito a muitos brindes da galera cervejeira. Os armaz\u00e9ns 2, 3 e 4 do P\u00eder Mau\u00e1 ficaram lotados durante todo o dia e a noite. Antes da abertura dos port\u00f5es, \u00e0s 14h, o p\u00fablico j\u00e1 esperava [&hellip;]","og_url":"https:\/\/www.cidademarketing.com.br\/marketing\/2019\/09\/08\/mondial-de-la-biere-chega-ao-quarto-dia\/","og_site_name":"CidadeMarketing","article_publisher":"https:\/\/www.facebook.com\/portalcidademarketing","article_author":"https:\/\/www.facebook.com\/thalesbrandao","article_published_time":"2019-09-08T04:15:08+00:00","article_modified_time":"2019-09-08T04:15:10+00:00","og_image":[{"width":1024,"height":576,"url":"https:\/\/www.cidademarketing.com.br\/marketing\/wp-content\/uploads\/2019\/09\/cropped-mondial_delabiere_.jpg","type":"image\/jpeg"}],"author":"Thales Brand\u00e3o","twitter_card":"summary_large_image","twitter_creator":"@http:\/\/www.twitter.com\/thalesbrandao","twitter_site":"@CidadeMarketing","twitter_misc":{"Escrito por":"Thales Brand\u00e3o","Est. tempo de leitura":"3 minutos"},"schema":{"@context":"https:\/\/schema.org","@graph":[{"@type":"Article","@id":"https:\/\/www.cidademarketing.com.br\/marketing\/2019\/09\/08\/mondial-de-la-biere-chega-ao-quarto-dia\/#article","isPartOf":{"@id":"https:\/\/www.cidademarketing.com.br\/marketing\/2019\/09\/08\/mondial-de-la-biere-chega-ao-quarto-dia\/"},"author":{"name":"Thales Brand\u00e3o","@id":"https:\/\/www.cidademarketing.com.br\/marketing\/#\/schema\/person\/02daff9f18bd9378c9e01eb6b2db155f"},"headline":"Mondial de la Bi\u00e8re chega ao quarto dia","datePublished":"2019-09-08T04:15:08+00:00","dateModified":"2019-09-08T04:15:10+00:00","mainEntityOfPage":{"@id":"https:\/\/www.cidademarketing.com.br\/marketing\/2019\/09\/08\/mondial-de-la-biere-chega-ao-quarto-dia\/"},"wordCount":543,"commentCount":0,"publisher":{"@id":"https:\/\/www.cidademarketing.com.br\/marketing\/#organization"},"image":{"@id":"https:\/\/www.cidademarketing.com.br\/marketing\/2019\/09\/08\/mondial-de-la-biere-chega-ao-quarto-dia\/#primaryimage"},"thumbnailUrl":"https:\/\/www.cidademarketing.com.br\/marketing\/wp-content\/uploads\/2019\/09\/cropped-mondial_delabiere_.jpg","keywords":["estrat\u00e9gia","marketing","Rio de Janeiro"],"articleSection":["Not\u00edcias"],"inLanguage":"pt-BR","potentialAction":[{"@type":"CommentAction","name":"Comment","target":["https:\/\/www.cidademarketing.com.br\/marketing\/2019\/09\/08\/mondial-de-la-biere-chega-ao-quarto-dia\/#respond"]}]},{"@type":"WebPage","@id":"https:\/\/www.cidademarketing.com.br\/marketing\/2019\/09\/08\/mondial-de-la-biere-chega-ao-quarto-dia\/","url":"https:\/\/www.cidademarketing.com.br\/marketing\/2019\/09\/08\/mondial-de-la-biere-chega-ao-quarto-dia\/","name":"Mondial de la Bi\u00e8re chega ao quarto dia - CidadeMarketing","isPartOf":{"@id":"https:\/\/www.cidademarketing.com.br\/marketing\/#website"},"primaryImageOfPage":{"@id":"https:\/\/www.cidademarketing.com.br\/marketing\/2019\/09\/08\/mondial-de-la-biere-chega-ao-quarto-dia\/#primaryimage"},"image":{"@id":"https:\/\/www.cidademarketing.com.br\/marketing\/2019\/09\/08\/mondial-de-la-biere-chega-ao-quarto-dia\/#primaryimage"},"thumbnailUrl":"https:\/\/www.cidademarketing.com.br\/marketing\/wp-content\/uploads\/2019\/09\/cropped-mondial_delabiere_.jpg","datePublished":"2019-09-08T04:15:08+00:00","dateModified":"2019-09-08T04:15:10+00:00","breadcrumb":{"@id":"https:\/\/www.cidademarketing.com.br\/marketing\/2019\/09\/08\/mondial-de-la-biere-chega-ao-quarto-dia\/#breadcrumb"},"inLanguage":"pt-BR","potentialAction":[{"@type":"ReadAction","target":["https:\/\/www.cidademarketing.com.br\/marketing\/2019\/09\/08\/mondial-de-la-biere-chega-ao-quarto-dia\/"]}]},{"@type":"ImageObject","inLanguage":"pt-BR","@id":"https:\/\/www.cidademarketing.com.br\/marketing\/2019\/09\/08\/mondial-de-la-biere-chega-ao-quarto-dia\/#primaryimage","url":"https:\/\/www.cidademarketing.com.br\/marketing\/wp-content\/uploads\/2019\/09\/cropped-mondial_delabiere_.jpg","contentUrl":"https:\/\/www.cidademarketing.com.br\/marketing\/wp-content\/uploads\/2019\/09\/cropped-mondial_delabiere_.jpg","width":1024,"height":576},{"@type":"BreadcrumbList","@id":"https:\/\/www.cidademarketing.com.br\/marketing\/2019\/09\/08\/mondial-de-la-biere-chega-ao-quarto-dia\/#breadcrumb","itemListElement":[{"@type":"ListItem","position":1,"name":"In\u00edcio","item":"https:\/\/www.cidademarketing.com.br\/marketing\/"},{"@type":"ListItem","position":2,"name":"Mondial de la Bi\u00e8re chega ao quarto dia"}]},{"@type":"WebSite","@id":"https:\/\/www.cidademarketing.com.br\/marketing\/#website","url":"https:\/\/www.cidademarketing.com.br\/marketing\/","name":"CidadeMarketing","description":"Somos um ve\u00edculo de comunica\u00e7\u00e3o de destaque no Brasil, reconhecido por conte\u00fados nos segmentos de marketing, empreendedorismo e inova\u00e7\u00e3o.","publisher":{"@id":"https:\/\/www.cidademarketing.com.br\/marketing\/#organization"},"alternateName":"CidadeMarketing","potentialAction":[{"@type":"SearchAction","target":{"@type":"EntryPoint","urlTemplate":"https:\/\/www.cidademarketing.com.br\/marketing\/?s={search_term_string}"},"query-input":{"@type":"PropertyValueSpecification","valueRequired":true,"valueName":"search_term_string"}}],"inLanguage":"pt-BR"},{"@type":"Organization","@id":"https:\/\/www.cidademarketing.com.br\/marketing\/#organization","name":"CidadeMarketing","alternateName":"CidadeMarketing","url":"https:\/\/www.cidademarketing.com.br\/marketing\/","logo":{"@type":"ImageObject","inLanguage":"pt-BR","@id":"https:\/\/www.cidademarketing.com.br\/marketing\/#\/schema\/logo\/image\/","url":"https:\/\/www.cidademarketing.com.br\/marketing\/wp-content\/uploads\/2020\/01\/cidademarketing_marca_mobile.png","contentUrl":"https:\/\/www.cidademarketing.com.br\/marketing\/wp-content\/uploads\/2020\/01\/cidademarketing_marca_mobile.png","width":230,"height":92,"caption":"CidadeMarketing"},"image":{"@id":"https:\/\/www.cidademarketing.com.br\/marketing\/#\/schema\/logo\/image\/"},"sameAs":["https:\/\/www.facebook.com\/portalcidademarketing","https:\/\/x.com\/CidadeMarketing","https:\/\/www.instagram.com\/cidademarketing\/"]},{"@type":"Person","@id":"https:\/\/www.cidademarketing.com.br\/marketing\/#\/schema\/person\/02daff9f18bd9378c9e01eb6b2db155f","name":"Thales Brand\u00e3o","image":{"@type":"ImageObject","inLanguage":"pt-BR","@id":"https:\/\/secure.gravatar.com\/avatar\/7ca3206950207cc3cb48feec56a8a7898741ab725c368d99d5d7a5a50aab80c6?s=96&d=mm&r=g","url":"https:\/\/secure.gravatar.com\/avatar\/7ca3206950207cc3cb48feec56a8a7898741ab725c368d99d5d7a5a50aab80c6?s=96&d=mm&r=g","contentUrl":"https:\/\/secure.gravatar.com\/avatar\/7ca3206950207cc3cb48feec56a8a7898741ab725c368d99d5d7a5a50aab80c6?s=96&d=mm&r=g","caption":"Thales Brand\u00e3o"},"description":"Editor Executivo do Portal CidadeMarketing.com.br &gt; Mestre em Comunica\u00e7\u00e3o e Sociedade pela Universidade Federal de Sergipe. Possui MBA Executivo em Administra\u00e7\u00e3o com \u00eanfase em Marketing pela Funda\u00e7\u00e3o Get\u00falio Vargas - Rio de Janeiro. Consultor, Palestrante e Pesquisador sobre Empreendedorismo, Marketing, Redes Sociais e Neg\u00f3cios Digitais. Professor, Palestrante TedxTalks e Campus Party. Twitter: @ThalesBrandao","sameAs":["http:\/\/www.mandacaru.com.br","https:\/\/www.facebook.com\/thalesbrandao","http:\/\/www.instagram.com.br\/thalesbrandaoferreira","https:\/\/www.linkedin.com\/in\/thales-brand\u00e3o-3948609\/","https:\/\/x.com\/http:\/\/www.twitter.com\/thalesbrandao"],"url":"https:\/\/www.cidademarketing.com.br\/marketing\/author\/thalesbrandao\/"}]}},"amp_enabled":true,"_links":{"self":[{"href":"https:\/\/www.cidademarketing.com.br\/marketing\/wp-json\/wp\/v2\/posts\/11602","targetHints":{"allow":["GET"]}}],"collection":[{"href":"https:\/\/www.cidademarketing.com.br\/marketing\/wp-json\/wp\/v2\/posts"}],"about":[{"href":"https:\/\/www.cidademarketing.com.br\/marketing\/wp-json\/wp\/v2\/types\/post"}],"author":[{"embeddable":true,"href":"https:\/\/www.cidademarketing.com.br\/marketing\/wp-json\/wp\/v2\/users\/1"}],"replies":[{"embeddable":true,"href":"https:\/\/www.cidademarketing.com.br\/marketing\/wp-json\/wp\/v2\/comments?post=11602"}],"version-history":[{"count":1,"href":"https:\/\/www.cidademarketing.com.br\/marketing\/wp-json\/wp\/v2\/posts\/11602\/revisions"}],"predecessor-version":[{"id":11605,"href":"https:\/\/www.cidademarketing.com.br\/marketing\/wp-json\/wp\/v2\/posts\/11602\/revisions\/11605"}],"wp:featuredmedia":[{"embeddable":true,"href":"https:\/\/www.cidademarketing.com.br\/marketing\/wp-json\/wp\/v2\/media\/11604"}],"wp:attachment":[{"href":"https:\/\/www.cidademarketing.com.br\/marketing\/wp-json\/wp\/v2\/media?parent=11602"}],"wp:term":[{"taxonomy":"category","embeddable":true,"href":"https:\/\/www.cidademarketing.com.br\/marketing\/wp-json\/wp\/v2\/categories?post=11602"},{"taxonomy":"post_tag","embeddable":true,"href":"https:\/\/www.cidademarketing.com.br\/marketing\/wp-json\/wp\/v2\/tags?post=11602"}],"curies":[{"name":"wp","href":"https:\/\/api.w.org\/{rel}","templated":true}]}}