{"id":11487,"date":"2019-09-04T22:51:22","date_gmt":"2019-09-04T18:51:22","guid":{"rendered":"https:\/\/www.cidademarketing.com.br\/marketing\/?p=11487"},"modified":"2019-09-04T22:51:24","modified_gmt":"2019-09-04T18:51:24","slug":"ceratti-apresenta-linha-de-salsicha-viena-sem-corante-e-saborizadas","status":"publish","type":"post","link":"https:\/\/www.cidademarketing.com.br\/marketing\/2019\/09\/04\/ceratti-apresenta-linha-de-salsicha-viena-sem-corante-e-saborizadas\/","title":{"rendered":"Ceratti apresenta linha de salsicha Viena sem corante e saborizadas"},"content":{"rendered":"\n<p>Da tradicional e inconfund\u00edvel mortadela \u00e0s linhas de\ncopa, salames e frios especiais, passando por presunto, bacon, peito de frango\ne lingui\u00e7as, os produtos Ceratti s\u00e3o reconhecidos por seus sabores marcantes\nque encantam os mais exigentes paladares.<\/p>\n\n\n\n<p>Sempre em busca de inova\u00e7\u00f5es para seus consumidores e\nclientes, a Ceratti lan\u00e7a a nova linha Salsicha Viena Sabores. Al\u00e9m da\ndeliciosa vers\u00e3o tradicional, tr\u00eas exclusivos sabores garantem uma experi\u00eancia \u00fanica\npara o paladar: Ervas Finas, Tomates Temperados e Gr\u00e3os de Mostarda. Al\u00e9m de\nserem deliciosas, n\u00e3o possuem adi\u00e7\u00e3o de corantes e s\u00e3o isentas de gl\u00faten,\nlactose, soja e derivados.<\/p>\n\n\n\n<p>Feitas com carnes nobres de origem su\u00edna e bovina, sem\nmistura de frango ou amido, as salsichas seguem a tradi\u00e7\u00e3o da Ceratti de\nproduzir cuidadosamente cada produto de sua vasta linha, selecionando\ningredientes de alt\u00edssima qualidade. Com sabor intenso e uma textura\nincompar\u00e1vel, esse produto especial \u00e9 ideal para ser consumido em sandu\u00edches e\ntamb\u00e9m como aperitivo. Uma op\u00e7\u00e3o deliciosa para toda a fam\u00edlia.<\/p>\n","protected":false},"excerpt":{"rendered":"<p>Da tradicional e inconfund\u00edvel mortadela \u00e0s linhas de copa, salames e frios especiais, passando por presunto, bacon, peito de frango e lingui\u00e7as, os produtos Ceratti s\u00e3o reconhecidos por seus sabores marcantes que encantam os mais exigentes paladares. Sempre em busca de inova\u00e7\u00f5es para seus consumidores e clientes, a Ceratti lan\u00e7a a nova linha Salsicha Viena [&hellip;]<\/p>\n","protected":false},"author":1,"featured_media":11489,"comment_status":"open","ping_status":"open","sticky":false,"template":"","format":"standard","meta":{"tdm_status":"","tdm_grid_status":"","footnotes":""},"categories":[6],"tags":[2415,28,182],"class_list":["post-11487","post","type-post","status-publish","format-standard","has-post-thumbnail","hentry","category-noticias","tag-ceratti","tag-marketing","tag-produto"],"yoast_head":"<!-- This site is optimized with the Yoast SEO plugin v27.5 - https:\/\/yoast.com\/product\/yoast-seo-wordpress\/ -->\n<title>Ceratti apresenta linha de salsicha Viena sem corante e saborizadas - CidadeMarketing<\/title>\n<meta name=\"robots\" content=\"index, follow, max-snippet:-1, max-image-preview:large, max-video-preview:-1\" \/>\n<link rel=\"canonical\" href=\"https:\/\/www.cidademarketing.com.br\/marketing\/2019\/09\/04\/ceratti-apresenta-linha-de-salsicha-viena-sem-corante-e-saborizadas\/\" \/>\n<meta property=\"og:locale\" content=\"pt_BR\" \/>\n<meta property=\"og:type\" content=\"article\" \/>\n<meta property=\"og:title\" content=\"Ceratti apresenta linha de salsicha Viena sem corante e saborizadas - CidadeMarketing\" \/>\n<meta property=\"og:description\" content=\"Da tradicional e inconfund\u00edvel mortadela \u00e0s linhas de copa, salames e frios especiais, passando por presunto, bacon, peito de frango e lingui\u00e7as, os produtos Ceratti s\u00e3o reconhecidos por seus sabores marcantes que encantam os mais exigentes paladares. Sempre em busca de inova\u00e7\u00f5es para seus consumidores e clientes, a Ceratti lan\u00e7a a nova linha Salsicha Viena [&hellip;]\" \/>\n<meta property=\"og:url\" content=\"https:\/\/www.cidademarketing.com.br\/marketing\/2019\/09\/04\/ceratti-apresenta-linha-de-salsicha-viena-sem-corante-e-saborizadas\/\" \/>\n<meta property=\"og:site_name\" content=\"CidadeMarketing\" \/>\n<meta property=\"article:publisher\" content=\"https:\/\/www.facebook.com\/portalcidademarketing\" \/>\n<meta property=\"article:author\" content=\"https:\/\/www.facebook.com\/thalesbrandao\" \/>\n<meta property=\"article:published_time\" content=\"2019-09-04T18:51:22+00:00\" \/>\n<meta property=\"article:modified_time\" content=\"2019-09-04T18:51:24+00:00\" \/>\n<meta property=\"og:image\" content=\"https:\/\/www.cidademarketing.com.br\/marketing\/wp-content\/uploads\/2019\/09\/cropped-SALSICHA-VIENA-SEM-CORANTE.jpg\" \/>\n\t<meta property=\"og:image:width\" content=\"1920\" \/>\n\t<meta property=\"og:image:height\" content=\"1082\" \/>\n\t<meta property=\"og:image:type\" content=\"image\/jpeg\" \/>\n<meta name=\"author\" content=\"Thales Brand\u00e3o\" \/>\n<meta name=\"twitter:card\" content=\"summary_large_image\" \/>\n<meta name=\"twitter:creator\" content=\"@http:\/\/www.twitter.com\/thalesbrandao\" \/>\n<meta name=\"twitter:site\" content=\"@CidadeMarketing\" \/>\n<meta name=\"twitter:label1\" content=\"Escrito por\" \/>\n\t<meta name=\"twitter:data1\" content=\"Thales Brand\u00e3o\" \/>\n\t<meta name=\"twitter:label2\" content=\"Est. tempo de leitura\" \/>\n\t<meta name=\"twitter:data2\" content=\"1 minuto\" \/>\n<script type=\"application\/ld+json\" class=\"yoast-schema-graph\">{\"@context\":\"https:\\\/\\\/schema.org\",\"@graph\":[{\"@type\":\"Article\",\"@id\":\"https:\\\/\\\/www.cidademarketing.com.br\\\/marketing\\\/2019\\\/09\\\/04\\\/ceratti-apresenta-linha-de-salsicha-viena-sem-corante-e-saborizadas\\\/#article\",\"isPartOf\":{\"@id\":\"https:\\\/\\\/www.cidademarketing.com.br\\\/marketing\\\/2019\\\/09\\\/04\\\/ceratti-apresenta-linha-de-salsicha-viena-sem-corante-e-saborizadas\\\/\"},\"author\":{\"name\":\"Thales Brand\u00e3o\",\"@id\":\"https:\\\/\\\/www.cidademarketing.com.br\\\/marketing\\\/#\\\/schema\\\/person\\\/02daff9f18bd9378c9e01eb6b2db155f\"},\"headline\":\"Ceratti apresenta linha de salsicha Viena sem corante e saborizadas\",\"datePublished\":\"2019-09-04T18:51:22+00:00\",\"dateModified\":\"2019-09-04T18:51:24+00:00\",\"mainEntityOfPage\":{\"@id\":\"https:\\\/\\\/www.cidademarketing.com.br\\\/marketing\\\/2019\\\/09\\\/04\\\/ceratti-apresenta-linha-de-salsicha-viena-sem-corante-e-saborizadas\\\/\"},\"wordCount\":193,\"commentCount\":0,\"publisher\":{\"@id\":\"https:\\\/\\\/www.cidademarketing.com.br\\\/marketing\\\/#organization\"},\"image\":{\"@id\":\"https:\\\/\\\/www.cidademarketing.com.br\\\/marketing\\\/2019\\\/09\\\/04\\\/ceratti-apresenta-linha-de-salsicha-viena-sem-corante-e-saborizadas\\\/#primaryimage\"},\"thumbnailUrl\":\"https:\\\/\\\/www.cidademarketing.com.br\\\/marketing\\\/wp-content\\\/uploads\\\/2019\\\/09\\\/cropped-SALSICHA-VIENA-SEM-CORANTE.jpg\",\"keywords\":[\"Ceratti\",\"marketing\",\"produto\"],\"articleSection\":[\"Not\u00edcias\"],\"inLanguage\":\"pt-BR\",\"potentialAction\":[{\"@type\":\"CommentAction\",\"name\":\"Comment\",\"target\":[\"https:\\\/\\\/www.cidademarketing.com.br\\\/marketing\\\/2019\\\/09\\\/04\\\/ceratti-apresenta-linha-de-salsicha-viena-sem-corante-e-saborizadas\\\/#respond\"]}]},{\"@type\":\"WebPage\",\"@id\":\"https:\\\/\\\/www.cidademarketing.com.br\\\/marketing\\\/2019\\\/09\\\/04\\\/ceratti-apresenta-linha-de-salsicha-viena-sem-corante-e-saborizadas\\\/\",\"url\":\"https:\\\/\\\/www.cidademarketing.com.br\\\/marketing\\\/2019\\\/09\\\/04\\\/ceratti-apresenta-linha-de-salsicha-viena-sem-corante-e-saborizadas\\\/\",\"name\":\"Ceratti apresenta linha de salsicha Viena sem corante e saborizadas - CidadeMarketing\",\"isPartOf\":{\"@id\":\"https:\\\/\\\/www.cidademarketing.com.br\\\/marketing\\\/#website\"},\"primaryImageOfPage\":{\"@id\":\"https:\\\/\\\/www.cidademarketing.com.br\\\/marketing\\\/2019\\\/09\\\/04\\\/ceratti-apresenta-linha-de-salsicha-viena-sem-corante-e-saborizadas\\\/#primaryimage\"},\"image\":{\"@id\":\"https:\\\/\\\/www.cidademarketing.com.br\\\/marketing\\\/2019\\\/09\\\/04\\\/ceratti-apresenta-linha-de-salsicha-viena-sem-corante-e-saborizadas\\\/#primaryimage\"},\"thumbnailUrl\":\"https:\\\/\\\/www.cidademarketing.com.br\\\/marketing\\\/wp-content\\\/uploads\\\/2019\\\/09\\\/cropped-SALSICHA-VIENA-SEM-CORANTE.jpg\",\"datePublished\":\"2019-09-04T18:51:22+00:00\",\"dateModified\":\"2019-09-04T18:51:24+00:00\",\"breadcrumb\":{\"@id\":\"https:\\\/\\\/www.cidademarketing.com.br\\\/marketing\\\/2019\\\/09\\\/04\\\/ceratti-apresenta-linha-de-salsicha-viena-sem-corante-e-saborizadas\\\/#breadcrumb\"},\"inLanguage\":\"pt-BR\",\"potentialAction\":[{\"@type\":\"ReadAction\",\"target\":[\"https:\\\/\\\/www.cidademarketing.com.br\\\/marketing\\\/2019\\\/09\\\/04\\\/ceratti-apresenta-linha-de-salsicha-viena-sem-corante-e-saborizadas\\\/\"]}]},{\"@type\":\"ImageObject\",\"inLanguage\":\"pt-BR\",\"@id\":\"https:\\\/\\\/www.cidademarketing.com.br\\\/marketing\\\/2019\\\/09\\\/04\\\/ceratti-apresenta-linha-de-salsicha-viena-sem-corante-e-saborizadas\\\/#primaryimage\",\"url\":\"https:\\\/\\\/www.cidademarketing.com.br\\\/marketing\\\/wp-content\\\/uploads\\\/2019\\\/09\\\/cropped-SALSICHA-VIENA-SEM-CORANTE.jpg\",\"contentUrl\":\"https:\\\/\\\/www.cidademarketing.com.br\\\/marketing\\\/wp-content\\\/uploads\\\/2019\\\/09\\\/cropped-SALSICHA-VIENA-SEM-CORANTE.jpg\",\"width\":1920,\"height\":1082},{\"@type\":\"BreadcrumbList\",\"@id\":\"https:\\\/\\\/www.cidademarketing.com.br\\\/marketing\\\/2019\\\/09\\\/04\\\/ceratti-apresenta-linha-de-salsicha-viena-sem-corante-e-saborizadas\\\/#breadcrumb\",\"itemListElement\":[{\"@type\":\"ListItem\",\"position\":1,\"name\":\"In\u00edcio\",\"item\":\"https:\\\/\\\/www.cidademarketing.com.br\\\/marketing\\\/\"},{\"@type\":\"ListItem\",\"position\":2,\"name\":\"Ceratti apresenta linha de salsicha Viena sem corante e saborizadas\"}]},{\"@type\":\"WebSite\",\"@id\":\"https:\\\/\\\/www.cidademarketing.com.br\\\/marketing\\\/#website\",\"url\":\"https:\\\/\\\/www.cidademarketing.com.br\\\/marketing\\\/\",\"name\":\"CidadeMarketing\",\"description\":\"Somos um ve\u00edculo de comunica\u00e7\u00e3o de destaque no Brasil, reconhecido por conte\u00fados nos segmentos de marketing, empreendedorismo e inova\u00e7\u00e3o.\",\"publisher\":{\"@id\":\"https:\\\/\\\/www.cidademarketing.com.br\\\/marketing\\\/#organization\"},\"alternateName\":\"CidadeMarketing\",\"potentialAction\":[{\"@type\":\"SearchAction\",\"target\":{\"@type\":\"EntryPoint\",\"urlTemplate\":\"https:\\\/\\\/www.cidademarketing.com.br\\\/marketing\\\/?s={search_term_string}\"},\"query-input\":{\"@type\":\"PropertyValueSpecification\",\"valueRequired\":true,\"valueName\":\"search_term_string\"}}],\"inLanguage\":\"pt-BR\"},{\"@type\":\"Organization\",\"@id\":\"https:\\\/\\\/www.cidademarketing.com.br\\\/marketing\\\/#organization\",\"name\":\"CidadeMarketing\",\"alternateName\":\"CidadeMarketing\",\"url\":\"https:\\\/\\\/www.cidademarketing.com.br\\\/marketing\\\/\",\"logo\":{\"@type\":\"ImageObject\",\"inLanguage\":\"pt-BR\",\"@id\":\"https:\\\/\\\/www.cidademarketing.com.br\\\/marketing\\\/#\\\/schema\\\/logo\\\/image\\\/\",\"url\":\"https:\\\/\\\/www.cidademarketing.com.br\\\/marketing\\\/wp-content\\\/uploads\\\/2020\\\/01\\\/cidademarketing_marca_mobile.png\",\"contentUrl\":\"https:\\\/\\\/www.cidademarketing.com.br\\\/marketing\\\/wp-content\\\/uploads\\\/2020\\\/01\\\/cidademarketing_marca_mobile.png\",\"width\":230,\"height\":92,\"caption\":\"CidadeMarketing\"},\"image\":{\"@id\":\"https:\\\/\\\/www.cidademarketing.com.br\\\/marketing\\\/#\\\/schema\\\/logo\\\/image\\\/\"},\"sameAs\":[\"https:\\\/\\\/www.facebook.com\\\/portalcidademarketing\",\"https:\\\/\\\/x.com\\\/CidadeMarketing\",\"https:\\\/\\\/www.instagram.com\\\/cidademarketing\\\/\"]},{\"@type\":\"Person\",\"@id\":\"https:\\\/\\\/www.cidademarketing.com.br\\\/marketing\\\/#\\\/schema\\\/person\\\/02daff9f18bd9378c9e01eb6b2db155f\",\"name\":\"Thales Brand\u00e3o\",\"image\":{\"@type\":\"ImageObject\",\"inLanguage\":\"pt-BR\",\"@id\":\"https:\\\/\\\/secure.gravatar.com\\\/avatar\\\/7ca3206950207cc3cb48feec56a8a7898741ab725c368d99d5d7a5a50aab80c6?s=96&d=mm&r=g\",\"url\":\"https:\\\/\\\/secure.gravatar.com\\\/avatar\\\/7ca3206950207cc3cb48feec56a8a7898741ab725c368d99d5d7a5a50aab80c6?s=96&d=mm&r=g\",\"contentUrl\":\"https:\\\/\\\/secure.gravatar.com\\\/avatar\\\/7ca3206950207cc3cb48feec56a8a7898741ab725c368d99d5d7a5a50aab80c6?s=96&d=mm&r=g\",\"caption\":\"Thales Brand\u00e3o\"},\"description\":\"Editor Executivo do Portal CidadeMarketing.com.br &gt; Mestre em Comunica\u00e7\u00e3o e Sociedade pela Universidade Federal de Sergipe. Possui MBA Executivo em Administra\u00e7\u00e3o com \u00eanfase em Marketing pela Funda\u00e7\u00e3o Get\u00falio Vargas - Rio de Janeiro. Consultor, Palestrante e Pesquisador sobre Empreendedorismo, Marketing, Redes Sociais e Neg\u00f3cios Digitais. Professor, Palestrante TedxTalks e Campus Party. Twitter: @ThalesBrandao\",\"sameAs\":[\"http:\\\/\\\/www.mandacaru.com.br\",\"https:\\\/\\\/www.facebook.com\\\/thalesbrandao\",\"http:\\\/\\\/www.instagram.com.br\\\/thalesbrandaoferreira\",\"https:\\\/\\\/www.linkedin.com\\\/in\\\/thales-brand\u00e3o-3948609\\\/\",\"https:\\\/\\\/x.com\\\/http:\\\/\\\/www.twitter.com\\\/thalesbrandao\"],\"url\":\"https:\\\/\\\/www.cidademarketing.com.br\\\/marketing\\\/author\\\/thalesbrandao\\\/\"}]}<\/script>\n<!-- \/ Yoast SEO plugin. -->","yoast_head_json":{"title":"Ceratti apresenta linha de salsicha Viena sem corante e saborizadas - CidadeMarketing","robots":{"index":"index","follow":"follow","max-snippet":"max-snippet:-1","max-image-preview":"max-image-preview:large","max-video-preview":"max-video-preview:-1"},"canonical":"https:\/\/www.cidademarketing.com.br\/marketing\/2019\/09\/04\/ceratti-apresenta-linha-de-salsicha-viena-sem-corante-e-saborizadas\/","og_locale":"pt_BR","og_type":"article","og_title":"Ceratti apresenta linha de salsicha Viena sem corante e saborizadas - CidadeMarketing","og_description":"Da tradicional e inconfund\u00edvel mortadela \u00e0s linhas de copa, salames e frios especiais, passando por presunto, bacon, peito de frango e lingui\u00e7as, os produtos Ceratti s\u00e3o reconhecidos por seus sabores marcantes que encantam os mais exigentes paladares. Sempre em busca de inova\u00e7\u00f5es para seus consumidores e clientes, a Ceratti lan\u00e7a a nova linha Salsicha Viena [&hellip;]","og_url":"https:\/\/www.cidademarketing.com.br\/marketing\/2019\/09\/04\/ceratti-apresenta-linha-de-salsicha-viena-sem-corante-e-saborizadas\/","og_site_name":"CidadeMarketing","article_publisher":"https:\/\/www.facebook.com\/portalcidademarketing","article_author":"https:\/\/www.facebook.com\/thalesbrandao","article_published_time":"2019-09-04T18:51:22+00:00","article_modified_time":"2019-09-04T18:51:24+00:00","og_image":[{"width":1920,"height":1082,"url":"https:\/\/www.cidademarketing.com.br\/marketing\/wp-content\/uploads\/2019\/09\/cropped-SALSICHA-VIENA-SEM-CORANTE.jpg","type":"image\/jpeg"}],"author":"Thales Brand\u00e3o","twitter_card":"summary_large_image","twitter_creator":"@http:\/\/www.twitter.com\/thalesbrandao","twitter_site":"@CidadeMarketing","twitter_misc":{"Escrito por":"Thales Brand\u00e3o","Est. tempo de leitura":"1 minuto"},"schema":{"@context":"https:\/\/schema.org","@graph":[{"@type":"Article","@id":"https:\/\/www.cidademarketing.com.br\/marketing\/2019\/09\/04\/ceratti-apresenta-linha-de-salsicha-viena-sem-corante-e-saborizadas\/#article","isPartOf":{"@id":"https:\/\/www.cidademarketing.com.br\/marketing\/2019\/09\/04\/ceratti-apresenta-linha-de-salsicha-viena-sem-corante-e-saborizadas\/"},"author":{"name":"Thales Brand\u00e3o","@id":"https:\/\/www.cidademarketing.com.br\/marketing\/#\/schema\/person\/02daff9f18bd9378c9e01eb6b2db155f"},"headline":"Ceratti apresenta linha de salsicha Viena sem corante e saborizadas","datePublished":"2019-09-04T18:51:22+00:00","dateModified":"2019-09-04T18:51:24+00:00","mainEntityOfPage":{"@id":"https:\/\/www.cidademarketing.com.br\/marketing\/2019\/09\/04\/ceratti-apresenta-linha-de-salsicha-viena-sem-corante-e-saborizadas\/"},"wordCount":193,"commentCount":0,"publisher":{"@id":"https:\/\/www.cidademarketing.com.br\/marketing\/#organization"},"image":{"@id":"https:\/\/www.cidademarketing.com.br\/marketing\/2019\/09\/04\/ceratti-apresenta-linha-de-salsicha-viena-sem-corante-e-saborizadas\/#primaryimage"},"thumbnailUrl":"https:\/\/www.cidademarketing.com.br\/marketing\/wp-content\/uploads\/2019\/09\/cropped-SALSICHA-VIENA-SEM-CORANTE.jpg","keywords":["Ceratti","marketing","produto"],"articleSection":["Not\u00edcias"],"inLanguage":"pt-BR","potentialAction":[{"@type":"CommentAction","name":"Comment","target":["https:\/\/www.cidademarketing.com.br\/marketing\/2019\/09\/04\/ceratti-apresenta-linha-de-salsicha-viena-sem-corante-e-saborizadas\/#respond"]}]},{"@type":"WebPage","@id":"https:\/\/www.cidademarketing.com.br\/marketing\/2019\/09\/04\/ceratti-apresenta-linha-de-salsicha-viena-sem-corante-e-saborizadas\/","url":"https:\/\/www.cidademarketing.com.br\/marketing\/2019\/09\/04\/ceratti-apresenta-linha-de-salsicha-viena-sem-corante-e-saborizadas\/","name":"Ceratti apresenta linha de salsicha Viena sem corante e saborizadas - CidadeMarketing","isPartOf":{"@id":"https:\/\/www.cidademarketing.com.br\/marketing\/#website"},"primaryImageOfPage":{"@id":"https:\/\/www.cidademarketing.com.br\/marketing\/2019\/09\/04\/ceratti-apresenta-linha-de-salsicha-viena-sem-corante-e-saborizadas\/#primaryimage"},"image":{"@id":"https:\/\/www.cidademarketing.com.br\/marketing\/2019\/09\/04\/ceratti-apresenta-linha-de-salsicha-viena-sem-corante-e-saborizadas\/#primaryimage"},"thumbnailUrl":"https:\/\/www.cidademarketing.com.br\/marketing\/wp-content\/uploads\/2019\/09\/cropped-SALSICHA-VIENA-SEM-CORANTE.jpg","datePublished":"2019-09-04T18:51:22+00:00","dateModified":"2019-09-04T18:51:24+00:00","breadcrumb":{"@id":"https:\/\/www.cidademarketing.com.br\/marketing\/2019\/09\/04\/ceratti-apresenta-linha-de-salsicha-viena-sem-corante-e-saborizadas\/#breadcrumb"},"inLanguage":"pt-BR","potentialAction":[{"@type":"ReadAction","target":["https:\/\/www.cidademarketing.com.br\/marketing\/2019\/09\/04\/ceratti-apresenta-linha-de-salsicha-viena-sem-corante-e-saborizadas\/"]}]},{"@type":"ImageObject","inLanguage":"pt-BR","@id":"https:\/\/www.cidademarketing.com.br\/marketing\/2019\/09\/04\/ceratti-apresenta-linha-de-salsicha-viena-sem-corante-e-saborizadas\/#primaryimage","url":"https:\/\/www.cidademarketing.com.br\/marketing\/wp-content\/uploads\/2019\/09\/cropped-SALSICHA-VIENA-SEM-CORANTE.jpg","contentUrl":"https:\/\/www.cidademarketing.com.br\/marketing\/wp-content\/uploads\/2019\/09\/cropped-SALSICHA-VIENA-SEM-CORANTE.jpg","width":1920,"height":1082},{"@type":"BreadcrumbList","@id":"https:\/\/www.cidademarketing.com.br\/marketing\/2019\/09\/04\/ceratti-apresenta-linha-de-salsicha-viena-sem-corante-e-saborizadas\/#breadcrumb","itemListElement":[{"@type":"ListItem","position":1,"name":"In\u00edcio","item":"https:\/\/www.cidademarketing.com.br\/marketing\/"},{"@type":"ListItem","position":2,"name":"Ceratti apresenta linha de salsicha Viena sem corante e saborizadas"}]},{"@type":"WebSite","@id":"https:\/\/www.cidademarketing.com.br\/marketing\/#website","url":"https:\/\/www.cidademarketing.com.br\/marketing\/","name":"CidadeMarketing","description":"Somos um ve\u00edculo de comunica\u00e7\u00e3o de destaque no Brasil, reconhecido por conte\u00fados nos segmentos de marketing, empreendedorismo e inova\u00e7\u00e3o.","publisher":{"@id":"https:\/\/www.cidademarketing.com.br\/marketing\/#organization"},"alternateName":"CidadeMarketing","potentialAction":[{"@type":"SearchAction","target":{"@type":"EntryPoint","urlTemplate":"https:\/\/www.cidademarketing.com.br\/marketing\/?s={search_term_string}"},"query-input":{"@type":"PropertyValueSpecification","valueRequired":true,"valueName":"search_term_string"}}],"inLanguage":"pt-BR"},{"@type":"Organization","@id":"https:\/\/www.cidademarketing.com.br\/marketing\/#organization","name":"CidadeMarketing","alternateName":"CidadeMarketing","url":"https:\/\/www.cidademarketing.com.br\/marketing\/","logo":{"@type":"ImageObject","inLanguage":"pt-BR","@id":"https:\/\/www.cidademarketing.com.br\/marketing\/#\/schema\/logo\/image\/","url":"https:\/\/www.cidademarketing.com.br\/marketing\/wp-content\/uploads\/2020\/01\/cidademarketing_marca_mobile.png","contentUrl":"https:\/\/www.cidademarketing.com.br\/marketing\/wp-content\/uploads\/2020\/01\/cidademarketing_marca_mobile.png","width":230,"height":92,"caption":"CidadeMarketing"},"image":{"@id":"https:\/\/www.cidademarketing.com.br\/marketing\/#\/schema\/logo\/image\/"},"sameAs":["https:\/\/www.facebook.com\/portalcidademarketing","https:\/\/x.com\/CidadeMarketing","https:\/\/www.instagram.com\/cidademarketing\/"]},{"@type":"Person","@id":"https:\/\/www.cidademarketing.com.br\/marketing\/#\/schema\/person\/02daff9f18bd9378c9e01eb6b2db155f","name":"Thales Brand\u00e3o","image":{"@type":"ImageObject","inLanguage":"pt-BR","@id":"https:\/\/secure.gravatar.com\/avatar\/7ca3206950207cc3cb48feec56a8a7898741ab725c368d99d5d7a5a50aab80c6?s=96&d=mm&r=g","url":"https:\/\/secure.gravatar.com\/avatar\/7ca3206950207cc3cb48feec56a8a7898741ab725c368d99d5d7a5a50aab80c6?s=96&d=mm&r=g","contentUrl":"https:\/\/secure.gravatar.com\/avatar\/7ca3206950207cc3cb48feec56a8a7898741ab725c368d99d5d7a5a50aab80c6?s=96&d=mm&r=g","caption":"Thales Brand\u00e3o"},"description":"Editor Executivo do Portal CidadeMarketing.com.br &gt; Mestre em Comunica\u00e7\u00e3o e Sociedade pela Universidade Federal de Sergipe. Possui MBA Executivo em Administra\u00e7\u00e3o com \u00eanfase em Marketing pela Funda\u00e7\u00e3o Get\u00falio Vargas - Rio de Janeiro. Consultor, Palestrante e Pesquisador sobre Empreendedorismo, Marketing, Redes Sociais e Neg\u00f3cios Digitais. Professor, Palestrante TedxTalks e Campus Party. Twitter: @ThalesBrandao","sameAs":["http:\/\/www.mandacaru.com.br","https:\/\/www.facebook.com\/thalesbrandao","http:\/\/www.instagram.com.br\/thalesbrandaoferreira","https:\/\/www.linkedin.com\/in\/thales-brand\u00e3o-3948609\/","https:\/\/x.com\/http:\/\/www.twitter.com\/thalesbrandao"],"url":"https:\/\/www.cidademarketing.com.br\/marketing\/author\/thalesbrandao\/"}]}},"amp_enabled":true,"_links":{"self":[{"href":"https:\/\/www.cidademarketing.com.br\/marketing\/wp-json\/wp\/v2\/posts\/11487","targetHints":{"allow":["GET"]}}],"collection":[{"href":"https:\/\/www.cidademarketing.com.br\/marketing\/wp-json\/wp\/v2\/posts"}],"about":[{"href":"https:\/\/www.cidademarketing.com.br\/marketing\/wp-json\/wp\/v2\/types\/post"}],"author":[{"embeddable":true,"href":"https:\/\/www.cidademarketing.com.br\/marketing\/wp-json\/wp\/v2\/users\/1"}],"replies":[{"embeddable":true,"href":"https:\/\/www.cidademarketing.com.br\/marketing\/wp-json\/wp\/v2\/comments?post=11487"}],"version-history":[{"count":1,"href":"https:\/\/www.cidademarketing.com.br\/marketing\/wp-json\/wp\/v2\/posts\/11487\/revisions"}],"predecessor-version":[{"id":11490,"href":"https:\/\/www.cidademarketing.com.br\/marketing\/wp-json\/wp\/v2\/posts\/11487\/revisions\/11490"}],"wp:featuredmedia":[{"embeddable":true,"href":"https:\/\/www.cidademarketing.com.br\/marketing\/wp-json\/wp\/v2\/media\/11489"}],"wp:attachment":[{"href":"https:\/\/www.cidademarketing.com.br\/marketing\/wp-json\/wp\/v2\/media?parent=11487"}],"wp:term":[{"taxonomy":"category","embeddable":true,"href":"https:\/\/www.cidademarketing.com.br\/marketing\/wp-json\/wp\/v2\/categories?post=11487"},{"taxonomy":"post_tag","embeddable":true,"href":"https:\/\/www.cidademarketing.com.br\/marketing\/wp-json\/wp\/v2\/tags?post=11487"}],"curies":[{"name":"wp","href":"https:\/\/api.w.org\/{rel}","templated":true}]}}