{"id":11470,"date":"2019-09-04T07:21:47","date_gmt":"2019-09-04T03:21:47","guid":{"rendered":"https:\/\/www.cidademarketing.com.br\/marketing\/?p=11470"},"modified":"2019-09-04T07:21:49","modified_gmt":"2019-09-04T03:21:49","slug":"ricardo-eletro-entra-no-clima-da-semana-do-brasil-com-produtos-com-ate-70-de-desconto","status":"publish","type":"post","link":"https:\/\/www.cidademarketing.com.br\/marketing\/2019\/09\/04\/ricardo-eletro-entra-no-clima-da-semana-do-brasil-com-produtos-com-ate-70-de-desconto\/","title":{"rendered":"Ricardo Eletro entra no clima da &#8220;Semana do Brasil&#8221; com produtos com at\u00e9 70% de desconto"},"content":{"rendered":"\n<p>Acontecer\u00e1\neste ano, entre os dias 06 e 15 de setembro, a primeira edi\u00e7\u00e3o da Semana do\nBrasil, uma iniciativa do Governo Federal em parceria com empresas privadas.\nAssim como a Black Friday, que inspirou a promo\u00e7\u00e3o, a semana de comemora\u00e7\u00e3o \u00e0\nindepend\u00eancia do Brasil promete ser excelente para o consumidor. A Ricardo\nEletro, rede varejista pertencente ao grupo M\u00e1quina de Vendas, vai participar\nda nova data do calend\u00e1rio de consumo brasileiro com promo\u00e7\u00f5es que podem chegar\na 70% de desconto.<\/p>\n\n\n\n<p>Para\no CEO da Ricardo Eletro, Luiz Wan-Dall, a a\u00e7\u00e3o \u00e9 um \u00f3tima oportunidade para\nimpulsionar o com\u00e9rcio. \u201cA expectativa \u00e9 que a Ricardo Eletro tenha um\ncrescimento de 35% nas vendas, em rela\u00e7\u00e3o ao mesmo periodo do ano passado\u201d,\nafirma.<\/p>\n\n\n\n<p>\u201cO\nconsumidor ter\u00e1 uma excelente oportunidade de trocar eletrodom\u00e9sticos,\neletr\u00f4nicos que h\u00e1 tempos est\u00e1 precisando e n\u00e3o conseguia por dificuldades\nfinanceiras. Estamos bastante animados em poder ajudar nossos clientes a\nrealizarem seus sonhos. Para o com\u00e9rcio tamb\u00e9m \u00e9 bastante empolgante, afinal,\nsetembro \u00e9 historicamente um m\u00eas de baixa de vendas\u201d, comemora o CEO da Ricardo\nEletro, Luiz Wan-Dall.<\/p>\n\n\n\n<p>Entre\nas ofertas da Semana do Brasil na Ricardo Eletro, est\u00e3o eletroeletr\u00f4nicos e\neletrodom\u00e9sticos, como Smart TV Led Philco 39\u201d de R$1699,00&nbsp; por R$\n1299,00, Lavadora Electrolux 12 kg de R$1599,00 por R$1199,00, e fog\u00e3o de cinco\nbocas a partir de R$599,00. Todos com formas de pagamento facilitadas e em 10X\nsem juros.<\/p>\n","protected":false},"excerpt":{"rendered":"<p>Acontecer\u00e1 este ano, entre os dias 06 e 15 de setembro, a primeira edi\u00e7\u00e3o da Semana do Brasil, uma iniciativa do Governo Federal em parceria com empresas privadas. Assim como a Black Friday, que inspirou a promo\u00e7\u00e3o, a semana de comemora\u00e7\u00e3o \u00e0 independ\u00eancia do Brasil promete ser excelente para o consumidor. A Ricardo Eletro, rede [&hellip;]<\/p>\n","protected":false},"author":1,"featured_media":11471,"comment_status":"open","ping_status":"open","sticky":false,"template":"","format":"standard","meta":{"tdm_status":"","tdm_grid_status":"","footnotes":""},"categories":[6],"tags":[33,28,209],"class_list":["post-11470","post","type-post","status-publish","format-standard","has-post-thumbnail","hentry","category-noticias","tag-estrategia","tag-marketing","tag-ricardo-eletro"],"yoast_head":"<!-- This site is optimized with the Yoast SEO plugin v27.5 - https:\/\/yoast.com\/product\/yoast-seo-wordpress\/ -->\n<title>Ricardo Eletro entra no clima da &quot;Semana do Brasil&quot; com produtos com at\u00e9 70% de desconto - CidadeMarketing<\/title>\n<meta name=\"robots\" content=\"index, follow, max-snippet:-1, max-image-preview:large, max-video-preview:-1\" \/>\n<link rel=\"canonical\" href=\"https:\/\/www.cidademarketing.com.br\/marketing\/2019\/09\/04\/ricardo-eletro-entra-no-clima-da-semana-do-brasil-com-produtos-com-ate-70-de-desconto\/\" \/>\n<meta property=\"og:locale\" content=\"pt_BR\" \/>\n<meta property=\"og:type\" content=\"article\" \/>\n<meta property=\"og:title\" content=\"Ricardo Eletro entra no clima da &quot;Semana do Brasil&quot; com produtos com at\u00e9 70% de desconto - CidadeMarketing\" \/>\n<meta property=\"og:description\" content=\"Acontecer\u00e1 este ano, entre os dias 06 e 15 de setembro, a primeira edi\u00e7\u00e3o da Semana do Brasil, uma iniciativa do Governo Federal em parceria com empresas privadas. Assim como a Black Friday, que inspirou a promo\u00e7\u00e3o, a semana de comemora\u00e7\u00e3o \u00e0 independ\u00eancia do Brasil promete ser excelente para o consumidor. A Ricardo Eletro, rede [&hellip;]\" \/>\n<meta property=\"og:url\" content=\"https:\/\/www.cidademarketing.com.br\/marketing\/2019\/09\/04\/ricardo-eletro-entra-no-clima-da-semana-do-brasil-com-produtos-com-ate-70-de-desconto\/\" \/>\n<meta property=\"og:site_name\" content=\"CidadeMarketing\" \/>\n<meta property=\"article:publisher\" content=\"https:\/\/www.facebook.com\/portalcidademarketing\" \/>\n<meta property=\"article:author\" content=\"https:\/\/www.facebook.com\/thalesbrandao\" \/>\n<meta property=\"article:published_time\" content=\"2019-09-04T03:21:47+00:00\" \/>\n<meta property=\"article:modified_time\" content=\"2019-09-04T03:21:49+00:00\" \/>\n<meta property=\"og:image\" content=\"https:\/\/www.cidademarketing.com.br\/marketing\/wp-content\/uploads\/2019\/09\/ricardoeletro.jpg\" \/>\n\t<meta property=\"og:image:width\" content=\"420\" \/>\n\t<meta property=\"og:image:height\" content=\"315\" \/>\n\t<meta property=\"og:image:type\" content=\"image\/jpeg\" \/>\n<meta name=\"author\" content=\"Thales Brand\u00e3o\" \/>\n<meta name=\"twitter:card\" content=\"summary_large_image\" \/>\n<meta name=\"twitter:creator\" content=\"@http:\/\/www.twitter.com\/thalesbrandao\" \/>\n<meta name=\"twitter:site\" content=\"@CidadeMarketing\" \/>\n<meta name=\"twitter:label1\" content=\"Escrito por\" \/>\n\t<meta name=\"twitter:data1\" content=\"Thales Brand\u00e3o\" \/>\n\t<meta name=\"twitter:label2\" content=\"Est. tempo de leitura\" \/>\n\t<meta name=\"twitter:data2\" content=\"1 minuto\" \/>\n<script type=\"application\/ld+json\" class=\"yoast-schema-graph\">{\"@context\":\"https:\\\/\\\/schema.org\",\"@graph\":[{\"@type\":\"Article\",\"@id\":\"https:\\\/\\\/www.cidademarketing.com.br\\\/marketing\\\/2019\\\/09\\\/04\\\/ricardo-eletro-entra-no-clima-da-semana-do-brasil-com-produtos-com-ate-70-de-desconto\\\/#article\",\"isPartOf\":{\"@id\":\"https:\\\/\\\/www.cidademarketing.com.br\\\/marketing\\\/2019\\\/09\\\/04\\\/ricardo-eletro-entra-no-clima-da-semana-do-brasil-com-produtos-com-ate-70-de-desconto\\\/\"},\"author\":{\"name\":\"Thales Brand\u00e3o\",\"@id\":\"https:\\\/\\\/www.cidademarketing.com.br\\\/marketing\\\/#\\\/schema\\\/person\\\/02daff9f18bd9378c9e01eb6b2db155f\"},\"headline\":\"Ricardo Eletro entra no clima da &#8220;Semana do Brasil&#8221; com produtos com at\u00e9 70% de desconto\",\"datePublished\":\"2019-09-04T03:21:47+00:00\",\"dateModified\":\"2019-09-04T03:21:49+00:00\",\"mainEntityOfPage\":{\"@id\":\"https:\\\/\\\/www.cidademarketing.com.br\\\/marketing\\\/2019\\\/09\\\/04\\\/ricardo-eletro-entra-no-clima-da-semana-do-brasil-com-produtos-com-ate-70-de-desconto\\\/\"},\"wordCount\":257,\"commentCount\":0,\"publisher\":{\"@id\":\"https:\\\/\\\/www.cidademarketing.com.br\\\/marketing\\\/#organization\"},\"image\":{\"@id\":\"https:\\\/\\\/www.cidademarketing.com.br\\\/marketing\\\/2019\\\/09\\\/04\\\/ricardo-eletro-entra-no-clima-da-semana-do-brasil-com-produtos-com-ate-70-de-desconto\\\/#primaryimage\"},\"thumbnailUrl\":\"https:\\\/\\\/www.cidademarketing.com.br\\\/marketing\\\/wp-content\\\/uploads\\\/2019\\\/09\\\/ricardoeletro.jpg\",\"keywords\":[\"estrat\u00e9gia\",\"marketing\",\"Ricardo Eletro\"],\"articleSection\":[\"Not\u00edcias\"],\"inLanguage\":\"pt-BR\",\"potentialAction\":[{\"@type\":\"CommentAction\",\"name\":\"Comment\",\"target\":[\"https:\\\/\\\/www.cidademarketing.com.br\\\/marketing\\\/2019\\\/09\\\/04\\\/ricardo-eletro-entra-no-clima-da-semana-do-brasil-com-produtos-com-ate-70-de-desconto\\\/#respond\"]}]},{\"@type\":\"WebPage\",\"@id\":\"https:\\\/\\\/www.cidademarketing.com.br\\\/marketing\\\/2019\\\/09\\\/04\\\/ricardo-eletro-entra-no-clima-da-semana-do-brasil-com-produtos-com-ate-70-de-desconto\\\/\",\"url\":\"https:\\\/\\\/www.cidademarketing.com.br\\\/marketing\\\/2019\\\/09\\\/04\\\/ricardo-eletro-entra-no-clima-da-semana-do-brasil-com-produtos-com-ate-70-de-desconto\\\/\",\"name\":\"Ricardo Eletro entra no clima da \\\"Semana do Brasil\\\" com produtos com at\u00e9 70% de desconto - CidadeMarketing\",\"isPartOf\":{\"@id\":\"https:\\\/\\\/www.cidademarketing.com.br\\\/marketing\\\/#website\"},\"primaryImageOfPage\":{\"@id\":\"https:\\\/\\\/www.cidademarketing.com.br\\\/marketing\\\/2019\\\/09\\\/04\\\/ricardo-eletro-entra-no-clima-da-semana-do-brasil-com-produtos-com-ate-70-de-desconto\\\/#primaryimage\"},\"image\":{\"@id\":\"https:\\\/\\\/www.cidademarketing.com.br\\\/marketing\\\/2019\\\/09\\\/04\\\/ricardo-eletro-entra-no-clima-da-semana-do-brasil-com-produtos-com-ate-70-de-desconto\\\/#primaryimage\"},\"thumbnailUrl\":\"https:\\\/\\\/www.cidademarketing.com.br\\\/marketing\\\/wp-content\\\/uploads\\\/2019\\\/09\\\/ricardoeletro.jpg\",\"datePublished\":\"2019-09-04T03:21:47+00:00\",\"dateModified\":\"2019-09-04T03:21:49+00:00\",\"breadcrumb\":{\"@id\":\"https:\\\/\\\/www.cidademarketing.com.br\\\/marketing\\\/2019\\\/09\\\/04\\\/ricardo-eletro-entra-no-clima-da-semana-do-brasil-com-produtos-com-ate-70-de-desconto\\\/#breadcrumb\"},\"inLanguage\":\"pt-BR\",\"potentialAction\":[{\"@type\":\"ReadAction\",\"target\":[\"https:\\\/\\\/www.cidademarketing.com.br\\\/marketing\\\/2019\\\/09\\\/04\\\/ricardo-eletro-entra-no-clima-da-semana-do-brasil-com-produtos-com-ate-70-de-desconto\\\/\"]}]},{\"@type\":\"ImageObject\",\"inLanguage\":\"pt-BR\",\"@id\":\"https:\\\/\\\/www.cidademarketing.com.br\\\/marketing\\\/2019\\\/09\\\/04\\\/ricardo-eletro-entra-no-clima-da-semana-do-brasil-com-produtos-com-ate-70-de-desconto\\\/#primaryimage\",\"url\":\"https:\\\/\\\/www.cidademarketing.com.br\\\/marketing\\\/wp-content\\\/uploads\\\/2019\\\/09\\\/ricardoeletro.jpg\",\"contentUrl\":\"https:\\\/\\\/www.cidademarketing.com.br\\\/marketing\\\/wp-content\\\/uploads\\\/2019\\\/09\\\/ricardoeletro.jpg\",\"width\":420,\"height\":315,\"caption\":\"Divulga\u00e7\u00e3o\"},{\"@type\":\"BreadcrumbList\",\"@id\":\"https:\\\/\\\/www.cidademarketing.com.br\\\/marketing\\\/2019\\\/09\\\/04\\\/ricardo-eletro-entra-no-clima-da-semana-do-brasil-com-produtos-com-ate-70-de-desconto\\\/#breadcrumb\",\"itemListElement\":[{\"@type\":\"ListItem\",\"position\":1,\"name\":\"In\u00edcio\",\"item\":\"https:\\\/\\\/www.cidademarketing.com.br\\\/marketing\\\/\"},{\"@type\":\"ListItem\",\"position\":2,\"name\":\"Ricardo Eletro entra no clima da &#8220;Semana do Brasil&#8221; com produtos com at\u00e9 70% de desconto\"}]},{\"@type\":\"WebSite\",\"@id\":\"https:\\\/\\\/www.cidademarketing.com.br\\\/marketing\\\/#website\",\"url\":\"https:\\\/\\\/www.cidademarketing.com.br\\\/marketing\\\/\",\"name\":\"CidadeMarketing\",\"description\":\"Somos um ve\u00edculo de comunica\u00e7\u00e3o de destaque no Brasil, reconhecido por conte\u00fados nos segmentos de marketing, empreendedorismo e inova\u00e7\u00e3o.\",\"publisher\":{\"@id\":\"https:\\\/\\\/www.cidademarketing.com.br\\\/marketing\\\/#organization\"},\"alternateName\":\"CidadeMarketing\",\"potentialAction\":[{\"@type\":\"SearchAction\",\"target\":{\"@type\":\"EntryPoint\",\"urlTemplate\":\"https:\\\/\\\/www.cidademarketing.com.br\\\/marketing\\\/?s={search_term_string}\"},\"query-input\":{\"@type\":\"PropertyValueSpecification\",\"valueRequired\":true,\"valueName\":\"search_term_string\"}}],\"inLanguage\":\"pt-BR\"},{\"@type\":\"Organization\",\"@id\":\"https:\\\/\\\/www.cidademarketing.com.br\\\/marketing\\\/#organization\",\"name\":\"CidadeMarketing\",\"alternateName\":\"CidadeMarketing\",\"url\":\"https:\\\/\\\/www.cidademarketing.com.br\\\/marketing\\\/\",\"logo\":{\"@type\":\"ImageObject\",\"inLanguage\":\"pt-BR\",\"@id\":\"https:\\\/\\\/www.cidademarketing.com.br\\\/marketing\\\/#\\\/schema\\\/logo\\\/image\\\/\",\"url\":\"https:\\\/\\\/www.cidademarketing.com.br\\\/marketing\\\/wp-content\\\/uploads\\\/2020\\\/01\\\/cidademarketing_marca_mobile.png\",\"contentUrl\":\"https:\\\/\\\/www.cidademarketing.com.br\\\/marketing\\\/wp-content\\\/uploads\\\/2020\\\/01\\\/cidademarketing_marca_mobile.png\",\"width\":230,\"height\":92,\"caption\":\"CidadeMarketing\"},\"image\":{\"@id\":\"https:\\\/\\\/www.cidademarketing.com.br\\\/marketing\\\/#\\\/schema\\\/logo\\\/image\\\/\"},\"sameAs\":[\"https:\\\/\\\/www.facebook.com\\\/portalcidademarketing\",\"https:\\\/\\\/x.com\\\/CidadeMarketing\",\"https:\\\/\\\/www.instagram.com\\\/cidademarketing\\\/\"]},{\"@type\":\"Person\",\"@id\":\"https:\\\/\\\/www.cidademarketing.com.br\\\/marketing\\\/#\\\/schema\\\/person\\\/02daff9f18bd9378c9e01eb6b2db155f\",\"name\":\"Thales Brand\u00e3o\",\"image\":{\"@type\":\"ImageObject\",\"inLanguage\":\"pt-BR\",\"@id\":\"https:\\\/\\\/secure.gravatar.com\\\/avatar\\\/7ca3206950207cc3cb48feec56a8a7898741ab725c368d99d5d7a5a50aab80c6?s=96&d=mm&r=g\",\"url\":\"https:\\\/\\\/secure.gravatar.com\\\/avatar\\\/7ca3206950207cc3cb48feec56a8a7898741ab725c368d99d5d7a5a50aab80c6?s=96&d=mm&r=g\",\"contentUrl\":\"https:\\\/\\\/secure.gravatar.com\\\/avatar\\\/7ca3206950207cc3cb48feec56a8a7898741ab725c368d99d5d7a5a50aab80c6?s=96&d=mm&r=g\",\"caption\":\"Thales Brand\u00e3o\"},\"description\":\"Editor Executivo do Portal CidadeMarketing.com.br &gt; Mestre em Comunica\u00e7\u00e3o e Sociedade pela Universidade Federal de Sergipe. Possui MBA Executivo em Administra\u00e7\u00e3o com \u00eanfase em Marketing pela Funda\u00e7\u00e3o Get\u00falio Vargas - Rio de Janeiro. Consultor, Palestrante e Pesquisador sobre Empreendedorismo, Marketing, Redes Sociais e Neg\u00f3cios Digitais. Professor, Palestrante TedxTalks e Campus Party. Twitter: @ThalesBrandao\",\"sameAs\":[\"http:\\\/\\\/www.mandacaru.com.br\",\"https:\\\/\\\/www.facebook.com\\\/thalesbrandao\",\"http:\\\/\\\/www.instagram.com.br\\\/thalesbrandaoferreira\",\"https:\\\/\\\/www.linkedin.com\\\/in\\\/thales-brand\u00e3o-3948609\\\/\",\"https:\\\/\\\/x.com\\\/http:\\\/\\\/www.twitter.com\\\/thalesbrandao\"],\"url\":\"https:\\\/\\\/www.cidademarketing.com.br\\\/marketing\\\/author\\\/thalesbrandao\\\/\"}]}<\/script>\n<!-- \/ Yoast SEO plugin. -->","yoast_head_json":{"title":"Ricardo Eletro entra no clima da \"Semana do Brasil\" com produtos com at\u00e9 70% de desconto - CidadeMarketing","robots":{"index":"index","follow":"follow","max-snippet":"max-snippet:-1","max-image-preview":"max-image-preview:large","max-video-preview":"max-video-preview:-1"},"canonical":"https:\/\/www.cidademarketing.com.br\/marketing\/2019\/09\/04\/ricardo-eletro-entra-no-clima-da-semana-do-brasil-com-produtos-com-ate-70-de-desconto\/","og_locale":"pt_BR","og_type":"article","og_title":"Ricardo Eletro entra no clima da \"Semana do Brasil\" com produtos com at\u00e9 70% de desconto - CidadeMarketing","og_description":"Acontecer\u00e1 este ano, entre os dias 06 e 15 de setembro, a primeira edi\u00e7\u00e3o da Semana do Brasil, uma iniciativa do Governo Federal em parceria com empresas privadas. Assim como a Black Friday, que inspirou a promo\u00e7\u00e3o, a semana de comemora\u00e7\u00e3o \u00e0 independ\u00eancia do Brasil promete ser excelente para o consumidor. A Ricardo Eletro, rede [&hellip;]","og_url":"https:\/\/www.cidademarketing.com.br\/marketing\/2019\/09\/04\/ricardo-eletro-entra-no-clima-da-semana-do-brasil-com-produtos-com-ate-70-de-desconto\/","og_site_name":"CidadeMarketing","article_publisher":"https:\/\/www.facebook.com\/portalcidademarketing","article_author":"https:\/\/www.facebook.com\/thalesbrandao","article_published_time":"2019-09-04T03:21:47+00:00","article_modified_time":"2019-09-04T03:21:49+00:00","og_image":[{"width":420,"height":315,"url":"https:\/\/www.cidademarketing.com.br\/marketing\/wp-content\/uploads\/2019\/09\/ricardoeletro.jpg","type":"image\/jpeg"}],"author":"Thales Brand\u00e3o","twitter_card":"summary_large_image","twitter_creator":"@http:\/\/www.twitter.com\/thalesbrandao","twitter_site":"@CidadeMarketing","twitter_misc":{"Escrito por":"Thales Brand\u00e3o","Est. tempo de leitura":"1 minuto"},"schema":{"@context":"https:\/\/schema.org","@graph":[{"@type":"Article","@id":"https:\/\/www.cidademarketing.com.br\/marketing\/2019\/09\/04\/ricardo-eletro-entra-no-clima-da-semana-do-brasil-com-produtos-com-ate-70-de-desconto\/#article","isPartOf":{"@id":"https:\/\/www.cidademarketing.com.br\/marketing\/2019\/09\/04\/ricardo-eletro-entra-no-clima-da-semana-do-brasil-com-produtos-com-ate-70-de-desconto\/"},"author":{"name":"Thales Brand\u00e3o","@id":"https:\/\/www.cidademarketing.com.br\/marketing\/#\/schema\/person\/02daff9f18bd9378c9e01eb6b2db155f"},"headline":"Ricardo Eletro entra no clima da &#8220;Semana do Brasil&#8221; com produtos com at\u00e9 70% de desconto","datePublished":"2019-09-04T03:21:47+00:00","dateModified":"2019-09-04T03:21:49+00:00","mainEntityOfPage":{"@id":"https:\/\/www.cidademarketing.com.br\/marketing\/2019\/09\/04\/ricardo-eletro-entra-no-clima-da-semana-do-brasil-com-produtos-com-ate-70-de-desconto\/"},"wordCount":257,"commentCount":0,"publisher":{"@id":"https:\/\/www.cidademarketing.com.br\/marketing\/#organization"},"image":{"@id":"https:\/\/www.cidademarketing.com.br\/marketing\/2019\/09\/04\/ricardo-eletro-entra-no-clima-da-semana-do-brasil-com-produtos-com-ate-70-de-desconto\/#primaryimage"},"thumbnailUrl":"https:\/\/www.cidademarketing.com.br\/marketing\/wp-content\/uploads\/2019\/09\/ricardoeletro.jpg","keywords":["estrat\u00e9gia","marketing","Ricardo Eletro"],"articleSection":["Not\u00edcias"],"inLanguage":"pt-BR","potentialAction":[{"@type":"CommentAction","name":"Comment","target":["https:\/\/www.cidademarketing.com.br\/marketing\/2019\/09\/04\/ricardo-eletro-entra-no-clima-da-semana-do-brasil-com-produtos-com-ate-70-de-desconto\/#respond"]}]},{"@type":"WebPage","@id":"https:\/\/www.cidademarketing.com.br\/marketing\/2019\/09\/04\/ricardo-eletro-entra-no-clima-da-semana-do-brasil-com-produtos-com-ate-70-de-desconto\/","url":"https:\/\/www.cidademarketing.com.br\/marketing\/2019\/09\/04\/ricardo-eletro-entra-no-clima-da-semana-do-brasil-com-produtos-com-ate-70-de-desconto\/","name":"Ricardo Eletro entra no clima da \"Semana do Brasil\" com produtos com at\u00e9 70% de desconto - CidadeMarketing","isPartOf":{"@id":"https:\/\/www.cidademarketing.com.br\/marketing\/#website"},"primaryImageOfPage":{"@id":"https:\/\/www.cidademarketing.com.br\/marketing\/2019\/09\/04\/ricardo-eletro-entra-no-clima-da-semana-do-brasil-com-produtos-com-ate-70-de-desconto\/#primaryimage"},"image":{"@id":"https:\/\/www.cidademarketing.com.br\/marketing\/2019\/09\/04\/ricardo-eletro-entra-no-clima-da-semana-do-brasil-com-produtos-com-ate-70-de-desconto\/#primaryimage"},"thumbnailUrl":"https:\/\/www.cidademarketing.com.br\/marketing\/wp-content\/uploads\/2019\/09\/ricardoeletro.jpg","datePublished":"2019-09-04T03:21:47+00:00","dateModified":"2019-09-04T03:21:49+00:00","breadcrumb":{"@id":"https:\/\/www.cidademarketing.com.br\/marketing\/2019\/09\/04\/ricardo-eletro-entra-no-clima-da-semana-do-brasil-com-produtos-com-ate-70-de-desconto\/#breadcrumb"},"inLanguage":"pt-BR","potentialAction":[{"@type":"ReadAction","target":["https:\/\/www.cidademarketing.com.br\/marketing\/2019\/09\/04\/ricardo-eletro-entra-no-clima-da-semana-do-brasil-com-produtos-com-ate-70-de-desconto\/"]}]},{"@type":"ImageObject","inLanguage":"pt-BR","@id":"https:\/\/www.cidademarketing.com.br\/marketing\/2019\/09\/04\/ricardo-eletro-entra-no-clima-da-semana-do-brasil-com-produtos-com-ate-70-de-desconto\/#primaryimage","url":"https:\/\/www.cidademarketing.com.br\/marketing\/wp-content\/uploads\/2019\/09\/ricardoeletro.jpg","contentUrl":"https:\/\/www.cidademarketing.com.br\/marketing\/wp-content\/uploads\/2019\/09\/ricardoeletro.jpg","width":420,"height":315,"caption":"Divulga\u00e7\u00e3o"},{"@type":"BreadcrumbList","@id":"https:\/\/www.cidademarketing.com.br\/marketing\/2019\/09\/04\/ricardo-eletro-entra-no-clima-da-semana-do-brasil-com-produtos-com-ate-70-de-desconto\/#breadcrumb","itemListElement":[{"@type":"ListItem","position":1,"name":"In\u00edcio","item":"https:\/\/www.cidademarketing.com.br\/marketing\/"},{"@type":"ListItem","position":2,"name":"Ricardo Eletro entra no clima da &#8220;Semana do Brasil&#8221; com produtos com at\u00e9 70% de desconto"}]},{"@type":"WebSite","@id":"https:\/\/www.cidademarketing.com.br\/marketing\/#website","url":"https:\/\/www.cidademarketing.com.br\/marketing\/","name":"CidadeMarketing","description":"Somos um ve\u00edculo de comunica\u00e7\u00e3o de destaque no Brasil, reconhecido por conte\u00fados nos segmentos de marketing, empreendedorismo e inova\u00e7\u00e3o.","publisher":{"@id":"https:\/\/www.cidademarketing.com.br\/marketing\/#organization"},"alternateName":"CidadeMarketing","potentialAction":[{"@type":"SearchAction","target":{"@type":"EntryPoint","urlTemplate":"https:\/\/www.cidademarketing.com.br\/marketing\/?s={search_term_string}"},"query-input":{"@type":"PropertyValueSpecification","valueRequired":true,"valueName":"search_term_string"}}],"inLanguage":"pt-BR"},{"@type":"Organization","@id":"https:\/\/www.cidademarketing.com.br\/marketing\/#organization","name":"CidadeMarketing","alternateName":"CidadeMarketing","url":"https:\/\/www.cidademarketing.com.br\/marketing\/","logo":{"@type":"ImageObject","inLanguage":"pt-BR","@id":"https:\/\/www.cidademarketing.com.br\/marketing\/#\/schema\/logo\/image\/","url":"https:\/\/www.cidademarketing.com.br\/marketing\/wp-content\/uploads\/2020\/01\/cidademarketing_marca_mobile.png","contentUrl":"https:\/\/www.cidademarketing.com.br\/marketing\/wp-content\/uploads\/2020\/01\/cidademarketing_marca_mobile.png","width":230,"height":92,"caption":"CidadeMarketing"},"image":{"@id":"https:\/\/www.cidademarketing.com.br\/marketing\/#\/schema\/logo\/image\/"},"sameAs":["https:\/\/www.facebook.com\/portalcidademarketing","https:\/\/x.com\/CidadeMarketing","https:\/\/www.instagram.com\/cidademarketing\/"]},{"@type":"Person","@id":"https:\/\/www.cidademarketing.com.br\/marketing\/#\/schema\/person\/02daff9f18bd9378c9e01eb6b2db155f","name":"Thales Brand\u00e3o","image":{"@type":"ImageObject","inLanguage":"pt-BR","@id":"https:\/\/secure.gravatar.com\/avatar\/7ca3206950207cc3cb48feec56a8a7898741ab725c368d99d5d7a5a50aab80c6?s=96&d=mm&r=g","url":"https:\/\/secure.gravatar.com\/avatar\/7ca3206950207cc3cb48feec56a8a7898741ab725c368d99d5d7a5a50aab80c6?s=96&d=mm&r=g","contentUrl":"https:\/\/secure.gravatar.com\/avatar\/7ca3206950207cc3cb48feec56a8a7898741ab725c368d99d5d7a5a50aab80c6?s=96&d=mm&r=g","caption":"Thales Brand\u00e3o"},"description":"Editor Executivo do Portal CidadeMarketing.com.br &gt; Mestre em Comunica\u00e7\u00e3o e Sociedade pela Universidade Federal de Sergipe. Possui MBA Executivo em Administra\u00e7\u00e3o com \u00eanfase em Marketing pela Funda\u00e7\u00e3o Get\u00falio Vargas - Rio de Janeiro. Consultor, Palestrante e Pesquisador sobre Empreendedorismo, Marketing, Redes Sociais e Neg\u00f3cios Digitais. Professor, Palestrante TedxTalks e Campus Party. Twitter: @ThalesBrandao","sameAs":["http:\/\/www.mandacaru.com.br","https:\/\/www.facebook.com\/thalesbrandao","http:\/\/www.instagram.com.br\/thalesbrandaoferreira","https:\/\/www.linkedin.com\/in\/thales-brand\u00e3o-3948609\/","https:\/\/x.com\/http:\/\/www.twitter.com\/thalesbrandao"],"url":"https:\/\/www.cidademarketing.com.br\/marketing\/author\/thalesbrandao\/"}]}},"amp_enabled":true,"_links":{"self":[{"href":"https:\/\/www.cidademarketing.com.br\/marketing\/wp-json\/wp\/v2\/posts\/11470","targetHints":{"allow":["GET"]}}],"collection":[{"href":"https:\/\/www.cidademarketing.com.br\/marketing\/wp-json\/wp\/v2\/posts"}],"about":[{"href":"https:\/\/www.cidademarketing.com.br\/marketing\/wp-json\/wp\/v2\/types\/post"}],"author":[{"embeddable":true,"href":"https:\/\/www.cidademarketing.com.br\/marketing\/wp-json\/wp\/v2\/users\/1"}],"replies":[{"embeddable":true,"href":"https:\/\/www.cidademarketing.com.br\/marketing\/wp-json\/wp\/v2\/comments?post=11470"}],"version-history":[{"count":1,"href":"https:\/\/www.cidademarketing.com.br\/marketing\/wp-json\/wp\/v2\/posts\/11470\/revisions"}],"predecessor-version":[{"id":11472,"href":"https:\/\/www.cidademarketing.com.br\/marketing\/wp-json\/wp\/v2\/posts\/11470\/revisions\/11472"}],"wp:featuredmedia":[{"embeddable":true,"href":"https:\/\/www.cidademarketing.com.br\/marketing\/wp-json\/wp\/v2\/media\/11471"}],"wp:attachment":[{"href":"https:\/\/www.cidademarketing.com.br\/marketing\/wp-json\/wp\/v2\/media?parent=11470"}],"wp:term":[{"taxonomy":"category","embeddable":true,"href":"https:\/\/www.cidademarketing.com.br\/marketing\/wp-json\/wp\/v2\/categories?post=11470"},{"taxonomy":"post_tag","embeddable":true,"href":"https:\/\/www.cidademarketing.com.br\/marketing\/wp-json\/wp\/v2\/tags?post=11470"}],"curies":[{"name":"wp","href":"https:\/\/api.w.org\/{rel}","templated":true}]}}