{"id":1146,"date":"2015-08-24T22:09:13","date_gmt":"2015-08-25T01:09:13","guid":{"rendered":"http:\/\/www.cidademarketing.com.br\/marketing\/?p=1146"},"modified":"2018-07-24T22:38:16","modified_gmt":"2018-07-25T01:38:16","slug":"as-marcas-precisam-sair-de-cima-do-muro-2","status":"publish","type":"post","link":"https:\/\/www.cidademarketing.com.br\/marketing\/2015\/08\/24\/as-marcas-precisam-sair-de-cima-do-muro-2\/","title":{"rendered":"As marcas precisam sair de cima do muro"},"content":{"rendered":"<p>Com as redes sociais e tantas outras plataformas presentes no cotidiano das pessoas, as empresas est\u00e3o sempre buscando uma forma direta de intera\u00e7\u00e3o e humaniza\u00e7\u00e3o. Cada vez mais as marcas precisam mostrar, atrav\u00e9s de ideologias e causas, personalidade para estreitar o relacionamento com seus stakeholders. Hoje, as marcas t\u00eam que se comportar como pessoas &#8211; \u00e9 o que os consumidores esperam. As corpora\u00e7\u00f5es, agora, precisam sair de cima do muro, mostrar suas cren\u00e7as, apostas e ess\u00eancias.<\/p>\n<p>&nbsp;<\/p>\n<p>Recentemente, tivemos exemplos interessantes: A campanha para o Dia dos Namorados da O Botic\u00e1rio e a a\u00e7\u00e3o da Vivo\/Samsung em homenagem aos 30 anos da m\u00fasica Exagerado, de Cazuza, que mostram casais homossexuais trocando presentes e olhares, trouxeram um debate v\u00e1lido a respeito da diversidade. Al\u00e9m da pol\u00eamica gerada, estas a\u00e7\u00f5es demonstram um importante fen\u00f4meno: O branding contempor\u00e2neo busca cada vez mais &#8220;vestir uma camisa&#8221;. N\u00e3o h\u00e1 d\u00favidas que s\u00e3o estrat\u00e9gias que, entre outras coisas, geram a comunica\u00e7\u00e3o de boca a boca. O que \u00e9 promissor.\u00a0Neste contexto \u00e9 fundamental uma avalia\u00e7\u00e3o profunda para realmente obter resultados positivos. Alguns fatores precisam ser levados em considera\u00e7\u00e3o neste tipo de campanha. Alguns t\u00f3picos devem ser considerados. Tal discurso faz parte dos valores da marca? Est\u00e1 no DNA da empresa? Em outras palavras, \u00e9 um esfor\u00e7o genu\u00edno que permite criar uma narrativa veross\u00edmil? Afinal, na era da transpar\u00eancia e da responsabilidade, confian\u00e7a e credibilidade precisam ser conquistadas. A autenticidade, nestes casos, muitas vezes, acaba sendo mais importante que a pr\u00f3pria mensagem.<\/p>\n<p>&nbsp;<\/p>\n<p>O Botic\u00e1rio: o esfor\u00e7o foi positivo. A campanha trouxe a ideia de diversidade de forma sincera, pois o conceito \u00e9 defendido pela institui\u00e7\u00e3o. Tamb\u00e9m n\u00e3o faz sentido ignorar um mercado com mais de 18 milh\u00f5es de pessoas, 78% com cart\u00e3o de cr\u00e9dito e com m\u00e9dia salarial em torno de R$ 3 mil. Qual setor inteligente n\u00e3o gostaria de aproveitar tal potencial de consumo? No final das contas, a organiza\u00e7\u00e3o e a ag\u00eancia esperavam a diverg\u00eancia de opini\u00f5es. E foi justamente a rea\u00e7\u00e3o negativa que provocou a mar\u00e9 de solidariedade.<br \/>\nEssencial que gestores entendam que levantar uma bandeira n\u00e3o \u00e9 t\u00e3o simples e que requer aten\u00e7\u00e3o. Tomar cuidado com o tom da comunica\u00e7\u00e3o, por exemplo. Uma causa para defender \u00e9 saud\u00e1vel, mas sem agredir quem pensa o contr\u00e1rio, principalmente se tratando de temas pol\u00eamicos. A liberdade de express\u00e3o de todos os consumidores deve existir e ser respeitada. Criatividade, timing, eleg\u00e2ncia, maturidade e respeito na comunica\u00e7\u00e3o s\u00e3o palavras-chaves.<\/p>\n<p>&nbsp;<\/p>\n<p>H\u00e1 ainda v\u00e1rios exemplos de empresas cujo l\u00edder tem carisma, apelo na sociedade e que demonstra preocupa\u00e7\u00e3o com quest\u00f5es diversas. Muitos deles investem grandes recursos para semear a sua causa e tentar de alguma forma conectar-se a um apelo social, ambiental e cultural. No entanto, se isso n\u00e3o estiver de algum modo &#8220;linkado&#8221; com a promessa central da marca, este esfor\u00e7o \u00e9 in\u00fatil. Dois cases j\u00e1 s\u00e3o cl\u00e1ssicos.\u00a0O primeiro \u00e9 o da GE, especialmente quando a empresa se envolve em causas de energias alternativas. Ora, a GE lembra automaticamente duas quest\u00f5es: energia e imagina\u00e7\u00e3o. Basta lembrar que o seu fundador, Thomas Edison, \u00e9 o criador da l\u00e2mpada bulbo. N\u00f3s, consumidores da GE, imaginamos que fontes de energia alternativa estejam relacionadas instintivamente com a companhia. Outro exemplo \u00e9 a marca de produtos &#8211; entre outros, v\u00e1rios de limpeza &#8211; Clorox.<\/p>\n<p>&nbsp;<\/p>\n<p>Digamos que, quando esta empresa se envolve com estudos para melhorar o ar, despoluindo o ambiente, ela est\u00e1 fortalecendo a percep\u00e7\u00e3o do consumidor sobre algo que \u00e9 intimamente ligado a seu core business. E aqui vai uma pergunta: que consumidor n\u00e3o gostaria de comprar um produto de limpeza de uma companhia que, de certa forma, est\u00e1 contribuindo para a despolui\u00e7\u00e3o do planeta?<br \/>\nO contexto do pa\u00eds tamb\u00e9m deve ser levado em conta. O Brasil sofre um per\u00edodo de macrotransi\u00e7\u00e3o e de conjuntura mudancista com muitos efl\u00favios de incerteza. Diante deste cen\u00e1rio, as corpora\u00e7\u00f5es que participarem deste grande debate tendem a ser mais lembradas e relevantes no futuro. A participa\u00e7\u00e3o pol\u00edtica \u00e9 v\u00e1lida. Mas marcas precisam tomar cuidado para n\u00e3o servirem de esbirros e n\u00e3o serem usadas por partidos e\/ou movimentos pol\u00edticos e religiosos. \u00a0Tamb\u00e9m precisam tomar cuidado para n\u00e3o cair no &#8220;politicamente correto&#8221;, formato t\u00e3o adotado hoje em dia e, em muitos casos, sem originalidade. N\u00e3o \u00e9 poss\u00edvel vincular-se a patrulhas ideol\u00f3gicas exageradas sem fidelidade ao seu equity. Isto acarreta paradoxismo, o que pode confundir o consumidor. Afinal, n\u00e3o \u00e9 poss\u00edvel agradar a todos. Por isso, ser leal \u00e0 sua ess\u00eancia \u00e9 t\u00e3o importante. Mesmo que a mensagem v\u00e1 contra uma parcela da audi\u00eancia.<\/p>\n","protected":false},"excerpt":{"rendered":"<p>Com as redes sociais e tantas outras plataformas presentes no cotidiano das pessoas, as empresas est\u00e3o sempre buscando uma forma direta de intera\u00e7\u00e3o e humaniza\u00e7\u00e3o. Cada vez mais as marcas precisam mostrar, atrav\u00e9s de ideologias e causas, personalidade para estreitar o relacionamento com seus stakeholders. Hoje, as marcas t\u00eam que se comportar como pessoas &#8211; [&hellip;]<\/p>\n","protected":false},"author":5,"featured_media":0,"comment_status":"open","ping_status":"open","sticky":false,"template":"","format":"standard","meta":{"tdm_status":"","tdm_grid_status":"","footnotes":""},"categories":[12,19],"tags":[],"class_list":["post-1146","post","type-post","status-publish","format-standard","hentry","category-artigos","category-gabrielrossi"],"yoast_head":"<!-- This site is optimized with the Yoast SEO plugin v27.5 - https:\/\/yoast.com\/product\/yoast-seo-wordpress\/ -->\n<title>As marcas precisam sair de cima do muro - CidadeMarketing<\/title>\n<meta name=\"robots\" content=\"index, follow, max-snippet:-1, max-image-preview:large, max-video-preview:-1\" \/>\n<link rel=\"canonical\" href=\"https:\/\/www.cidademarketing.com.br\/marketing\/2015\/08\/24\/as-marcas-precisam-sair-de-cima-do-muro-2\/\" \/>\n<meta property=\"og:locale\" content=\"pt_BR\" \/>\n<meta property=\"og:type\" content=\"article\" \/>\n<meta property=\"og:title\" content=\"As marcas precisam sair de cima do muro - CidadeMarketing\" \/>\n<meta property=\"og:description\" content=\"Com as redes sociais e tantas outras plataformas presentes no cotidiano das pessoas, as empresas est\u00e3o sempre buscando uma forma direta de intera\u00e7\u00e3o e humaniza\u00e7\u00e3o. Cada vez mais as marcas precisam mostrar, atrav\u00e9s de ideologias e causas, personalidade para estreitar o relacionamento com seus stakeholders. Hoje, as marcas t\u00eam que se comportar como pessoas &#8211; [&hellip;]\" \/>\n<meta property=\"og:url\" content=\"https:\/\/www.cidademarketing.com.br\/marketing\/2015\/08\/24\/as-marcas-precisam-sair-de-cima-do-muro-2\/\" \/>\n<meta property=\"og:site_name\" content=\"CidadeMarketing\" \/>\n<meta property=\"article:publisher\" content=\"https:\/\/www.facebook.com\/portalcidademarketing\" \/>\n<meta property=\"article:author\" content=\"https:\/\/pt-br.facebook.com\/pg\/consultoriagr\/about\/?ref=page_internal\" \/>\n<meta property=\"article:published_time\" content=\"2015-08-25T01:09:13+00:00\" \/>\n<meta property=\"article:modified_time\" content=\"2018-07-25T01:38:16+00:00\" \/>\n<meta name=\"author\" content=\"Gabriel Rossi\" \/>\n<meta name=\"twitter:card\" content=\"summary_large_image\" \/>\n<meta name=\"twitter:creator\" content=\"@CidadeMarketing\" \/>\n<meta name=\"twitter:site\" content=\"@CidadeMarketing\" \/>\n<meta name=\"twitter:label1\" content=\"Escrito por\" \/>\n\t<meta name=\"twitter:data1\" content=\"Gabriel Rossi\" \/>\n\t<meta name=\"twitter:label2\" content=\"Est. tempo de leitura\" \/>\n\t<meta name=\"twitter:data2\" content=\"4 minutos\" \/>\n<script type=\"application\/ld+json\" class=\"yoast-schema-graph\">{\"@context\":\"https:\\\/\\\/schema.org\",\"@graph\":[{\"@type\":\"Article\",\"@id\":\"https:\\\/\\\/www.cidademarketing.com.br\\\/marketing\\\/2015\\\/08\\\/24\\\/as-marcas-precisam-sair-de-cima-do-muro-2\\\/#article\",\"isPartOf\":{\"@id\":\"https:\\\/\\\/www.cidademarketing.com.br\\\/marketing\\\/2015\\\/08\\\/24\\\/as-marcas-precisam-sair-de-cima-do-muro-2\\\/\"},\"author\":{\"name\":\"Gabriel Rossi\",\"@id\":\"https:\\\/\\\/www.cidademarketing.com.br\\\/marketing\\\/#\\\/schema\\\/person\\\/b18e7bae9bcbcd0e29952c840911f063\"},\"headline\":\"As marcas precisam sair de cima do muro\",\"datePublished\":\"2015-08-25T01:09:13+00:00\",\"dateModified\":\"2018-07-25T01:38:16+00:00\",\"mainEntityOfPage\":{\"@id\":\"https:\\\/\\\/www.cidademarketing.com.br\\\/marketing\\\/2015\\\/08\\\/24\\\/as-marcas-precisam-sair-de-cima-do-muro-2\\\/\"},\"wordCount\":835,\"commentCount\":0,\"publisher\":{\"@id\":\"https:\\\/\\\/www.cidademarketing.com.br\\\/marketing\\\/#organization\"},\"articleSection\":[\"Artigos\",\"Gabriel Rossi\"],\"inLanguage\":\"pt-BR\",\"potentialAction\":[{\"@type\":\"CommentAction\",\"name\":\"Comment\",\"target\":[\"https:\\\/\\\/www.cidademarketing.com.br\\\/marketing\\\/2015\\\/08\\\/24\\\/as-marcas-precisam-sair-de-cima-do-muro-2\\\/#respond\"]}]},{\"@type\":\"WebPage\",\"@id\":\"https:\\\/\\\/www.cidademarketing.com.br\\\/marketing\\\/2015\\\/08\\\/24\\\/as-marcas-precisam-sair-de-cima-do-muro-2\\\/\",\"url\":\"https:\\\/\\\/www.cidademarketing.com.br\\\/marketing\\\/2015\\\/08\\\/24\\\/as-marcas-precisam-sair-de-cima-do-muro-2\\\/\",\"name\":\"As marcas precisam sair de cima do muro - CidadeMarketing\",\"isPartOf\":{\"@id\":\"https:\\\/\\\/www.cidademarketing.com.br\\\/marketing\\\/#website\"},\"datePublished\":\"2015-08-25T01:09:13+00:00\",\"dateModified\":\"2018-07-25T01:38:16+00:00\",\"breadcrumb\":{\"@id\":\"https:\\\/\\\/www.cidademarketing.com.br\\\/marketing\\\/2015\\\/08\\\/24\\\/as-marcas-precisam-sair-de-cima-do-muro-2\\\/#breadcrumb\"},\"inLanguage\":\"pt-BR\",\"potentialAction\":[{\"@type\":\"ReadAction\",\"target\":[\"https:\\\/\\\/www.cidademarketing.com.br\\\/marketing\\\/2015\\\/08\\\/24\\\/as-marcas-precisam-sair-de-cima-do-muro-2\\\/\"]}]},{\"@type\":\"BreadcrumbList\",\"@id\":\"https:\\\/\\\/www.cidademarketing.com.br\\\/marketing\\\/2015\\\/08\\\/24\\\/as-marcas-precisam-sair-de-cima-do-muro-2\\\/#breadcrumb\",\"itemListElement\":[{\"@type\":\"ListItem\",\"position\":1,\"name\":\"In\u00edcio\",\"item\":\"https:\\\/\\\/www.cidademarketing.com.br\\\/marketing\\\/\"},{\"@type\":\"ListItem\",\"position\":2,\"name\":\"As marcas precisam sair de cima do muro\"}]},{\"@type\":\"WebSite\",\"@id\":\"https:\\\/\\\/www.cidademarketing.com.br\\\/marketing\\\/#website\",\"url\":\"https:\\\/\\\/www.cidademarketing.com.br\\\/marketing\\\/\",\"name\":\"CidadeMarketing\",\"description\":\"Somos um ve\u00edculo de comunica\u00e7\u00e3o de destaque no Brasil, reconhecido por conte\u00fados nos segmentos de marketing, empreendedorismo e inova\u00e7\u00e3o.\",\"publisher\":{\"@id\":\"https:\\\/\\\/www.cidademarketing.com.br\\\/marketing\\\/#organization\"},\"alternateName\":\"CidadeMarketing\",\"potentialAction\":[{\"@type\":\"SearchAction\",\"target\":{\"@type\":\"EntryPoint\",\"urlTemplate\":\"https:\\\/\\\/www.cidademarketing.com.br\\\/marketing\\\/?s={search_term_string}\"},\"query-input\":{\"@type\":\"PropertyValueSpecification\",\"valueRequired\":true,\"valueName\":\"search_term_string\"}}],\"inLanguage\":\"pt-BR\"},{\"@type\":\"Organization\",\"@id\":\"https:\\\/\\\/www.cidademarketing.com.br\\\/marketing\\\/#organization\",\"name\":\"CidadeMarketing\",\"alternateName\":\"CidadeMarketing\",\"url\":\"https:\\\/\\\/www.cidademarketing.com.br\\\/marketing\\\/\",\"logo\":{\"@type\":\"ImageObject\",\"inLanguage\":\"pt-BR\",\"@id\":\"https:\\\/\\\/www.cidademarketing.com.br\\\/marketing\\\/#\\\/schema\\\/logo\\\/image\\\/\",\"url\":\"https:\\\/\\\/www.cidademarketing.com.br\\\/marketing\\\/wp-content\\\/uploads\\\/2020\\\/01\\\/cidademarketing_marca_mobile.png\",\"contentUrl\":\"https:\\\/\\\/www.cidademarketing.com.br\\\/marketing\\\/wp-content\\\/uploads\\\/2020\\\/01\\\/cidademarketing_marca_mobile.png\",\"width\":230,\"height\":92,\"caption\":\"CidadeMarketing\"},\"image\":{\"@id\":\"https:\\\/\\\/www.cidademarketing.com.br\\\/marketing\\\/#\\\/schema\\\/logo\\\/image\\\/\"},\"sameAs\":[\"https:\\\/\\\/www.facebook.com\\\/portalcidademarketing\",\"https:\\\/\\\/x.com\\\/CidadeMarketing\",\"https:\\\/\\\/www.instagram.com\\\/cidademarketing\\\/\"]},{\"@type\":\"Person\",\"@id\":\"https:\\\/\\\/www.cidademarketing.com.br\\\/marketing\\\/#\\\/schema\\\/person\\\/b18e7bae9bcbcd0e29952c840911f063\",\"name\":\"Gabriel Rossi\",\"image\":{\"@type\":\"ImageObject\",\"inLanguage\":\"pt-BR\",\"@id\":\"https:\\\/\\\/secure.gravatar.com\\\/avatar\\\/92e468668cc92378ee7e494ef9adf8b4c53bd5a92934d08680538fe30eedff64?s=96&d=mm&r=g\",\"url\":\"https:\\\/\\\/secure.gravatar.com\\\/avatar\\\/92e468668cc92378ee7e494ef9adf8b4c53bd5a92934d08680538fe30eedff64?s=96&d=mm&r=g\",\"contentUrl\":\"https:\\\/\\\/secure.gravatar.com\\\/avatar\\\/92e468668cc92378ee7e494ef9adf8b4c53bd5a92934d08680538fe30eedff64?s=96&d=mm&r=g\",\"caption\":\"Gabriel Rossi\"},\"description\":\"Palestrante profissional em marketing, estrategista especializado na constru\u00e7\u00e3o e gerenciamento de marcas e reputa\u00e7\u00e3o, e diretor-fundador da Gabriel Rossi Consultoria, com passagens por institui\u00e7\u00f5es como Syracuse\\\/Aberje, Madia Marketing School, University of London e Bell School. Especialista convidado para lecionar no curso de extens\u00e3o da Funda\u00e7\u00e3o Escola de Sociologia e Pol\u00edtica (FESP) e na P\u00f3s Gradua\u00e7\u00e3o de Marketing da USP. Refer\u00eancia de mercado, Gabriel \u00e9 atualmente o profissional no pa\u00eds mais requisitado pela grande m\u00eddia (mainstream) para falar sobre marketing. Escreve e \u00e9 citado extensivamente, sendo colunista de portais de destaque como Observador Pol\u00edtico, possui diversos artigos e estudos publicados no Estad\u00e3o, o Globo, Brasil Econ\u00f4mico, Correio Braziliense, JT, UOL, HSM e colabora com ve\u00edculos como Bandnews TV, Folha de S\u00e3o Paulo, Revista Nova, Veja, Portal G1 , entre in\u00fameros outros. Rossi e sua equipe atuam tanto no campo pol\u00edtico como no empresarial. Eles trabalham com empresas internacionais como Petrobr\u00e1s, The Marketing Store e Tetra Pak, al\u00e9m de candidatos ao Senado Federal. Rossi participou de momentos hist\u00f3ricos importantes, sendo comentarista especial da TV Estad\u00e3o no primeiro e segundo turno das elei\u00e7\u00f5es 2010 e comentarista oficial durante a posse da presidente Dilma Rousseff para a r\u00e1dio Eldorado.\",\"sameAs\":[\"https:\\\/\\\/pt-br.facebook.com\\\/pg\\\/consultoriagr\\\/about\\\/?ref=page_internal\",\"https:\\\/\\\/www.linkedin.com\\\/in\\\/gabrieldrossi\\\/\"],\"url\":\"https:\\\/\\\/www.cidademarketing.com.br\\\/marketing\\\/author\\\/gabriel-rossi\\\/\"}]}<\/script>\n<!-- \/ Yoast SEO plugin. -->","yoast_head_json":{"title":"As marcas precisam sair de cima do muro - CidadeMarketing","robots":{"index":"index","follow":"follow","max-snippet":"max-snippet:-1","max-image-preview":"max-image-preview:large","max-video-preview":"max-video-preview:-1"},"canonical":"https:\/\/www.cidademarketing.com.br\/marketing\/2015\/08\/24\/as-marcas-precisam-sair-de-cima-do-muro-2\/","og_locale":"pt_BR","og_type":"article","og_title":"As marcas precisam sair de cima do muro - CidadeMarketing","og_description":"Com as redes sociais e tantas outras plataformas presentes no cotidiano das pessoas, as empresas est\u00e3o sempre buscando uma forma direta de intera\u00e7\u00e3o e humaniza\u00e7\u00e3o. Cada vez mais as marcas precisam mostrar, atrav\u00e9s de ideologias e causas, personalidade para estreitar o relacionamento com seus stakeholders. Hoje, as marcas t\u00eam que se comportar como pessoas &#8211; [&hellip;]","og_url":"https:\/\/www.cidademarketing.com.br\/marketing\/2015\/08\/24\/as-marcas-precisam-sair-de-cima-do-muro-2\/","og_site_name":"CidadeMarketing","article_publisher":"https:\/\/www.facebook.com\/portalcidademarketing","article_author":"https:\/\/pt-br.facebook.com\/pg\/consultoriagr\/about\/?ref=page_internal","article_published_time":"2015-08-25T01:09:13+00:00","article_modified_time":"2018-07-25T01:38:16+00:00","author":"Gabriel Rossi","twitter_card":"summary_large_image","twitter_creator":"@CidadeMarketing","twitter_site":"@CidadeMarketing","twitter_misc":{"Escrito por":"Gabriel Rossi","Est. tempo de leitura":"4 minutos"},"schema":{"@context":"https:\/\/schema.org","@graph":[{"@type":"Article","@id":"https:\/\/www.cidademarketing.com.br\/marketing\/2015\/08\/24\/as-marcas-precisam-sair-de-cima-do-muro-2\/#article","isPartOf":{"@id":"https:\/\/www.cidademarketing.com.br\/marketing\/2015\/08\/24\/as-marcas-precisam-sair-de-cima-do-muro-2\/"},"author":{"name":"Gabriel Rossi","@id":"https:\/\/www.cidademarketing.com.br\/marketing\/#\/schema\/person\/b18e7bae9bcbcd0e29952c840911f063"},"headline":"As marcas precisam sair de cima do muro","datePublished":"2015-08-25T01:09:13+00:00","dateModified":"2018-07-25T01:38:16+00:00","mainEntityOfPage":{"@id":"https:\/\/www.cidademarketing.com.br\/marketing\/2015\/08\/24\/as-marcas-precisam-sair-de-cima-do-muro-2\/"},"wordCount":835,"commentCount":0,"publisher":{"@id":"https:\/\/www.cidademarketing.com.br\/marketing\/#organization"},"articleSection":["Artigos","Gabriel Rossi"],"inLanguage":"pt-BR","potentialAction":[{"@type":"CommentAction","name":"Comment","target":["https:\/\/www.cidademarketing.com.br\/marketing\/2015\/08\/24\/as-marcas-precisam-sair-de-cima-do-muro-2\/#respond"]}]},{"@type":"WebPage","@id":"https:\/\/www.cidademarketing.com.br\/marketing\/2015\/08\/24\/as-marcas-precisam-sair-de-cima-do-muro-2\/","url":"https:\/\/www.cidademarketing.com.br\/marketing\/2015\/08\/24\/as-marcas-precisam-sair-de-cima-do-muro-2\/","name":"As marcas precisam sair de cima do muro - CidadeMarketing","isPartOf":{"@id":"https:\/\/www.cidademarketing.com.br\/marketing\/#website"},"datePublished":"2015-08-25T01:09:13+00:00","dateModified":"2018-07-25T01:38:16+00:00","breadcrumb":{"@id":"https:\/\/www.cidademarketing.com.br\/marketing\/2015\/08\/24\/as-marcas-precisam-sair-de-cima-do-muro-2\/#breadcrumb"},"inLanguage":"pt-BR","potentialAction":[{"@type":"ReadAction","target":["https:\/\/www.cidademarketing.com.br\/marketing\/2015\/08\/24\/as-marcas-precisam-sair-de-cima-do-muro-2\/"]}]},{"@type":"BreadcrumbList","@id":"https:\/\/www.cidademarketing.com.br\/marketing\/2015\/08\/24\/as-marcas-precisam-sair-de-cima-do-muro-2\/#breadcrumb","itemListElement":[{"@type":"ListItem","position":1,"name":"In\u00edcio","item":"https:\/\/www.cidademarketing.com.br\/marketing\/"},{"@type":"ListItem","position":2,"name":"As marcas precisam sair de cima do muro"}]},{"@type":"WebSite","@id":"https:\/\/www.cidademarketing.com.br\/marketing\/#website","url":"https:\/\/www.cidademarketing.com.br\/marketing\/","name":"CidadeMarketing","description":"Somos um ve\u00edculo de comunica\u00e7\u00e3o de destaque no Brasil, reconhecido por conte\u00fados nos segmentos de marketing, empreendedorismo e inova\u00e7\u00e3o.","publisher":{"@id":"https:\/\/www.cidademarketing.com.br\/marketing\/#organization"},"alternateName":"CidadeMarketing","potentialAction":[{"@type":"SearchAction","target":{"@type":"EntryPoint","urlTemplate":"https:\/\/www.cidademarketing.com.br\/marketing\/?s={search_term_string}"},"query-input":{"@type":"PropertyValueSpecification","valueRequired":true,"valueName":"search_term_string"}}],"inLanguage":"pt-BR"},{"@type":"Organization","@id":"https:\/\/www.cidademarketing.com.br\/marketing\/#organization","name":"CidadeMarketing","alternateName":"CidadeMarketing","url":"https:\/\/www.cidademarketing.com.br\/marketing\/","logo":{"@type":"ImageObject","inLanguage":"pt-BR","@id":"https:\/\/www.cidademarketing.com.br\/marketing\/#\/schema\/logo\/image\/","url":"https:\/\/www.cidademarketing.com.br\/marketing\/wp-content\/uploads\/2020\/01\/cidademarketing_marca_mobile.png","contentUrl":"https:\/\/www.cidademarketing.com.br\/marketing\/wp-content\/uploads\/2020\/01\/cidademarketing_marca_mobile.png","width":230,"height":92,"caption":"CidadeMarketing"},"image":{"@id":"https:\/\/www.cidademarketing.com.br\/marketing\/#\/schema\/logo\/image\/"},"sameAs":["https:\/\/www.facebook.com\/portalcidademarketing","https:\/\/x.com\/CidadeMarketing","https:\/\/www.instagram.com\/cidademarketing\/"]},{"@type":"Person","@id":"https:\/\/www.cidademarketing.com.br\/marketing\/#\/schema\/person\/b18e7bae9bcbcd0e29952c840911f063","name":"Gabriel Rossi","image":{"@type":"ImageObject","inLanguage":"pt-BR","@id":"https:\/\/secure.gravatar.com\/avatar\/92e468668cc92378ee7e494ef9adf8b4c53bd5a92934d08680538fe30eedff64?s=96&d=mm&r=g","url":"https:\/\/secure.gravatar.com\/avatar\/92e468668cc92378ee7e494ef9adf8b4c53bd5a92934d08680538fe30eedff64?s=96&d=mm&r=g","contentUrl":"https:\/\/secure.gravatar.com\/avatar\/92e468668cc92378ee7e494ef9adf8b4c53bd5a92934d08680538fe30eedff64?s=96&d=mm&r=g","caption":"Gabriel Rossi"},"description":"Palestrante profissional em marketing, estrategista especializado na constru\u00e7\u00e3o e gerenciamento de marcas e reputa\u00e7\u00e3o, e diretor-fundador da Gabriel Rossi Consultoria, com passagens por institui\u00e7\u00f5es como Syracuse\/Aberje, Madia Marketing School, University of London e Bell School. Especialista convidado para lecionar no curso de extens\u00e3o da Funda\u00e7\u00e3o Escola de Sociologia e Pol\u00edtica (FESP) e na P\u00f3s Gradua\u00e7\u00e3o de Marketing da USP. Refer\u00eancia de mercado, Gabriel \u00e9 atualmente o profissional no pa\u00eds mais requisitado pela grande m\u00eddia (mainstream) para falar sobre marketing. Escreve e \u00e9 citado extensivamente, sendo colunista de portais de destaque como Observador Pol\u00edtico, possui diversos artigos e estudos publicados no Estad\u00e3o, o Globo, Brasil Econ\u00f4mico, Correio Braziliense, JT, UOL, HSM e colabora com ve\u00edculos como Bandnews TV, Folha de S\u00e3o Paulo, Revista Nova, Veja, Portal G1 , entre in\u00fameros outros. Rossi e sua equipe atuam tanto no campo pol\u00edtico como no empresarial. Eles trabalham com empresas internacionais como Petrobr\u00e1s, The Marketing Store e Tetra Pak, al\u00e9m de candidatos ao Senado Federal. Rossi participou de momentos hist\u00f3ricos importantes, sendo comentarista especial da TV Estad\u00e3o no primeiro e segundo turno das elei\u00e7\u00f5es 2010 e comentarista oficial durante a posse da presidente Dilma Rousseff para a r\u00e1dio Eldorado.","sameAs":["https:\/\/pt-br.facebook.com\/pg\/consultoriagr\/about\/?ref=page_internal","https:\/\/www.linkedin.com\/in\/gabrieldrossi\/"],"url":"https:\/\/www.cidademarketing.com.br\/marketing\/author\/gabriel-rossi\/"}]}},"amp_enabled":true,"_links":{"self":[{"href":"https:\/\/www.cidademarketing.com.br\/marketing\/wp-json\/wp\/v2\/posts\/1146","targetHints":{"allow":["GET"]}}],"collection":[{"href":"https:\/\/www.cidademarketing.com.br\/marketing\/wp-json\/wp\/v2\/posts"}],"about":[{"href":"https:\/\/www.cidademarketing.com.br\/marketing\/wp-json\/wp\/v2\/types\/post"}],"author":[{"embeddable":true,"href":"https:\/\/www.cidademarketing.com.br\/marketing\/wp-json\/wp\/v2\/users\/5"}],"replies":[{"embeddable":true,"href":"https:\/\/www.cidademarketing.com.br\/marketing\/wp-json\/wp\/v2\/comments?post=1146"}],"version-history":[{"count":1,"href":"https:\/\/www.cidademarketing.com.br\/marketing\/wp-json\/wp\/v2\/posts\/1146\/revisions"}],"predecessor-version":[{"id":1147,"href":"https:\/\/www.cidademarketing.com.br\/marketing\/wp-json\/wp\/v2\/posts\/1146\/revisions\/1147"}],"wp:attachment":[{"href":"https:\/\/www.cidademarketing.com.br\/marketing\/wp-json\/wp\/v2\/media?parent=1146"}],"wp:term":[{"taxonomy":"category","embeddable":true,"href":"https:\/\/www.cidademarketing.com.br\/marketing\/wp-json\/wp\/v2\/categories?post=1146"},{"taxonomy":"post_tag","embeddable":true,"href":"https:\/\/www.cidademarketing.com.br\/marketing\/wp-json\/wp\/v2\/tags?post=1146"}],"curies":[{"name":"wp","href":"https:\/\/api.w.org\/{rel}","templated":true}]}}