{"id":11358,"date":"2019-08-31T18:01:49","date_gmt":"2019-08-31T14:01:49","guid":{"rendered":"https:\/\/www.cidademarketing.com.br\/marketing\/?p=11358"},"modified":"2019-08-31T18:07:58","modified_gmt":"2019-08-31T14:07:58","slug":"com-patrocinio-da-uber-pedala-brasil-acontece-no-rio-de-janeiro-neste-domingo-1-9","status":"publish","type":"post","link":"https:\/\/www.cidademarketing.com.br\/marketing\/2019\/08\/31\/com-patrocinio-da-uber-pedala-brasil-acontece-no-rio-de-janeiro-neste-domingo-1-9\/","title":{"rendered":"Com patroc\u00ednio da Uber, Pedala Brasil acontece no Rio de Janeiro neste domingo 1\/9"},"content":{"rendered":"\n<p> As bikes v\u00e3o tomar conta do Aterro do Flamengo, no Rio de Janeiro (RJ), neste domingo (1\u00ba\/9). A partir das 8h, mais de 6 mil pessoas estar\u00e3o reunidas para participar da primeira etapa do Pedala Brasil, passeio cicl\u00edstico voltado para a mobilidade urbana e a sustentabilidade. A largada ser\u00e1 na Pra\u00e7a de Cuauhtemoque, de onde os inscritos saem para um percurso de sete quil\u00f4metros.<br><br> O Circuito Pedala Brasil \u00e9 uma oportunidade de estar em locais onde normalmente s\u00f3 os carros t\u00eam acesso, conhecendo e curtindo a cidade por um \u00e2ngulo diferente. Mais do que um passeio, momento de reunir fam\u00edlia e amigos que curtem a bike para pedalar em busca de mais sa\u00fade e bem-estar.<br><br> Cada vez mais utilizada como meio de transporte, assim como para lazer ou para praticar atividade f\u00edsica, a bicicleta atrai todas as idades. Pesquisas mostram que usar a bike para locomo\u00e7\u00e3o torna as pessoas mais felizes. Sem falar no ganho em qualidade de vida dos ciclistas e, tamb\u00e9m, na prote\u00e7\u00e3o do meio ambiente, j\u00e1 que n\u00e3o emitem poluentes.<br><br> Tudo isso ser\u00e1 colocado em pr\u00e1tica nos sete quil\u00f4metros do Pedala Brasil. O objetivo \u00e9 promover o uso da bicicleta nas grandes cidades brasileiras. No evento, anima\u00e7\u00e3o e divers\u00e3o est\u00e3o garantidas, pedalando com seguran\u00e7a, sem esquecer da sustentabilidade. Depois do Rio,\u00a0 ser\u00e1 a vez de Belo Horizonte receber os ciclistas\u00a0no dia 15 de setembro.<br><br><strong>Entrega de kits \u2013<\/strong> As inscri\u00e7\u00f5es para a etapa do Rio j\u00e1 est\u00e3o encerradas. E quem garantiu seu lugar no passeio pode retirar o Kit &#8211; Participa\u00e7\u00e3o, Pedala ou Bike -, de acordo com a inscri\u00e7\u00e3o realizada, nesta sexta-feira (30), das 10h \u00e0s 19h, e no s\u00e1bado (31), das 10h \u00e0s 17h, no Espa\u00e7o Sacadura (rua Sacadura Cabral, 154 \u2013 Sa\u00fade).<br><br><strong>Dicas no site &#8211;<\/strong>\u00a0No site\u00a0<a href=\"http:\/\/www.circuitopedala.com.br\" target=\"_blank\" rel=\"noreferrer noopener\" aria-label=\"www.circuitopedala.com.br (abre numa nova aba)\">www.circuitopedala.com.br<\/a> est\u00e3o todas as informa\u00e7\u00f5es sobre o evento e, tamb\u00e9m, dicas de como pedalar no dia a dia na cidade: Pedale com seguran\u00e7a \u2013 al\u00e9m de capacete, use acess\u00f3rios na bike, como luz traseira e frontal, e procure andar com roupas coloridas para ser visto mais facilmente por motoristas e pedestres; Esque\u00e7a o celular \u2013 evite manter uma das m\u00e3os ocupadas com garrafas ou celulares \u2013 voc\u00ea pode precisar frear ou desviar de um obst\u00e1culo a qualquer momento; Respeite a sinaliza\u00e7\u00e3o \u2013 Pedale como se estivesse em um carro, respeitando a sinaliza\u00e7\u00e3o, usando os bra\u00e7os como seta e trafegando em ciclovias ou, na aus\u00eancia de uma, na direita da rua; Imprevistos acontecem &#8211; Tenha sempre um kit de ferramentas para o caso da bike ter algum problema mec\u00e2nico ou pneu furado. <br><br> O Pedala Brasil tem o patroc\u00ednio de Uber, pela Lei de Incentivo ao Esporte, com organiza\u00e7\u00e3o do\u00a0 IDEC &#8211; Instituto para o Desenvolvimento do Esporte e da Cultura e apoio da Secretaria Especial do Esporte do Minist\u00e9rio da Cidadania.<br><br><strong>IDEC &#8211;<\/strong>\u00a0Pela primeira vez, o Circuito Pedala Brasil ser\u00e1 organizado pelo IDEC &#8211; Instituto para o Desenvolvimento do Esporte e da Cultura, que visa sempre o comprometimento e profissionalismo nos projetos em que atua. A meta \u00e9 oferecer a melhor experi\u00eancia para o p\u00fablico neste evento, que incentiva a pr\u00e1tica da sustentabilidade, com divers\u00e3o e seguran\u00e7a, conceitos que o IDEC apoia.<br><br><\/p>\n","protected":false},"excerpt":{"rendered":"<p>As bikes v\u00e3o tomar conta do Aterro do Flamengo, no Rio de Janeiro (RJ), neste domingo (1\u00ba\/9). A partir das 8h, mais de 6 mil pessoas estar\u00e3o reunidas para participar da primeira etapa do Pedala Brasil, passeio cicl\u00edstico voltado para a mobilidade urbana e a sustentabilidade. A largada ser\u00e1 na Pra\u00e7a de Cuauhtemoque, de onde [&hellip;]<\/p>\n","protected":false},"author":1,"featured_media":11363,"comment_status":"open","ping_status":"open","sticky":false,"template":"","format":"standard","meta":{"tdm_status":"","tdm_grid_status":"","footnotes":""},"categories":[6],"tags":[28,194,74],"class_list":["post-11358","post","type-post","status-publish","format-standard","has-post-thumbnail","hentry","category-noticias","tag-marketing","tag-marketing-esportivo","tag-uber"],"yoast_head":"<!-- This site is optimized with the Yoast SEO plugin v27.5 - https:\/\/yoast.com\/product\/yoast-seo-wordpress\/ -->\n<title>Com patroc\u00ednio da Uber, Pedala Brasil acontece no Rio de Janeiro neste domingo 1\/9 - CidadeMarketing<\/title>\n<meta name=\"robots\" content=\"index, follow, max-snippet:-1, max-image-preview:large, max-video-preview:-1\" \/>\n<link rel=\"canonical\" href=\"https:\/\/www.cidademarketing.com.br\/marketing\/2019\/08\/31\/com-patrocinio-da-uber-pedala-brasil-acontece-no-rio-de-janeiro-neste-domingo-1-9\/\" \/>\n<meta property=\"og:locale\" content=\"pt_BR\" \/>\n<meta property=\"og:type\" content=\"article\" \/>\n<meta property=\"og:title\" content=\"Com patroc\u00ednio da Uber, Pedala Brasil acontece no Rio de Janeiro neste domingo 1\/9 - CidadeMarketing\" \/>\n<meta property=\"og:description\" content=\"As bikes v\u00e3o tomar conta do Aterro do Flamengo, no Rio de Janeiro (RJ), neste domingo (1\u00ba\/9). A partir das 8h, mais de 6 mil pessoas estar\u00e3o reunidas para participar da primeira etapa do Pedala Brasil, passeio cicl\u00edstico voltado para a mobilidade urbana e a sustentabilidade. A largada ser\u00e1 na Pra\u00e7a de Cuauhtemoque, de onde [&hellip;]\" \/>\n<meta property=\"og:url\" content=\"https:\/\/www.cidademarketing.com.br\/marketing\/2019\/08\/31\/com-patrocinio-da-uber-pedala-brasil-acontece-no-rio-de-janeiro-neste-domingo-1-9\/\" \/>\n<meta property=\"og:site_name\" content=\"CidadeMarketing\" \/>\n<meta property=\"article:publisher\" content=\"https:\/\/www.facebook.com\/portalcidademarketing\" \/>\n<meta property=\"article:author\" content=\"https:\/\/www.facebook.com\/thalesbrandao\" \/>\n<meta property=\"article:published_time\" content=\"2019-08-31T14:01:49+00:00\" \/>\n<meta property=\"article:modified_time\" content=\"2019-08-31T14:07:58+00:00\" \/>\n<meta property=\"og:image\" content=\"https:\/\/www.cidademarketing.com.br\/marketing\/wp-content\/uploads\/2019\/08\/cropped-pedalabrasil-1.png\" \/>\n\t<meta property=\"og:image:width\" content=\"600\" \/>\n\t<meta property=\"og:image:height\" content=\"337\" \/>\n\t<meta property=\"og:image:type\" content=\"image\/png\" \/>\n<meta name=\"author\" content=\"Thales Brand\u00e3o\" \/>\n<meta name=\"twitter:card\" content=\"summary_large_image\" \/>\n<meta name=\"twitter:creator\" content=\"@http:\/\/www.twitter.com\/thalesbrandao\" \/>\n<meta name=\"twitter:site\" content=\"@CidadeMarketing\" \/>\n<meta name=\"twitter:label1\" content=\"Escrito por\" \/>\n\t<meta name=\"twitter:data1\" content=\"Thales Brand\u00e3o\" \/>\n\t<meta name=\"twitter:label2\" content=\"Est. tempo de leitura\" \/>\n\t<meta name=\"twitter:data2\" content=\"3 minutos\" \/>\n<script type=\"application\/ld+json\" class=\"yoast-schema-graph\">{\"@context\":\"https:\\\/\\\/schema.org\",\"@graph\":[{\"@type\":\"Article\",\"@id\":\"https:\\\/\\\/www.cidademarketing.com.br\\\/marketing\\\/2019\\\/08\\\/31\\\/com-patrocinio-da-uber-pedala-brasil-acontece-no-rio-de-janeiro-neste-domingo-1-9\\\/#article\",\"isPartOf\":{\"@id\":\"https:\\\/\\\/www.cidademarketing.com.br\\\/marketing\\\/2019\\\/08\\\/31\\\/com-patrocinio-da-uber-pedala-brasil-acontece-no-rio-de-janeiro-neste-domingo-1-9\\\/\"},\"author\":{\"name\":\"Thales Brand\u00e3o\",\"@id\":\"https:\\\/\\\/www.cidademarketing.com.br\\\/marketing\\\/#\\\/schema\\\/person\\\/02daff9f18bd9378c9e01eb6b2db155f\"},\"headline\":\"Com patroc\u00ednio da Uber, Pedala Brasil acontece no Rio de Janeiro neste domingo 1\\\/9\",\"datePublished\":\"2019-08-31T14:01:49+00:00\",\"dateModified\":\"2019-08-31T14:07:58+00:00\",\"mainEntityOfPage\":{\"@id\":\"https:\\\/\\\/www.cidademarketing.com.br\\\/marketing\\\/2019\\\/08\\\/31\\\/com-patrocinio-da-uber-pedala-brasil-acontece-no-rio-de-janeiro-neste-domingo-1-9\\\/\"},\"wordCount\":577,\"commentCount\":0,\"publisher\":{\"@id\":\"https:\\\/\\\/www.cidademarketing.com.br\\\/marketing\\\/#organization\"},\"image\":{\"@id\":\"https:\\\/\\\/www.cidademarketing.com.br\\\/marketing\\\/2019\\\/08\\\/31\\\/com-patrocinio-da-uber-pedala-brasil-acontece-no-rio-de-janeiro-neste-domingo-1-9\\\/#primaryimage\"},\"thumbnailUrl\":\"https:\\\/\\\/www.cidademarketing.com.br\\\/marketing\\\/wp-content\\\/uploads\\\/2019\\\/08\\\/cropped-pedalabrasil-1.png\",\"keywords\":[\"marketing\",\"marketing esportivo\",\"Uber\"],\"articleSection\":[\"Not\u00edcias\"],\"inLanguage\":\"pt-BR\",\"potentialAction\":[{\"@type\":\"CommentAction\",\"name\":\"Comment\",\"target\":[\"https:\\\/\\\/www.cidademarketing.com.br\\\/marketing\\\/2019\\\/08\\\/31\\\/com-patrocinio-da-uber-pedala-brasil-acontece-no-rio-de-janeiro-neste-domingo-1-9\\\/#respond\"]}]},{\"@type\":\"WebPage\",\"@id\":\"https:\\\/\\\/www.cidademarketing.com.br\\\/marketing\\\/2019\\\/08\\\/31\\\/com-patrocinio-da-uber-pedala-brasil-acontece-no-rio-de-janeiro-neste-domingo-1-9\\\/\",\"url\":\"https:\\\/\\\/www.cidademarketing.com.br\\\/marketing\\\/2019\\\/08\\\/31\\\/com-patrocinio-da-uber-pedala-brasil-acontece-no-rio-de-janeiro-neste-domingo-1-9\\\/\",\"name\":\"Com patroc\u00ednio da Uber, Pedala Brasil acontece no Rio de Janeiro neste domingo 1\\\/9 - CidadeMarketing\",\"isPartOf\":{\"@id\":\"https:\\\/\\\/www.cidademarketing.com.br\\\/marketing\\\/#website\"},\"primaryImageOfPage\":{\"@id\":\"https:\\\/\\\/www.cidademarketing.com.br\\\/marketing\\\/2019\\\/08\\\/31\\\/com-patrocinio-da-uber-pedala-brasil-acontece-no-rio-de-janeiro-neste-domingo-1-9\\\/#primaryimage\"},\"image\":{\"@id\":\"https:\\\/\\\/www.cidademarketing.com.br\\\/marketing\\\/2019\\\/08\\\/31\\\/com-patrocinio-da-uber-pedala-brasil-acontece-no-rio-de-janeiro-neste-domingo-1-9\\\/#primaryimage\"},\"thumbnailUrl\":\"https:\\\/\\\/www.cidademarketing.com.br\\\/marketing\\\/wp-content\\\/uploads\\\/2019\\\/08\\\/cropped-pedalabrasil-1.png\",\"datePublished\":\"2019-08-31T14:01:49+00:00\",\"dateModified\":\"2019-08-31T14:07:58+00:00\",\"breadcrumb\":{\"@id\":\"https:\\\/\\\/www.cidademarketing.com.br\\\/marketing\\\/2019\\\/08\\\/31\\\/com-patrocinio-da-uber-pedala-brasil-acontece-no-rio-de-janeiro-neste-domingo-1-9\\\/#breadcrumb\"},\"inLanguage\":\"pt-BR\",\"potentialAction\":[{\"@type\":\"ReadAction\",\"target\":[\"https:\\\/\\\/www.cidademarketing.com.br\\\/marketing\\\/2019\\\/08\\\/31\\\/com-patrocinio-da-uber-pedala-brasil-acontece-no-rio-de-janeiro-neste-domingo-1-9\\\/\"]}]},{\"@type\":\"ImageObject\",\"inLanguage\":\"pt-BR\",\"@id\":\"https:\\\/\\\/www.cidademarketing.com.br\\\/marketing\\\/2019\\\/08\\\/31\\\/com-patrocinio-da-uber-pedala-brasil-acontece-no-rio-de-janeiro-neste-domingo-1-9\\\/#primaryimage\",\"url\":\"https:\\\/\\\/www.cidademarketing.com.br\\\/marketing\\\/wp-content\\\/uploads\\\/2019\\\/08\\\/cropped-pedalabrasil-1.png\",\"contentUrl\":\"https:\\\/\\\/www.cidademarketing.com.br\\\/marketing\\\/wp-content\\\/uploads\\\/2019\\\/08\\\/cropped-pedalabrasil-1.png\",\"width\":600,\"height\":337},{\"@type\":\"BreadcrumbList\",\"@id\":\"https:\\\/\\\/www.cidademarketing.com.br\\\/marketing\\\/2019\\\/08\\\/31\\\/com-patrocinio-da-uber-pedala-brasil-acontece-no-rio-de-janeiro-neste-domingo-1-9\\\/#breadcrumb\",\"itemListElement\":[{\"@type\":\"ListItem\",\"position\":1,\"name\":\"In\u00edcio\",\"item\":\"https:\\\/\\\/www.cidademarketing.com.br\\\/marketing\\\/\"},{\"@type\":\"ListItem\",\"position\":2,\"name\":\"Com patroc\u00ednio da Uber, Pedala Brasil acontece no Rio de Janeiro neste domingo 1\\\/9\"}]},{\"@type\":\"WebSite\",\"@id\":\"https:\\\/\\\/www.cidademarketing.com.br\\\/marketing\\\/#website\",\"url\":\"https:\\\/\\\/www.cidademarketing.com.br\\\/marketing\\\/\",\"name\":\"CidadeMarketing\",\"description\":\"Somos um ve\u00edculo de comunica\u00e7\u00e3o de destaque no Brasil, reconhecido por conte\u00fados nos segmentos de marketing, empreendedorismo e inova\u00e7\u00e3o.\",\"publisher\":{\"@id\":\"https:\\\/\\\/www.cidademarketing.com.br\\\/marketing\\\/#organization\"},\"alternateName\":\"CidadeMarketing\",\"potentialAction\":[{\"@type\":\"SearchAction\",\"target\":{\"@type\":\"EntryPoint\",\"urlTemplate\":\"https:\\\/\\\/www.cidademarketing.com.br\\\/marketing\\\/?s={search_term_string}\"},\"query-input\":{\"@type\":\"PropertyValueSpecification\",\"valueRequired\":true,\"valueName\":\"search_term_string\"}}],\"inLanguage\":\"pt-BR\"},{\"@type\":\"Organization\",\"@id\":\"https:\\\/\\\/www.cidademarketing.com.br\\\/marketing\\\/#organization\",\"name\":\"CidadeMarketing\",\"alternateName\":\"CidadeMarketing\",\"url\":\"https:\\\/\\\/www.cidademarketing.com.br\\\/marketing\\\/\",\"logo\":{\"@type\":\"ImageObject\",\"inLanguage\":\"pt-BR\",\"@id\":\"https:\\\/\\\/www.cidademarketing.com.br\\\/marketing\\\/#\\\/schema\\\/logo\\\/image\\\/\",\"url\":\"https:\\\/\\\/www.cidademarketing.com.br\\\/marketing\\\/wp-content\\\/uploads\\\/2020\\\/01\\\/cidademarketing_marca_mobile.png\",\"contentUrl\":\"https:\\\/\\\/www.cidademarketing.com.br\\\/marketing\\\/wp-content\\\/uploads\\\/2020\\\/01\\\/cidademarketing_marca_mobile.png\",\"width\":230,\"height\":92,\"caption\":\"CidadeMarketing\"},\"image\":{\"@id\":\"https:\\\/\\\/www.cidademarketing.com.br\\\/marketing\\\/#\\\/schema\\\/logo\\\/image\\\/\"},\"sameAs\":[\"https:\\\/\\\/www.facebook.com\\\/portalcidademarketing\",\"https:\\\/\\\/x.com\\\/CidadeMarketing\",\"https:\\\/\\\/www.instagram.com\\\/cidademarketing\\\/\"]},{\"@type\":\"Person\",\"@id\":\"https:\\\/\\\/www.cidademarketing.com.br\\\/marketing\\\/#\\\/schema\\\/person\\\/02daff9f18bd9378c9e01eb6b2db155f\",\"name\":\"Thales Brand\u00e3o\",\"image\":{\"@type\":\"ImageObject\",\"inLanguage\":\"pt-BR\",\"@id\":\"https:\\\/\\\/secure.gravatar.com\\\/avatar\\\/7ca3206950207cc3cb48feec56a8a7898741ab725c368d99d5d7a5a50aab80c6?s=96&d=mm&r=g\",\"url\":\"https:\\\/\\\/secure.gravatar.com\\\/avatar\\\/7ca3206950207cc3cb48feec56a8a7898741ab725c368d99d5d7a5a50aab80c6?s=96&d=mm&r=g\",\"contentUrl\":\"https:\\\/\\\/secure.gravatar.com\\\/avatar\\\/7ca3206950207cc3cb48feec56a8a7898741ab725c368d99d5d7a5a50aab80c6?s=96&d=mm&r=g\",\"caption\":\"Thales Brand\u00e3o\"},\"description\":\"Editor Executivo do Portal CidadeMarketing.com.br &gt; Mestre em Comunica\u00e7\u00e3o e Sociedade pela Universidade Federal de Sergipe. Possui MBA Executivo em Administra\u00e7\u00e3o com \u00eanfase em Marketing pela Funda\u00e7\u00e3o Get\u00falio Vargas - Rio de Janeiro. Consultor, Palestrante e Pesquisador sobre Empreendedorismo, Marketing, Redes Sociais e Neg\u00f3cios Digitais. Professor, Palestrante TedxTalks e Campus Party. Twitter: @ThalesBrandao\",\"sameAs\":[\"http:\\\/\\\/www.mandacaru.com.br\",\"https:\\\/\\\/www.facebook.com\\\/thalesbrandao\",\"http:\\\/\\\/www.instagram.com.br\\\/thalesbrandaoferreira\",\"https:\\\/\\\/www.linkedin.com\\\/in\\\/thales-brand\u00e3o-3948609\\\/\",\"https:\\\/\\\/x.com\\\/http:\\\/\\\/www.twitter.com\\\/thalesbrandao\"],\"url\":\"https:\\\/\\\/www.cidademarketing.com.br\\\/marketing\\\/author\\\/thalesbrandao\\\/\"}]}<\/script>\n<!-- \/ Yoast SEO plugin. -->","yoast_head_json":{"title":"Com patroc\u00ednio da Uber, Pedala Brasil acontece no Rio de Janeiro neste domingo 1\/9 - CidadeMarketing","robots":{"index":"index","follow":"follow","max-snippet":"max-snippet:-1","max-image-preview":"max-image-preview:large","max-video-preview":"max-video-preview:-1"},"canonical":"https:\/\/www.cidademarketing.com.br\/marketing\/2019\/08\/31\/com-patrocinio-da-uber-pedala-brasil-acontece-no-rio-de-janeiro-neste-domingo-1-9\/","og_locale":"pt_BR","og_type":"article","og_title":"Com patroc\u00ednio da Uber, Pedala Brasil acontece no Rio de Janeiro neste domingo 1\/9 - CidadeMarketing","og_description":"As bikes v\u00e3o tomar conta do Aterro do Flamengo, no Rio de Janeiro (RJ), neste domingo (1\u00ba\/9). A partir das 8h, mais de 6 mil pessoas estar\u00e3o reunidas para participar da primeira etapa do Pedala Brasil, passeio cicl\u00edstico voltado para a mobilidade urbana e a sustentabilidade. A largada ser\u00e1 na Pra\u00e7a de Cuauhtemoque, de onde [&hellip;]","og_url":"https:\/\/www.cidademarketing.com.br\/marketing\/2019\/08\/31\/com-patrocinio-da-uber-pedala-brasil-acontece-no-rio-de-janeiro-neste-domingo-1-9\/","og_site_name":"CidadeMarketing","article_publisher":"https:\/\/www.facebook.com\/portalcidademarketing","article_author":"https:\/\/www.facebook.com\/thalesbrandao","article_published_time":"2019-08-31T14:01:49+00:00","article_modified_time":"2019-08-31T14:07:58+00:00","og_image":[{"width":600,"height":337,"url":"https:\/\/www.cidademarketing.com.br\/marketing\/wp-content\/uploads\/2019\/08\/cropped-pedalabrasil-1.png","type":"image\/png"}],"author":"Thales Brand\u00e3o","twitter_card":"summary_large_image","twitter_creator":"@http:\/\/www.twitter.com\/thalesbrandao","twitter_site":"@CidadeMarketing","twitter_misc":{"Escrito por":"Thales Brand\u00e3o","Est. tempo de leitura":"3 minutos"},"schema":{"@context":"https:\/\/schema.org","@graph":[{"@type":"Article","@id":"https:\/\/www.cidademarketing.com.br\/marketing\/2019\/08\/31\/com-patrocinio-da-uber-pedala-brasil-acontece-no-rio-de-janeiro-neste-domingo-1-9\/#article","isPartOf":{"@id":"https:\/\/www.cidademarketing.com.br\/marketing\/2019\/08\/31\/com-patrocinio-da-uber-pedala-brasil-acontece-no-rio-de-janeiro-neste-domingo-1-9\/"},"author":{"name":"Thales Brand\u00e3o","@id":"https:\/\/www.cidademarketing.com.br\/marketing\/#\/schema\/person\/02daff9f18bd9378c9e01eb6b2db155f"},"headline":"Com patroc\u00ednio da Uber, Pedala Brasil acontece no Rio de Janeiro neste domingo 1\/9","datePublished":"2019-08-31T14:01:49+00:00","dateModified":"2019-08-31T14:07:58+00:00","mainEntityOfPage":{"@id":"https:\/\/www.cidademarketing.com.br\/marketing\/2019\/08\/31\/com-patrocinio-da-uber-pedala-brasil-acontece-no-rio-de-janeiro-neste-domingo-1-9\/"},"wordCount":577,"commentCount":0,"publisher":{"@id":"https:\/\/www.cidademarketing.com.br\/marketing\/#organization"},"image":{"@id":"https:\/\/www.cidademarketing.com.br\/marketing\/2019\/08\/31\/com-patrocinio-da-uber-pedala-brasil-acontece-no-rio-de-janeiro-neste-domingo-1-9\/#primaryimage"},"thumbnailUrl":"https:\/\/www.cidademarketing.com.br\/marketing\/wp-content\/uploads\/2019\/08\/cropped-pedalabrasil-1.png","keywords":["marketing","marketing esportivo","Uber"],"articleSection":["Not\u00edcias"],"inLanguage":"pt-BR","potentialAction":[{"@type":"CommentAction","name":"Comment","target":["https:\/\/www.cidademarketing.com.br\/marketing\/2019\/08\/31\/com-patrocinio-da-uber-pedala-brasil-acontece-no-rio-de-janeiro-neste-domingo-1-9\/#respond"]}]},{"@type":"WebPage","@id":"https:\/\/www.cidademarketing.com.br\/marketing\/2019\/08\/31\/com-patrocinio-da-uber-pedala-brasil-acontece-no-rio-de-janeiro-neste-domingo-1-9\/","url":"https:\/\/www.cidademarketing.com.br\/marketing\/2019\/08\/31\/com-patrocinio-da-uber-pedala-brasil-acontece-no-rio-de-janeiro-neste-domingo-1-9\/","name":"Com patroc\u00ednio da Uber, Pedala Brasil acontece no Rio de Janeiro neste domingo 1\/9 - CidadeMarketing","isPartOf":{"@id":"https:\/\/www.cidademarketing.com.br\/marketing\/#website"},"primaryImageOfPage":{"@id":"https:\/\/www.cidademarketing.com.br\/marketing\/2019\/08\/31\/com-patrocinio-da-uber-pedala-brasil-acontece-no-rio-de-janeiro-neste-domingo-1-9\/#primaryimage"},"image":{"@id":"https:\/\/www.cidademarketing.com.br\/marketing\/2019\/08\/31\/com-patrocinio-da-uber-pedala-brasil-acontece-no-rio-de-janeiro-neste-domingo-1-9\/#primaryimage"},"thumbnailUrl":"https:\/\/www.cidademarketing.com.br\/marketing\/wp-content\/uploads\/2019\/08\/cropped-pedalabrasil-1.png","datePublished":"2019-08-31T14:01:49+00:00","dateModified":"2019-08-31T14:07:58+00:00","breadcrumb":{"@id":"https:\/\/www.cidademarketing.com.br\/marketing\/2019\/08\/31\/com-patrocinio-da-uber-pedala-brasil-acontece-no-rio-de-janeiro-neste-domingo-1-9\/#breadcrumb"},"inLanguage":"pt-BR","potentialAction":[{"@type":"ReadAction","target":["https:\/\/www.cidademarketing.com.br\/marketing\/2019\/08\/31\/com-patrocinio-da-uber-pedala-brasil-acontece-no-rio-de-janeiro-neste-domingo-1-9\/"]}]},{"@type":"ImageObject","inLanguage":"pt-BR","@id":"https:\/\/www.cidademarketing.com.br\/marketing\/2019\/08\/31\/com-patrocinio-da-uber-pedala-brasil-acontece-no-rio-de-janeiro-neste-domingo-1-9\/#primaryimage","url":"https:\/\/www.cidademarketing.com.br\/marketing\/wp-content\/uploads\/2019\/08\/cropped-pedalabrasil-1.png","contentUrl":"https:\/\/www.cidademarketing.com.br\/marketing\/wp-content\/uploads\/2019\/08\/cropped-pedalabrasil-1.png","width":600,"height":337},{"@type":"BreadcrumbList","@id":"https:\/\/www.cidademarketing.com.br\/marketing\/2019\/08\/31\/com-patrocinio-da-uber-pedala-brasil-acontece-no-rio-de-janeiro-neste-domingo-1-9\/#breadcrumb","itemListElement":[{"@type":"ListItem","position":1,"name":"In\u00edcio","item":"https:\/\/www.cidademarketing.com.br\/marketing\/"},{"@type":"ListItem","position":2,"name":"Com patroc\u00ednio da Uber, Pedala Brasil acontece no Rio de Janeiro neste domingo 1\/9"}]},{"@type":"WebSite","@id":"https:\/\/www.cidademarketing.com.br\/marketing\/#website","url":"https:\/\/www.cidademarketing.com.br\/marketing\/","name":"CidadeMarketing","description":"Somos um ve\u00edculo de comunica\u00e7\u00e3o de destaque no Brasil, reconhecido por conte\u00fados nos segmentos de marketing, empreendedorismo e inova\u00e7\u00e3o.","publisher":{"@id":"https:\/\/www.cidademarketing.com.br\/marketing\/#organization"},"alternateName":"CidadeMarketing","potentialAction":[{"@type":"SearchAction","target":{"@type":"EntryPoint","urlTemplate":"https:\/\/www.cidademarketing.com.br\/marketing\/?s={search_term_string}"},"query-input":{"@type":"PropertyValueSpecification","valueRequired":true,"valueName":"search_term_string"}}],"inLanguage":"pt-BR"},{"@type":"Organization","@id":"https:\/\/www.cidademarketing.com.br\/marketing\/#organization","name":"CidadeMarketing","alternateName":"CidadeMarketing","url":"https:\/\/www.cidademarketing.com.br\/marketing\/","logo":{"@type":"ImageObject","inLanguage":"pt-BR","@id":"https:\/\/www.cidademarketing.com.br\/marketing\/#\/schema\/logo\/image\/","url":"https:\/\/www.cidademarketing.com.br\/marketing\/wp-content\/uploads\/2020\/01\/cidademarketing_marca_mobile.png","contentUrl":"https:\/\/www.cidademarketing.com.br\/marketing\/wp-content\/uploads\/2020\/01\/cidademarketing_marca_mobile.png","width":230,"height":92,"caption":"CidadeMarketing"},"image":{"@id":"https:\/\/www.cidademarketing.com.br\/marketing\/#\/schema\/logo\/image\/"},"sameAs":["https:\/\/www.facebook.com\/portalcidademarketing","https:\/\/x.com\/CidadeMarketing","https:\/\/www.instagram.com\/cidademarketing\/"]},{"@type":"Person","@id":"https:\/\/www.cidademarketing.com.br\/marketing\/#\/schema\/person\/02daff9f18bd9378c9e01eb6b2db155f","name":"Thales Brand\u00e3o","image":{"@type":"ImageObject","inLanguage":"pt-BR","@id":"https:\/\/secure.gravatar.com\/avatar\/7ca3206950207cc3cb48feec56a8a7898741ab725c368d99d5d7a5a50aab80c6?s=96&d=mm&r=g","url":"https:\/\/secure.gravatar.com\/avatar\/7ca3206950207cc3cb48feec56a8a7898741ab725c368d99d5d7a5a50aab80c6?s=96&d=mm&r=g","contentUrl":"https:\/\/secure.gravatar.com\/avatar\/7ca3206950207cc3cb48feec56a8a7898741ab725c368d99d5d7a5a50aab80c6?s=96&d=mm&r=g","caption":"Thales Brand\u00e3o"},"description":"Editor Executivo do Portal CidadeMarketing.com.br &gt; Mestre em Comunica\u00e7\u00e3o e Sociedade pela Universidade Federal de Sergipe. Possui MBA Executivo em Administra\u00e7\u00e3o com \u00eanfase em Marketing pela Funda\u00e7\u00e3o Get\u00falio Vargas - Rio de Janeiro. Consultor, Palestrante e Pesquisador sobre Empreendedorismo, Marketing, Redes Sociais e Neg\u00f3cios Digitais. Professor, Palestrante TedxTalks e Campus Party. Twitter: @ThalesBrandao","sameAs":["http:\/\/www.mandacaru.com.br","https:\/\/www.facebook.com\/thalesbrandao","http:\/\/www.instagram.com.br\/thalesbrandaoferreira","https:\/\/www.linkedin.com\/in\/thales-brand\u00e3o-3948609\/","https:\/\/x.com\/http:\/\/www.twitter.com\/thalesbrandao"],"url":"https:\/\/www.cidademarketing.com.br\/marketing\/author\/thalesbrandao\/"}]}},"amp_enabled":true,"_links":{"self":[{"href":"https:\/\/www.cidademarketing.com.br\/marketing\/wp-json\/wp\/v2\/posts\/11358","targetHints":{"allow":["GET"]}}],"collection":[{"href":"https:\/\/www.cidademarketing.com.br\/marketing\/wp-json\/wp\/v2\/posts"}],"about":[{"href":"https:\/\/www.cidademarketing.com.br\/marketing\/wp-json\/wp\/v2\/types\/post"}],"author":[{"embeddable":true,"href":"https:\/\/www.cidademarketing.com.br\/marketing\/wp-json\/wp\/v2\/users\/1"}],"replies":[{"embeddable":true,"href":"https:\/\/www.cidademarketing.com.br\/marketing\/wp-json\/wp\/v2\/comments?post=11358"}],"version-history":[{"count":1,"href":"https:\/\/www.cidademarketing.com.br\/marketing\/wp-json\/wp\/v2\/posts\/11358\/revisions"}],"predecessor-version":[{"id":11361,"href":"https:\/\/www.cidademarketing.com.br\/marketing\/wp-json\/wp\/v2\/posts\/11358\/revisions\/11361"}],"wp:featuredmedia":[{"embeddable":true,"href":"https:\/\/www.cidademarketing.com.br\/marketing\/wp-json\/wp\/v2\/media\/11363"}],"wp:attachment":[{"href":"https:\/\/www.cidademarketing.com.br\/marketing\/wp-json\/wp\/v2\/media?parent=11358"}],"wp:term":[{"taxonomy":"category","embeddable":true,"href":"https:\/\/www.cidademarketing.com.br\/marketing\/wp-json\/wp\/v2\/categories?post=11358"},{"taxonomy":"post_tag","embeddable":true,"href":"https:\/\/www.cidademarketing.com.br\/marketing\/wp-json\/wp\/v2\/tags?post=11358"}],"curies":[{"name":"wp","href":"https:\/\/api.w.org\/{rel}","templated":true}]}}