{"id":11346,"date":"2019-08-31T16:54:12","date_gmt":"2019-08-31T12:54:12","guid":{"rendered":"https:\/\/www.cidademarketing.com.br\/marketing\/?p=11346"},"modified":"2019-08-31T16:54:13","modified_gmt":"2019-08-31T12:54:13","slug":"fiat-reescrever-a-historia-do-futebol-feminino-com-primeira-brasileira-a-fazer-gols-em-mundiais","status":"publish","type":"post","link":"https:\/\/www.cidademarketing.com.br\/marketing\/2019\/08\/31\/fiat-reescrever-a-historia-do-futebol-feminino-com-primeira-brasileira-a-fazer-gols-em-mundiais\/","title":{"rendered":"Fiat reescrever a hist\u00f3ria do futebol feminino com primeira brasileira a fazer gols em Mundiais"},"content":{"rendered":"\n<p>Com uma hist\u00f3ria de mais de quatro d\u00e9cadas no pa\u00eds, a Fiat reafirma a sua liga\u00e7\u00e3o e incentivo ao Brasil como particionadora das Sele\u00e7\u00f5es Brasileiras de Futebol. Para ajudar a reescrever a hist\u00f3ria do futebol feminino, a montadora em uma parceria entre o CRIE (hub de Conte\u00fado e Cria\u00e7\u00e3o Digital da Fiat Chrysler) e a ag\u00eancia Leo Burnet TM criou um filme sobre um gol hist\u00f3rico que nunca teve o reconhecimento merecido. Marcado por Elane dos Santos, o lance ocorrido em 1991 no primeiro Mundial de Futebol Feminino, na China, consagrou a ex-capit\u00e3 como a primeira brasileira a marcar gols em mundiais. Sem registro at\u00e9 agora, a jogada foi reconstitu\u00edda em um v\u00eddeo de 60\u00b4\u00b4 veiculado nesta quinta-feira (29) na partida do Brasil contra a Argentina pelo Torneio Internacional Feminino. O v\u00eddeo estreou no tel\u00e3o do Pacaembu, durante o intervalo da disputa. No Instagram e Facebook, a jornalista <a rel=\"noreferrer noopener\" aria-label=\" (abre numa nova aba)\" href=\"https:\/\/www.instagram.com\/alexavier\/?hl=pt-br\" target=\"_blank\">@Al\u00ea Xavier<\/a> do Canal <a rel=\"noreferrer noopener\" aria-label=\" (abre numa nova aba)\" href=\"https:\/\/www.instagram.com\/desimpedidos\/?hl=pt-br\" target=\"_blank\">@Desimpedidos<\/a> e as jogadoras <a rel=\"noreferrer noopener\" aria-label=\" (abre numa nova aba)\" href=\"https:\/\/www.instagram.com\/oficial_formiga\/?hl=pt-br\" target=\"_blank\">@Formiga<\/a>, <a rel=\"noreferrer noopener\" aria-label=\" (abre numa nova aba)\" href=\"https:\/\/www.instagram.com\/debinhaa7\/?hl=pt-br\" target=\"_blank\">@Debinha<\/a> e <a href=\"https:\/\/www.instagram.com\/crisrozeira\/?hl=pt-br\" target=\"_blank\" rel=\"noreferrer noopener\" aria-label=\" (abre numa nova aba)\">@Cristiane<\/a>, compartilhar\u00e3o conte\u00fados em seus perfis nas m\u00eddias sociais para engajar os seguidores em prol do futebol feminino. Um v\u00eddeo estendido de dois minutos ser\u00e1 compartilhado nos canais oficiais da Fiat para contar mais detalhes desta narrativa.\u00a0 <\/p>\n\n\n\n<p>\u201cA Fiat \u00e9 a mais brasileira das montadoras e nada mais\nnatural do que refor\u00e7ar a nossa liga\u00e7\u00e3o com o Brasil nesta parceria de quatro\nanos com o patroc\u00ednio as Sele\u00e7\u00f5es brasileiras de futebol. Para fortalecer a\nestrat\u00e9gia integrada que vem sendo criada e ser\u00e1 apresentada em diversas a\u00e7\u00f5es\nat\u00e9 2022, recriamos este gol para prestar a devida homenagem a essa importante\natleta do futebol feminino\u201d, disse Frederico Battaglia, Diretor de Brand\nMarketing Communication da Fiat Chrysler Automobiles (FCA) para a Am\u00e9rica\nLatina.<\/p>\n\n\n\n<p>Caso algu\u00e9m procure na internet a primeira pessoa que fez um gol pela sele\u00e7\u00e3o, as imagens que surgem n\u00e3o s\u00e3o a da sua autora. Nas p\u00e1ginas de pesquisa, a figura da zagueira Elane do Santos n\u00e3o aparece. Para valorizar a figura de Elane e de outras tantas jogadoras que n\u00e3o s\u00e3o lembradas pelo grande p\u00fablico, o filme \u201cPrimeira Brasileira a fazer gol em Mundiais\u201d por meio de depoimentos e a reconstitui\u00e7\u00e3o do gol feito contra a Sele\u00e7\u00e3o do Jap\u00e3o ajuda a vencer o resultado que foi imposto pela hist\u00f3ria. Confira aqui a vers\u00e3o de dois minutos assinada pela ag\u00eancia Leo Burnett TM: <\/p>\n\n\n\n<figure class=\"wp-block-embed-youtube wp-block-embed is-type-video is-provider-youtube wp-embed-aspect-16-9 wp-has-aspect-ratio\"><div class=\"wp-block-embed__wrapper\">\n<div class=\"youtube-embed\" data-video_id=\"Q1JZFSTkl4s\"><iframe title=\"FIAT I Conhe\u00e7a a hist\u00f3ria de Elane dos Santos\" width=\"640\" height=\"360\" src=\"https:\/\/www.youtube.com\/embed\/Q1JZFSTkl4s?feature=oembed&#038;enablejsapi=1&#038;enablejsapi=1\" frameborder=\"0\" allow=\"accelerometer; autoplay; clipboard-write; encrypted-media; gyroscope; picture-in-picture; web-share\" referrerpolicy=\"strict-origin-when-cross-origin\" allowfullscreen><\/iframe><\/div>\n<\/div><\/figure>\n\n\n\n<p>\u201cEssa pe\u00e7a \u00e9 a primeira de uma plataforma.\nAproveitando que a Fiat \u00e9 agora um dos patrocinadores oficiais da Sele\u00e7\u00e3o,\nqueremos colocar luz sobre a hist\u00f3ria e as gl\u00f3rias do futebol feminino\nnacional, muitas vezes negligenciadas, pouco reconhecidas ou at\u00e9 mesmo\nesquecidas. Essa \u00e9 a chance de corrigirmos isso. Mais do que uma pe\u00e7a com\nconte\u00fado, essa \u00e9 uma pe\u00e7a com prop\u00f3sito\u201d, disse Wilson Mateos, Vice-presidente\nde Cria\u00e7\u00e3o da Leo Burnett.<\/p>\n\n\n\n<p>A estrat\u00e9gia de comunica\u00e7\u00e3o pensada pelo CRIE (hub de\nConte\u00fado e Cria\u00e7\u00e3o Digital da Fiat Chrysler) contempla conte\u00fados personalizados\npara o Instagram, Facebook e Youtube. Conhecida pelas suas coberturas de\neventos esportivos para o canal Desimpedidos, a jornalista Al\u00ea Xavier\ncompartilhar\u00e1 com os seus seguidores todos os lances antes, depois e ap\u00f3s o\njogo. Para convocar ainda mais gente para a campanha, as jogadoras da Sele\u00e7\u00e3o,\nDebinha, Formiga e Cristiane, publicar\u00e3o conte\u00fados em seus perfis oficiais para\najudar a amplificar e reescrever esta hist\u00f3ria.<\/p>\n\n\n\n<p><strong>Patroc\u00ednio da Sele\u00e7\u00e3o <\/strong><\/p>\n\n\n\n<p>A parceria tem dura\u00e7\u00e3o de quatro anos e abrange todas as\nSele\u00e7\u00f5es de futebol do Brasil: de base, ol\u00edmpicas e principais, masculinas e\nfemininas. O v\u00ednculo cobre competi\u00e7\u00f5es internacionais, como a Copa do Mundo\nFeminina (Fran\u00e7a), Copa Am\u00e9rica Brasil em 2019, Copa Am\u00e9rica de 2020, Jogos\nOl\u00edmpicos de T\u00f3quio (Jap\u00e3o), em 2020, e a Copa do Mundo de 2022, no Catar.<\/p>\n\n\n\n<p><strong>Conhe\u00e7a mais das a\u00e7\u00f5es da Fiat atrav\u00e9s dos canais:<\/strong><\/p>\n\n\n\n<p><strong>Facebook:<\/strong> <a href=\"https:\/\/www.facebook.com\/fiatbr\">https:\/\/www.facebook.com\/fiatbr<\/a><\/p>\n\n\n\n<p><strong>Instagram:<\/strong> <a href=\"https:\/\/www.instagram.com\/fiatbr\/\">https:\/\/www.instagram.com\/fiatbr\/<\/a><\/p>\n\n\n\n<p><strong>Twitter:<\/strong> <a href=\"https:\/\/twitter.com\/FiatBR\">https:\/\/twitter.com\/FiatBR<\/a><\/p>\n\n\n\n<p><strong>Youtube:<\/strong> <a href=\"https:\/\/www.youtube.com\/user\/fiat\">https:\/\/www.youtube.com\/user\/fiat<\/a><\/p>\n\n\n\n<p><strong>Ficha T\u00e9cnica:<\/strong><\/p>\n\n\n\n<p><strong>Ag\u00eancia:\n<\/strong>Leo Burnett Tailor Made<\/p>\n\n\n\n<p><strong>T\u00edtulo:\n<\/strong>\u201cA primeira brasileira a fazer gol em\nmundiais\u201d<\/p>\n\n\n\n<p><strong>Anunciante:\n<\/strong>FCA Fiat Chrysler Autom\u00f3veis Brasil Ltda.<\/p>\n\n\n\n<p><strong>CCO: <\/strong>Marcelo Reis<\/p>\n\n\n\n<p><strong>VP\/ECD:\n<\/strong>Wilson Mateos<\/p>\n\n\n\n<p><strong>Diretor\nGeral De Cria\u00e7\u00e3o: <\/strong>Pedro Utzeri <\/p>\n\n\n\n<p><strong>Diretor\nde Cria\u00e7\u00e3o: <\/strong>Tomas Correa e Bruno Tozzini<\/p>\n\n\n\n<p><strong>Redator:\n<\/strong>Alex Villena e Guido Michaelis<\/p>\n\n\n\n<p><strong>Diretor\nde Arte: <\/strong>Sttenio Costa, Jota Marin e\nCaique Dantas<\/p>\n\n\n\n<p><strong>Diretora\nde Conte\u00fado: <\/strong>Andreza Aguiar<\/p>\n\n\n\n<p><strong>Diretor\nDe Integra\u00e7\u00e3o: <\/strong>Denis Gustavo<\/p>\n\n\n\n<p><strong>Conte\u00fado:\n<\/strong>Wagner Ximenes, Gabriela Araujo, Nayara\nKeullen, Fabio Favero<\/p>\n\n\n\n<p><strong>Diretora\nDe Produ\u00e7\u00e3o Integrada: <\/strong>Maria Fernanda\nMoura<\/p>\n\n\n\n<p><strong>RTV: <\/strong>Patr\u00edcia Cosmo<\/p>\n\n\n\n<p><strong>Atendimento:\n<\/strong>Fabio Brito, Karol Alberti, Vitor\nBorragine, Nathan Sime\u00e3o<\/p>\n\n\n\n<p><strong>Planejamento: <\/strong>Tiago Lara, Gustavo Zilles, Guilherme\nAnchieta, Vinicius Azeredo, Tiago Reis, Renata Mora<\/p>\n\n\n\n<p><strong>Aprova\u00e7\u00e3o:\n<\/strong>Frederico Battaglia, Arthur Mendes,\nBarbara Bono, Nathalia Aguiar<\/p>\n\n\n\n<p><strong>Produtora\nDe Filme: <\/strong>TILT REC<\/p>\n\n\n\n<p><strong>Diretor:&nbsp;<\/strong>Beto Macedo<\/p>\n\n\n\n<p><strong>Diretor\nFotografia:&nbsp;<\/strong>Vinicius Col\u00e9 e Beto\nMacedo<\/p>\n\n\n\n<p><strong>Assistente\nde Dire\u00e7\u00e3o: <\/strong>Vivi Acatauassu<\/p>\n\n\n\n<p><strong>Produ\u00e7\u00e3o\nExecutiva:&nbsp;<\/strong>Gabriel Braga (Porqueeu\nFilmes)<\/p>\n\n\n\n<p><strong>Produtores:&nbsp;<\/strong>Bruna Ciccarello (Porqueeu Filmes), Marcos Vitoriano\n(Porqueeu Filmes)<\/p>\n\n\n\n<p><strong>P\u00f3s-Produ\u00e7\u00e3o:&nbsp;<\/strong>Tiago Berbare, Marcos Silva, Marco Oliveira (CORE Grading)<\/p>\n\n\n\n<p><strong>Produtora\nde Som:&nbsp;<\/strong>TILT REC<\/p>\n\n\n\n<p><strong>Cria\u00e7\u00e3o\ne produ\u00e7\u00e3o de trilha:&nbsp;<\/strong>Marco Gerez<\/p>\n\n\n\n<p><strong>FINALIZA\u00c7\u00c3O:\n<\/strong>Marco Gerez<\/p>\n\n\n\n<p><strong>SFX: <\/strong>Tiago Berbare<\/p>\n\n\n\n<p><strong>Atendimento:\n<\/strong>Gabriel Braga (Porqueeu Filmes)<\/p>\n\n\n\n<p><strong>Fot\u00f3grafa:\n<\/strong>Juliana Rocha<\/p>\n\n\n\n<p><strong>Data\n1\u00aa veicula\u00e7\u00e3o: <\/strong>29\/08\/2019<\/p>\n","protected":false},"excerpt":{"rendered":"<p>Com uma hist\u00f3ria de mais de quatro d\u00e9cadas no pa\u00eds, a Fiat reafirma a sua liga\u00e7\u00e3o e incentivo ao Brasil como particionadora das Sele\u00e7\u00f5es Brasileiras de Futebol. Para ajudar a reescrever a hist\u00f3ria do futebol feminino, a montadora em uma parceria entre o CRIE (hub de Conte\u00fado e Cria\u00e7\u00e3o Digital da Fiat Chrysler) e a [&hellip;]<\/p>\n","protected":false},"author":1,"featured_media":11347,"comment_status":"open","ping_status":"open","sticky":false,"template":"","format":"standard","meta":{"tdm_status":"","tdm_grid_status":"","footnotes":""},"categories":[6],"tags":[356,386,28],"class_list":["post-11346","post","type-post","status-publish","format-standard","has-post-thumbnail","hentry","category-noticias","tag-fiat","tag-futebol","tag-marketing"],"yoast_head":"<!-- This site is optimized with the Yoast SEO plugin v27.5 - https:\/\/yoast.com\/product\/yoast-seo-wordpress\/ -->\n<title>Fiat reescrever a hist\u00f3ria do futebol feminino com primeira brasileira a fazer gols em Mundiais - CidadeMarketing<\/title>\n<meta name=\"robots\" content=\"index, follow, max-snippet:-1, max-image-preview:large, max-video-preview:-1\" \/>\n<link rel=\"canonical\" href=\"https:\/\/www.cidademarketing.com.br\/marketing\/2019\/08\/31\/fiat-reescrever-a-historia-do-futebol-feminino-com-primeira-brasileira-a-fazer-gols-em-mundiais\/\" \/>\n<meta property=\"og:locale\" content=\"pt_BR\" \/>\n<meta property=\"og:type\" content=\"article\" \/>\n<meta property=\"og:title\" content=\"Fiat reescrever a hist\u00f3ria do futebol feminino com primeira brasileira a fazer gols em Mundiais - CidadeMarketing\" \/>\n<meta property=\"og:description\" content=\"Com uma hist\u00f3ria de mais de quatro d\u00e9cadas no pa\u00eds, a Fiat reafirma a sua liga\u00e7\u00e3o e incentivo ao Brasil como particionadora das Sele\u00e7\u00f5es Brasileiras de Futebol. Para ajudar a reescrever a hist\u00f3ria do futebol feminino, a montadora em uma parceria entre o CRIE (hub de Conte\u00fado e Cria\u00e7\u00e3o Digital da Fiat Chrysler) e a [&hellip;]\" \/>\n<meta property=\"og:url\" content=\"https:\/\/www.cidademarketing.com.br\/marketing\/2019\/08\/31\/fiat-reescrever-a-historia-do-futebol-feminino-com-primeira-brasileira-a-fazer-gols-em-mundiais\/\" \/>\n<meta property=\"og:site_name\" content=\"CidadeMarketing\" \/>\n<meta property=\"article:publisher\" content=\"https:\/\/www.facebook.com\/portalcidademarketing\" \/>\n<meta property=\"article:author\" content=\"https:\/\/www.facebook.com\/thalesbrandao\" \/>\n<meta property=\"article:published_time\" content=\"2019-08-31T12:54:12+00:00\" \/>\n<meta property=\"article:modified_time\" content=\"2019-08-31T12:54:13+00:00\" \/>\n<meta property=\"og:image\" content=\"https:\/\/www.cidademarketing.com.br\/marketing\/wp-content\/uploads\/2019\/08\/brasil_fiat_femininofutebol.jpg\" \/>\n\t<meta property=\"og:image:width\" content=\"1294\" \/>\n\t<meta property=\"og:image:height\" content=\"487\" \/>\n\t<meta property=\"og:image:type\" content=\"image\/jpeg\" \/>\n<meta name=\"author\" content=\"Thales Brand\u00e3o\" \/>\n<meta name=\"twitter:card\" content=\"summary_large_image\" \/>\n<meta name=\"twitter:creator\" content=\"@http:\/\/www.twitter.com\/thalesbrandao\" \/>\n<meta name=\"twitter:site\" content=\"@CidadeMarketing\" \/>\n<meta name=\"twitter:label1\" content=\"Escrito por\" \/>\n\t<meta name=\"twitter:data1\" content=\"Thales Brand\u00e3o\" \/>\n\t<meta name=\"twitter:label2\" content=\"Est. tempo de leitura\" \/>\n\t<meta name=\"twitter:data2\" content=\"5 minutos\" \/>\n<script type=\"application\/ld+json\" class=\"yoast-schema-graph\">{\"@context\":\"https:\\\/\\\/schema.org\",\"@graph\":[{\"@type\":\"Article\",\"@id\":\"https:\\\/\\\/www.cidademarketing.com.br\\\/marketing\\\/2019\\\/08\\\/31\\\/fiat-reescrever-a-historia-do-futebol-feminino-com-primeira-brasileira-a-fazer-gols-em-mundiais\\\/#article\",\"isPartOf\":{\"@id\":\"https:\\\/\\\/www.cidademarketing.com.br\\\/marketing\\\/2019\\\/08\\\/31\\\/fiat-reescrever-a-historia-do-futebol-feminino-com-primeira-brasileira-a-fazer-gols-em-mundiais\\\/\"},\"author\":{\"name\":\"Thales Brand\u00e3o\",\"@id\":\"https:\\\/\\\/www.cidademarketing.com.br\\\/marketing\\\/#\\\/schema\\\/person\\\/02daff9f18bd9378c9e01eb6b2db155f\"},\"headline\":\"Fiat reescrever a hist\u00f3ria do futebol feminino com primeira brasileira a fazer gols em Mundiais\",\"datePublished\":\"2019-08-31T12:54:12+00:00\",\"dateModified\":\"2019-08-31T12:54:13+00:00\",\"mainEntityOfPage\":{\"@id\":\"https:\\\/\\\/www.cidademarketing.com.br\\\/marketing\\\/2019\\\/08\\\/31\\\/fiat-reescrever-a-historia-do-futebol-feminino-com-primeira-brasileira-a-fazer-gols-em-mundiais\\\/\"},\"wordCount\":945,\"commentCount\":0,\"publisher\":{\"@id\":\"https:\\\/\\\/www.cidademarketing.com.br\\\/marketing\\\/#organization\"},\"image\":{\"@id\":\"https:\\\/\\\/www.cidademarketing.com.br\\\/marketing\\\/2019\\\/08\\\/31\\\/fiat-reescrever-a-historia-do-futebol-feminino-com-primeira-brasileira-a-fazer-gols-em-mundiais\\\/#primaryimage\"},\"thumbnailUrl\":\"https:\\\/\\\/www.cidademarketing.com.br\\\/marketing\\\/wp-content\\\/uploads\\\/2019\\\/08\\\/brasil_fiat_femininofutebol.jpg\",\"keywords\":[\"Fiat\",\"futebol\",\"marketing\"],\"articleSection\":[\"Not\u00edcias\"],\"inLanguage\":\"pt-BR\",\"potentialAction\":[{\"@type\":\"CommentAction\",\"name\":\"Comment\",\"target\":[\"https:\\\/\\\/www.cidademarketing.com.br\\\/marketing\\\/2019\\\/08\\\/31\\\/fiat-reescrever-a-historia-do-futebol-feminino-com-primeira-brasileira-a-fazer-gols-em-mundiais\\\/#respond\"]}]},{\"@type\":\"WebPage\",\"@id\":\"https:\\\/\\\/www.cidademarketing.com.br\\\/marketing\\\/2019\\\/08\\\/31\\\/fiat-reescrever-a-historia-do-futebol-feminino-com-primeira-brasileira-a-fazer-gols-em-mundiais\\\/\",\"url\":\"https:\\\/\\\/www.cidademarketing.com.br\\\/marketing\\\/2019\\\/08\\\/31\\\/fiat-reescrever-a-historia-do-futebol-feminino-com-primeira-brasileira-a-fazer-gols-em-mundiais\\\/\",\"name\":\"Fiat reescrever a hist\u00f3ria do futebol feminino com primeira brasileira a fazer gols em Mundiais - CidadeMarketing\",\"isPartOf\":{\"@id\":\"https:\\\/\\\/www.cidademarketing.com.br\\\/marketing\\\/#website\"},\"primaryImageOfPage\":{\"@id\":\"https:\\\/\\\/www.cidademarketing.com.br\\\/marketing\\\/2019\\\/08\\\/31\\\/fiat-reescrever-a-historia-do-futebol-feminino-com-primeira-brasileira-a-fazer-gols-em-mundiais\\\/#primaryimage\"},\"image\":{\"@id\":\"https:\\\/\\\/www.cidademarketing.com.br\\\/marketing\\\/2019\\\/08\\\/31\\\/fiat-reescrever-a-historia-do-futebol-feminino-com-primeira-brasileira-a-fazer-gols-em-mundiais\\\/#primaryimage\"},\"thumbnailUrl\":\"https:\\\/\\\/www.cidademarketing.com.br\\\/marketing\\\/wp-content\\\/uploads\\\/2019\\\/08\\\/brasil_fiat_femininofutebol.jpg\",\"datePublished\":\"2019-08-31T12:54:12+00:00\",\"dateModified\":\"2019-08-31T12:54:13+00:00\",\"breadcrumb\":{\"@id\":\"https:\\\/\\\/www.cidademarketing.com.br\\\/marketing\\\/2019\\\/08\\\/31\\\/fiat-reescrever-a-historia-do-futebol-feminino-com-primeira-brasileira-a-fazer-gols-em-mundiais\\\/#breadcrumb\"},\"inLanguage\":\"pt-BR\",\"potentialAction\":[{\"@type\":\"ReadAction\",\"target\":[\"https:\\\/\\\/www.cidademarketing.com.br\\\/marketing\\\/2019\\\/08\\\/31\\\/fiat-reescrever-a-historia-do-futebol-feminino-com-primeira-brasileira-a-fazer-gols-em-mundiais\\\/\"]}]},{\"@type\":\"ImageObject\",\"inLanguage\":\"pt-BR\",\"@id\":\"https:\\\/\\\/www.cidademarketing.com.br\\\/marketing\\\/2019\\\/08\\\/31\\\/fiat-reescrever-a-historia-do-futebol-feminino-com-primeira-brasileira-a-fazer-gols-em-mundiais\\\/#primaryimage\",\"url\":\"https:\\\/\\\/www.cidademarketing.com.br\\\/marketing\\\/wp-content\\\/uploads\\\/2019\\\/08\\\/brasil_fiat_femininofutebol.jpg\",\"contentUrl\":\"https:\\\/\\\/www.cidademarketing.com.br\\\/marketing\\\/wp-content\\\/uploads\\\/2019\\\/08\\\/brasil_fiat_femininofutebol.jpg\",\"width\":1294,\"height\":487,\"caption\":\"Reprodu\u00e7\u00e3o\"},{\"@type\":\"BreadcrumbList\",\"@id\":\"https:\\\/\\\/www.cidademarketing.com.br\\\/marketing\\\/2019\\\/08\\\/31\\\/fiat-reescrever-a-historia-do-futebol-feminino-com-primeira-brasileira-a-fazer-gols-em-mundiais\\\/#breadcrumb\",\"itemListElement\":[{\"@type\":\"ListItem\",\"position\":1,\"name\":\"In\u00edcio\",\"item\":\"https:\\\/\\\/www.cidademarketing.com.br\\\/marketing\\\/\"},{\"@type\":\"ListItem\",\"position\":2,\"name\":\"Fiat reescrever a hist\u00f3ria do futebol feminino com primeira brasileira a fazer gols em Mundiais\"}]},{\"@type\":\"WebSite\",\"@id\":\"https:\\\/\\\/www.cidademarketing.com.br\\\/marketing\\\/#website\",\"url\":\"https:\\\/\\\/www.cidademarketing.com.br\\\/marketing\\\/\",\"name\":\"CidadeMarketing\",\"description\":\"Somos um ve\u00edculo de comunica\u00e7\u00e3o de destaque no Brasil, reconhecido por conte\u00fados nos segmentos de marketing, empreendedorismo e inova\u00e7\u00e3o.\",\"publisher\":{\"@id\":\"https:\\\/\\\/www.cidademarketing.com.br\\\/marketing\\\/#organization\"},\"alternateName\":\"CidadeMarketing\",\"potentialAction\":[{\"@type\":\"SearchAction\",\"target\":{\"@type\":\"EntryPoint\",\"urlTemplate\":\"https:\\\/\\\/www.cidademarketing.com.br\\\/marketing\\\/?s={search_term_string}\"},\"query-input\":{\"@type\":\"PropertyValueSpecification\",\"valueRequired\":true,\"valueName\":\"search_term_string\"}}],\"inLanguage\":\"pt-BR\"},{\"@type\":\"Organization\",\"@id\":\"https:\\\/\\\/www.cidademarketing.com.br\\\/marketing\\\/#organization\",\"name\":\"CidadeMarketing\",\"alternateName\":\"CidadeMarketing\",\"url\":\"https:\\\/\\\/www.cidademarketing.com.br\\\/marketing\\\/\",\"logo\":{\"@type\":\"ImageObject\",\"inLanguage\":\"pt-BR\",\"@id\":\"https:\\\/\\\/www.cidademarketing.com.br\\\/marketing\\\/#\\\/schema\\\/logo\\\/image\\\/\",\"url\":\"https:\\\/\\\/www.cidademarketing.com.br\\\/marketing\\\/wp-content\\\/uploads\\\/2020\\\/01\\\/cidademarketing_marca_mobile.png\",\"contentUrl\":\"https:\\\/\\\/www.cidademarketing.com.br\\\/marketing\\\/wp-content\\\/uploads\\\/2020\\\/01\\\/cidademarketing_marca_mobile.png\",\"width\":230,\"height\":92,\"caption\":\"CidadeMarketing\"},\"image\":{\"@id\":\"https:\\\/\\\/www.cidademarketing.com.br\\\/marketing\\\/#\\\/schema\\\/logo\\\/image\\\/\"},\"sameAs\":[\"https:\\\/\\\/www.facebook.com\\\/portalcidademarketing\",\"https:\\\/\\\/x.com\\\/CidadeMarketing\",\"https:\\\/\\\/www.instagram.com\\\/cidademarketing\\\/\"]},{\"@type\":\"Person\",\"@id\":\"https:\\\/\\\/www.cidademarketing.com.br\\\/marketing\\\/#\\\/schema\\\/person\\\/02daff9f18bd9378c9e01eb6b2db155f\",\"name\":\"Thales Brand\u00e3o\",\"image\":{\"@type\":\"ImageObject\",\"inLanguage\":\"pt-BR\",\"@id\":\"https:\\\/\\\/secure.gravatar.com\\\/avatar\\\/7ca3206950207cc3cb48feec56a8a7898741ab725c368d99d5d7a5a50aab80c6?s=96&d=mm&r=g\",\"url\":\"https:\\\/\\\/secure.gravatar.com\\\/avatar\\\/7ca3206950207cc3cb48feec56a8a7898741ab725c368d99d5d7a5a50aab80c6?s=96&d=mm&r=g\",\"contentUrl\":\"https:\\\/\\\/secure.gravatar.com\\\/avatar\\\/7ca3206950207cc3cb48feec56a8a7898741ab725c368d99d5d7a5a50aab80c6?s=96&d=mm&r=g\",\"caption\":\"Thales Brand\u00e3o\"},\"description\":\"Editor Executivo do Portal CidadeMarketing.com.br &gt; Mestre em Comunica\u00e7\u00e3o e Sociedade pela Universidade Federal de Sergipe. Possui MBA Executivo em Administra\u00e7\u00e3o com \u00eanfase em Marketing pela Funda\u00e7\u00e3o Get\u00falio Vargas - Rio de Janeiro. Consultor, Palestrante e Pesquisador sobre Empreendedorismo, Marketing, Redes Sociais e Neg\u00f3cios Digitais. Professor, Palestrante TedxTalks e Campus Party. Twitter: @ThalesBrandao\",\"sameAs\":[\"http:\\\/\\\/www.mandacaru.com.br\",\"https:\\\/\\\/www.facebook.com\\\/thalesbrandao\",\"http:\\\/\\\/www.instagram.com.br\\\/thalesbrandaoferreira\",\"https:\\\/\\\/www.linkedin.com\\\/in\\\/thales-brand\u00e3o-3948609\\\/\",\"https:\\\/\\\/x.com\\\/http:\\\/\\\/www.twitter.com\\\/thalesbrandao\"],\"url\":\"https:\\\/\\\/www.cidademarketing.com.br\\\/marketing\\\/author\\\/thalesbrandao\\\/\"}]}<\/script>\n<!-- \/ Yoast SEO plugin. -->","yoast_head_json":{"title":"Fiat reescrever a hist\u00f3ria do futebol feminino com primeira brasileira a fazer gols em Mundiais - CidadeMarketing","robots":{"index":"index","follow":"follow","max-snippet":"max-snippet:-1","max-image-preview":"max-image-preview:large","max-video-preview":"max-video-preview:-1"},"canonical":"https:\/\/www.cidademarketing.com.br\/marketing\/2019\/08\/31\/fiat-reescrever-a-historia-do-futebol-feminino-com-primeira-brasileira-a-fazer-gols-em-mundiais\/","og_locale":"pt_BR","og_type":"article","og_title":"Fiat reescrever a hist\u00f3ria do futebol feminino com primeira brasileira a fazer gols em Mundiais - CidadeMarketing","og_description":"Com uma hist\u00f3ria de mais de quatro d\u00e9cadas no pa\u00eds, a Fiat reafirma a sua liga\u00e7\u00e3o e incentivo ao Brasil como particionadora das Sele\u00e7\u00f5es Brasileiras de Futebol. Para ajudar a reescrever a hist\u00f3ria do futebol feminino, a montadora em uma parceria entre o CRIE (hub de Conte\u00fado e Cria\u00e7\u00e3o Digital da Fiat Chrysler) e a [&hellip;]","og_url":"https:\/\/www.cidademarketing.com.br\/marketing\/2019\/08\/31\/fiat-reescrever-a-historia-do-futebol-feminino-com-primeira-brasileira-a-fazer-gols-em-mundiais\/","og_site_name":"CidadeMarketing","article_publisher":"https:\/\/www.facebook.com\/portalcidademarketing","article_author":"https:\/\/www.facebook.com\/thalesbrandao","article_published_time":"2019-08-31T12:54:12+00:00","article_modified_time":"2019-08-31T12:54:13+00:00","og_image":[{"width":1294,"height":487,"url":"https:\/\/www.cidademarketing.com.br\/marketing\/wp-content\/uploads\/2019\/08\/brasil_fiat_femininofutebol.jpg","type":"image\/jpeg"}],"author":"Thales Brand\u00e3o","twitter_card":"summary_large_image","twitter_creator":"@http:\/\/www.twitter.com\/thalesbrandao","twitter_site":"@CidadeMarketing","twitter_misc":{"Escrito por":"Thales Brand\u00e3o","Est. tempo de leitura":"5 minutos"},"schema":{"@context":"https:\/\/schema.org","@graph":[{"@type":"Article","@id":"https:\/\/www.cidademarketing.com.br\/marketing\/2019\/08\/31\/fiat-reescrever-a-historia-do-futebol-feminino-com-primeira-brasileira-a-fazer-gols-em-mundiais\/#article","isPartOf":{"@id":"https:\/\/www.cidademarketing.com.br\/marketing\/2019\/08\/31\/fiat-reescrever-a-historia-do-futebol-feminino-com-primeira-brasileira-a-fazer-gols-em-mundiais\/"},"author":{"name":"Thales Brand\u00e3o","@id":"https:\/\/www.cidademarketing.com.br\/marketing\/#\/schema\/person\/02daff9f18bd9378c9e01eb6b2db155f"},"headline":"Fiat reescrever a hist\u00f3ria do futebol feminino com primeira brasileira a fazer gols em Mundiais","datePublished":"2019-08-31T12:54:12+00:00","dateModified":"2019-08-31T12:54:13+00:00","mainEntityOfPage":{"@id":"https:\/\/www.cidademarketing.com.br\/marketing\/2019\/08\/31\/fiat-reescrever-a-historia-do-futebol-feminino-com-primeira-brasileira-a-fazer-gols-em-mundiais\/"},"wordCount":945,"commentCount":0,"publisher":{"@id":"https:\/\/www.cidademarketing.com.br\/marketing\/#organization"},"image":{"@id":"https:\/\/www.cidademarketing.com.br\/marketing\/2019\/08\/31\/fiat-reescrever-a-historia-do-futebol-feminino-com-primeira-brasileira-a-fazer-gols-em-mundiais\/#primaryimage"},"thumbnailUrl":"https:\/\/www.cidademarketing.com.br\/marketing\/wp-content\/uploads\/2019\/08\/brasil_fiat_femininofutebol.jpg","keywords":["Fiat","futebol","marketing"],"articleSection":["Not\u00edcias"],"inLanguage":"pt-BR","potentialAction":[{"@type":"CommentAction","name":"Comment","target":["https:\/\/www.cidademarketing.com.br\/marketing\/2019\/08\/31\/fiat-reescrever-a-historia-do-futebol-feminino-com-primeira-brasileira-a-fazer-gols-em-mundiais\/#respond"]}]},{"@type":"WebPage","@id":"https:\/\/www.cidademarketing.com.br\/marketing\/2019\/08\/31\/fiat-reescrever-a-historia-do-futebol-feminino-com-primeira-brasileira-a-fazer-gols-em-mundiais\/","url":"https:\/\/www.cidademarketing.com.br\/marketing\/2019\/08\/31\/fiat-reescrever-a-historia-do-futebol-feminino-com-primeira-brasileira-a-fazer-gols-em-mundiais\/","name":"Fiat reescrever a hist\u00f3ria do futebol feminino com primeira brasileira a fazer gols em Mundiais - CidadeMarketing","isPartOf":{"@id":"https:\/\/www.cidademarketing.com.br\/marketing\/#website"},"primaryImageOfPage":{"@id":"https:\/\/www.cidademarketing.com.br\/marketing\/2019\/08\/31\/fiat-reescrever-a-historia-do-futebol-feminino-com-primeira-brasileira-a-fazer-gols-em-mundiais\/#primaryimage"},"image":{"@id":"https:\/\/www.cidademarketing.com.br\/marketing\/2019\/08\/31\/fiat-reescrever-a-historia-do-futebol-feminino-com-primeira-brasileira-a-fazer-gols-em-mundiais\/#primaryimage"},"thumbnailUrl":"https:\/\/www.cidademarketing.com.br\/marketing\/wp-content\/uploads\/2019\/08\/brasil_fiat_femininofutebol.jpg","datePublished":"2019-08-31T12:54:12+00:00","dateModified":"2019-08-31T12:54:13+00:00","breadcrumb":{"@id":"https:\/\/www.cidademarketing.com.br\/marketing\/2019\/08\/31\/fiat-reescrever-a-historia-do-futebol-feminino-com-primeira-brasileira-a-fazer-gols-em-mundiais\/#breadcrumb"},"inLanguage":"pt-BR","potentialAction":[{"@type":"ReadAction","target":["https:\/\/www.cidademarketing.com.br\/marketing\/2019\/08\/31\/fiat-reescrever-a-historia-do-futebol-feminino-com-primeira-brasileira-a-fazer-gols-em-mundiais\/"]}]},{"@type":"ImageObject","inLanguage":"pt-BR","@id":"https:\/\/www.cidademarketing.com.br\/marketing\/2019\/08\/31\/fiat-reescrever-a-historia-do-futebol-feminino-com-primeira-brasileira-a-fazer-gols-em-mundiais\/#primaryimage","url":"https:\/\/www.cidademarketing.com.br\/marketing\/wp-content\/uploads\/2019\/08\/brasil_fiat_femininofutebol.jpg","contentUrl":"https:\/\/www.cidademarketing.com.br\/marketing\/wp-content\/uploads\/2019\/08\/brasil_fiat_femininofutebol.jpg","width":1294,"height":487,"caption":"Reprodu\u00e7\u00e3o"},{"@type":"BreadcrumbList","@id":"https:\/\/www.cidademarketing.com.br\/marketing\/2019\/08\/31\/fiat-reescrever-a-historia-do-futebol-feminino-com-primeira-brasileira-a-fazer-gols-em-mundiais\/#breadcrumb","itemListElement":[{"@type":"ListItem","position":1,"name":"In\u00edcio","item":"https:\/\/www.cidademarketing.com.br\/marketing\/"},{"@type":"ListItem","position":2,"name":"Fiat reescrever a hist\u00f3ria do futebol feminino com primeira brasileira a fazer gols em Mundiais"}]},{"@type":"WebSite","@id":"https:\/\/www.cidademarketing.com.br\/marketing\/#website","url":"https:\/\/www.cidademarketing.com.br\/marketing\/","name":"CidadeMarketing","description":"Somos um ve\u00edculo de comunica\u00e7\u00e3o de destaque no Brasil, reconhecido por conte\u00fados nos segmentos de marketing, empreendedorismo e inova\u00e7\u00e3o.","publisher":{"@id":"https:\/\/www.cidademarketing.com.br\/marketing\/#organization"},"alternateName":"CidadeMarketing","potentialAction":[{"@type":"SearchAction","target":{"@type":"EntryPoint","urlTemplate":"https:\/\/www.cidademarketing.com.br\/marketing\/?s={search_term_string}"},"query-input":{"@type":"PropertyValueSpecification","valueRequired":true,"valueName":"search_term_string"}}],"inLanguage":"pt-BR"},{"@type":"Organization","@id":"https:\/\/www.cidademarketing.com.br\/marketing\/#organization","name":"CidadeMarketing","alternateName":"CidadeMarketing","url":"https:\/\/www.cidademarketing.com.br\/marketing\/","logo":{"@type":"ImageObject","inLanguage":"pt-BR","@id":"https:\/\/www.cidademarketing.com.br\/marketing\/#\/schema\/logo\/image\/","url":"https:\/\/www.cidademarketing.com.br\/marketing\/wp-content\/uploads\/2020\/01\/cidademarketing_marca_mobile.png","contentUrl":"https:\/\/www.cidademarketing.com.br\/marketing\/wp-content\/uploads\/2020\/01\/cidademarketing_marca_mobile.png","width":230,"height":92,"caption":"CidadeMarketing"},"image":{"@id":"https:\/\/www.cidademarketing.com.br\/marketing\/#\/schema\/logo\/image\/"},"sameAs":["https:\/\/www.facebook.com\/portalcidademarketing","https:\/\/x.com\/CidadeMarketing","https:\/\/www.instagram.com\/cidademarketing\/"]},{"@type":"Person","@id":"https:\/\/www.cidademarketing.com.br\/marketing\/#\/schema\/person\/02daff9f18bd9378c9e01eb6b2db155f","name":"Thales Brand\u00e3o","image":{"@type":"ImageObject","inLanguage":"pt-BR","@id":"https:\/\/secure.gravatar.com\/avatar\/7ca3206950207cc3cb48feec56a8a7898741ab725c368d99d5d7a5a50aab80c6?s=96&d=mm&r=g","url":"https:\/\/secure.gravatar.com\/avatar\/7ca3206950207cc3cb48feec56a8a7898741ab725c368d99d5d7a5a50aab80c6?s=96&d=mm&r=g","contentUrl":"https:\/\/secure.gravatar.com\/avatar\/7ca3206950207cc3cb48feec56a8a7898741ab725c368d99d5d7a5a50aab80c6?s=96&d=mm&r=g","caption":"Thales Brand\u00e3o"},"description":"Editor Executivo do Portal CidadeMarketing.com.br &gt; Mestre em Comunica\u00e7\u00e3o e Sociedade pela Universidade Federal de Sergipe. Possui MBA Executivo em Administra\u00e7\u00e3o com \u00eanfase em Marketing pela Funda\u00e7\u00e3o Get\u00falio Vargas - Rio de Janeiro. Consultor, Palestrante e Pesquisador sobre Empreendedorismo, Marketing, Redes Sociais e Neg\u00f3cios Digitais. Professor, Palestrante TedxTalks e Campus Party. Twitter: @ThalesBrandao","sameAs":["http:\/\/www.mandacaru.com.br","https:\/\/www.facebook.com\/thalesbrandao","http:\/\/www.instagram.com.br\/thalesbrandaoferreira","https:\/\/www.linkedin.com\/in\/thales-brand\u00e3o-3948609\/","https:\/\/x.com\/http:\/\/www.twitter.com\/thalesbrandao"],"url":"https:\/\/www.cidademarketing.com.br\/marketing\/author\/thalesbrandao\/"}]}},"amp_enabled":true,"_links":{"self":[{"href":"https:\/\/www.cidademarketing.com.br\/marketing\/wp-json\/wp\/v2\/posts\/11346","targetHints":{"allow":["GET"]}}],"collection":[{"href":"https:\/\/www.cidademarketing.com.br\/marketing\/wp-json\/wp\/v2\/posts"}],"about":[{"href":"https:\/\/www.cidademarketing.com.br\/marketing\/wp-json\/wp\/v2\/types\/post"}],"author":[{"embeddable":true,"href":"https:\/\/www.cidademarketing.com.br\/marketing\/wp-json\/wp\/v2\/users\/1"}],"replies":[{"embeddable":true,"href":"https:\/\/www.cidademarketing.com.br\/marketing\/wp-json\/wp\/v2\/comments?post=11346"}],"version-history":[{"count":1,"href":"https:\/\/www.cidademarketing.com.br\/marketing\/wp-json\/wp\/v2\/posts\/11346\/revisions"}],"predecessor-version":[{"id":11348,"href":"https:\/\/www.cidademarketing.com.br\/marketing\/wp-json\/wp\/v2\/posts\/11346\/revisions\/11348"}],"wp:featuredmedia":[{"embeddable":true,"href":"https:\/\/www.cidademarketing.com.br\/marketing\/wp-json\/wp\/v2\/media\/11347"}],"wp:attachment":[{"href":"https:\/\/www.cidademarketing.com.br\/marketing\/wp-json\/wp\/v2\/media?parent=11346"}],"wp:term":[{"taxonomy":"category","embeddable":true,"href":"https:\/\/www.cidademarketing.com.br\/marketing\/wp-json\/wp\/v2\/categories?post=11346"},{"taxonomy":"post_tag","embeddable":true,"href":"https:\/\/www.cidademarketing.com.br\/marketing\/wp-json\/wp\/v2\/tags?post=11346"}],"curies":[{"name":"wp","href":"https:\/\/api.w.org\/{rel}","templated":true}]}}