{"id":11286,"date":"2019-08-30T00:46:58","date_gmt":"2019-08-29T20:46:58","guid":{"rendered":"https:\/\/www.cidademarketing.com.br\/marketing\/?p=11286"},"modified":"2019-08-30T00:46:59","modified_gmt":"2019-08-29T20:46:59","slug":"auditorio-do-ibirapuera-recebe-mastercard-jazz-que-contara-com-fotos-assinadas-por-mauricio-nahas-e-cobertura-on-time-nas-redes-sociais","status":"publish","type":"post","link":"https:\/\/www.cidademarketing.com.br\/marketing\/2019\/08\/30\/auditorio-do-ibirapuera-recebe-mastercard-jazz-que-contara-com-fotos-assinadas-por-mauricio-nahas-e-cobertura-on-time-nas-redes-sociais\/","title":{"rendered":"Audit\u00f3rio do Ibirapuera recebe Mastercard Jazz que contar\u00e1 com fotos assinadas por Maur\u00edcio Nahas e cobertura on time nas redes sociais"},"content":{"rendered":"\n<p>No pr\u00f3ximo final de semana,\nde 31 de agosto e 1 de setembro, a Mastercard ir\u00e1 realizar a primeira edi\u00e7\u00e3o do\nMastercard Jazz, festival de jazz gratuito no Parque do Ibirapuera, em S\u00e3o\nPaulo. Com atra\u00e7\u00f5es nacionais e internacionais, a proposta \u00e9 reunir nomes que\nt\u00eam renovado o g\u00eanero musical e, durante os dois dias, as apresenta\u00e7\u00f5es ser\u00e3o\nrealizadas ao ar livre, no palco do Audit\u00f3rio Ibirapuera. Entre os artistas,\ndestacam-se o trompetista norte-americano Christian Scott aTunde Adjuah e os\nbrasileiros Bixiga 70 e Lourenco Rebetez &amp; Xenia Fran\u00e7a. <\/p>\n\n\n\n<p>Para a divulga\u00e7\u00e3o do evento,\na WMcCann criou uma campanha para meio digital e OOH, que conta com fotos do\npremiado Maur\u00edcio Nahas, especialmente clicadas para a a\u00e7\u00e3o. <em>\u201cA divulga\u00e7\u00e3o\ndo Mastercard Jazz tem um aspecto pioneiro que s\u00e3o as fotos do Maur\u00edcio Nahas.\nAl\u00e9m de valorizarem o g\u00eanero musical, as imagens est\u00e3o lind\u00edssimas e trazem\nmovimento e um olhar moderno para atrair tanto os f\u00e3s tradicionais do estilo,\ncomo tamb\u00e9m uma nova gera\u00e7\u00e3o de apreciadores que descobriu o jazz recentemente,\npor meio das m\u00eddias digitais\u201d <\/em>destaca Sarah Buchwitz, vice-presidente\nde&nbsp;Marketing e Comunica\u00e7\u00e3o da Mastercard Brasil&nbsp;e Cone Sul. <\/p>\n\n\n\n<p>As pe\u00e7as contam com\nestrat\u00e9gia de social media nos canais da Mastercard Brasil para divulga\u00e7\u00e3o da\nline up do evento, como envelopamento dos canais da marca (Facebook, Twitter e\nYoutube) e posts com informa\u00e7\u00f5es sobre cada show. Outro destaque da a\u00e7\u00e3o ser\u00e1 a\ncobertura <em>on time<\/em> de social, transmitindo, via Instagram Stories, os\ndetalhes do evento, trechos das apresenta\u00e7\u00f5es e bate-papo com os artistas do\nfestival. <\/p>\n\n\n\n<p><strong>Ficha T\u00e9cnica:<\/strong><\/p>\n\n\n\n<p>Ag\u00eancia: WMcCann<br>\nCliente: Mastercard<\/p>\n\n\n\n<p>Produto: Music<br>\nNome da campanha: Mastercard Jazz<\/p>\n\n\n\n<p>CCO: Hugo Rodrigues e Andr\u00e9\nMarques <\/p>\n\n\n\n<p>COO: Kevin Zung <\/p>\n\n\n\n<p>Dire\u00e7\u00e3o de cria\u00e7\u00e3o: Alexandre\nPrado<br>\nCria\u00e7\u00e3o: Bruno Mukai, Erica Igue, Francisco Oliveira, Giulio Pinotti, Leandro\nOliveira, Paulo Fontana<\/p>\n\n\n\n<p>VP de Planejamento: Renata Bokel<\/p>\n\n\n\n<p>Planejamento: Acau\u00e3 Bonif\u00e1cio,\nFernando Birche, B\u00e1rbara Rolim, Tain\u00e3 Castilho e Isabella Labate <\/p>\n\n\n\n<p>Atendimento: Tom Gil, Luciana Rosa\ne Mariana Rissi<\/p>\n\n\n\n<p>VP de M\u00eddia: Andr\u00e9 Fran\u00e7a<\/p>\n\n\n\n<p>M\u00eddia: Patr\u00edcia Calheiros, Caio\nCezar, Mariana Navarro e Antonio Amendola<\/p>\n\n\n\n<p>BI:\nAnny Atti e Felipe Borges<\/p>\n\n\n\n<p>Social Media: Bruno Ernica e\nWilliam Ribeiro<\/p>\n\n\n\n<p>VP de Produ\u00e7\u00e3o: Tato Bono<\/p>\n\n\n\n<p>Produ\u00e7\u00e3o Integrada: Cayan Lobo,\nFabiana Diniz, Michele Sousa e Sasha Vilela<\/p>\n\n\n\n<p>Fot\u00f3grafo: Maur\u00edcio Nahas<\/p>\n\n\n\n<p>Assistentes: Bruno Guimar\u00e3es,\nD\u00e9bora Freitas e Fabr\u00edcio Marconi de Lima<\/p>\n\n\n\n<p>Produ\u00e7\u00e3o Executiva: Fernando\nMachado<\/p>\n\n\n\n<p>Coordena\u00e7\u00e3o: Camila Contart<\/p>\n\n\n\n<p>Produ\u00e7\u00e3o de Figurino e Objetos: Gi\nMacedo<\/p>\n\n\n\n<p>Maquiagem: Lau Neves<\/p>\n\n\n\n<p>Produtora de Casting: Carol Gatti<\/p>\n\n\n\n<p>Modelos: Ariane Queiroz e Matheus\nCarvalho<\/p>\n\n\n\n<p>Tratamento de Imagem: Fujocka\nCreative Images<\/p>\n\n\n\n<p>Coordenador de Finaliza\u00e7\u00e3o:\nMaur\u00edcio Martim<\/p>\n\n\n\n<p>Produtor Gr\u00e1fico: Nereu Marinho<\/p>\n\n\n\n<p>Projetos: Marina Hirle e Luana\nCarvalho<\/p>\n\n\n\n<p>Rela\u00e7\u00f5es P\u00fablicas: Kerena Neves e\nBruna Ramos<\/p>\n\n\n\n<p>Aprova\u00e7\u00e3o pelo cliente: Sarah Buchwitz, Alan Crean e Leandro\nSim\u00f5es <\/p>\n","protected":false},"excerpt":{"rendered":"<p>No pr\u00f3ximo final de semana, de 31 de agosto e 1 de setembro, a Mastercard ir\u00e1 realizar a primeira edi\u00e7\u00e3o do Mastercard Jazz, festival de jazz gratuito no Parque do Ibirapuera, em S\u00e3o Paulo. Com atra\u00e7\u00f5es nacionais e internacionais, a proposta \u00e9 reunir nomes que t\u00eam renovado o g\u00eanero musical e, durante os dois dias, [&hellip;]<\/p>\n","protected":false},"author":1,"featured_media":11287,"comment_status":"open","ping_status":"open","sticky":false,"template":"","format":"standard","meta":{"tdm_status":"","tdm_grid_status":"","footnotes":""},"categories":[6],"tags":[65,33,44],"class_list":["post-11286","post","type-post","status-publish","format-standard","has-post-thumbnail","hentry","category-noticias","tag-campanha","tag-estrategia","tag-mastercard"],"yoast_head":"<!-- This site is optimized with the Yoast SEO plugin v27.5 - https:\/\/yoast.com\/product\/yoast-seo-wordpress\/ -->\n<title>Audit\u00f3rio do Ibirapuera recebe Mastercard Jazz que contar\u00e1 com fotos assinadas por Maur\u00edcio Nahas e cobertura on time nas redes sociais - CidadeMarketing<\/title>\n<meta name=\"robots\" content=\"index, follow, max-snippet:-1, max-image-preview:large, max-video-preview:-1\" \/>\n<link rel=\"canonical\" href=\"https:\/\/www.cidademarketing.com.br\/marketing\/2019\/08\/30\/auditorio-do-ibirapuera-recebe-mastercard-jazz-que-contara-com-fotos-assinadas-por-mauricio-nahas-e-cobertura-on-time-nas-redes-sociais\/\" \/>\n<meta property=\"og:locale\" content=\"pt_BR\" \/>\n<meta property=\"og:type\" content=\"article\" \/>\n<meta property=\"og:title\" content=\"Audit\u00f3rio do Ibirapuera recebe Mastercard Jazz que contar\u00e1 com fotos assinadas por Maur\u00edcio Nahas e cobertura on time nas redes sociais - CidadeMarketing\" \/>\n<meta property=\"og:description\" content=\"No pr\u00f3ximo final de semana, de 31 de agosto e 1 de setembro, a Mastercard ir\u00e1 realizar a primeira edi\u00e7\u00e3o do Mastercard Jazz, festival de jazz gratuito no Parque do Ibirapuera, em S\u00e3o Paulo. Com atra\u00e7\u00f5es nacionais e internacionais, a proposta \u00e9 reunir nomes que t\u00eam renovado o g\u00eanero musical e, durante os dois dias, [&hellip;]\" \/>\n<meta property=\"og:url\" content=\"https:\/\/www.cidademarketing.com.br\/marketing\/2019\/08\/30\/auditorio-do-ibirapuera-recebe-mastercard-jazz-que-contara-com-fotos-assinadas-por-mauricio-nahas-e-cobertura-on-time-nas-redes-sociais\/\" \/>\n<meta property=\"og:site_name\" content=\"CidadeMarketing\" \/>\n<meta property=\"article:publisher\" content=\"https:\/\/www.facebook.com\/portalcidademarketing\" \/>\n<meta property=\"article:author\" content=\"https:\/\/www.facebook.com\/thalesbrandao\" \/>\n<meta property=\"article:published_time\" content=\"2019-08-29T20:46:58+00:00\" \/>\n<meta property=\"article:modified_time\" content=\"2019-08-29T20:46:59+00:00\" \/>\n<meta property=\"og:image\" content=\"https:\/\/www.cidademarketing.com.br\/marketing\/wp-content\/uploads\/2019\/08\/jazz_mastercard-702x1024.jpg\" \/>\n\t<meta property=\"og:image:width\" content=\"702\" \/>\n\t<meta property=\"og:image:height\" content=\"1024\" \/>\n\t<meta property=\"og:image:type\" content=\"image\/jpeg\" \/>\n<meta name=\"author\" content=\"Thales Brand\u00e3o\" \/>\n<meta name=\"twitter:card\" content=\"summary_large_image\" \/>\n<meta name=\"twitter:creator\" content=\"@http:\/\/www.twitter.com\/thalesbrandao\" \/>\n<meta name=\"twitter:site\" content=\"@CidadeMarketing\" \/>\n<meta name=\"twitter:label1\" content=\"Escrito por\" \/>\n\t<meta name=\"twitter:data1\" content=\"Thales Brand\u00e3o\" \/>\n\t<meta name=\"twitter:label2\" content=\"Est. tempo de leitura\" \/>\n\t<meta name=\"twitter:data2\" content=\"3 minutos\" \/>\n<script type=\"application\/ld+json\" class=\"yoast-schema-graph\">{\"@context\":\"https:\\\/\\\/schema.org\",\"@graph\":[{\"@type\":\"Article\",\"@id\":\"https:\\\/\\\/www.cidademarketing.com.br\\\/marketing\\\/2019\\\/08\\\/30\\\/auditorio-do-ibirapuera-recebe-mastercard-jazz-que-contara-com-fotos-assinadas-por-mauricio-nahas-e-cobertura-on-time-nas-redes-sociais\\\/#article\",\"isPartOf\":{\"@id\":\"https:\\\/\\\/www.cidademarketing.com.br\\\/marketing\\\/2019\\\/08\\\/30\\\/auditorio-do-ibirapuera-recebe-mastercard-jazz-que-contara-com-fotos-assinadas-por-mauricio-nahas-e-cobertura-on-time-nas-redes-sociais\\\/\"},\"author\":{\"name\":\"Thales Brand\u00e3o\",\"@id\":\"https:\\\/\\\/www.cidademarketing.com.br\\\/marketing\\\/#\\\/schema\\\/person\\\/02daff9f18bd9378c9e01eb6b2db155f\"},\"headline\":\"Audit\u00f3rio do Ibirapuera recebe Mastercard Jazz que contar\u00e1 com fotos assinadas por Maur\u00edcio Nahas e cobertura on time nas redes sociais\",\"datePublished\":\"2019-08-29T20:46:58+00:00\",\"dateModified\":\"2019-08-29T20:46:59+00:00\",\"mainEntityOfPage\":{\"@id\":\"https:\\\/\\\/www.cidademarketing.com.br\\\/marketing\\\/2019\\\/08\\\/30\\\/auditorio-do-ibirapuera-recebe-mastercard-jazz-que-contara-com-fotos-assinadas-por-mauricio-nahas-e-cobertura-on-time-nas-redes-sociais\\\/\"},\"wordCount\":523,\"commentCount\":0,\"publisher\":{\"@id\":\"https:\\\/\\\/www.cidademarketing.com.br\\\/marketing\\\/#organization\"},\"image\":{\"@id\":\"https:\\\/\\\/www.cidademarketing.com.br\\\/marketing\\\/2019\\\/08\\\/30\\\/auditorio-do-ibirapuera-recebe-mastercard-jazz-que-contara-com-fotos-assinadas-por-mauricio-nahas-e-cobertura-on-time-nas-redes-sociais\\\/#primaryimage\"},\"thumbnailUrl\":\"https:\\\/\\\/www.cidademarketing.com.br\\\/marketing\\\/wp-content\\\/uploads\\\/2019\\\/08\\\/jazz_mastercard.jpg\",\"keywords\":[\"campanha\",\"estrat\u00e9gia\",\"Mastercard\"],\"articleSection\":[\"Not\u00edcias\"],\"inLanguage\":\"pt-BR\",\"potentialAction\":[{\"@type\":\"CommentAction\",\"name\":\"Comment\",\"target\":[\"https:\\\/\\\/www.cidademarketing.com.br\\\/marketing\\\/2019\\\/08\\\/30\\\/auditorio-do-ibirapuera-recebe-mastercard-jazz-que-contara-com-fotos-assinadas-por-mauricio-nahas-e-cobertura-on-time-nas-redes-sociais\\\/#respond\"]}]},{\"@type\":\"WebPage\",\"@id\":\"https:\\\/\\\/www.cidademarketing.com.br\\\/marketing\\\/2019\\\/08\\\/30\\\/auditorio-do-ibirapuera-recebe-mastercard-jazz-que-contara-com-fotos-assinadas-por-mauricio-nahas-e-cobertura-on-time-nas-redes-sociais\\\/\",\"url\":\"https:\\\/\\\/www.cidademarketing.com.br\\\/marketing\\\/2019\\\/08\\\/30\\\/auditorio-do-ibirapuera-recebe-mastercard-jazz-que-contara-com-fotos-assinadas-por-mauricio-nahas-e-cobertura-on-time-nas-redes-sociais\\\/\",\"name\":\"Audit\u00f3rio do Ibirapuera recebe Mastercard Jazz que contar\u00e1 com fotos assinadas por Maur\u00edcio Nahas e cobertura on time nas redes sociais - CidadeMarketing\",\"isPartOf\":{\"@id\":\"https:\\\/\\\/www.cidademarketing.com.br\\\/marketing\\\/#website\"},\"primaryImageOfPage\":{\"@id\":\"https:\\\/\\\/www.cidademarketing.com.br\\\/marketing\\\/2019\\\/08\\\/30\\\/auditorio-do-ibirapuera-recebe-mastercard-jazz-que-contara-com-fotos-assinadas-por-mauricio-nahas-e-cobertura-on-time-nas-redes-sociais\\\/#primaryimage\"},\"image\":{\"@id\":\"https:\\\/\\\/www.cidademarketing.com.br\\\/marketing\\\/2019\\\/08\\\/30\\\/auditorio-do-ibirapuera-recebe-mastercard-jazz-que-contara-com-fotos-assinadas-por-mauricio-nahas-e-cobertura-on-time-nas-redes-sociais\\\/#primaryimage\"},\"thumbnailUrl\":\"https:\\\/\\\/www.cidademarketing.com.br\\\/marketing\\\/wp-content\\\/uploads\\\/2019\\\/08\\\/jazz_mastercard.jpg\",\"datePublished\":\"2019-08-29T20:46:58+00:00\",\"dateModified\":\"2019-08-29T20:46:59+00:00\",\"breadcrumb\":{\"@id\":\"https:\\\/\\\/www.cidademarketing.com.br\\\/marketing\\\/2019\\\/08\\\/30\\\/auditorio-do-ibirapuera-recebe-mastercard-jazz-que-contara-com-fotos-assinadas-por-mauricio-nahas-e-cobertura-on-time-nas-redes-sociais\\\/#breadcrumb\"},\"inLanguage\":\"pt-BR\",\"potentialAction\":[{\"@type\":\"ReadAction\",\"target\":[\"https:\\\/\\\/www.cidademarketing.com.br\\\/marketing\\\/2019\\\/08\\\/30\\\/auditorio-do-ibirapuera-recebe-mastercard-jazz-que-contara-com-fotos-assinadas-por-mauricio-nahas-e-cobertura-on-time-nas-redes-sociais\\\/\"]}]},{\"@type\":\"ImageObject\",\"inLanguage\":\"pt-BR\",\"@id\":\"https:\\\/\\\/www.cidademarketing.com.br\\\/marketing\\\/2019\\\/08\\\/30\\\/auditorio-do-ibirapuera-recebe-mastercard-jazz-que-contara-com-fotos-assinadas-por-mauricio-nahas-e-cobertura-on-time-nas-redes-sociais\\\/#primaryimage\",\"url\":\"https:\\\/\\\/www.cidademarketing.com.br\\\/marketing\\\/wp-content\\\/uploads\\\/2019\\\/08\\\/jazz_mastercard.jpg\",\"contentUrl\":\"https:\\\/\\\/www.cidademarketing.com.br\\\/marketing\\\/wp-content\\\/uploads\\\/2019\\\/08\\\/jazz_mastercard.jpg\",\"width\":2953,\"height\":4306},{\"@type\":\"BreadcrumbList\",\"@id\":\"https:\\\/\\\/www.cidademarketing.com.br\\\/marketing\\\/2019\\\/08\\\/30\\\/auditorio-do-ibirapuera-recebe-mastercard-jazz-que-contara-com-fotos-assinadas-por-mauricio-nahas-e-cobertura-on-time-nas-redes-sociais\\\/#breadcrumb\",\"itemListElement\":[{\"@type\":\"ListItem\",\"position\":1,\"name\":\"In\u00edcio\",\"item\":\"https:\\\/\\\/www.cidademarketing.com.br\\\/marketing\\\/\"},{\"@type\":\"ListItem\",\"position\":2,\"name\":\"Audit\u00f3rio do Ibirapuera recebe Mastercard Jazz que contar\u00e1 com fotos assinadas por Maur\u00edcio Nahas e cobertura on time nas redes sociais\"}]},{\"@type\":\"WebSite\",\"@id\":\"https:\\\/\\\/www.cidademarketing.com.br\\\/marketing\\\/#website\",\"url\":\"https:\\\/\\\/www.cidademarketing.com.br\\\/marketing\\\/\",\"name\":\"CidadeMarketing\",\"description\":\"Somos um ve\u00edculo de comunica\u00e7\u00e3o de destaque no Brasil, reconhecido por conte\u00fados nos segmentos de marketing, empreendedorismo e inova\u00e7\u00e3o.\",\"publisher\":{\"@id\":\"https:\\\/\\\/www.cidademarketing.com.br\\\/marketing\\\/#organization\"},\"alternateName\":\"CidadeMarketing\",\"potentialAction\":[{\"@type\":\"SearchAction\",\"target\":{\"@type\":\"EntryPoint\",\"urlTemplate\":\"https:\\\/\\\/www.cidademarketing.com.br\\\/marketing\\\/?s={search_term_string}\"},\"query-input\":{\"@type\":\"PropertyValueSpecification\",\"valueRequired\":true,\"valueName\":\"search_term_string\"}}],\"inLanguage\":\"pt-BR\"},{\"@type\":\"Organization\",\"@id\":\"https:\\\/\\\/www.cidademarketing.com.br\\\/marketing\\\/#organization\",\"name\":\"CidadeMarketing\",\"alternateName\":\"CidadeMarketing\",\"url\":\"https:\\\/\\\/www.cidademarketing.com.br\\\/marketing\\\/\",\"logo\":{\"@type\":\"ImageObject\",\"inLanguage\":\"pt-BR\",\"@id\":\"https:\\\/\\\/www.cidademarketing.com.br\\\/marketing\\\/#\\\/schema\\\/logo\\\/image\\\/\",\"url\":\"https:\\\/\\\/www.cidademarketing.com.br\\\/marketing\\\/wp-content\\\/uploads\\\/2020\\\/01\\\/cidademarketing_marca_mobile.png\",\"contentUrl\":\"https:\\\/\\\/www.cidademarketing.com.br\\\/marketing\\\/wp-content\\\/uploads\\\/2020\\\/01\\\/cidademarketing_marca_mobile.png\",\"width\":230,\"height\":92,\"caption\":\"CidadeMarketing\"},\"image\":{\"@id\":\"https:\\\/\\\/www.cidademarketing.com.br\\\/marketing\\\/#\\\/schema\\\/logo\\\/image\\\/\"},\"sameAs\":[\"https:\\\/\\\/www.facebook.com\\\/portalcidademarketing\",\"https:\\\/\\\/x.com\\\/CidadeMarketing\",\"https:\\\/\\\/www.instagram.com\\\/cidademarketing\\\/\"]},{\"@type\":\"Person\",\"@id\":\"https:\\\/\\\/www.cidademarketing.com.br\\\/marketing\\\/#\\\/schema\\\/person\\\/02daff9f18bd9378c9e01eb6b2db155f\",\"name\":\"Thales Brand\u00e3o\",\"image\":{\"@type\":\"ImageObject\",\"inLanguage\":\"pt-BR\",\"@id\":\"https:\\\/\\\/secure.gravatar.com\\\/avatar\\\/7ca3206950207cc3cb48feec56a8a7898741ab725c368d99d5d7a5a50aab80c6?s=96&d=mm&r=g\",\"url\":\"https:\\\/\\\/secure.gravatar.com\\\/avatar\\\/7ca3206950207cc3cb48feec56a8a7898741ab725c368d99d5d7a5a50aab80c6?s=96&d=mm&r=g\",\"contentUrl\":\"https:\\\/\\\/secure.gravatar.com\\\/avatar\\\/7ca3206950207cc3cb48feec56a8a7898741ab725c368d99d5d7a5a50aab80c6?s=96&d=mm&r=g\",\"caption\":\"Thales Brand\u00e3o\"},\"description\":\"Editor Executivo do Portal CidadeMarketing.com.br &gt; Mestre em Comunica\u00e7\u00e3o e Sociedade pela Universidade Federal de Sergipe. Possui MBA Executivo em Administra\u00e7\u00e3o com \u00eanfase em Marketing pela Funda\u00e7\u00e3o Get\u00falio Vargas - Rio de Janeiro. Consultor, Palestrante e Pesquisador sobre Empreendedorismo, Marketing, Redes Sociais e Neg\u00f3cios Digitais. Professor, Palestrante TedxTalks e Campus Party. Twitter: @ThalesBrandao\",\"sameAs\":[\"http:\\\/\\\/www.mandacaru.com.br\",\"https:\\\/\\\/www.facebook.com\\\/thalesbrandao\",\"http:\\\/\\\/www.instagram.com.br\\\/thalesbrandaoferreira\",\"https:\\\/\\\/www.linkedin.com\\\/in\\\/thales-brand\u00e3o-3948609\\\/\",\"https:\\\/\\\/x.com\\\/http:\\\/\\\/www.twitter.com\\\/thalesbrandao\"],\"url\":\"https:\\\/\\\/www.cidademarketing.com.br\\\/marketing\\\/author\\\/thalesbrandao\\\/\"}]}<\/script>\n<!-- \/ Yoast SEO plugin. -->","yoast_head_json":{"title":"Audit\u00f3rio do Ibirapuera recebe Mastercard Jazz que contar\u00e1 com fotos assinadas por Maur\u00edcio Nahas e cobertura on time nas redes sociais - CidadeMarketing","robots":{"index":"index","follow":"follow","max-snippet":"max-snippet:-1","max-image-preview":"max-image-preview:large","max-video-preview":"max-video-preview:-1"},"canonical":"https:\/\/www.cidademarketing.com.br\/marketing\/2019\/08\/30\/auditorio-do-ibirapuera-recebe-mastercard-jazz-que-contara-com-fotos-assinadas-por-mauricio-nahas-e-cobertura-on-time-nas-redes-sociais\/","og_locale":"pt_BR","og_type":"article","og_title":"Audit\u00f3rio do Ibirapuera recebe Mastercard Jazz que contar\u00e1 com fotos assinadas por Maur\u00edcio Nahas e cobertura on time nas redes sociais - CidadeMarketing","og_description":"No pr\u00f3ximo final de semana, de 31 de agosto e 1 de setembro, a Mastercard ir\u00e1 realizar a primeira edi\u00e7\u00e3o do Mastercard Jazz, festival de jazz gratuito no Parque do Ibirapuera, em S\u00e3o Paulo. Com atra\u00e7\u00f5es nacionais e internacionais, a proposta \u00e9 reunir nomes que t\u00eam renovado o g\u00eanero musical e, durante os dois dias, [&hellip;]","og_url":"https:\/\/www.cidademarketing.com.br\/marketing\/2019\/08\/30\/auditorio-do-ibirapuera-recebe-mastercard-jazz-que-contara-com-fotos-assinadas-por-mauricio-nahas-e-cobertura-on-time-nas-redes-sociais\/","og_site_name":"CidadeMarketing","article_publisher":"https:\/\/www.facebook.com\/portalcidademarketing","article_author":"https:\/\/www.facebook.com\/thalesbrandao","article_published_time":"2019-08-29T20:46:58+00:00","article_modified_time":"2019-08-29T20:46:59+00:00","og_image":[{"width":702,"height":1024,"url":"https:\/\/www.cidademarketing.com.br\/marketing\/wp-content\/uploads\/2019\/08\/jazz_mastercard-702x1024.jpg","type":"image\/jpeg"}],"author":"Thales Brand\u00e3o","twitter_card":"summary_large_image","twitter_creator":"@http:\/\/www.twitter.com\/thalesbrandao","twitter_site":"@CidadeMarketing","twitter_misc":{"Escrito por":"Thales Brand\u00e3o","Est. tempo de leitura":"3 minutos"},"schema":{"@context":"https:\/\/schema.org","@graph":[{"@type":"Article","@id":"https:\/\/www.cidademarketing.com.br\/marketing\/2019\/08\/30\/auditorio-do-ibirapuera-recebe-mastercard-jazz-que-contara-com-fotos-assinadas-por-mauricio-nahas-e-cobertura-on-time-nas-redes-sociais\/#article","isPartOf":{"@id":"https:\/\/www.cidademarketing.com.br\/marketing\/2019\/08\/30\/auditorio-do-ibirapuera-recebe-mastercard-jazz-que-contara-com-fotos-assinadas-por-mauricio-nahas-e-cobertura-on-time-nas-redes-sociais\/"},"author":{"name":"Thales Brand\u00e3o","@id":"https:\/\/www.cidademarketing.com.br\/marketing\/#\/schema\/person\/02daff9f18bd9378c9e01eb6b2db155f"},"headline":"Audit\u00f3rio do Ibirapuera recebe Mastercard Jazz que contar\u00e1 com fotos assinadas por Maur\u00edcio Nahas e cobertura on time nas redes sociais","datePublished":"2019-08-29T20:46:58+00:00","dateModified":"2019-08-29T20:46:59+00:00","mainEntityOfPage":{"@id":"https:\/\/www.cidademarketing.com.br\/marketing\/2019\/08\/30\/auditorio-do-ibirapuera-recebe-mastercard-jazz-que-contara-com-fotos-assinadas-por-mauricio-nahas-e-cobertura-on-time-nas-redes-sociais\/"},"wordCount":523,"commentCount":0,"publisher":{"@id":"https:\/\/www.cidademarketing.com.br\/marketing\/#organization"},"image":{"@id":"https:\/\/www.cidademarketing.com.br\/marketing\/2019\/08\/30\/auditorio-do-ibirapuera-recebe-mastercard-jazz-que-contara-com-fotos-assinadas-por-mauricio-nahas-e-cobertura-on-time-nas-redes-sociais\/#primaryimage"},"thumbnailUrl":"https:\/\/www.cidademarketing.com.br\/marketing\/wp-content\/uploads\/2019\/08\/jazz_mastercard.jpg","keywords":["campanha","estrat\u00e9gia","Mastercard"],"articleSection":["Not\u00edcias"],"inLanguage":"pt-BR","potentialAction":[{"@type":"CommentAction","name":"Comment","target":["https:\/\/www.cidademarketing.com.br\/marketing\/2019\/08\/30\/auditorio-do-ibirapuera-recebe-mastercard-jazz-que-contara-com-fotos-assinadas-por-mauricio-nahas-e-cobertura-on-time-nas-redes-sociais\/#respond"]}]},{"@type":"WebPage","@id":"https:\/\/www.cidademarketing.com.br\/marketing\/2019\/08\/30\/auditorio-do-ibirapuera-recebe-mastercard-jazz-que-contara-com-fotos-assinadas-por-mauricio-nahas-e-cobertura-on-time-nas-redes-sociais\/","url":"https:\/\/www.cidademarketing.com.br\/marketing\/2019\/08\/30\/auditorio-do-ibirapuera-recebe-mastercard-jazz-que-contara-com-fotos-assinadas-por-mauricio-nahas-e-cobertura-on-time-nas-redes-sociais\/","name":"Audit\u00f3rio do Ibirapuera recebe Mastercard Jazz que contar\u00e1 com fotos assinadas por Maur\u00edcio Nahas e cobertura on time nas redes sociais - CidadeMarketing","isPartOf":{"@id":"https:\/\/www.cidademarketing.com.br\/marketing\/#website"},"primaryImageOfPage":{"@id":"https:\/\/www.cidademarketing.com.br\/marketing\/2019\/08\/30\/auditorio-do-ibirapuera-recebe-mastercard-jazz-que-contara-com-fotos-assinadas-por-mauricio-nahas-e-cobertura-on-time-nas-redes-sociais\/#primaryimage"},"image":{"@id":"https:\/\/www.cidademarketing.com.br\/marketing\/2019\/08\/30\/auditorio-do-ibirapuera-recebe-mastercard-jazz-que-contara-com-fotos-assinadas-por-mauricio-nahas-e-cobertura-on-time-nas-redes-sociais\/#primaryimage"},"thumbnailUrl":"https:\/\/www.cidademarketing.com.br\/marketing\/wp-content\/uploads\/2019\/08\/jazz_mastercard.jpg","datePublished":"2019-08-29T20:46:58+00:00","dateModified":"2019-08-29T20:46:59+00:00","breadcrumb":{"@id":"https:\/\/www.cidademarketing.com.br\/marketing\/2019\/08\/30\/auditorio-do-ibirapuera-recebe-mastercard-jazz-que-contara-com-fotos-assinadas-por-mauricio-nahas-e-cobertura-on-time-nas-redes-sociais\/#breadcrumb"},"inLanguage":"pt-BR","potentialAction":[{"@type":"ReadAction","target":["https:\/\/www.cidademarketing.com.br\/marketing\/2019\/08\/30\/auditorio-do-ibirapuera-recebe-mastercard-jazz-que-contara-com-fotos-assinadas-por-mauricio-nahas-e-cobertura-on-time-nas-redes-sociais\/"]}]},{"@type":"ImageObject","inLanguage":"pt-BR","@id":"https:\/\/www.cidademarketing.com.br\/marketing\/2019\/08\/30\/auditorio-do-ibirapuera-recebe-mastercard-jazz-que-contara-com-fotos-assinadas-por-mauricio-nahas-e-cobertura-on-time-nas-redes-sociais\/#primaryimage","url":"https:\/\/www.cidademarketing.com.br\/marketing\/wp-content\/uploads\/2019\/08\/jazz_mastercard.jpg","contentUrl":"https:\/\/www.cidademarketing.com.br\/marketing\/wp-content\/uploads\/2019\/08\/jazz_mastercard.jpg","width":2953,"height":4306},{"@type":"BreadcrumbList","@id":"https:\/\/www.cidademarketing.com.br\/marketing\/2019\/08\/30\/auditorio-do-ibirapuera-recebe-mastercard-jazz-que-contara-com-fotos-assinadas-por-mauricio-nahas-e-cobertura-on-time-nas-redes-sociais\/#breadcrumb","itemListElement":[{"@type":"ListItem","position":1,"name":"In\u00edcio","item":"https:\/\/www.cidademarketing.com.br\/marketing\/"},{"@type":"ListItem","position":2,"name":"Audit\u00f3rio do Ibirapuera recebe Mastercard Jazz que contar\u00e1 com fotos assinadas por Maur\u00edcio Nahas e cobertura on time nas redes sociais"}]},{"@type":"WebSite","@id":"https:\/\/www.cidademarketing.com.br\/marketing\/#website","url":"https:\/\/www.cidademarketing.com.br\/marketing\/","name":"CidadeMarketing","description":"Somos um ve\u00edculo de comunica\u00e7\u00e3o de destaque no Brasil, reconhecido por conte\u00fados nos segmentos de marketing, empreendedorismo e inova\u00e7\u00e3o.","publisher":{"@id":"https:\/\/www.cidademarketing.com.br\/marketing\/#organization"},"alternateName":"CidadeMarketing","potentialAction":[{"@type":"SearchAction","target":{"@type":"EntryPoint","urlTemplate":"https:\/\/www.cidademarketing.com.br\/marketing\/?s={search_term_string}"},"query-input":{"@type":"PropertyValueSpecification","valueRequired":true,"valueName":"search_term_string"}}],"inLanguage":"pt-BR"},{"@type":"Organization","@id":"https:\/\/www.cidademarketing.com.br\/marketing\/#organization","name":"CidadeMarketing","alternateName":"CidadeMarketing","url":"https:\/\/www.cidademarketing.com.br\/marketing\/","logo":{"@type":"ImageObject","inLanguage":"pt-BR","@id":"https:\/\/www.cidademarketing.com.br\/marketing\/#\/schema\/logo\/image\/","url":"https:\/\/www.cidademarketing.com.br\/marketing\/wp-content\/uploads\/2020\/01\/cidademarketing_marca_mobile.png","contentUrl":"https:\/\/www.cidademarketing.com.br\/marketing\/wp-content\/uploads\/2020\/01\/cidademarketing_marca_mobile.png","width":230,"height":92,"caption":"CidadeMarketing"},"image":{"@id":"https:\/\/www.cidademarketing.com.br\/marketing\/#\/schema\/logo\/image\/"},"sameAs":["https:\/\/www.facebook.com\/portalcidademarketing","https:\/\/x.com\/CidadeMarketing","https:\/\/www.instagram.com\/cidademarketing\/"]},{"@type":"Person","@id":"https:\/\/www.cidademarketing.com.br\/marketing\/#\/schema\/person\/02daff9f18bd9378c9e01eb6b2db155f","name":"Thales Brand\u00e3o","image":{"@type":"ImageObject","inLanguage":"pt-BR","@id":"https:\/\/secure.gravatar.com\/avatar\/7ca3206950207cc3cb48feec56a8a7898741ab725c368d99d5d7a5a50aab80c6?s=96&d=mm&r=g","url":"https:\/\/secure.gravatar.com\/avatar\/7ca3206950207cc3cb48feec56a8a7898741ab725c368d99d5d7a5a50aab80c6?s=96&d=mm&r=g","contentUrl":"https:\/\/secure.gravatar.com\/avatar\/7ca3206950207cc3cb48feec56a8a7898741ab725c368d99d5d7a5a50aab80c6?s=96&d=mm&r=g","caption":"Thales Brand\u00e3o"},"description":"Editor Executivo do Portal CidadeMarketing.com.br &gt; Mestre em Comunica\u00e7\u00e3o e Sociedade pela Universidade Federal de Sergipe. Possui MBA Executivo em Administra\u00e7\u00e3o com \u00eanfase em Marketing pela Funda\u00e7\u00e3o Get\u00falio Vargas - Rio de Janeiro. Consultor, Palestrante e Pesquisador sobre Empreendedorismo, Marketing, Redes Sociais e Neg\u00f3cios Digitais. Professor, Palestrante TedxTalks e Campus Party. Twitter: @ThalesBrandao","sameAs":["http:\/\/www.mandacaru.com.br","https:\/\/www.facebook.com\/thalesbrandao","http:\/\/www.instagram.com.br\/thalesbrandaoferreira","https:\/\/www.linkedin.com\/in\/thales-brand\u00e3o-3948609\/","https:\/\/x.com\/http:\/\/www.twitter.com\/thalesbrandao"],"url":"https:\/\/www.cidademarketing.com.br\/marketing\/author\/thalesbrandao\/"}]}},"amp_enabled":true,"_links":{"self":[{"href":"https:\/\/www.cidademarketing.com.br\/marketing\/wp-json\/wp\/v2\/posts\/11286","targetHints":{"allow":["GET"]}}],"collection":[{"href":"https:\/\/www.cidademarketing.com.br\/marketing\/wp-json\/wp\/v2\/posts"}],"about":[{"href":"https:\/\/www.cidademarketing.com.br\/marketing\/wp-json\/wp\/v2\/types\/post"}],"author":[{"embeddable":true,"href":"https:\/\/www.cidademarketing.com.br\/marketing\/wp-json\/wp\/v2\/users\/1"}],"replies":[{"embeddable":true,"href":"https:\/\/www.cidademarketing.com.br\/marketing\/wp-json\/wp\/v2\/comments?post=11286"}],"version-history":[{"count":1,"href":"https:\/\/www.cidademarketing.com.br\/marketing\/wp-json\/wp\/v2\/posts\/11286\/revisions"}],"predecessor-version":[{"id":11288,"href":"https:\/\/www.cidademarketing.com.br\/marketing\/wp-json\/wp\/v2\/posts\/11286\/revisions\/11288"}],"wp:featuredmedia":[{"embeddable":true,"href":"https:\/\/www.cidademarketing.com.br\/marketing\/wp-json\/wp\/v2\/media\/11287"}],"wp:attachment":[{"href":"https:\/\/www.cidademarketing.com.br\/marketing\/wp-json\/wp\/v2\/media?parent=11286"}],"wp:term":[{"taxonomy":"category","embeddable":true,"href":"https:\/\/www.cidademarketing.com.br\/marketing\/wp-json\/wp\/v2\/categories?post=11286"},{"taxonomy":"post_tag","embeddable":true,"href":"https:\/\/www.cidademarketing.com.br\/marketing\/wp-json\/wp\/v2\/tags?post=11286"}],"curies":[{"name":"wp","href":"https:\/\/api.w.org\/{rel}","templated":true}]}}