{"id":11184,"date":"2019-08-27T06:36:45","date_gmt":"2019-08-27T02:36:45","guid":{"rendered":"https:\/\/www.cidademarketing.com.br\/marketing\/?p=11184"},"modified":"2019-08-27T06:36:47","modified_gmt":"2019-08-27T02:36:47","slug":"ministerio-publico-federal-de-santa-catarina-entende-que-operadoras-de-internet-devem-devolver-valor-cobrado-por-servico-nao-prestado","status":"publish","type":"post","link":"https:\/\/www.cidademarketing.com.br\/marketing\/2019\/08\/27\/ministerio-publico-federal-de-santa-catarina-entende-que-operadoras-de-internet-devem-devolver-valor-cobrado-por-servico-nao-prestado\/","title":{"rendered":"Minist\u00e9rio P\u00fablico Federal de Santa Catarina entende que operadoras de internet devem devolver valor cobrado por servi\u00e7o n\u00e3o prestado"},"content":{"rendered":"\n<p>O Minist\u00e9rio P\u00fablico Federal (MPF) em Santa Catarina apresentou r\u00e9plica \u00e0s contesta\u00e7\u00f5es da Ag\u00eancia Nacional de Telecomunica\u00e7\u00f5es (Anatel) e das operadoras de internet que s\u00e3o r\u00e9s em a\u00e7\u00e3o civil p\u00fablica (ACP) a qual requer a devolu\u00e7\u00e3o ao consumidor do valor do servi\u00e7o cobrado e n\u00e3o prestado, quando constatada diferen\u00e7a na m\u00e9dia mensal entre a velocidade de internet fixa e m\u00f3vel contratada e a velocidade efetivamente disponibilizada.<\/p>\n\n\n\n<p>As operadoras alegam, entre outros argumentos, a falta de provas das irregularidades por elas cometidas, que os servi\u00e7os s\u00e3o prestados dentro dos limites impostos pela (Anatel), que as reclama\u00e7\u00f5es que embasam a a\u00e7\u00e3o s\u00e3o \u00ednfimas e gen\u00e9ricas, e que \u00e9 tecnicamente imposs\u00edvel oferecer servi\u00e7o de internet com velocidade m\u00e1xima.<\/p>\n\n\n\n<p>Segundo o procurador da Rep\u00fablica Carlos Augusto de Amorim Dutra, o objetivo da ACP n\u00e3o \u00e9 comprovar a ocorr\u00eancia de constantes interrup\u00e7\u00f5es de conex\u00e3o \u00e0 internet, mas garantir aos consumidores a devolu\u00e7\u00e3o dos pagamentos efetuados, quando os servi\u00e7os contratados n\u00e3o forem prestados dentro dos par\u00e2metros estabelecidos pela Anatel. Al\u00e9m disso, ao contr\u00e1rio do que alegam as r\u00e9s, os documentos apresentados com a a\u00e7\u00e3o, especialmente as reclama\u00e7\u00f5es realizadas nos Procons, evidenciam as ocorr\u00eancias de interrup\u00e7\u00e3o dos servi\u00e7os e redu\u00e7\u00e3o das velocidades de conex\u00e3o, causando preju\u00edzo aos consumidores.<\/p>\n\n\n\n<p>O procurador afirma tamb\u00e9m que o Regulamento de Gest\u00e3o de Qualidade do Servi\u00e7o de Comunica\u00e7\u00e3o Multim\u00eddia da Anatel estabelece que, durante o per\u00edodo de maior tr\u00e1fego (das 10h \u00e0s 22h), as operadoras devem garantir uma velocidade instant\u00e2nea de conex\u00e3o, em 95% dos casos, de no m\u00ednimo 40% da velocidade m\u00e1xima contratada e uma velocidade m\u00e9dia de conex\u00e3o m\u00ednima de 80% da velocidade m\u00e1xima. O regulamento disp\u00f5e ainda sobre a possibilidade de desconto do valor contratado pelo consumidor, de forma proporcional ao n\u00famero de horas ou fra\u00e7\u00e3o superior a 30 minutos, em caso de interrup\u00e7\u00e3o ou degrada\u00e7\u00e3o da qualidade do servi\u00e7o. Em fun\u00e7\u00e3o disso, o MPF pretende assegurar aos consumidores o direito de devolu\u00e7\u00e3o proporcional de valores do servi\u00e7o cobrado e n\u00e3o prestado, quando houver interrup\u00e7\u00e3o ou redu\u00e7\u00e3o da velocidade de conex\u00e3o contratada, principalmente quando abaixo dos limites estabelecidos pela Anatel, sob pena de enriquecimento sem causa.<\/p>\n\n\n\n<p>Quanto \u00e0 alega\u00e7\u00e3o de que as reclama\u00e7\u00f5es s\u00e3o \u00ednfimas e gen\u00e9ricas, o MPF argumenta que elas foram fornecidas pelos Procons municipais, abrangendo o per\u00edodo de 2014 a 2017, e foram selecionadas por amostragem. Al\u00e9m disso, \u00e9 amplamente sabido que a maioria dos consumidores sequer registra a falta ou falha dos servi\u00e7os de telefonia e de conex\u00e3o \u00e0 internet nos \u00f3rg\u00e3os de defesa do consumidor. De acordo com levantamento realizado pelo Instituto Brasileiro de Defesa do Consumidor (IDEC), os brasileiros conhecem seus direitos, mas n\u00e3o revelam, de forma efetiva, a insatisfa\u00e7\u00e3o com produtos e servi\u00e7os. No entanto, quando apresentam reclama\u00e7\u00e3o, o fazem mais em redes sociais. Ao contr\u00e1rio do que dizem as operadoras, as reclama\u00e7\u00f5es apresentadas na a\u00e7\u00e3o s\u00e3o suficientes, uma vez que descrevem diversas situa\u00e7\u00f5es de interrup\u00e7\u00e3o e de redu\u00e7\u00e3o da velocidade de conex\u00e3o na internet.<\/p>\n\n\n\n<p>Ainda segundo o MPF, embora as normas do servi\u00e7o de transmiss\u00e3o de dados n\u00e3o estabele\u00e7am a obrigatoriedade das operadoras prestarem a todo momento a velocidade m\u00e1xima contratada, n\u00e3o \u00e9 leg\u00edtimo que elas obtenham vantagem indevida em preju\u00edzo aos consumidores. Al\u00e9m disso, em nenhum trecho da a\u00e7\u00e3o, o MPF pleiteou que o servi\u00e7o de internet fosse 100% da velocidade contratada, mas sim que, em caso de interrup\u00e7\u00e3o ou de redu\u00e7\u00e3o da velocidade de conex\u00e3o contratada, inclusive abaixo dos par\u00e2metros estabelecidos pela Anatel, os consumidores obtenham o abatimento do valor contratado.<br><br><\/p>\n\n\n\n<p>A\u00e7\u00e3o civil p\u00fablica n\u00ba 5021719-05.2018.4.04.7200<\/p>\n","protected":false},"excerpt":{"rendered":"<p>O Minist\u00e9rio P\u00fablico Federal (MPF) em Santa Catarina apresentou r\u00e9plica \u00e0s contesta\u00e7\u00f5es da Ag\u00eancia Nacional de Telecomunica\u00e7\u00f5es (Anatel) e das operadoras de internet que s\u00e3o r\u00e9s em a\u00e7\u00e3o civil p\u00fablica (ACP) a qual requer a devolu\u00e7\u00e3o ao consumidor do valor do servi\u00e7o cobrado e n\u00e3o prestado, quando constatada diferen\u00e7a na m\u00e9dia mensal entre a velocidade [&hellip;]<\/p>\n","protected":false},"author":1,"featured_media":3796,"comment_status":"open","ping_status":"open","sticky":false,"template":"","format":"standard","meta":{"tdm_status":"","tdm_grid_status":"","footnotes":""},"categories":[9,6],"tags":[51,33,28,1262],"class_list":["post-11184","post","type-post","status-publish","format-standard","has-post-thumbnail","hentry","category-consumidor","category-noticias","tag-consumidor","tag-estrategia","tag-marketing","tag-mpf"],"yoast_head":"<!-- This site is optimized with the Yoast SEO plugin v27.5 - https:\/\/yoast.com\/product\/yoast-seo-wordpress\/ -->\n<title>Minist\u00e9rio P\u00fablico Federal de Santa Catarina entende que operadoras de internet devem devolver valor cobrado por servi\u00e7o n\u00e3o prestado - CidadeMarketing<\/title>\n<meta name=\"robots\" content=\"index, follow, max-snippet:-1, max-image-preview:large, max-video-preview:-1\" \/>\n<link rel=\"canonical\" href=\"https:\/\/www.cidademarketing.com.br\/marketing\/2019\/08\/27\/ministerio-publico-federal-de-santa-catarina-entende-que-operadoras-de-internet-devem-devolver-valor-cobrado-por-servico-nao-prestado\/\" \/>\n<meta property=\"og:locale\" content=\"pt_BR\" \/>\n<meta property=\"og:type\" content=\"article\" \/>\n<meta property=\"og:title\" content=\"Minist\u00e9rio P\u00fablico Federal de Santa Catarina entende que operadoras de internet devem devolver valor cobrado por servi\u00e7o n\u00e3o prestado - CidadeMarketing\" \/>\n<meta property=\"og:description\" content=\"O Minist\u00e9rio P\u00fablico Federal (MPF) em Santa Catarina apresentou r\u00e9plica \u00e0s contesta\u00e7\u00f5es da Ag\u00eancia Nacional de Telecomunica\u00e7\u00f5es (Anatel) e das operadoras de internet que s\u00e3o r\u00e9s em a\u00e7\u00e3o civil p\u00fablica (ACP) a qual requer a devolu\u00e7\u00e3o ao consumidor do valor do servi\u00e7o cobrado e n\u00e3o prestado, quando constatada diferen\u00e7a na m\u00e9dia mensal entre a velocidade [&hellip;]\" \/>\n<meta property=\"og:url\" content=\"https:\/\/www.cidademarketing.com.br\/marketing\/2019\/08\/27\/ministerio-publico-federal-de-santa-catarina-entende-que-operadoras-de-internet-devem-devolver-valor-cobrado-por-servico-nao-prestado\/\" \/>\n<meta property=\"og:site_name\" content=\"CidadeMarketing\" \/>\n<meta property=\"article:publisher\" content=\"https:\/\/www.facebook.com\/portalcidademarketing\" \/>\n<meta property=\"article:author\" content=\"https:\/\/www.facebook.com\/thalesbrandao\" \/>\n<meta property=\"article:published_time\" content=\"2019-08-27T02:36:45+00:00\" \/>\n<meta property=\"article:modified_time\" content=\"2019-08-27T02:36:47+00:00\" \/>\n<meta property=\"og:image\" content=\"https:\/\/www.cidademarketing.com.br\/marketing\/wp-content\/uploads\/2018\/12\/internet_.png\" \/>\n\t<meta property=\"og:image:width\" content=\"400\" \/>\n\t<meta property=\"og:image:height\" content=\"400\" \/>\n\t<meta property=\"og:image:type\" content=\"image\/png\" \/>\n<meta name=\"author\" content=\"Thales Brand\u00e3o\" \/>\n<meta name=\"twitter:card\" content=\"summary_large_image\" \/>\n<meta name=\"twitter:creator\" content=\"@http:\/\/www.twitter.com\/thalesbrandao\" \/>\n<meta name=\"twitter:site\" content=\"@CidadeMarketing\" \/>\n<meta name=\"twitter:label1\" content=\"Escrito por\" \/>\n\t<meta name=\"twitter:data1\" content=\"Thales Brand\u00e3o\" \/>\n\t<meta name=\"twitter:label2\" content=\"Est. tempo de leitura\" \/>\n\t<meta name=\"twitter:data2\" content=\"3 minutos\" \/>\n<script type=\"application\/ld+json\" class=\"yoast-schema-graph\">{\"@context\":\"https:\\\/\\\/schema.org\",\"@graph\":[{\"@type\":\"Article\",\"@id\":\"https:\\\/\\\/www.cidademarketing.com.br\\\/marketing\\\/2019\\\/08\\\/27\\\/ministerio-publico-federal-de-santa-catarina-entende-que-operadoras-de-internet-devem-devolver-valor-cobrado-por-servico-nao-prestado\\\/#article\",\"isPartOf\":{\"@id\":\"https:\\\/\\\/www.cidademarketing.com.br\\\/marketing\\\/2019\\\/08\\\/27\\\/ministerio-publico-federal-de-santa-catarina-entende-que-operadoras-de-internet-devem-devolver-valor-cobrado-por-servico-nao-prestado\\\/\"},\"author\":{\"name\":\"Thales Brand\u00e3o\",\"@id\":\"https:\\\/\\\/www.cidademarketing.com.br\\\/marketing\\\/#\\\/schema\\\/person\\\/02daff9f18bd9378c9e01eb6b2db155f\"},\"headline\":\"Minist\u00e9rio P\u00fablico Federal de Santa Catarina entende que operadoras de internet devem devolver valor cobrado por servi\u00e7o n\u00e3o prestado\",\"datePublished\":\"2019-08-27T02:36:45+00:00\",\"dateModified\":\"2019-08-27T02:36:47+00:00\",\"mainEntityOfPage\":{\"@id\":\"https:\\\/\\\/www.cidademarketing.com.br\\\/marketing\\\/2019\\\/08\\\/27\\\/ministerio-publico-federal-de-santa-catarina-entende-que-operadoras-de-internet-devem-devolver-valor-cobrado-por-servico-nao-prestado\\\/\"},\"wordCount\":697,\"commentCount\":0,\"publisher\":{\"@id\":\"https:\\\/\\\/www.cidademarketing.com.br\\\/marketing\\\/#organization\"},\"image\":{\"@id\":\"https:\\\/\\\/www.cidademarketing.com.br\\\/marketing\\\/2019\\\/08\\\/27\\\/ministerio-publico-federal-de-santa-catarina-entende-que-operadoras-de-internet-devem-devolver-valor-cobrado-por-servico-nao-prestado\\\/#primaryimage\"},\"thumbnailUrl\":\"https:\\\/\\\/www.cidademarketing.com.br\\\/marketing\\\/wp-content\\\/uploads\\\/2018\\\/12\\\/internet_.png\",\"keywords\":[\"consumidor\",\"estrat\u00e9gia\",\"marketing\",\"MPF\"],\"articleSection\":[\"Consumidor\",\"Not\u00edcias\"],\"inLanguage\":\"pt-BR\",\"potentialAction\":[{\"@type\":\"CommentAction\",\"name\":\"Comment\",\"target\":[\"https:\\\/\\\/www.cidademarketing.com.br\\\/marketing\\\/2019\\\/08\\\/27\\\/ministerio-publico-federal-de-santa-catarina-entende-que-operadoras-de-internet-devem-devolver-valor-cobrado-por-servico-nao-prestado\\\/#respond\"]}]},{\"@type\":\"WebPage\",\"@id\":\"https:\\\/\\\/www.cidademarketing.com.br\\\/marketing\\\/2019\\\/08\\\/27\\\/ministerio-publico-federal-de-santa-catarina-entende-que-operadoras-de-internet-devem-devolver-valor-cobrado-por-servico-nao-prestado\\\/\",\"url\":\"https:\\\/\\\/www.cidademarketing.com.br\\\/marketing\\\/2019\\\/08\\\/27\\\/ministerio-publico-federal-de-santa-catarina-entende-que-operadoras-de-internet-devem-devolver-valor-cobrado-por-servico-nao-prestado\\\/\",\"name\":\"Minist\u00e9rio P\u00fablico Federal de Santa Catarina entende que operadoras de internet devem devolver valor cobrado por servi\u00e7o n\u00e3o prestado - CidadeMarketing\",\"isPartOf\":{\"@id\":\"https:\\\/\\\/www.cidademarketing.com.br\\\/marketing\\\/#website\"},\"primaryImageOfPage\":{\"@id\":\"https:\\\/\\\/www.cidademarketing.com.br\\\/marketing\\\/2019\\\/08\\\/27\\\/ministerio-publico-federal-de-santa-catarina-entende-que-operadoras-de-internet-devem-devolver-valor-cobrado-por-servico-nao-prestado\\\/#primaryimage\"},\"image\":{\"@id\":\"https:\\\/\\\/www.cidademarketing.com.br\\\/marketing\\\/2019\\\/08\\\/27\\\/ministerio-publico-federal-de-santa-catarina-entende-que-operadoras-de-internet-devem-devolver-valor-cobrado-por-servico-nao-prestado\\\/#primaryimage\"},\"thumbnailUrl\":\"https:\\\/\\\/www.cidademarketing.com.br\\\/marketing\\\/wp-content\\\/uploads\\\/2018\\\/12\\\/internet_.png\",\"datePublished\":\"2019-08-27T02:36:45+00:00\",\"dateModified\":\"2019-08-27T02:36:47+00:00\",\"breadcrumb\":{\"@id\":\"https:\\\/\\\/www.cidademarketing.com.br\\\/marketing\\\/2019\\\/08\\\/27\\\/ministerio-publico-federal-de-santa-catarina-entende-que-operadoras-de-internet-devem-devolver-valor-cobrado-por-servico-nao-prestado\\\/#breadcrumb\"},\"inLanguage\":\"pt-BR\",\"potentialAction\":[{\"@type\":\"ReadAction\",\"target\":[\"https:\\\/\\\/www.cidademarketing.com.br\\\/marketing\\\/2019\\\/08\\\/27\\\/ministerio-publico-federal-de-santa-catarina-entende-que-operadoras-de-internet-devem-devolver-valor-cobrado-por-servico-nao-prestado\\\/\"]}]},{\"@type\":\"ImageObject\",\"inLanguage\":\"pt-BR\",\"@id\":\"https:\\\/\\\/www.cidademarketing.com.br\\\/marketing\\\/2019\\\/08\\\/27\\\/ministerio-publico-federal-de-santa-catarina-entende-que-operadoras-de-internet-devem-devolver-valor-cobrado-por-servico-nao-prestado\\\/#primaryimage\",\"url\":\"https:\\\/\\\/www.cidademarketing.com.br\\\/marketing\\\/wp-content\\\/uploads\\\/2018\\\/12\\\/internet_.png\",\"contentUrl\":\"https:\\\/\\\/www.cidademarketing.com.br\\\/marketing\\\/wp-content\\\/uploads\\\/2018\\\/12\\\/internet_.png\",\"width\":400,\"height\":400},{\"@type\":\"BreadcrumbList\",\"@id\":\"https:\\\/\\\/www.cidademarketing.com.br\\\/marketing\\\/2019\\\/08\\\/27\\\/ministerio-publico-federal-de-santa-catarina-entende-que-operadoras-de-internet-devem-devolver-valor-cobrado-por-servico-nao-prestado\\\/#breadcrumb\",\"itemListElement\":[{\"@type\":\"ListItem\",\"position\":1,\"name\":\"In\u00edcio\",\"item\":\"https:\\\/\\\/www.cidademarketing.com.br\\\/marketing\\\/\"},{\"@type\":\"ListItem\",\"position\":2,\"name\":\"Minist\u00e9rio P\u00fablico Federal de Santa Catarina entende que operadoras de internet devem devolver valor cobrado por servi\u00e7o n\u00e3o prestado\"}]},{\"@type\":\"WebSite\",\"@id\":\"https:\\\/\\\/www.cidademarketing.com.br\\\/marketing\\\/#website\",\"url\":\"https:\\\/\\\/www.cidademarketing.com.br\\\/marketing\\\/\",\"name\":\"CidadeMarketing\",\"description\":\"Somos um ve\u00edculo de comunica\u00e7\u00e3o de destaque no Brasil, reconhecido por conte\u00fados nos segmentos de marketing, empreendedorismo e inova\u00e7\u00e3o.\",\"publisher\":{\"@id\":\"https:\\\/\\\/www.cidademarketing.com.br\\\/marketing\\\/#organization\"},\"alternateName\":\"CidadeMarketing\",\"potentialAction\":[{\"@type\":\"SearchAction\",\"target\":{\"@type\":\"EntryPoint\",\"urlTemplate\":\"https:\\\/\\\/www.cidademarketing.com.br\\\/marketing\\\/?s={search_term_string}\"},\"query-input\":{\"@type\":\"PropertyValueSpecification\",\"valueRequired\":true,\"valueName\":\"search_term_string\"}}],\"inLanguage\":\"pt-BR\"},{\"@type\":\"Organization\",\"@id\":\"https:\\\/\\\/www.cidademarketing.com.br\\\/marketing\\\/#organization\",\"name\":\"CidadeMarketing\",\"alternateName\":\"CidadeMarketing\",\"url\":\"https:\\\/\\\/www.cidademarketing.com.br\\\/marketing\\\/\",\"logo\":{\"@type\":\"ImageObject\",\"inLanguage\":\"pt-BR\",\"@id\":\"https:\\\/\\\/www.cidademarketing.com.br\\\/marketing\\\/#\\\/schema\\\/logo\\\/image\\\/\",\"url\":\"https:\\\/\\\/www.cidademarketing.com.br\\\/marketing\\\/wp-content\\\/uploads\\\/2020\\\/01\\\/cidademarketing_marca_mobile.png\",\"contentUrl\":\"https:\\\/\\\/www.cidademarketing.com.br\\\/marketing\\\/wp-content\\\/uploads\\\/2020\\\/01\\\/cidademarketing_marca_mobile.png\",\"width\":230,\"height\":92,\"caption\":\"CidadeMarketing\"},\"image\":{\"@id\":\"https:\\\/\\\/www.cidademarketing.com.br\\\/marketing\\\/#\\\/schema\\\/logo\\\/image\\\/\"},\"sameAs\":[\"https:\\\/\\\/www.facebook.com\\\/portalcidademarketing\",\"https:\\\/\\\/x.com\\\/CidadeMarketing\",\"https:\\\/\\\/www.instagram.com\\\/cidademarketing\\\/\"]},{\"@type\":\"Person\",\"@id\":\"https:\\\/\\\/www.cidademarketing.com.br\\\/marketing\\\/#\\\/schema\\\/person\\\/02daff9f18bd9378c9e01eb6b2db155f\",\"name\":\"Thales Brand\u00e3o\",\"image\":{\"@type\":\"ImageObject\",\"inLanguage\":\"pt-BR\",\"@id\":\"https:\\\/\\\/secure.gravatar.com\\\/avatar\\\/7ca3206950207cc3cb48feec56a8a7898741ab725c368d99d5d7a5a50aab80c6?s=96&d=mm&r=g\",\"url\":\"https:\\\/\\\/secure.gravatar.com\\\/avatar\\\/7ca3206950207cc3cb48feec56a8a7898741ab725c368d99d5d7a5a50aab80c6?s=96&d=mm&r=g\",\"contentUrl\":\"https:\\\/\\\/secure.gravatar.com\\\/avatar\\\/7ca3206950207cc3cb48feec56a8a7898741ab725c368d99d5d7a5a50aab80c6?s=96&d=mm&r=g\",\"caption\":\"Thales Brand\u00e3o\"},\"description\":\"Editor Executivo do Portal CidadeMarketing.com.br &gt; Mestre em Comunica\u00e7\u00e3o e Sociedade pela Universidade Federal de Sergipe. Possui MBA Executivo em Administra\u00e7\u00e3o com \u00eanfase em Marketing pela Funda\u00e7\u00e3o Get\u00falio Vargas - Rio de Janeiro. Consultor, Palestrante e Pesquisador sobre Empreendedorismo, Marketing, Redes Sociais e Neg\u00f3cios Digitais. Professor, Palestrante TedxTalks e Campus Party. Twitter: @ThalesBrandao\",\"sameAs\":[\"http:\\\/\\\/www.mandacaru.com.br\",\"https:\\\/\\\/www.facebook.com\\\/thalesbrandao\",\"http:\\\/\\\/www.instagram.com.br\\\/thalesbrandaoferreira\",\"https:\\\/\\\/www.linkedin.com\\\/in\\\/thales-brand\u00e3o-3948609\\\/\",\"https:\\\/\\\/x.com\\\/http:\\\/\\\/www.twitter.com\\\/thalesbrandao\"],\"url\":\"https:\\\/\\\/www.cidademarketing.com.br\\\/marketing\\\/author\\\/thalesbrandao\\\/\"}]}<\/script>\n<!-- \/ Yoast SEO plugin. -->","yoast_head_json":{"title":"Minist\u00e9rio P\u00fablico Federal de Santa Catarina entende que operadoras de internet devem devolver valor cobrado por servi\u00e7o n\u00e3o prestado - CidadeMarketing","robots":{"index":"index","follow":"follow","max-snippet":"max-snippet:-1","max-image-preview":"max-image-preview:large","max-video-preview":"max-video-preview:-1"},"canonical":"https:\/\/www.cidademarketing.com.br\/marketing\/2019\/08\/27\/ministerio-publico-federal-de-santa-catarina-entende-que-operadoras-de-internet-devem-devolver-valor-cobrado-por-servico-nao-prestado\/","og_locale":"pt_BR","og_type":"article","og_title":"Minist\u00e9rio P\u00fablico Federal de Santa Catarina entende que operadoras de internet devem devolver valor cobrado por servi\u00e7o n\u00e3o prestado - CidadeMarketing","og_description":"O Minist\u00e9rio P\u00fablico Federal (MPF) em Santa Catarina apresentou r\u00e9plica \u00e0s contesta\u00e7\u00f5es da Ag\u00eancia Nacional de Telecomunica\u00e7\u00f5es (Anatel) e das operadoras de internet que s\u00e3o r\u00e9s em a\u00e7\u00e3o civil p\u00fablica (ACP) a qual requer a devolu\u00e7\u00e3o ao consumidor do valor do servi\u00e7o cobrado e n\u00e3o prestado, quando constatada diferen\u00e7a na m\u00e9dia mensal entre a velocidade [&hellip;]","og_url":"https:\/\/www.cidademarketing.com.br\/marketing\/2019\/08\/27\/ministerio-publico-federal-de-santa-catarina-entende-que-operadoras-de-internet-devem-devolver-valor-cobrado-por-servico-nao-prestado\/","og_site_name":"CidadeMarketing","article_publisher":"https:\/\/www.facebook.com\/portalcidademarketing","article_author":"https:\/\/www.facebook.com\/thalesbrandao","article_published_time":"2019-08-27T02:36:45+00:00","article_modified_time":"2019-08-27T02:36:47+00:00","og_image":[{"width":400,"height":400,"url":"https:\/\/www.cidademarketing.com.br\/marketing\/wp-content\/uploads\/2018\/12\/internet_.png","type":"image\/png"}],"author":"Thales Brand\u00e3o","twitter_card":"summary_large_image","twitter_creator":"@http:\/\/www.twitter.com\/thalesbrandao","twitter_site":"@CidadeMarketing","twitter_misc":{"Escrito por":"Thales Brand\u00e3o","Est. tempo de leitura":"3 minutos"},"schema":{"@context":"https:\/\/schema.org","@graph":[{"@type":"Article","@id":"https:\/\/www.cidademarketing.com.br\/marketing\/2019\/08\/27\/ministerio-publico-federal-de-santa-catarina-entende-que-operadoras-de-internet-devem-devolver-valor-cobrado-por-servico-nao-prestado\/#article","isPartOf":{"@id":"https:\/\/www.cidademarketing.com.br\/marketing\/2019\/08\/27\/ministerio-publico-federal-de-santa-catarina-entende-que-operadoras-de-internet-devem-devolver-valor-cobrado-por-servico-nao-prestado\/"},"author":{"name":"Thales Brand\u00e3o","@id":"https:\/\/www.cidademarketing.com.br\/marketing\/#\/schema\/person\/02daff9f18bd9378c9e01eb6b2db155f"},"headline":"Minist\u00e9rio P\u00fablico Federal de Santa Catarina entende que operadoras de internet devem devolver valor cobrado por servi\u00e7o n\u00e3o prestado","datePublished":"2019-08-27T02:36:45+00:00","dateModified":"2019-08-27T02:36:47+00:00","mainEntityOfPage":{"@id":"https:\/\/www.cidademarketing.com.br\/marketing\/2019\/08\/27\/ministerio-publico-federal-de-santa-catarina-entende-que-operadoras-de-internet-devem-devolver-valor-cobrado-por-servico-nao-prestado\/"},"wordCount":697,"commentCount":0,"publisher":{"@id":"https:\/\/www.cidademarketing.com.br\/marketing\/#organization"},"image":{"@id":"https:\/\/www.cidademarketing.com.br\/marketing\/2019\/08\/27\/ministerio-publico-federal-de-santa-catarina-entende-que-operadoras-de-internet-devem-devolver-valor-cobrado-por-servico-nao-prestado\/#primaryimage"},"thumbnailUrl":"https:\/\/www.cidademarketing.com.br\/marketing\/wp-content\/uploads\/2018\/12\/internet_.png","keywords":["consumidor","estrat\u00e9gia","marketing","MPF"],"articleSection":["Consumidor","Not\u00edcias"],"inLanguage":"pt-BR","potentialAction":[{"@type":"CommentAction","name":"Comment","target":["https:\/\/www.cidademarketing.com.br\/marketing\/2019\/08\/27\/ministerio-publico-federal-de-santa-catarina-entende-que-operadoras-de-internet-devem-devolver-valor-cobrado-por-servico-nao-prestado\/#respond"]}]},{"@type":"WebPage","@id":"https:\/\/www.cidademarketing.com.br\/marketing\/2019\/08\/27\/ministerio-publico-federal-de-santa-catarina-entende-que-operadoras-de-internet-devem-devolver-valor-cobrado-por-servico-nao-prestado\/","url":"https:\/\/www.cidademarketing.com.br\/marketing\/2019\/08\/27\/ministerio-publico-federal-de-santa-catarina-entende-que-operadoras-de-internet-devem-devolver-valor-cobrado-por-servico-nao-prestado\/","name":"Minist\u00e9rio P\u00fablico Federal de Santa Catarina entende que operadoras de internet devem devolver valor cobrado por servi\u00e7o n\u00e3o prestado - CidadeMarketing","isPartOf":{"@id":"https:\/\/www.cidademarketing.com.br\/marketing\/#website"},"primaryImageOfPage":{"@id":"https:\/\/www.cidademarketing.com.br\/marketing\/2019\/08\/27\/ministerio-publico-federal-de-santa-catarina-entende-que-operadoras-de-internet-devem-devolver-valor-cobrado-por-servico-nao-prestado\/#primaryimage"},"image":{"@id":"https:\/\/www.cidademarketing.com.br\/marketing\/2019\/08\/27\/ministerio-publico-federal-de-santa-catarina-entende-que-operadoras-de-internet-devem-devolver-valor-cobrado-por-servico-nao-prestado\/#primaryimage"},"thumbnailUrl":"https:\/\/www.cidademarketing.com.br\/marketing\/wp-content\/uploads\/2018\/12\/internet_.png","datePublished":"2019-08-27T02:36:45+00:00","dateModified":"2019-08-27T02:36:47+00:00","breadcrumb":{"@id":"https:\/\/www.cidademarketing.com.br\/marketing\/2019\/08\/27\/ministerio-publico-federal-de-santa-catarina-entende-que-operadoras-de-internet-devem-devolver-valor-cobrado-por-servico-nao-prestado\/#breadcrumb"},"inLanguage":"pt-BR","potentialAction":[{"@type":"ReadAction","target":["https:\/\/www.cidademarketing.com.br\/marketing\/2019\/08\/27\/ministerio-publico-federal-de-santa-catarina-entende-que-operadoras-de-internet-devem-devolver-valor-cobrado-por-servico-nao-prestado\/"]}]},{"@type":"ImageObject","inLanguage":"pt-BR","@id":"https:\/\/www.cidademarketing.com.br\/marketing\/2019\/08\/27\/ministerio-publico-federal-de-santa-catarina-entende-que-operadoras-de-internet-devem-devolver-valor-cobrado-por-servico-nao-prestado\/#primaryimage","url":"https:\/\/www.cidademarketing.com.br\/marketing\/wp-content\/uploads\/2018\/12\/internet_.png","contentUrl":"https:\/\/www.cidademarketing.com.br\/marketing\/wp-content\/uploads\/2018\/12\/internet_.png","width":400,"height":400},{"@type":"BreadcrumbList","@id":"https:\/\/www.cidademarketing.com.br\/marketing\/2019\/08\/27\/ministerio-publico-federal-de-santa-catarina-entende-que-operadoras-de-internet-devem-devolver-valor-cobrado-por-servico-nao-prestado\/#breadcrumb","itemListElement":[{"@type":"ListItem","position":1,"name":"In\u00edcio","item":"https:\/\/www.cidademarketing.com.br\/marketing\/"},{"@type":"ListItem","position":2,"name":"Minist\u00e9rio P\u00fablico Federal de Santa Catarina entende que operadoras de internet devem devolver valor cobrado por servi\u00e7o n\u00e3o prestado"}]},{"@type":"WebSite","@id":"https:\/\/www.cidademarketing.com.br\/marketing\/#website","url":"https:\/\/www.cidademarketing.com.br\/marketing\/","name":"CidadeMarketing","description":"Somos um ve\u00edculo de comunica\u00e7\u00e3o de destaque no Brasil, reconhecido por conte\u00fados nos segmentos de marketing, empreendedorismo e inova\u00e7\u00e3o.","publisher":{"@id":"https:\/\/www.cidademarketing.com.br\/marketing\/#organization"},"alternateName":"CidadeMarketing","potentialAction":[{"@type":"SearchAction","target":{"@type":"EntryPoint","urlTemplate":"https:\/\/www.cidademarketing.com.br\/marketing\/?s={search_term_string}"},"query-input":{"@type":"PropertyValueSpecification","valueRequired":true,"valueName":"search_term_string"}}],"inLanguage":"pt-BR"},{"@type":"Organization","@id":"https:\/\/www.cidademarketing.com.br\/marketing\/#organization","name":"CidadeMarketing","alternateName":"CidadeMarketing","url":"https:\/\/www.cidademarketing.com.br\/marketing\/","logo":{"@type":"ImageObject","inLanguage":"pt-BR","@id":"https:\/\/www.cidademarketing.com.br\/marketing\/#\/schema\/logo\/image\/","url":"https:\/\/www.cidademarketing.com.br\/marketing\/wp-content\/uploads\/2020\/01\/cidademarketing_marca_mobile.png","contentUrl":"https:\/\/www.cidademarketing.com.br\/marketing\/wp-content\/uploads\/2020\/01\/cidademarketing_marca_mobile.png","width":230,"height":92,"caption":"CidadeMarketing"},"image":{"@id":"https:\/\/www.cidademarketing.com.br\/marketing\/#\/schema\/logo\/image\/"},"sameAs":["https:\/\/www.facebook.com\/portalcidademarketing","https:\/\/x.com\/CidadeMarketing","https:\/\/www.instagram.com\/cidademarketing\/"]},{"@type":"Person","@id":"https:\/\/www.cidademarketing.com.br\/marketing\/#\/schema\/person\/02daff9f18bd9378c9e01eb6b2db155f","name":"Thales Brand\u00e3o","image":{"@type":"ImageObject","inLanguage":"pt-BR","@id":"https:\/\/secure.gravatar.com\/avatar\/7ca3206950207cc3cb48feec56a8a7898741ab725c368d99d5d7a5a50aab80c6?s=96&d=mm&r=g","url":"https:\/\/secure.gravatar.com\/avatar\/7ca3206950207cc3cb48feec56a8a7898741ab725c368d99d5d7a5a50aab80c6?s=96&d=mm&r=g","contentUrl":"https:\/\/secure.gravatar.com\/avatar\/7ca3206950207cc3cb48feec56a8a7898741ab725c368d99d5d7a5a50aab80c6?s=96&d=mm&r=g","caption":"Thales Brand\u00e3o"},"description":"Editor Executivo do Portal CidadeMarketing.com.br &gt; Mestre em Comunica\u00e7\u00e3o e Sociedade pela Universidade Federal de Sergipe. Possui MBA Executivo em Administra\u00e7\u00e3o com \u00eanfase em Marketing pela Funda\u00e7\u00e3o Get\u00falio Vargas - Rio de Janeiro. Consultor, Palestrante e Pesquisador sobre Empreendedorismo, Marketing, Redes Sociais e Neg\u00f3cios Digitais. Professor, Palestrante TedxTalks e Campus Party. Twitter: @ThalesBrandao","sameAs":["http:\/\/www.mandacaru.com.br","https:\/\/www.facebook.com\/thalesbrandao","http:\/\/www.instagram.com.br\/thalesbrandaoferreira","https:\/\/www.linkedin.com\/in\/thales-brand\u00e3o-3948609\/","https:\/\/x.com\/http:\/\/www.twitter.com\/thalesbrandao"],"url":"https:\/\/www.cidademarketing.com.br\/marketing\/author\/thalesbrandao\/"}]}},"amp_enabled":true,"_links":{"self":[{"href":"https:\/\/www.cidademarketing.com.br\/marketing\/wp-json\/wp\/v2\/posts\/11184","targetHints":{"allow":["GET"]}}],"collection":[{"href":"https:\/\/www.cidademarketing.com.br\/marketing\/wp-json\/wp\/v2\/posts"}],"about":[{"href":"https:\/\/www.cidademarketing.com.br\/marketing\/wp-json\/wp\/v2\/types\/post"}],"author":[{"embeddable":true,"href":"https:\/\/www.cidademarketing.com.br\/marketing\/wp-json\/wp\/v2\/users\/1"}],"replies":[{"embeddable":true,"href":"https:\/\/www.cidademarketing.com.br\/marketing\/wp-json\/wp\/v2\/comments?post=11184"}],"version-history":[{"count":1,"href":"https:\/\/www.cidademarketing.com.br\/marketing\/wp-json\/wp\/v2\/posts\/11184\/revisions"}],"predecessor-version":[{"id":11185,"href":"https:\/\/www.cidademarketing.com.br\/marketing\/wp-json\/wp\/v2\/posts\/11184\/revisions\/11185"}],"wp:featuredmedia":[{"embeddable":true,"href":"https:\/\/www.cidademarketing.com.br\/marketing\/wp-json\/wp\/v2\/media\/3796"}],"wp:attachment":[{"href":"https:\/\/www.cidademarketing.com.br\/marketing\/wp-json\/wp\/v2\/media?parent=11184"}],"wp:term":[{"taxonomy":"category","embeddable":true,"href":"https:\/\/www.cidademarketing.com.br\/marketing\/wp-json\/wp\/v2\/categories?post=11184"},{"taxonomy":"post_tag","embeddable":true,"href":"https:\/\/www.cidademarketing.com.br\/marketing\/wp-json\/wp\/v2\/tags?post=11184"}],"curies":[{"name":"wp","href":"https:\/\/api.w.org\/{rel}","templated":true}]}}