{"id":11173,"date":"2019-08-27T05:13:00","date_gmt":"2019-08-27T01:13:00","guid":{"rendered":"https:\/\/www.cidademarketing.com.br\/marketing\/?p=11173"},"modified":"2019-08-27T05:13:04","modified_gmt":"2019-08-27T01:13:04","slug":"aymore-celebra-95-anos-da-historia-com-campanha-institucional","status":"publish","type":"post","link":"https:\/\/www.cidademarketing.com.br\/marketing\/2019\/08\/27\/aymore-celebra-95-anos-da-historia-com-campanha-institucional\/","title":{"rendered":"Aymor\u00e9 celebra 95 anos da hist\u00f3ria com campanha institucional"},"content":{"rendered":"\n<p>Reconhecida pelo portf\u00f3lio que combina\nindulg\u00eancia, qualidade e tradi\u00e7\u00e3o, a marca <strong>Aymor\u00e9<\/strong>, l\u00edder na categoria de\nbiscoitos em Minas Gerais, completa 95 anos de hist\u00f3ria. Para comemorar esse\nmarco, assim como enaltecer o orgulho de fazer parte da fam\u00edlia mineira em\ntantos momentos marcantes da vida, a marca lan\u00e7a uma campanha integrada que refor\u00e7a\nsua trajet\u00f3ria de sucesso e as passagens que teve ao longo dessas d\u00e9cadas. <\/p>\n\n\n\n<p>Com o mote \u201c<strong><em>Aymor\u00e9.\nO tempo passa, o sabor fica<\/em><\/strong>\u201d, a a\u00e7\u00e3o desenvolvida pela ag\u00eancia We\nComunica\u00e7\u00e3o, conta com ampla presen\u00e7a na m\u00eddia de forma simult\u00e2nea, incluindo\num comercial de TV para os principais canais abertos da regi\u00e3o, um filme com o\nmesmo enredo para o Youtube, an\u00fancios em r\u00e1dio, divulga\u00e7\u00f5es em aeroporto e OOH\n(\u00f4nibus e pontos de \u00f4nibus). Al\u00e9m disso, a iniciativa prev\u00ea uma s\u00e9rie de\nativa\u00e7\u00f5es, como materiais de ponto de venda e promo\u00e7\u00e3o compre e ganhe para o\nconsumidor final.&nbsp;&nbsp; <\/p>\n\n\n\n<p>\u201cEste \u00e9 um ano muito especial para n\u00f3s, por isso preparamos diferentes a\u00e7\u00f5es em busca de comemorar o per\u00edodo junto com os consumidores mineiros, que nos acolhe e confia na qualidade de nossos produtos. Estamos muito felizes e honrados, afinal n\u00e3o \u00e9 qualquer marca que se mant\u00e9m h\u00e1 95 anos como l\u00edder de mercado sendo reconhecida por seus atributos\u201d, explica Anderson Freire, gerente nacional de marketing da Arcor do Brasil, detentora da marca Aymor\u00e9.\u00a0 <\/p>\n\n\n\n<div class=\"wp-block-image\"><figure class=\"aligncenter\"><img fetchpriority=\"high\" decoding=\"async\" width=\"310\" height=\"168\" src=\"https:\/\/www.cidademarketing.com.br\/marketing\/wp-content\/uploads\/2019\/08\/aymore_latas_tematicas.png\" alt=\"\" class=\"wp-image-11175\" srcset=\"https:\/\/www.cidademarketing.com.br\/marketing\/wp-content\/uploads\/2019\/08\/aymore_latas_tematicas.png 310w, https:\/\/www.cidademarketing.com.br\/marketing\/wp-content\/uploads\/2019\/08\/aymore_latas_tematicas-300x163.png 300w\" sizes=\"(max-width: 310px) 100vw, 310px\" \/><\/figure><\/div>\n\n\n\n<p><strong>Novidades no portf\u00f3lio<\/strong><\/p>\n\n\n\n<p>Al\u00e9m da campanha, outra novidade da marca para o consumidor s\u00e3o os\nlan\u00e7amentos dos biscoitos Leite Maltado 200g, Polvilho 100g nos sabores\nTradicional e Queijo e a bala Aymor\u00e9, que chegam com a miss\u00e3o de agradar os\nmais variados paladares. Com isso, Aymor\u00e9 amplia seu portf\u00f3lio de produtos, que\npassa a contar com 35 itens. Entre eles, h\u00e1 op\u00e7\u00f5es de amanteigados, doces,\nneutros, recheados, rosquinhas, tortinhas e wafers. <\/p>\n\n\n\n<p>As vers\u00f5es estar\u00e3o dispon\u00edveis at\u00e9 outubro nos principais pontos de vendas\nde Minas Gerais, Rio de Janeiro, Esp\u00edrito Santo, Distrito Federal, Goi\u00e1s e\nTocantins, nos quais&nbsp; Aymor\u00e9 tem distribui\u00e7\u00e3o. <\/p>\n\n\n\n<p><strong>Comunica\u00e7\u00e3o no PDV <\/strong><\/p>\n\n\n\n<div class=\"wp-block-image\"><figure class=\"aligncenter is-resized\"><img decoding=\"async\" src=\"https:\/\/www.cidademarketing.com.br\/marketing\/wp-content\/uploads\/2019\/08\/pdv_comunicacao_aymore.jpg\" alt=\"\" class=\"wp-image-11174\" width=\"418\" height=\"421\" srcset=\"https:\/\/www.cidademarketing.com.br\/marketing\/wp-content\/uploads\/2019\/08\/pdv_comunicacao_aymore.jpg 516w, https:\/\/www.cidademarketing.com.br\/marketing\/wp-content\/uploads\/2019\/08\/pdv_comunicacao_aymore-150x150.jpg 150w, https:\/\/www.cidademarketing.com.br\/marketing\/wp-content\/uploads\/2019\/08\/pdv_comunicacao_aymore-297x300.jpg 297w, https:\/\/www.cidademarketing.com.br\/marketing\/wp-content\/uploads\/2019\/08\/pdv_comunicacao_aymore-416x420.jpg 416w\" sizes=\"(max-width: 418px) 100vw, 418px\" \/><\/figure><\/div>\n\n\n\n<p>Em toda a comunica\u00e7\u00e3o impressa no ponto de venda e OOH, a marca\nconta com uma identidade visual personalizada. O conceito criativo \u00e9 ilustrado\npor meio da imers\u00e3o de produtos ic\u00f4nicos de Aymor\u00e9 em um universo que\nrepresenta o passado, o presente e o futuro. Um exemplo disso s\u00e3o as\nilustra\u00e7\u00f5es da m\u00e1quina fotogr\u00e1fica, do celular e do astronauta. J\u00e1 outros\nelementos-chave s\u00e3o caracter\u00edsticos de Minas Gerais, como o p\u00e3o de queijo, o\ncaf\u00e9, a Igreja da Pampulha e o est\u00e1dio do Mineir\u00e3o. A ideia \u00e9 mostrar que, com\no passar do tempo, a marca acompanhou v\u00e1rios acontecimentos e que todos fazem\nparte dessa trajet\u00f3ria, al\u00e9m de refor\u00e7ar que estar\u00e1 por muito tempo na vida dos\nconsumidores.<\/p>\n\n\n\n<p><strong>Filme de 95 anos <\/strong><\/p>\n\n\n\n<p>Entre as a\u00e7\u00f5es que englobam a campanha de anivers\u00e1rio est\u00e1 o\ncomercial que ser\u00e1 veiculado nos principais canais de TV aberta: Globo, SBT e\nRecord. Al\u00e9m desses, o conte\u00fado tamb\u00e9m marca presen\u00e7a no Youtube e ser\u00e1\nvinculado como an\u00fancio antes de diversos v\u00eddeos do canal. O objetivo do enredo\n\u00e9 mostrar a conex\u00e3o dos consumidores com a marca ao longo do tempo de uma forma\nemocional e real, afinal eles s\u00e3o protagonistas dessa hist\u00f3ria que j\u00e1 dura 95\nanos. <\/p>\n\n\n\n<p><strong>Sinopse do filme<\/strong><\/p>\n\n\n\n<p>Ambientado nos anos 20 e nos anos 70, tamb\u00e9m passando pelo Penta do Brasil e outras cenas cotidianas, o filme exibe diversas situa\u00e7\u00f5es de consumo dos biscoitos Aymor\u00e9. O v\u00eddeo retrata como a marca faz parte da hist\u00f3ria e da cultura de Minas Gerais e, principalmente, da vida dos mineiros por gera\u00e7\u00f5es: pais, filhos, amigos, av\u00f3s e netos. V\u00e1rias \u00e9pocas s\u00e3o ilustradas, com a ideia de tra\u00e7ar um paralelo entre o passado e o presente de Aymor\u00e9, assim como ressaltar que o tempo passa, mas o sabor fica. <\/p>\n\n\n\n<figure class=\"wp-block-embed-youtube wp-block-embed is-type-video is-provider-youtube wp-embed-aspect-16-9 wp-has-aspect-ratio\"><div class=\"wp-block-embed__wrapper\">\n<div class=\"youtube-embed\" data-video_id=\"FYoEFXkhFFw\"><iframe title=\"Aymor\u00e9 95 Anos. O tempo passa o sabor fica.\" width=\"640\" height=\"360\" src=\"https:\/\/www.youtube.com\/embed\/FYoEFXkhFFw?feature=oembed&#038;enablejsapi=1&#038;enablejsapi=1\" frameborder=\"0\" allow=\"accelerometer; autoplay; clipboard-write; encrypted-media; gyroscope; picture-in-picture; web-share\" referrerpolicy=\"strict-origin-when-cross-origin\" allowfullscreen><\/iframe><\/div>\n<\/div><\/figure>\n\n\n\n<p><\/p>\n\n\n\n<p><strong>Ficha T\u00e9cnica <\/strong><\/p>\n\n\n\n<p>Ag\u00eancia: Ag\u00eancia WE<\/p>\n\n\n\n<p>Diretor Executivo de Cria\u00e7\u00e3o:\nOmar Caldas<\/p>\n\n\n\n<p>Cria\u00e7\u00e3o: Marcus Presidente, Jo\u00e3o\nVereza<\/p>\n\n\n\n<p>VP Opera\u00e7\u00f5es: Alexandre Ugadin<\/p>\n\n\n\n<p>Atendimento: Gleize Marcondes,\nDebora Liberti, Juliana Affonso<\/p>\n\n\n\n<p>Planejamento: Gisela Toledo,\nRadhu Verdoliva<\/p>\n\n\n\n<p>M\u00eddia: Julio Campos, Diego Diniz,\nMauricio Torres,<\/p>\n\n\n\n<p>RTV: Ana Sampaio, Angela Fel\u00edcio<\/p>\n\n\n\n<p>Digital: Felipe Laurelli<\/p>\n\n\n\n<p>Produ\u00e7\u00e3o Gr\u00e1fica: Alexandre\nBorges<\/p>\n\n\n\n<p>Aprova\u00e7\u00e3o do Cliente: Beatriz\nCamargo Paix\u00e3o, Julia Santos, Gabriela Bonella<\/p>\n\n\n\n<p>Produtora: Brokolis do Brasil<\/p>\n\n\n\n<p>Diretor de Cena: Lucas Gontijo<\/p>\n\n\n\n<p>Diretor de Fotografia: Juarez\nPavelak<\/p>\n\n\n\n<p>Produ\u00e7\u00e3o Executiva: Carol Ramos<\/p>\n\n\n\n<p>Atendimento: Marcia Vieira,\nRenata Quint\u00e3o, Bruno Moreira<\/p>\n\n\n\n<p>Coordena\u00e7\u00e3o de Produ\u00e7\u00e3o: Valeria\nFaria<\/p>\n\n\n\n<p>Coordena\u00e7\u00e3o\nde p\u00f3s: Brokolis do Brasil<\/p>\n\n\n\n<p>Produtora de \u00c1udio: SoundPie<\/p>\n\n\n\n<p><strong>A\u00e7\u00e3o de compre e\nganhe&nbsp; <\/strong><\/p>\n\n\n\n<p>Al\u00e9m do filme de anivers\u00e1rio, o per\u00edodo \u00e9 marcado por uma a\u00e7\u00e3o de\ncompre e ganhe nos principais pontos de venda de Minas Gerais. Ao todo, s\u00e3o\ntr\u00eas modelos de latas personalizadas: uma <strong>retr\u00f4<\/strong>, que mostra o in\u00edcio da\nhist\u00f3ria de Aymor\u00e9; outra mais <strong>cl\u00e1ssica<\/strong>; e, por \u00faltimo, uma que utiliza\no <strong>Key Visual<\/strong> criado para a campanha, que tem como objetivo conectar e\ngerar identifica\u00e7\u00e3o com a nova gera\u00e7\u00e3o. <\/p>\n\n\n\n<p><strong>Lideran\u00e7a Aymor\u00e9 <\/strong><\/p>\n\n\n\n<p>Aymor\u00e9\n\u00e9 a preferida dos mineiros quando o assunto \u00e9 biscoito. Essa lideran\u00e7a \u00e9\nconfirmada pela \u00faltima leitura da Nielsen, que\nindica que no estado de Minas Gerais, a marca possui 19,7% de share volume. Ao\ntodo, s\u00e3o produzidos 73 toneladas de produtos por dia\nna f\u00e1brica de Contagem (MG) e esses itens chegam em mais de 40 mil pontos\nde vendas. <\/p>\n","protected":false},"excerpt":{"rendered":"<p>Reconhecida pelo portf\u00f3lio que combina indulg\u00eancia, qualidade e tradi\u00e7\u00e3o, a marca Aymor\u00e9, l\u00edder na categoria de biscoitos em Minas Gerais, completa 95 anos de hist\u00f3ria. Para comemorar esse marco, assim como enaltecer o orgulho de fazer parte da fam\u00edlia mineira em tantos momentos marcantes da vida, a marca lan\u00e7a uma campanha integrada que refor\u00e7a sua [&hellip;]<\/p>\n","protected":false},"author":1,"featured_media":11176,"comment_status":"open","ping_status":"open","sticky":false,"template":"","format":"standard","meta":{"tdm_status":"","tdm_grid_status":"","footnotes":""},"categories":[14],"tags":[2362,65,33,28],"class_list":["post-11173","post","type-post","status-publish","format-standard","has-post-thumbnail","hentry","category-videos","tag-aymore","tag-campanha","tag-estrategia","tag-marketing"],"yoast_head":"<!-- This site is optimized with the Yoast SEO plugin v27.5 - https:\/\/yoast.com\/product\/yoast-seo-wordpress\/ -->\n<title>Aymor\u00e9 celebra 95 anos da hist\u00f3ria com campanha institucional - CidadeMarketing<\/title>\n<meta name=\"robots\" content=\"index, follow, max-snippet:-1, max-image-preview:large, max-video-preview:-1\" \/>\n<link rel=\"canonical\" href=\"https:\/\/www.cidademarketing.com.br\/marketing\/2019\/08\/27\/aymore-celebra-95-anos-da-historia-com-campanha-institucional\/\" \/>\n<meta property=\"og:locale\" content=\"pt_BR\" \/>\n<meta property=\"og:type\" content=\"article\" \/>\n<meta property=\"og:title\" content=\"Aymor\u00e9 celebra 95 anos da hist\u00f3ria com campanha institucional - CidadeMarketing\" \/>\n<meta property=\"og:description\" content=\"Reconhecida pelo portf\u00f3lio que combina indulg\u00eancia, qualidade e tradi\u00e7\u00e3o, a marca Aymor\u00e9, l\u00edder na categoria de biscoitos em Minas Gerais, completa 95 anos de hist\u00f3ria. Para comemorar esse marco, assim como enaltecer o orgulho de fazer parte da fam\u00edlia mineira em tantos momentos marcantes da vida, a marca lan\u00e7a uma campanha integrada que refor\u00e7a sua [&hellip;]\" \/>\n<meta property=\"og:url\" content=\"https:\/\/www.cidademarketing.com.br\/marketing\/2019\/08\/27\/aymore-celebra-95-anos-da-historia-com-campanha-institucional\/\" \/>\n<meta property=\"og:site_name\" content=\"CidadeMarketing\" \/>\n<meta property=\"article:publisher\" content=\"https:\/\/www.facebook.com\/portalcidademarketing\" \/>\n<meta property=\"article:author\" content=\"https:\/\/www.facebook.com\/thalesbrandao\" \/>\n<meta property=\"article:published_time\" content=\"2019-08-27T01:13:00+00:00\" \/>\n<meta property=\"article:modified_time\" content=\"2019-08-27T01:13:04+00:00\" \/>\n<meta property=\"og:image\" content=\"https:\/\/www.cidademarketing.com.br\/marketing\/wp-content\/uploads\/2019\/08\/aymore_filme.jpg\" \/>\n\t<meta property=\"og:image:width\" content=\"1176\" \/>\n\t<meta property=\"og:image:height\" content=\"599\" \/>\n\t<meta property=\"og:image:type\" content=\"image\/jpeg\" \/>\n<meta name=\"author\" content=\"Thales Brand\u00e3o\" \/>\n<meta name=\"twitter:card\" content=\"summary_large_image\" \/>\n<meta name=\"twitter:creator\" content=\"@http:\/\/www.twitter.com\/thalesbrandao\" \/>\n<meta name=\"twitter:site\" content=\"@CidadeMarketing\" \/>\n<meta name=\"twitter:label1\" content=\"Escrito por\" \/>\n\t<meta name=\"twitter:data1\" content=\"Thales Brand\u00e3o\" \/>\n\t<meta name=\"twitter:label2\" content=\"Est. tempo de leitura\" \/>\n\t<meta name=\"twitter:data2\" content=\"5 minutos\" \/>\n<script type=\"application\/ld+json\" class=\"yoast-schema-graph\">{\"@context\":\"https:\\\/\\\/schema.org\",\"@graph\":[{\"@type\":\"Article\",\"@id\":\"https:\\\/\\\/www.cidademarketing.com.br\\\/marketing\\\/2019\\\/08\\\/27\\\/aymore-celebra-95-anos-da-historia-com-campanha-institucional\\\/#article\",\"isPartOf\":{\"@id\":\"https:\\\/\\\/www.cidademarketing.com.br\\\/marketing\\\/2019\\\/08\\\/27\\\/aymore-celebra-95-anos-da-historia-com-campanha-institucional\\\/\"},\"author\":{\"name\":\"Thales Brand\u00e3o\",\"@id\":\"https:\\\/\\\/www.cidademarketing.com.br\\\/marketing\\\/#\\\/schema\\\/person\\\/02daff9f18bd9378c9e01eb6b2db155f\"},\"headline\":\"Aymor\u00e9 celebra 95 anos da hist\u00f3ria com campanha institucional\",\"datePublished\":\"2019-08-27T01:13:00+00:00\",\"dateModified\":\"2019-08-27T01:13:04+00:00\",\"mainEntityOfPage\":{\"@id\":\"https:\\\/\\\/www.cidademarketing.com.br\\\/marketing\\\/2019\\\/08\\\/27\\\/aymore-celebra-95-anos-da-historia-com-campanha-institucional\\\/\"},\"wordCount\":979,\"commentCount\":0,\"publisher\":{\"@id\":\"https:\\\/\\\/www.cidademarketing.com.br\\\/marketing\\\/#organization\"},\"image\":{\"@id\":\"https:\\\/\\\/www.cidademarketing.com.br\\\/marketing\\\/2019\\\/08\\\/27\\\/aymore-celebra-95-anos-da-historia-com-campanha-institucional\\\/#primaryimage\"},\"thumbnailUrl\":\"https:\\\/\\\/www.cidademarketing.com.br\\\/marketing\\\/wp-content\\\/uploads\\\/2019\\\/08\\\/aymore_filme.jpg\",\"keywords\":[\"Aymor\u00e9\",\"campanha\",\"estrat\u00e9gia\",\"marketing\"],\"articleSection\":[\"Videos\"],\"inLanguage\":\"pt-BR\",\"potentialAction\":[{\"@type\":\"CommentAction\",\"name\":\"Comment\",\"target\":[\"https:\\\/\\\/www.cidademarketing.com.br\\\/marketing\\\/2019\\\/08\\\/27\\\/aymore-celebra-95-anos-da-historia-com-campanha-institucional\\\/#respond\"]}]},{\"@type\":\"WebPage\",\"@id\":\"https:\\\/\\\/www.cidademarketing.com.br\\\/marketing\\\/2019\\\/08\\\/27\\\/aymore-celebra-95-anos-da-historia-com-campanha-institucional\\\/\",\"url\":\"https:\\\/\\\/www.cidademarketing.com.br\\\/marketing\\\/2019\\\/08\\\/27\\\/aymore-celebra-95-anos-da-historia-com-campanha-institucional\\\/\",\"name\":\"Aymor\u00e9 celebra 95 anos da hist\u00f3ria com campanha institucional - CidadeMarketing\",\"isPartOf\":{\"@id\":\"https:\\\/\\\/www.cidademarketing.com.br\\\/marketing\\\/#website\"},\"primaryImageOfPage\":{\"@id\":\"https:\\\/\\\/www.cidademarketing.com.br\\\/marketing\\\/2019\\\/08\\\/27\\\/aymore-celebra-95-anos-da-historia-com-campanha-institucional\\\/#primaryimage\"},\"image\":{\"@id\":\"https:\\\/\\\/www.cidademarketing.com.br\\\/marketing\\\/2019\\\/08\\\/27\\\/aymore-celebra-95-anos-da-historia-com-campanha-institucional\\\/#primaryimage\"},\"thumbnailUrl\":\"https:\\\/\\\/www.cidademarketing.com.br\\\/marketing\\\/wp-content\\\/uploads\\\/2019\\\/08\\\/aymore_filme.jpg\",\"datePublished\":\"2019-08-27T01:13:00+00:00\",\"dateModified\":\"2019-08-27T01:13:04+00:00\",\"breadcrumb\":{\"@id\":\"https:\\\/\\\/www.cidademarketing.com.br\\\/marketing\\\/2019\\\/08\\\/27\\\/aymore-celebra-95-anos-da-historia-com-campanha-institucional\\\/#breadcrumb\"},\"inLanguage\":\"pt-BR\",\"potentialAction\":[{\"@type\":\"ReadAction\",\"target\":[\"https:\\\/\\\/www.cidademarketing.com.br\\\/marketing\\\/2019\\\/08\\\/27\\\/aymore-celebra-95-anos-da-historia-com-campanha-institucional\\\/\"]}]},{\"@type\":\"ImageObject\",\"inLanguage\":\"pt-BR\",\"@id\":\"https:\\\/\\\/www.cidademarketing.com.br\\\/marketing\\\/2019\\\/08\\\/27\\\/aymore-celebra-95-anos-da-historia-com-campanha-institucional\\\/#primaryimage\",\"url\":\"https:\\\/\\\/www.cidademarketing.com.br\\\/marketing\\\/wp-content\\\/uploads\\\/2019\\\/08\\\/aymore_filme.jpg\",\"contentUrl\":\"https:\\\/\\\/www.cidademarketing.com.br\\\/marketing\\\/wp-content\\\/uploads\\\/2019\\\/08\\\/aymore_filme.jpg\",\"width\":1176,\"height\":599,\"caption\":\"Reprodu\u00e7\u00e3o\"},{\"@type\":\"BreadcrumbList\",\"@id\":\"https:\\\/\\\/www.cidademarketing.com.br\\\/marketing\\\/2019\\\/08\\\/27\\\/aymore-celebra-95-anos-da-historia-com-campanha-institucional\\\/#breadcrumb\",\"itemListElement\":[{\"@type\":\"ListItem\",\"position\":1,\"name\":\"In\u00edcio\",\"item\":\"https:\\\/\\\/www.cidademarketing.com.br\\\/marketing\\\/\"},{\"@type\":\"ListItem\",\"position\":2,\"name\":\"Aymor\u00e9 celebra 95 anos da hist\u00f3ria com campanha institucional\"}]},{\"@type\":\"WebSite\",\"@id\":\"https:\\\/\\\/www.cidademarketing.com.br\\\/marketing\\\/#website\",\"url\":\"https:\\\/\\\/www.cidademarketing.com.br\\\/marketing\\\/\",\"name\":\"CidadeMarketing\",\"description\":\"Somos um ve\u00edculo de comunica\u00e7\u00e3o de destaque no Brasil, reconhecido por conte\u00fados nos segmentos de marketing, empreendedorismo e inova\u00e7\u00e3o.\",\"publisher\":{\"@id\":\"https:\\\/\\\/www.cidademarketing.com.br\\\/marketing\\\/#organization\"},\"alternateName\":\"CidadeMarketing\",\"potentialAction\":[{\"@type\":\"SearchAction\",\"target\":{\"@type\":\"EntryPoint\",\"urlTemplate\":\"https:\\\/\\\/www.cidademarketing.com.br\\\/marketing\\\/?s={search_term_string}\"},\"query-input\":{\"@type\":\"PropertyValueSpecification\",\"valueRequired\":true,\"valueName\":\"search_term_string\"}}],\"inLanguage\":\"pt-BR\"},{\"@type\":\"Organization\",\"@id\":\"https:\\\/\\\/www.cidademarketing.com.br\\\/marketing\\\/#organization\",\"name\":\"CidadeMarketing\",\"alternateName\":\"CidadeMarketing\",\"url\":\"https:\\\/\\\/www.cidademarketing.com.br\\\/marketing\\\/\",\"logo\":{\"@type\":\"ImageObject\",\"inLanguage\":\"pt-BR\",\"@id\":\"https:\\\/\\\/www.cidademarketing.com.br\\\/marketing\\\/#\\\/schema\\\/logo\\\/image\\\/\",\"url\":\"https:\\\/\\\/www.cidademarketing.com.br\\\/marketing\\\/wp-content\\\/uploads\\\/2020\\\/01\\\/cidademarketing_marca_mobile.png\",\"contentUrl\":\"https:\\\/\\\/www.cidademarketing.com.br\\\/marketing\\\/wp-content\\\/uploads\\\/2020\\\/01\\\/cidademarketing_marca_mobile.png\",\"width\":230,\"height\":92,\"caption\":\"CidadeMarketing\"},\"image\":{\"@id\":\"https:\\\/\\\/www.cidademarketing.com.br\\\/marketing\\\/#\\\/schema\\\/logo\\\/image\\\/\"},\"sameAs\":[\"https:\\\/\\\/www.facebook.com\\\/portalcidademarketing\",\"https:\\\/\\\/x.com\\\/CidadeMarketing\",\"https:\\\/\\\/www.instagram.com\\\/cidademarketing\\\/\"]},{\"@type\":\"Person\",\"@id\":\"https:\\\/\\\/www.cidademarketing.com.br\\\/marketing\\\/#\\\/schema\\\/person\\\/02daff9f18bd9378c9e01eb6b2db155f\",\"name\":\"Thales Brand\u00e3o\",\"image\":{\"@type\":\"ImageObject\",\"inLanguage\":\"pt-BR\",\"@id\":\"https:\\\/\\\/secure.gravatar.com\\\/avatar\\\/7ca3206950207cc3cb48feec56a8a7898741ab725c368d99d5d7a5a50aab80c6?s=96&d=mm&r=g\",\"url\":\"https:\\\/\\\/secure.gravatar.com\\\/avatar\\\/7ca3206950207cc3cb48feec56a8a7898741ab725c368d99d5d7a5a50aab80c6?s=96&d=mm&r=g\",\"contentUrl\":\"https:\\\/\\\/secure.gravatar.com\\\/avatar\\\/7ca3206950207cc3cb48feec56a8a7898741ab725c368d99d5d7a5a50aab80c6?s=96&d=mm&r=g\",\"caption\":\"Thales Brand\u00e3o\"},\"description\":\"Editor Executivo do Portal CidadeMarketing.com.br &gt; Mestre em Comunica\u00e7\u00e3o e Sociedade pela Universidade Federal de Sergipe. Possui MBA Executivo em Administra\u00e7\u00e3o com \u00eanfase em Marketing pela Funda\u00e7\u00e3o Get\u00falio Vargas - Rio de Janeiro. Consultor, Palestrante e Pesquisador sobre Empreendedorismo, Marketing, Redes Sociais e Neg\u00f3cios Digitais. Professor, Palestrante TedxTalks e Campus Party. Twitter: @ThalesBrandao\",\"sameAs\":[\"http:\\\/\\\/www.mandacaru.com.br\",\"https:\\\/\\\/www.facebook.com\\\/thalesbrandao\",\"http:\\\/\\\/www.instagram.com.br\\\/thalesbrandaoferreira\",\"https:\\\/\\\/www.linkedin.com\\\/in\\\/thales-brand\u00e3o-3948609\\\/\",\"https:\\\/\\\/x.com\\\/http:\\\/\\\/www.twitter.com\\\/thalesbrandao\"],\"url\":\"https:\\\/\\\/www.cidademarketing.com.br\\\/marketing\\\/author\\\/thalesbrandao\\\/\"}]}<\/script>\n<!-- \/ Yoast SEO plugin. -->","yoast_head_json":{"title":"Aymor\u00e9 celebra 95 anos da hist\u00f3ria com campanha institucional - CidadeMarketing","robots":{"index":"index","follow":"follow","max-snippet":"max-snippet:-1","max-image-preview":"max-image-preview:large","max-video-preview":"max-video-preview:-1"},"canonical":"https:\/\/www.cidademarketing.com.br\/marketing\/2019\/08\/27\/aymore-celebra-95-anos-da-historia-com-campanha-institucional\/","og_locale":"pt_BR","og_type":"article","og_title":"Aymor\u00e9 celebra 95 anos da hist\u00f3ria com campanha institucional - CidadeMarketing","og_description":"Reconhecida pelo portf\u00f3lio que combina indulg\u00eancia, qualidade e tradi\u00e7\u00e3o, a marca Aymor\u00e9, l\u00edder na categoria de biscoitos em Minas Gerais, completa 95 anos de hist\u00f3ria. Para comemorar esse marco, assim como enaltecer o orgulho de fazer parte da fam\u00edlia mineira em tantos momentos marcantes da vida, a marca lan\u00e7a uma campanha integrada que refor\u00e7a sua [&hellip;]","og_url":"https:\/\/www.cidademarketing.com.br\/marketing\/2019\/08\/27\/aymore-celebra-95-anos-da-historia-com-campanha-institucional\/","og_site_name":"CidadeMarketing","article_publisher":"https:\/\/www.facebook.com\/portalcidademarketing","article_author":"https:\/\/www.facebook.com\/thalesbrandao","article_published_time":"2019-08-27T01:13:00+00:00","article_modified_time":"2019-08-27T01:13:04+00:00","og_image":[{"width":1176,"height":599,"url":"https:\/\/www.cidademarketing.com.br\/marketing\/wp-content\/uploads\/2019\/08\/aymore_filme.jpg","type":"image\/jpeg"}],"author":"Thales Brand\u00e3o","twitter_card":"summary_large_image","twitter_creator":"@http:\/\/www.twitter.com\/thalesbrandao","twitter_site":"@CidadeMarketing","twitter_misc":{"Escrito por":"Thales Brand\u00e3o","Est. tempo de leitura":"5 minutos"},"schema":{"@context":"https:\/\/schema.org","@graph":[{"@type":"Article","@id":"https:\/\/www.cidademarketing.com.br\/marketing\/2019\/08\/27\/aymore-celebra-95-anos-da-historia-com-campanha-institucional\/#article","isPartOf":{"@id":"https:\/\/www.cidademarketing.com.br\/marketing\/2019\/08\/27\/aymore-celebra-95-anos-da-historia-com-campanha-institucional\/"},"author":{"name":"Thales Brand\u00e3o","@id":"https:\/\/www.cidademarketing.com.br\/marketing\/#\/schema\/person\/02daff9f18bd9378c9e01eb6b2db155f"},"headline":"Aymor\u00e9 celebra 95 anos da hist\u00f3ria com campanha institucional","datePublished":"2019-08-27T01:13:00+00:00","dateModified":"2019-08-27T01:13:04+00:00","mainEntityOfPage":{"@id":"https:\/\/www.cidademarketing.com.br\/marketing\/2019\/08\/27\/aymore-celebra-95-anos-da-historia-com-campanha-institucional\/"},"wordCount":979,"commentCount":0,"publisher":{"@id":"https:\/\/www.cidademarketing.com.br\/marketing\/#organization"},"image":{"@id":"https:\/\/www.cidademarketing.com.br\/marketing\/2019\/08\/27\/aymore-celebra-95-anos-da-historia-com-campanha-institucional\/#primaryimage"},"thumbnailUrl":"https:\/\/www.cidademarketing.com.br\/marketing\/wp-content\/uploads\/2019\/08\/aymore_filme.jpg","keywords":["Aymor\u00e9","campanha","estrat\u00e9gia","marketing"],"articleSection":["Videos"],"inLanguage":"pt-BR","potentialAction":[{"@type":"CommentAction","name":"Comment","target":["https:\/\/www.cidademarketing.com.br\/marketing\/2019\/08\/27\/aymore-celebra-95-anos-da-historia-com-campanha-institucional\/#respond"]}]},{"@type":"WebPage","@id":"https:\/\/www.cidademarketing.com.br\/marketing\/2019\/08\/27\/aymore-celebra-95-anos-da-historia-com-campanha-institucional\/","url":"https:\/\/www.cidademarketing.com.br\/marketing\/2019\/08\/27\/aymore-celebra-95-anos-da-historia-com-campanha-institucional\/","name":"Aymor\u00e9 celebra 95 anos da hist\u00f3ria com campanha institucional - CidadeMarketing","isPartOf":{"@id":"https:\/\/www.cidademarketing.com.br\/marketing\/#website"},"primaryImageOfPage":{"@id":"https:\/\/www.cidademarketing.com.br\/marketing\/2019\/08\/27\/aymore-celebra-95-anos-da-historia-com-campanha-institucional\/#primaryimage"},"image":{"@id":"https:\/\/www.cidademarketing.com.br\/marketing\/2019\/08\/27\/aymore-celebra-95-anos-da-historia-com-campanha-institucional\/#primaryimage"},"thumbnailUrl":"https:\/\/www.cidademarketing.com.br\/marketing\/wp-content\/uploads\/2019\/08\/aymore_filme.jpg","datePublished":"2019-08-27T01:13:00+00:00","dateModified":"2019-08-27T01:13:04+00:00","breadcrumb":{"@id":"https:\/\/www.cidademarketing.com.br\/marketing\/2019\/08\/27\/aymore-celebra-95-anos-da-historia-com-campanha-institucional\/#breadcrumb"},"inLanguage":"pt-BR","potentialAction":[{"@type":"ReadAction","target":["https:\/\/www.cidademarketing.com.br\/marketing\/2019\/08\/27\/aymore-celebra-95-anos-da-historia-com-campanha-institucional\/"]}]},{"@type":"ImageObject","inLanguage":"pt-BR","@id":"https:\/\/www.cidademarketing.com.br\/marketing\/2019\/08\/27\/aymore-celebra-95-anos-da-historia-com-campanha-institucional\/#primaryimage","url":"https:\/\/www.cidademarketing.com.br\/marketing\/wp-content\/uploads\/2019\/08\/aymore_filme.jpg","contentUrl":"https:\/\/www.cidademarketing.com.br\/marketing\/wp-content\/uploads\/2019\/08\/aymore_filme.jpg","width":1176,"height":599,"caption":"Reprodu\u00e7\u00e3o"},{"@type":"BreadcrumbList","@id":"https:\/\/www.cidademarketing.com.br\/marketing\/2019\/08\/27\/aymore-celebra-95-anos-da-historia-com-campanha-institucional\/#breadcrumb","itemListElement":[{"@type":"ListItem","position":1,"name":"In\u00edcio","item":"https:\/\/www.cidademarketing.com.br\/marketing\/"},{"@type":"ListItem","position":2,"name":"Aymor\u00e9 celebra 95 anos da hist\u00f3ria com campanha institucional"}]},{"@type":"WebSite","@id":"https:\/\/www.cidademarketing.com.br\/marketing\/#website","url":"https:\/\/www.cidademarketing.com.br\/marketing\/","name":"CidadeMarketing","description":"Somos um ve\u00edculo de comunica\u00e7\u00e3o de destaque no Brasil, reconhecido por conte\u00fados nos segmentos de marketing, empreendedorismo e inova\u00e7\u00e3o.","publisher":{"@id":"https:\/\/www.cidademarketing.com.br\/marketing\/#organization"},"alternateName":"CidadeMarketing","potentialAction":[{"@type":"SearchAction","target":{"@type":"EntryPoint","urlTemplate":"https:\/\/www.cidademarketing.com.br\/marketing\/?s={search_term_string}"},"query-input":{"@type":"PropertyValueSpecification","valueRequired":true,"valueName":"search_term_string"}}],"inLanguage":"pt-BR"},{"@type":"Organization","@id":"https:\/\/www.cidademarketing.com.br\/marketing\/#organization","name":"CidadeMarketing","alternateName":"CidadeMarketing","url":"https:\/\/www.cidademarketing.com.br\/marketing\/","logo":{"@type":"ImageObject","inLanguage":"pt-BR","@id":"https:\/\/www.cidademarketing.com.br\/marketing\/#\/schema\/logo\/image\/","url":"https:\/\/www.cidademarketing.com.br\/marketing\/wp-content\/uploads\/2020\/01\/cidademarketing_marca_mobile.png","contentUrl":"https:\/\/www.cidademarketing.com.br\/marketing\/wp-content\/uploads\/2020\/01\/cidademarketing_marca_mobile.png","width":230,"height":92,"caption":"CidadeMarketing"},"image":{"@id":"https:\/\/www.cidademarketing.com.br\/marketing\/#\/schema\/logo\/image\/"},"sameAs":["https:\/\/www.facebook.com\/portalcidademarketing","https:\/\/x.com\/CidadeMarketing","https:\/\/www.instagram.com\/cidademarketing\/"]},{"@type":"Person","@id":"https:\/\/www.cidademarketing.com.br\/marketing\/#\/schema\/person\/02daff9f18bd9378c9e01eb6b2db155f","name":"Thales Brand\u00e3o","image":{"@type":"ImageObject","inLanguage":"pt-BR","@id":"https:\/\/secure.gravatar.com\/avatar\/7ca3206950207cc3cb48feec56a8a7898741ab725c368d99d5d7a5a50aab80c6?s=96&d=mm&r=g","url":"https:\/\/secure.gravatar.com\/avatar\/7ca3206950207cc3cb48feec56a8a7898741ab725c368d99d5d7a5a50aab80c6?s=96&d=mm&r=g","contentUrl":"https:\/\/secure.gravatar.com\/avatar\/7ca3206950207cc3cb48feec56a8a7898741ab725c368d99d5d7a5a50aab80c6?s=96&d=mm&r=g","caption":"Thales Brand\u00e3o"},"description":"Editor Executivo do Portal CidadeMarketing.com.br &gt; Mestre em Comunica\u00e7\u00e3o e Sociedade pela Universidade Federal de Sergipe. Possui MBA Executivo em Administra\u00e7\u00e3o com \u00eanfase em Marketing pela Funda\u00e7\u00e3o Get\u00falio Vargas - Rio de Janeiro. Consultor, Palestrante e Pesquisador sobre Empreendedorismo, Marketing, Redes Sociais e Neg\u00f3cios Digitais. Professor, Palestrante TedxTalks e Campus Party. Twitter: @ThalesBrandao","sameAs":["http:\/\/www.mandacaru.com.br","https:\/\/www.facebook.com\/thalesbrandao","http:\/\/www.instagram.com.br\/thalesbrandaoferreira","https:\/\/www.linkedin.com\/in\/thales-brand\u00e3o-3948609\/","https:\/\/x.com\/http:\/\/www.twitter.com\/thalesbrandao"],"url":"https:\/\/www.cidademarketing.com.br\/marketing\/author\/thalesbrandao\/"}]}},"amp_enabled":true,"_links":{"self":[{"href":"https:\/\/www.cidademarketing.com.br\/marketing\/wp-json\/wp\/v2\/posts\/11173","targetHints":{"allow":["GET"]}}],"collection":[{"href":"https:\/\/www.cidademarketing.com.br\/marketing\/wp-json\/wp\/v2\/posts"}],"about":[{"href":"https:\/\/www.cidademarketing.com.br\/marketing\/wp-json\/wp\/v2\/types\/post"}],"author":[{"embeddable":true,"href":"https:\/\/www.cidademarketing.com.br\/marketing\/wp-json\/wp\/v2\/users\/1"}],"replies":[{"embeddable":true,"href":"https:\/\/www.cidademarketing.com.br\/marketing\/wp-json\/wp\/v2\/comments?post=11173"}],"version-history":[{"count":1,"href":"https:\/\/www.cidademarketing.com.br\/marketing\/wp-json\/wp\/v2\/posts\/11173\/revisions"}],"predecessor-version":[{"id":11177,"href":"https:\/\/www.cidademarketing.com.br\/marketing\/wp-json\/wp\/v2\/posts\/11173\/revisions\/11177"}],"wp:featuredmedia":[{"embeddable":true,"href":"https:\/\/www.cidademarketing.com.br\/marketing\/wp-json\/wp\/v2\/media\/11176"}],"wp:attachment":[{"href":"https:\/\/www.cidademarketing.com.br\/marketing\/wp-json\/wp\/v2\/media?parent=11173"}],"wp:term":[{"taxonomy":"category","embeddable":true,"href":"https:\/\/www.cidademarketing.com.br\/marketing\/wp-json\/wp\/v2\/categories?post=11173"},{"taxonomy":"post_tag","embeddable":true,"href":"https:\/\/www.cidademarketing.com.br\/marketing\/wp-json\/wp\/v2\/tags?post=11173"}],"curies":[{"name":"wp","href":"https:\/\/api.w.org\/{rel}","templated":true}]}}