{"id":11108,"date":"2019-08-23T17:52:36","date_gmt":"2019-08-23T13:52:36","guid":{"rendered":"https:\/\/www.cidademarketing.com.br\/marketing\/?p=11108"},"modified":"2019-08-23T17:52:37","modified_gmt":"2019-08-23T13:52:37","slug":"tim-inicia-vendas-dos-smartphones-da-marca-huawei","status":"publish","type":"post","link":"https:\/\/www.cidademarketing.com.br\/marketing\/2019\/08\/23\/tim-inicia-vendas-dos-smartphones-da-marca-huawei\/","title":{"rendered":"TIM inicia vendas dos smartphones da marca Huawei"},"content":{"rendered":"\n<p>A TIM\ncomercializar\u00e1 a partir desta sexta (23) o <strong>HUAWEI P30 Pro<\/strong> e <strong>HUAWEI\nP30 lite<\/strong>. \u00c9 a primeira vez que a operadora comercializa smartphones da\nfabricante chinesa em suas lojas e incorpora e seu portf\u00f3lio os t\u00e3o aguardados\nmodelos que est\u00e3o redefinindo as regras da fotografia m\u00f3vel. Os aparelhos\nestar\u00e3o dispon\u00edveis com descontos especiais para novos e atuais clientes <strong>TIM\nBlack<\/strong>.<\/p>\n\n\n\n<p>Os\nsmartphones ser\u00e3o vendidos em lojas no Rio de Janeiro, S\u00e3o Paulo, Bras\u00edlia,\nFlorian\u00f3polis e Curitiba. Com condi\u00e7\u00f5es especiais, neste final de semana (23 a\n25\/08), no <strong>TIM Black 10GB + 10GB<\/strong>, o P30 Lite (nas cores Peacock Blue e\nPreto) sair\u00e1 por R$ 600. J\u00e1 o modelo P30 Pro (nas cores Aurora e Preto) ser\u00e1\nvendido por R$ 2.220 no <strong>TIM Black Fam\u00edlia de 100GB<\/strong>. As ofertas s\u00e3o\nv\u00e1lidas para novos e atuais clientes, que poder\u00e3o parcelar a compra em at\u00e9 12\nvezes sem juros no cart\u00e3o de cr\u00e9dito.<\/p>\n\n\n\n<p><em>\u201cRecentemente,\na Huawei inaugurou cinco quiosques em diferentes cidades ao redor do Brasil. A\nparceria com a TIM e a expans\u00e3o para uma nova regi\u00e3o do pa\u00eds, o Sul, refor\u00e7a\nque chegamos para ficar e que oferecemos tecnologias de ponta para todos os\nbrasileiros, \u00e0queles que buscam algo novo aos que anseiam por qualidade\ndiferenciada\u201d, afirma Jos\u00e9 Luiz do Nascimento, diretor de vendas da Huawei CBG\nBrasil.<\/em><\/p>\n\n\n\n<p><strong>O\nHUAWEI P30 Pro<\/strong> \u00e9 a\nop\u00e7\u00e3o ideal para os usu\u00e1rios que est\u00e3o sempre tirando fotos, seja de pessoas,\npaisagens, animais, comidas, entre outros. O smartphone possui um\nrevolucion\u00e1rio sistema qu\u00e1druplo de c\u00e2meras Leica, que o transforma em uma\nc\u00e2mera profissional na palma das m\u00e3os. Al\u00e9m disso, possui uma bateria de\n4.200mAh e o recurso Super Charge de 40W, que carrega o dispositivo de zero a\n70% em 30 minutos, e garante desempenho ideal para um dia intenso de uso.<\/p>\n\n\n\n<p>J\u00e1 o <strong>HUAWEI<\/strong>\n<strong>P30 lite<\/strong> conta com uma c\u00e2mera frontal perfeita para os amantes de selfie\nde 32 MP de resolu\u00e7\u00e3o e um conjunto de c\u00e2meras traseira tripla,\npermitindo que os usu\u00e1rios ampliem o campo de vis\u00e3o das fotografias e captem um\ncen\u00e1rio ainda mais amplo.\nTanto a c\u00e2mera frontal quanto a traseira, possuem tecnologia de reconhecimentos\nde cena dirigida pela IA (Intelig\u00eancia Artificial) da Huawei. Com mem\u00f3ria de\n4GB + 128 GB \u00e9 poss\u00edvel mais espa\u00e7o para armazenamento. <\/p>\n\n\n\n<p><em>\u201cBuscamos\nsempre oferecer a melhor experi\u00eancia aos clientes e isso inclui termos as\nmelhores op\u00e7\u00f5es de smartphones do mercado, pensando nos diferentes perfis e\nnecessidades dos consumidores. A parceria com a Huawei, segunda maior\nfabricante de aparelhos do mundo, est\u00e1 em linha com essa estrat\u00e9gia e traz pela\nprimeira vez aparelhos da marca ao Sul do Brasil. Os modelos possibilitar\u00e3o aos\nnossos clientes aproveitar funcionalidades diferenciadas na maior rede 4G do\nBrasil\u201d<\/em>, explica <strong>Marcos\nSenna, Diretor de Devices e VAS da TIM Brasil<\/strong>. <\/p>\n\n\n\n<p>Para\nmarcar o lan\u00e7amento, a TIM e a Huawei realizar\u00e3o coquet\u00e9is nas lojas da\noperadora no Shopping Leblon (RJ) e Parkshopping Barig\u00fci (PR) no dia 23, a\npartir de 17h. <\/p>\n\n\n\n<p><strong>Assist\u00eancia\nT\u00e9cnica<\/strong><\/p>\n\n\n\n<p>Al\u00e9m de\nconfiar na qualidade de seus produtos, a Huawei acredita que a experi\u00eancia dos\nusu\u00e1rios com a marca deve ser excepcional de ponta a ponta, isto \u00e9, do momento\nda compra at\u00e9 o p\u00f3s-venda. No Brasil, a empresa disponibiliza para seus\nconsumidores um servi\u00e7o de assist\u00eancia t\u00e9cnica que conta com Call Center com\natendimento no formato 24\/7, isto \u00e9, vinte e quatro horas por dia e sete dias\npor semana.<\/p>\n\n\n\n<p>O servi\u00e7o pode ser acionado por meio de plataforma chat, e-mail (<a href=\"mailto:brterminal@huawei.com\" target=\"_blank\" rel=\"noreferrer noopener\" aria-label=\" (abre numa nova aba)\">brterminal@huawei.com<\/a>), WhatsApp (11 97488-8923), Servi\u00e7o Automatizado (Chat e servi\u00e7os automatizados com Intelig\u00eancia Artificial), M\u00eddia Social e Website e seus canais de servi\u00e7o est\u00e3o dedicados aos consumidores mesmo aos finais de semana. Os n\u00fameros 4003 0828 (capitais e regi\u00f5es metropolitanas) e 0800 883 0808 (demais regi\u00f5es) s\u00e3o disponibilizados para todo Brasil.<\/p>\n\n\n\n<p><strong>Sobre HUAWEI Consumer Business Group<\/strong><\/p>\n\n\n\n<p>Os\nprodutos e servi\u00e7os da Huawei est\u00e3o dispon\u00edveis em mais de 170 pa\u00edses e s\u00e3o\nusados por um ter\u00e7o da popula\u00e7\u00e3o mundial. Possui 15 centros de pesquisa e\ndesenvolvimento nos Estados Unidos, Alemanha, Su\u00e9cia, R\u00fassia, \u00cdndia e China. A\nHuawei Consumer Business Group \u00e9 uma das tr\u00eas unidades de neg\u00f3cios da Huawei e\ninclui Smartphones, computadores pessoais, tablets, wearables, servi\u00e7os em\nnuvem, entre outros. A rede global da Huawei baseia-se nos mais de 30 anos de\nexperi\u00eancia da empresa no setor de telecomunica\u00e7\u00f5es e se dedica a fornecer os\nmais recentes avan\u00e7os tecnol\u00f3gicos aos consumidores em todo o mundo.<\/p>\n","protected":false},"excerpt":{"rendered":"<p>A TIM comercializar\u00e1 a partir desta sexta (23) o HUAWEI P30 Pro e HUAWEI P30 lite. \u00c9 a primeira vez que a operadora comercializa smartphones da fabricante chinesa em suas lojas e incorpora e seu portf\u00f3lio os t\u00e3o aguardados modelos que est\u00e3o redefinindo as regras da fotografia m\u00f3vel. Os aparelhos estar\u00e3o dispon\u00edveis com descontos especiais [&hellip;]<\/p>\n","protected":false},"author":1,"featured_media":11109,"comment_status":"open","ping_status":"open","sticky":false,"template":"","format":"standard","meta":{"tdm_status":"","tdm_grid_status":"","footnotes":""},"categories":[6],"tags":[974,28,683,301],"class_list":["post-11108","post","type-post","status-publish","format-standard","has-post-thumbnail","hentry","category-noticias","tag-china","tag-marketing","tag-tim","tag-vendas"],"yoast_head":"<!-- This site is optimized with the Yoast SEO plugin v27.5 - https:\/\/yoast.com\/product\/yoast-seo-wordpress\/ -->\n<title>TIM inicia vendas dos smartphones da marca Huawei - CidadeMarketing<\/title>\n<meta name=\"robots\" content=\"index, follow, max-snippet:-1, max-image-preview:large, max-video-preview:-1\" \/>\n<link rel=\"canonical\" href=\"https:\/\/www.cidademarketing.com.br\/marketing\/2019\/08\/23\/tim-inicia-vendas-dos-smartphones-da-marca-huawei\/\" \/>\n<meta property=\"og:locale\" content=\"pt_BR\" \/>\n<meta property=\"og:type\" content=\"article\" \/>\n<meta property=\"og:title\" content=\"TIM inicia vendas dos smartphones da marca Huawei - CidadeMarketing\" \/>\n<meta property=\"og:description\" content=\"A TIM comercializar\u00e1 a partir desta sexta (23) o HUAWEI P30 Pro e HUAWEI P30 lite. \u00c9 a primeira vez que a operadora comercializa smartphones da fabricante chinesa em suas lojas e incorpora e seu portf\u00f3lio os t\u00e3o aguardados modelos que est\u00e3o redefinindo as regras da fotografia m\u00f3vel. Os aparelhos estar\u00e3o dispon\u00edveis com descontos especiais [&hellip;]\" \/>\n<meta property=\"og:url\" content=\"https:\/\/www.cidademarketing.com.br\/marketing\/2019\/08\/23\/tim-inicia-vendas-dos-smartphones-da-marca-huawei\/\" \/>\n<meta property=\"og:site_name\" content=\"CidadeMarketing\" \/>\n<meta property=\"article:publisher\" content=\"https:\/\/www.facebook.com\/portalcidademarketing\" \/>\n<meta property=\"article:author\" content=\"https:\/\/www.facebook.com\/thalesbrandao\" \/>\n<meta property=\"article:published_time\" content=\"2019-08-23T13:52:36+00:00\" \/>\n<meta property=\"article:modified_time\" content=\"2019-08-23T13:52:37+00:00\" \/>\n<meta property=\"og:image\" content=\"https:\/\/www.cidademarketing.com.br\/marketing\/wp-content\/uploads\/2019\/08\/Huawei_P30_Pro.jpg\" \/>\n\t<meta property=\"og:image:width\" content=\"434\" \/>\n\t<meta property=\"og:image:height\" content=\"554\" \/>\n\t<meta property=\"og:image:type\" content=\"image\/jpeg\" \/>\n<meta name=\"author\" content=\"Thales Brand\u00e3o\" \/>\n<meta name=\"twitter:card\" content=\"summary_large_image\" \/>\n<meta name=\"twitter:creator\" content=\"@http:\/\/www.twitter.com\/thalesbrandao\" \/>\n<meta name=\"twitter:site\" content=\"@CidadeMarketing\" \/>\n<meta name=\"twitter:label1\" content=\"Escrito por\" \/>\n\t<meta name=\"twitter:data1\" content=\"Thales Brand\u00e3o\" \/>\n\t<meta name=\"twitter:label2\" content=\"Est. tempo de leitura\" \/>\n\t<meta name=\"twitter:data2\" content=\"4 minutos\" \/>\n<script type=\"application\/ld+json\" class=\"yoast-schema-graph\">{\"@context\":\"https:\\\/\\\/schema.org\",\"@graph\":[{\"@type\":\"Article\",\"@id\":\"https:\\\/\\\/www.cidademarketing.com.br\\\/marketing\\\/2019\\\/08\\\/23\\\/tim-inicia-vendas-dos-smartphones-da-marca-huawei\\\/#article\",\"isPartOf\":{\"@id\":\"https:\\\/\\\/www.cidademarketing.com.br\\\/marketing\\\/2019\\\/08\\\/23\\\/tim-inicia-vendas-dos-smartphones-da-marca-huawei\\\/\"},\"author\":{\"name\":\"Thales Brand\u00e3o\",\"@id\":\"https:\\\/\\\/www.cidademarketing.com.br\\\/marketing\\\/#\\\/schema\\\/person\\\/02daff9f18bd9378c9e01eb6b2db155f\"},\"headline\":\"TIM inicia vendas dos smartphones da marca Huawei\",\"datePublished\":\"2019-08-23T13:52:36+00:00\",\"dateModified\":\"2019-08-23T13:52:37+00:00\",\"mainEntityOfPage\":{\"@id\":\"https:\\\/\\\/www.cidademarketing.com.br\\\/marketing\\\/2019\\\/08\\\/23\\\/tim-inicia-vendas-dos-smartphones-da-marca-huawei\\\/\"},\"wordCount\":795,\"commentCount\":0,\"publisher\":{\"@id\":\"https:\\\/\\\/www.cidademarketing.com.br\\\/marketing\\\/#organization\"},\"image\":{\"@id\":\"https:\\\/\\\/www.cidademarketing.com.br\\\/marketing\\\/2019\\\/08\\\/23\\\/tim-inicia-vendas-dos-smartphones-da-marca-huawei\\\/#primaryimage\"},\"thumbnailUrl\":\"https:\\\/\\\/www.cidademarketing.com.br\\\/marketing\\\/wp-content\\\/uploads\\\/2019\\\/08\\\/Huawei_P30_Pro.jpg\",\"keywords\":[\"China\",\"marketing\",\"Tim\",\"vendas\"],\"articleSection\":[\"Not\u00edcias\"],\"inLanguage\":\"pt-BR\",\"potentialAction\":[{\"@type\":\"CommentAction\",\"name\":\"Comment\",\"target\":[\"https:\\\/\\\/www.cidademarketing.com.br\\\/marketing\\\/2019\\\/08\\\/23\\\/tim-inicia-vendas-dos-smartphones-da-marca-huawei\\\/#respond\"]}]},{\"@type\":\"WebPage\",\"@id\":\"https:\\\/\\\/www.cidademarketing.com.br\\\/marketing\\\/2019\\\/08\\\/23\\\/tim-inicia-vendas-dos-smartphones-da-marca-huawei\\\/\",\"url\":\"https:\\\/\\\/www.cidademarketing.com.br\\\/marketing\\\/2019\\\/08\\\/23\\\/tim-inicia-vendas-dos-smartphones-da-marca-huawei\\\/\",\"name\":\"TIM inicia vendas dos smartphones da marca Huawei - CidadeMarketing\",\"isPartOf\":{\"@id\":\"https:\\\/\\\/www.cidademarketing.com.br\\\/marketing\\\/#website\"},\"primaryImageOfPage\":{\"@id\":\"https:\\\/\\\/www.cidademarketing.com.br\\\/marketing\\\/2019\\\/08\\\/23\\\/tim-inicia-vendas-dos-smartphones-da-marca-huawei\\\/#primaryimage\"},\"image\":{\"@id\":\"https:\\\/\\\/www.cidademarketing.com.br\\\/marketing\\\/2019\\\/08\\\/23\\\/tim-inicia-vendas-dos-smartphones-da-marca-huawei\\\/#primaryimage\"},\"thumbnailUrl\":\"https:\\\/\\\/www.cidademarketing.com.br\\\/marketing\\\/wp-content\\\/uploads\\\/2019\\\/08\\\/Huawei_P30_Pro.jpg\",\"datePublished\":\"2019-08-23T13:52:36+00:00\",\"dateModified\":\"2019-08-23T13:52:37+00:00\",\"breadcrumb\":{\"@id\":\"https:\\\/\\\/www.cidademarketing.com.br\\\/marketing\\\/2019\\\/08\\\/23\\\/tim-inicia-vendas-dos-smartphones-da-marca-huawei\\\/#breadcrumb\"},\"inLanguage\":\"pt-BR\",\"potentialAction\":[{\"@type\":\"ReadAction\",\"target\":[\"https:\\\/\\\/www.cidademarketing.com.br\\\/marketing\\\/2019\\\/08\\\/23\\\/tim-inicia-vendas-dos-smartphones-da-marca-huawei\\\/\"]}]},{\"@type\":\"ImageObject\",\"inLanguage\":\"pt-BR\",\"@id\":\"https:\\\/\\\/www.cidademarketing.com.br\\\/marketing\\\/2019\\\/08\\\/23\\\/tim-inicia-vendas-dos-smartphones-da-marca-huawei\\\/#primaryimage\",\"url\":\"https:\\\/\\\/www.cidademarketing.com.br\\\/marketing\\\/wp-content\\\/uploads\\\/2019\\\/08\\\/Huawei_P30_Pro.jpg\",\"contentUrl\":\"https:\\\/\\\/www.cidademarketing.com.br\\\/marketing\\\/wp-content\\\/uploads\\\/2019\\\/08\\\/Huawei_P30_Pro.jpg\",\"width\":434,\"height\":554},{\"@type\":\"BreadcrumbList\",\"@id\":\"https:\\\/\\\/www.cidademarketing.com.br\\\/marketing\\\/2019\\\/08\\\/23\\\/tim-inicia-vendas-dos-smartphones-da-marca-huawei\\\/#breadcrumb\",\"itemListElement\":[{\"@type\":\"ListItem\",\"position\":1,\"name\":\"In\u00edcio\",\"item\":\"https:\\\/\\\/www.cidademarketing.com.br\\\/marketing\\\/\"},{\"@type\":\"ListItem\",\"position\":2,\"name\":\"TIM inicia vendas dos smartphones da marca Huawei\"}]},{\"@type\":\"WebSite\",\"@id\":\"https:\\\/\\\/www.cidademarketing.com.br\\\/marketing\\\/#website\",\"url\":\"https:\\\/\\\/www.cidademarketing.com.br\\\/marketing\\\/\",\"name\":\"CidadeMarketing\",\"description\":\"Somos um ve\u00edculo de comunica\u00e7\u00e3o de destaque no Brasil, reconhecido por conte\u00fados nos segmentos de marketing, empreendedorismo e inova\u00e7\u00e3o.\",\"publisher\":{\"@id\":\"https:\\\/\\\/www.cidademarketing.com.br\\\/marketing\\\/#organization\"},\"alternateName\":\"CidadeMarketing\",\"potentialAction\":[{\"@type\":\"SearchAction\",\"target\":{\"@type\":\"EntryPoint\",\"urlTemplate\":\"https:\\\/\\\/www.cidademarketing.com.br\\\/marketing\\\/?s={search_term_string}\"},\"query-input\":{\"@type\":\"PropertyValueSpecification\",\"valueRequired\":true,\"valueName\":\"search_term_string\"}}],\"inLanguage\":\"pt-BR\"},{\"@type\":\"Organization\",\"@id\":\"https:\\\/\\\/www.cidademarketing.com.br\\\/marketing\\\/#organization\",\"name\":\"CidadeMarketing\",\"alternateName\":\"CidadeMarketing\",\"url\":\"https:\\\/\\\/www.cidademarketing.com.br\\\/marketing\\\/\",\"logo\":{\"@type\":\"ImageObject\",\"inLanguage\":\"pt-BR\",\"@id\":\"https:\\\/\\\/www.cidademarketing.com.br\\\/marketing\\\/#\\\/schema\\\/logo\\\/image\\\/\",\"url\":\"https:\\\/\\\/www.cidademarketing.com.br\\\/marketing\\\/wp-content\\\/uploads\\\/2020\\\/01\\\/cidademarketing_marca_mobile.png\",\"contentUrl\":\"https:\\\/\\\/www.cidademarketing.com.br\\\/marketing\\\/wp-content\\\/uploads\\\/2020\\\/01\\\/cidademarketing_marca_mobile.png\",\"width\":230,\"height\":92,\"caption\":\"CidadeMarketing\"},\"image\":{\"@id\":\"https:\\\/\\\/www.cidademarketing.com.br\\\/marketing\\\/#\\\/schema\\\/logo\\\/image\\\/\"},\"sameAs\":[\"https:\\\/\\\/www.facebook.com\\\/portalcidademarketing\",\"https:\\\/\\\/x.com\\\/CidadeMarketing\",\"https:\\\/\\\/www.instagram.com\\\/cidademarketing\\\/\"]},{\"@type\":\"Person\",\"@id\":\"https:\\\/\\\/www.cidademarketing.com.br\\\/marketing\\\/#\\\/schema\\\/person\\\/02daff9f18bd9378c9e01eb6b2db155f\",\"name\":\"Thales Brand\u00e3o\",\"image\":{\"@type\":\"ImageObject\",\"inLanguage\":\"pt-BR\",\"@id\":\"https:\\\/\\\/secure.gravatar.com\\\/avatar\\\/7ca3206950207cc3cb48feec56a8a7898741ab725c368d99d5d7a5a50aab80c6?s=96&d=mm&r=g\",\"url\":\"https:\\\/\\\/secure.gravatar.com\\\/avatar\\\/7ca3206950207cc3cb48feec56a8a7898741ab725c368d99d5d7a5a50aab80c6?s=96&d=mm&r=g\",\"contentUrl\":\"https:\\\/\\\/secure.gravatar.com\\\/avatar\\\/7ca3206950207cc3cb48feec56a8a7898741ab725c368d99d5d7a5a50aab80c6?s=96&d=mm&r=g\",\"caption\":\"Thales Brand\u00e3o\"},\"description\":\"Editor Executivo do Portal CidadeMarketing.com.br &gt; Mestre em Comunica\u00e7\u00e3o e Sociedade pela Universidade Federal de Sergipe. Possui MBA Executivo em Administra\u00e7\u00e3o com \u00eanfase em Marketing pela Funda\u00e7\u00e3o Get\u00falio Vargas - Rio de Janeiro. Consultor, Palestrante e Pesquisador sobre Empreendedorismo, Marketing, Redes Sociais e Neg\u00f3cios Digitais. Professor, Palestrante TedxTalks e Campus Party. Twitter: @ThalesBrandao\",\"sameAs\":[\"http:\\\/\\\/www.mandacaru.com.br\",\"https:\\\/\\\/www.facebook.com\\\/thalesbrandao\",\"http:\\\/\\\/www.instagram.com.br\\\/thalesbrandaoferreira\",\"https:\\\/\\\/www.linkedin.com\\\/in\\\/thales-brand\u00e3o-3948609\\\/\",\"https:\\\/\\\/x.com\\\/http:\\\/\\\/www.twitter.com\\\/thalesbrandao\"],\"url\":\"https:\\\/\\\/www.cidademarketing.com.br\\\/marketing\\\/author\\\/thalesbrandao\\\/\"}]}<\/script>\n<!-- \/ Yoast SEO plugin. -->","yoast_head_json":{"title":"TIM inicia vendas dos smartphones da marca Huawei - CidadeMarketing","robots":{"index":"index","follow":"follow","max-snippet":"max-snippet:-1","max-image-preview":"max-image-preview:large","max-video-preview":"max-video-preview:-1"},"canonical":"https:\/\/www.cidademarketing.com.br\/marketing\/2019\/08\/23\/tim-inicia-vendas-dos-smartphones-da-marca-huawei\/","og_locale":"pt_BR","og_type":"article","og_title":"TIM inicia vendas dos smartphones da marca Huawei - CidadeMarketing","og_description":"A TIM comercializar\u00e1 a partir desta sexta (23) o HUAWEI P30 Pro e HUAWEI P30 lite. \u00c9 a primeira vez que a operadora comercializa smartphones da fabricante chinesa em suas lojas e incorpora e seu portf\u00f3lio os t\u00e3o aguardados modelos que est\u00e3o redefinindo as regras da fotografia m\u00f3vel. Os aparelhos estar\u00e3o dispon\u00edveis com descontos especiais [&hellip;]","og_url":"https:\/\/www.cidademarketing.com.br\/marketing\/2019\/08\/23\/tim-inicia-vendas-dos-smartphones-da-marca-huawei\/","og_site_name":"CidadeMarketing","article_publisher":"https:\/\/www.facebook.com\/portalcidademarketing","article_author":"https:\/\/www.facebook.com\/thalesbrandao","article_published_time":"2019-08-23T13:52:36+00:00","article_modified_time":"2019-08-23T13:52:37+00:00","og_image":[{"width":434,"height":554,"url":"https:\/\/www.cidademarketing.com.br\/marketing\/wp-content\/uploads\/2019\/08\/Huawei_P30_Pro.jpg","type":"image\/jpeg"}],"author":"Thales Brand\u00e3o","twitter_card":"summary_large_image","twitter_creator":"@http:\/\/www.twitter.com\/thalesbrandao","twitter_site":"@CidadeMarketing","twitter_misc":{"Escrito por":"Thales Brand\u00e3o","Est. tempo de leitura":"4 minutos"},"schema":{"@context":"https:\/\/schema.org","@graph":[{"@type":"Article","@id":"https:\/\/www.cidademarketing.com.br\/marketing\/2019\/08\/23\/tim-inicia-vendas-dos-smartphones-da-marca-huawei\/#article","isPartOf":{"@id":"https:\/\/www.cidademarketing.com.br\/marketing\/2019\/08\/23\/tim-inicia-vendas-dos-smartphones-da-marca-huawei\/"},"author":{"name":"Thales Brand\u00e3o","@id":"https:\/\/www.cidademarketing.com.br\/marketing\/#\/schema\/person\/02daff9f18bd9378c9e01eb6b2db155f"},"headline":"TIM inicia vendas dos smartphones da marca Huawei","datePublished":"2019-08-23T13:52:36+00:00","dateModified":"2019-08-23T13:52:37+00:00","mainEntityOfPage":{"@id":"https:\/\/www.cidademarketing.com.br\/marketing\/2019\/08\/23\/tim-inicia-vendas-dos-smartphones-da-marca-huawei\/"},"wordCount":795,"commentCount":0,"publisher":{"@id":"https:\/\/www.cidademarketing.com.br\/marketing\/#organization"},"image":{"@id":"https:\/\/www.cidademarketing.com.br\/marketing\/2019\/08\/23\/tim-inicia-vendas-dos-smartphones-da-marca-huawei\/#primaryimage"},"thumbnailUrl":"https:\/\/www.cidademarketing.com.br\/marketing\/wp-content\/uploads\/2019\/08\/Huawei_P30_Pro.jpg","keywords":["China","marketing","Tim","vendas"],"articleSection":["Not\u00edcias"],"inLanguage":"pt-BR","potentialAction":[{"@type":"CommentAction","name":"Comment","target":["https:\/\/www.cidademarketing.com.br\/marketing\/2019\/08\/23\/tim-inicia-vendas-dos-smartphones-da-marca-huawei\/#respond"]}]},{"@type":"WebPage","@id":"https:\/\/www.cidademarketing.com.br\/marketing\/2019\/08\/23\/tim-inicia-vendas-dos-smartphones-da-marca-huawei\/","url":"https:\/\/www.cidademarketing.com.br\/marketing\/2019\/08\/23\/tim-inicia-vendas-dos-smartphones-da-marca-huawei\/","name":"TIM inicia vendas dos smartphones da marca Huawei - CidadeMarketing","isPartOf":{"@id":"https:\/\/www.cidademarketing.com.br\/marketing\/#website"},"primaryImageOfPage":{"@id":"https:\/\/www.cidademarketing.com.br\/marketing\/2019\/08\/23\/tim-inicia-vendas-dos-smartphones-da-marca-huawei\/#primaryimage"},"image":{"@id":"https:\/\/www.cidademarketing.com.br\/marketing\/2019\/08\/23\/tim-inicia-vendas-dos-smartphones-da-marca-huawei\/#primaryimage"},"thumbnailUrl":"https:\/\/www.cidademarketing.com.br\/marketing\/wp-content\/uploads\/2019\/08\/Huawei_P30_Pro.jpg","datePublished":"2019-08-23T13:52:36+00:00","dateModified":"2019-08-23T13:52:37+00:00","breadcrumb":{"@id":"https:\/\/www.cidademarketing.com.br\/marketing\/2019\/08\/23\/tim-inicia-vendas-dos-smartphones-da-marca-huawei\/#breadcrumb"},"inLanguage":"pt-BR","potentialAction":[{"@type":"ReadAction","target":["https:\/\/www.cidademarketing.com.br\/marketing\/2019\/08\/23\/tim-inicia-vendas-dos-smartphones-da-marca-huawei\/"]}]},{"@type":"ImageObject","inLanguage":"pt-BR","@id":"https:\/\/www.cidademarketing.com.br\/marketing\/2019\/08\/23\/tim-inicia-vendas-dos-smartphones-da-marca-huawei\/#primaryimage","url":"https:\/\/www.cidademarketing.com.br\/marketing\/wp-content\/uploads\/2019\/08\/Huawei_P30_Pro.jpg","contentUrl":"https:\/\/www.cidademarketing.com.br\/marketing\/wp-content\/uploads\/2019\/08\/Huawei_P30_Pro.jpg","width":434,"height":554},{"@type":"BreadcrumbList","@id":"https:\/\/www.cidademarketing.com.br\/marketing\/2019\/08\/23\/tim-inicia-vendas-dos-smartphones-da-marca-huawei\/#breadcrumb","itemListElement":[{"@type":"ListItem","position":1,"name":"In\u00edcio","item":"https:\/\/www.cidademarketing.com.br\/marketing\/"},{"@type":"ListItem","position":2,"name":"TIM inicia vendas dos smartphones da marca Huawei"}]},{"@type":"WebSite","@id":"https:\/\/www.cidademarketing.com.br\/marketing\/#website","url":"https:\/\/www.cidademarketing.com.br\/marketing\/","name":"CidadeMarketing","description":"Somos um ve\u00edculo de comunica\u00e7\u00e3o de destaque no Brasil, reconhecido por conte\u00fados nos segmentos de marketing, empreendedorismo e inova\u00e7\u00e3o.","publisher":{"@id":"https:\/\/www.cidademarketing.com.br\/marketing\/#organization"},"alternateName":"CidadeMarketing","potentialAction":[{"@type":"SearchAction","target":{"@type":"EntryPoint","urlTemplate":"https:\/\/www.cidademarketing.com.br\/marketing\/?s={search_term_string}"},"query-input":{"@type":"PropertyValueSpecification","valueRequired":true,"valueName":"search_term_string"}}],"inLanguage":"pt-BR"},{"@type":"Organization","@id":"https:\/\/www.cidademarketing.com.br\/marketing\/#organization","name":"CidadeMarketing","alternateName":"CidadeMarketing","url":"https:\/\/www.cidademarketing.com.br\/marketing\/","logo":{"@type":"ImageObject","inLanguage":"pt-BR","@id":"https:\/\/www.cidademarketing.com.br\/marketing\/#\/schema\/logo\/image\/","url":"https:\/\/www.cidademarketing.com.br\/marketing\/wp-content\/uploads\/2020\/01\/cidademarketing_marca_mobile.png","contentUrl":"https:\/\/www.cidademarketing.com.br\/marketing\/wp-content\/uploads\/2020\/01\/cidademarketing_marca_mobile.png","width":230,"height":92,"caption":"CidadeMarketing"},"image":{"@id":"https:\/\/www.cidademarketing.com.br\/marketing\/#\/schema\/logo\/image\/"},"sameAs":["https:\/\/www.facebook.com\/portalcidademarketing","https:\/\/x.com\/CidadeMarketing","https:\/\/www.instagram.com\/cidademarketing\/"]},{"@type":"Person","@id":"https:\/\/www.cidademarketing.com.br\/marketing\/#\/schema\/person\/02daff9f18bd9378c9e01eb6b2db155f","name":"Thales Brand\u00e3o","image":{"@type":"ImageObject","inLanguage":"pt-BR","@id":"https:\/\/secure.gravatar.com\/avatar\/7ca3206950207cc3cb48feec56a8a7898741ab725c368d99d5d7a5a50aab80c6?s=96&d=mm&r=g","url":"https:\/\/secure.gravatar.com\/avatar\/7ca3206950207cc3cb48feec56a8a7898741ab725c368d99d5d7a5a50aab80c6?s=96&d=mm&r=g","contentUrl":"https:\/\/secure.gravatar.com\/avatar\/7ca3206950207cc3cb48feec56a8a7898741ab725c368d99d5d7a5a50aab80c6?s=96&d=mm&r=g","caption":"Thales Brand\u00e3o"},"description":"Editor Executivo do Portal CidadeMarketing.com.br &gt; Mestre em Comunica\u00e7\u00e3o e Sociedade pela Universidade Federal de Sergipe. Possui MBA Executivo em Administra\u00e7\u00e3o com \u00eanfase em Marketing pela Funda\u00e7\u00e3o Get\u00falio Vargas - Rio de Janeiro. Consultor, Palestrante e Pesquisador sobre Empreendedorismo, Marketing, Redes Sociais e Neg\u00f3cios Digitais. Professor, Palestrante TedxTalks e Campus Party. Twitter: @ThalesBrandao","sameAs":["http:\/\/www.mandacaru.com.br","https:\/\/www.facebook.com\/thalesbrandao","http:\/\/www.instagram.com.br\/thalesbrandaoferreira","https:\/\/www.linkedin.com\/in\/thales-brand\u00e3o-3948609\/","https:\/\/x.com\/http:\/\/www.twitter.com\/thalesbrandao"],"url":"https:\/\/www.cidademarketing.com.br\/marketing\/author\/thalesbrandao\/"}]}},"amp_enabled":true,"_links":{"self":[{"href":"https:\/\/www.cidademarketing.com.br\/marketing\/wp-json\/wp\/v2\/posts\/11108","targetHints":{"allow":["GET"]}}],"collection":[{"href":"https:\/\/www.cidademarketing.com.br\/marketing\/wp-json\/wp\/v2\/posts"}],"about":[{"href":"https:\/\/www.cidademarketing.com.br\/marketing\/wp-json\/wp\/v2\/types\/post"}],"author":[{"embeddable":true,"href":"https:\/\/www.cidademarketing.com.br\/marketing\/wp-json\/wp\/v2\/users\/1"}],"replies":[{"embeddable":true,"href":"https:\/\/www.cidademarketing.com.br\/marketing\/wp-json\/wp\/v2\/comments?post=11108"}],"version-history":[{"count":1,"href":"https:\/\/www.cidademarketing.com.br\/marketing\/wp-json\/wp\/v2\/posts\/11108\/revisions"}],"predecessor-version":[{"id":11110,"href":"https:\/\/www.cidademarketing.com.br\/marketing\/wp-json\/wp\/v2\/posts\/11108\/revisions\/11110"}],"wp:featuredmedia":[{"embeddable":true,"href":"https:\/\/www.cidademarketing.com.br\/marketing\/wp-json\/wp\/v2\/media\/11109"}],"wp:attachment":[{"href":"https:\/\/www.cidademarketing.com.br\/marketing\/wp-json\/wp\/v2\/media?parent=11108"}],"wp:term":[{"taxonomy":"category","embeddable":true,"href":"https:\/\/www.cidademarketing.com.br\/marketing\/wp-json\/wp\/v2\/categories?post=11108"},{"taxonomy":"post_tag","embeddable":true,"href":"https:\/\/www.cidademarketing.com.br\/marketing\/wp-json\/wp\/v2\/tags?post=11108"}],"curies":[{"name":"wp","href":"https:\/\/api.w.org\/{rel}","templated":true}]}}