{"id":10994,"date":"2019-08-19T06:07:51","date_gmt":"2019-08-19T02:07:51","guid":{"rendered":"https:\/\/www.cidademarketing.com.br\/marketing\/?p=10994"},"modified":"2019-08-19T06:07:54","modified_gmt":"2019-08-19T02:07:54","slug":"tv-brasil-estreia-dia-19-08-a-serie-de-ficcao-infantojuvenil-o-pantanal-e-outros-bichos","status":"publish","type":"post","link":"https:\/\/www.cidademarketing.com.br\/marketing\/2019\/08\/19\/tv-brasil-estreia-dia-19-08-a-serie-de-ficcao-infantojuvenil-o-pantanal-e-outros-bichos\/","title":{"rendered":"TV Brasil estreia, dia 19\/08, a s\u00e9rie de fic\u00e7\u00e3o infantojuvenil &#8220;O Pantanal e outros bichos&#8221;"},"content":{"rendered":"\n<p>A paisagem do pantanal brasileiro\ncom sua vasta fauna e flora s\u00e3o o cen\u00e1rio da nova s\u00e9rie de fic\u00e7\u00e3o\ninfantojuvenil <strong>&#8220;O Pantanal e outros bichos&#8221;<\/strong>, produ\u00e7\u00e3o\nindependente que a <strong>TV Brasil<\/strong> estreia nesta segunda (19), \u00e0s 19h05.<\/p>\n\n\n\n<p>Com 26 epis\u00f3dios de 13 minutos, o\nseriado apresenta uma divertida trama de fantasia, com a participa\u00e7\u00e3o de seres\nm\u00edticos para incentivar as crian\u00e7as a se conscientizarem sobre a import\u00e2ncia da\npreserva\u00e7\u00e3o do meio ambiente. <\/p>\n\n\n\n<p>No ar de segunda a sexta, sempre\n\u00e0s 19h05, com dois epis\u00f3dios em sequ\u00eancia, a produ\u00e7\u00e3o de dramaturgia acompanha\nas aventuras dos irm\u00e3os \u00cdsis (\u00cdsis Samuel) e Jo\u00e3o (Jo\u00e3o Pedro Souza), de 12 e\n10 anos, que se envolvem em uma jornada que resgata lendas como curupira,\nboitat\u00e1, boto e iara entre outros.<\/p>\n\n\n\n<p><strong>Trama envolvente<\/strong><\/p>\n\n\n\n<p>Os jovens n\u00e3o conseguem se\ndesconectar um s\u00f3 minuto dos seus smartphones. Preocupados, os pais decidem\nlevar as crian\u00e7as de Cuiab\u00e1 para passar f\u00e9rias na fazendo com os av\u00f3s paternos,\nRamiro (Roberto Bonfim) e Izabel (Ana Maria Lopes), que moram na regi\u00e3o do\npantanal profundo.<\/p>\n\n\n\n<p>A partir da\u00ed, os irm\u00e3os mergulham\nem um universo l\u00fadico, po\u00e9tico e m\u00edtico, cheio de mist\u00e9rios e descobertas, em\ncen\u00e1rios de raras belezas e de muitos perigos. A s\u00e9rie se inspira na tradi\u00e7\u00e3o\noral e nas crendices populares do povo pantaneiro para estimular a conserva\u00e7\u00e3o\nambiental atrav\u00e9s de hist\u00f3rias que combinam viv\u00eancias, costumes e experi\u00eancias\nda regi\u00e3o.<\/p>\n\n\n\n<p>Reavivando muitas das lendas e mitos locais, o enredo revela as\nproblem\u00e1ticas quest\u00f5es ambientais do Pantanal, sensibilizando os espectadores\nde todas as idades. A ideia \u00e9 mostrar como as novas gera\u00e7\u00f5es est\u00e3o cada vez\nmais absortas pela tecnologia e distantes da natureza.<\/p>\n\n\n\n<p>No elenco, destaque para\npersonalidades como o experiente ator <strong>Roberto Bonfim<\/strong>, que interpreta o\nsimp\u00e1tico av\u00f4 Ramiro e o chef <strong>Ademir Gudrin<\/strong> que encarnou o papel de Tio\nBer\u00ea, que faz pesquisas para um livro e realiza experi\u00eancias gastron\u00f4micas com\nfrutos e plantas da regi\u00e3o do Pantanal.<\/p>\n\n\n\n<p>Produzida pela <strong>Cia D\u2019Artes do\nBrasil<\/strong>, a s\u00e9rie tem dire\u00e7\u00e3o do cineasta Amauri Tangar\u00e1 que assina o\nargumento e roteiro junto com Luck P. Mamute. Tati Mendes foi a respons\u00e1vel\npela produ\u00e7\u00e3o.<\/p>\n\n\n\n<p>A obra \u00e9 um dos conte\u00fados\naudiovisuais independentes que foram selecionados pela chamada p\u00fablica do Fundo\nSetorial do Audiovisual (FSA), atrav\u00e9s da segunda edi\u00e7\u00e3o do Programa de Apoio\nao Desenvolvimento do Audiovisual (Prodav\/TVs P\u00fablicas). Apoiadora das\nprodu\u00e7\u00f5es independentes, a TV Brasil\u00e9 a emissora que mais exibe\nesse&nbsp;conte\u00fado nacional&nbsp;em sinal aberto.<\/p>\n\n\n\n<p><strong>Cap\u00edtulo de estreia<\/strong><\/p>\n\n\n\n<p>No primeiro epis\u00f3dio, &#8220;Senha do Wi-fi&#8221;, Vanessa (Tha\u00edsa\nSoares) e Lucas (Jeferson Jarcem), pais de \u00cdsis e Jo\u00e3o, decidem curtir as\nf\u00e9rias com os filhos na fazenda dos av\u00f3s das crian\u00e7as no Pantanal. A ideia \u00e9\ntentar amenizar a obsess\u00e3o das crian\u00e7as pela tecnologia. Os dois passam dia e\nnoite com seus aparelhos de telefone celular<\/p>\n\n\n\n<p>L\u00e1, depois da alegria de rever os\nav\u00f3s, a fam\u00edlia faz uma deliciosa refei\u00e7\u00e3o. Eles t\u00eam o prazer de desfrutar da\nespl\u00eandida culin\u00e1ria do Tio Ber\u00ea (Ademir Gudrim), um &#8220;chef&#8221; tio-av\u00f4\ndas crian\u00e7as que est\u00e1 realizando uma pesquisa sobre a gastronomia pantaneira,\ncom vistas a publicar um livro. <\/p>\n\n\n\n<p>Depois do almo\u00e7o as crian\u00e7as se\nrefestelam nas redes da varanda, com seus smartphones, mas um brilho estranho\nna mata chama a aten\u00e7\u00e3o deles que, por pura curiosidade abandonam os celulares\ne v\u00e3o ver do que se trata.<\/p>\n\n\n\n<p>\u00cdsis e Jo\u00e3o atravessam um portal\nde tempo e espa\u00e7o onde encontram com o lend\u00e1rio curupira, o protetor das matas.\nJuntos com ele, os irm\u00e3os embarcam numa s\u00e9rie de aventuras incr\u00edveis e\ninesperadas. Os dois conhecem muito mais seres e v\u00e3o viver aventuras\nimpens\u00e1veis.<\/p>\n\n\n\n<p><strong>Talentos locais<\/strong><\/p>\n\n\n\n<p>Com orgulho, o diretor Amauri\nTangar\u00e1 e a produtora Tati e Amauri destacam que a s\u00e9rie <strong>&#8220;O Pantanal e\noutros bichos&#8221;<\/strong> empregou em sua maioria m\u00e3o de obra mato-grossense para\nrealizar os 338 minutos de material finalizado.<\/p>\n\n\n\n<p>Eles explicam que em 2015 tiveram\na ideia do argumento e come\u00e7aram a prepara\u00e7\u00e3o do roteiro da s\u00e9rie. &#8220;Essa\npeculiaridade do certame, espec\u00edfico para s\u00e9ries e telefilmes de fic\u00e7\u00e3o ou\ndocument\u00e1rios brasileiros, exibidos primeiro e com exclusividade inicial de\nseis meses nas TVs P\u00fablicas, Comunit\u00e1rias e Universit\u00e1rias, carrega consigo uma\nimportante ideia de forma\u00e7\u00e3o de p\u00fablico em que o produto brasileiro sempre foi\npouco admirado exatamente porque era pouco visto&#8221;, afirma Tati Mendes.<\/p>\n\n\n\n<p>Os realizadores refor\u00e7am a\nimport\u00e2ncia do audiovisual para girar a economia. O cineasta Amauri Tangar\u00e1 e a\nprodutora Tati Mendes garantem a qualidade dos profissionais do estado na\nrealiza\u00e7\u00e3o de excelentes trabalhos, mesmo com as poucas oportunidades de\nforma\u00e7\u00e3o oferecidas. <\/p>\n\n\n\n<p>Essa percep\u00e7\u00e3o est\u00e1 atrelada ao\nfato de terem investido fortemente na participa\u00e7\u00e3o dos moradores do munic\u00edpio\nonde a s\u00e9rie foi realizada, a cidade de Pocon\u00e9, a cerca de 120 km de dist\u00e2ncia\nda capital Cuiab\u00e1, portal de um dos biomas mais cobi\u00e7ados do mundo, o pantanal,\nque n\u00e3o por acaso, d\u00e1 nome a s\u00e9rie.<\/p>\n\n\n\n<p>&#8220;A cidade abrigou e abra\u00e7ou a s\u00e9rie desde o in\u00edcio&#8221;,\nconta Amauri Tangar\u00e1. Foram revelados diversos talentos locais que trabalharam\nneste projeto de grande complexidade, respons\u00e1veis por tarefas como a\nroteiriza\u00e7\u00e3o dos epis\u00f3dios, cria\u00e7\u00e3o da letra e melodia da trilha original da\ns\u00e9rie entre tantas outras atividades. &#8220;Isso prova a capacidade que temos\nde fazer trabalhos com extrema seriedade e qualidade com a prata da casa&#8221;,\ndefendem.<\/p>\n\n\n\n<p>A s\u00e9rie <strong>&#8220;O Pantanal e\noutros bichos&#8221;<\/strong> \u00e9 a primeira temporada do projeto &#8220;Outros\nBichos&#8221; que pretende se desdobrar nas temporadas &#8220;O Cerrado e Outros\nBichos&#8221;, &#8220;A Amaz\u00f4nia e Outros Bichos&#8221; e &#8220;A Cidade e Outros\nBichos&#8221;. Segundo os realizadores, h\u00e1 muito a contar e a preservar nesses biomas\nbrasileiros. A s\u00e9rie tem projeto de desdobramento transm\u00eddia para alcan\u00e7ar\nnovos p\u00fablicos em outras telas atrav\u00e9s da hashtag #SigaOCurupira nas redes\nsociais.<\/p>\n\n\n\n<p><strong>Ficha T\u00e9cnica<\/strong><\/p>\n\n\n\n<p>Produtora: Cia D\u2019Artes do Brasil<\/p>\n\n\n\n<p>Dire\u00e7\u00e3o: Amauri Tangar\u00e1 <\/p>\n\n\n\n<p>Argumento e roteiro: Luck P.\nMamute e Amauri Tangar\u00e1<\/p>\n\n\n\n<p>Produ\u00e7\u00e3o: Tati Mendes<\/p>\n\n\n\n<p>Trilha original: Luck P. Mamute<\/p>\n\n\n\n<p>Epis\u00f3dios: 26<\/p>\n\n\n\n<p>Dura\u00e7\u00e3o: 13 min.<\/p>\n\n\n\n<p>Classifica\u00e7\u00e3o indicativa: Livre<\/p>\n\n\n\n<p><strong>Servi\u00e7o:<\/strong><\/p>\n\n\n\n<p>O Pantanal e outros bichos \u2013 segunda a sexta-feira, \u00e0s 19h05 na TV\nBrasil<\/p>\n","protected":false},"excerpt":{"rendered":"<p>A paisagem do pantanal brasileiro com sua vasta fauna e flora s\u00e3o o cen\u00e1rio da nova s\u00e9rie de fic\u00e7\u00e3o infantojuvenil &#8220;O Pantanal e outros bichos&#8221;, produ\u00e7\u00e3o independente que a TV Brasil estreia nesta segunda (19), \u00e0s 19h05. Com 26 epis\u00f3dios de 13 minutos, o seriado apresenta uma divertida trama de fantasia, com a participa\u00e7\u00e3o de [&hellip;]<\/p>\n","protected":false},"author":1,"featured_media":10995,"comment_status":"open","ping_status":"open","sticky":false,"template":"","format":"standard","meta":{"tdm_status":"","tdm_grid_status":"","footnotes":""},"categories":[6],"tags":[33,28,380],"class_list":["post-10994","post","type-post","status-publish","format-standard","has-post-thumbnail","hentry","category-noticias","tag-estrategia","tag-marketing","tag-tv-brasil"],"yoast_head":"<!-- This site is optimized with the Yoast SEO plugin v27.5 - https:\/\/yoast.com\/product\/yoast-seo-wordpress\/ -->\n<title>TV Brasil estreia, dia 19\/08, a s\u00e9rie de fic\u00e7\u00e3o infantojuvenil &quot;O Pantanal e outros bichos&quot; - CidadeMarketing<\/title>\n<meta name=\"robots\" content=\"index, follow, max-snippet:-1, max-image-preview:large, max-video-preview:-1\" \/>\n<link rel=\"canonical\" href=\"https:\/\/www.cidademarketing.com.br\/marketing\/2019\/08\/19\/tv-brasil-estreia-dia-19-08-a-serie-de-ficcao-infantojuvenil-o-pantanal-e-outros-bichos\/\" \/>\n<meta property=\"og:locale\" content=\"pt_BR\" \/>\n<meta property=\"og:type\" content=\"article\" \/>\n<meta property=\"og:title\" content=\"TV Brasil estreia, dia 19\/08, a s\u00e9rie de fic\u00e7\u00e3o infantojuvenil &quot;O Pantanal e outros bichos&quot; - CidadeMarketing\" \/>\n<meta property=\"og:description\" content=\"A paisagem do pantanal brasileiro com sua vasta fauna e flora s\u00e3o o cen\u00e1rio da nova s\u00e9rie de fic\u00e7\u00e3o infantojuvenil &#8220;O Pantanal e outros bichos&#8221;, produ\u00e7\u00e3o independente que a TV Brasil estreia nesta segunda (19), \u00e0s 19h05. Com 26 epis\u00f3dios de 13 minutos, o seriado apresenta uma divertida trama de fantasia, com a participa\u00e7\u00e3o de [&hellip;]\" \/>\n<meta property=\"og:url\" content=\"https:\/\/www.cidademarketing.com.br\/marketing\/2019\/08\/19\/tv-brasil-estreia-dia-19-08-a-serie-de-ficcao-infantojuvenil-o-pantanal-e-outros-bichos\/\" \/>\n<meta property=\"og:site_name\" content=\"CidadeMarketing\" \/>\n<meta property=\"article:publisher\" content=\"https:\/\/www.facebook.com\/portalcidademarketing\" \/>\n<meta property=\"article:author\" content=\"https:\/\/www.facebook.com\/thalesbrandao\" \/>\n<meta property=\"article:published_time\" content=\"2019-08-19T02:07:51+00:00\" \/>\n<meta property=\"article:modified_time\" content=\"2019-08-19T02:07:54+00:00\" \/>\n<meta property=\"og:image\" content=\"https:\/\/www.cidademarketing.com.br\/marketing\/wp-content\/uploads\/2019\/08\/O_Pantanal_e_Outros_Bichos_Avo_e_netos_02_Credito_Divulgacao.jpg\" \/>\n\t<meta property=\"og:image:width\" content=\"1920\" \/>\n\t<meta property=\"og:image:height\" content=\"1080\" \/>\n\t<meta property=\"og:image:type\" content=\"image\/jpeg\" \/>\n<meta name=\"author\" content=\"Thales Brand\u00e3o\" \/>\n<meta name=\"twitter:card\" content=\"summary_large_image\" \/>\n<meta name=\"twitter:creator\" content=\"@http:\/\/www.twitter.com\/thalesbrandao\" \/>\n<meta name=\"twitter:site\" content=\"@CidadeMarketing\" \/>\n<meta name=\"twitter:label1\" content=\"Escrito por\" \/>\n\t<meta name=\"twitter:data1\" content=\"Thales Brand\u00e3o\" \/>\n\t<meta name=\"twitter:label2\" content=\"Est. tempo de leitura\" \/>\n\t<meta name=\"twitter:data2\" content=\"6 minutos\" \/>\n<script type=\"application\/ld+json\" class=\"yoast-schema-graph\">{\"@context\":\"https:\\\/\\\/schema.org\",\"@graph\":[{\"@type\":\"Article\",\"@id\":\"https:\\\/\\\/www.cidademarketing.com.br\\\/marketing\\\/2019\\\/08\\\/19\\\/tv-brasil-estreia-dia-19-08-a-serie-de-ficcao-infantojuvenil-o-pantanal-e-outros-bichos\\\/#article\",\"isPartOf\":{\"@id\":\"https:\\\/\\\/www.cidademarketing.com.br\\\/marketing\\\/2019\\\/08\\\/19\\\/tv-brasil-estreia-dia-19-08-a-serie-de-ficcao-infantojuvenil-o-pantanal-e-outros-bichos\\\/\"},\"author\":{\"name\":\"Thales Brand\u00e3o\",\"@id\":\"https:\\\/\\\/www.cidademarketing.com.br\\\/marketing\\\/#\\\/schema\\\/person\\\/02daff9f18bd9378c9e01eb6b2db155f\"},\"headline\":\"TV Brasil estreia, dia 19\\\/08, a s\u00e9rie de fic\u00e7\u00e3o infantojuvenil &#8220;O Pantanal e outros bichos&#8221;\",\"datePublished\":\"2019-08-19T02:07:51+00:00\",\"dateModified\":\"2019-08-19T02:07:54+00:00\",\"mainEntityOfPage\":{\"@id\":\"https:\\\/\\\/www.cidademarketing.com.br\\\/marketing\\\/2019\\\/08\\\/19\\\/tv-brasil-estreia-dia-19-08-a-serie-de-ficcao-infantojuvenil-o-pantanal-e-outros-bichos\\\/\"},\"wordCount\":1122,\"commentCount\":0,\"publisher\":{\"@id\":\"https:\\\/\\\/www.cidademarketing.com.br\\\/marketing\\\/#organization\"},\"image\":{\"@id\":\"https:\\\/\\\/www.cidademarketing.com.br\\\/marketing\\\/2019\\\/08\\\/19\\\/tv-brasil-estreia-dia-19-08-a-serie-de-ficcao-infantojuvenil-o-pantanal-e-outros-bichos\\\/#primaryimage\"},\"thumbnailUrl\":\"https:\\\/\\\/www.cidademarketing.com.br\\\/marketing\\\/wp-content\\\/uploads\\\/2019\\\/08\\\/O_Pantanal_e_Outros_Bichos_Avo_e_netos_02_Credito_Divulgacao.jpg\",\"keywords\":[\"estrat\u00e9gia\",\"marketing\",\"TV Brasil\"],\"articleSection\":[\"Not\u00edcias\"],\"inLanguage\":\"pt-BR\",\"potentialAction\":[{\"@type\":\"CommentAction\",\"name\":\"Comment\",\"target\":[\"https:\\\/\\\/www.cidademarketing.com.br\\\/marketing\\\/2019\\\/08\\\/19\\\/tv-brasil-estreia-dia-19-08-a-serie-de-ficcao-infantojuvenil-o-pantanal-e-outros-bichos\\\/#respond\"]}]},{\"@type\":\"WebPage\",\"@id\":\"https:\\\/\\\/www.cidademarketing.com.br\\\/marketing\\\/2019\\\/08\\\/19\\\/tv-brasil-estreia-dia-19-08-a-serie-de-ficcao-infantojuvenil-o-pantanal-e-outros-bichos\\\/\",\"url\":\"https:\\\/\\\/www.cidademarketing.com.br\\\/marketing\\\/2019\\\/08\\\/19\\\/tv-brasil-estreia-dia-19-08-a-serie-de-ficcao-infantojuvenil-o-pantanal-e-outros-bichos\\\/\",\"name\":\"TV Brasil estreia, dia 19\\\/08, a s\u00e9rie de fic\u00e7\u00e3o infantojuvenil \\\"O Pantanal e outros bichos\\\" - CidadeMarketing\",\"isPartOf\":{\"@id\":\"https:\\\/\\\/www.cidademarketing.com.br\\\/marketing\\\/#website\"},\"primaryImageOfPage\":{\"@id\":\"https:\\\/\\\/www.cidademarketing.com.br\\\/marketing\\\/2019\\\/08\\\/19\\\/tv-brasil-estreia-dia-19-08-a-serie-de-ficcao-infantojuvenil-o-pantanal-e-outros-bichos\\\/#primaryimage\"},\"image\":{\"@id\":\"https:\\\/\\\/www.cidademarketing.com.br\\\/marketing\\\/2019\\\/08\\\/19\\\/tv-brasil-estreia-dia-19-08-a-serie-de-ficcao-infantojuvenil-o-pantanal-e-outros-bichos\\\/#primaryimage\"},\"thumbnailUrl\":\"https:\\\/\\\/www.cidademarketing.com.br\\\/marketing\\\/wp-content\\\/uploads\\\/2019\\\/08\\\/O_Pantanal_e_Outros_Bichos_Avo_e_netos_02_Credito_Divulgacao.jpg\",\"datePublished\":\"2019-08-19T02:07:51+00:00\",\"dateModified\":\"2019-08-19T02:07:54+00:00\",\"breadcrumb\":{\"@id\":\"https:\\\/\\\/www.cidademarketing.com.br\\\/marketing\\\/2019\\\/08\\\/19\\\/tv-brasil-estreia-dia-19-08-a-serie-de-ficcao-infantojuvenil-o-pantanal-e-outros-bichos\\\/#breadcrumb\"},\"inLanguage\":\"pt-BR\",\"potentialAction\":[{\"@type\":\"ReadAction\",\"target\":[\"https:\\\/\\\/www.cidademarketing.com.br\\\/marketing\\\/2019\\\/08\\\/19\\\/tv-brasil-estreia-dia-19-08-a-serie-de-ficcao-infantojuvenil-o-pantanal-e-outros-bichos\\\/\"]}]},{\"@type\":\"ImageObject\",\"inLanguage\":\"pt-BR\",\"@id\":\"https:\\\/\\\/www.cidademarketing.com.br\\\/marketing\\\/2019\\\/08\\\/19\\\/tv-brasil-estreia-dia-19-08-a-serie-de-ficcao-infantojuvenil-o-pantanal-e-outros-bichos\\\/#primaryimage\",\"url\":\"https:\\\/\\\/www.cidademarketing.com.br\\\/marketing\\\/wp-content\\\/uploads\\\/2019\\\/08\\\/O_Pantanal_e_Outros_Bichos_Avo_e_netos_02_Credito_Divulgacao.jpg\",\"contentUrl\":\"https:\\\/\\\/www.cidademarketing.com.br\\\/marketing\\\/wp-content\\\/uploads\\\/2019\\\/08\\\/O_Pantanal_e_Outros_Bichos_Avo_e_netos_02_Credito_Divulgacao.jpg\",\"width\":1920,\"height\":1080,\"caption\":\"Divulga\u00e7\u00e3o\"},{\"@type\":\"BreadcrumbList\",\"@id\":\"https:\\\/\\\/www.cidademarketing.com.br\\\/marketing\\\/2019\\\/08\\\/19\\\/tv-brasil-estreia-dia-19-08-a-serie-de-ficcao-infantojuvenil-o-pantanal-e-outros-bichos\\\/#breadcrumb\",\"itemListElement\":[{\"@type\":\"ListItem\",\"position\":1,\"name\":\"In\u00edcio\",\"item\":\"https:\\\/\\\/www.cidademarketing.com.br\\\/marketing\\\/\"},{\"@type\":\"ListItem\",\"position\":2,\"name\":\"TV Brasil estreia, dia 19\\\/08, a s\u00e9rie de fic\u00e7\u00e3o infantojuvenil &#8220;O Pantanal e outros bichos&#8221;\"}]},{\"@type\":\"WebSite\",\"@id\":\"https:\\\/\\\/www.cidademarketing.com.br\\\/marketing\\\/#website\",\"url\":\"https:\\\/\\\/www.cidademarketing.com.br\\\/marketing\\\/\",\"name\":\"CidadeMarketing\",\"description\":\"Somos um ve\u00edculo de comunica\u00e7\u00e3o de destaque no Brasil, reconhecido por conte\u00fados nos segmentos de marketing, empreendedorismo e inova\u00e7\u00e3o.\",\"publisher\":{\"@id\":\"https:\\\/\\\/www.cidademarketing.com.br\\\/marketing\\\/#organization\"},\"alternateName\":\"CidadeMarketing\",\"potentialAction\":[{\"@type\":\"SearchAction\",\"target\":{\"@type\":\"EntryPoint\",\"urlTemplate\":\"https:\\\/\\\/www.cidademarketing.com.br\\\/marketing\\\/?s={search_term_string}\"},\"query-input\":{\"@type\":\"PropertyValueSpecification\",\"valueRequired\":true,\"valueName\":\"search_term_string\"}}],\"inLanguage\":\"pt-BR\"},{\"@type\":\"Organization\",\"@id\":\"https:\\\/\\\/www.cidademarketing.com.br\\\/marketing\\\/#organization\",\"name\":\"CidadeMarketing\",\"alternateName\":\"CidadeMarketing\",\"url\":\"https:\\\/\\\/www.cidademarketing.com.br\\\/marketing\\\/\",\"logo\":{\"@type\":\"ImageObject\",\"inLanguage\":\"pt-BR\",\"@id\":\"https:\\\/\\\/www.cidademarketing.com.br\\\/marketing\\\/#\\\/schema\\\/logo\\\/image\\\/\",\"url\":\"https:\\\/\\\/www.cidademarketing.com.br\\\/marketing\\\/wp-content\\\/uploads\\\/2020\\\/01\\\/cidademarketing_marca_mobile.png\",\"contentUrl\":\"https:\\\/\\\/www.cidademarketing.com.br\\\/marketing\\\/wp-content\\\/uploads\\\/2020\\\/01\\\/cidademarketing_marca_mobile.png\",\"width\":230,\"height\":92,\"caption\":\"CidadeMarketing\"},\"image\":{\"@id\":\"https:\\\/\\\/www.cidademarketing.com.br\\\/marketing\\\/#\\\/schema\\\/logo\\\/image\\\/\"},\"sameAs\":[\"https:\\\/\\\/www.facebook.com\\\/portalcidademarketing\",\"https:\\\/\\\/x.com\\\/CidadeMarketing\",\"https:\\\/\\\/www.instagram.com\\\/cidademarketing\\\/\"]},{\"@type\":\"Person\",\"@id\":\"https:\\\/\\\/www.cidademarketing.com.br\\\/marketing\\\/#\\\/schema\\\/person\\\/02daff9f18bd9378c9e01eb6b2db155f\",\"name\":\"Thales Brand\u00e3o\",\"image\":{\"@type\":\"ImageObject\",\"inLanguage\":\"pt-BR\",\"@id\":\"https:\\\/\\\/secure.gravatar.com\\\/avatar\\\/7ca3206950207cc3cb48feec56a8a7898741ab725c368d99d5d7a5a50aab80c6?s=96&d=mm&r=g\",\"url\":\"https:\\\/\\\/secure.gravatar.com\\\/avatar\\\/7ca3206950207cc3cb48feec56a8a7898741ab725c368d99d5d7a5a50aab80c6?s=96&d=mm&r=g\",\"contentUrl\":\"https:\\\/\\\/secure.gravatar.com\\\/avatar\\\/7ca3206950207cc3cb48feec56a8a7898741ab725c368d99d5d7a5a50aab80c6?s=96&d=mm&r=g\",\"caption\":\"Thales Brand\u00e3o\"},\"description\":\"Editor Executivo do Portal CidadeMarketing.com.br &gt; Mestre em Comunica\u00e7\u00e3o e Sociedade pela Universidade Federal de Sergipe. Possui MBA Executivo em Administra\u00e7\u00e3o com \u00eanfase em Marketing pela Funda\u00e7\u00e3o Get\u00falio Vargas - Rio de Janeiro. Consultor, Palestrante e Pesquisador sobre Empreendedorismo, Marketing, Redes Sociais e Neg\u00f3cios Digitais. Professor, Palestrante TedxTalks e Campus Party. Twitter: @ThalesBrandao\",\"sameAs\":[\"http:\\\/\\\/www.mandacaru.com.br\",\"https:\\\/\\\/www.facebook.com\\\/thalesbrandao\",\"http:\\\/\\\/www.instagram.com.br\\\/thalesbrandaoferreira\",\"https:\\\/\\\/www.linkedin.com\\\/in\\\/thales-brand\u00e3o-3948609\\\/\",\"https:\\\/\\\/x.com\\\/http:\\\/\\\/www.twitter.com\\\/thalesbrandao\"],\"url\":\"https:\\\/\\\/www.cidademarketing.com.br\\\/marketing\\\/author\\\/thalesbrandao\\\/\"}]}<\/script>\n<!-- \/ Yoast SEO plugin. -->","yoast_head_json":{"title":"TV Brasil estreia, dia 19\/08, a s\u00e9rie de fic\u00e7\u00e3o infantojuvenil \"O Pantanal e outros bichos\" - CidadeMarketing","robots":{"index":"index","follow":"follow","max-snippet":"max-snippet:-1","max-image-preview":"max-image-preview:large","max-video-preview":"max-video-preview:-1"},"canonical":"https:\/\/www.cidademarketing.com.br\/marketing\/2019\/08\/19\/tv-brasil-estreia-dia-19-08-a-serie-de-ficcao-infantojuvenil-o-pantanal-e-outros-bichos\/","og_locale":"pt_BR","og_type":"article","og_title":"TV Brasil estreia, dia 19\/08, a s\u00e9rie de fic\u00e7\u00e3o infantojuvenil \"O Pantanal e outros bichos\" - CidadeMarketing","og_description":"A paisagem do pantanal brasileiro com sua vasta fauna e flora s\u00e3o o cen\u00e1rio da nova s\u00e9rie de fic\u00e7\u00e3o infantojuvenil &#8220;O Pantanal e outros bichos&#8221;, produ\u00e7\u00e3o independente que a TV Brasil estreia nesta segunda (19), \u00e0s 19h05. Com 26 epis\u00f3dios de 13 minutos, o seriado apresenta uma divertida trama de fantasia, com a participa\u00e7\u00e3o de [&hellip;]","og_url":"https:\/\/www.cidademarketing.com.br\/marketing\/2019\/08\/19\/tv-brasil-estreia-dia-19-08-a-serie-de-ficcao-infantojuvenil-o-pantanal-e-outros-bichos\/","og_site_name":"CidadeMarketing","article_publisher":"https:\/\/www.facebook.com\/portalcidademarketing","article_author":"https:\/\/www.facebook.com\/thalesbrandao","article_published_time":"2019-08-19T02:07:51+00:00","article_modified_time":"2019-08-19T02:07:54+00:00","og_image":[{"width":1920,"height":1080,"url":"https:\/\/www.cidademarketing.com.br\/marketing\/wp-content\/uploads\/2019\/08\/O_Pantanal_e_Outros_Bichos_Avo_e_netos_02_Credito_Divulgacao.jpg","type":"image\/jpeg"}],"author":"Thales Brand\u00e3o","twitter_card":"summary_large_image","twitter_creator":"@http:\/\/www.twitter.com\/thalesbrandao","twitter_site":"@CidadeMarketing","twitter_misc":{"Escrito por":"Thales Brand\u00e3o","Est. tempo de leitura":"6 minutos"},"schema":{"@context":"https:\/\/schema.org","@graph":[{"@type":"Article","@id":"https:\/\/www.cidademarketing.com.br\/marketing\/2019\/08\/19\/tv-brasil-estreia-dia-19-08-a-serie-de-ficcao-infantojuvenil-o-pantanal-e-outros-bichos\/#article","isPartOf":{"@id":"https:\/\/www.cidademarketing.com.br\/marketing\/2019\/08\/19\/tv-brasil-estreia-dia-19-08-a-serie-de-ficcao-infantojuvenil-o-pantanal-e-outros-bichos\/"},"author":{"name":"Thales Brand\u00e3o","@id":"https:\/\/www.cidademarketing.com.br\/marketing\/#\/schema\/person\/02daff9f18bd9378c9e01eb6b2db155f"},"headline":"TV Brasil estreia, dia 19\/08, a s\u00e9rie de fic\u00e7\u00e3o infantojuvenil &#8220;O Pantanal e outros bichos&#8221;","datePublished":"2019-08-19T02:07:51+00:00","dateModified":"2019-08-19T02:07:54+00:00","mainEntityOfPage":{"@id":"https:\/\/www.cidademarketing.com.br\/marketing\/2019\/08\/19\/tv-brasil-estreia-dia-19-08-a-serie-de-ficcao-infantojuvenil-o-pantanal-e-outros-bichos\/"},"wordCount":1122,"commentCount":0,"publisher":{"@id":"https:\/\/www.cidademarketing.com.br\/marketing\/#organization"},"image":{"@id":"https:\/\/www.cidademarketing.com.br\/marketing\/2019\/08\/19\/tv-brasil-estreia-dia-19-08-a-serie-de-ficcao-infantojuvenil-o-pantanal-e-outros-bichos\/#primaryimage"},"thumbnailUrl":"https:\/\/www.cidademarketing.com.br\/marketing\/wp-content\/uploads\/2019\/08\/O_Pantanal_e_Outros_Bichos_Avo_e_netos_02_Credito_Divulgacao.jpg","keywords":["estrat\u00e9gia","marketing","TV Brasil"],"articleSection":["Not\u00edcias"],"inLanguage":"pt-BR","potentialAction":[{"@type":"CommentAction","name":"Comment","target":["https:\/\/www.cidademarketing.com.br\/marketing\/2019\/08\/19\/tv-brasil-estreia-dia-19-08-a-serie-de-ficcao-infantojuvenil-o-pantanal-e-outros-bichos\/#respond"]}]},{"@type":"WebPage","@id":"https:\/\/www.cidademarketing.com.br\/marketing\/2019\/08\/19\/tv-brasil-estreia-dia-19-08-a-serie-de-ficcao-infantojuvenil-o-pantanal-e-outros-bichos\/","url":"https:\/\/www.cidademarketing.com.br\/marketing\/2019\/08\/19\/tv-brasil-estreia-dia-19-08-a-serie-de-ficcao-infantojuvenil-o-pantanal-e-outros-bichos\/","name":"TV Brasil estreia, dia 19\/08, a s\u00e9rie de fic\u00e7\u00e3o infantojuvenil \"O Pantanal e outros bichos\" - CidadeMarketing","isPartOf":{"@id":"https:\/\/www.cidademarketing.com.br\/marketing\/#website"},"primaryImageOfPage":{"@id":"https:\/\/www.cidademarketing.com.br\/marketing\/2019\/08\/19\/tv-brasil-estreia-dia-19-08-a-serie-de-ficcao-infantojuvenil-o-pantanal-e-outros-bichos\/#primaryimage"},"image":{"@id":"https:\/\/www.cidademarketing.com.br\/marketing\/2019\/08\/19\/tv-brasil-estreia-dia-19-08-a-serie-de-ficcao-infantojuvenil-o-pantanal-e-outros-bichos\/#primaryimage"},"thumbnailUrl":"https:\/\/www.cidademarketing.com.br\/marketing\/wp-content\/uploads\/2019\/08\/O_Pantanal_e_Outros_Bichos_Avo_e_netos_02_Credito_Divulgacao.jpg","datePublished":"2019-08-19T02:07:51+00:00","dateModified":"2019-08-19T02:07:54+00:00","breadcrumb":{"@id":"https:\/\/www.cidademarketing.com.br\/marketing\/2019\/08\/19\/tv-brasil-estreia-dia-19-08-a-serie-de-ficcao-infantojuvenil-o-pantanal-e-outros-bichos\/#breadcrumb"},"inLanguage":"pt-BR","potentialAction":[{"@type":"ReadAction","target":["https:\/\/www.cidademarketing.com.br\/marketing\/2019\/08\/19\/tv-brasil-estreia-dia-19-08-a-serie-de-ficcao-infantojuvenil-o-pantanal-e-outros-bichos\/"]}]},{"@type":"ImageObject","inLanguage":"pt-BR","@id":"https:\/\/www.cidademarketing.com.br\/marketing\/2019\/08\/19\/tv-brasil-estreia-dia-19-08-a-serie-de-ficcao-infantojuvenil-o-pantanal-e-outros-bichos\/#primaryimage","url":"https:\/\/www.cidademarketing.com.br\/marketing\/wp-content\/uploads\/2019\/08\/O_Pantanal_e_Outros_Bichos_Avo_e_netos_02_Credito_Divulgacao.jpg","contentUrl":"https:\/\/www.cidademarketing.com.br\/marketing\/wp-content\/uploads\/2019\/08\/O_Pantanal_e_Outros_Bichos_Avo_e_netos_02_Credito_Divulgacao.jpg","width":1920,"height":1080,"caption":"Divulga\u00e7\u00e3o"},{"@type":"BreadcrumbList","@id":"https:\/\/www.cidademarketing.com.br\/marketing\/2019\/08\/19\/tv-brasil-estreia-dia-19-08-a-serie-de-ficcao-infantojuvenil-o-pantanal-e-outros-bichos\/#breadcrumb","itemListElement":[{"@type":"ListItem","position":1,"name":"In\u00edcio","item":"https:\/\/www.cidademarketing.com.br\/marketing\/"},{"@type":"ListItem","position":2,"name":"TV Brasil estreia, dia 19\/08, a s\u00e9rie de fic\u00e7\u00e3o infantojuvenil &#8220;O Pantanal e outros bichos&#8221;"}]},{"@type":"WebSite","@id":"https:\/\/www.cidademarketing.com.br\/marketing\/#website","url":"https:\/\/www.cidademarketing.com.br\/marketing\/","name":"CidadeMarketing","description":"Somos um ve\u00edculo de comunica\u00e7\u00e3o de destaque no Brasil, reconhecido por conte\u00fados nos segmentos de marketing, empreendedorismo e inova\u00e7\u00e3o.","publisher":{"@id":"https:\/\/www.cidademarketing.com.br\/marketing\/#organization"},"alternateName":"CidadeMarketing","potentialAction":[{"@type":"SearchAction","target":{"@type":"EntryPoint","urlTemplate":"https:\/\/www.cidademarketing.com.br\/marketing\/?s={search_term_string}"},"query-input":{"@type":"PropertyValueSpecification","valueRequired":true,"valueName":"search_term_string"}}],"inLanguage":"pt-BR"},{"@type":"Organization","@id":"https:\/\/www.cidademarketing.com.br\/marketing\/#organization","name":"CidadeMarketing","alternateName":"CidadeMarketing","url":"https:\/\/www.cidademarketing.com.br\/marketing\/","logo":{"@type":"ImageObject","inLanguage":"pt-BR","@id":"https:\/\/www.cidademarketing.com.br\/marketing\/#\/schema\/logo\/image\/","url":"https:\/\/www.cidademarketing.com.br\/marketing\/wp-content\/uploads\/2020\/01\/cidademarketing_marca_mobile.png","contentUrl":"https:\/\/www.cidademarketing.com.br\/marketing\/wp-content\/uploads\/2020\/01\/cidademarketing_marca_mobile.png","width":230,"height":92,"caption":"CidadeMarketing"},"image":{"@id":"https:\/\/www.cidademarketing.com.br\/marketing\/#\/schema\/logo\/image\/"},"sameAs":["https:\/\/www.facebook.com\/portalcidademarketing","https:\/\/x.com\/CidadeMarketing","https:\/\/www.instagram.com\/cidademarketing\/"]},{"@type":"Person","@id":"https:\/\/www.cidademarketing.com.br\/marketing\/#\/schema\/person\/02daff9f18bd9378c9e01eb6b2db155f","name":"Thales Brand\u00e3o","image":{"@type":"ImageObject","inLanguage":"pt-BR","@id":"https:\/\/secure.gravatar.com\/avatar\/7ca3206950207cc3cb48feec56a8a7898741ab725c368d99d5d7a5a50aab80c6?s=96&d=mm&r=g","url":"https:\/\/secure.gravatar.com\/avatar\/7ca3206950207cc3cb48feec56a8a7898741ab725c368d99d5d7a5a50aab80c6?s=96&d=mm&r=g","contentUrl":"https:\/\/secure.gravatar.com\/avatar\/7ca3206950207cc3cb48feec56a8a7898741ab725c368d99d5d7a5a50aab80c6?s=96&d=mm&r=g","caption":"Thales Brand\u00e3o"},"description":"Editor Executivo do Portal CidadeMarketing.com.br &gt; Mestre em Comunica\u00e7\u00e3o e Sociedade pela Universidade Federal de Sergipe. Possui MBA Executivo em Administra\u00e7\u00e3o com \u00eanfase em Marketing pela Funda\u00e7\u00e3o Get\u00falio Vargas - Rio de Janeiro. Consultor, Palestrante e Pesquisador sobre Empreendedorismo, Marketing, Redes Sociais e Neg\u00f3cios Digitais. Professor, Palestrante TedxTalks e Campus Party. Twitter: @ThalesBrandao","sameAs":["http:\/\/www.mandacaru.com.br","https:\/\/www.facebook.com\/thalesbrandao","http:\/\/www.instagram.com.br\/thalesbrandaoferreira","https:\/\/www.linkedin.com\/in\/thales-brand\u00e3o-3948609\/","https:\/\/x.com\/http:\/\/www.twitter.com\/thalesbrandao"],"url":"https:\/\/www.cidademarketing.com.br\/marketing\/author\/thalesbrandao\/"}]}},"amp_enabled":true,"_links":{"self":[{"href":"https:\/\/www.cidademarketing.com.br\/marketing\/wp-json\/wp\/v2\/posts\/10994","targetHints":{"allow":["GET"]}}],"collection":[{"href":"https:\/\/www.cidademarketing.com.br\/marketing\/wp-json\/wp\/v2\/posts"}],"about":[{"href":"https:\/\/www.cidademarketing.com.br\/marketing\/wp-json\/wp\/v2\/types\/post"}],"author":[{"embeddable":true,"href":"https:\/\/www.cidademarketing.com.br\/marketing\/wp-json\/wp\/v2\/users\/1"}],"replies":[{"embeddable":true,"href":"https:\/\/www.cidademarketing.com.br\/marketing\/wp-json\/wp\/v2\/comments?post=10994"}],"version-history":[{"count":1,"href":"https:\/\/www.cidademarketing.com.br\/marketing\/wp-json\/wp\/v2\/posts\/10994\/revisions"}],"predecessor-version":[{"id":10996,"href":"https:\/\/www.cidademarketing.com.br\/marketing\/wp-json\/wp\/v2\/posts\/10994\/revisions\/10996"}],"wp:featuredmedia":[{"embeddable":true,"href":"https:\/\/www.cidademarketing.com.br\/marketing\/wp-json\/wp\/v2\/media\/10995"}],"wp:attachment":[{"href":"https:\/\/www.cidademarketing.com.br\/marketing\/wp-json\/wp\/v2\/media?parent=10994"}],"wp:term":[{"taxonomy":"category","embeddable":true,"href":"https:\/\/www.cidademarketing.com.br\/marketing\/wp-json\/wp\/v2\/categories?post=10994"},{"taxonomy":"post_tag","embeddable":true,"href":"https:\/\/www.cidademarketing.com.br\/marketing\/wp-json\/wp\/v2\/tags?post=10994"}],"curies":[{"name":"wp","href":"https:\/\/api.w.org\/{rel}","templated":true}]}}