{"id":10991,"date":"2019-08-18T08:28:36","date_gmt":"2019-08-18T04:28:36","guid":{"rendered":"https:\/\/www.cidademarketing.com.br\/marketing\/?p=10991"},"modified":"2019-08-18T08:28:38","modified_gmt":"2019-08-18T04:28:38","slug":"pernambucanas-inicia-a-venda-de-produtos-avon","status":"publish","type":"post","link":"https:\/\/www.cidademarketing.com.br\/marketing\/2019\/08\/18\/pernambucanas-inicia-a-venda-de-produtos-avon\/","title":{"rendered":"Pernambucanas inicia a venda de produtos Avon"},"content":{"rendered":"\n<p>As gigantes Avon e Pernambucanas ativaram efetivamente a parceria in\u00e9dita, firmada no m\u00eas passado, de um projeto-piloto para comercializar os produtos das linhas de perfumes, maquiagem e cuidados para o corpo da marca de cosm\u00e9ticos em 32 lojas f\u00edsicas e nos canais digitais da varejista (app, site e <em>tablets<\/em> dispon\u00edveis em todas as mais de 355 unidades do pa\u00eds). A loja da Pernambucanas do Shopping Interlagos, que apresenta uma das maiores vendas da empresa e que acaba de ser revitalizada, \u00e9 a primeira a implantar o \u201cEspa\u00e7o Beleza\u201d e a iniciar a venda dos produtos fisicamente.<\/p>\n\n\n\n<p>A presen\u00e7a da Avon nas lojas da\nPernambucanas ter\u00e1 destaque, com local e displays desenvolvidos exclusivamente\npara a nova categoria, com atendimento assistido para orientar e esclarecer\nd\u00favidas sobre cada item, al\u00e9m de PDV exclusivo com a comodidade de finalizar a\ncompra ali mesmo. O \u201cEspa\u00e7o Beleza\u201d, como ser\u00e1 chamado, tamb\u00e9m representa uma\npossibilidade para a revendedora Avon, que poder\u00e1 repor, com mais agilidade e\nflexibilidade, seu estoque de produtos. Adicionalmente, as revendedoras ter\u00e3o\ncondi\u00e7\u00f5es diferenciadas para a compra de produtos e servi\u00e7os Pernambucanas.<\/p>\n\n\n\n<p><em>\u201cPara n\u00f3s, a parceria\nsignifica entrar no mercado de beleza, que tem crescido bastante nos \u00faltimos\nanos, ampliar o nosso sortimento \u00e0s fam\u00edlias brasileiras, e proporcionar mais\nagilidade \u00e0s revendedoras Avon. Fisicamente, iniciamos as vendas dos produtos\nAvon na loja da Pernambucanas do Shopping Interlagos, que foi ampliada e est\u00e1\nsendo reinaugurada hoje, totalmente revitalizada, e de cara nova para marcar o\nin\u00edcio deste modelo in\u00e9dito de vendas entre essas duas marcas que t\u00eam tanta\nsinergia\u201d, refor\u00e7a <\/em>S\u00e9rgio Borriello, CEO da Pernambucanas. <\/p>\n\n\n\n<p>Para marcar o lan\u00e7amento, no dia 15 de agosto, os clientes\nque comprarem mais de R$100,00 em produtos Avon, com qualquer meio de\npagamento, e acima de R$70,00 com o Cart\u00e3o Pernambucanas, ganhar\u00e3o uma\nmaquiagem profissional no Espa\u00e7o Beleza da Loja. <\/p>\n\n\n\n<p>\u201c<em>Ampliar nossos canais de\ndistribui\u00e7\u00e3o para o varejo \u00e9 uma inova\u00e7\u00e3o gigante para uma companhia de venda\ndireta. E n\u00e3o poder\u00edamos escolher parceiro mais sin\u00e9rgico do que a\nPernambucanas. Juntas, as marcas abrem suas portas para ampliarem os seus\npontos de contato com os clientes prezando por um relacionamento pr\u00f3ximo, e um\nleque mais completo de servi\u00e7os e produtos. Tal parceria \u00e9 uma das a\u00e7\u00f5es do\nInovAvon, que traduz a estrat\u00e9gia de crescimento da companhia, transformando\nseu modelo de neg\u00f3cio e construindo vidas mais bonitas para todos<\/em>\u201d,\ncompleta Jos\u00e9 Vicente Marino, presidente da Avon Brasil.<\/p>\n\n\n\n<p>A parceria traz ganhos para ambas\nas marcas.Significa mais r\u00e1pido e f\u00e1cil acesso dos consumidores e\nrevendedoras Avon aos produtos, al\u00e9m da possibilidade de experimenta\u00e7\u00e3o. J\u00e1 a\nPernambucanas, incrementa ainda mais o sortimento oferecido \u00e0s fam\u00edlias\nbrasileiras, que em um s\u00f3 lugar, encontram diversos itens de moda, lar, eletroport\u00e1teis,\ntelefonia, inform\u00e1tica, servi\u00e7os financeiros, e agora, de beleza, que tamb\u00e9m\nestar\u00e3o dispon\u00edveis nos canais digitais da rede varejista para todo o\nBrasil.&nbsp; <\/p>\n\n\n\n<p>Lan\u00e7ada nesta semana, os clientes tamb\u00e9m j\u00e1 poder\u00e3o conferir\na nova cole\u00e7\u00e3o Primavera Ver\u00e3o 2019-2020 da\nPernambucanas, de moda e lar, que traz os temas n\u00f4made e saf\u00e1ri, al\u00e9m de muitos\nflorais, como inspira\u00e7\u00f5es para a esta\u00e7\u00e3o mais colorida do ano. E para comemorar a reinaugura\u00e7\u00e3o da Loja Pernambucanas\ndo Shopping Interlagos, entre os dias 15 e 18 de agosto, as linhas de\nvestu\u00e1rio, lar e os rel\u00f3gios estar\u00e3o com 20% de desconto nas compras feitas com\no Cart\u00e3o Pernambucanas. <\/p>\n\n\n\n<p><strong>Servi\u00e7o<\/strong><\/p>\n\n\n\n<p>Loja Shopping Interlagos \u2013 S\u00e3o\nPaulo <\/p>\n\n\n\n<p>Data: 15 de agosto (quinta-feira)<\/p>\n\n\n\n<p>Endere\u00e7o:&nbsp; Av. Interlagos,\n2.255, Interlagos \u2013 SP (Shopping Interlagos \u2013 piso t\u00e9rreo)<\/p>\n\n\n\n<p>Hora: 10h (abertura oficial ao\np\u00fablico) <\/p>\n","protected":false},"excerpt":{"rendered":"<p>As gigantes Avon e Pernambucanas ativaram efetivamente a parceria in\u00e9dita, firmada no m\u00eas passado, de um projeto-piloto para comercializar os produtos das linhas de perfumes, maquiagem e cuidados para o corpo da marca de cosm\u00e9ticos em 32 lojas f\u00edsicas e nos canais digitais da varejista (app, site e tablets dispon\u00edveis em todas as mais de [&hellip;]<\/p>\n","protected":false},"author":1,"featured_media":10992,"comment_status":"open","ping_status":"open","sticky":false,"template":"","format":"standard","meta":{"tdm_status":"","tdm_grid_status":"","footnotes":""},"categories":[6],"tags":[1528,28,235,1936],"class_list":["post-10991","post","type-post","status-publish","format-standard","has-post-thumbnail","hentry","category-noticias","tag-avon","tag-marketing","tag-parceria","tag-pernambucanas"],"yoast_head":"<!-- This site is optimized with the Yoast SEO plugin v27.5 - https:\/\/yoast.com\/product\/yoast-seo-wordpress\/ -->\n<title>Pernambucanas inicia a venda de produtos Avon - CidadeMarketing<\/title>\n<meta name=\"robots\" content=\"index, follow, max-snippet:-1, max-image-preview:large, max-video-preview:-1\" \/>\n<link rel=\"canonical\" href=\"https:\/\/www.cidademarketing.com.br\/marketing\/2019\/08\/18\/pernambucanas-inicia-a-venda-de-produtos-avon\/\" \/>\n<meta property=\"og:locale\" content=\"pt_BR\" \/>\n<meta property=\"og:type\" content=\"article\" \/>\n<meta property=\"og:title\" content=\"Pernambucanas inicia a venda de produtos Avon - CidadeMarketing\" \/>\n<meta property=\"og:description\" content=\"As gigantes Avon e Pernambucanas ativaram efetivamente a parceria in\u00e9dita, firmada no m\u00eas passado, de um projeto-piloto para comercializar os produtos das linhas de perfumes, maquiagem e cuidados para o corpo da marca de cosm\u00e9ticos em 32 lojas f\u00edsicas e nos canais digitais da varejista (app, site e tablets dispon\u00edveis em todas as mais de [&hellip;]\" \/>\n<meta property=\"og:url\" content=\"https:\/\/www.cidademarketing.com.br\/marketing\/2019\/08\/18\/pernambucanas-inicia-a-venda-de-produtos-avon\/\" \/>\n<meta property=\"og:site_name\" content=\"CidadeMarketing\" \/>\n<meta property=\"article:publisher\" content=\"https:\/\/www.facebook.com\/portalcidademarketing\" \/>\n<meta property=\"article:author\" content=\"https:\/\/www.facebook.com\/thalesbrandao\" \/>\n<meta property=\"article:published_time\" content=\"2019-08-18T04:28:36+00:00\" \/>\n<meta property=\"article:modified_time\" content=\"2019-08-18T04:28:38+00:00\" \/>\n<meta property=\"og:image\" content=\"https:\/\/www.cidademarketing.com.br\/marketing\/wp-content\/uploads\/2019\/04\/cropped-avon_marca.png\" \/>\n\t<meta property=\"og:image:width\" content=\"1120\" \/>\n\t<meta property=\"og:image:height\" content=\"630\" \/>\n\t<meta property=\"og:image:type\" content=\"image\/png\" \/>\n<meta name=\"author\" content=\"Thales Brand\u00e3o\" \/>\n<meta name=\"twitter:card\" content=\"summary_large_image\" \/>\n<meta name=\"twitter:creator\" content=\"@http:\/\/www.twitter.com\/thalesbrandao\" \/>\n<meta name=\"twitter:site\" content=\"@CidadeMarketing\" \/>\n<meta name=\"twitter:label1\" content=\"Escrito por\" \/>\n\t<meta name=\"twitter:data1\" content=\"Thales Brand\u00e3o\" \/>\n\t<meta name=\"twitter:label2\" content=\"Est. tempo de leitura\" \/>\n\t<meta name=\"twitter:data2\" content=\"3 minutos\" \/>\n<script type=\"application\/ld+json\" class=\"yoast-schema-graph\">{\"@context\":\"https:\\\/\\\/schema.org\",\"@graph\":[{\"@type\":\"Article\",\"@id\":\"https:\\\/\\\/www.cidademarketing.com.br\\\/marketing\\\/2019\\\/08\\\/18\\\/pernambucanas-inicia-a-venda-de-produtos-avon\\\/#article\",\"isPartOf\":{\"@id\":\"https:\\\/\\\/www.cidademarketing.com.br\\\/marketing\\\/2019\\\/08\\\/18\\\/pernambucanas-inicia-a-venda-de-produtos-avon\\\/\"},\"author\":{\"name\":\"Thales Brand\u00e3o\",\"@id\":\"https:\\\/\\\/www.cidademarketing.com.br\\\/marketing\\\/#\\\/schema\\\/person\\\/02daff9f18bd9378c9e01eb6b2db155f\"},\"headline\":\"Pernambucanas inicia a venda de produtos Avon\",\"datePublished\":\"2019-08-18T04:28:36+00:00\",\"dateModified\":\"2019-08-18T04:28:38+00:00\",\"mainEntityOfPage\":{\"@id\":\"https:\\\/\\\/www.cidademarketing.com.br\\\/marketing\\\/2019\\\/08\\\/18\\\/pernambucanas-inicia-a-venda-de-produtos-avon\\\/\"},\"wordCount\":642,\"commentCount\":0,\"publisher\":{\"@id\":\"https:\\\/\\\/www.cidademarketing.com.br\\\/marketing\\\/#organization\"},\"image\":{\"@id\":\"https:\\\/\\\/www.cidademarketing.com.br\\\/marketing\\\/2019\\\/08\\\/18\\\/pernambucanas-inicia-a-venda-de-produtos-avon\\\/#primaryimage\"},\"thumbnailUrl\":\"https:\\\/\\\/www.cidademarketing.com.br\\\/marketing\\\/wp-content\\\/uploads\\\/2019\\\/04\\\/cropped-avon_marca.png\",\"keywords\":[\"Avon\",\"marketing\",\"parceria\",\"Pernambucanas\"],\"articleSection\":[\"Not\u00edcias\"],\"inLanguage\":\"pt-BR\",\"potentialAction\":[{\"@type\":\"CommentAction\",\"name\":\"Comment\",\"target\":[\"https:\\\/\\\/www.cidademarketing.com.br\\\/marketing\\\/2019\\\/08\\\/18\\\/pernambucanas-inicia-a-venda-de-produtos-avon\\\/#respond\"]}]},{\"@type\":\"WebPage\",\"@id\":\"https:\\\/\\\/www.cidademarketing.com.br\\\/marketing\\\/2019\\\/08\\\/18\\\/pernambucanas-inicia-a-venda-de-produtos-avon\\\/\",\"url\":\"https:\\\/\\\/www.cidademarketing.com.br\\\/marketing\\\/2019\\\/08\\\/18\\\/pernambucanas-inicia-a-venda-de-produtos-avon\\\/\",\"name\":\"Pernambucanas inicia a venda de produtos Avon - CidadeMarketing\",\"isPartOf\":{\"@id\":\"https:\\\/\\\/www.cidademarketing.com.br\\\/marketing\\\/#website\"},\"primaryImageOfPage\":{\"@id\":\"https:\\\/\\\/www.cidademarketing.com.br\\\/marketing\\\/2019\\\/08\\\/18\\\/pernambucanas-inicia-a-venda-de-produtos-avon\\\/#primaryimage\"},\"image\":{\"@id\":\"https:\\\/\\\/www.cidademarketing.com.br\\\/marketing\\\/2019\\\/08\\\/18\\\/pernambucanas-inicia-a-venda-de-produtos-avon\\\/#primaryimage\"},\"thumbnailUrl\":\"https:\\\/\\\/www.cidademarketing.com.br\\\/marketing\\\/wp-content\\\/uploads\\\/2019\\\/04\\\/cropped-avon_marca.png\",\"datePublished\":\"2019-08-18T04:28:36+00:00\",\"dateModified\":\"2019-08-18T04:28:38+00:00\",\"breadcrumb\":{\"@id\":\"https:\\\/\\\/www.cidademarketing.com.br\\\/marketing\\\/2019\\\/08\\\/18\\\/pernambucanas-inicia-a-venda-de-produtos-avon\\\/#breadcrumb\"},\"inLanguage\":\"pt-BR\",\"potentialAction\":[{\"@type\":\"ReadAction\",\"target\":[\"https:\\\/\\\/www.cidademarketing.com.br\\\/marketing\\\/2019\\\/08\\\/18\\\/pernambucanas-inicia-a-venda-de-produtos-avon\\\/\"]}]},{\"@type\":\"ImageObject\",\"inLanguage\":\"pt-BR\",\"@id\":\"https:\\\/\\\/www.cidademarketing.com.br\\\/marketing\\\/2019\\\/08\\\/18\\\/pernambucanas-inicia-a-venda-de-produtos-avon\\\/#primaryimage\",\"url\":\"https:\\\/\\\/www.cidademarketing.com.br\\\/marketing\\\/wp-content\\\/uploads\\\/2019\\\/04\\\/cropped-avon_marca.png\",\"contentUrl\":\"https:\\\/\\\/www.cidademarketing.com.br\\\/marketing\\\/wp-content\\\/uploads\\\/2019\\\/04\\\/cropped-avon_marca.png\",\"width\":1120,\"height\":630},{\"@type\":\"BreadcrumbList\",\"@id\":\"https:\\\/\\\/www.cidademarketing.com.br\\\/marketing\\\/2019\\\/08\\\/18\\\/pernambucanas-inicia-a-venda-de-produtos-avon\\\/#breadcrumb\",\"itemListElement\":[{\"@type\":\"ListItem\",\"position\":1,\"name\":\"In\u00edcio\",\"item\":\"https:\\\/\\\/www.cidademarketing.com.br\\\/marketing\\\/\"},{\"@type\":\"ListItem\",\"position\":2,\"name\":\"Pernambucanas inicia a venda de produtos Avon\"}]},{\"@type\":\"WebSite\",\"@id\":\"https:\\\/\\\/www.cidademarketing.com.br\\\/marketing\\\/#website\",\"url\":\"https:\\\/\\\/www.cidademarketing.com.br\\\/marketing\\\/\",\"name\":\"CidadeMarketing\",\"description\":\"Somos um ve\u00edculo de comunica\u00e7\u00e3o de destaque no Brasil, reconhecido por conte\u00fados nos segmentos de marketing, empreendedorismo e inova\u00e7\u00e3o.\",\"publisher\":{\"@id\":\"https:\\\/\\\/www.cidademarketing.com.br\\\/marketing\\\/#organization\"},\"alternateName\":\"CidadeMarketing\",\"potentialAction\":[{\"@type\":\"SearchAction\",\"target\":{\"@type\":\"EntryPoint\",\"urlTemplate\":\"https:\\\/\\\/www.cidademarketing.com.br\\\/marketing\\\/?s={search_term_string}\"},\"query-input\":{\"@type\":\"PropertyValueSpecification\",\"valueRequired\":true,\"valueName\":\"search_term_string\"}}],\"inLanguage\":\"pt-BR\"},{\"@type\":\"Organization\",\"@id\":\"https:\\\/\\\/www.cidademarketing.com.br\\\/marketing\\\/#organization\",\"name\":\"CidadeMarketing\",\"alternateName\":\"CidadeMarketing\",\"url\":\"https:\\\/\\\/www.cidademarketing.com.br\\\/marketing\\\/\",\"logo\":{\"@type\":\"ImageObject\",\"inLanguage\":\"pt-BR\",\"@id\":\"https:\\\/\\\/www.cidademarketing.com.br\\\/marketing\\\/#\\\/schema\\\/logo\\\/image\\\/\",\"url\":\"https:\\\/\\\/www.cidademarketing.com.br\\\/marketing\\\/wp-content\\\/uploads\\\/2020\\\/01\\\/cidademarketing_marca_mobile.png\",\"contentUrl\":\"https:\\\/\\\/www.cidademarketing.com.br\\\/marketing\\\/wp-content\\\/uploads\\\/2020\\\/01\\\/cidademarketing_marca_mobile.png\",\"width\":230,\"height\":92,\"caption\":\"CidadeMarketing\"},\"image\":{\"@id\":\"https:\\\/\\\/www.cidademarketing.com.br\\\/marketing\\\/#\\\/schema\\\/logo\\\/image\\\/\"},\"sameAs\":[\"https:\\\/\\\/www.facebook.com\\\/portalcidademarketing\",\"https:\\\/\\\/x.com\\\/CidadeMarketing\",\"https:\\\/\\\/www.instagram.com\\\/cidademarketing\\\/\"]},{\"@type\":\"Person\",\"@id\":\"https:\\\/\\\/www.cidademarketing.com.br\\\/marketing\\\/#\\\/schema\\\/person\\\/02daff9f18bd9378c9e01eb6b2db155f\",\"name\":\"Thales Brand\u00e3o\",\"image\":{\"@type\":\"ImageObject\",\"inLanguage\":\"pt-BR\",\"@id\":\"https:\\\/\\\/secure.gravatar.com\\\/avatar\\\/7ca3206950207cc3cb48feec56a8a7898741ab725c368d99d5d7a5a50aab80c6?s=96&d=mm&r=g\",\"url\":\"https:\\\/\\\/secure.gravatar.com\\\/avatar\\\/7ca3206950207cc3cb48feec56a8a7898741ab725c368d99d5d7a5a50aab80c6?s=96&d=mm&r=g\",\"contentUrl\":\"https:\\\/\\\/secure.gravatar.com\\\/avatar\\\/7ca3206950207cc3cb48feec56a8a7898741ab725c368d99d5d7a5a50aab80c6?s=96&d=mm&r=g\",\"caption\":\"Thales Brand\u00e3o\"},\"description\":\"Editor Executivo do Portal CidadeMarketing.com.br &gt; Mestre em Comunica\u00e7\u00e3o e Sociedade pela Universidade Federal de Sergipe. Possui MBA Executivo em Administra\u00e7\u00e3o com \u00eanfase em Marketing pela Funda\u00e7\u00e3o Get\u00falio Vargas - Rio de Janeiro. Consultor, Palestrante e Pesquisador sobre Empreendedorismo, Marketing, Redes Sociais e Neg\u00f3cios Digitais. Professor, Palestrante TedxTalks e Campus Party. Twitter: @ThalesBrandao\",\"sameAs\":[\"http:\\\/\\\/www.mandacaru.com.br\",\"https:\\\/\\\/www.facebook.com\\\/thalesbrandao\",\"http:\\\/\\\/www.instagram.com.br\\\/thalesbrandaoferreira\",\"https:\\\/\\\/www.linkedin.com\\\/in\\\/thales-brand\u00e3o-3948609\\\/\",\"https:\\\/\\\/x.com\\\/http:\\\/\\\/www.twitter.com\\\/thalesbrandao\"],\"url\":\"https:\\\/\\\/www.cidademarketing.com.br\\\/marketing\\\/author\\\/thalesbrandao\\\/\"}]}<\/script>\n<!-- \/ Yoast SEO plugin. -->","yoast_head_json":{"title":"Pernambucanas inicia a venda de produtos Avon - CidadeMarketing","robots":{"index":"index","follow":"follow","max-snippet":"max-snippet:-1","max-image-preview":"max-image-preview:large","max-video-preview":"max-video-preview:-1"},"canonical":"https:\/\/www.cidademarketing.com.br\/marketing\/2019\/08\/18\/pernambucanas-inicia-a-venda-de-produtos-avon\/","og_locale":"pt_BR","og_type":"article","og_title":"Pernambucanas inicia a venda de produtos Avon - CidadeMarketing","og_description":"As gigantes Avon e Pernambucanas ativaram efetivamente a parceria in\u00e9dita, firmada no m\u00eas passado, de um projeto-piloto para comercializar os produtos das linhas de perfumes, maquiagem e cuidados para o corpo da marca de cosm\u00e9ticos em 32 lojas f\u00edsicas e nos canais digitais da varejista (app, site e tablets dispon\u00edveis em todas as mais de [&hellip;]","og_url":"https:\/\/www.cidademarketing.com.br\/marketing\/2019\/08\/18\/pernambucanas-inicia-a-venda-de-produtos-avon\/","og_site_name":"CidadeMarketing","article_publisher":"https:\/\/www.facebook.com\/portalcidademarketing","article_author":"https:\/\/www.facebook.com\/thalesbrandao","article_published_time":"2019-08-18T04:28:36+00:00","article_modified_time":"2019-08-18T04:28:38+00:00","og_image":[{"width":1120,"height":630,"url":"https:\/\/www.cidademarketing.com.br\/marketing\/wp-content\/uploads\/2019\/04\/cropped-avon_marca.png","type":"image\/png"}],"author":"Thales Brand\u00e3o","twitter_card":"summary_large_image","twitter_creator":"@http:\/\/www.twitter.com\/thalesbrandao","twitter_site":"@CidadeMarketing","twitter_misc":{"Escrito por":"Thales Brand\u00e3o","Est. tempo de leitura":"3 minutos"},"schema":{"@context":"https:\/\/schema.org","@graph":[{"@type":"Article","@id":"https:\/\/www.cidademarketing.com.br\/marketing\/2019\/08\/18\/pernambucanas-inicia-a-venda-de-produtos-avon\/#article","isPartOf":{"@id":"https:\/\/www.cidademarketing.com.br\/marketing\/2019\/08\/18\/pernambucanas-inicia-a-venda-de-produtos-avon\/"},"author":{"name":"Thales Brand\u00e3o","@id":"https:\/\/www.cidademarketing.com.br\/marketing\/#\/schema\/person\/02daff9f18bd9378c9e01eb6b2db155f"},"headline":"Pernambucanas inicia a venda de produtos Avon","datePublished":"2019-08-18T04:28:36+00:00","dateModified":"2019-08-18T04:28:38+00:00","mainEntityOfPage":{"@id":"https:\/\/www.cidademarketing.com.br\/marketing\/2019\/08\/18\/pernambucanas-inicia-a-venda-de-produtos-avon\/"},"wordCount":642,"commentCount":0,"publisher":{"@id":"https:\/\/www.cidademarketing.com.br\/marketing\/#organization"},"image":{"@id":"https:\/\/www.cidademarketing.com.br\/marketing\/2019\/08\/18\/pernambucanas-inicia-a-venda-de-produtos-avon\/#primaryimage"},"thumbnailUrl":"https:\/\/www.cidademarketing.com.br\/marketing\/wp-content\/uploads\/2019\/04\/cropped-avon_marca.png","keywords":["Avon","marketing","parceria","Pernambucanas"],"articleSection":["Not\u00edcias"],"inLanguage":"pt-BR","potentialAction":[{"@type":"CommentAction","name":"Comment","target":["https:\/\/www.cidademarketing.com.br\/marketing\/2019\/08\/18\/pernambucanas-inicia-a-venda-de-produtos-avon\/#respond"]}]},{"@type":"WebPage","@id":"https:\/\/www.cidademarketing.com.br\/marketing\/2019\/08\/18\/pernambucanas-inicia-a-venda-de-produtos-avon\/","url":"https:\/\/www.cidademarketing.com.br\/marketing\/2019\/08\/18\/pernambucanas-inicia-a-venda-de-produtos-avon\/","name":"Pernambucanas inicia a venda de produtos Avon - CidadeMarketing","isPartOf":{"@id":"https:\/\/www.cidademarketing.com.br\/marketing\/#website"},"primaryImageOfPage":{"@id":"https:\/\/www.cidademarketing.com.br\/marketing\/2019\/08\/18\/pernambucanas-inicia-a-venda-de-produtos-avon\/#primaryimage"},"image":{"@id":"https:\/\/www.cidademarketing.com.br\/marketing\/2019\/08\/18\/pernambucanas-inicia-a-venda-de-produtos-avon\/#primaryimage"},"thumbnailUrl":"https:\/\/www.cidademarketing.com.br\/marketing\/wp-content\/uploads\/2019\/04\/cropped-avon_marca.png","datePublished":"2019-08-18T04:28:36+00:00","dateModified":"2019-08-18T04:28:38+00:00","breadcrumb":{"@id":"https:\/\/www.cidademarketing.com.br\/marketing\/2019\/08\/18\/pernambucanas-inicia-a-venda-de-produtos-avon\/#breadcrumb"},"inLanguage":"pt-BR","potentialAction":[{"@type":"ReadAction","target":["https:\/\/www.cidademarketing.com.br\/marketing\/2019\/08\/18\/pernambucanas-inicia-a-venda-de-produtos-avon\/"]}]},{"@type":"ImageObject","inLanguage":"pt-BR","@id":"https:\/\/www.cidademarketing.com.br\/marketing\/2019\/08\/18\/pernambucanas-inicia-a-venda-de-produtos-avon\/#primaryimage","url":"https:\/\/www.cidademarketing.com.br\/marketing\/wp-content\/uploads\/2019\/04\/cropped-avon_marca.png","contentUrl":"https:\/\/www.cidademarketing.com.br\/marketing\/wp-content\/uploads\/2019\/04\/cropped-avon_marca.png","width":1120,"height":630},{"@type":"BreadcrumbList","@id":"https:\/\/www.cidademarketing.com.br\/marketing\/2019\/08\/18\/pernambucanas-inicia-a-venda-de-produtos-avon\/#breadcrumb","itemListElement":[{"@type":"ListItem","position":1,"name":"In\u00edcio","item":"https:\/\/www.cidademarketing.com.br\/marketing\/"},{"@type":"ListItem","position":2,"name":"Pernambucanas inicia a venda de produtos Avon"}]},{"@type":"WebSite","@id":"https:\/\/www.cidademarketing.com.br\/marketing\/#website","url":"https:\/\/www.cidademarketing.com.br\/marketing\/","name":"CidadeMarketing","description":"Somos um ve\u00edculo de comunica\u00e7\u00e3o de destaque no Brasil, reconhecido por conte\u00fados nos segmentos de marketing, empreendedorismo e inova\u00e7\u00e3o.","publisher":{"@id":"https:\/\/www.cidademarketing.com.br\/marketing\/#organization"},"alternateName":"CidadeMarketing","potentialAction":[{"@type":"SearchAction","target":{"@type":"EntryPoint","urlTemplate":"https:\/\/www.cidademarketing.com.br\/marketing\/?s={search_term_string}"},"query-input":{"@type":"PropertyValueSpecification","valueRequired":true,"valueName":"search_term_string"}}],"inLanguage":"pt-BR"},{"@type":"Organization","@id":"https:\/\/www.cidademarketing.com.br\/marketing\/#organization","name":"CidadeMarketing","alternateName":"CidadeMarketing","url":"https:\/\/www.cidademarketing.com.br\/marketing\/","logo":{"@type":"ImageObject","inLanguage":"pt-BR","@id":"https:\/\/www.cidademarketing.com.br\/marketing\/#\/schema\/logo\/image\/","url":"https:\/\/www.cidademarketing.com.br\/marketing\/wp-content\/uploads\/2020\/01\/cidademarketing_marca_mobile.png","contentUrl":"https:\/\/www.cidademarketing.com.br\/marketing\/wp-content\/uploads\/2020\/01\/cidademarketing_marca_mobile.png","width":230,"height":92,"caption":"CidadeMarketing"},"image":{"@id":"https:\/\/www.cidademarketing.com.br\/marketing\/#\/schema\/logo\/image\/"},"sameAs":["https:\/\/www.facebook.com\/portalcidademarketing","https:\/\/x.com\/CidadeMarketing","https:\/\/www.instagram.com\/cidademarketing\/"]},{"@type":"Person","@id":"https:\/\/www.cidademarketing.com.br\/marketing\/#\/schema\/person\/02daff9f18bd9378c9e01eb6b2db155f","name":"Thales Brand\u00e3o","image":{"@type":"ImageObject","inLanguage":"pt-BR","@id":"https:\/\/secure.gravatar.com\/avatar\/7ca3206950207cc3cb48feec56a8a7898741ab725c368d99d5d7a5a50aab80c6?s=96&d=mm&r=g","url":"https:\/\/secure.gravatar.com\/avatar\/7ca3206950207cc3cb48feec56a8a7898741ab725c368d99d5d7a5a50aab80c6?s=96&d=mm&r=g","contentUrl":"https:\/\/secure.gravatar.com\/avatar\/7ca3206950207cc3cb48feec56a8a7898741ab725c368d99d5d7a5a50aab80c6?s=96&d=mm&r=g","caption":"Thales Brand\u00e3o"},"description":"Editor Executivo do Portal CidadeMarketing.com.br &gt; Mestre em Comunica\u00e7\u00e3o e Sociedade pela Universidade Federal de Sergipe. Possui MBA Executivo em Administra\u00e7\u00e3o com \u00eanfase em Marketing pela Funda\u00e7\u00e3o Get\u00falio Vargas - Rio de Janeiro. Consultor, Palestrante e Pesquisador sobre Empreendedorismo, Marketing, Redes Sociais e Neg\u00f3cios Digitais. Professor, Palestrante TedxTalks e Campus Party. Twitter: @ThalesBrandao","sameAs":["http:\/\/www.mandacaru.com.br","https:\/\/www.facebook.com\/thalesbrandao","http:\/\/www.instagram.com.br\/thalesbrandaoferreira","https:\/\/www.linkedin.com\/in\/thales-brand\u00e3o-3948609\/","https:\/\/x.com\/http:\/\/www.twitter.com\/thalesbrandao"],"url":"https:\/\/www.cidademarketing.com.br\/marketing\/author\/thalesbrandao\/"}]}},"amp_enabled":true,"_links":{"self":[{"href":"https:\/\/www.cidademarketing.com.br\/marketing\/wp-json\/wp\/v2\/posts\/10991","targetHints":{"allow":["GET"]}}],"collection":[{"href":"https:\/\/www.cidademarketing.com.br\/marketing\/wp-json\/wp\/v2\/posts"}],"about":[{"href":"https:\/\/www.cidademarketing.com.br\/marketing\/wp-json\/wp\/v2\/types\/post"}],"author":[{"embeddable":true,"href":"https:\/\/www.cidademarketing.com.br\/marketing\/wp-json\/wp\/v2\/users\/1"}],"replies":[{"embeddable":true,"href":"https:\/\/www.cidademarketing.com.br\/marketing\/wp-json\/wp\/v2\/comments?post=10991"}],"version-history":[{"count":1,"href":"https:\/\/www.cidademarketing.com.br\/marketing\/wp-json\/wp\/v2\/posts\/10991\/revisions"}],"predecessor-version":[{"id":10993,"href":"https:\/\/www.cidademarketing.com.br\/marketing\/wp-json\/wp\/v2\/posts\/10991\/revisions\/10993"}],"wp:featuredmedia":[{"embeddable":true,"href":"https:\/\/www.cidademarketing.com.br\/marketing\/wp-json\/wp\/v2\/media\/10992"}],"wp:attachment":[{"href":"https:\/\/www.cidademarketing.com.br\/marketing\/wp-json\/wp\/v2\/media?parent=10991"}],"wp:term":[{"taxonomy":"category","embeddable":true,"href":"https:\/\/www.cidademarketing.com.br\/marketing\/wp-json\/wp\/v2\/categories?post=10991"},{"taxonomy":"post_tag","embeddable":true,"href":"https:\/\/www.cidademarketing.com.br\/marketing\/wp-json\/wp\/v2\/tags?post=10991"}],"curies":[{"name":"wp","href":"https:\/\/api.w.org\/{rel}","templated":true}]}}