{"id":10982,"date":"2019-08-17T00:54:57","date_gmt":"2019-08-16T20:54:57","guid":{"rendered":"https:\/\/www.cidademarketing.com.br\/marketing\/?p=10982"},"modified":"2019-08-17T00:55:32","modified_gmt":"2019-08-16T20:55:32","slug":"se-aprovada-a-reforma-da-previdencia-ministro-da-educacao-afirma-que-recursos-contingenciados-das-universidades-podem-ser-desbloqueados","status":"publish","type":"post","link":"https:\/\/www.cidademarketing.com.br\/marketing\/2019\/08\/17\/se-aprovada-a-reforma-da-previdencia-ministro-da-educacao-afirma-que-recursos-contingenciados-das-universidades-podem-ser-desbloqueados\/","title":{"rendered":"Ministro da Educa\u00e7\u00e3o afirma que recursos contingenciados das universidades podem ser desbloqueados"},"content":{"rendered":"\n<p>O ministro da Educa\u00e7\u00e3o, Abraham Weintraub disse hoje (16) que o cen\u00e1rio indica a possibilidade de que os recursos contingenciados das universidades podem ser desbloqueados a partir de setembro. De acordo com o ministro, a aprova\u00e7\u00e3o da reforma da Previd\u00eancia cria um ambiente favor\u00e1vel para a retomada da atividade econ\u00f4mica e como consequ\u00eancia o aumento na arrecada\u00e7\u00e3o de impostos, o que aliviaria o caixa do governo, permitindo descontingenciar os recursos.<\/p>\n\n\n\n<p>\u201cDesde o primeiro momento a gente falou que contingenciamento n\u00e3o era corte, que a gente ia administrar uma crise herdada por governos passado na boca do caixa e que a previs\u00e3o era que, caso passasse a reforma da Previd\u00eancia, provavelmente j\u00e1 em setembro a gente teria um descontingenciamento. Simplesmente eu t\u00f4 mantendo tudo o que eu estou falando h\u00e1 120 dias\u201d, disse Weintraub.<\/p>\n\n\n\n<h2 class=\"wp-block-heading\">Parceria<\/h2>\n\n\n\n<p>A afirma\u00e7\u00e3o foi feita durante coletiva do Minist\u00e9rio da Educa\u00e7\u00e3o (MEC) para falar sobre o acordo com institui\u00e7\u00f5es de ensino superior de Portugal, para que elas aceitem as notas do Exame Nacional do Ensino M\u00e9dio como forma de sele\u00e7\u00e3o de estudantes brasileiros em seus cursos de gradua\u00e7\u00e3o.&nbsp;<\/p>\n\n\n\n<h2 class=\"wp-block-heading\">Andifes<\/h2>\n\n\n\n<p>Nesta quinta-feira (15), o ministro se reuniu com reitores da Associa\u00e7\u00e3o Nacional dos Dirigentes das Institui\u00e7\u00f5es Federais de Ensino Superior (Andifes). Na ocasi\u00e3o, Weintraub acenou que o repasse no or\u00e7amento das universidades e institutos federais come\u00e7a a ser revertido a partir do pr\u00f3ximo m\u00eas.<\/p>\n\n\n\n<p>Na ocasi\u00e3o, a Andifes disse que o ministro reconheceu que a situa\u00e7\u00e3o econ\u00f4mica do pa\u00eds exigiu um contingenciamento que limitou as a\u00e7\u00f5es no MEC e nas universidades. \u201cMas disse tamb\u00e9m que a arrecada\u00e7\u00e3o melhor no m\u00eas de agosto, junto com o recebimento de dividendos por parte do Governo Federal, permitir\u00e1 um desbloqueio a partir do m\u00eas de setembro\u201d, disse a Andifes em nota.<\/p>\n\n\n\n<h2 class=\"wp-block-heading\">Bloqueio<\/h2>\n\n\n\n<p>Em mar\u00e7o, o governo anunciou&nbsp;contingenciamento&nbsp;no or\u00e7amento das universidades e institutos federais de educa\u00e7\u00e3o no montante de R$ 2 bilh\u00f5es da verba prevista, o equivalente a 29,74% do total do or\u00e7amento anual. Segundo o ministro, o bloqueio da verba foi necess\u00e1rio devido \u00e0 redu\u00e7\u00e3o na previs\u00e3o de crescimento do pa\u00eds este ano. O Or\u00e7amento elaborado no ano passado previa um crescimento de 2,5% no ano, o que j\u00e1 foi descartado pelo governo. Al\u00e9m disso, com o recuo da atividade econ\u00f4mica no primeiro semestre, houve uma redu\u00e7\u00e3o na arrecada\u00e7\u00e3o.<\/p>\n\n\n\n<p>CidadeMarketing com informa\u00e7\u00f5es a Ag\u00eancia Brasil.<\/p>\n","protected":false},"excerpt":{"rendered":"<p>O ministro da Educa\u00e7\u00e3o, Abraham Weintraub disse hoje (16) que o cen\u00e1rio indica a possibilidade de que os recursos contingenciados das universidades podem ser desbloqueados a partir de setembro. De acordo com o ministro, a aprova\u00e7\u00e3o da reforma da Previd\u00eancia cria um ambiente favor\u00e1vel para a retomada da atividade econ\u00f4mica e como consequ\u00eancia o aumento [&hellip;]<\/p>\n","protected":false},"author":1,"featured_media":10984,"comment_status":"open","ping_status":"open","sticky":false,"template":"","format":"standard","meta":{"tdm_status":"","tdm_grid_status":"","footnotes":""},"categories":[6],"tags":[100,1207,1842],"class_list":["post-10982","post","type-post","status-publish","format-standard","has-post-thumbnail","hentry","category-noticias","tag-educacao","tag-ministerio-da-educacao","tag-recursos"],"yoast_head":"<!-- This site is optimized with the Yoast SEO plugin v27.5 - https:\/\/yoast.com\/product\/yoast-seo-wordpress\/ -->\n<title>Ministro da Educa\u00e7\u00e3o afirma que recursos contingenciados das universidades podem ser desbloqueados - CidadeMarketing<\/title>\n<meta name=\"robots\" content=\"index, follow, max-snippet:-1, max-image-preview:large, max-video-preview:-1\" \/>\n<link rel=\"canonical\" href=\"https:\/\/www.cidademarketing.com.br\/marketing\/2019\/08\/17\/se-aprovada-a-reforma-da-previdencia-ministro-da-educacao-afirma-que-recursos-contingenciados-das-universidades-podem-ser-desbloqueados\/\" \/>\n<meta property=\"og:locale\" content=\"pt_BR\" \/>\n<meta property=\"og:type\" content=\"article\" \/>\n<meta property=\"og:title\" content=\"Ministro da Educa\u00e7\u00e3o afirma que recursos contingenciados das universidades podem ser desbloqueados - CidadeMarketing\" \/>\n<meta property=\"og:description\" content=\"O ministro da Educa\u00e7\u00e3o, Abraham Weintraub disse hoje (16) que o cen\u00e1rio indica a possibilidade de que os recursos contingenciados das universidades podem ser desbloqueados a partir de setembro. De acordo com o ministro, a aprova\u00e7\u00e3o da reforma da Previd\u00eancia cria um ambiente favor\u00e1vel para a retomada da atividade econ\u00f4mica e como consequ\u00eancia o aumento [&hellip;]\" \/>\n<meta property=\"og:url\" content=\"https:\/\/www.cidademarketing.com.br\/marketing\/2019\/08\/17\/se-aprovada-a-reforma-da-previdencia-ministro-da-educacao-afirma-que-recursos-contingenciados-das-universidades-podem-ser-desbloqueados\/\" \/>\n<meta property=\"og:site_name\" content=\"CidadeMarketing\" \/>\n<meta property=\"article:publisher\" content=\"https:\/\/www.facebook.com\/portalcidademarketing\" \/>\n<meta property=\"article:author\" content=\"https:\/\/www.facebook.com\/thalesbrandao\" \/>\n<meta property=\"article:published_time\" content=\"2019-08-16T20:54:57+00:00\" \/>\n<meta property=\"article:modified_time\" content=\"2019-08-16T20:55:32+00:00\" \/>\n<meta property=\"og:image\" content=\"https:\/\/www.cidademarketing.com.br\/marketing\/wp-content\/uploads\/2019\/08\/ministrodaeducacao_.jpg\" \/>\n\t<meta property=\"og:image:width\" content=\"1140\" \/>\n\t<meta property=\"og:image:height\" content=\"760\" \/>\n\t<meta property=\"og:image:type\" content=\"image\/jpeg\" \/>\n<meta name=\"author\" content=\"Thales Brand\u00e3o\" \/>\n<meta name=\"twitter:card\" content=\"summary_large_image\" \/>\n<meta name=\"twitter:creator\" content=\"@http:\/\/www.twitter.com\/thalesbrandao\" \/>\n<meta name=\"twitter:site\" content=\"@CidadeMarketing\" \/>\n<meta name=\"twitter:label1\" content=\"Escrito por\" \/>\n\t<meta name=\"twitter:data1\" content=\"Thales Brand\u00e3o\" \/>\n\t<meta name=\"twitter:label2\" content=\"Est. tempo de leitura\" \/>\n\t<meta name=\"twitter:data2\" content=\"2 minutos\" \/>\n<script type=\"application\/ld+json\" class=\"yoast-schema-graph\">{\"@context\":\"https:\\\/\\\/schema.org\",\"@graph\":[{\"@type\":\"Article\",\"@id\":\"https:\\\/\\\/www.cidademarketing.com.br\\\/marketing\\\/2019\\\/08\\\/17\\\/se-aprovada-a-reforma-da-previdencia-ministro-da-educacao-afirma-que-recursos-contingenciados-das-universidades-podem-ser-desbloqueados\\\/#article\",\"isPartOf\":{\"@id\":\"https:\\\/\\\/www.cidademarketing.com.br\\\/marketing\\\/2019\\\/08\\\/17\\\/se-aprovada-a-reforma-da-previdencia-ministro-da-educacao-afirma-que-recursos-contingenciados-das-universidades-podem-ser-desbloqueados\\\/\"},\"author\":{\"name\":\"Thales Brand\u00e3o\",\"@id\":\"https:\\\/\\\/www.cidademarketing.com.br\\\/marketing\\\/#\\\/schema\\\/person\\\/02daff9f18bd9378c9e01eb6b2db155f\"},\"headline\":\"Ministro da Educa\u00e7\u00e3o afirma que recursos contingenciados das universidades podem ser desbloqueados\",\"datePublished\":\"2019-08-16T20:54:57+00:00\",\"dateModified\":\"2019-08-16T20:55:32+00:00\",\"mainEntityOfPage\":{\"@id\":\"https:\\\/\\\/www.cidademarketing.com.br\\\/marketing\\\/2019\\\/08\\\/17\\\/se-aprovada-a-reforma-da-previdencia-ministro-da-educacao-afirma-que-recursos-contingenciados-das-universidades-podem-ser-desbloqueados\\\/\"},\"wordCount\":444,\"commentCount\":0,\"publisher\":{\"@id\":\"https:\\\/\\\/www.cidademarketing.com.br\\\/marketing\\\/#organization\"},\"image\":{\"@id\":\"https:\\\/\\\/www.cidademarketing.com.br\\\/marketing\\\/2019\\\/08\\\/17\\\/se-aprovada-a-reforma-da-previdencia-ministro-da-educacao-afirma-que-recursos-contingenciados-das-universidades-podem-ser-desbloqueados\\\/#primaryimage\"},\"thumbnailUrl\":\"https:\\\/\\\/www.cidademarketing.com.br\\\/marketing\\\/wp-content\\\/uploads\\\/2019\\\/08\\\/ministrodaeducacao_.jpg\",\"keywords\":[\"educa\u00e7\u00e3o\",\"Minist\u00e9rio da Educa\u00e7\u00e3o\",\"recursos\"],\"articleSection\":[\"Not\u00edcias\"],\"inLanguage\":\"pt-BR\",\"potentialAction\":[{\"@type\":\"CommentAction\",\"name\":\"Comment\",\"target\":[\"https:\\\/\\\/www.cidademarketing.com.br\\\/marketing\\\/2019\\\/08\\\/17\\\/se-aprovada-a-reforma-da-previdencia-ministro-da-educacao-afirma-que-recursos-contingenciados-das-universidades-podem-ser-desbloqueados\\\/#respond\"]}]},{\"@type\":\"WebPage\",\"@id\":\"https:\\\/\\\/www.cidademarketing.com.br\\\/marketing\\\/2019\\\/08\\\/17\\\/se-aprovada-a-reforma-da-previdencia-ministro-da-educacao-afirma-que-recursos-contingenciados-das-universidades-podem-ser-desbloqueados\\\/\",\"url\":\"https:\\\/\\\/www.cidademarketing.com.br\\\/marketing\\\/2019\\\/08\\\/17\\\/se-aprovada-a-reforma-da-previdencia-ministro-da-educacao-afirma-que-recursos-contingenciados-das-universidades-podem-ser-desbloqueados\\\/\",\"name\":\"Ministro da Educa\u00e7\u00e3o afirma que recursos contingenciados das universidades podem ser desbloqueados - CidadeMarketing\",\"isPartOf\":{\"@id\":\"https:\\\/\\\/www.cidademarketing.com.br\\\/marketing\\\/#website\"},\"primaryImageOfPage\":{\"@id\":\"https:\\\/\\\/www.cidademarketing.com.br\\\/marketing\\\/2019\\\/08\\\/17\\\/se-aprovada-a-reforma-da-previdencia-ministro-da-educacao-afirma-que-recursos-contingenciados-das-universidades-podem-ser-desbloqueados\\\/#primaryimage\"},\"image\":{\"@id\":\"https:\\\/\\\/www.cidademarketing.com.br\\\/marketing\\\/2019\\\/08\\\/17\\\/se-aprovada-a-reforma-da-previdencia-ministro-da-educacao-afirma-que-recursos-contingenciados-das-universidades-podem-ser-desbloqueados\\\/#primaryimage\"},\"thumbnailUrl\":\"https:\\\/\\\/www.cidademarketing.com.br\\\/marketing\\\/wp-content\\\/uploads\\\/2019\\\/08\\\/ministrodaeducacao_.jpg\",\"datePublished\":\"2019-08-16T20:54:57+00:00\",\"dateModified\":\"2019-08-16T20:55:32+00:00\",\"breadcrumb\":{\"@id\":\"https:\\\/\\\/www.cidademarketing.com.br\\\/marketing\\\/2019\\\/08\\\/17\\\/se-aprovada-a-reforma-da-previdencia-ministro-da-educacao-afirma-que-recursos-contingenciados-das-universidades-podem-ser-desbloqueados\\\/#breadcrumb\"},\"inLanguage\":\"pt-BR\",\"potentialAction\":[{\"@type\":\"ReadAction\",\"target\":[\"https:\\\/\\\/www.cidademarketing.com.br\\\/marketing\\\/2019\\\/08\\\/17\\\/se-aprovada-a-reforma-da-previdencia-ministro-da-educacao-afirma-que-recursos-contingenciados-das-universidades-podem-ser-desbloqueados\\\/\"]}]},{\"@type\":\"ImageObject\",\"inLanguage\":\"pt-BR\",\"@id\":\"https:\\\/\\\/www.cidademarketing.com.br\\\/marketing\\\/2019\\\/08\\\/17\\\/se-aprovada-a-reforma-da-previdencia-ministro-da-educacao-afirma-que-recursos-contingenciados-das-universidades-podem-ser-desbloqueados\\\/#primaryimage\",\"url\":\"https:\\\/\\\/www.cidademarketing.com.br\\\/marketing\\\/wp-content\\\/uploads\\\/2019\\\/08\\\/ministrodaeducacao_.jpg\",\"contentUrl\":\"https:\\\/\\\/www.cidademarketing.com.br\\\/marketing\\\/wp-content\\\/uploads\\\/2019\\\/08\\\/ministrodaeducacao_.jpg\",\"width\":1140,\"height\":760,\"caption\":\"Fabio Rodrigues Pozzebom\\\/Ag\u00eancia Brasil\"},{\"@type\":\"BreadcrumbList\",\"@id\":\"https:\\\/\\\/www.cidademarketing.com.br\\\/marketing\\\/2019\\\/08\\\/17\\\/se-aprovada-a-reforma-da-previdencia-ministro-da-educacao-afirma-que-recursos-contingenciados-das-universidades-podem-ser-desbloqueados\\\/#breadcrumb\",\"itemListElement\":[{\"@type\":\"ListItem\",\"position\":1,\"name\":\"In\u00edcio\",\"item\":\"https:\\\/\\\/www.cidademarketing.com.br\\\/marketing\\\/\"},{\"@type\":\"ListItem\",\"position\":2,\"name\":\"Ministro da Educa\u00e7\u00e3o afirma que recursos contingenciados das universidades podem ser desbloqueados\"}]},{\"@type\":\"WebSite\",\"@id\":\"https:\\\/\\\/www.cidademarketing.com.br\\\/marketing\\\/#website\",\"url\":\"https:\\\/\\\/www.cidademarketing.com.br\\\/marketing\\\/\",\"name\":\"CidadeMarketing\",\"description\":\"Somos um ve\u00edculo de comunica\u00e7\u00e3o de destaque no Brasil, reconhecido por conte\u00fados nos segmentos de marketing, empreendedorismo e inova\u00e7\u00e3o.\",\"publisher\":{\"@id\":\"https:\\\/\\\/www.cidademarketing.com.br\\\/marketing\\\/#organization\"},\"alternateName\":\"CidadeMarketing\",\"potentialAction\":[{\"@type\":\"SearchAction\",\"target\":{\"@type\":\"EntryPoint\",\"urlTemplate\":\"https:\\\/\\\/www.cidademarketing.com.br\\\/marketing\\\/?s={search_term_string}\"},\"query-input\":{\"@type\":\"PropertyValueSpecification\",\"valueRequired\":true,\"valueName\":\"search_term_string\"}}],\"inLanguage\":\"pt-BR\"},{\"@type\":\"Organization\",\"@id\":\"https:\\\/\\\/www.cidademarketing.com.br\\\/marketing\\\/#organization\",\"name\":\"CidadeMarketing\",\"alternateName\":\"CidadeMarketing\",\"url\":\"https:\\\/\\\/www.cidademarketing.com.br\\\/marketing\\\/\",\"logo\":{\"@type\":\"ImageObject\",\"inLanguage\":\"pt-BR\",\"@id\":\"https:\\\/\\\/www.cidademarketing.com.br\\\/marketing\\\/#\\\/schema\\\/logo\\\/image\\\/\",\"url\":\"https:\\\/\\\/www.cidademarketing.com.br\\\/marketing\\\/wp-content\\\/uploads\\\/2020\\\/01\\\/cidademarketing_marca_mobile.png\",\"contentUrl\":\"https:\\\/\\\/www.cidademarketing.com.br\\\/marketing\\\/wp-content\\\/uploads\\\/2020\\\/01\\\/cidademarketing_marca_mobile.png\",\"width\":230,\"height\":92,\"caption\":\"CidadeMarketing\"},\"image\":{\"@id\":\"https:\\\/\\\/www.cidademarketing.com.br\\\/marketing\\\/#\\\/schema\\\/logo\\\/image\\\/\"},\"sameAs\":[\"https:\\\/\\\/www.facebook.com\\\/portalcidademarketing\",\"https:\\\/\\\/x.com\\\/CidadeMarketing\",\"https:\\\/\\\/www.instagram.com\\\/cidademarketing\\\/\"]},{\"@type\":\"Person\",\"@id\":\"https:\\\/\\\/www.cidademarketing.com.br\\\/marketing\\\/#\\\/schema\\\/person\\\/02daff9f18bd9378c9e01eb6b2db155f\",\"name\":\"Thales Brand\u00e3o\",\"image\":{\"@type\":\"ImageObject\",\"inLanguage\":\"pt-BR\",\"@id\":\"https:\\\/\\\/secure.gravatar.com\\\/avatar\\\/7ca3206950207cc3cb48feec56a8a7898741ab725c368d99d5d7a5a50aab80c6?s=96&d=mm&r=g\",\"url\":\"https:\\\/\\\/secure.gravatar.com\\\/avatar\\\/7ca3206950207cc3cb48feec56a8a7898741ab725c368d99d5d7a5a50aab80c6?s=96&d=mm&r=g\",\"contentUrl\":\"https:\\\/\\\/secure.gravatar.com\\\/avatar\\\/7ca3206950207cc3cb48feec56a8a7898741ab725c368d99d5d7a5a50aab80c6?s=96&d=mm&r=g\",\"caption\":\"Thales Brand\u00e3o\"},\"description\":\"Editor Executivo do Portal CidadeMarketing.com.br &gt; Mestre em Comunica\u00e7\u00e3o e Sociedade pela Universidade Federal de Sergipe. Possui MBA Executivo em Administra\u00e7\u00e3o com \u00eanfase em Marketing pela Funda\u00e7\u00e3o Get\u00falio Vargas - Rio de Janeiro. Consultor, Palestrante e Pesquisador sobre Empreendedorismo, Marketing, Redes Sociais e Neg\u00f3cios Digitais. Professor, Palestrante TedxTalks e Campus Party. Twitter: @ThalesBrandao\",\"sameAs\":[\"http:\\\/\\\/www.mandacaru.com.br\",\"https:\\\/\\\/www.facebook.com\\\/thalesbrandao\",\"http:\\\/\\\/www.instagram.com.br\\\/thalesbrandaoferreira\",\"https:\\\/\\\/www.linkedin.com\\\/in\\\/thales-brand\u00e3o-3948609\\\/\",\"https:\\\/\\\/x.com\\\/http:\\\/\\\/www.twitter.com\\\/thalesbrandao\"],\"url\":\"https:\\\/\\\/www.cidademarketing.com.br\\\/marketing\\\/author\\\/thalesbrandao\\\/\"}]}<\/script>\n<!-- \/ Yoast SEO plugin. -->","yoast_head_json":{"title":"Ministro da Educa\u00e7\u00e3o afirma que recursos contingenciados das universidades podem ser desbloqueados - CidadeMarketing","robots":{"index":"index","follow":"follow","max-snippet":"max-snippet:-1","max-image-preview":"max-image-preview:large","max-video-preview":"max-video-preview:-1"},"canonical":"https:\/\/www.cidademarketing.com.br\/marketing\/2019\/08\/17\/se-aprovada-a-reforma-da-previdencia-ministro-da-educacao-afirma-que-recursos-contingenciados-das-universidades-podem-ser-desbloqueados\/","og_locale":"pt_BR","og_type":"article","og_title":"Ministro da Educa\u00e7\u00e3o afirma que recursos contingenciados das universidades podem ser desbloqueados - CidadeMarketing","og_description":"O ministro da Educa\u00e7\u00e3o, Abraham Weintraub disse hoje (16) que o cen\u00e1rio indica a possibilidade de que os recursos contingenciados das universidades podem ser desbloqueados a partir de setembro. De acordo com o ministro, a aprova\u00e7\u00e3o da reforma da Previd\u00eancia cria um ambiente favor\u00e1vel para a retomada da atividade econ\u00f4mica e como consequ\u00eancia o aumento [&hellip;]","og_url":"https:\/\/www.cidademarketing.com.br\/marketing\/2019\/08\/17\/se-aprovada-a-reforma-da-previdencia-ministro-da-educacao-afirma-que-recursos-contingenciados-das-universidades-podem-ser-desbloqueados\/","og_site_name":"CidadeMarketing","article_publisher":"https:\/\/www.facebook.com\/portalcidademarketing","article_author":"https:\/\/www.facebook.com\/thalesbrandao","article_published_time":"2019-08-16T20:54:57+00:00","article_modified_time":"2019-08-16T20:55:32+00:00","og_image":[{"width":1140,"height":760,"url":"https:\/\/www.cidademarketing.com.br\/marketing\/wp-content\/uploads\/2019\/08\/ministrodaeducacao_.jpg","type":"image\/jpeg"}],"author":"Thales Brand\u00e3o","twitter_card":"summary_large_image","twitter_creator":"@http:\/\/www.twitter.com\/thalesbrandao","twitter_site":"@CidadeMarketing","twitter_misc":{"Escrito por":"Thales Brand\u00e3o","Est. tempo de leitura":"2 minutos"},"schema":{"@context":"https:\/\/schema.org","@graph":[{"@type":"Article","@id":"https:\/\/www.cidademarketing.com.br\/marketing\/2019\/08\/17\/se-aprovada-a-reforma-da-previdencia-ministro-da-educacao-afirma-que-recursos-contingenciados-das-universidades-podem-ser-desbloqueados\/#article","isPartOf":{"@id":"https:\/\/www.cidademarketing.com.br\/marketing\/2019\/08\/17\/se-aprovada-a-reforma-da-previdencia-ministro-da-educacao-afirma-que-recursos-contingenciados-das-universidades-podem-ser-desbloqueados\/"},"author":{"name":"Thales Brand\u00e3o","@id":"https:\/\/www.cidademarketing.com.br\/marketing\/#\/schema\/person\/02daff9f18bd9378c9e01eb6b2db155f"},"headline":"Ministro da Educa\u00e7\u00e3o afirma que recursos contingenciados das universidades podem ser desbloqueados","datePublished":"2019-08-16T20:54:57+00:00","dateModified":"2019-08-16T20:55:32+00:00","mainEntityOfPage":{"@id":"https:\/\/www.cidademarketing.com.br\/marketing\/2019\/08\/17\/se-aprovada-a-reforma-da-previdencia-ministro-da-educacao-afirma-que-recursos-contingenciados-das-universidades-podem-ser-desbloqueados\/"},"wordCount":444,"commentCount":0,"publisher":{"@id":"https:\/\/www.cidademarketing.com.br\/marketing\/#organization"},"image":{"@id":"https:\/\/www.cidademarketing.com.br\/marketing\/2019\/08\/17\/se-aprovada-a-reforma-da-previdencia-ministro-da-educacao-afirma-que-recursos-contingenciados-das-universidades-podem-ser-desbloqueados\/#primaryimage"},"thumbnailUrl":"https:\/\/www.cidademarketing.com.br\/marketing\/wp-content\/uploads\/2019\/08\/ministrodaeducacao_.jpg","keywords":["educa\u00e7\u00e3o","Minist\u00e9rio da Educa\u00e7\u00e3o","recursos"],"articleSection":["Not\u00edcias"],"inLanguage":"pt-BR","potentialAction":[{"@type":"CommentAction","name":"Comment","target":["https:\/\/www.cidademarketing.com.br\/marketing\/2019\/08\/17\/se-aprovada-a-reforma-da-previdencia-ministro-da-educacao-afirma-que-recursos-contingenciados-das-universidades-podem-ser-desbloqueados\/#respond"]}]},{"@type":"WebPage","@id":"https:\/\/www.cidademarketing.com.br\/marketing\/2019\/08\/17\/se-aprovada-a-reforma-da-previdencia-ministro-da-educacao-afirma-que-recursos-contingenciados-das-universidades-podem-ser-desbloqueados\/","url":"https:\/\/www.cidademarketing.com.br\/marketing\/2019\/08\/17\/se-aprovada-a-reforma-da-previdencia-ministro-da-educacao-afirma-que-recursos-contingenciados-das-universidades-podem-ser-desbloqueados\/","name":"Ministro da Educa\u00e7\u00e3o afirma que recursos contingenciados das universidades podem ser desbloqueados - CidadeMarketing","isPartOf":{"@id":"https:\/\/www.cidademarketing.com.br\/marketing\/#website"},"primaryImageOfPage":{"@id":"https:\/\/www.cidademarketing.com.br\/marketing\/2019\/08\/17\/se-aprovada-a-reforma-da-previdencia-ministro-da-educacao-afirma-que-recursos-contingenciados-das-universidades-podem-ser-desbloqueados\/#primaryimage"},"image":{"@id":"https:\/\/www.cidademarketing.com.br\/marketing\/2019\/08\/17\/se-aprovada-a-reforma-da-previdencia-ministro-da-educacao-afirma-que-recursos-contingenciados-das-universidades-podem-ser-desbloqueados\/#primaryimage"},"thumbnailUrl":"https:\/\/www.cidademarketing.com.br\/marketing\/wp-content\/uploads\/2019\/08\/ministrodaeducacao_.jpg","datePublished":"2019-08-16T20:54:57+00:00","dateModified":"2019-08-16T20:55:32+00:00","breadcrumb":{"@id":"https:\/\/www.cidademarketing.com.br\/marketing\/2019\/08\/17\/se-aprovada-a-reforma-da-previdencia-ministro-da-educacao-afirma-que-recursos-contingenciados-das-universidades-podem-ser-desbloqueados\/#breadcrumb"},"inLanguage":"pt-BR","potentialAction":[{"@type":"ReadAction","target":["https:\/\/www.cidademarketing.com.br\/marketing\/2019\/08\/17\/se-aprovada-a-reforma-da-previdencia-ministro-da-educacao-afirma-que-recursos-contingenciados-das-universidades-podem-ser-desbloqueados\/"]}]},{"@type":"ImageObject","inLanguage":"pt-BR","@id":"https:\/\/www.cidademarketing.com.br\/marketing\/2019\/08\/17\/se-aprovada-a-reforma-da-previdencia-ministro-da-educacao-afirma-que-recursos-contingenciados-das-universidades-podem-ser-desbloqueados\/#primaryimage","url":"https:\/\/www.cidademarketing.com.br\/marketing\/wp-content\/uploads\/2019\/08\/ministrodaeducacao_.jpg","contentUrl":"https:\/\/www.cidademarketing.com.br\/marketing\/wp-content\/uploads\/2019\/08\/ministrodaeducacao_.jpg","width":1140,"height":760,"caption":"Fabio Rodrigues Pozzebom\/Ag\u00eancia Brasil"},{"@type":"BreadcrumbList","@id":"https:\/\/www.cidademarketing.com.br\/marketing\/2019\/08\/17\/se-aprovada-a-reforma-da-previdencia-ministro-da-educacao-afirma-que-recursos-contingenciados-das-universidades-podem-ser-desbloqueados\/#breadcrumb","itemListElement":[{"@type":"ListItem","position":1,"name":"In\u00edcio","item":"https:\/\/www.cidademarketing.com.br\/marketing\/"},{"@type":"ListItem","position":2,"name":"Ministro da Educa\u00e7\u00e3o afirma que recursos contingenciados das universidades podem ser desbloqueados"}]},{"@type":"WebSite","@id":"https:\/\/www.cidademarketing.com.br\/marketing\/#website","url":"https:\/\/www.cidademarketing.com.br\/marketing\/","name":"CidadeMarketing","description":"Somos um ve\u00edculo de comunica\u00e7\u00e3o de destaque no Brasil, reconhecido por conte\u00fados nos segmentos de marketing, empreendedorismo e inova\u00e7\u00e3o.","publisher":{"@id":"https:\/\/www.cidademarketing.com.br\/marketing\/#organization"},"alternateName":"CidadeMarketing","potentialAction":[{"@type":"SearchAction","target":{"@type":"EntryPoint","urlTemplate":"https:\/\/www.cidademarketing.com.br\/marketing\/?s={search_term_string}"},"query-input":{"@type":"PropertyValueSpecification","valueRequired":true,"valueName":"search_term_string"}}],"inLanguage":"pt-BR"},{"@type":"Organization","@id":"https:\/\/www.cidademarketing.com.br\/marketing\/#organization","name":"CidadeMarketing","alternateName":"CidadeMarketing","url":"https:\/\/www.cidademarketing.com.br\/marketing\/","logo":{"@type":"ImageObject","inLanguage":"pt-BR","@id":"https:\/\/www.cidademarketing.com.br\/marketing\/#\/schema\/logo\/image\/","url":"https:\/\/www.cidademarketing.com.br\/marketing\/wp-content\/uploads\/2020\/01\/cidademarketing_marca_mobile.png","contentUrl":"https:\/\/www.cidademarketing.com.br\/marketing\/wp-content\/uploads\/2020\/01\/cidademarketing_marca_mobile.png","width":230,"height":92,"caption":"CidadeMarketing"},"image":{"@id":"https:\/\/www.cidademarketing.com.br\/marketing\/#\/schema\/logo\/image\/"},"sameAs":["https:\/\/www.facebook.com\/portalcidademarketing","https:\/\/x.com\/CidadeMarketing","https:\/\/www.instagram.com\/cidademarketing\/"]},{"@type":"Person","@id":"https:\/\/www.cidademarketing.com.br\/marketing\/#\/schema\/person\/02daff9f18bd9378c9e01eb6b2db155f","name":"Thales Brand\u00e3o","image":{"@type":"ImageObject","inLanguage":"pt-BR","@id":"https:\/\/secure.gravatar.com\/avatar\/7ca3206950207cc3cb48feec56a8a7898741ab725c368d99d5d7a5a50aab80c6?s=96&d=mm&r=g","url":"https:\/\/secure.gravatar.com\/avatar\/7ca3206950207cc3cb48feec56a8a7898741ab725c368d99d5d7a5a50aab80c6?s=96&d=mm&r=g","contentUrl":"https:\/\/secure.gravatar.com\/avatar\/7ca3206950207cc3cb48feec56a8a7898741ab725c368d99d5d7a5a50aab80c6?s=96&d=mm&r=g","caption":"Thales Brand\u00e3o"},"description":"Editor Executivo do Portal CidadeMarketing.com.br &gt; Mestre em Comunica\u00e7\u00e3o e Sociedade pela Universidade Federal de Sergipe. Possui MBA Executivo em Administra\u00e7\u00e3o com \u00eanfase em Marketing pela Funda\u00e7\u00e3o Get\u00falio Vargas - Rio de Janeiro. Consultor, Palestrante e Pesquisador sobre Empreendedorismo, Marketing, Redes Sociais e Neg\u00f3cios Digitais. Professor, Palestrante TedxTalks e Campus Party. Twitter: @ThalesBrandao","sameAs":["http:\/\/www.mandacaru.com.br","https:\/\/www.facebook.com\/thalesbrandao","http:\/\/www.instagram.com.br\/thalesbrandaoferreira","https:\/\/www.linkedin.com\/in\/thales-brand\u00e3o-3948609\/","https:\/\/x.com\/http:\/\/www.twitter.com\/thalesbrandao"],"url":"https:\/\/www.cidademarketing.com.br\/marketing\/author\/thalesbrandao\/"}]}},"amp_enabled":true,"_links":{"self":[{"href":"https:\/\/www.cidademarketing.com.br\/marketing\/wp-json\/wp\/v2\/posts\/10982","targetHints":{"allow":["GET"]}}],"collection":[{"href":"https:\/\/www.cidademarketing.com.br\/marketing\/wp-json\/wp\/v2\/posts"}],"about":[{"href":"https:\/\/www.cidademarketing.com.br\/marketing\/wp-json\/wp\/v2\/types\/post"}],"author":[{"embeddable":true,"href":"https:\/\/www.cidademarketing.com.br\/marketing\/wp-json\/wp\/v2\/users\/1"}],"replies":[{"embeddable":true,"href":"https:\/\/www.cidademarketing.com.br\/marketing\/wp-json\/wp\/v2\/comments?post=10982"}],"version-history":[{"count":2,"href":"https:\/\/www.cidademarketing.com.br\/marketing\/wp-json\/wp\/v2\/posts\/10982\/revisions"}],"predecessor-version":[{"id":10986,"href":"https:\/\/www.cidademarketing.com.br\/marketing\/wp-json\/wp\/v2\/posts\/10982\/revisions\/10986"}],"wp:featuredmedia":[{"embeddable":true,"href":"https:\/\/www.cidademarketing.com.br\/marketing\/wp-json\/wp\/v2\/media\/10984"}],"wp:attachment":[{"href":"https:\/\/www.cidademarketing.com.br\/marketing\/wp-json\/wp\/v2\/media?parent=10982"}],"wp:term":[{"taxonomy":"category","embeddable":true,"href":"https:\/\/www.cidademarketing.com.br\/marketing\/wp-json\/wp\/v2\/categories?post=10982"},{"taxonomy":"post_tag","embeddable":true,"href":"https:\/\/www.cidademarketing.com.br\/marketing\/wp-json\/wp\/v2\/tags?post=10982"}],"curies":[{"name":"wp","href":"https:\/\/api.w.org\/{rel}","templated":true}]}}