{"id":10980,"date":"2019-08-17T00:41:11","date_gmt":"2019-08-16T20:41:11","guid":{"rendered":"https:\/\/www.cidademarketing.com.br\/marketing\/?p=10980"},"modified":"2019-08-17T00:41:49","modified_gmt":"2019-08-16T20:41:49","slug":"itau-emite-nota-sobre-idoso-de-101-anos-que-precisou-ser-carregado-para-provar-que-esta-vivo","status":"publish","type":"post","link":"https:\/\/www.cidademarketing.com.br\/marketing\/2019\/08\/17\/itau-emite-nota-sobre-idoso-de-101-anos-que-precisou-ser-carregado-para-provar-que-esta-vivo\/","title":{"rendered":"Ita\u00fa emite nota sobre idoso de 101 anos que precisou ser carregado para provar que est\u00e1 vivo"},"content":{"rendered":"\n<p>Um idoso de 101 anos precisou ser carregado no colo pelos parentes para dentro de uma ag\u00eancia do Ita\u00fa em\u00a0Porangatu em Goi\u00e1s. De acordo com a neta do senhor, uma funcion\u00e1ria do banco teria se negado ir at\u00e9 o estacionamento do local para fazer a &#8220;prova de vida&#8221; de Nercilio de Sousa Parente. A situa\u00e7\u00e3o foi filmada e divulgada nas redes sociais.<\/p>\n\n\n\n<figure class=\"wp-block-embed-youtube wp-block-embed is-type-video is-provider-youtube wp-embed-aspect-16-9 wp-has-aspect-ratio\"><div class=\"wp-block-embed__wrapper\">\n<div class=\"youtube-embed\" data-video_id=\"c5HcquME4uU\"><iframe title=\"Neta precisa levar av\u00f4 de 101 anos no colo para prova de vida do INSS | Primeiro Impacto (16\/08\/19)\" width=\"640\" height=\"360\" src=\"https:\/\/www.youtube.com\/embed\/c5HcquME4uU?feature=oembed&#038;enablejsapi=1&#038;enablejsapi=1\" frameborder=\"0\" allow=\"accelerometer; autoplay; clipboard-write; encrypted-media; gyroscope; picture-in-picture; web-share\" referrerpolicy=\"strict-origin-when-cross-origin\" allowfullscreen><\/iframe><\/div>\n<\/div><\/figure>\n\n\n\n<p><strong>Nota do Ita\u00fa na \u00edntegra:<\/strong><\/p>\n\n\n\n<p><em>&#8220;O Ita\u00fa Unibanco lamenta o transtorno causado pela situa\u00e7\u00e3o. Reconhecemos que a necessidade de deslocamento at\u00e9 uma ag\u00eancia pode ser um processo desgastante para algumas pessoas e, por isso, o banco estuda op\u00e7\u00f5es ao processo de realiza\u00e7\u00e3o da Prova de Vida, garantindo a seguran\u00e7a necess\u00e1ria na identifica\u00e7\u00e3o dos benefici\u00e1rios e seguindo as exig\u00eancias do INSS.<\/em>  <em>Atualmente, existem alternativas caso o benefici\u00e1rio esteja impossibilitado de ir \u00e0 unidade banc\u00e1ria, como o cadastro de um representante legal ou procurador no INSS. Al\u00e9m disso, pessoas acima de 80 anos e\/ou com incapacidade de deslocamento podem solicitar \u00e0 autarquia que o procedimento seja realizado por eles no endere\u00e7o indicado pelo requisitante&#8221;.<\/em> <\/p>\n\n\n\n<p><\/p>\n","protected":false},"excerpt":{"rendered":"<p>Um idoso de 101 anos precisou ser carregado no colo pelos parentes para dentro de uma ag\u00eancia do Ita\u00fa em\u00a0Porangatu em Goi\u00e1s. De acordo com a neta do senhor, uma funcion\u00e1ria do banco teria se negado ir at\u00e9 o estacionamento do local para fazer a &#8220;prova de vida&#8221; de Nercilio de Sousa Parente. A situa\u00e7\u00e3o [&hellip;]<\/p>\n","protected":false},"author":1,"featured_media":10504,"comment_status":"open","ping_status":"open","sticky":false,"template":"","format":"standard","meta":{"tdm_status":"","tdm_grid_status":"","footnotes":""},"categories":[6],"tags":[33,1087,126,55],"class_list":["post-10980","post","type-post","status-publish","format-standard","has-post-thumbnail","hentry","category-noticias","tag-estrategia","tag-inss","tag-itau","tag-relacionamento"],"yoast_head":"<!-- This site is optimized with the Yoast SEO plugin v27.5 - https:\/\/yoast.com\/product\/yoast-seo-wordpress\/ -->\n<title>Ita\u00fa emite nota sobre idoso de 101 anos que precisou ser carregado para provar que est\u00e1 vivo - CidadeMarketing<\/title>\n<meta name=\"robots\" content=\"index, follow, max-snippet:-1, max-image-preview:large, max-video-preview:-1\" \/>\n<link rel=\"canonical\" href=\"https:\/\/www.cidademarketing.com.br\/marketing\/2019\/08\/17\/itau-emite-nota-sobre-idoso-de-101-anos-que-precisou-ser-carregado-para-provar-que-esta-vivo\/\" \/>\n<meta property=\"og:locale\" content=\"pt_BR\" \/>\n<meta property=\"og:type\" content=\"article\" \/>\n<meta property=\"og:title\" content=\"Ita\u00fa emite nota sobre idoso de 101 anos que precisou ser carregado para provar que est\u00e1 vivo - CidadeMarketing\" \/>\n<meta property=\"og:description\" content=\"Um idoso de 101 anos precisou ser carregado no colo pelos parentes para dentro de uma ag\u00eancia do Ita\u00fa em\u00a0Porangatu em Goi\u00e1s. De acordo com a neta do senhor, uma funcion\u00e1ria do banco teria se negado ir at\u00e9 o estacionamento do local para fazer a &#8220;prova de vida&#8221; de Nercilio de Sousa Parente. A situa\u00e7\u00e3o [&hellip;]\" \/>\n<meta property=\"og:url\" content=\"https:\/\/www.cidademarketing.com.br\/marketing\/2019\/08\/17\/itau-emite-nota-sobre-idoso-de-101-anos-que-precisou-ser-carregado-para-provar-que-esta-vivo\/\" \/>\n<meta property=\"og:site_name\" content=\"CidadeMarketing\" \/>\n<meta property=\"article:publisher\" content=\"https:\/\/www.facebook.com\/portalcidademarketing\" \/>\n<meta property=\"article:author\" content=\"https:\/\/www.facebook.com\/thalesbrandao\" \/>\n<meta property=\"article:published_time\" content=\"2019-08-16T20:41:11+00:00\" \/>\n<meta property=\"article:modified_time\" content=\"2019-08-16T20:41:49+00:00\" \/>\n<meta property=\"og:image\" content=\"https:\/\/www.cidademarketing.com.br\/marketing\/wp-content\/uploads\/2019\/08\/itau_digitalizaca.jpg\" \/>\n\t<meta property=\"og:image:width\" content=\"458\" \/>\n\t<meta property=\"og:image:height\" content=\"530\" \/>\n\t<meta property=\"og:image:type\" content=\"image\/jpeg\" \/>\n<meta name=\"author\" content=\"Thales Brand\u00e3o\" \/>\n<meta name=\"twitter:card\" content=\"summary_large_image\" \/>\n<meta name=\"twitter:creator\" content=\"@http:\/\/www.twitter.com\/thalesbrandao\" \/>\n<meta name=\"twitter:site\" content=\"@CidadeMarketing\" \/>\n<meta name=\"twitter:label1\" content=\"Escrito por\" \/>\n\t<meta name=\"twitter:data1\" content=\"Thales Brand\u00e3o\" \/>\n\t<meta name=\"twitter:label2\" content=\"Est. tempo de leitura\" \/>\n\t<meta name=\"twitter:data2\" content=\"1 minuto\" \/>\n<script type=\"application\/ld+json\" class=\"yoast-schema-graph\">{\"@context\":\"https:\\\/\\\/schema.org\",\"@graph\":[{\"@type\":\"Article\",\"@id\":\"https:\\\/\\\/www.cidademarketing.com.br\\\/marketing\\\/2019\\\/08\\\/17\\\/itau-emite-nota-sobre-idoso-de-101-anos-que-precisou-ser-carregado-para-provar-que-esta-vivo\\\/#article\",\"isPartOf\":{\"@id\":\"https:\\\/\\\/www.cidademarketing.com.br\\\/marketing\\\/2019\\\/08\\\/17\\\/itau-emite-nota-sobre-idoso-de-101-anos-que-precisou-ser-carregado-para-provar-que-esta-vivo\\\/\"},\"author\":{\"name\":\"Thales Brand\u00e3o\",\"@id\":\"https:\\\/\\\/www.cidademarketing.com.br\\\/marketing\\\/#\\\/schema\\\/person\\\/02daff9f18bd9378c9e01eb6b2db155f\"},\"headline\":\"Ita\u00fa emite nota sobre idoso de 101 anos que precisou ser carregado para provar que est\u00e1 vivo\",\"datePublished\":\"2019-08-16T20:41:11+00:00\",\"dateModified\":\"2019-08-16T20:41:49+00:00\",\"mainEntityOfPage\":{\"@id\":\"https:\\\/\\\/www.cidademarketing.com.br\\\/marketing\\\/2019\\\/08\\\/17\\\/itau-emite-nota-sobre-idoso-de-101-anos-que-precisou-ser-carregado-para-provar-que-esta-vivo\\\/\"},\"wordCount\":214,\"commentCount\":2,\"publisher\":{\"@id\":\"https:\\\/\\\/www.cidademarketing.com.br\\\/marketing\\\/#organization\"},\"image\":{\"@id\":\"https:\\\/\\\/www.cidademarketing.com.br\\\/marketing\\\/2019\\\/08\\\/17\\\/itau-emite-nota-sobre-idoso-de-101-anos-que-precisou-ser-carregado-para-provar-que-esta-vivo\\\/#primaryimage\"},\"thumbnailUrl\":\"https:\\\/\\\/www.cidademarketing.com.br\\\/marketing\\\/wp-content\\\/uploads\\\/2019\\\/08\\\/itau_digitalizaca.jpg\",\"keywords\":[\"estrat\u00e9gia\",\"INSS\",\"Ita\u00fa\",\"relacionamento\"],\"articleSection\":[\"Not\u00edcias\"],\"inLanguage\":\"pt-BR\",\"potentialAction\":[{\"@type\":\"CommentAction\",\"name\":\"Comment\",\"target\":[\"https:\\\/\\\/www.cidademarketing.com.br\\\/marketing\\\/2019\\\/08\\\/17\\\/itau-emite-nota-sobre-idoso-de-101-anos-que-precisou-ser-carregado-para-provar-que-esta-vivo\\\/#respond\"]}]},{\"@type\":\"WebPage\",\"@id\":\"https:\\\/\\\/www.cidademarketing.com.br\\\/marketing\\\/2019\\\/08\\\/17\\\/itau-emite-nota-sobre-idoso-de-101-anos-que-precisou-ser-carregado-para-provar-que-esta-vivo\\\/\",\"url\":\"https:\\\/\\\/www.cidademarketing.com.br\\\/marketing\\\/2019\\\/08\\\/17\\\/itau-emite-nota-sobre-idoso-de-101-anos-que-precisou-ser-carregado-para-provar-que-esta-vivo\\\/\",\"name\":\"Ita\u00fa emite nota sobre idoso de 101 anos que precisou ser carregado para provar que est\u00e1 vivo - CidadeMarketing\",\"isPartOf\":{\"@id\":\"https:\\\/\\\/www.cidademarketing.com.br\\\/marketing\\\/#website\"},\"primaryImageOfPage\":{\"@id\":\"https:\\\/\\\/www.cidademarketing.com.br\\\/marketing\\\/2019\\\/08\\\/17\\\/itau-emite-nota-sobre-idoso-de-101-anos-que-precisou-ser-carregado-para-provar-que-esta-vivo\\\/#primaryimage\"},\"image\":{\"@id\":\"https:\\\/\\\/www.cidademarketing.com.br\\\/marketing\\\/2019\\\/08\\\/17\\\/itau-emite-nota-sobre-idoso-de-101-anos-que-precisou-ser-carregado-para-provar-que-esta-vivo\\\/#primaryimage\"},\"thumbnailUrl\":\"https:\\\/\\\/www.cidademarketing.com.br\\\/marketing\\\/wp-content\\\/uploads\\\/2019\\\/08\\\/itau_digitalizaca.jpg\",\"datePublished\":\"2019-08-16T20:41:11+00:00\",\"dateModified\":\"2019-08-16T20:41:49+00:00\",\"breadcrumb\":{\"@id\":\"https:\\\/\\\/www.cidademarketing.com.br\\\/marketing\\\/2019\\\/08\\\/17\\\/itau-emite-nota-sobre-idoso-de-101-anos-que-precisou-ser-carregado-para-provar-que-esta-vivo\\\/#breadcrumb\"},\"inLanguage\":\"pt-BR\",\"potentialAction\":[{\"@type\":\"ReadAction\",\"target\":[\"https:\\\/\\\/www.cidademarketing.com.br\\\/marketing\\\/2019\\\/08\\\/17\\\/itau-emite-nota-sobre-idoso-de-101-anos-que-precisou-ser-carregado-para-provar-que-esta-vivo\\\/\"]}]},{\"@type\":\"ImageObject\",\"inLanguage\":\"pt-BR\",\"@id\":\"https:\\\/\\\/www.cidademarketing.com.br\\\/marketing\\\/2019\\\/08\\\/17\\\/itau-emite-nota-sobre-idoso-de-101-anos-que-precisou-ser-carregado-para-provar-que-esta-vivo\\\/#primaryimage\",\"url\":\"https:\\\/\\\/www.cidademarketing.com.br\\\/marketing\\\/wp-content\\\/uploads\\\/2019\\\/08\\\/itau_digitalizaca.jpg\",\"contentUrl\":\"https:\\\/\\\/www.cidademarketing.com.br\\\/marketing\\\/wp-content\\\/uploads\\\/2019\\\/08\\\/itau_digitalizaca.jpg\",\"width\":458,\"height\":530,\"caption\":\"Divulga\u00e7\u00e3o\"},{\"@type\":\"BreadcrumbList\",\"@id\":\"https:\\\/\\\/www.cidademarketing.com.br\\\/marketing\\\/2019\\\/08\\\/17\\\/itau-emite-nota-sobre-idoso-de-101-anos-que-precisou-ser-carregado-para-provar-que-esta-vivo\\\/#breadcrumb\",\"itemListElement\":[{\"@type\":\"ListItem\",\"position\":1,\"name\":\"In\u00edcio\",\"item\":\"https:\\\/\\\/www.cidademarketing.com.br\\\/marketing\\\/\"},{\"@type\":\"ListItem\",\"position\":2,\"name\":\"Ita\u00fa emite nota sobre idoso de 101 anos que precisou ser carregado para provar que est\u00e1 vivo\"}]},{\"@type\":\"WebSite\",\"@id\":\"https:\\\/\\\/www.cidademarketing.com.br\\\/marketing\\\/#website\",\"url\":\"https:\\\/\\\/www.cidademarketing.com.br\\\/marketing\\\/\",\"name\":\"CidadeMarketing\",\"description\":\"Somos um ve\u00edculo de comunica\u00e7\u00e3o de destaque no Brasil, reconhecido por conte\u00fados nos segmentos de marketing, empreendedorismo e inova\u00e7\u00e3o.\",\"publisher\":{\"@id\":\"https:\\\/\\\/www.cidademarketing.com.br\\\/marketing\\\/#organization\"},\"alternateName\":\"CidadeMarketing\",\"potentialAction\":[{\"@type\":\"SearchAction\",\"target\":{\"@type\":\"EntryPoint\",\"urlTemplate\":\"https:\\\/\\\/www.cidademarketing.com.br\\\/marketing\\\/?s={search_term_string}\"},\"query-input\":{\"@type\":\"PropertyValueSpecification\",\"valueRequired\":true,\"valueName\":\"search_term_string\"}}],\"inLanguage\":\"pt-BR\"},{\"@type\":\"Organization\",\"@id\":\"https:\\\/\\\/www.cidademarketing.com.br\\\/marketing\\\/#organization\",\"name\":\"CidadeMarketing\",\"alternateName\":\"CidadeMarketing\",\"url\":\"https:\\\/\\\/www.cidademarketing.com.br\\\/marketing\\\/\",\"logo\":{\"@type\":\"ImageObject\",\"inLanguage\":\"pt-BR\",\"@id\":\"https:\\\/\\\/www.cidademarketing.com.br\\\/marketing\\\/#\\\/schema\\\/logo\\\/image\\\/\",\"url\":\"https:\\\/\\\/www.cidademarketing.com.br\\\/marketing\\\/wp-content\\\/uploads\\\/2020\\\/01\\\/cidademarketing_marca_mobile.png\",\"contentUrl\":\"https:\\\/\\\/www.cidademarketing.com.br\\\/marketing\\\/wp-content\\\/uploads\\\/2020\\\/01\\\/cidademarketing_marca_mobile.png\",\"width\":230,\"height\":92,\"caption\":\"CidadeMarketing\"},\"image\":{\"@id\":\"https:\\\/\\\/www.cidademarketing.com.br\\\/marketing\\\/#\\\/schema\\\/logo\\\/image\\\/\"},\"sameAs\":[\"https:\\\/\\\/www.facebook.com\\\/portalcidademarketing\",\"https:\\\/\\\/x.com\\\/CidadeMarketing\",\"https:\\\/\\\/www.instagram.com\\\/cidademarketing\\\/\"]},{\"@type\":\"Person\",\"@id\":\"https:\\\/\\\/www.cidademarketing.com.br\\\/marketing\\\/#\\\/schema\\\/person\\\/02daff9f18bd9378c9e01eb6b2db155f\",\"name\":\"Thales Brand\u00e3o\",\"image\":{\"@type\":\"ImageObject\",\"inLanguage\":\"pt-BR\",\"@id\":\"https:\\\/\\\/secure.gravatar.com\\\/avatar\\\/7ca3206950207cc3cb48feec56a8a7898741ab725c368d99d5d7a5a50aab80c6?s=96&d=mm&r=g\",\"url\":\"https:\\\/\\\/secure.gravatar.com\\\/avatar\\\/7ca3206950207cc3cb48feec56a8a7898741ab725c368d99d5d7a5a50aab80c6?s=96&d=mm&r=g\",\"contentUrl\":\"https:\\\/\\\/secure.gravatar.com\\\/avatar\\\/7ca3206950207cc3cb48feec56a8a7898741ab725c368d99d5d7a5a50aab80c6?s=96&d=mm&r=g\",\"caption\":\"Thales Brand\u00e3o\"},\"description\":\"Editor Executivo do Portal CidadeMarketing.com.br &gt; Mestre em Comunica\u00e7\u00e3o e Sociedade pela Universidade Federal de Sergipe. Possui MBA Executivo em Administra\u00e7\u00e3o com \u00eanfase em Marketing pela Funda\u00e7\u00e3o Get\u00falio Vargas - Rio de Janeiro. Consultor, Palestrante e Pesquisador sobre Empreendedorismo, Marketing, Redes Sociais e Neg\u00f3cios Digitais. Professor, Palestrante TedxTalks e Campus Party. Twitter: @ThalesBrandao\",\"sameAs\":[\"http:\\\/\\\/www.mandacaru.com.br\",\"https:\\\/\\\/www.facebook.com\\\/thalesbrandao\",\"http:\\\/\\\/www.instagram.com.br\\\/thalesbrandaoferreira\",\"https:\\\/\\\/www.linkedin.com\\\/in\\\/thales-brand\u00e3o-3948609\\\/\",\"https:\\\/\\\/x.com\\\/http:\\\/\\\/www.twitter.com\\\/thalesbrandao\"],\"url\":\"https:\\\/\\\/www.cidademarketing.com.br\\\/marketing\\\/author\\\/thalesbrandao\\\/\"}]}<\/script>\n<!-- \/ Yoast SEO plugin. -->","yoast_head_json":{"title":"Ita\u00fa emite nota sobre idoso de 101 anos que precisou ser carregado para provar que est\u00e1 vivo - CidadeMarketing","robots":{"index":"index","follow":"follow","max-snippet":"max-snippet:-1","max-image-preview":"max-image-preview:large","max-video-preview":"max-video-preview:-1"},"canonical":"https:\/\/www.cidademarketing.com.br\/marketing\/2019\/08\/17\/itau-emite-nota-sobre-idoso-de-101-anos-que-precisou-ser-carregado-para-provar-que-esta-vivo\/","og_locale":"pt_BR","og_type":"article","og_title":"Ita\u00fa emite nota sobre idoso de 101 anos que precisou ser carregado para provar que est\u00e1 vivo - CidadeMarketing","og_description":"Um idoso de 101 anos precisou ser carregado no colo pelos parentes para dentro de uma ag\u00eancia do Ita\u00fa em\u00a0Porangatu em Goi\u00e1s. De acordo com a neta do senhor, uma funcion\u00e1ria do banco teria se negado ir at\u00e9 o estacionamento do local para fazer a &#8220;prova de vida&#8221; de Nercilio de Sousa Parente. A situa\u00e7\u00e3o [&hellip;]","og_url":"https:\/\/www.cidademarketing.com.br\/marketing\/2019\/08\/17\/itau-emite-nota-sobre-idoso-de-101-anos-que-precisou-ser-carregado-para-provar-que-esta-vivo\/","og_site_name":"CidadeMarketing","article_publisher":"https:\/\/www.facebook.com\/portalcidademarketing","article_author":"https:\/\/www.facebook.com\/thalesbrandao","article_published_time":"2019-08-16T20:41:11+00:00","article_modified_time":"2019-08-16T20:41:49+00:00","og_image":[{"width":458,"height":530,"url":"https:\/\/www.cidademarketing.com.br\/marketing\/wp-content\/uploads\/2019\/08\/itau_digitalizaca.jpg","type":"image\/jpeg"}],"author":"Thales Brand\u00e3o","twitter_card":"summary_large_image","twitter_creator":"@http:\/\/www.twitter.com\/thalesbrandao","twitter_site":"@CidadeMarketing","twitter_misc":{"Escrito por":"Thales Brand\u00e3o","Est. tempo de leitura":"1 minuto"},"schema":{"@context":"https:\/\/schema.org","@graph":[{"@type":"Article","@id":"https:\/\/www.cidademarketing.com.br\/marketing\/2019\/08\/17\/itau-emite-nota-sobre-idoso-de-101-anos-que-precisou-ser-carregado-para-provar-que-esta-vivo\/#article","isPartOf":{"@id":"https:\/\/www.cidademarketing.com.br\/marketing\/2019\/08\/17\/itau-emite-nota-sobre-idoso-de-101-anos-que-precisou-ser-carregado-para-provar-que-esta-vivo\/"},"author":{"name":"Thales Brand\u00e3o","@id":"https:\/\/www.cidademarketing.com.br\/marketing\/#\/schema\/person\/02daff9f18bd9378c9e01eb6b2db155f"},"headline":"Ita\u00fa emite nota sobre idoso de 101 anos que precisou ser carregado para provar que est\u00e1 vivo","datePublished":"2019-08-16T20:41:11+00:00","dateModified":"2019-08-16T20:41:49+00:00","mainEntityOfPage":{"@id":"https:\/\/www.cidademarketing.com.br\/marketing\/2019\/08\/17\/itau-emite-nota-sobre-idoso-de-101-anos-que-precisou-ser-carregado-para-provar-que-esta-vivo\/"},"wordCount":214,"commentCount":2,"publisher":{"@id":"https:\/\/www.cidademarketing.com.br\/marketing\/#organization"},"image":{"@id":"https:\/\/www.cidademarketing.com.br\/marketing\/2019\/08\/17\/itau-emite-nota-sobre-idoso-de-101-anos-que-precisou-ser-carregado-para-provar-que-esta-vivo\/#primaryimage"},"thumbnailUrl":"https:\/\/www.cidademarketing.com.br\/marketing\/wp-content\/uploads\/2019\/08\/itau_digitalizaca.jpg","keywords":["estrat\u00e9gia","INSS","Ita\u00fa","relacionamento"],"articleSection":["Not\u00edcias"],"inLanguage":"pt-BR","potentialAction":[{"@type":"CommentAction","name":"Comment","target":["https:\/\/www.cidademarketing.com.br\/marketing\/2019\/08\/17\/itau-emite-nota-sobre-idoso-de-101-anos-que-precisou-ser-carregado-para-provar-que-esta-vivo\/#respond"]}]},{"@type":"WebPage","@id":"https:\/\/www.cidademarketing.com.br\/marketing\/2019\/08\/17\/itau-emite-nota-sobre-idoso-de-101-anos-que-precisou-ser-carregado-para-provar-que-esta-vivo\/","url":"https:\/\/www.cidademarketing.com.br\/marketing\/2019\/08\/17\/itau-emite-nota-sobre-idoso-de-101-anos-que-precisou-ser-carregado-para-provar-que-esta-vivo\/","name":"Ita\u00fa emite nota sobre idoso de 101 anos que precisou ser carregado para provar que est\u00e1 vivo - CidadeMarketing","isPartOf":{"@id":"https:\/\/www.cidademarketing.com.br\/marketing\/#website"},"primaryImageOfPage":{"@id":"https:\/\/www.cidademarketing.com.br\/marketing\/2019\/08\/17\/itau-emite-nota-sobre-idoso-de-101-anos-que-precisou-ser-carregado-para-provar-que-esta-vivo\/#primaryimage"},"image":{"@id":"https:\/\/www.cidademarketing.com.br\/marketing\/2019\/08\/17\/itau-emite-nota-sobre-idoso-de-101-anos-que-precisou-ser-carregado-para-provar-que-esta-vivo\/#primaryimage"},"thumbnailUrl":"https:\/\/www.cidademarketing.com.br\/marketing\/wp-content\/uploads\/2019\/08\/itau_digitalizaca.jpg","datePublished":"2019-08-16T20:41:11+00:00","dateModified":"2019-08-16T20:41:49+00:00","breadcrumb":{"@id":"https:\/\/www.cidademarketing.com.br\/marketing\/2019\/08\/17\/itau-emite-nota-sobre-idoso-de-101-anos-que-precisou-ser-carregado-para-provar-que-esta-vivo\/#breadcrumb"},"inLanguage":"pt-BR","potentialAction":[{"@type":"ReadAction","target":["https:\/\/www.cidademarketing.com.br\/marketing\/2019\/08\/17\/itau-emite-nota-sobre-idoso-de-101-anos-que-precisou-ser-carregado-para-provar-que-esta-vivo\/"]}]},{"@type":"ImageObject","inLanguage":"pt-BR","@id":"https:\/\/www.cidademarketing.com.br\/marketing\/2019\/08\/17\/itau-emite-nota-sobre-idoso-de-101-anos-que-precisou-ser-carregado-para-provar-que-esta-vivo\/#primaryimage","url":"https:\/\/www.cidademarketing.com.br\/marketing\/wp-content\/uploads\/2019\/08\/itau_digitalizaca.jpg","contentUrl":"https:\/\/www.cidademarketing.com.br\/marketing\/wp-content\/uploads\/2019\/08\/itau_digitalizaca.jpg","width":458,"height":530,"caption":"Divulga\u00e7\u00e3o"},{"@type":"BreadcrumbList","@id":"https:\/\/www.cidademarketing.com.br\/marketing\/2019\/08\/17\/itau-emite-nota-sobre-idoso-de-101-anos-que-precisou-ser-carregado-para-provar-que-esta-vivo\/#breadcrumb","itemListElement":[{"@type":"ListItem","position":1,"name":"In\u00edcio","item":"https:\/\/www.cidademarketing.com.br\/marketing\/"},{"@type":"ListItem","position":2,"name":"Ita\u00fa emite nota sobre idoso de 101 anos que precisou ser carregado para provar que est\u00e1 vivo"}]},{"@type":"WebSite","@id":"https:\/\/www.cidademarketing.com.br\/marketing\/#website","url":"https:\/\/www.cidademarketing.com.br\/marketing\/","name":"CidadeMarketing","description":"Somos um ve\u00edculo de comunica\u00e7\u00e3o de destaque no Brasil, reconhecido por conte\u00fados nos segmentos de marketing, empreendedorismo e inova\u00e7\u00e3o.","publisher":{"@id":"https:\/\/www.cidademarketing.com.br\/marketing\/#organization"},"alternateName":"CidadeMarketing","potentialAction":[{"@type":"SearchAction","target":{"@type":"EntryPoint","urlTemplate":"https:\/\/www.cidademarketing.com.br\/marketing\/?s={search_term_string}"},"query-input":{"@type":"PropertyValueSpecification","valueRequired":true,"valueName":"search_term_string"}}],"inLanguage":"pt-BR"},{"@type":"Organization","@id":"https:\/\/www.cidademarketing.com.br\/marketing\/#organization","name":"CidadeMarketing","alternateName":"CidadeMarketing","url":"https:\/\/www.cidademarketing.com.br\/marketing\/","logo":{"@type":"ImageObject","inLanguage":"pt-BR","@id":"https:\/\/www.cidademarketing.com.br\/marketing\/#\/schema\/logo\/image\/","url":"https:\/\/www.cidademarketing.com.br\/marketing\/wp-content\/uploads\/2020\/01\/cidademarketing_marca_mobile.png","contentUrl":"https:\/\/www.cidademarketing.com.br\/marketing\/wp-content\/uploads\/2020\/01\/cidademarketing_marca_mobile.png","width":230,"height":92,"caption":"CidadeMarketing"},"image":{"@id":"https:\/\/www.cidademarketing.com.br\/marketing\/#\/schema\/logo\/image\/"},"sameAs":["https:\/\/www.facebook.com\/portalcidademarketing","https:\/\/x.com\/CidadeMarketing","https:\/\/www.instagram.com\/cidademarketing\/"]},{"@type":"Person","@id":"https:\/\/www.cidademarketing.com.br\/marketing\/#\/schema\/person\/02daff9f18bd9378c9e01eb6b2db155f","name":"Thales Brand\u00e3o","image":{"@type":"ImageObject","inLanguage":"pt-BR","@id":"https:\/\/secure.gravatar.com\/avatar\/7ca3206950207cc3cb48feec56a8a7898741ab725c368d99d5d7a5a50aab80c6?s=96&d=mm&r=g","url":"https:\/\/secure.gravatar.com\/avatar\/7ca3206950207cc3cb48feec56a8a7898741ab725c368d99d5d7a5a50aab80c6?s=96&d=mm&r=g","contentUrl":"https:\/\/secure.gravatar.com\/avatar\/7ca3206950207cc3cb48feec56a8a7898741ab725c368d99d5d7a5a50aab80c6?s=96&d=mm&r=g","caption":"Thales Brand\u00e3o"},"description":"Editor Executivo do Portal CidadeMarketing.com.br &gt; Mestre em Comunica\u00e7\u00e3o e Sociedade pela Universidade Federal de Sergipe. Possui MBA Executivo em Administra\u00e7\u00e3o com \u00eanfase em Marketing pela Funda\u00e7\u00e3o Get\u00falio Vargas - Rio de Janeiro. Consultor, Palestrante e Pesquisador sobre Empreendedorismo, Marketing, Redes Sociais e Neg\u00f3cios Digitais. Professor, Palestrante TedxTalks e Campus Party. Twitter: @ThalesBrandao","sameAs":["http:\/\/www.mandacaru.com.br","https:\/\/www.facebook.com\/thalesbrandao","http:\/\/www.instagram.com.br\/thalesbrandaoferreira","https:\/\/www.linkedin.com\/in\/thales-brand\u00e3o-3948609\/","https:\/\/x.com\/http:\/\/www.twitter.com\/thalesbrandao"],"url":"https:\/\/www.cidademarketing.com.br\/marketing\/author\/thalesbrandao\/"}]}},"amp_enabled":true,"_links":{"self":[{"href":"https:\/\/www.cidademarketing.com.br\/marketing\/wp-json\/wp\/v2\/posts\/10980","targetHints":{"allow":["GET"]}}],"collection":[{"href":"https:\/\/www.cidademarketing.com.br\/marketing\/wp-json\/wp\/v2\/posts"}],"about":[{"href":"https:\/\/www.cidademarketing.com.br\/marketing\/wp-json\/wp\/v2\/types\/post"}],"author":[{"embeddable":true,"href":"https:\/\/www.cidademarketing.com.br\/marketing\/wp-json\/wp\/v2\/users\/1"}],"replies":[{"embeddable":true,"href":"https:\/\/www.cidademarketing.com.br\/marketing\/wp-json\/wp\/v2\/comments?post=10980"}],"version-history":[{"count":1,"href":"https:\/\/www.cidademarketing.com.br\/marketing\/wp-json\/wp\/v2\/posts\/10980\/revisions"}],"predecessor-version":[{"id":10981,"href":"https:\/\/www.cidademarketing.com.br\/marketing\/wp-json\/wp\/v2\/posts\/10980\/revisions\/10981"}],"wp:featuredmedia":[{"embeddable":true,"href":"https:\/\/www.cidademarketing.com.br\/marketing\/wp-json\/wp\/v2\/media\/10504"}],"wp:attachment":[{"href":"https:\/\/www.cidademarketing.com.br\/marketing\/wp-json\/wp\/v2\/media?parent=10980"}],"wp:term":[{"taxonomy":"category","embeddable":true,"href":"https:\/\/www.cidademarketing.com.br\/marketing\/wp-json\/wp\/v2\/categories?post=10980"},{"taxonomy":"post_tag","embeddable":true,"href":"https:\/\/www.cidademarketing.com.br\/marketing\/wp-json\/wp\/v2\/tags?post=10980"}],"curies":[{"name":"wp","href":"https:\/\/api.w.org\/{rel}","templated":true}]}}