{"id":10781,"date":"2019-08-09T23:24:27","date_gmt":"2019-08-09T19:24:27","guid":{"rendered":"https:\/\/www.cidademarketing.com.br\/marketing\/?p=10781"},"modified":"2019-08-09T23:24:30","modified_gmt":"2019-08-09T19:24:30","slug":"victorias-secret-contrata-primeira-modelo-trans-a-cearense-valentina-sampaio-de-22-anos-sera-a-representante-da-marca","status":"publish","type":"post","link":"https:\/\/www.cidademarketing.com.br\/marketing\/2019\/08\/09\/victorias-secret-contrata-primeira-modelo-trans-a-cearense-valentina-sampaio-de-22-anos-sera-a-representante-da-marca\/","title":{"rendered":"Victoria\u2019s Secret contrata primeira modelo trans; A Cearense Valentina Sampaio de 22 anos ser\u00e1 a representante da marca"},"content":{"rendered":"\n<p>A modelo brasileira Valentina Sampaio, 22 anos, foi escalada para ser a primeira representante transexual da marca de lingeries Victoria\u2019s Secret.<\/p>\n\n\n\n<p>Victoria&#8217;s Secret \u00e9 uma marca de\u00a0<em>lingerie<\/em>\u00a0e produtos de beleza, fundada em\u00a01977\u00a0por Roy Raymond com a sede em\u00a0Ohio,\u00a0Estados Unidos.\u00a0Estima-se que os ganhos da companhia, entre 2009 e 2010, estiveram entre 6,35 a 7,05 bilh\u00f5es de\u00a0d\u00f3lares. Quatro d\u00e9cadas ap\u00f3s sua cria\u00e7\u00e3o, e ap\u00f3s muita press\u00e3o, uma modelo trans \u00e9 admitida.<\/p>\n\n\n\n<p>A novidade foi compartilhada pela modelo Valentina Sampaio em suas redes sociais:<\/p>\n\n\n\n<figure class=\"wp-block-embed-instagram wp-block-embed is-type-rich is-provider-instagram\"><div class=\"wp-block-embed__wrapper\">\nhttps:\/\/www.instagram.com\/p\/B0oDsqnC2am\/\n<\/div><\/figure>\n","protected":false},"excerpt":{"rendered":"<p>A modelo brasileira Valentina Sampaio, 22 anos, foi escalada para ser a primeira representante transexual da marca de lingeries Victoria\u2019s Secret. Victoria&#8217;s Secret \u00e9 uma marca de\u00a0lingerie\u00a0e produtos de beleza, fundada em\u00a01977\u00a0por Roy Raymond com a sede em\u00a0Ohio,\u00a0Estados Unidos.\u00a0Estima-se que os ganhos da companhia, entre 2009 e 2010, estiveram entre 6,35 a 7,05 bilh\u00f5es de\u00a0d\u00f3lares. [&hellip;]<\/p>\n","protected":false},"author":1,"featured_media":10782,"comment_status":"open","ping_status":"open","sticky":false,"template":"","format":"standard","meta":{"tdm_status":"","tdm_grid_status":"","footnotes":""},"categories":[6],"tags":[28,2004,2294,2293],"class_list":["post-10781","post","type-post","status-publish","format-standard","has-post-thumbnail","hentry","category-noticias","tag-marketing","tag-trans","tag-transexual","tag-victorias-secret"],"yoast_head":"<!-- This site is optimized with the Yoast SEO plugin v27.5 - https:\/\/yoast.com\/product\/yoast-seo-wordpress\/ -->\n<title>Victoria\u2019s Secret contrata primeira modelo trans; A Cearense Valentina Sampaio de 22 anos ser\u00e1 a representante da marca - CidadeMarketing<\/title>\n<meta name=\"robots\" content=\"index, follow, max-snippet:-1, max-image-preview:large, max-video-preview:-1\" \/>\n<link rel=\"canonical\" href=\"https:\/\/www.cidademarketing.com.br\/marketing\/2019\/08\/09\/victorias-secret-contrata-primeira-modelo-trans-a-cearense-valentina-sampaio-de-22-anos-sera-a-representante-da-marca\/\" \/>\n<meta property=\"og:locale\" content=\"pt_BR\" \/>\n<meta property=\"og:type\" content=\"article\" \/>\n<meta property=\"og:title\" content=\"Victoria\u2019s Secret contrata primeira modelo trans; A Cearense Valentina Sampaio de 22 anos ser\u00e1 a representante da marca - CidadeMarketing\" \/>\n<meta property=\"og:description\" content=\"A modelo brasileira Valentina Sampaio, 22 anos, foi escalada para ser a primeira representante transexual da marca de lingeries Victoria\u2019s Secret. Victoria&#8217;s Secret \u00e9 uma marca de\u00a0lingerie\u00a0e produtos de beleza, fundada em\u00a01977\u00a0por Roy Raymond com a sede em\u00a0Ohio,\u00a0Estados Unidos.\u00a0Estima-se que os ganhos da companhia, entre 2009 e 2010, estiveram entre 6,35 a 7,05 bilh\u00f5es de\u00a0d\u00f3lares. [&hellip;]\" \/>\n<meta property=\"og:url\" content=\"https:\/\/www.cidademarketing.com.br\/marketing\/2019\/08\/09\/victorias-secret-contrata-primeira-modelo-trans-a-cearense-valentina-sampaio-de-22-anos-sera-a-representante-da-marca\/\" \/>\n<meta property=\"og:site_name\" content=\"CidadeMarketing\" \/>\n<meta property=\"article:publisher\" content=\"https:\/\/www.facebook.com\/portalcidademarketing\" \/>\n<meta property=\"article:author\" content=\"https:\/\/www.facebook.com\/thalesbrandao\" \/>\n<meta property=\"article:published_time\" content=\"2019-08-09T19:24:27+00:00\" \/>\n<meta property=\"article:modified_time\" content=\"2019-08-09T19:24:30+00:00\" \/>\n<meta property=\"og:image\" content=\"https:\/\/www.cidademarketing.com.br\/marketing\/wp-content\/uploads\/2019\/08\/valentina_sampaio.png\" \/>\n\t<meta property=\"og:image:width\" content=\"576\" \/>\n\t<meta property=\"og:image:height\" content=\"731\" \/>\n\t<meta property=\"og:image:type\" content=\"image\/png\" \/>\n<meta name=\"author\" content=\"Thales Brand\u00e3o\" \/>\n<meta name=\"twitter:card\" content=\"summary_large_image\" \/>\n<meta name=\"twitter:creator\" content=\"@http:\/\/www.twitter.com\/thalesbrandao\" \/>\n<meta name=\"twitter:site\" content=\"@CidadeMarketing\" \/>\n<meta name=\"twitter:label1\" content=\"Escrito por\" \/>\n\t<meta name=\"twitter:data1\" content=\"Thales Brand\u00e3o\" \/>\n<script type=\"application\/ld+json\" class=\"yoast-schema-graph\">{\"@context\":\"https:\\\/\\\/schema.org\",\"@graph\":[{\"@type\":\"Article\",\"@id\":\"https:\\\/\\\/www.cidademarketing.com.br\\\/marketing\\\/2019\\\/08\\\/09\\\/victorias-secret-contrata-primeira-modelo-trans-a-cearense-valentina-sampaio-de-22-anos-sera-a-representante-da-marca\\\/#article\",\"isPartOf\":{\"@id\":\"https:\\\/\\\/www.cidademarketing.com.br\\\/marketing\\\/2019\\\/08\\\/09\\\/victorias-secret-contrata-primeira-modelo-trans-a-cearense-valentina-sampaio-de-22-anos-sera-a-representante-da-marca\\\/\"},\"author\":{\"name\":\"Thales Brand\u00e3o\",\"@id\":\"https:\\\/\\\/www.cidademarketing.com.br\\\/marketing\\\/#\\\/schema\\\/person\\\/02daff9f18bd9378c9e01eb6b2db155f\"},\"headline\":\"Victoria\u2019s Secret contrata primeira modelo trans; A Cearense Valentina Sampaio de 22 anos ser\u00e1 a representante da marca\",\"datePublished\":\"2019-08-09T19:24:27+00:00\",\"dateModified\":\"2019-08-09T19:24:30+00:00\",\"mainEntityOfPage\":{\"@id\":\"https:\\\/\\\/www.cidademarketing.com.br\\\/marketing\\\/2019\\\/08\\\/09\\\/victorias-secret-contrata-primeira-modelo-trans-a-cearense-valentina-sampaio-de-22-anos-sera-a-representante-da-marca\\\/\"},\"wordCount\":116,\"commentCount\":0,\"publisher\":{\"@id\":\"https:\\\/\\\/www.cidademarketing.com.br\\\/marketing\\\/#organization\"},\"image\":{\"@id\":\"https:\\\/\\\/www.cidademarketing.com.br\\\/marketing\\\/2019\\\/08\\\/09\\\/victorias-secret-contrata-primeira-modelo-trans-a-cearense-valentina-sampaio-de-22-anos-sera-a-representante-da-marca\\\/#primaryimage\"},\"thumbnailUrl\":\"https:\\\/\\\/www.cidademarketing.com.br\\\/marketing\\\/wp-content\\\/uploads\\\/2019\\\/08\\\/valentina_sampaio.png\",\"keywords\":[\"marketing\",\"Trans\",\"transexual\",\"Victoria\u2019s Secret\"],\"articleSection\":[\"Not\u00edcias\"],\"inLanguage\":\"pt-BR\",\"potentialAction\":[{\"@type\":\"CommentAction\",\"name\":\"Comment\",\"target\":[\"https:\\\/\\\/www.cidademarketing.com.br\\\/marketing\\\/2019\\\/08\\\/09\\\/victorias-secret-contrata-primeira-modelo-trans-a-cearense-valentina-sampaio-de-22-anos-sera-a-representante-da-marca\\\/#respond\"]}]},{\"@type\":\"WebPage\",\"@id\":\"https:\\\/\\\/www.cidademarketing.com.br\\\/marketing\\\/2019\\\/08\\\/09\\\/victorias-secret-contrata-primeira-modelo-trans-a-cearense-valentina-sampaio-de-22-anos-sera-a-representante-da-marca\\\/\",\"url\":\"https:\\\/\\\/www.cidademarketing.com.br\\\/marketing\\\/2019\\\/08\\\/09\\\/victorias-secret-contrata-primeira-modelo-trans-a-cearense-valentina-sampaio-de-22-anos-sera-a-representante-da-marca\\\/\",\"name\":\"Victoria\u2019s Secret contrata primeira modelo trans; A Cearense Valentina Sampaio de 22 anos ser\u00e1 a representante da marca - CidadeMarketing\",\"isPartOf\":{\"@id\":\"https:\\\/\\\/www.cidademarketing.com.br\\\/marketing\\\/#website\"},\"primaryImageOfPage\":{\"@id\":\"https:\\\/\\\/www.cidademarketing.com.br\\\/marketing\\\/2019\\\/08\\\/09\\\/victorias-secret-contrata-primeira-modelo-trans-a-cearense-valentina-sampaio-de-22-anos-sera-a-representante-da-marca\\\/#primaryimage\"},\"image\":{\"@id\":\"https:\\\/\\\/www.cidademarketing.com.br\\\/marketing\\\/2019\\\/08\\\/09\\\/victorias-secret-contrata-primeira-modelo-trans-a-cearense-valentina-sampaio-de-22-anos-sera-a-representante-da-marca\\\/#primaryimage\"},\"thumbnailUrl\":\"https:\\\/\\\/www.cidademarketing.com.br\\\/marketing\\\/wp-content\\\/uploads\\\/2019\\\/08\\\/valentina_sampaio.png\",\"datePublished\":\"2019-08-09T19:24:27+00:00\",\"dateModified\":\"2019-08-09T19:24:30+00:00\",\"breadcrumb\":{\"@id\":\"https:\\\/\\\/www.cidademarketing.com.br\\\/marketing\\\/2019\\\/08\\\/09\\\/victorias-secret-contrata-primeira-modelo-trans-a-cearense-valentina-sampaio-de-22-anos-sera-a-representante-da-marca\\\/#breadcrumb\"},\"inLanguage\":\"pt-BR\",\"potentialAction\":[{\"@type\":\"ReadAction\",\"target\":[\"https:\\\/\\\/www.cidademarketing.com.br\\\/marketing\\\/2019\\\/08\\\/09\\\/victorias-secret-contrata-primeira-modelo-trans-a-cearense-valentina-sampaio-de-22-anos-sera-a-representante-da-marca\\\/\"]}]},{\"@type\":\"ImageObject\",\"inLanguage\":\"pt-BR\",\"@id\":\"https:\\\/\\\/www.cidademarketing.com.br\\\/marketing\\\/2019\\\/08\\\/09\\\/victorias-secret-contrata-primeira-modelo-trans-a-cearense-valentina-sampaio-de-22-anos-sera-a-representante-da-marca\\\/#primaryimage\",\"url\":\"https:\\\/\\\/www.cidademarketing.com.br\\\/marketing\\\/wp-content\\\/uploads\\\/2019\\\/08\\\/valentina_sampaio.png\",\"contentUrl\":\"https:\\\/\\\/www.cidademarketing.com.br\\\/marketing\\\/wp-content\\\/uploads\\\/2019\\\/08\\\/valentina_sampaio.png\",\"width\":576,\"height\":731,\"caption\":\"Reprodu\u00e7\u00e3o\\\/Redes Sociais\"},{\"@type\":\"BreadcrumbList\",\"@id\":\"https:\\\/\\\/www.cidademarketing.com.br\\\/marketing\\\/2019\\\/08\\\/09\\\/victorias-secret-contrata-primeira-modelo-trans-a-cearense-valentina-sampaio-de-22-anos-sera-a-representante-da-marca\\\/#breadcrumb\",\"itemListElement\":[{\"@type\":\"ListItem\",\"position\":1,\"name\":\"In\u00edcio\",\"item\":\"https:\\\/\\\/www.cidademarketing.com.br\\\/marketing\\\/\"},{\"@type\":\"ListItem\",\"position\":2,\"name\":\"Victoria\u2019s Secret contrata primeira modelo trans; A Cearense Valentina Sampaio de 22 anos ser\u00e1 a representante da marca\"}]},{\"@type\":\"WebSite\",\"@id\":\"https:\\\/\\\/www.cidademarketing.com.br\\\/marketing\\\/#website\",\"url\":\"https:\\\/\\\/www.cidademarketing.com.br\\\/marketing\\\/\",\"name\":\"CidadeMarketing\",\"description\":\"Somos um ve\u00edculo de comunica\u00e7\u00e3o de destaque no Brasil, reconhecido por conte\u00fados nos segmentos de marketing, empreendedorismo e inova\u00e7\u00e3o.\",\"publisher\":{\"@id\":\"https:\\\/\\\/www.cidademarketing.com.br\\\/marketing\\\/#organization\"},\"alternateName\":\"CidadeMarketing\",\"potentialAction\":[{\"@type\":\"SearchAction\",\"target\":{\"@type\":\"EntryPoint\",\"urlTemplate\":\"https:\\\/\\\/www.cidademarketing.com.br\\\/marketing\\\/?s={search_term_string}\"},\"query-input\":{\"@type\":\"PropertyValueSpecification\",\"valueRequired\":true,\"valueName\":\"search_term_string\"}}],\"inLanguage\":\"pt-BR\"},{\"@type\":\"Organization\",\"@id\":\"https:\\\/\\\/www.cidademarketing.com.br\\\/marketing\\\/#organization\",\"name\":\"CidadeMarketing\",\"alternateName\":\"CidadeMarketing\",\"url\":\"https:\\\/\\\/www.cidademarketing.com.br\\\/marketing\\\/\",\"logo\":{\"@type\":\"ImageObject\",\"inLanguage\":\"pt-BR\",\"@id\":\"https:\\\/\\\/www.cidademarketing.com.br\\\/marketing\\\/#\\\/schema\\\/logo\\\/image\\\/\",\"url\":\"https:\\\/\\\/www.cidademarketing.com.br\\\/marketing\\\/wp-content\\\/uploads\\\/2020\\\/01\\\/cidademarketing_marca_mobile.png\",\"contentUrl\":\"https:\\\/\\\/www.cidademarketing.com.br\\\/marketing\\\/wp-content\\\/uploads\\\/2020\\\/01\\\/cidademarketing_marca_mobile.png\",\"width\":230,\"height\":92,\"caption\":\"CidadeMarketing\"},\"image\":{\"@id\":\"https:\\\/\\\/www.cidademarketing.com.br\\\/marketing\\\/#\\\/schema\\\/logo\\\/image\\\/\"},\"sameAs\":[\"https:\\\/\\\/www.facebook.com\\\/portalcidademarketing\",\"https:\\\/\\\/x.com\\\/CidadeMarketing\",\"https:\\\/\\\/www.instagram.com\\\/cidademarketing\\\/\"]},{\"@type\":\"Person\",\"@id\":\"https:\\\/\\\/www.cidademarketing.com.br\\\/marketing\\\/#\\\/schema\\\/person\\\/02daff9f18bd9378c9e01eb6b2db155f\",\"name\":\"Thales Brand\u00e3o\",\"image\":{\"@type\":\"ImageObject\",\"inLanguage\":\"pt-BR\",\"@id\":\"https:\\\/\\\/secure.gravatar.com\\\/avatar\\\/7ca3206950207cc3cb48feec56a8a7898741ab725c368d99d5d7a5a50aab80c6?s=96&d=mm&r=g\",\"url\":\"https:\\\/\\\/secure.gravatar.com\\\/avatar\\\/7ca3206950207cc3cb48feec56a8a7898741ab725c368d99d5d7a5a50aab80c6?s=96&d=mm&r=g\",\"contentUrl\":\"https:\\\/\\\/secure.gravatar.com\\\/avatar\\\/7ca3206950207cc3cb48feec56a8a7898741ab725c368d99d5d7a5a50aab80c6?s=96&d=mm&r=g\",\"caption\":\"Thales Brand\u00e3o\"},\"description\":\"Editor Executivo do Portal CidadeMarketing.com.br &gt; Mestre em Comunica\u00e7\u00e3o e Sociedade pela Universidade Federal de Sergipe. Possui MBA Executivo em Administra\u00e7\u00e3o com \u00eanfase em Marketing pela Funda\u00e7\u00e3o Get\u00falio Vargas - Rio de Janeiro. Consultor, Palestrante e Pesquisador sobre Empreendedorismo, Marketing, Redes Sociais e Neg\u00f3cios Digitais. Professor, Palestrante TedxTalks e Campus Party. Twitter: @ThalesBrandao\",\"sameAs\":[\"http:\\\/\\\/www.mandacaru.com.br\",\"https:\\\/\\\/www.facebook.com\\\/thalesbrandao\",\"http:\\\/\\\/www.instagram.com.br\\\/thalesbrandaoferreira\",\"https:\\\/\\\/www.linkedin.com\\\/in\\\/thales-brand\u00e3o-3948609\\\/\",\"https:\\\/\\\/x.com\\\/http:\\\/\\\/www.twitter.com\\\/thalesbrandao\"],\"url\":\"https:\\\/\\\/www.cidademarketing.com.br\\\/marketing\\\/author\\\/thalesbrandao\\\/\"}]}<\/script>\n<!-- \/ Yoast SEO plugin. -->","yoast_head_json":{"title":"Victoria\u2019s Secret contrata primeira modelo trans; A Cearense Valentina Sampaio de 22 anos ser\u00e1 a representante da marca - CidadeMarketing","robots":{"index":"index","follow":"follow","max-snippet":"max-snippet:-1","max-image-preview":"max-image-preview:large","max-video-preview":"max-video-preview:-1"},"canonical":"https:\/\/www.cidademarketing.com.br\/marketing\/2019\/08\/09\/victorias-secret-contrata-primeira-modelo-trans-a-cearense-valentina-sampaio-de-22-anos-sera-a-representante-da-marca\/","og_locale":"pt_BR","og_type":"article","og_title":"Victoria\u2019s Secret contrata primeira modelo trans; A Cearense Valentina Sampaio de 22 anos ser\u00e1 a representante da marca - CidadeMarketing","og_description":"A modelo brasileira Valentina Sampaio, 22 anos, foi escalada para ser a primeira representante transexual da marca de lingeries Victoria\u2019s Secret. Victoria&#8217;s Secret \u00e9 uma marca de\u00a0lingerie\u00a0e produtos de beleza, fundada em\u00a01977\u00a0por Roy Raymond com a sede em\u00a0Ohio,\u00a0Estados Unidos.\u00a0Estima-se que os ganhos da companhia, entre 2009 e 2010, estiveram entre 6,35 a 7,05 bilh\u00f5es de\u00a0d\u00f3lares. [&hellip;]","og_url":"https:\/\/www.cidademarketing.com.br\/marketing\/2019\/08\/09\/victorias-secret-contrata-primeira-modelo-trans-a-cearense-valentina-sampaio-de-22-anos-sera-a-representante-da-marca\/","og_site_name":"CidadeMarketing","article_publisher":"https:\/\/www.facebook.com\/portalcidademarketing","article_author":"https:\/\/www.facebook.com\/thalesbrandao","article_published_time":"2019-08-09T19:24:27+00:00","article_modified_time":"2019-08-09T19:24:30+00:00","og_image":[{"width":576,"height":731,"url":"https:\/\/www.cidademarketing.com.br\/marketing\/wp-content\/uploads\/2019\/08\/valentina_sampaio.png","type":"image\/png"}],"author":"Thales Brand\u00e3o","twitter_card":"summary_large_image","twitter_creator":"@http:\/\/www.twitter.com\/thalesbrandao","twitter_site":"@CidadeMarketing","twitter_misc":{"Escrito por":"Thales Brand\u00e3o"},"schema":{"@context":"https:\/\/schema.org","@graph":[{"@type":"Article","@id":"https:\/\/www.cidademarketing.com.br\/marketing\/2019\/08\/09\/victorias-secret-contrata-primeira-modelo-trans-a-cearense-valentina-sampaio-de-22-anos-sera-a-representante-da-marca\/#article","isPartOf":{"@id":"https:\/\/www.cidademarketing.com.br\/marketing\/2019\/08\/09\/victorias-secret-contrata-primeira-modelo-trans-a-cearense-valentina-sampaio-de-22-anos-sera-a-representante-da-marca\/"},"author":{"name":"Thales Brand\u00e3o","@id":"https:\/\/www.cidademarketing.com.br\/marketing\/#\/schema\/person\/02daff9f18bd9378c9e01eb6b2db155f"},"headline":"Victoria\u2019s Secret contrata primeira modelo trans; A Cearense Valentina Sampaio de 22 anos ser\u00e1 a representante da marca","datePublished":"2019-08-09T19:24:27+00:00","dateModified":"2019-08-09T19:24:30+00:00","mainEntityOfPage":{"@id":"https:\/\/www.cidademarketing.com.br\/marketing\/2019\/08\/09\/victorias-secret-contrata-primeira-modelo-trans-a-cearense-valentina-sampaio-de-22-anos-sera-a-representante-da-marca\/"},"wordCount":116,"commentCount":0,"publisher":{"@id":"https:\/\/www.cidademarketing.com.br\/marketing\/#organization"},"image":{"@id":"https:\/\/www.cidademarketing.com.br\/marketing\/2019\/08\/09\/victorias-secret-contrata-primeira-modelo-trans-a-cearense-valentina-sampaio-de-22-anos-sera-a-representante-da-marca\/#primaryimage"},"thumbnailUrl":"https:\/\/www.cidademarketing.com.br\/marketing\/wp-content\/uploads\/2019\/08\/valentina_sampaio.png","keywords":["marketing","Trans","transexual","Victoria\u2019s Secret"],"articleSection":["Not\u00edcias"],"inLanguage":"pt-BR","potentialAction":[{"@type":"CommentAction","name":"Comment","target":["https:\/\/www.cidademarketing.com.br\/marketing\/2019\/08\/09\/victorias-secret-contrata-primeira-modelo-trans-a-cearense-valentina-sampaio-de-22-anos-sera-a-representante-da-marca\/#respond"]}]},{"@type":"WebPage","@id":"https:\/\/www.cidademarketing.com.br\/marketing\/2019\/08\/09\/victorias-secret-contrata-primeira-modelo-trans-a-cearense-valentina-sampaio-de-22-anos-sera-a-representante-da-marca\/","url":"https:\/\/www.cidademarketing.com.br\/marketing\/2019\/08\/09\/victorias-secret-contrata-primeira-modelo-trans-a-cearense-valentina-sampaio-de-22-anos-sera-a-representante-da-marca\/","name":"Victoria\u2019s Secret contrata primeira modelo trans; A Cearense Valentina Sampaio de 22 anos ser\u00e1 a representante da marca - CidadeMarketing","isPartOf":{"@id":"https:\/\/www.cidademarketing.com.br\/marketing\/#website"},"primaryImageOfPage":{"@id":"https:\/\/www.cidademarketing.com.br\/marketing\/2019\/08\/09\/victorias-secret-contrata-primeira-modelo-trans-a-cearense-valentina-sampaio-de-22-anos-sera-a-representante-da-marca\/#primaryimage"},"image":{"@id":"https:\/\/www.cidademarketing.com.br\/marketing\/2019\/08\/09\/victorias-secret-contrata-primeira-modelo-trans-a-cearense-valentina-sampaio-de-22-anos-sera-a-representante-da-marca\/#primaryimage"},"thumbnailUrl":"https:\/\/www.cidademarketing.com.br\/marketing\/wp-content\/uploads\/2019\/08\/valentina_sampaio.png","datePublished":"2019-08-09T19:24:27+00:00","dateModified":"2019-08-09T19:24:30+00:00","breadcrumb":{"@id":"https:\/\/www.cidademarketing.com.br\/marketing\/2019\/08\/09\/victorias-secret-contrata-primeira-modelo-trans-a-cearense-valentina-sampaio-de-22-anos-sera-a-representante-da-marca\/#breadcrumb"},"inLanguage":"pt-BR","potentialAction":[{"@type":"ReadAction","target":["https:\/\/www.cidademarketing.com.br\/marketing\/2019\/08\/09\/victorias-secret-contrata-primeira-modelo-trans-a-cearense-valentina-sampaio-de-22-anos-sera-a-representante-da-marca\/"]}]},{"@type":"ImageObject","inLanguage":"pt-BR","@id":"https:\/\/www.cidademarketing.com.br\/marketing\/2019\/08\/09\/victorias-secret-contrata-primeira-modelo-trans-a-cearense-valentina-sampaio-de-22-anos-sera-a-representante-da-marca\/#primaryimage","url":"https:\/\/www.cidademarketing.com.br\/marketing\/wp-content\/uploads\/2019\/08\/valentina_sampaio.png","contentUrl":"https:\/\/www.cidademarketing.com.br\/marketing\/wp-content\/uploads\/2019\/08\/valentina_sampaio.png","width":576,"height":731,"caption":"Reprodu\u00e7\u00e3o\/Redes Sociais"},{"@type":"BreadcrumbList","@id":"https:\/\/www.cidademarketing.com.br\/marketing\/2019\/08\/09\/victorias-secret-contrata-primeira-modelo-trans-a-cearense-valentina-sampaio-de-22-anos-sera-a-representante-da-marca\/#breadcrumb","itemListElement":[{"@type":"ListItem","position":1,"name":"In\u00edcio","item":"https:\/\/www.cidademarketing.com.br\/marketing\/"},{"@type":"ListItem","position":2,"name":"Victoria\u2019s Secret contrata primeira modelo trans; A Cearense Valentina Sampaio de 22 anos ser\u00e1 a representante da marca"}]},{"@type":"WebSite","@id":"https:\/\/www.cidademarketing.com.br\/marketing\/#website","url":"https:\/\/www.cidademarketing.com.br\/marketing\/","name":"CidadeMarketing","description":"Somos um ve\u00edculo de comunica\u00e7\u00e3o de destaque no Brasil, reconhecido por conte\u00fados nos segmentos de marketing, empreendedorismo e inova\u00e7\u00e3o.","publisher":{"@id":"https:\/\/www.cidademarketing.com.br\/marketing\/#organization"},"alternateName":"CidadeMarketing","potentialAction":[{"@type":"SearchAction","target":{"@type":"EntryPoint","urlTemplate":"https:\/\/www.cidademarketing.com.br\/marketing\/?s={search_term_string}"},"query-input":{"@type":"PropertyValueSpecification","valueRequired":true,"valueName":"search_term_string"}}],"inLanguage":"pt-BR"},{"@type":"Organization","@id":"https:\/\/www.cidademarketing.com.br\/marketing\/#organization","name":"CidadeMarketing","alternateName":"CidadeMarketing","url":"https:\/\/www.cidademarketing.com.br\/marketing\/","logo":{"@type":"ImageObject","inLanguage":"pt-BR","@id":"https:\/\/www.cidademarketing.com.br\/marketing\/#\/schema\/logo\/image\/","url":"https:\/\/www.cidademarketing.com.br\/marketing\/wp-content\/uploads\/2020\/01\/cidademarketing_marca_mobile.png","contentUrl":"https:\/\/www.cidademarketing.com.br\/marketing\/wp-content\/uploads\/2020\/01\/cidademarketing_marca_mobile.png","width":230,"height":92,"caption":"CidadeMarketing"},"image":{"@id":"https:\/\/www.cidademarketing.com.br\/marketing\/#\/schema\/logo\/image\/"},"sameAs":["https:\/\/www.facebook.com\/portalcidademarketing","https:\/\/x.com\/CidadeMarketing","https:\/\/www.instagram.com\/cidademarketing\/"]},{"@type":"Person","@id":"https:\/\/www.cidademarketing.com.br\/marketing\/#\/schema\/person\/02daff9f18bd9378c9e01eb6b2db155f","name":"Thales Brand\u00e3o","image":{"@type":"ImageObject","inLanguage":"pt-BR","@id":"https:\/\/secure.gravatar.com\/avatar\/7ca3206950207cc3cb48feec56a8a7898741ab725c368d99d5d7a5a50aab80c6?s=96&d=mm&r=g","url":"https:\/\/secure.gravatar.com\/avatar\/7ca3206950207cc3cb48feec56a8a7898741ab725c368d99d5d7a5a50aab80c6?s=96&d=mm&r=g","contentUrl":"https:\/\/secure.gravatar.com\/avatar\/7ca3206950207cc3cb48feec56a8a7898741ab725c368d99d5d7a5a50aab80c6?s=96&d=mm&r=g","caption":"Thales Brand\u00e3o"},"description":"Editor Executivo do Portal CidadeMarketing.com.br &gt; Mestre em Comunica\u00e7\u00e3o e Sociedade pela Universidade Federal de Sergipe. Possui MBA Executivo em Administra\u00e7\u00e3o com \u00eanfase em Marketing pela Funda\u00e7\u00e3o Get\u00falio Vargas - Rio de Janeiro. Consultor, Palestrante e Pesquisador sobre Empreendedorismo, Marketing, Redes Sociais e Neg\u00f3cios Digitais. Professor, Palestrante TedxTalks e Campus Party. Twitter: @ThalesBrandao","sameAs":["http:\/\/www.mandacaru.com.br","https:\/\/www.facebook.com\/thalesbrandao","http:\/\/www.instagram.com.br\/thalesbrandaoferreira","https:\/\/www.linkedin.com\/in\/thales-brand\u00e3o-3948609\/","https:\/\/x.com\/http:\/\/www.twitter.com\/thalesbrandao"],"url":"https:\/\/www.cidademarketing.com.br\/marketing\/author\/thalesbrandao\/"}]}},"amp_enabled":true,"_links":{"self":[{"href":"https:\/\/www.cidademarketing.com.br\/marketing\/wp-json\/wp\/v2\/posts\/10781","targetHints":{"allow":["GET"]}}],"collection":[{"href":"https:\/\/www.cidademarketing.com.br\/marketing\/wp-json\/wp\/v2\/posts"}],"about":[{"href":"https:\/\/www.cidademarketing.com.br\/marketing\/wp-json\/wp\/v2\/types\/post"}],"author":[{"embeddable":true,"href":"https:\/\/www.cidademarketing.com.br\/marketing\/wp-json\/wp\/v2\/users\/1"}],"replies":[{"embeddable":true,"href":"https:\/\/www.cidademarketing.com.br\/marketing\/wp-json\/wp\/v2\/comments?post=10781"}],"version-history":[{"count":1,"href":"https:\/\/www.cidademarketing.com.br\/marketing\/wp-json\/wp\/v2\/posts\/10781\/revisions"}],"predecessor-version":[{"id":10783,"href":"https:\/\/www.cidademarketing.com.br\/marketing\/wp-json\/wp\/v2\/posts\/10781\/revisions\/10783"}],"wp:featuredmedia":[{"embeddable":true,"href":"https:\/\/www.cidademarketing.com.br\/marketing\/wp-json\/wp\/v2\/media\/10782"}],"wp:attachment":[{"href":"https:\/\/www.cidademarketing.com.br\/marketing\/wp-json\/wp\/v2\/media?parent=10781"}],"wp:term":[{"taxonomy":"category","embeddable":true,"href":"https:\/\/www.cidademarketing.com.br\/marketing\/wp-json\/wp\/v2\/categories?post=10781"},{"taxonomy":"post_tag","embeddable":true,"href":"https:\/\/www.cidademarketing.com.br\/marketing\/wp-json\/wp\/v2\/tags?post=10781"}],"curies":[{"name":"wp","href":"https:\/\/api.w.org\/{rel}","templated":true}]}}