{"id":10652,"date":"2019-08-06T05:44:20","date_gmt":"2019-08-06T01:44:20","guid":{"rendered":"https:\/\/www.cidademarketing.com.br\/marketing\/?p=10652"},"modified":"2019-08-08T00:52:02","modified_gmt":"2019-08-07T20:52:02","slug":"anima-educacao-desembarca-no-nordeste-e-integra-a-marca-uniages-com-investimento-de-r-200-milhoes","status":"publish","type":"post","link":"https:\/\/www.cidademarketing.com.br\/marketing\/2019\/08\/06\/anima-educacao-desembarca-no-nordeste-e-integra-a-marca-uniages-com-investimento-de-r-200-milhoes\/","title":{"rendered":"\u00c2nima Educa\u00e7\u00e3o desembarca no Nordeste e integra a marca UniAges com investimento de R$ 200 milh\u00f5es"},"content":{"rendered":"\n<p>A \u00c2nima Educa\u00e7\u00e3o anunciou nesta segunda-feira (05) a chegada de mais uma institui\u00e7\u00e3o de ensino superior \u00e0 organiza\u00e7\u00e3o. O Centro Universit\u00e1rio Ages (UniAGES) passa a integrar a companhia em opera\u00e7\u00e3o que consistiu em um investimento de R$ 200 milh\u00f5es de reais por parte da \u00c2nima. O objetivo \u00e9 oferecer aos jovens de todo o Brasil mais oportunidade e acesso \u00e0 educa\u00e7\u00e3o de qualidade.<\/p>\n\n\n\n<p>Com 26 cursos de gradua\u00e7\u00e3o e dona de resultados acad\u00eamicos consistentes, a UniAGES tem 5,6 mil estudantes distribu\u00eddos em sete unidades acad\u00eamicas \u2013 1 Centro Universit\u00e1rio e 6 Faculdades \u2013 nas cidades baianas de Paripiranga, Jacobina, Jeremoabo, Senhor do Bonfim, Tucano e Irec\u00ea, al\u00e9m de Lagarto, em Sergipe. Al\u00e9m disso, tamb\u00e9m \u00e9 reconhecida por um projeto acad\u00eamico baseado no uso intensivo de metodologias ativas j\u00e1 consolidadas, na humaniza\u00e7\u00e3o das rela\u00e7\u00f5es de aprendizagem, bem como no rigor com a pr\u00e1tica acad\u00eamica.<\/p>\n\n\n\n<p>Com a opera\u00e7\u00e3o, a \u00c2nima tamb\u00e9m amplia seu envolvimento na Medicina, uma vez que o curso tamb\u00e9m faz parte do portf\u00f3lio da Faculdade AGES de Jacobina (BA), com 85 vagas anuais e, em breve, na cidade de Irec\u00ea (BA), com 50 vagas anuais totalizando 135 novas por ano.<\/p>\n\n\n\n<p>Dentro deste projeto, a \u00c2nima conta com a atua\u00e7\u00e3o direta do professor doutor Jos\u00e9 L\u00facio Martins Machado, respons\u00e1vel pela vertical de Sa\u00fade do grupo, a qual ganha um impulso de fortalecimento a partir desta nova integra\u00e7\u00e3o. Machado tem grande experi\u00eancia no segmento, tendo liderado a implanta\u00e7\u00e3o e autoriza\u00e7\u00e3o de mais de 50 cursos de Medicina no Brasil, entre institui\u00e7\u00f5es p\u00fablicas e privadas.<\/p>\n\n\n\n<figure class=\"wp-block-image\"><img fetchpriority=\"high\" decoding=\"async\" width=\"1024\" height=\"768\" src=\"https:\/\/www.cidademarketing.com.br\/marketing\/wp-content\/uploads\/2019\/08\/20190805_2055180-1024x768.jpg\" alt=\"\" class=\"wp-image-10653\" srcset=\"https:\/\/www.cidademarketing.com.br\/marketing\/wp-content\/uploads\/2019\/08\/20190805_2055180-1024x768.jpg 1024w, https:\/\/www.cidademarketing.com.br\/marketing\/wp-content\/uploads\/2019\/08\/20190805_2055180-300x225.jpg 300w, https:\/\/www.cidademarketing.com.br\/marketing\/wp-content\/uploads\/2019\/08\/20190805_2055180-768x576.jpg 768w\" sizes=\"(max-width: 1024px) 100vw, 1024px\" \/><figcaption>Cerim\u00f4nia oficial realizada no Centro Universit\u00e1rio Ages em Paripiranga-BA<\/figcaption><\/figure>\n\n\n\n<p>A chegada da \u00c2nima ao Nordeste faz parte tamb\u00e9m do plano de expans\u00e3o da institui\u00e7\u00e3o, que agora est\u00e1 presente em sete estados brasileiros: Una (MG e GO), Universidade S\u00e3o Judas (SP), UniBH (MG), UniSociesc (SC e PR) e, agora, a UniAGES (BA e SE).<\/p>\n\n\n\n<p>\u201cPara transformar o pa\u00eds pela Educa\u00e7\u00e3o, precisamos estar sempre em busca de caminhos que viabilizem a oportunidade de mais e mais brasileiros terem acesso a uma educa\u00e7\u00e3o de qualidade para, consequentemente, realizarem seus sonhos. Pois isso, nos unimos a uma marca cuja hist\u00f3ria tem total rela\u00e7\u00e3o com nosso DNA\u201d, declara Marcelo Battistella Bueno, presidente da \u00c2nima Educa\u00e7\u00e3o.<\/p>\n\n\n\n<p>A UniAGES foi idealizada h\u00e1 37 anos pelo professor e educador Jos\u00e9 Wilson dos Santos, que por meio de seus esfor\u00e7os, vis\u00e3o e dedica\u00e7\u00e3o, criou uma rede de ensino que ao longo das \u00faltimas d\u00e9cadas vem transformando e desenvolvendo toda a regi\u00e3o.&nbsp;<\/p>\n\n\n\n<p>\u201cA AGES vive um dos momentos mais importantes de sua hist\u00f3ria, passando a ter um impacto n\u00e3o apenas na regi\u00e3o, mas em todo o Brasil. Seguimos confiantes e otimistas com o novo ciclo que se inicia, pois os novos desafios s\u00e3o ainda maiores. Temos a certeza de que toda a equipe estar\u00e1 pronta para atend\u00ea-los. A \u00c2nima chega para agregar valores \u00e0 AGES e, sem d\u00favida, temos muito a contribuir para o seu crescimento e difus\u00e3o na regi\u00e3o Nordeste e no Brasil. Otimismo \u00e9 a palavra de ordem\u201d, afirma o professor Jos\u00e9 Wilson.<\/p>\n\n\n\n<div class=\"wp-block-file\"><a href=\"https:\/\/www.cidademarketing.com.br\/marketing\/wp-content\/uploads\/2019\/08\/rededeensinoages_animaeducacao_cidademarketing.pdf\">Confira os n\u00fameros da Rede UniAges<\/a><a href=\"https:\/\/www.cidademarketing.com.br\/marketing\/wp-content\/uploads\/2019\/08\/rededeensinoages_animaeducacao_cidademarketing.pdf\" class=\"wp-block-file__button\" download>Baixar<\/a><\/div>\n\n\n\n<div class=\"wp-block-file\"><a href=\"https:\/\/www.cidademarketing.com.br\/marketing\/wp-content\/uploads\/2019\/08\/Uniagesanima.pdf\">Confira a nota da marca \u00c2nima Educacional sobre a transa\u00e7\u00e3o<\/a><a href=\"https:\/\/www.cidademarketing.com.br\/marketing\/wp-content\/uploads\/2019\/08\/Uniagesanima.pdf\" class=\"wp-block-file__button\" download>Baixar<\/a><\/div>\n\n\n\n<p><strong>ANIMA EDUCA\u00c7\u00c3O CONCLUI TRANSA\u00c7\u00c3O COM REDE DE ENSINO AGES<\/strong><\/p>\n\n\n\n<p>A&nbsp;<strong>ANIMA HOLDING S.A.<\/strong>&nbsp;(\u201c<strong>Anima Educa\u00e7\u00e3o<\/strong>\u201d),&nbsp;em atendimento ao disposto na Instru\u00e7\u00e3o CVM n\u00b0 358, de 3\/1\/2002, conforme alterada, comunica a seus acionistas e ao mercado em geral, que assinou, nesta data, um INSTRUMENTO PARTICULAR DE AQUISI\u00c7\u00c3O DE PARTICIPA\u00c7\u00d5ES SOCIET\u00c1RIAS, INVESTIMENTO M\u00daTUO E OUTRAS AVEN\u00c7AS (\u201cContrato\u201d) , por meio do qual sua subsidi\u00e1ria integral SOBEPE \u2013 Sociedade Brasileira de Ensino, Pesquisa e Extens\u00e3o S\/A celebrou neg\u00f3cio jur\u00eddico (\u201cTransa\u00e7\u00e3o\u201d) com todos os s\u00f3cios&nbsp; da AGES EMPREENDIMENTOS EDUCACIONAIS LTDA e da VIDAM EMPREENDIMENTOS EDUCACIONAIS LTDA \u2013 EPP, que, ao final, resultar\u00e1 na titularidade de todas as participa\u00e7\u00f5es societ\u00e1rias de referidas sociedade, detentoras dos direitos de manten\u00e7a das&nbsp;<strong>Institui\u00e7\u00f5es de Ensino da AGES.<\/strong><\/p>\n\n\n\n<p><strong>Sobre a AGES<\/strong><\/p>\n\n\n\n<p>Fundada em 1982 pelo Professor Jos\u00e9 Wilson dos Santos inicialmente como Escola de ensino b\u00e1sico sediada na cidade de Paripiranga, Estado da Bahia, a AGES iniciou suas atividades de Ensino Superior em 2001, sendo a principal Institui\u00e7\u00e3o de Ensino Superior da regi\u00e3o norte do estado da Bahia, na divisa com Sergipe.<\/p>\n\n\n\n<p>Com aproximadamente 5,6 mil alunos matriculados, sendo 206 na Faculdade de Medicina de Jacobina (que conta com 85 vagas autorizadas anuais e in\u00edcio das atividades no segundo semestre de 2017), as institui\u00e7\u00f5es est\u00e3o distribu\u00eddas em 6 unidades, sendo um Centro Universit\u00e1rio (Paripiranga), 4 Faculdades no Estado da Bahia (Cidades de Jacobina, Senhor do Bonfim, Tucano e Jeremoabo) e uma Faculdade em Sergipe (Cidade de Lagarto). Adicionalmente, o grupo conta com uma nova unidade em fase final de credenciamento, a Faculdade de Medicina de Irec\u00ea\/BA, prestes a ser autorizada com 50 vagas anuais.<\/p>\n\n\n\n<p>Em seu amplo portf\u00f3lio de cursos, as IES da AGES contam com indicadores de qualidade muito elevados, representados por um IGC faixa 4 e cont\u00ednuo de 3,41.<\/p>\n\n\n\n<p>A&nbsp;<strong>Anima Educa\u00e7\u00e3o&nbsp;<\/strong>se sente honrada em continuar o legado do Professor Wilson e acredita que a Transa\u00e7\u00e3o apresenta alto potencial de cria\u00e7\u00e3o de valor a seus acionistas, especialmente em rela\u00e7\u00e3o \u00e0 taxa interna de retorno do investimento, representando um passo muito importante em sua estrat\u00e9gia de expans\u00e3o, com a primeira opera\u00e7\u00e3o na Regi\u00e3o Nordeste, e um portf\u00f3lio que inclui dois cursos de Medicina: um curso j\u00e1 autorizado com 85 vagas anuais, em seu segundo ano de funcionamento e um curso em fase final de autoriza\u00e7\u00e3o, com 50 vagas, a ter in\u00edcio em breve. Desta forma, esta Transa\u00e7\u00e3o marca a entrada estrat\u00e9gica da Anima na Regi\u00e3o Nordeste e tamb\u00e9m o fortalecimento da vertical de Sa\u00fade do Grupo Anima, que vem sendo implementada por uma equipe especializada, de dedica\u00e7\u00e3o exclusiva e com vasta experi\u00eancia na implanta\u00e7\u00e3o e autoriza\u00e7\u00e3o de mais de 50 cursos de Medicina no Brasil, em IES Privadas e P\u00fablicas ao longo dos \u00faltimos anos.<\/p>\n\n\n\n<p>A integra\u00e7\u00e3o da AGES \u00e0&nbsp;<strong>Anima Educa\u00e7\u00e3o<\/strong>&nbsp;possibilita a captura de sinergias, compartilhamento de melhores pr\u00e1ticas, aprendizados e novos investimentos, buscando sempre melhorar a qualidade do ensino por meio da integra\u00e7\u00e3o e valoriza\u00e7\u00e3o das comunidades acad\u00eamicas e dos times de gest\u00e3o.<\/p>\n\n\n\n<p>Em 2018, a AGES apresentou Receita L\u00edquida de R$56,3 milh\u00f5es e EBITDA ajustado de R$9,2 milh\u00f5es, j\u00e1 considerando o ajuste do aluguel pactuado na loca\u00e7\u00e3o do&nbsp;<em>campus<\/em>. No primeiro semestre de 2019, a Receita L\u00edquida foi de R$41,6 milh\u00f5es e o EBITDA ajustado de R$10,9 milh\u00f5es, impactado pelo amadurecimento da Faculdade de Medicina de Jacobina. Para o ano de 2019 projeta-se uma Receita L\u00edquida de R$80,8 milh\u00f5es, com EBITDA estimado de R$19,8 milh\u00f5es. Todos os resultados s\u00e3o pro-forma e n\u00e3o auditados.<\/p>\n\n\n\n<p><strong>Estrutura da Transa\u00e7\u00e3o<\/strong><\/p>\n\n\n\n<p>O Contrato firmado prev\u00ea, em s\u00edntese, que a&nbsp;<strong>Anima Educa\u00e7\u00e3o<\/strong>&nbsp;dever\u00e1:<\/p>\n\n\n\n<p>a) pagar R$49,7 Milh\u00f5es, relativos \u00e0 aquisi\u00e7\u00e3o de 74,03% das cotas das sociedades adquiridas, que ocorrer\u00e1 na data do fechamento, sendo R$44,7 milh\u00f5es 3 dias ap\u00f3s a data do fechamento da transa\u00e7\u00e3o, e R$5 milh\u00f5es em at\u00e9 60 dias ap\u00f3s a data de fechamento;<\/p>\n\n\n\n<p>b) aportar capital nas sociedades adquiridas para pagar R$65,3 milh\u00f5es de d\u00edvidas das sociedades adquiridas, previamente definidas, a\u00ed considerados dividendos pret\u00e9ritos devidos aos vendedores, d\u00edvidas banc\u00e1rias e outros passivos;<\/p>\n\n\n\n<p>c) anuir com o aporte, pelos vendedores, no capital social da SOBEPE, de 25,97% das cotas que eles ainda deter\u00e3o nas sociedades adquiridas, ao valor total de R$35,0 milh\u00f5es;<\/p>\n\n\n\n<p>d) convocar assembleia geral para ratificar a transa\u00e7\u00e3o (art. 256, \u00a71\u00ba LSA) e para deliberar sobre a incorpora\u00e7\u00e3o das a\u00e7\u00f5es da SOBEPE (art. 252 LSA), via da qual, se pretende entregar 1.652.502 (Um milh\u00e3o, seiscentos e cinquenta e duas mil, quinhentas e duas) de a\u00e7\u00f5es a serem emitidas pela Companhia, em substitui\u00e7\u00e3o \u00e0s a\u00e7\u00f5es detidas pelos vendedores na SOBEPE, observando-se na rela\u00e7\u00e3o de troca o valor das a\u00e7\u00f5es da Companhia no fechamento do preg\u00e3o do dia \u00fatil anterior \u00e0 transa\u00e7\u00e3o.<\/p>\n\n\n\n<p>Ap\u00f3s a aprova\u00e7\u00e3o da emiss\u00e3o das novas a\u00e7\u00f5es pela&nbsp;<strong>Anima Educa\u00e7\u00e3o<\/strong>&nbsp;e da incorpora\u00e7\u00e3o das a\u00e7\u00f5es da SOBEPE, o Professor Jos\u00e9 Wilson dos Santos passar\u00e1 a deter cerca de 2,10% da Anima Educa\u00e7\u00e3o.<\/p>\n\n\n\n<p>A Transa\u00e7\u00e3o tamb\u00e9m prev\u00ea um pagamento de at\u00e9 R$50,0 milh\u00f5es de&nbsp;<em>earn<\/em>\u2013<em>out<\/em>, de acordo com o cumprimento de metas acordadas entre as partes, diretamente relacionadas \u00e0 opera\u00e7\u00e3o de Medicina e ao crescimento da vertical de sa\u00fade.<\/p>\n\n\n\n<p>Al\u00e9m da Aquisi\u00e7\u00e3o, \u00e9 objeto da transa\u00e7\u00e3o a loca\u00e7\u00e3o de longo prazo de todos os im\u00f3veis que servem de&nbsp;<em>campi<\/em>&nbsp;para as institui\u00e7\u00f5es da AGES e o comodato de im\u00f3veis que abrigam a Fazenda Experimental e o Hospital Veterin\u00e1rio.<\/p>\n\n\n\n<p>Mais informa\u00e7\u00f5es sobre a AGES e o racional da Transa\u00e7\u00e3o podem ser encontrados na apresenta\u00e7\u00e3o ao mercado dispon\u00edvel no site da Companhia e da CVM.<\/p>\n\n\n\n<p>A Transa\u00e7\u00e3o seguir\u00e1 todas as condi\u00e7\u00f5es usuais para opera\u00e7\u00f5es similares e ser\u00e1 implementada em etapas, passando, no entanto, a ter efic\u00e1cia nesta data.<\/p>\n\n\n\n<p><strong>Direito de Retirada<\/strong><\/p>\n\n\n\n<p>Nos termos do artigo 256, inciso I, combinado com o par\u00e1grafo \u00fanico, letra a, do artigo 247, ambos da Lei 6.404\/76, conforme alterada, a Transa\u00e7\u00e3o noticiada \u00e9 relevante, pelo que, o contrato, acompanhado de laudo de avalia\u00e7\u00e3o, ser\u00e1 submetido \u00e0 ratifica\u00e7\u00e3o da assembleia de acionistas, em atendimento ao disposto no \u00a71\u00ba do mesmo artigo 256, do mencionado diploma legal.<\/p>\n\n\n\n<p>Outrossim, considerando o disposto no par\u00e1grafo segundo, do artigo 256, da Lei 6.404\/76, conforme alterada, tendo em vista que o valor da Transa\u00e7\u00e3o ultrapassa uma vez e meia o maior dos tr\u00eas valores de que trata o inciso II, do caput do mencionado artigo 256, o acionista dissidente da delibera\u00e7\u00e3o da assembleia que ratificar a Transa\u00e7\u00e3o ter\u00e1 o direito de retirar-se da Companhia, mediante reembolso do valor de suas a\u00e7\u00f5es.<\/p>\n\n\n\n<p>Nos termos dos \u00a7\u00a71\u00ba e 2<sup>o<\/sup>&nbsp;do art. 252 da Lei 6.404\/76, se a Companhia aprovar a opera\u00e7\u00e3o os acionistas n\u00e3o ter\u00e3o direito de prefer\u00eancia para subscrever o aumento de capital, mas os dissidentes poder\u00e3o retirar-se da companhia, observado o disposto no art. 137, II, mediante o reembolso do valor de suas a\u00e7\u00f5es, nos termos do art. 230 do mencionado diploma legal.&nbsp;<\/p>\n\n\n\n<p>Neste sentido, cumpre esclarecer que: \u2022 conforme disposto no par\u00e1grafo primeiro, do artigo 137, da Lei 6.404\/76, conforme alterada, o acionista dissidente da delibera\u00e7\u00e3o da assembleia poder\u00e1 exercer o direito de retirada, mediante o reembolso do valor das a\u00e7\u00f5es de que, comprovadamente, era titular na data de divulga\u00e7\u00e3o deste fato relevante. Assim, no caso concreto, poder\u00e3o exercer o direito de reembolso os acionistas inscritos nos registros da Companhia em 5\/8\/2019;<\/p>\n\n\n\n<ul class=\"wp-block-list\"><li>o valor do reembolso, nos termos do par\u00e1grafo primeiro, do artigo 45, da Lei 6.404\/76, conforme alterada, e considerando que o Estatuto Social da Companhia n\u00e3o prev\u00ea de outra forma, ser\u00e1 igual ao valor de patrim\u00f4nio l\u00edquido constante do \u00faltimo balan\u00e7o aprovado pela assembleia geral em 25\/04\/2019. Assim, o patrim\u00f4nio l\u00edquido que servir\u00e1 de base para o reembolso das a\u00e7\u00f5es dever\u00e1 ser aquele do balan\u00e7o de 31\/12\/2018, que \u00e9 de R$665.249 mil. Dividindo-se o patrim\u00f4nio l\u00edquido de 31\/12\/2018 pelas 78.556.015 a\u00e7\u00f5es da Companhia, teremos um valor de reembolso, por a\u00e7\u00e3o, de R$8,47 (oito reais e quarenta e sete centavos);<\/li><li>como a delibera\u00e7\u00e3o da assembleia geral ocorrer\u00e1 mais de 60 (sessenta) dias depois da data do \u00faltimo balan\u00e7o aprovado, ser\u00e1 facultado ao acionista dissidente pedir, juntamente com o reembolso, levantamento de balan\u00e7o especial, nos termos do par\u00e1grafo segundo, do artigo 45 da Lei 6.404\/76, conforme alterada;<\/li><li>em atendimento ao previsto no inciso IV, do artigo 137, da Lei 6.404\/76, conforme alterada, o reembolso da a\u00e7\u00e3o deve ser reclamado \u00e0 Companhia no prazo de 30 (trinta) dias contado da publica\u00e7\u00e3o da ata da assembleia geral que ratificar a Transa\u00e7\u00e3o. Assim, ap\u00f3s publicada a ata da assembleia geral que ratificar a Transa\u00e7\u00e3o noticiada, os acionistas dissidentes dever\u00e3o, no prazo de 30 (trinta) dias, notificar a Companhia reclamando seu reembolso, indicando quantidade de a\u00e7\u00f5es de sua titularidade no dia 5\/8\/2019. Recebida referida notifica\u00e7\u00e3o, a Companhia pagar\u00e1 o reembolso em at\u00e9 72 (setenta e duas horas) contadas do final do prazo de 30 (trinta) dias.<\/li><li>em atendimento ao previsto no art. 230 da Lei 6.404\/76, aplic\u00e1vel aos casos de incorpora\u00e7\u00e3o de a\u00e7\u00f5es em aten\u00e7\u00e3o ao \u00a71\u00ba do art. 252 da Lei 6.404\/76, o prazo para exerc\u00edcio do direito de retirada, previsto no art. 137, inciso II, ser\u00e1 contado a partir da publica\u00e7\u00e3o da ata que aprovar o protocolo ou justifica\u00e7\u00e3o, mas o pagamento do pre\u00e7o de reembolso somente ser\u00e1 devido se a opera\u00e7\u00e3o vier a efetivar-se. A&nbsp;<strong>Companhia<\/strong>&nbsp;manter\u00e1 o mercado informado acerca da evolu\u00e7\u00e3o das mat\u00e9rias tratadas no presente fato relevante.<\/li><\/ul>\n\n\n\n<p>Por fim, ciente da responsabilidade em dar sequ\u00eancia ao legado de uma das mais conceituadas e respeitadas institui\u00e7\u00f5es de ensino superior da Bahia e Sergipe, a&nbsp;<strong>Anima Educa\u00e7\u00e3o<\/strong>&nbsp;reitera seu compromisso em oferecer educa\u00e7\u00e3o de mais alta qualidade em conjunto com toda comunidade da AGES, acreditando ser este mais um importante passo no prop\u00f3sito de&nbsp;<em>Transformar o Pa\u00eds pela Educa\u00e7\u00e3o.<\/em><\/p>\n","protected":false},"excerpt":{"rendered":"<p>A \u00c2nima Educa\u00e7\u00e3o anunciou nesta segunda-feira (05) a chegada de mais uma institui\u00e7\u00e3o de ensino superior \u00e0 organiza\u00e7\u00e3o. O Centro Universit\u00e1rio Ages (UniAGES) passa a integrar a companhia em opera\u00e7\u00e3o que consistiu em um investimento de R$ 200 milh\u00f5es de reais por parte da \u00c2nima. O objetivo \u00e9 oferecer aos jovens de todo o Brasil [&hellip;]<\/p>\n","protected":false},"author":1,"featured_media":10662,"comment_status":"open","ping_status":"open","sticky":false,"template":"","format":"standard","meta":{"tdm_status":"","tdm_grid_status":"","footnotes":""},"categories":[6],"tags":[2270,100,28,2271],"class_list":["post-10652","post","type-post","status-publish","format-standard","has-post-thumbnail","hentry","category-noticias","tag-anima-educacional","tag-educacao","tag-marketing","tag-uniages"],"yoast_head":"<!-- This site is optimized with the Yoast SEO plugin v27.5 - https:\/\/yoast.com\/product\/yoast-seo-wordpress\/ -->\n<title>\u00c2nima Educa\u00e7\u00e3o desembarca no Nordeste e integra a marca UniAges com investimento de R$ 200 milh\u00f5es - CidadeMarketing<\/title>\n<meta name=\"robots\" content=\"index, follow, max-snippet:-1, max-image-preview:large, max-video-preview:-1\" \/>\n<link rel=\"canonical\" href=\"https:\/\/www.cidademarketing.com.br\/marketing\/2019\/08\/06\/anima-educacao-desembarca-no-nordeste-e-integra-a-marca-uniages-com-investimento-de-r-200-milhoes\/\" \/>\n<meta property=\"og:locale\" content=\"pt_BR\" \/>\n<meta property=\"og:type\" content=\"article\" \/>\n<meta property=\"og:title\" content=\"\u00c2nima Educa\u00e7\u00e3o desembarca no Nordeste e integra a marca UniAges com investimento de R$ 200 milh\u00f5es - CidadeMarketing\" \/>\n<meta property=\"og:description\" content=\"A \u00c2nima Educa\u00e7\u00e3o anunciou nesta segunda-feira (05) a chegada de mais uma institui\u00e7\u00e3o de ensino superior \u00e0 organiza\u00e7\u00e3o. O Centro Universit\u00e1rio Ages (UniAGES) passa a integrar a companhia em opera\u00e7\u00e3o que consistiu em um investimento de R$ 200 milh\u00f5es de reais por parte da \u00c2nima. O objetivo \u00e9 oferecer aos jovens de todo o Brasil [&hellip;]\" \/>\n<meta property=\"og:url\" content=\"https:\/\/www.cidademarketing.com.br\/marketing\/2019\/08\/06\/anima-educacao-desembarca-no-nordeste-e-integra-a-marca-uniages-com-investimento-de-r-200-milhoes\/\" \/>\n<meta property=\"og:site_name\" content=\"CidadeMarketing\" \/>\n<meta property=\"article:publisher\" content=\"https:\/\/www.facebook.com\/portalcidademarketing\" \/>\n<meta property=\"article:author\" content=\"https:\/\/www.facebook.com\/thalesbrandao\" \/>\n<meta property=\"article:published_time\" content=\"2019-08-06T01:44:20+00:00\" \/>\n<meta property=\"article:modified_time\" content=\"2019-08-07T20:52:02+00:00\" \/>\n<meta property=\"og:image\" content=\"https:\/\/www.cidademarketing.com.br\/marketing\/wp-content\/uploads\/2019\/08\/cropped-anima_educacao_uniages.jpg\" \/>\n\t<meta property=\"og:image:width\" content=\"529\" \/>\n\t<meta property=\"og:image:height\" content=\"297\" \/>\n\t<meta property=\"og:image:type\" content=\"image\/jpeg\" \/>\n<meta name=\"author\" content=\"Thales Brand\u00e3o\" \/>\n<meta name=\"twitter:card\" content=\"summary_large_image\" \/>\n<meta name=\"twitter:creator\" content=\"@http:\/\/www.twitter.com\/thalesbrandao\" \/>\n<meta name=\"twitter:site\" content=\"@CidadeMarketing\" \/>\n<meta name=\"twitter:label1\" content=\"Escrito por\" \/>\n\t<meta name=\"twitter:data1\" content=\"Thales Brand\u00e3o\" \/>\n\t<meta name=\"twitter:label2\" content=\"Est. tempo de leitura\" \/>\n\t<meta name=\"twitter:data2\" content=\"11 minutos\" \/>\n<script type=\"application\/ld+json\" class=\"yoast-schema-graph\">{\"@context\":\"https:\\\/\\\/schema.org\",\"@graph\":[{\"@type\":\"Article\",\"@id\":\"https:\\\/\\\/www.cidademarketing.com.br\\\/marketing\\\/2019\\\/08\\\/06\\\/anima-educacao-desembarca-no-nordeste-e-integra-a-marca-uniages-com-investimento-de-r-200-milhoes\\\/#article\",\"isPartOf\":{\"@id\":\"https:\\\/\\\/www.cidademarketing.com.br\\\/marketing\\\/2019\\\/08\\\/06\\\/anima-educacao-desembarca-no-nordeste-e-integra-a-marca-uniages-com-investimento-de-r-200-milhoes\\\/\"},\"author\":{\"name\":\"Thales Brand\u00e3o\",\"@id\":\"https:\\\/\\\/www.cidademarketing.com.br\\\/marketing\\\/#\\\/schema\\\/person\\\/02daff9f18bd9378c9e01eb6b2db155f\"},\"headline\":\"\u00c2nima Educa\u00e7\u00e3o desembarca no Nordeste e integra a marca UniAges com investimento de R$ 200 milh\u00f5es\",\"datePublished\":\"2019-08-06T01:44:20+00:00\",\"dateModified\":\"2019-08-07T20:52:02+00:00\",\"mainEntityOfPage\":{\"@id\":\"https:\\\/\\\/www.cidademarketing.com.br\\\/marketing\\\/2019\\\/08\\\/06\\\/anima-educacao-desembarca-no-nordeste-e-integra-a-marca-uniages-com-investimento-de-r-200-milhoes\\\/\"},\"wordCount\":2297,\"commentCount\":0,\"publisher\":{\"@id\":\"https:\\\/\\\/www.cidademarketing.com.br\\\/marketing\\\/#organization\"},\"image\":{\"@id\":\"https:\\\/\\\/www.cidademarketing.com.br\\\/marketing\\\/2019\\\/08\\\/06\\\/anima-educacao-desembarca-no-nordeste-e-integra-a-marca-uniages-com-investimento-de-r-200-milhoes\\\/#primaryimage\"},\"thumbnailUrl\":\"https:\\\/\\\/www.cidademarketing.com.br\\\/marketing\\\/wp-content\\\/uploads\\\/2019\\\/08\\\/cropped-anima_educacao_uniages.jpg\",\"keywords\":[\"\u00c2nima Educacional\",\"educa\u00e7\u00e3o\",\"marketing\",\"UniAges\"],\"articleSection\":[\"Not\u00edcias\"],\"inLanguage\":\"pt-BR\",\"potentialAction\":[{\"@type\":\"CommentAction\",\"name\":\"Comment\",\"target\":[\"https:\\\/\\\/www.cidademarketing.com.br\\\/marketing\\\/2019\\\/08\\\/06\\\/anima-educacao-desembarca-no-nordeste-e-integra-a-marca-uniages-com-investimento-de-r-200-milhoes\\\/#respond\"]}]},{\"@type\":\"WebPage\",\"@id\":\"https:\\\/\\\/www.cidademarketing.com.br\\\/marketing\\\/2019\\\/08\\\/06\\\/anima-educacao-desembarca-no-nordeste-e-integra-a-marca-uniages-com-investimento-de-r-200-milhoes\\\/\",\"url\":\"https:\\\/\\\/www.cidademarketing.com.br\\\/marketing\\\/2019\\\/08\\\/06\\\/anima-educacao-desembarca-no-nordeste-e-integra-a-marca-uniages-com-investimento-de-r-200-milhoes\\\/\",\"name\":\"\u00c2nima Educa\u00e7\u00e3o desembarca no Nordeste e integra a marca UniAges com investimento de R$ 200 milh\u00f5es - CidadeMarketing\",\"isPartOf\":{\"@id\":\"https:\\\/\\\/www.cidademarketing.com.br\\\/marketing\\\/#website\"},\"primaryImageOfPage\":{\"@id\":\"https:\\\/\\\/www.cidademarketing.com.br\\\/marketing\\\/2019\\\/08\\\/06\\\/anima-educacao-desembarca-no-nordeste-e-integra-a-marca-uniages-com-investimento-de-r-200-milhoes\\\/#primaryimage\"},\"image\":{\"@id\":\"https:\\\/\\\/www.cidademarketing.com.br\\\/marketing\\\/2019\\\/08\\\/06\\\/anima-educacao-desembarca-no-nordeste-e-integra-a-marca-uniages-com-investimento-de-r-200-milhoes\\\/#primaryimage\"},\"thumbnailUrl\":\"https:\\\/\\\/www.cidademarketing.com.br\\\/marketing\\\/wp-content\\\/uploads\\\/2019\\\/08\\\/cropped-anima_educacao_uniages.jpg\",\"datePublished\":\"2019-08-06T01:44:20+00:00\",\"dateModified\":\"2019-08-07T20:52:02+00:00\",\"breadcrumb\":{\"@id\":\"https:\\\/\\\/www.cidademarketing.com.br\\\/marketing\\\/2019\\\/08\\\/06\\\/anima-educacao-desembarca-no-nordeste-e-integra-a-marca-uniages-com-investimento-de-r-200-milhoes\\\/#breadcrumb\"},\"inLanguage\":\"pt-BR\",\"potentialAction\":[{\"@type\":\"ReadAction\",\"target\":[\"https:\\\/\\\/www.cidademarketing.com.br\\\/marketing\\\/2019\\\/08\\\/06\\\/anima-educacao-desembarca-no-nordeste-e-integra-a-marca-uniages-com-investimento-de-r-200-milhoes\\\/\"]}]},{\"@type\":\"ImageObject\",\"inLanguage\":\"pt-BR\",\"@id\":\"https:\\\/\\\/www.cidademarketing.com.br\\\/marketing\\\/2019\\\/08\\\/06\\\/anima-educacao-desembarca-no-nordeste-e-integra-a-marca-uniages-com-investimento-de-r-200-milhoes\\\/#primaryimage\",\"url\":\"https:\\\/\\\/www.cidademarketing.com.br\\\/marketing\\\/wp-content\\\/uploads\\\/2019\\\/08\\\/cropped-anima_educacao_uniages.jpg\",\"contentUrl\":\"https:\\\/\\\/www.cidademarketing.com.br\\\/marketing\\\/wp-content\\\/uploads\\\/2019\\\/08\\\/cropped-anima_educacao_uniages.jpg\",\"width\":529,\"height\":297},{\"@type\":\"BreadcrumbList\",\"@id\":\"https:\\\/\\\/www.cidademarketing.com.br\\\/marketing\\\/2019\\\/08\\\/06\\\/anima-educacao-desembarca-no-nordeste-e-integra-a-marca-uniages-com-investimento-de-r-200-milhoes\\\/#breadcrumb\",\"itemListElement\":[{\"@type\":\"ListItem\",\"position\":1,\"name\":\"In\u00edcio\",\"item\":\"https:\\\/\\\/www.cidademarketing.com.br\\\/marketing\\\/\"},{\"@type\":\"ListItem\",\"position\":2,\"name\":\"\u00c2nima Educa\u00e7\u00e3o desembarca no Nordeste e integra a marca UniAges com investimento de R$ 200 milh\u00f5es\"}]},{\"@type\":\"WebSite\",\"@id\":\"https:\\\/\\\/www.cidademarketing.com.br\\\/marketing\\\/#website\",\"url\":\"https:\\\/\\\/www.cidademarketing.com.br\\\/marketing\\\/\",\"name\":\"CidadeMarketing\",\"description\":\"Somos um ve\u00edculo de comunica\u00e7\u00e3o de destaque no Brasil, reconhecido por conte\u00fados nos segmentos de marketing, empreendedorismo e inova\u00e7\u00e3o.\",\"publisher\":{\"@id\":\"https:\\\/\\\/www.cidademarketing.com.br\\\/marketing\\\/#organization\"},\"alternateName\":\"CidadeMarketing\",\"potentialAction\":[{\"@type\":\"SearchAction\",\"target\":{\"@type\":\"EntryPoint\",\"urlTemplate\":\"https:\\\/\\\/www.cidademarketing.com.br\\\/marketing\\\/?s={search_term_string}\"},\"query-input\":{\"@type\":\"PropertyValueSpecification\",\"valueRequired\":true,\"valueName\":\"search_term_string\"}}],\"inLanguage\":\"pt-BR\"},{\"@type\":\"Organization\",\"@id\":\"https:\\\/\\\/www.cidademarketing.com.br\\\/marketing\\\/#organization\",\"name\":\"CidadeMarketing\",\"alternateName\":\"CidadeMarketing\",\"url\":\"https:\\\/\\\/www.cidademarketing.com.br\\\/marketing\\\/\",\"logo\":{\"@type\":\"ImageObject\",\"inLanguage\":\"pt-BR\",\"@id\":\"https:\\\/\\\/www.cidademarketing.com.br\\\/marketing\\\/#\\\/schema\\\/logo\\\/image\\\/\",\"url\":\"https:\\\/\\\/www.cidademarketing.com.br\\\/marketing\\\/wp-content\\\/uploads\\\/2020\\\/01\\\/cidademarketing_marca_mobile.png\",\"contentUrl\":\"https:\\\/\\\/www.cidademarketing.com.br\\\/marketing\\\/wp-content\\\/uploads\\\/2020\\\/01\\\/cidademarketing_marca_mobile.png\",\"width\":230,\"height\":92,\"caption\":\"CidadeMarketing\"},\"image\":{\"@id\":\"https:\\\/\\\/www.cidademarketing.com.br\\\/marketing\\\/#\\\/schema\\\/logo\\\/image\\\/\"},\"sameAs\":[\"https:\\\/\\\/www.facebook.com\\\/portalcidademarketing\",\"https:\\\/\\\/x.com\\\/CidadeMarketing\",\"https:\\\/\\\/www.instagram.com\\\/cidademarketing\\\/\"]},{\"@type\":\"Person\",\"@id\":\"https:\\\/\\\/www.cidademarketing.com.br\\\/marketing\\\/#\\\/schema\\\/person\\\/02daff9f18bd9378c9e01eb6b2db155f\",\"name\":\"Thales Brand\u00e3o\",\"image\":{\"@type\":\"ImageObject\",\"inLanguage\":\"pt-BR\",\"@id\":\"https:\\\/\\\/secure.gravatar.com\\\/avatar\\\/7ca3206950207cc3cb48feec56a8a7898741ab725c368d99d5d7a5a50aab80c6?s=96&d=mm&r=g\",\"url\":\"https:\\\/\\\/secure.gravatar.com\\\/avatar\\\/7ca3206950207cc3cb48feec56a8a7898741ab725c368d99d5d7a5a50aab80c6?s=96&d=mm&r=g\",\"contentUrl\":\"https:\\\/\\\/secure.gravatar.com\\\/avatar\\\/7ca3206950207cc3cb48feec56a8a7898741ab725c368d99d5d7a5a50aab80c6?s=96&d=mm&r=g\",\"caption\":\"Thales Brand\u00e3o\"},\"description\":\"Editor Executivo do Portal CidadeMarketing.com.br &gt; Mestre em Comunica\u00e7\u00e3o e Sociedade pela Universidade Federal de Sergipe. Possui MBA Executivo em Administra\u00e7\u00e3o com \u00eanfase em Marketing pela Funda\u00e7\u00e3o Get\u00falio Vargas - Rio de Janeiro. Consultor, Palestrante e Pesquisador sobre Empreendedorismo, Marketing, Redes Sociais e Neg\u00f3cios Digitais. Professor, Palestrante TedxTalks e Campus Party. Twitter: @ThalesBrandao\",\"sameAs\":[\"http:\\\/\\\/www.mandacaru.com.br\",\"https:\\\/\\\/www.facebook.com\\\/thalesbrandao\",\"http:\\\/\\\/www.instagram.com.br\\\/thalesbrandaoferreira\",\"https:\\\/\\\/www.linkedin.com\\\/in\\\/thales-brand\u00e3o-3948609\\\/\",\"https:\\\/\\\/x.com\\\/http:\\\/\\\/www.twitter.com\\\/thalesbrandao\"],\"url\":\"https:\\\/\\\/www.cidademarketing.com.br\\\/marketing\\\/author\\\/thalesbrandao\\\/\"}]}<\/script>\n<!-- \/ Yoast SEO plugin. -->","yoast_head_json":{"title":"\u00c2nima Educa\u00e7\u00e3o desembarca no Nordeste e integra a marca UniAges com investimento de R$ 200 milh\u00f5es - CidadeMarketing","robots":{"index":"index","follow":"follow","max-snippet":"max-snippet:-1","max-image-preview":"max-image-preview:large","max-video-preview":"max-video-preview:-1"},"canonical":"https:\/\/www.cidademarketing.com.br\/marketing\/2019\/08\/06\/anima-educacao-desembarca-no-nordeste-e-integra-a-marca-uniages-com-investimento-de-r-200-milhoes\/","og_locale":"pt_BR","og_type":"article","og_title":"\u00c2nima Educa\u00e7\u00e3o desembarca no Nordeste e integra a marca UniAges com investimento de R$ 200 milh\u00f5es - CidadeMarketing","og_description":"A \u00c2nima Educa\u00e7\u00e3o anunciou nesta segunda-feira (05) a chegada de mais uma institui\u00e7\u00e3o de ensino superior \u00e0 organiza\u00e7\u00e3o. O Centro Universit\u00e1rio Ages (UniAGES) passa a integrar a companhia em opera\u00e7\u00e3o que consistiu em um investimento de R$ 200 milh\u00f5es de reais por parte da \u00c2nima. O objetivo \u00e9 oferecer aos jovens de todo o Brasil [&hellip;]","og_url":"https:\/\/www.cidademarketing.com.br\/marketing\/2019\/08\/06\/anima-educacao-desembarca-no-nordeste-e-integra-a-marca-uniages-com-investimento-de-r-200-milhoes\/","og_site_name":"CidadeMarketing","article_publisher":"https:\/\/www.facebook.com\/portalcidademarketing","article_author":"https:\/\/www.facebook.com\/thalesbrandao","article_published_time":"2019-08-06T01:44:20+00:00","article_modified_time":"2019-08-07T20:52:02+00:00","og_image":[{"width":529,"height":297,"url":"https:\/\/www.cidademarketing.com.br\/marketing\/wp-content\/uploads\/2019\/08\/cropped-anima_educacao_uniages.jpg","type":"image\/jpeg"}],"author":"Thales Brand\u00e3o","twitter_card":"summary_large_image","twitter_creator":"@http:\/\/www.twitter.com\/thalesbrandao","twitter_site":"@CidadeMarketing","twitter_misc":{"Escrito por":"Thales Brand\u00e3o","Est. tempo de leitura":"11 minutos"},"schema":{"@context":"https:\/\/schema.org","@graph":[{"@type":"Article","@id":"https:\/\/www.cidademarketing.com.br\/marketing\/2019\/08\/06\/anima-educacao-desembarca-no-nordeste-e-integra-a-marca-uniages-com-investimento-de-r-200-milhoes\/#article","isPartOf":{"@id":"https:\/\/www.cidademarketing.com.br\/marketing\/2019\/08\/06\/anima-educacao-desembarca-no-nordeste-e-integra-a-marca-uniages-com-investimento-de-r-200-milhoes\/"},"author":{"name":"Thales Brand\u00e3o","@id":"https:\/\/www.cidademarketing.com.br\/marketing\/#\/schema\/person\/02daff9f18bd9378c9e01eb6b2db155f"},"headline":"\u00c2nima Educa\u00e7\u00e3o desembarca no Nordeste e integra a marca UniAges com investimento de R$ 200 milh\u00f5es","datePublished":"2019-08-06T01:44:20+00:00","dateModified":"2019-08-07T20:52:02+00:00","mainEntityOfPage":{"@id":"https:\/\/www.cidademarketing.com.br\/marketing\/2019\/08\/06\/anima-educacao-desembarca-no-nordeste-e-integra-a-marca-uniages-com-investimento-de-r-200-milhoes\/"},"wordCount":2297,"commentCount":0,"publisher":{"@id":"https:\/\/www.cidademarketing.com.br\/marketing\/#organization"},"image":{"@id":"https:\/\/www.cidademarketing.com.br\/marketing\/2019\/08\/06\/anima-educacao-desembarca-no-nordeste-e-integra-a-marca-uniages-com-investimento-de-r-200-milhoes\/#primaryimage"},"thumbnailUrl":"https:\/\/www.cidademarketing.com.br\/marketing\/wp-content\/uploads\/2019\/08\/cropped-anima_educacao_uniages.jpg","keywords":["\u00c2nima Educacional","educa\u00e7\u00e3o","marketing","UniAges"],"articleSection":["Not\u00edcias"],"inLanguage":"pt-BR","potentialAction":[{"@type":"CommentAction","name":"Comment","target":["https:\/\/www.cidademarketing.com.br\/marketing\/2019\/08\/06\/anima-educacao-desembarca-no-nordeste-e-integra-a-marca-uniages-com-investimento-de-r-200-milhoes\/#respond"]}]},{"@type":"WebPage","@id":"https:\/\/www.cidademarketing.com.br\/marketing\/2019\/08\/06\/anima-educacao-desembarca-no-nordeste-e-integra-a-marca-uniages-com-investimento-de-r-200-milhoes\/","url":"https:\/\/www.cidademarketing.com.br\/marketing\/2019\/08\/06\/anima-educacao-desembarca-no-nordeste-e-integra-a-marca-uniages-com-investimento-de-r-200-milhoes\/","name":"\u00c2nima Educa\u00e7\u00e3o desembarca no Nordeste e integra a marca UniAges com investimento de R$ 200 milh\u00f5es - CidadeMarketing","isPartOf":{"@id":"https:\/\/www.cidademarketing.com.br\/marketing\/#website"},"primaryImageOfPage":{"@id":"https:\/\/www.cidademarketing.com.br\/marketing\/2019\/08\/06\/anima-educacao-desembarca-no-nordeste-e-integra-a-marca-uniages-com-investimento-de-r-200-milhoes\/#primaryimage"},"image":{"@id":"https:\/\/www.cidademarketing.com.br\/marketing\/2019\/08\/06\/anima-educacao-desembarca-no-nordeste-e-integra-a-marca-uniages-com-investimento-de-r-200-milhoes\/#primaryimage"},"thumbnailUrl":"https:\/\/www.cidademarketing.com.br\/marketing\/wp-content\/uploads\/2019\/08\/cropped-anima_educacao_uniages.jpg","datePublished":"2019-08-06T01:44:20+00:00","dateModified":"2019-08-07T20:52:02+00:00","breadcrumb":{"@id":"https:\/\/www.cidademarketing.com.br\/marketing\/2019\/08\/06\/anima-educacao-desembarca-no-nordeste-e-integra-a-marca-uniages-com-investimento-de-r-200-milhoes\/#breadcrumb"},"inLanguage":"pt-BR","potentialAction":[{"@type":"ReadAction","target":["https:\/\/www.cidademarketing.com.br\/marketing\/2019\/08\/06\/anima-educacao-desembarca-no-nordeste-e-integra-a-marca-uniages-com-investimento-de-r-200-milhoes\/"]}]},{"@type":"ImageObject","inLanguage":"pt-BR","@id":"https:\/\/www.cidademarketing.com.br\/marketing\/2019\/08\/06\/anima-educacao-desembarca-no-nordeste-e-integra-a-marca-uniages-com-investimento-de-r-200-milhoes\/#primaryimage","url":"https:\/\/www.cidademarketing.com.br\/marketing\/wp-content\/uploads\/2019\/08\/cropped-anima_educacao_uniages.jpg","contentUrl":"https:\/\/www.cidademarketing.com.br\/marketing\/wp-content\/uploads\/2019\/08\/cropped-anima_educacao_uniages.jpg","width":529,"height":297},{"@type":"BreadcrumbList","@id":"https:\/\/www.cidademarketing.com.br\/marketing\/2019\/08\/06\/anima-educacao-desembarca-no-nordeste-e-integra-a-marca-uniages-com-investimento-de-r-200-milhoes\/#breadcrumb","itemListElement":[{"@type":"ListItem","position":1,"name":"In\u00edcio","item":"https:\/\/www.cidademarketing.com.br\/marketing\/"},{"@type":"ListItem","position":2,"name":"\u00c2nima Educa\u00e7\u00e3o desembarca no Nordeste e integra a marca UniAges com investimento de R$ 200 milh\u00f5es"}]},{"@type":"WebSite","@id":"https:\/\/www.cidademarketing.com.br\/marketing\/#website","url":"https:\/\/www.cidademarketing.com.br\/marketing\/","name":"CidadeMarketing","description":"Somos um ve\u00edculo de comunica\u00e7\u00e3o de destaque no Brasil, reconhecido por conte\u00fados nos segmentos de marketing, empreendedorismo e inova\u00e7\u00e3o.","publisher":{"@id":"https:\/\/www.cidademarketing.com.br\/marketing\/#organization"},"alternateName":"CidadeMarketing","potentialAction":[{"@type":"SearchAction","target":{"@type":"EntryPoint","urlTemplate":"https:\/\/www.cidademarketing.com.br\/marketing\/?s={search_term_string}"},"query-input":{"@type":"PropertyValueSpecification","valueRequired":true,"valueName":"search_term_string"}}],"inLanguage":"pt-BR"},{"@type":"Organization","@id":"https:\/\/www.cidademarketing.com.br\/marketing\/#organization","name":"CidadeMarketing","alternateName":"CidadeMarketing","url":"https:\/\/www.cidademarketing.com.br\/marketing\/","logo":{"@type":"ImageObject","inLanguage":"pt-BR","@id":"https:\/\/www.cidademarketing.com.br\/marketing\/#\/schema\/logo\/image\/","url":"https:\/\/www.cidademarketing.com.br\/marketing\/wp-content\/uploads\/2020\/01\/cidademarketing_marca_mobile.png","contentUrl":"https:\/\/www.cidademarketing.com.br\/marketing\/wp-content\/uploads\/2020\/01\/cidademarketing_marca_mobile.png","width":230,"height":92,"caption":"CidadeMarketing"},"image":{"@id":"https:\/\/www.cidademarketing.com.br\/marketing\/#\/schema\/logo\/image\/"},"sameAs":["https:\/\/www.facebook.com\/portalcidademarketing","https:\/\/x.com\/CidadeMarketing","https:\/\/www.instagram.com\/cidademarketing\/"]},{"@type":"Person","@id":"https:\/\/www.cidademarketing.com.br\/marketing\/#\/schema\/person\/02daff9f18bd9378c9e01eb6b2db155f","name":"Thales Brand\u00e3o","image":{"@type":"ImageObject","inLanguage":"pt-BR","@id":"https:\/\/secure.gravatar.com\/avatar\/7ca3206950207cc3cb48feec56a8a7898741ab725c368d99d5d7a5a50aab80c6?s=96&d=mm&r=g","url":"https:\/\/secure.gravatar.com\/avatar\/7ca3206950207cc3cb48feec56a8a7898741ab725c368d99d5d7a5a50aab80c6?s=96&d=mm&r=g","contentUrl":"https:\/\/secure.gravatar.com\/avatar\/7ca3206950207cc3cb48feec56a8a7898741ab725c368d99d5d7a5a50aab80c6?s=96&d=mm&r=g","caption":"Thales Brand\u00e3o"},"description":"Editor Executivo do Portal CidadeMarketing.com.br &gt; Mestre em Comunica\u00e7\u00e3o e Sociedade pela Universidade Federal de Sergipe. Possui MBA Executivo em Administra\u00e7\u00e3o com \u00eanfase em Marketing pela Funda\u00e7\u00e3o Get\u00falio Vargas - Rio de Janeiro. Consultor, Palestrante e Pesquisador sobre Empreendedorismo, Marketing, Redes Sociais e Neg\u00f3cios Digitais. Professor, Palestrante TedxTalks e Campus Party. Twitter: @ThalesBrandao","sameAs":["http:\/\/www.mandacaru.com.br","https:\/\/www.facebook.com\/thalesbrandao","http:\/\/www.instagram.com.br\/thalesbrandaoferreira","https:\/\/www.linkedin.com\/in\/thales-brand\u00e3o-3948609\/","https:\/\/x.com\/http:\/\/www.twitter.com\/thalesbrandao"],"url":"https:\/\/www.cidademarketing.com.br\/marketing\/author\/thalesbrandao\/"}]}},"amp_enabled":true,"_links":{"self":[{"href":"https:\/\/www.cidademarketing.com.br\/marketing\/wp-json\/wp\/v2\/posts\/10652","targetHints":{"allow":["GET"]}}],"collection":[{"href":"https:\/\/www.cidademarketing.com.br\/marketing\/wp-json\/wp\/v2\/posts"}],"about":[{"href":"https:\/\/www.cidademarketing.com.br\/marketing\/wp-json\/wp\/v2\/types\/post"}],"author":[{"embeddable":true,"href":"https:\/\/www.cidademarketing.com.br\/marketing\/wp-json\/wp\/v2\/users\/1"}],"replies":[{"embeddable":true,"href":"https:\/\/www.cidademarketing.com.br\/marketing\/wp-json\/wp\/v2\/comments?post=10652"}],"version-history":[{"count":5,"href":"https:\/\/www.cidademarketing.com.br\/marketing\/wp-json\/wp\/v2\/posts\/10652\/revisions"}],"predecessor-version":[{"id":10733,"href":"https:\/\/www.cidademarketing.com.br\/marketing\/wp-json\/wp\/v2\/posts\/10652\/revisions\/10733"}],"wp:featuredmedia":[{"embeddable":true,"href":"https:\/\/www.cidademarketing.com.br\/marketing\/wp-json\/wp\/v2\/media\/10662"}],"wp:attachment":[{"href":"https:\/\/www.cidademarketing.com.br\/marketing\/wp-json\/wp\/v2\/media?parent=10652"}],"wp:term":[{"taxonomy":"category","embeddable":true,"href":"https:\/\/www.cidademarketing.com.br\/marketing\/wp-json\/wp\/v2\/categories?post=10652"},{"taxonomy":"post_tag","embeddable":true,"href":"https:\/\/www.cidademarketing.com.br\/marketing\/wp-json\/wp\/v2\/tags?post=10652"}],"curies":[{"name":"wp","href":"https:\/\/api.w.org\/{rel}","templated":true}]}}