{"id":10555,"date":"2019-08-02T18:31:46","date_gmt":"2019-08-02T14:31:46","guid":{"rendered":"https:\/\/www.cidademarketing.com.br\/marketing\/?p=10555"},"modified":"2019-08-02T18:31:48","modified_gmt":"2019-08-02T14:31:48","slug":"51-dos-consumidores-pretendem-comprar-o-presente-de-dia-dos-pais-na-primeira-semana-de-agosto","status":"publish","type":"post","link":"https:\/\/www.cidademarketing.com.br\/marketing\/2019\/08\/02\/51-dos-consumidores-pretendem-comprar-o-presente-de-dia-dos-pais-na-primeira-semana-de-agosto\/","title":{"rendered":"51% dos consumidores pretendem comprar o presente de Dia dos Pais na primeira semana de agosto"},"content":{"rendered":"\n<p>A lenta recupera\u00e7\u00e3o do atual cen\u00e1rio econ\u00f4mico no pa\u00eds n\u00e3o parece ter desanimado os filhos brasileiros. Muito pelo contr\u00e1rio: de acordo com levantamento realizado pela Confedera\u00e7\u00e3o Nacional de Dirigentes Lojistas (CNDL) e pelo Servi\u00e7o de Prote\u00e7\u00e3o ao Cr\u00e9dito (SPC Brasil) nas 27 capitais brasileiras, 67% dos consumidores pretendem ir \u00e0s compras por conta do Dia dos Pais. A taxa representa um aumento de seis pontos percentuais em rela\u00e7\u00e3o a 2018. Na pr\u00e1tica, isso significa que aproximadamente 105 milh\u00f5es de pessoas devem comprar presentes para entregar a seus entes queridos no segundo domingo de agosto.<\/p>\n\n\n\n<p>Para a alegria do varejo, o valor que os entrevistados pretendem dispender com os \u201cmimos\u201d tamb\u00e9m subiu: em m\u00e9dia, pretende-se gastar R$ 189,98, R$ 41 a mais do que em 2018 \u2013 gerando no com\u00e9rcio um movimento de cerca de R$ 20 bilh\u00f5es. Os dados indicam uma maior populariza\u00e7\u00e3o daquela que \u00e9 considerada por muitos, por n\u00e3o injetar no mercado cifras t\u00e3o expressivas quanto o Dia das M\u00e3es, o Dia dos Namorados e o Natal, o \u201cpatinho feio\u201d das datas comemorativas.<\/p>\n\n\n\n<p>Mas isso n\u00e3o significa que todos os entrevistados pretendem investir mais na compra do presente: A maior parte (43%) dos entrevistados deve comprar apenas um presente e apenas 26% devem gastar mais para agradar o pai. Destes, 43% querem adquirir presentes melhores e 28%, aproveitar o aumento do seu sal\u00e1rio. A maioria (38%), no entanto, planeja gastar o mesmo valor do ano anterior. Enquanto isso, 21% querem gastar menos \u2013 37% com o objetivo de economizar, 31% motivados pelo or\u00e7amento apertado e 20% pelo desemprego.<\/p>\n\n\n\n<p>O fato de j\u00e1 terem perdido o pai foi o motivo apontado por metade (50%) dos 23% que n\u00e3o t\u00eam inten\u00e7\u00e3o de usar a data como justificativa para presentear. J\u00e1 16% n\u00e3o t\u00eam contato com o pai e outros 10% n\u00e3o pretendem comprar presentes por falta de dinheiro.<\/p>\n\n\n\n<p><strong>53% dos consumidores acreditam que pre\u00e7os dos presentes estar\u00e3o mais caros em compara\u00e7\u00e3o a 2018<\/strong><\/p>\n\n\n\n<p>Ainda que a trajet\u00f3ria recente da infla\u00e7\u00e3o venha se mantendo em patamares abaixo da meta, mais da metade (53%) dos entrevistados julga que os presentes est\u00e3o mais caros do que no ano anterior. Por outro lado, 42% acreditam que est\u00e3o na mesma faixa de pre\u00e7os e apenas 5% que os produtos est\u00e3o mais baratos.<\/p>\n\n\n\n<p>\u201cA sensa\u00e7\u00e3o de que os presentes est\u00e3o mais caros tem rela\u00e7\u00e3o com as dificuldades que o consumidor tem enfrentado para manter seu or\u00e7amento em dia. Com a economia em marcha lenta, o desemprego se mant\u00e9m elevado e o poder de compra segue em baixa, o que exige das fam\u00edlias um malabarismo para conseguir cumprir com todos os compromissos financeiros\u201d \u2013 explica o presidente do SPC Brasil, Roque Pellizzaro Junior.<\/p>\n\n\n\n<p>Para lidar com o encarecimento dos produtos, oito em cada dez consumidores (78%) pretendem pesquisar e comparar os pre\u00e7os antes de finalizar as compras. Desses, 71% costumam realizar as pesquisas na internet, sendo que a maioria (72%) utiliza sites de busca, 56% sites de compara\u00e7\u00e3o de pre\u00e7o, 45% sites de varejistas e 28% em sites ou aplicativos de ofertas. Lojas de shopping (55%) e lojas de rua (47%) tamb\u00e9m foram citados pelos consumidores como locais de pesquisa de pre\u00e7os.<\/p>\n\n\n\n<p>Outra forma de driblar os pre\u00e7os mais altos sem deixar a figura paterna de m\u00e3os abanando \u00e9 dividir o valor do presente, ao inv\u00e9s de adquiri-lo sozinho: 14% dos entrevistados pretendem dividir o presente com outra pessoa, motivados principalmente pela redu\u00e7\u00e3o de gastos (36%), pela vontade de dar um presente melhor e mais caro (17%) e pelo desemprego (16%). Desses, 37% pretendem dividir o valor do presente com irm\u00e3os, 31% com a m\u00e3e e 22% com o c\u00f4njuge. A maioria (80%), no entanto, ainda prefere arcar sozinha com os gastos.<br>\n<br>\n<strong>Itens de vestu\u00e1rio lideram o ranking de presentes para o Dia dos Pais. 82% pretendem pagar \u00e0 vista<\/strong><\/p>\n\n\n\n<p>Metade (51%) dos entrevistados disse que pretende comprar o presente de Dia dos Pais na primeira semana de agosto (principalmente as mulheres), enquanto 13% provavelmente acabar\u00e3o deixando para a v\u00e9spera. Assim como no ano passado, as roupas correspondem \u00e0 maior parte das inten\u00e7\u00f5es de compra para a data (52%), seguidas de perfumes e cosm\u00e9ticos (36%), cal\u00e7ados (30%) e acess\u00f3rios (26%), como meias, cinto, \u00f3culos, carteira e rel\u00f3gio.<\/p>\n\n\n\n<p>Os principais fatores que influenciam os consumidores na escolha do local de compra s\u00e3o o pre\u00e7o (52%), a qualidade dos produtos (40%), os descontos e promo\u00e7\u00f5es (40%) e a diversidade de produtos (29%). Quatro em cada dez (38%) consumidores pretendem realizar suas compras nos shoppings. Enquanto isso, 27% planejam adquirir os produtos na internet, 19% em shoppings populares e 17% em lojas de bairro.<\/p>\n\n\n\n<p>Oito em cada dez entrevistados (82%) pretendem pagar o presente \u00e0 vista, principalmente no dinheiro (48%, com destaque para as classes C, D e E) e no cart\u00e3o de d\u00e9bito (29%, aumento de sete pontos percentuais em rela\u00e7\u00e3o a 2018). Por outro lado, 31% preferem comprar a prazo (especialmente as classes A\/B), principalmente no cart\u00e3o de cr\u00e9dito (26%, sobretudo as classes A\/B) e numa m\u00e9dia de quatro parcelas.<br>\n<br>\n<strong>20% dos entrevistados costumam gastar mais do que podem para presentear no dia dos pais<\/strong><\/p>\n\n\n\n<p>Ainda que a maioria siga a tradi\u00e7\u00e3o de presentear os pais, muitos estendem a gentileza para aqueles que consideram sua figura paterna: 18% planejam comprar algo para o esposo e 11% para o sogro, o que indica um aumento de quatro pontos percentuais em rela\u00e7\u00e3o ao ano anterior.<\/p>\n\n\n\n<p>O problema surge quando a vontade de demonstrar gratid\u00e3o se sobrep\u00f5e \u00e0 responsabilidade sobre as finan\u00e7as pessoais: 20% dos entrevistados costumam gastar mais do que podem com os presentes de Dia dos Pais e 8% pretendem deixar de pagar alguma conta para realizar a compra, sobretudo entre as classes C, D e E. Al\u00e9m disso, tr\u00eas em cada dez (33%) dos que pretendem presentear est\u00e3o atualmente com contas atrasadas, sendo que 68% deles est\u00e3o com o nome sujo.<\/p>\n\n\n\n<p>\u201cPara os que est\u00e3o com pend\u00eancias financeiras, o certo \u00e9 ajustar o or\u00e7amento pessoal e deixar o presente para outra ocasi\u00e3o, quando as despesas estiverem equacionadas. N\u00e3o h\u00e1 nada de errado em demonstrar afeto por meio de um presente, mas \u00e9 importante lembrar que essa n\u00e3o \u00e9 a \u00fanica forma de agradecer. Passar o dia na companhia do pai ou oferecer ajuda em projetos pessoais, por exemplo, tamb\u00e9m s\u00e3o formas de reconhecer e apreciar o valor de algu\u00e9m em nossas vidas\u201d, indica o educador financeiro do SPC Brasil, Jos\u00e9 Vignoli.<br>\n<br>\n<strong>Metodologia<\/strong><\/p>\n\n\n\n<p>A pesquisa ouviu, em um primeiro levantamento, 1.148 consumidores de ambos os sexos, todas as classes sociais e acima de 18 anos nas 27 capitais para identificar o percentual de pessoas com inten\u00e7\u00e3o de comprar presentes para o Dia dos Pais. Em seguida, continuaram a responder o question\u00e1rio os 805 consumidores que tinham inten\u00e7\u00e3o de compra. A margem de erro \u00e9 de 3,4 p.p no primeiro caso e 2,9 p.p no segundo, para um intervalo de confian\u00e7a a 95%.&nbsp;<\/p>\n","protected":false},"excerpt":{"rendered":"<p>A lenta recupera\u00e7\u00e3o do atual cen\u00e1rio econ\u00f4mico no pa\u00eds n\u00e3o parece ter desanimado os filhos brasileiros. Muito pelo contr\u00e1rio: de acordo com levantamento realizado pela Confedera\u00e7\u00e3o Nacional de Dirigentes Lojistas (CNDL) e pelo Servi\u00e7o de Prote\u00e7\u00e3o ao Cr\u00e9dito (SPC Brasil) nas 27 capitais brasileiras, 67% dos consumidores pretendem ir \u00e0s compras por conta do Dia [&hellip;]<\/p>\n","protected":false},"author":1,"featured_media":10557,"comment_status":"open","ping_status":"open","sticky":false,"template":"","format":"standard","meta":{"tdm_status":"","tdm_grid_status":"","footnotes":""},"categories":[6,1],"tags":[2249,28,701],"class_list":["post-10555","post","type-post","status-publish","format-standard","has-post-thumbnail","hentry","category-noticias","category-pesquisademercado","tag-dia-dos-pais","tag-marketing","tag-pesquisa-de-marketing"],"yoast_head":"<!-- This site is optimized with the Yoast SEO plugin v27.4 - https:\/\/yoast.com\/product\/yoast-seo-wordpress\/ -->\n<title>51% dos consumidores pretendem comprar o presente de Dia dos Pais na primeira semana de agosto - CidadeMarketing<\/title>\n<meta name=\"robots\" content=\"index, follow, max-snippet:-1, max-image-preview:large, max-video-preview:-1\" \/>\n<link rel=\"canonical\" href=\"https:\/\/www.cidademarketing.com.br\/marketing\/2019\/08\/02\/51-dos-consumidores-pretendem-comprar-o-presente-de-dia-dos-pais-na-primeira-semana-de-agosto\/\" \/>\n<meta property=\"og:locale\" content=\"pt_BR\" \/>\n<meta property=\"og:type\" content=\"article\" \/>\n<meta property=\"og:title\" content=\"51% dos consumidores pretendem comprar o presente de Dia dos Pais na primeira semana de agosto - CidadeMarketing\" \/>\n<meta property=\"og:description\" content=\"A lenta recupera\u00e7\u00e3o do atual cen\u00e1rio econ\u00f4mico no pa\u00eds n\u00e3o parece ter desanimado os filhos brasileiros. Muito pelo contr\u00e1rio: de acordo com levantamento realizado pela Confedera\u00e7\u00e3o Nacional de Dirigentes Lojistas (CNDL) e pelo Servi\u00e7o de Prote\u00e7\u00e3o ao Cr\u00e9dito (SPC Brasil) nas 27 capitais brasileiras, 67% dos consumidores pretendem ir \u00e0s compras por conta do Dia [&hellip;]\" \/>\n<meta property=\"og:url\" content=\"https:\/\/www.cidademarketing.com.br\/marketing\/2019\/08\/02\/51-dos-consumidores-pretendem-comprar-o-presente-de-dia-dos-pais-na-primeira-semana-de-agosto\/\" \/>\n<meta property=\"og:site_name\" content=\"CidadeMarketing\" \/>\n<meta property=\"article:publisher\" content=\"https:\/\/www.facebook.com\/portalcidademarketing\" \/>\n<meta property=\"article:author\" content=\"https:\/\/www.facebook.com\/thalesbrandao\" \/>\n<meta property=\"article:published_time\" content=\"2019-08-02T14:31:46+00:00\" \/>\n<meta property=\"article:modified_time\" content=\"2019-08-02T14:31:48+00:00\" \/>\n<meta property=\"og:image\" content=\"https:\/\/www.cidademarketing.com.br\/marketing\/wp-content\/uploads\/2019\/08\/cropped-papai_pesquisa.jpg\" \/>\n\t<meta property=\"og:image:width\" content=\"839\" \/>\n\t<meta property=\"og:image:height\" content=\"472\" \/>\n\t<meta property=\"og:image:type\" content=\"image\/jpeg\" \/>\n<meta name=\"author\" content=\"Thales Brand\u00e3o\" \/>\n<meta name=\"twitter:card\" content=\"summary_large_image\" \/>\n<meta name=\"twitter:creator\" content=\"@http:\/\/www.twitter.com\/thalesbrandao\" \/>\n<meta name=\"twitter:site\" content=\"@CidadeMarketing\" \/>\n<meta name=\"twitter:label1\" content=\"Escrito por\" \/>\n\t<meta name=\"twitter:data1\" content=\"Thales Brand\u00e3o\" \/>\n\t<meta name=\"twitter:label2\" content=\"Est. tempo de leitura\" \/>\n\t<meta name=\"twitter:data2\" content=\"6 minutos\" \/>\n<script type=\"application\/ld+json\" class=\"yoast-schema-graph\">{\"@context\":\"https:\\\/\\\/schema.org\",\"@graph\":[{\"@type\":\"Article\",\"@id\":\"https:\\\/\\\/www.cidademarketing.com.br\\\/marketing\\\/2019\\\/08\\\/02\\\/51-dos-consumidores-pretendem-comprar-o-presente-de-dia-dos-pais-na-primeira-semana-de-agosto\\\/#article\",\"isPartOf\":{\"@id\":\"https:\\\/\\\/www.cidademarketing.com.br\\\/marketing\\\/2019\\\/08\\\/02\\\/51-dos-consumidores-pretendem-comprar-o-presente-de-dia-dos-pais-na-primeira-semana-de-agosto\\\/\"},\"author\":{\"name\":\"Thales Brand\u00e3o\",\"@id\":\"https:\\\/\\\/www.cidademarketing.com.br\\\/marketing\\\/#\\\/schema\\\/person\\\/02daff9f18bd9378c9e01eb6b2db155f\"},\"headline\":\"51% dos consumidores pretendem comprar o presente de Dia dos Pais na primeira semana de agosto\",\"datePublished\":\"2019-08-02T14:31:46+00:00\",\"dateModified\":\"2019-08-02T14:31:48+00:00\",\"mainEntityOfPage\":{\"@id\":\"https:\\\/\\\/www.cidademarketing.com.br\\\/marketing\\\/2019\\\/08\\\/02\\\/51-dos-consumidores-pretendem-comprar-o-presente-de-dia-dos-pais-na-primeira-semana-de-agosto\\\/\"},\"wordCount\":1169,\"commentCount\":0,\"publisher\":{\"@id\":\"https:\\\/\\\/www.cidademarketing.com.br\\\/marketing\\\/#organization\"},\"image\":{\"@id\":\"https:\\\/\\\/www.cidademarketing.com.br\\\/marketing\\\/2019\\\/08\\\/02\\\/51-dos-consumidores-pretendem-comprar-o-presente-de-dia-dos-pais-na-primeira-semana-de-agosto\\\/#primaryimage\"},\"thumbnailUrl\":\"https:\\\/\\\/www.cidademarketing.com.br\\\/marketing\\\/wp-content\\\/uploads\\\/2019\\\/08\\\/cropped-papai_pesquisa.jpg\",\"keywords\":[\"Dia dos Pais\",\"marketing\",\"pesquisa de marketing\"],\"articleSection\":[\"Not\u00edcias\",\"Pesquisa de Mercado\"],\"inLanguage\":\"pt-BR\",\"potentialAction\":[{\"@type\":\"CommentAction\",\"name\":\"Comment\",\"target\":[\"https:\\\/\\\/www.cidademarketing.com.br\\\/marketing\\\/2019\\\/08\\\/02\\\/51-dos-consumidores-pretendem-comprar-o-presente-de-dia-dos-pais-na-primeira-semana-de-agosto\\\/#respond\"]}]},{\"@type\":\"WebPage\",\"@id\":\"https:\\\/\\\/www.cidademarketing.com.br\\\/marketing\\\/2019\\\/08\\\/02\\\/51-dos-consumidores-pretendem-comprar-o-presente-de-dia-dos-pais-na-primeira-semana-de-agosto\\\/\",\"url\":\"https:\\\/\\\/www.cidademarketing.com.br\\\/marketing\\\/2019\\\/08\\\/02\\\/51-dos-consumidores-pretendem-comprar-o-presente-de-dia-dos-pais-na-primeira-semana-de-agosto\\\/\",\"name\":\"51% dos consumidores pretendem comprar o presente de Dia dos Pais na primeira semana de agosto - CidadeMarketing\",\"isPartOf\":{\"@id\":\"https:\\\/\\\/www.cidademarketing.com.br\\\/marketing\\\/#website\"},\"primaryImageOfPage\":{\"@id\":\"https:\\\/\\\/www.cidademarketing.com.br\\\/marketing\\\/2019\\\/08\\\/02\\\/51-dos-consumidores-pretendem-comprar-o-presente-de-dia-dos-pais-na-primeira-semana-de-agosto\\\/#primaryimage\"},\"image\":{\"@id\":\"https:\\\/\\\/www.cidademarketing.com.br\\\/marketing\\\/2019\\\/08\\\/02\\\/51-dos-consumidores-pretendem-comprar-o-presente-de-dia-dos-pais-na-primeira-semana-de-agosto\\\/#primaryimage\"},\"thumbnailUrl\":\"https:\\\/\\\/www.cidademarketing.com.br\\\/marketing\\\/wp-content\\\/uploads\\\/2019\\\/08\\\/cropped-papai_pesquisa.jpg\",\"datePublished\":\"2019-08-02T14:31:46+00:00\",\"dateModified\":\"2019-08-02T14:31:48+00:00\",\"breadcrumb\":{\"@id\":\"https:\\\/\\\/www.cidademarketing.com.br\\\/marketing\\\/2019\\\/08\\\/02\\\/51-dos-consumidores-pretendem-comprar-o-presente-de-dia-dos-pais-na-primeira-semana-de-agosto\\\/#breadcrumb\"},\"inLanguage\":\"pt-BR\",\"potentialAction\":[{\"@type\":\"ReadAction\",\"target\":[\"https:\\\/\\\/www.cidademarketing.com.br\\\/marketing\\\/2019\\\/08\\\/02\\\/51-dos-consumidores-pretendem-comprar-o-presente-de-dia-dos-pais-na-primeira-semana-de-agosto\\\/\"]}]},{\"@type\":\"ImageObject\",\"inLanguage\":\"pt-BR\",\"@id\":\"https:\\\/\\\/www.cidademarketing.com.br\\\/marketing\\\/2019\\\/08\\\/02\\\/51-dos-consumidores-pretendem-comprar-o-presente-de-dia-dos-pais-na-primeira-semana-de-agosto\\\/#primaryimage\",\"url\":\"https:\\\/\\\/www.cidademarketing.com.br\\\/marketing\\\/wp-content\\\/uploads\\\/2019\\\/08\\\/cropped-papai_pesquisa.jpg\",\"contentUrl\":\"https:\\\/\\\/www.cidademarketing.com.br\\\/marketing\\\/wp-content\\\/uploads\\\/2019\\\/08\\\/cropped-papai_pesquisa.jpg\",\"width\":839,\"height\":472},{\"@type\":\"BreadcrumbList\",\"@id\":\"https:\\\/\\\/www.cidademarketing.com.br\\\/marketing\\\/2019\\\/08\\\/02\\\/51-dos-consumidores-pretendem-comprar-o-presente-de-dia-dos-pais-na-primeira-semana-de-agosto\\\/#breadcrumb\",\"itemListElement\":[{\"@type\":\"ListItem\",\"position\":1,\"name\":\"In\u00edcio\",\"item\":\"https:\\\/\\\/www.cidademarketing.com.br\\\/marketing\\\/\"},{\"@type\":\"ListItem\",\"position\":2,\"name\":\"51% dos consumidores pretendem comprar o presente de Dia dos Pais na primeira semana de agosto\"}]},{\"@type\":\"WebSite\",\"@id\":\"https:\\\/\\\/www.cidademarketing.com.br\\\/marketing\\\/#website\",\"url\":\"https:\\\/\\\/www.cidademarketing.com.br\\\/marketing\\\/\",\"name\":\"CidadeMarketing\",\"description\":\"Somos um ve\u00edculo de comunica\u00e7\u00e3o de destaque no Brasil, reconhecido por conte\u00fados nos segmentos de marketing, empreendedorismo e inova\u00e7\u00e3o.\",\"publisher\":{\"@id\":\"https:\\\/\\\/www.cidademarketing.com.br\\\/marketing\\\/#organization\"},\"alternateName\":\"CidadeMarketing\",\"potentialAction\":[{\"@type\":\"SearchAction\",\"target\":{\"@type\":\"EntryPoint\",\"urlTemplate\":\"https:\\\/\\\/www.cidademarketing.com.br\\\/marketing\\\/?s={search_term_string}\"},\"query-input\":{\"@type\":\"PropertyValueSpecification\",\"valueRequired\":true,\"valueName\":\"search_term_string\"}}],\"inLanguage\":\"pt-BR\"},{\"@type\":\"Organization\",\"@id\":\"https:\\\/\\\/www.cidademarketing.com.br\\\/marketing\\\/#organization\",\"name\":\"CidadeMarketing\",\"alternateName\":\"CidadeMarketing\",\"url\":\"https:\\\/\\\/www.cidademarketing.com.br\\\/marketing\\\/\",\"logo\":{\"@type\":\"ImageObject\",\"inLanguage\":\"pt-BR\",\"@id\":\"https:\\\/\\\/www.cidademarketing.com.br\\\/marketing\\\/#\\\/schema\\\/logo\\\/image\\\/\",\"url\":\"https:\\\/\\\/www.cidademarketing.com.br\\\/marketing\\\/wp-content\\\/uploads\\\/2020\\\/01\\\/cidademarketing_marca_mobile.png\",\"contentUrl\":\"https:\\\/\\\/www.cidademarketing.com.br\\\/marketing\\\/wp-content\\\/uploads\\\/2020\\\/01\\\/cidademarketing_marca_mobile.png\",\"width\":230,\"height\":92,\"caption\":\"CidadeMarketing\"},\"image\":{\"@id\":\"https:\\\/\\\/www.cidademarketing.com.br\\\/marketing\\\/#\\\/schema\\\/logo\\\/image\\\/\"},\"sameAs\":[\"https:\\\/\\\/www.facebook.com\\\/portalcidademarketing\",\"https:\\\/\\\/x.com\\\/CidadeMarketing\",\"https:\\\/\\\/www.instagram.com\\\/cidademarketing\\\/\"]},{\"@type\":\"Person\",\"@id\":\"https:\\\/\\\/www.cidademarketing.com.br\\\/marketing\\\/#\\\/schema\\\/person\\\/02daff9f18bd9378c9e01eb6b2db155f\",\"name\":\"Thales Brand\u00e3o\",\"image\":{\"@type\":\"ImageObject\",\"inLanguage\":\"pt-BR\",\"@id\":\"https:\\\/\\\/secure.gravatar.com\\\/avatar\\\/7ca3206950207cc3cb48feec56a8a7898741ab725c368d99d5d7a5a50aab80c6?s=96&d=mm&r=g\",\"url\":\"https:\\\/\\\/secure.gravatar.com\\\/avatar\\\/7ca3206950207cc3cb48feec56a8a7898741ab725c368d99d5d7a5a50aab80c6?s=96&d=mm&r=g\",\"contentUrl\":\"https:\\\/\\\/secure.gravatar.com\\\/avatar\\\/7ca3206950207cc3cb48feec56a8a7898741ab725c368d99d5d7a5a50aab80c6?s=96&d=mm&r=g\",\"caption\":\"Thales Brand\u00e3o\"},\"description\":\"Editor Executivo do Portal CidadeMarketing.com.br &gt; Mestre em Comunica\u00e7\u00e3o e Sociedade pela Universidade Federal de Sergipe. Possui MBA Executivo em Administra\u00e7\u00e3o com \u00eanfase em Marketing pela Funda\u00e7\u00e3o Get\u00falio Vargas - Rio de Janeiro. Consultor, Palestrante e Pesquisador sobre Empreendedorismo, Marketing, Redes Sociais e Neg\u00f3cios Digitais. Professor, Palestrante TedxTalks e Campus Party. Twitter: @ThalesBrandao\",\"sameAs\":[\"http:\\\/\\\/www.mandacaru.com.br\",\"https:\\\/\\\/www.facebook.com\\\/thalesbrandao\",\"http:\\\/\\\/www.instagram.com.br\\\/thalesbrandaoferreira\",\"https:\\\/\\\/www.linkedin.com\\\/in\\\/thales-brand\u00e3o-3948609\\\/\",\"https:\\\/\\\/x.com\\\/http:\\\/\\\/www.twitter.com\\\/thalesbrandao\"],\"url\":\"https:\\\/\\\/www.cidademarketing.com.br\\\/marketing\\\/author\\\/thalesbrandao\\\/\"}]}<\/script>\n<!-- \/ Yoast SEO plugin. -->","yoast_head_json":{"title":"51% dos consumidores pretendem comprar o presente de Dia dos Pais na primeira semana de agosto - CidadeMarketing","robots":{"index":"index","follow":"follow","max-snippet":"max-snippet:-1","max-image-preview":"max-image-preview:large","max-video-preview":"max-video-preview:-1"},"canonical":"https:\/\/www.cidademarketing.com.br\/marketing\/2019\/08\/02\/51-dos-consumidores-pretendem-comprar-o-presente-de-dia-dos-pais-na-primeira-semana-de-agosto\/","og_locale":"pt_BR","og_type":"article","og_title":"51% dos consumidores pretendem comprar o presente de Dia dos Pais na primeira semana de agosto - CidadeMarketing","og_description":"A lenta recupera\u00e7\u00e3o do atual cen\u00e1rio econ\u00f4mico no pa\u00eds n\u00e3o parece ter desanimado os filhos brasileiros. Muito pelo contr\u00e1rio: de acordo com levantamento realizado pela Confedera\u00e7\u00e3o Nacional de Dirigentes Lojistas (CNDL) e pelo Servi\u00e7o de Prote\u00e7\u00e3o ao Cr\u00e9dito (SPC Brasil) nas 27 capitais brasileiras, 67% dos consumidores pretendem ir \u00e0s compras por conta do Dia [&hellip;]","og_url":"https:\/\/www.cidademarketing.com.br\/marketing\/2019\/08\/02\/51-dos-consumidores-pretendem-comprar-o-presente-de-dia-dos-pais-na-primeira-semana-de-agosto\/","og_site_name":"CidadeMarketing","article_publisher":"https:\/\/www.facebook.com\/portalcidademarketing","article_author":"https:\/\/www.facebook.com\/thalesbrandao","article_published_time":"2019-08-02T14:31:46+00:00","article_modified_time":"2019-08-02T14:31:48+00:00","og_image":[{"width":839,"height":472,"url":"https:\/\/www.cidademarketing.com.br\/marketing\/wp-content\/uploads\/2019\/08\/cropped-papai_pesquisa.jpg","type":"image\/jpeg"}],"author":"Thales Brand\u00e3o","twitter_card":"summary_large_image","twitter_creator":"@http:\/\/www.twitter.com\/thalesbrandao","twitter_site":"@CidadeMarketing","twitter_misc":{"Escrito por":"Thales Brand\u00e3o","Est. tempo de leitura":"6 minutos"},"schema":{"@context":"https:\/\/schema.org","@graph":[{"@type":"Article","@id":"https:\/\/www.cidademarketing.com.br\/marketing\/2019\/08\/02\/51-dos-consumidores-pretendem-comprar-o-presente-de-dia-dos-pais-na-primeira-semana-de-agosto\/#article","isPartOf":{"@id":"https:\/\/www.cidademarketing.com.br\/marketing\/2019\/08\/02\/51-dos-consumidores-pretendem-comprar-o-presente-de-dia-dos-pais-na-primeira-semana-de-agosto\/"},"author":{"name":"Thales Brand\u00e3o","@id":"https:\/\/www.cidademarketing.com.br\/marketing\/#\/schema\/person\/02daff9f18bd9378c9e01eb6b2db155f"},"headline":"51% dos consumidores pretendem comprar o presente de Dia dos Pais na primeira semana de agosto","datePublished":"2019-08-02T14:31:46+00:00","dateModified":"2019-08-02T14:31:48+00:00","mainEntityOfPage":{"@id":"https:\/\/www.cidademarketing.com.br\/marketing\/2019\/08\/02\/51-dos-consumidores-pretendem-comprar-o-presente-de-dia-dos-pais-na-primeira-semana-de-agosto\/"},"wordCount":1169,"commentCount":0,"publisher":{"@id":"https:\/\/www.cidademarketing.com.br\/marketing\/#organization"},"image":{"@id":"https:\/\/www.cidademarketing.com.br\/marketing\/2019\/08\/02\/51-dos-consumidores-pretendem-comprar-o-presente-de-dia-dos-pais-na-primeira-semana-de-agosto\/#primaryimage"},"thumbnailUrl":"https:\/\/www.cidademarketing.com.br\/marketing\/wp-content\/uploads\/2019\/08\/cropped-papai_pesquisa.jpg","keywords":["Dia dos Pais","marketing","pesquisa de marketing"],"articleSection":["Not\u00edcias","Pesquisa de Mercado"],"inLanguage":"pt-BR","potentialAction":[{"@type":"CommentAction","name":"Comment","target":["https:\/\/www.cidademarketing.com.br\/marketing\/2019\/08\/02\/51-dos-consumidores-pretendem-comprar-o-presente-de-dia-dos-pais-na-primeira-semana-de-agosto\/#respond"]}]},{"@type":"WebPage","@id":"https:\/\/www.cidademarketing.com.br\/marketing\/2019\/08\/02\/51-dos-consumidores-pretendem-comprar-o-presente-de-dia-dos-pais-na-primeira-semana-de-agosto\/","url":"https:\/\/www.cidademarketing.com.br\/marketing\/2019\/08\/02\/51-dos-consumidores-pretendem-comprar-o-presente-de-dia-dos-pais-na-primeira-semana-de-agosto\/","name":"51% dos consumidores pretendem comprar o presente de Dia dos Pais na primeira semana de agosto - CidadeMarketing","isPartOf":{"@id":"https:\/\/www.cidademarketing.com.br\/marketing\/#website"},"primaryImageOfPage":{"@id":"https:\/\/www.cidademarketing.com.br\/marketing\/2019\/08\/02\/51-dos-consumidores-pretendem-comprar-o-presente-de-dia-dos-pais-na-primeira-semana-de-agosto\/#primaryimage"},"image":{"@id":"https:\/\/www.cidademarketing.com.br\/marketing\/2019\/08\/02\/51-dos-consumidores-pretendem-comprar-o-presente-de-dia-dos-pais-na-primeira-semana-de-agosto\/#primaryimage"},"thumbnailUrl":"https:\/\/www.cidademarketing.com.br\/marketing\/wp-content\/uploads\/2019\/08\/cropped-papai_pesquisa.jpg","datePublished":"2019-08-02T14:31:46+00:00","dateModified":"2019-08-02T14:31:48+00:00","breadcrumb":{"@id":"https:\/\/www.cidademarketing.com.br\/marketing\/2019\/08\/02\/51-dos-consumidores-pretendem-comprar-o-presente-de-dia-dos-pais-na-primeira-semana-de-agosto\/#breadcrumb"},"inLanguage":"pt-BR","potentialAction":[{"@type":"ReadAction","target":["https:\/\/www.cidademarketing.com.br\/marketing\/2019\/08\/02\/51-dos-consumidores-pretendem-comprar-o-presente-de-dia-dos-pais-na-primeira-semana-de-agosto\/"]}]},{"@type":"ImageObject","inLanguage":"pt-BR","@id":"https:\/\/www.cidademarketing.com.br\/marketing\/2019\/08\/02\/51-dos-consumidores-pretendem-comprar-o-presente-de-dia-dos-pais-na-primeira-semana-de-agosto\/#primaryimage","url":"https:\/\/www.cidademarketing.com.br\/marketing\/wp-content\/uploads\/2019\/08\/cropped-papai_pesquisa.jpg","contentUrl":"https:\/\/www.cidademarketing.com.br\/marketing\/wp-content\/uploads\/2019\/08\/cropped-papai_pesquisa.jpg","width":839,"height":472},{"@type":"BreadcrumbList","@id":"https:\/\/www.cidademarketing.com.br\/marketing\/2019\/08\/02\/51-dos-consumidores-pretendem-comprar-o-presente-de-dia-dos-pais-na-primeira-semana-de-agosto\/#breadcrumb","itemListElement":[{"@type":"ListItem","position":1,"name":"In\u00edcio","item":"https:\/\/www.cidademarketing.com.br\/marketing\/"},{"@type":"ListItem","position":2,"name":"51% dos consumidores pretendem comprar o presente de Dia dos Pais na primeira semana de agosto"}]},{"@type":"WebSite","@id":"https:\/\/www.cidademarketing.com.br\/marketing\/#website","url":"https:\/\/www.cidademarketing.com.br\/marketing\/","name":"CidadeMarketing","description":"Somos um ve\u00edculo de comunica\u00e7\u00e3o de destaque no Brasil, reconhecido por conte\u00fados nos segmentos de marketing, empreendedorismo e inova\u00e7\u00e3o.","publisher":{"@id":"https:\/\/www.cidademarketing.com.br\/marketing\/#organization"},"alternateName":"CidadeMarketing","potentialAction":[{"@type":"SearchAction","target":{"@type":"EntryPoint","urlTemplate":"https:\/\/www.cidademarketing.com.br\/marketing\/?s={search_term_string}"},"query-input":{"@type":"PropertyValueSpecification","valueRequired":true,"valueName":"search_term_string"}}],"inLanguage":"pt-BR"},{"@type":"Organization","@id":"https:\/\/www.cidademarketing.com.br\/marketing\/#organization","name":"CidadeMarketing","alternateName":"CidadeMarketing","url":"https:\/\/www.cidademarketing.com.br\/marketing\/","logo":{"@type":"ImageObject","inLanguage":"pt-BR","@id":"https:\/\/www.cidademarketing.com.br\/marketing\/#\/schema\/logo\/image\/","url":"https:\/\/www.cidademarketing.com.br\/marketing\/wp-content\/uploads\/2020\/01\/cidademarketing_marca_mobile.png","contentUrl":"https:\/\/www.cidademarketing.com.br\/marketing\/wp-content\/uploads\/2020\/01\/cidademarketing_marca_mobile.png","width":230,"height":92,"caption":"CidadeMarketing"},"image":{"@id":"https:\/\/www.cidademarketing.com.br\/marketing\/#\/schema\/logo\/image\/"},"sameAs":["https:\/\/www.facebook.com\/portalcidademarketing","https:\/\/x.com\/CidadeMarketing","https:\/\/www.instagram.com\/cidademarketing\/"]},{"@type":"Person","@id":"https:\/\/www.cidademarketing.com.br\/marketing\/#\/schema\/person\/02daff9f18bd9378c9e01eb6b2db155f","name":"Thales Brand\u00e3o","image":{"@type":"ImageObject","inLanguage":"pt-BR","@id":"https:\/\/secure.gravatar.com\/avatar\/7ca3206950207cc3cb48feec56a8a7898741ab725c368d99d5d7a5a50aab80c6?s=96&d=mm&r=g","url":"https:\/\/secure.gravatar.com\/avatar\/7ca3206950207cc3cb48feec56a8a7898741ab725c368d99d5d7a5a50aab80c6?s=96&d=mm&r=g","contentUrl":"https:\/\/secure.gravatar.com\/avatar\/7ca3206950207cc3cb48feec56a8a7898741ab725c368d99d5d7a5a50aab80c6?s=96&d=mm&r=g","caption":"Thales Brand\u00e3o"},"description":"Editor Executivo do Portal CidadeMarketing.com.br &gt; Mestre em Comunica\u00e7\u00e3o e Sociedade pela Universidade Federal de Sergipe. Possui MBA Executivo em Administra\u00e7\u00e3o com \u00eanfase em Marketing pela Funda\u00e7\u00e3o Get\u00falio Vargas - Rio de Janeiro. Consultor, Palestrante e Pesquisador sobre Empreendedorismo, Marketing, Redes Sociais e Neg\u00f3cios Digitais. Professor, Palestrante TedxTalks e Campus Party. Twitter: @ThalesBrandao","sameAs":["http:\/\/www.mandacaru.com.br","https:\/\/www.facebook.com\/thalesbrandao","http:\/\/www.instagram.com.br\/thalesbrandaoferreira","https:\/\/www.linkedin.com\/in\/thales-brand\u00e3o-3948609\/","https:\/\/x.com\/http:\/\/www.twitter.com\/thalesbrandao"],"url":"https:\/\/www.cidademarketing.com.br\/marketing\/author\/thalesbrandao\/"}]}},"amp_enabled":true,"_links":{"self":[{"href":"https:\/\/www.cidademarketing.com.br\/marketing\/wp-json\/wp\/v2\/posts\/10555","targetHints":{"allow":["GET"]}}],"collection":[{"href":"https:\/\/www.cidademarketing.com.br\/marketing\/wp-json\/wp\/v2\/posts"}],"about":[{"href":"https:\/\/www.cidademarketing.com.br\/marketing\/wp-json\/wp\/v2\/types\/post"}],"author":[{"embeddable":true,"href":"https:\/\/www.cidademarketing.com.br\/marketing\/wp-json\/wp\/v2\/users\/1"}],"replies":[{"embeddable":true,"href":"https:\/\/www.cidademarketing.com.br\/marketing\/wp-json\/wp\/v2\/comments?post=10555"}],"version-history":[{"count":1,"href":"https:\/\/www.cidademarketing.com.br\/marketing\/wp-json\/wp\/v2\/posts\/10555\/revisions"}],"predecessor-version":[{"id":10558,"href":"https:\/\/www.cidademarketing.com.br\/marketing\/wp-json\/wp\/v2\/posts\/10555\/revisions\/10558"}],"wp:featuredmedia":[{"embeddable":true,"href":"https:\/\/www.cidademarketing.com.br\/marketing\/wp-json\/wp\/v2\/media\/10557"}],"wp:attachment":[{"href":"https:\/\/www.cidademarketing.com.br\/marketing\/wp-json\/wp\/v2\/media?parent=10555"}],"wp:term":[{"taxonomy":"category","embeddable":true,"href":"https:\/\/www.cidademarketing.com.br\/marketing\/wp-json\/wp\/v2\/categories?post=10555"},{"taxonomy":"post_tag","embeddable":true,"href":"https:\/\/www.cidademarketing.com.br\/marketing\/wp-json\/wp\/v2\/tags?post=10555"}],"curies":[{"name":"wp","href":"https:\/\/api.w.org\/{rel}","templated":true}]}}